{"id":28342,"date":"2026-05-01T15:00:00","date_gmt":"2026-05-01T18:00:00","guid":{"rendered":"https:\/\/cj.estrategia.com\/portal\/?p=28342"},"modified":"2026-05-01T15:32:05","modified_gmt":"2026-05-01T18:32:05","slug":"resumo-da-semana-dos-concursos-juridicos","status":"publish","type":"post","link":"https:\/\/cj.estrategia.com\/portal\/resumo-da-semana-dos-concursos-juridicos\/","title":{"rendered":"Resumo da Semana: principais informa\u00e7\u00f5es dos Concursos Jur\u00eddicos"},"content":{"rendered":"\n<p>O <strong>Resumo da Semana<\/strong> \u00e9 um grande aliado para saber o que aconteceu no mundo dos concursos jur\u00eddicos nos \u00faltimos dias!<\/p>\n\n\n\n<p>Aqui voc\u00ea encontra diversas informa\u00e7\u00f5es sobre <strong>concursos previstos, editais publicados entre outras atualiza\u00e7\u00f5es!<\/strong><\/p>\n\n\n\n<p>Por meio de excelentes oportunidades para diversas carreiras e sal\u00e1rios acima dos praticados no mercado, voc\u00ea tem a chance de escolher para qual sele\u00e7\u00e3o se preparar. Confira abaixo: <\/p>\n\n\n\n<h3 class=\"wp-block-heading has-text-align-center\" id=\"h-estude-para-concursos-juridicos\"><span id=\"estude-para-concursos-juridicos\">Estude para Concursos Jur\u00eddicos!<\/span><\/h3>\n\n\n\n<div class=\"container\" id=\"boxes\">\n  <div class=\"row\">\n\n    <div class=\"col-sm\">\n      <div class=\"banner-estrategia-concursos-juridicos\" id=\"box-assinatura\">\n        <h2 id=\"assinatura-e-cursos-para-concursos-juridicos\" class=\"titulo-assinatura\"><span style=\"color: #ffffff; font-size: 23px; \">Assinatura e Cursos para Concursos Jur\u00eddicos<\/span> <\/h2>\n        <p class=\"subtitulo-assinatura\">Cursos focados no edital do concurso<\/p>\n        <div class=\"box-botao\">\n          <a class=\"btn-assinatura-juridica\" target=\"_blank\" href=\"https:\/\/cj.estrategia.com\/cursos\/\" role=\"button\" rel=\"noopener noreferrer\">Conhe\u00e7a mais<\/a>\n        <\/div>\n      <\/div>\n      <\/div>\n\n  <\/div>\n<\/div>\n\n\n\n<h3 class=\"wp-block-heading has-luminous-vivid-amber-to-luminous-vivid-orange-gradient-background has-background\" id=\"h-magistratura\"><span id=\"magistratura\">Magistratura<\/span><\/h3>\n\n\n\n<p><a href=\"https:\/\/cj.estrategia.com\/portal\/enam-2026-1\/\">ENAM 2026.1: foram 32.282 inscri\u00e7\u00f5es registradas! Provas em 07\/06!<\/a><\/p>\n\n\n\n<p>A FGV\u00a0<strong>registrou 32.282 inscri\u00e7\u00f5es<\/strong>\u00a0no resultado preliminar, das quais\u00a0<strong>31.482 foram homologadas<\/strong>. Entre elas,\u00a0<strong>5.321<\/strong>\u00a0s\u00e3o de candidatos negros,\u00a0<strong>1.723<\/strong>\u00a0de pessoas com defici\u00eancia,\u00a0<strong>42<\/strong>\u00a0de ind\u00edgenas e\u00a0<strong>18<\/strong>\u00a0de quilombolas.<\/p>\n\n\n\n<p>O Exame Nacional da Magistratura (ENAM) acontece em uma \u00fanica etapa: a\u00a0<strong>prova objetiva<\/strong>. De car\u00e1ter exclusivamente eliminat\u00f3rio, ser\u00e1 realizada na data prov\u00e1vel de\u00a0<strong>07 de junho de 2026, com dura\u00e7\u00e3o de 5h, das 13h \u00e0s 18h, segundo o hor\u00e1rio oficial de Bras\u00edlia\/DF.<\/strong><\/p>\n\n\n\n<p><a href=\"https:\/\/cj.estrategia.com\/portal\/concurso-magistratura-rj\/\">Concurso Magistratura RJ: 2\u00aa fase ser\u00e1 realizada em julho<\/a><\/p>\n\n\n\n<p>As<strong>\u00a0provas da 2\u00aa fase\u00a0<\/strong>do concurso Magistratura RJ est\u00e3o com as datas definidas. De acordo com o portal do CNJ (Conselho Nacional de Justi\u00e7a), os exames ser\u00e3o realizados nos dias\u00a0<strong>12 e 13 de julho de 2026.<\/strong><\/p>\n\n\n\n<p>A sele\u00e7\u00e3o visa\u00a0<strong>formar cadastro de reserva para o cargo de Juiz Substituto<\/strong>. O subs\u00eddio inicial da carreira \u00e9 de\u00a0<strong>R$ 35.877,28<\/strong>.\u00a0<\/p>\n\n\n\n<h3 class=\"wp-block-heading has-luminous-vivid-amber-to-luminous-vivid-orange-gradient-background has-background\" id=\"h-delegado\"><span id=\"delegado\">Delegado<\/span><\/h3>\n\n\n\n<p><a href=\"https:\/\/cj.estrategia.com\/portal\/concurso-delegado-rs\/\">Concurso Delegado RS: prova discursiva ser\u00e1 realizada em 24\/05<\/a><\/p>\n\n\n\n<p><strong>A prova discursiva do concurso para Delegado do Rio Grande do Sul, ser\u00e1 realizada no dia 24\/05\/2026.\u00a0<\/strong>Cerca de 300 candidatos realizar\u00e3o essa etapa.<\/p>\n\n\n\n<p>O concurso oferece 30 vagas imediatas, al\u00e9m de cadastro reserva, com remunera\u00e7\u00e3o inicial de R$ 23.334,43.<\/p>\n\n\n\n<h3 class=\"wp-block-heading has-luminous-vivid-amber-to-luminous-vivid-orange-gradient-background has-background\" id=\"h-procuradorias\"><span id=\"procuradorias\">Procuradorias<\/span><\/h3>\n\n\n\n<p><a href=\"https:\/\/cj.estrategia.com\/portal\/concurso-pgm-caxias-do-sul-rs\/\">Concurso PGM Caxias do Sul RS: termo de refer\u00eancia publicado!<\/a><\/p>\n\n\n\n<p>A Procuradoria-Geral do Munic\u00edpio de Caxias do Sul, no Rio Grande do Sul, avan\u00e7ou na realiza\u00e7\u00e3o do concurso para o cargo de Procurador com a publica\u00e7\u00e3o do\u00a0<a href=\"https:\/\/cj.estrategia.com\/portal\/wp-content\/uploads\/2026\/04\/28142555\/TR__GRP_COM_EVENTO_LICITACAO_V_14385_1_76027_20260427104154354.pdf\" target=\"_blank\" >Termo de Refer\u00eancia<\/a>.<\/p>\n\n\n\n<p><strong>Informa\u00e7\u00f5es extraoficiais divulgadas nas redes sociais indicam que o certame poder\u00e1 ter a Fundatec como banca organizadora.<\/strong><\/p>\n\n\n\n<p>O certame ser\u00e1 composto por\u00a0<strong>tr\u00eas etapas: prova objetiva, prova discursiva e prova pr\u00e1tica (pe\u00e7a processual)<\/strong>.<\/p>\n\n\n\n<p><a href=\"https:\/\/cj.estrategia.com\/portal\/concurso-pgm-araguaina-to\/\">Concurso PGM Aragua\u00edna TO: IDIB \u00e9 a banca! Edital em maio!<\/a><\/p>\n\n\n\n<p>A Prefeitura de Aragua\u00edna, em Tocantins, deu mais um passo rumo \u00e0 realiza\u00e7\u00e3o de novo concurso p\u00fablico ao formalizar a contrata\u00e7\u00e3o do IDIB como banca organizadora e estruturar a gest\u00e3o do contrato. Al\u00e9m disso, foi publicada portaria que designa servidores respons\u00e1veis pela fiscaliza\u00e7\u00e3o e acompanhamento da execu\u00e7\u00e3o do certame. O certame ofertar\u00e1 <strong>1 vaga imediata + 3 em cadastro reserva (CR)<\/strong>. <\/p>\n\n\n\n<h3 class=\"wp-block-heading has-luminous-vivid-amber-to-luminous-vivid-orange-gradient-background has-background\" id=\"h-advogados\"><span id=\"advogados\">Advogados<\/span><\/h3>\n\n\n\n<p>Em breve!<\/p>\n\n\n\n<h3 class=\"wp-block-heading has-luminous-vivid-amber-to-luminous-vivid-orange-gradient-background has-background\" id=\"h-ministerio-publico-mp\"><span id=\"ministerio-publico-mp\">Minist\u00e9rio Publico (MP)<\/span><\/h3>\n\n\n\n<p><a href=\"https:\/\/cj.estrategia.com\/portal\/concurso-mpdft-promotor\/\">Concurso MPDFT Promotor: nova data da prova oral!<\/a><\/p>\n\n\n\n<p>O \u00f3rg\u00e3o divulgou o cronograma provis\u00f3rio das pr\u00f3ximas fases do concurso, com destaque para a\u00a0<strong>prova oral marcada para 7 de agosto a 9 de agosto<\/strong>.<\/p>\n\n\n\n<p><a href=\"https:\/\/cj.estrategia.com\/portal\/concurso-mp-ba-promotor\/\">Concurso MP BA Promotor: cronograma retificado<\/a><\/p>\n\n\n\n<p>O\u00a0<strong>Minist\u00e9rio P\u00fablico do Estado da Bahia (MP BA)<\/strong>\u00a0retificou o cronograma do concurso para Promotor de Justi\u00e7a Substituto.<\/p>\n\n\n\n<p>De acordo com o documento, a pr\u00f3xima fase ser\u00e1 a\u00a0<strong>prova oral<\/strong>, que est\u00e1 marcada para o per\u00edodo de\u00a0<strong>08\/10\/2026 a 23\/10\/2026<\/strong>. A sele\u00e7\u00e3o oferece\u00a0<strong>20 vagas, al\u00e9m de forma\u00e7\u00e3o de cadastro reserva<\/strong>, com remunera\u00e7\u00e3o inicial de\u00a0<strong>R$ 31.975,77.<\/strong><\/p>\n\n\n\n<h3 class=\"wp-block-heading has-luminous-vivid-amber-to-luminous-vivid-orange-gradient-background has-background\" id=\"h-defensorias\"><span id=\"defensorias\">Defensorias<\/span><\/h3>\n\n\n\n<p>Em breve! <\/p>\n\n\n\n<ul class=\"wp-block-list\"><\/ul>\n\n\n\n<h3 class=\"wp-block-heading has-luminous-vivid-amber-to-luminous-vivid-orange-gradient-background has-background\" id=\"h-cartorios\"><span id=\"cartorios\">Cart\u00f3rios<\/span><\/h3>\n\n\n\n<p><a href=\"https:\/\/cj.estrategia.com\/portal\/concurso-cartorio-pa\/\">Concurso Cart\u00f3rio PA: provas escrita e pr\u00e1tica ser\u00e3o em 17 de maio!<\/a><\/p>\n\n\n\n<p>O Tribunal de Justi\u00e7a do Par\u00e1 publicou\u00a0<strong>retifica\u00e7\u00e3o no edital<\/strong>, confirmando a aplica\u00e7\u00e3o da prova escrita e pr\u00e1tica para o dia\u00a0<strong>17 de maio<\/strong>. Veja o documento:<\/p>\n\n\n\n<ul class=\"wp-block-list\">\n<li><a href=\"https:\/\/cj.estrategia.com\/portal\/wp-content\/uploads\/2026\/04\/28214927\/RESULTADO-1.pdf\" target=\"_blank\" >Retifica\u00e7\u00e3o<\/a><\/li>\n<\/ul>\n\n\n\n<p>O certame oferta\u00a0<strong>92 vagas<\/strong>\u00a0\u2013\u00a0<strong>63 para provimento<\/strong>\u00a0e\u00a0<strong>29 para remo\u00e7\u00e3o<\/strong>. Os\u00a0<strong>requisitos para participa\u00e7\u00e3o no certame variam conforme a modalidade de ingresso<\/strong>, e \u00e9 fundamental que os candidatos\u00a0<strong>atendam \u00e0s exig\u00eancias previstas no edital<\/strong><\/p>\n\n\n\n<ul class=\"wp-block-list\"><\/ul>\n\n\n\n<h3 class=\"wp-block-heading has-luminous-vivid-amber-to-luminous-vivid-orange-gradient-background has-background\" id=\"h-residencia-juridica\"><span id=\"residencia-juridica\">Resid\u00eancia Jur\u00eddica<\/span><\/h3>\n\n\n\n<p>Em breve! <\/p>\n\n\n\n<h3 class=\"wp-block-heading has-text-align-center\" id=\"cursos-ficha\"><span id=\"quer-estudar-para-concursos-de-direito\">Quer estudar para Concursos de Direito?<\/span><\/h3>\n\n\n\n<p>O Estrat\u00e9gia Carreira Jur\u00eddica \u00e9 campe\u00e3o de aprova\u00e7\u00f5es nos concursos para Carreiras Jur\u00eddicas com um corpo docente qualificado e materiais completos. Conhe\u00e7a nossos cursos e garanta sua aprova\u00e7\u00e3o: <\/p>\n\n\n\n<div class=\"wp-block-cover\" style=\"min-height:155px;aspect-ratio:unset;\"><img decoding=\"async\" width=\"1890\" height=\"351\" class=\"wp-block-cover__image-background wp-image-8669\" alt=\"Assinaturas Jur\u00eddicas\" src=\"https:\/\/cj.estrategia.com\/portal\/wp-content\/uploads\/2022\/06\/20151253\/concurso-carreiras-juridicas-assinatura-juridica.jpg\" style=\"object-position:78% 43%\" data-object-fit=\"cover\" data-object-position=\"78% 43%\" srcset=\"https:\/\/cj.estrategia.com\/portal\/wp-content\/uploads\/2022\/06\/20151253\/concurso-carreiras-juridicas-assinatura-juridica.jpg 1890w, https:\/\/cj.estrategia.com\/portal\/wp-content\/uploads\/2022\/06\/20151253\/concurso-carreiras-juridicas-assinatura-juridica-300x56.jpg 300w, https:\/\/cj.estrategia.com\/portal\/wp-content\/uploads\/2022\/06\/20151253\/concurso-carreiras-juridicas-assinatura-juridica-1024x190.jpg 1024w, https:\/\/cj.estrategia.com\/portal\/wp-content\/uploads\/2022\/06\/20151253\/concurso-carreiras-juridicas-assinatura-juridica-768x143.jpg 768w, https:\/\/cj.estrategia.com\/portal\/wp-content\/uploads\/2022\/06\/20151253\/concurso-carreiras-juridicas-assinatura-juridica-1536x285.jpg 1536w, https:\/\/cj.estrategia.com\/portal\/wp-content\/uploads\/2022\/06\/20151253\/concurso-carreiras-juridicas-assinatura-juridica-380x71.jpg 380w, https:\/\/cj.estrategia.com\/portal\/wp-content\/uploads\/2022\/06\/20151253\/concurso-carreiras-juridicas-assinatura-juridica-800x149.jpg 800w, https:\/\/cj.estrategia.com\/portal\/wp-content\/uploads\/2022\/06\/20151253\/concurso-carreiras-juridicas-assinatura-juridica-1160x215.jpg 1160w\" sizes=\"(max-width: 1890px) 100vw, 1890px\" \/><span aria-hidden=\"true\" class=\"wp-block-cover__background has-background-dim\"><\/span><div class=\"wp-block-cover__inner-container is-layout-flow wp-block-cover-is-layout-flow\">\n<h3 id=\"faca-a-sua-assinatura\" class=\"titulo-assinatura\"><span style=\"color: #ffffff;\">Fa\u00e7a a sua assinatura!<\/span><\/h3>\n<p class=\"subtitulo-assinatura\" style=\"display:block!important; line-height: 0;\"><span style=\"color: #ffffff;\">Escolha a sua \u00e1rea.<\/span><\/p>\n<a target=\"_blank\" href=\"https:\/\/www.estrategiaconcursos.com.br\/assinaturas-ecj\/\" rel=\"noopener\"><button style=\"border-radius: 10px; text-transform: capitalize;\">Acessar<\/button><\/a>\n<\/div><\/div>\n\n\n\n<h2 class=\"wp-block-heading has-text-align-center\" id=\"h-whatsapp-ecj-nbsp-clique-na-sua-carreira-e-participe\"><span id=\"whatsapp-ecj-clique-na-sua-carreira-e-participe\">Whatsapp ECJ:\u00a0<strong>Clique na sua carreira e PARTICIPE!<\/strong><\/span><\/h2>\n\n\n\n<p>Com o\u00a0<strong>Whatsapp ECJ<\/strong>\u00a0vamos transformar a maneira como os estudantes se preparam para os concursos p\u00fablicos do momento e do futuro. <strong>Esta plataforma n\u00e3o apenas oferece suporte para tirar d\u00favidas cruciais, mas tamb\u00e9m fornece dicas valiosas para alcan\u00e7ar o sucesso nas provas<\/strong>, abrangendo todas as \u00e1reas da carreira jur\u00eddica.<\/p>\n\n\n\n<h3 class=\"wp-block-heading\" id=\"h-cartorios-0\"><span id=\"cartorios-2\">Cart\u00f3rios<\/span><\/h3>\n\n\n<a id=\"cta-icon\" href=\"https:\/\/sndflw.com\/i\/cartorios-grupo\" target=\"blank\" style=\"background:rgb(41,166,26)\">\n            <img decoding=\"async\" src=\"https:\/\/cj.estrategia.com\/portal\/wp-content\/uploads\/2023\/12\/07160657\/whatsapp_1385.webp\" alt=\"\" alt=\"whatsapp_1385\"><span > Acesse agora o Grupo de Estudos para Concursos Cart\u00f3rio <\/span><\/a>\n\n\n\n<h3 class=\"wp-block-heading\" id=\"h-defensorias-0\"><span id=\"defensorias-2\">Defensorias<\/span><\/h3>\n\n\n<a id=\"cta-icon\" href=\"https:\/\/sndflw.com\/i\/defensorias-grupo\" target=\"blank\" style=\"background:rgb(41,166,26)\">\n            <img decoding=\"async\" src=\"https:\/\/cj.estrategia.com\/portal\/wp-content\/uploads\/2023\/12\/07160657\/whatsapp_1385.webp\" alt=\"\" alt=\"whatsapp_1385\"><span > Acesse agora o Grupo de Estudos para Concursos em Defensoria<\/span><\/a>\n\n\n\n<h3 class=\"wp-block-heading\" id=\"h-delegado-0\"><span id=\"delegado-2\">Delegado<\/span><\/h3>\n\n\n<a id=\"cta-icon\" href=\"https:\/\/sndflw.com\/i\/delegado-civil-grupo\" target=\"blank\" style=\"background:rgb(41,166,26)\">\n            <img decoding=\"async\" src=\"https:\/\/cj.estrategia.com\/portal\/wp-content\/uploads\/2023\/12\/07160657\/whatsapp_1385.webp\" alt=\"\" alt=\"whatsapp_1385\"><span > Acesse agora o Grupo de Estudos para Delegado Civil<\/span><\/a>\n\n\n\n<h3 class=\"wp-block-heading\" id=\"h-magistratura-estadual\"><span id=\"magistratura-estadual\">Magistratura Estadual<\/span><\/h3>\n\n\n<a id=\"cta-icon\" href=\"https:\/\/sndflw.com\/i\/magistratura-estadual-grupo\" target=\"blank\" style=\"background:rgb(41,166,26)\">\n            <img decoding=\"async\" src=\"https:\/\/cj.estrategia.com\/portal\/wp-content\/uploads\/2023\/12\/07160657\/whatsapp_1385.webp\" alt=\"\" alt=\"whatsapp_1385\"><span > Acesse agora o Grupo de Estudos para Magistratura Estadual <\/span><\/a>\n\n\n\n<h3 class=\"wp-block-heading\" id=\"h-magistratura-federal\"><span id=\"magistratura-federal\">Magistratura Federal<\/span><\/h3>\n\n\n<a id=\"cta-icon\" href=\"https:\/\/sndflw.com\/i\/magistratura-federal-grupo\" target=\"blank\" style=\"background:rgb(41,166,26)\">\n            <img decoding=\"async\" src=\"https:\/\/cj.estrategia.com\/portal\/wp-content\/uploads\/2023\/12\/07160657\/whatsapp_1385.webp\" alt=\"\" alt=\"whatsapp_1385\"><span > Acesse agora o Grupo de Estudos para Magistratura Federal <\/span><\/a>\n\n\n\n<h3 class=\"wp-block-heading\" id=\"h-procuradorias-0\"><span id=\"procuradorias-2\">Procuradorias<\/span><\/h3>\n\n\n<a id=\"cta-icon\" href=\"https:\/\/sndflw.com\/i\/procuradorias-grupo\" target=\"blank\" style=\"background:rgb(41,166,26)\">\n            <img decoding=\"async\" src=\"https:\/\/cj.estrategia.com\/portal\/wp-content\/uploads\/2023\/12\/07160657\/whatsapp_1385.webp\" alt=\"\" alt=\"whatsapp_1385\"><span > Acesse agora o Grupo de Estudos para Concurso de Procuradorias <\/span><\/a>\n\n\n\n<h3 class=\"wp-block-heading\" id=\"h-promotorias\"><span id=\"promotorias\">Promotorias<\/span><\/h3>\n\n\n<a id=\"cta-icon\" href=\"https:\/\/sndflw.com\/i\/promotorias-grupo\" target=\"blank\" style=\"background:rgb(83,193,88)\">\n            <img decoding=\"async\" src=\"https:\/\/cj.estrategia.com\/portal\/wp-content\/uploads\/2023\/12\/07160657\/whatsapp_1385.webp\" alt=\"\" alt=\"whatsapp_1385\"><span > Acesse agora o Grupo de Estudos para Concurso de Promotorias <\/span><\/a>\n\n\n\n<h2 class=\"wp-block-heading\" id=\"participe-de-nossos-grupos-no-telegram\"><span id=\"participe-tambem-de-nossos-grupos-no-telegram\">Participe tamb\u00e9m de nossos grupos no Telegram<\/span><\/h2>\n\n\n\n<ul class=\"wp-block-list\">\n<li>Estrat\u00e9gia Magistratura Federal \u2013 <a href=\"https:\/\/t.me\/juizfederal\" target=\"_blank\" >https:\/\/t.me\/juizfederal<\/a><\/li>\n\n\n\n<li>Estrat\u00e9gia Delegado Federal \u2013 <a href=\"https:\/\/t.me\/delegadofederal\" target=\"_blank\" >https:\/\/t.me\/delegadofederal<\/a><\/li>\n\n\n\n<li>Estrat\u00e9gia Delegado Civil \u2013 <a href=\"https:\/\/t.me\/estrategiadelta\" target=\"_blank\" >https:\/\/t.me\/estrategiadelta<\/a><\/li>\n\n\n\n<li>Estrat\u00e9gia Promotor de Justi\u00e7a \u2013 <a href=\"https:\/\/t.me\/estrategiamp\" target=\"_blank\" >https:\/\/t.me\/estrategiamp<\/a><\/li>\n\n\n\n<li>Estrat\u00e9gia Defensor P\u00fablico \u2013 <a href=\"https:\/\/t.me\/estrategiadpe\" target=\"_blank\" >https:\/\/t.me\/estrategiadpe<\/a><\/li>\n\n\n\n<li>Estrat\u00e9gia Magistratura Estadual \u2013 <a href=\"https:\/\/t.me\/juizestadual\" target=\"_blank\" >https:\/\/t.me\/juizestadual<\/a><\/li>\n\n\n\n<li>Estrat\u00e9gia Procuradorias \u2013 <a href=\"https:\/\/t.me\/estrategiaprocuradorias\" target=\"_blank\" >https:\/\/t.me\/estrategiaprocuradorias<\/a><\/li>\n<\/ul>\n\n\n\n<h2 class=\"wp-block-heading\" id=\"h-youtube-carreiras-juridicas\"><span id=\"youtube-carreiras-juridicas\">Youtube Carreiras Jur\u00eddicas<\/span><\/h2>\n\n\n\n<p>Voc\u00ea conhece nosso canal no Youtube? Nele colocamos as aulas e eventos que v\u00e3o te levar at\u00e9 a aprova\u00e7\u00e3o! Clique no link, conhe\u00e7a e inscreva-se no nosso canal!<\/p>\n\n\n\n<p class=\"has-text-align-center has-background\" style=\"background:linear-gradient(135deg,rgb(254,205,165) 82%,rgb(254,45,45) 100%,rgb(107,0,62) 100%)\"><a href=\"https:\/\/www.youtube.com\/c\/Estrat%C3%A9giaCarreiraJur%C3%ADdica\"><strong>Youtube Carreiras Jur\u00eddicas<\/strong><\/a><\/p>\n","protected":false},"excerpt":{"rendered":"Quer saber quais  editais foram publicados? E quais concursos podem ser sua chance de mudar de vida em 2026? Confira AQUI!\n","protected":false},"author":12,"featured_media":185007,"comment_status":"open","ping_status":"open","sticky":false,"template":"","format":"standard","meta":{"_jetpack_memberships_contains_paid_content":false,"footnotes":""},"categories":[29,27,28,26,24,25],"tags":[],"tax_estado":[30,31,32,33,34,35,36,37,38,39,40,41,42,43,44,45,46,47,48,49,50,51,52,53,54,55,56,57],"class_list":{"0":"post-28342","1":"post","2":"type-post","3":"status-publish","4":"format-standard","5":"has-post-thumbnail","7":"category-cartorio","8":"category-defensoria","9":"category-delegado","10":"category-magistratura","11":"category-procuradoria","12":"category-promotoria","13":"tax_estado-ac","14":"tax_estado-al","15":"tax_estado-am","16":"tax_estado-ap","17":"tax_estado-ba","18":"tax_estado-ce","19":"tax_estado-concursos-federais","20":"tax_estado-df","21":"tax_estado-es","22":"tax_estado-go","23":"tax_estado-ma","24":"tax_estado-mg","25":"tax_estado-ms","26":"tax_estado-mt","27":"tax_estado-pa","28":"tax_estado-pb","29":"tax_estado-pe","30":"tax_estado-pi","31":"tax_estado-pr","32":"tax_estado-rj","33":"tax_estado-rn","34":"tax_estado-ro","35":"tax_estado-rr","36":"tax_estado-rs","37":"tax_estado-sc","38":"tax_estado-se","39":"tax_estado-sp","40":"tax_estado-to"},"acf":[],"yoast_head":"<!-- This site is optimized with the Yoast SEO Premium plugin v27.5 (Yoast SEO v27.5) - https:\/\/yoast.com\/product\/yoast-seo-premium-wordpress\/ -->\n<title>Resumo da Semana: principais informa\u00e7\u00f5es dos Concursos Jur\u00eddicos<\/title>\n<meta name=\"description\" content=\"Confira no resumo da semana as principais not\u00edcias sobre os concursos jur\u00eddicos de 2025! E comece sua prepara\u00e7\u00e3o ainda HOJE!\" \/>\n<meta name=\"robots\" content=\"index, follow, max-snippet:-1, max-image-preview:large, max-video-preview:-1\" \/>\n<link rel=\"canonical\" href=\"https:\/\/cj.estrategia.com\/portal\/resumo-da-semana-dos-concursos-juridicos\/\" \/>\n<meta property=\"og:locale\" content=\"pt_BR\" \/>\n<meta property=\"og:type\" content=\"article\" \/>\n<meta property=\"og:title\" content=\"Resumo da Semana: principais informa\u00e7\u00f5es dos Concursos Jur\u00eddicos\" \/>\n<meta property=\"og:description\" content=\"Confira no resumo da semana as principais not\u00edcias sobre os concursos jur\u00eddicos de 2025! E comece sua prepara\u00e7\u00e3o ainda HOJE!\" \/>\n<meta property=\"og:url\" content=\"https:\/\/cj.estrategia.com\/portal\/resumo-da-semana-dos-concursos-juridicos\/\" \/>\n<meta property=\"og:site_name\" content=\"Blog - Carreiras Jur\u00eddicas - Estrat\u00e9gia\" \/>\n<meta property=\"article:publisher\" content=\"https:\/\/www.facebook.com\/estrategiacarreirajuridica\/\" \/>\n<meta property=\"article:published_time\" content=\"2026-05-01T18:00:00+00:00\" \/>\n<meta property=\"article:modified_time\" content=\"2026-05-01T18:32:05+00:00\" \/>\n<meta property=\"og:image\" content=\"https:\/\/cj.estrategia.com\/portal\/wp-content\/uploads\/2026\/04\/01151452\/resumo-da-semana-concursos-juridicos-carreiras-juridicas.jpg\" \/>\n\t<meta property=\"og:image:width\" content=\"960\" \/>\n\t<meta property=\"og:image:height\" content=\"540\" \/>\n\t<meta property=\"og:image:type\" content=\"image\/jpeg\" \/>\n<meta name=\"author\" content=\"Coordena\u00e7\u00e3o\" \/>\n<meta name=\"twitter:card\" content=\"summary_large_image\" \/>\n<meta name=\"twitter:creator\" content=\"@EstratJuridica\" \/>\n<meta name=\"twitter:site\" content=\"@EstratJuridica\" \/>\n<meta name=\"twitter:label1\" content=\"Escrito por\" \/>\n\t<meta name=\"twitter:data1\" content=\"Coordena\u00e7\u00e3o\" \/>\n\t<meta name=\"twitter:label2\" content=\"Est. tempo de leitura\" \/>\n\t<meta name=\"twitter:data2\" content=\"5 minutos\" \/>\n<script type=\"application\/ld+json\" class=\"yoast-schema-graph\">{\"@context\":\"https:\\\/\\\/schema.org\",\"@graph\":[{\"@type\":\"NewsArticle\",\"@id\":\"https:\\\/\\\/cj.estrategia.com\\\/portal\\\/resumo-da-semana-dos-concursos-juridicos\\\/#article\",\"isPartOf\":{\"@id\":\"https:\\\/\\\/cj.estrategia.com\\\/portal\\\/resumo-da-semana-dos-concursos-juridicos\\\/\"},\"author\":{\"name\":\"Coordena\u00e7\u00e3o\",\"@id\":\"https:\\\/\\\/cj.estrategia.com\\\/portal\\\/#\\\/schema\\\/person\\\/4d70317d31449932b99102916b6637f5\"},\"headline\":\"Resumo da Semana: principais informa\u00e7\u00f5es dos Concursos Jur\u00eddicos\",\"datePublished\":\"2026-05-01T18:00:00+00:00\",\"dateModified\":\"2026-05-01T18:32:05+00:00\",\"mainEntityOfPage\":{\"@id\":\"https:\\\/\\\/cj.estrategia.com\\\/portal\\\/resumo-da-semana-dos-concursos-juridicos\\\/\"},\"wordCount\":948,\"commentCount\":0,\"publisher\":{\"@id\":\"https:\\\/\\\/cj.estrategia.com\\\/portal\\\/#organization\"},\"image\":{\"@id\":\"https:\\\/\\\/cj.estrategia.com\\\/portal\\\/resumo-da-semana-dos-concursos-juridicos\\\/#primaryimage\"},\"thumbnailUrl\":\"https:\\\/\\\/cj.estrategia.com\\\/portal\\\/wp-content\\\/uploads\\\/2026\\\/04\\\/01151452\\\/resumo-da-semana-concursos-juridicos-carreiras-juridicas.jpg\",\"articleSection\":[\"Cart\u00f3rio\",\"Defensoria\",\"Delegado\",\"Magistratura\",\"Procuradoria\",\"Promotoria\"],\"inLanguage\":\"pt-BR\",\"potentialAction\":[{\"@type\":\"CommentAction\",\"name\":\"Comment\",\"target\":[\"https:\\\/\\\/cj.estrategia.com\\\/portal\\\/resumo-da-semana-dos-concursos-juridicos\\\/#respond\"]}]},{\"@type\":\"WebPage\",\"@id\":\"https:\\\/\\\/cj.estrategia.com\\\/portal\\\/resumo-da-semana-dos-concursos-juridicos\\\/\",\"url\":\"https:\\\/\\\/cj.estrategia.com\\\/portal\\\/resumo-da-semana-dos-concursos-juridicos\\\/\",\"name\":\"Resumo da Semana: principais informa\u00e7\u00f5es dos Concursos Jur\u00eddicos\",\"isPartOf\":{\"@id\":\"https:\\\/\\\/cj.estrategia.com\\\/portal\\\/#website\"},\"primaryImageOfPage\":{\"@id\":\"https:\\\/\\\/cj.estrategia.com\\\/portal\\\/resumo-da-semana-dos-concursos-juridicos\\\/#primaryimage\"},\"image\":{\"@id\":\"https:\\\/\\\/cj.estrategia.com\\\/portal\\\/resumo-da-semana-dos-concursos-juridicos\\\/#primaryimage\"},\"thumbnailUrl\":\"https:\\\/\\\/cj.estrategia.com\\\/portal\\\/wp-content\\\/uploads\\\/2026\\\/04\\\/01151452\\\/resumo-da-semana-concursos-juridicos-carreiras-juridicas.jpg\",\"datePublished\":\"2026-05-01T18:00:00+00:00\",\"dateModified\":\"2026-05-01T18:32:05+00:00\",\"description\":\"Confira no resumo da semana as principais not\u00edcias sobre os concursos jur\u00eddicos de 2025! E comece sua prepara\u00e7\u00e3o ainda HOJE!\",\"breadcrumb\":{\"@id\":\"https:\\\/\\\/cj.estrategia.com\\\/portal\\\/resumo-da-semana-dos-concursos-juridicos\\\/#breadcrumb\"},\"inLanguage\":\"pt-BR\",\"potentialAction\":[{\"@type\":\"ReadAction\",\"target\":[\"https:\\\/\\\/cj.estrategia.com\\\/portal\\\/resumo-da-semana-dos-concursos-juridicos\\\/\"]}]},{\"@type\":\"ImageObject\",\"inLanguage\":\"pt-BR\",\"@id\":\"https:\\\/\\\/cj.estrategia.com\\\/portal\\\/resumo-da-semana-dos-concursos-juridicos\\\/#primaryimage\",\"url\":\"https:\\\/\\\/cj.estrategia.com\\\/portal\\\/wp-content\\\/uploads\\\/2026\\\/04\\\/01151452\\\/resumo-da-semana-concursos-juridicos-carreiras-juridicas.jpg\",\"contentUrl\":\"https:\\\/\\\/cj.estrategia.com\\\/portal\\\/wp-content\\\/uploads\\\/2026\\\/04\\\/01151452\\\/resumo-da-semana-concursos-juridicos-carreiras-juridicas.jpg\",\"width\":960,\"height\":540},{\"@type\":\"BreadcrumbList\",\"@id\":\"https:\\\/\\\/cj.estrategia.com\\\/portal\\\/resumo-da-semana-dos-concursos-juridicos\\\/#breadcrumb\",\"itemListElement\":[{\"@type\":\"ListItem\",\"position\":1,\"name\":\"In\u00edcio\",\"item\":\"https:\\\/\\\/cj.estrategia.com\\\/portal\\\/\"},{\"@type\":\"ListItem\",\"position\":2,\"name\":\"Resumo da Semana: principais informa\u00e7\u00f5es dos Concursos Jur\u00eddicos\"}]},{\"@type\":\"WebSite\",\"@id\":\"https:\\\/\\\/cj.estrategia.com\\\/portal\\\/#website\",\"url\":\"https:\\\/\\\/cj.estrategia.com\\\/portal\\\/\",\"name\":\"Blog - Carreiras Jur\u00eddicas - Estrat\u00e9gia\",\"description\":\"\",\"publisher\":{\"@id\":\"https:\\\/\\\/cj.estrategia.com\\\/portal\\\/#organization\"},\"potentialAction\":[{\"@type\":\"SearchAction\",\"target\":{\"@type\":\"EntryPoint\",\"urlTemplate\":\"https:\\\/\\\/cj.estrategia.com\\\/portal\\\/?s={search_term_string}\"},\"query-input\":{\"@type\":\"PropertyValueSpecification\",\"valueRequired\":true,\"valueName\":\"search_term_string\"}}],\"inLanguage\":\"pt-BR\"},{\"@type\":\"Organization\",\"@id\":\"https:\\\/\\\/cj.estrategia.com\\\/portal\\\/#organization\",\"name\":\"Estrat\u00e9gia - Carreiras Jur\u00eddicas\",\"url\":\"https:\\\/\\\/cj.estrategia.com\\\/portal\\\/\",\"logo\":{\"@type\":\"ImageObject\",\"inLanguage\":\"pt-BR\",\"@id\":\"https:\\\/\\\/cj.estrategia.com\\\/portal\\\/#\\\/schema\\\/logo\\\/image\\\/\",\"url\":\"https:\\\/\\\/cj.estrategia.com\\\/portal\\\/wp-content\\\/uploads\\\/2022\\\/03\\\/11151052\\\/cj-logo.png\",\"contentUrl\":\"https:\\\/\\\/cj.estrategia.com\\\/portal\\\/wp-content\\\/uploads\\\/2022\\\/03\\\/11151052\\\/cj-logo.png\",\"width\":150,\"height\":39,\"caption\":\"Estrat\u00e9gia - Carreiras Jur\u00eddicas\"},\"image\":{\"@id\":\"https:\\\/\\\/cj.estrategia.com\\\/portal\\\/#\\\/schema\\\/logo\\\/image\\\/\"},\"sameAs\":[\"https:\\\/\\\/www.facebook.com\\\/estrategiacarreirajuridica\\\/\",\"https:\\\/\\\/x.com\\\/EstratJuridica\",\"https:\\\/\\\/www.instagram.com\\\/estrategiacarreirajuridica\\\/\",\"https:\\\/\\\/www.youtube.com\\\/channel\\\/UClbMGuYbj2Mh1m3w144ETWQ\"]},{\"@type\":\"Person\",\"@id\":\"https:\\\/\\\/cj.estrategia.com\\\/portal\\\/#\\\/schema\\\/person\\\/4d70317d31449932b99102916b6637f5\",\"name\":\"Coordena\u00e7\u00e3o\",\"image\":{\"@type\":\"ImageObject\",\"inLanguage\":\"pt-BR\",\"@id\":\"https:\\\/\\\/cj.estrategia.com\\\/portal\\\/wp-content\\\/uploads\\\/2022\\\/05\\\/12164923\\\/estrategia-carreira-juridica-coordenacao-96x96.png\",\"url\":\"https:\\\/\\\/cj.estrategia.com\\\/portal\\\/wp-content\\\/uploads\\\/2022\\\/05\\\/12164923\\\/estrategia-carreira-juridica-coordenacao-96x96.png\",\"contentUrl\":\"https:\\\/\\\/cj.estrategia.com\\\/portal\\\/wp-content\\\/uploads\\\/2022\\\/05\\\/12164923\\\/estrategia-carreira-juridica-coordenacao-96x96.png\",\"caption\":\"Coordena\u00e7\u00e3o\"},\"url\":\"https:\\\/\\\/cj.estrategia.com\\\/portal\\\/author\\\/coordenacao\\\/\"}]}<\/script>\n<!-- \/ Yoast SEO Premium plugin. -->","yoast_head_json":{"title":"Resumo da Semana: principais informa\u00e7\u00f5es dos Concursos Jur\u00eddicos","description":"Confira no resumo da semana as principais not\u00edcias sobre os concursos jur\u00eddicos de 2025! E comece sua prepara\u00e7\u00e3o ainda HOJE!","robots":{"index":"index","follow":"follow","max-snippet":"max-snippet:-1","max-image-preview":"max-image-preview:large","max-video-preview":"max-video-preview:-1"},"canonical":"https:\/\/cj.estrategia.com\/portal\/resumo-da-semana-dos-concursos-juridicos\/","og_locale":"pt_BR","og_type":"article","og_title":"Resumo da Semana: principais informa\u00e7\u00f5es dos Concursos Jur\u00eddicos","og_description":"Confira no resumo da semana as principais not\u00edcias sobre os concursos jur\u00eddicos de 2025! E comece sua prepara\u00e7\u00e3o ainda HOJE!","og_url":"https:\/\/cj.estrategia.com\/portal\/resumo-da-semana-dos-concursos-juridicos\/","og_site_name":"Blog - Carreiras Jur\u00eddicas - Estrat\u00e9gia","article_publisher":"https:\/\/www.facebook.com\/estrategiacarreirajuridica\/","article_published_time":"2026-05-01T18:00:00+00:00","article_modified_time":"2026-05-01T18:32:05+00:00","og_image":[{"width":960,"height":540,"url":"https:\/\/cj.estrategia.com\/portal\/wp-content\/uploads\/2026\/04\/01151452\/resumo-da-semana-concursos-juridicos-carreiras-juridicas.jpg","type":"image\/jpeg"}],"author":"Coordena\u00e7\u00e3o","twitter_card":"summary_large_image","twitter_creator":"@EstratJuridica","twitter_site":"@EstratJuridica","twitter_misc":{"Escrito por":"Coordena\u00e7\u00e3o","Est. tempo de leitura":"5 minutos"},"schema":{"@context":"https:\/\/schema.org","@graph":[{"@type":"NewsArticle","@id":"https:\/\/cj.estrategia.com\/portal\/resumo-da-semana-dos-concursos-juridicos\/#article","isPartOf":{"@id":"https:\/\/cj.estrategia.com\/portal\/resumo-da-semana-dos-concursos-juridicos\/"},"author":{"name":"Coordena\u00e7\u00e3o","@id":"https:\/\/cj.estrategia.com\/portal\/#\/schema\/person\/4d70317d31449932b99102916b6637f5"},"headline":"Resumo da Semana: principais informa\u00e7\u00f5es dos Concursos Jur\u00eddicos","datePublished":"2026-05-01T18:00:00+00:00","dateModified":"2026-05-01T18:32:05+00:00","mainEntityOfPage":{"@id":"https:\/\/cj.estrategia.com\/portal\/resumo-da-semana-dos-concursos-juridicos\/"},"wordCount":948,"commentCount":0,"publisher":{"@id":"https:\/\/cj.estrategia.com\/portal\/#organization"},"image":{"@id":"https:\/\/cj.estrategia.com\/portal\/resumo-da-semana-dos-concursos-juridicos\/#primaryimage"},"thumbnailUrl":"https:\/\/cj.estrategia.com\/portal\/wp-content\/uploads\/2026\/04\/01151452\/resumo-da-semana-concursos-juridicos-carreiras-juridicas.jpg","articleSection":["Cart\u00f3rio","Defensoria","Delegado","Magistratura","Procuradoria","Promotoria"],"inLanguage":"pt-BR","potentialAction":[{"@type":"CommentAction","name":"Comment","target":["https:\/\/cj.estrategia.com\/portal\/resumo-da-semana-dos-concursos-juridicos\/#respond"]}]},{"@type":"WebPage","@id":"https:\/\/cj.estrategia.com\/portal\/resumo-da-semana-dos-concursos-juridicos\/","url":"https:\/\/cj.estrategia.com\/portal\/resumo-da-semana-dos-concursos-juridicos\/","name":"Resumo da Semana: principais informa\u00e7\u00f5es dos Concursos Jur\u00eddicos","isPartOf":{"@id":"https:\/\/cj.estrategia.com\/portal\/#website"},"primaryImageOfPage":{"@id":"https:\/\/cj.estrategia.com\/portal\/resumo-da-semana-dos-concursos-juridicos\/#primaryimage"},"image":{"@id":"https:\/\/cj.estrategia.com\/portal\/resumo-da-semana-dos-concursos-juridicos\/#primaryimage"},"thumbnailUrl":"https:\/\/cj.estrategia.com\/portal\/wp-content\/uploads\/2026\/04\/01151452\/resumo-da-semana-concursos-juridicos-carreiras-juridicas.jpg","datePublished":"2026-05-01T18:00:00+00:00","dateModified":"2026-05-01T18:32:05+00:00","description":"Confira no resumo da semana as principais not\u00edcias sobre os concursos jur\u00eddicos de 2025! E comece sua prepara\u00e7\u00e3o ainda HOJE!","breadcrumb":{"@id":"https:\/\/cj.estrategia.com\/portal\/resumo-da-semana-dos-concursos-juridicos\/#breadcrumb"},"inLanguage":"pt-BR","potentialAction":[{"@type":"ReadAction","target":["https:\/\/cj.estrategia.com\/portal\/resumo-da-semana-dos-concursos-juridicos\/"]}]},{"@type":"ImageObject","inLanguage":"pt-BR","@id":"https:\/\/cj.estrategia.com\/portal\/resumo-da-semana-dos-concursos-juridicos\/#primaryimage","url":"https:\/\/cj.estrategia.com\/portal\/wp-content\/uploads\/2026\/04\/01151452\/resumo-da-semana-concursos-juridicos-carreiras-juridicas.jpg","contentUrl":"https:\/\/cj.estrategia.com\/portal\/wp-content\/uploads\/2026\/04\/01151452\/resumo-da-semana-concursos-juridicos-carreiras-juridicas.jpg","width":960,"height":540},{"@type":"BreadcrumbList","@id":"https:\/\/cj.estrategia.com\/portal\/resumo-da-semana-dos-concursos-juridicos\/#breadcrumb","itemListElement":[{"@type":"ListItem","position":1,"name":"In\u00edcio","item":"https:\/\/cj.estrategia.com\/portal\/"},{"@type":"ListItem","position":2,"name":"Resumo da Semana: principais informa\u00e7\u00f5es dos Concursos Jur\u00eddicos"}]},{"@type":"WebSite","@id":"https:\/\/cj.estrategia.com\/portal\/#website","url":"https:\/\/cj.estrategia.com\/portal\/","name":"Blog - Carreiras Jur\u00eddicas - Estrat\u00e9gia","description":"","publisher":{"@id":"https:\/\/cj.estrategia.com\/portal\/#organization"},"potentialAction":[{"@type":"SearchAction","target":{"@type":"EntryPoint","urlTemplate":"https:\/\/cj.estrategia.com\/portal\/?s={search_term_string}"},"query-input":{"@type":"PropertyValueSpecification","valueRequired":true,"valueName":"search_term_string"}}],"inLanguage":"pt-BR"},{"@type":"Organization","@id":"https:\/\/cj.estrategia.com\/portal\/#organization","name":"Estrat\u00e9gia - Carreiras Jur\u00eddicas","url":"https:\/\/cj.estrategia.com\/portal\/","logo":{"@type":"ImageObject","inLanguage":"pt-BR","@id":"https:\/\/cj.estrategia.com\/portal\/#\/schema\/logo\/image\/","url":"https:\/\/cj.estrategia.com\/portal\/wp-content\/uploads\/2022\/03\/11151052\/cj-logo.png","contentUrl":"https:\/\/cj.estrategia.com\/portal\/wp-content\/uploads\/2022\/03\/11151052\/cj-logo.png","width":150,"height":39,"caption":"Estrat\u00e9gia - Carreiras Jur\u00eddicas"},"image":{"@id":"https:\/\/cj.estrategia.com\/portal\/#\/schema\/logo\/image\/"},"sameAs":["https:\/\/www.facebook.com\/estrategiacarreirajuridica\/","https:\/\/x.com\/EstratJuridica","https:\/\/www.instagram.com\/estrategiacarreirajuridica\/","https:\/\/www.youtube.com\/channel\/UClbMGuYbj2Mh1m3w144ETWQ"]},{"@type":"Person","@id":"https:\/\/cj.estrategia.com\/portal\/#\/schema\/person\/4d70317d31449932b99102916b6637f5","name":"Coordena\u00e7\u00e3o","image":{"@type":"ImageObject","inLanguage":"pt-BR","@id":"https:\/\/cj.estrategia.com\/portal\/wp-content\/uploads\/2022\/05\/12164923\/estrategia-carreira-juridica-coordenacao-96x96.png","url":"https:\/\/cj.estrategia.com\/portal\/wp-content\/uploads\/2022\/05\/12164923\/estrategia-carreira-juridica-coordenacao-96x96.png","contentUrl":"https:\/\/cj.estrategia.com\/portal\/wp-content\/uploads\/2022\/05\/12164923\/estrategia-carreira-juridica-coordenacao-96x96.png","caption":"Coordena\u00e7\u00e3o"},"url":"https:\/\/cj.estrategia.com\/portal\/author\/coordenacao\/"}]}},"jetpack_featured_media_url":"https:\/\/cj.estrategia.com\/portal\/wp-content\/uploads\/2026\/04\/01151452\/resumo-da-semana-concursos-juridicos-carreiras-juridicas.jpg","jetpack_sharing_enabled":true,"_links":{"self":[{"href":"https:\/\/cj.estrategia.com\/portal\/wp-json\/wp\/v2\/posts\/28342","targetHints":{"allow":["GET"]}}],"collection":[{"href":"https:\/\/cj.estrategia.com\/portal\/wp-json\/wp\/v2\/posts"}],"about":[{"href":"https:\/\/cj.estrategia.com\/portal\/wp-json\/wp\/v2\/types\/post"}],"author":[{"embeddable":true,"href":"https:\/\/cj.estrategia.com\/portal\/wp-json\/wp\/v2\/users\/12"}],"replies":[{"embeddable":true,"href":"https:\/\/cj.estrategia.com\/portal\/wp-json\/wp\/v2\/comments?post=28342"}],"version-history":[{"count":3,"href":"https:\/\/cj.estrategia.com\/portal\/wp-json\/wp\/v2\/posts\/28342\/revisions"}],"predecessor-version":[{"id":187943,"href":"https:\/\/cj.estrategia.com\/portal\/wp-json\/wp\/v2\/posts\/28342\/revisions\/187943"}],"wp:featuredmedia":[{"embeddable":true,"href":"https:\/\/cj.estrategia.com\/portal\/wp-json\/wp\/v2\/media\/185007"}],"wp:attachment":[{"href":"https:\/\/cj.estrategia.com\/portal\/wp-json\/wp\/v2\/media?parent=28342"}],"wp:term":[{"taxonomy":"category","embeddable":true,"href":"https:\/\/cj.estrategia.com\/portal\/wp-json\/wp\/v2\/categories?post=28342"},{"taxonomy":"post_tag","embeddable":true,"href":"https:\/\/cj.estrategia.com\/portal\/wp-json\/wp\/v2\/tags?post=28342"},{"taxonomy":"tax_estado","embeddable":true,"href":"https:\/\/cj.estrategia.com\/portal\/wp-json\/wp\/v2\/tax_estado?post=28342"}],"curies":[{"name":"wp","href":"https:\/\/api.w.org\/{rel}","templated":true}]}}