{"id":28240,"date":"2026-08-21T16:49:00","date_gmt":"2026-08-21T19:49:00","guid":{"rendered":"https:\/\/cj.estrategia.com\/portal\/?p=28240"},"modified":"2026-08-21T16:50:08","modified_gmt":"2026-08-21T19:50:08","slug":"concurso-magistratura-to","status":"publish","type":"post","link":"https:\/\/cj.estrategia.com\/portal\/concurso-magistratura-to\/","title":{"rendered":"Concurso Magistratura TO: resultado homologado; veja!"},"content":{"rendered":"\n<p class=\"has-medium-font-size wp-block-paragraph\"><strong><em>Concurso Magistratura TO oferece oportunidades para Juiz Substituto do TJTO; inicial \u00e9 de R$ 32,3 mil!<\/em><\/strong><\/p>\n\n\n<a id=\"cta-icon\" href=\"https:\/\/sndflw.com\/i\/magistratura-estadual-grupo\" target=\"blank\" style=\"background:rgb(41,166,26)\">\n            <img decoding=\"async\" src=\"https:\/\/cdn-blog-cj.estrategia.com\/portal\/wp-content\/uploads\/2023\/12\/07160657\/whatsapp_1385.webp\" alt=\"\" alt=\"whatsapp_1385\"><span > Acesse agora o Grupo de Estudos para Magistratura Estadual <\/span><\/a>\n\n\n\n<p class=\"wp-block-paragraph\">O Tribunal de Justi\u00e7a do Tocantins (TJ TO) homologou o <strong>resultado final <\/strong>do <strong>concurso para Juiz Substituto<\/strong>. A validade ser\u00e1 de dois anos, at\u00e9 agosto de 2028.<\/p>\n\n\n\n<ul class=\"wp-block-list\">\n<li><a href=\"https:\/\/cdn-blog-cj.estrategia.com\/portal\/wp-content\/uploads\/2026\/08\/21164451\/tjto-edital-homologacao.pdf\" target=\"_blank\" rel=\"noreferrer noopener nofollow\">Resultado final e homologa\u00e7\u00e3o<\/a><\/li>\n<\/ul>\n\n\n\n<ul class=\"wp-block-list\"><\/ul>\n\n\n\n<p class=\"wp-block-paragraph\">A sele\u00e7\u00e3o ofertou <strong>7 vagas imediatas<\/strong> para o cargo de<strong> Juiz Substituto <\/strong>do Tribunal de Justi\u00e7a do Estado com vencimento inicial de <strong>R$ 32.350,30<\/strong><\/p>\n\n\n\n<ul class=\"wp-block-list has-very-light-gray-to-cyan-bluish-gray-gradient-background has-background\">\n<li><strong>Concurso Magistratura TO<\/strong><\/li>\n\n\n\n<li><strong>Status:<\/strong> v\u00e1lido at\u00e9 08\/2028<\/li>\n\n\n\n<li><strong>Banca:<\/strong> <a href=\"https:\/\/conhecimento.fgv.br\/concursos\/tjto25\" target=\"_blank\" rel=\"noreferrer noopener nofollow\">FGV<\/a><\/li>\n\n\n\n<li><strong>Vagas:<\/strong> 07 + CR<\/li>\n\n\n\n<li><strong>Sal\u00e1rio inicial: <\/strong>R$ 32.350,30<\/li>\n\n\n\n<li><strong>Edital: <\/strong><a href=\"https:\/\/cj.estrategia.com\/portal\/wp-content\/uploads\/2025\/01\/29204731\/Magistratura-TO-edital.pdf\" target=\"_blank\" >Magistratura TO 2025<\/a><\/li>\n<\/ul>\n\n\n\n<div class=\"container\" id=\"boxes\">\n  <div class=\"row\">\n\n    <div class=\"col-sm\">\n      <div class=\"banner-ecj-magistratura\" id=\"box-assinatura\">\n        <h2 id=\"concurso-magistratura-to\" class=\"titulo-assinatura\"><span style=\"color: #ffffff; font-size: 23px; \">Concurso Magistratura TO<\/span><\/h2>\n        <p class=\"subtitulo-assinatura\">Cursos focados no edital!<\/p>\n        <div class=\"box-botao\">\n          <a class=\"btn-assinatura-juridica\" target=\"_blank\" href=\"https:\/\/cj.estrategia.com\/concurso\/tj-to\" role=\"button\" rel=\"noopener noreferrer\">CLIQUE AQUI<\/a>\n        <\/div>\n      <\/div>\n<\/p>\n    <\/div>\n\n  <\/div>\n<\/div>\n\n\n\n<div class=\"wp-block-yoast-seo-table-of-contents yoast-table-of-contents\"><ul><li><a href=\"#h-concurso-magistratura-to-situacao-atual\" data-level=\"2\">Concurso Magistratura TO: situa\u00e7\u00e3o atual<\/a><ul><li><a href=\"#h-documento-importantes\" data-level=\"3\">Documento importantes<\/a><\/li><li><a href=\"#h-demanda-de-inscritos-do-concurso-tj-to\" data-level=\"3\">Demanda de inscritos do concurso TJ TO<\/a><\/li><\/ul><\/li><li><a href=\"#h-carreira-na-magistratura-to\" data-level=\"2\">Carreira na Magistratura TO<\/a><ul><li><a href=\"#h-requisitos-e-remuneracao\" data-level=\"3\">Requisitos e remunera\u00e7\u00e3o<\/a><\/li><\/ul><\/li><li><a href=\"#h-etapas-do-concurso-magistratura-to\" data-level=\"2\">Etapas do Concurso Magistratura TO<\/a><ul><li><a href=\"#h-provas-objetivas\" data-level=\"3\">Provas Objetivas<\/a><\/li><li><a href=\"#h-prova-escrita-2\u00aa-fase\" data-level=\"3\">Prova escrita 2\u00aa fase<\/a><\/li><li><a href=\"#h-prova-discursiva\" data-level=\"3\">Prova discursiva<\/a><\/li><li><a href=\"#h-prova-pratica\" data-level=\"3\">Prova pr\u00e1tica<\/a><\/li><li><a href=\"#h-prova-oral\" data-level=\"3\">Prova Oral<\/a><\/li><li><a href=\"#h-avaliacao-de-titulos\" data-level=\"3\">Avalia\u00e7\u00e3o de T\u00edtulos<\/a><\/li><\/ul><\/li><li><a href=\"#h-ultimo-concurso-magistratura-to\" data-level=\"2\">\u00daltimo concurso Magistratura TO<\/a><\/li><li><a href=\"#h-a-verdade-sobre-o-inicio-da-carreira-de-juiz\" data-level=\"2\">A VERDADE sobre o in\u00edcio da carreira de juiz<\/a><\/li><li><a href=\"#h-material-de-estudo\" data-level=\"2\">Material de Estudo<\/a><\/li><li><a href=\"#h-informacoes-do-concurso-magistratura-tj-to\" data-level=\"2\">Informa\u00e7\u00f5es do Concurso Magistratura TJ TO<\/a><\/li><\/ul><\/div>\n\n\n\n<h2 id=\"h-concurso-magistratura-to-situacao-atual\" class=\"wp-block-heading\"><span id=\"concurso-magistratura-to-situacao-atual\">Concurso Magistratura TO: situa\u00e7\u00e3o atual<\/span><\/h2>\n\n\n\n<figure class=\"wp-block-embed is-type-video is-provider-youtube wp-block-embed-youtube wp-embed-aspect-16-9 wp-has-aspect-ratio\"><div class=\"wp-block-embed__wrapper\">\n<div class=\"cs-embed cs-embed-responsive\"><iframe title=\"Juiz TJ TO - An\u00e1lise de Edital com 7 vagas e provas em julho\" width=\"1200\" height=\"675\" src=\"https:\/\/www.youtube.com\/embed\/8J-DTmr27II?feature=oembed\" frameborder=\"0\" allow=\"accelerometer; autoplay; clipboard-write; encrypted-media; gyroscope; picture-in-picture; web-share\" referrerpolicy=\"strict-origin-when-cross-origin\" allowfullscreen><\/iframe><\/div>\n<\/div><\/figure>\n\n\n\n<h3 id=\"h-documento-importantes\" class=\"wp-block-heading\"><span id=\"documento-importantes\">Documento importantes<\/span><\/h3>\n\n\n\n<ul class=\"wp-block-list\">\n<li><a href=\"https:\/\/cj.estrategia.com\/portal\/wp-content\/uploads\/2026\/08\/13194058\/tjto_resultado-final-aprovados-negros-2026-08-11.pdf\" target=\"_blank\" >Resultado Final de Aprovados Candidatos Negros (Pretos e Pardos)<\/a>;<\/li>\n\n\n\n<li><a href=\"https:\/\/cj.estrategia.com\/portal\/wp-content\/uploads\/2026\/08\/13194101\/tjto_resultado-final-aprovados-pcd-2026-08-11.pdf\" target=\"_blank\" >Resultado Final de Aprovados &#8211; Pessoas com Defici\u00eancia<\/a>;<\/li>\n\n\n\n<li><a href=\"https:\/\/cj.estrategia.com\/portal\/wp-content\/uploads\/2026\/08\/13194104\/tjto_resultado-final-aprovados-2026-08-11.pdf\" target=\"_blank\" >Resultado Final de Aprovados<\/a>;<\/li>\n\n\n\n<li><a href=\"https:\/\/cj.estrategia.com\/portal\/wp-content\/uploads\/2026\/06\/01195735\/tjto-juiz-comunicado-cnj-retomada.pdf\" target=\"_blank\" >Comunicado<\/a>;<\/li>\n\n\n\n<li><a href=\"https:\/\/cj.estrategia.com\/portal\/wp-content\/uploads\/2026\/03\/06184921\/250-tjto-resultado-definitivo-prova-de-sentencas-2026-03-03.pdf\" target=\"_blank\" >Resultado definitivo da prova pr\u00e1tica de senten\u00e7as<\/a>;<\/li>\n\n\n\n<li><a href=\"https:\/\/cj.estrategia.com\/portal\/wp-content\/uploads\/2026\/01\/28140139\/espelho-tjto-sentenca_0.pdf\" target=\"_blank\" >Espelho de corre\u00e7\u00e3o &#8211; Prova Pr\u00e1tica de Senten\u00e7as<\/a><\/li>\n\n\n\n<li><a href=\"https:\/\/cj.estrategia.com\/portal\/wp-content\/uploads\/2026\/01\/27201542\/250-tjto-resultado-preliminar-prova-de-sentencas-2026-01-27.pdf\" target=\"_blank\" >Resultado preliminar da prova pr\u00e1tica de senten\u00e7as<\/a>;<\/li>\n\n\n\n<li><a href=\"https:\/\/cj.estrategia.com\/portal\/wp-content\/uploads\/2025\/12\/09190624\/250_tjto-juiz-resultado-definitivo-prova-discursiva.pdf\" target=\"_blank\" >Resultado definitivo da prova discursiva<\/a>;<\/li>\n\n\n\n<li><a href=\"https:\/\/cj.estrategia.com\/portal\/wp-content\/uploads\/2025\/07\/24183852\/tjto-juiz_objetiva_23.07.2025.pdf\" target=\"_blank\" >Resultado da prova objetiva<\/a>;<\/li>\n\n\n\n<li><a href=\"https:\/\/cj.estrategia.com\/portal\/wp-content\/uploads\/2025\/07\/24183847\/gabarito-definitivo-tj-to.pdf\" target=\"_blank\" >Gabarito oficial definitivo da prova objetiva<\/a>;<\/li>\n\n\n\n<li>Provas <a href=\"https:\/\/cj.estrategia.com\/portal\/wp-content\/uploads\/2025\/07\/01191929\/tjto-t1.pdf\" target=\"_blank\" >Tipo 1<\/a> \/ <a href=\"https:\/\/cj.estrategia.com\/portal\/wp-content\/uploads\/2025\/07\/01191926\/tjto-t2.pdf\" target=\"_blank\" >Tipo 2<\/a> \/ <a href=\"https:\/\/cj.estrategia.com\/portal\/wp-content\/uploads\/2025\/07\/01191923\/tjto-t3.pdf\" target=\"_blank\" >Tipo 3<\/a> \/ <a href=\"https:\/\/cj.estrategia.com\/portal\/wp-content\/uploads\/2025\/07\/01191920\/tjto-t4.pdf\">Tipo 4<\/a>;<\/li>\n\n\n\n<li><a href=\"https:\/\/cj.estrategia.com\/portal\/wp-content\/uploads\/2025\/07\/24183850\/tjto-juiz-convocacao-para-provas-discursivas-23.07.pdf\" target=\"_blank\" >Edital de convoca\u00e7\u00e3o para a segunda etapa<\/a>;<\/li>\n\n\n\n<li><a href=\"https:\/\/cj.estrategia.com\/portal\/wp-content\/uploads\/2025\/05\/05204242\/tjto-demanda-por-vaga.pdf\" target=\"_blank\" rel=\"noreferrer noopener nofollow\">Demanda de candidatos inscritos<\/a>;<\/li>\n\n\n\n<li><a href=\"https:\/\/cci.conhecimento.fgv.br\/b4f1e6e8-877f-45e4-9735-50c49ee5533f\" target=\"_blank\" rel=\"noreferrer noopener nofollow\">Consulta do local de prova<\/a>;<\/li>\n\n\n\n<li><a href=\"https:\/\/cj.estrategia.com\/portal\/wp-content\/uploads\/2025\/05\/17192356\/5000.pdf\">Banca examinadora foi oficialmente recomposta<\/a>;<\/li>\n\n\n\n<li><a href=\"https:\/\/cj.estrategia.com\/portal\/wp-content\/uploads\/2025\/02\/06190210\/e3e74e9e-da15-44ad-b173-97ea3125005e.pdf\" target=\"_blank\" >Retifica\u00e7\u00e3o da data da prova objetiva<\/a>;<\/li>\n\n\n\n<li><a href=\"https:\/\/cj.estrategia.com\/portal\/wp-content\/uploads\/2025\/05\/05204354\/tjto-definitivo-homologados.pdf\" target=\"_blank\" rel=\"noreferrer noopener nofollow\">Resultado definitivo de homologa\u00e7\u00e3o das inscri\u00e7\u00f5es<\/a>.<\/li>\n<\/ul>\n\n\n\n<h3 id=\"h-demanda-de-inscritos-do-concurso-tj-to\" class=\"wp-block-heading\"><span id=\"demanda-de-inscritos-do-concurso-tj-to\">Demanda de inscritos do concurso TJ TO<\/span><\/h3>\n\n\n\n<p class=\"wp-block-paragraph\">Do total de <strong>1.994 inscritos<\/strong>, <strong>1.230 compareceram<\/strong> \u00e0 prova objetiva, com <strong>764 ausentes<\/strong> (absten\u00e7\u00e3o de 38,31%). Foram registrados <strong>777 recursos<\/strong>, dos quais <strong>3 foram providos<\/strong> e <strong>774 n\u00e3o providos<\/strong>, resultando em <strong>2 gabaritos alterados<\/strong> e <strong>1 quest\u00e3o anulada<\/strong>.<\/p>\n\n\n\n<h2 id=\"h-carreira-na-magistratura-to\" class=\"wp-block-heading\"><span id=\"carreira-na-magistratura-to\">Carreira na Magistratura TO<\/span><\/h2>\n\n\n\n<h3 id=\"h-requisitos-e-remuneracao\" class=\"wp-block-heading\"><span id=\"requisitos-e-remuneracao\">Requisitos e remunera\u00e7\u00e3o<\/span><\/h3>\n\n\n\n<p class=\"wp-block-paragraph\">Para participar do \u00faltimo edital, os candidatos precisavam ter  conclu\u00eddo o curso de bacharel em Direito, em institui\u00e7\u00e3o reconhecida pelo MEC e ter exercido atividade jur\u00eddica pelo per\u00edodo m\u00ednimo de 3 anos, contados a partir da obten\u00e7\u00e3o do grau de bacharel em Direito.<\/p>\n\n\n\n<figure class=\"wp-block-table is-style-stripes\"><table class=\"has-luminous-vivid-amber-background-color has-background\"><thead><tr><th class=\"has-text-align-center\" data-align=\"center\">CARGOS<\/th><th class=\"has-text-align-center\" data-align=\"center\">VALOR DO SUBS\u00cdDIO<\/th><\/tr><\/thead><tbody><tr><td class=\"has-text-align-center\" data-align=\"center\">Desembargador<\/td><td class=\"has-text-align-center\" data-align=\"center\">R$ 41.845,00<\/td><\/tr><tr><td class=\"has-text-align-center\" data-align=\"center\">Juiz de Direito de 3\u00aa entr\u00e2ncia<\/td><td class=\"has-text-align-center\" data-align=\"center\">R$ 39.753,00<\/td><\/tr><tr><td class=\"has-text-align-center\" data-align=\"center\">Juiz de Direito de 2\u00aa entr\u00e2ncia<\/td><td class=\"has-text-align-center\" data-align=\"center\">R$ 37.766,00<\/td><\/tr><tr><td class=\"has-text-align-center\" data-align=\"center\">Juiz de Direito de 1\u00aa entr\u00e2ncia<\/td><td class=\"has-text-align-center\" data-align=\"center\">R$ 35.877,00<\/td><\/tr><tr><td class=\"has-text-align-center\" data-align=\"center\">Juiz de Direito Substituto<\/td><td class=\"has-text-align-center\" data-align=\"center\">R$ 32.350,30<\/td><\/tr><\/tbody><\/table><figcaption class=\"wp-element-caption\"><strong>Refer\u00eancia:&nbsp;<\/strong>Outubro &#8211; 2025.<\/figcaption><\/figure>\n\n\n\n<h2 id=\"h-etapas-do-concurso-magistratura-to\" class=\"wp-block-heading\"><span id=\"etapas-do-concurso-magistratura-to\">Etapas do Concurso Magistratura TO<\/span><\/h2>\n\n\n\n<p class=\"wp-block-paragraph\">Os candidatos do<strong> Concurso Magistratura TO<\/strong> foram avaliados por meio das seguintes etapas:<\/p>\n\n\n\n<ul class=\"wp-block-list\">\n<li>Primeira Etapa \u2013 <strong>Prova Objetiva Seletiva,<\/strong> de car\u00e1ter eliminat\u00f3rio e classificat\u00f3rio;<\/li>\n\n\n\n<li>Segunda Etapa \u2013 <strong>Provas Escritas <\/strong>(Discursiva e Senten\u00e7as), de car\u00e1ter eliminat\u00f3rio e classificat\u00f3rio;<\/li>\n\n\n\n<li>Terceira Etapa \u2013 com as seguintes fases, de car\u00e1ter eliminat\u00f3rio:\n<ul class=\"wp-block-list\">\n<li>Sindic\u00e2ncia da vida pregressa e investiga\u00e7\u00e3o social;<\/li>\n\n\n\n<li>Exame de sanidade f\u00edsica e mental;<\/li>\n\n\n\n<li>Exame psicot\u00e9cnico.<\/li>\n<\/ul>\n<\/li>\n\n\n\n<li>Quarta Etapa &#8211; <strong>Prova Oral,<\/strong> de car\u00e1ter eliminat\u00f3rio e classificat\u00f3rio;<\/li>\n\n\n\n<li>Quinta Etapa \u2013 <strong>Avalia\u00e7\u00e3o de t\u00edtulos,<\/strong> de car\u00e1ter classificat\u00f3rio.<\/li>\n<\/ul>\n\n\n\n<h3 id=\"h-provas-objetivas\" class=\"wp-block-heading has-medium-font-size\"><span id=\"provas-objetivas\">Provas Objetivas<\/span><\/h3>\n\n\n\n<p class=\"wp-block-paragraph\">A banca <strong>aplicou a Prova Objetiva Seletiva em 29 de junho de 2025<\/strong>, na cidade de Palmas\/TO, <strong>das 13h \u00e0s 18h<\/strong>.<\/p>\n\n\n\n<p class=\"wp-block-paragraph\">A primeira fase consistiu em <strong>100 quest\u00f5es<\/strong> de m\u00faltipla escolha, cada uma com cinco alternativas e apenas uma correta, valendo 1 ponto cada. A <strong>dura\u00e7\u00e3o da prova foi de 4 horas.<\/strong><\/p>\n\n\n\n<p class=\"wp-block-paragraph\">A banca <strong>aprovou os 150 candidatos mais bem classificados<\/strong>, que alcan\u00e7aram<strong>, no m\u00ednimo, 50 pontos<\/strong>. <strong>A prova cobrou as seguintes disciplinas:<\/strong><\/p>\n\n\n\n<figure class=\"wp-block-table is-style-stripes\"><table class=\"has-luminous-vivid-amber-background-color has-background\"><tbody><tr><td class=\"has-text-align-center\" data-align=\"center\"><strong>Bloco I: 40 quest\u00f5es <\/strong><\/td><\/tr><tr><td class=\"has-text-align-center\" data-align=\"center\">Direito Civil<\/td><\/tr><tr><td class=\"has-text-align-center\" data-align=\"center\">Direito Processual Civil<\/td><\/tr><tr><td class=\"has-text-align-center\" data-align=\"center\">Direito do Consumidor <\/td><\/tr><tr><td class=\"has-text-align-center\" data-align=\"center\">Direito da Crian\u00e7a e do Adolescente<\/td><\/tr><tr><td class=\"has-text-align-center\" data-align=\"center\"><strong> Bloco II: 30 quest\u00f5es <\/strong><\/td><\/tr><tr><td class=\"has-text-align-center\" data-align=\"center\">Direito Penal<\/td><\/tr><tr><td class=\"has-text-align-center\" data-align=\"center\">Direito Processual Penal<\/td><\/tr><tr><td class=\"has-text-align-center\" data-align=\"center\">Direito Constitucional<\/td><\/tr><tr><td class=\"has-text-align-center\" data-align=\"center\">Direito Eleitoral<\/td><\/tr><tr><td class=\"has-text-align-center\" data-align=\"center\"><strong>Bloco III: 30 quest\u00f5es <\/strong><\/td><\/tr><tr><td class=\"has-text-align-center\" data-align=\"center\">Direito Empresarial<\/td><\/tr><tr><td class=\"has-text-align-center\" data-align=\"center\">Direito Tribut\u00e1rio e Financeiro <\/td><\/tr><tr><td class=\"has-text-align-center\" data-align=\"center\">Direito Ambiental<\/td><\/tr><tr><td class=\"has-text-align-center\" data-align=\"center\">Direito Administrativo<\/td><\/tr><tr><td class=\"has-text-align-center\" data-align=\"center\">No\u00e7\u00f5es gerais de Direito e forma\u00e7\u00e3o human\u00edstica <\/td><\/tr><tr><td class=\"has-text-align-center\" data-align=\"center\">Direitos Humanos<\/td><\/tr><tr><td class=\"has-text-align-center\" data-align=\"center\"><strong>TOTAL 100<\/strong><\/td><\/tr><\/tbody><\/table><figcaption class=\"wp-element-caption\">Disciplinas da prova<\/figcaption><\/figure>\n\n\n\n<p class=\"wp-block-paragraph\">A Prova Objetiva foi avaliada na escala de 0 a 10 pontos, sendo atribu\u00eddo o valor de 0, ponto para cada quest\u00e3o respondida de acordo com o gabarito oficial.<\/p>\n\n\n\n<h3 id=\"h-prova-escrita-2\u00aa-fase\" class=\"wp-block-heading has-medium-font-size\"><span id=\"prova-escrita-2a-fase\">Prova escrita 2\u00aa fase<\/span><\/h3>\n\n\n\n<p class=\"wp-block-paragraph\">A segunda etapa do Concurso foi composta de<strong> duas provas escritas, uma discursiva e uma pr\u00e1tica,<\/strong> sendo que a prova discursiva foi realizada em um \u00fanico dia e a prova pr\u00e1tica foi dividida em dois dias.<\/p>\n\n\n\n<p class=\"wp-block-paragraph\">As provas foram aplicadas nas datas de <strong>31 de agosto de 2025 e 1\u00ba de setembro de 2025<\/strong>, sendo:<\/p>\n\n\n\n<ul class=\"wp-block-list\">\n<li>31 de agosto de 2025, no per\u00edodo da manh\u00e3, das 8h at\u00e9 12h, prova discursiva;<\/li>\n\n\n\n<li>31 de agosto de 2025, no per\u00edodo da tarde, das 15h \u00e0s 20h, prova pr\u00e1tica de senten\u00e7a c\u00edvel; e<\/li>\n\n\n\n<li>1\u00ba de setembro de 2025, no per\u00edodo da tarde, das 13h \u00e0s 18h, prova pr\u00e1tica de senten\u00e7a criminal.<\/li>\n<\/ul>\n\n\n\n<p class=\"wp-block-paragraph\">A nota final de cada prova foi atribu\u00edda entre 0,00 e 10,00.<\/p>\n\n\n\n<h3 id=\"h-prova-discursiva\" class=\"wp-block-heading\"><span id=\"prova-discursiva\">Prova discursiva<\/span><\/h3>\n\n\n\n<p class=\"wp-block-paragraph\">A prova discursiva consistiu em 5 quest\u00f5es e cada quest\u00e3o da prova discursiva valeu 2,00 pontos. Nesta fase ser\u00e1 aprovado o candidato que alcan\u00e7ar a nota igual ou superior a 6,00 pontos.<\/p>\n\n\n\n<h3 id=\"h-prova-pratica\" class=\"wp-block-heading\"><span id=\"prova-pratica\">Prova pr\u00e1tica<\/span><\/h3>\n\n\n\n<p class=\"wp-block-paragraph\">A prova pr\u00e1tica consistiu na lavratura de 2 senten\u00e7as, uma criminal e outra c\u00edvel, em dias distintos. Na prova de senten\u00e7a, ser\u00e1 exigido para aprova\u00e7\u00e3o, nota m\u00ednima de 6,00 pontos em cada uma delas.<\/p>\n\n\n\n<h3 id=\"h-prova-oral\" class=\"wp-block-heading has-medium-font-size\"><span id=\"prova-oral\">Prova Oral<\/span><\/h3>\n\n\n\n<p class=\"wp-block-paragraph\">Os candidatos habilitados na Terceira Etapa, ou seja, cujas inscri\u00e7\u00f5es definitivas foram deferidas e que tenham sido considerados APTOS nos exames de sa\u00fade e psicot\u00e9cnico, na sindic\u00e2ncia da vida pregressa e na investiga\u00e7\u00e3o social, foram convocados para a Quarta Etapa.<\/p>\n\n\n\n<p class=\"wp-block-paragraph\">A Prova Oral foi realizada em sess\u00e3o p\u00fablica, na presen\u00e7a de todos os membros da Comiss\u00e3o Examinadora correspondente, vedado o exame simult\u00e2neo de mais de um candidato.<\/p>\n\n\n\n<p class=\"wp-block-paragraph\">Cada examinador disp\u00f4s de at\u00e9 15 minutos para a argui\u00e7\u00e3o do candidato, atribuindo-lhe nota na escala de 0 a 10.<\/p>\n\n\n\n<h3 id=\"h-avaliacao-de-titulos\" class=\"wp-block-heading has-medium-font-size\"><span id=\"avaliacao-de-titulos\">Avalia\u00e7\u00e3o de T\u00edtulos<\/span><\/h3>\n\n\n\n<p class=\"wp-block-paragraph\">Foram considerados os constantes na tabela a seguir:<\/p>\n\n\n\n<figure class=\"wp-block-table is-style-stripes\"><table class=\"has-luminous-vivid-amber-background-color has-background\"><thead><tr><th class=\"has-text-align-center\" data-align=\"center\">Categoria<\/th><th class=\"has-text-align-center\" data-align=\"center\">Subcategoria<\/th><th class=\"has-text-align-center\" data-align=\"center\">Pontua\u00e7\u00e3o<\/th><th class=\"has-text-align-center\" data-align=\"center\">Forma de Comprova\u00e7\u00e3o<\/th><\/tr><\/thead><tbody><tr><td class=\"has-text-align-center\" data-align=\"center\">I &#8211; Exerc\u00edcio de cargo, emprego ou fun\u00e7\u00e3o p\u00fablica privativa de bacharel em Direito (m\u00ednimo 1 ano)<\/td><td class=\"has-text-align-center\" data-align=\"center\">I. Judicatura (Juiz)<\/td><td class=\"has-text-align-center\" data-align=\"center\">at\u00e9 3 anos \u2013 2,0 pontos; acima de 3 anos \u2013 2,5 pontos<\/td><td class=\"has-text-align-center\" data-align=\"center\">Certid\u00e3o de contagem de tempo de servi\u00e7o ou documento equivalente, bem como certid\u00e3o ou documento oficial que comprove que o cargo \u00e9 privativo de bacharel em Direito.<\/td><\/tr><tr><td class=\"has-text-align-center\" data-align=\"center\"><\/td><td class=\"has-text-align-center\" data-align=\"center\">I. Promotor, MP, Defensoria, AGU, Procuradoria, ou qualquer \u00f3rg\u00e3o da Administra\u00e7\u00e3o P\u00fablica direta ou indireta (Uni\u00e3o, Estados, DF, Munic\u00edpios)<\/td><td class=\"has-text-align-center\" data-align=\"center\">at\u00e9 3 anos \u2013 1,5 pontos; acima de 3 anos \u2013 2,0 pontos<\/td><td class=\"has-text-align-center\" data-align=\"center\">Mesma forma do item anterior.<\/td><\/tr><tr><td class=\"has-text-align-center\" data-align=\"center\">II &#8211; Magist\u00e9rio superior na \u00e1rea jur\u00eddica (m\u00ednimo 5 anos)<\/td><td class=\"has-text-align-center\" data-align=\"center\">II. Ingresso por concurso\/processo seletivo p\u00fablico<\/td><td class=\"has-text-align-center\" data-align=\"center\">1,5 pontos<\/td><td class=\"has-text-align-center\" data-align=\"center\">Documento que especifique atribui\u00e7\u00f5es exercidas, curso, mat\u00e9ria, conte\u00fado program\u00e1tico, carga hor\u00e1ria e forma de admiss\u00e3o.<\/td><\/tr><tr><td class=\"has-text-align-center\" data-align=\"center\"><\/td><td class=\"has-text-align-center\" data-align=\"center\">II. Ingresso sem concurso\/processo seletivo<\/td><td class=\"has-text-align-center\" data-align=\"center\">0,5 ponto<\/td><td class=\"has-text-align-center\" data-align=\"center\">Mesma forma anterior.<\/td><\/tr><tr><td class=\"has-text-align-center\" data-align=\"center\">III &#8211; Exerc\u00edcio de outro cargo, emprego ou fun\u00e7\u00e3o p\u00fablica privativa de bacharel em Direito (n\u00e3o previsto no inciso I)<\/td><td class=\"has-text-align-center\" data-align=\"center\">III. Mediante admiss\u00e3o por concurso<\/td><td class=\"has-text-align-center\" data-align=\"center\">at\u00e9 3 anos \u2013 0,5 ponto; acima de 3 anos \u2013 1,0 ponto<\/td><td class=\"has-text-align-center\" data-align=\"center\">Certid\u00e3o de contagem de tempo de servi\u00e7o ou documento equivalente, bem como certid\u00e3o oficial que comprove a exig\u00eancia de bacharelado em Direito.<\/td><\/tr><tr><td class=\"has-text-align-center\" data-align=\"center\"><\/td><td class=\"has-text-align-center\" data-align=\"center\">III. Mediante admiss\u00e3o sem concurso<\/td><td class=\"has-text-align-center\" data-align=\"center\">at\u00e9 3 anos \u2013 0,25 ponto; acima de 3 anos \u2013 0,5 ponto<\/td><td class=\"has-text-align-center\" data-align=\"center\">Mesma forma anterior.<\/td><\/tr><tr><td class=\"has-text-align-center\" data-align=\"center\">IV &#8211; Exerc\u00edcio efetivo da advocacia (m\u00ednimo 3 anos, 5 atos privativos\/ano)<\/td><td class=\"has-text-align-center\" data-align=\"center\">\u2013<\/td><td class=\"has-text-align-center\" data-align=\"center\">at\u00e9 5 anos \u2013 0,5 ponto; at\u00e9 8 anos \u2013 1,0 ponto; acima de 8 anos \u2013 1,5 pontos<\/td><td class=\"has-text-align-center\" data-align=\"center\">Certid\u00e3o de inscri\u00e7\u00e3o na OAB acompanhada de certid\u00f5es expedidas por cart\u00f3rios, secretarias de ju\u00edzo, tribunais ou \u00f3rg\u00e3os p\u00fablicos em que tenha atuado.<\/td><\/tr><tr><td class=\"has-text-align-center\" data-align=\"center\">V &#8211; Aprova\u00e7\u00e3o em concurso p\u00fablico (n\u00e3o utilizado no inciso I)<\/td><td class=\"has-text-align-center\" data-align=\"center\">V. Judicatura, MP, Defensoria, AGU, Procuradoria<\/td><td class=\"has-text-align-center\" data-align=\"center\">0,5 ponto<\/td><td class=\"has-text-align-center\" data-align=\"center\">Certid\u00e3o do \u00f3rg\u00e3o ou organizadora do concurso com data de publica\u00e7\u00e3o, homologa\u00e7\u00e3o e aprova\u00e7\u00e3o em todas as etapas.<\/td><\/tr><tr><td class=\"has-text-align-center\" data-align=\"center\"><\/td><td class=\"has-text-align-center\" data-align=\"center\">V. Outro concurso p\u00fablico para cargo privativo de bacharel em Direito (n\u00e3o constante do V.)<\/td><td class=\"has-text-align-center\" data-align=\"center\">0,25 ponto<\/td><td class=\"has-text-align-center\" data-align=\"center\">Mesma forma anterior.<\/td><\/tr><tr><td class=\"has-text-align-center\" data-align=\"center\">VI &#8211; Diplomas de P\u00f3s-Gradua\u00e7\u00e3o<\/td><td class=\"has-text-align-center\" data-align=\"center\">VI. Doutorado em Direito ou Ci\u00eancias Sociais\/Humanas<\/td><td class=\"has-text-align-center\" data-align=\"center\">2 pontos<\/td><td class=\"has-text-align-center\" data-align=\"center\">C\u00f3pia autenticada do diploma ou ata de defesa da tese.<\/td><\/tr><tr><td class=\"has-text-align-center\" data-align=\"center\"><\/td><td class=\"has-text-align-center\" data-align=\"center\">VI. Mestrado em Direito ou Ci\u00eancias Sociais\/Humanas<\/td><td class=\"has-text-align-center\" data-align=\"center\">1,5 pontos<\/td><td class=\"has-text-align-center\" data-align=\"center\">C\u00f3pia autenticada do diploma ou ata da disserta\u00e7\u00e3o.<\/td><\/tr><tr><td class=\"has-text-align-center\" data-align=\"center\"><\/td><td class=\"has-text-align-center\" data-align=\"center\">VI. Especializa\u00e7\u00e3o em Direito (m\u00edn. 360h, com TCC)<\/td><td class=\"has-text-align-center\" data-align=\"center\">0,5 ponto<\/td><td class=\"has-text-align-center\" data-align=\"center\">C\u00f3pia autenticada do diploma ou certificado acompanhado de declara\u00e7\u00e3o com comprova\u00e7\u00e3o de carga hor\u00e1ria, aprova\u00e7\u00e3o e TCC.<\/td><\/tr><tr><td class=\"has-text-align-center\" data-align=\"center\">VII &#8211; Gradua\u00e7\u00e3o em curso superior (exceto Direito) ou curso regular de prepara\u00e7\u00e3o \u00e0 Magistratura\/MP (m\u00edn. 720h e 75% frequ\u00eancia)<\/td><td class=\"has-text-align-center\" data-align=\"center\">\u2013<\/td><td class=\"has-text-align-center\" data-align=\"center\">0,5 ponto<\/td><td class=\"has-text-align-center\" data-align=\"center\">C\u00f3pia autenticada do diploma ou certificado do curso, com comprova\u00e7\u00e3o de carga hor\u00e1ria, frequ\u00eancia e aprova\u00e7\u00e3o.<\/td><\/tr><tr><td class=\"has-text-align-center\" data-align=\"center\">VIII &#8211; Curso de extens\u00e3o jur\u00eddica (mais de 100h, com TCC, n\u00e3o presencial em preparat\u00f3rios)<\/td><td class=\"has-text-align-center\" data-align=\"center\">\u2013<\/td><td class=\"has-text-align-center\" data-align=\"center\">0,25 ponto<\/td><td class=\"has-text-align-center\" data-align=\"center\">C\u00f3pia autenticada do certificado ou declara\u00e7\u00e3o da institui\u00e7\u00e3o, com comprova\u00e7\u00e3o da carga hor\u00e1ria, aprova\u00e7\u00e3o e trabalho de conclus\u00e3o.<\/td><\/tr><tr><td class=\"has-text-align-center\" data-align=\"center\">IX &#8211; Publica\u00e7\u00f5es jur\u00eddicas<\/td><td class=\"has-text-align-center\" data-align=\"center\">IX. Livro jur\u00eddico de autoria exclusiva<\/td><td class=\"has-text-align-center\" data-align=\"center\">0,75 ponto<\/td><td class=\"has-text-align-center\" data-align=\"center\">C\u00f3pia da obra publicada com nome do autor.<\/td><\/tr><tr><td class=\"has-text-align-center\" data-align=\"center\"><\/td><td class=\"has-text-align-center\" data-align=\"center\">IX. Artigo ou trabalho publicado em obra coletiva ou revista jur\u00eddica com conselho editorial<\/td><td class=\"has-text-align-center\" data-align=\"center\">0,25 ponto<\/td><td class=\"has-text-align-center\" data-align=\"center\">C\u00f3pia autenticada comprovando autoria, data da publica\u00e7\u00e3o e prazo de inscri\u00e7\u00e3o.<\/td><\/tr><tr><td class=\"has-text-align-center\" data-align=\"center\">Obras jur\u00eddicas (apreci\u00e1vel conte\u00fado jur\u00eddico)<\/td><td class=\"has-text-align-center\" data-align=\"center\">\u2013<\/td><td class=\"has-text-align-center\" data-align=\"center\">0,75 ponto<\/td><td class=\"has-text-align-center\" data-align=\"center\">Original ou c\u00f3pia integral autenticada (ou ata notarial), catalogado em ISBN ou registrado em entidade competente, com comprova\u00e7\u00e3o da autoria e data da inscri\u00e7\u00e3o.<\/td><\/tr><tr><td class=\"has-text-align-center\" data-align=\"center\">X &#8211; L\u00e1urea universit\u00e1ria no curso de Direito<\/td><td class=\"has-text-align-center\" data-align=\"center\">\u2013<\/td><td class=\"has-text-align-center\" data-align=\"center\">0,5 ponto<\/td><td class=\"has-text-align-center\" data-align=\"center\">C\u00f3pia autenticada do diploma ou certificado de l\u00e1urea.<\/td><\/tr><tr><td class=\"has-text-align-center\" data-align=\"center\">XI &#8211; Participa\u00e7\u00e3o em banca de concurso (Magistratura, MP, Advocacia P\u00fablica, Defensoria, Doc\u00eancia em IES p\u00fablica)<\/td><td class=\"has-text-align-center\" data-align=\"center\">\u2013<\/td><td class=\"has-text-align-center\" data-align=\"center\">0,75 ponto<\/td><td class=\"has-text-align-center\" data-align=\"center\">Declara\u00e7\u00e3o circunstanciada do \u00f3rg\u00e3o ou entidade p\u00fablica atestando o servi\u00e7o prestado.<\/td><\/tr><tr><td class=\"has-text-align-center\" data-align=\"center\">XII &#8211; Conclus\u00e3o de Programa de Resid\u00eancia institu\u00eddo por Tribunal (m\u00edn. 12 meses)<\/td><td class=\"has-text-align-center\" data-align=\"center\">\u2013<\/td><td class=\"has-text-align-center\" data-align=\"center\">0,5 ponto<\/td><td class=\"has-text-align-center\" data-align=\"center\">C\u00f3pia autenticada do diploma ou certificado do Programa de Resid\u00eancia.<\/td><\/tr><tr><td class=\"has-text-align-center\" data-align=\"center\">XIII &#8211; Exerc\u00edcio de conciliador (m\u00ednimo 1 ano) ou assist\u00eancia jur\u00eddica volunt\u00e1ria<\/td><td class=\"has-text-align-center\" data-align=\"center\">\u2013<\/td><td class=\"has-text-align-center\" data-align=\"center\">0,5 ponto<\/td><td class=\"has-text-align-center\" data-align=\"center\">Declara\u00e7\u00e3o expedida pela Coordena\u00e7\u00e3o dos Juizados Especiais ou \u00f3rg\u00e3o equivalente do TJ, comprovando atua\u00e7\u00e3o.<\/td><\/tr><\/tbody><\/table><\/figure>\n\n\n\n<h2 id=\"h-ultimo-concurso-magistratura-to\" class=\"wp-block-heading\"><span id=\"ultimo-concurso-magistratura-to\">\u00daltimo concurso Magistratura TO  <\/span><\/h2>\n\n\n\n<p class=\"wp-block-paragraph\">O Tribunal de Justi\u00e7a do Estado de Tocantins publicou seu \u00faltimo edital em <strong>2007<\/strong>, com oferta de <strong>27 vagas<\/strong> mais forma\u00e7\u00e3o de cadastro reserva, para o cargo de Juiz Substituto. <\/p>\n\n\n\n<p class=\"wp-block-paragraph\">S\u00e3o 18 anos sem concurso para a Magistratura do estado, por isto \u00e9 grande a expectativa de um novo concurso em breve. <\/p>\n\n\n\n<p class=\"wp-block-paragraph\">Na \u00faltima sele\u00e7\u00e3o, o Cebraspe foi o respons\u00e1vel por receber as inscri\u00e7\u00f5es, aplicar as provas entre outras responsabilidades. Vale ressaltar que na \u00e9poca, a banca era chamada de Cespe\/UNB.<\/p>\n\n\n\n<h2 id=\"h-a-verdade-sobre-o-inicio-da-carreira-de-juiz\" class=\"wp-block-heading\"><span id=\"a-verdade-sobre-o-inicio-da-carreira-de-juiz\">A VERDADE sobre o in\u00edcio da carreira de juiz<\/span><\/h2>\n\n\n\n<figure class=\"wp-block-embed is-type-video is-provider-youtube wp-block-embed-youtube wp-embed-aspect-16-9 wp-has-aspect-ratio\"><div class=\"wp-block-embed__wrapper\">\n<div class=\"cs-embed cs-embed-responsive\"><iframe title=\"A VERDADE sobre o in\u00edcio da carreira de juiz\" width=\"1200\" height=\"675\" src=\"https:\/\/www.youtube.com\/embed\/1Hogpyc24AA?feature=oembed\" frameborder=\"0\" allow=\"accelerometer; autoplay; clipboard-write; encrypted-media; gyroscope; picture-in-picture; web-share\" referrerpolicy=\"strict-origin-when-cross-origin\" allowfullscreen><\/iframe><\/div>\n<\/div><\/figure>\n\n\n\n<h2 id=\"h-material-de-estudo\" class=\"wp-block-heading\"><span id=\"material-de-estudo\">Material de Estudo <\/span><\/h2>\n\n\n\n<ul class=\"wp-block-list\">\n<li><a href=\"https:\/\/cj.estrategia.com\/portal\/provas-comentadas-de-carreiras-juridicas\/\">Provas comentadas de carreiras jur\u00eddicas<\/a><\/li>\n\n\n\n<li><a href=\"https:\/\/www.youtube.com\/watch?v=mxQjXJqRGjg\">Revis\u00e3o de V\u00e9spera TJ TO (Juiz) 2025<\/a><\/li>\n\n\n\n<li><a href=\"https:\/\/www.youtube.com\/watch?v=6Bb9Y2AruOc\">Simulado TJ TO &#8211; P\u00f3s-edital (Juiz) &#8211; Corre\u00e7\u00e3o<\/a><\/li>\n<\/ul>\n\n\n\n<hr class=\"wp-block-separator has-alpha-channel-opacity\"\/>\n\n\n\n<p class=\"has-text-align-center wp-block-paragraph\" id=\"cursos\" style=\"font-size:26px\"><strong>Quer saber tudo sobre concursos previstos?<br>Confira nossos artigos!<\/strong><\/p>\n\n\n\n<ul class=\"wp-block-list\">\n<li><a href=\"https:\/\/cj.estrategia.com\/portal\/concursos-abertos-carreiras-juridicas\/\" target=\"_blank\" >Concursos jur\u00eddicos abertos<\/a><\/li>\n\n\n\n<li><a href=\"https:\/\/cj.estrategia.com\/portal\/concursos-2025-carreiras-juridicas\/\" target=\"_blank\" ><\/a><a href=\"https:\/\/cj.estrategia.com\/portal\/concursos-juridicos-2026-prepare-se-para-os-proximos-editais\/\" target=\"_blank\" >Concursos Jur\u00eddicos 2026<\/a><\/li>\n\n\n\n<li><a href=\"https:\/\/cj.estrategia.com\/portal\/concursos-magistratura\/\" target=\"_blank\" >Concursos magistratura<\/a><\/li>\n\n\n\n<li><a href=\"https:\/\/cj.estrategia.com\/portal\/exame-nacional-da-magistratura\/\" target=\"_blank\" >Exame Nacional da Magistratura<\/a><\/li>\n<\/ul>\n\n\n\n<p class=\"has-text-align-center wp-block-paragraph\" id=\"h-assinatura-juridica\" style=\"font-size:26px\"><strong>Assinatura Jur\u00eddica<\/strong><\/p>\n\n\n\n<div class=\"wp-block-cover\" style=\"min-height:155px;aspect-ratio:unset;\"><img decoding=\"async\" width=\"1890\" height=\"351\" class=\"wp-block-cover__image-background wp-image-8669\" alt=\"Assinaturas Jur\u00eddicas\" src=\"https:\/\/cj.estrategia.com\/portal\/wp-content\/uploads\/2022\/06\/20151253\/concurso-carreiras-juridicas-assinatura-juridica.jpg\" style=\"object-position:78% 43%\" data-object-fit=\"cover\" data-object-position=\"78% 43%\" srcset=\"https:\/\/cdn-blog-cj.estrategia.com\/portal\/wp-content\/uploads\/2022\/06\/20151253\/concurso-carreiras-juridicas-assinatura-juridica.jpg 1890w, https:\/\/cdn-blog-cj.estrategia.com\/portal\/wp-content\/uploads\/2022\/06\/20151253\/concurso-carreiras-juridicas-assinatura-juridica-300x56.jpg 300w, https:\/\/cdn-blog-cj.estrategia.com\/portal\/wp-content\/uploads\/2022\/06\/20151253\/concurso-carreiras-juridicas-assinatura-juridica-1024x190.jpg 1024w, https:\/\/cdn-blog-cj.estrategia.com\/portal\/wp-content\/uploads\/2022\/06\/20151253\/concurso-carreiras-juridicas-assinatura-juridica-768x143.jpg 768w, https:\/\/cdn-blog-cj.estrategia.com\/portal\/wp-content\/uploads\/2022\/06\/20151253\/concurso-carreiras-juridicas-assinatura-juridica-1536x285.jpg 1536w, https:\/\/cdn-blog-cj.estrategia.com\/portal\/wp-content\/uploads\/2022\/06\/20151253\/concurso-carreiras-juridicas-assinatura-juridica-380x71.jpg 380w, https:\/\/cdn-blog-cj.estrategia.com\/portal\/wp-content\/uploads\/2022\/06\/20151253\/concurso-carreiras-juridicas-assinatura-juridica-800x149.jpg 800w, https:\/\/cdn-blog-cj.estrategia.com\/portal\/wp-content\/uploads\/2022\/06\/20151253\/concurso-carreiras-juridicas-assinatura-juridica-1160x215.jpg 1160w\" sizes=\"(max-width: 1890px) 100vw, 1890px\" \/><span aria-hidden=\"true\" class=\"wp-block-cover__background has-background-dim\"><\/span><div class=\"wp-block-cover__inner-container is-layout-flow wp-block-cover-is-layout-flow\">\n<h3 id=\"faca-a-sua-assinatura\" class=\"titulo-assinatura\"><span style=\"color: #ffffff;\">Fa\u00e7a a sua assinatura!<\/span><\/h3>\n<p class=\"subtitulo-assinatura\" style=\"display:block!important; line-height: 0;\"><span style=\"color: #ffffff;\">Escolha a sua \u00e1rea.<\/span><\/p>\n<a target=\"_blank\" href=\"https:\/\/www.estrategiaconcursos.com.br\/assinaturas-ecj\/\" rel=\"noopener\"><button style=\"border-radius: 10px; text-transform: capitalize;\">Acessar<\/button><\/a>\n<\/div><\/div>\n\n\n\n<figure class=\"wp-block-image size-large is-resized\"><img decoding=\"async\" src=\"https:\/\/dhg1h5j42swfq.cloudfront.net\/2021\/04\/21143859\/ficha-tecnica-161-1024x632.png\" alt=\"concurso tjm mg ficha t\u00e9cnica\" class=\"wp-image-720407\" style=\"aspect-ratio:1.62;width:253px;height:auto\"\/><\/figure>\n\n\n\n<h2 id=\"h-informacoes-do-concurso-magistratura-tj-to\" class=\"wp-block-heading\"><span id=\"informacoes-do-concurso-magistratura-tj-to\"><span style=\"font-size: 14pt; color: #000000;\">Informa\u00e7\u00f5es do Concurso Magistratura TJ TO<\/span><\/span><\/h2>\n\n\n\n<ul class=\"wp-block-list\">\n<li><span style=\"color: #000000;\"><strong>Vagas:<\/strong> <\/span>07 + CR<\/li>\n\n\n\n<li><span style=\"color: #000000;\"><strong>Lota\u00e7\u00f5es:<\/strong> <\/span>Tocantins <\/li>\n\n\n\n<li><span style=\"color: #000000;\"><strong>Banca:<\/strong> <\/span>FGV<\/li>\n\n\n\n<li><span style=\"color: #000000;\"><strong>Escolaridade:<\/strong> n\u00edvel superior<\/span> em direito + 3 anos de atividade jur\u00eddica<\/li>\n\n\n\n<li><strong>Edital: <\/strong><a href=\"https:\/\/cj.estrategia.com\/portal\/wp-content\/uploads\/2025\/01\/29204731\/Magistratura-TO-edital.pdf\" target=\"_blank\" >Magistratura TO 2025<\/a><\/li>\n\n\n\n<li><span style=\"color: #000000;\"><strong>\u00daltimo Edital:<\/strong><\/span> <a href=\"https:\/\/cj.estrategia.com\/portal\/wp-content\/uploads\/2023\/01\/27175216\/Edital-Magistratura-TO-2007.pdf\" target=\"_blank\" rel=\"noreferrer noopener nofollow\">TJ TO Juiz 2007<\/a><\/li>\n<\/ul>\n\n\n\n<p class=\"wp-block-paragraph\"><\/p>\n\n\n\n<p class=\"wp-block-paragraph\"><\/p>\n","protected":false},"excerpt":{"rendered":"Concurso Magistratura TO oferece oportunidades para Juiz Substituto do TJTO; inicial \u00e9 de R$ 32,3 mil! O Tribunal&hellip;\n","protected":false},"author":12,"featured_media":177745,"comment_status":"open","ping_status":"open","sticky":false,"template":"","format":"standard","meta":{"_acf_changed":false,"_jetpack_newsletter_access":"","_jetpack_dont_email_post_to_subs":false,"_jetpack_newsletter_tier_id":0,"_jetpack_memberships_contains_paywalled_content":false,"_jetpack_feature_clip_id":0,"_jetpack_memberships_contains_paid_content":false,"footnotes":"","jetpack_post_was_ever_published":false},"categories":[26],"tags":[],"tax_estado":[57],"class_list":["post-28240","post","type-post","status-publish","format-standard","has-post-thumbnail","category-magistratura","tax_estado-to"],"acf":[],"yoast_head":"<!-- This site is optimized with the Yoast SEO Premium plugin v28.3 (Yoast SEO v28.3) - https:\/\/yoast.com\/product\/yoast-seo-premium-wordpress\/ -->\n<title>Concurso Magistratura TO: resultado homologado; veja!<\/title>\n<meta name=\"description\" content=\"Descubra tudo sobre o Concurso Magistratura TO e confira os resultados finais e documentos importantes para candidatos\" \/>\n<meta name=\"robots\" content=\"index, follow, max-snippet:-1, max-image-preview:large, max-video-preview:-1\" \/>\n<link rel=\"canonical\" href=\"https:\/\/cj.estrategia.com\/portal\/concurso-magistratura-to\/\" \/>\n<meta property=\"og:locale\" content=\"pt_BR\" \/>\n<meta property=\"og:type\" content=\"article\" \/>\n<meta property=\"og:title\" content=\"Concurso Magistratura TO: resultado homologado; veja!\" \/>\n<meta property=\"og:description\" content=\"Descubra tudo sobre o Concurso Magistratura TO e confira os resultados finais e documentos importantes para candidatos\" \/>\n<meta property=\"og:url\" content=\"https:\/\/cj.estrategia.com\/portal\/concurso-magistratura-to\/\" \/>\n<meta property=\"og:site_name\" content=\"Blog - Carreiras Jur\u00eddicas - Estrat\u00e9gia\" \/>\n<meta property=\"article:publisher\" content=\"https:\/\/www.facebook.com\/estrategiacarreirajuridica\/\" \/>\n<meta property=\"article:published_time\" content=\"2026-08-21T19:49:00+00:00\" \/>\n<meta property=\"article:modified_time\" content=\"2026-08-21T19:50:08+00:00\" \/>\n<meta property=\"og:image\" content=\"https:\/\/cdn-blog-cj.estrategia.com\/portal\/wp-content\/uploads\/2026\/02\/04110838\/juiz.jpg\" \/>\n\t<meta property=\"og:image:width\" content=\"2459\" \/>\n\t<meta property=\"og:image:height\" content=\"1383\" \/>\n\t<meta property=\"og:image:type\" content=\"image\/jpeg\" \/>\n<meta name=\"author\" content=\"Coordena\u00e7\u00e3o\" \/>\n<meta name=\"twitter:card\" content=\"summary_large_image\" \/>\n<meta name=\"twitter:creator\" content=\"@EstratJuridica\" \/>\n<meta name=\"twitter:site\" content=\"@EstratJuridica\" \/>\n<meta name=\"twitter:label1\" content=\"Escrito por\" \/>\n\t<meta name=\"twitter:data1\" content=\"Coordena\u00e7\u00e3o\" \/>\n\t<meta name=\"twitter:label2\" content=\"Est. tempo de leitura\" \/>\n\t<meta name=\"twitter:data2\" content=\"10 minutos\" \/>\n<script type=\"application\/ld+json\" class=\"yoast-schema-graph\">{\"@context\":\"https:\\\/\\\/schema.org\",\"@graph\":[{\"@type\":\"NewsArticle\",\"@id\":\"https:\\\/\\\/cj.estrategia.com\\\/portal\\\/concurso-magistratura-to\\\/#article\",\"isPartOf\":{\"@id\":\"https:\\\/\\\/cj.estrategia.com\\\/portal\\\/concurso-magistratura-to\\\/\"},\"author\":{\"name\":\"Coordena\u00e7\u00e3o\",\"@id\":\"https:\\\/\\\/cj.estrategia.com\\\/portal\\\/#\\\/schema\\\/person\\\/4d70317d31449932b99102916b6637f5\"},\"headline\":\"Concurso Magistratura TO: resultado homologado; veja!\",\"datePublished\":\"2026-08-21T19:49:00+00:00\",\"dateModified\":\"2026-08-21T19:50:08+00:00\",\"mainEntityOfPage\":{\"@id\":\"https:\\\/\\\/cj.estrategia.com\\\/portal\\\/concurso-magistratura-to\\\/\"},\"wordCount\":1930,\"commentCount\":0,\"publisher\":{\"@id\":\"https:\\\/\\\/cj.estrategia.com\\\/portal\\\/#organization\"},\"image\":{\"@id\":\"https:\\\/\\\/cj.estrategia.com\\\/portal\\\/concurso-magistratura-to\\\/#primaryimage\"},\"thumbnailUrl\":\"https:\\\/\\\/cdn-blog-cj.estrategia.com\\\/portal\\\/wp-content\\\/uploads\\\/2026\\\/02\\\/04110838\\\/juiz.jpg\",\"articleSection\":[\"Magistratura\"],\"inLanguage\":\"pt-BR\",\"potentialAction\":[{\"@type\":\"CommentAction\",\"name\":\"Comment\",\"target\":[\"https:\\\/\\\/cj.estrategia.com\\\/portal\\\/concurso-magistratura-to\\\/#respond\"]}],\"accessibilityFeature\":[\"tableOfContents\"]},{\"@type\":\"WebPage\",\"@id\":\"https:\\\/\\\/cj.estrategia.com\\\/portal\\\/concurso-magistratura-to\\\/\",\"url\":\"https:\\\/\\\/cj.estrategia.com\\\/portal\\\/concurso-magistratura-to\\\/\",\"name\":\"Concurso Magistratura TO: resultado homologado; veja!\",\"isPartOf\":{\"@id\":\"https:\\\/\\\/cj.estrategia.com\\\/portal\\\/#website\"},\"primaryImageOfPage\":{\"@id\":\"https:\\\/\\\/cj.estrategia.com\\\/portal\\\/concurso-magistratura-to\\\/#primaryimage\"},\"image\":{\"@id\":\"https:\\\/\\\/cj.estrategia.com\\\/portal\\\/concurso-magistratura-to\\\/#primaryimage\"},\"thumbnailUrl\":\"https:\\\/\\\/cdn-blog-cj.estrategia.com\\\/portal\\\/wp-content\\\/uploads\\\/2026\\\/02\\\/04110838\\\/juiz.jpg\",\"datePublished\":\"2026-08-21T19:49:00+00:00\",\"dateModified\":\"2026-08-21T19:50:08+00:00\",\"description\":\"Descubra tudo sobre o Concurso Magistratura TO e confira os resultados finais e documentos importantes para candidatos\",\"breadcrumb\":{\"@id\":\"https:\\\/\\\/cj.estrategia.com\\\/portal\\\/concurso-magistratura-to\\\/#breadcrumb\"},\"inLanguage\":\"pt-BR\",\"potentialAction\":[{\"@type\":\"ReadAction\",\"target\":[\"https:\\\/\\\/cj.estrategia.com\\\/portal\\\/concurso-magistratura-to\\\/\"]}]},{\"@type\":\"ImageObject\",\"inLanguage\":\"pt-BR\",\"@id\":\"https:\\\/\\\/cj.estrategia.com\\\/portal\\\/concurso-magistratura-to\\\/#primaryimage\",\"url\":\"https:\\\/\\\/cdn-blog-cj.estrategia.com\\\/portal\\\/wp-content\\\/uploads\\\/2026\\\/02\\\/04110838\\\/juiz.jpg\",\"contentUrl\":\"https:\\\/\\\/cdn-blog-cj.estrategia.com\\\/portal\\\/wp-content\\\/uploads\\\/2026\\\/02\\\/04110838\\\/juiz.jpg\",\"width\":2459,\"height\":1383,\"caption\":\"concurso juiz magistratura\"},{\"@type\":\"BreadcrumbList\",\"@id\":\"https:\\\/\\\/cj.estrategia.com\\\/portal\\\/concurso-magistratura-to\\\/#breadcrumb\",\"itemListElement\":[{\"@type\":\"ListItem\",\"position\":1,\"name\":\"In\u00edcio\",\"item\":\"https:\\\/\\\/cj.estrategia.com\\\/portal\\\/\"},{\"@type\":\"ListItem\",\"position\":2,\"name\":\"Concurso Magistratura TO: resultado homologado; veja!\"}]},{\"@type\":\"WebSite\",\"@id\":\"https:\\\/\\\/cj.estrategia.com\\\/portal\\\/#website\",\"url\":\"https:\\\/\\\/cj.estrategia.com\\\/portal\\\/\",\"name\":\"Blog - Carreiras Jur\u00eddicas - Estrat\u00e9gia\",\"description\":\"\",\"publisher\":{\"@id\":\"https:\\\/\\\/cj.estrategia.com\\\/portal\\\/#organization\"},\"potentialAction\":[{\"@type\":\"SearchAction\",\"target\":{\"@type\":\"EntryPoint\",\"urlTemplate\":\"https:\\\/\\\/cj.estrategia.com\\\/portal\\\/?s={search_term_string}\"},\"query-input\":{\"@type\":\"PropertyValueSpecification\",\"valueRequired\":true,\"valueName\":\"search_term_string\"}}],\"inLanguage\":\"pt-BR\"},{\"@type\":\"Organization\",\"@id\":\"https:\\\/\\\/cj.estrategia.com\\\/portal\\\/#organization\",\"name\":\"Estrat\u00e9gia - Carreiras Jur\u00eddicas\",\"url\":\"https:\\\/\\\/cj.estrategia.com\\\/portal\\\/\",\"logo\":{\"@type\":\"ImageObject\",\"inLanguage\":\"pt-BR\",\"@id\":\"https:\\\/\\\/cj.estrategia.com\\\/portal\\\/#\\\/schema\\\/logo\\\/image\\\/\",\"url\":\"https:\\\/\\\/cj.estrategia.com\\\/portal\\\/wp-content\\\/uploads\\\/2022\\\/03\\\/11151052\\\/cj-logo.png\",\"contentUrl\":\"https:\\\/\\\/cj.estrategia.com\\\/portal\\\/wp-content\\\/uploads\\\/2022\\\/03\\\/11151052\\\/cj-logo.png\",\"width\":150,\"height\":39,\"caption\":\"Estrat\u00e9gia - Carreiras Jur\u00eddicas\"},\"image\":{\"@id\":\"https:\\\/\\\/cj.estrategia.com\\\/portal\\\/#\\\/schema\\\/logo\\\/image\\\/\"},\"sameAs\":[\"https:\\\/\\\/www.facebook.com\\\/estrategiacarreirajuridica\\\/\",\"https:\\\/\\\/x.com\\\/EstratJuridica\",\"https:\\\/\\\/www.instagram.com\\\/estrategiacarreirajuridica\\\/\",\"https:\\\/\\\/www.youtube.com\\\/channel\\\/UClbMGuYbj2Mh1m3w144ETWQ\"]},{\"@type\":\"Person\",\"@id\":\"https:\\\/\\\/cj.estrategia.com\\\/portal\\\/#\\\/schema\\\/person\\\/4d70317d31449932b99102916b6637f5\",\"name\":\"Coordena\u00e7\u00e3o\",\"image\":{\"@type\":\"ImageObject\",\"inLanguage\":\"pt-BR\",\"@id\":\"https:\\\/\\\/cdn-blog-cj.estrategia.com\\\/portal\\\/wp-content\\\/uploads\\\/2022\\\/05\\\/12164923\\\/estrategia-carreira-juridica-coordenacao-96x96.png\",\"url\":\"https:\\\/\\\/cdn-blog-cj.estrategia.com\\\/portal\\\/wp-content\\\/uploads\\\/2022\\\/05\\\/12164923\\\/estrategia-carreira-juridica-coordenacao-96x96.png\",\"contentUrl\":\"https:\\\/\\\/cdn-blog-cj.estrategia.com\\\/portal\\\/wp-content\\\/uploads\\\/2022\\\/05\\\/12164923\\\/estrategia-carreira-juridica-coordenacao-96x96.png\",\"caption\":\"Coordena\u00e7\u00e3o\"},\"url\":\"https:\\\/\\\/cj.estrategia.com\\\/portal\\\/author\\\/coordenacao\\\/\"}]}<\/script>\n<!-- \/ Yoast SEO Premium plugin. -->","yoast_head_json":{"title":"Concurso Magistratura TO: resultado homologado; veja!","description":"Descubra tudo sobre o Concurso Magistratura TO e confira os resultados finais e documentos importantes para candidatos","robots":{"index":"index","follow":"follow","max-snippet":"max-snippet:-1","max-image-preview":"max-image-preview:large","max-video-preview":"max-video-preview:-1"},"canonical":"https:\/\/cj.estrategia.com\/portal\/concurso-magistratura-to\/","og_locale":"pt_BR","og_type":"article","og_title":"Concurso Magistratura TO: resultado homologado; veja!","og_description":"Descubra tudo sobre o Concurso Magistratura TO e confira os resultados finais e documentos importantes para candidatos","og_url":"https:\/\/cj.estrategia.com\/portal\/concurso-magistratura-to\/","og_site_name":"Blog - Carreiras Jur\u00eddicas - Estrat\u00e9gia","article_publisher":"https:\/\/www.facebook.com\/estrategiacarreirajuridica\/","article_published_time":"2026-08-21T19:49:00+00:00","article_modified_time":"2026-08-21T19:50:08+00:00","og_image":[{"width":2459,"height":1383,"url":"https:\/\/cdn-blog-cj.estrategia.com\/portal\/wp-content\/uploads\/2026\/02\/04110838\/juiz.jpg","type":"image\/jpeg"}],"author":"Coordena\u00e7\u00e3o","twitter_card":"summary_large_image","twitter_creator":"@EstratJuridica","twitter_site":"@EstratJuridica","twitter_misc":{"Escrito por":"Coordena\u00e7\u00e3o","Est. tempo de leitura":"10 minutos"},"schema":{"@context":"https:\/\/schema.org","@graph":[{"@type":"NewsArticle","@id":"https:\/\/cj.estrategia.com\/portal\/concurso-magistratura-to\/#article","isPartOf":{"@id":"https:\/\/cj.estrategia.com\/portal\/concurso-magistratura-to\/"},"author":{"name":"Coordena\u00e7\u00e3o","@id":"https:\/\/cj.estrategia.com\/portal\/#\/schema\/person\/4d70317d31449932b99102916b6637f5"},"headline":"Concurso Magistratura TO: resultado homologado; veja!","datePublished":"2026-08-21T19:49:00+00:00","dateModified":"2026-08-21T19:50:08+00:00","mainEntityOfPage":{"@id":"https:\/\/cj.estrategia.com\/portal\/concurso-magistratura-to\/"},"wordCount":1930,"commentCount":0,"publisher":{"@id":"https:\/\/cj.estrategia.com\/portal\/#organization"},"image":{"@id":"https:\/\/cj.estrategia.com\/portal\/concurso-magistratura-to\/#primaryimage"},"thumbnailUrl":"https:\/\/cdn-blog-cj.estrategia.com\/portal\/wp-content\/uploads\/2026\/02\/04110838\/juiz.jpg","articleSection":["Magistratura"],"inLanguage":"pt-BR","potentialAction":[{"@type":"CommentAction","name":"Comment","target":["https:\/\/cj.estrategia.com\/portal\/concurso-magistratura-to\/#respond"]}],"accessibilityFeature":["tableOfContents"]},{"@type":"WebPage","@id":"https:\/\/cj.estrategia.com\/portal\/concurso-magistratura-to\/","url":"https:\/\/cj.estrategia.com\/portal\/concurso-magistratura-to\/","name":"Concurso Magistratura TO: resultado homologado; veja!","isPartOf":{"@id":"https:\/\/cj.estrategia.com\/portal\/#website"},"primaryImageOfPage":{"@id":"https:\/\/cj.estrategia.com\/portal\/concurso-magistratura-to\/#primaryimage"},"image":{"@id":"https:\/\/cj.estrategia.com\/portal\/concurso-magistratura-to\/#primaryimage"},"thumbnailUrl":"https:\/\/cdn-blog-cj.estrategia.com\/portal\/wp-content\/uploads\/2026\/02\/04110838\/juiz.jpg","datePublished":"2026-08-21T19:49:00+00:00","dateModified":"2026-08-21T19:50:08+00:00","description":"Descubra tudo sobre o Concurso Magistratura TO e confira os resultados finais e documentos importantes para candidatos","breadcrumb":{"@id":"https:\/\/cj.estrategia.com\/portal\/concurso-magistratura-to\/#breadcrumb"},"inLanguage":"pt-BR","potentialAction":[{"@type":"ReadAction","target":["https:\/\/cj.estrategia.com\/portal\/concurso-magistratura-to\/"]}]},{"@type":"ImageObject","inLanguage":"pt-BR","@id":"https:\/\/cj.estrategia.com\/portal\/concurso-magistratura-to\/#primaryimage","url":"https:\/\/cdn-blog-cj.estrategia.com\/portal\/wp-content\/uploads\/2026\/02\/04110838\/juiz.jpg","contentUrl":"https:\/\/cdn-blog-cj.estrategia.com\/portal\/wp-content\/uploads\/2026\/02\/04110838\/juiz.jpg","width":2459,"height":1383,"caption":"concurso juiz magistratura"},{"@type":"BreadcrumbList","@id":"https:\/\/cj.estrategia.com\/portal\/concurso-magistratura-to\/#breadcrumb","itemListElement":[{"@type":"ListItem","position":1,"name":"In\u00edcio","item":"https:\/\/cj.estrategia.com\/portal\/"},{"@type":"ListItem","position":2,"name":"Concurso Magistratura TO: resultado homologado; veja!"}]},{"@type":"WebSite","@id":"https:\/\/cj.estrategia.com\/portal\/#website","url":"https:\/\/cj.estrategia.com\/portal\/","name":"Blog - Carreiras Jur\u00eddicas - Estrat\u00e9gia","description":"","publisher":{"@id":"https:\/\/cj.estrategia.com\/portal\/#organization"},"potentialAction":[{"@type":"SearchAction","target":{"@type":"EntryPoint","urlTemplate":"https:\/\/cj.estrategia.com\/portal\/?s={search_term_string}"},"query-input":{"@type":"PropertyValueSpecification","valueRequired":true,"valueName":"search_term_string"}}],"inLanguage":"pt-BR"},{"@type":"Organization","@id":"https:\/\/cj.estrategia.com\/portal\/#organization","name":"Estrat\u00e9gia - Carreiras Jur\u00eddicas","url":"https:\/\/cj.estrategia.com\/portal\/","logo":{"@type":"ImageObject","inLanguage":"pt-BR","@id":"https:\/\/cj.estrategia.com\/portal\/#\/schema\/logo\/image\/","url":"https:\/\/cj.estrategia.com\/portal\/wp-content\/uploads\/2022\/03\/11151052\/cj-logo.png","contentUrl":"https:\/\/cj.estrategia.com\/portal\/wp-content\/uploads\/2022\/03\/11151052\/cj-logo.png","width":150,"height":39,"caption":"Estrat\u00e9gia - Carreiras Jur\u00eddicas"},"image":{"@id":"https:\/\/cj.estrategia.com\/portal\/#\/schema\/logo\/image\/"},"sameAs":["https:\/\/www.facebook.com\/estrategiacarreirajuridica\/","https:\/\/x.com\/EstratJuridica","https:\/\/www.instagram.com\/estrategiacarreirajuridica\/","https:\/\/www.youtube.com\/channel\/UClbMGuYbj2Mh1m3w144ETWQ"]},{"@type":"Person","@id":"https:\/\/cj.estrategia.com\/portal\/#\/schema\/person\/4d70317d31449932b99102916b6637f5","name":"Coordena\u00e7\u00e3o","image":{"@type":"ImageObject","inLanguage":"pt-BR","@id":"https:\/\/cdn-blog-cj.estrategia.com\/portal\/wp-content\/uploads\/2022\/05\/12164923\/estrategia-carreira-juridica-coordenacao-96x96.png","url":"https:\/\/cdn-blog-cj.estrategia.com\/portal\/wp-content\/uploads\/2022\/05\/12164923\/estrategia-carreira-juridica-coordenacao-96x96.png","contentUrl":"https:\/\/cdn-blog-cj.estrategia.com\/portal\/wp-content\/uploads\/2022\/05\/12164923\/estrategia-carreira-juridica-coordenacao-96x96.png","caption":"Coordena\u00e7\u00e3o"},"url":"https:\/\/cj.estrategia.com\/portal\/author\/coordenacao\/"}]}},"jetpack_sharing_enabled":true,"jetpack_featured_media_url":"https:\/\/cdn-blog-cj.estrategia.com\/portal\/wp-content\/uploads\/2026\/02\/04110838\/juiz.jpg","_links":{"self":[{"href":"https:\/\/cj.estrategia.com\/portal\/wp-json\/wp\/v2\/posts\/28240","targetHints":{"allow":["GET"]}}],"collection":[{"href":"https:\/\/cj.estrategia.com\/portal\/wp-json\/wp\/v2\/posts"}],"about":[{"href":"https:\/\/cj.estrategia.com\/portal\/wp-json\/wp\/v2\/types\/post"}],"author":[{"embeddable":true,"href":"https:\/\/cj.estrategia.com\/portal\/wp-json\/wp\/v2\/users\/12"}],"replies":[{"embeddable":true,"href":"https:\/\/cj.estrategia.com\/portal\/wp-json\/wp\/v2\/comments?post=28240"}],"version-history":[{"count":11,"href":"https:\/\/cj.estrategia.com\/portal\/wp-json\/wp\/v2\/posts\/28240\/revisions"}],"predecessor-version":[{"id":195399,"href":"https:\/\/cj.estrategia.com\/portal\/wp-json\/wp\/v2\/posts\/28240\/revisions\/195399"}],"wp:featuredmedia":[{"embeddable":true,"href":"https:\/\/cj.estrategia.com\/portal\/wp-json\/wp\/v2\/media\/177745"}],"wp:attachment":[{"href":"https:\/\/cj.estrategia.com\/portal\/wp-json\/wp\/v2\/media?parent=28240"}],"wp:term":[{"taxonomy":"category","embeddable":true,"href":"https:\/\/cj.estrategia.com\/portal\/wp-json\/wp\/v2\/categories?post=28240"},{"taxonomy":"post_tag","embeddable":true,"href":"https:\/\/cj.estrategia.com\/portal\/wp-json\/wp\/v2\/tags?post=28240"},{"taxonomy":"tax_estado","embeddable":true,"href":"https:\/\/cj.estrategia.com\/portal\/wp-json\/wp\/v2\/tax_estado?post=28240"}],"curies":[{"name":"wp","href":"https:\/\/api.w.org\/{rel}","templated":true}]}}