{"id":27838,"date":"2023-01-24T14:25:38","date_gmt":"2023-01-24T17:25:38","guid":{"rendered":"https:\/\/cj.estrategia.com\/portal\/?p=27838"},"modified":"2023-01-24T14:25:39","modified_gmt":"2023-01-24T17:25:39","slug":"concurso-juiz-do-trabalho-inscricoes","status":"publish","type":"post","link":"https:\/\/cj.estrategia.com\/portal\/concurso-juiz-do-trabalho-inscricoes\/","title":{"rendered":"Magistratura do Trabalho: saiba como se inscrever"},"content":{"rendered":"\n<p>Concurseiro, se voc\u00ea quer prestar o concurso Magistratura do Trabalho ainda d\u00e1 tempo de realizar a inscri\u00e7\u00e3o.<\/p>\n\n\n\n<p>De acordo com o edital, as inscri\u00e7\u00f5es podem ser realizadas at\u00e9 15 de fevereiro de 2023, por meio do site da banca organizadora, a Funda\u00e7\u00e3o Get\u00falio Vargas (FGV).<\/p>\n\n\n\n<p>Para efetuar sua inscri\u00e7\u00e3o, o(a) interessado(a) dever\u00e1 acessar, via Internet, o s\u00edtio eletr\u00f4nico https:\/\/conhecimento.fgv.br\/concursos\/csjt23, observando o seguinte:<\/p>\n\n\n\n<p class=\"has-light-green-cyan-background-color has-background\"><strong>A) preencher o requerimento de inscri\u00e7\u00e3o que ser\u00e1 exibido e, em seguida, envi\u00e1-lo de<br>acordo com as respectivas instru\u00e7\u00f5es;<br>B) o envio do requerimento de inscri\u00e7\u00e3o gerar\u00e1 automaticamente a Guia de Recolhimento da Uni\u00e3o \u2013 GRU banc\u00e1rio, relativa \u00e0 taxa de inscri\u00e7\u00e3o, que dever\u00e1 ser impressa e paga em esp\u00e9cie em qualquer ag\u00eancia banc\u00e1ria, ou por meio eletr\u00f4nico, sendo de inteira responsabilidade do(a) candidato(a) a impress\u00e3o e guarda do comprovante de inscri\u00e7\u00e3o;<br>C) ap\u00f3s \u00e0s 16h do dia 15 de fevereiro de 2023, n\u00e3o ser\u00e1 mais poss\u00edvel acessar o formul\u00e1rio de requerimento de inscri\u00e7\u00e3o;<br>e) o pagamento do valor da taxa de inscri\u00e7\u00e3o poder\u00e1 ser efetuado at\u00e9 o primeiro dia \u00fatil subsequente \u00e0 data da publica\u00e7\u00e3o do edital com resultado definitivo da an\u00e1lise dos pedidos de isen\u00e7\u00e3o da taxa de inscri\u00e7\u00e3o, ou seja, at\u00e9 a data de 3 de mar\u00e7o de 2023; e<br>D) declarar estar ciente de que, at\u00e9 a data final da inscri\u00e7\u00e3o definitiva, dever\u00e1 preencher<br>os requisitos para ingresso na carreira.<\/strong><\/p>\n\n\n\n<h3 id=\"taxa-de-inscricao\" class=\"wp-block-heading\">Taxa de Inscri\u00e7\u00e3o<\/h3>\n\n\n\n<p>O candidato somente poder\u00e1 efetuar o pagamento da <strong>taxa de inscri\u00e7\u00e3o no valor de R$320,00 <\/strong>(trezentos e vinte reais) por meio da Guia de Recolhimento da Uni\u00e3o \u2013 GRU emitida pela Funda\u00e7\u00e3o Getulio Vargas, gerada ao t\u00e9rmino do processo de inscri\u00e7\u00e3o.<\/p>\n\n\n\n<h3 id=\"isencao-da-taxa-de-inscricao\" class=\"wp-block-heading\">Isen\u00e7\u00e3o da taxa de inscri\u00e7\u00e3o<\/h3>\n\n\n\n<p>A isen\u00e7\u00e3o poder\u00e1 ser solicitada no per\u00edodo entre \u00e0s 16h do dia 9 de janeiro de 2023 at\u00e9 \u00e0s 16h do dia 27 de janeiro de 2023, hor\u00e1rio oficial de Bras\u00edlia\/DF, por meio de inscri\u00e7\u00e3o no s\u00edtio eletr\u00f4nico https:\/\/conhecimento.fgv.br\/concursos\/csjt23, devendo o(a) candidato(a), obrigatoriamente, indicar o N\u00famero de Identifica\u00e7\u00e3o Social \u2013 NIS, atribu\u00eddo pelo Cadastro \u00danico para Programas do Governo Federal, e fazer o upload (imagem do original) dos seguintes documentos comprobat\u00f3rios de sua condi\u00e7\u00e3o de hipossufici\u00eancia econ\u00f4mica:<\/p>\n\n\n\n<p>a) inscri\u00e7\u00e3o no Cadastro \u00danico para Programas Sociais do Governo Federal;<br>b) declara\u00e7\u00e3o de ser membro de fam\u00edlia cuja renda familiar mensal per capita seja inferior ou igual a meio sal\u00e1rio-m\u00ednimo, nos termos da regulamenta\u00e7\u00e3o do Governo Federal para o Cadastro \u00danico para Programas Sociais do Governo Federal (conforme Anexo IV), leg\u00edvel e assinada; e<br>c) de posse desses documentos, o(a) candidato(a) dever\u00e1 imprimir, preencher, assinar e fazer o upload do Requerimento de Solicita\u00e7\u00e3o de Isen\u00e7\u00e3o de Taxa de Inscri\u00e7\u00e3o. <\/p>\n\n\n\n<h3 id=\"sobre-o-concurso\" class=\"wp-block-heading\">Sobre o concurso<\/h3>\n\n\n\n<p>S\u00e3o ofertadas 300 vagas para o cargo de Juiz do Trabalho. A remunera\u00e7\u00e3o inicial \u00e9 de R$ 32.004,65. <\/p>\n\n\n\n<p>A prova objetiva do II Concurso P\u00fablico Nacional Unificado para ingresso na carreira da Magistratura do Trabalho est\u00e1 marcada para o dia 14 de maio de 2023.<\/p>\n\n\n\n<p>J\u00e1 as provas escritas (uma discursiva e pr\u00e1tica, que consiste na elabora\u00e7\u00e3o de uma senten\u00e7a trabalhista) est\u00e3o previstas para 15 e 16\/7\/2023.<\/p>\n\n\n\n<p class=\"has-text-align-center has-luminous-vivid-amber-background-color has-background has-medium-font-size\"><strong>Saiba mais: <a href=\"https:\/\/cj.estrategia.com\/portal\/concurso-magistratura-do-trabalho\/\" target=\"_blank\" >Magistratura do Trabalho<\/a><\/strong><\/p>\n\n\n\n<h2 class=\"has-text-align-center wp-block-heading\" id=\"h-quer-saber-tudo-sobre-concursos-previstos-confira-nossos-artigos\"><span id=\"quer-saber-tudo-sobre-concursos-previstosconfira-nossos-artigos\">Quer saber tudo sobre concursos previstos?<br>Confira nossos artigos!<\/span><\/h2>\n\n\n\n\n\n<h2 class=\"has-text-align-center wp-block-heading\" id=\"curso\"><span id=\"cursos-e-assinaturas\">CURSOS E ASSINATURAS<\/span><\/h2>\n\n\n\n<div class=\"wp-block-cover\" style=\"min-height:155px;aspect-ratio:unset;\"><img decoding=\"async\" width=\"1890\" height=\"351\" class=\"wp-block-cover__image-background wp-image-8669\" alt=\"Assinaturas Jur\u00eddicas\" src=\"https:\/\/cj.estrategia.com\/portal\/wp-content\/uploads\/2022\/06\/20151253\/concurso-carreiras-juridicas-assinatura-juridica.jpg\" style=\"object-position:78% 43%\" data-object-fit=\"cover\" data-object-position=\"78% 43%\" srcset=\"https:\/\/cj.estrategia.com\/portal\/wp-content\/uploads\/2022\/06\/20151253\/concurso-carreiras-juridicas-assinatura-juridica.jpg 1890w, https:\/\/cj.estrategia.com\/portal\/wp-content\/uploads\/2022\/06\/20151253\/concurso-carreiras-juridicas-assinatura-juridica-300x56.jpg 300w, https:\/\/cj.estrategia.com\/portal\/wp-content\/uploads\/2022\/06\/20151253\/concurso-carreiras-juridicas-assinatura-juridica-1024x190.jpg 1024w, https:\/\/cj.estrategia.com\/portal\/wp-content\/uploads\/2022\/06\/20151253\/concurso-carreiras-juridicas-assinatura-juridica-768x143.jpg 768w, https:\/\/cj.estrategia.com\/portal\/wp-content\/uploads\/2022\/06\/20151253\/concurso-carreiras-juridicas-assinatura-juridica-1536x285.jpg 1536w, https:\/\/cj.estrategia.com\/portal\/wp-content\/uploads\/2022\/06\/20151253\/concurso-carreiras-juridicas-assinatura-juridica-380x71.jpg 380w, https:\/\/cj.estrategia.com\/portal\/wp-content\/uploads\/2022\/06\/20151253\/concurso-carreiras-juridicas-assinatura-juridica-800x149.jpg 800w, https:\/\/cj.estrategia.com\/portal\/wp-content\/uploads\/2022\/06\/20151253\/concurso-carreiras-juridicas-assinatura-juridica-1160x215.jpg 1160w\" sizes=\"(max-width: 1890px) 100vw, 1890px\" \/><span aria-hidden=\"true\" class=\"wp-block-cover__background has-background-dim\"><\/span><div class=\"wp-block-cover__inner-container is-layout-flow wp-block-cover-is-layout-flow\">\n<h3 id=\"faca-a-sua-assinatura\" class=\"titulo-assinatura\"><span style=\"color: #ffffff;\">Fa\u00e7a a sua assinatura!<\/span><\/h3>\n<p class=\"subtitulo-assinatura\" style=\"display:block!important; line-height: 0;\"><span style=\"color: #ffffff;\">Escolha a sua \u00e1rea.<\/span><\/p>\n<a target=\"_blank\" href=\"https:\/\/www.estrategiaconcursos.com.br\/assinaturas-ecj\/\" rel=\"noopener\"><button style=\"border-radius: 10px; text-transform: capitalize;\">Acessar<\/button><\/a>\n<\/div><\/div>\n\n\n\n<div class=\"container\" id=\"boxes\">\n  <div class=\"row\">\n\n    <div class=\"col-sm\">\n      <div class=\"banner-estrategia-concursos-juridicos\" id=\"box-assinatura\">\n        <h3 id=\"curso-para-magistratura-do-trabalho\" class=\"titulo-assinatura\"><span style=\"font-size: 22px;\">Curso para Magistratura do Trabalho<\/span> <\/h3>\n        <p class=\"subtitulo-assinatura\">Cursos focados no edital do concurso<\/p>\n        <div class=\"box-botao\">\n          <a class=\"btn-assinatura-juridica\" target=\"_blank\" href=\"https:\/\/cj.estrategia.com\/catalogo-produtos\/produto\/pacote-regular-p-magistratura-do-trabalho-2022\/\" role=\"button\" rel=\"noopener noreferrer\">Conhe\u00e7a mais<\/a>\n        <\/div>\n      <\/div>\n      <p class=\"texto-auxiliar\">Prepare-se com o melhor material e com quem mais aprova em concursos em todo o pa\u00eds. \n<\/p>\n    <\/div>\n\n  <\/div>\n<\/div>\n","protected":false},"excerpt":{"rendered":"Concurseiro, se voc\u00ea quer prestar o concurso Magistratura do Trabalho ainda d\u00e1 tempo de realizar a inscri\u00e7\u00e3o. De&hellip;\n","protected":false},"author":12,"featured_media":20813,"comment_status":"open","ping_status":"open","sticky":false,"template":"","format":"standard","meta":{"_jetpack_memberships_contains_paid_content":false,"footnotes":""},"categories":[26],"tags":[],"tax_estado":[36],"class_list":{"0":"post-27838","1":"post","2":"type-post","3":"status-publish","4":"format-standard","5":"has-post-thumbnail","7":"category-magistratura","8":"tax_estado-concursos-federais"},"acf":[],"yoast_head":"<!-- This site is optimized with the Yoast SEO Premium plugin v27.5 (Yoast SEO v27.5) - https:\/\/yoast.com\/product\/yoast-seo-premium-wordpress\/ -->\n<title>Magistratura do Trabalho: saiba como se inscrever<\/title>\n<meta name=\"description\" content=\"Magistratura do Trabalho: saiba como se inscrever no concurso!\" \/>\n<meta name=\"robots\" content=\"index, follow, max-snippet:-1, max-image-preview:large, max-video-preview:-1\" \/>\n<link rel=\"canonical\" href=\"https:\/\/cj.estrategia.com\/portal\/concurso-juiz-do-trabalho-inscricoes\/\" \/>\n<meta property=\"og:locale\" content=\"pt_BR\" \/>\n<meta property=\"og:type\" content=\"article\" \/>\n<meta property=\"og:title\" content=\"Magistratura do Trabalho: saiba como se inscrever\" \/>\n<meta property=\"og:description\" content=\"Magistratura do Trabalho: saiba como se inscrever no concurso!\" \/>\n<meta property=\"og:url\" content=\"https:\/\/cj.estrategia.com\/portal\/concurso-juiz-do-trabalho-inscricoes\/\" \/>\n<meta property=\"og:site_name\" content=\"Blog - Carreiras Jur\u00eddicas - Estrat\u00e9gia\" \/>\n<meta property=\"article:publisher\" content=\"https:\/\/www.facebook.com\/estrategiacarreirajuridica\/\" \/>\n<meta property=\"article:published_time\" content=\"2023-01-24T17:25:38+00:00\" \/>\n<meta property=\"article:modified_time\" content=\"2023-01-24T17:25:39+00:00\" \/>\n<meta property=\"og:image\" content=\"https:\/\/cj.estrategia.com\/portal\/wp-content\/uploads\/2022\/08\/04104403\/Magistratura-do-Trabalho.jpg\" \/>\n\t<meta property=\"og:image:width\" content=\"768\" \/>\n\t<meta property=\"og:image:height\" content=\"432\" \/>\n\t<meta property=\"og:image:type\" content=\"image\/jpeg\" \/>\n<meta name=\"author\" content=\"Coordena\u00e7\u00e3o\" \/>\n<meta name=\"twitter:card\" content=\"summary_large_image\" \/>\n<meta name=\"twitter:creator\" content=\"@EstratJuridica\" \/>\n<meta name=\"twitter:site\" content=\"@EstratJuridica\" \/>\n<meta name=\"twitter:label1\" content=\"Escrito por\" \/>\n\t<meta name=\"twitter:data1\" content=\"Coordena\u00e7\u00e3o\" \/>\n\t<meta name=\"twitter:label2\" content=\"Est. tempo de leitura\" \/>\n\t<meta name=\"twitter:data2\" content=\"4 minutos\" \/>\n<script type=\"application\/ld+json\" class=\"yoast-schema-graph\">{\"@context\":\"https:\\\/\\\/schema.org\",\"@graph\":[{\"@type\":\"NewsArticle\",\"@id\":\"https:\\\/\\\/cj.estrategia.com\\\/portal\\\/concurso-juiz-do-trabalho-inscricoes\\\/#article\",\"isPartOf\":{\"@id\":\"https:\\\/\\\/cj.estrategia.com\\\/portal\\\/concurso-juiz-do-trabalho-inscricoes\\\/\"},\"author\":{\"name\":\"Coordena\u00e7\u00e3o\",\"@id\":\"https:\\\/\\\/cj.estrategia.com\\\/portal\\\/#\\\/schema\\\/person\\\/4d70317d31449932b99102916b6637f5\"},\"headline\":\"Magistratura do Trabalho: saiba como se inscrever\",\"datePublished\":\"2023-01-24T17:25:38+00:00\",\"dateModified\":\"2023-01-24T17:25:39+00:00\",\"mainEntityOfPage\":{\"@id\":\"https:\\\/\\\/cj.estrategia.com\\\/portal\\\/concurso-juiz-do-trabalho-inscricoes\\\/\"},\"wordCount\":621,\"commentCount\":0,\"publisher\":{\"@id\":\"https:\\\/\\\/cj.estrategia.com\\\/portal\\\/#organization\"},\"image\":{\"@id\":\"https:\\\/\\\/cj.estrategia.com\\\/portal\\\/concurso-juiz-do-trabalho-inscricoes\\\/#primaryimage\"},\"thumbnailUrl\":\"https:\\\/\\\/cj.estrategia.com\\\/portal\\\/wp-content\\\/uploads\\\/2022\\\/08\\\/04104403\\\/Magistratura-do-Trabalho.jpg\",\"articleSection\":[\"Magistratura\"],\"inLanguage\":\"pt-BR\",\"potentialAction\":[{\"@type\":\"CommentAction\",\"name\":\"Comment\",\"target\":[\"https:\\\/\\\/cj.estrategia.com\\\/portal\\\/concurso-juiz-do-trabalho-inscricoes\\\/#respond\"]}]},{\"@type\":\"WebPage\",\"@id\":\"https:\\\/\\\/cj.estrategia.com\\\/portal\\\/concurso-juiz-do-trabalho-inscricoes\\\/\",\"url\":\"https:\\\/\\\/cj.estrategia.com\\\/portal\\\/concurso-juiz-do-trabalho-inscricoes\\\/\",\"name\":\"Magistratura do Trabalho: saiba como se inscrever\",\"isPartOf\":{\"@id\":\"https:\\\/\\\/cj.estrategia.com\\\/portal\\\/#website\"},\"primaryImageOfPage\":{\"@id\":\"https:\\\/\\\/cj.estrategia.com\\\/portal\\\/concurso-juiz-do-trabalho-inscricoes\\\/#primaryimage\"},\"image\":{\"@id\":\"https:\\\/\\\/cj.estrategia.com\\\/portal\\\/concurso-juiz-do-trabalho-inscricoes\\\/#primaryimage\"},\"thumbnailUrl\":\"https:\\\/\\\/cj.estrategia.com\\\/portal\\\/wp-content\\\/uploads\\\/2022\\\/08\\\/04104403\\\/Magistratura-do-Trabalho.jpg\",\"datePublished\":\"2023-01-24T17:25:38+00:00\",\"dateModified\":\"2023-01-24T17:25:39+00:00\",\"description\":\"Magistratura do Trabalho: saiba como se inscrever no concurso!\",\"breadcrumb\":{\"@id\":\"https:\\\/\\\/cj.estrategia.com\\\/portal\\\/concurso-juiz-do-trabalho-inscricoes\\\/#breadcrumb\"},\"inLanguage\":\"pt-BR\",\"potentialAction\":[{\"@type\":\"ReadAction\",\"target\":[\"https:\\\/\\\/cj.estrategia.com\\\/portal\\\/concurso-juiz-do-trabalho-inscricoes\\\/\"]}]},{\"@type\":\"ImageObject\",\"inLanguage\":\"pt-BR\",\"@id\":\"https:\\\/\\\/cj.estrategia.com\\\/portal\\\/concurso-juiz-do-trabalho-inscricoes\\\/#primaryimage\",\"url\":\"https:\\\/\\\/cj.estrategia.com\\\/portal\\\/wp-content\\\/uploads\\\/2022\\\/08\\\/04104403\\\/Magistratura-do-Trabalho.jpg\",\"contentUrl\":\"https:\\\/\\\/cj.estrategia.com\\\/portal\\\/wp-content\\\/uploads\\\/2022\\\/08\\\/04104403\\\/Magistratura-do-Trabalho.jpg\",\"width\":768,\"height\":432,\"caption\":\"Prova comentada Magistratura do Trabalho\"},{\"@type\":\"BreadcrumbList\",\"@id\":\"https:\\\/\\\/cj.estrategia.com\\\/portal\\\/concurso-juiz-do-trabalho-inscricoes\\\/#breadcrumb\",\"itemListElement\":[{\"@type\":\"ListItem\",\"position\":1,\"name\":\"In\u00edcio\",\"item\":\"https:\\\/\\\/cj.estrategia.com\\\/portal\\\/\"},{\"@type\":\"ListItem\",\"position\":2,\"name\":\"Magistratura do Trabalho: saiba como se inscrever\"}]},{\"@type\":\"WebSite\",\"@id\":\"https:\\\/\\\/cj.estrategia.com\\\/portal\\\/#website\",\"url\":\"https:\\\/\\\/cj.estrategia.com\\\/portal\\\/\",\"name\":\"Blog - Carreiras Jur\u00eddicas - Estrat\u00e9gia\",\"description\":\"\",\"publisher\":{\"@id\":\"https:\\\/\\\/cj.estrategia.com\\\/portal\\\/#organization\"},\"potentialAction\":[{\"@type\":\"SearchAction\",\"target\":{\"@type\":\"EntryPoint\",\"urlTemplate\":\"https:\\\/\\\/cj.estrategia.com\\\/portal\\\/?s={search_term_string}\"},\"query-input\":{\"@type\":\"PropertyValueSpecification\",\"valueRequired\":true,\"valueName\":\"search_term_string\"}}],\"inLanguage\":\"pt-BR\"},{\"@type\":\"Organization\",\"@id\":\"https:\\\/\\\/cj.estrategia.com\\\/portal\\\/#organization\",\"name\":\"Estrat\u00e9gia - Carreiras Jur\u00eddicas\",\"url\":\"https:\\\/\\\/cj.estrategia.com\\\/portal\\\/\",\"logo\":{\"@type\":\"ImageObject\",\"inLanguage\":\"pt-BR\",\"@id\":\"https:\\\/\\\/cj.estrategia.com\\\/portal\\\/#\\\/schema\\\/logo\\\/image\\\/\",\"url\":\"https:\\\/\\\/cj.estrategia.com\\\/portal\\\/wp-content\\\/uploads\\\/2022\\\/03\\\/11151052\\\/cj-logo.png\",\"contentUrl\":\"https:\\\/\\\/cj.estrategia.com\\\/portal\\\/wp-content\\\/uploads\\\/2022\\\/03\\\/11151052\\\/cj-logo.png\",\"width\":150,\"height\":39,\"caption\":\"Estrat\u00e9gia - Carreiras Jur\u00eddicas\"},\"image\":{\"@id\":\"https:\\\/\\\/cj.estrategia.com\\\/portal\\\/#\\\/schema\\\/logo\\\/image\\\/\"},\"sameAs\":[\"https:\\\/\\\/www.facebook.com\\\/estrategiacarreirajuridica\\\/\",\"https:\\\/\\\/x.com\\\/EstratJuridica\",\"https:\\\/\\\/www.instagram.com\\\/estrategiacarreirajuridica\\\/\",\"https:\\\/\\\/www.youtube.com\\\/channel\\\/UClbMGuYbj2Mh1m3w144ETWQ\"]},{\"@type\":\"Person\",\"@id\":\"https:\\\/\\\/cj.estrategia.com\\\/portal\\\/#\\\/schema\\\/person\\\/4d70317d31449932b99102916b6637f5\",\"name\":\"Coordena\u00e7\u00e3o\",\"image\":{\"@type\":\"ImageObject\",\"inLanguage\":\"pt-BR\",\"@id\":\"https:\\\/\\\/cj.estrategia.com\\\/portal\\\/wp-content\\\/uploads\\\/2022\\\/05\\\/12164923\\\/estrategia-carreira-juridica-coordenacao-96x96.png\",\"url\":\"https:\\\/\\\/cj.estrategia.com\\\/portal\\\/wp-content\\\/uploads\\\/2022\\\/05\\\/12164923\\\/estrategia-carreira-juridica-coordenacao-96x96.png\",\"contentUrl\":\"https:\\\/\\\/cj.estrategia.com\\\/portal\\\/wp-content\\\/uploads\\\/2022\\\/05\\\/12164923\\\/estrategia-carreira-juridica-coordenacao-96x96.png\",\"caption\":\"Coordena\u00e7\u00e3o\"},\"url\":\"https:\\\/\\\/cj.estrategia.com\\\/portal\\\/author\\\/coordenacao\\\/\"}]}<\/script>\n<!-- \/ Yoast SEO Premium plugin. -->","yoast_head_json":{"title":"Magistratura do Trabalho: saiba como se inscrever","description":"Magistratura do Trabalho: saiba como se inscrever no concurso!","robots":{"index":"index","follow":"follow","max-snippet":"max-snippet:-1","max-image-preview":"max-image-preview:large","max-video-preview":"max-video-preview:-1"},"canonical":"https:\/\/cj.estrategia.com\/portal\/concurso-juiz-do-trabalho-inscricoes\/","og_locale":"pt_BR","og_type":"article","og_title":"Magistratura do Trabalho: saiba como se inscrever","og_description":"Magistratura do Trabalho: saiba como se inscrever no concurso!","og_url":"https:\/\/cj.estrategia.com\/portal\/concurso-juiz-do-trabalho-inscricoes\/","og_site_name":"Blog - Carreiras Jur\u00eddicas - Estrat\u00e9gia","article_publisher":"https:\/\/www.facebook.com\/estrategiacarreirajuridica\/","article_published_time":"2023-01-24T17:25:38+00:00","article_modified_time":"2023-01-24T17:25:39+00:00","og_image":[{"width":768,"height":432,"url":"https:\/\/cj.estrategia.com\/portal\/wp-content\/uploads\/2022\/08\/04104403\/Magistratura-do-Trabalho.jpg","type":"image\/jpeg"}],"author":"Coordena\u00e7\u00e3o","twitter_card":"summary_large_image","twitter_creator":"@EstratJuridica","twitter_site":"@EstratJuridica","twitter_misc":{"Escrito por":"Coordena\u00e7\u00e3o","Est. tempo de leitura":"4 minutos"},"schema":{"@context":"https:\/\/schema.org","@graph":[{"@type":"NewsArticle","@id":"https:\/\/cj.estrategia.com\/portal\/concurso-juiz-do-trabalho-inscricoes\/#article","isPartOf":{"@id":"https:\/\/cj.estrategia.com\/portal\/concurso-juiz-do-trabalho-inscricoes\/"},"author":{"name":"Coordena\u00e7\u00e3o","@id":"https:\/\/cj.estrategia.com\/portal\/#\/schema\/person\/4d70317d31449932b99102916b6637f5"},"headline":"Magistratura do Trabalho: saiba como se inscrever","datePublished":"2023-01-24T17:25:38+00:00","dateModified":"2023-01-24T17:25:39+00:00","mainEntityOfPage":{"@id":"https:\/\/cj.estrategia.com\/portal\/concurso-juiz-do-trabalho-inscricoes\/"},"wordCount":621,"commentCount":0,"publisher":{"@id":"https:\/\/cj.estrategia.com\/portal\/#organization"},"image":{"@id":"https:\/\/cj.estrategia.com\/portal\/concurso-juiz-do-trabalho-inscricoes\/#primaryimage"},"thumbnailUrl":"https:\/\/cj.estrategia.com\/portal\/wp-content\/uploads\/2022\/08\/04104403\/Magistratura-do-Trabalho.jpg","articleSection":["Magistratura"],"inLanguage":"pt-BR","potentialAction":[{"@type":"CommentAction","name":"Comment","target":["https:\/\/cj.estrategia.com\/portal\/concurso-juiz-do-trabalho-inscricoes\/#respond"]}]},{"@type":"WebPage","@id":"https:\/\/cj.estrategia.com\/portal\/concurso-juiz-do-trabalho-inscricoes\/","url":"https:\/\/cj.estrategia.com\/portal\/concurso-juiz-do-trabalho-inscricoes\/","name":"Magistratura do Trabalho: saiba como se inscrever","isPartOf":{"@id":"https:\/\/cj.estrategia.com\/portal\/#website"},"primaryImageOfPage":{"@id":"https:\/\/cj.estrategia.com\/portal\/concurso-juiz-do-trabalho-inscricoes\/#primaryimage"},"image":{"@id":"https:\/\/cj.estrategia.com\/portal\/concurso-juiz-do-trabalho-inscricoes\/#primaryimage"},"thumbnailUrl":"https:\/\/cj.estrategia.com\/portal\/wp-content\/uploads\/2022\/08\/04104403\/Magistratura-do-Trabalho.jpg","datePublished":"2023-01-24T17:25:38+00:00","dateModified":"2023-01-24T17:25:39+00:00","description":"Magistratura do Trabalho: saiba como se inscrever no concurso!","breadcrumb":{"@id":"https:\/\/cj.estrategia.com\/portal\/concurso-juiz-do-trabalho-inscricoes\/#breadcrumb"},"inLanguage":"pt-BR","potentialAction":[{"@type":"ReadAction","target":["https:\/\/cj.estrategia.com\/portal\/concurso-juiz-do-trabalho-inscricoes\/"]}]},{"@type":"ImageObject","inLanguage":"pt-BR","@id":"https:\/\/cj.estrategia.com\/portal\/concurso-juiz-do-trabalho-inscricoes\/#primaryimage","url":"https:\/\/cj.estrategia.com\/portal\/wp-content\/uploads\/2022\/08\/04104403\/Magistratura-do-Trabalho.jpg","contentUrl":"https:\/\/cj.estrategia.com\/portal\/wp-content\/uploads\/2022\/08\/04104403\/Magistratura-do-Trabalho.jpg","width":768,"height":432,"caption":"Prova comentada Magistratura do Trabalho"},{"@type":"BreadcrumbList","@id":"https:\/\/cj.estrategia.com\/portal\/concurso-juiz-do-trabalho-inscricoes\/#breadcrumb","itemListElement":[{"@type":"ListItem","position":1,"name":"In\u00edcio","item":"https:\/\/cj.estrategia.com\/portal\/"},{"@type":"ListItem","position":2,"name":"Magistratura do Trabalho: saiba como se inscrever"}]},{"@type":"WebSite","@id":"https:\/\/cj.estrategia.com\/portal\/#website","url":"https:\/\/cj.estrategia.com\/portal\/","name":"Blog - Carreiras Jur\u00eddicas - Estrat\u00e9gia","description":"","publisher":{"@id":"https:\/\/cj.estrategia.com\/portal\/#organization"},"potentialAction":[{"@type":"SearchAction","target":{"@type":"EntryPoint","urlTemplate":"https:\/\/cj.estrategia.com\/portal\/?s={search_term_string}"},"query-input":{"@type":"PropertyValueSpecification","valueRequired":true,"valueName":"search_term_string"}}],"inLanguage":"pt-BR"},{"@type":"Organization","@id":"https:\/\/cj.estrategia.com\/portal\/#organization","name":"Estrat\u00e9gia - Carreiras Jur\u00eddicas","url":"https:\/\/cj.estrategia.com\/portal\/","logo":{"@type":"ImageObject","inLanguage":"pt-BR","@id":"https:\/\/cj.estrategia.com\/portal\/#\/schema\/logo\/image\/","url":"https:\/\/cj.estrategia.com\/portal\/wp-content\/uploads\/2022\/03\/11151052\/cj-logo.png","contentUrl":"https:\/\/cj.estrategia.com\/portal\/wp-content\/uploads\/2022\/03\/11151052\/cj-logo.png","width":150,"height":39,"caption":"Estrat\u00e9gia - Carreiras Jur\u00eddicas"},"image":{"@id":"https:\/\/cj.estrategia.com\/portal\/#\/schema\/logo\/image\/"},"sameAs":["https:\/\/www.facebook.com\/estrategiacarreirajuridica\/","https:\/\/x.com\/EstratJuridica","https:\/\/www.instagram.com\/estrategiacarreirajuridica\/","https:\/\/www.youtube.com\/channel\/UClbMGuYbj2Mh1m3w144ETWQ"]},{"@type":"Person","@id":"https:\/\/cj.estrategia.com\/portal\/#\/schema\/person\/4d70317d31449932b99102916b6637f5","name":"Coordena\u00e7\u00e3o","image":{"@type":"ImageObject","inLanguage":"pt-BR","@id":"https:\/\/cj.estrategia.com\/portal\/wp-content\/uploads\/2022\/05\/12164923\/estrategia-carreira-juridica-coordenacao-96x96.png","url":"https:\/\/cj.estrategia.com\/portal\/wp-content\/uploads\/2022\/05\/12164923\/estrategia-carreira-juridica-coordenacao-96x96.png","contentUrl":"https:\/\/cj.estrategia.com\/portal\/wp-content\/uploads\/2022\/05\/12164923\/estrategia-carreira-juridica-coordenacao-96x96.png","caption":"Coordena\u00e7\u00e3o"},"url":"https:\/\/cj.estrategia.com\/portal\/author\/coordenacao\/"}]}},"jetpack_featured_media_url":"https:\/\/cj.estrategia.com\/portal\/wp-content\/uploads\/2022\/08\/04104403\/Magistratura-do-Trabalho.jpg","jetpack_sharing_enabled":true,"_links":{"self":[{"href":"https:\/\/cj.estrategia.com\/portal\/wp-json\/wp\/v2\/posts\/27838","targetHints":{"allow":["GET"]}}],"collection":[{"href":"https:\/\/cj.estrategia.com\/portal\/wp-json\/wp\/v2\/posts"}],"about":[{"href":"https:\/\/cj.estrategia.com\/portal\/wp-json\/wp\/v2\/types\/post"}],"author":[{"embeddable":true,"href":"https:\/\/cj.estrategia.com\/portal\/wp-json\/wp\/v2\/users\/12"}],"replies":[{"embeddable":true,"href":"https:\/\/cj.estrategia.com\/portal\/wp-json\/wp\/v2\/comments?post=27838"}],"version-history":[{"count":0,"href":"https:\/\/cj.estrategia.com\/portal\/wp-json\/wp\/v2\/posts\/27838\/revisions"}],"wp:featuredmedia":[{"embeddable":true,"href":"https:\/\/cj.estrategia.com\/portal\/wp-json\/wp\/v2\/media\/20813"}],"wp:attachment":[{"href":"https:\/\/cj.estrategia.com\/portal\/wp-json\/wp\/v2\/media?parent=27838"}],"wp:term":[{"taxonomy":"category","embeddable":true,"href":"https:\/\/cj.estrategia.com\/portal\/wp-json\/wp\/v2\/categories?post=27838"},{"taxonomy":"post_tag","embeddable":true,"href":"https:\/\/cj.estrategia.com\/portal\/wp-json\/wp\/v2\/tags?post=27838"},{"taxonomy":"tax_estado","embeddable":true,"href":"https:\/\/cj.estrategia.com\/portal\/wp-json\/wp\/v2\/tax_estado?post=27838"}],"curies":[{"name":"wp","href":"https:\/\/api.w.org\/{rel}","templated":true}]}}