{"id":27569,"date":"2023-01-19T16:15:17","date_gmt":"2023-01-19T19:15:17","guid":{"rendered":"https:\/\/cj.estrategia.com\/portal\/?p=27569"},"modified":"2023-01-19T16:15:19","modified_gmt":"2023-01-19T19:15:19","slug":"concurso-magistratura-sp-provas","status":"publish","type":"post","link":"https:\/\/cj.estrategia.com\/portal\/concurso-magistratura-sp-provas\/","title":{"rendered":"Concurso Magistratura SP: primeira prova em 02 de abril! VEJA!"},"content":{"rendered":"\n<p>Um dos concursos mais esperados do ano est\u00e1 com edital publicado. O <strong>Concurso Magistratura SP <\/strong>ofertar\u00e1 <strong>244 vagas <\/strong>para o cargo de <strong>Juiz Substituto<\/strong>.<\/p>\n\n\n\n<p>Se voc\u00ea est\u00e1 se preparando para esta sele\u00e7\u00e3o, \u00e9 preciso ficar atendo aos dias das provas e os detalhes de cada etapa. <\/p>\n\n\n\n<p>Pensando nisto, a equipe do <strong>Estrat\u00e9gia Carreiras Jur\u00eddicas<\/strong> elaborou este artigo com os principais detalhes do certame que oferta iniciais de <strong>R$ 28.883,97.<\/strong><\/p>\n\n\n\n<h2 class=\"wp-block-heading\" id=\"h-concurso-magistratura-sp-etapas\"><span id=\"concurso-magistratura-sp-etapas\">Concurso Magistratura SP: etapas<\/span><\/h2>\n\n\n\n<p>Os candidatos ser\u00e3o avaliados por meio de cinco (5) etapas, s\u00e3o elas:<\/p>\n\n\n\n<ul class=\"wp-block-list\">\n<li><strong>1\u00aa Etapa<\/strong>\n<ul class=\"wp-block-list\">\n<li>Prova Objetiva Seletiva<\/li>\n<\/ul>\n<\/li>\n<\/ul>\n\n\n\n<ul class=\"wp-block-list\">\n<li><strong>2\u00aa etapa<\/strong>\n<ul class=\"wp-block-list\">\n<li>Provas escritas\n<ul class=\"wp-block-list\">\n<li>Discursiva<\/li>\n\n\n\n<li>Pratica de Senten\u00e7a<\/li>\n<\/ul>\n<\/li>\n<\/ul>\n<\/li>\n<\/ul>\n\n\n\n<ul class=\"wp-block-list\">\n<li><strong>3\u00aa Etapa<\/strong>\n<ul class=\"wp-block-list\">\n<li>Inscri\u00e7\u00e3o Definitiva<\/li>\n\n\n\n<li>Sindic\u00e2ncia de vida pregressa e investiga\u00e7\u00e3o social<\/li>\n\n\n\n<li>Exame de sanidade f\u00edsica mental<\/li>\n\n\n\n<li>Avalia\u00e7\u00e3o Psicol\u00f3gica<\/li>\n<\/ul>\n<\/li>\n<\/ul>\n\n\n\n<ul class=\"wp-block-list\">\n<li><strong>4\u00aa Etapa<\/strong>\n<ul class=\"wp-block-list\">\n<li>Prova Oral<\/li>\n<\/ul>\n<\/li>\n<\/ul>\n\n\n\n<ul class=\"wp-block-list\">\n<li><strong>5\u00aa Etapa<\/strong>\n<ul class=\"wp-block-list\">\n<li>Avalia\u00e7\u00e3o de T\u00edtulos<\/li>\n<\/ul>\n<\/li>\n<\/ul>\n\n\n\n<p class=\"has-medium-font-size\"><strong>Confira abaixo os principais detalhes destas etapas<\/strong><\/p>\n\n\n\n<h3 id=\"prova-objetiva\" class=\"wp-block-heading\">Prova Objetiva <\/h3>\n\n\n\n<p>A prova objetiva seletiva ser\u00e1 aplicada na data prevista de 2.4.2023, com in\u00edcio \u00e0s 13 (treze) horas e dura\u00e7\u00e3o de 04 (quatro) horas.<\/p>\n\n\n\n<p>A prova objetiva seletiva, de car\u00e1ter eliminat\u00f3rio e classificat\u00f3rio, ser\u00e1 composta de 100 (cem) quest\u00f5es, valendo 0,1 cada resposta certa, distribu\u00eddas em tr\u00eas blocos de mat\u00e9rias a seguir especificados:<\/p>\n\n\n\n<ul class=\"wp-block-list\">\n<li> bloco I: Direito Civil, Direito Processual Civil, Direito do Consumidor e Direito da Crian\u00e7a e do Adolescente;<\/li>\n\n\n\n<li>bloco II: Direito Penal, Direito Processual Penal, Direito Constitucional e Direito Eleitoral;<\/li>\n\n\n\n<li>bloco III: Direito Empresarial, Direito Tribut\u00e1rio, Direito Ambiental, Direito Administrativo e No\u00e7\u00f5es Gerais de Direito e Forma\u00e7\u00e3o Human\u00edstica.<\/li>\n<\/ul>\n\n\n\n<h3 id=\"provas-escritas\" class=\"wp-block-heading\">Provas Escritas<\/h3>\n\n\n\n<p>A primeira prova escrita, com dura\u00e7\u00e3o de 4 (quatro) horas, ser\u00e1 discursiva e consistir\u00e1:<\/p>\n\n\n\n<p>I. De quest\u00f5es relativas a No\u00e7\u00f5es Gerais de Direito e Forma\u00e7\u00e3o Human\u00edstica, e<br>II. De quest\u00f5es sobre pontos do programa espec\u00edfico do Anexo I, referente \u00e0 rela\u00e7\u00e3o de disciplinas m\u00ednimas do concurso para provimento do cargo de Juiz de Direito Substituto da Justi\u00e7a Estadual, constantes da Resolu\u00e7\u00e3o CNJ n\u00ba 75\/2009.<\/p>\n\n\n\n<p>A segunda prova escrita consistir\u00e1 na prola\u00e7\u00e3o de duas senten\u00e7as, uma de natureza c\u00edvel e outra de natureza criminal, com dura\u00e7\u00e3o de 4 (quatro) horas cada, realizadas em dias distintos.<\/p>\n\n\n\n<p>A <strong>terceira etapa do concurso<\/strong>, de car\u00e1ter eliminat\u00f3rio, consistir\u00e1 nas seguintes fases:<\/p>\n\n\n\n<p>a) inscri\u00e7\u00e3o definitiva;<br>b) sindic\u00e2ncia da vida pregressa e investiga\u00e7\u00e3o social do(a) candidato(a);<br>c) exames de sanidade f\u00edsica e mental;<br>d) avalia\u00e7\u00e3o psicol\u00f3gica<\/p>\n\n\n\n<h3 id=\"prova-oral\" class=\"wp-block-heading\">Prova Oral <\/h3>\n\n\n\n<p>O(a) candidato(a) dispor\u00e1 de at\u00e9 15 (quinze) minutos para discorrer sobre o tema arguido por cada examinador. Durante a argui\u00e7\u00e3o, o(a) candidato(a) poder\u00e1 consultar c\u00f3digos ou legisla\u00e7\u00e3o esparsa, n\u00e3o comentados nem anotados, a crit\u00e9rio da Comiss\u00e3o de Concurso.<\/p>\n\n\n\n<h3 id=\"prova-de-titulos\" class=\"wp-block-heading\">Prova de T\u00edtulos<\/h3>\n\n\n<div class=\"wp-block-image\">\n<figure class=\"aligncenter size-full is-resized\"><img decoding=\"async\" src=\"https:\/\/cj.estrategia.com\/portal\/wp-content\/uploads\/2023\/01\/18064355\/image-21.png\" alt=\"prova de t\u00edtulos para o concurso magistratura sp\n\" class=\"wp-image-27413\" width=\"789\" height=\"123\" srcset=\"https:\/\/cj.estrategia.com\/portal\/wp-content\/uploads\/2023\/01\/18064355\/image-21.png 934w, https:\/\/cj.estrategia.com\/portal\/wp-content\/uploads\/2023\/01\/18064355\/image-21-300x47.png 300w, https:\/\/cj.estrategia.com\/portal\/wp-content\/uploads\/2023\/01\/18064355\/image-21-768x120.png 768w, https:\/\/cj.estrategia.com\/portal\/wp-content\/uploads\/2023\/01\/18064355\/image-21-380x59.png 380w, https:\/\/cj.estrategia.com\/portal\/wp-content\/uploads\/2023\/01\/18064355\/image-21-800x125.png 800w, https:\/\/cj.estrategia.com\/portal\/wp-content\/uploads\/2023\/01\/18064355\/image-21-150x23.png 150w\" sizes=\"(max-width: 789px) 100vw, 789px\" \/><figcaption class=\"wp-element-caption\"><br><img decoding=\"async\" width=\"620\" height=\"797\" src=\"https:\/\/cj.estrategia.com\/portal\/wp-content\/uploads\/2023\/01\/18064419\/image-22.png\" alt=\"informa\u00e7\u00f5es sobre a prova de t\u00edtulos do concurso magistratura sp\n\"><\/figcaption><\/figure>\n<\/div>\n\n<div class=\"wp-block-image\">\n<figure class=\"aligncenter size-full\"><img decoding=\"async\" width=\"827\" height=\"682\" src=\"https:\/\/cj.estrategia.com\/portal\/wp-content\/uploads\/2023\/01\/18064453\/image-23.png\" alt=\"informa\u00e7\u00f5es sobre as provas concurso juiz sp\" class=\"wp-image-27415\" srcset=\"https:\/\/cj.estrategia.com\/portal\/wp-content\/uploads\/2023\/01\/18064453\/image-23.png 827w, https:\/\/cj.estrategia.com\/portal\/wp-content\/uploads\/2023\/01\/18064453\/image-23-300x247.png 300w, https:\/\/cj.estrategia.com\/portal\/wp-content\/uploads\/2023\/01\/18064453\/image-23-768x633.png 768w, https:\/\/cj.estrategia.com\/portal\/wp-content\/uploads\/2023\/01\/18064453\/image-23-380x313.png 380w, https:\/\/cj.estrategia.com\/portal\/wp-content\/uploads\/2023\/01\/18064453\/image-23-800x660.png 800w, https:\/\/cj.estrategia.com\/portal\/wp-content\/uploads\/2023\/01\/18064453\/image-23-150x124.png 150w\" sizes=\"(max-width: 827px) 100vw, 827px\" \/><\/figure>\n<\/div>\n\n\n<p class=\"has-text-align-center has-black-color has-luminous-vivid-amber-background-color has-text-color has-background\"><a href=\"https:\/\/cj.estrategia.com\/portal\/concurso-magistratura-sp\/\" target=\"_blank\" rel=\"noreferrer noopener nofollow\">SAIBA MAIS: Concurso Magistratura SP<\/a><\/p>\n\n\n\n<h2 class=\"has-text-align-center wp-block-heading\" id=\"cursos\"><span id=\"quer-saber-tudo-sobre-concursos-previstosconfira-nossos-artigos\">Quer saber tudo sobre concursos previstos?<br><strong>Confira nossos artigos!<\/strong><\/span><\/h2>\n\n\n\n\n\n<h2 class=\"has-text-align-center wp-block-heading\" id=\"cursos\"><span id=\"cursos-para-o-concurso-magistratura-sp\">Cursos para o concurso Magistratura SP<\/span><\/h2>\n\n\n\n<div class=\"wp-block-cover\" style=\"min-height:155px;aspect-ratio:unset;\"><img decoding=\"async\" width=\"1890\" height=\"351\" class=\"wp-block-cover__image-background wp-image-8669\" alt=\"Assinaturas Jur\u00eddicas\" src=\"https:\/\/cj.estrategia.com\/portal\/wp-content\/uploads\/2022\/06\/20151253\/concurso-carreiras-juridicas-assinatura-juridica.jpg\" style=\"object-position:78% 43%\" data-object-fit=\"cover\" data-object-position=\"78% 43%\" srcset=\"https:\/\/cj.estrategia.com\/portal\/wp-content\/uploads\/2022\/06\/20151253\/concurso-carreiras-juridicas-assinatura-juridica.jpg 1890w, https:\/\/cj.estrategia.com\/portal\/wp-content\/uploads\/2022\/06\/20151253\/concurso-carreiras-juridicas-assinatura-juridica-300x56.jpg 300w, https:\/\/cj.estrategia.com\/portal\/wp-content\/uploads\/2022\/06\/20151253\/concurso-carreiras-juridicas-assinatura-juridica-1024x190.jpg 1024w, https:\/\/cj.estrategia.com\/portal\/wp-content\/uploads\/2022\/06\/20151253\/concurso-carreiras-juridicas-assinatura-juridica-768x143.jpg 768w, https:\/\/cj.estrategia.com\/portal\/wp-content\/uploads\/2022\/06\/20151253\/concurso-carreiras-juridicas-assinatura-juridica-1536x285.jpg 1536w, https:\/\/cj.estrategia.com\/portal\/wp-content\/uploads\/2022\/06\/20151253\/concurso-carreiras-juridicas-assinatura-juridica-380x71.jpg 380w, https:\/\/cj.estrategia.com\/portal\/wp-content\/uploads\/2022\/06\/20151253\/concurso-carreiras-juridicas-assinatura-juridica-800x149.jpg 800w, https:\/\/cj.estrategia.com\/portal\/wp-content\/uploads\/2022\/06\/20151253\/concurso-carreiras-juridicas-assinatura-juridica-1160x215.jpg 1160w\" sizes=\"(max-width: 1890px) 100vw, 1890px\" \/><span aria-hidden=\"true\" class=\"wp-block-cover__background has-background-dim\"><\/span><div class=\"wp-block-cover__inner-container is-layout-flow wp-block-cover-is-layout-flow\">\n<h3 id=\"faca-a-sua-assinatura\" class=\"titulo-assinatura\"><span style=\"color: #ffffff;\">Fa\u00e7a a sua assinatura!<\/span><\/h3>\n<p class=\"subtitulo-assinatura\" style=\"display:block!important; line-height: 0;\"><span style=\"color: #ffffff;\">Escolha a sua \u00e1rea.<\/span><\/p>\n<a target=\"_blank\" href=\"https:\/\/www.estrategiaconcursos.com.br\/assinaturas-ecj\/\" rel=\"noopener\"><button style=\"border-radius: 10px; text-transform: capitalize;\">Acessar<\/button><\/a>\n<\/div><\/div>\n","protected":false},"excerpt":{"rendered":"Um dos concursos mais esperados do ano est\u00e1 com edital publicado. O Concurso Magistratura SP ofertar\u00e1 244 vagas&hellip;\n","protected":false},"author":12,"featured_media":20817,"comment_status":"open","ping_status":"open","sticky":false,"template":"","format":"standard","meta":{"_jetpack_memberships_contains_paid_content":false,"footnotes":""},"categories":[26],"tags":[],"tax_estado":[56],"class_list":{"0":"post-27569","1":"post","2":"type-post","3":"status-publish","4":"format-standard","5":"has-post-thumbnail","7":"category-magistratura","8":"tax_estado-sp"},"acf":[],"yoast_head":"<!-- This site is optimized with the Yoast SEO Premium plugin v27.5 (Yoast SEO v27.5) - https:\/\/yoast.com\/product\/yoast-seo-premium-wordpress\/ -->\n<title>Concurso Magistratura SP: primeira prova em 02 de abril! VEJA!<\/title>\n<meta name=\"description\" content=\"Concurso Magistratura SP: veja AQUI os principais detalhes das provas que ser\u00e3o aplicadas a partir de abril!\" \/>\n<meta name=\"robots\" content=\"index, follow, max-snippet:-1, max-image-preview:large, max-video-preview:-1\" \/>\n<link rel=\"canonical\" href=\"https:\/\/cj.estrategia.com\/portal\/concurso-magistratura-sp-provas\/\" \/>\n<meta property=\"og:locale\" content=\"pt_BR\" \/>\n<meta property=\"og:type\" content=\"article\" \/>\n<meta property=\"og:title\" content=\"Concurso Magistratura SP: primeira prova em 02 de abril! VEJA!\" \/>\n<meta property=\"og:description\" content=\"Concurso Magistratura SP: veja AQUI os principais detalhes das provas que ser\u00e3o aplicadas a partir de abril!\" \/>\n<meta property=\"og:url\" content=\"https:\/\/cj.estrategia.com\/portal\/concurso-magistratura-sp-provas\/\" \/>\n<meta property=\"og:site_name\" content=\"Blog - Carreiras Jur\u00eddicas - Estrat\u00e9gia\" \/>\n<meta property=\"article:publisher\" content=\"https:\/\/www.facebook.com\/estrategiacarreirajuridica\/\" \/>\n<meta property=\"article:published_time\" content=\"2023-01-19T19:15:17+00:00\" \/>\n<meta property=\"article:modified_time\" content=\"2023-01-19T19:15:19+00:00\" \/>\n<meta property=\"og:image\" content=\"https:\/\/cj.estrategia.com\/portal\/wp-content\/uploads\/2022\/09\/04104642\/Magistratura-SP.jpg\" \/>\n\t<meta property=\"og:image:width\" content=\"768\" \/>\n\t<meta property=\"og:image:height\" content=\"432\" \/>\n\t<meta property=\"og:image:type\" content=\"image\/jpeg\" \/>\n<meta name=\"author\" content=\"Coordena\u00e7\u00e3o\" \/>\n<meta name=\"twitter:card\" content=\"summary_large_image\" \/>\n<meta name=\"twitter:creator\" content=\"@EstratJuridica\" \/>\n<meta name=\"twitter:site\" content=\"@EstratJuridica\" \/>\n<meta name=\"twitter:label1\" content=\"Escrito por\" \/>\n\t<meta name=\"twitter:data1\" content=\"Coordena\u00e7\u00e3o\" \/>\n\t<meta name=\"twitter:label2\" content=\"Est. tempo de leitura\" \/>\n\t<meta name=\"twitter:data2\" content=\"3 minutos\" \/>\n<script type=\"application\/ld+json\" class=\"yoast-schema-graph\">{\"@context\":\"https:\\\/\\\/schema.org\",\"@graph\":[{\"@type\":\"NewsArticle\",\"@id\":\"https:\\\/\\\/cj.estrategia.com\\\/portal\\\/concurso-magistratura-sp-provas\\\/#article\",\"isPartOf\":{\"@id\":\"https:\\\/\\\/cj.estrategia.com\\\/portal\\\/concurso-magistratura-sp-provas\\\/\"},\"author\":{\"name\":\"Coordena\u00e7\u00e3o\",\"@id\":\"https:\\\/\\\/cj.estrategia.com\\\/portal\\\/#\\\/schema\\\/person\\\/4d70317d31449932b99102916b6637f5\"},\"headline\":\"Concurso Magistratura SP: primeira prova em 02 de abril! VEJA!\",\"datePublished\":\"2023-01-19T19:15:17+00:00\",\"dateModified\":\"2023-01-19T19:15:19+00:00\",\"mainEntityOfPage\":{\"@id\":\"https:\\\/\\\/cj.estrategia.com\\\/portal\\\/concurso-magistratura-sp-provas\\\/\"},\"wordCount\":480,\"commentCount\":0,\"publisher\":{\"@id\":\"https:\\\/\\\/cj.estrategia.com\\\/portal\\\/#organization\"},\"image\":{\"@id\":\"https:\\\/\\\/cj.estrategia.com\\\/portal\\\/concurso-magistratura-sp-provas\\\/#primaryimage\"},\"thumbnailUrl\":\"https:\\\/\\\/cj.estrategia.com\\\/portal\\\/wp-content\\\/uploads\\\/2022\\\/09\\\/04104642\\\/Magistratura-SP.jpg\",\"articleSection\":[\"Magistratura\"],\"inLanguage\":\"pt-BR\",\"potentialAction\":[{\"@type\":\"CommentAction\",\"name\":\"Comment\",\"target\":[\"https:\\\/\\\/cj.estrategia.com\\\/portal\\\/concurso-magistratura-sp-provas\\\/#respond\"]}]},{\"@type\":\"WebPage\",\"@id\":\"https:\\\/\\\/cj.estrategia.com\\\/portal\\\/concurso-magistratura-sp-provas\\\/\",\"url\":\"https:\\\/\\\/cj.estrategia.com\\\/portal\\\/concurso-magistratura-sp-provas\\\/\",\"name\":\"Concurso Magistratura SP: primeira prova em 02 de abril! VEJA!\",\"isPartOf\":{\"@id\":\"https:\\\/\\\/cj.estrategia.com\\\/portal\\\/#website\"},\"primaryImageOfPage\":{\"@id\":\"https:\\\/\\\/cj.estrategia.com\\\/portal\\\/concurso-magistratura-sp-provas\\\/#primaryimage\"},\"image\":{\"@id\":\"https:\\\/\\\/cj.estrategia.com\\\/portal\\\/concurso-magistratura-sp-provas\\\/#primaryimage\"},\"thumbnailUrl\":\"https:\\\/\\\/cj.estrategia.com\\\/portal\\\/wp-content\\\/uploads\\\/2022\\\/09\\\/04104642\\\/Magistratura-SP.jpg\",\"datePublished\":\"2023-01-19T19:15:17+00:00\",\"dateModified\":\"2023-01-19T19:15:19+00:00\",\"description\":\"Concurso Magistratura SP: veja AQUI os principais detalhes das provas que ser\u00e3o aplicadas a partir de abril!\",\"breadcrumb\":{\"@id\":\"https:\\\/\\\/cj.estrategia.com\\\/portal\\\/concurso-magistratura-sp-provas\\\/#breadcrumb\"},\"inLanguage\":\"pt-BR\",\"potentialAction\":[{\"@type\":\"ReadAction\",\"target\":[\"https:\\\/\\\/cj.estrategia.com\\\/portal\\\/concurso-magistratura-sp-provas\\\/\"]}]},{\"@type\":\"ImageObject\",\"inLanguage\":\"pt-BR\",\"@id\":\"https:\\\/\\\/cj.estrategia.com\\\/portal\\\/concurso-magistratura-sp-provas\\\/#primaryimage\",\"url\":\"https:\\\/\\\/cj.estrategia.com\\\/portal\\\/wp-content\\\/uploads\\\/2022\\\/09\\\/04104642\\\/Magistratura-SP.jpg\",\"contentUrl\":\"https:\\\/\\\/cj.estrategia.com\\\/portal\\\/wp-content\\\/uploads\\\/2022\\\/09\\\/04104642\\\/Magistratura-SP.jpg\",\"width\":768,\"height\":432,\"caption\":\"Concurso Juiz SP\"},{\"@type\":\"BreadcrumbList\",\"@id\":\"https:\\\/\\\/cj.estrategia.com\\\/portal\\\/concurso-magistratura-sp-provas\\\/#breadcrumb\",\"itemListElement\":[{\"@type\":\"ListItem\",\"position\":1,\"name\":\"In\u00edcio\",\"item\":\"https:\\\/\\\/cj.estrategia.com\\\/portal\\\/\"},{\"@type\":\"ListItem\",\"position\":2,\"name\":\"Concurso Magistratura SP: primeira prova em 02 de abril! VEJA!\"}]},{\"@type\":\"WebSite\",\"@id\":\"https:\\\/\\\/cj.estrategia.com\\\/portal\\\/#website\",\"url\":\"https:\\\/\\\/cj.estrategia.com\\\/portal\\\/\",\"name\":\"Blog - Carreiras Jur\u00eddicas - Estrat\u00e9gia\",\"description\":\"\",\"publisher\":{\"@id\":\"https:\\\/\\\/cj.estrategia.com\\\/portal\\\/#organization\"},\"potentialAction\":[{\"@type\":\"SearchAction\",\"target\":{\"@type\":\"EntryPoint\",\"urlTemplate\":\"https:\\\/\\\/cj.estrategia.com\\\/portal\\\/?s={search_term_string}\"},\"query-input\":{\"@type\":\"PropertyValueSpecification\",\"valueRequired\":true,\"valueName\":\"search_term_string\"}}],\"inLanguage\":\"pt-BR\"},{\"@type\":\"Organization\",\"@id\":\"https:\\\/\\\/cj.estrategia.com\\\/portal\\\/#organization\",\"name\":\"Estrat\u00e9gia - Carreiras Jur\u00eddicas\",\"url\":\"https:\\\/\\\/cj.estrategia.com\\\/portal\\\/\",\"logo\":{\"@type\":\"ImageObject\",\"inLanguage\":\"pt-BR\",\"@id\":\"https:\\\/\\\/cj.estrategia.com\\\/portal\\\/#\\\/schema\\\/logo\\\/image\\\/\",\"url\":\"https:\\\/\\\/cj.estrategia.com\\\/portal\\\/wp-content\\\/uploads\\\/2022\\\/03\\\/11151052\\\/cj-logo.png\",\"contentUrl\":\"https:\\\/\\\/cj.estrategia.com\\\/portal\\\/wp-content\\\/uploads\\\/2022\\\/03\\\/11151052\\\/cj-logo.png\",\"width\":150,\"height\":39,\"caption\":\"Estrat\u00e9gia - Carreiras Jur\u00eddicas\"},\"image\":{\"@id\":\"https:\\\/\\\/cj.estrategia.com\\\/portal\\\/#\\\/schema\\\/logo\\\/image\\\/\"},\"sameAs\":[\"https:\\\/\\\/www.facebook.com\\\/estrategiacarreirajuridica\\\/\",\"https:\\\/\\\/x.com\\\/EstratJuridica\",\"https:\\\/\\\/www.instagram.com\\\/estrategiacarreirajuridica\\\/\",\"https:\\\/\\\/www.youtube.com\\\/channel\\\/UClbMGuYbj2Mh1m3w144ETWQ\"]},{\"@type\":\"Person\",\"@id\":\"https:\\\/\\\/cj.estrategia.com\\\/portal\\\/#\\\/schema\\\/person\\\/4d70317d31449932b99102916b6637f5\",\"name\":\"Coordena\u00e7\u00e3o\",\"image\":{\"@type\":\"ImageObject\",\"inLanguage\":\"pt-BR\",\"@id\":\"https:\\\/\\\/cj.estrategia.com\\\/portal\\\/wp-content\\\/uploads\\\/2022\\\/05\\\/12164923\\\/estrategia-carreira-juridica-coordenacao-96x96.png\",\"url\":\"https:\\\/\\\/cj.estrategia.com\\\/portal\\\/wp-content\\\/uploads\\\/2022\\\/05\\\/12164923\\\/estrategia-carreira-juridica-coordenacao-96x96.png\",\"contentUrl\":\"https:\\\/\\\/cj.estrategia.com\\\/portal\\\/wp-content\\\/uploads\\\/2022\\\/05\\\/12164923\\\/estrategia-carreira-juridica-coordenacao-96x96.png\",\"caption\":\"Coordena\u00e7\u00e3o\"},\"url\":\"https:\\\/\\\/cj.estrategia.com\\\/portal\\\/author\\\/coordenacao\\\/\"}]}<\/script>\n<!-- \/ Yoast SEO Premium plugin. -->","yoast_head_json":{"title":"Concurso Magistratura SP: primeira prova em 02 de abril! VEJA!","description":"Concurso Magistratura SP: veja AQUI os principais detalhes das provas que ser\u00e3o aplicadas a partir de abril!","robots":{"index":"index","follow":"follow","max-snippet":"max-snippet:-1","max-image-preview":"max-image-preview:large","max-video-preview":"max-video-preview:-1"},"canonical":"https:\/\/cj.estrategia.com\/portal\/concurso-magistratura-sp-provas\/","og_locale":"pt_BR","og_type":"article","og_title":"Concurso Magistratura SP: primeira prova em 02 de abril! VEJA!","og_description":"Concurso Magistratura SP: veja AQUI os principais detalhes das provas que ser\u00e3o aplicadas a partir de abril!","og_url":"https:\/\/cj.estrategia.com\/portal\/concurso-magistratura-sp-provas\/","og_site_name":"Blog - Carreiras Jur\u00eddicas - Estrat\u00e9gia","article_publisher":"https:\/\/www.facebook.com\/estrategiacarreirajuridica\/","article_published_time":"2023-01-19T19:15:17+00:00","article_modified_time":"2023-01-19T19:15:19+00:00","og_image":[{"width":768,"height":432,"url":"https:\/\/cj.estrategia.com\/portal\/wp-content\/uploads\/2022\/09\/04104642\/Magistratura-SP.jpg","type":"image\/jpeg"}],"author":"Coordena\u00e7\u00e3o","twitter_card":"summary_large_image","twitter_creator":"@EstratJuridica","twitter_site":"@EstratJuridica","twitter_misc":{"Escrito por":"Coordena\u00e7\u00e3o","Est. tempo de leitura":"3 minutos"},"schema":{"@context":"https:\/\/schema.org","@graph":[{"@type":"NewsArticle","@id":"https:\/\/cj.estrategia.com\/portal\/concurso-magistratura-sp-provas\/#article","isPartOf":{"@id":"https:\/\/cj.estrategia.com\/portal\/concurso-magistratura-sp-provas\/"},"author":{"name":"Coordena\u00e7\u00e3o","@id":"https:\/\/cj.estrategia.com\/portal\/#\/schema\/person\/4d70317d31449932b99102916b6637f5"},"headline":"Concurso Magistratura SP: primeira prova em 02 de abril! VEJA!","datePublished":"2023-01-19T19:15:17+00:00","dateModified":"2023-01-19T19:15:19+00:00","mainEntityOfPage":{"@id":"https:\/\/cj.estrategia.com\/portal\/concurso-magistratura-sp-provas\/"},"wordCount":480,"commentCount":0,"publisher":{"@id":"https:\/\/cj.estrategia.com\/portal\/#organization"},"image":{"@id":"https:\/\/cj.estrategia.com\/portal\/concurso-magistratura-sp-provas\/#primaryimage"},"thumbnailUrl":"https:\/\/cj.estrategia.com\/portal\/wp-content\/uploads\/2022\/09\/04104642\/Magistratura-SP.jpg","articleSection":["Magistratura"],"inLanguage":"pt-BR","potentialAction":[{"@type":"CommentAction","name":"Comment","target":["https:\/\/cj.estrategia.com\/portal\/concurso-magistratura-sp-provas\/#respond"]}]},{"@type":"WebPage","@id":"https:\/\/cj.estrategia.com\/portal\/concurso-magistratura-sp-provas\/","url":"https:\/\/cj.estrategia.com\/portal\/concurso-magistratura-sp-provas\/","name":"Concurso Magistratura SP: primeira prova em 02 de abril! VEJA!","isPartOf":{"@id":"https:\/\/cj.estrategia.com\/portal\/#website"},"primaryImageOfPage":{"@id":"https:\/\/cj.estrategia.com\/portal\/concurso-magistratura-sp-provas\/#primaryimage"},"image":{"@id":"https:\/\/cj.estrategia.com\/portal\/concurso-magistratura-sp-provas\/#primaryimage"},"thumbnailUrl":"https:\/\/cj.estrategia.com\/portal\/wp-content\/uploads\/2022\/09\/04104642\/Magistratura-SP.jpg","datePublished":"2023-01-19T19:15:17+00:00","dateModified":"2023-01-19T19:15:19+00:00","description":"Concurso Magistratura SP: veja AQUI os principais detalhes das provas que ser\u00e3o aplicadas a partir de abril!","breadcrumb":{"@id":"https:\/\/cj.estrategia.com\/portal\/concurso-magistratura-sp-provas\/#breadcrumb"},"inLanguage":"pt-BR","potentialAction":[{"@type":"ReadAction","target":["https:\/\/cj.estrategia.com\/portal\/concurso-magistratura-sp-provas\/"]}]},{"@type":"ImageObject","inLanguage":"pt-BR","@id":"https:\/\/cj.estrategia.com\/portal\/concurso-magistratura-sp-provas\/#primaryimage","url":"https:\/\/cj.estrategia.com\/portal\/wp-content\/uploads\/2022\/09\/04104642\/Magistratura-SP.jpg","contentUrl":"https:\/\/cj.estrategia.com\/portal\/wp-content\/uploads\/2022\/09\/04104642\/Magistratura-SP.jpg","width":768,"height":432,"caption":"Concurso Juiz SP"},{"@type":"BreadcrumbList","@id":"https:\/\/cj.estrategia.com\/portal\/concurso-magistratura-sp-provas\/#breadcrumb","itemListElement":[{"@type":"ListItem","position":1,"name":"In\u00edcio","item":"https:\/\/cj.estrategia.com\/portal\/"},{"@type":"ListItem","position":2,"name":"Concurso Magistratura SP: primeira prova em 02 de abril! VEJA!"}]},{"@type":"WebSite","@id":"https:\/\/cj.estrategia.com\/portal\/#website","url":"https:\/\/cj.estrategia.com\/portal\/","name":"Blog - Carreiras Jur\u00eddicas - Estrat\u00e9gia","description":"","publisher":{"@id":"https:\/\/cj.estrategia.com\/portal\/#organization"},"potentialAction":[{"@type":"SearchAction","target":{"@type":"EntryPoint","urlTemplate":"https:\/\/cj.estrategia.com\/portal\/?s={search_term_string}"},"query-input":{"@type":"PropertyValueSpecification","valueRequired":true,"valueName":"search_term_string"}}],"inLanguage":"pt-BR"},{"@type":"Organization","@id":"https:\/\/cj.estrategia.com\/portal\/#organization","name":"Estrat\u00e9gia - Carreiras Jur\u00eddicas","url":"https:\/\/cj.estrategia.com\/portal\/","logo":{"@type":"ImageObject","inLanguage":"pt-BR","@id":"https:\/\/cj.estrategia.com\/portal\/#\/schema\/logo\/image\/","url":"https:\/\/cj.estrategia.com\/portal\/wp-content\/uploads\/2022\/03\/11151052\/cj-logo.png","contentUrl":"https:\/\/cj.estrategia.com\/portal\/wp-content\/uploads\/2022\/03\/11151052\/cj-logo.png","width":150,"height":39,"caption":"Estrat\u00e9gia - Carreiras Jur\u00eddicas"},"image":{"@id":"https:\/\/cj.estrategia.com\/portal\/#\/schema\/logo\/image\/"},"sameAs":["https:\/\/www.facebook.com\/estrategiacarreirajuridica\/","https:\/\/x.com\/EstratJuridica","https:\/\/www.instagram.com\/estrategiacarreirajuridica\/","https:\/\/www.youtube.com\/channel\/UClbMGuYbj2Mh1m3w144ETWQ"]},{"@type":"Person","@id":"https:\/\/cj.estrategia.com\/portal\/#\/schema\/person\/4d70317d31449932b99102916b6637f5","name":"Coordena\u00e7\u00e3o","image":{"@type":"ImageObject","inLanguage":"pt-BR","@id":"https:\/\/cj.estrategia.com\/portal\/wp-content\/uploads\/2022\/05\/12164923\/estrategia-carreira-juridica-coordenacao-96x96.png","url":"https:\/\/cj.estrategia.com\/portal\/wp-content\/uploads\/2022\/05\/12164923\/estrategia-carreira-juridica-coordenacao-96x96.png","contentUrl":"https:\/\/cj.estrategia.com\/portal\/wp-content\/uploads\/2022\/05\/12164923\/estrategia-carreira-juridica-coordenacao-96x96.png","caption":"Coordena\u00e7\u00e3o"},"url":"https:\/\/cj.estrategia.com\/portal\/author\/coordenacao\/"}]}},"jetpack_featured_media_url":"https:\/\/cj.estrategia.com\/portal\/wp-content\/uploads\/2022\/09\/04104642\/Magistratura-SP.jpg","jetpack_sharing_enabled":true,"_links":{"self":[{"href":"https:\/\/cj.estrategia.com\/portal\/wp-json\/wp\/v2\/posts\/27569","targetHints":{"allow":["GET"]}}],"collection":[{"href":"https:\/\/cj.estrategia.com\/portal\/wp-json\/wp\/v2\/posts"}],"about":[{"href":"https:\/\/cj.estrategia.com\/portal\/wp-json\/wp\/v2\/types\/post"}],"author":[{"embeddable":true,"href":"https:\/\/cj.estrategia.com\/portal\/wp-json\/wp\/v2\/users\/12"}],"replies":[{"embeddable":true,"href":"https:\/\/cj.estrategia.com\/portal\/wp-json\/wp\/v2\/comments?post=27569"}],"version-history":[{"count":0,"href":"https:\/\/cj.estrategia.com\/portal\/wp-json\/wp\/v2\/posts\/27569\/revisions"}],"wp:featuredmedia":[{"embeddable":true,"href":"https:\/\/cj.estrategia.com\/portal\/wp-json\/wp\/v2\/media\/20817"}],"wp:attachment":[{"href":"https:\/\/cj.estrategia.com\/portal\/wp-json\/wp\/v2\/media?parent=27569"}],"wp:term":[{"taxonomy":"category","embeddable":true,"href":"https:\/\/cj.estrategia.com\/portal\/wp-json\/wp\/v2\/categories?post=27569"},{"taxonomy":"post_tag","embeddable":true,"href":"https:\/\/cj.estrategia.com\/portal\/wp-json\/wp\/v2\/tags?post=27569"},{"taxonomy":"tax_estado","embeddable":true,"href":"https:\/\/cj.estrategia.com\/portal\/wp-json\/wp\/v2\/tax_estado?post=27569"}],"curies":[{"name":"wp","href":"https:\/\/api.w.org\/{rel}","templated":true}]}}