{"id":26300,"date":"2026-04-23T15:16:33","date_gmt":"2026-04-23T18:16:33","guid":{"rendered":"https:\/\/cj.estrategia.com\/portal\/?p=26300"},"modified":"2026-04-23T15:16:39","modified_gmt":"2026-04-23T18:16:39","slug":"concurso-magistratura-ce","status":"publish","type":"post","link":"https:\/\/cj.estrategia.com\/portal\/concurso-magistratura-ce\/","title":{"rendered":"Concurso Magistratura CE: sess\u00e3o de identifica\u00e7\u00e3o das provas e notas da senten\u00e7a em 29\/04!"},"content":{"rendered":"<a id=\"cta-icon\" href=\"https:\/\/sndflw.com\/i\/magistratura-estadual-grupo\" target=\"blank\" style=\"background:rgb(41,166,26)\">\n            <img decoding=\"async\" src=\"https:\/\/cj.estrategia.com\/portal\/wp-content\/uploads\/2023\/12\/07160657\/whatsapp_1385.webp\" alt=\"\" alt=\"whatsapp_1385\"><span > Acesse agora o Grupo de Estudos para Magistratura Estadual <\/span><\/a>\n\n\n\n<p>Sess\u00e3o p\u00fablica do TJCE para divulga\u00e7\u00e3o das notas da senten\u00e7a j\u00e1 tem data. O Tribunal de Justi\u00e7a do Estado do Cear\u00e1 definiu que a identifica\u00e7\u00e3o das provas e a divulga\u00e7\u00e3o das notas da Prova Pr\u00e1tica de Senten\u00e7a ocorrer\u00e3o em <strong>29 de abril, \u00e0s 14h<\/strong>, no audit\u00f3rio do \u00d3rg\u00e3o Especial, com presen\u00e7a facultativa e transmiss\u00e3o ao vivo pelo YouTube. Confira o documento:<\/p>\n\n\n\n<ul class=\"wp-block-list\">\n<li><a href=\"https:\/\/cj.estrategia.com\/portal\/wp-content\/uploads\/2026\/04\/23151407\/tjce-convocacao-sessao-publica-identificacao-sentencas-1.pdf\" target=\"_blank\" >Convoca\u00e7\u00e3o para identifica\u00e7\u00e3o das provas e a divulga\u00e7\u00e3o das notas da Prova Pr\u00e1tica de Senten\u00e7a<\/a><\/li>\n<\/ul>\n\n\n\n<p>Anteriormente, o TJ CE divulgou o <strong>resultado definitivo da prova escrita discursiva<\/strong> do concurso p\u00fablico para ingresso no cargo de <strong>Juiz Substituto<\/strong>.<\/p>\n\n\n\n<ul class=\"wp-block-list\">\n<li><a href=\"https:\/\/cj.estrategia.com\/portal\/wp-content\/uploads\/2026\/03\/07003100\/diarioOficial.pdf\" target=\"_blank\" rel=\"noreferrer noopener nofollow\">Resultado final prova escrita discursiva<\/a><\/li>\n<\/ul>\n\n\n\n<p>Ao todo, <strong>3.135 candidatos se inscreveram<\/strong> para a sele\u00e7\u00e3o, que oferta <strong>30 vagas imediatas<\/strong>, o que representa uma concorr\u00eancia m\u00e9dia de <strong>104,5 candidatos por vaga<\/strong>.<\/p>\n\n\n\n<p>O cargo de <strong>Juiz Substituto<\/strong> conta com <strong>sal\u00e1rio inicial de R$ 35,8 mil<\/strong>. Para concorrer, \u00e9 necess\u00e1rio possuir <strong>gradua\u00e7\u00e3o em Direito<\/strong>, comprovar <strong>m\u00ednimo de tr\u00eas anos de atividade jur\u00eddica<\/strong> e ter <strong>aprova\u00e7\u00e3o definitiva no Exame Nacional da Magistratura (ENAM)<\/strong>, requisito estabelecido pelo Conselho Nacional de Justi\u00e7a (CNJ).<\/p>\n\n\n\n<ul class=\"wp-block-list has-very-light-gray-to-cyan-bluish-gray-gradient-background has-background\">\n<li><strong>Concurso Magistratura CE<\/strong><\/li>\n\n\n\n<li><strong>Status:<\/strong> resultados dispon\u00edveis<\/li>\n\n\n\n<li><strong>Banca:<\/strong> <a href=\"https:\/\/conhecimento.fgv.br\/concursos\/tjce25\" target=\"_blank\" rel=\"noreferrer noopener nofollow\">FGV<\/a><\/li>\n\n\n\n<li><strong>Vagas:<\/strong> 30 + CR<\/li>\n\n\n\n<li><strong>Sal\u00e1rio inicial: <\/strong>R$ 35.877,27<\/li>\n<\/ul>\n\n\n\n<div class=\"container\" id=\"boxes\">\n  <div class=\"row\">\n\n    <div class=\"col-sm\">\n      <div class=\"banner-ecj-magistratura\" id=\"box-assinatura\">\n        <h2 id=\"cursos-para-concurso-magistratura-ce\" class=\"titulo-assinatura\"><span style=\"color: #ffffff; font-size: 23px; \">Cursos para Concurso Magistratura CE<\/span><\/h2>\n        <p class=\"subtitulo-assinatura\">Cursos focados no edital!<\/p>\n        <div class=\"box-botao\">\n          <a class=\"btn-assinatura-juridica\" target=\"_blank\" href=\"https:\/\/cj.estrategia.com\/concurso\/tj-ce\" role=\"button\" rel=\"noopener noreferrer\">CLIQUE AQUI<\/a>\n        <\/div>\n      <\/div>\n      <p class=\"texto-auxiliar\">Prepare-se com o melhor material e com quem mais aprova em concursos em todo o pa\u00eds. \n<\/p>\n    <\/div>\n\n  <\/div>\n<\/div>\n\n\n\n<div class=\"wp-block-yoast-seo-table-of-contents yoast-table-of-contents\"><ul><li><a href=\"#h-situacao-atual-do-concurso-magistratura-ce\" data-level=\"2\">Situa\u00e7\u00e3o atual do concurso Magistratura CE<\/a><ul><li><a href=\"#h-principais-datas\" data-level=\"3\">Principais datas<\/a><\/li><li><a href=\"#h-linha-do-tempo\" data-level=\"3\">Linha do tempo<\/a><\/li><\/ul><\/li><li><a href=\"#h-concurso-magistratura-ce-cargo-vagas-e-salario\" data-level=\"2\">Concurso Magistratura CE: cargo, vagas e sal\u00e1rio<\/a><ul><li><a href=\"#h-remuneracao\" data-level=\"3\">Remunera\u00e7\u00e3o<\/a><\/li><li><a href=\"#h-requisitos\" data-level=\"3\">Requisitos<\/a><\/li><\/ul><\/li><li><a href=\"#h-etapas-e-provas-do-concurso-magistratura-ce\" data-level=\"2\">Etapas e provas do concurso Magistratura CE<\/a><ul><li><a href=\"#h-prova-objetiva\" data-level=\"3\">Prova objetiva<\/a><\/li><li><a href=\"#h-prova-escrita\" data-level=\"3\">Prova escrita<\/a><\/li><li><a href=\"#h-prova-oral\" data-level=\"3\">Prova oral<\/a><\/li><li><a href=\"#h-avaliacao-de-titulos\" data-level=\"3\">Avalia\u00e7\u00e3o de t\u00edtulos<\/a><\/li><\/ul><\/li><li><a href=\"#h-ultimo-concurso-magistratura-ce-2018\" data-level=\"2\">\u00daltimo concurso Magistratura CE (2018)<\/a><ul><li><a href=\"#h-material-de-estudo\" data-level=\"3\">Material de Estudo<\/a><\/li><\/ul><\/li><\/ul><\/div>\n\n\n\n<h2 class=\"wp-block-heading\" id=\"h-situacao-atual-do-concurso-magistratura-ce\"><span id=\"situacao-atual-do-concurso-magistratura-ce\">Situa\u00e7\u00e3o atual do concurso Magistratura CE<\/span><\/h2>\n\n\n\n<h3 class=\"wp-block-heading\" id=\"h-principais-datas\"><span id=\"principais-datas\">Principais datas<\/span><\/h3>\n\n\n\n<ul class=\"wp-block-list has-very-light-gray-to-cyan-bluish-gray-gradient-background has-background\">\n<li><strong>Inscri\u00e7\u00f5es:&nbsp;<\/strong><s>23\/04 a 22\/05\/2025<\/s><\/li>\n\n\n\n<li><strong>Isen\u00e7\u00e3o:<\/strong>&nbsp;<s>23 a 25\/04\/2025<\/s> at\u00e9 <s>29\/04\/2025<\/s><\/li>\n\n\n\n<li><strong>Pagamento da taxa:&nbsp;<\/strong><s>23\/05\/2025<\/s><\/li>\n\n\n\n<li><strong>Taxa:<\/strong> R$ 358,77<\/li>\n\n\n\n<li><strong>Prova objetiva:<\/strong> <s>20\/07\/2025<\/s><\/li>\n\n\n\n<li><strong>Prova discursiva:<\/strong><s> 28 e 29\/09\/2025<\/s><\/li>\n\n\n\n<li><strong>Prova oral: <\/strong>a definir<\/li>\n<\/ul>\n\n\n\n<h3 class=\"wp-block-heading\" id=\"h-linha-do-tempo\"><span id=\"linha-do-tempo\">Linha do tempo <\/span><\/h3>\n\n\n\n<blockquote class=\"wp-block-quote is-layout-flow wp-block-quote-is-layout-flow\">\n<ul class=\"wp-block-list\">\n<li><strong>07\/03\/2026 &#8211; <\/strong><a href=\"https:\/\/cj.estrategia.com\/portal\/wp-content\/uploads\/2026\/03\/07003100\/diarioOficial.pdf\" target=\"_blank\" rel=\"noreferrer noopener nofollow\">Resultado final prova escrita discursiva<\/a>;<\/li>\n\n\n\n<li><strong>09\/12\/2025 &#8211; <\/strong><a href=\"https:\/\/cj.estrategia.com\/portal\/wp-content\/uploads\/2025\/12\/10013442\/diarioOficial.pdf\" target=\"_blank\" rel=\"noreferrer noopener nofollow\">Resultado preliminar da prova escrita discursiva<\/a>;<\/li>\n\n\n\n<li><strong>02\/12\/2025 &#8211; <\/strong><a href=\"https:\/\/cj.estrategia.com\/portal\/wp-content\/uploads\/2025\/11\/26160215\/tjce-convocacao-sessao-publica.pdf\" target=\"_blank\" >Sess\u00e3o p\u00fablica para resultado da discursiva<\/a>;<\/li>\n\n\n\n<li><strong>11\/09\/2025 &#8211;<\/strong> <a href=\"https:\/\/cj.estrategia.com\/portal\/wp-content\/uploads\/2025\/09\/11132323\/DJEA_PDF_da_Materia.pdf\" target=\"_blank\" rel=\"noreferrer noopener nofollow\">Comiss\u00e3o da banca examinadora das provas discursivas<\/a>;<\/li>\n\n\n\n<li><strong>03\/09\/2025<\/strong> &#8211; <a href=\"https:\/\/cj.estrategia.com\/portal\/wp-content\/uploads\/2025\/08\/03150648\/Resultado-Preliminar-Prova-Subjetiva.pdf\" target=\"_blank\" >Convoca\u00e7\u00e3o para a 2\u00aa etapa<\/a>;<\/li>\n\n\n\n<li><strong>29\/08\/2025<\/strong> &#8211; <a href=\"https:\/\/cj.estrategia.com\/portal\/wp-content\/uploads\/2025\/08\/29180736\/152187.pdf\" target=\"_blank\" >Resultado final da prova objetiva e gabarito definitivo<\/a>;<\/li>\n\n\n\n<li><strong>11\/07\/2025 <\/strong>&#8211; <a href=\"https:\/\/cj.estrategia.com\/portal\/wp-content\/uploads\/2025\/07\/11180352\/tjce-2a-retificacao.pdf\">Retifica\u00e7\u00e3o de conte\u00fado program\u00e1tico<\/a>;<\/li>\n\n\n\n<li><strong>04\/07\/2025 <\/strong>&#8211; <a href=\"https:\/\/cj.estrategia.com\/portal\/wp-content\/uploads\/2025\/07\/04190313\/tjce-demanda-de-candidatos-por-vaga_2025.07.04-1.pdf\" target=\"_blank\" >Demanda de candidatos por vaga<\/a>;<\/li>\n\n\n\n<li><strong>04\/06\/2025 &#8211; <\/strong><a href=\"https:\/\/cj.estrategia.com\/portal\/wp-content\/uploads\/2025\/07\/04190313\/tjce-demanda-de-candidatos-por-vaga_2025.07.04-1.pdf\" target=\"_blank\" rel=\"noreferrer noopener nofollow\">Demanda de inscritos<\/a>;<\/li>\n\n\n\n<li><strong>16\/05\/2025 <\/strong>&#8211; <a href=\"https:\/\/cj.estrategia.com\/portal\/concurso-magistratura-ce-retificacao-do-conteudo\/\" target=\"_blank\" >Exclus\u00e3o de lei do conte\u00fado program\u00e1tico<\/a>;<\/li>\n\n\n\n<li><strong>16\/04\/2025<\/strong> &#8211; <a href=\"https:\/\/www.tjce.jus.br\/noticias\/tjce-publica-edital-de-concurso-com-30-vagas-para-o-cargo-de-juiz-substituto\/\" target=\"_blank\" rel=\"noreferrer noopener nofollow\">Edital publicado<\/a>.<\/li>\n<\/ul>\n<\/blockquote>\n\n\n\n<h2 class=\"wp-block-heading\" id=\"h-concurso-magistratura-ce-cargo-vagas-e-salario\"><span id=\"concurso-magistratura-ce-cargo-vagas-e-salario\">Concurso Magistratura CE: cargo, vagas e sal\u00e1rio<\/span><\/h2>\n\n\n\n<figure class=\"wp-block-table is-style-stripes\"><table class=\"has-luminous-vivid-amber-background-color has-background has-fixed-layout\"><thead><tr><th class=\"has-text-align-center\" data-align=\"center\">CARGO<\/th><th class=\"has-text-align-center\" data-align=\"center\">VAGAS<\/th><th class=\"has-text-align-center\" data-align=\"center\">SAL\u00c1RIO<\/th><\/tr><\/thead><tbody><tr><td class=\"has-text-align-center\" data-align=\"center\">Juiz Substituto<\/td><td class=\"has-text-align-center\" data-align=\"center\">30 + CR<\/td><td class=\"has-text-align-center\" data-align=\"center\">R$ 35.877,27<\/td><\/tr><\/tbody><\/table><\/figure>\n\n\n\n<h3 class=\"wp-block-heading\" id=\"h-remuneracao\"><span id=\"remuneracao\">Remunera\u00e7\u00e3o<\/span><\/h3>\n\n\n\n<figure class=\"wp-block-table is-style-stripes\"><table class=\"has-luminous-vivid-amber-background-color has-background\"><thead><tr><th class=\"has-text-align-center\" data-align=\"center\">CARGO<\/th><th class=\"has-text-align-center\" data-align=\"center\">VENCIMENTOS<\/th><\/tr><\/thead><tbody><tr><td class=\"has-text-align-center\" data-align=\"center\">JUIZ DE DIREITO DE ENTR\u00c2NCIA INICIAL<\/td><td class=\"has-text-align-center\" data-align=\"center\">R$ 35.877,27<\/td><\/tr><tr><td class=\"has-text-align-center\" data-align=\"center\">JUIZ DE DIREITO DE ENTR\u00c2NCIA INTERMEDI\u00c1RIA<\/td><td class=\"has-text-align-center\" data-align=\"center\">R$ 37.765,55<\/td><\/tr><tr><td class=\"has-text-align-center\" data-align=\"center\">JUIZ DE DIREITO DE ENTR\u00c2NCIA FINAL<\/td><td class=\"has-text-align-center\" data-align=\"center\">R$ 39.753,21<\/td><\/tr><tr><td class=\"has-text-align-center\" data-align=\"center\">DESEMBARGADOR<\/td><td class=\"has-text-align-center\" data-align=\"center\">R$ 41.845,49<\/td><\/tr><\/tbody><\/table><figcaption class=\"wp-element-caption\"><a href=\"https:\/\/transparencia.tjce.jus.br\/rhsysportaltransp\/#!\/consulta\/resolucao102_anexo_III_c\" target=\"_blank\" rel=\"noreferrer noopener nofollow\">dados do portal da transpar\u00eancia de 01\/2026.<\/a><\/figcaption><\/figure>\n\n\n\n<h3 class=\"wp-block-heading\" id=\"h-requisitos\"><span id=\"requisitos\">Requisitos<\/span><\/h3>\n\n\n\n<ul class=\"wp-block-list\">\n<li>Ter conclu\u00eddo o curso de bacharelado em Direito, em institui\u00e7\u00e3o p\u00fablica ou particular reconhecida pelo MEC;<\/li>\n\n\n\n<li>Haver exercido atividade jur\u00eddica pelo per\u00edodo m\u00ednimo de 3 anos, contados a partir da obten\u00e7\u00e3o do grau de bacharel em Direito;<\/li>\n\n\n\n<li>Estar habilitado no Exame Nacional da Magistratura (ENAM), dentro do prazo de validade.<\/li>\n<\/ul>\n\n\n\n<p><em>Quer um guia completo sobre&nbsp;<a href=\"https:\/\/www.estrategiaconcursos.com.br\/blog\/atividade-juridica-concursos-publicos\/\">atividade jur\u00eddica<\/a>&nbsp;em concursos p\u00fablicos? N\u00f3s temos!<\/em><\/p>\n\n\n\n<h2 class=\"wp-block-heading\" id=\"h-etapas-e-provas-do-concurso-magistratura-ce\"><span id=\"etapas-e-provas-do-concurso-magistratura-ce\">Etapas e provas do concurso Magistratura CE<\/span><\/h2>\n\n\n\n<p>Os candidatos ser\u00e3o avaliados pelas seguintes etapas: <\/p>\n\n\n\n<ul class=\"wp-block-list\">\n<li><strong>Prova Objetiva Seletiva, <\/strong>de car\u00e1ter eliminat\u00f3rio e classificat\u00f3rio;<\/li>\n\n\n\n<li><strong>Provas Escritas (Discursiva e Senten\u00e7as), <\/strong>de car\u00e1ter eliminat\u00f3rio e classificat\u00f3rio;<\/li>\n\n\n\n<li><strong>Terceira Etapa: Inscri\u00e7\u00e3o definitiva,<\/strong> de car\u00e1ter eliminat\u00f3rio, com as seguintes fases:\n<ul class=\"wp-block-list\">\n<li>sindic\u00e2ncia da vida pregressa e investiga\u00e7\u00e3o social;<\/li>\n\n\n\n<li>exame de sanidade f\u00edsica e mental;<\/li>\n\n\n\n<li>exame psicot\u00e9cnico.<\/li>\n<\/ul>\n<\/li>\n\n\n\n<li><strong>Prova Oral,<\/strong> de car\u00e1ter eliminat\u00f3rio e classificat\u00f3rio;<\/li>\n\n\n\n<li><strong>Avalia\u00e7\u00e3o de t\u00edtulos,<\/strong> de car\u00e1ter classificat\u00f3rio.<\/li>\n<\/ul>\n\n\n\n<h3 class=\"wp-block-heading\" id=\"h-prova-objetiva\"><span id=\"prova-objetiva\">Prova objetiva<\/span><\/h3>\n\n\n\n<p>A <strong>Prova Objetiva Seletiva<\/strong> aconteceu no dia <strong>20 de julho de 2025<\/strong> e foi realizada, na <strong>cidade de Fortaleza\/CE, das 13h \u00e0s 18h. <\/strong>Ela foi composta por<strong> 100 quest\u00f5es de m\u00faltipla escolha,<\/strong> com <strong>5 alternativas cada<\/strong> e apenas uma resposta correta.<\/p>\n\n\n\n<p>A avalia\u00e7\u00e3o foi feita em uma escala de 0 a 10 pontos, sendo atribu\u00eddo o valor de 0,1 ponto para cada quest\u00e3o respondida de acordo com o gabarito oficial. A etapa versar\u00e1 as seguintes disciplinas:<\/p>\n\n\n\n<figure class=\"wp-block-table is-style-stripes\"><table class=\"has-luminous-vivid-amber-background-color has-background\"><thead><tr><th class=\"has-text-align-center\" data-align=\"center\">Bloco<\/th><th class=\"has-text-align-center\" data-align=\"center\">N\u00famero de Quest\u00f5es<\/th><th class=\"has-text-align-center\" data-align=\"center\">Disciplinas<\/th><\/tr><\/thead><tbody><tr><td class=\"has-text-align-center\" data-align=\"center\">Bloco I<\/td><td class=\"has-text-align-center\" data-align=\"center\">40<\/td><td class=\"has-text-align-center\" data-align=\"center\">Direito Civil<br>Direito Processual Civil<br>Direito do Consumidor<br>Direito da Crian\u00e7a e do Adolescente<\/td><\/tr><tr><td class=\"has-text-align-center\" data-align=\"center\">Bloco II<\/td><td class=\"has-text-align-center\" data-align=\"center\">30<\/td><td class=\"has-text-align-center\" data-align=\"center\">Direito Penal<br>Direito Processual Penal<br>Direito Constitucional<br>Direito Eleitoral<\/td><\/tr><tr><td class=\"has-text-align-center\" data-align=\"center\">Bloco III<\/td><td class=\"has-text-align-center\" data-align=\"center\">30<\/td><td class=\"has-text-align-center\" data-align=\"center\">Direito Empresarial<br>Direito Tribut\u00e1rio e Financeiro<br>Direito Ambiental<br>Direito Administrativo<br>No\u00e7\u00f5es Gerais de Direito e Forma\u00e7\u00e3o Human\u00edstica<br>Direitos Humanos<\/td><\/tr><\/tbody><\/table><\/figure>\n\n\n\n<h3 class=\"wp-block-heading\" id=\"h-prova-escrita\"><span id=\"prova-escrita\">Prova escrita<\/span><\/h3>\n\n\n\n<p>A segunda etapa do concurso foi composta por duas provas escritas: uma discursiva e uma pr\u00e1tica. A etapa foi aplicada conforme tabela abaixo:<\/p>\n\n\n\n<figure class=\"wp-block-table is-style-stripes\"><table class=\"has-luminous-vivid-amber-background-color has-background\"><thead><tr><th class=\"has-text-align-center\" data-align=\"center\">Etapa<\/th><th class=\"has-text-align-center\" data-align=\"center\">Data \/ Hor\u00e1rio<\/th><th class=\"has-text-align-center\" data-align=\"center\">Descri\u00e7\u00e3o<\/th><th class=\"has-text-align-center\" data-align=\"center\">Nota M\u00ednima<\/th><th class=\"has-text-align-center\" data-align=\"center\">Nota M\u00e1xima<\/th><\/tr><\/thead><tbody><tr><td class=\"has-text-align-center\" data-align=\"center\">Prova Discursiva<\/td><td class=\"has-text-align-center\" data-align=\"center\">28\/09\/2025<br>8h \u00e0s 12h<\/td><td class=\"has-text-align-center\" data-align=\"center\">4 quest\u00f5es te\u00f3ricas (2,5 pontos cada)<\/td><td class=\"has-text-align-center\" data-align=\"center\">6,00<\/td><td class=\"has-text-align-center\" data-align=\"center\">10,00<\/td><\/tr><tr><td class=\"has-text-align-center\" data-align=\"center\">Senten\u00e7a C\u00edvel<\/td><td class=\"has-text-align-center\" data-align=\"center\">28\/09\/2025<br>15h \u00e0s 20h<\/td><td class=\"has-text-align-center\" data-align=\"center\">Elabora\u00e7\u00e3o de senten\u00e7a<\/td><td class=\"has-text-align-center\" data-align=\"center\">6,00<\/td><td class=\"has-text-align-center\" data-align=\"center\">10,00<\/td><\/tr><tr><td class=\"has-text-align-center\" data-align=\"center\">Senten\u00e7a Criminal<\/td><td class=\"has-text-align-center\" data-align=\"center\">29\/09\/2025<br>15h \u00e0s 20h<\/td><td class=\"has-text-align-center\" data-align=\"center\">Elabora\u00e7\u00e3o de senten\u00e7a<\/td><td class=\"has-text-align-center\" data-align=\"center\">6,00<\/td><td class=\"has-text-align-center\" data-align=\"center\">10,00<\/td><\/tr><tr><td class=\"has-text-align-center\" data-align=\"center\">Prova Pr\u00e1tica (m\u00e9dia)<\/td><td class=\"has-text-align-center\" data-align=\"center\">M\u00e9dia das 2 senten\u00e7as<\/td><td class=\"has-text-align-center\" data-align=\"center\">M\u00e9dia aritm\u00e9tica das provas pr\u00e1ticas<\/td><td class=\"has-text-align-center\" data-align=\"center\">6,00<\/td><td class=\"has-text-align-center\" data-align=\"center\">10,00<\/td><\/tr><\/tbody><\/table><\/figure>\n\n\n\n<p>As provas foram manuscritas e avaliadas com base no conte\u00fado, clareza, organiza\u00e7\u00e3o e corre\u00e7\u00e3o gramatical. Foi<strong> permitido o uso de material de consulta restrito<\/strong>, como c\u00f3digos e legisla\u00e7\u00e3o n\u00e3o anotada ou comentada, sendo vedada a utiliza\u00e7\u00e3o de doutrina, s\u00famulas, jurisprud\u00eancia, informativos ou anota\u00e7\u00f5es pessoais.<\/p>\n\n\n\n<h3 class=\"wp-block-heading\" id=\"h-prova-oral\"><span id=\"prova-oral\">Prova oral<\/span><\/h3>\n\n\n\n<p>Os candidatos que tiverem suas inscri\u00e7\u00f5es definitivas deferidas e forem considerados aptos nas fases de exames de sa\u00fade, avalia\u00e7\u00e3o psicol\u00f3gica, sindic\u00e2ncia da vida pregressa e investiga\u00e7\u00e3o social ser\u00e3o convocados para a Prova Oral.<\/p>\n\n\n\n<p>A prova ser\u00e1 realizada em sess\u00e3o p\u00fablica e consistir\u00e1 em argui\u00e7\u00e3o sobre temas sorteados do conte\u00fado program\u00e1tico, com datas e locais definidos em edital espec\u00edfico. O sorteio dos pontos ser\u00e1 realizado com anteced\u00eancia m\u00ednima de 24 horas em rela\u00e7\u00e3o \u00e0 argui\u00e7\u00e3o, e a ordem dos candidatos tamb\u00e9m ser\u00e1 definida por sorteio p\u00fablico.<\/p>\n\n\n\n<p><strong>Durante a Prova Oral, cada examinador ter\u00e1 at\u00e9 15 minutos para interrogar o candidato, <\/strong>avaliando dom\u00ednio do conte\u00fado jur\u00eddico, clareza na linguagem, articula\u00e7\u00e3o do racioc\u00ednio, argumenta\u00e7\u00e3o e uso correto da l\u00edngua portuguesa.<\/p>\n\n\n\n<p>A nota ser\u00e1 atribu\u00edda de 0 a 10 por disciplina, e a m\u00e9dia aritm\u00e9tica dessas notas compor\u00e1 a nota final da prova. <strong>Ser\u00e1 permitido o uso de c\u00f3digos e legisla\u00e7\u00e3o<\/strong> sem coment\u00e1rios ou anota\u00e7\u00f5es. A aprova\u00e7\u00e3o depender\u00e1 da obten\u00e7\u00e3o de nota m\u00ednima de 6,0. <\/p>\n\n\n\n<h3 class=\"wp-block-heading\" id=\"h-avaliacao-de-titulos\"><span id=\"avaliacao-de-titulos\">Avalia\u00e7\u00e3o de t\u00edtulos<\/span><\/h3>\n\n\n\n<p>Conclu\u00edda a quarta fase do Concurso (prova oral), iniciar\u00e1 a avalia\u00e7\u00e3o dos t\u00edtulos apresentados pelos candidatos.<\/p>\n\n\n\n<figure class=\"wp-block-table is-style-stripes\"><table class=\"has-luminous-vivid-amber-background-color has-background\"><thead><tr><th><strong>Categoria<\/strong><\/th><th><strong>Subcategoria<\/strong><\/th><\/tr><\/thead><tbody><tr><td>I &#8211; Exerc\u00edcio de cargo, emprego ou fun\u00e7\u00e3o p\u00fablica privativa de bacharel em Direito pelo per\u00edodo m\u00ednimo de 1 ano<\/td><td>I.a) Judicatura (Juiz)<br>I.b) Pretor (juiz), Minist\u00e9rio P\u00fablico (Procurador e Promotor), Defensoria P\u00fablica (Defensor P\u00fablico), Advocacia-Geral da Uni\u00e3o (Advogado), Procuradoria (Procurador) de qualquer \u00f3rg\u00e3o ou entidade da Administra\u00e7\u00e3o P\u00fablica direta ou indireta de quaisquer dos Poderes da Uni\u00e3o, dos Estados, do Distrito Federal e dos Munic\u00edpios<\/td><\/tr><tr><td>II &#8211; Exerc\u00edcio do magist\u00e9rio superior na \u00e1rea jur\u00eddica pelo per\u00edodo m\u00ednimo de 5 anos<\/td><td>II.a) Mediante admiss\u00e3o no corpo docente por concurso ou processo seletivo p\u00fablico de provas e\/ou t\u00edtulos<br>II.b) Mediante admiss\u00e3o no corpo docente sem concurso ou processo seletivo p\u00fablico de provas e\/ou t\u00edtulos<\/td><\/tr><tr><td>III &#8211; Exerc\u00edcio de outro cargo, emprego ou fun\u00e7\u00e3o p\u00fablica privativa de bacharel em Direito n\u00e3o previsto no inciso I, pelo per\u00edodo m\u00ednimo de 1 ano<\/td><td>III.a) Mediante admiss\u00e3o por concurso<br>III.b) Mediante admiss\u00e3o sem concurso<\/td><\/tr><tr><td>IV &#8211; Exerc\u00edcio efetivo da advocacia<\/td><td>Inclusive volunt\u00e1rio<\/td><\/tr><tr><td>V &#8211; Aprova\u00e7\u00e3o em concurso p\u00fablico (n\u00e3o utilizado no inciso I)<\/td><td>V.a Judicatura (Juiz\/Pretor), Minist\u00e9rio P\u00fablico, Defensoria P\u00fablica, Advocacia-Geral da Uni\u00e3o, Procuradoria de qualquer \u00f3rg\u00e3o ou entidade da Administra\u00e7\u00e3o P\u00fablica direta ou indireta de quaisquer dos Poderes da Uni\u00e3o, dos Estados, do Distrito Federal e dos Munic\u00edpios<br>V.b Outro concurso p\u00fablico para cargo, emprego ou fun\u00e7\u00e3o privativa de bacharel em Direito n\u00e3o constante do inciso V.a<\/td><\/tr><tr><td>VI &#8211; Diplomas em cursos de P\u00f3s-Gradua\u00e7\u00e3o<\/td><td>VI.a Doutorado reconhecido ou revalidado em Direito ou em Ci\u00eancias Sociais ou Humanas<br>VI.b Mestrado reconhecido ou revalidado em Direito ou em Ci\u00eancias Sociais ou Humanas<br>VI.c Especializa\u00e7\u00e3o em Direito com carga m\u00ednima de 360 horas-aula e TCC<\/td><\/tr><tr><td>VII &#8211; Gradua\u00e7\u00e3o em outro curso superior ou curso regular de prepara\u00e7\u00e3o \u00e0 Magistratura ou MP<\/td><td>Curso com dura\u00e7\u00e3o m\u00ednima de 1 ano, carga m\u00ednima de 720 horas-aula, frequ\u00eancia m\u00ednima de 75% e nota de aproveitamento<\/td><\/tr><tr><td>VIII &#8211; Curso de extens\u00e3o em mat\u00e9ria jur\u00eddica com mais de 100 horas-aula<\/td><td>Com nota de aproveitamento ou TCC e, se presencial, frequ\u00eancia m\u00ednima de 75%<\/td><\/tr><tr><td>IX &#8211; Publica\u00e7\u00e3o de obras jur\u00eddicas<\/td><td>IX.a Livro jur\u00eddico de autoria exclusiva e conte\u00fado jur\u00eddico relevante<br>IX.b Artigo ou trabalho publicado em obra coletiva ou revista especializada com conselho editorial e conte\u00fado jur\u00eddico relevante<\/td><\/tr><tr><td>X &#8211; L\u00e1urea universit\u00e1ria<\/td><td>No curso de bacharelado em Direito<\/td><\/tr><tr><td>XI &#8211; Participa\u00e7\u00e3o em banca examinadora de concurso p\u00fablico<\/td><td>Para Magistratura, Minist\u00e9rio P\u00fablico, Advocacia P\u00fablica, Defensoria P\u00fablica ou doc\u00eancia em institui\u00e7\u00e3o p\u00fablica de ensino superior<\/td><\/tr><tr><td>XII &#8211; Conclus\u00e3o de Programa de Resid\u00eancia<\/td><td>Institu\u00eddo por Tribunal, com dura\u00e7\u00e3o de pelo menos 12 meses<\/td><\/tr><tr><td>XIII &#8211; Exerc\u00edcio como conciliador ou assistente jur\u00eddico volunt\u00e1rio<\/td><td>Por no m\u00ednimo 1 ano<\/td><\/tr><\/tbody><\/table><\/figure>\n\n\n\n<h2 class=\"wp-block-heading\" id=\"h-ultimo-concurso-magistratura-ce-2018\"><span id=\"ultimo-concurso-magistratura-ce-2018\">\u00daltimo concurso Magistratura CE (2018)<\/span><\/h2>\n\n\n\n<p>O <strong>\u00faltimo concurso teve edital publicado em 2018<\/strong>, com a oferta de 50 vagas para o cargo de Juiz Substituto e remunera\u00e7\u00e3o inicial de aproximadamente R$ 26,1 mil.<\/p>\n\n\n\n<ul class=\"wp-block-list\">\n<li><\/li>\n<\/ul>\n\n\n\n<h3 class=\"wp-block-heading\" id=\"h-material-de-estudo\"><span id=\"material-de-estudo\">Material de Estudo <\/span><\/h3>\n\n\n\n<ul class=\"wp-block-list\">\n<li><a href=\"https:\/\/cj.estrategia.com\/portal\/provas-comentadas-de-juiz\/\" target=\"_blank\" >Provas comentadas de concursos de Juiz: aprenda com cada quest\u00e3o<\/a><\/li>\n\n\n\n<li><a href=\"https:\/\/www.youtube.com\/watch?v=wH4Gb0YF2hQ&amp;list=PLIqSUMY9ZmeGkyjhYTWbxaZsovhdFInNb\" target=\"_blank\" >Curso Hora da Verdade: TJ CE (Juiz)<\/a><\/li>\n<\/ul>\n\n\n\n<ul class=\"wp-block-list\">\n<li><\/li>\n<\/ul>\n\n\n\n<p class=\"has-text-align-center has-medium-font-size\"><strong>Quer saber tudo sobre concursos previstos? Confira nossos artigos!<\/strong><\/p>\n\n\n\n<ul class=\"wp-block-list\">\n<li><a href=\"https:\/\/cj.estrategia.com\/portal\/concursos-abertos-carreiras-juridicas\/\" target=\"_blank\" >Concursos Jur\u00eddicos abertos<\/a><\/li>\n\n\n\n<li><a href=\"https:\/\/cj.estrategia.com\/portal\/concursos-juridicos-2026\/\" target=\"_blank\" >Concursos Jur\u00eddicos 2026<\/a><\/li>\n\n\n\n<li><a href=\"https:\/\/cj.estrategia.com\/portal\/concursos-magistratura\/\" target=\"_blank\" >Concursos Magistratura<\/a><\/li>\n\n\n\n<li><a href=\"https:\/\/cj.estrategia.com\/portal\/exame-nacional-da-magistratura\/\" target=\"_blank\" >Exame Nacional da Magistratura<\/a><\/li>\n<\/ul>\n\n\n\n<p class=\"has-text-align-center has-medium-font-size\"><strong>Assinaturas Carreiras Jur\u00eddicas <\/strong><\/p>\n\n\n\n<div class=\"wp-block-cover\" style=\"min-height:155px;aspect-ratio:unset;\"><img decoding=\"async\" width=\"1890\" height=\"351\" class=\"wp-block-cover__image-background wp-image-8669\" alt=\"Assinaturas Jur\u00eddicas\" src=\"https:\/\/cj.estrategia.com\/portal\/wp-content\/uploads\/2022\/06\/20151253\/concurso-carreiras-juridicas-assinatura-juridica.jpg\" style=\"object-position:78% 43%\" data-object-fit=\"cover\" data-object-position=\"78% 43%\" srcset=\"https:\/\/cj.estrategia.com\/portal\/wp-content\/uploads\/2022\/06\/20151253\/concurso-carreiras-juridicas-assinatura-juridica.jpg 1890w, https:\/\/cj.estrategia.com\/portal\/wp-content\/uploads\/2022\/06\/20151253\/concurso-carreiras-juridicas-assinatura-juridica-300x56.jpg 300w, https:\/\/cj.estrategia.com\/portal\/wp-content\/uploads\/2022\/06\/20151253\/concurso-carreiras-juridicas-assinatura-juridica-1024x190.jpg 1024w, https:\/\/cj.estrategia.com\/portal\/wp-content\/uploads\/2022\/06\/20151253\/concurso-carreiras-juridicas-assinatura-juridica-768x143.jpg 768w, https:\/\/cj.estrategia.com\/portal\/wp-content\/uploads\/2022\/06\/20151253\/concurso-carreiras-juridicas-assinatura-juridica-1536x285.jpg 1536w, https:\/\/cj.estrategia.com\/portal\/wp-content\/uploads\/2022\/06\/20151253\/concurso-carreiras-juridicas-assinatura-juridica-380x71.jpg 380w, https:\/\/cj.estrategia.com\/portal\/wp-content\/uploads\/2022\/06\/20151253\/concurso-carreiras-juridicas-assinatura-juridica-800x149.jpg 800w, https:\/\/cj.estrategia.com\/portal\/wp-content\/uploads\/2022\/06\/20151253\/concurso-carreiras-juridicas-assinatura-juridica-1160x215.jpg 1160w\" sizes=\"(max-width: 1890px) 100vw, 1890px\" \/><span aria-hidden=\"true\" class=\"wp-block-cover__background has-background-dim\"><\/span><div class=\"wp-block-cover__inner-container is-layout-flow wp-block-cover-is-layout-flow\">\n<h3 id=\"faca-a-sua-assinatura\" class=\"titulo-assinatura\"><span style=\"color: #ffffff;\">Fa\u00e7a a sua assinatura!<\/span><\/h3>\n<p class=\"subtitulo-assinatura\" style=\"display:block!important; line-height: 0;\"><span style=\"color: #ffffff;\">Escolha a sua \u00e1rea.<\/span><\/p>\n<a target=\"_blank\" href=\"https:\/\/www.estrategiaconcursos.com.br\/assinaturas-ecj\/\" rel=\"noopener\"><button style=\"border-radius: 10px; text-transform: capitalize;\">Acessar<\/button><\/a>\n<\/div><\/div>\n\n\n\n<figure class=\"wp-block-image size-large is-resized\"><img decoding=\"async\" src=\"https:\/\/dhg1h5j42swfq.cloudfront.net\/2021\/04\/21143859\/ficha-tecnica-161-1024x632.png\" alt=\"concurso tjm mg ficha t\u00e9cnica\" class=\"wp-image-720407\" style=\"width:162px;height:100px\"\/><\/figure>\n\n\n\n<h4 class=\"wp-block-heading\" id=\"h-informacoes-concurso-magistratura-ce\"><span id=\"informacoes-concurso-magistratura-ce\"><span style=\"font-size: 14pt; color: #000000;\">Informa\u00e7\u00f5es Concurso Magistratura CE<\/span><\/span><\/h4>\n\n\n\n<ul class=\"wp-block-list\">\n<li><span style=\"color: #000000;\"><strong>Vagas: <\/strong><\/span>30 + CR<\/li>\n\n\n\n<li><span style=\"color: #000000;\"><strong>Lota\u00e7\u00f5es:<\/strong> <\/span>Cear\u00e1<\/li>\n\n\n\n<li><span style=\"color: #000000;\"><strong>Banca:<\/strong> <\/span>FGV<\/li>\n\n\n\n<li><span style=\"color: #000000;\"><strong>Escolaridade:<\/strong> n\u00edvel superior<\/span> em direito + 3 anos de atividade jur\u00eddica<\/li>\n\n\n\n<li><strong>Edital:<\/strong>&nbsp;<a href=\"https:\/\/cj.estrategia.com\/portal\/wp-content\/uploads\/2025\/04\/16152501\/Edital-91.2025-Concurso-Magistratura.pdf\" target=\"_blank\" >Magistratura CE 2025<\/a><\/li>\n\n\n\n<li><span style=\"color: #000000;\"><strong>\u00daltimo Edital:<\/strong><\/span> <a href=\"https:\/\/cj.estrategia.com\/portal\/wp-content\/uploads\/2023\/01\/02184554\/Edital-TJ-CE-Juiz-2018.pdf\" target=\"_blank\" rel=\"noreferrer noopener nofollow\">TJ CE Juiz 2018<\/a><\/li>\n<\/ul>\n","protected":false},"excerpt":{"rendered":"Sele\u00e7\u00e3o oferta 30 vagas imediatas, com sal\u00e1rio inicial de R$ 35,8 mil!\n","protected":false},"author":12,"featured_media":177745,"comment_status":"open","ping_status":"open","sticky":false,"template":"","format":"standard","meta":{"_jetpack_memberships_contains_paid_content":false,"footnotes":""},"categories":[26],"tags":[],"tax_estado":[35],"class_list":{"0":"post-26300","1":"post","2":"type-post","3":"status-publish","4":"format-standard","5":"has-post-thumbnail","7":"category-magistratura","8":"tax_estado-ce"},"acf":[],"yoast_head":"<!-- This site is optimized with the Yoast SEO Premium plugin v27.4 (Yoast SEO v27.4) - https:\/\/yoast.com\/product\/yoast-seo-premium-wordpress\/ -->\n<title>Concurso Magistratura CE: sess\u00e3o de identifica\u00e7\u00e3o das provas e notas da senten\u00e7a em 29\/04!<\/title>\n<meta name=\"description\" content=\"Saiba tudo sobre o Concurso Magistratura CE e a divulga\u00e7\u00e3o das notas da Prova Pr\u00e1tica de Senten\u00e7a marcada para 29 de abril.\" \/>\n<meta name=\"robots\" content=\"index, follow, max-snippet:-1, max-image-preview:large, max-video-preview:-1\" \/>\n<link rel=\"canonical\" href=\"https:\/\/cj.estrategia.com\/portal\/concurso-magistratura-ce\/\" \/>\n<meta property=\"og:locale\" content=\"pt_BR\" \/>\n<meta property=\"og:type\" content=\"article\" \/>\n<meta property=\"og:title\" content=\"Concurso Magistratura CE: sess\u00e3o de identifica\u00e7\u00e3o das provas e notas da senten\u00e7a em 29\/04!\" \/>\n<meta property=\"og:description\" content=\"Saiba tudo sobre o Concurso Magistratura CE e a divulga\u00e7\u00e3o das notas da Prova Pr\u00e1tica de Senten\u00e7a marcada para 29 de abril.\" \/>\n<meta property=\"og:url\" content=\"https:\/\/cj.estrategia.com\/portal\/concurso-magistratura-ce\/\" \/>\n<meta property=\"og:site_name\" content=\"Blog - Carreiras Jur\u00eddicas - Estrat\u00e9gia\" \/>\n<meta property=\"article:publisher\" content=\"https:\/\/www.facebook.com\/estrategiacarreirajuridica\/\" \/>\n<meta property=\"article:published_time\" content=\"2026-04-23T18:16:33+00:00\" \/>\n<meta property=\"article:modified_time\" content=\"2026-04-23T18:16:39+00:00\" \/>\n<meta property=\"og:image\" content=\"https:\/\/cj.estrategia.com\/portal\/wp-content\/uploads\/2026\/02\/04110838\/juiz.jpg\" \/>\n\t<meta property=\"og:image:width\" content=\"2459\" \/>\n\t<meta property=\"og:image:height\" content=\"1383\" \/>\n\t<meta property=\"og:image:type\" content=\"image\/jpeg\" \/>\n<meta name=\"author\" content=\"Coordena\u00e7\u00e3o\" \/>\n<meta name=\"twitter:card\" content=\"summary_large_image\" \/>\n<meta name=\"twitter:creator\" content=\"@EstratJuridica\" \/>\n<meta name=\"twitter:site\" content=\"@EstratJuridica\" \/>\n<meta name=\"twitter:label1\" content=\"Escrito por\" \/>\n\t<meta name=\"twitter:data1\" content=\"Coordena\u00e7\u00e3o\" \/>\n\t<meta name=\"twitter:label2\" content=\"Est. tempo de leitura\" \/>\n\t<meta name=\"twitter:data2\" content=\"9 minutos\" \/>\n<script type=\"application\/ld+json\" class=\"yoast-schema-graph\">{\"@context\":\"https:\\\/\\\/schema.org\",\"@graph\":[{\"@type\":\"NewsArticle\",\"@id\":\"https:\\\/\\\/cj.estrategia.com\\\/portal\\\/concurso-magistratura-ce\\\/#article\",\"isPartOf\":{\"@id\":\"https:\\\/\\\/cj.estrategia.com\\\/portal\\\/concurso-magistratura-ce\\\/\"},\"author\":{\"name\":\"Coordena\u00e7\u00e3o\",\"@id\":\"https:\\\/\\\/cj.estrategia.com\\\/portal\\\/#\\\/schema\\\/person\\\/4d70317d31449932b99102916b6637f5\"},\"headline\":\"Concurso Magistratura CE: sess\u00e3o de identifica\u00e7\u00e3o das provas e notas da senten\u00e7a em 29\\\/04!\",\"datePublished\":\"2026-04-23T18:16:33+00:00\",\"dateModified\":\"2026-04-23T18:16:39+00:00\",\"mainEntityOfPage\":{\"@id\":\"https:\\\/\\\/cj.estrategia.com\\\/portal\\\/concurso-magistratura-ce\\\/\"},\"wordCount\":1766,\"commentCount\":0,\"publisher\":{\"@id\":\"https:\\\/\\\/cj.estrategia.com\\\/portal\\\/#organization\"},\"image\":{\"@id\":\"https:\\\/\\\/cj.estrategia.com\\\/portal\\\/concurso-magistratura-ce\\\/#primaryimage\"},\"thumbnailUrl\":\"https:\\\/\\\/cj.estrategia.com\\\/portal\\\/wp-content\\\/uploads\\\/2026\\\/02\\\/04110838\\\/juiz.jpg\",\"articleSection\":[\"Magistratura\"],\"inLanguage\":\"pt-BR\",\"potentialAction\":[{\"@type\":\"CommentAction\",\"name\":\"Comment\",\"target\":[\"https:\\\/\\\/cj.estrategia.com\\\/portal\\\/concurso-magistratura-ce\\\/#respond\"]}],\"accessibilityFeature\":[\"tableOfContents\"]},{\"@type\":\"WebPage\",\"@id\":\"https:\\\/\\\/cj.estrategia.com\\\/portal\\\/concurso-magistratura-ce\\\/\",\"url\":\"https:\\\/\\\/cj.estrategia.com\\\/portal\\\/concurso-magistratura-ce\\\/\",\"name\":\"Concurso Magistratura CE: sess\u00e3o de identifica\u00e7\u00e3o das provas e notas da senten\u00e7a em 29\\\/04!\",\"isPartOf\":{\"@id\":\"https:\\\/\\\/cj.estrategia.com\\\/portal\\\/#website\"},\"primaryImageOfPage\":{\"@id\":\"https:\\\/\\\/cj.estrategia.com\\\/portal\\\/concurso-magistratura-ce\\\/#primaryimage\"},\"image\":{\"@id\":\"https:\\\/\\\/cj.estrategia.com\\\/portal\\\/concurso-magistratura-ce\\\/#primaryimage\"},\"thumbnailUrl\":\"https:\\\/\\\/cj.estrategia.com\\\/portal\\\/wp-content\\\/uploads\\\/2026\\\/02\\\/04110838\\\/juiz.jpg\",\"datePublished\":\"2026-04-23T18:16:33+00:00\",\"dateModified\":\"2026-04-23T18:16:39+00:00\",\"description\":\"Saiba tudo sobre o Concurso Magistratura CE e a divulga\u00e7\u00e3o das notas da Prova Pr\u00e1tica de Senten\u00e7a marcada para 29 de abril.\",\"breadcrumb\":{\"@id\":\"https:\\\/\\\/cj.estrategia.com\\\/portal\\\/concurso-magistratura-ce\\\/#breadcrumb\"},\"inLanguage\":\"pt-BR\",\"potentialAction\":[{\"@type\":\"ReadAction\",\"target\":[\"https:\\\/\\\/cj.estrategia.com\\\/portal\\\/concurso-magistratura-ce\\\/\"]}]},{\"@type\":\"ImageObject\",\"inLanguage\":\"pt-BR\",\"@id\":\"https:\\\/\\\/cj.estrategia.com\\\/portal\\\/concurso-magistratura-ce\\\/#primaryimage\",\"url\":\"https:\\\/\\\/cj.estrategia.com\\\/portal\\\/wp-content\\\/uploads\\\/2026\\\/02\\\/04110838\\\/juiz.jpg\",\"contentUrl\":\"https:\\\/\\\/cj.estrategia.com\\\/portal\\\/wp-content\\\/uploads\\\/2026\\\/02\\\/04110838\\\/juiz.jpg\",\"width\":2459,\"height\":1383},{\"@type\":\"BreadcrumbList\",\"@id\":\"https:\\\/\\\/cj.estrategia.com\\\/portal\\\/concurso-magistratura-ce\\\/#breadcrumb\",\"itemListElement\":[{\"@type\":\"ListItem\",\"position\":1,\"name\":\"In\u00edcio\",\"item\":\"https:\\\/\\\/cj.estrategia.com\\\/portal\\\/\"},{\"@type\":\"ListItem\",\"position\":2,\"name\":\"Concurso Magistratura CE: sess\u00e3o de identifica\u00e7\u00e3o das provas e notas da senten\u00e7a em 29\\\/04!\"}]},{\"@type\":\"WebSite\",\"@id\":\"https:\\\/\\\/cj.estrategia.com\\\/portal\\\/#website\",\"url\":\"https:\\\/\\\/cj.estrategia.com\\\/portal\\\/\",\"name\":\"Blog - Carreiras Jur\u00eddicas - Estrat\u00e9gia\",\"description\":\"\",\"publisher\":{\"@id\":\"https:\\\/\\\/cj.estrategia.com\\\/portal\\\/#organization\"},\"potentialAction\":[{\"@type\":\"SearchAction\",\"target\":{\"@type\":\"EntryPoint\",\"urlTemplate\":\"https:\\\/\\\/cj.estrategia.com\\\/portal\\\/?s={search_term_string}\"},\"query-input\":{\"@type\":\"PropertyValueSpecification\",\"valueRequired\":true,\"valueName\":\"search_term_string\"}}],\"inLanguage\":\"pt-BR\"},{\"@type\":\"Organization\",\"@id\":\"https:\\\/\\\/cj.estrategia.com\\\/portal\\\/#organization\",\"name\":\"Estrat\u00e9gia - Carreiras Jur\u00eddicas\",\"url\":\"https:\\\/\\\/cj.estrategia.com\\\/portal\\\/\",\"logo\":{\"@type\":\"ImageObject\",\"inLanguage\":\"pt-BR\",\"@id\":\"https:\\\/\\\/cj.estrategia.com\\\/portal\\\/#\\\/schema\\\/logo\\\/image\\\/\",\"url\":\"https:\\\/\\\/cj.estrategia.com\\\/portal\\\/wp-content\\\/uploads\\\/2022\\\/03\\\/11151052\\\/cj-logo.png\",\"contentUrl\":\"https:\\\/\\\/cj.estrategia.com\\\/portal\\\/wp-content\\\/uploads\\\/2022\\\/03\\\/11151052\\\/cj-logo.png\",\"width\":150,\"height\":39,\"caption\":\"Estrat\u00e9gia - Carreiras Jur\u00eddicas\"},\"image\":{\"@id\":\"https:\\\/\\\/cj.estrategia.com\\\/portal\\\/#\\\/schema\\\/logo\\\/image\\\/\"},\"sameAs\":[\"https:\\\/\\\/www.facebook.com\\\/estrategiacarreirajuridica\\\/\",\"https:\\\/\\\/x.com\\\/EstratJuridica\",\"https:\\\/\\\/www.instagram.com\\\/estrategiacarreirajuridica\\\/\",\"https:\\\/\\\/www.youtube.com\\\/channel\\\/UClbMGuYbj2Mh1m3w144ETWQ\"]},{\"@type\":\"Person\",\"@id\":\"https:\\\/\\\/cj.estrategia.com\\\/portal\\\/#\\\/schema\\\/person\\\/4d70317d31449932b99102916b6637f5\",\"name\":\"Coordena\u00e7\u00e3o\",\"image\":{\"@type\":\"ImageObject\",\"inLanguage\":\"pt-BR\",\"@id\":\"https:\\\/\\\/cj.estrategia.com\\\/portal\\\/wp-content\\\/uploads\\\/2022\\\/05\\\/12164923\\\/estrategia-carreira-juridica-coordenacao-96x96.png\",\"url\":\"https:\\\/\\\/cj.estrategia.com\\\/portal\\\/wp-content\\\/uploads\\\/2022\\\/05\\\/12164923\\\/estrategia-carreira-juridica-coordenacao-96x96.png\",\"contentUrl\":\"https:\\\/\\\/cj.estrategia.com\\\/portal\\\/wp-content\\\/uploads\\\/2022\\\/05\\\/12164923\\\/estrategia-carreira-juridica-coordenacao-96x96.png\",\"caption\":\"Coordena\u00e7\u00e3o\"},\"url\":\"https:\\\/\\\/cj.estrategia.com\\\/portal\\\/author\\\/coordenacao\\\/\"}]}<\/script>\n<!-- \/ Yoast SEO Premium plugin. -->","yoast_head_json":{"title":"Concurso Magistratura CE: sess\u00e3o de identifica\u00e7\u00e3o das provas e notas da senten\u00e7a em 29\/04!","description":"Saiba tudo sobre o Concurso Magistratura CE e a divulga\u00e7\u00e3o das notas da Prova Pr\u00e1tica de Senten\u00e7a marcada para 29 de abril.","robots":{"index":"index","follow":"follow","max-snippet":"max-snippet:-1","max-image-preview":"max-image-preview:large","max-video-preview":"max-video-preview:-1"},"canonical":"https:\/\/cj.estrategia.com\/portal\/concurso-magistratura-ce\/","og_locale":"pt_BR","og_type":"article","og_title":"Concurso Magistratura CE: sess\u00e3o de identifica\u00e7\u00e3o das provas e notas da senten\u00e7a em 29\/04!","og_description":"Saiba tudo sobre o Concurso Magistratura CE e a divulga\u00e7\u00e3o das notas da Prova Pr\u00e1tica de Senten\u00e7a marcada para 29 de abril.","og_url":"https:\/\/cj.estrategia.com\/portal\/concurso-magistratura-ce\/","og_site_name":"Blog - Carreiras Jur\u00eddicas - Estrat\u00e9gia","article_publisher":"https:\/\/www.facebook.com\/estrategiacarreirajuridica\/","article_published_time":"2026-04-23T18:16:33+00:00","article_modified_time":"2026-04-23T18:16:39+00:00","og_image":[{"width":2459,"height":1383,"url":"https:\/\/cj.estrategia.com\/portal\/wp-content\/uploads\/2026\/02\/04110838\/juiz.jpg","type":"image\/jpeg"}],"author":"Coordena\u00e7\u00e3o","twitter_card":"summary_large_image","twitter_creator":"@EstratJuridica","twitter_site":"@EstratJuridica","twitter_misc":{"Escrito por":"Coordena\u00e7\u00e3o","Est. tempo de leitura":"9 minutos"},"schema":{"@context":"https:\/\/schema.org","@graph":[{"@type":"NewsArticle","@id":"https:\/\/cj.estrategia.com\/portal\/concurso-magistratura-ce\/#article","isPartOf":{"@id":"https:\/\/cj.estrategia.com\/portal\/concurso-magistratura-ce\/"},"author":{"name":"Coordena\u00e7\u00e3o","@id":"https:\/\/cj.estrategia.com\/portal\/#\/schema\/person\/4d70317d31449932b99102916b6637f5"},"headline":"Concurso Magistratura CE: sess\u00e3o de identifica\u00e7\u00e3o das provas e notas da senten\u00e7a em 29\/04!","datePublished":"2026-04-23T18:16:33+00:00","dateModified":"2026-04-23T18:16:39+00:00","mainEntityOfPage":{"@id":"https:\/\/cj.estrategia.com\/portal\/concurso-magistratura-ce\/"},"wordCount":1766,"commentCount":0,"publisher":{"@id":"https:\/\/cj.estrategia.com\/portal\/#organization"},"image":{"@id":"https:\/\/cj.estrategia.com\/portal\/concurso-magistratura-ce\/#primaryimage"},"thumbnailUrl":"https:\/\/cj.estrategia.com\/portal\/wp-content\/uploads\/2026\/02\/04110838\/juiz.jpg","articleSection":["Magistratura"],"inLanguage":"pt-BR","potentialAction":[{"@type":"CommentAction","name":"Comment","target":["https:\/\/cj.estrategia.com\/portal\/concurso-magistratura-ce\/#respond"]}],"accessibilityFeature":["tableOfContents"]},{"@type":"WebPage","@id":"https:\/\/cj.estrategia.com\/portal\/concurso-magistratura-ce\/","url":"https:\/\/cj.estrategia.com\/portal\/concurso-magistratura-ce\/","name":"Concurso Magistratura CE: sess\u00e3o de identifica\u00e7\u00e3o das provas e notas da senten\u00e7a em 29\/04!","isPartOf":{"@id":"https:\/\/cj.estrategia.com\/portal\/#website"},"primaryImageOfPage":{"@id":"https:\/\/cj.estrategia.com\/portal\/concurso-magistratura-ce\/#primaryimage"},"image":{"@id":"https:\/\/cj.estrategia.com\/portal\/concurso-magistratura-ce\/#primaryimage"},"thumbnailUrl":"https:\/\/cj.estrategia.com\/portal\/wp-content\/uploads\/2026\/02\/04110838\/juiz.jpg","datePublished":"2026-04-23T18:16:33+00:00","dateModified":"2026-04-23T18:16:39+00:00","description":"Saiba tudo sobre o Concurso Magistratura CE e a divulga\u00e7\u00e3o das notas da Prova Pr\u00e1tica de Senten\u00e7a marcada para 29 de abril.","breadcrumb":{"@id":"https:\/\/cj.estrategia.com\/portal\/concurso-magistratura-ce\/#breadcrumb"},"inLanguage":"pt-BR","potentialAction":[{"@type":"ReadAction","target":["https:\/\/cj.estrategia.com\/portal\/concurso-magistratura-ce\/"]}]},{"@type":"ImageObject","inLanguage":"pt-BR","@id":"https:\/\/cj.estrategia.com\/portal\/concurso-magistratura-ce\/#primaryimage","url":"https:\/\/cj.estrategia.com\/portal\/wp-content\/uploads\/2026\/02\/04110838\/juiz.jpg","contentUrl":"https:\/\/cj.estrategia.com\/portal\/wp-content\/uploads\/2026\/02\/04110838\/juiz.jpg","width":2459,"height":1383},{"@type":"BreadcrumbList","@id":"https:\/\/cj.estrategia.com\/portal\/concurso-magistratura-ce\/#breadcrumb","itemListElement":[{"@type":"ListItem","position":1,"name":"In\u00edcio","item":"https:\/\/cj.estrategia.com\/portal\/"},{"@type":"ListItem","position":2,"name":"Concurso Magistratura CE: sess\u00e3o de identifica\u00e7\u00e3o das provas e notas da senten\u00e7a em 29\/04!"}]},{"@type":"WebSite","@id":"https:\/\/cj.estrategia.com\/portal\/#website","url":"https:\/\/cj.estrategia.com\/portal\/","name":"Blog - Carreiras Jur\u00eddicas - Estrat\u00e9gia","description":"","publisher":{"@id":"https:\/\/cj.estrategia.com\/portal\/#organization"},"potentialAction":[{"@type":"SearchAction","target":{"@type":"EntryPoint","urlTemplate":"https:\/\/cj.estrategia.com\/portal\/?s={search_term_string}"},"query-input":{"@type":"PropertyValueSpecification","valueRequired":true,"valueName":"search_term_string"}}],"inLanguage":"pt-BR"},{"@type":"Organization","@id":"https:\/\/cj.estrategia.com\/portal\/#organization","name":"Estrat\u00e9gia - Carreiras Jur\u00eddicas","url":"https:\/\/cj.estrategia.com\/portal\/","logo":{"@type":"ImageObject","inLanguage":"pt-BR","@id":"https:\/\/cj.estrategia.com\/portal\/#\/schema\/logo\/image\/","url":"https:\/\/cj.estrategia.com\/portal\/wp-content\/uploads\/2022\/03\/11151052\/cj-logo.png","contentUrl":"https:\/\/cj.estrategia.com\/portal\/wp-content\/uploads\/2022\/03\/11151052\/cj-logo.png","width":150,"height":39,"caption":"Estrat\u00e9gia - Carreiras Jur\u00eddicas"},"image":{"@id":"https:\/\/cj.estrategia.com\/portal\/#\/schema\/logo\/image\/"},"sameAs":["https:\/\/www.facebook.com\/estrategiacarreirajuridica\/","https:\/\/x.com\/EstratJuridica","https:\/\/www.instagram.com\/estrategiacarreirajuridica\/","https:\/\/www.youtube.com\/channel\/UClbMGuYbj2Mh1m3w144ETWQ"]},{"@type":"Person","@id":"https:\/\/cj.estrategia.com\/portal\/#\/schema\/person\/4d70317d31449932b99102916b6637f5","name":"Coordena\u00e7\u00e3o","image":{"@type":"ImageObject","inLanguage":"pt-BR","@id":"https:\/\/cj.estrategia.com\/portal\/wp-content\/uploads\/2022\/05\/12164923\/estrategia-carreira-juridica-coordenacao-96x96.png","url":"https:\/\/cj.estrategia.com\/portal\/wp-content\/uploads\/2022\/05\/12164923\/estrategia-carreira-juridica-coordenacao-96x96.png","contentUrl":"https:\/\/cj.estrategia.com\/portal\/wp-content\/uploads\/2022\/05\/12164923\/estrategia-carreira-juridica-coordenacao-96x96.png","caption":"Coordena\u00e7\u00e3o"},"url":"https:\/\/cj.estrategia.com\/portal\/author\/coordenacao\/"}]}},"jetpack_featured_media_url":"https:\/\/cj.estrategia.com\/portal\/wp-content\/uploads\/2026\/02\/04110838\/juiz.jpg","jetpack_sharing_enabled":true,"_links":{"self":[{"href":"https:\/\/cj.estrategia.com\/portal\/wp-json\/wp\/v2\/posts\/26300","targetHints":{"allow":["GET"]}}],"collection":[{"href":"https:\/\/cj.estrategia.com\/portal\/wp-json\/wp\/v2\/posts"}],"about":[{"href":"https:\/\/cj.estrategia.com\/portal\/wp-json\/wp\/v2\/types\/post"}],"author":[{"embeddable":true,"href":"https:\/\/cj.estrategia.com\/portal\/wp-json\/wp\/v2\/users\/12"}],"replies":[{"embeddable":true,"href":"https:\/\/cj.estrategia.com\/portal\/wp-json\/wp\/v2\/comments?post=26300"}],"version-history":[{"count":188,"href":"https:\/\/cj.estrategia.com\/portal\/wp-json\/wp\/v2\/posts\/26300\/revisions"}],"predecessor-version":[{"id":187306,"href":"https:\/\/cj.estrategia.com\/portal\/wp-json\/wp\/v2\/posts\/26300\/revisions\/187306"}],"wp:featuredmedia":[{"embeddable":true,"href":"https:\/\/cj.estrategia.com\/portal\/wp-json\/wp\/v2\/media\/177745"}],"wp:attachment":[{"href":"https:\/\/cj.estrategia.com\/portal\/wp-json\/wp\/v2\/media?parent=26300"}],"wp:term":[{"taxonomy":"category","embeddable":true,"href":"https:\/\/cj.estrategia.com\/portal\/wp-json\/wp\/v2\/categories?post=26300"},{"taxonomy":"post_tag","embeddable":true,"href":"https:\/\/cj.estrategia.com\/portal\/wp-json\/wp\/v2\/tags?post=26300"},{"taxonomy":"tax_estado","embeddable":true,"href":"https:\/\/cj.estrategia.com\/portal\/wp-json\/wp\/v2\/tax_estado?post=26300"}],"curies":[{"name":"wp","href":"https:\/\/api.w.org\/{rel}","templated":true}]}}