{"id":26049,"date":"2022-12-27T21:17:48","date_gmt":"2022-12-28T00:17:48","guid":{"rendered":"https:\/\/cj.estrategia.com\/portal\/?p=26049"},"modified":"2022-12-27T21:17:50","modified_gmt":"2022-12-28T00:17:50","slug":"concursos-agu-pgf-pgfn","status":"publish","type":"post","link":"https:\/\/cj.estrategia.com\/portal\/concursos-agu-pgf-pgfn\/","title":{"rendered":"Concursos AGU, PGF e PGFN: Editais Publicados!"},"content":{"rendered":"\n<p id=\"block-8f4183e5-0465-4111-a6b1-efcbbcc38a7a\"><br>Foram publicados os <strong>editais AGU, PGF e PGFN<\/strong>! Conforme o documento, a <a href=\"https:\/\/cj.estrategia.com\/catalogo-produtos\/advocacia-publica-federal\/?id=22ebe1e3-1f5a-4193-8a55-750435dd7d46&name=Advocacia%20P%C3%BAblica%20Federal\" target=\"_blank\" >Advocacia Geral da Uni\u00e3o<\/a>, <a href=\"https:\/\/cj.estrategia.com\/catalogo-produtos\/advocacia-publica-federal\/?id=22ebe1e3-1f5a-4193-8a55-750435dd7d46&name=Advocacia%20P%C3%BAblica%20Federal\" target=\"_blank\" >Procuradoria-Geral Federal<\/a> e <a href=\"https:\/\/cj.estrategia.com\/catalogo-produtos\/produto\/pgfn-procurador-da-fazenda-nacional-pacote-teorico-2023-pre-edital\/\" target=\"_blank\" >Fazenda Nacional<\/a> oferecem <strong>300 vagas<\/strong> imediatas mais forma\u00e7\u00e3o de cadastro reserva para cargos de n\u00edvel superior de forma\u00e7\u00e3o.<\/p>\n\n\n\n<p id=\"block-3fcef3b0-e365-4233-b3e4-49f521a0c0ad\">Os sal\u00e1rios iniciais s\u00e3o de\u00a0<strong>R$ 21.014,49<\/strong> e podem chegar a<strong> R$ 27.303,70<\/strong>. Os interessados em participar da sele\u00e7\u00e3o devem realizar as inscri\u00e7\u00f5es no per\u00edodo de 09 de janeiro a 07 de fevereiro de 2023, no site da banca organizadora, Cebraspe.<\/p>\n\n\n\n<p id=\"block-3e495528-7ff9-4aa8-9430-43282d5452e4\">As taxas foram definidas em R$ 180,00. As provas ser\u00e3o aplicadas nos dias:<\/p>\n\n\n\n<ul class=\"wp-block-list\" id=\"block-86ed27e2-4055-4566-b3d6-482fe1ac526c\">\n<li>Advogado da Uni\u00e3o: 30\/04\/2023;<\/li>\n\n\n\n<li>Procurador Federal: 07\/05\/2023; e<\/li>\n\n\n\n<li>Procurador da Fazenda Nacional: 21\/05\/2023.<\/li>\n<\/ul>\n\n\n\n<ul class=\"wp-block-list\" id=\"block-4705664a-46f9-4651-a3b7-0dc2503d362f\">\n<li><strong>Banca:<\/strong> Cebraspe<\/li>\n\n\n\n<li><strong>Vagas:<\/strong> 300 + CR<\/li>\n\n\n\n<li><strong>Cargo<\/strong>: Procurador Federal, Advogado da Uni\u00e3o e Procurador da Fazenda Nacional<\/li>\n\n\n\n<li><strong>Sal\u00e1rio inicial:<\/strong> \u00a0R$ 21.014,49<\/li>\n\n\n\n<li><strong>Editais<\/strong>: <a href=\"https:\/\/www.in.gov.br\/web\/dou\/-\/edital-n-1-procurador-federal-de-26-de-dezembro-de-2022-453799970\" target=\"_blank\" >Procurador Federal <\/a>\/\/ <a href=\"https:\/\/www.in.gov.br\/web\/dou\/-\/edital-n-1-agu-de-26-de-dezembro-de-2022-453782934\" target=\"_blank\" >AGU<\/a> \/\/ <a href=\"https:\/\/www.in.gov.br\/web\/dou\/-\/edital-n-1-pfn-de-26-de-dezembro-de-2022-453709368\" target=\"_blank\" >Procurador da Fazenda Nacional<\/a><\/li>\n<\/ul>\n\n\n\n<h2 class=\"wp-block-heading\" id=\"block-78b4c7d5-f580-4929-ba17-f75cb16bdee2\"><span id=\"principais-datas-dos-editais-agu-pgf-e-pgfn\">Principais datas dos editais AGU, PGF e PGFN<\/span><\/h2>\n\n\n\n<p id=\"block-1cfabdb4-5535-4663-a817-61ba4ac5fc90\"><strong>Inscri\u00e7\u00f5es<\/strong>: 09 de janeiro a 07 de fevereiro de 2023<br><strong>Prova<\/strong>: AGU \u2013 30\/04\/2023 \/\/ PGF \u2013 07\/05\/2023 \/\/ PGFN 21\/05\/2023<\/p>\n\n\n\n<h2 class=\"wp-block-heading\" id=\"block-6606c880-d8bf-4a15-98e2-eb6381180afe\"><span id=\"cargos-e-vagas-dos-editais-agu-pgf-e-pgfn\">Cargos e vagas dos editais AGU, PGF e PGFN<\/span><\/h2>\n\n\n\n<figure class=\"wp-block-table\"><table><thead><tr><th>CARGOS<\/th><th>VAGAS<\/th><th>SAL\u00c1RIO<\/th><\/tr><\/thead><tbody><tr><td>Advogado-geral da Uni\u00e3o<\/td><td>75 vagas ampla + CR \/\/ 5 vagas PCDs + CR \/\/ 20 vagas cotas + CR<\/td><td>R$ 21.014,49<\/td><\/tr><tr><td>Procurador Federal<\/td><td>\u00a075 vagas ampla + CR \/\/ 5 vagas PCDs + CR \/\/ 20 vagas cotas + CR<\/td><td>R$ 21.014,49<\/td><\/tr><tr><td>Procurador da Fazenda Nacional<\/td><td>75 vagas ampla + CR \/\/ 5 vagas PCDs + CR \/\/ 20 vagas cotas + CR<\/td><td>R$ 21.014,49<\/td><\/tr><\/tbody><\/table><\/figure>\n\n\n\n<p id=\"block-73f2b7bb-f320-4c96-83e7-0825c83114db\">Os sal\u00e1rios iniciais s\u00e3o de R$ 21.014,49 e finais de R$ 27.303,70.<\/p>\n\n\n\n<h2 class=\"wp-block-heading\" id=\"block-f8f3f33c-3032-46f9-833b-8091172e106d\"><span id=\"requisitos-dos-editais-agu-pgf-e-pgfn\">Requisitos dos editais AGU, PGF e PGFN<\/span><\/h2>\n\n\n\n<p id=\"block-5056393d-5701-43e1-983b-948698240f74\">Para ingressar nas carreiras ofertadas pelo edital, os candidatos precisam ter aten\u00e7\u00e3o aos requisitos que s\u00e3o exigidos. Veja:<\/p>\n\n\n\n<ul class=\"wp-block-list\" id=\"block-cb340525-f073-469c-9365-5d347ea250a4\">\n<li><strong>Procurador Federal<\/strong>: Diploma, devidamente registrado, de conclus\u00e3o de curso de gradua\u00e7\u00e3o de n\u00edvel superior em Direito, fornecido por institui\u00e7\u00e3o de ensino superior reconhecida pelo Minist\u00e9rio da Educa\u00e7\u00e3o (MEC), registro na Ordem dos Advogados do Brasil (OAB) e comprova\u00e7\u00e3o de, no m\u00ednimo, dois anos de pr\u00e1tica forense.<\/li>\n\n\n\n<li><strong>Advogado da Uni\u00e3o<\/strong>: Diploma, devidamente registrado, de conclus\u00e3o de curso de gradua\u00e7\u00e3o de n\u00edvel superior em Direito, fornecido por institui\u00e7\u00e3o de ensino superior reconhecida pelo Minist\u00e9rio da Educa\u00e7\u00e3o (MEC), registro na Ordem dos Advogados do Brasil (OAB) e comprova\u00e7\u00e3o de, no m\u00ednimo, dois anos de pr\u00e1tica forense.<\/li>\n\n\n\n<li><strong>Procurador da Fazenda Nacional<\/strong>: Diploma, devidamente registrado, de conclus\u00e3o de curso de gradua\u00e7\u00e3o de n\u00edvel superior em Direito, fornecido por institui\u00e7\u00e3o de ensino superior reconhecida pelo Minist\u00e9rio da Educa\u00e7\u00e3o (MEC), registro na Ordem dos Advogados do Brasil (OAB) e comprova\u00e7\u00e3o de, no m\u00ednimo, dois anos de pr\u00e1tica forense.<\/li>\n<\/ul>\n\n\n\n<h2 class=\"wp-block-heading\" id=\"block-4c827caa-be74-4bd0-b9a9-d73be98654bb\"><span id=\"etapas-e-provas-dos-editais-agu-pgf-e-pgfn\">Etapas e provas dos editais AGU, PGF e PGFN<\/span><\/h2>\n\n\n\n<p id=\"block-6fb43f33-0f2c-44e3-8691-102cb523aa61\">A sele\u00e7\u00e3o dos candidatos inscritos nos editais AGU, PGF e PGFN se dar\u00e1 mediante aplica\u00e7\u00e3o das seguintes etapas:<\/p>\n\n\n\n<ul class=\"wp-block-list\" id=\"block-d32fabb1-0c62-461f-8285-0e05b98177d3\">\n<li>a) prova objetiva, de car\u00e1ter eliminat\u00f3rio e classificat\u00f3rio;<\/li>\n\n\n\n<li>b) provas discursivas, de car\u00e1ter eliminat\u00f3rio e classificat\u00f3rio;<\/li>\n\n\n\n<li>c) inscri\u00e7\u00e3o definitiva, de car\u00e1ter eliminat\u00f3rio;<\/li>\n\n\n\n<li>d) prova oral, de car\u00e1ter eliminat\u00f3rio e classificat\u00f3rio;<\/li>\n\n\n\n<li>e) sindic\u00e2ncia de vida pregressa, de car\u00e1ter eliminat\u00f3rio; e<\/li>\n\n\n\n<li>f) avalia\u00e7\u00e3o de t\u00edtulos, de car\u00e1ter classificat\u00f3rio.<\/li>\n<\/ul>\n\n\n\n<p id=\"block-ae55b12c-3708-4851-b206-c2865c8fddd7\">As provas objetivas ser\u00e3o aplicadas em dias distintos, sendo:<\/p>\n\n\n\n<ul class=\"wp-block-list\" id=\"block-abf6ffb4-9be5-4ce6-a335-850835b6c0a6\">\n<li>Advogado da Uni\u00e3o: 30\/04\/2023<\/li>\n\n\n\n<li>Procurador Federal: 07\/05\/2023<\/li>\n\n\n\n<li>Procurador da Fazenda Nacional: 21\/05\/2023<\/li>\n<\/ul>\n\n\n\n<p id=\"block-9379d30c-291e-4b4b-b677-855b501295c3\">As provas objetivas e discursivas ser\u00e3o aplicadas em todas as capitais dos 26 estados da Federa\u00e7\u00e3o e no Distrito Federal.<\/p>\n\n\n\n<h3 class=\"wp-block-heading\" id=\"block-dd788068-60b4-4796-8f8f-1c6941ccf5b3\"><span id=\"prova-objetiva\">Prova objetiva<\/span><\/h3>\n\n\n\n<p id=\"block-58e41eb2-73ba-42d4-b3a6-5865eb08b52f\">As provas objetivas contar\u00e3o com 100 quest\u00f5es de m\u00faltipla escolha. Cada quest\u00e3o ter\u00e1 cinco op\u00e7\u00f5es (A, B, C, D e E) e apenas uma \u00fanica reposta correta.<\/p>\n\n\n\n<p id=\"block-de447670-26c5-465d-bc6a-030d3aee60c2\">A prova valer\u00e1, no total, 100 pontos, e ser\u00e1 considerado aprovado o candidato que obtiver pontua\u00e7\u00e3o m\u00ednima, em cada um dos grupos, 50% do total de pontos.<\/p>\n\n\n\n<p id=\"block-1471e224-c690-498f-be8a-6c01546f48e0\">Veja as disciplinas que ser\u00e3o cobradas para o cargo de Procurador Federal:<\/p>\n\n\n\n<ul class=\"wp-block-list\" id=\"block-700ff1b1-6783-4225-8ee6-f8e8823128d8\">\n<li>Grupo I (56 quest\u00f5es)\n<ul class=\"wp-block-list\">\n<li>Direito Constitucional<\/li>\n\n\n\n<li>Direito Administrativo<\/li>\n\n\n\n<li>Direito Financeiro e Econ\u00f4mico<\/li>\n\n\n\n<li>Direito Tribut\u00e1rio<\/li>\n\n\n\n<li>Direito da Seguridade Social<\/li>\n\n\n\n<li>Direito Ambiental<\/li>\n<\/ul>\n<\/li>\n\n\n\n<li>Grupo II (30 quest\u00f5es)\n<ul class=\"wp-block-list\">\n<li>Direito Civil<\/li>\n\n\n\n<li>Direito Processual Civil<\/li>\n\n\n\n<li>Direito Empresarial<\/li>\n\n\n\n<li>Direito Internacional P\u00fablico<\/li>\n<\/ul>\n<\/li>\n\n\n\n<li>Grupo III (14 quest\u00f5es)\n<ul class=\"wp-block-list\">\n<li>Direito Penal e Processual Penal<\/li>\n\n\n\n<li>Direito do Trabalho e Processual do Trabalho<\/li>\n\n\n\n<li>Direito Agr\u00e1rio e Legisla\u00e7\u00e3o sobre Educa\u00e7\u00e3o e Ci\u00eancia, Tecnologia e Inova\u00e7\u00e3o<\/li>\n<\/ul>\n<\/li>\n<\/ul>\n\n\n\n<p id=\"block-37f3aa42-989c-4687-b0cf-5c3b96d04a66\">Veja as disciplinas que ser\u00e3o cobradas para o cargo de Advogado Geral:<\/p>\n\n\n\n<ul class=\"wp-block-list\" id=\"block-43f4ae47-0274-4381-9ab7-a7a951da9bd3\">\n<li>Grupo I (46 quest\u00f5es)\n<ul class=\"wp-block-list\">\n<li>Direito Constitucional<\/li>\n\n\n\n<li>Direito Administrativo<\/li>\n\n\n\n<li>Direito Tribut\u00e1rio<\/li>\n\n\n\n<li>Legisla\u00e7\u00e3o da Advocacia-Geral da Uni\u00e3o, Gest\u00e3o de Conflito e Governan\u00e7a<\/li>\n\n\n\n<li>Direito Financeiro e Econ\u00f4mico<\/li>\n\n\n\n<li>Direito Ambiental<\/li>\n<\/ul>\n<\/li>\n\n\n\n<li>Grupo II (34 quest\u00f5es)\n<ul class=\"wp-block-list\">\n<li>Direito Civil<\/li>\n\n\n\n<li>Direito Processual Civil<\/li>\n\n\n\n<li>Direito Empresarial<\/li>\n\n\n\n<li>Direito Internacional P\u00fablico e Privado<\/li>\n<\/ul>\n<\/li>\n\n\n\n<li>Grupo III (20 quest\u00f5es)\n<ul class=\"wp-block-list\">\n<li>Direito Penal e Direito Processual Penal<\/li>\n\n\n\n<li>Direito do Trabalho e Direito Processual do Trabalho<\/li>\n\n\n\n<li>Direito da Seguridade Social<\/li>\n\n\n\n<li>Direito Eleitoral<\/li>\n<\/ul>\n<\/li>\n<\/ul>\n\n\n\n<p id=\"block-76f6c916-47fa-48eb-a90c-47a752f152a9\">Veja as disciplinas que ser\u00e3o cobradas para o cargo de Procurador da Fazenda Nacional:<\/p>\n\n\n\n<ul class=\"wp-block-list\" id=\"block-a5928da5-7c90-4cfd-a6d6-9ef0e0da7234\">\n<li>Grupo I (34 quest\u00f5es)\n<ul class=\"wp-block-list\">\n<li>Direito Tribut\u00e1rio<\/li>\n\n\n\n<li>Direito Financeiro e Econ\u00f4mico<\/li>\n\n\n\n<li>Direito da Seguridade Social<\/li>\n<\/ul>\n<\/li>\n\n\n\n<li>Grupo II (34 quest\u00f5es)\n<ul class=\"wp-block-list\">\n<li>Direito Processual Civil<\/li>\n\n\n\n<li>Direito Civil<\/li>\n\n\n\n<li>Direito Empresarial<\/li>\n\n\n\n<li>Direito Penal e Processual Penal<\/li>\n\n\n\n<li>Direito do Trabalho e Processual do Trabalho<\/li>\n<\/ul>\n<\/li>\n\n\n\n<li>Grupo III (32 quest\u00f5es)\n<ul class=\"wp-block-list\">\n<li>Direito Constitucional<\/li>\n\n\n\n<li>Direito Administrativo<\/li>\n\n\n\n<li>Direito Internacional P\u00fablico<\/li>\n<\/ul>\n<\/li>\n<\/ul>\n\n\n\n<h3 class=\"wp-block-heading\" id=\"block-a9320c7a-6e32-461c-bff0-6e0dc3daad77\"><span id=\"prova-discursiva\">Prova discursiva<\/span><\/h3>\n\n\n\n<p id=\"block-5fedfdf0-6f93-4b26-9e09-cce06961d1cd\">Ser\u00e3o tr\u00eas provas discursivas, confira as datas de aplica\u00e7\u00e3o para cada carreira:<\/p>\n\n\n\n<ul class=\"wp-block-list\" id=\"block-ea11508c-ed09-43c4-bb9e-ef5daf6f35ea\">\n<li>Procurador Federal\n<ul class=\"wp-block-list\">\n<li>Prova discursiva 1: 24\/06\/2023<\/li>\n\n\n\n<li>Prova discursiva 2: 25\/06\/2023<\/li>\n\n\n\n<li>Prova discursiva 3: 25\/06\/2023<\/li>\n<\/ul>\n<\/li>\n\n\n\n<li>Advogado da Uni\u00e3o\n<ul class=\"wp-block-list\">\n<li>Prova discursiva 1: 17\/06\/2023<\/li>\n\n\n\n<li>Prova discursiva 2: 18\/06\/2023<\/li>\n\n\n\n<li>Prova discursiva 3: 18\/06\/2023<\/li>\n<\/ul>\n<\/li>\n\n\n\n<li>Procurador da Fazenda Nacional\n<ul class=\"wp-block-list\">\n<li>Prova discursiva 1: 08\/07\/2023<\/li>\n\n\n\n<li>Prova discursiva 2: 09\/07\/2023<\/li>\n\n\n\n<li>Prova discursiva 3: 09\/07\/2023<\/li>\n<\/ul>\n<\/li>\n<\/ul>\n\n\n\n<p id=\"block-2da87a22-b6b7-45ea-ad35-4013ad7d5dee\">As provas discursivas valer\u00e3o, no total, 300 pontos.<\/p>\n\n\n\n<h4 class=\"wp-block-heading\" id=\"block-3fd23c18-30a2-4f98-883f-d137f738f1e4\"><span id=\"procurador-federal\">Procurador Federal<\/span><\/h4>\n\n\n\n<ul class=\"wp-block-list\" id=\"block-544932e0-355d-449f-a779-1b7baf7699d9\">\n<li>A primeira prova discursiva ser\u00e1 composta por:\n<ul class=\"wp-block-list\">\n<li>a) parte 1: reda\u00e7\u00e3o de um parecer, de at\u00e9 120 linhas, no valor de 70,00 pontos, abordando prioritariamente as disciplinas relacionadas no Grupo I; e<\/li>\n\n\n\n<li>b) parte 2: tr\u00eas quest\u00f5es, abordando prioritariamente as disciplinas relacionadas no Grupo I, a serem respondidas em at\u00e9 30 linhas cada, no valor de 10,00 pontos cada, totalizando 30,00 pontos.<\/li>\n<\/ul>\n<\/li>\n\n\n\n<li>A segunda prova discursiva ser\u00e1 composta por:\n<ul class=\"wp-block-list\">\n<li>a) parte 1: reda\u00e7\u00e3o de uma pe\u00e7a judicial, de at\u00e9 120 linhas, no valor de 70,00 pontos, abordando prioritariamente as disciplinas relacionadas nos Grupos I e II; e<\/li>\n\n\n\n<li>b) parte 2: tr\u00eas quest\u00f5es, abordando prioritariamente as disciplinas relacionadas nos Grupos I e II, a serem respondidas em at\u00e9 30 linhas cada, no valor de 10,00 pontos cada, totalizando 30,00 pontos.<\/li>\n<\/ul>\n<\/li>\n\n\n\n<li>A terceira prova discursiva ser\u00e1 composta por:\n<ul class=\"wp-block-list\">\n<li>a) parte 1: reda\u00e7\u00e3o de uma disserta\u00e7\u00e3o, de at\u00e9 120 linhas, no valor de 70,00 pontos, abordando prioritariamente as disciplinas relacionadas nos Grupos I e III; e<\/li>\n\n\n\n<li>b) parte 2: tr\u00eas quest\u00f5es, abordando prioritariamente as disciplinas relacionadas nos Grupos I e III, a serem respondidas em at\u00e9 30 linhas cada, no valor de 10,00 pontos cada, totalizando 30,00 pontos.<\/li>\n<\/ul>\n<\/li>\n<\/ul>\n\n\n\n<h4 class=\"wp-block-heading\" id=\"block-ec6d7125-e267-4227-8ecb-a4e5b99a1dc0\"><span id=\"advogado-geral-da-uniao\">Advogado Geral da Uni\u00e3o<\/span><\/h4>\n\n\n\n<ul class=\"wp-block-list\" id=\"block-632cfa9d-9484-4064-a875-57fda1a5e215\">\n<li>A primeira prova discursiva ser\u00e1 composta por:\n<ul class=\"wp-block-list\">\n<li>a) parte 1: reda\u00e7\u00e3o de um parecer, de at\u00e9 120 linhas, no valor de 70,00 pontos, abordando prioritariamente as disciplinas relacionadas no Grupo I; e<\/li>\n\n\n\n<li>b) parte 2: tr\u00eas quest\u00f5es, abordando prioritariamente as disciplinas relacionadas no Grupo I, a serem respondidas em at\u00e9 30 linhas cada, no valor de 10,00 pontos cada, totalizando 30,00 pontos.<\/li>\n<\/ul>\n<\/li>\n\n\n\n<li>A segunda prova discursiva ser\u00e1 composta por:\n<ul class=\"wp-block-list\">\n<li>a) parte 1: reda\u00e7\u00e3o de uma pe\u00e7a judicial, de at\u00e9 120 linhas, no valor de 70,00 pontos, abordando prioritariamente as disciplinas relacionadas nos Grupos I e II; e<\/li>\n\n\n\n<li>b) parte 2: tr\u00eas quest\u00f5es, abordando prioritariamente as disciplinas relacionadas nos Grupos I e II, a serem respondidas em at\u00e9 30 linhas cada, no valor de 10,00 pontos cada, totalizando 30,00 pontos<\/li>\n<\/ul>\n<\/li>\n\n\n\n<li>A terceira prova discursiva ser\u00e1 composta por:\n<ul class=\"wp-block-list\">\n<li>a) parte 1: reda\u00e7\u00e3o de uma disserta\u00e7\u00e3o, de at\u00e9 120 linhas, no valor de 70,00 pontos, abordando prioritariamente as disciplinas relacionadas nos Grupos I e III; e<\/li>\n\n\n\n<li>b) parte 2: tr\u00eas quest\u00f5es, abordando prioritariamente as disciplinas relacionadas nos Grupos I e III, a serem respondidas em at\u00e9 30 linhas cada, no valor de 10,00 pontos cada, totalizando 30,00 pontos.<\/li>\n<\/ul>\n<\/li>\n<\/ul>\n\n\n\n<h4 class=\"wp-block-heading\" id=\"block-59ee9869-4ca5-4d15-98b8-a5f2d662c178\"><span id=\"procurador-da-fazenda-nacional\">Procurador da Fazenda Nacional<\/span><\/h4>\n\n\n\n<ul class=\"wp-block-list\" id=\"block-b1d72233-0bf1-40a1-9d6c-e84c0408a725\">\n<li>A primeira prova discursiva ser\u00e1 composta por:\n<ul class=\"wp-block-list\">\n<li>a) parte 1: reda\u00e7\u00e3o de um parecer, de at\u00e9 120 linhas, no valor de 70,00 pontos, abordando prioritariamente as disciplinas relacionadas no Grupo I; e<\/li>\n\n\n\n<li>b) parte 2: tr\u00eas quest\u00f5es, abordando prioritariamente as disciplinas relacionadas no Grupo I, a serem respondidas em at\u00e9 30 linhas cada, no valor de 10,00 pontos cada, totalizando 30,00 pontos.<\/li>\n<\/ul>\n<\/li>\n\n\n\n<li>A segunda prova discursiva ser\u00e1 composta por:\n<ul class=\"wp-block-list\">\n<li>a) parte 1: reda\u00e7\u00e3o de uma pe\u00e7a judicial, de at\u00e9 120 linhas, no valor de 70,00 pontos, abordando prioritariamente as disciplinas relacionadas nos Grupos I e II; e<\/li>\n\n\n\n<li>b) parte 2: tr\u00eas quest\u00f5es, abordando prioritariamente as disciplinas relacionadas nos Grupos I e II, a serem respondidas em at\u00e9 30 linhas cada, no valor de 10,00 pontos cada, totalizando 30,00 pontos<\/li>\n<\/ul>\n<\/li>\n\n\n\n<li>A terceira prova discursiva ser\u00e1 composta por:\n<ul class=\"wp-block-list\">\n<li>a) parte 1: reda\u00e7\u00e3o de uma disserta\u00e7\u00e3o, de at\u00e9 120 linhas, no valor de 70,00 pontos, abordando prioritariamente as disciplinas relacionadas nos Grupos I e III; e<\/li>\n\n\n\n<li>b) parte 2: tr\u00eas quest\u00f5es, abordando prioritariamente as disciplinas relacionadas nos Grupos I e III, a serem respondidas em at\u00e9 30 linhas cada, no valor de 10,00 pontos cada, totalizando 30,00 pontos.<\/li>\n<\/ul>\n<\/li>\n<\/ul>\n\n\n\n<h2 class=\"has-text-align-center has-luminous-vivid-amber-background-color has-background has-medium-font-size wp-block-heading\" id=\"block-3708563e-ef2a-4a4e-816d-77ee7f2ac45e\"><span id=\"saiba-mais-concurso-agu\"><strong>Saiba mais: <\/strong><a href=\"https:\/\/cj.estrategia.com\/portal\/concurso-agu\/\" target=\"_blank\" ><strong>Concurso AGU<\/strong><\/a><\/span><\/h2>\n\n\n\n<h2 class=\"has-text-align-center has-luminous-vivid-amber-background-color has-background has-medium-font-size wp-block-heading\" id=\"block-e589ff41-60b7-4674-971c-cc8d61fd3902\"><span id=\"saiba-mais-concurso-pgf\"><strong>Saiba mais: <a href=\"https:\/\/cj.estrategia.com\/portal\/concurso-procurador-federal\/\" target=\"_blank\" >Concurso PGF<\/a><\/strong><\/span><\/h2>\n\n\n\n<h2 class=\"has-text-align-center has-luminous-vivid-amber-background-color has-background has-medium-font-size wp-block-heading\" id=\"block-35c16717-c0c1-4394-a1ae-2e3ace1eb7e9\"><span id=\"saiba-mais-concurso-pgfn\"><strong>Saiba mais: <a href=\"https:\/\/cj.estrategia.com\/portal\/concurso-pgfn\/\" target=\"_blank\" >Concurso PGFN<\/a><\/strong><\/span><\/h2>\n\n\n\n<h2 class=\"has-text-align-center wp-block-heading\" id=\"block-8fd326f9-debb-4df6-950d-1c1c53c058f4\"><span id=\"quer-saber-tudo-sobre-concursos-juridicos-previstosconfira-nossos-artigos\">Quer saber tudo sobre concursos jur\u00eddicos previstos?<br>Confira nossos artigos!<\/span><\/h2>\n\n\n\n<ul class=\"wp-block-list\" id=\"block-3b0f737f-74d5-43c5-a096-e897e1f9f4cf\">\n<li><a href=\"https:\/\/cj.estrategia.com\/portal\/concursos-abertos-carreiras-juridicas\/\" target=\"_blank\" >Concursos jur\u00eddicos abertos<\/a><\/li>\n\n\n\n<li><a href=\"https:\/\/cj.estrategia.com\/portal\/concursos-2023-carreiras-juridicas\/\" target=\"_blank\" >Concursos jur\u00eddicos 2023<\/a><\/li>\n<\/ul>\n\n\n\n<figure class=\"wp-block-image is-resized\" id=\"block-465ce249-a15b-4c96-80de-edf5c95bdc5e\"><img decoding=\"async\" src=\"https:\/\/dhg1h5j42swfq.cloudfront.net\/2025\/06\/27101122\/ficha-tecnica-1-1024x632.png\" alt=\"Informa\u00e7\u00f5es dos editais AGU, PGF e PGFN\" width=\"224\" height=\"137\"\/><\/figure>\n\n\n\n<h3 class=\"wp-block-heading\" id=\"block-52bd7293-336d-45b4-bb3a-e80999ba34b6\"><span id=\"informacoes-dos-editais-agu-pgf-e-pgfn\">Informa\u00e7\u00f5es dos editais AGU, PGF e PGFN<\/span><\/h3>\n\n\n\n<ul class=\"wp-block-list\" id=\"block-1a529760-d29a-457c-8453-8bc48185212a\">\n<li><strong>Inscri\u00e7\u00f5es<\/strong>: 09\/01\/2023 a 07\/02\/2023<\/li>\n\n\n\n<li><strong>Provas<\/strong>: AGU 30\/04\/2023 \/\/ PGF 07\/05\/2023 \/\/ PGFN 21\/05\/2023<\/li>\n\n\n\n<li><strong>Vagas<\/strong>: 300 + CR<\/li>\n\n\n\n<li><strong>Cargos<\/strong>: Procurador Federal, Advogado da Uni\u00e3o e Procurador da Fazenda Nacional<\/li>\n\n\n\n<li><strong>Banca<\/strong>: Cebraspe<\/li>\n\n\n\n<li><strong>Escolaridade<\/strong>: superior<\/li>\n\n\n\n<li><strong>Editais<\/strong>: <a href=\"https:\/\/www.in.gov.br\/web\/dou\/-\/edital-n-1-procurador-federal-de-26-de-dezembro-de-2022-453799970\" target=\"_blank\" >Procurador Federal <\/a>\/\/ <a href=\"https:\/\/www.in.gov.br\/web\/dou\/-\/edital-n-1-agu-de-26-de-dezembro-de-2022-453782934\" target=\"_blank\" >AGU<\/a> \/\/ <a href=\"https:\/\/www.in.gov.br\/web\/dou\/-\/edital-n-1-pfn-de-26-de-dezembro-de-2022-453709368\" target=\"_blank\" >Procurador da Fazenda Nacional<\/a><\/li>\n<\/ul>\n\n\n\n<h2 class=\"has-text-align-center wp-block-heading\" id=\"assinatura-cursos\"><span id=\"quer-se-preparar-para-os-concursos\">Quer se preparar para os concursos?<\/span><\/h2>\n\n\n\n<div class=\"container\" id=\"boxes\">\n  <div class=\"row\">\n\n    <div class=\"col-sm\">\n      <div class=\"banner-estrategia-concursos-juridicos\" id=\"box-assinatura\">\n        <h3 id=\"curso-para-concurso-agu\" class=\"titulo-assinatura\">Curso para Concurso AGU <\/h3>\n        <p class=\"subtitulo-assinatura\">Cursos focados no edital do concurso<\/p>\n        <div class=\"box-botao\">\n          <a class=\"btn-assinatura-juridica\" target=\"_blank\" href=\"https:\/\/cj.estrategia.com\/catalogo-produtos\/produto\/agu-advogado-da-unio-pacote-teorico-2023-pos-edital\/\" rel=\"noopener\">Conhe\u00e7a mais<\/a>\n        <\/div>\n      <\/div>\n      <p class=\"texto-auxiliar\">Prepare-se com o melhor material e com quem mais aprova em concursos em todo o pa\u00eds. \n<\/p>\n    <\/div>\n\n  <\/div>\n<\/div>\n\n\n\n<div class=\"container\" id=\"boxes\">\n  <div class=\"row\">\n\n    <div class=\"col-sm\">\n      <div class=\"banner-estrategia-concursos-juridicos\" id=\"box-assinatura\">\n        <h3 id=\"curso-para-procurador-federal\" class=\"titulo-assinatura\">Curso para Procurador Federal  <\/h3>\n        <p class=\"subtitulo-assinatura\">Cursos focados no edital do concurso<\/p>\n        <div class=\"box-botao\">\n          <a class=\"btn-assinatura-juridica\" target=\"_blank\" href=\"https:\/\/cj.estrategia.com\/catalogo-produtos\/advocacia-publica-federal\/?id=22ebe1e3-1f5a-4193-8a55-750435dd7d46&name=Advocacia%20P%C3%BAblica%20Federal\" role=\"button\" rel=\"noopener noreferrer\">Conhe\u00e7a mais<\/a>\n        <\/div>\n      <\/div>\n      <p class=\"texto-auxiliar\">Prepare-se com o melhor material e com quem mais aprova em concursos em todo o pa\u00eds. \n<\/p>\n    <\/div>\n\n  <\/div>\n<\/div>\n\n\n\n<div class=\"container\" id=\"boxes\">\n  <div class=\"row\">\n\n    <div class=\"col-sm\">\n      <div class=\"banner-estrategia-concursos-juridicos\" id=\"box-assinatura\">\n        <h3 id=\"curso-para-concurso-pgfn\" class=\"titulo-assinatura\">Curso para Concurso PGFN  <\/h3>\n        <p class=\"subtitulo-assinatura\">Cursos focados no edital do concurso<\/p>\n        <div class=\"box-botao\">\n          <a class=\"btn-assinatura-juridica\" target=\"_blank\" href=\"https:\/\/cj.estrategia.com\/catalogo-produtos\/produto\/pgfn-procurador-da-fazenda-nacional-pacote-teorico-2023-pre-edital\/\" role=\"button\" rel=\"noopener noreferrer\">Conhe\u00e7a mais<\/a>\n        <\/div>\n      <\/div>\n      <p class=\"texto-auxiliar\">Prepare-se com o melhor material e com quem mais aprova em concursos em todo o pa\u00eds. \n<\/p>\n    <\/div>\n\n  <\/div>\n<\/div>\n","protected":false},"excerpt":{"rendered":"Foram publicados os editais AGU, PGF e PGFN! Conforme o documento, a Advocacia Geral da Uni\u00e3o, Procuradoria-Geral Federal&hellip;\n","protected":false},"author":12,"featured_media":25853,"comment_status":"open","ping_status":"open","sticky":false,"template":"","format":"standard","meta":{"_jetpack_memberships_contains_paid_content":false,"footnotes":""},"categories":[1,24],"tags":[],"tax_estado":[36],"class_list":{"0":"post-26049","1":"post","2":"type-post","3":"status-publish","4":"format-standard","5":"has-post-thumbnail","7":"category-carreiras-juridicas","8":"category-procuradoria","9":"tax_estado-concursos-federais"},"acf":[],"yoast_head":"<!-- This site is optimized with the Yoast SEO Premium plugin v27.5 (Yoast SEO v27.5) - https:\/\/yoast.com\/product\/yoast-seo-premium-wordpress\/ -->\n<title>Concursos AGU, PGF e PGFN: Editais Publicados!<\/title>\n<meta name=\"description\" content=\"Concursos AGU, PGF e PGFN: s\u00e3o 300 vagas para um dos concurso mais esperado do ano! Comece a sua prepara\u00e7\u00e3o com o Estrat\u00e9gia.\" \/>\n<meta name=\"robots\" content=\"index, follow, max-snippet:-1, max-image-preview:large, max-video-preview:-1\" \/>\n<link rel=\"canonical\" href=\"https:\/\/cj.estrategia.com\/portal\/concursos-agu-pgf-pgfn\/\" \/>\n<meta property=\"og:locale\" content=\"pt_BR\" \/>\n<meta property=\"og:type\" content=\"article\" \/>\n<meta property=\"og:title\" content=\"Concursos AGU, PGF e PGFN: Editais Publicados!\" \/>\n<meta property=\"og:description\" content=\"Concursos AGU, PGF e PGFN: s\u00e3o 300 vagas para um dos concurso mais esperado do ano! Comece a sua prepara\u00e7\u00e3o com o Estrat\u00e9gia.\" \/>\n<meta property=\"og:url\" content=\"https:\/\/cj.estrategia.com\/portal\/concursos-agu-pgf-pgfn\/\" \/>\n<meta property=\"og:site_name\" content=\"Blog - Carreiras Jur\u00eddicas - Estrat\u00e9gia\" \/>\n<meta property=\"article:publisher\" content=\"https:\/\/www.facebook.com\/estrategiacarreirajuridica\/\" \/>\n<meta property=\"article:published_time\" content=\"2022-12-28T00:17:48+00:00\" \/>\n<meta property=\"article:modified_time\" content=\"2022-12-28T00:17:50+00:00\" \/>\n<meta property=\"og:image\" content=\"https:\/\/cj.estrategia.com\/portal\/wp-content\/uploads\/2022\/12\/27101302\/saiu-edital-concurso-agu-pgfn-e-procurador-federal.jpg\" \/>\n\t<meta property=\"og:image:width\" content=\"960\" \/>\n\t<meta property=\"og:image:height\" content=\"540\" \/>\n\t<meta property=\"og:image:type\" content=\"image\/jpeg\" \/>\n<meta name=\"author\" content=\"Coordena\u00e7\u00e3o\" \/>\n<meta name=\"twitter:card\" content=\"summary_large_image\" \/>\n<meta name=\"twitter:creator\" content=\"@EstratJuridica\" \/>\n<meta name=\"twitter:site\" content=\"@EstratJuridica\" \/>\n<meta name=\"twitter:label1\" content=\"Escrito por\" \/>\n\t<meta name=\"twitter:data1\" content=\"Coordena\u00e7\u00e3o\" \/>\n\t<meta name=\"twitter:label2\" content=\"Est. tempo de leitura\" \/>\n\t<meta name=\"twitter:data2\" content=\"10 minutos\" \/>\n<script type=\"application\/ld+json\" class=\"yoast-schema-graph\">{\"@context\":\"https:\\\/\\\/schema.org\",\"@graph\":[{\"@type\":\"NewsArticle\",\"@id\":\"https:\\\/\\\/cj.estrategia.com\\\/portal\\\/concursos-agu-pgf-pgfn\\\/#article\",\"isPartOf\":{\"@id\":\"https:\\\/\\\/cj.estrategia.com\\\/portal\\\/concursos-agu-pgf-pgfn\\\/\"},\"author\":{\"name\":\"Coordena\u00e7\u00e3o\",\"@id\":\"https:\\\/\\\/cj.estrategia.com\\\/portal\\\/#\\\/schema\\\/person\\\/4d70317d31449932b99102916b6637f5\"},\"headline\":\"Concursos AGU, PGF e PGFN: Editais Publicados!\",\"datePublished\":\"2022-12-28T00:17:48+00:00\",\"dateModified\":\"2022-12-28T00:17:50+00:00\",\"mainEntityOfPage\":{\"@id\":\"https:\\\/\\\/cj.estrategia.com\\\/portal\\\/concursos-agu-pgf-pgfn\\\/\"},\"wordCount\":1641,\"commentCount\":0,\"publisher\":{\"@id\":\"https:\\\/\\\/cj.estrategia.com\\\/portal\\\/#organization\"},\"image\":{\"@id\":\"https:\\\/\\\/cj.estrategia.com\\\/portal\\\/concursos-agu-pgf-pgfn\\\/#primaryimage\"},\"thumbnailUrl\":\"https:\\\/\\\/cj.estrategia.com\\\/portal\\\/wp-content\\\/uploads\\\/2022\\\/12\\\/27101302\\\/saiu-edital-concurso-agu-pgfn-e-procurador-federal.jpg\",\"articleSection\":[\"Carreiras Jur\u00eddicas\",\"Procuradoria\"],\"inLanguage\":\"pt-BR\",\"potentialAction\":[{\"@type\":\"CommentAction\",\"name\":\"Comment\",\"target\":[\"https:\\\/\\\/cj.estrategia.com\\\/portal\\\/concursos-agu-pgf-pgfn\\\/#respond\"]}]},{\"@type\":\"WebPage\",\"@id\":\"https:\\\/\\\/cj.estrategia.com\\\/portal\\\/concursos-agu-pgf-pgfn\\\/\",\"url\":\"https:\\\/\\\/cj.estrategia.com\\\/portal\\\/concursos-agu-pgf-pgfn\\\/\",\"name\":\"Concursos AGU, PGF e PGFN: Editais Publicados!\",\"isPartOf\":{\"@id\":\"https:\\\/\\\/cj.estrategia.com\\\/portal\\\/#website\"},\"primaryImageOfPage\":{\"@id\":\"https:\\\/\\\/cj.estrategia.com\\\/portal\\\/concursos-agu-pgf-pgfn\\\/#primaryimage\"},\"image\":{\"@id\":\"https:\\\/\\\/cj.estrategia.com\\\/portal\\\/concursos-agu-pgf-pgfn\\\/#primaryimage\"},\"thumbnailUrl\":\"https:\\\/\\\/cj.estrategia.com\\\/portal\\\/wp-content\\\/uploads\\\/2022\\\/12\\\/27101302\\\/saiu-edital-concurso-agu-pgfn-e-procurador-federal.jpg\",\"datePublished\":\"2022-12-28T00:17:48+00:00\",\"dateModified\":\"2022-12-28T00:17:50+00:00\",\"description\":\"Concursos AGU, PGF e PGFN: s\u00e3o 300 vagas para um dos concurso mais esperado do ano! Comece a sua prepara\u00e7\u00e3o com o Estrat\u00e9gia.\",\"breadcrumb\":{\"@id\":\"https:\\\/\\\/cj.estrategia.com\\\/portal\\\/concursos-agu-pgf-pgfn\\\/#breadcrumb\"},\"inLanguage\":\"pt-BR\",\"potentialAction\":[{\"@type\":\"ReadAction\",\"target\":[\"https:\\\/\\\/cj.estrategia.com\\\/portal\\\/concursos-agu-pgf-pgfn\\\/\"]}]},{\"@type\":\"ImageObject\",\"inLanguage\":\"pt-BR\",\"@id\":\"https:\\\/\\\/cj.estrategia.com\\\/portal\\\/concursos-agu-pgf-pgfn\\\/#primaryimage\",\"url\":\"https:\\\/\\\/cj.estrategia.com\\\/portal\\\/wp-content\\\/uploads\\\/2022\\\/12\\\/27101302\\\/saiu-edital-concurso-agu-pgfn-e-procurador-federal.jpg\",\"contentUrl\":\"https:\\\/\\\/cj.estrategia.com\\\/portal\\\/wp-content\\\/uploads\\\/2022\\\/12\\\/27101302\\\/saiu-edital-concurso-agu-pgfn-e-procurador-federal.jpg\",\"width\":960,\"height\":540,\"caption\":\"Concurso trf2\"},{\"@type\":\"BreadcrumbList\",\"@id\":\"https:\\\/\\\/cj.estrategia.com\\\/portal\\\/concursos-agu-pgf-pgfn\\\/#breadcrumb\",\"itemListElement\":[{\"@type\":\"ListItem\",\"position\":1,\"name\":\"In\u00edcio\",\"item\":\"https:\\\/\\\/cj.estrategia.com\\\/portal\\\/\"},{\"@type\":\"ListItem\",\"position\":2,\"name\":\"Concursos AGU, PGF e PGFN: Editais Publicados!\"}]},{\"@type\":\"WebSite\",\"@id\":\"https:\\\/\\\/cj.estrategia.com\\\/portal\\\/#website\",\"url\":\"https:\\\/\\\/cj.estrategia.com\\\/portal\\\/\",\"name\":\"Blog - Carreiras Jur\u00eddicas - Estrat\u00e9gia\",\"description\":\"\",\"publisher\":{\"@id\":\"https:\\\/\\\/cj.estrategia.com\\\/portal\\\/#organization\"},\"potentialAction\":[{\"@type\":\"SearchAction\",\"target\":{\"@type\":\"EntryPoint\",\"urlTemplate\":\"https:\\\/\\\/cj.estrategia.com\\\/portal\\\/?s={search_term_string}\"},\"query-input\":{\"@type\":\"PropertyValueSpecification\",\"valueRequired\":true,\"valueName\":\"search_term_string\"}}],\"inLanguage\":\"pt-BR\"},{\"@type\":\"Organization\",\"@id\":\"https:\\\/\\\/cj.estrategia.com\\\/portal\\\/#organization\",\"name\":\"Estrat\u00e9gia - Carreiras Jur\u00eddicas\",\"url\":\"https:\\\/\\\/cj.estrategia.com\\\/portal\\\/\",\"logo\":{\"@type\":\"ImageObject\",\"inLanguage\":\"pt-BR\",\"@id\":\"https:\\\/\\\/cj.estrategia.com\\\/portal\\\/#\\\/schema\\\/logo\\\/image\\\/\",\"url\":\"https:\\\/\\\/cj.estrategia.com\\\/portal\\\/wp-content\\\/uploads\\\/2022\\\/03\\\/11151052\\\/cj-logo.png\",\"contentUrl\":\"https:\\\/\\\/cj.estrategia.com\\\/portal\\\/wp-content\\\/uploads\\\/2022\\\/03\\\/11151052\\\/cj-logo.png\",\"width\":150,\"height\":39,\"caption\":\"Estrat\u00e9gia - Carreiras Jur\u00eddicas\"},\"image\":{\"@id\":\"https:\\\/\\\/cj.estrategia.com\\\/portal\\\/#\\\/schema\\\/logo\\\/image\\\/\"},\"sameAs\":[\"https:\\\/\\\/www.facebook.com\\\/estrategiacarreirajuridica\\\/\",\"https:\\\/\\\/x.com\\\/EstratJuridica\",\"https:\\\/\\\/www.instagram.com\\\/estrategiacarreirajuridica\\\/\",\"https:\\\/\\\/www.youtube.com\\\/channel\\\/UClbMGuYbj2Mh1m3w144ETWQ\"]},{\"@type\":\"Person\",\"@id\":\"https:\\\/\\\/cj.estrategia.com\\\/portal\\\/#\\\/schema\\\/person\\\/4d70317d31449932b99102916b6637f5\",\"name\":\"Coordena\u00e7\u00e3o\",\"image\":{\"@type\":\"ImageObject\",\"inLanguage\":\"pt-BR\",\"@id\":\"https:\\\/\\\/cj.estrategia.com\\\/portal\\\/wp-content\\\/uploads\\\/2022\\\/05\\\/12164923\\\/estrategia-carreira-juridica-coordenacao-96x96.png\",\"url\":\"https:\\\/\\\/cj.estrategia.com\\\/portal\\\/wp-content\\\/uploads\\\/2022\\\/05\\\/12164923\\\/estrategia-carreira-juridica-coordenacao-96x96.png\",\"contentUrl\":\"https:\\\/\\\/cj.estrategia.com\\\/portal\\\/wp-content\\\/uploads\\\/2022\\\/05\\\/12164923\\\/estrategia-carreira-juridica-coordenacao-96x96.png\",\"caption\":\"Coordena\u00e7\u00e3o\"},\"url\":\"https:\\\/\\\/cj.estrategia.com\\\/portal\\\/author\\\/coordenacao\\\/\"}]}<\/script>\n<!-- \/ Yoast SEO Premium plugin. -->","yoast_head_json":{"title":"Concursos AGU, PGF e PGFN: Editais Publicados!","description":"Concursos AGU, PGF e PGFN: s\u00e3o 300 vagas para um dos concurso mais esperado do ano! Comece a sua prepara\u00e7\u00e3o com o Estrat\u00e9gia.","robots":{"index":"index","follow":"follow","max-snippet":"max-snippet:-1","max-image-preview":"max-image-preview:large","max-video-preview":"max-video-preview:-1"},"canonical":"https:\/\/cj.estrategia.com\/portal\/concursos-agu-pgf-pgfn\/","og_locale":"pt_BR","og_type":"article","og_title":"Concursos AGU, PGF e PGFN: Editais Publicados!","og_description":"Concursos AGU, PGF e PGFN: s\u00e3o 300 vagas para um dos concurso mais esperado do ano! Comece a sua prepara\u00e7\u00e3o com o Estrat\u00e9gia.","og_url":"https:\/\/cj.estrategia.com\/portal\/concursos-agu-pgf-pgfn\/","og_site_name":"Blog - Carreiras Jur\u00eddicas - Estrat\u00e9gia","article_publisher":"https:\/\/www.facebook.com\/estrategiacarreirajuridica\/","article_published_time":"2022-12-28T00:17:48+00:00","article_modified_time":"2022-12-28T00:17:50+00:00","og_image":[{"width":960,"height":540,"url":"https:\/\/cj.estrategia.com\/portal\/wp-content\/uploads\/2022\/12\/27101302\/saiu-edital-concurso-agu-pgfn-e-procurador-federal.jpg","type":"image\/jpeg"}],"author":"Coordena\u00e7\u00e3o","twitter_card":"summary_large_image","twitter_creator":"@EstratJuridica","twitter_site":"@EstratJuridica","twitter_misc":{"Escrito por":"Coordena\u00e7\u00e3o","Est. tempo de leitura":"10 minutos"},"schema":{"@context":"https:\/\/schema.org","@graph":[{"@type":"NewsArticle","@id":"https:\/\/cj.estrategia.com\/portal\/concursos-agu-pgf-pgfn\/#article","isPartOf":{"@id":"https:\/\/cj.estrategia.com\/portal\/concursos-agu-pgf-pgfn\/"},"author":{"name":"Coordena\u00e7\u00e3o","@id":"https:\/\/cj.estrategia.com\/portal\/#\/schema\/person\/4d70317d31449932b99102916b6637f5"},"headline":"Concursos AGU, PGF e PGFN: Editais Publicados!","datePublished":"2022-12-28T00:17:48+00:00","dateModified":"2022-12-28T00:17:50+00:00","mainEntityOfPage":{"@id":"https:\/\/cj.estrategia.com\/portal\/concursos-agu-pgf-pgfn\/"},"wordCount":1641,"commentCount":0,"publisher":{"@id":"https:\/\/cj.estrategia.com\/portal\/#organization"},"image":{"@id":"https:\/\/cj.estrategia.com\/portal\/concursos-agu-pgf-pgfn\/#primaryimage"},"thumbnailUrl":"https:\/\/cj.estrategia.com\/portal\/wp-content\/uploads\/2022\/12\/27101302\/saiu-edital-concurso-agu-pgfn-e-procurador-federal.jpg","articleSection":["Carreiras Jur\u00eddicas","Procuradoria"],"inLanguage":"pt-BR","potentialAction":[{"@type":"CommentAction","name":"Comment","target":["https:\/\/cj.estrategia.com\/portal\/concursos-agu-pgf-pgfn\/#respond"]}]},{"@type":"WebPage","@id":"https:\/\/cj.estrategia.com\/portal\/concursos-agu-pgf-pgfn\/","url":"https:\/\/cj.estrategia.com\/portal\/concursos-agu-pgf-pgfn\/","name":"Concursos AGU, PGF e PGFN: Editais Publicados!","isPartOf":{"@id":"https:\/\/cj.estrategia.com\/portal\/#website"},"primaryImageOfPage":{"@id":"https:\/\/cj.estrategia.com\/portal\/concursos-agu-pgf-pgfn\/#primaryimage"},"image":{"@id":"https:\/\/cj.estrategia.com\/portal\/concursos-agu-pgf-pgfn\/#primaryimage"},"thumbnailUrl":"https:\/\/cj.estrategia.com\/portal\/wp-content\/uploads\/2022\/12\/27101302\/saiu-edital-concurso-agu-pgfn-e-procurador-federal.jpg","datePublished":"2022-12-28T00:17:48+00:00","dateModified":"2022-12-28T00:17:50+00:00","description":"Concursos AGU, PGF e PGFN: s\u00e3o 300 vagas para um dos concurso mais esperado do ano! Comece a sua prepara\u00e7\u00e3o com o Estrat\u00e9gia.","breadcrumb":{"@id":"https:\/\/cj.estrategia.com\/portal\/concursos-agu-pgf-pgfn\/#breadcrumb"},"inLanguage":"pt-BR","potentialAction":[{"@type":"ReadAction","target":["https:\/\/cj.estrategia.com\/portal\/concursos-agu-pgf-pgfn\/"]}]},{"@type":"ImageObject","inLanguage":"pt-BR","@id":"https:\/\/cj.estrategia.com\/portal\/concursos-agu-pgf-pgfn\/#primaryimage","url":"https:\/\/cj.estrategia.com\/portal\/wp-content\/uploads\/2022\/12\/27101302\/saiu-edital-concurso-agu-pgfn-e-procurador-federal.jpg","contentUrl":"https:\/\/cj.estrategia.com\/portal\/wp-content\/uploads\/2022\/12\/27101302\/saiu-edital-concurso-agu-pgfn-e-procurador-federal.jpg","width":960,"height":540,"caption":"Concurso trf2"},{"@type":"BreadcrumbList","@id":"https:\/\/cj.estrategia.com\/portal\/concursos-agu-pgf-pgfn\/#breadcrumb","itemListElement":[{"@type":"ListItem","position":1,"name":"In\u00edcio","item":"https:\/\/cj.estrategia.com\/portal\/"},{"@type":"ListItem","position":2,"name":"Concursos AGU, PGF e PGFN: Editais Publicados!"}]},{"@type":"WebSite","@id":"https:\/\/cj.estrategia.com\/portal\/#website","url":"https:\/\/cj.estrategia.com\/portal\/","name":"Blog - Carreiras Jur\u00eddicas - Estrat\u00e9gia","description":"","publisher":{"@id":"https:\/\/cj.estrategia.com\/portal\/#organization"},"potentialAction":[{"@type":"SearchAction","target":{"@type":"EntryPoint","urlTemplate":"https:\/\/cj.estrategia.com\/portal\/?s={search_term_string}"},"query-input":{"@type":"PropertyValueSpecification","valueRequired":true,"valueName":"search_term_string"}}],"inLanguage":"pt-BR"},{"@type":"Organization","@id":"https:\/\/cj.estrategia.com\/portal\/#organization","name":"Estrat\u00e9gia - Carreiras Jur\u00eddicas","url":"https:\/\/cj.estrategia.com\/portal\/","logo":{"@type":"ImageObject","inLanguage":"pt-BR","@id":"https:\/\/cj.estrategia.com\/portal\/#\/schema\/logo\/image\/","url":"https:\/\/cj.estrategia.com\/portal\/wp-content\/uploads\/2022\/03\/11151052\/cj-logo.png","contentUrl":"https:\/\/cj.estrategia.com\/portal\/wp-content\/uploads\/2022\/03\/11151052\/cj-logo.png","width":150,"height":39,"caption":"Estrat\u00e9gia - Carreiras Jur\u00eddicas"},"image":{"@id":"https:\/\/cj.estrategia.com\/portal\/#\/schema\/logo\/image\/"},"sameAs":["https:\/\/www.facebook.com\/estrategiacarreirajuridica\/","https:\/\/x.com\/EstratJuridica","https:\/\/www.instagram.com\/estrategiacarreirajuridica\/","https:\/\/www.youtube.com\/channel\/UClbMGuYbj2Mh1m3w144ETWQ"]},{"@type":"Person","@id":"https:\/\/cj.estrategia.com\/portal\/#\/schema\/person\/4d70317d31449932b99102916b6637f5","name":"Coordena\u00e7\u00e3o","image":{"@type":"ImageObject","inLanguage":"pt-BR","@id":"https:\/\/cj.estrategia.com\/portal\/wp-content\/uploads\/2022\/05\/12164923\/estrategia-carreira-juridica-coordenacao-96x96.png","url":"https:\/\/cj.estrategia.com\/portal\/wp-content\/uploads\/2022\/05\/12164923\/estrategia-carreira-juridica-coordenacao-96x96.png","contentUrl":"https:\/\/cj.estrategia.com\/portal\/wp-content\/uploads\/2022\/05\/12164923\/estrategia-carreira-juridica-coordenacao-96x96.png","caption":"Coordena\u00e7\u00e3o"},"url":"https:\/\/cj.estrategia.com\/portal\/author\/coordenacao\/"}]}},"jetpack_featured_media_url":"https:\/\/cj.estrategia.com\/portal\/wp-content\/uploads\/2022\/12\/27101302\/saiu-edital-concurso-agu-pgfn-e-procurador-federal.jpg","jetpack_sharing_enabled":true,"_links":{"self":[{"href":"https:\/\/cj.estrategia.com\/portal\/wp-json\/wp\/v2\/posts\/26049","targetHints":{"allow":["GET"]}}],"collection":[{"href":"https:\/\/cj.estrategia.com\/portal\/wp-json\/wp\/v2\/posts"}],"about":[{"href":"https:\/\/cj.estrategia.com\/portal\/wp-json\/wp\/v2\/types\/post"}],"author":[{"embeddable":true,"href":"https:\/\/cj.estrategia.com\/portal\/wp-json\/wp\/v2\/users\/12"}],"replies":[{"embeddable":true,"href":"https:\/\/cj.estrategia.com\/portal\/wp-json\/wp\/v2\/comments?post=26049"}],"version-history":[{"count":0,"href":"https:\/\/cj.estrategia.com\/portal\/wp-json\/wp\/v2\/posts\/26049\/revisions"}],"wp:featuredmedia":[{"embeddable":true,"href":"https:\/\/cj.estrategia.com\/portal\/wp-json\/wp\/v2\/media\/25853"}],"wp:attachment":[{"href":"https:\/\/cj.estrategia.com\/portal\/wp-json\/wp\/v2\/media?parent=26049"}],"wp:term":[{"taxonomy":"category","embeddable":true,"href":"https:\/\/cj.estrategia.com\/portal\/wp-json\/wp\/v2\/categories?post=26049"},{"taxonomy":"post_tag","embeddable":true,"href":"https:\/\/cj.estrategia.com\/portal\/wp-json\/wp\/v2\/tags?post=26049"},{"taxonomy":"tax_estado","embeddable":true,"href":"https:\/\/cj.estrategia.com\/portal\/wp-json\/wp\/v2\/tax_estado?post=26049"}],"curies":[{"name":"wp","href":"https:\/\/api.w.org\/{rel}","templated":true}]}}