{"id":24971,"date":"2022-12-09T17:12:51","date_gmt":"2022-12-09T20:12:51","guid":{"rendered":"https:\/\/cj.estrategia.com\/portal\/?p=24971"},"modified":"2022-12-09T17:20:50","modified_gmt":"2022-12-09T20:20:50","slug":"concurso-para-defensores-gdf","status":"publish","type":"post","link":"https:\/\/cj.estrategia.com\/portal\/concurso-para-defensores-gdf\/","title":{"rendered":"GDF prev\u00ea novo concurso para defensores! SAIBA MAIS!"},"content":{"rendered":"\n<p>A comiss\u00e3o de transi\u00e7\u00e3o do governo Ibaneis Rocha (MDB) apresentou as propostas para os pr\u00f3ximos quatro anos de governo e o concurso para defensores est\u00e1 nos planos do governo.  . <\/p>\n\n\n\n<p>Dentre os pontos mais relevantes da proposta, est\u00e1 a convoca\u00e7\u00e3o de 71 defensores p\u00fablicos j\u00e1 aprovados e autorizar novo concurso p\u00fablico, com mais 67 vagas.<\/p>\n\n\n\n<p>De acordo com a equipe de transi\u00e7\u00e3o, estas propostas devem ser colocadas em pr\u00e1tica no primeiro m\u00eas de 2023. <\/p>\n\n\n\n<p class=\"has-medium-font-size\"><strong>LDF 2023<\/strong><\/p>\n\n\n\n<p>Vale ressaltar que a Lei de Diretrizes Or\u00e7ament\u00e1rias para o ano de 2023, publicada em 2 de agosto de 2022,  prev\u00ea a cria\u00e7\u00e3o de 20 cargos para Defensor.<\/p>\n\n\n\n<h2 class=\"wp-block-heading\" id=\"h-ultimo-concurso-dpdf\"><span id=\"ultimo-concurso-dpdf\">\u00daltimo concurso DPDF<\/span><\/h2>\n\n\n\n<p>O \u00faltimo\u00a0<strong>Concurso DPDF<\/strong> defensor aconteceu em 2019 e ofertou 12 vagas para o cargo de\u00a0<strong>Defensor P\u00fablico de Segunda Categoria.<\/strong><\/p>\n\n\n\n<p>A remunera\u00e7\u00e3o inicial ofertada passou de R$ 22 mil e a banca organizadora foi o Cebraspe.<\/p>\n\n\n\n<h2 class=\"wp-block-heading\" id=\"etapas\">Etapas<\/h2>\n\n\n\n<p>O concurso para Defensor P\u00fablico do DF conta com&nbsp;<strong><em>cinco etapas<\/em><\/strong>, organizadas da seguinte forma:<\/p>\n\n\n\n<ol class=\"wp-block-list\">\n<li>Prova objetiva (P1) \u2013 eliminat\u00f3ria e classificat\u00f3ria;<\/li>\n\n\n\n<li>Prova discursiva 1 (P2) \u2013 eliminat\u00f3ria e classificat\u00f3ria;<\/li>\n\n\n\n<li>Prova discursiva 2 (P3) \u2013 eliminat\u00f3ria e classificat\u00f3ria;<\/li>\n\n\n\n<li>Prova oral (P4) \u2013 eliminat\u00f3ria e classificat\u00f3ria;<\/li>\n\n\n\n<li>Avalia\u00e7\u00e3o de t\u00edtulos (P5) \u2013 classificat\u00f3ria.<\/li>\n<\/ol>\n\n\n\n<h2 class=\"wp-block-heading\" id=\"remunera\u00e7\u00e3o\"><span id=\"remuneracao\">Remunera\u00e7\u00e3o<\/span><\/h2>\n\n\n\n<figure class=\"wp-block-table\"><table><tbody><tr><td><strong>Cargo<\/strong><\/td><td><strong>Vencimento b\u00e1sico<\/strong><\/td><\/tr><tr><td>Defensor P\u00fablico \u2013&nbsp; Especial<\/td><td>R$ 25.030,01<\/td><\/tr><tr><td>Defensor P\u00fablico \u2013 1\u00aa Categoria<\/td><td>R$ 23.778,51<\/td><\/tr><tr><td>Defensor P\u00fablico \u2013 2\u00aa Categoria<\/td><td>R$ 22.589,59<\/td><\/tr><\/tbody><\/table><\/figure>\n\n\n\n<p class=\"has-text-align-center has-black-color has-luminous-vivid-amber-background-color has-text-color has-background\"><a href=\"https:\/\/cj.estrategia.com\/portal\/concurso-dpdf-defensor\/\" target=\"_blank\" rel=\"noreferrer noopener nofollow\">SAIBA MAIS: Concurso DPDF Defensor<\/a><\/p>\n\n\n\n<h3 class=\"has-text-align-center wp-block-heading\" id=\"curso\"><span id=\"quer-estudar-para-o-concurso-concurso-dpdf-defensor\"><strong><em>Quer estudar para o Concurso <\/em><\/strong>Concurso DPDF Defensor?<\/span><\/h3>\n\n\n\n<p class=\"has-text-align-center\"><em><strong>Gostou desta oportunidade e deseja come\u00e7ar se preparar agora mesmo? Ent\u00e3o, confira os nossos cursos e comece a estudar:<\/strong><\/em><\/p>\n\n\n\n\n\n<div class=\"wp-block-cover\" style=\"min-height:155px;aspect-ratio:unset;\"><img decoding=\"async\" width=\"1890\" height=\"351\" class=\"wp-block-cover__image-background wp-image-8669\" alt=\"Assinaturas Jur\u00eddicas\" src=\"https:\/\/cj.estrategia.com\/portal\/wp-content\/uploads\/2022\/06\/20151253\/concurso-carreiras-juridicas-assinatura-juridica.jpg\" style=\"object-position:78% 43%\" data-object-fit=\"cover\" data-object-position=\"78% 43%\" srcset=\"https:\/\/cj.estrategia.com\/portal\/wp-content\/uploads\/2022\/06\/20151253\/concurso-carreiras-juridicas-assinatura-juridica.jpg 1890w, https:\/\/cj.estrategia.com\/portal\/wp-content\/uploads\/2022\/06\/20151253\/concurso-carreiras-juridicas-assinatura-juridica-300x56.jpg 300w, https:\/\/cj.estrategia.com\/portal\/wp-content\/uploads\/2022\/06\/20151253\/concurso-carreiras-juridicas-assinatura-juridica-1024x190.jpg 1024w, https:\/\/cj.estrategia.com\/portal\/wp-content\/uploads\/2022\/06\/20151253\/concurso-carreiras-juridicas-assinatura-juridica-768x143.jpg 768w, https:\/\/cj.estrategia.com\/portal\/wp-content\/uploads\/2022\/06\/20151253\/concurso-carreiras-juridicas-assinatura-juridica-1536x285.jpg 1536w, https:\/\/cj.estrategia.com\/portal\/wp-content\/uploads\/2022\/06\/20151253\/concurso-carreiras-juridicas-assinatura-juridica-380x71.jpg 380w, https:\/\/cj.estrategia.com\/portal\/wp-content\/uploads\/2022\/06\/20151253\/concurso-carreiras-juridicas-assinatura-juridica-800x149.jpg 800w, https:\/\/cj.estrategia.com\/portal\/wp-content\/uploads\/2022\/06\/20151253\/concurso-carreiras-juridicas-assinatura-juridica-1160x215.jpg 1160w\" sizes=\"(max-width: 1890px) 100vw, 1890px\" \/><span aria-hidden=\"true\" class=\"wp-block-cover__background has-background-dim\"><\/span><div class=\"wp-block-cover__inner-container is-layout-flow wp-block-cover-is-layout-flow\">\n<h3 id=\"faca-a-sua-assinatura\" class=\"titulo-assinatura\"><span style=\"color: #ffffff;\">Fa\u00e7a a sua assinatura!<\/span><\/h3>\n<p class=\"subtitulo-assinatura\" style=\"display:block!important; line-height: 0;\"><span style=\"color: #ffffff;\">Escolha a sua \u00e1rea.<\/span><\/p>\n<a target=\"_blank\" href=\"https:\/\/www.estrategiaconcursos.com.br\/assinaturas-ecj\/\" rel=\"noopener\"><button style=\"border-radius: 10px; text-transform: capitalize;\">Acessar<\/button><\/a>\n<\/div><\/div>\n","protected":false},"excerpt":{"rendered":"A comiss\u00e3o de transi\u00e7\u00e3o do governo Ibaneis Rocha (MDB) apresentou as propostas para os pr\u00f3ximos quatro anos de&hellip;\n","protected":false},"author":12,"featured_media":5075,"comment_status":"open","ping_status":"open","sticky":false,"template":"","format":"standard","meta":{"_jetpack_memberships_contains_paid_content":false,"footnotes":""},"categories":[27],"tags":[],"tax_estado":[37],"class_list":{"0":"post-24971","1":"post","2":"type-post","3":"status-publish","4":"format-standard","5":"has-post-thumbnail","7":"category-defensoria","8":"tax_estado-df"},"acf":[],"yoast_head":"<!-- This site is optimized with the Yoast SEO Premium plugin v27.4 (Yoast SEO v27.4) - https:\/\/yoast.com\/product\/yoast-seo-premium-wordpress\/ -->\n<title>GDF prev\u00ea novo concurso para defensores! SAIBA MAIS!<\/title>\n<meta name=\"description\" content=\"Novo concurso para defensores deve ser publicado em breve. A previs\u00e3o est\u00e1 no relat\u00f3rio da comiss\u00e3o de transi\u00e7\u00e3o do governo. VEJA!.\" \/>\n<meta name=\"robots\" content=\"index, follow, max-snippet:-1, max-image-preview:large, max-video-preview:-1\" \/>\n<link rel=\"canonical\" href=\"https:\/\/cj.estrategia.com\/portal\/concurso-para-defensores-gdf\/\" \/>\n<meta property=\"og:locale\" content=\"pt_BR\" \/>\n<meta property=\"og:type\" content=\"article\" \/>\n<meta property=\"og:title\" content=\"GDF prev\u00ea novo concurso para defensores! SAIBA MAIS!\" \/>\n<meta property=\"og:description\" content=\"Novo concurso para defensores deve ser publicado em breve. A previs\u00e3o est\u00e1 no relat\u00f3rio da comiss\u00e3o de transi\u00e7\u00e3o do governo. VEJA!.\" \/>\n<meta property=\"og:url\" content=\"https:\/\/cj.estrategia.com\/portal\/concurso-para-defensores-gdf\/\" \/>\n<meta property=\"og:site_name\" content=\"Blog - Carreiras Jur\u00eddicas - Estrat\u00e9gia\" \/>\n<meta property=\"article:publisher\" content=\"https:\/\/www.facebook.com\/estrategiacarreirajuridica\/\" \/>\n<meta property=\"article:published_time\" content=\"2022-12-09T20:12:51+00:00\" \/>\n<meta property=\"article:modified_time\" content=\"2022-12-09T20:20:50+00:00\" \/>\n<meta property=\"og:image\" content=\"https:\/\/cj.estrategia.com\/portal\/wp-content\/uploads\/2022\/05\/19161104\/Defensor-Publico.jpg.webp\" \/>\n\t<meta property=\"og:image:width\" content=\"784\" \/>\n\t<meta property=\"og:image:height\" content=\"441\" \/>\n\t<meta property=\"og:image:type\" content=\"image\/webp\" \/>\n<meta name=\"author\" content=\"Coordena\u00e7\u00e3o\" \/>\n<meta name=\"twitter:card\" content=\"summary_large_image\" \/>\n<meta name=\"twitter:creator\" content=\"@EstratJuridica\" \/>\n<meta name=\"twitter:site\" content=\"@EstratJuridica\" \/>\n<meta name=\"twitter:label1\" content=\"Escrito por\" \/>\n\t<meta name=\"twitter:data1\" content=\"Coordena\u00e7\u00e3o\" \/>\n\t<meta name=\"twitter:label2\" content=\"Est. tempo de leitura\" \/>\n\t<meta name=\"twitter:data2\" content=\"2 minutos\" \/>\n<script type=\"application\/ld+json\" class=\"yoast-schema-graph\">{\"@context\":\"https:\\\/\\\/schema.org\",\"@graph\":[{\"@type\":\"NewsArticle\",\"@id\":\"https:\\\/\\\/cj.estrategia.com\\\/portal\\\/concurso-para-defensores-gdf\\\/#article\",\"isPartOf\":{\"@id\":\"https:\\\/\\\/cj.estrategia.com\\\/portal\\\/concurso-para-defensores-gdf\\\/\"},\"author\":{\"name\":\"Coordena\u00e7\u00e3o\",\"@id\":\"https:\\\/\\\/cj.estrategia.com\\\/portal\\\/#\\\/schema\\\/person\\\/4d70317d31449932b99102916b6637f5\"},\"headline\":\"GDF prev\u00ea novo concurso para defensores! SAIBA MAIS!\",\"datePublished\":\"2022-12-09T20:12:51+00:00\",\"dateModified\":\"2022-12-09T20:20:50+00:00\",\"mainEntityOfPage\":{\"@id\":\"https:\\\/\\\/cj.estrategia.com\\\/portal\\\/concurso-para-defensores-gdf\\\/\"},\"wordCount\":268,\"commentCount\":0,\"publisher\":{\"@id\":\"https:\\\/\\\/cj.estrategia.com\\\/portal\\\/#organization\"},\"image\":{\"@id\":\"https:\\\/\\\/cj.estrategia.com\\\/portal\\\/concurso-para-defensores-gdf\\\/#primaryimage\"},\"thumbnailUrl\":\"https:\\\/\\\/cj.estrategia.com\\\/portal\\\/wp-content\\\/uploads\\\/2022\\\/05\\\/19161104\\\/Defensor-Publico.jpg.webp\",\"articleSection\":[\"Defensoria\"],\"inLanguage\":\"pt-BR\",\"potentialAction\":[{\"@type\":\"CommentAction\",\"name\":\"Comment\",\"target\":[\"https:\\\/\\\/cj.estrategia.com\\\/portal\\\/concurso-para-defensores-gdf\\\/#respond\"]}]},{\"@type\":\"WebPage\",\"@id\":\"https:\\\/\\\/cj.estrategia.com\\\/portal\\\/concurso-para-defensores-gdf\\\/\",\"url\":\"https:\\\/\\\/cj.estrategia.com\\\/portal\\\/concurso-para-defensores-gdf\\\/\",\"name\":\"GDF prev\u00ea novo concurso para defensores! SAIBA MAIS!\",\"isPartOf\":{\"@id\":\"https:\\\/\\\/cj.estrategia.com\\\/portal\\\/#website\"},\"primaryImageOfPage\":{\"@id\":\"https:\\\/\\\/cj.estrategia.com\\\/portal\\\/concurso-para-defensores-gdf\\\/#primaryimage\"},\"image\":{\"@id\":\"https:\\\/\\\/cj.estrategia.com\\\/portal\\\/concurso-para-defensores-gdf\\\/#primaryimage\"},\"thumbnailUrl\":\"https:\\\/\\\/cj.estrategia.com\\\/portal\\\/wp-content\\\/uploads\\\/2022\\\/05\\\/19161104\\\/Defensor-Publico.jpg.webp\",\"datePublished\":\"2022-12-09T20:12:51+00:00\",\"dateModified\":\"2022-12-09T20:20:50+00:00\",\"description\":\"Novo concurso para defensores deve ser publicado em breve. A previs\u00e3o est\u00e1 no relat\u00f3rio da comiss\u00e3o de transi\u00e7\u00e3o do governo. VEJA!.\",\"breadcrumb\":{\"@id\":\"https:\\\/\\\/cj.estrategia.com\\\/portal\\\/concurso-para-defensores-gdf\\\/#breadcrumb\"},\"inLanguage\":\"pt-BR\",\"potentialAction\":[{\"@type\":\"ReadAction\",\"target\":[\"https:\\\/\\\/cj.estrategia.com\\\/portal\\\/concurso-para-defensores-gdf\\\/\"]}]},{\"@type\":\"ImageObject\",\"inLanguage\":\"pt-BR\",\"@id\":\"https:\\\/\\\/cj.estrategia.com\\\/portal\\\/concurso-para-defensores-gdf\\\/#primaryimage\",\"url\":\"https:\\\/\\\/cj.estrategia.com\\\/portal\\\/wp-content\\\/uploads\\\/2022\\\/05\\\/19161104\\\/Defensor-Publico.jpg.webp\",\"contentUrl\":\"https:\\\/\\\/cj.estrategia.com\\\/portal\\\/wp-content\\\/uploads\\\/2022\\\/05\\\/19161104\\\/Defensor-Publico.jpg.webp\",\"width\":784,\"height\":441,\"caption\":\"Dia do Defensor P\u00fablico\"},{\"@type\":\"BreadcrumbList\",\"@id\":\"https:\\\/\\\/cj.estrategia.com\\\/portal\\\/concurso-para-defensores-gdf\\\/#breadcrumb\",\"itemListElement\":[{\"@type\":\"ListItem\",\"position\":1,\"name\":\"In\u00edcio\",\"item\":\"https:\\\/\\\/cj.estrategia.com\\\/portal\\\/\"},{\"@type\":\"ListItem\",\"position\":2,\"name\":\"GDF prev\u00ea novo concurso para defensores! SAIBA MAIS!\"}]},{\"@type\":\"WebSite\",\"@id\":\"https:\\\/\\\/cj.estrategia.com\\\/portal\\\/#website\",\"url\":\"https:\\\/\\\/cj.estrategia.com\\\/portal\\\/\",\"name\":\"Blog - Carreiras Jur\u00eddicas - Estrat\u00e9gia\",\"description\":\"\",\"publisher\":{\"@id\":\"https:\\\/\\\/cj.estrategia.com\\\/portal\\\/#organization\"},\"potentialAction\":[{\"@type\":\"SearchAction\",\"target\":{\"@type\":\"EntryPoint\",\"urlTemplate\":\"https:\\\/\\\/cj.estrategia.com\\\/portal\\\/?s={search_term_string}\"},\"query-input\":{\"@type\":\"PropertyValueSpecification\",\"valueRequired\":true,\"valueName\":\"search_term_string\"}}],\"inLanguage\":\"pt-BR\"},{\"@type\":\"Organization\",\"@id\":\"https:\\\/\\\/cj.estrategia.com\\\/portal\\\/#organization\",\"name\":\"Estrat\u00e9gia - Carreiras Jur\u00eddicas\",\"url\":\"https:\\\/\\\/cj.estrategia.com\\\/portal\\\/\",\"logo\":{\"@type\":\"ImageObject\",\"inLanguage\":\"pt-BR\",\"@id\":\"https:\\\/\\\/cj.estrategia.com\\\/portal\\\/#\\\/schema\\\/logo\\\/image\\\/\",\"url\":\"https:\\\/\\\/cj.estrategia.com\\\/portal\\\/wp-content\\\/uploads\\\/2022\\\/03\\\/11151052\\\/cj-logo.png\",\"contentUrl\":\"https:\\\/\\\/cj.estrategia.com\\\/portal\\\/wp-content\\\/uploads\\\/2022\\\/03\\\/11151052\\\/cj-logo.png\",\"width\":150,\"height\":39,\"caption\":\"Estrat\u00e9gia - Carreiras Jur\u00eddicas\"},\"image\":{\"@id\":\"https:\\\/\\\/cj.estrategia.com\\\/portal\\\/#\\\/schema\\\/logo\\\/image\\\/\"},\"sameAs\":[\"https:\\\/\\\/www.facebook.com\\\/estrategiacarreirajuridica\\\/\",\"https:\\\/\\\/x.com\\\/EstratJuridica\",\"https:\\\/\\\/www.instagram.com\\\/estrategiacarreirajuridica\\\/\",\"https:\\\/\\\/www.youtube.com\\\/channel\\\/UClbMGuYbj2Mh1m3w144ETWQ\"]},{\"@type\":\"Person\",\"@id\":\"https:\\\/\\\/cj.estrategia.com\\\/portal\\\/#\\\/schema\\\/person\\\/4d70317d31449932b99102916b6637f5\",\"name\":\"Coordena\u00e7\u00e3o\",\"image\":{\"@type\":\"ImageObject\",\"inLanguage\":\"pt-BR\",\"@id\":\"https:\\\/\\\/cj.estrategia.com\\\/portal\\\/wp-content\\\/uploads\\\/2022\\\/05\\\/12164923\\\/estrategia-carreira-juridica-coordenacao-96x96.png\",\"url\":\"https:\\\/\\\/cj.estrategia.com\\\/portal\\\/wp-content\\\/uploads\\\/2022\\\/05\\\/12164923\\\/estrategia-carreira-juridica-coordenacao-96x96.png\",\"contentUrl\":\"https:\\\/\\\/cj.estrategia.com\\\/portal\\\/wp-content\\\/uploads\\\/2022\\\/05\\\/12164923\\\/estrategia-carreira-juridica-coordenacao-96x96.png\",\"caption\":\"Coordena\u00e7\u00e3o\"},\"url\":\"https:\\\/\\\/cj.estrategia.com\\\/portal\\\/author\\\/coordenacao\\\/\"}]}<\/script>\n<!-- \/ Yoast SEO Premium plugin. -->","yoast_head_json":{"title":"GDF prev\u00ea novo concurso para defensores! SAIBA MAIS!","description":"Novo concurso para defensores deve ser publicado em breve. A previs\u00e3o est\u00e1 no relat\u00f3rio da comiss\u00e3o de transi\u00e7\u00e3o do governo. VEJA!.","robots":{"index":"index","follow":"follow","max-snippet":"max-snippet:-1","max-image-preview":"max-image-preview:large","max-video-preview":"max-video-preview:-1"},"canonical":"https:\/\/cj.estrategia.com\/portal\/concurso-para-defensores-gdf\/","og_locale":"pt_BR","og_type":"article","og_title":"GDF prev\u00ea novo concurso para defensores! SAIBA MAIS!","og_description":"Novo concurso para defensores deve ser publicado em breve. A previs\u00e3o est\u00e1 no relat\u00f3rio da comiss\u00e3o de transi\u00e7\u00e3o do governo. VEJA!.","og_url":"https:\/\/cj.estrategia.com\/portal\/concurso-para-defensores-gdf\/","og_site_name":"Blog - Carreiras Jur\u00eddicas - Estrat\u00e9gia","article_publisher":"https:\/\/www.facebook.com\/estrategiacarreirajuridica\/","article_published_time":"2022-12-09T20:12:51+00:00","article_modified_time":"2022-12-09T20:20:50+00:00","og_image":[{"width":784,"height":441,"url":"https:\/\/cj.estrategia.com\/portal\/wp-content\/uploads\/2022\/05\/19161104\/Defensor-Publico.jpg.webp","type":"image\/webp"}],"author":"Coordena\u00e7\u00e3o","twitter_card":"summary_large_image","twitter_creator":"@EstratJuridica","twitter_site":"@EstratJuridica","twitter_misc":{"Escrito por":"Coordena\u00e7\u00e3o","Est. tempo de leitura":"2 minutos"},"schema":{"@context":"https:\/\/schema.org","@graph":[{"@type":"NewsArticle","@id":"https:\/\/cj.estrategia.com\/portal\/concurso-para-defensores-gdf\/#article","isPartOf":{"@id":"https:\/\/cj.estrategia.com\/portal\/concurso-para-defensores-gdf\/"},"author":{"name":"Coordena\u00e7\u00e3o","@id":"https:\/\/cj.estrategia.com\/portal\/#\/schema\/person\/4d70317d31449932b99102916b6637f5"},"headline":"GDF prev\u00ea novo concurso para defensores! SAIBA MAIS!","datePublished":"2022-12-09T20:12:51+00:00","dateModified":"2022-12-09T20:20:50+00:00","mainEntityOfPage":{"@id":"https:\/\/cj.estrategia.com\/portal\/concurso-para-defensores-gdf\/"},"wordCount":268,"commentCount":0,"publisher":{"@id":"https:\/\/cj.estrategia.com\/portal\/#organization"},"image":{"@id":"https:\/\/cj.estrategia.com\/portal\/concurso-para-defensores-gdf\/#primaryimage"},"thumbnailUrl":"https:\/\/cj.estrategia.com\/portal\/wp-content\/uploads\/2022\/05\/19161104\/Defensor-Publico.jpg.webp","articleSection":["Defensoria"],"inLanguage":"pt-BR","potentialAction":[{"@type":"CommentAction","name":"Comment","target":["https:\/\/cj.estrategia.com\/portal\/concurso-para-defensores-gdf\/#respond"]}]},{"@type":"WebPage","@id":"https:\/\/cj.estrategia.com\/portal\/concurso-para-defensores-gdf\/","url":"https:\/\/cj.estrategia.com\/portal\/concurso-para-defensores-gdf\/","name":"GDF prev\u00ea novo concurso para defensores! SAIBA MAIS!","isPartOf":{"@id":"https:\/\/cj.estrategia.com\/portal\/#website"},"primaryImageOfPage":{"@id":"https:\/\/cj.estrategia.com\/portal\/concurso-para-defensores-gdf\/#primaryimage"},"image":{"@id":"https:\/\/cj.estrategia.com\/portal\/concurso-para-defensores-gdf\/#primaryimage"},"thumbnailUrl":"https:\/\/cj.estrategia.com\/portal\/wp-content\/uploads\/2022\/05\/19161104\/Defensor-Publico.jpg.webp","datePublished":"2022-12-09T20:12:51+00:00","dateModified":"2022-12-09T20:20:50+00:00","description":"Novo concurso para defensores deve ser publicado em breve. A previs\u00e3o est\u00e1 no relat\u00f3rio da comiss\u00e3o de transi\u00e7\u00e3o do governo. VEJA!.","breadcrumb":{"@id":"https:\/\/cj.estrategia.com\/portal\/concurso-para-defensores-gdf\/#breadcrumb"},"inLanguage":"pt-BR","potentialAction":[{"@type":"ReadAction","target":["https:\/\/cj.estrategia.com\/portal\/concurso-para-defensores-gdf\/"]}]},{"@type":"ImageObject","inLanguage":"pt-BR","@id":"https:\/\/cj.estrategia.com\/portal\/concurso-para-defensores-gdf\/#primaryimage","url":"https:\/\/cj.estrategia.com\/portal\/wp-content\/uploads\/2022\/05\/19161104\/Defensor-Publico.jpg.webp","contentUrl":"https:\/\/cj.estrategia.com\/portal\/wp-content\/uploads\/2022\/05\/19161104\/Defensor-Publico.jpg.webp","width":784,"height":441,"caption":"Dia do Defensor P\u00fablico"},{"@type":"BreadcrumbList","@id":"https:\/\/cj.estrategia.com\/portal\/concurso-para-defensores-gdf\/#breadcrumb","itemListElement":[{"@type":"ListItem","position":1,"name":"In\u00edcio","item":"https:\/\/cj.estrategia.com\/portal\/"},{"@type":"ListItem","position":2,"name":"GDF prev\u00ea novo concurso para defensores! SAIBA MAIS!"}]},{"@type":"WebSite","@id":"https:\/\/cj.estrategia.com\/portal\/#website","url":"https:\/\/cj.estrategia.com\/portal\/","name":"Blog - Carreiras Jur\u00eddicas - Estrat\u00e9gia","description":"","publisher":{"@id":"https:\/\/cj.estrategia.com\/portal\/#organization"},"potentialAction":[{"@type":"SearchAction","target":{"@type":"EntryPoint","urlTemplate":"https:\/\/cj.estrategia.com\/portal\/?s={search_term_string}"},"query-input":{"@type":"PropertyValueSpecification","valueRequired":true,"valueName":"search_term_string"}}],"inLanguage":"pt-BR"},{"@type":"Organization","@id":"https:\/\/cj.estrategia.com\/portal\/#organization","name":"Estrat\u00e9gia - Carreiras Jur\u00eddicas","url":"https:\/\/cj.estrategia.com\/portal\/","logo":{"@type":"ImageObject","inLanguage":"pt-BR","@id":"https:\/\/cj.estrategia.com\/portal\/#\/schema\/logo\/image\/","url":"https:\/\/cj.estrategia.com\/portal\/wp-content\/uploads\/2022\/03\/11151052\/cj-logo.png","contentUrl":"https:\/\/cj.estrategia.com\/portal\/wp-content\/uploads\/2022\/03\/11151052\/cj-logo.png","width":150,"height":39,"caption":"Estrat\u00e9gia - Carreiras Jur\u00eddicas"},"image":{"@id":"https:\/\/cj.estrategia.com\/portal\/#\/schema\/logo\/image\/"},"sameAs":["https:\/\/www.facebook.com\/estrategiacarreirajuridica\/","https:\/\/x.com\/EstratJuridica","https:\/\/www.instagram.com\/estrategiacarreirajuridica\/","https:\/\/www.youtube.com\/channel\/UClbMGuYbj2Mh1m3w144ETWQ"]},{"@type":"Person","@id":"https:\/\/cj.estrategia.com\/portal\/#\/schema\/person\/4d70317d31449932b99102916b6637f5","name":"Coordena\u00e7\u00e3o","image":{"@type":"ImageObject","inLanguage":"pt-BR","@id":"https:\/\/cj.estrategia.com\/portal\/wp-content\/uploads\/2022\/05\/12164923\/estrategia-carreira-juridica-coordenacao-96x96.png","url":"https:\/\/cj.estrategia.com\/portal\/wp-content\/uploads\/2022\/05\/12164923\/estrategia-carreira-juridica-coordenacao-96x96.png","contentUrl":"https:\/\/cj.estrategia.com\/portal\/wp-content\/uploads\/2022\/05\/12164923\/estrategia-carreira-juridica-coordenacao-96x96.png","caption":"Coordena\u00e7\u00e3o"},"url":"https:\/\/cj.estrategia.com\/portal\/author\/coordenacao\/"}]}},"jetpack_featured_media_url":"https:\/\/cj.estrategia.com\/portal\/wp-content\/uploads\/2022\/05\/19161104\/Defensor-Publico.jpg.webp","jetpack_sharing_enabled":true,"_links":{"self":[{"href":"https:\/\/cj.estrategia.com\/portal\/wp-json\/wp\/v2\/posts\/24971","targetHints":{"allow":["GET"]}}],"collection":[{"href":"https:\/\/cj.estrategia.com\/portal\/wp-json\/wp\/v2\/posts"}],"about":[{"href":"https:\/\/cj.estrategia.com\/portal\/wp-json\/wp\/v2\/types\/post"}],"author":[{"embeddable":true,"href":"https:\/\/cj.estrategia.com\/portal\/wp-json\/wp\/v2\/users\/12"}],"replies":[{"embeddable":true,"href":"https:\/\/cj.estrategia.com\/portal\/wp-json\/wp\/v2\/comments?post=24971"}],"version-history":[{"count":3,"href":"https:\/\/cj.estrategia.com\/portal\/wp-json\/wp\/v2\/posts\/24971\/revisions"}],"predecessor-version":[{"id":24976,"href":"https:\/\/cj.estrategia.com\/portal\/wp-json\/wp\/v2\/posts\/24971\/revisions\/24976"}],"wp:featuredmedia":[{"embeddable":true,"href":"https:\/\/cj.estrategia.com\/portal\/wp-json\/wp\/v2\/media\/5075"}],"wp:attachment":[{"href":"https:\/\/cj.estrategia.com\/portal\/wp-json\/wp\/v2\/media?parent=24971"}],"wp:term":[{"taxonomy":"category","embeddable":true,"href":"https:\/\/cj.estrategia.com\/portal\/wp-json\/wp\/v2\/categories?post=24971"},{"taxonomy":"post_tag","embeddable":true,"href":"https:\/\/cj.estrategia.com\/portal\/wp-json\/wp\/v2\/tags?post=24971"},{"taxonomy":"tax_estado","embeddable":true,"href":"https:\/\/cj.estrategia.com\/portal\/wp-json\/wp\/v2\/tax_estado?post=24971"}],"curies":[{"name":"wp","href":"https:\/\/api.w.org\/{rel}","templated":true}]}}