{"id":24394,"date":"2022-12-04T17:10:54","date_gmt":"2022-12-04T20:10:54","guid":{"rendered":"https:\/\/cj.estrategia.com\/portal\/?p=24394"},"modified":"2022-12-05T12:48:25","modified_gmt":"2022-12-05T15:48:25","slug":"gabarito-extraoficial-pge-sc-procurador-confira-a-correcao","status":"publish","type":"post","link":"https:\/\/cj.estrategia.com\/portal\/gabarito-extraoficial-pge-sc-procurador-confira-a-correcao\/","title":{"rendered":"Gabarito Extraoficial PGE SC Procurador: confira a corre\u00e7\u00e3o!"},"content":{"rendered":"\n<p>Neste domingo, 04 de dezembro, foram aplicadas as <strong>provas do concurso PGE SC Procurador.&nbsp;<\/strong>De acordo com o edital, as avalia\u00e7\u00f5es tiveram 100 quest\u00f5es do tipo m\u00faltipla escolha, com 5 alternativas cada.<\/p>\n\n\n\n<p>E com o objetivo de ajud\u00e1-lo a diminuir um pouco a ansiedade de saber se foi bem ou n\u00e3o em um concurso t\u00e3o visado e importante,&nbsp;<strong>nossos professores ir\u00e3o realizar a corre\u00e7\u00e3o dando o<\/strong>&nbsp;<strong>gabarito extraoficial da prova da PGE SC Procurador<\/strong>.<\/p>\n\n\n\n<p>Portanto, confira, antecipadamente, seu desempenho e ainda receba dicas de recursos (se houver necessidade, claro!). Conv\u00e9m frisar que o&nbsp;gabarito oficial preliminar j\u00e1 foi publicado pela FGV (confira no final do artigo).<\/p>\n\n\n\n<h2 class=\"wp-block-heading\" id=\"h-correcao-e-gabarito-extraoficial-pge-sc-procurador\"><span id=\"correcao-e-gabarito-extraoficial-pge-sc-procurador\">Corre\u00e7\u00e3o e Gabarito Extraoficial PGE SC Procurador<\/span><\/h2>\n\n\n\n<ul class=\"wp-block-list\">\n<li><em>\u00c2ncora &#8211; Rodolfo Penna<\/em><\/li>\n\n\n\n<li><em>Direito Constitucional &#8211; Nelma Fontana<\/em><\/li>\n\n\n\n<li><em>Direito Civil &#8211; Paulo Sousa<\/em><\/li>\n\n\n\n<li><em>Direito Eleitoral &#8211; Leonardo Fernandes<\/em><\/li>\n\n\n\n<li><em>Direito Tribut\u00e1rio &#8211; Felipe Duque<\/em><\/li>\n\n\n\n<li><em>Direito Econ\u00f4mico &#8211; Ihuru Assun\u00e7\u00e3o<\/em><\/li>\n\n\n\n<li><em>Direito do Trabalho e Processo do Trabalho &#8211; Lucas Pessoa<\/em><\/li>\n\n\n\n<li><em>Direito Financeiro &#8211; Marcel Torres<\/em><\/li>\n\n\n\n<li><em>Direito Penal &#8211; Ivan Marques<\/em><\/li>\n\n\n\n<li><em>Direito Administrativo &#8211; Rodolfo Penna&nbsp;<\/em><\/li>\n\n\n\n<li><em>Direito Processual Civil &#8211; Rodrigo Vaslin<\/em><\/li>\n\n\n\n<li><em>Legisla\u00e7\u00e3o Local &#8211; Lucas Henrique<\/em><\/li>\n\n\n\n<li><em>Thiago Leite &#8211; Direito Ambiental<\/em><\/li>\n<\/ul>\n\n\n\n<figure class=\"wp-block-embed is-type-video is-provider-youtube wp-block-embed-youtube wp-embed-aspect-16-9 wp-has-aspect-ratio\"><div class=\"wp-block-embed__wrapper\">\n<div class=\"cs-embed cs-embed-responsive\"><iframe title=\"Gabarito Extraoficial - PGE SC Procurador\" width=\"1200\" height=\"675\" src=\"https:\/\/www.youtube.com\/embed\/xy69xR4qEIk?feature=oembed\" frameborder=\"0\" allow=\"accelerometer; autoplay; clipboard-write; encrypted-media; gyroscope; picture-in-picture\" allowfullscreen><\/iframe><\/div>\n<\/div><\/figure>\n\n\n\n<h3 class=\"wp-block-heading\" id=\"h-gabarito-extraoficial-pge-sc-procurador\"><span id=\"gabarito-extraoficial-pge-sc-procurador\">Gabarito extraoficial: PGE SC Procurador<\/span><\/h3>\n\n\n\n<p>Abaixo, voc\u00ea confere os gabaritos das quest\u00f5es corrigidas pelos nossos professores. \u00c0 medida em que as corre\u00e7\u00f5es forem realizadas, o artigo ser\u00e1 atualizado. <\/p>\n\n\n\n<p>Como existem v\u00e1rios tipos de provas, voc\u00ea pode conferindo o in\u00edcio da quest\u00e3o.<\/p>\n\n\n\n<p><strong>PROVA TIPO 2 &#8211; VERDE<\/strong><\/p>\n\n\n\n<p><strong>Quest\u00e3o 01:<\/strong>&nbsp;Jo\u00e3o pretende aproveitar o potencial&#8230;<br><strong><em>Resposta:<\/em><\/strong> D<\/p>\n\n\n\n<p><strong>Quest\u00e3o 02:<\/strong>&nbsp;Johan nasceu no territ\u00f3rio brasileiro&#8230;<br><strong><em>Resposta:<\/em><\/strong> B<\/p>\n\n\n\n<p><strong>Quest\u00e3o 03:<\/strong>&nbsp;Em raz\u00e3o das rigorosas chuvas&#8230;<br><strong><em>Resposta:<\/em><\/strong> A<\/p>\n\n\n\n<p><strong>Quest\u00e3o 04:<\/strong>&nbsp;Maria foi acometida por uma rara&#8230;<br><strong><em>Resposta:<\/em><\/strong> C<\/p>\n\n\n\n<p><strong>Quest\u00e3o 05:<\/strong>&nbsp;Jo\u00e3o pretendia iniciar sua carreira&#8230;<br><strong><em>Resposta:<\/em><\/strong> A<\/p>\n\n\n\n<p><strong>Quest\u00e3o 06:<\/strong>&nbsp;Em um lit\u00edgio envolvendo o Estado Alfa&#8230;<br><strong><em>Resposta:<\/em><\/strong> C<\/p>\n\n\n\n<p><strong>Quest\u00e3o 07:<\/strong>&nbsp;Joana foi empregada p\u00fablica no Munic\u00edpio&#8230;<br><strong><em>Resposta:<\/em><\/strong> E<\/p>\n\n\n\n<p><strong>Quest\u00e3o 08:<\/strong>&nbsp;A Secretaria de Fazenda e Planejamento&#8230;<br><strong><em>Resposta:<\/em><\/strong> D<\/p>\n\n\n\n<p><strong>Quest\u00e3o 09:<\/strong>&nbsp;O Partido Pol\u00edtico XX&#8230;<br><strong><em>Resposta:<\/em><\/strong> E<\/p>\n\n\n\n<p><strong>Quest\u00e3o 10:<\/strong>&nbsp;O Estado Alfa editou a Lei Complementar&#8230;<br><strong><em>Resposta:<\/em><\/strong> E<\/p>\n\n\n\n<p><strong>Quest\u00e3o 11:<\/strong>&nbsp;Bruna, estudiosa da interpreta\u00e7\u00e3o&#8230;<br><strong><em>Resposta:<\/em><\/strong> C<\/p>\n\n\n\n<p><strong>Quest\u00e3o 12:<\/strong>&nbsp;O Munic\u00edpio Alfa alterou a sua Lei&#8230;<br><strong><em>Resposta:<\/em><\/strong> D<\/p>\n\n\n\n<p><strong>Quest\u00e3o 13:<\/strong>&nbsp;Pedro, ordenador de despesas no Munic\u00edpio&#8230;<br><strong><em>Resposta:<\/em><\/strong> C<\/p>\n\n\n\n<p><strong>Quest\u00e3o 14:<\/strong>&nbsp;O governador do Estado Alta tomou conhecimento&#8230;<br><strong><em>Resposta:<\/em><\/strong> C<\/p>\n\n\n\n<p><strong>Quest\u00e3o 15:<\/strong>&nbsp;Jos\u00e9 cumpria pena em regime&#8230;<br><strong><em>Resposta:<\/em><\/strong> D<\/p>\n\n\n\n<p><strong>Quest\u00e3o 16:<\/strong>&nbsp;Rafael, m\u00e9dio do Estado de Santa Catarina&#8230;<br><strong><em>Resposta:<\/em><\/strong> D<\/p>\n\n\n\n<p><strong>Quest\u00e3o 17:<\/strong>&nbsp;Nat\u00e1lia, graduada em engenharia&#8230;<br><strong><em>Resposta:<\/em><\/strong> E<\/p>\n\n\n\n<p><strong>Quest\u00e3o 18:<\/strong>&nbsp;Maria, servidora p\u00fablica efetiva&#8230;<br><strong><em>Resposta:<\/em><\/strong> D<\/p>\n\n\n\n<p><strong>Quest\u00e3o 19:<\/strong>&nbsp;Durante evento epid\u00eamico, Jo\u00e3o&#8230;<br><strong><em>Resposta:<\/em><\/strong> C<\/p>\n\n\n\n<p><strong>Quest\u00e3o 20:<\/strong>&nbsp;Lei do Estado de Santa Catarina prev\u00ea&#8230;<br><strong><em>Resposta:<\/em><\/strong> C<\/p>\n\n\n\n<p><strong>Quest\u00e3o 21:<\/strong>&nbsp;Sobre a aplicabilidade da Lei de Licita\u00e7\u00f5es&#8230;<br><strong><em>Resposta:<\/em><\/strong> E &#8211; cabe recurso<\/p>\n\n\n\n<p><strong>Quest\u00e3o 22:<\/strong>&nbsp;Den\u00fancia \u00e9 enviada ao Tribunal de Contas&#8230;<br><strong><em>Resposta:<\/em><\/strong> E<\/p>\n\n\n\n<p><strong>Quest\u00e3o 23:<\/strong>&nbsp;Jo\u00e3o e sua companheira Maria ocupam&#8230;<br><strong><em>Resposta:<\/em><\/strong> D<\/p>\n\n\n\n<p><strong>Quest\u00e3o 24:<\/strong>&nbsp;O conjunto residencial Barriga Verde&#8230;<br><strong><em>Resposta:<\/em><\/strong> E<\/p>\n\n\n\n<p><strong>Quest\u00e3o 25:<\/strong>&nbsp;Jos\u00e9, procurador do Estado X, elabora&#8230;<br><strong><em>Resposta:<\/em><\/strong> C<\/p>\n\n\n\n<p><strong>Quest\u00e3o 26:<\/strong>&nbsp;Suponha que decis\u00f5es reiteradas&#8230;<br><strong><em>Resposta:<\/em><\/strong> C<\/p>\n\n\n\n<p><strong>Quest\u00e3o 27:<\/strong>&nbsp;Frederico \u00e9 uma crian\u00e7a em tenra idade&#8230;<br><strong><em>Resposta:<\/em><\/strong> E<\/p>\n\n\n\n<p><strong>Quest\u00e3o 28:<\/strong>&nbsp;O Ju\u00edzo de Direito da Vara da Fazenda&#8230;<br><strong><em>Resposta:<\/em><\/strong> A<\/p>\n\n\n\n<p><strong>Quest\u00e3o 29:<\/strong>&nbsp;A sociedade X, ao securitizar suas d\u00edvidas&#8230;<br><strong><em>Resposta:<\/em><\/strong> D<\/p>\n\n\n\n<p><strong>Quest\u00e3o 30:<\/strong>&nbsp;C\u00e9sio celebrou contrato de empreitada&#8230;<br><strong><em>Resposta:<\/em><\/strong> B<\/p>\n\n\n\n<p><strong>Quest\u00e3o 31:<\/strong>&nbsp;Act\u00ednio e Coperc\u00edna casam-se em 2018&#8230;<br><strong><em>Resposta:<\/em><\/strong> C<\/p>\n\n\n\n<p><strong>Quest\u00e3o 32:<\/strong>&nbsp;A sociedade X contrata a incorporadora Y&#8230;.<br><strong><em>Resposta:<\/em><\/strong> C<\/p>\n\n\n\n<p><strong>Quest\u00e3o 33:<\/strong>&nbsp;A concession\u00e1ria X presta servi\u00e7os&#8230;<br><strong><em>Resposta:<\/em><\/strong> C<\/p>\n\n\n\n<p><strong>Quest\u00e3o 34:<\/strong>&nbsp;Bor\u00f3 e Arg\u00f4nia s\u00e3o casados&#8230;<br><strong><em>Resposta:<\/em><\/strong> E<\/p>\n\n\n\n<p><strong>Quest\u00e3o 35:<\/strong>&nbsp;Estr\u00f4ncio, policial militar, contrata&#8230;<br><strong><em>Resposta:<\/em><\/strong> C<\/p>\n\n\n\n<p><strong>Quest\u00e3o 36:<\/strong>&nbsp;Em 2016, Xen\u00f4nio, com 17 anos&#8230;<br><strong><em>Resposta:<\/em><\/strong> B<\/p>\n\n\n\n<p><strong>Quest\u00e3o 37:<\/strong>&nbsp;Maria foi chamada a participar de um&#8230;<br><strong><em>Resposta:<\/em><\/strong> A<\/p>\n\n\n\n<p><strong>Quest\u00e3o 38:<\/strong>&nbsp;O banco X emprestou \u00e0 cooperativa&#8230;<br><strong><em>Resposta:<\/em><\/strong> B<\/p>\n\n\n\n<p><strong>Quest\u00e3o 39:<\/strong>&nbsp;A imobili\u00e1ria WZY contrata a empreiteira&#8230;<br><strong><em>Resposta:<\/em><\/strong> A<\/p>\n\n\n\n<p><strong>Quest\u00e3o 40:<\/strong>&nbsp;Ocorre a transfer\u00eancia <em>inter<\/em> vivos&#8230;<br><strong><em>Resposta:<\/em><\/strong> D<\/p>\n\n\n\n<p><strong>Quest\u00e3o 41:<\/strong>&nbsp;Nih\u00f4nio contratou um seguro de invalidez&#8230;<br><strong><em>Resposta:<\/em><\/strong> E<\/p>\n\n\n\n<p><strong>Quest\u00e3o 42:<\/strong>&nbsp;Em uma demanda judicial, a empresa X&#8230;<br><strong><em>Resposta:<\/em><\/strong> E<\/p>\n\n\n\n<p><strong>Quest\u00e3o 43:<\/strong>\u00a0T\u00edcio, procurador do Estado de Santa Catarina&#8230;<br><strong><em>Resposta:<\/em><\/strong> D<\/p>\n\n\n\n<p><strong>Quest\u00e3o 44:<\/strong>\u00a0Fred, extremamente irritado com Thor&#8230;<br><strong><em>Resposta:<\/em><\/strong> C<\/p>\n\n\n\n<p><strong>Quest\u00e3o 45:<\/strong>\u00a0Caio, detentor de not\u00f3rio saber jur\u00eddico&#8230;<br><strong><em>Resposta:<\/em><\/strong> B<\/p>\n\n\n\n<p><strong>Quest\u00e3o 46:<\/strong>&nbsp;Acerca da reparti\u00e7\u00e3o de receitas&#8230;<br><strong><em>Resposta:<\/em><\/strong> B<\/p>\n\n\n\n<p><strong>Quest\u00e3o 47:<\/strong>&nbsp;Lei do Estado Alfa de iniciativa do chefe&#8230;<br><strong><em>Resposta:<\/em><\/strong> E<\/p>\n\n\n\n<p><strong>Quest\u00e3o 48:<\/strong>&nbsp;Lei estadual ordin\u00e1ria previu que&#8230;<br><strong><em>Resposta:<\/em><\/strong> D<\/p>\n\n\n\n<p><strong>Quest\u00e3o 49:<\/strong>&nbsp;Uma nova lei ordin\u00e1ria federal&#8230;<br><strong><em>Resposta:<\/em><\/strong> E<\/p>\n\n\n\n<p><strong>Quest\u00e3o 50:<\/strong>&nbsp;A sociedade empres\u00e1ria XYZ Ltda. \u00e9 benefici\u00e1ria&#8230;<br><strong><em>Resposta:<\/em><\/strong> A<\/p>\n\n\n\n<p><strong>Quest\u00e3o 51:<\/strong>&nbsp;Em mat\u00e9ria tribut\u00e1ria, a Constitui\u00e7\u00e3o&#8230;<br><strong><em>Resposta:<\/em><\/strong> C<\/p>\n\n\n\n<p><strong>Quest\u00e3o 52:<\/strong>&nbsp;Acerca das obriga\u00e7\u00f5es tribut\u00e1ria acess\u00f3rias&#8230;<br><strong><em>Resposta:<\/em><\/strong> C<\/p>\n\n\n\n<p><strong>Quest\u00e3o 53:<\/strong>&nbsp;A prescri\u00e7\u00e3o e a decad\u00eancia tribut\u00e1rias&#8230;<br><strong><em>Resposta:<\/em><\/strong> E<\/p>\n\n\n\n<p><strong>Quest\u00e3o 54:<\/strong>&nbsp;Lei ordin\u00e1ria do Estado Alta de iniciativa de um deputado&#8230;<br><strong><em>Resposta:<\/em><\/strong> B<\/p>\n\n\n\n<p><strong>Quest\u00e3o 55:<\/strong>&nbsp;Acerca do Imposto Estadual sobre a Propriedade&#8230;<br><strong><em>Resposta:<\/em><\/strong> B<\/p>\n\n\n\n<p><strong>Quest\u00e3o 56:<\/strong>&nbsp;No mesmo dia, foram protocolizados junto \u00e0 Secretaria&#8230;<br><strong><em>Resposta:<\/em><\/strong> B<\/p>\n\n\n\n<p><strong>Quest\u00e3o 57:<\/strong>&nbsp;Acerca do Imposto Estadual sobre Transmiss\u00e3o&#8230;<br><strong><em>Resposta:<\/em><\/strong> D<\/p>\n\n\n\n<p><strong>Quest\u00e3o 58:<\/strong>&nbsp;A Cia. de \u00c1guas do Estado Alfa S\/A&#8230;<br><strong><em>Resposta:<\/em><\/strong> B<\/p>\n\n\n\n<p><strong>Quest\u00e3o 59:<\/strong>&nbsp;A sociedade empres\u00e1ria XYZ Ltda. tinha por s\u00f3cios&#8230;<br><strong><em>Resposta:<\/em><\/strong> E<\/p>\n\n\n\n<p><strong>Quest\u00e3o 60:<\/strong>&nbsp;Em um grave acidente de tr\u00e2nsito&#8230;<br><strong><em>Resposta:<\/em><\/strong> B<\/p>\n\n\n\n<p><strong>Quest\u00e3o 61:<\/strong>&nbsp;Acerca do regramento do or\u00e7amento p\u00fablico&#8230;<br><strong><em>Resposta:<\/em><\/strong> C<\/p>\n\n\n\n<p><strong>Quest\u00e3o 62:<\/strong>&nbsp;O Estado Alfa encontra-se em Regime&#8230;<br><strong><em>Resposta:<\/em><\/strong> E<\/p>\n\n\n\n<p><strong>Quest\u00e3o 63:<\/strong>&nbsp;Alberto, administrador da Drogaria W Ltda&#8230;<br><strong><em>Resposta:<\/em><\/strong> D &#8211; cabe recurso\/anula\u00e7\u00e3o<\/p>\n\n\n\n<p><strong>Quest\u00e3o 64:<\/strong>&nbsp;A seguradora X recebeu uma multa do Procon&#8230;<br><strong><em>Resposta:<\/em><\/strong> C<\/p>\n\n\n\n<p><strong>Quest\u00e3o 65:<\/strong>&nbsp;Com vistas ao estudo e regula\u00e7\u00e3o&#8230;<br><strong><em>Resposta:<\/em><\/strong> E<\/p>\n\n\n\n<p><strong>Quest\u00e3o 66:<\/strong>&nbsp;Breno \u00e9 empregado, desde 2018, num escrit\u00f3rio&#8230;<br><strong><em>Resposta:<\/em><\/strong> C<\/p>\n\n\n\n<p><strong>Quest\u00e3o 67:<\/strong>&nbsp;Maria Eduarda, Andrea e Laura foram contratadas&#8230;<br><strong><em>Resposta:<\/em><\/strong> B<\/p>\n\n\n\n<p><strong>Quest\u00e3o 68:<\/strong>&nbsp;Benjamim foi contratado como vendedor&#8230;<br><strong><em>Resposta:<\/em><\/strong> A<\/p>\n\n\n\n<p><strong>Quest\u00e3o 69:<\/strong>&nbsp;Betina \u00e9 empresa numa empresa de cal\u00e7ados&#8230;<br><strong><em>Resposta:<\/em><\/strong> D<\/p>\n\n\n\n<p><strong>Quest\u00e3o 70:<\/strong>&nbsp;Wellington trabalha uma pedreira localizada&#8230;<br><strong><em>Resposta:<\/em><\/strong> E<\/p>\n\n\n\n<p><strong>Quest\u00e3o 71:<\/strong>&nbsp;Jo\u00e3o, de forma livre e consciente, em setembro&#8230;<br><strong><em>Resposta:<\/em><\/strong> C<\/p>\n\n\n\n<p><strong>Quest\u00e3o 72:<\/strong>&nbsp;Por meio de emenda \u00e0 sua Constitui\u00e7\u00e3o&#8230;<br><strong><em>Resposta:<\/em><\/strong> D<\/p>\n\n\n\n<p><strong>Quest\u00e3o 73:<\/strong>&nbsp;A Lei n\u00ba 11.445\/2007 estabelece&#8230;<br><strong><em>Resposta:<\/em><\/strong> C<\/p>\n\n\n\n<p><strong>Quest\u00e3o 74:<\/strong>&nbsp;A sociedade empres\u00e1ria Alfa protocolizou requerimento&#8230;<br><strong><em>Resposta:<\/em><\/strong> B<\/p>\n\n\n\n<p><strong>Quest\u00e3o 75:<\/strong>&nbsp;O Superior Tribunal de Justi\u00e7a (STJ) vem afirmando&#8230;<br><strong><em>Resposta:<\/em><\/strong> C<\/p>\n\n\n\n<p><strong>Quest\u00e3o 76:<\/strong>&nbsp;T\u00edcio, engenheiro que trabalha junto \u00e0 iniciativa&#8230;<br><strong><em>Resposta:<\/em><\/strong> B<\/p>\n\n\n\n<p><strong>Quest\u00e3o 77:<\/strong>&nbsp;T\u00edcio, delegado de pol\u00edcia civil em atua\u00e7\u00e3o&#8230;<br><strong><em>Resposta:<\/em><\/strong> D<\/p>\n\n\n\n<p><strong>Quest\u00e3o 78:<\/strong>&nbsp;Caio, servidor p\u00fablico estatut\u00e1rio do Munic\u00edpio X&#8230;<br><strong><em>Resposta:<\/em><\/strong> D<\/p>\n\n\n\n<p><strong>Quest\u00e3o 79:<\/strong>&nbsp;Jo\u00e3o, Ant\u00f4nio e Pedro, estudiosos&#8230;<br><strong><em>Resposta:<\/em><\/strong> E<\/p>\n\n\n\n<p><strong>Quest\u00e3o 80:<\/strong>&nbsp;A entidade de classe Alfa, regularmente&#8230;<br><strong><em>Resposta:<\/em><\/strong> E<\/p>\n\n\n\n<p><strong>Quest\u00e3o 81:<\/strong>&nbsp;O deputado estadual Alem\u00e3o do Bar envia&#8230;<br><strong><em>Resposta:<\/em><\/strong> B<\/p>\n\n\n\n<p><strong>Quest\u00e3o 82:<\/strong>&nbsp;Norma da Constitui\u00e7\u00e3o do Estado X&#8230;<br><strong><em>Resposta:<\/em><\/strong> D<\/p>\n\n\n\n<p><strong>Quest\u00e3o 83:<\/strong>&nbsp;Em raz\u00e3o de acidente que envolveu o seu ve\u00edculo&#8230;<br><strong><em>Resposta:<\/em><\/strong> E<\/p>\n\n\n\n<p><strong>Quest\u00e3o 84:<\/strong>&nbsp;Depois de pagar verba indenizat\u00f3ria aos familiares&#8230;<br><strong><em>Resposta:<\/em><\/strong> B<\/p>\n\n\n\n<p><strong>Quest\u00e3o 85:<\/strong>&nbsp;O ju\u00edzo com compet\u00eancia para a mat\u00e9ria&#8230;<br><strong><em>Resposta:<\/em><\/strong> A<\/p>\n\n\n\n<p><strong>Quest\u00e3o 86:<\/strong>&nbsp;Determinado im\u00f3vel, integrante do patrim\u00f4nio&#8230;<br><strong><em>Resposta:<\/em><\/strong> D<\/p>\n\n\n\n<p><strong>Quest\u00e3o 87:<\/strong>&nbsp;Interposto recurso extraordin\u00e1rio&#8230;<br><strong><em>Resposta:<\/em><\/strong> D<\/p>\n\n\n\n<p><strong>Quest\u00e3o 88:<\/strong>&nbsp;A Fazenda P\u00fablica ingressou com uma demanda&#8230;<br><strong><em>Resposta:<\/em><\/strong> C<\/p>\n\n\n\n<p><strong>Quest\u00e3o 89:<\/strong>&nbsp;Jos\u00e9, munido de uma prova escrita&#8230;<br><strong><em>Resposta:<\/em><\/strong> C<\/p>\n\n\n\n<p><strong>Quest\u00e3o 90:<\/strong>&nbsp;Servidor p\u00fablico do Estado de Santa Catarina&#8230;<br><strong><em>Resposta:<\/em><\/strong> D<\/p>\n\n\n\n<p><strong>Quest\u00e3o 91:<\/strong>&nbsp;\u00c0 luz da Lei Complementar Estadual n\u00ba 465\/2009&#8230;<br><strong><em>Resposta:<\/em><\/strong> A<\/p>\n\n\n\n<p><strong>Quest\u00e3o 92:<\/strong>&nbsp;Foi instaurado diss\u00eddio coletivo em n\u00edvel nacional&#8230;<br><strong><em>Resposta:<\/em><\/strong> E<\/p>\n\n\n\n<p><strong>Quest\u00e3o 93:<\/strong>&nbsp;Joana e Ana, estagi\u00e1rias da Procuradoria-Geral&#8230;<br><strong><em>Resposta:<\/em><\/strong> B<\/p>\n\n\n\n<p><strong>Quest\u00e3o 94:<\/strong>&nbsp;Determinado processo tramita perante&#8230;<br><strong><em>Resposta:<\/em><\/strong> E<\/p>\n\n\n\n<p><strong>Quest\u00e3o 95:<\/strong>&nbsp;Jo\u00e3o, rec\u00e9m-empossado advogado aut\u00e1rquico&#8230;<br><strong><em>Resposta:<\/em><\/strong> B<\/p>\n\n\n\n<p><strong>Quest\u00e3o 96:<\/strong>&nbsp;Joana, servidores ocupante de cargo de provimento&#8230;<br><strong><em>Resposta:<\/em><\/strong> E<\/p>\n\n\n\n<p><strong>Quest\u00e3o 97:<\/strong>&nbsp;XX, deputado estadual junto \u00e0 Assembleia&#8230;<br><strong><em>Resposta:<\/em><\/strong> C<\/p>\n\n\n\n<p><strong>Quest\u00e3o 98:<\/strong>&nbsp;Jo\u00e3o, procurador do Estado de Santa Catarina&#8230;<br><strong><em>Resposta:<\/em><\/strong> A<\/p>\n\n\n\n<p><strong>Quest\u00e3o 99:<\/strong>&nbsp;Maria, Ant\u00f4nia e Jana\u00edna travaram alentado debate&#8230;<br><strong><em>Resposta:<\/em><\/strong> B<\/p>\n\n\n\n<p><strong>Quest\u00e3o 100:<\/strong>&nbsp;Determinada mat\u00e9ria foi objeto de aprecia\u00e7\u00e3o&#8230;<br><strong><em>Resposta:<\/em><\/strong> A<\/p>\n\n\n\n<p class=\"has-text-align-center has-background has-medium-font-size\" style=\"background-color:#ebe4cf\"><a href=\"https:\/\/dhg1h5j42swfq.cloudfront.net\/2022\/12\/04202400\/pge_sc_2022_gabarito_preliminar_edital_01-2022.pdf\" target=\"_blank\" rel=\"noreferrer noopener nofollow\">Confira o gabarito preliminar divulgado pela FGV<\/a><\/p>\n\n\n\n<p class=\"has-text-align-center has-background has-medium-font-size\" style=\"background-color:#ebe4cf\"><strong><a href=\"https:\/\/cj.estrategia.com\/portal\/concurso-pge-sc-procurador\/\" target=\"_blank\" >Concurso Procurador SC<\/a><\/strong><\/p>\n\n\n\n<h2 class=\"has-text-align-center wp-block-heading\" id=\"cursos\"><span id=\"quer-saber-tudo-sobre-concursos-previstosconfira-nossos-artigos\">Quer saber tudo sobre concursos previstos?<br><strong>Confira nossos artigos!<\/strong><\/span><\/h2>\n\n\n\n<ul class=\"wp-block-list\">\n<li><a href=\"https:\/\/cj.estrategia.com\/portal\/concursos-abertos-carreiras-juridicas\/\" target=\"_blank\" >Concursos abertos<\/a><\/li>\n\n\n\n<li><a href=\"https:\/\/cj.estrategia.com\/portal\/concursos-2022-carreira-juridicas\/\" target=\"_blank\" >Concursos 2022<\/a><\/li>\n\n\n\n<li><a href=\"https:\/\/cj.estrategia.com\/portal\/concursos-2023-carreiras-juridicas\/\" target=\"_blank\" >Concursos 2023<\/a><\/li>\n<\/ul>\n\n\n\n<h2 class=\"has-text-align-center wp-block-heading\" id=\"cursos\"><span id=\"quer-estudar-para-o-concurso\">Quer estudar para o concurso?<\/span><\/h2>\n\n\n\n<div class=\"wp-block-cover\" style=\"min-height:155px;aspect-ratio:unset;\"><img decoding=\"async\" width=\"1890\" height=\"351\" class=\"wp-block-cover__image-background wp-image-8669\" alt=\"Assinaturas Jur\u00eddicas\" src=\"https:\/\/cj.estrategia.com\/portal\/wp-content\/uploads\/2022\/06\/20151253\/concurso-carreiras-juridicas-assinatura-juridica.jpg\" style=\"object-position:78% 43%\" data-object-fit=\"cover\" data-object-position=\"78% 43%\" srcset=\"https:\/\/cj.estrategia.com\/portal\/wp-content\/uploads\/2022\/06\/20151253\/concurso-carreiras-juridicas-assinatura-juridica.jpg 1890w, https:\/\/cj.estrategia.com\/portal\/wp-content\/uploads\/2022\/06\/20151253\/concurso-carreiras-juridicas-assinatura-juridica-300x56.jpg 300w, https:\/\/cj.estrategia.com\/portal\/wp-content\/uploads\/2022\/06\/20151253\/concurso-carreiras-juridicas-assinatura-juridica-1024x190.jpg 1024w, https:\/\/cj.estrategia.com\/portal\/wp-content\/uploads\/2022\/06\/20151253\/concurso-carreiras-juridicas-assinatura-juridica-768x143.jpg 768w, https:\/\/cj.estrategia.com\/portal\/wp-content\/uploads\/2022\/06\/20151253\/concurso-carreiras-juridicas-assinatura-juridica-1536x285.jpg 1536w, https:\/\/cj.estrategia.com\/portal\/wp-content\/uploads\/2022\/06\/20151253\/concurso-carreiras-juridicas-assinatura-juridica-380x71.jpg 380w, https:\/\/cj.estrategia.com\/portal\/wp-content\/uploads\/2022\/06\/20151253\/concurso-carreiras-juridicas-assinatura-juridica-800x149.jpg 800w, https:\/\/cj.estrategia.com\/portal\/wp-content\/uploads\/2022\/06\/20151253\/concurso-carreiras-juridicas-assinatura-juridica-1160x215.jpg 1160w\" sizes=\"(max-width: 1890px) 100vw, 1890px\" \/><span aria-hidden=\"true\" class=\"wp-block-cover__background has-background-dim\"><\/span><div class=\"wp-block-cover__inner-container is-layout-flow wp-block-cover-is-layout-flow\">\n<h3 id=\"faca-a-sua-assinatura\" class=\"titulo-assinatura\"><span style=\"color: #ffffff;\">Fa\u00e7a a sua assinatura!<\/span><\/h3>\n<p class=\"subtitulo-assinatura\" style=\"display:block!important; line-height: 0;\"><span style=\"color: #ffffff;\">Escolha a sua \u00e1rea.<\/span><\/p>\n<a target=\"_blank\" href=\"https:\/\/www.estrategiaconcursos.com.br\/assinaturas-ecj\/\" rel=\"noopener\"><button style=\"border-radius: 10px; text-transform: capitalize;\">Acessar<\/button><\/a>\n<\/div><\/div>\n\n\n","protected":false},"excerpt":{"rendered":"Neste domingo, 04 de dezembro, foram aplicadas as provas do concurso PGE SC Procurador.&nbsp;De acordo com o edital,&hellip;\n","protected":false},"author":12,"featured_media":24398,"comment_status":"open","ping_status":"open","sticky":false,"template":"","format":"standard","meta":{"_jetpack_memberships_contains_paid_content":false,"footnotes":""},"categories":[24],"tags":[],"tax_estado":[54],"class_list":{"0":"post-24394","1":"post","2":"type-post","3":"status-publish","4":"format-standard","5":"has-post-thumbnail","7":"category-procuradoria","8":"tax_estado-sc"},"acf":[],"yoast_head":"<!-- This site is optimized with the Yoast SEO Premium plugin v27.4 (Yoast SEO v27.4) - https:\/\/yoast.com\/product\/yoast-seo-premium-wordpress\/ -->\n<title>Gabarito Extraoficial PGE SC Procurador: confira a corre\u00e7\u00e3o!<\/title>\n<meta name=\"description\" content=\"Gabarito Extraoficial PGE SC Procurador ao vivo, no nosso canal do Youtube, a partir das 19h. N\u00e3o perca os detalhes!\" \/>\n<meta name=\"robots\" content=\"index, follow, max-snippet:-1, max-image-preview:large, max-video-preview:-1\" \/>\n<link rel=\"canonical\" href=\"https:\/\/cj.estrategia.com\/portal\/gabarito-extraoficial-pge-sc-procurador-confira-a-correcao\/\" \/>\n<meta property=\"og:locale\" content=\"pt_BR\" \/>\n<meta property=\"og:type\" content=\"article\" \/>\n<meta property=\"og:title\" content=\"Gabarito Extraoficial PGE SC Procurador: confira a corre\u00e7\u00e3o!\" \/>\n<meta property=\"og:description\" content=\"Gabarito Extraoficial PGE SC Procurador ao vivo, no nosso canal do Youtube, a partir das 19h. N\u00e3o perca os detalhes!\" \/>\n<meta property=\"og:url\" content=\"https:\/\/cj.estrategia.com\/portal\/gabarito-extraoficial-pge-sc-procurador-confira-a-correcao\/\" \/>\n<meta property=\"og:site_name\" content=\"Blog - Carreiras Jur\u00eddicas - Estrat\u00e9gia\" \/>\n<meta property=\"article:publisher\" content=\"https:\/\/www.facebook.com\/estrategiacarreirajuridica\/\" \/>\n<meta property=\"article:published_time\" content=\"2022-12-04T20:10:54+00:00\" \/>\n<meta property=\"article:modified_time\" content=\"2022-12-05T15:48:25+00:00\" \/>\n<meta property=\"og:image\" content=\"https:\/\/cj.estrategia.com\/portal\/wp-content\/uploads\/2022\/12\/04171029\/pge-sc.jpg\" \/>\n\t<meta property=\"og:image:width\" content=\"1280\" \/>\n\t<meta property=\"og:image:height\" content=\"720\" \/>\n\t<meta property=\"og:image:type\" content=\"image\/jpeg\" \/>\n<meta name=\"author\" content=\"Coordena\u00e7\u00e3o\" \/>\n<meta name=\"twitter:card\" content=\"summary_large_image\" \/>\n<meta name=\"twitter:creator\" content=\"@EstratJuridica\" \/>\n<meta name=\"twitter:site\" content=\"@EstratJuridica\" \/>\n<meta name=\"twitter:label1\" content=\"Escrito por\" \/>\n\t<meta name=\"twitter:data1\" content=\"Coordena\u00e7\u00e3o\" \/>\n\t<meta name=\"twitter:label2\" content=\"Est. tempo de leitura\" \/>\n\t<meta name=\"twitter:data2\" content=\"7 minutos\" \/>\n<script type=\"application\/ld+json\" class=\"yoast-schema-graph\">{\"@context\":\"https:\\\/\\\/schema.org\",\"@graph\":[{\"@type\":\"NewsArticle\",\"@id\":\"https:\\\/\\\/cj.estrategia.com\\\/portal\\\/gabarito-extraoficial-pge-sc-procurador-confira-a-correcao\\\/#article\",\"isPartOf\":{\"@id\":\"https:\\\/\\\/cj.estrategia.com\\\/portal\\\/gabarito-extraoficial-pge-sc-procurador-confira-a-correcao\\\/\"},\"author\":{\"name\":\"Coordena\u00e7\u00e3o\",\"@id\":\"https:\\\/\\\/cj.estrategia.com\\\/portal\\\/#\\\/schema\\\/person\\\/4d70317d31449932b99102916b6637f5\"},\"headline\":\"Gabarito Extraoficial PGE SC Procurador: confira a corre\u00e7\u00e3o!\",\"datePublished\":\"2022-12-04T20:10:54+00:00\",\"dateModified\":\"2022-12-05T15:48:25+00:00\",\"mainEntityOfPage\":{\"@id\":\"https:\\\/\\\/cj.estrategia.com\\\/portal\\\/gabarito-extraoficial-pge-sc-procurador-confira-a-correcao\\\/\"},\"wordCount\":1494,\"commentCount\":0,\"publisher\":{\"@id\":\"https:\\\/\\\/cj.estrategia.com\\\/portal\\\/#organization\"},\"image\":{\"@id\":\"https:\\\/\\\/cj.estrategia.com\\\/portal\\\/gabarito-extraoficial-pge-sc-procurador-confira-a-correcao\\\/#primaryimage\"},\"thumbnailUrl\":\"https:\\\/\\\/cj.estrategia.com\\\/portal\\\/wp-content\\\/uploads\\\/2022\\\/12\\\/04171029\\\/pge-sc.jpg\",\"articleSection\":[\"Procuradoria\"],\"inLanguage\":\"pt-BR\",\"potentialAction\":[{\"@type\":\"CommentAction\",\"name\":\"Comment\",\"target\":[\"https:\\\/\\\/cj.estrategia.com\\\/portal\\\/gabarito-extraoficial-pge-sc-procurador-confira-a-correcao\\\/#respond\"]}]},{\"@type\":\"WebPage\",\"@id\":\"https:\\\/\\\/cj.estrategia.com\\\/portal\\\/gabarito-extraoficial-pge-sc-procurador-confira-a-correcao\\\/\",\"url\":\"https:\\\/\\\/cj.estrategia.com\\\/portal\\\/gabarito-extraoficial-pge-sc-procurador-confira-a-correcao\\\/\",\"name\":\"Gabarito Extraoficial PGE SC Procurador: confira a corre\u00e7\u00e3o!\",\"isPartOf\":{\"@id\":\"https:\\\/\\\/cj.estrategia.com\\\/portal\\\/#website\"},\"primaryImageOfPage\":{\"@id\":\"https:\\\/\\\/cj.estrategia.com\\\/portal\\\/gabarito-extraoficial-pge-sc-procurador-confira-a-correcao\\\/#primaryimage\"},\"image\":{\"@id\":\"https:\\\/\\\/cj.estrategia.com\\\/portal\\\/gabarito-extraoficial-pge-sc-procurador-confira-a-correcao\\\/#primaryimage\"},\"thumbnailUrl\":\"https:\\\/\\\/cj.estrategia.com\\\/portal\\\/wp-content\\\/uploads\\\/2022\\\/12\\\/04171029\\\/pge-sc.jpg\",\"datePublished\":\"2022-12-04T20:10:54+00:00\",\"dateModified\":\"2022-12-05T15:48:25+00:00\",\"description\":\"Gabarito Extraoficial PGE SC Procurador ao vivo, no nosso canal do Youtube, a partir das 19h. N\u00e3o perca os detalhes!\",\"breadcrumb\":{\"@id\":\"https:\\\/\\\/cj.estrategia.com\\\/portal\\\/gabarito-extraoficial-pge-sc-procurador-confira-a-correcao\\\/#breadcrumb\"},\"inLanguage\":\"pt-BR\",\"potentialAction\":[{\"@type\":\"ReadAction\",\"target\":[\"https:\\\/\\\/cj.estrategia.com\\\/portal\\\/gabarito-extraoficial-pge-sc-procurador-confira-a-correcao\\\/\"]}]},{\"@type\":\"ImageObject\",\"inLanguage\":\"pt-BR\",\"@id\":\"https:\\\/\\\/cj.estrategia.com\\\/portal\\\/gabarito-extraoficial-pge-sc-procurador-confira-a-correcao\\\/#primaryimage\",\"url\":\"https:\\\/\\\/cj.estrategia.com\\\/portal\\\/wp-content\\\/uploads\\\/2022\\\/12\\\/04171029\\\/pge-sc.jpg\",\"contentUrl\":\"https:\\\/\\\/cj.estrategia.com\\\/portal\\\/wp-content\\\/uploads\\\/2022\\\/12\\\/04171029\\\/pge-sc.jpg\",\"width\":1280,\"height\":720},{\"@type\":\"BreadcrumbList\",\"@id\":\"https:\\\/\\\/cj.estrategia.com\\\/portal\\\/gabarito-extraoficial-pge-sc-procurador-confira-a-correcao\\\/#breadcrumb\",\"itemListElement\":[{\"@type\":\"ListItem\",\"position\":1,\"name\":\"In\u00edcio\",\"item\":\"https:\\\/\\\/cj.estrategia.com\\\/portal\\\/\"},{\"@type\":\"ListItem\",\"position\":2,\"name\":\"Gabarito Extraoficial PGE SC Procurador: confira a corre\u00e7\u00e3o!\"}]},{\"@type\":\"WebSite\",\"@id\":\"https:\\\/\\\/cj.estrategia.com\\\/portal\\\/#website\",\"url\":\"https:\\\/\\\/cj.estrategia.com\\\/portal\\\/\",\"name\":\"Blog - Carreiras Jur\u00eddicas - Estrat\u00e9gia\",\"description\":\"\",\"publisher\":{\"@id\":\"https:\\\/\\\/cj.estrategia.com\\\/portal\\\/#organization\"},\"potentialAction\":[{\"@type\":\"SearchAction\",\"target\":{\"@type\":\"EntryPoint\",\"urlTemplate\":\"https:\\\/\\\/cj.estrategia.com\\\/portal\\\/?s={search_term_string}\"},\"query-input\":{\"@type\":\"PropertyValueSpecification\",\"valueRequired\":true,\"valueName\":\"search_term_string\"}}],\"inLanguage\":\"pt-BR\"},{\"@type\":\"Organization\",\"@id\":\"https:\\\/\\\/cj.estrategia.com\\\/portal\\\/#organization\",\"name\":\"Estrat\u00e9gia - Carreiras Jur\u00eddicas\",\"url\":\"https:\\\/\\\/cj.estrategia.com\\\/portal\\\/\",\"logo\":{\"@type\":\"ImageObject\",\"inLanguage\":\"pt-BR\",\"@id\":\"https:\\\/\\\/cj.estrategia.com\\\/portal\\\/#\\\/schema\\\/logo\\\/image\\\/\",\"url\":\"https:\\\/\\\/cj.estrategia.com\\\/portal\\\/wp-content\\\/uploads\\\/2022\\\/03\\\/11151052\\\/cj-logo.png\",\"contentUrl\":\"https:\\\/\\\/cj.estrategia.com\\\/portal\\\/wp-content\\\/uploads\\\/2022\\\/03\\\/11151052\\\/cj-logo.png\",\"width\":150,\"height\":39,\"caption\":\"Estrat\u00e9gia - Carreiras Jur\u00eddicas\"},\"image\":{\"@id\":\"https:\\\/\\\/cj.estrategia.com\\\/portal\\\/#\\\/schema\\\/logo\\\/image\\\/\"},\"sameAs\":[\"https:\\\/\\\/www.facebook.com\\\/estrategiacarreirajuridica\\\/\",\"https:\\\/\\\/x.com\\\/EstratJuridica\",\"https:\\\/\\\/www.instagram.com\\\/estrategiacarreirajuridica\\\/\",\"https:\\\/\\\/www.youtube.com\\\/channel\\\/UClbMGuYbj2Mh1m3w144ETWQ\"]},{\"@type\":\"Person\",\"@id\":\"https:\\\/\\\/cj.estrategia.com\\\/portal\\\/#\\\/schema\\\/person\\\/4d70317d31449932b99102916b6637f5\",\"name\":\"Coordena\u00e7\u00e3o\",\"image\":{\"@type\":\"ImageObject\",\"inLanguage\":\"pt-BR\",\"@id\":\"https:\\\/\\\/cj.estrategia.com\\\/portal\\\/wp-content\\\/uploads\\\/2022\\\/05\\\/12164923\\\/estrategia-carreira-juridica-coordenacao-96x96.png\",\"url\":\"https:\\\/\\\/cj.estrategia.com\\\/portal\\\/wp-content\\\/uploads\\\/2022\\\/05\\\/12164923\\\/estrategia-carreira-juridica-coordenacao-96x96.png\",\"contentUrl\":\"https:\\\/\\\/cj.estrategia.com\\\/portal\\\/wp-content\\\/uploads\\\/2022\\\/05\\\/12164923\\\/estrategia-carreira-juridica-coordenacao-96x96.png\",\"caption\":\"Coordena\u00e7\u00e3o\"},\"url\":\"https:\\\/\\\/cj.estrategia.com\\\/portal\\\/author\\\/coordenacao\\\/\"}]}<\/script>\n<!-- \/ Yoast SEO Premium plugin. -->","yoast_head_json":{"title":"Gabarito Extraoficial PGE SC Procurador: confira a corre\u00e7\u00e3o!","description":"Gabarito Extraoficial PGE SC Procurador ao vivo, no nosso canal do Youtube, a partir das 19h. N\u00e3o perca os detalhes!","robots":{"index":"index","follow":"follow","max-snippet":"max-snippet:-1","max-image-preview":"max-image-preview:large","max-video-preview":"max-video-preview:-1"},"canonical":"https:\/\/cj.estrategia.com\/portal\/gabarito-extraoficial-pge-sc-procurador-confira-a-correcao\/","og_locale":"pt_BR","og_type":"article","og_title":"Gabarito Extraoficial PGE SC Procurador: confira a corre\u00e7\u00e3o!","og_description":"Gabarito Extraoficial PGE SC Procurador ao vivo, no nosso canal do Youtube, a partir das 19h. N\u00e3o perca os detalhes!","og_url":"https:\/\/cj.estrategia.com\/portal\/gabarito-extraoficial-pge-sc-procurador-confira-a-correcao\/","og_site_name":"Blog - Carreiras Jur\u00eddicas - Estrat\u00e9gia","article_publisher":"https:\/\/www.facebook.com\/estrategiacarreirajuridica\/","article_published_time":"2022-12-04T20:10:54+00:00","article_modified_time":"2022-12-05T15:48:25+00:00","og_image":[{"width":1280,"height":720,"url":"https:\/\/cj.estrategia.com\/portal\/wp-content\/uploads\/2022\/12\/04171029\/pge-sc.jpg","type":"image\/jpeg"}],"author":"Coordena\u00e7\u00e3o","twitter_card":"summary_large_image","twitter_creator":"@EstratJuridica","twitter_site":"@EstratJuridica","twitter_misc":{"Escrito por":"Coordena\u00e7\u00e3o","Est. tempo de leitura":"7 minutos"},"schema":{"@context":"https:\/\/schema.org","@graph":[{"@type":"NewsArticle","@id":"https:\/\/cj.estrategia.com\/portal\/gabarito-extraoficial-pge-sc-procurador-confira-a-correcao\/#article","isPartOf":{"@id":"https:\/\/cj.estrategia.com\/portal\/gabarito-extraoficial-pge-sc-procurador-confira-a-correcao\/"},"author":{"name":"Coordena\u00e7\u00e3o","@id":"https:\/\/cj.estrategia.com\/portal\/#\/schema\/person\/4d70317d31449932b99102916b6637f5"},"headline":"Gabarito Extraoficial PGE SC Procurador: confira a corre\u00e7\u00e3o!","datePublished":"2022-12-04T20:10:54+00:00","dateModified":"2022-12-05T15:48:25+00:00","mainEntityOfPage":{"@id":"https:\/\/cj.estrategia.com\/portal\/gabarito-extraoficial-pge-sc-procurador-confira-a-correcao\/"},"wordCount":1494,"commentCount":0,"publisher":{"@id":"https:\/\/cj.estrategia.com\/portal\/#organization"},"image":{"@id":"https:\/\/cj.estrategia.com\/portal\/gabarito-extraoficial-pge-sc-procurador-confira-a-correcao\/#primaryimage"},"thumbnailUrl":"https:\/\/cj.estrategia.com\/portal\/wp-content\/uploads\/2022\/12\/04171029\/pge-sc.jpg","articleSection":["Procuradoria"],"inLanguage":"pt-BR","potentialAction":[{"@type":"CommentAction","name":"Comment","target":["https:\/\/cj.estrategia.com\/portal\/gabarito-extraoficial-pge-sc-procurador-confira-a-correcao\/#respond"]}]},{"@type":"WebPage","@id":"https:\/\/cj.estrategia.com\/portal\/gabarito-extraoficial-pge-sc-procurador-confira-a-correcao\/","url":"https:\/\/cj.estrategia.com\/portal\/gabarito-extraoficial-pge-sc-procurador-confira-a-correcao\/","name":"Gabarito Extraoficial PGE SC Procurador: confira a corre\u00e7\u00e3o!","isPartOf":{"@id":"https:\/\/cj.estrategia.com\/portal\/#website"},"primaryImageOfPage":{"@id":"https:\/\/cj.estrategia.com\/portal\/gabarito-extraoficial-pge-sc-procurador-confira-a-correcao\/#primaryimage"},"image":{"@id":"https:\/\/cj.estrategia.com\/portal\/gabarito-extraoficial-pge-sc-procurador-confira-a-correcao\/#primaryimage"},"thumbnailUrl":"https:\/\/cj.estrategia.com\/portal\/wp-content\/uploads\/2022\/12\/04171029\/pge-sc.jpg","datePublished":"2022-12-04T20:10:54+00:00","dateModified":"2022-12-05T15:48:25+00:00","description":"Gabarito Extraoficial PGE SC Procurador ao vivo, no nosso canal do Youtube, a partir das 19h. N\u00e3o perca os detalhes!","breadcrumb":{"@id":"https:\/\/cj.estrategia.com\/portal\/gabarito-extraoficial-pge-sc-procurador-confira-a-correcao\/#breadcrumb"},"inLanguage":"pt-BR","potentialAction":[{"@type":"ReadAction","target":["https:\/\/cj.estrategia.com\/portal\/gabarito-extraoficial-pge-sc-procurador-confira-a-correcao\/"]}]},{"@type":"ImageObject","inLanguage":"pt-BR","@id":"https:\/\/cj.estrategia.com\/portal\/gabarito-extraoficial-pge-sc-procurador-confira-a-correcao\/#primaryimage","url":"https:\/\/cj.estrategia.com\/portal\/wp-content\/uploads\/2022\/12\/04171029\/pge-sc.jpg","contentUrl":"https:\/\/cj.estrategia.com\/portal\/wp-content\/uploads\/2022\/12\/04171029\/pge-sc.jpg","width":1280,"height":720},{"@type":"BreadcrumbList","@id":"https:\/\/cj.estrategia.com\/portal\/gabarito-extraoficial-pge-sc-procurador-confira-a-correcao\/#breadcrumb","itemListElement":[{"@type":"ListItem","position":1,"name":"In\u00edcio","item":"https:\/\/cj.estrategia.com\/portal\/"},{"@type":"ListItem","position":2,"name":"Gabarito Extraoficial PGE SC Procurador: confira a corre\u00e7\u00e3o!"}]},{"@type":"WebSite","@id":"https:\/\/cj.estrategia.com\/portal\/#website","url":"https:\/\/cj.estrategia.com\/portal\/","name":"Blog - Carreiras Jur\u00eddicas - Estrat\u00e9gia","description":"","publisher":{"@id":"https:\/\/cj.estrategia.com\/portal\/#organization"},"potentialAction":[{"@type":"SearchAction","target":{"@type":"EntryPoint","urlTemplate":"https:\/\/cj.estrategia.com\/portal\/?s={search_term_string}"},"query-input":{"@type":"PropertyValueSpecification","valueRequired":true,"valueName":"search_term_string"}}],"inLanguage":"pt-BR"},{"@type":"Organization","@id":"https:\/\/cj.estrategia.com\/portal\/#organization","name":"Estrat\u00e9gia - Carreiras Jur\u00eddicas","url":"https:\/\/cj.estrategia.com\/portal\/","logo":{"@type":"ImageObject","inLanguage":"pt-BR","@id":"https:\/\/cj.estrategia.com\/portal\/#\/schema\/logo\/image\/","url":"https:\/\/cj.estrategia.com\/portal\/wp-content\/uploads\/2022\/03\/11151052\/cj-logo.png","contentUrl":"https:\/\/cj.estrategia.com\/portal\/wp-content\/uploads\/2022\/03\/11151052\/cj-logo.png","width":150,"height":39,"caption":"Estrat\u00e9gia - Carreiras Jur\u00eddicas"},"image":{"@id":"https:\/\/cj.estrategia.com\/portal\/#\/schema\/logo\/image\/"},"sameAs":["https:\/\/www.facebook.com\/estrategiacarreirajuridica\/","https:\/\/x.com\/EstratJuridica","https:\/\/www.instagram.com\/estrategiacarreirajuridica\/","https:\/\/www.youtube.com\/channel\/UClbMGuYbj2Mh1m3w144ETWQ"]},{"@type":"Person","@id":"https:\/\/cj.estrategia.com\/portal\/#\/schema\/person\/4d70317d31449932b99102916b6637f5","name":"Coordena\u00e7\u00e3o","image":{"@type":"ImageObject","inLanguage":"pt-BR","@id":"https:\/\/cj.estrategia.com\/portal\/wp-content\/uploads\/2022\/05\/12164923\/estrategia-carreira-juridica-coordenacao-96x96.png","url":"https:\/\/cj.estrategia.com\/portal\/wp-content\/uploads\/2022\/05\/12164923\/estrategia-carreira-juridica-coordenacao-96x96.png","contentUrl":"https:\/\/cj.estrategia.com\/portal\/wp-content\/uploads\/2022\/05\/12164923\/estrategia-carreira-juridica-coordenacao-96x96.png","caption":"Coordena\u00e7\u00e3o"},"url":"https:\/\/cj.estrategia.com\/portal\/author\/coordenacao\/"}]}},"jetpack_featured_media_url":"https:\/\/cj.estrategia.com\/portal\/wp-content\/uploads\/2022\/12\/04171029\/pge-sc.jpg","jetpack_sharing_enabled":true,"_links":{"self":[{"href":"https:\/\/cj.estrategia.com\/portal\/wp-json\/wp\/v2\/posts\/24394","targetHints":{"allow":["GET"]}}],"collection":[{"href":"https:\/\/cj.estrategia.com\/portal\/wp-json\/wp\/v2\/posts"}],"about":[{"href":"https:\/\/cj.estrategia.com\/portal\/wp-json\/wp\/v2\/types\/post"}],"author":[{"embeddable":true,"href":"https:\/\/cj.estrategia.com\/portal\/wp-json\/wp\/v2\/users\/12"}],"replies":[{"embeddable":true,"href":"https:\/\/cj.estrategia.com\/portal\/wp-json\/wp\/v2\/comments?post=24394"}],"version-history":[{"count":70,"href":"https:\/\/cj.estrategia.com\/portal\/wp-json\/wp\/v2\/posts\/24394\/revisions"}],"predecessor-version":[{"id":24670,"href":"https:\/\/cj.estrategia.com\/portal\/wp-json\/wp\/v2\/posts\/24394\/revisions\/24670"}],"wp:featuredmedia":[{"embeddable":true,"href":"https:\/\/cj.estrategia.com\/portal\/wp-json\/wp\/v2\/media\/24398"}],"wp:attachment":[{"href":"https:\/\/cj.estrategia.com\/portal\/wp-json\/wp\/v2\/media?parent=24394"}],"wp:term":[{"taxonomy":"category","embeddable":true,"href":"https:\/\/cj.estrategia.com\/portal\/wp-json\/wp\/v2\/categories?post=24394"},{"taxonomy":"post_tag","embeddable":true,"href":"https:\/\/cj.estrategia.com\/portal\/wp-json\/wp\/v2\/tags?post=24394"},{"taxonomy":"tax_estado","embeddable":true,"href":"https:\/\/cj.estrategia.com\/portal\/wp-json\/wp\/v2\/tax_estado?post=24394"}],"curies":[{"name":"wp","href":"https:\/\/api.w.org\/{rel}","templated":true}]}}