{"id":23305,"date":"2023-04-05T00:00:00","date_gmt":"2023-04-05T03:00:00","guid":{"rendered":"https:\/\/cj.estrategia.com\/portal\/?p=23305"},"modified":"2023-12-01T11:14:32","modified_gmt":"2023-12-01T14:14:32","slug":"concurso-guarujaprev-procurador","status":"publish","type":"post","link":"https:\/\/cj.estrategia.com\/portal\/concurso-guarujaprev-procurador\/","title":{"rendered":"Concurso GUARUJ\u00c1PREV Procurador: saiu a classifica\u00e7\u00e3o final!"},"content":{"rendered":"\n<p>A banca organizadora do concurso GUARUJ\u00c1PREV divulgou a classifica\u00e7\u00e3o final do concurso que oferta <strong>1 vaga<\/strong> para o cargo de <strong>Procurador Previdenci\u00e1rio<\/strong>. Veja abaixo: <\/p>\n\n\n\n<ul class=\"wp-block-list\">\n<li><a href=\"https:\/\/cj.estrategia.com\/portal\/wp-content\/uploads\/2023\/12\/01111042\/16-Edital-de-Divulgacao-da-Classificacao-Final.pdf\">Classifica\u00e7\u00e3o final<\/a><\/li>\n\n\n\n<li><\/li>\n<\/ul>\n\n\n\n<ul class=\"has-very-light-gray-to-cyan-bluish-gray-gradient-background has-background wp-block-list\">\n<li><strong>Concurso GUARUJ\u00c1PREV Procurador<\/strong><\/li>\n\n\n\n<li><strong>Status:<\/strong> classifica\u00e7\u00e3o final publicada<\/li>\n\n\n\n<li><strong>Banca:<\/strong> IBAM<\/li>\n\n\n\n<li><strong style=\"background-color: initial; color: initial;\">Vagas:\u00a0<\/strong>1<\/li>\n\n\n\n<li><strong>Sal\u00e1rio inicial:<\/strong> R$ 13.705,50<\/li>\n\n\n\n<li><strong>Edital: <\/strong><a href=\"https:\/\/cj.estrategia.com\/portal\/wp-content\/uploads\/2022\/11\/11085026\/01-Edital-de-Abertura-9.pdf\" target=\"_blank\" >Procurador Guaruj\u00e1prev<\/a><\/li>\n<\/ul>\n\n\n\n<ul class=\"wp-block-list\">\n<li><a href=\"#atual\">Situa\u00e7\u00e3o atual<\/a><\/li>\n\n\n\n<li><a href=\"#carreira\">Carreira<\/a>\n<ul class=\"wp-block-list\">\n<li><a href=\"#cargo\">Cargos e vagas<\/a><\/li>\n\n\n\n<li><a href=\"#salario\">Remunera\u00e7\u00e3o<\/a><\/li>\n\n\n\n<li><a href=\"#requisito\">Requisitos<\/a><\/li>\n<\/ul>\n<\/li>\n\n\n\n<li><a href=\"#etapas\">Etapas do concurso<\/a><\/li>\n\n\n\n<li><a href=\"#curso\">Cursos e Assinaturas<\/a><\/li>\n\n\n\n<li><a href=\"#ficha\">Ficha T\u00e9cnica<\/a><\/li>\n<\/ul>\n\n\n\n<h2 class=\"wp-block-heading\" id=\"atual\"><span id=\"concurso-guarujaprev-procurador-situacao-atual\">Concurso GUARUJ\u00c1PREV Procurador: situa\u00e7\u00e3o atual<\/span><\/h2>\n\n\n\n<h3 class=\"wp-block-heading\" id=\"h-resultados\"><span id=\"resultados\">Resultados<\/span><\/h3>\n\n\n\n<p><a href=\"https:\/\/cj.estrategia.com\/portal\/wp-content\/uploads\/2023\/12\/01111241\/10-Edital-de-Divulgacao-de-Notas-das-Provas-Objetivas.pdf\">Resultado Prova Objetiva<\/a><\/p>\n\n\n\n<p><a href=\"https:\/\/cj.estrategia.com\/portal\/wp-content\/uploads\/2023\/12\/01111310\/11-Edital-de-Divulgacao-de-Notas-Prova-de-Titulos.pdf\">Resultado Prova de T\u00edtulos <\/a><\/p>\n\n\n\n<p><a href=\"https:\/\/cj.estrategia.com\/portal\/wp-content\/uploads\/2023\/12\/01111346\/12-Edital-de-Divulgacao-de-Notas-da-Prova-Pratico-Profissional.pdf\">Resultado da Prova Pr\u00e1tico-Profissional<\/a><\/p>\n\n\n\n<p><a href=\"https:\/\/cj.estrategia.com\/portal\/wp-content\/uploads\/2023\/12\/01111204\/08-Edital-de-Divulgacao-de-Gabaritos.pdf[\">Gabarito Prova Objetiva<\/a><\/p>\n\n\n\n<h3 class=\"wp-block-heading\" id=\"h-cronograma\"><span id=\"cronograma\">Cronograma<\/span><\/h3>\n\n\n\n<p class=\"has-light-green-cyan-background-color has-background\"><strong>Inscri\u00e7\u00e3o: <s>28\/11\/2022 a 05\/01\/2023<\/s><br>Taxa: R$ 92,00<br>Provas objetiva e Pr\u00e1tico-Profissional: <s>12\/02\/2023<\/s><\/strong><\/p>\n\n\n\n<h2 class=\"wp-block-heading\" id=\"carreira\"><span id=\"concurso-guarujaprev-procurador-carreira\">Concurso GUARUJ\u00c1PREV Procurador: carreira<\/span><\/h2>\n\n\n\n<h3 class=\"wp-block-heading\" id=\"cargo\"><span id=\"cargos-e-vagas\">Cargos e Vagas<\/span><\/h3>\n\n\n\n<ul class=\"wp-block-list\">\n<li>Procurador Previdenci\u00e1rio \u2013 1 vaga<\/li>\n<\/ul>\n\n\n\n<h3 class=\"wp-block-heading\" id=\"sal\u00e1rio\"><span id=\"salario-e-beneficios\">Sal\u00e1rio e Benef\u00edcios <\/span><\/h3>\n\n\n\n<p class=\"has-background\" style=\"background-color:#d2edff\"><strong>Procurador Previdenci\u00e1rio \u2013 R$ 13.705,50<\/strong><\/p>\n\n\n\n<p>Al\u00e9m da remunera\u00e7\u00e3o dos vencimentos, os servidores p\u00fablicos efetivos s\u00e3o contemplados, atendidos os requisitos legais e observada a vig\u00eancia das Leis, com benef\u00edcios de progress\u00e3o funcional na carreira e outros estatut\u00e1rios como quinqu\u00eanio, sexta-parte, licen\u00e7a-pr\u00eamio, promo\u00e7\u00e3o de letras, aux\u00edlio-alimenta\u00e7\u00e3o de R$ 817,00 mensal, seguro de vida em grupo e Subven\u00e7\u00e3o para Plano de Sa\u00fade de R$ 155,00, dentre outros.<\/p>\n\n\n\n<h3 class=\"wp-block-heading\" id=\"requisito\"><span id=\"requisitos\">Requisitos <\/span><\/h3>\n\n\n\n<p>Ensino Superior Completo em Direito, com inscri\u00e7\u00e3o na OAB \u2013 Ordem dos Advogados do Brasil. <\/p>\n\n\n\n<h2 class=\"wp-block-heading\" id=\"etapa\"><span id=\"concurso-guarujaprev-procurador-etapas\">Concurso GUARUJ\u00c1PREV Procurador: etapas<\/span><\/h2>\n\n\n\n<h3 id=\"prova-objetiva\" class=\"wp-block-heading\">Prova Objetiva <\/h3>\n\n\n\n<p>A prova objetiva, para todos os cargos, tem como data prevista para aplica\u00e7\u00e3o o dia 12 de fevereiro de 2023.<\/p>\n\n\n\n<p>As provas objetivas ser\u00e3o de car\u00e1ter classificat\u00f3rio e eliminat\u00f3rio e se constituir\u00e3o de quest\u00f5es objetivas de m\u00faltipla escolha. <\/p>\n\n\n\n<p>Com dura\u00e7\u00e3o de 4 (quatro) horas incluindo o tempo para preenchimento da folha de respostas, ter\u00e3o a seguinte composi\u00e7\u00e3o:<\/p>\n\n\n<div class=\"wp-block-image\">\n<figure class=\"aligncenter size-full\"><img decoding=\"async\" width=\"563\" height=\"98\" src=\"https:\/\/cj.estrategia.com\/portal\/wp-content\/uploads\/2022\/11\/11084432\/image-4.png\" alt=\"\" class=\"wp-image-23320\" srcset=\"https:\/\/cj.estrategia.com\/portal\/wp-content\/uploads\/2022\/11\/11084432\/image-4.png 563w, https:\/\/cj.estrategia.com\/portal\/wp-content\/uploads\/2022\/11\/11084432\/image-4-300x52.png 300w, https:\/\/cj.estrategia.com\/portal\/wp-content\/uploads\/2022\/11\/11084432\/image-4-380x66.png 380w, https:\/\/cj.estrategia.com\/portal\/wp-content\/uploads\/2022\/11\/11084432\/image-4-560x98.png 560w, https:\/\/cj.estrategia.com\/portal\/wp-content\/uploads\/2022\/11\/11084432\/image-4-150x26.png 150w\" sizes=\"(max-width: 563px) 100vw, 563px\" \/><figcaption class=\"wp-element-caption\">Prova objetiva <\/figcaption><\/figure>\n<\/div>\n\n\n<h3 id=\"disciplinas\" class=\"wp-block-heading\">Disciplinas <\/h3>\n\n\n\n<p>DIREITO CONSTITUCIONAL<br>DIREITO ADMINISTRATIVO<br>DIREITO TRIBUT\u00c1RIO<br>DIREITO CIVIL<br>DIREITO PROCESSUAL CIVIL<br>DIREITO PREVIDENCI\u00c1RIO<br><\/p>\n\n\n\n<h3 id=\"prova-pratico-profissional\" class=\"wp-block-heading\">Prova Pr\u00e1tico-Profissional<\/h3>\n\n\n\n<p>A prova pr\u00e1tico-profissional ser\u00e1 aplicada no mesmo dia, local e hor\u00e1rio da prova objetiva a todos os candidatos presentes, entretanto somente ser\u00e3o corrigidas as avalia\u00e7\u00f5es dos candidatos habilitados na prova objetiva. <\/p>\n\n\n\n<p>A prova pr\u00e1tico-profissional ser\u00e1 avaliada na escala de 0 (zero) a 40 (quarenta) pontos.<\/p>\n\n\n\n<p>Para a atribui\u00e7\u00e3o de pontos na corre\u00e7\u00e3o da prova pr\u00e1tico-profissional ser\u00e3o considerados os seguintes aspectos:<\/p>\n\n\n\n<p>Conte\u00fado e Estrutura \u2013 30 pontos:<\/p>\n\n\n\n<p>a) adequa\u00e7\u00e3o ao tema proposto, e abordagem de todos os aspectos jur\u00eddicos a serem<br>enfrentados;<br>b) fundamenta\u00e7\u00e3o jur\u00eddica para os argumentos apresentados;<br>c) consist\u00eancia dos argumentos, clareza e coer\u00eancia no seu encadeamento.<\/p>\n\n\n\n<p>Dom\u00ednio da modalidade escrita formal da l\u00edngua portuguesa \u2013 10 pontos:<\/p>\n\n\n\n<p>com aten\u00e7\u00e3o aos seguintes itens: estrutura sint\u00e1tica de ora\u00e7\u00f5es e per\u00edodos, elementos coesivos;<br>concord\u00e2ncia verbal e nominal; pontua\u00e7\u00e3o; reg\u00eancia verbal e nominal; emprego de pronomes;<br>flex\u00e3o verbal e nominal; uso de tempos e modos verbais; grafia e acentua\u00e7\u00e3o.<\/p>\n\n\n\n<h3 id=\"prova-de-titulos\" class=\"wp-block-heading\">Prova de T\u00edtulos<\/h3>\n\n\n<div class=\"wp-block-image\">\n<figure class=\"aligncenter size-full\"><img decoding=\"async\" width=\"647\" height=\"207\" src=\"https:\/\/cj.estrategia.com\/portal\/wp-content\/uploads\/2022\/11\/11084717\/image-5.png\" alt=\"\" class=\"wp-image-23327\" srcset=\"https:\/\/cj.estrategia.com\/portal\/wp-content\/uploads\/2022\/11\/11084717\/image-5.png 647w, https:\/\/cj.estrategia.com\/portal\/wp-content\/uploads\/2022\/11\/11084717\/image-5-300x96.png 300w, https:\/\/cj.estrategia.com\/portal\/wp-content\/uploads\/2022\/11\/11084717\/image-5-380x122.png 380w, https:\/\/cj.estrategia.com\/portal\/wp-content\/uploads\/2022\/11\/11084717\/image-5-150x48.png 150w\" sizes=\"(max-width: 647px) 100vw, 647px\" \/><figcaption class=\"wp-element-caption\">Tabela de T\u00edtulos<\/figcaption><\/figure>\n<\/div>\n\n\n<p class=\"has-text-align-center has-luminous-vivid-amber-background-color has-background has-medium-font-size\"><strong>Concursos de Procuradorias: <a href=\"https:\/\/www.youtube.com\/channel\/UClbMGuYbj2Mh1m3w144ETWQ\" target=\"_blank\" >Youtube Estrat\u00e9gia Carreiras Jur\u00eddicas<\/a><\/strong><\/p>\n\n\n\n<h2 class=\"wp-block-heading has-text-align-center\" id=\"curso\"><span id=\"cursos-para-concursos-de-procuradorias\"><em><strong>Cursos para concursos de Procuradorias<\/strong><\/em><\/span><\/h2>\n\n\n\n\n\n<div class=\"container\" id=\"boxes\">\n  <div class=\"row\">\n\n    <div class=\"col-sm\">\n      <div class=\"banner-estrategia-concursos-juridicos\" id=\"box-assinatura\">\n        <h3 id=\"curso-para-procuradorias\" class=\"titulo-assinatura\">Curso para Procuradorias <\/h3>\n        <p class=\"subtitulo-assinatura\">Cursos focados no edital do concurso<\/p>\n        <div class=\"box-botao\">\n          <a class=\"btn-assinatura-juridica\" target=\"_blank\" href=\"https:\/\/www.estrategiaconcursos.com.br\/cursosPorConcurso\/assinaturas-carreira-juridica\/\" role=\"button\" rel=\"noopener noreferrer\">Conhe\u00e7a mais<\/a>\n        <\/div>\n      <\/div>\n      <p class=\"texto-auxiliar\">Prepare-se com o melhor material e com quem mais aprova em concursos de Procuradorias em todo o pa\u00eds. \n<\/p>\n    <\/div>\n\n  <\/div>\n<\/div>\n\n\n\n<figure class=\"wp-block-image size-large is-resized\"><img decoding=\"async\" src=\"https:\/\/dhg1h5j42swfq.cloudfront.net\/2021\/05\/07084717\/ficha-tecnica-15-1024x632.png\" alt=\"ficha t\u00e9cnica concurso pgm Porto Alegre\" class=\"wp-image-733714\" style=\"width:178px;height:110px\"\/><\/figure>\n\n\n\n<h3 class=\"wp-block-heading\" id=\"ficha\"><span id=\"informacoes-do-concurso-guarujaprev-procurador\">Informa\u00e7\u00f5es do concurso GUARUJ\u00c1PREV Procurador<\/span><\/h3>\n\n\n\n<ul class=\"wp-block-list\">\n<li><strong>Data:<\/strong> 12\/02\/2023<\/li>\n\n\n\n<li><strong>Banca<\/strong>: IBAM<\/li>\n\n\n\n<li><strong>Cargos<\/strong>: Procurador Previdenci\u00e1rio<\/li>\n\n\n\n<li><strong>Escolaridade<\/strong>: N\u00edvel superior em Direito + inscri\u00e7\u00e3o na OAB  <\/li>\n<\/ul>\n","protected":false},"excerpt":{"rendered":"A banca organizadora do concurso GUARUJ\u00c1PREV divulgou a classifica\u00e7\u00e3o final do concurso que oferta 1 vaga para o&hellip;\n","protected":false},"author":12,"featured_media":24038,"comment_status":"open","ping_status":"open","sticky":false,"template":"","format":"standard","meta":{"_jetpack_memberships_contains_paid_content":false,"footnotes":""},"categories":[24],"tags":[],"tax_estado":[56],"class_list":{"0":"post-23305","1":"post","2":"type-post","3":"status-publish","4":"format-standard","5":"has-post-thumbnail","7":"category-procuradoria","8":"tax_estado-sp"},"acf":[],"yoast_head":"<!-- This site is optimized with the Yoast SEO Premium plugin v27.5 (Yoast SEO v27.5) - https:\/\/yoast.com\/product\/yoast-seo-premium-wordpress\/ -->\n<title>Concurso GUARUJ\u00c1PREV Procurador: saiu a classifica\u00e7\u00e3o final!<\/title>\n<meta name=\"description\" content=\"Concurso GUARUJ\u00c1PREV Procurador: confira a classifica\u00e7\u00e3o final! Saiba mais informa\u00e7\u00f5es neste artigo!.\" \/>\n<meta name=\"robots\" content=\"index, follow, max-snippet:-1, max-image-preview:large, max-video-preview:-1\" \/>\n<link rel=\"canonical\" href=\"https:\/\/cj.estrategia.com\/portal\/concurso-guarujaprev-procurador\/\" \/>\n<meta property=\"og:locale\" content=\"pt_BR\" \/>\n<meta property=\"og:type\" content=\"article\" \/>\n<meta property=\"og:title\" content=\"Concurso GUARUJ\u00c1PREV Procurador: saiu a classifica\u00e7\u00e3o final!\" \/>\n<meta property=\"og:description\" content=\"Concurso GUARUJ\u00c1PREV Procurador: confira a classifica\u00e7\u00e3o final! Saiba mais informa\u00e7\u00f5es neste artigo!.\" \/>\n<meta property=\"og:url\" content=\"https:\/\/cj.estrategia.com\/portal\/concurso-guarujaprev-procurador\/\" \/>\n<meta property=\"og:site_name\" content=\"Blog - Carreiras Jur\u00eddicas - Estrat\u00e9gia\" \/>\n<meta property=\"article:publisher\" content=\"https:\/\/www.facebook.com\/estrategiacarreirajuridica\/\" \/>\n<meta property=\"article:published_time\" content=\"2023-04-05T03:00:00+00:00\" \/>\n<meta property=\"article:modified_time\" content=\"2023-12-01T14:14:32+00:00\" \/>\n<meta property=\"og:image\" content=\"https:\/\/cj.estrategia.com\/portal\/wp-content\/uploads\/2022\/11\/28083827\/download-3.png\" \/>\n\t<meta property=\"og:image:width\" content=\"225\" \/>\n\t<meta property=\"og:image:height\" content=\"225\" \/>\n\t<meta property=\"og:image:type\" content=\"image\/png\" \/>\n<meta name=\"author\" content=\"Coordena\u00e7\u00e3o\" \/>\n<meta name=\"twitter:card\" content=\"summary_large_image\" \/>\n<meta name=\"twitter:creator\" content=\"@EstratJuridica\" \/>\n<meta name=\"twitter:site\" content=\"@EstratJuridica\" \/>\n<meta name=\"twitter:label1\" content=\"Escrito por\" \/>\n\t<meta name=\"twitter:data1\" content=\"Coordena\u00e7\u00e3o\" \/>\n\t<meta name=\"twitter:label2\" content=\"Est. tempo de leitura\" \/>\n\t<meta name=\"twitter:data2\" content=\"4 minutos\" \/>\n<script type=\"application\/ld+json\" class=\"yoast-schema-graph\">{\"@context\":\"https:\\\/\\\/schema.org\",\"@graph\":[{\"@type\":\"NewsArticle\",\"@id\":\"https:\\\/\\\/cj.estrategia.com\\\/portal\\\/concurso-guarujaprev-procurador\\\/#article\",\"isPartOf\":{\"@id\":\"https:\\\/\\\/cj.estrategia.com\\\/portal\\\/concurso-guarujaprev-procurador\\\/\"},\"author\":{\"name\":\"Coordena\u00e7\u00e3o\",\"@id\":\"https:\\\/\\\/cj.estrategia.com\\\/portal\\\/#\\\/schema\\\/person\\\/4d70317d31449932b99102916b6637f5\"},\"headline\":\"Concurso GUARUJ\u00c1PREV Procurador: saiu a classifica\u00e7\u00e3o final!\",\"datePublished\":\"2023-04-05T03:00:00+00:00\",\"dateModified\":\"2023-12-01T14:14:32+00:00\",\"mainEntityOfPage\":{\"@id\":\"https:\\\/\\\/cj.estrategia.com\\\/portal\\\/concurso-guarujaprev-procurador\\\/\"},\"wordCount\":559,\"commentCount\":0,\"publisher\":{\"@id\":\"https:\\\/\\\/cj.estrategia.com\\\/portal\\\/#organization\"},\"image\":{\"@id\":\"https:\\\/\\\/cj.estrategia.com\\\/portal\\\/concurso-guarujaprev-procurador\\\/#primaryimage\"},\"thumbnailUrl\":\"https:\\\/\\\/cj.estrategia.com\\\/portal\\\/wp-content\\\/uploads\\\/2022\\\/11\\\/28083827\\\/download-3.png\",\"articleSection\":[\"Procuradoria\"],\"inLanguage\":\"pt-BR\",\"potentialAction\":[{\"@type\":\"CommentAction\",\"name\":\"Comment\",\"target\":[\"https:\\\/\\\/cj.estrategia.com\\\/portal\\\/concurso-guarujaprev-procurador\\\/#respond\"]}]},{\"@type\":\"WebPage\",\"@id\":\"https:\\\/\\\/cj.estrategia.com\\\/portal\\\/concurso-guarujaprev-procurador\\\/\",\"url\":\"https:\\\/\\\/cj.estrategia.com\\\/portal\\\/concurso-guarujaprev-procurador\\\/\",\"name\":\"Concurso GUARUJ\u00c1PREV Procurador: saiu a classifica\u00e7\u00e3o final!\",\"isPartOf\":{\"@id\":\"https:\\\/\\\/cj.estrategia.com\\\/portal\\\/#website\"},\"primaryImageOfPage\":{\"@id\":\"https:\\\/\\\/cj.estrategia.com\\\/portal\\\/concurso-guarujaprev-procurador\\\/#primaryimage\"},\"image\":{\"@id\":\"https:\\\/\\\/cj.estrategia.com\\\/portal\\\/concurso-guarujaprev-procurador\\\/#primaryimage\"},\"thumbnailUrl\":\"https:\\\/\\\/cj.estrategia.com\\\/portal\\\/wp-content\\\/uploads\\\/2022\\\/11\\\/28083827\\\/download-3.png\",\"datePublished\":\"2023-04-05T03:00:00+00:00\",\"dateModified\":\"2023-12-01T14:14:32+00:00\",\"description\":\"Concurso GUARUJ\u00c1PREV Procurador: confira a classifica\u00e7\u00e3o final! Saiba mais informa\u00e7\u00f5es neste artigo!.\",\"breadcrumb\":{\"@id\":\"https:\\\/\\\/cj.estrategia.com\\\/portal\\\/concurso-guarujaprev-procurador\\\/#breadcrumb\"},\"inLanguage\":\"pt-BR\",\"potentialAction\":[{\"@type\":\"ReadAction\",\"target\":[\"https:\\\/\\\/cj.estrategia.com\\\/portal\\\/concurso-guarujaprev-procurador\\\/\"]}]},{\"@type\":\"ImageObject\",\"inLanguage\":\"pt-BR\",\"@id\":\"https:\\\/\\\/cj.estrategia.com\\\/portal\\\/concurso-guarujaprev-procurador\\\/#primaryimage\",\"url\":\"https:\\\/\\\/cj.estrategia.com\\\/portal\\\/wp-content\\\/uploads\\\/2022\\\/11\\\/28083827\\\/download-3.png\",\"contentUrl\":\"https:\\\/\\\/cj.estrategia.com\\\/portal\\\/wp-content\\\/uploads\\\/2022\\\/11\\\/28083827\\\/download-3.png\",\"width\":225,\"height\":225},{\"@type\":\"BreadcrumbList\",\"@id\":\"https:\\\/\\\/cj.estrategia.com\\\/portal\\\/concurso-guarujaprev-procurador\\\/#breadcrumb\",\"itemListElement\":[{\"@type\":\"ListItem\",\"position\":1,\"name\":\"In\u00edcio\",\"item\":\"https:\\\/\\\/cj.estrategia.com\\\/portal\\\/\"},{\"@type\":\"ListItem\",\"position\":2,\"name\":\"Concurso GUARUJ\u00c1PREV Procurador: saiu a classifica\u00e7\u00e3o final!\"}]},{\"@type\":\"WebSite\",\"@id\":\"https:\\\/\\\/cj.estrategia.com\\\/portal\\\/#website\",\"url\":\"https:\\\/\\\/cj.estrategia.com\\\/portal\\\/\",\"name\":\"Blog - Carreiras Jur\u00eddicas - Estrat\u00e9gia\",\"description\":\"\",\"publisher\":{\"@id\":\"https:\\\/\\\/cj.estrategia.com\\\/portal\\\/#organization\"},\"potentialAction\":[{\"@type\":\"SearchAction\",\"target\":{\"@type\":\"EntryPoint\",\"urlTemplate\":\"https:\\\/\\\/cj.estrategia.com\\\/portal\\\/?s={search_term_string}\"},\"query-input\":{\"@type\":\"PropertyValueSpecification\",\"valueRequired\":true,\"valueName\":\"search_term_string\"}}],\"inLanguage\":\"pt-BR\"},{\"@type\":\"Organization\",\"@id\":\"https:\\\/\\\/cj.estrategia.com\\\/portal\\\/#organization\",\"name\":\"Estrat\u00e9gia - Carreiras Jur\u00eddicas\",\"url\":\"https:\\\/\\\/cj.estrategia.com\\\/portal\\\/\",\"logo\":{\"@type\":\"ImageObject\",\"inLanguage\":\"pt-BR\",\"@id\":\"https:\\\/\\\/cj.estrategia.com\\\/portal\\\/#\\\/schema\\\/logo\\\/image\\\/\",\"url\":\"https:\\\/\\\/cj.estrategia.com\\\/portal\\\/wp-content\\\/uploads\\\/2022\\\/03\\\/11151052\\\/cj-logo.png\",\"contentUrl\":\"https:\\\/\\\/cj.estrategia.com\\\/portal\\\/wp-content\\\/uploads\\\/2022\\\/03\\\/11151052\\\/cj-logo.png\",\"width\":150,\"height\":39,\"caption\":\"Estrat\u00e9gia - Carreiras Jur\u00eddicas\"},\"image\":{\"@id\":\"https:\\\/\\\/cj.estrategia.com\\\/portal\\\/#\\\/schema\\\/logo\\\/image\\\/\"},\"sameAs\":[\"https:\\\/\\\/www.facebook.com\\\/estrategiacarreirajuridica\\\/\",\"https:\\\/\\\/x.com\\\/EstratJuridica\",\"https:\\\/\\\/www.instagram.com\\\/estrategiacarreirajuridica\\\/\",\"https:\\\/\\\/www.youtube.com\\\/channel\\\/UClbMGuYbj2Mh1m3w144ETWQ\"]},{\"@type\":\"Person\",\"@id\":\"https:\\\/\\\/cj.estrategia.com\\\/portal\\\/#\\\/schema\\\/person\\\/4d70317d31449932b99102916b6637f5\",\"name\":\"Coordena\u00e7\u00e3o\",\"image\":{\"@type\":\"ImageObject\",\"inLanguage\":\"pt-BR\",\"@id\":\"https:\\\/\\\/cj.estrategia.com\\\/portal\\\/wp-content\\\/uploads\\\/2022\\\/05\\\/12164923\\\/estrategia-carreira-juridica-coordenacao-96x96.png\",\"url\":\"https:\\\/\\\/cj.estrategia.com\\\/portal\\\/wp-content\\\/uploads\\\/2022\\\/05\\\/12164923\\\/estrategia-carreira-juridica-coordenacao-96x96.png\",\"contentUrl\":\"https:\\\/\\\/cj.estrategia.com\\\/portal\\\/wp-content\\\/uploads\\\/2022\\\/05\\\/12164923\\\/estrategia-carreira-juridica-coordenacao-96x96.png\",\"caption\":\"Coordena\u00e7\u00e3o\"},\"url\":\"https:\\\/\\\/cj.estrategia.com\\\/portal\\\/author\\\/coordenacao\\\/\"}]}<\/script>\n<!-- \/ Yoast SEO Premium plugin. -->","yoast_head_json":{"title":"Concurso GUARUJ\u00c1PREV Procurador: saiu a classifica\u00e7\u00e3o final!","description":"Concurso GUARUJ\u00c1PREV Procurador: confira a classifica\u00e7\u00e3o final! Saiba mais informa\u00e7\u00f5es neste artigo!.","robots":{"index":"index","follow":"follow","max-snippet":"max-snippet:-1","max-image-preview":"max-image-preview:large","max-video-preview":"max-video-preview:-1"},"canonical":"https:\/\/cj.estrategia.com\/portal\/concurso-guarujaprev-procurador\/","og_locale":"pt_BR","og_type":"article","og_title":"Concurso GUARUJ\u00c1PREV Procurador: saiu a classifica\u00e7\u00e3o final!","og_description":"Concurso GUARUJ\u00c1PREV Procurador: confira a classifica\u00e7\u00e3o final! Saiba mais informa\u00e7\u00f5es neste artigo!.","og_url":"https:\/\/cj.estrategia.com\/portal\/concurso-guarujaprev-procurador\/","og_site_name":"Blog - Carreiras Jur\u00eddicas - Estrat\u00e9gia","article_publisher":"https:\/\/www.facebook.com\/estrategiacarreirajuridica\/","article_published_time":"2023-04-05T03:00:00+00:00","article_modified_time":"2023-12-01T14:14:32+00:00","og_image":[{"width":225,"height":225,"url":"https:\/\/cj.estrategia.com\/portal\/wp-content\/uploads\/2022\/11\/28083827\/download-3.png","type":"image\/png"}],"author":"Coordena\u00e7\u00e3o","twitter_card":"summary_large_image","twitter_creator":"@EstratJuridica","twitter_site":"@EstratJuridica","twitter_misc":{"Escrito por":"Coordena\u00e7\u00e3o","Est. tempo de leitura":"4 minutos"},"schema":{"@context":"https:\/\/schema.org","@graph":[{"@type":"NewsArticle","@id":"https:\/\/cj.estrategia.com\/portal\/concurso-guarujaprev-procurador\/#article","isPartOf":{"@id":"https:\/\/cj.estrategia.com\/portal\/concurso-guarujaprev-procurador\/"},"author":{"name":"Coordena\u00e7\u00e3o","@id":"https:\/\/cj.estrategia.com\/portal\/#\/schema\/person\/4d70317d31449932b99102916b6637f5"},"headline":"Concurso GUARUJ\u00c1PREV Procurador: saiu a classifica\u00e7\u00e3o final!","datePublished":"2023-04-05T03:00:00+00:00","dateModified":"2023-12-01T14:14:32+00:00","mainEntityOfPage":{"@id":"https:\/\/cj.estrategia.com\/portal\/concurso-guarujaprev-procurador\/"},"wordCount":559,"commentCount":0,"publisher":{"@id":"https:\/\/cj.estrategia.com\/portal\/#organization"},"image":{"@id":"https:\/\/cj.estrategia.com\/portal\/concurso-guarujaprev-procurador\/#primaryimage"},"thumbnailUrl":"https:\/\/cj.estrategia.com\/portal\/wp-content\/uploads\/2022\/11\/28083827\/download-3.png","articleSection":["Procuradoria"],"inLanguage":"pt-BR","potentialAction":[{"@type":"CommentAction","name":"Comment","target":["https:\/\/cj.estrategia.com\/portal\/concurso-guarujaprev-procurador\/#respond"]}]},{"@type":"WebPage","@id":"https:\/\/cj.estrategia.com\/portal\/concurso-guarujaprev-procurador\/","url":"https:\/\/cj.estrategia.com\/portal\/concurso-guarujaprev-procurador\/","name":"Concurso GUARUJ\u00c1PREV Procurador: saiu a classifica\u00e7\u00e3o final!","isPartOf":{"@id":"https:\/\/cj.estrategia.com\/portal\/#website"},"primaryImageOfPage":{"@id":"https:\/\/cj.estrategia.com\/portal\/concurso-guarujaprev-procurador\/#primaryimage"},"image":{"@id":"https:\/\/cj.estrategia.com\/portal\/concurso-guarujaprev-procurador\/#primaryimage"},"thumbnailUrl":"https:\/\/cj.estrategia.com\/portal\/wp-content\/uploads\/2022\/11\/28083827\/download-3.png","datePublished":"2023-04-05T03:00:00+00:00","dateModified":"2023-12-01T14:14:32+00:00","description":"Concurso GUARUJ\u00c1PREV Procurador: confira a classifica\u00e7\u00e3o final! Saiba mais informa\u00e7\u00f5es neste artigo!.","breadcrumb":{"@id":"https:\/\/cj.estrategia.com\/portal\/concurso-guarujaprev-procurador\/#breadcrumb"},"inLanguage":"pt-BR","potentialAction":[{"@type":"ReadAction","target":["https:\/\/cj.estrategia.com\/portal\/concurso-guarujaprev-procurador\/"]}]},{"@type":"ImageObject","inLanguage":"pt-BR","@id":"https:\/\/cj.estrategia.com\/portal\/concurso-guarujaprev-procurador\/#primaryimage","url":"https:\/\/cj.estrategia.com\/portal\/wp-content\/uploads\/2022\/11\/28083827\/download-3.png","contentUrl":"https:\/\/cj.estrategia.com\/portal\/wp-content\/uploads\/2022\/11\/28083827\/download-3.png","width":225,"height":225},{"@type":"BreadcrumbList","@id":"https:\/\/cj.estrategia.com\/portal\/concurso-guarujaprev-procurador\/#breadcrumb","itemListElement":[{"@type":"ListItem","position":1,"name":"In\u00edcio","item":"https:\/\/cj.estrategia.com\/portal\/"},{"@type":"ListItem","position":2,"name":"Concurso GUARUJ\u00c1PREV Procurador: saiu a classifica\u00e7\u00e3o final!"}]},{"@type":"WebSite","@id":"https:\/\/cj.estrategia.com\/portal\/#website","url":"https:\/\/cj.estrategia.com\/portal\/","name":"Blog - Carreiras Jur\u00eddicas - Estrat\u00e9gia","description":"","publisher":{"@id":"https:\/\/cj.estrategia.com\/portal\/#organization"},"potentialAction":[{"@type":"SearchAction","target":{"@type":"EntryPoint","urlTemplate":"https:\/\/cj.estrategia.com\/portal\/?s={search_term_string}"},"query-input":{"@type":"PropertyValueSpecification","valueRequired":true,"valueName":"search_term_string"}}],"inLanguage":"pt-BR"},{"@type":"Organization","@id":"https:\/\/cj.estrategia.com\/portal\/#organization","name":"Estrat\u00e9gia - Carreiras Jur\u00eddicas","url":"https:\/\/cj.estrategia.com\/portal\/","logo":{"@type":"ImageObject","inLanguage":"pt-BR","@id":"https:\/\/cj.estrategia.com\/portal\/#\/schema\/logo\/image\/","url":"https:\/\/cj.estrategia.com\/portal\/wp-content\/uploads\/2022\/03\/11151052\/cj-logo.png","contentUrl":"https:\/\/cj.estrategia.com\/portal\/wp-content\/uploads\/2022\/03\/11151052\/cj-logo.png","width":150,"height":39,"caption":"Estrat\u00e9gia - Carreiras Jur\u00eddicas"},"image":{"@id":"https:\/\/cj.estrategia.com\/portal\/#\/schema\/logo\/image\/"},"sameAs":["https:\/\/www.facebook.com\/estrategiacarreirajuridica\/","https:\/\/x.com\/EstratJuridica","https:\/\/www.instagram.com\/estrategiacarreirajuridica\/","https:\/\/www.youtube.com\/channel\/UClbMGuYbj2Mh1m3w144ETWQ"]},{"@type":"Person","@id":"https:\/\/cj.estrategia.com\/portal\/#\/schema\/person\/4d70317d31449932b99102916b6637f5","name":"Coordena\u00e7\u00e3o","image":{"@type":"ImageObject","inLanguage":"pt-BR","@id":"https:\/\/cj.estrategia.com\/portal\/wp-content\/uploads\/2022\/05\/12164923\/estrategia-carreira-juridica-coordenacao-96x96.png","url":"https:\/\/cj.estrategia.com\/portal\/wp-content\/uploads\/2022\/05\/12164923\/estrategia-carreira-juridica-coordenacao-96x96.png","contentUrl":"https:\/\/cj.estrategia.com\/portal\/wp-content\/uploads\/2022\/05\/12164923\/estrategia-carreira-juridica-coordenacao-96x96.png","caption":"Coordena\u00e7\u00e3o"},"url":"https:\/\/cj.estrategia.com\/portal\/author\/coordenacao\/"}]}},"jetpack_featured_media_url":"https:\/\/cj.estrategia.com\/portal\/wp-content\/uploads\/2022\/11\/28083827\/download-3.png","jetpack_sharing_enabled":true,"_links":{"self":[{"href":"https:\/\/cj.estrategia.com\/portal\/wp-json\/wp\/v2\/posts\/23305","targetHints":{"allow":["GET"]}}],"collection":[{"href":"https:\/\/cj.estrategia.com\/portal\/wp-json\/wp\/v2\/posts"}],"about":[{"href":"https:\/\/cj.estrategia.com\/portal\/wp-json\/wp\/v2\/types\/post"}],"author":[{"embeddable":true,"href":"https:\/\/cj.estrategia.com\/portal\/wp-json\/wp\/v2\/users\/12"}],"replies":[{"embeddable":true,"href":"https:\/\/cj.estrategia.com\/portal\/wp-json\/wp\/v2\/comments?post=23305"}],"version-history":[{"count":0,"href":"https:\/\/cj.estrategia.com\/portal\/wp-json\/wp\/v2\/posts\/23305\/revisions"}],"wp:featuredmedia":[{"embeddable":true,"href":"https:\/\/cj.estrategia.com\/portal\/wp-json\/wp\/v2\/media\/24038"}],"wp:attachment":[{"href":"https:\/\/cj.estrategia.com\/portal\/wp-json\/wp\/v2\/media?parent=23305"}],"wp:term":[{"taxonomy":"category","embeddable":true,"href":"https:\/\/cj.estrategia.com\/portal\/wp-json\/wp\/v2\/categories?post=23305"},{"taxonomy":"post_tag","embeddable":true,"href":"https:\/\/cj.estrategia.com\/portal\/wp-json\/wp\/v2\/tags?post=23305"},{"taxonomy":"tax_estado","embeddable":true,"href":"https:\/\/cj.estrategia.com\/portal\/wp-json\/wp\/v2\/tax_estado?post=23305"}],"curies":[{"name":"wp","href":"https:\/\/api.w.org\/{rel}","templated":true}]}}