{"id":22,"date":"2026-09-04T20:09:23","date_gmt":"2026-09-04T23:09:23","guid":{"rendered":"https:\/\/cj.estrategia.com\/portal\/?p=22"},"modified":"2026-09-04T20:09:26","modified_gmt":"2026-09-04T23:09:26","slug":"concurso-procurador-bacen","status":"publish","type":"post","link":"https:\/\/cj.estrategia.com\/portal\/concurso-procurador-bacen\/","title":{"rendered":"Concurso Procurador BACEN: autorizado com 20 vagas"},"content":{"rendered":"\n<p class=\"has-medium-font-size wp-block-paragraph\"><strong><em>Concurso Procurador Bacen: conhe\u00e7a os detalhes das 20 vagas e a nova estrutura de sele\u00e7\u00e3o para o Banco Central<\/em><\/strong><\/p>\n\n\n<a id=\"cta-icon\" href=\"https:\/\/sndflw.com\/i\/procuradorias-grupo\" target=\"blank\" style=\"background:rgb(41,166,26)\">\n            <img decoding=\"async\" src=\"https:\/\/cdn-blog-cj.estrategia.com\/portal\/wp-content\/uploads\/2023\/12\/07160657\/whatsapp_1385.webp\" alt=\"\" alt=\"whatsapp_1385\"><span > Acesse agora o Grupo de Estudos para Concurso de Procuradorias <\/span><\/a>\n\n\n\n<p class=\"wp-block-paragraph\">O novo <strong>concurso do Banco Central do Brasil (BACEN) <\/strong>est\u00e1 oficialmente autorizado para provimento de 20 vagas para Procurador.<\/p>\n\n\n\n<p class=\"wp-block-paragraph\">As oportunidades s\u00e3o destinadas ao cargo de Procurador do Banco Central, uma das carreiras mais prestigiadas da advocacia p\u00fablica federal, fazendo parte do concurso Unificado AGU.<\/p>\n\n\n\n<ul class=\"wp-block-list\">\n<li><a href=\"https:\/\/cj.estrategia.com\/portal\/wp-content\/uploads\/2026\/07\/04005109\/Autorizacao-Bacen.pdf\" target=\"_blank\" rel=\"noreferrer noopener nofollow\">Autoriza\u00e7\u00e3o Procurador Bacen<\/a><\/li>\n<\/ul>\n\n\n\n<p class=\"wp-block-paragraph\">O concurso inovar\u00e1 ao exigir que os concorrentes delimitem sua escolha pela autarquia financeira no preenchimento da inscri\u00e7\u00e3o, realizando os exames em uma data pr\u00f3pria para a fun\u00e7\u00e3o. <\/p>\n\n\n\n<p class=\"wp-block-paragraph\">A  mudan\u00e7a estrutural foi adotada para impedir que servidores migrem de cargo ap\u00f3s o ingresso, eliminando a instabilidade e o giro de quadros administrativos na regula\u00e7\u00e3o econ\u00f4mica nacional.<\/p>\n\n\n\n<p class=\"wp-block-paragraph\">A necessidade de reposi\u00e7\u00e3o de servidores refor\u00e7a a expectativa pelo certame. Atualmente, o BACEN possui d\u00e9ficit de 148 cargos de Procurador, al\u00e9m de vac\u00e2ncias em outras carreiras da autarquia. <\/p>\n\n\n\n<p class=\"wp-block-paragraph\">Ademais, o novo certame ter\u00e1 como novidade a exig\u00eancia do Exame Nacional da Advocacia P\u00fablica (ENAP), de car\u00e1ter eliminat\u00f3rio. <\/p>\n\n\n\n<p class=\"wp-block-paragraph\">Os candidatos habilitados poder\u00e3o realizar a prova objetiva mediante o pagamento de uma \u00fanica taxa e dever\u00e3o escolher a carreira antes das provas discursivas. A sele\u00e7\u00e3o tamb\u00e9m contar\u00e1 com Curso de Forma\u00e7\u00e3o eliminat\u00f3rio. <a href=\"https:\/\/cj.estrategia.com\/portal\/concurso-agu-exame-nacional-advocacia-publica-2026\/\" target=\"_blank\" >Veja aqui os detalhes<\/a>!<\/p>\n\n\n\n<ul class=\"wp-block-list has-very-light-gray-to-cyan-bluish-gray-gradient-background has-background\">\n<li><strong>Concurso Procurador Bacen<\/strong><\/li>\n\n\n\n<li><strong>Status:<\/strong>&nbsp;autorizado<\/li>\n\n\n\n<li><strong>Banca:&nbsp;<\/strong>a definir<\/li>\n\n\n\n<li><strong>Vagas:&nbsp;<\/strong>20 <\/li>\n\n\n\n<li><strong>Sal\u00e1rio inicial:<\/strong>&nbsp;R$ 24.967,31 [atualizado]<\/li>\n<\/ul>\n\n\n\n<p class=\"has-text-align-center is-style-cnvs-paragraph-callout has-luminous-vivid-amber-to-luminous-vivid-orange-gradient-background has-background has-medium-font-size wp-block-paragraph\"><a href=\"https:\/\/mkt.estrategia.com\/cj\/area-do-candidato-agu\/\" target=\"_blank\" ><strong>\u00c1rea do candidato &#8211; AGU<\/strong><\/a><\/p>\n\n\n\n<div class=\"wp-block-yoast-seo-table-of-contents yoast-table-of-contents\"><h2 id=\"veja-todos-os-detalhes-do-concurso-procurador-bacen\">Veja todos os detalhes do concurso Procurador BACEN:<\/h2><ul><li><a href=\"#atual\" data-level=\"2\">Concurso Procurador Bacen: situa\u00e7\u00e3o atual<\/a><ul><li><a href=\"#h-concurso-autorizado\" data-level=\"3\">Concurso autorizado<\/a><\/li><li><a href=\"#h-edital-unificado-da-agu\" data-level=\"3\">Edital unificado da AGU<\/a><\/li><\/ul><\/li><li><a href=\"#carreira\" data-level=\"2\">Carreira de Procurador no Bacen<\/a><ul><li><a href=\"#salario\" data-level=\"3\">Sal\u00e1rios e benef\u00edcios<\/a><\/li><li><a href=\"#requisitos\" data-level=\"3\">Requisitos de Procurador do Bacen<\/a><\/li><li><a href=\"#atribui\u00e7\u00f5es\" data-level=\"3\">Atribui\u00e7\u00f5es<\/a><\/li><li><a href=\"#autonomia\" data-level=\"3\">O que \u00e9 a autonomia do Banco Central?<\/a><\/li><\/ul><\/li><li><a href=\"#ultimo\" data-level=\"2\">\u00daltimo concurso Procurador BACEN<\/a><ul><li><a href=\"#etapas\" data-level=\"3\">Etapas do \u00faltimo concurso Procurador Bacen<\/a><\/li><\/ul><\/li><li><a href=\"#ficha\" data-level=\"2\">Informa\u00e7\u00f5es do concurso Procurador BACEN &#8211; AGU<\/a><\/li><\/ul><\/div>\n\n\n\n<div class=\"container\" id=\"boxes\">\n  <div class=\"row\">\n\n    <div class=\"col-sm\">\n      <div class=\"banner-estrategia-concursos-juridicos\" id=\"box-assinatura\">\n        <h3 id=\"concurso-procurador-bacen\" class=\"titulo-assinatura\">Concurso Procurador Bacen<\/h3>\n        <p class=\"subtitulo-assinatura\">Cursos focados no cargo<\/p>\n        <div class=\"box-botao\">\n          <a class=\"btn-assinatura-juridica\" target=\"_blank\" href=\"https:\/\/cj.estrategia.com\/concurso\/advocacia-publica-federal-1\" rel=\"noopener\">Conhe\u00e7a mais<\/a>\n        <\/div>\n      <\/div>\n<\/p>\n    <\/div>\n\n  <\/div>\n<\/div>\n\n\n\n<h2 id=\"atual\" class=\"wp-block-heading\"><span id=\"concurso-procurador-bacen-situacao-atual\">Concurso Procurador Bacen: situa\u00e7\u00e3o atual<\/span><\/h2>\n\n\n\n<h3 id=\"h-concurso-autorizado\" class=\"wp-block-heading\"><span id=\"concurso-autorizado\">Concurso autorizado<\/span><\/h3>\n\n\n\n<p class=\"wp-block-paragraph\">Est\u00e1 oficialmente autorizada a realiza\u00e7\u00e3o do Concurso Procurador BACEN para o provimento de 20 vagas para a carreira.<\/p>\n\n\n\n<p class=\"wp-block-paragraph\">A autoriza\u00e7\u00e3o refor\u00e7a a necessidade de recomposi\u00e7\u00e3o do quadro da autarquia, que atualmente registra <strong>148 cargos vagos<\/strong> na carreira.<\/p>\n\n\n\n<ul class=\"wp-block-list\">\n<li><a href=\"https:\/\/cj.estrategia.com\/portal\/wp-content\/uploads\/2026\/07\/04005109\/Autorizacao-Bacen.pdf\" target=\"_blank\" rel=\"noreferrer noopener nofollow\">Autoriza\u00e7\u00e3o Procurador Bacen<\/a><\/li>\n<\/ul>\n\n\n\n<h3 id=\"h-edital-unificado-da-agu\" class=\"wp-block-heading\"><span id=\"edital-unificado-da-agu\">Edital unificado da AGU<\/span><\/h3>\n\n\n\n<p class=\"wp-block-paragraph\"><strong>O concurso unificado da AGU trar\u00e1 20 vagas para Procurador do Banco Central<\/strong>, informou o ministro Jorge Messias. <\/p>\n\n\n\n<p class=\"wp-block-paragraph\">A grande mudan\u00e7a do novo formato \u00e9 a obrigatoriedade de escolher o cargo de forma definitiva j\u00e1 no ato da inscri\u00e7\u00e3o, com a aplica\u00e7\u00e3o de provas em datas espec\u00edficas para cada carreira. <\/p>\n\n\n\n<p class=\"wp-block-paragraph\">A medida foi adotada para acabar com a migra\u00e7\u00e3o posterior de servidores e garantir a estabilidade t\u00e9cnica na regula\u00e7\u00e3o econ\u00f4mica. <\/p>\n\n\n\n<h2 id=\"carreira\" class=\"wp-block-heading\"><span id=\"carreira-de-procurador-no-bacen\">Carreira de Procurador no Bacen<\/span><\/h2>\n\n\n\n<h3 id=\"salario\" class=\"wp-block-heading\"><span id=\"salarios-e-beneficios\">Sal\u00e1rios e benef\u00edcios<\/span><\/h3>\n\n\n\n<figure class=\"wp-block-table is-style-stripes\"><table class=\"has-very-light-gray-to-cyan-bluish-gray-gradient-background has-background\"><thead><tr><th class=\"has-text-align-center\" data-align=\"center\">Classe<\/th><th class=\"has-text-align-center\" data-align=\"center\">2025 (R$)<\/th><th class=\"has-text-align-center\" data-align=\"center\">2026 (R$)<\/th><\/tr><\/thead><tbody><tr><td class=\"has-text-align-center\" data-align=\"center\">Especial<\/td><td class=\"has-text-align-center\" data-align=\"center\">R$ 29.761,03<\/td><td class=\"has-text-align-center\" data-align=\"center\">R$ 35.423,96<\/td><\/tr><tr><td class=\"has-text-align-center\" data-align=\"center\">Primeira<\/td><td class=\"has-text-align-center\" data-align=\"center\">R$ 26.319,79<\/td><td class=\"has-text-align-center\" data-align=\"center\">R$ 31.327,92<\/td><\/tr><tr><td class=\"has-text-align-center\" data-align=\"center\">Segunda<\/td><td class=\"has-text-align-center\" data-align=\"center\">R$ 24.967,31<\/td><td class=\"has-text-align-center\" data-align=\"center\">R$ 27.264,30<\/td><\/tr><\/tbody><\/table><figcaption class=\"wp-element-caption\"><a href=\"https:\/\/cj.estrategia.com\/portal\/wp-content\/uploads\/2025\/06\/30145917\/copy_of_TabelasRemunn85Subsdiopdf.pdf\" target=\"_blank\" rel=\"noreferrer noopener nofollow\">Dados de julho de 2025*<\/a><\/figcaption><\/figure>\n\n\n\n<h3 id=\"requisitos\" class=\"wp-block-heading\"><span id=\"requisitos-de-procurador-do-bacen\">Requisitos de Procurador do Bacen<\/span><\/h3>\n\n\n\n<p class=\"wp-block-paragraph\">Diploma, devidamente registrado, de conclus\u00e3o de curso de gradua\u00e7\u00e3o de n\u00edvel superior de bacharelado em Direito, fornecido por institui\u00e7\u00e3o de ensino superior credenciada pelo Minist\u00e9rio da Educa\u00e7\u00e3o (MEC), inscri\u00e7\u00e3o na OAB e comprova\u00e7\u00e3o de, no m\u00ednimo, dois anos de pr\u00e1tica forense.<\/p>\n\n\n\n<h3 id=\"atribui\u00e7\u00f5es\" class=\"wp-block-heading\"><span id=\"atribuicoes\">Atribui\u00e7\u00f5es<\/span><\/h3>\n\n\n\n<p class=\"wp-block-paragraph\">Ao cargo de Procurador do Banco Central do Brasil correspondem as atribui\u00e7\u00f5es previstas na legisla\u00e7\u00e3o pertinente, em especial aquelas de que trata o art. 4\u00ba da Lei n\u00ba 9.650, de 27 de maio de 1998, quais sejam:<\/p>\n\n\n\n<ul class=\"wp-block-list\">\n<li>I &#8211; a representa\u00e7\u00e3o judicial e extrajudicial do Banco Central do Brasil;<\/li>\n\n\n\n<li>II &#8211; as atividades de consultoria e assessoramento jur\u00eddicos ao Banco Central do Brasil;<\/li>\n\n\n\n<li>III &#8211; a apura\u00e7\u00e3o da liquidez e certeza dos cr\u00e9ditos, de qualquer natureza, inerentes \u00e0s suas atividades, inscrevendo-os em d\u00edvida ativa, para fins de cobran\u00e7a amig\u00e1vel ou judicial; e<\/li>\n\n\n\n<li>IV &#8211; a assist\u00eancia aos administradores do Banco Central do Brasil no controle interno da legalidade dos atos a serem por eles praticados ou j\u00e1 efetivados.<\/li>\n<\/ul>\n\n\n\n<h3 id=\"autonomia\" class=\"wp-block-heading\"><span id=\"o-que-e-a-autonomia-do-banco-central\">O que \u00e9 a autonomia do Banco Central?<\/span><\/h3>\n\n\n\n<p class=\"wp-block-paragraph\">O Projeto estabelece&nbsp;<strong>mandatos est\u00e1veis e requisitos para nomea\u00e7\u00e3o e demiss\u00e3o<\/strong>&nbsp;do presidente e dos diretores do&nbsp;<strong>Banco Central<\/strong>, bem como veda\u00e7\u00f5es aos ocupantes dos cargos. O texto tamb\u00e9m confere autonomia formal ao BC para que execute suas atividades essenciais ao pa\u00eds sem sofrer press\u00f5es pol\u00edtico-partid\u00e1rias.<\/p>\n\n\n\n<p class=\"wp-block-paragraph\">No texto aprovado, o presidente e os diretores do Banco Central continuar\u00e3o sendo indicados pelo presidente da Rep\u00fablica, sabatinados e votados no Senado e, em caso de aprova\u00e7\u00e3o, nomeados pelo presidente da Rep\u00fablica.&nbsp;<\/p>\n\n\n\n<p class=\"wp-block-paragraph\">O mandato do presidente do BC ser\u00e1 de quatro anos, com in\u00edcio no dia 1\u00ba de janeiro do terceiro ano de mandato do Presidente da Rep\u00fablica. Dos diretores do BC tamb\u00e9m ser\u00e3o de quatro anos. Dois diretores iniciar\u00e3o seus mandatos no dia 1\u00ba de mar\u00e7o do primeiro ano de mandato do presidente da Rep\u00fablica.<\/p>\n\n\n\n<p class=\"wp-block-paragraph\">Outros dois diretores ter\u00e3o mandatos com in\u00edcio no dia 1\u00ba de janeiro do segundo ano de mandato do presidente da Rep\u00fablica; mais dois ter\u00e3o mandatos com in\u00edcio no dia 1\u00ba de janeiro do terceiro ano de mandato do presidente; e mais dois diretores ter\u00e3o mandatos com in\u00edcio no dia 1\u00ba de janeiro do quarto ano de mandato<\/p>\n\n\n\n<h2 id=\"ultimo\" class=\"wp-block-heading\"><span id=\"ultimo-concurso-procurador-bacen\">\u00daltimo concurso Procurador BACEN<\/span><\/h2>\n\n\n\n<p class=\"wp-block-paragraph\">O \u00faltimo concurso do Banco Central&nbsp;foi realizado em <strong>2013<\/strong> e <strong>ofereceu&nbsp;15 vagas para o cargo de Procurador.<\/strong> A organiza\u00e7\u00e3o foi feita pelo Cebraspe e foi dividido em duas etapas avaliativas. Foram registrados mais de <strong>89 mil inscritos<\/strong>.<\/p>\n\n\n\n<h3 id=\"etapas\" class=\"wp-block-heading\"><span id=\"etapas-do-ultimo-concurso-procurador-bacen\">Etapas do \u00faltimo concurso Procurador Bacen<\/span><\/h3>\n\n\n\n<h4 id=\"objetiva\" class=\"wp-block-heading\"><span id=\"prova-objetiva\">Prova Objetiva<\/span><\/h4>\n\n\n\n<p class=\"wp-block-paragraph\">A prova objetiva, de car\u00e1ter eliminat\u00f3rio e classificat\u00f3rio, teve valor de 200,00 pontos e abrangeu quest\u00f5es de m\u00faltipla escolha, com cinco op\u00e7\u00f5es. Confira abaixo as divis\u00f5es de conte\u00fados:<\/p>\n\n\n\n<ul class=\"wp-block-list\">\n<li><strong>Grupo I:<\/strong> Direito Constitucional, Direito Administrativo, Direito Econ\u00f4mico, Direito Financeiro e Direito Tribut\u00e1rio.<\/li>\n\n\n\n<li><strong>Grupo II:<\/strong> Direito Civil, Direito Processual Civil, Direito Empresarial, Direito Internacional P\u00fablico e Privado.<\/li>\n\n\n\n<li><strong>Grupo III:<\/strong> Direito Penal, Direito Processual Penal, Direito do Trabalho, Direito Processual do Trabalho e Direito Previdenci\u00e1rio.<\/li>\n<\/ul>\n\n\n\n<h4 id=\"discursiva\" class=\"wp-block-heading\"><span id=\"prova-discursiva\">Prova Discursiva<\/span><\/h4>\n\n\n\n<p class=\"wp-block-paragraph\">As provas discursivas I, II e III, de car\u00e1ter eliminat\u00f3rio e classificat\u00f3rio, valeram 100,00 pontos cada e abrangeram os objetos de avalia\u00e7\u00e3o constantes do item 24 do edital.<\/p>\n\n\n\n<ul class=\"wp-block-list\">\n<li><strong>Discursiva P3<\/strong>\n<ul class=\"wp-block-list\">\n<li>Grupo I: Direito Constitucional, Direito Administrativo, Direito Econ\u00f4mico, Direito Financeiro e Direito Tribut\u00e1rio.<\/li>\n<\/ul>\n<\/li>\n<\/ul>\n\n\n\n<ul class=\"wp-block-list\">\n<li><strong>Discursiva P4<\/strong>\n<ul class=\"wp-block-list\">\n<li>Grupo I: Direito Constitucional, Direito Administrativo, Direito Econ\u00f4mico, Direito Financeiro e Direito Tribut\u00e1rio.<\/li>\n\n\n\n<li>Grupo II: Direito Civil, Direito Processual Civil, Direito Empresarial, Direito Internacional P\u00fablico e Privado.<\/li>\n<\/ul>\n<\/li>\n<\/ul>\n\n\n\n<ul class=\"wp-block-list\">\n<li><strong>Discursiva P5<\/strong>\n<ul class=\"wp-block-list\">\n<li>Grupo I: Direito Constitucional, Direito Administrativo, Direito Econ\u00f4mico, Direito Financeiro e Direito Tribut\u00e1rio.<\/li>\n\n\n\n<li>Grupo III: Direito Penal, Direito Processual Penal, Direito do Trabalho, Direito Processual do Trabalho e Direito Previdenci\u00e1rio.<\/li>\n<\/ul>\n<\/li>\n<\/ul>\n\n\n\n<h4 id=\"oral\" class=\"wp-block-heading\"><span id=\"prova-oral\">Prova Oral <\/span><\/h4>\n\n\n\n<p class=\"wp-block-paragraph\">Durante a prova, o candidato teve que ler e responder a respeito dos temas que lhe foram entregues por escrito, bem como responder \u00e0 argui\u00e7\u00e3o da banca avaliadora. <\/p>\n\n\n\n<p class=\"wp-block-paragraph\">Na avalia\u00e7\u00e3o da prova oral foram considerados o dom\u00ednio do conhecimento jur\u00eddico, a adequa\u00e7\u00e3o da linguagem jur\u00eddica, a articula\u00e7\u00e3o do racioc\u00ednio, a capacidade de argumenta\u00e7\u00e3o e o uso correto do vern\u00e1culo.<\/p>\n\n\n\n<p class=\"wp-block-paragraph\">No dia de realiza\u00e7\u00e3o da prova oral, em cada turno de sua realiza\u00e7\u00e3o, os candidatos permaneceram isolados em uma sala de espera. A etapa versou sobre: Direito Constitucional, Direito Administrativo, Direito Econ\u00f4mico, Direito Civil, Direito Processual Civil e Direito Empresarial.<\/p>\n\n\n\n<h4 id=\"titulo\" class=\"wp-block-heading\"><span id=\"avaliacao-de-titulos\">Avalia\u00e7\u00e3o de T\u00edtulos<\/span><\/h4>\n\n\n\n<p class=\"wp-block-paragraph\">Foram convocados para a avalia\u00e7\u00e3o de t\u00edtulos os candidatos aprovados na prova oral e classificados at\u00e9 a 45\u00aa coloca\u00e7\u00e3o para a listagem geral e at\u00e9 a 3\u00aa coloca\u00e7\u00e3o para os candidatos que se declararam com defici\u00eancia, considerando-se a soma das notas obtidas na prova objetiva, nas provas discursivas e na prova oral.<\/p>\n\n\n<div class=\"wp-block-image\">\n<figure class=\"aligncenter size-large is-resized\"><img decoding=\"async\" src=\"https:\/\/dhg1h5j42swfq.cloudfront.net\/2021\/06\/01145135\/image-12.png\" alt=\"Tabela de atribui\u00e7\u00e3o de pontos na avalia\u00e7\u00e3o de t\u00edtulos do \u00faltimo edital\" class=\"wp-image-757110\" style=\"width:522px;height:296px\"\/><\/figure>\n<\/div>\n\n<div class=\"wp-block-image\">\n<figure class=\"aligncenter size-large is-resized\"><img decoding=\"async\" src=\"https:\/\/dhg1h5j42swfq.cloudfront.net\/2021\/06\/01145217\/image-13.png\" alt=\"Tabela de atribui\u00e7\u00e3o de pontos na avalia\u00e7\u00e3o de t\u00edtulos do \u00faltimo edital\" class=\"wp-image-757113\" style=\"width:526px;height:311px\"\/><\/figure>\n<\/div>\n\n\n<h4 id=\"curso\" class=\"wp-block-heading\"><span id=\"curso-de-formacao\">Curso de Forma\u00e7\u00e3o <\/span><\/h4>\n\n\n\n<p class=\"wp-block-paragraph\">O curso de forma\u00e7\u00e3o, com natureza de programa de capacita\u00e7\u00e3o, de car\u00e1ter eliminat\u00f3rio e classificat\u00f3rio, foi regido pelas normas inerentes \u00e0 categoria funcional, pelo edital de convoca\u00e7\u00e3o para a matr\u00edcula, que estabeleceu o prazo e a forma de matr\u00edcula, o conte\u00fado program\u00e1tico, a frequ\u00eancia e o rendimento m\u00ednimos a serem exigidos dos candidatos e as demais condi\u00e7\u00f5es de aprova\u00e7\u00e3o no referido curso.<br><\/p>\n\n\n\n<p class=\"wp-block-paragraph\">O curso de forma\u00e7\u00e3o teve carga hor\u00e1ria de 50 horas presenciais, em tempo integral, com atividades que puderam ser desenvolvidas nos turnos diurno e noturno, inclusive s\u00e1bados, domingos e feriados. O curso de forma\u00e7\u00e3o foi realizado na cidade de Bras\u00edlia\/DF.<\/p>\n\n\n\n<hr class=\"wp-block-separator has-alpha-channel-opacity\"\/>\n\n\n\n<p class=\"has-text-align-center wp-block-paragraph\" id=\"h-quer-saber-tudo-sobre-concursos-previstos-confira-nossos-artigos\" style=\"font-size:26px\"><strong>Quer saber tudo sobre concursos previstos?<br>Confira nossos artigos!<\/strong><\/p>\n\n\n\n<ul class=\"wp-block-list\">\n<li><a href=\"https:\/\/cj.estrategia.com\/portal\/concurso-agu-unificado\/\" target=\"_blank\" >Concurso AGU Unificado<\/a><\/li>\n\n\n\n<li><a href=\"https:\/\/cj.estrategia.com\/portal\/concursos-abertos-carreiras-juridicas\/\" target=\"_blank\" >Concursos jur\u00eddicos abertos<\/a><\/li>\n\n\n\n<li><a href=\"https:\/\/cj.estrategia.com\/portal\/concursos-2025-carreiras-juridicas\/\" target=\"_blank\" >Concurso jur\u00eddicos 2026<\/a><\/li>\n\n\n\n<li><a href=\"https:\/\/cj.estrategia.com\/portal\/concursos-procuradorias\/\" target=\"_blank\" >Concursos procuradorias<\/a><\/li>\n<\/ul>\n\n\n\n<p class=\"has-text-align-center wp-block-paragraph\" id=\"assinatura-cursos\" style=\"font-size:26px\"><strong>Quer se preparar para o concurso Procurador BACEN?<\/strong><\/p>\n\n\n\n<div class=\"wp-block-cover\" style=\"min-height:155px;aspect-ratio:unset;\"><img decoding=\"async\" width=\"1890\" height=\"351\" class=\"wp-block-cover__image-background wp-image-8669\" alt=\"Assinaturas Jur\u00eddicas\" src=\"https:\/\/cj.estrategia.com\/portal\/wp-content\/uploads\/2022\/06\/20151253\/concurso-carreiras-juridicas-assinatura-juridica.jpg\" style=\"object-position:78% 43%\" data-object-fit=\"cover\" data-object-position=\"78% 43%\" srcset=\"https:\/\/cdn-blog-cj.estrategia.com\/portal\/wp-content\/uploads\/2022\/06\/20151253\/concurso-carreiras-juridicas-assinatura-juridica.jpg 1890w, https:\/\/cdn-blog-cj.estrategia.com\/portal\/wp-content\/uploads\/2022\/06\/20151253\/concurso-carreiras-juridicas-assinatura-juridica-300x56.jpg 300w, https:\/\/cdn-blog-cj.estrategia.com\/portal\/wp-content\/uploads\/2022\/06\/20151253\/concurso-carreiras-juridicas-assinatura-juridica-1024x190.jpg 1024w, https:\/\/cdn-blog-cj.estrategia.com\/portal\/wp-content\/uploads\/2022\/06\/20151253\/concurso-carreiras-juridicas-assinatura-juridica-768x143.jpg 768w, https:\/\/cdn-blog-cj.estrategia.com\/portal\/wp-content\/uploads\/2022\/06\/20151253\/concurso-carreiras-juridicas-assinatura-juridica-1536x285.jpg 1536w, https:\/\/cdn-blog-cj.estrategia.com\/portal\/wp-content\/uploads\/2022\/06\/20151253\/concurso-carreiras-juridicas-assinatura-juridica-380x71.jpg 380w, https:\/\/cdn-blog-cj.estrategia.com\/portal\/wp-content\/uploads\/2022\/06\/20151253\/concurso-carreiras-juridicas-assinatura-juridica-800x149.jpg 800w, https:\/\/cdn-blog-cj.estrategia.com\/portal\/wp-content\/uploads\/2022\/06\/20151253\/concurso-carreiras-juridicas-assinatura-juridica-1160x215.jpg 1160w\" sizes=\"(max-width: 1890px) 100vw, 1890px\" \/><span aria-hidden=\"true\" class=\"wp-block-cover__background has-background-dim\"><\/span><div class=\"wp-block-cover__inner-container is-layout-flow wp-block-cover-is-layout-flow\">\n<h3 id=\"faca-a-sua-assinatura\" class=\"titulo-assinatura\"><span style=\"color: #ffffff;\">Fa\u00e7a a sua assinatura!<\/span><\/h3>\n<p class=\"subtitulo-assinatura\" style=\"display:block!important; line-height: 0;\"><span style=\"color: #ffffff;\">Escolha a sua \u00e1rea.<\/span><\/p>\n<a target=\"_blank\" href=\"https:\/\/www.estrategiaconcursos.com.br\/assinaturas-ecj\/\" rel=\"noopener\"><button style=\"border-radius: 10px; text-transform: capitalize;\">Acessar<\/button><\/a>\n<\/div><\/div>\n\n\n\n<figure class=\"wp-block-image size-large is-resized\"><img decoding=\"async\" src=\"https:\/\/dhg1h5j42swfq.cloudfront.net\/2021\/04\/05154617\/ficha-tecnica-12-1024x632.png\" alt=\"ficha t\u00e9cnica para concurso procurador BACEN\" class=\"wp-image-707675\" style=\"width:256px;height:158px\"\/><\/figure>\n\n\n\n<h2 id=\"ficha\" class=\"wp-block-heading\"><span id=\"informacoes-do-concurso-procurador-bacen-agu\">Informa\u00e7\u00f5es do concurso Procurador BACEN &#8211; AGU<\/span><\/h2>\n\n\n\n<ul class=\"wp-block-list\">\n<li><strong>Vagas:<\/strong> 20<\/li>\n\n\n\n<li><strong>Cargos:<\/strong> Procurador do Bacen<\/li>\n\n\n\n<li><strong>Banca: <\/strong>a definir<\/li>\n\n\n\n<li><strong>Escolaridade: <\/strong>N\u00edvel Superior em Direito, OAB e 2 anos de pr\u00e1tica forense<\/li>\n\n\n\n<li><strong>\u00daltimo edital:<\/strong> <a href=\"https:\/\/dhg1h5j42swfq.cloudfront.net\/2021\/06\/01152628\/ed_1_2013_bacen_pgbc_13_abt.pdf\" target=\"_blank\" rel=\"noreferrer noopener nofollow\">Procurador Bacen 2013<\/a><\/li>\n<\/ul>\n","protected":false},"excerpt":{"rendered":"Concurso Procurador Bacen: conhe\u00e7a os detalhes das 20 vagas e a nova estrutura de sele\u00e7\u00e3o para o Banco&hellip;\n","protected":false},"author":12,"featured_media":177715,"comment_status":"open","ping_status":"open","sticky":false,"template":"","format":"standard","meta":{"_acf_changed":false,"_jetpack_newsletter_access":"","_jetpack_dont_email_post_to_subs":false,"_jetpack_newsletter_tier_id":0,"_jetpack_memberships_contains_paywalled_content":false,"_jetpack_feature_clip_id":0,"_jetpack_memberships_contains_paid_content":false,"footnotes":"","jetpack_post_was_ever_published":false},"categories":[1],"tags":[],"tax_estado":[],"class_list":["post-22","post","type-post","status-publish","format-standard","has-post-thumbnail","category-carreiras-juridicas"],"acf":[],"yoast_head":"<!-- This site is optimized with the Yoast SEO Premium plugin v28.3 (Yoast SEO v28.3) - https:\/\/yoast.com\/product\/yoast-seo-premium-wordpress\/ -->\n<title>Concurso Procurador BACEN: autorizado com 20 vagas<\/title>\n<meta name=\"description\" content=\"Concurso Bacen: conhe\u00e7a os detalhes das 20 vagas e a nova estrutura de sele\u00e7\u00e3o unificada para Procurador do Banco Central.\" \/>\n<meta name=\"robots\" content=\"index, follow, max-snippet:-1, max-image-preview:large, max-video-preview:-1\" \/>\n<link rel=\"canonical\" href=\"https:\/\/cj.estrategia.com\/portal\/concurso-procurador-bacen\/\" \/>\n<meta property=\"og:locale\" content=\"pt_BR\" \/>\n<meta property=\"og:type\" content=\"article\" \/>\n<meta property=\"og:title\" content=\"Concurso Procurador BACEN: autorizado com 20 vagas\" \/>\n<meta property=\"og:description\" content=\"Concurso Bacen: conhe\u00e7a os detalhes das 20 vagas e a nova estrutura de sele\u00e7\u00e3o unificada para Procurador do Banco Central.\" \/>\n<meta property=\"og:url\" content=\"https:\/\/cj.estrategia.com\/portal\/concurso-procurador-bacen\/\" \/>\n<meta property=\"og:site_name\" content=\"Blog - Carreiras Jur\u00eddicas - Estrat\u00e9gia\" \/>\n<meta property=\"article:publisher\" content=\"https:\/\/www.facebook.com\/estrategiacarreirajuridica\/\" \/>\n<meta property=\"article:published_time\" content=\"2026-09-04T23:09:23+00:00\" \/>\n<meta property=\"article:modified_time\" content=\"2026-09-04T23:09:26+00:00\" \/>\n<meta property=\"og:image\" content=\"https:\/\/cdn-blog-cj.estrategia.com\/portal\/wp-content\/uploads\/2026\/01\/04105643\/procurador.jpg\" \/>\n\t<meta property=\"og:image:width\" content=\"2459\" \/>\n\t<meta property=\"og:image:height\" content=\"1383\" \/>\n\t<meta property=\"og:image:type\" content=\"image\/jpeg\" \/>\n<meta name=\"author\" content=\"Coordena\u00e7\u00e3o\" \/>\n<meta name=\"twitter:card\" content=\"summary_large_image\" \/>\n<meta name=\"twitter:creator\" content=\"@EstratJuridica\" \/>\n<meta name=\"twitter:site\" content=\"@EstratJuridica\" \/>\n<meta name=\"twitter:label1\" content=\"Escrito por\" \/>\n\t<meta name=\"twitter:data1\" content=\"Coordena\u00e7\u00e3o\" \/>\n\t<meta name=\"twitter:label2\" content=\"Est. tempo de leitura\" \/>\n\t<meta name=\"twitter:data2\" content=\"9 minutos\" \/>\n<script type=\"application\/ld+json\" class=\"yoast-schema-graph\">{\"@context\":\"https:\\\/\\\/schema.org\",\"@graph\":[{\"@type\":\"NewsArticle\",\"@id\":\"https:\\\/\\\/cj.estrategia.com\\\/portal\\\/concurso-procurador-bacen\\\/#article\",\"isPartOf\":{\"@id\":\"https:\\\/\\\/cj.estrategia.com\\\/portal\\\/concurso-procurador-bacen\\\/\"},\"author\":{\"name\":\"Coordena\u00e7\u00e3o\",\"@id\":\"https:\\\/\\\/cj.estrategia.com\\\/portal\\\/#\\\/schema\\\/person\\\/4d70317d31449932b99102916b6637f5\"},\"headline\":\"Concurso Procurador BACEN: autorizado com 20 vagas\",\"datePublished\":\"2026-09-04T23:09:23+00:00\",\"dateModified\":\"2026-09-04T23:09:26+00:00\",\"mainEntityOfPage\":{\"@id\":\"https:\\\/\\\/cj.estrategia.com\\\/portal\\\/concurso-procurador-bacen\\\/\"},\"wordCount\":1507,\"commentCount\":0,\"publisher\":{\"@id\":\"https:\\\/\\\/cj.estrategia.com\\\/portal\\\/#organization\"},\"image\":{\"@id\":\"https:\\\/\\\/cj.estrategia.com\\\/portal\\\/concurso-procurador-bacen\\\/#primaryimage\"},\"thumbnailUrl\":\"https:\\\/\\\/cdn-blog-cj.estrategia.com\\\/portal\\\/wp-content\\\/uploads\\\/2026\\\/01\\\/04105643\\\/procurador.jpg\",\"articleSection\":[\"Carreiras Jur\u00eddicas\"],\"inLanguage\":\"pt-BR\",\"potentialAction\":[{\"@type\":\"CommentAction\",\"name\":\"Comment\",\"target\":[\"https:\\\/\\\/cj.estrategia.com\\\/portal\\\/concurso-procurador-bacen\\\/#respond\"]}],\"accessibilityFeature\":[\"tableOfContents\"]},{\"@type\":\"WebPage\",\"@id\":\"https:\\\/\\\/cj.estrategia.com\\\/portal\\\/concurso-procurador-bacen\\\/\",\"url\":\"https:\\\/\\\/cj.estrategia.com\\\/portal\\\/concurso-procurador-bacen\\\/\",\"name\":\"Concurso Procurador BACEN: autorizado com 20 vagas\",\"isPartOf\":{\"@id\":\"https:\\\/\\\/cj.estrategia.com\\\/portal\\\/#website\"},\"primaryImageOfPage\":{\"@id\":\"https:\\\/\\\/cj.estrategia.com\\\/portal\\\/concurso-procurador-bacen\\\/#primaryimage\"},\"image\":{\"@id\":\"https:\\\/\\\/cj.estrategia.com\\\/portal\\\/concurso-procurador-bacen\\\/#primaryimage\"},\"thumbnailUrl\":\"https:\\\/\\\/cdn-blog-cj.estrategia.com\\\/portal\\\/wp-content\\\/uploads\\\/2026\\\/01\\\/04105643\\\/procurador.jpg\",\"datePublished\":\"2026-09-04T23:09:23+00:00\",\"dateModified\":\"2026-09-04T23:09:26+00:00\",\"description\":\"Concurso Bacen: conhe\u00e7a os detalhes das 20 vagas e a nova estrutura de sele\u00e7\u00e3o unificada para Procurador do Banco Central.\",\"breadcrumb\":{\"@id\":\"https:\\\/\\\/cj.estrategia.com\\\/portal\\\/concurso-procurador-bacen\\\/#breadcrumb\"},\"inLanguage\":\"pt-BR\",\"potentialAction\":[{\"@type\":\"ReadAction\",\"target\":[\"https:\\\/\\\/cj.estrategia.com\\\/portal\\\/concurso-procurador-bacen\\\/\"]}]},{\"@type\":\"ImageObject\",\"inLanguage\":\"pt-BR\",\"@id\":\"https:\\\/\\\/cj.estrategia.com\\\/portal\\\/concurso-procurador-bacen\\\/#primaryimage\",\"url\":\"https:\\\/\\\/cdn-blog-cj.estrategia.com\\\/portal\\\/wp-content\\\/uploads\\\/2026\\\/01\\\/04105643\\\/procurador.jpg\",\"contentUrl\":\"https:\\\/\\\/cdn-blog-cj.estrategia.com\\\/portal\\\/wp-content\\\/uploads\\\/2026\\\/01\\\/04105643\\\/procurador.jpg\",\"width\":2459,\"height\":1383,\"caption\":\"concursos procurador\"},{\"@type\":\"BreadcrumbList\",\"@id\":\"https:\\\/\\\/cj.estrategia.com\\\/portal\\\/concurso-procurador-bacen\\\/#breadcrumb\",\"itemListElement\":[{\"@type\":\"ListItem\",\"position\":1,\"name\":\"In\u00edcio\",\"item\":\"https:\\\/\\\/cj.estrategia.com\\\/portal\\\/\"},{\"@type\":\"ListItem\",\"position\":2,\"name\":\"Concurso Procurador BACEN: autorizado com 20 vagas\"}]},{\"@type\":\"WebSite\",\"@id\":\"https:\\\/\\\/cj.estrategia.com\\\/portal\\\/#website\",\"url\":\"https:\\\/\\\/cj.estrategia.com\\\/portal\\\/\",\"name\":\"Blog - Carreiras Jur\u00eddicas - Estrat\u00e9gia\",\"description\":\"\",\"publisher\":{\"@id\":\"https:\\\/\\\/cj.estrategia.com\\\/portal\\\/#organization\"},\"potentialAction\":[{\"@type\":\"SearchAction\",\"target\":{\"@type\":\"EntryPoint\",\"urlTemplate\":\"https:\\\/\\\/cj.estrategia.com\\\/portal\\\/?s={search_term_string}\"},\"query-input\":{\"@type\":\"PropertyValueSpecification\",\"valueRequired\":true,\"valueName\":\"search_term_string\"}}],\"inLanguage\":\"pt-BR\"},{\"@type\":\"Organization\",\"@id\":\"https:\\\/\\\/cj.estrategia.com\\\/portal\\\/#organization\",\"name\":\"Estrat\u00e9gia - Carreiras Jur\u00eddicas\",\"url\":\"https:\\\/\\\/cj.estrategia.com\\\/portal\\\/\",\"logo\":{\"@type\":\"ImageObject\",\"inLanguage\":\"pt-BR\",\"@id\":\"https:\\\/\\\/cj.estrategia.com\\\/portal\\\/#\\\/schema\\\/logo\\\/image\\\/\",\"url\":\"https:\\\/\\\/cj.estrategia.com\\\/portal\\\/wp-content\\\/uploads\\\/2022\\\/03\\\/11151052\\\/cj-logo.png\",\"contentUrl\":\"https:\\\/\\\/cj.estrategia.com\\\/portal\\\/wp-content\\\/uploads\\\/2022\\\/03\\\/11151052\\\/cj-logo.png\",\"width\":150,\"height\":39,\"caption\":\"Estrat\u00e9gia - Carreiras Jur\u00eddicas\"},\"image\":{\"@id\":\"https:\\\/\\\/cj.estrategia.com\\\/portal\\\/#\\\/schema\\\/logo\\\/image\\\/\"},\"sameAs\":[\"https:\\\/\\\/www.facebook.com\\\/estrategiacarreirajuridica\\\/\",\"https:\\\/\\\/x.com\\\/EstratJuridica\",\"https:\\\/\\\/www.instagram.com\\\/estrategiacarreirajuridica\\\/\",\"https:\\\/\\\/www.youtube.com\\\/channel\\\/UClbMGuYbj2Mh1m3w144ETWQ\"]},{\"@type\":\"Person\",\"@id\":\"https:\\\/\\\/cj.estrategia.com\\\/portal\\\/#\\\/schema\\\/person\\\/4d70317d31449932b99102916b6637f5\",\"name\":\"Coordena\u00e7\u00e3o\",\"image\":{\"@type\":\"ImageObject\",\"inLanguage\":\"pt-BR\",\"@id\":\"https:\\\/\\\/cdn-blog-cj.estrategia.com\\\/portal\\\/wp-content\\\/uploads\\\/2022\\\/05\\\/12164923\\\/estrategia-carreira-juridica-coordenacao-96x96.png\",\"url\":\"https:\\\/\\\/cdn-blog-cj.estrategia.com\\\/portal\\\/wp-content\\\/uploads\\\/2022\\\/05\\\/12164923\\\/estrategia-carreira-juridica-coordenacao-96x96.png\",\"contentUrl\":\"https:\\\/\\\/cdn-blog-cj.estrategia.com\\\/portal\\\/wp-content\\\/uploads\\\/2022\\\/05\\\/12164923\\\/estrategia-carreira-juridica-coordenacao-96x96.png\",\"caption\":\"Coordena\u00e7\u00e3o\"},\"url\":\"https:\\\/\\\/cj.estrategia.com\\\/portal\\\/author\\\/coordenacao\\\/\"}]}<\/script>\n<!-- \/ Yoast SEO Premium plugin. -->","yoast_head_json":{"title":"Concurso Procurador BACEN: autorizado com 20 vagas","description":"Concurso Bacen: conhe\u00e7a os detalhes das 20 vagas e a nova estrutura de sele\u00e7\u00e3o unificada para Procurador do Banco Central.","robots":{"index":"index","follow":"follow","max-snippet":"max-snippet:-1","max-image-preview":"max-image-preview:large","max-video-preview":"max-video-preview:-1"},"canonical":"https:\/\/cj.estrategia.com\/portal\/concurso-procurador-bacen\/","og_locale":"pt_BR","og_type":"article","og_title":"Concurso Procurador BACEN: autorizado com 20 vagas","og_description":"Concurso Bacen: conhe\u00e7a os detalhes das 20 vagas e a nova estrutura de sele\u00e7\u00e3o unificada para Procurador do Banco Central.","og_url":"https:\/\/cj.estrategia.com\/portal\/concurso-procurador-bacen\/","og_site_name":"Blog - Carreiras Jur\u00eddicas - Estrat\u00e9gia","article_publisher":"https:\/\/www.facebook.com\/estrategiacarreirajuridica\/","article_published_time":"2026-09-04T23:09:23+00:00","article_modified_time":"2026-09-04T23:09:26+00:00","og_image":[{"width":2459,"height":1383,"url":"https:\/\/cdn-blog-cj.estrategia.com\/portal\/wp-content\/uploads\/2026\/01\/04105643\/procurador.jpg","type":"image\/jpeg"}],"author":"Coordena\u00e7\u00e3o","twitter_card":"summary_large_image","twitter_creator":"@EstratJuridica","twitter_site":"@EstratJuridica","twitter_misc":{"Escrito por":"Coordena\u00e7\u00e3o","Est. tempo de leitura":"9 minutos"},"schema":{"@context":"https:\/\/schema.org","@graph":[{"@type":"NewsArticle","@id":"https:\/\/cj.estrategia.com\/portal\/concurso-procurador-bacen\/#article","isPartOf":{"@id":"https:\/\/cj.estrategia.com\/portal\/concurso-procurador-bacen\/"},"author":{"name":"Coordena\u00e7\u00e3o","@id":"https:\/\/cj.estrategia.com\/portal\/#\/schema\/person\/4d70317d31449932b99102916b6637f5"},"headline":"Concurso Procurador BACEN: autorizado com 20 vagas","datePublished":"2026-09-04T23:09:23+00:00","dateModified":"2026-09-04T23:09:26+00:00","mainEntityOfPage":{"@id":"https:\/\/cj.estrategia.com\/portal\/concurso-procurador-bacen\/"},"wordCount":1507,"commentCount":0,"publisher":{"@id":"https:\/\/cj.estrategia.com\/portal\/#organization"},"image":{"@id":"https:\/\/cj.estrategia.com\/portal\/concurso-procurador-bacen\/#primaryimage"},"thumbnailUrl":"https:\/\/cdn-blog-cj.estrategia.com\/portal\/wp-content\/uploads\/2026\/01\/04105643\/procurador.jpg","articleSection":["Carreiras Jur\u00eddicas"],"inLanguage":"pt-BR","potentialAction":[{"@type":"CommentAction","name":"Comment","target":["https:\/\/cj.estrategia.com\/portal\/concurso-procurador-bacen\/#respond"]}],"accessibilityFeature":["tableOfContents"]},{"@type":"WebPage","@id":"https:\/\/cj.estrategia.com\/portal\/concurso-procurador-bacen\/","url":"https:\/\/cj.estrategia.com\/portal\/concurso-procurador-bacen\/","name":"Concurso Procurador BACEN: autorizado com 20 vagas","isPartOf":{"@id":"https:\/\/cj.estrategia.com\/portal\/#website"},"primaryImageOfPage":{"@id":"https:\/\/cj.estrategia.com\/portal\/concurso-procurador-bacen\/#primaryimage"},"image":{"@id":"https:\/\/cj.estrategia.com\/portal\/concurso-procurador-bacen\/#primaryimage"},"thumbnailUrl":"https:\/\/cdn-blog-cj.estrategia.com\/portal\/wp-content\/uploads\/2026\/01\/04105643\/procurador.jpg","datePublished":"2026-09-04T23:09:23+00:00","dateModified":"2026-09-04T23:09:26+00:00","description":"Concurso Bacen: conhe\u00e7a os detalhes das 20 vagas e a nova estrutura de sele\u00e7\u00e3o unificada para Procurador do Banco Central.","breadcrumb":{"@id":"https:\/\/cj.estrategia.com\/portal\/concurso-procurador-bacen\/#breadcrumb"},"inLanguage":"pt-BR","potentialAction":[{"@type":"ReadAction","target":["https:\/\/cj.estrategia.com\/portal\/concurso-procurador-bacen\/"]}]},{"@type":"ImageObject","inLanguage":"pt-BR","@id":"https:\/\/cj.estrategia.com\/portal\/concurso-procurador-bacen\/#primaryimage","url":"https:\/\/cdn-blog-cj.estrategia.com\/portal\/wp-content\/uploads\/2026\/01\/04105643\/procurador.jpg","contentUrl":"https:\/\/cdn-blog-cj.estrategia.com\/portal\/wp-content\/uploads\/2026\/01\/04105643\/procurador.jpg","width":2459,"height":1383,"caption":"concursos procurador"},{"@type":"BreadcrumbList","@id":"https:\/\/cj.estrategia.com\/portal\/concurso-procurador-bacen\/#breadcrumb","itemListElement":[{"@type":"ListItem","position":1,"name":"In\u00edcio","item":"https:\/\/cj.estrategia.com\/portal\/"},{"@type":"ListItem","position":2,"name":"Concurso Procurador BACEN: autorizado com 20 vagas"}]},{"@type":"WebSite","@id":"https:\/\/cj.estrategia.com\/portal\/#website","url":"https:\/\/cj.estrategia.com\/portal\/","name":"Blog - Carreiras Jur\u00eddicas - Estrat\u00e9gia","description":"","publisher":{"@id":"https:\/\/cj.estrategia.com\/portal\/#organization"},"potentialAction":[{"@type":"SearchAction","target":{"@type":"EntryPoint","urlTemplate":"https:\/\/cj.estrategia.com\/portal\/?s={search_term_string}"},"query-input":{"@type":"PropertyValueSpecification","valueRequired":true,"valueName":"search_term_string"}}],"inLanguage":"pt-BR"},{"@type":"Organization","@id":"https:\/\/cj.estrategia.com\/portal\/#organization","name":"Estrat\u00e9gia - Carreiras Jur\u00eddicas","url":"https:\/\/cj.estrategia.com\/portal\/","logo":{"@type":"ImageObject","inLanguage":"pt-BR","@id":"https:\/\/cj.estrategia.com\/portal\/#\/schema\/logo\/image\/","url":"https:\/\/cj.estrategia.com\/portal\/wp-content\/uploads\/2022\/03\/11151052\/cj-logo.png","contentUrl":"https:\/\/cj.estrategia.com\/portal\/wp-content\/uploads\/2022\/03\/11151052\/cj-logo.png","width":150,"height":39,"caption":"Estrat\u00e9gia - Carreiras Jur\u00eddicas"},"image":{"@id":"https:\/\/cj.estrategia.com\/portal\/#\/schema\/logo\/image\/"},"sameAs":["https:\/\/www.facebook.com\/estrategiacarreirajuridica\/","https:\/\/x.com\/EstratJuridica","https:\/\/www.instagram.com\/estrategiacarreirajuridica\/","https:\/\/www.youtube.com\/channel\/UClbMGuYbj2Mh1m3w144ETWQ"]},{"@type":"Person","@id":"https:\/\/cj.estrategia.com\/portal\/#\/schema\/person\/4d70317d31449932b99102916b6637f5","name":"Coordena\u00e7\u00e3o","image":{"@type":"ImageObject","inLanguage":"pt-BR","@id":"https:\/\/cdn-blog-cj.estrategia.com\/portal\/wp-content\/uploads\/2022\/05\/12164923\/estrategia-carreira-juridica-coordenacao-96x96.png","url":"https:\/\/cdn-blog-cj.estrategia.com\/portal\/wp-content\/uploads\/2022\/05\/12164923\/estrategia-carreira-juridica-coordenacao-96x96.png","contentUrl":"https:\/\/cdn-blog-cj.estrategia.com\/portal\/wp-content\/uploads\/2022\/05\/12164923\/estrategia-carreira-juridica-coordenacao-96x96.png","caption":"Coordena\u00e7\u00e3o"},"url":"https:\/\/cj.estrategia.com\/portal\/author\/coordenacao\/"}]}},"jetpack_sharing_enabled":true,"jetpack_featured_media_url":"https:\/\/cdn-blog-cj.estrategia.com\/portal\/wp-content\/uploads\/2026\/01\/04105643\/procurador.jpg","_links":{"self":[{"href":"https:\/\/cj.estrategia.com\/portal\/wp-json\/wp\/v2\/posts\/22","targetHints":{"allow":["GET"]}}],"collection":[{"href":"https:\/\/cj.estrategia.com\/portal\/wp-json\/wp\/v2\/posts"}],"about":[{"href":"https:\/\/cj.estrategia.com\/portal\/wp-json\/wp\/v2\/types\/post"}],"author":[{"embeddable":true,"href":"https:\/\/cj.estrategia.com\/portal\/wp-json\/wp\/v2\/users\/12"}],"replies":[{"embeddable":true,"href":"https:\/\/cj.estrategia.com\/portal\/wp-json\/wp\/v2\/comments?post=22"}],"version-history":[{"count":8,"href":"https:\/\/cj.estrategia.com\/portal\/wp-json\/wp\/v2\/posts\/22\/revisions"}],"predecessor-version":[{"id":197267,"href":"https:\/\/cj.estrategia.com\/portal\/wp-json\/wp\/v2\/posts\/22\/revisions\/197267"}],"wp:featuredmedia":[{"embeddable":true,"href":"https:\/\/cj.estrategia.com\/portal\/wp-json\/wp\/v2\/media\/177715"}],"wp:attachment":[{"href":"https:\/\/cj.estrategia.com\/portal\/wp-json\/wp\/v2\/media?parent=22"}],"wp:term":[{"taxonomy":"category","embeddable":true,"href":"https:\/\/cj.estrategia.com\/portal\/wp-json\/wp\/v2\/categories?post=22"},{"taxonomy":"post_tag","embeddable":true,"href":"https:\/\/cj.estrategia.com\/portal\/wp-json\/wp\/v2\/tags?post=22"},{"taxonomy":"tax_estado","embeddable":true,"href":"https:\/\/cj.estrategia.com\/portal\/wp-json\/wp\/v2\/tax_estado?post=22"}],"curies":[{"name":"wp","href":"https:\/\/api.w.org\/{rel}","templated":true}]}}