{"id":21741,"date":"2022-10-16T22:13:00","date_gmt":"2022-10-17T01:13:00","guid":{"rendered":"https:\/\/cj.estrategia.com\/portal\/?p=21741"},"modified":"2022-12-02T08:27:38","modified_gmt":"2022-12-02T11:27:38","slug":"gabarito-extraoficial-pgm-porto-alegre","status":"publish","type":"post","link":"https:\/\/cj.estrategia.com\/portal\/gabarito-extraoficial-pgm-porto-alegre\/","title":{"rendered":"Gabarito Extraoficial PGM Porto Alegre: corre\u00e7\u00e3o da prova"},"content":{"rendered":"\n<p>Neste domingo, 14 de outubro, foram aplicadas as provas do concurso PGM Porto Alegre<strong>.\u00a0<\/strong>De acordo com o edital, as avalia\u00e7\u00f5es aconteceram nos turnos da manh\u00e3 e tarde.<\/p>\n\n\n\n<p>Com o objetivo de ajud\u00e1-lo a diminuir um pouco a ansiedade de saber se foi bem ou n\u00e3o em um concurso t\u00e3o visado e importante,\u00a0<strong>nossos professores realizaram a corre\u00e7\u00e3o, dando o<\/strong>\u00a0<strong>gabarito extraoficial da prova de PGM Porto Alegre<\/strong>.<\/p>\n\n\n\n<p>Portanto, confira, antecipadamente, seu desempenho e ainda receba dicas de recursos (se houver necessidade, claro!). Lembrando que o\u00a0gabarito oficial preliminar ser\u00e1 publicado pela <a href=\"https:\/\/www.fundatec.org.br\/portal\/concursos\/index_concursos.php?concurso=680\" target=\"_blank\" >Fundatec<\/a>.<\/p>\n\n\n\n<h2 class=\"wp-block-heading\" id=\"h-participe-do-ranking\"><span id=\"participe-do-ranking\">Participe do Ranking <\/span><\/h2>\n\n\n\n<p class=\"has-text-align-center has-luminous-vivid-amber-background-color has-background\" style=\"font-size:18px\"><strong><a href=\"https:\/\/forms.gle\/6uRRWFLzcQKuQY9u6\" target=\"_blank\" >Preencha o gabarito eletr\u00f4nico<\/a><\/strong><\/p>\n\n\n\n<p class=\"has-text-align-center has-luminous-vivid-amber-background-color has-background\" style=\"font-size:18px\"><strong><a href=\"https:\/\/docs.google.com\/spreadsheets\/d\/1dWfs2knnolMr2pV1KCg0RcqJkbMcjDsb5vr5xBv1D2M\/edit?usp=sharing\" target=\"_blank\" >Ranking \u2013 Gabarito Extraoficial PGM Porto Alegre<\/a><\/strong><\/p>\n\n\n\n<h2 class=\"wp-block-heading\" id=\"h-correcao-e-gabarito-extraoficial-pgm-porto-alegre\"><span id=\"correcao-e-gabarito-extraoficial-pgm-porto-alegre\">Corre\u00e7\u00e3o e Gabarito Extraoficial PGM Porto Alegre<\/span><\/h2>\n\n\n\n<ul class=\"wp-block-list\"><li>Igor Maciel \u2013 \u00c2ncora<\/li><li>Nelma Fontana \u2013 Constitucional<\/li><li>Rodrigo Vaslin \u2013 Processo Civil<\/li><li>Paulo Sousa \u2013 Direito Civil<\/li><li>Michael de Jesus \u2013 Direito Tribut\u00e1rio<\/li><li>Joana Portela \u2013 Direitos Difusos e Coletivos<\/li><li>Thiago Leite \u2013 Direito Urbano Ambiental<\/li><li>Rodolfo Pena \u2013 Direito Administrativo<\/li><li>Bruno Betti \u2013 Legisla\u00e7\u00e3o Local<\/li><li>Marcel Torres \u2013 Direito Financeiro<\/li><li>Felipe Cavalcante \u2013 Direito Previdenci\u00e1rio e Seg. Social<\/li><li>Josias Barcelos \u2013 Direito Municipal<\/li><li>Lucas Pessoa \u2013 Direito do Trabalho e Processo do Trabalho<\/li><\/ul>\n\n\n\n<figure class=\"wp-block-embed is-type-video is-provider-youtube wp-block-embed-youtube wp-embed-aspect-16-9 wp-has-aspect-ratio\"><div class=\"wp-block-embed__wrapper\">\n<div class=\"cs-embed cs-embed-responsive\"><iframe title=\"Gabarito Extraoficial - Procurador PGM Porto Alegre\" width=\"1200\" height=\"675\" src=\"https:\/\/www.youtube.com\/embed\/VDKcxzRkkaY?feature=oembed\" frameborder=\"0\" allow=\"accelerometer; autoplay; clipboard-write; encrypted-media; gyroscope; picture-in-picture\" allowfullscreen><\/iframe><\/div>\n<\/div><\/figure>\n\n\n\n<h3 class=\"wp-block-heading\" id=\"h-gabarito-extraoficial-procurador-porto-alegre\"><span id=\"gabarito-extraoficial-procurador-porto-alegre\">Gabarito extraoficial: Procurador Porto Alegre<\/span><\/h3>\n\n\n\n<p>Abaixo, voc\u00ea confere os gabaritos das quest\u00f5es corrigidas pelos nossos professores. \u00c0 medida em que as corre\u00e7\u00f5es forem realizadas, o artigo ser\u00e1 atualizado. <\/p>\n\n\n\n<p>Como existem v\u00e1rios tipos de provas, voc\u00ea pode conferindo o in\u00edcio da quest\u00e3o.<\/p>\n\n\n\n<p class=\"has-cyan-bluish-gray-background-color has-background has-medium-font-size\"><strong>Blocos II e III (manh\u00e3)<\/strong><\/p>\n\n\n\n<p><strong>Quest\u00e3o 1:\u00a0<\/strong>Na cidade X, h\u00e1 uma ocupa\u00e7\u00e3o formada por cerca de 500 fam\u00edlias\u2026<br><strong><em>Resposta:<\/em><\/strong> A \u2013 apenas I<\/p>\n\n\n\n<p><strong>Quest\u00e3o 2:\u00a0<\/strong>Considerando o disposto da Lei Federal n\u00ba 12.651\/2012\u2026<br><strong><em>Resposta:<\/em><\/strong> A \u2013 compete ao Munic\u00edpio, por meio de seu Plano Diretor, ouvidos os conselhos\u2026<\/p>\n\n\n\n<p><strong>Quest\u00e3o 3:\u00a0<\/strong>Considerando as normas gerais do Estatuto da Cidade\u2026<br><strong><em>Resposta:<\/em><\/strong> B \u2013 a implanta\u00e7\u00e3o dos empreendimentos pressup\u00f5e a amplia\u00e7\u00e3o do per\u00edmetro\u2026<\/p>\n\n\n\n<p><strong>Quest\u00e3o 4:\u00a0<\/strong>H\u00e1 cerca de 20 anos atr\u00e1s, Vanderly da Silva implantou um loteamento\u2026<br><strong><em>Resposta:<\/em><\/strong> E \u2013 apenas II e III<\/p>\n\n\n\n<p><strong>Quest\u00e3o 5:\u00a0<\/strong>Tendo em vista o disposto na Lei Federal n\u00ba 6.766\/1979, que trata\u2026<br><strong><em>Resposta:<\/em><\/strong> A \u2013 o Munic\u00edpio tem compet\u00eancia para legislar a respeito da \u00e1rea m\u00ednima dos lotes\u2026<\/p>\n\n\n\n<p><strong>Quest\u00e3o 6:\u00a0<\/strong>Em rela\u00e7\u00e3o ao instituto da outorga onerosa do direito de construir\u2026<br><strong><em>Resposta:<\/em><\/strong> C \u2013 apenas III<\/p>\n\n\n\n<p><strong>Quest\u00e3o 7:\u00a0<\/strong>Uma determinada construtora de renome nacional instituiu\u2026<br><strong><em>Resposta:<\/em><\/strong> B \u2013 apenas II<\/p>\n\n\n\n<p><strong>Quest\u00e3o 8:\u00a0<\/strong>Com base na previs\u00e3o constitucional de prote\u00e7\u00e3o\u2026<br><strong><em>Resposta:<\/em><\/strong> A \u2013 apenas I<\/p>\n\n\n\n<p><strong>Quest\u00e3o 9:\u00a0<\/strong>Sobre o Projeto Especial de Impacto Urbano\u2026<br><strong><em>Resposta:<\/em><\/strong> C \u2013 o Projeto Especial de Impacto Urbano pode ser utilizado para a avalia\u00e7\u00e3o\u2026<\/p>\n\n\n\n<p><strong>Quest\u00e3o 10:\u00a0<\/strong>Considerando o disposto no Objetivo 13 dos Objetivos\u2026<br><strong><em>Resposta:<\/em><\/strong> E \u2013 I, II e III<\/p>\n\n\n\n<p><strong>Quest\u00e3o 11:\u00a0<\/strong>Quanto ao contrato de trabalho intermitente\u2026<br><strong><em>Resposta:<\/em><\/strong> D \u2013 deve ser escrito e atender aos requisitos legais\u2026<\/p>\n\n\n\n<p><strong>Quest\u00e3o 12:\u00a0<\/strong>Assinale a alternativa correta sobre\u2026<br><strong><em>Resposta:<\/em><\/strong> A \u2013 o comparecimento \u00e0s depend\u00eancias do empregador para a realiza\u00e7\u00e3o de atividades que exijam a presen\u00e7a\u2026<\/p>\n\n\n\n<p><strong>Quest\u00e3o 13:\u00a0<\/strong>A Contribui\u00e7\u00e3o Sindical, ap\u00f3s a entrada em vigor\u2026<br><strong><em>Resposta:<\/em><\/strong> B \u2013 facultativa, condicionada \u00e0 pr\u00e9via e expressa autoriza\u00e7\u00e3o\u2026<\/p>\n\n\n\n<p><strong>Quest\u00e3o 14:\u00a0<\/strong>Em rela\u00e7\u00e3o \u00e0 an\u00e1lise judicial dos Acordos Coletivos\u2026<br><strong><em>Resposta:<\/em><\/strong> B \u2013 o Direito do Trabalho, na figura da CLT, possui autonomia irrestrita\u2026<\/p>\n\n\n\n<p><strong>Quest\u00e3o 15:\u00a0<\/strong>S\u00f3crates \u00e9 comerci\u00e1rio e foi admitido\u2026<br><strong><em>Resposta:<\/em><\/strong> C \u2013 est\u00e1 completamente prescrita sua pretens\u00e3o<\/p>\n\n\n\n<p><strong>Quest\u00e3o 16:\u00a0<\/strong>A empresa Tr\u00f3pico Ltda celebrou Acordo Coletivo de Trabalho\u2026<br><strong><em>Resposta:<\/em><\/strong> B \u2013 Laura n\u00e3o ter\u00e1 sucesso na a\u00e7\u00e3o, pois, ao aderir ao PDI\u2026<\/p>\n\n\n\n<p><strong>Quest\u00e3o 17:\u00a0<\/strong>No tocante \u00e0s garantias provis\u00f3rias de emprego\u2026<br><strong><em>Resposta:<\/em><\/strong> E \u2013 nenhuma das alternativas est\u00e1 correta<\/p>\n\n\n\n<p><strong>Quest\u00e3o 18:\u00a0<\/strong>S\u00e3o elementos caracterizadores da rela\u00e7\u00e3o\u2026<br><strong><em>Resposta:<\/em><\/strong> C \u2013 onerosidade, n\u00e3o eventualidade\u2026<\/p>\n\n\n\n<p><strong>Quest\u00e3o 19:\u00a0<\/strong>Ant\u00f4nio tem 16 anos de idade e foi contratado regularmente\u2026<br><strong><em>Resposta:<\/em><\/strong> E \u2013 o contrato possui objeto proibido<\/p>\n\n\n\n<p><strong>Quest\u00e3o 20:\u00a0<\/strong>Observe as situa\u00e7\u00f5es subjetivas a seguir e assinale a alternativa\u2026<br><strong><em>Resposta:<\/em><\/strong> B \u2013 nenhum poder\u00e1 sacar a integralidade do FGTS<\/p>\n\n\n\n<p><strong>Quest\u00e3o 21:\u00a0<\/strong>Analise as situa\u00e7\u00f5es a seguir: A emprega Maria teve concedido\u2026<br><strong><em>Resposta:<\/em><\/strong> C \u2013 apenas a empresa Nascente Ltda<\/p>\n\n\n\n<p><strong>Quest\u00e3o 22:\u00a0<\/strong>Jos\u00e9 ajuizou reclama\u00e7\u00e3o trabalhista postulando os dep\u00f3sitos\u2026<br><strong><em>Resposta:<\/em><\/strong> C \u2013 o \u00f4nus da prova quanto ao FGTS \u00e9 do empregador\u2026<\/p>\n\n\n\n<p><strong>Quest\u00e3o 23:\u00a0<\/strong>Julia ajuizou reclamat\u00f3ria trabalhista em face de seu ex-empregador\u2026<br><strong><em>Resposta:<\/em><\/strong> E \u2013 apesar do valor da causa, o rito ser\u00e1 obrigatoriamente\u2026<\/p>\n\n\n\n<p><strong>Quest\u00e3o 24:\u00a0<\/strong>Voc\u00ea \u00e9 procurador municipal e deve interpor recurso ordin\u00e1rio\u2026<br><strong><em>Resposta:<\/em><\/strong> D \u2013 o munic\u00edpio ter\u00e1 o prazo em dobro para interpor o recurso, ou seja, prazo de 16 dias \u00fateis<\/p>\n\n\n\n<p><strong>Quest\u00e3o 25:\u00a0<\/strong>Moacir trabalhou por 2 anos no pr\u00e9dio da Prefeitura Municipal\u2026<br><strong><em>Resposta:<\/em><\/strong> B \u2013 dever\u00e1 ser aplicada apenas \u00e0 empregadora direta<\/p>\n\n\n\n<p><strong>Quest\u00e3o 26:\u00a0<\/strong>O Sindicato Patronal \u201cX\u201d e o Sindicato Profissional \u201cY\u201d, ambos com abrang\u00eancia\u2026<br><strong><em>Resposta:<\/em><\/strong> D \u2013 Tribunal Regional do Trabalho, sendo que o recurso cab\u00edvel a ser interposto\u2026<\/p>\n\n\n\n<p><strong>Quest\u00e3o 27:\u00a0<\/strong>Em 2021, o Minist\u00e9rio P\u00fablico do Trabalho (MPT) celebrou Termo de Ajustamento de Conduta\u2026<br><strong><em>Resposta:<\/em><\/strong> E \u2013 ajuizar Execu\u00e7\u00e3o do TAC<\/p>\n\n\n\n<p><strong>Quest\u00e3o 28:\u00a0<\/strong>Jos\u00e9 trabalhou para a empresa XYZ LTDA, durante os \u00faltimos 5 anos\u2026<br><strong><em>Resposta:<\/em><\/strong> C \u2013 Recurso Ordin\u00e1rio<\/p>\n\n\n\n<p><strong>Quest\u00e3o 29:\u00a0<\/strong>Acerca das exce\u00e7\u00f5es de incompet\u00eancia territorial\u2026<br><strong><em>Resposta:<\/em><\/strong>\u00a0A \u2013 conclusos os autos, o reclamante (exceto) e eventuais\u2026<\/p>\n\n\n\n<p><strong>Quest\u00e3o 30:\u00a0<\/strong>Em a\u00e7\u00e3o trabalhista, Maria requereu a concess\u00e3o de tutela\u2026<br><strong><em>Resposta:<\/em><\/strong>\u00a0C \u2013 Mandado de Seguran\u00e7a<\/p>\n\n\n\n<p><strong>Quest\u00e3o 31:\u00a0<\/strong>A a\u00e7\u00e3o civil p\u00fablica \u00e9 uma esp\u00e9cie de tutela\u2026<br><strong><em>Resposta:<\/em><\/strong> B \u2013 a legitimidade ativa se d\u00e1 em regime de substitui\u00e7\u00e3o processual\u2026<\/p>\n\n\n\n<p><strong>Quest\u00e3o 32:\u00a0<\/strong>Em 07\/04\/2021, o Supremo Tribunal Federal, em sede do julgamento do Recurso Extraordin\u00e1rio\u2026<br><strong><em>Resposta:<\/em><\/strong> B \u2013 em se tratando de a\u00e7\u00e3o civil p\u00fablica de efeitos nacionais ou regionais\u2026<\/p>\n\n\n\n<p><strong>Quest\u00e3o 33:\u00a0<\/strong>A respeito da a\u00e7\u00e3o popular, prevista na Lei\u2026<br><strong><em>Resposta:<\/em><\/strong> A \u2013 \u00e9 adequada \u00e0 tutela de direitos difusos e coletivos\u2026<\/p>\n\n\n\n<p><strong>Quest\u00e3o 34:\u00a0<\/strong>Sobre os aspectos procedimentais da a\u00e7\u00e3o popular\u2026<br><strong><em>Resposta:<\/em><\/strong> C \u2013 a senten\u00e7a que, apreciando o fundamento de direito do pedido\u2026<\/p>\n\n\n\n<p><strong>Quest\u00e3o 35:\u00a0<\/strong>A defesa do consumidos est\u00e1 prevista na Lei n\u00ba 8.078\/1990, a qual prev\u00ea direitos\u2026<br><strong><em>Resposta:<\/em><\/strong> D \u2013 a facilita\u00e7\u00e3o da defesa de seus direitos, inclusive com a invers\u00e3o\u2026<\/p>\n\n\n\n<p><strong>Quest\u00e3o 36:\u00a0<\/strong>De acordo com as previs\u00f5es da Lei n\u00ba 8.078\/1990\u2026<br><strong><em>Resposta:<\/em><\/strong> B \u2013 na a\u00e7\u00e3o que tenha por objeto o cumprimento da obriga\u00e7\u00e3o de fazer\u2026<\/p>\n\n\n\n<p><strong>Quest\u00e3o 37:\u00a0<\/strong>A Lei n\u00ba 8.069\/1990, conhecida como Estatuto da Crian\u00e7a e do Adolescente\u2026<br><strong><em>Resposta:<\/em><\/strong> A \u2013 \u00e9 garantido o acesso de toda crian\u00e7a ou adolescente \u00e0 Defensoria P\u00fablica\u2026<\/p>\n\n\n\n<p><strong>Quest\u00e3o 38:\u00a0<\/strong>A Lei n\u00ba 10.741\/2003 regula os direitos fundamentais e prerrogativas dos idosos\u2026<br><strong><em>Resposta:<\/em><\/strong> D \u2013 o Minist\u00e9rio P\u00fablico possui compet\u00eancia para instaurar o inqu\u00e9rito civil\u2026<\/p>\n\n\n\n<p><strong>Quest\u00e3o 39:\u00a0<\/strong>A ordem urban\u00edstica \u00e9 a express\u00e3o que o Estatuto da Cidade\u2026<br><strong><em>Resposta:<\/em><\/strong> C \u2013 o propriet\u00e1rio ser\u00e1 notificado pelo Poder Executivo\u2026<\/p>\n\n\n\n<p><strong>Quest\u00e3o 40:\u00a0<\/strong>A Constitui\u00e7\u00e3o Federal de 1988 assegura que um dos objetivos fundamentais\u2026<br><strong><em>Resposta:<\/em><\/strong> E \u2013 no ano de 2012, foi aprovada a Lei de Cotas\u2026<\/p>\n\n\n\n<p><strong>Quest\u00e3o 41:\u00a0<\/strong>Sobre os regimes previdenci\u00e1rios, previstos na Constitui\u00e7\u00e3o\u2026<br><strong><em>Resposta:<\/em><\/strong> D \u2013 o Regime Pr\u00f3prio de Previd\u00eancia Social \u00e9 compuls\u00f3rio para todos os servidores\u2026<\/p>\n\n\n\n<p><strong>Quest\u00e3o 42:\u00a0<\/strong>A Constitui\u00e7\u00e3o Federal sofreu v\u00e1rias altera\u00e7\u00f5es no que se refere aos direitos dos servidores\u2026<br><strong><em>Resposta:<\/em><\/strong> A \u2013 a Emenda Constitucional n\u00ba 41\/03 alterou crit\u00e9rios de c\u00e1lculo dos proventos\u2026<\/p>\n\n\n\n<p><strong>Quest\u00e3o 43:\u00a0<\/strong>A Constitui\u00e7\u00e3o Federal autoriza a contagem rec\u00edproca entre os regimes\u2026<br><strong><em>Resposta:<\/em><\/strong> A \u2013 apenas II e III<\/p>\n\n\n\n<p><strong>Quest\u00e3o 44:\u00a0<\/strong>Sobre as regras de concess\u00e3o das aposentadorias\u2026<br><strong><em>Resposta:<\/em><\/strong> E \u2013 o servidor tem o direito de escolher a melhor regra\u2026<\/p>\n\n\n\n<p><strong>Quest\u00e3o 45:\u00a0<\/strong>Sobre a aposentadoria especial do servidor\u2026<br><strong><em>Resposta:<\/em><\/strong> B \u2013 os proventos da aposentadoria especial ser\u00e3o de 60% + 2%..<\/p>\n\n\n\n<p><strong>Quest\u00e3o 46:\u00a0<\/strong>De acordo com a Emenda Constitucional n\u00ba 103\/2019, a aposentadoria\u2026<br><strong><em>Resposta:<\/em><\/strong> C \u2013 tanto para homens como mulheres, exige-se a idade de 60 anos\u2026<\/p>\n\n\n\n<p><strong>Quest\u00e3o 47:\u00a0<\/strong>Ap\u00f3s a Emenda Constitucional n\u00ba 103\/2019, o munic\u00edpio de Porto Alegre aprovou\u2026<br><strong><em>Resposta:<\/em><\/strong> B \u2013 F-V-F-V<\/p>\n\n\n\n<p><strong>Quest\u00e3o 48:\u00a0<\/strong>Sobre a pens\u00e3o por morte\u2026<br><strong><em>Resposta:<\/em><\/strong> A \u2013 para c\u00f4njuge ou companheiro que n\u00e3o comprove dois anos de casamento\u2026<\/p>\n\n\n\n<p><strong>Quest\u00e3o 49:\u00a0<\/strong>Sobre a acumula\u00e7\u00e3o de benef\u00edcios\u2026<br><strong><em>Resposta:<\/em><\/strong> A \u2013 n\u00e3o poder\u00e1 ser cumulada pens\u00e3o por morte deixada por c\u00f4njuge ou companheiro de um regime\u2026<\/p>\n\n\n\n<p><strong>Quest\u00e3o 50:\u00a0<\/strong>Os proventos da aposentadoria do servidor p\u00fablico efetivo\u2026<br><strong><em>Resposta:<\/em><\/strong> C \u2013 na regra de transi\u00e7\u00e3o dos pontos (soma idade + tempo de contribui\u00e7\u00e3o)\u2026<\/p>\n\n\n\n<p><strong>Quest\u00e3o 51:\u00a0<\/strong>De acordo com o princ\u00edpio da _____, a lei or\u00e7ament\u00e1ria anual\u2026<br><strong><em>Resposta:<\/em><\/strong> C \u2013 exclusividade<\/p>\n\n\n\n<p><strong>Quest\u00e3o 52:\u00a0<\/strong>Sobre precat\u00f3rio, analise as assertivas abaixo\u2026<br><strong><em>Resposta:<\/em><\/strong> D \u2013 apenas I e II est\u00e3o corretas<\/p>\n\n\n\n<p><strong>Quest\u00e3o 53:\u00a0<\/strong>Das hip\u00f3teses a seguir\u2026<br><strong><em>Resposta:<\/em><\/strong> A \u2013 todas<\/p>\n\n\n\n<p><strong>Quest\u00e3o 54:\u00a0<\/strong>Em rela\u00e7\u00e3o \u00e0 despesa p\u00fablica corrente dever\u00e3o ser observadas\u2026<br><strong><em>Resposta:<\/em><\/strong> B \u2013 V-V-F-F<\/p>\n\n\n\n<p><strong>Quest\u00e3o 55:\u00a0<\/strong>Em rela\u00e7\u00e3o ao contingenciamento de despesas\u2026<br><strong><em>Resposta:<\/em><\/strong> C \u2013 apenas I est\u00e1 correta<\/p>\n\n\n\n<p><strong>Quest\u00e3o 56:\u00a0<\/strong>Relativamente ao empenho da despesa tratado\u2026<br><strong><em>Resposta:<\/em><\/strong> A \u2013 apenas I<\/p>\n\n\n\n<p><strong>Quest\u00e3o 57:\u00a0<\/strong>Quanto ao controle de legalidade de atos exercido\u2026<br><strong><em>Resposta:<\/em><\/strong> A \u2013 todas est\u00e3o corretas<\/p>\n\n\n\n<p><strong>Quest\u00e3o 58:\u00a0<\/strong>A senhora X, Procuradora do Munic\u00edpio de Porto Alegre, na primeira oportunidade\u2026<br><strong><em>Resposta:<\/em><\/strong> E \u2013 R$ 3.728,96 que corresponde a 100% do valor\u2026<\/p>\n\n\n\n<p><strong>Quest\u00e3o 59:\u00a0<\/strong>Em rela\u00e7\u00e3o \u00e0 comunica\u00e7\u00e3o eletr\u00f4nica dos atos processuais\u2026<br><strong><em>Resposta:<\/em><\/strong> \u2013<\/p>\n\n\n\n<p><strong>Quest\u00e3o 60:\u00a0<\/strong>Relativamente \u00e0 liquida\u00e7\u00e3o da despesa prevista na Lei n\u00ba 4.320\/1964\u2026<br><strong><em>Resposta:<\/em><\/strong> B \u2013 a liquida\u00e7\u00e3o da despesa consiste na verifica\u00e7\u00e3o do direito\u2026<\/p>\n\n\n\n<p class=\"has-cyan-bluish-gray-background-color has-background has-medium-font-size\"><strong>Bloco I (tarde)<\/strong><\/p>\n\n\n\n<p><strong>Quest\u00e3o 1:\u00a0<\/strong>Em mat\u00e9ria de a\u00e7\u00e3o rescis\u00f3ria\u2026<br><strong><em>Resposta:<\/em><\/strong> A \u2013 cabe a\u00e7\u00e3o rescis\u00f3ria na hip\u00f3tese de ter o ac\u00f3rd\u00e3o transitado\u2026<\/p>\n\n\n\n<p><strong>Quest\u00e3o 2:\u00a0<\/strong>Em mat\u00e9ria de execu\u00e7\u00e3o civil\u2026<br><strong><em>Resposta:<\/em><\/strong> E \u2013 apenas II e III<\/p>\n\n\n\n<p><strong>Quest\u00e3o 3:\u00a0<\/strong>Em rela\u00e7\u00e3o \u00e0 disciplina dos recursos c\u00edveis\u2026<br><strong><em>Resposta:<\/em><\/strong> D \u2013 apenas II e III<\/p>\n\n\n\n<p><strong>Quest\u00e3o 4:\u00a0<\/strong>Assinale a alternativa correta.<br><strong><em>Resposta:<\/em><\/strong> B \u2013 a tutela da evid\u00eancia, tal como disciplinada no CPC vigente\u2026<\/p>\n\n\n\n<p><strong>Quest\u00e3o 5:\u00a0<\/strong>Assinale a alternativa correta.<br><strong><em>Resposta:<\/em><\/strong> B \u2013 o juiz estar\u00e1 impedido de exercer suas fun\u00e7\u00f5es no processo na hip\u00f3tese em que\u2026<\/p>\n\n\n\n<p><strong>Quest\u00e3o 6:\u00a0<\/strong>Analise as assertivas abaixo: I. O benef\u00edcio da gratuidade\u2026<br><strong><em>Resposta:<\/em><\/strong> B \u2013 apenas II<\/p>\n\n\n\n<p><strong>Quest\u00e3o 7:\u00a0<\/strong>Sobre honor\u00e1rios de sucumb\u00eancia e remessa\u2026<br><strong><em>Resposta:<\/em><\/strong> E \u2013 n\u00e3o haver\u00e1 remessa necess\u00e1ria na hip\u00f3tese de a senten\u00e7a condenar o Munic\u00edpio\u2026<\/p>\n\n\n\n<p><strong>Quest\u00e3o 8:\u00a0<\/strong>Analise as assertivas abaixo e assinale\u2026<br><strong><em>Resposta:<\/em><\/strong> B \u2013 todas est\u00e3o incorretas<\/p>\n\n\n\n<p><strong>Quest\u00e3o 9:\u00a0<\/strong>Analise as assertivas abaixo: I. \u00c9 vedado ao juiz\u2026<br><strong><em>Resposta:<\/em><\/strong> B \u2013 apenas II<\/p>\n\n\n\n<p><strong>Quest\u00e3o 10:\u00a0<\/strong>Sobre a organiza\u00e7\u00e3o do processo\u2026<br><strong><em>Resposta:<\/em><\/strong> A \u2013 a decis\u00e3o que homologa a delimita\u00e7\u00e3o consensual das quest\u00f5es\u2026<\/p>\n\n\n\n<p><strong>Quest\u00e3o 11:\u00a0<\/strong>Analise as assertivas abaixo e assinale a alternativa correta: I. Caso a senten\u00e7a\u2026<br><strong><em>Resposta:<\/em><\/strong> B \u2013 todas est\u00e3o incorretas<\/p>\n\n\n\n<p><strong>Quest\u00e3o 12:\u00a0<\/strong>Em demanda proposta em face da Administra\u00e7\u00e3o por servidor\u2026<br><strong><em>Resposta:<\/em><\/strong> C \u2013 a decis\u00e3o est\u00e1 errada, porque n\u00e3o h\u00e1 obst\u00e1culo ao reconhecimento\u2026<\/p>\n\n\n\n<p><strong>Quest\u00e3o 13:\u00a0<\/strong>Sobre a participa\u00e7\u00e3o no processo\u2026<br><strong><em>Resposta:<\/em><\/strong> E \u2013 I, II e III<\/p>\n\n\n\n<p><strong>Quest\u00e3o 14:\u00a0<\/strong>Distribu\u00edda a peti\u00e7\u00e3o inicial pelo procedimento comum, o juiz\u2026<br><strong><em>Resposta:<\/em><\/strong> A \u2013 em todos os casos, era vi\u00e1vel a declina\u00e7\u00e3o da compet\u00eancia de of\u00edcio\u2026<\/p>\n\n\n\n<p><strong>Quest\u00e3o 15:\u00a0<\/strong>Analise as assertivas abaixo e assinale a alternativa correta: I. O pedido de coopera\u00e7\u00e3o\u2026<br><strong><em>Resposta:<\/em><\/strong> B \u2013 todas est\u00e3o incorretas<\/p>\n\n\n\n<p><strong>Quest\u00e3o 16:\u00a0<\/strong>Em rela\u00e7\u00e3o \u00e0s modalidades das obriga\u00e7\u00f5es\u2026<br><strong><em>Resposta:<\/em><\/strong> A \u2013 o credor de obriga\u00e7\u00e3o de restituir\u2026<\/p>\n\n\n\n<p><strong>Quest\u00e3o 17:\u00a0<\/strong>Maria comprou o autom\u00f3vel de Jo\u00e3o. No dia\u2026<br><strong><em>Resposta:<\/em><\/strong> E \u2013 Maria poder\u00e1 escolher entre dar por extinta\u2026<\/p>\n\n\n\n<p><strong>Quest\u00e3o 18:\u00a0<\/strong>Considerando o regramento das obriga\u00e7\u00f5es solid\u00e1rias\u2026<br><strong><em>Resposta:<\/em><\/strong> A \u2013 qualquer credor solid\u00e1rio pode, antes de eventual demanda\u2026<\/p>\n\n\n\n<p><strong>Quest\u00e3o 19:\u00a0<\/strong>Em rela\u00e7\u00e3o \u00e0s regras sobre o pagamento\u2026<br><strong><em>Resposta:<\/em><\/strong> B \u2013 o terceiro interessado se sub-roga nos direitos\u2026<\/p>\n\n\n\n<p><strong>Quest\u00e3o 20:\u00a0<\/strong>Considerando o regramento da mora no C\u00f3digo Civil\u2026<br><strong><em>Resposta:<\/em><\/strong> D \u2013 a mora do devedor pode transformar-se em inadimplemento\u2026<\/p>\n\n\n\n<p><strong>Quest\u00e3o 21:\u00a0<\/strong>Sobre o contrato de empreitada, considerando o regime\u2026<br><strong><em>Resposta:<\/em><\/strong> E \u2013 se o empreiteiro concluir a obra em conformidade com o ajuste\u2026<\/p>\n\n\n\n<p><strong>Quest\u00e3o 22:\u00a0<\/strong>Em rela\u00e7\u00e3o \u00e0 doa\u00e7\u00e3o no Direito brasileiro\u2026<br><strong><em>Resposta:<\/em><\/strong> C \u2013 para a revoga\u00e7\u00e3o da doa\u00e7\u00e3o com encargo\u2026<\/p>\n\n\n\n<p><strong>Quest\u00e3o 23:\u00a0<\/strong>Sobre usucapi\u00e3o, \u00e9 correto\u2026<br><strong><em>Resposta:<\/em><\/strong> C \u2013 o detentor n\u00e3o possui \u00e2nimo de dono\u2026<\/p>\n\n\n\n<p><strong>Quest\u00e3o 24:\u00a0<\/strong>Considerando o regramento das servid\u00f5es\u2026<br><strong><em>Resposta:<\/em><\/strong> E \u2013 a finalidade da servid\u00e3o n\u00e3o pode ser alterada\u2026<\/p>\n\n\n\n<p><strong>Quest\u00e3o 25:\u00a0<\/strong>Considerando o regramento dos bens no C\u00f3digo Civil\u2026<br><strong><em>Resposta:<\/em><\/strong> B \u2013 benfeitorias somente podem ser assim caracterizadas\u2026<\/p>\n\n\n\n<p><strong>Quest\u00e3o 26:\u00a0<\/strong>Considerando o regramento sobre a invalidade\u2026<br><strong><em>Resposta:<\/em><\/strong> A \u2013 o erro acidental n\u00e3o macula a validade\u2026<\/p>\n\n\n\n<p><strong>Quest\u00e3o 27:\u00a0<\/strong>Sobre prescri\u00e7\u00e3o e decad\u00eancia\u2026<br><strong><em>Resposta:<\/em><\/strong> C \u2013 o termo inicial da prescri\u00e7\u00e3o se inicia com a viola\u00e7\u00e3o do direito\u2026<\/p>\n\n\n\n<p><strong>Quest\u00e3o 28:\u00a0<\/strong>Sobre o chamado Direito Restituit\u00f3rio\u2026<br><strong><em>Resposta:<\/em><\/strong> E \u2013 se o problema jur\u00eddico for resolv\u00edvel por meio da aplica\u00e7\u00e3o ao caso de normas\u2026<\/p>\n\n\n\n<p><strong>Quest\u00e3o 29:\u00a0<\/strong>Sobre responsabilidade civil\u2026<br><strong><em>Resposta:<\/em><\/strong> B \u2013 a responsabilidade do Estado \u00e9, em ess\u00eancia, objetiva\u2026<\/p>\n\n\n\n<p><strong>Quest\u00e3o 30:\u00a0<\/strong>Em rela\u00e7\u00e3o aos contratos bilaterais\u2026<br><strong><em>Resposta:<\/em><\/strong> D \u2013 os riscos da evic\u00e7\u00e3o podem ser assumidos contratualmente\u2026<\/p>\n\n\n\n<p><strong>Quest\u00e3o 31:\u00a0<\/strong>De acordo com o entendimento do Supremo Tribunal Federal, manifestado\u2026<br><strong><em>Resposta:<\/em><\/strong> A \u2013 a coexist\u00eancia de conceitos jur\u00eddicos e extrajur\u00eddicos pass\u00edveis\u2026<\/p>\n\n\n\n<p><strong>Quest\u00e3o 32:\u00a0<\/strong>Conforme o entendimento manifestado pelo Supremo Tribunal Federal\u2026<br><strong><em>Resposta:<\/em><\/strong> E \u2013 a norma jur\u00eddica reconstru\u00edda a partir do Art. 156\u2026<\/p>\n\n\n\n<p><strong>Quest\u00e3o 33:\u00a0<\/strong>De acordo com o entendimento do Supremo Tribunal Federal, manifestado no julgamento\u2026<br><strong><em>Resposta:<\/em><\/strong> C \u2013 a jurisprud\u00eancia do STF se firmou no sentido da recep\u00e7\u00e3o do Decreto-Lei n\u00ba 406\/1968\u2026<\/p>\n\n\n\n<p><strong>Quest\u00e3o 34:\u00a0<\/strong>Sobre a anterioridade tribut\u00e1ria e\/ou a irretroatividade\u2026<br><strong><em>Resposta:<\/em><\/strong> D \u2013 apenas I e II est\u00e3o corretas<\/p>\n\n\n\n<p><strong>Quest\u00e3o 35:\u00a0<\/strong>De acordo com os precedentes do Supremo Tribunal Federal\u2026<br><strong><em>Resposta:<\/em><\/strong> B \u2013 a ideia de legalidade, no tocante \u00e0s contribui\u00e7\u00f5es institu\u00eddas\u2026<\/p>\n\n\n\n<p><strong>Quest\u00e3o 36:\u00a0<\/strong>Sobre o fato gerador tribut\u00e1rio, analise\u2026<br><strong><em>Resposta:<\/em><\/strong> D \u2013 apenas III est\u00e1 correta<\/p>\n\n\n\n<p><strong>Quest\u00e3o 37:\u00a0<\/strong>De acordo com o entendimento do Supremo Tribunal de Justi\u00e7a (STJ) relativamente aos sujeitos passivos\u2026<br><strong><em>Resposta:<\/em><\/strong> B \u2013 o redirecionamento da execu\u00e7\u00e3o fiscal, quando fundado na dissolu\u00e7\u00e3o irregular\u2026<\/p>\n\n\n\n<p><strong>Quest\u00e3o 38:\u00a0<\/strong>De acordo com o entendimento do Supremo Tribunal de Justi\u00e7a, manifestado no julgamento\u2026<br><strong><em>Resposta:<\/em><\/strong> E \u2013 a cita\u00e7\u00e3o positiva do sujeito passivo devedor original da obriga\u00e7\u00e3o tribut\u00e1ria\u2026<\/p>\n\n\n\n<p><strong>Quest\u00e3o 39:\u00a0<\/strong>Em rela\u00e7\u00e3o \u00e0 prescri\u00e7\u00e3o como modalidade de extin\u00e7\u00e3o do cr\u00e9dito tribut\u00e1rio\u2026<br><strong><em>Resposta:<\/em><\/strong> A \u2013 o termo inicial do prazo prescricional da cobran\u00e7a judicial do IPTU\u2026<\/p>\n\n\n\n<p><strong>Quest\u00e3o 40:\u00a0<\/strong>Em rela\u00e7\u00e3o \u00e0 decad\u00eancia como modalidade de extin\u00e7\u00e3o\u2026<br><strong><em>Resposta:<\/em><\/strong> B \u2013 quando n\u00e3o houver declara\u00e7\u00e3o do d\u00e9bito, o prazo decadencial\u2026<\/p>\n\n\n\n<p><strong>Quest\u00e3o 41:\u00a0<\/strong>Considerando a decis\u00e3o proferida pelo Supremo Tribunal Federal, na A\u00e7\u00e3o Direta de Inconstitucionalidade\u2026<br><strong><em>Resposta:<\/em><\/strong> E \u2013 elis\u00e3o fiscal difere da evas\u00e3o fiscal: evita rela\u00e7\u00e3o jur\u00eddica\u2026<\/p>\n\n\n\n<p><strong>Quest\u00e3o 42:\u00a0<\/strong>Em rela\u00e7\u00e3o ao Imposto Sobre Servi\u00e7os de Qualquer Natureza\u2026<br><strong><em>Resposta:<\/em><\/strong> C \u2013 segundo entendimento do Supremo Tribunal Federal, \u00e9 taxativa a lista de servi\u00e7os\u2026<\/p>\n\n\n\n<p><strong>Quest\u00e3o 43:\u00a0<\/strong>Em rela\u00e7\u00e3o \u00e0s medidas que suspendem a exigibilidade\u2026<br><strong><em>Resposta:<\/em><\/strong> D \u2013 a medida liminar em mandado de seguran\u00e7a suspende a exigibilidade\u2026<\/p>\n\n\n\n<p><strong>Quest\u00e3o 44:\u00a0<\/strong>De acordo com os enunciados normativos da Lei municipal n\u00ba 928\/2021\u2026<br><strong><em>Resposta:<\/em><\/strong> D \u2013 discricionariedade t\u00e9cnica<\/p>\n\n\n\n<p><strong>Quest\u00e3o 45:\u00a0<\/strong>De acordo com os enunciados normativos da Lei municipal n\u00ba 13.028\/2022\u2026<br><strong><em>Resposta:<\/em><\/strong> D \u2013 formalidade nas fases preparat\u00f3rias<\/p>\n\n\n\n<p><strong>Quest\u00e3o 46:\u00a0<\/strong>A Teoria da Constitui\u00e7\u00e3o registra a exist\u00eancia de uma oposi\u00e7\u00e3o entre o pensamento\u2026<br><strong><em>Resposta:<\/em><\/strong> C \u2013 a Constitui\u00e7\u00e3o atualmente em vig\u00eancia no Brasil corresponde ao modelo concebido por Hesse\u2026<\/p>\n\n\n\n<p><strong>Quest\u00e3o 47:\u00a0<\/strong>No campo da Teoria da Constitui\u00e7\u00e3o, o debate acerca da assim denominada\u2026<br><strong><em>Resposta:<\/em><\/strong> E \u2013 a revers\u00e3o das decis\u00f5es do STF em controle abstrato de constitucionalidade n\u00e3o se relaciona\u2026<\/p>\n\n\n\n<p><strong>Quest\u00e3o 48:\u00a0<\/strong>Conforme a doutrina de Valerio Mazzuoli\u2026<br><strong><em>Resposta:<\/em><\/strong> E \u2013 se submetem tanto ao controle em concreto, quanto ao controle em abstrato de convencionalidade\u2026<\/p>\n\n\n\n<p><strong>Quest\u00e3o 49:\u00a0<\/strong>No que diz respeito ao controle de constitucionalidade\u2026<br><strong><em>Resposta:<\/em><\/strong> C \u2013 tendo por par\u00e2metro a Constitui\u00e7\u00e3o Federal, tanto submetem-se ao controle\u2026<\/p>\n\n\n\n<p><strong>Quest\u00e3o 50:\u00a0<\/strong>De acordo coma a Constitui\u00e7\u00e3o Federal, Art. 1\u00ba\u2026<br><strong><em>Resposta:<\/em><\/strong> D \u2013 a fiscaliza\u00e7\u00e3o pelo Poder Legislativo Municipal das contas prestadas\u2026<\/p>\n\n\n\n<p><strong>Quest\u00e3o 51:\u00a0<\/strong>De acordo com a classifica\u00e7\u00e3o desenvolvida por Jos\u00e9 Afonso da Silva\u2026<br><strong><em>Resposta:<\/em><\/strong> A \u2013 efic\u00e1cia limitada, demandando interposi\u00e7\u00e3o legislativa para amplia\u00e7\u00e3o\u2026<\/p>\n\n\n\n<p><strong>Quest\u00e3o 52:\u00a0<\/strong>Em 05\/03\/2015, por ocasi\u00e3o do julgamento do RE\u2026<br><strong><em>Resposta:<\/em><\/strong> B \u2013 do poluidor pagador, cujo sentido \u00e9 de que as atividades econ\u00f4micas\u2026<\/p>\n\n\n\n<p><strong>Quest\u00e3o 53:\u00a0<\/strong>No exerc\u00edcio de sua compet\u00eancia legislativa\u2026<br><strong><em>Resposta:<\/em><\/strong> B \u2013 podem conceder isen\u00e7\u00f5es de imposto sobre servi\u00e7os de qualquer natureza\u2026<\/p>\n\n\n\n<p><strong>Quest\u00e3o 54:\u00a0<\/strong>No que diz respeito \u00e0 pol\u00edcia urbana, conquanto a Constitui\u00e7\u00e3o Federal\u2026<br><strong><em>Resposta:<\/em><\/strong> D \u2013 nos Munic\u00edpios com menos de 20 mil habitantes, ausente a obriga\u00e7\u00e3o da Lei do Plano Direitor\u2026<\/p>\n\n\n\n<p><strong>Quest\u00e3o 55:\u00a0<\/strong>O Poder Legislativo municipal \u00e9 exercido pela C\u00e2mara Municipal de Vereadores\u2026<br><strong><em>Resposta:<\/em><\/strong> E \u2013 de no m\u00e1ximo nove nos Munic\u00edpios\u2026<\/p>\n\n\n\n<p><strong>Quest\u00e3o 56:\u00a0<\/strong>A federa\u00e7\u00e3o brasileira, tal como disciplinada no texto\u2026<br><strong><em>Resposta:<\/em><\/strong> D \u2013 Interven\u00e7\u00e3o de Estado somente pode dar em Munic\u00edpio localizado em seu territ\u00f3rio\u2026<\/p>\n\n\n\n<p><strong>Quest\u00e3o 57:\u00a0<\/strong>Caracterizado o modelo da federa\u00e7\u00e3o como express\u00e3o\u2026<br><strong><em>Resposta:<\/em><\/strong> Sem resposta<\/p>\n\n\n\n<p><strong>Quest\u00e3o 58:\u00a0<\/strong>Com vistas \u00e0 concretiza\u00e7\u00e3o do direito fundamental\u2026<br><strong><em>Resposta:<\/em><\/strong> B \u2013 Universal e gratuito, o que inclui a disponibilidade de atendimento em creches\u2026<\/p>\n\n\n\n<p><strong>Quest\u00e3o 59:\u00a0<\/strong>Em rela\u00e7\u00e3o ao enunciado normativo constante na Constitui\u00e7\u00e3o Federal\u2026<br><strong><em>Resposta:<\/em><\/strong> C \u2013 no \u00e2mbito da perspectiva objetiva, que diz respeito ao ordenamento jur\u00eddico\u2026<\/p>\n\n\n\n<p><strong>Quest\u00e3o 60:\u00a0<\/strong>O total da despesa do Poder Legislativo Municipal, inclu\u00eddos\u2026<br><strong><em>Resposta:<\/em><\/strong> C \u2013 apenas III<\/p>\n\n\n\n<p><strong>Quest\u00e3o 61:\u00a0<\/strong>A respeito das formas de extin\u00e7\u00e3o dos contratos\u2026<br><strong><em>Resposta:<\/em><\/strong> D \u2013 apenas I, III, IV e V est\u00e3o corretas<\/p>\n\n\n\n<p><strong>Quest\u00e3o 62:\u00a0<\/strong>A Lei n\u00ba 11.107\/2005, ao dispor sobre normas gerais para a Uni\u00e3o\u2026<br><strong><em>Resposta:<\/em><\/strong> E -o cons\u00f3rcio p\u00fablico ser\u00e1 constitu\u00eddo por contrato ou conv\u00eanio cuja celebra\u00e7\u00e3o\u2026<\/p>\n\n\n\n<p><strong>Quest\u00e3o 63:\u00a0<\/strong>No que envolve a Lei n\u00ba 11.079\/2004, que institui\u2026<br><strong><em>Resposta:<\/em><\/strong> A \u2013 a concess\u00e3o administrativa n\u00e3o envolve apenas a delega\u00e7\u00e3o\u2026<\/p>\n\n\n\n<p><strong>Quest\u00e3o 64:\u00a0<\/strong>A Lei n\u00ba 13.655\/2018 inclui no Decreto-Lei n\u00ba 4.657\/1942\u2026<br><strong><em>Resposta:<\/em><\/strong> D \u2013 apenas I, II, III e IV est\u00e3o corretas<\/p>\n\n\n\n<p><strong>Quest\u00e3o 65:\u00a0<\/strong>De acordo com a Lei n\u00ba 14.133\/2021\u2026<br><strong><em>Resposta:<\/em><\/strong> A \u2013 o di\u00e1logo competitivo \u00e9 modalidade licitat\u00f3ria\u2026<\/p>\n\n\n\n<p><strong>Quest\u00e3o 66:\u00a0<\/strong>Sobre a Lei de Improbidade Administrativa\u2026<br><strong><em>Resposta:<\/em><\/strong> C \u2013 a ordem de indisponibilidade de bens dever\u00e1 priorizar ve\u00edculos\u2026<\/p>\n\n\n\n<p><strong>Quest\u00e3o 67:\u00a0<\/strong>A Lei n\u00ba 12.846\/2013 disp\u00f5e sobre a responsabiliza\u00e7\u00e3o objetiva\u2026<br><strong><em>Resposta:<\/em><\/strong> E \u2013 nas a\u00e7\u00f5es ajuizadas pelo minist\u00e9rio p\u00fablico, tamb\u00e9m poder\u00e3o\u2026<\/p>\n\n\n\n<p><strong>Quest\u00e3o 68:\u00a0<\/strong>A respeito da Lei n\u00ba 12.827\/2021 que estabelece a gest\u00e3o\u2026<br><strong><em>Resposta:<\/em><\/strong> D \u2013 fica estabelecida a obrigatoriedade de implementa\u00e7\u00e3o do programa\u2026<\/p>\n\n\n\n<p><strong>Quest\u00e3o 69:\u00a0<\/strong>A Lei n\u00ba 11.445\/2007 estabelece\u2026<br><strong><em>Resposta:<\/em><\/strong> D \u2013 os contratos de presta\u00e7\u00e3o dos servi\u00e7os p\u00fablicos de saneamento b\u00e1sico\u2026<\/p>\n\n\n\n<p><strong>Quest\u00e3o 70:\u00a0<\/strong>A Lei n\u00ba 8.080\/1990 disp\u00f5e sobre as condi\u00e7\u00f5es para a promo\u00e7\u00e3o\u2026<br><strong><em>Resposta:<\/em><\/strong> E \u2013 a participa\u00e7\u00e3o complementar dos servi\u00e7os privados\u2026<\/p>\n\n\n\n<p><strong>Quest\u00e3o 71:\u00a0<\/strong>A Lei n\u00ba 13.019\/2014 estabelece o regime jur\u00eddico\u2026<br><strong><em>Resposta:<\/em><\/strong> C \u2013 termo de colabora\u00e7\u00e3o (ou acordo de coopera\u00e7\u00e3o) \u00e9 instrumento\u2026<\/p>\n\n\n\n<p><strong>Quest\u00e3o 72:\u00a0<\/strong>A Lei n\u00ba 10.973\/2004 disp\u00f5e sobre incentivos \u00e0 inova\u00e7\u00e3o\u2026<br><strong><em>Resposta:<\/em><\/strong> D \u2013 somente a Uni\u00e3o poder\u00e1 participar minoritariamente do capital social de empresas\u2026<\/p>\n\n\n\n<p><strong>Quest\u00e3o 73:\u00a0<\/strong>A Lei n\u00ba 12.305\/2010, de grande relev\u00e2ncia para todos os munic\u00edpios do Brasil\u2026<br><strong><em>Resposta:<\/em><\/strong> C \u2013 a destina\u00e7\u00e3o final ambientalmente adequada \u00e9 a distribui\u00e7\u00e3o\u2026<\/p>\n\n\n\n<p><strong>Quest\u00e3o 74:\u00a0<\/strong>A Lei Complementar n\u00ba 182\/2021 institui o marco legal das startups e do empreendedorismo\u2026<br><strong><em>Resposta:<\/em><\/strong> C \u2013 o ambiente regulat\u00f3rio experimental\u2026<\/p>\n\n\n\n<p><strong>Quest\u00e3o 75:\u00a0<\/strong>A Lei Complementar n\u00ba 790\/2016 estabelece normas gerais para o processo\u2026<br><strong><em>Resposta:<\/em><\/strong> D \u2013 o ato de delega\u00e7\u00e3o especificar\u00e1 as mat\u00e9rias e os poderes\u2026<\/p>\n\n\n\n<p><strong>Quest\u00e3o 76:\u00a0<\/strong>Sobre o controle de constitucionalidade de leis\u2026<br><strong><em>Resposta:<\/em><\/strong> B \u2013 o controle de constitucionalidade de lei municipal\u2026<\/p>\n\n\n\n<p><strong>Quest\u00e3o 77:\u00a0<\/strong>Considere o disposto na Lei Org\u00e2nica do Munic\u00edpio\u2026<br><strong><em>Resposta:<\/em><\/strong> A \u2013 a mat\u00e9ria constante do projeto de Lei rejeitado somente (*Anul\u00e1vel)<\/p>\n\n\n\n<p><strong>Quest\u00e3o 78:\u00a0<\/strong>Considerando o que disp\u00f5e a Lei Org\u00e2nica do Munic\u00edpio de Porto Alegre para os agentes\u2026<br><strong><em>Resposta:<\/em><\/strong> B \u2013 apenas II e IV<\/p>\n\n\n\n<p><strong>Quest\u00e3o 79:\u00a0<\/strong>O Tema 145 do STF est\u00e1 assim ementado: \u201cO munic\u00edpio\u2026<br><strong><em>Resposta:<\/em><\/strong> D \u2013 a Lei Estadual do Estado de S\u00e3o Paulo criou uma forma progressiva de mecaniza\u00e7\u00e3o\u2026<\/p>\n\n\n\n<p><strong>Quest\u00e3o 80:\u00a0<\/strong>Sobre a compet\u00eancia municipal em mat\u00e9ria\u2026<br><strong><em>Resposta:<\/em><\/strong> B \u2013 a reforma das instala\u00e7\u00f5es f\u00edsicas das escolas n\u00e3o poder\u00e1\u2026<\/p>\n\n\n\n<p><strong>Quest\u00e3o 81:\u00a0<\/strong>Considerando o tratamento jur\u00eddico atribu\u00eddo\u2026<br><strong><em>Resposta:<\/em><\/strong> D \u2013 os bens p\u00fablicos n\u00e3o est\u00e3o sujeitos a usucapi\u00e3o, por isso, n\u00e3o \u00e9 poss\u00edvel\u2026<\/p>\n\n\n\n<p><strong>Quest\u00e3o 82:\u00a0<\/strong>A assist\u00eancia social est\u00e1 organizada em um sistema nacional criado\u2026<br><strong><em>Resposta:<\/em><\/strong> E \u2013 compete ao Munic\u00edpio efetuar o pagamento\u2026<\/p>\n\n\n\n<p><strong>Quest\u00e3o 83:\u00a0<\/strong>A Lei Federal n\u00ba 12.608\/2012 disp\u00f5e sobre o sistema\u2026<br><strong><em>Resposta:<\/em><\/strong> A \u2013 cabe ao Munic\u00edpio instituir e manter sistema de informa\u00e7\u00f5es\u2026<\/p>\n\n\n\n<p><strong>Quest\u00e3o 84:\u00a0<\/strong>A Regulariza\u00e7\u00e3o Fundi\u00e1ria Urbana\u2026<br><strong><em>Resposta:<\/em><\/strong> D \u2013 apenas I, II e IV<\/p>\n\n\n\n<p><strong>Quest\u00e3o 85:\u00a0<\/strong>A Lei Municipal n\u00ba 13.051\/2022 estabeleceu normas para transa\u00e7\u00e3o\u2026<br><strong><em>Resposta:<\/em><\/strong> C \u2013 a Administra\u00e7\u00e3o Municipal poder\u00e1 aceitar, negar ou propor\u2026<\/p>\n\n\n\n<p><strong>Quest\u00e3o 86:\u00a0<\/strong>Considerando o disposto na Lei Municipal n\u00ba 13.051\/2022\u2026<br><strong><em>Resposta:<\/em><\/strong> B \u2013 o acordo de transa\u00e7\u00e3o e da\u00e7\u00e3o em pagamento tem natureza\u2026<\/p>\n\n\n\n<p><strong>Quest\u00e3o 87:\u00a0<\/strong>A Lei Complementar Municipal n\u00ba 701\/2012 criou a Lei Org\u00e2nica\u2026<br><strong><em>Resposta:<\/em><\/strong> C \u2013 a Corregedoria deve manter atualizados os prontu\u00e1rios da vida funcional\u2026<\/p>\n\n\n\n<p><strong>Quest\u00e3o 88:\u00a0<\/strong>\u201cAs Leis Org\u00e2nicas Municipais podem disciplinar outras mat\u00e9rias que n\u00e3o\u2026<br><strong><em>Resposta:<\/em><\/strong> C \u2013 apenas II, III e IV (*Anul\u00e1vel)<\/p>\n\n\n\n<p><strong>Quest\u00e3o 89:\u00a0<\/strong>A express\u00e3o legislar sobre assuntos de interesse local\u2026<br><strong><em>Resposta:<\/em><\/strong> D \u2013 o interesse local \u00e9 diferente em cada munic\u00edpio, pois depende da caracteriza\u00e7\u00e3o\u2026<\/p>\n\n\n\n<p><strong>Quest\u00e3o 90:\u00a0<\/strong>A Constitui\u00e7\u00e3o Federal de 1988 conferiu \u00eanfase\u2026<br><strong><em>Resposta:<\/em><\/strong> C \u2013 reconhecimento da compet\u00eancia para legislar sobre assuntos\u2026<\/p>\n\n\n\n<h2 id=\"saiba-mais-concurso-procurador-porto-alegre\" class=\"has-text-align-center has-luminous-vivid-amber-background-color has-background has-medium-font-size wp-block-heading\">Saiba mais: <a href=\"https:\/\/cj.estrategia.com\/portal\/concurso-pgm-porto-alegre\/\" target=\"_blank\" >Concurso Procurador Porto Alegre<\/a><\/h2>\n\n\n\n<h2 class=\"has-text-align-center wp-block-heading\" id=\"cursos\"><span id=\"quer-estudar-para-o-concurso-pgm-porto-alegre\">Quer estudar para o concurso PGM Porto Alegre?<\/span><\/h2>\n\n\n\n<p class=\"has-text-align-center\"><em>Gostou desta oportunidade e deseja se preparar? <\/em><br><em>Ent\u00e3o, confira abaixo nosso curso exclusivo e inicie seus estudos agora mesmo:<\/em><\/p>\n\n\n","protected":false},"excerpt":{"rendered":"Neste domingo, 14 de outubro, foram aplicadas as provas do concurso PGM Porto Alegre.\u00a0De acordo com o edital,&hellip;\n","protected":false},"author":12,"featured_media":21742,"comment_status":"open","ping_status":"open","sticky":false,"template":"","format":"standard","meta":{"_jetpack_memberships_contains_paid_content":false,"footnotes":""},"categories":[1],"tags":[],"tax_estado":[53],"class_list":{"0":"post-21741","1":"post","2":"type-post","3":"status-publish","4":"format-standard","5":"has-post-thumbnail","7":"category-carreiras-juridicas","8":"tax_estado-rs"},"acf":[],"yoast_head":"<!-- This site is optimized with the Yoast SEO Premium plugin v27.5 (Yoast SEO v27.5) - https:\/\/yoast.com\/product\/yoast-seo-premium-wordpress\/ -->\n<title>Gabarito Extraoficial PGM Porto Alegre: corre\u00e7\u00e3o da prova<\/title>\n<meta name=\"description\" content=\"Neste domingo, 14 de outubro, s\u00e3o aplicadas as provas do concurso PGM Porto Alegre. Acompanhe a corre\u00e7\u00e3o e o gabarito extraoficial!\" \/>\n<meta name=\"robots\" content=\"index, follow, max-snippet:-1, max-image-preview:large, max-video-preview:-1\" \/>\n<link rel=\"canonical\" href=\"https:\/\/cj.estrategia.com\/portal\/gabarito-extraoficial-pgm-porto-alegre\/\" \/>\n<meta property=\"og:locale\" content=\"pt_BR\" \/>\n<meta property=\"og:type\" content=\"article\" \/>\n<meta property=\"og:title\" content=\"Gabarito Extraoficial PGM Porto Alegre: corre\u00e7\u00e3o da prova\" \/>\n<meta property=\"og:description\" content=\"Neste domingo, 14 de outubro, s\u00e3o aplicadas as provas do concurso PGM Porto Alegre. Acompanhe a corre\u00e7\u00e3o e o gabarito extraoficial!\" \/>\n<meta property=\"og:url\" content=\"https:\/\/cj.estrategia.com\/portal\/gabarito-extraoficial-pgm-porto-alegre\/\" \/>\n<meta property=\"og:site_name\" content=\"Blog - Carreiras Jur\u00eddicas - Estrat\u00e9gia\" \/>\n<meta property=\"article:publisher\" content=\"https:\/\/www.facebook.com\/estrategiacarreirajuridica\/\" \/>\n<meta property=\"article:published_time\" content=\"2022-10-17T01:13:00+00:00\" \/>\n<meta property=\"article:modified_time\" content=\"2022-12-02T11:27:38+00:00\" \/>\n<meta property=\"og:image\" content=\"https:\/\/cj.estrategia.com\/portal\/wp-content\/uploads\/2022\/10\/14171422\/Gabarito-Extraoficial-PGM-Porto-Alegre.jpg\" \/>\n\t<meta property=\"og:image:width\" content=\"1280\" \/>\n\t<meta property=\"og:image:height\" content=\"720\" \/>\n\t<meta property=\"og:image:type\" content=\"image\/jpeg\" \/>\n<meta name=\"author\" content=\"Coordena\u00e7\u00e3o\" \/>\n<meta name=\"twitter:card\" content=\"summary_large_image\" \/>\n<meta name=\"twitter:creator\" content=\"@EstratJuridica\" \/>\n<meta name=\"twitter:site\" content=\"@EstratJuridica\" \/>\n<meta name=\"twitter:label1\" content=\"Escrito por\" \/>\n\t<meta name=\"twitter:data1\" content=\"Coordena\u00e7\u00e3o\" \/>\n\t<meta name=\"twitter:label2\" content=\"Est. tempo de leitura\" \/>\n\t<meta name=\"twitter:data2\" content=\"19 minutos\" \/>\n<script type=\"application\/ld+json\" class=\"yoast-schema-graph\">{\"@context\":\"https:\\\/\\\/schema.org\",\"@graph\":[{\"@type\":\"NewsArticle\",\"@id\":\"https:\\\/\\\/cj.estrategia.com\\\/portal\\\/gabarito-extraoficial-pgm-porto-alegre\\\/#article\",\"isPartOf\":{\"@id\":\"https:\\\/\\\/cj.estrategia.com\\\/portal\\\/gabarito-extraoficial-pgm-porto-alegre\\\/\"},\"author\":{\"name\":\"Coordena\u00e7\u00e3o\",\"@id\":\"https:\\\/\\\/cj.estrategia.com\\\/portal\\\/#\\\/schema\\\/person\\\/4d70317d31449932b99102916b6637f5\"},\"headline\":\"Gabarito Extraoficial PGM Porto Alegre: corre\u00e7\u00e3o da prova\",\"datePublished\":\"2022-10-17T01:13:00+00:00\",\"dateModified\":\"2022-12-02T11:27:38+00:00\",\"mainEntityOfPage\":{\"@id\":\"https:\\\/\\\/cj.estrategia.com\\\/portal\\\/gabarito-extraoficial-pgm-porto-alegre\\\/\"},\"wordCount\":3833,\"commentCount\":0,\"publisher\":{\"@id\":\"https:\\\/\\\/cj.estrategia.com\\\/portal\\\/#organization\"},\"image\":{\"@id\":\"https:\\\/\\\/cj.estrategia.com\\\/portal\\\/gabarito-extraoficial-pgm-porto-alegre\\\/#primaryimage\"},\"thumbnailUrl\":\"https:\\\/\\\/cj.estrategia.com\\\/portal\\\/wp-content\\\/uploads\\\/2022\\\/10\\\/14171422\\\/Gabarito-Extraoficial-PGM-Porto-Alegre.jpg\",\"articleSection\":[\"Carreiras Jur\u00eddicas\"],\"inLanguage\":\"pt-BR\",\"potentialAction\":[{\"@type\":\"CommentAction\",\"name\":\"Comment\",\"target\":[\"https:\\\/\\\/cj.estrategia.com\\\/portal\\\/gabarito-extraoficial-pgm-porto-alegre\\\/#respond\"]}]},{\"@type\":\"WebPage\",\"@id\":\"https:\\\/\\\/cj.estrategia.com\\\/portal\\\/gabarito-extraoficial-pgm-porto-alegre\\\/\",\"url\":\"https:\\\/\\\/cj.estrategia.com\\\/portal\\\/gabarito-extraoficial-pgm-porto-alegre\\\/\",\"name\":\"Gabarito Extraoficial PGM Porto Alegre: corre\u00e7\u00e3o da prova\",\"isPartOf\":{\"@id\":\"https:\\\/\\\/cj.estrategia.com\\\/portal\\\/#website\"},\"primaryImageOfPage\":{\"@id\":\"https:\\\/\\\/cj.estrategia.com\\\/portal\\\/gabarito-extraoficial-pgm-porto-alegre\\\/#primaryimage\"},\"image\":{\"@id\":\"https:\\\/\\\/cj.estrategia.com\\\/portal\\\/gabarito-extraoficial-pgm-porto-alegre\\\/#primaryimage\"},\"thumbnailUrl\":\"https:\\\/\\\/cj.estrategia.com\\\/portal\\\/wp-content\\\/uploads\\\/2022\\\/10\\\/14171422\\\/Gabarito-Extraoficial-PGM-Porto-Alegre.jpg\",\"datePublished\":\"2022-10-17T01:13:00+00:00\",\"dateModified\":\"2022-12-02T11:27:38+00:00\",\"description\":\"Neste domingo, 14 de outubro, s\u00e3o aplicadas as provas do concurso PGM Porto Alegre. Acompanhe a corre\u00e7\u00e3o e o gabarito extraoficial!\",\"breadcrumb\":{\"@id\":\"https:\\\/\\\/cj.estrategia.com\\\/portal\\\/gabarito-extraoficial-pgm-porto-alegre\\\/#breadcrumb\"},\"inLanguage\":\"pt-BR\",\"potentialAction\":[{\"@type\":\"ReadAction\",\"target\":[\"https:\\\/\\\/cj.estrategia.com\\\/portal\\\/gabarito-extraoficial-pgm-porto-alegre\\\/\"]}]},{\"@type\":\"ImageObject\",\"inLanguage\":\"pt-BR\",\"@id\":\"https:\\\/\\\/cj.estrategia.com\\\/portal\\\/gabarito-extraoficial-pgm-porto-alegre\\\/#primaryimage\",\"url\":\"https:\\\/\\\/cj.estrategia.com\\\/portal\\\/wp-content\\\/uploads\\\/2022\\\/10\\\/14171422\\\/Gabarito-Extraoficial-PGM-Porto-Alegre.jpg\",\"contentUrl\":\"https:\\\/\\\/cj.estrategia.com\\\/portal\\\/wp-content\\\/uploads\\\/2022\\\/10\\\/14171422\\\/Gabarito-Extraoficial-PGM-Porto-Alegre.jpg\",\"width\":1280,\"height\":720,\"caption\":\"Gabarito Extraoficial PGM Porto Alegre\"},{\"@type\":\"BreadcrumbList\",\"@id\":\"https:\\\/\\\/cj.estrategia.com\\\/portal\\\/gabarito-extraoficial-pgm-porto-alegre\\\/#breadcrumb\",\"itemListElement\":[{\"@type\":\"ListItem\",\"position\":1,\"name\":\"In\u00edcio\",\"item\":\"https:\\\/\\\/cj.estrategia.com\\\/portal\\\/\"},{\"@type\":\"ListItem\",\"position\":2,\"name\":\"Gabarito Extraoficial PGM Porto Alegre: corre\u00e7\u00e3o da prova\"}]},{\"@type\":\"WebSite\",\"@id\":\"https:\\\/\\\/cj.estrategia.com\\\/portal\\\/#website\",\"url\":\"https:\\\/\\\/cj.estrategia.com\\\/portal\\\/\",\"name\":\"Blog - Carreiras Jur\u00eddicas - Estrat\u00e9gia\",\"description\":\"\",\"publisher\":{\"@id\":\"https:\\\/\\\/cj.estrategia.com\\\/portal\\\/#organization\"},\"potentialAction\":[{\"@type\":\"SearchAction\",\"target\":{\"@type\":\"EntryPoint\",\"urlTemplate\":\"https:\\\/\\\/cj.estrategia.com\\\/portal\\\/?s={search_term_string}\"},\"query-input\":{\"@type\":\"PropertyValueSpecification\",\"valueRequired\":true,\"valueName\":\"search_term_string\"}}],\"inLanguage\":\"pt-BR\"},{\"@type\":\"Organization\",\"@id\":\"https:\\\/\\\/cj.estrategia.com\\\/portal\\\/#organization\",\"name\":\"Estrat\u00e9gia - Carreiras Jur\u00eddicas\",\"url\":\"https:\\\/\\\/cj.estrategia.com\\\/portal\\\/\",\"logo\":{\"@type\":\"ImageObject\",\"inLanguage\":\"pt-BR\",\"@id\":\"https:\\\/\\\/cj.estrategia.com\\\/portal\\\/#\\\/schema\\\/logo\\\/image\\\/\",\"url\":\"https:\\\/\\\/cj.estrategia.com\\\/portal\\\/wp-content\\\/uploads\\\/2022\\\/03\\\/11151052\\\/cj-logo.png\",\"contentUrl\":\"https:\\\/\\\/cj.estrategia.com\\\/portal\\\/wp-content\\\/uploads\\\/2022\\\/03\\\/11151052\\\/cj-logo.png\",\"width\":150,\"height\":39,\"caption\":\"Estrat\u00e9gia - Carreiras Jur\u00eddicas\"},\"image\":{\"@id\":\"https:\\\/\\\/cj.estrategia.com\\\/portal\\\/#\\\/schema\\\/logo\\\/image\\\/\"},\"sameAs\":[\"https:\\\/\\\/www.facebook.com\\\/estrategiacarreirajuridica\\\/\",\"https:\\\/\\\/x.com\\\/EstratJuridica\",\"https:\\\/\\\/www.instagram.com\\\/estrategiacarreirajuridica\\\/\",\"https:\\\/\\\/www.youtube.com\\\/channel\\\/UClbMGuYbj2Mh1m3w144ETWQ\"]},{\"@type\":\"Person\",\"@id\":\"https:\\\/\\\/cj.estrategia.com\\\/portal\\\/#\\\/schema\\\/person\\\/4d70317d31449932b99102916b6637f5\",\"name\":\"Coordena\u00e7\u00e3o\",\"image\":{\"@type\":\"ImageObject\",\"inLanguage\":\"pt-BR\",\"@id\":\"https:\\\/\\\/cj.estrategia.com\\\/portal\\\/wp-content\\\/uploads\\\/2022\\\/05\\\/12164923\\\/estrategia-carreira-juridica-coordenacao-96x96.png\",\"url\":\"https:\\\/\\\/cj.estrategia.com\\\/portal\\\/wp-content\\\/uploads\\\/2022\\\/05\\\/12164923\\\/estrategia-carreira-juridica-coordenacao-96x96.png\",\"contentUrl\":\"https:\\\/\\\/cj.estrategia.com\\\/portal\\\/wp-content\\\/uploads\\\/2022\\\/05\\\/12164923\\\/estrategia-carreira-juridica-coordenacao-96x96.png\",\"caption\":\"Coordena\u00e7\u00e3o\"},\"url\":\"https:\\\/\\\/cj.estrategia.com\\\/portal\\\/author\\\/coordenacao\\\/\"}]}<\/script>\n<!-- \/ Yoast SEO Premium plugin. -->","yoast_head_json":{"title":"Gabarito Extraoficial PGM Porto Alegre: corre\u00e7\u00e3o da prova","description":"Neste domingo, 14 de outubro, s\u00e3o aplicadas as provas do concurso PGM Porto Alegre. Acompanhe a corre\u00e7\u00e3o e o gabarito extraoficial!","robots":{"index":"index","follow":"follow","max-snippet":"max-snippet:-1","max-image-preview":"max-image-preview:large","max-video-preview":"max-video-preview:-1"},"canonical":"https:\/\/cj.estrategia.com\/portal\/gabarito-extraoficial-pgm-porto-alegre\/","og_locale":"pt_BR","og_type":"article","og_title":"Gabarito Extraoficial PGM Porto Alegre: corre\u00e7\u00e3o da prova","og_description":"Neste domingo, 14 de outubro, s\u00e3o aplicadas as provas do concurso PGM Porto Alegre. Acompanhe a corre\u00e7\u00e3o e o gabarito extraoficial!","og_url":"https:\/\/cj.estrategia.com\/portal\/gabarito-extraoficial-pgm-porto-alegre\/","og_site_name":"Blog - Carreiras Jur\u00eddicas - Estrat\u00e9gia","article_publisher":"https:\/\/www.facebook.com\/estrategiacarreirajuridica\/","article_published_time":"2022-10-17T01:13:00+00:00","article_modified_time":"2022-12-02T11:27:38+00:00","og_image":[{"width":1280,"height":720,"url":"https:\/\/cj.estrategia.com\/portal\/wp-content\/uploads\/2022\/10\/14171422\/Gabarito-Extraoficial-PGM-Porto-Alegre.jpg","type":"image\/jpeg"}],"author":"Coordena\u00e7\u00e3o","twitter_card":"summary_large_image","twitter_creator":"@EstratJuridica","twitter_site":"@EstratJuridica","twitter_misc":{"Escrito por":"Coordena\u00e7\u00e3o","Est. tempo de leitura":"19 minutos"},"schema":{"@context":"https:\/\/schema.org","@graph":[{"@type":"NewsArticle","@id":"https:\/\/cj.estrategia.com\/portal\/gabarito-extraoficial-pgm-porto-alegre\/#article","isPartOf":{"@id":"https:\/\/cj.estrategia.com\/portal\/gabarito-extraoficial-pgm-porto-alegre\/"},"author":{"name":"Coordena\u00e7\u00e3o","@id":"https:\/\/cj.estrategia.com\/portal\/#\/schema\/person\/4d70317d31449932b99102916b6637f5"},"headline":"Gabarito Extraoficial PGM Porto Alegre: corre\u00e7\u00e3o da prova","datePublished":"2022-10-17T01:13:00+00:00","dateModified":"2022-12-02T11:27:38+00:00","mainEntityOfPage":{"@id":"https:\/\/cj.estrategia.com\/portal\/gabarito-extraoficial-pgm-porto-alegre\/"},"wordCount":3833,"commentCount":0,"publisher":{"@id":"https:\/\/cj.estrategia.com\/portal\/#organization"},"image":{"@id":"https:\/\/cj.estrategia.com\/portal\/gabarito-extraoficial-pgm-porto-alegre\/#primaryimage"},"thumbnailUrl":"https:\/\/cj.estrategia.com\/portal\/wp-content\/uploads\/2022\/10\/14171422\/Gabarito-Extraoficial-PGM-Porto-Alegre.jpg","articleSection":["Carreiras Jur\u00eddicas"],"inLanguage":"pt-BR","potentialAction":[{"@type":"CommentAction","name":"Comment","target":["https:\/\/cj.estrategia.com\/portal\/gabarito-extraoficial-pgm-porto-alegre\/#respond"]}]},{"@type":"WebPage","@id":"https:\/\/cj.estrategia.com\/portal\/gabarito-extraoficial-pgm-porto-alegre\/","url":"https:\/\/cj.estrategia.com\/portal\/gabarito-extraoficial-pgm-porto-alegre\/","name":"Gabarito Extraoficial PGM Porto Alegre: corre\u00e7\u00e3o da prova","isPartOf":{"@id":"https:\/\/cj.estrategia.com\/portal\/#website"},"primaryImageOfPage":{"@id":"https:\/\/cj.estrategia.com\/portal\/gabarito-extraoficial-pgm-porto-alegre\/#primaryimage"},"image":{"@id":"https:\/\/cj.estrategia.com\/portal\/gabarito-extraoficial-pgm-porto-alegre\/#primaryimage"},"thumbnailUrl":"https:\/\/cj.estrategia.com\/portal\/wp-content\/uploads\/2022\/10\/14171422\/Gabarito-Extraoficial-PGM-Porto-Alegre.jpg","datePublished":"2022-10-17T01:13:00+00:00","dateModified":"2022-12-02T11:27:38+00:00","description":"Neste domingo, 14 de outubro, s\u00e3o aplicadas as provas do concurso PGM Porto Alegre. Acompanhe a corre\u00e7\u00e3o e o gabarito extraoficial!","breadcrumb":{"@id":"https:\/\/cj.estrategia.com\/portal\/gabarito-extraoficial-pgm-porto-alegre\/#breadcrumb"},"inLanguage":"pt-BR","potentialAction":[{"@type":"ReadAction","target":["https:\/\/cj.estrategia.com\/portal\/gabarito-extraoficial-pgm-porto-alegre\/"]}]},{"@type":"ImageObject","inLanguage":"pt-BR","@id":"https:\/\/cj.estrategia.com\/portal\/gabarito-extraoficial-pgm-porto-alegre\/#primaryimage","url":"https:\/\/cj.estrategia.com\/portal\/wp-content\/uploads\/2022\/10\/14171422\/Gabarito-Extraoficial-PGM-Porto-Alegre.jpg","contentUrl":"https:\/\/cj.estrategia.com\/portal\/wp-content\/uploads\/2022\/10\/14171422\/Gabarito-Extraoficial-PGM-Porto-Alegre.jpg","width":1280,"height":720,"caption":"Gabarito Extraoficial PGM Porto Alegre"},{"@type":"BreadcrumbList","@id":"https:\/\/cj.estrategia.com\/portal\/gabarito-extraoficial-pgm-porto-alegre\/#breadcrumb","itemListElement":[{"@type":"ListItem","position":1,"name":"In\u00edcio","item":"https:\/\/cj.estrategia.com\/portal\/"},{"@type":"ListItem","position":2,"name":"Gabarito Extraoficial PGM Porto Alegre: corre\u00e7\u00e3o da prova"}]},{"@type":"WebSite","@id":"https:\/\/cj.estrategia.com\/portal\/#website","url":"https:\/\/cj.estrategia.com\/portal\/","name":"Blog - Carreiras Jur\u00eddicas - Estrat\u00e9gia","description":"","publisher":{"@id":"https:\/\/cj.estrategia.com\/portal\/#organization"},"potentialAction":[{"@type":"SearchAction","target":{"@type":"EntryPoint","urlTemplate":"https:\/\/cj.estrategia.com\/portal\/?s={search_term_string}"},"query-input":{"@type":"PropertyValueSpecification","valueRequired":true,"valueName":"search_term_string"}}],"inLanguage":"pt-BR"},{"@type":"Organization","@id":"https:\/\/cj.estrategia.com\/portal\/#organization","name":"Estrat\u00e9gia - Carreiras Jur\u00eddicas","url":"https:\/\/cj.estrategia.com\/portal\/","logo":{"@type":"ImageObject","inLanguage":"pt-BR","@id":"https:\/\/cj.estrategia.com\/portal\/#\/schema\/logo\/image\/","url":"https:\/\/cj.estrategia.com\/portal\/wp-content\/uploads\/2022\/03\/11151052\/cj-logo.png","contentUrl":"https:\/\/cj.estrategia.com\/portal\/wp-content\/uploads\/2022\/03\/11151052\/cj-logo.png","width":150,"height":39,"caption":"Estrat\u00e9gia - Carreiras Jur\u00eddicas"},"image":{"@id":"https:\/\/cj.estrategia.com\/portal\/#\/schema\/logo\/image\/"},"sameAs":["https:\/\/www.facebook.com\/estrategiacarreirajuridica\/","https:\/\/x.com\/EstratJuridica","https:\/\/www.instagram.com\/estrategiacarreirajuridica\/","https:\/\/www.youtube.com\/channel\/UClbMGuYbj2Mh1m3w144ETWQ"]},{"@type":"Person","@id":"https:\/\/cj.estrategia.com\/portal\/#\/schema\/person\/4d70317d31449932b99102916b6637f5","name":"Coordena\u00e7\u00e3o","image":{"@type":"ImageObject","inLanguage":"pt-BR","@id":"https:\/\/cj.estrategia.com\/portal\/wp-content\/uploads\/2022\/05\/12164923\/estrategia-carreira-juridica-coordenacao-96x96.png","url":"https:\/\/cj.estrategia.com\/portal\/wp-content\/uploads\/2022\/05\/12164923\/estrategia-carreira-juridica-coordenacao-96x96.png","contentUrl":"https:\/\/cj.estrategia.com\/portal\/wp-content\/uploads\/2022\/05\/12164923\/estrategia-carreira-juridica-coordenacao-96x96.png","caption":"Coordena\u00e7\u00e3o"},"url":"https:\/\/cj.estrategia.com\/portal\/author\/coordenacao\/"}]}},"jetpack_featured_media_url":"https:\/\/cj.estrategia.com\/portal\/wp-content\/uploads\/2022\/10\/14171422\/Gabarito-Extraoficial-PGM-Porto-Alegre.jpg","jetpack_sharing_enabled":true,"_links":{"self":[{"href":"https:\/\/cj.estrategia.com\/portal\/wp-json\/wp\/v2\/posts\/21741","targetHints":{"allow":["GET"]}}],"collection":[{"href":"https:\/\/cj.estrategia.com\/portal\/wp-json\/wp\/v2\/posts"}],"about":[{"href":"https:\/\/cj.estrategia.com\/portal\/wp-json\/wp\/v2\/types\/post"}],"author":[{"embeddable":true,"href":"https:\/\/cj.estrategia.com\/portal\/wp-json\/wp\/v2\/users\/12"}],"replies":[{"embeddable":true,"href":"https:\/\/cj.estrategia.com\/portal\/wp-json\/wp\/v2\/comments?post=21741"}],"version-history":[{"count":0,"href":"https:\/\/cj.estrategia.com\/portal\/wp-json\/wp\/v2\/posts\/21741\/revisions"}],"wp:featuredmedia":[{"embeddable":true,"href":"https:\/\/cj.estrategia.com\/portal\/wp-json\/wp\/v2\/media\/21742"}],"wp:attachment":[{"href":"https:\/\/cj.estrategia.com\/portal\/wp-json\/wp\/v2\/media?parent=21741"}],"wp:term":[{"taxonomy":"category","embeddable":true,"href":"https:\/\/cj.estrategia.com\/portal\/wp-json\/wp\/v2\/categories?post=21741"},{"taxonomy":"post_tag","embeddable":true,"href":"https:\/\/cj.estrategia.com\/portal\/wp-json\/wp\/v2\/tags?post=21741"},{"taxonomy":"tax_estado","embeddable":true,"href":"https:\/\/cj.estrategia.com\/portal\/wp-json\/wp\/v2\/tax_estado?post=21741"}],"curies":[{"name":"wp","href":"https:\/\/api.w.org\/{rel}","templated":true}]}}