{"id":2132,"date":"2026-03-31T08:00:00","date_gmt":"2026-03-31T11:00:00","guid":{"rendered":"https:\/\/cj.estrategia.com\/portal\/?p=2132"},"modified":"2026-03-31T10:27:15","modified_gmt":"2026-03-31T13:27:15","slug":"concurso-dpe-rj-defensor","status":"publish","type":"post","link":"https:\/\/cj.estrategia.com\/portal\/concurso-dpe-rj-defensor\/","title":{"rendered":"Concurso DPE RJ Defensor: termo de Refer\u00eancia publicado!"},"content":{"rendered":"<a id=\"cta-icon\" href=\"https:\/\/sndflw.com\/i\/defensorias-grupo\" target=\"blank\" style=\"background:rgb(41,166,26)\">\n            <img decoding=\"async\" src=\"https:\/\/cj.estrategia.com\/portal\/wp-content\/uploads\/2023\/12\/07160657\/whatsapp_1385.webp\" alt=\"\" alt=\"whatsapp_1385\"><span > Acesse agora o Grupo de Estudos para Concursos em Defensoria<\/span><\/a>\n\n\n\n<p>A Defensoria P\u00fablica do Estado do Rio de Janeiro deu um passo importante rumo \u00e0 realiza\u00e7\u00e3o do <strong>XXIX Concurso para Defensor P\u00fablico<\/strong>. Foi publicado o <strong>Termo de Refer\u00eancia<\/strong> que estabelece os crit\u00e9rios para a contrata\u00e7\u00e3o da institui\u00e7\u00e3o respons\u00e1vel pela organiza\u00e7\u00e3o do certame, incluindo o planejamento, aplica\u00e7\u00e3o e corre\u00e7\u00e3o das provas. Confira:<\/p>\n\n\n\n<ul class=\"wp-block-list\">\n<li><a href=\"https:\/\/cj.estrategia.com\/portal\/wp-content\/uploads\/2026\/03\/24095742\/termo-referencia-dpe-rj-defensor-2026.pdf\">Termo de refer\u00eancia<\/a><\/li>\n<\/ul>\n\n\n\n<p>O documento confirma que o concurso ser\u00e1 estruturado em <strong>tr\u00eas etapas principais<\/strong>: prova objetiva, provas dissertativas e provas orais, al\u00e9m da avalia\u00e7\u00e3o de t\u00edtulos, o que refor\u00e7a o modelo tradicional das sele\u00e7\u00f5es para a carreira.<\/p>\n\n\n\n<p>Um detalhe que chama aten\u00e7\u00e3o \u00e9 a defini\u00e7\u00e3o de que a <strong>prova objetiva ser\u00e1 elaborada pela banca organizadora contratada<\/strong>, enquanto as provas dissertativas continuar\u00e3o sob responsabilidade da pr\u00f3pria banca examinadora da institui\u00e7\u00e3o.<\/p>\n\n\n\n<p>O prazo para envio de propostas das bancas organizadoras prorrogado at\u00e9 <strong>\u00e0s 18h do dia 8 de abril de 2026<\/strong>, conforme informado pela Defensoria P\u00fablica do Estado do Rio de Janeiro. A medida indica que o processo de escolha da banca segue em andamento, sendo esta uma etapa pr\u00e9via \u00e0 publica\u00e7\u00e3o do edital, que deve ocorrer ap\u00f3s a defini\u00e7\u00e3o e contrata\u00e7\u00e3o da institui\u00e7\u00e3o respons\u00e1vel pelo certame.<\/p>\n\n\n\n<p>Vale lembrar que a <a href=\"https:\/\/cj.estrategia.com\/portal\/wp-content\/uploads\/2026\/03\/24095932\/9C175E1A-ED68-4B7A-8DDA-876ED8B7A26D.png\">dispensa de licita\u00e7\u00e3o <\/a>e o <a href=\"https:\/\/cj.estrategia.com\/portal\/wp-content\/uploads\/2026\/03\/05195904\/Regulamento-DPE-RJ-2026.pdf\">regulamento <\/a>do certame j\u00e1 foram publicados. <\/p>\n\n\n\n<ul class=\"wp-block-list has-black-color has-very-light-gray-to-cyan-bluish-gray-gradient-background has-text-color has-background\">\n<li><strong>Concurso DPE RJ Defensor<\/strong><\/li>\n\n\n\n<li><strong>Status<\/strong> regulamento divulgado\/ termo de refer\u00eancia publicado<\/li>\n\n\n\n<li><strong>Banca:&nbsp;<\/strong>a definir<\/li>\n\n\n\n<li><strong>Vagas:<\/strong>&nbsp;a definir<\/li>\n\n\n\n<li><strong>Sal\u00e1rio inicial:&nbsp;<\/strong>R$ 34.279,28 [vencimento + representa\u00e7\u00e3o]<\/li>\n<\/ul>\n\n\n\n<p><strong>\u00daltimo concurso homologado<\/strong><\/p>\n\n\n\n<p>A Defensoria P\u00fablica do Estado do Rio de Janeiro (DPE RJ) <a href=\"https:\/\/conhecimento.fgv.br\/sites\/default\/files\/concursos\/sei_1566615_ato_de_homologacao_de_concurso_publico_sdmvmsl1.pdf\" target=\"_blank\" >homologou<\/a> o resultado final do concurso que ofereceu <strong>26 vagas<\/strong> para o cargo de <strong>Defensor P\u00fablico<\/strong>.<\/p>\n\n\n\n<p>Atualmente, a classe inicial da carreira oferece <strong>sal\u00e1rio inicial de R$ 34.279,28<\/strong> e possui <strong>4<\/strong> <strong>cargos vagos<\/strong>. <\/p>\n\n\n\n<p>Para concorrer, \u00e9 necess\u00e1rio <strong>bacharelado em Direito<\/strong> e <strong>tr\u00eas anos de atividade jur\u00eddica comprovada<\/strong>. O \u00faltimo certame ofertou <strong>26 vagas<\/strong> para o cargo de Defensor P\u00fablico do estado do Rio de Janeiro.<\/p>\n\n\n\n<div class=\"container\" id=\"boxes\">\n  <div class=\"row\">\n\n    <div class=\"col-sm\">\n      <div class=\"banner-ecj-defensorias\" id=\"box-assinatura\">\n        <h2 id=\"cursos-para-concurso-dpe-rj\" class=\"titulo-assinatura\"><span style=\"color: #ffffff; font-size: 23px; \">Cursos para Concurso DPE RJ<\/span><\/h2>\n        <p class=\"subtitulo-assinatura\">Cursos focados no edital!<\/p>\n        <div class=\"box-botao\">\n          <a class=\"btn-assinatura-juridica\" target=\"_blank\" href=\"https:\/\/cj.estrategia.com\/concurso\/dpe-rj\" role=\"button\" rel=\"noopener noreferrer\">CLIQUE AQUI<\/a>\n        <\/div>\n      <\/div>\n      <p class=\"texto-auxiliar\">Prepare-se com o melhor material e com quem mais aprova em concursos em todo o pa\u00eds. \n<\/p>\n    <\/div>\n\n  <\/div>\n<\/div>\n\n\n\n<h2 class=\"wp-block-heading has-text-align-center\" id=\"h-analise-do-edital-de-2023\"><span id=\"analise-do-edital-de-2023\">An\u00e1lise do edital de 2023<\/span><\/h2>\n\n\n\n<figure class=\"wp-block-embed is-type-video is-provider-youtube wp-block-embed-youtube wp-embed-aspect-16-9 wp-has-aspect-ratio\"><div class=\"wp-block-embed__wrapper\">\n<div class=\"cs-embed cs-embed-responsive\"><iframe title=\"Defensor DPE RJ - An\u00e1lise de Edital com 26 vagas!\" width=\"1200\" height=\"675\" src=\"https:\/\/www.youtube.com\/embed\/OwDnKzsS2PI?feature=oembed\" frameborder=\"0\" allow=\"accelerometer; autoplay; clipboard-write; encrypted-media; gyroscope; picture-in-picture; web-share\" referrerpolicy=\"strict-origin-when-cross-origin\" allowfullscreen><\/iframe><\/div>\n<\/div><\/figure>\n\n\n\n<div class=\"wp-block-yoast-seo-table-of-contents yoast-table-of-contents\"><h3 id=\"o-que-voce-encontrara-neste-artigo\">O que voc\u00ea encontrar\u00e1 neste artigo?<\/h3><ul><li><a href=\"#h-analise-do-edital-de-2023\" data-level=\"2\">An\u00e1lise do edital de 2023<\/a><\/li><li><a href=\"#atual\" data-level=\"2\">Concurso DPE RJ Defensor: situa\u00e7\u00e3o atual<\/a><ul><li><a href=\"#h-regulamento-publicado\" data-level=\"3\">Regulamento publicado<\/a><\/li><li><a href=\"#h-conselho-superior-avanca-na-regulamentacao-do-certame-e-define-criterios-das-etapas\" data-level=\"3\">Conselho Superior avan\u00e7a na regulamenta\u00e7\u00e3o do certame e define crit\u00e9rios das etapas<\/a><\/li><li><a href=\"#h-lei-organica-da-defensoria-publica-do-rj-lc-n\u00ba-6-1977\" data-level=\"3\">Lei Org\u00e2nica da Defensoria P\u00fablica do RJ ( LC n\u00ba 6\/1977 )<\/a><\/li><\/ul><\/li><li><a href=\"#carreira-concurso-dperj\" data-level=\"2\">Carreira de Defensor na DPE RJ<\/a><ul><li><a href=\"#salario-dpe-rj-defensor\" data-level=\"3\">Quanto ganha um Defensor da DPE RJ?<\/a><\/li><li><a href=\"#h-cargos-vagos-e-ocupados\" data-level=\"3\">Cargos vagos e ocupados<\/a><\/li><li><a href=\"#h-situacao-dos-cargos-de-defensor-publico-da-dpe-rj-pos-lei-complementar-de-dezembro-2025\" data-level=\"3\">Situa\u00e7\u00e3o dos cargos de Defensor P\u00fablico da DPE-RJ (p\u00f3s-Lei Complementar de dezembro\/2025<\/a><\/li><li><a href=\"#requisitos-dperj\" data-level=\"3\">Requisitos<\/a><\/li><\/ul><\/li><li><a href=\"#h-concurso-dpe-rj-defensor-edital-2023\" data-level=\"2\">Concurso DPE RJ Defensor: edital 2023<\/a><ul><li><a href=\"#h-resultados-do-concurso\" data-level=\"3\">Resultados do concurso<\/a><\/li><li><a href=\"#h-provas-e-etapas\" data-level=\"3\">Provas e etapas<\/a><\/li><\/ul><\/li><li><a href=\"#h-concurso-dpe-rj-defensor-edital-de-2021\" data-level=\"2\">Concurso DPE RJ Defensor: edital de 2021<\/a><\/li><li><a href=\"#h-estudo-de-medio-prazo-para-o-concurso-de-defensor-publico\" data-level=\"2\">Estudo de M\u00e9dio Prazo para o Concurso de Defensor P\u00fablico<\/a><ul><li><a href=\"#h-provas-comentadas\" data-level=\"3\">Provas comentadas<\/a><\/li><li><a href=\"#h-material-de-estudo\" data-level=\"3\">Material de estudo<\/a><\/li><\/ul><\/li><li><a href=\"#cursos\" data-level=\"2\">Quer saber tudo sobre concursos previstos? Confira nossos artigos!<\/a><\/li><li><a href=\"#cursos\" data-level=\"2\">CURSOS E ASSINATURAS<\/a><\/li><\/ul><\/div>\n\n\n\n<h2 class=\"wp-block-heading\" id=\"atual\"><span id=\"concurso-dpe-rj-defensor-situacao-atual\">Concurso DPE RJ Defensor: situa\u00e7\u00e3o atual<\/span><\/h2>\n\n\n\n<h3 class=\"wp-block-heading\" id=\"h-regulamento-publicado\"><span id=\"regulamento-publicado\">Regulamento publicado<\/span><\/h3>\n\n\n\n<p>A Defensoria P\u00fablica do Estado do Rio de Janeiro (DPE RJ) publicou o&nbsp;<strong>regulamento do novo concurso para ingresso na carreira de Defensor P\u00fablico<\/strong>.<\/p>\n\n\n\n<ul class=\"wp-block-list\">\n<li><a href=\"https:\/\/cj.estrategia.com\/portal\/wp-content\/uploads\/2026\/03\/05195904\/Regulamento-DPE-RJ-2026.pdf\" target=\"_blank\" >Regulamento DPE RJ 2026<\/a><\/li>\n<\/ul>\n\n\n\n<p>O documento define as etapas do certame e o conte\u00fado program\u00e1tico, bem como sinaliza que&nbsp;<strong>a publica\u00e7\u00e3o do edital pode ocorrer em breve<\/strong>.<\/p>\n\n\n\n<h3 class=\"wp-block-heading\" id=\"h-conselho-superior-avanca-na-regulamentacao-do-certame-e-define-criterios-das-etapas\"><span id=\"conselho-superior-avanca-na-regulamentacao-do-certame-e-define-criterios-das-etapas\">Conselho Superior avan\u00e7a na regulamenta\u00e7\u00e3o do certame e define crit\u00e9rios das etapas<\/span><\/h3>\n\n\n\n<p>O Conselho Superior da Defensoria P\u00fablica do Estado do Rio de Janeiro avan\u00e7ou na estrutura\u00e7\u00e3o do <strong>pr\u00f3ximo concurso para Defensor P\u00fablico<\/strong>, ao deliberar sobre pontos centrais do <strong>regulamento do certame<\/strong>, em reuni\u00e3o realizada em <strong>27 de fevereiro<\/strong>. A decis\u00e3o consolida crit\u00e9rios objetivos para as etapas da sele\u00e7\u00e3o e antecipa diretrizes que impactam diretamente a prepara\u00e7\u00e3o dos candidatos.<\/p>\n\n\n\n<p>Entre os principais pontos definidos, destacam-se:<\/p>\n\n\n\n<ul class=\"wp-block-list\">\n<li><strong>Fixa\u00e7\u00e3o das notas de corte da fase objetiva<\/strong>;<\/li>\n\n\n\n<li><strong>Defini\u00e7\u00e3o dos crit\u00e9rios de aprova\u00e7\u00e3o nas provas discursivas<\/strong>;<\/li>\n\n\n\n<li><strong>Estabelecimento dos par\u00e2metros da fase oral<\/strong> (de car\u00e1ter eliminat\u00f3rio e classificat\u00f3rio);<\/li>\n\n\n\n<li><strong>Corre\u00e7\u00e3o sucessiva das provas discursivas<\/strong>;<\/li>\n\n\n\n<li><strong>Previs\u00e3o de contrata\u00e7\u00e3o da banca organizadora ap\u00f3s a publica\u00e7\u00e3o do regulamento<\/strong>, com <strong>elabora\u00e7\u00e3o das provas por banca pr\u00f3pria<\/strong>.<\/li>\n<\/ul>\n\n\n\n<p>A <strong>publica\u00e7\u00e3o do regulamento \u00e9 aguardada para os pr\u00f3ximos dias<\/strong>, e os atos subsequentes dever\u00e3o ser divulgados no <strong>Di\u00e1rio Oficial<\/strong>.<\/p>\n\n\n\n<h3 class=\"wp-block-heading\" id=\"h-lei-organica-da-defensoria-publica-do-rj-lc-n\u00ba-6-1977\"><span id=\"lei-organica-da-defensoria-publica-do-rj-lc-no-6-1977\"> Lei Org\u00e2nica da Defensoria P\u00fablica do RJ (<a href=\"https:\/\/cj.estrategia.com\/portal\/wp-content\/uploads\/2025\/12\/18185623\/Lei-Complementar.pdf\" target=\"_blank\" >LC n\u00ba 6\/1977<\/a>)<\/span><\/h3>\n\n\n\n<p>Vale lembrar que a nova lei complementar altera a Lei Org\u00e2nica da Defensoria P\u00fablica do RJ (<a href=\"https:\/\/cj.estrategia.com\/portal\/wp-content\/uploads\/2025\/12\/18185623\/Lei-Complementar.pdf\" target=\"_blank\" >LC n\u00ba 6\/1977<\/a>), amplia atribui\u00e7\u00f5es administrativas do Defensor P\u00fablico-Geral, regulamenta acordos administrativos e disciplinares, atualiza regras de licen\u00e7a e ajuda de custo, disciplina est\u00e1gio e resid\u00eancia jur\u00eddica e&nbsp;<strong>consolida a estrutura da carreira da DPE RJ nos seguintes quantitativos<\/strong>:<\/p>\n\n\n\n<ul class=\"wp-block-list\">\n<li><strong>110 cargos de Defensor P\u00fablico de Classe Especial<\/strong>;<\/li>\n\n\n\n<li><strong>645 cargos de Defensor P\u00fablico de Classe Intermedi\u00e1ria<\/strong>;<\/li>\n\n\n\n<li><strong>125 cargos de Defensor P\u00fablico de Classe Inicial<\/strong>.<\/li>\n<\/ul>\n\n\n\n<p>A norma tamb\u00e9m condiciona o provimento de cargos \u00e0s regras do Regime de Recupera\u00e7\u00e3o Fiscal,&nbsp;<strong>sem autorizar a abertura de novo concurso<\/strong>.<\/p>\n\n\n\n<h2 class=\"wp-block-heading\" id=\"carreira-concurso-dperj\"><span id=\"carreira-de-defensor-na-dpe-rj\">Carreira de Defensor na DPE RJ<\/span><\/h2>\n\n\n\n<h3 class=\"wp-block-heading\" id=\"salario-dpe-rj-defensor\"><span id=\"quanto-ganha-um-defensor-da-dpe-rj\">Quanto ganha um Defensor da DPE RJ?<\/span><\/h3>\n\n\n\n<figure class=\"wp-block-table is-style-stripes\"><table class=\"has-very-light-gray-to-cyan-bluish-gray-gradient-background has-background\"><thead><tr><th class=\"has-text-align-center\" data-align=\"center\">Cargo<\/th><th class=\"has-text-align-center\" data-align=\"center\">Vencimento (R$)<\/th><th class=\"has-text-align-center\" data-align=\"center\">Vencimento + Representa\u00e7\u00e3o (R$)<\/th><\/tr><\/thead><tbody><tr><td class=\"has-text-align-center\" data-align=\"center\">Defensor P\u00fablico de Classe Especial<\/td><td class=\"has-text-align-center\" data-align=\"center\">R$ 12.173,97<\/td><td class=\"has-text-align-center\" data-align=\"center\">R$ 37.982,79<\/td><\/tr><tr><td class=\"has-text-align-center\" data-align=\"center\">Defensor P\u00fablico de Classe Intermedi\u00e1ria<\/td><td class=\"has-text-align-center\" data-align=\"center\">R$ 11.565,18<\/td><td class=\"has-text-align-center\" data-align=\"center\">R$ 36.083,36<\/td><\/tr><tr><td class=\"has-text-align-center\" data-align=\"center\">Defensor P\u00fablico de Classe Inicial<\/td><td class=\"has-text-align-center\" data-align=\"center\">R$ 10.986,95<\/td><td class=\"has-text-align-center\" data-align=\"center\">R$ 34.279,28<\/td><\/tr><\/tbody><\/table><figcaption class=\"wp-element-caption\"><a href=\"https:\/\/transparencia.rj.def.br\/gestao-pessoas\/pagina\/estrutura-remuneratoria-dos-cargos-efetivos#gsc.tab=0\" target=\"_blank\" rel=\"noreferrer noopener nofollow\"><em>*dados de janeiro de 2026.<\/em><\/a><\/figcaption><\/figure>\n\n\n\n<h3 class=\"wp-block-heading\" id=\"h-cargos-vagos-e-ocupados\"><span id=\"cargos-vagos-e-ocupados\">Cargos vagos e ocupados<\/span><\/h3>\n\n\n\n<figure class=\"wp-block-table is-style-stripes\"><table class=\"has-very-light-gray-to-cyan-bluish-gray-gradient-background has-background\"><thead><tr><th>C\u00f3digo do cargo<\/th><th>Cargo<\/th><th>Existentes<\/th><th>Ocupados<\/th><th>Vagos<\/th><\/tr><\/thead><tbody><tr><td>APDP<\/td><td>Analista Processual da Defensoria P\u00fablica<\/td><td>500<\/td><td>496<\/td><td>4<\/td><\/tr><tr><td>DP0<\/td><td>Defensor P\u00fablico de Classe Especial<\/td><td>110<\/td><td>91<\/td><td>19<\/td><\/tr><tr><td>DP1<\/td><td>Defensor P\u00fablico de Classe Intermedi\u00e1ria<\/td><td>645<\/td><td>580<\/td><td>65<\/td><\/tr><tr><td>DP2<\/td><td>Defensor P\u00fablico de Classe Inicial<\/td><td>125<\/td><td>120<\/td><td>5<\/td><\/tr><\/tbody><\/table><figcaption class=\"wp-element-caption\"><a href=\"https:\/\/transparencia.rj.def.br\/gestao-pessoas\/quadro-cargos-vagos-e-ocupados#gsc.tab=0\" target=\"_blank\" rel=\"noreferrer noopener nofollow\">Janeiro de 2026.<\/a><\/figcaption><\/figure>\n\n\n\n<h3 class=\"wp-block-heading\" id=\"h-situacao-dos-cargos-de-defensor-publico-da-dpe-rj-pos-lei-complementar-de-dezembro-2025\"><span id=\"situacao-dos-cargos-de-defensor-publico-da-dpe-rj-pos-lei-complementar-de-dezembro-2025\">Situa\u00e7\u00e3o dos cargos de Defensor P\u00fablico da DPE-RJ (p\u00f3s-Lei Complementar de dezembro\/2025<\/span><\/h3>\n\n\n\n<figure class=\"wp-block-table is-style-stripes\"><table class=\"has-very-light-gray-to-cyan-bluish-gray-gradient-background has-background\"><thead><tr><th class=\"has-text-align-center\" data-align=\"center\">Cargo<\/th><th class=\"has-text-align-center\" data-align=\"center\">Cargos Existentes (p\u00f3s-lei)<\/th><\/tr><\/thead><tbody><tr><td class=\"has-text-align-center\" data-align=\"center\">Defensor P\u00fablico de Classe Especial<\/td><td class=\"has-text-align-center\" data-align=\"center\"><strong>110<\/strong><\/td><\/tr><tr><td class=\"has-text-align-center\" data-align=\"center\">Defensor P\u00fablico de Classe Intermedi\u00e1ria<\/td><td class=\"has-text-align-center\" data-align=\"center\"><strong>645<\/strong><\/td><\/tr><tr><td class=\"has-text-align-center\" data-align=\"center\">Defensor P\u00fablico de Classe Inicial<\/td><td class=\"has-text-align-center\" data-align=\"center\"><strong>125<\/strong><\/td><\/tr><\/tbody><\/table><\/figure>\n\n\n\n<h3 class=\"wp-block-heading\" id=\"requisitos-dperj\"><span id=\"requisitos\">Requisitos <\/span><\/h3>\n\n\n\n<ul class=\"wp-block-list\">\n<li><strong>Bacharelado em Direito;<\/strong><\/li>\n\n\n\n<li><strong>3 anos de atividade jur\u00eddica.<\/strong><\/li>\n<\/ul>\n\n\n\n<h4 class=\"wp-block-heading\" id=\"h-atividade-juridica\"><span id=\"atividade-juridica\">Atividade jur\u00eddica<\/span><\/h4>\n\n\n\n<p>A atividade jur\u00eddica exigida no edital foi verificada at\u00e9 a inscri\u00e7\u00e3o definitiva e consistiu em: <\/p>\n\n\n\n<ul class=\"wp-block-list\">\n<li>I &#8211; o efetivo exerc\u00edcio de advocacia, inclusive pro bono, mediante a participa\u00e7\u00e3o anual m\u00ednima em cinco atos privativos de advogada(o), em causas ou quest\u00f5es distintas;<\/li>\n\n\n\n<li>II &#8211; o exerc\u00edcio de est\u00e1gio de Direito devidamente credenciado e reconhecido por lei, pelo prazo de dois anos;<\/li>\n\n\n\n<li>III &#8211; o exerc\u00edcio de cargo, emprego ou fun\u00e7\u00e3o que exija bacharelado em Direito; <\/li>\n\n\n\n<li>IV &#8211; o exerc\u00edcio de cargo, emprego ou fun\u00e7\u00e3o que pro\u00edba o exerc\u00edcio da advocacia. Par\u00e1grafo \u00fanico. O prazo da comprova\u00e7\u00e3o de que trata esse artigo poder\u00e1, a crit\u00e9rio da Comiss\u00e3o do Concurso, ser prorrogado at\u00e9 a data da posse.<\/li>\n<\/ul>\n\n\n\n<h3 id=\"atribuicoes\" class=\"wp-block-heading\">Atribui\u00e7\u00f5es<\/h3>\n\n\n\n<p>S\u00e3o atribui\u00e7\u00f5es do(a) Defensor(a) P\u00fablico(a) Substituto(a), da Classe Inicial da Carreira da Defensoria P\u00fablica do Estado do Rio de Janeiro, al\u00e9m das mencionadas na Constitui\u00e7\u00e3o Federal, aquelas previstas nas Leis Org\u00e2nicas Nacional e Estadual da Defensoria P\u00fablica, na Constitui\u00e7\u00e3o Estadual e em outras leis.<\/p>\n\n\n\n<h2 class=\"wp-block-heading\" id=\"h-concurso-dpe-rj-defensor-edital-2023\"><span id=\"concurso-dpe-rj-defensor-edital-2023\">Concurso DPE RJ Defensor: edital 2023<\/span><\/h2>\n\n\n\n<p>A Defensoria P\u00fablica do Estado do Rio de Janeiro (DPE RJ) homologou o resultado final do concurso de 2023, que ofereceu 26 vagas para o cargo de Defensor P\u00fablico.<\/p>\n\n\n\n<h3 class=\"wp-block-heading\" id=\"h-resultados-do-concurso\"><span id=\"resultados-do-concurso\">Resultados do concurso<\/span><\/h3>\n\n\n\n<ul class=\"wp-block-list\">\n<li><a href=\"https:\/\/conhecimento.fgv.br\/sites\/default\/files\/concursos\/sei_1566615_ato_de_homologacao_de_concurso_publico_sdmvmsl1.pdf\">Resultado final homologado<\/a>;<\/li>\n\n\n\n<li><a href=\"https:\/\/conhecimento.fgv.br\/sites\/default\/files\/concursos\/aviso-resultado-preliminar-oral-v.finaldocx.pdf\">Resultado &#8211; Prova Oral<\/a>;<\/li>\n\n\n\n<li><a href=\"https:\/\/cj.estrategia.com\/portal\/wp-content\/uploads\/2024\/06\/14002009\/580_dpge-rj-resultado-definitivo-prova-discursiva-2024-06-13.pdf\" target=\"_blank\" rel=\"noreferrer noopener nofollow\">Resultado definitivo &#8211; Provas Escrita<\/a>;<\/li>\n\n\n\n<li><a href=\"https:\/\/cj.estrategia.com\/portal\/wp-content\/uploads\/2023\/11\/21132441\/580_dpge-rj-resultado-definitivo-prova-objetiva-2023-11-16.pdf\">Resultado Definitivo prova objetiva<\/a>;<\/li>\n<\/ul>\n\n\n\n<ul class=\"wp-block-list\">\n<li><a href=\"https:\/\/conhecimento.fgv.br\/sites\/default\/files\/concursos\/def-rj-gabaritos-para-publicacao_46121351.pdf\">Gabarito da prova objetiva<\/a>.<\/li>\n<\/ul>\n\n\n\n<h3 class=\"wp-block-heading\" id=\"h-provas-e-etapas\"><span id=\"provas-e-etapas\">Provas e etapas <\/span><\/h3>\n\n\n\n<h4 class=\"wp-block-heading\" id=\"h-prova-objetiva\"><span id=\"prova-objetiva\">Prova objetiva<\/span><\/h4>\n\n\n\n<p>A <strong>Prova Preliminar Objetiva<\/strong>, de m\u00faltipla escolha, com car\u00e1ter eliminat\u00f3rio e classificat\u00f3rio, <strong>foi realizada no dia 01 de outubro de 2023<\/strong>, na cidade do Rio de Janeiro\/RJ.<\/p>\n\n\n\n<p>Essa etapa contou com <strong>90 quest\u00f5es<\/strong>, divididas igualmente entre as tr\u00eas bancas examinadoras, sendo <strong>30 quest\u00f5es por banca<\/strong>. As quest\u00f5es puderam abranger algumas ou todas as mat\u00e9rias previstas no regulamento, conforme a rela\u00e7\u00e3o de pontos.<\/p>\n\n\n\n<h4 class=\"wp-block-heading\" id=\"h-prova-escrita-discursiva\"><span id=\"prova-escrita-discursiva\">Prova escrita discursiva<\/span><\/h4>\n\n\n\n<p>Os candidatos habilitados na Prova Objetiva <strong>foram submetidos a tr\u00eas Provas Espec\u00edficas Dissertativas<\/strong>, cada uma referente \u00e0s disciplinas de uma das tr\u00eas bancas.<\/p>\n\n\n\n<p>Essas provas tamb\u00e9m tiveram <strong>car\u00e1ter eliminat\u00f3rio e classificat\u00f3rio<\/strong> e dura\u00e7\u00e3o de at\u00e9 <strong>5 horas cada uma<\/strong>.<\/p>\n\n\n\n<h4 class=\"wp-block-heading\" id=\"h-prova-oral\"><span id=\"prova-oral\">Prova oral<\/span><\/h4>\n\n\n\n<p>As <strong>Provas de Sustenta\u00e7\u00e3o Oral<\/strong> consistiram em <strong>argui\u00e7\u00f5es orais<\/strong> realizadas pelas Bancas I, II e III. Cada argui\u00e7\u00e3o versou sobre <strong>uma quest\u00e3o pr\u00e1tica<\/strong>, elaborada \u00e0 luz de um ponto sorteado pelo candidato.<\/p>\n\n\n\n<p>O candidato <strong>teve o prazo de 10 minutos para leitura da quest\u00e3o<\/strong>, sendo <strong>permitida a consulta a textos legislativos<\/strong>, fornecidos pela Coordena\u00e7\u00e3o do Concurso. Textos comentados, anotados ou dicion\u00e1rios, foram vedados.<\/p>\n\n\n\n<p>Cada argui\u00e7\u00e3o <strong>teve dura\u00e7\u00e3o m\u00e1xima de 25 minutos<\/strong>, desconsiderado o tempo de leitura da quest\u00e3o.<\/p>\n\n\n\n<h4 class=\"wp-block-heading\" id=\"h-prova-de-titulos\"><span id=\"prova-de-titulos\">Prova de t\u00edtulos<\/span><\/h4>\n\n\n\n<figure class=\"wp-block-table is-style-stripes\"><table class=\"has-very-light-gray-to-cyan-bluish-gray-gradient-background has-background\"><thead><tr><th class=\"has-text-align-center\" data-align=\"center\">Atividade\/T\u00edtulo<\/th><th class=\"has-text-align-center\" data-align=\"center\">Pontua\u00e7\u00e3o<\/th><\/tr><\/thead><tbody><tr><td class=\"has-text-align-center\" data-align=\"center\">Efetivo exerc\u00edcio em cargos jur\u00eddicos mediante concurso p\u00fablico (Defensoria, MP, Magistratura, AGU, PGE, PFN, Procuradorias)<\/td><td class=\"has-text-align-center\" data-align=\"center\">1,5 pontos<\/td><\/tr><tr><td class=\"has-text-align-center\" data-align=\"center\">Doutorado na \u00e1rea jur\u00eddica reconhecido oficialmente<\/td><td class=\"has-text-align-center\" data-align=\"center\">1,3 pontos<\/td><\/tr><tr><td class=\"has-text-align-center\" data-align=\"center\">Magist\u00e9rio superior de Direito, autoria de livros jur\u00eddicos, Mestrado jur\u00eddico reconhecido, aprova\u00e7\u00e3o em concurso para Magist\u00e9rio Superior<\/td><td class=\"has-text-align-center\" data-align=\"center\">1,0 ponto<\/td><\/tr><tr><td class=\"has-text-align-center\" data-align=\"center\">T\u00e9cnico Superior Jur\u00eddico da DPE-RJ ou cargo equivalente em outra DPE, com exerc\u00edcio por pelo menos 1 ano<\/td><td class=\"has-text-align-center\" data-align=\"center\">1,0 ponto<\/td><\/tr><tr><td class=\"has-text-align-center\" data-align=\"center\">Aprova\u00e7\u00e3o em concurso p\u00fablico para cargo que exija bacharelado em Direito<\/td><td class=\"has-text-align-center\" data-align=\"center\">0,6 ponto<\/td><\/tr><tr><td class=\"has-text-align-center\" data-align=\"center\">Aprova\u00e7\u00e3o em concurso de provas e t\u00edtulos para carreiras jur\u00eddicas (Defensoria, MP, Magistratura, AGU, PGE, PFN, Procuradorias)<\/td><td class=\"has-text-align-center\" data-align=\"center\">0,6 ponto<\/td><\/tr><tr><td class=\"has-text-align-center\" data-align=\"center\">P\u00f3s-gradua\u00e7\u00e3o na \u00e1rea jur\u00eddica reconhecida oficialmente<\/td><td class=\"has-text-align-center\" data-align=\"center\">0,6 ponto<\/td><\/tr><tr><td class=\"has-text-align-center\" data-align=\"center\">Publica\u00e7\u00e3o de livro jur\u00eddico com ISBN\/ISSN e conselho editorial (autoria ou coautoria)<\/td><td class=\"has-text-align-center\" data-align=\"center\">0,5 ponto por publica\u00e7\u00e3o<\/td><\/tr><tr><td class=\"has-text-align-center\" data-align=\"center\">Conclus\u00e3o de curso regular da FESUDEPERJ (m\u00ednimo 536h)<\/td><td class=\"has-text-align-center\" data-align=\"center\">0,3 ponto<\/td><\/tr><tr><td class=\"has-text-align-center\" data-align=\"center\">Publica\u00e7\u00e3o individual sobre mat\u00e9ria do concurso em peri\u00f3dicos Qualis\/CAPES A ou B<\/td><td class=\"has-text-align-center\" data-align=\"center\">0,3 ponto por publica\u00e7\u00e3o<\/td><\/tr><tr><td class=\"has-text-align-center\" data-align=\"center\">Exerc\u00edcio de fun\u00e7\u00e3o, cargo ou emprego p\u00fablico conforme Lei n\u00ba 2.646\/1996<\/td><td class=\"has-text-align-center\" data-align=\"center\">0,2 ponto<\/td><\/tr><tr><td class=\"has-text-align-center\" data-align=\"center\">Est\u00e1gio oficial na DPE \u2013 a cada 6 meses<\/td><td class=\"has-text-align-center\" data-align=\"center\">0,2 ponto por per\u00edodo<\/td><\/tr><tr><td class=\"has-text-align-center\" data-align=\"center\">Resid\u00eancia jur\u00eddica na DPE \u2013 a cada 6 meses<\/td><td class=\"has-text-align-center\" data-align=\"center\">0,2 ponto por per\u00edodo<\/td><\/tr><\/tbody><\/table><\/figure>\n\n\n\n<h2 class=\"wp-block-heading\" id=\"h-concurso-dpe-rj-defensor-edital-de-2021\"><span id=\"concurso-dpe-rj-defensor-edital-de-2021\">Concurso DPE RJ Defensor: edital de 2021<\/span><\/h2>\n\n\n\n<p>O concurso anterior teve seu edital divulgado em <strong>2021<\/strong>, sob a responsabilidade da Funda\u00e7\u00e3o Get\u00falio Vargas. Naquela ocasi\u00e3o, foram disponibilizadas <strong>40 vagas<\/strong> para preenchimento dos cargos em aberto.<\/p>\n\n\n\n<p>A taxa de inscri\u00e7\u00e3o teve o valor de R$ 200. Foi concedida isen\u00e7\u00e3o dessa taxa apenas para os candidatos que declararam ser economicamente hipossuficientes e pertencerem a fam\u00edlias de baixa renda.<\/p>\n\n\n\n<h2 class=\"wp-block-heading\" id=\"h-estudo-de-medio-prazo-para-o-concurso-de-defensor-publico\"><span id=\"estudo-de-medio-prazo-para-o-concurso-de-defensor-publico\">Estudo de M\u00e9dio Prazo para o Concurso de Defensor P\u00fablico<\/span><\/h2>\n\n\n\n<figure class=\"wp-block-embed is-type-video is-provider-youtube wp-block-embed-youtube wp-embed-aspect-16-9 wp-has-aspect-ratio\"><div class=\"wp-block-embed__wrapper\">\n<div class=\"cs-embed cs-embed-responsive\"><iframe title=\"Estudo de M\u00e9dio Prazo para o Concurso de Defensor P\u00fablico\" width=\"1200\" height=\"675\" src=\"https:\/\/www.youtube.com\/embed\/9qfPCLqZR1I?feature=oembed\" frameborder=\"0\" allow=\"accelerometer; autoplay; clipboard-write; encrypted-media; gyroscope; picture-in-picture; web-share\" referrerpolicy=\"strict-origin-when-cross-origin\" allowfullscreen><\/iframe><\/div>\n<\/div><\/figure>\n\n\n\n<h3 class=\"wp-block-heading\" id=\"h-provas-comentadas\"><span id=\"provas-comentadas\">Provas comentadas<\/span><\/h3>\n\n\n\n<ul class=\"wp-block-list\">\n<li><a href=\"https:\/\/cj.estrategia.com\/portal\/wp-content\/uploads\/2025\/09\/26134641\/Material-da-aula.pdf\">Prova comentada DPE RJ \u2013 2023<\/a><\/li>\n\n\n\n<li><a href=\"https:\/\/cj.estrategia.com\/portal\/provas-comentadas-de-defensorias\/\" target=\"_blank\" >Provas Comentadas de Defensorias<\/a><\/li>\n<\/ul>\n\n\n\n<h3 class=\"wp-block-heading\" id=\"h-material-de-estudo\"><span id=\"material-de-estudo\">Material de estudo<\/span><\/h3>\n\n\n\n<ul class=\"wp-block-list\">\n<li><a href=\"https:\/\/www.youtube.com\/watch?v=RcOHOCU23IY\" target=\"_blank\" >Defensor DPE RJ &#8211; Guia de Estudos P\u00f3s-Edital para conquistar uma das 26 vagas<\/a><\/li>\n\n\n\n<li><a href=\"https:\/\/www.youtube.com\/watch?v=4RYNEjiNo3M\" target=\"_blank\" >Curso Intensivo de Reta Final DPE RJ (Defensor) &#8211; Criminologia<\/a><\/li>\n\n\n\n<li><a href=\"https:\/\/www.youtube.com\/watch?v=GJ0Xh4Uj9JY\" target=\"_blank\" >Revis\u00e3o de V\u00e9spera: DPE RJ (Defensor)<\/a><\/li>\n\n\n\n<li><a href=\"https:\/\/www.youtube.com\/watch?v=zZra5BPJ5Aw\" target=\"_blank\" >Curso Temas Espec\u00edficos DPE RJ e DPE MG (Defensor): Direito Civil<\/a><\/li>\n\n\n\n<li><a href=\"https:\/\/www.youtube.com\/watch?v=vdB3rxGjufk\" target=\"_blank\" >Curso Temas Espec\u00edficos DPE RJ e DPE MG (Defensor): Princ\u00edpios Institucionais<\/a><\/li>\n\n\n\n<li><a href=\"https:\/\/www.youtube.com\/watch?v=9qfPCLqZR1I\" target=\"_blank\" >Estudo de M\u00e9dio Prazo para o Concurso de Defensor P\u00fablico<\/a><\/li>\n\n\n\n<li><a href=\"https:\/\/www.youtube.com\/watch?v=eZR-2ReR8KQ\" target=\"_blank\" >Curso Completo Defensoria P\u00fablica \u2013 Criminologia \u2013 Prof. Allan Joos<\/a><\/li>\n\n\n\n<li><a href=\"https:\/\/www.youtube.com\/watch?v=pHea6u61CiI\" target=\"_blank\" >Como elevar o n\u00edvel de seus estudos para Defensoria P\u00fablica<\/a><\/li>\n<\/ul>\n\n\n\n<h2 class=\"wp-block-heading has-text-align-left\" id=\"cursos\"><span id=\"quer-saber-tudo-sobre-concursos-previstosconfira-nossos-artigos\">Quer saber tudo sobre concursos previstos?<br><strong>Confira nossos artigos!<\/strong><\/span><\/h2>\n\n\n\n<ul class=\"wp-block-list\">\n<li><a href=\"https:\/\/cj.estrategia.com\/portal\/concursos-abertos-carreiras-juridicas\/\" target=\"_blank\" >Concursos jur\u00eddicos abertos<\/a><\/li>\n<\/ul>\n\n\n\n<ul class=\"wp-block-list\">\n<li><a href=\"https:\/\/cj.estrategia.com\/portal\/concursos-juridicos-2026\/\" target=\"_blank\" >Concursos jur\u00eddicos 2026<\/a><\/li>\n<\/ul>\n\n\n\n<ul class=\"wp-block-list\">\n<li><a href=\"https:\/\/cj.estrategia.com\/portal\/concursos-defensorias-publicas\/\" target=\"_blank\" >Concursos Defensorias<\/a><\/li>\n<\/ul>\n\n\n\n<h2 class=\"wp-block-heading has-text-align-left\" id=\"cursos\"><span id=\"cursos-e-assinaturas\">CURSOS E ASSINATURAS<\/span><\/h2>\n\n\n\n<div class=\"wp-block-cover\" style=\"min-height:155px;aspect-ratio:unset;\"><img decoding=\"async\" width=\"1890\" height=\"351\" class=\"wp-block-cover__image-background wp-image-8669\" alt=\"Assinaturas Jur\u00eddicas\" src=\"https:\/\/cj.estrategia.com\/portal\/wp-content\/uploads\/2022\/06\/20151253\/concurso-carreiras-juridicas-assinatura-juridica.jpg\" style=\"object-position:78% 43%\" data-object-fit=\"cover\" data-object-position=\"78% 43%\" srcset=\"https:\/\/cj.estrategia.com\/portal\/wp-content\/uploads\/2022\/06\/20151253\/concurso-carreiras-juridicas-assinatura-juridica.jpg 1890w, https:\/\/cj.estrategia.com\/portal\/wp-content\/uploads\/2022\/06\/20151253\/concurso-carreiras-juridicas-assinatura-juridica-300x56.jpg 300w, https:\/\/cj.estrategia.com\/portal\/wp-content\/uploads\/2022\/06\/20151253\/concurso-carreiras-juridicas-assinatura-juridica-1024x190.jpg 1024w, https:\/\/cj.estrategia.com\/portal\/wp-content\/uploads\/2022\/06\/20151253\/concurso-carreiras-juridicas-assinatura-juridica-768x143.jpg 768w, https:\/\/cj.estrategia.com\/portal\/wp-content\/uploads\/2022\/06\/20151253\/concurso-carreiras-juridicas-assinatura-juridica-1536x285.jpg 1536w, https:\/\/cj.estrategia.com\/portal\/wp-content\/uploads\/2022\/06\/20151253\/concurso-carreiras-juridicas-assinatura-juridica-380x71.jpg 380w, https:\/\/cj.estrategia.com\/portal\/wp-content\/uploads\/2022\/06\/20151253\/concurso-carreiras-juridicas-assinatura-juridica-800x149.jpg 800w, https:\/\/cj.estrategia.com\/portal\/wp-content\/uploads\/2022\/06\/20151253\/concurso-carreiras-juridicas-assinatura-juridica-1160x215.jpg 1160w\" sizes=\"(max-width: 1890px) 100vw, 1890px\" \/><span aria-hidden=\"true\" class=\"wp-block-cover__background has-background-dim\"><\/span><div class=\"wp-block-cover__inner-container is-layout-flow wp-block-cover-is-layout-flow\">\n<h3 id=\"faca-a-sua-assinatura\" class=\"titulo-assinatura\"><span style=\"color: #ffffff;\">Fa\u00e7a a sua assinatura!<\/span><\/h3>\n<p class=\"subtitulo-assinatura\" style=\"display:block!important; line-height: 0;\"><span style=\"color: #ffffff;\">Escolha a sua \u00e1rea.<\/span><\/p>\n<a target=\"_blank\" href=\"https:\/\/www.estrategiaconcursos.com.br\/assinaturas-ecj\/\" rel=\"noopener\"><button style=\"border-radius: 10px; text-transform: capitalize;\">Acessar<\/button><\/a>\n<\/div><\/div>\n\n\n\n<p><em>Prepare-se com o melhor material e com quem mais aprova em Concursos P\u00fablicos em todo o pa\u00eds.<\/em><\/p>\n\n\n\n<figure class=\"wp-block-image size-large is-resized\"><img decoding=\"async\" src=\"https:\/\/dhg1h5j42swfq.cloudfront.net\/2021\/04\/05090319\/ficha-tecnica-6-1024x632.png\" alt=\"ficha t\u00e9cnica para o concurso DPE RJ Defensor\" class=\"wp-image-707354\" style=\"width:210px;height:129px\"\/><\/figure>\n\n\n\n<h4 class=\"wp-block-heading\" id=\"ficha\"><span id=\"informacoes-sobre-o-concurso-dpe-rj-defensor\">Informa\u00e7\u00f5es sobre o concurso DPE RJ Defensor<\/span><\/h4>\n\n\n\n<ul class=\"wp-block-list\">\n<li><strong>Vagas:<\/strong> a definir<\/li>\n\n\n\n<li><strong>Cargos:<\/strong> Defensor P\u00fablico Substituto <\/li>\n\n\n\n<li><strong>Lota\u00e7\u00f5es: <\/strong>Rio de Janeiro<\/li>\n\n\n\n<li><strong>Banca:<\/strong> a definir<\/li>\n\n\n\n<li><strong>Escolaridade: <\/strong>N\u00edvel Superior em Direito + 2 anos de atividade jur\u00eddica<\/li>\n\n\n\n<li><strong> \u00daltimo edital<\/strong>: <a href=\"https:\/\/cj.estrategia.com\/portal\/wp-content\/uploads\/2023\/06\/30170708\/Texto-do-EDITAL-aprovado.pdf\" target=\"_blank\" rel=\"noreferrer noopener nofollow\">DPE RJ Defensor 2023<\/a> \/ <a href=\"https:\/\/cj.estrategia.com\/portal\/wp-content\/uploads\/2023\/04\/20083426\/DPE-RJ-Regulamento.pdf\" target=\"_blank\" rel=\"noreferrer noopener nofollow\">Regulamento DPE RJ 2023<\/a><\/li>\n\n\n\n<li><strong>Outros editais:<\/strong> <a href=\"https:\/\/dhg1h5j42swfq.cloudfront.net\/2021\/02\/12153224\/dpe-rj-edital-republicado.pdf\" target=\"_blank\" rel=\"noreferrer noopener nofollow\">DPE RJ Defensor 2021<\/a><\/li>\n<\/ul>\n\n\n\n<p><\/p>\n","protected":false},"excerpt":{"rendered":"A Defensoria P\u00fablica do Estado do Rio de Janeiro deu um passo importante rumo \u00e0 realiza\u00e7\u00e3o do XXIX&hellip;\n","protected":false},"author":12,"featured_media":177771,"comment_status":"open","ping_status":"open","sticky":false,"template":"","format":"standard","meta":{"_jetpack_memberships_contains_paid_content":false,"footnotes":""},"categories":[27],"tags":[],"tax_estado":[49],"class_list":{"0":"post-2132","1":"post","2":"type-post","3":"status-publish","4":"format-standard","5":"has-post-thumbnail","7":"category-defensoria","8":"tax_estado-rj"},"acf":[],"yoast_head":"<!-- This site is optimized with the Yoast SEO Premium plugin v27.4 (Yoast SEO v27.4) - https:\/\/yoast.com\/product\/yoast-seo-premium-wordpress\/ -->\n<title>Concurso DPE RJ Defensor: termo de Refer\u00eancia publicado!<\/title>\n<meta name=\"description\" content=\"Confira as informa\u00e7\u00f5es sobre o Concurso DPE RJ Defensor, um dos mais importantes nas carreiras jur\u00eddicas do Rio de Janeiro.\" \/>\n<meta name=\"robots\" content=\"index, follow, max-snippet:-1, max-image-preview:large, max-video-preview:-1\" \/>\n<link rel=\"canonical\" href=\"https:\/\/cj.estrategia.com\/portal\/concurso-dpe-rj-defensor\/\" \/>\n<meta property=\"og:locale\" content=\"pt_BR\" \/>\n<meta property=\"og:type\" content=\"article\" \/>\n<meta property=\"og:title\" content=\"Concurso DPE RJ Defensor: termo de Refer\u00eancia publicado!\" \/>\n<meta property=\"og:description\" content=\"Confira as informa\u00e7\u00f5es sobre o Concurso DPE RJ Defensor, um dos mais importantes nas carreiras jur\u00eddicas do Rio de Janeiro.\" \/>\n<meta property=\"og:url\" content=\"https:\/\/cj.estrategia.com\/portal\/concurso-dpe-rj-defensor\/\" \/>\n<meta property=\"og:site_name\" content=\"Blog - Carreiras Jur\u00eddicas - Estrat\u00e9gia\" \/>\n<meta property=\"article:publisher\" content=\"https:\/\/www.facebook.com\/estrategiacarreirajuridica\/\" \/>\n<meta property=\"article:published_time\" content=\"2026-03-31T11:00:00+00:00\" \/>\n<meta property=\"article:modified_time\" content=\"2026-03-31T13:27:15+00:00\" \/>\n<meta property=\"og:image\" content=\"https:\/\/cj.estrategia.com\/portal\/wp-content\/uploads\/2025\/12\/04114740\/defensorias.jpg\" \/>\n\t<meta property=\"og:image:width\" content=\"2459\" \/>\n\t<meta property=\"og:image:height\" content=\"1383\" \/>\n\t<meta property=\"og:image:type\" content=\"image\/jpeg\" \/>\n<meta name=\"author\" content=\"Coordena\u00e7\u00e3o\" \/>\n<meta name=\"twitter:card\" content=\"summary_large_image\" \/>\n<meta name=\"twitter:creator\" content=\"@EstratJuridica\" \/>\n<meta name=\"twitter:site\" content=\"@EstratJuridica\" \/>\n<meta name=\"twitter:label1\" content=\"Escrito por\" \/>\n\t<meta name=\"twitter:data1\" content=\"Coordena\u00e7\u00e3o\" \/>\n\t<meta name=\"twitter:label2\" content=\"Est. tempo de leitura\" \/>\n\t<meta name=\"twitter:data2\" content=\"10 minutos\" \/>\n<script type=\"application\/ld+json\" class=\"yoast-schema-graph\">{\"@context\":\"https:\\\/\\\/schema.org\",\"@graph\":[{\"@type\":\"NewsArticle\",\"@id\":\"https:\\\/\\\/cj.estrategia.com\\\/portal\\\/concurso-dpe-rj-defensor\\\/#article\",\"isPartOf\":{\"@id\":\"https:\\\/\\\/cj.estrategia.com\\\/portal\\\/concurso-dpe-rj-defensor\\\/\"},\"author\":{\"name\":\"Coordena\u00e7\u00e3o\",\"@id\":\"https:\\\/\\\/cj.estrategia.com\\\/portal\\\/#\\\/schema\\\/person\\\/4d70317d31449932b99102916b6637f5\"},\"headline\":\"Concurso DPE RJ Defensor: termo de Refer\u00eancia publicado!\",\"datePublished\":\"2026-03-31T11:00:00+00:00\",\"dateModified\":\"2026-03-31T13:27:15+00:00\",\"mainEntityOfPage\":{\"@id\":\"https:\\\/\\\/cj.estrategia.com\\\/portal\\\/concurso-dpe-rj-defensor\\\/\"},\"wordCount\":1978,\"commentCount\":0,\"publisher\":{\"@id\":\"https:\\\/\\\/cj.estrategia.com\\\/portal\\\/#organization\"},\"image\":{\"@id\":\"https:\\\/\\\/cj.estrategia.com\\\/portal\\\/concurso-dpe-rj-defensor\\\/#primaryimage\"},\"thumbnailUrl\":\"https:\\\/\\\/cj.estrategia.com\\\/portal\\\/wp-content\\\/uploads\\\/2025\\\/12\\\/04114740\\\/defensorias.jpg\",\"articleSection\":[\"Defensoria\"],\"inLanguage\":\"pt-BR\",\"potentialAction\":[{\"@type\":\"CommentAction\",\"name\":\"Comment\",\"target\":[\"https:\\\/\\\/cj.estrategia.com\\\/portal\\\/concurso-dpe-rj-defensor\\\/#respond\"]}],\"accessibilityFeature\":[\"tableOfContents\"]},{\"@type\":\"WebPage\",\"@id\":\"https:\\\/\\\/cj.estrategia.com\\\/portal\\\/concurso-dpe-rj-defensor\\\/\",\"url\":\"https:\\\/\\\/cj.estrategia.com\\\/portal\\\/concurso-dpe-rj-defensor\\\/\",\"name\":\"Concurso DPE RJ Defensor: termo de Refer\u00eancia publicado!\",\"isPartOf\":{\"@id\":\"https:\\\/\\\/cj.estrategia.com\\\/portal\\\/#website\"},\"primaryImageOfPage\":{\"@id\":\"https:\\\/\\\/cj.estrategia.com\\\/portal\\\/concurso-dpe-rj-defensor\\\/#primaryimage\"},\"image\":{\"@id\":\"https:\\\/\\\/cj.estrategia.com\\\/portal\\\/concurso-dpe-rj-defensor\\\/#primaryimage\"},\"thumbnailUrl\":\"https:\\\/\\\/cj.estrategia.com\\\/portal\\\/wp-content\\\/uploads\\\/2025\\\/12\\\/04114740\\\/defensorias.jpg\",\"datePublished\":\"2026-03-31T11:00:00+00:00\",\"dateModified\":\"2026-03-31T13:27:15+00:00\",\"description\":\"Confira as informa\u00e7\u00f5es sobre o Concurso DPE RJ Defensor, um dos mais importantes nas carreiras jur\u00eddicas do Rio de Janeiro.\",\"breadcrumb\":{\"@id\":\"https:\\\/\\\/cj.estrategia.com\\\/portal\\\/concurso-dpe-rj-defensor\\\/#breadcrumb\"},\"inLanguage\":\"pt-BR\",\"potentialAction\":[{\"@type\":\"ReadAction\",\"target\":[\"https:\\\/\\\/cj.estrategia.com\\\/portal\\\/concurso-dpe-rj-defensor\\\/\"]}]},{\"@type\":\"ImageObject\",\"inLanguage\":\"pt-BR\",\"@id\":\"https:\\\/\\\/cj.estrategia.com\\\/portal\\\/concurso-dpe-rj-defensor\\\/#primaryimage\",\"url\":\"https:\\\/\\\/cj.estrategia.com\\\/portal\\\/wp-content\\\/uploads\\\/2025\\\/12\\\/04114740\\\/defensorias.jpg\",\"contentUrl\":\"https:\\\/\\\/cj.estrategia.com\\\/portal\\\/wp-content\\\/uploads\\\/2025\\\/12\\\/04114740\\\/defensorias.jpg\",\"width\":2459,\"height\":1383},{\"@type\":\"BreadcrumbList\",\"@id\":\"https:\\\/\\\/cj.estrategia.com\\\/portal\\\/concurso-dpe-rj-defensor\\\/#breadcrumb\",\"itemListElement\":[{\"@type\":\"ListItem\",\"position\":1,\"name\":\"In\u00edcio\",\"item\":\"https:\\\/\\\/cj.estrategia.com\\\/portal\\\/\"},{\"@type\":\"ListItem\",\"position\":2,\"name\":\"Concurso DPE RJ Defensor: termo de Refer\u00eancia publicado!\"}]},{\"@type\":\"WebSite\",\"@id\":\"https:\\\/\\\/cj.estrategia.com\\\/portal\\\/#website\",\"url\":\"https:\\\/\\\/cj.estrategia.com\\\/portal\\\/\",\"name\":\"Blog - Carreiras Jur\u00eddicas - Estrat\u00e9gia\",\"description\":\"\",\"publisher\":{\"@id\":\"https:\\\/\\\/cj.estrategia.com\\\/portal\\\/#organization\"},\"potentialAction\":[{\"@type\":\"SearchAction\",\"target\":{\"@type\":\"EntryPoint\",\"urlTemplate\":\"https:\\\/\\\/cj.estrategia.com\\\/portal\\\/?s={search_term_string}\"},\"query-input\":{\"@type\":\"PropertyValueSpecification\",\"valueRequired\":true,\"valueName\":\"search_term_string\"}}],\"inLanguage\":\"pt-BR\"},{\"@type\":\"Organization\",\"@id\":\"https:\\\/\\\/cj.estrategia.com\\\/portal\\\/#organization\",\"name\":\"Estrat\u00e9gia - Carreiras Jur\u00eddicas\",\"url\":\"https:\\\/\\\/cj.estrategia.com\\\/portal\\\/\",\"logo\":{\"@type\":\"ImageObject\",\"inLanguage\":\"pt-BR\",\"@id\":\"https:\\\/\\\/cj.estrategia.com\\\/portal\\\/#\\\/schema\\\/logo\\\/image\\\/\",\"url\":\"https:\\\/\\\/cj.estrategia.com\\\/portal\\\/wp-content\\\/uploads\\\/2022\\\/03\\\/11151052\\\/cj-logo.png\",\"contentUrl\":\"https:\\\/\\\/cj.estrategia.com\\\/portal\\\/wp-content\\\/uploads\\\/2022\\\/03\\\/11151052\\\/cj-logo.png\",\"width\":150,\"height\":39,\"caption\":\"Estrat\u00e9gia - Carreiras Jur\u00eddicas\"},\"image\":{\"@id\":\"https:\\\/\\\/cj.estrategia.com\\\/portal\\\/#\\\/schema\\\/logo\\\/image\\\/\"},\"sameAs\":[\"https:\\\/\\\/www.facebook.com\\\/estrategiacarreirajuridica\\\/\",\"https:\\\/\\\/x.com\\\/EstratJuridica\",\"https:\\\/\\\/www.instagram.com\\\/estrategiacarreirajuridica\\\/\",\"https:\\\/\\\/www.youtube.com\\\/channel\\\/UClbMGuYbj2Mh1m3w144ETWQ\"]},{\"@type\":\"Person\",\"@id\":\"https:\\\/\\\/cj.estrategia.com\\\/portal\\\/#\\\/schema\\\/person\\\/4d70317d31449932b99102916b6637f5\",\"name\":\"Coordena\u00e7\u00e3o\",\"image\":{\"@type\":\"ImageObject\",\"inLanguage\":\"pt-BR\",\"@id\":\"https:\\\/\\\/cj.estrategia.com\\\/portal\\\/wp-content\\\/uploads\\\/2022\\\/05\\\/12164923\\\/estrategia-carreira-juridica-coordenacao-96x96.png\",\"url\":\"https:\\\/\\\/cj.estrategia.com\\\/portal\\\/wp-content\\\/uploads\\\/2022\\\/05\\\/12164923\\\/estrategia-carreira-juridica-coordenacao-96x96.png\",\"contentUrl\":\"https:\\\/\\\/cj.estrategia.com\\\/portal\\\/wp-content\\\/uploads\\\/2022\\\/05\\\/12164923\\\/estrategia-carreira-juridica-coordenacao-96x96.png\",\"caption\":\"Coordena\u00e7\u00e3o\"},\"url\":\"https:\\\/\\\/cj.estrategia.com\\\/portal\\\/author\\\/coordenacao\\\/\"}]}<\/script>\n<!-- \/ Yoast SEO Premium plugin. -->","yoast_head_json":{"title":"Concurso DPE RJ Defensor: termo de Refer\u00eancia publicado!","description":"Confira as informa\u00e7\u00f5es sobre o Concurso DPE RJ Defensor, um dos mais importantes nas carreiras jur\u00eddicas do Rio de Janeiro.","robots":{"index":"index","follow":"follow","max-snippet":"max-snippet:-1","max-image-preview":"max-image-preview:large","max-video-preview":"max-video-preview:-1"},"canonical":"https:\/\/cj.estrategia.com\/portal\/concurso-dpe-rj-defensor\/","og_locale":"pt_BR","og_type":"article","og_title":"Concurso DPE RJ Defensor: termo de Refer\u00eancia publicado!","og_description":"Confira as informa\u00e7\u00f5es sobre o Concurso DPE RJ Defensor, um dos mais importantes nas carreiras jur\u00eddicas do Rio de Janeiro.","og_url":"https:\/\/cj.estrategia.com\/portal\/concurso-dpe-rj-defensor\/","og_site_name":"Blog - Carreiras Jur\u00eddicas - Estrat\u00e9gia","article_publisher":"https:\/\/www.facebook.com\/estrategiacarreirajuridica\/","article_published_time":"2026-03-31T11:00:00+00:00","article_modified_time":"2026-03-31T13:27:15+00:00","og_image":[{"width":2459,"height":1383,"url":"https:\/\/cj.estrategia.com\/portal\/wp-content\/uploads\/2025\/12\/04114740\/defensorias.jpg","type":"image\/jpeg"}],"author":"Coordena\u00e7\u00e3o","twitter_card":"summary_large_image","twitter_creator":"@EstratJuridica","twitter_site":"@EstratJuridica","twitter_misc":{"Escrito por":"Coordena\u00e7\u00e3o","Est. tempo de leitura":"10 minutos"},"schema":{"@context":"https:\/\/schema.org","@graph":[{"@type":"NewsArticle","@id":"https:\/\/cj.estrategia.com\/portal\/concurso-dpe-rj-defensor\/#article","isPartOf":{"@id":"https:\/\/cj.estrategia.com\/portal\/concurso-dpe-rj-defensor\/"},"author":{"name":"Coordena\u00e7\u00e3o","@id":"https:\/\/cj.estrategia.com\/portal\/#\/schema\/person\/4d70317d31449932b99102916b6637f5"},"headline":"Concurso DPE RJ Defensor: termo de Refer\u00eancia publicado!","datePublished":"2026-03-31T11:00:00+00:00","dateModified":"2026-03-31T13:27:15+00:00","mainEntityOfPage":{"@id":"https:\/\/cj.estrategia.com\/portal\/concurso-dpe-rj-defensor\/"},"wordCount":1978,"commentCount":0,"publisher":{"@id":"https:\/\/cj.estrategia.com\/portal\/#organization"},"image":{"@id":"https:\/\/cj.estrategia.com\/portal\/concurso-dpe-rj-defensor\/#primaryimage"},"thumbnailUrl":"https:\/\/cj.estrategia.com\/portal\/wp-content\/uploads\/2025\/12\/04114740\/defensorias.jpg","articleSection":["Defensoria"],"inLanguage":"pt-BR","potentialAction":[{"@type":"CommentAction","name":"Comment","target":["https:\/\/cj.estrategia.com\/portal\/concurso-dpe-rj-defensor\/#respond"]}],"accessibilityFeature":["tableOfContents"]},{"@type":"WebPage","@id":"https:\/\/cj.estrategia.com\/portal\/concurso-dpe-rj-defensor\/","url":"https:\/\/cj.estrategia.com\/portal\/concurso-dpe-rj-defensor\/","name":"Concurso DPE RJ Defensor: termo de Refer\u00eancia publicado!","isPartOf":{"@id":"https:\/\/cj.estrategia.com\/portal\/#website"},"primaryImageOfPage":{"@id":"https:\/\/cj.estrategia.com\/portal\/concurso-dpe-rj-defensor\/#primaryimage"},"image":{"@id":"https:\/\/cj.estrategia.com\/portal\/concurso-dpe-rj-defensor\/#primaryimage"},"thumbnailUrl":"https:\/\/cj.estrategia.com\/portal\/wp-content\/uploads\/2025\/12\/04114740\/defensorias.jpg","datePublished":"2026-03-31T11:00:00+00:00","dateModified":"2026-03-31T13:27:15+00:00","description":"Confira as informa\u00e7\u00f5es sobre o Concurso DPE RJ Defensor, um dos mais importantes nas carreiras jur\u00eddicas do Rio de Janeiro.","breadcrumb":{"@id":"https:\/\/cj.estrategia.com\/portal\/concurso-dpe-rj-defensor\/#breadcrumb"},"inLanguage":"pt-BR","potentialAction":[{"@type":"ReadAction","target":["https:\/\/cj.estrategia.com\/portal\/concurso-dpe-rj-defensor\/"]}]},{"@type":"ImageObject","inLanguage":"pt-BR","@id":"https:\/\/cj.estrategia.com\/portal\/concurso-dpe-rj-defensor\/#primaryimage","url":"https:\/\/cj.estrategia.com\/portal\/wp-content\/uploads\/2025\/12\/04114740\/defensorias.jpg","contentUrl":"https:\/\/cj.estrategia.com\/portal\/wp-content\/uploads\/2025\/12\/04114740\/defensorias.jpg","width":2459,"height":1383},{"@type":"BreadcrumbList","@id":"https:\/\/cj.estrategia.com\/portal\/concurso-dpe-rj-defensor\/#breadcrumb","itemListElement":[{"@type":"ListItem","position":1,"name":"In\u00edcio","item":"https:\/\/cj.estrategia.com\/portal\/"},{"@type":"ListItem","position":2,"name":"Concurso DPE RJ Defensor: termo de Refer\u00eancia publicado!"}]},{"@type":"WebSite","@id":"https:\/\/cj.estrategia.com\/portal\/#website","url":"https:\/\/cj.estrategia.com\/portal\/","name":"Blog - Carreiras Jur\u00eddicas - Estrat\u00e9gia","description":"","publisher":{"@id":"https:\/\/cj.estrategia.com\/portal\/#organization"},"potentialAction":[{"@type":"SearchAction","target":{"@type":"EntryPoint","urlTemplate":"https:\/\/cj.estrategia.com\/portal\/?s={search_term_string}"},"query-input":{"@type":"PropertyValueSpecification","valueRequired":true,"valueName":"search_term_string"}}],"inLanguage":"pt-BR"},{"@type":"Organization","@id":"https:\/\/cj.estrategia.com\/portal\/#organization","name":"Estrat\u00e9gia - Carreiras Jur\u00eddicas","url":"https:\/\/cj.estrategia.com\/portal\/","logo":{"@type":"ImageObject","inLanguage":"pt-BR","@id":"https:\/\/cj.estrategia.com\/portal\/#\/schema\/logo\/image\/","url":"https:\/\/cj.estrategia.com\/portal\/wp-content\/uploads\/2022\/03\/11151052\/cj-logo.png","contentUrl":"https:\/\/cj.estrategia.com\/portal\/wp-content\/uploads\/2022\/03\/11151052\/cj-logo.png","width":150,"height":39,"caption":"Estrat\u00e9gia - Carreiras Jur\u00eddicas"},"image":{"@id":"https:\/\/cj.estrategia.com\/portal\/#\/schema\/logo\/image\/"},"sameAs":["https:\/\/www.facebook.com\/estrategiacarreirajuridica\/","https:\/\/x.com\/EstratJuridica","https:\/\/www.instagram.com\/estrategiacarreirajuridica\/","https:\/\/www.youtube.com\/channel\/UClbMGuYbj2Mh1m3w144ETWQ"]},{"@type":"Person","@id":"https:\/\/cj.estrategia.com\/portal\/#\/schema\/person\/4d70317d31449932b99102916b6637f5","name":"Coordena\u00e7\u00e3o","image":{"@type":"ImageObject","inLanguage":"pt-BR","@id":"https:\/\/cj.estrategia.com\/portal\/wp-content\/uploads\/2022\/05\/12164923\/estrategia-carreira-juridica-coordenacao-96x96.png","url":"https:\/\/cj.estrategia.com\/portal\/wp-content\/uploads\/2022\/05\/12164923\/estrategia-carreira-juridica-coordenacao-96x96.png","contentUrl":"https:\/\/cj.estrategia.com\/portal\/wp-content\/uploads\/2022\/05\/12164923\/estrategia-carreira-juridica-coordenacao-96x96.png","caption":"Coordena\u00e7\u00e3o"},"url":"https:\/\/cj.estrategia.com\/portal\/author\/coordenacao\/"}]}},"jetpack_featured_media_url":"https:\/\/cj.estrategia.com\/portal\/wp-content\/uploads\/2025\/12\/04114740\/defensorias.jpg","jetpack_sharing_enabled":true,"_links":{"self":[{"href":"https:\/\/cj.estrategia.com\/portal\/wp-json\/wp\/v2\/posts\/2132","targetHints":{"allow":["GET"]}}],"collection":[{"href":"https:\/\/cj.estrategia.com\/portal\/wp-json\/wp\/v2\/posts"}],"about":[{"href":"https:\/\/cj.estrategia.com\/portal\/wp-json\/wp\/v2\/types\/post"}],"author":[{"embeddable":true,"href":"https:\/\/cj.estrategia.com\/portal\/wp-json\/wp\/v2\/users\/12"}],"replies":[{"embeddable":true,"href":"https:\/\/cj.estrategia.com\/portal\/wp-json\/wp\/v2\/comments?post=2132"}],"version-history":[{"count":145,"href":"https:\/\/cj.estrategia.com\/portal\/wp-json\/wp\/v2\/posts\/2132\/revisions"}],"predecessor-version":[{"id":184493,"href":"https:\/\/cj.estrategia.com\/portal\/wp-json\/wp\/v2\/posts\/2132\/revisions\/184493"}],"wp:featuredmedia":[{"embeddable":true,"href":"https:\/\/cj.estrategia.com\/portal\/wp-json\/wp\/v2\/media\/177771"}],"wp:attachment":[{"href":"https:\/\/cj.estrategia.com\/portal\/wp-json\/wp\/v2\/media?parent=2132"}],"wp:term":[{"taxonomy":"category","embeddable":true,"href":"https:\/\/cj.estrategia.com\/portal\/wp-json\/wp\/v2\/categories?post=2132"},{"taxonomy":"post_tag","embeddable":true,"href":"https:\/\/cj.estrategia.com\/portal\/wp-json\/wp\/v2\/tags?post=2132"},{"taxonomy":"tax_estado","embeddable":true,"href":"https:\/\/cj.estrategia.com\/portal\/wp-json\/wp\/v2\/tax_estado?post=2132"}],"curies":[{"name":"wp","href":"https:\/\/api.w.org\/{rel}","templated":true}]}}