{"id":2082,"date":"2026-02-13T09:17:00","date_gmt":"2026-02-13T12:17:00","guid":{"rendered":"https:\/\/cj.estrategia.com\/portal\/?p=2082"},"modified":"2026-04-02T15:08:21","modified_gmt":"2026-04-02T18:08:21","slug":"concurso-delegado-mt","status":"publish","type":"post","link":"https:\/\/cj.estrategia.com\/portal\/concurso-delegado-mt\/","title":{"rendered":"Concurso Delegado MT: comiss\u00e3o formada! Saiba mais!"},"content":{"rendered":"<a id=\"cta-icon\" href=\"https:\/\/sndflw.com\/i\/delegado-civil-grupo\" target=\"blank\" style=\"background:rgb(41,166,26)\">\n            <img decoding=\"async\" src=\"https:\/\/cj.estrategia.com\/portal\/wp-content\/uploads\/2023\/12\/07160657\/whatsapp_1385.webp\" alt=\"\" alt=\"whatsapp_1385\"><span > Acesse agora o Grupo de Estudos para Delegado Civil<\/span><\/a>\n\n\n\n<p>A <strong>Pol\u00edcia Civil do Mato Grosso<\/strong> (PC MT) publicou documento oficializando a escolha da comiss\u00e3o organizadora do pr\u00f3ximo <strong>Concurso Delegado MT.<\/strong> Confira:<\/p>\n\n\n\n<ul class=\"wp-block-list\">\n<li><a href=\"https:\/\/cj.estrategia.com\/portal\/wp-content\/uploads\/2026\/02\/13084021\/diario_oficial_2026-02-13_pag_14.pdf\">Comiss\u00e3o formada! <\/a><\/li>\n<\/ul>\n\n\n\n<p>Para ingressar na carreira, o candidato precisa apresentar <strong>diploma de bacharelado em Direito<\/strong>, devidamente registrado e emitido por <strong>institui\u00e7\u00e3o de ensino superior reconhecida pelo MEC<\/strong>, e comprovar <strong>3 (tr\u00eas) anos de atividade jur\u00eddica ou policial<\/strong>. <\/p>\n\n\n\n<p>O \u00faltimo concurso, realizado em <strong>2017<\/strong>, teve organiza\u00e7\u00e3o da <strong>banca CEBRASPE<\/strong> e ofereceu <strong>vagas em cadastro reserva<\/strong> para <strong>Delegado de Pol\u00edcia Substituto<\/strong>, com <strong>remunera\u00e7\u00e3o inicial de R$ 19.316,49<\/strong>.<\/p>\n\n\n\n<ul class=\"wp-block-list has-very-light-gray-to-cyan-bluish-gray-gradient-background has-background\">\n<li><strong>Concurso Delegado MT<\/strong><\/li>\n\n\n\n<li><strong>Status: <\/strong>comiss\u00e3o formada<\/li>\n\n\n\n<li><strong>Vagas<\/strong>: a definir<\/li>\n\n\n\n<li><strong>Banca:<\/strong> a definir<\/li>\n\n\n\n<li><strong>Sal\u00e1rio inicial:<\/strong> R$ 27.865,69 (portal da transpar\u00eancia &#8211; Delegado Substituto)<\/li>\n<\/ul>\n\n\n\n<div class=\"container\" id=\"boxes\">\n  <div class=\"row\">\n\n    <div class=\"col-sm\">\n      <div class=\"banner-ecj-delegado\" id=\"box-assinatura\">\n        <h2 id=\"cursos-para-concurso-delegado-mt\" class=\"titulo-assinatura\"><span style=\"color: #ffffff; font-size: 23px; \">Cursos para Concurso Delegado MT<\/span><\/h2>\n        <p class=\"subtitulo-assinatura\">Cursos focados no edital!<\/p>\n        <div class=\"box-botao\">\n          <a class=\"btn-assinatura-juridica\" target=\"_blank\" href=\"https:\/\/cj.estrategia.com\/concurso\/pc-mt-delegado\" role=\"button\" rel=\"noopener noreferrer\">CLIQUE AQUI<\/a>\n        <\/div>\n      <\/div>\n      <p class=\"texto-auxiliar\">Prepare-se com o melhor material e com quem mais aprova em concursos em todo o pa\u00eds. \n<\/p>\n    <\/div>\n\n  <\/div>\n<\/div>\n\n\n\n<div class=\"wp-block-yoast-seo-table-of-contents yoast-table-of-contents\"><ul><li><a href=\"#h-concurso-delegado-mt-situacao-atual\" data-level=\"2\">Concurso Delegado MT: situa\u00e7\u00e3o atual<\/a><ul><li><a href=\"#h-comissao-formada\" data-level=\"3\">Comiss\u00e3o formada<\/a><\/li><\/ul><\/li><li><a href=\"#carreira\" data-level=\"2\">Como \u00e9 a carreira de Delegado na PC MT?<\/a><ul><li><a href=\"#requisitos\" data-level=\"3\">Quais os requisitos?<\/a><\/li><li><a href=\"#atribuicoes\" data-level=\"3\">Quais as atribui\u00e7\u00f5es?<\/a><\/li><li><a href=\"#salarios\" data-level=\"3\">Sal\u00e1rios e benef\u00edcios<\/a><\/li><li><a href=\"#h-cargos-vagos-e-ocupados\" data-level=\"3\">Cargos vagos e ocupados<\/a><\/li><\/ul><\/li><li><a href=\"#ultimo\" data-level=\"2\">\u00daltimo concurso Delegado MT<\/a><ul><li><a href=\"#fases\" data-level=\"3\">Etapas do \u00daltimo Concurso Delegado MT<\/a><\/li><li><a href=\"#objetiva\" data-level=\"3\">Prova Objetiva<\/a><\/li><li><a href=\"#discursiva\" data-level=\"3\">Prova Discursiva<\/a><\/li><li><a href=\"#oral\" data-level=\"3\">Prova Oral<\/a><\/li><li><a href=\"#h-avaliacao-de-titulos\" data-level=\"3\">Avalia\u00e7\u00e3o de T\u00edtulos<\/a><\/li><\/ul><\/li><li><a href=\"#h-como-comecar-a-estudar-para-delegado-passo-a-passo\" data-level=\"2\">Como come\u00e7ar a estudar para Delegado? Passo a passo!<\/a><ul><li><a href=\"#h-material-de-estudo\" data-level=\"3\">Material de Estudo<\/a><\/li><\/ul><\/li><li><a href=\"#cursos\" data-level=\"2\">Quer saber tudo sobre concursos previstos? Confira nossos artigos!<\/a><\/li><\/ul><\/div>\n\n\n\n<h2 class=\"wp-block-heading\" id=\"h-concurso-delegado-mt-situacao-atual\"><span id=\"concurso-delegado-mt-situacao-atual\">Concurso Delegado MT: situa\u00e7\u00e3o atual<\/span><\/h2>\n\n\n\n<h3 class=\"wp-block-heading\" id=\"h-comissao-formada\"><span id=\"comissao-formada\">Comiss\u00e3o formada<\/span><\/h3>\n\n\n\n<p>A comiss\u00e3o ser\u00e1 presidida pelo delegado Gustavo Garcia Francisco, Diretor Adjunto da Academia de Pol\u00edcia. A vice-presid\u00eancia ficar\u00e1 sob responsabilidade do delegado Eduardo de Paula Botelho, Coordenador de Contraintelig\u00eancia.<\/p>\n\n\n\n<p>O grupo tamb\u00e9m conta com delegados, investigadores, assistente t\u00e9cnico jur\u00eddico e escriv\u00e3 de pol\u00edcia, al\u00e9m de servidor designado para apoio administrativo. Cada integrante ter\u00e1 fun\u00e7\u00f5es espec\u00edficas que envolvem desde a supervis\u00e3o log\u00edstica e aplica\u00e7\u00e3o das provas at\u00e9 a an\u00e1lise jur\u00eddica do edital e organiza\u00e7\u00e3o documental.<\/p>\n\n\n\n<h2 class=\"wp-block-heading\" id=\"carreira\"><span id=\"como-e-a-carreira-de-delegado-na-pc-mt\">Como \u00e9 a carreira de Delegado na PC MT?<\/span><\/h2>\n\n\n\n<h3 class=\"wp-block-heading\" id=\"requisitos\"><span id=\"quais-os-requisitos\">Quais os requisitos?<\/span><\/h3>\n\n\n\n<p>A exig\u00eancia \u00e9 que o concorrente tenha<strong> idade m\u00ednima de 21 anos completos <\/strong>e idade m\u00e1xima de 45 anos at\u00e9 a data de encerramento das inscri\u00e7\u00f5es.<\/p>\n\n\n\n<p>Al\u00e9m da faixa et\u00e1ria, o cargo exige<strong> conclus\u00e3o da gradua\u00e7\u00e3o de&nbsp;bacharelado em Direito<\/strong>, comprovado por diploma devidamente registrado e&nbsp;fornecido por uma institui\u00e7\u00e3o de ensino superior reconhecida pelo MEC + 3 (tr\u00eas) anos de atividade jur\u00eddica ou policial.<\/p>\n\n\n\n<h3 class=\"wp-block-heading\" id=\"atribuicoes\"><span id=\"quais-as-atribuicoes\">Quais as atribui\u00e7\u00f5es?<\/span><\/h3>\n\n\n\n<ul class=\"wp-block-list\">\n<li>Dirigir, coordenar, supervisionar, fiscalizar e controlar as atividades administrativas, log\u00edsticas e operacionais da unidade de sua dire\u00e7\u00e3o; <\/li>\n\n\n\n<li>Cumprir e fazer cumprir, no \u00e2mbito de sua compet\u00eancia, as fun\u00e7\u00f5es institucionais de Pol\u00edcia Judici\u00e1ria Civil;<\/li>\n\n\n\n<li>Instaurar e presidir inqu\u00e9ritos policiais, termos circunstanciados e outros procedimentos policiais, administrativos e disciplinares, no \u00e2mbito de sua compet\u00eancia;<\/li>\n\n\n\n<li>Planejar, dirigir e coordenar, com base na estat\u00edstica policial, as opera\u00e7\u00f5es no combate efetivo \u00e0 criminalidade, na \u00e1rea de sua compet\u00eancia; exercer os poderes discricion\u00e1rios, afetos \u00e0 Pol\u00edcia Judici\u00e1ria Civil, que tenham como objetivo proteger os direitos inerentes \u00e0 pessoa humana e resguardar a seguran\u00e7a p\u00fablica;<\/li>\n\n\n\n<li>Praticar todos os atos de Pol\u00edcia Judici\u00e1ria Civil, na esfera de sua compet\u00eancia, visando \u00e0 diminui\u00e7\u00e3o da criminalidade e da viol\u00eancia;<\/li>\n\n\n\n<li>Promover dilig\u00eancias, requisitar informa\u00e7\u00f5es e documentos \u00e0s entidades p\u00fablicas e privadas, necess\u00e1rios \u00e0 instru\u00e7\u00e3o do inqu\u00e9rito policial ou a outros procedimentos decorrentes das fun\u00e7\u00f5es institucionais da Pol\u00edcia Judici\u00e1ria Civil;<\/li>\n\n\n\n<li>Requisitar a realiza\u00e7\u00e3o de exames periciais e complementares, destinados a colher e resguardar ind\u00edcios ou provas da ocorr\u00eancia de infra\u00e7\u00f5es penais;<\/li>\n\n\n\n<li>Requisitar servi\u00e7os e t\u00e9cnicos especializados de \u00f3rg\u00e3os p\u00fablicos, de concession\u00e1rias e permission\u00e1rias de servi\u00e7o p\u00fablico;<\/li>\n\n\n\n<li>Representar \u00e0 autoridade judici\u00e1ria competente pela decreta\u00e7\u00e3o de pris\u00e3o e medidas cautelares e pela concess\u00e3o de mandados de busca e apreens\u00e3o; exercer outras fun\u00e7\u00f5es definidas em lei ou regulamento.<\/li>\n<\/ul>\n\n\n\n<p>O cargo tamb\u00e9m exige a realiza\u00e7\u00e3o de dilig\u00eancias em todo o estado de Mato Grosso ou fora dele. A lota\u00e7\u00e3o do aprovado ser\u00e1 inicialmente de acordo com os crit\u00e9rios estabelecidos pelo Conselho Superior de Pol\u00edcia.<\/p>\n\n\n\n<h3 class=\"wp-block-heading\" id=\"salarios\"><span id=\"salarios-e-beneficios\">Sal\u00e1rios e benef\u00edcios<\/span><\/h3>\n\n\n\n<figure class=\"wp-block-table is-style-stripes\"><table class=\"has-luminous-vivid-amber-background-color has-background\"><thead><tr><th class=\"has-text-align-center\" data-align=\"center\">CARGO<\/th><th class=\"has-text-align-center\" data-align=\"center\">REMUNERA\u00c7\u00c3O<\/th><\/tr><\/thead><tbody><tr><td class=\"has-text-align-center\" data-align=\"center\"><span style=\"color: #000000;\"> Delegado de Pol\u00edcia Substituto<\/span><\/td><td class=\"has-text-align-center\" data-align=\"center\">R$ 29.370,44<\/td><\/tr><tr><td class=\"has-text-align-center\" data-align=\"center\"><span style=\"color: #000000;\"> Delegado de Pol\u00edci<\/span>a &#8211; faixa A<\/td><td class=\"has-text-align-center\" data-align=\"center\">R$ 32.633,81<\/td><\/tr><tr><td class=\"has-text-align-center\" data-align=\"center\"><span style=\"color: #000000;\"> Delegado de Pol\u00edci<\/span>a &#8211; faixa B<\/td><td class=\"has-text-align-center\" data-align=\"center\">R$ 36.259,75<\/td><\/tr><tr><td class=\"has-text-align-center\" data-align=\"center\"><span style=\"color: #000000;\"> Delegado de Pol\u00edci<\/span>a &#8211; faixa C<\/td><td class=\"has-text-align-center\" data-align=\"center\">R$ 40.288,69<\/td><\/tr><tr><td class=\"has-text-align-center\" data-align=\"center\"><span style=\"color: #000000;\"> Delegado de Pol\u00edci<\/span>a &#8211; faixa E<\/td><td class=\"has-text-align-center\" data-align=\"center\">R$ 44.765,13<\/td><\/tr><\/tbody><\/table><figcaption class=\"wp-element-caption\"><em>Fonte:<\/em><a href=\"https:\/\/servicos.seplag.mt.gov.br\/portalservidor\/publico\/tabela-salarial\" target=\"_blank\" rel=\"noreferrer noopener nofollow\"> Seplag MT &#8211; portal do servidor<\/a><\/figcaption><\/figure>\n\n\n\n<p><span style=\"color: #000000;\">O regime jur\u00eddico e previdenci\u00e1rio da carreira de Policial Civil \u00e9 o estatut\u00e1rio, regido pela Lei complementar n\u00b0 407 de 2010 e suas altera\u00e7\u00f5es. O regime de previd\u00eancia \u00e9 pr\u00f3prio.<\/span><\/p>\n\n\n\n<p>A jornada \u00e9 de dedica\u00e7\u00e3o integral, sendo incompat\u00edvel com o exerc\u00edcio de outras atividades, p\u00fablica ou privada, exceto uma no magist\u00e9rio.<\/p>\n\n\n\n<h3 class=\"wp-block-heading\" id=\"h-cargos-vagos-e-ocupados\"><span id=\"cargos-vagos-e-ocupados\">Cargos vagos e ocupados<\/span><\/h3>\n\n\n\n<p><strong>Lotacionograma da Pol\u00edcia Judici\u00e1ria Civil. <\/strong>Confira:<\/p>\n\n\n\n<figure class=\"wp-block-table is-style-stripes\"><table class=\"has-luminous-vivid-amber-background-color has-background\"><thead><tr><th class=\"has-text-align-center\" data-align=\"center\">\u00d3rg\u00e3o<\/th><th class=\"has-text-align-center\" data-align=\"center\">Cargo<\/th><th class=\"has-text-align-center\" data-align=\"center\">Cargos Criados<\/th><th class=\"has-text-align-center\" data-align=\"center\">Cargos Ocupados<\/th><th class=\"has-text-align-center\" data-align=\"center\">Cargos Vagos<\/th><\/tr><\/thead><tbody><tr><td class=\"has-text-align-center\" data-align=\"center\">Pol\u00edcia Judici\u00e1ria Civil<\/td><td class=\"has-text-align-center\" data-align=\"center\">Delegado de Pol\u00edcia<\/td><td class=\"has-text-align-center\" data-align=\"center\">400<\/td><td class=\"has-text-align-center\" data-align=\"center\">301<\/td><td class=\"has-text-align-center\" data-align=\"center\">99<\/td><\/tr><\/tbody><\/table><\/figure>\n\n\n\n<h2 class=\"wp-block-heading\" id=\"ultimo\"><span id=\"ultimo-concurso-delegado-mt\">\u00daltimo concurso Delegado MT<\/span><\/h2>\n\n\n\n<p><span style=\"color: #000000;\">O \u00faltimo edital da Pol\u00edcia Judici\u00e1ria Civil do Mato Grosso para o preenchimento&nbsp;de cadastro reserva no cargo de Delegado de Pol\u00edcia Substituto) aconteceu em 2017. <\/span><\/p>\n\n\n\n<p>Em 8 de outubro de 2017 foram aplicadas as provas Objetiva e Discursiva. O resultado definitivo foi publicado em 1\u00ba de novembro de do mesmo ano. <\/p>\n\n\n\n<p><em>O certame foi suspenso em 10 de novembro de 2017. Fotos do caderno de instru\u00e7\u00f5es e da folha de resposta circularam pelo WhatsApp e criaram pol\u00eamica. A Pol\u00edcia Judici\u00e1ria Civil e o MPE-MT conclu\u00edram que um fiscal e dois candidatos foram respons\u00e1veis pela veicula\u00e7\u00e3o das imagens.<\/em><\/p>\n\n\n\n<p>Em 27 de junho de 2017, foi publicado um&nbsp;<strong><em>Edital de Retifica\u00e7\u00e3o<\/em><\/strong>, reabrindo o per\u00edodo de inscri\u00e7\u00f5es em cumprimento a decis\u00e3o judicial, al\u00e9m de altera\u00e7\u00f5es no cronograma do certame.<\/p>\n\n\n\n<h3 class=\"wp-block-heading\" id=\"fases\"><span id=\"etapas-do-ultimo-concurso-delegado-mt\">Etapas do \u00daltimo Concurso Delegado MT<\/span><\/h3>\n\n\n\n<p><span style=\"color: #000000;\">O \u00faltimo concurso delegado&nbsp;MT foi dividido em 6 fases:<\/span><\/p>\n\n\n\n<p><span style=\"color: #000000;\"><strong>1\u00ba Fase:<\/strong> Prova objetiva + Prova escrita discursiva &#8211; de car\u00e1ter eliminat\u00f3rio e classificat\u00f3rio<\/span><\/p>\n\n\n\n<p><span style=\"color: #000000;\"><strong>2\u00b0 Fase:<\/strong> Prova oral + Avalia\u00e7\u00e3o de T\u00edtulos &#8211; de car\u00e1ter eliminat\u00f3rio e classificat\u00f3rio<\/span><\/p>\n\n\n\n<p><span style=\"color: #000000;\"><strong>3\u00b0 Fase:<\/strong> Exame de sa\u00fade, de car\u00e1ter eliminat\u00f3rio<\/span><\/p>\n\n\n\n<p><span style=\"color: #000000;\"><strong>4\u00b0 Fase:<\/strong> Teste de aptid\u00e3o f\u00edsica, de car\u00e1ter eliminat\u00f3rio<\/span><\/p>\n\n\n\n<p><span style=\"color: #000000;\"><strong>5\u00b0 Fase:<\/strong> Avalia\u00e7\u00e3o Social, de car\u00e1ter eliminat\u00f3rio<\/span><\/p>\n\n\n\n<p><span style=\"color: #000000;\"><strong>6\u00b0 Fase:<\/strong> Investiga\u00e7\u00e3o Social, de car\u00e1ter eliminat\u00f3rio e de responsabilidade da PJC<\/span><\/p>\n\n\n\n<h3 class=\"wp-block-heading\" id=\"objetiva\"><span id=\"prova-objetiva\">Prova Objetiva<\/span><\/h3>\n\n\n\n<p><span style=\"color: #000000;\">As prova objetivas foram realizadas no dia 08 de outubro de 2017, com dura\u00e7\u00e3o de <strong>4 horas<\/strong>, no turno da manh\u00e3.<\/span> <span style=\"color: #000000;\">Ela foi composta de <strong>80 quest\u00f5es de m\u00faltipla escolha<\/strong> com cinco alternativas, sendo uma \u00fanica resposta correta, de acordo com o comando da quest\u00e3o.<\/span><\/p>\n\n\n\n<figure class=\"wp-block-table is-style-stripes\"><table class=\"has-luminous-vivid-amber-background-color has-background\"><tbody><tr><td class=\"has-text-align-center\" data-align=\"center\"><strong>\u00c1rea de conhecimento<\/strong><\/td><td class=\"has-text-align-center\" data-align=\"center\"><strong>N\u00famero de quest\u00f5es <\/strong><\/td><\/tr><tr><td class=\"has-text-align-center\" data-align=\"center\">Conhecimentos Gerais<\/td><td class=\"has-text-align-center\" data-align=\"center\">30<\/td><\/tr><tr><td class=\"has-text-align-center\" data-align=\"center\">Conhecimentos Esoec\u00edficos<\/td><td class=\"has-text-align-center\" data-align=\"center\">50<\/td><\/tr><\/tbody><\/table><\/figure>\n\n\n\n<h4 class=\"wp-block-heading\" id=\"h-disciplinas-exigidas\"><span id=\"disciplinas-exigidas\">Disciplinas exigidas<\/span><\/h4>\n\n\n\n<p><strong>Conhecimentos Gerais<\/strong><\/p>\n\n\n\n<ul class=\"wp-block-list\">\n<li>L\u00edngua Portuguesa; <\/li>\n\n\n\n<li>Princ\u00edpios da \u00c9tica e da Filosofia; <\/li>\n\n\n\n<li>Geografia de Mato Grosso; <\/li>\n\n\n\n<li>Hist\u00f3ria Pol\u00edtica e Econ\u00f4mica do Mato Grosso. <\/li>\n<\/ul>\n\n\n\n<p><strong>Conhecimentos Espec\u00edficos<\/strong><\/p>\n\n\n\n<ul class=\"wp-block-list\">\n<li>Direito Administrativo; <\/li>\n\n\n\n<li>Direito Constitucional; <\/li>\n\n\n\n<li>Direito Penal; <\/li>\n\n\n\n<li>Direito Processual Penal; <\/li>\n\n\n\n<li>Legisla\u00e7\u00e3o Complementar. <\/li>\n<\/ul>\n\n\n\n<p>A pontua\u00e7\u00e3o de cada quest\u00e3o das provas escritas objetivas, foi calculada com base nas marca\u00e7\u00f5es da folha de respostas, seguiu os seguintes crit\u00e9rios:<\/p>\n\n\n\n<ul class=\"wp-block-list\">\n<li><strong>1,00 ponto<\/strong>, caso a resposta do candidato estivesse em conformidade com o gabarito oficial definitivo;<\/li>\n\n\n\n<li><strong>Desconto de 0,25 ponto<\/strong>, caso a resposta estivesse em desacordo com o gabarito oficial definitivo;<\/li>\n\n\n\n<li><strong>0,00 ponto<\/strong>, caso n\u00e3o houvesse marca\u00e7\u00e3o ou houvesse mais de uma marca\u00e7\u00e3o para a mesma quest\u00e3o.<\/li>\n<\/ul>\n\n\n\n<p>A nota final de cada prova escrita objetiva, foi comum a todos os candidatos, correspondeu \u00e0 soma dos pontos obtidos em todas as quest\u00f5es que a comp\u00f5em. Foi reprovado nas provas escritas objetivas e eliminado do concurso p\u00fablico o candidato que se enquadrasse em pelo menos um dos itens a seguir:<\/p>\n\n\n\n<ul class=\"wp-block-list\">\n<li>obtivesse nota inferior a 6,00 pontos na prova escrita objetiva de Conhecimentos Gerais P1;<\/li>\n\n\n\n<li>obtivesse nota inferior a 15,00 pontos na prova escrita objetiva de Conhecimentos Espec\u00edficos P2;<\/li>\n\n\n\n<li>obtivesse nota inferior a 24,00 pontos no conjunto das provas escritas objetivas.<\/li>\n<\/ul>\n\n\n\n<h3 class=\"wp-block-heading\" id=\"discursiva\"><span id=\"prova-discursiva\">Prova Discursiva<\/span><\/h3>\n\n\n\n<p><span style=\"color: #000000;\">A prova escrita dissertativa teve dura\u00e7\u00e3o de <strong>3 horas<\/strong> e foi aplicada no mesmo dia da prova objetiva no turno da tarde.<\/span><\/p>\n\n\n\n<p>A prova escrita dissertativa valeu <strong>40,00 pontos <\/strong>e consistiu na resposta a <strong>cinco quest\u00f5es, no valor de 8,00 pontos cada<\/strong>, a serem respondidas em at\u00e9 <strong>20 linhas cada,<\/strong> acerca das disciplinas de Direito Constitucional, Direito Penal, Direito Processual Penal e Legisla\u00e7\u00e3o Complementar.<\/p>\n\n\n\n<p>Respeitados os empates na \u00faltima coloca\u00e7\u00e3o, foram corrigidas as provas escritas dissertativas dos candidatos aprovados e classificados nas provas escritas objetivas at\u00e9 a <strong>270\u00aa posi\u00e7\u00e3o para a listagem geral<\/strong> e at\u00e9 a<strong> 30\u00aa posi\u00e7\u00e3o para os candidatos que se declararam pessoas com defici\u00eancia<\/strong>.<\/p>\n\n\n\n<p>Cada quest\u00e3o da prova escrita dissertativa valeu 8,00 pontos, totalizando 40,00 pontos.<\/p>\n\n\n\n<h3 class=\"wp-block-heading\" id=\"oral\"><span id=\"prova-oral\"> Prova Oral<\/span><\/h3>\n\n\n\n<p>A prova oral, de car\u00e1ter eliminat\u00f3rio e classificat\u00f3rio, valeu 10,00 pontos e versou sobre as seguintes disciplinas:<\/p>\n\n\n\n<p>a) Direito Constitucional;<br>b) Direito Penal;<br>c) Direito Processual Penal;<br>d) Legisla\u00e7\u00e3o Complementar.<\/p>\n\n\n\n<p>Na avalia\u00e7\u00e3o da prova oral, foram considerados o dom\u00ednio do conhecimento jur\u00eddico, a articula\u00e7\u00e3o do racioc\u00ednio, a capacidade de argumenta\u00e7\u00e3o e o uso correto do vern\u00e1culo. A nota final na prova oral foi o resultado da m\u00e9dia aritm\u00e9tica simples das notas atribu\u00eddas pelos<br>examinadores.<\/p>\n\n\n\n<p>Foi <strong>eliminado o candidato que obtivesse nota na prova oral inferior a 5,00 pontos ou que n\u00e3o comparecesse para a realiza\u00e7\u00e3o da prova<\/strong>.<\/p>\n\n\n\n<h3 class=\"wp-block-heading\" id=\"h-avaliacao-de-titulos\"><span id=\"avaliacao-de-titulos\">Avalia\u00e7\u00e3o de T\u00edtulos <\/span><\/h3>\n\n\n\n<p>Foram avaliados os t\u00edtulos somente dos candidatos aprovados na prova oral. A avalia\u00e7\u00e3o de t\u00edtulos, de car\u00e1ter classificat\u00f3rio, valeu 20,45 pontos, ainda que a soma dos valores dos t\u00edtulos apresentados fosse superior a esse valor.<\/p>\n\n\n\n<figure class=\"wp-block-table is-style-stripes\"><table class=\"has-luminous-vivid-amber-background-color has-background\"><thead><tr><th class=\"has-text-align-center\" data-align=\"center\">T\u00edtulo<\/th><th class=\"has-text-align-center\" data-align=\"center\">Valor de cada t\u00edtulo<\/th><th class=\"has-text-align-center\" data-align=\"center\">Valor m\u00e1ximo dos t\u00edtulos<\/th><\/tr><\/thead><tbody><tr><td class=\"has-text-align-center\" data-align=\"center\">Diploma de curso de p\u00f3s-gradua\u00e7\u00e3o em n\u00edvel de doutorado em Direito. Tamb\u00e9m ser\u00e1 aceito certificado\/ declara\u00e7\u00e3o de conclus\u00e3o de curso de Doutorado, desde que acompanhado de<br>hist\u00f3rico escolar.<\/td><td class=\"has-text-align-center\" data-align=\"center\">5,40<\/td><td class=\"has-text-align-center\" data-align=\"center\">5,40<\/td><\/tr><tr><td class=\"has-text-align-center\" data-align=\"center\">Diploma de curso de p\u00f3s-gradua\u00e7\u00e3o em n\u00edvel de mestrado em Direito. Tamb\u00e9m ser\u00e1 aceito certificado\/ declara\u00e7\u00e3o de conclus\u00e3o de curso de Mestrado, desde que acompanhado de hist\u00f3rico escolar.<\/td><td class=\"has-text-align-center\" data-align=\"center\">2,70<\/td><td class=\"has-text-align-center\" data-align=\"center\">2,70<\/td><\/tr><tr><td class=\"has-text-align-center\" data-align=\"center\">Certificado de curso de p\u00f3s-gradua\u00e7\u00e3o em n\u00edvel de especializa\u00e7\u00e3o, com carga hor\u00e1ria m\u00ednima de 360 h\/a em Direito. Tamb\u00e9m ser\u00e1 aceita declara\u00e7\u00e3o de conclus\u00e3o p\u00f3s-gradua\u00e7\u00e3o, desde que acompanhada de hist\u00f3rico escolar.<\/td><td class=\"has-text-align-center\" data-align=\"center\">1,35<\/td><td class=\"has-text-align-center\" data-align=\"center\">1,35<\/td><\/tr><tr><td class=\"has-text-align-center\" data-align=\"center\">Exerc\u00edcio em cargo da carreira policial civil<\/td><td class=\"has-text-align-center\" data-align=\"center\">1,40 por ano<br>completo,<br>sem sobreposi\u00e7\u00e3o<br>de tempo<\/td><td class=\"has-text-align-center\" data-align=\"center\">7,00<\/td><\/tr><tr><td class=\"has-text-align-center\" data-align=\"center\">Exerc\u00edcio de atividade profissional em emprego\/cargo\/fun\u00e7\u00e3o privativo de bacharel em Direito na Administra\u00e7\u00e3o P\u00fablica ou na iniciativa privada, em empregos\/ cargos\/fun\u00e7\u00f5es.<\/td><td class=\"has-text-align-center\" data-align=\"center\">0,80 por ano<br>completo,<br>sem sobreposi\u00e7\u00e3o<br>de tempo<\/td><td class=\"has-text-align-center\" data-align=\"center\">4,00<\/td><\/tr><tr><td class=\"has-text-align-center\" data-align=\"center\"><strong>TOTAL<\/strong><\/td><td class=\"has-text-align-center\" data-align=\"center\"><\/td><td class=\"has-text-align-center\" data-align=\"center\"><strong>20,45<\/strong><\/td><\/tr><\/tbody><\/table><\/figure>\n\n\n\n<h2 class=\"wp-block-heading\" id=\"h-como-comecar-a-estudar-para-delegado-passo-a-passo\"><span id=\"como-comecar-a-estudar-para-delegado-passo-a-passo\">Como come\u00e7ar a estudar para Delegado? Passo a passo!<\/span><\/h2>\n\n\n\n<figure class=\"wp-block-embed is-type-video is-provider-youtube wp-block-embed-youtube wp-embed-aspect-16-9 wp-has-aspect-ratio\"><div class=\"wp-block-embed__wrapper\">\n<div class=\"cs-embed cs-embed-responsive\"><iframe title=\"Como come\u00e7ar a estudar para Delegado? Passo a passo!\" width=\"1200\" height=\"675\" src=\"https:\/\/www.youtube.com\/embed\/cQBOW_-Jr7I?feature=oembed\" frameborder=\"0\" allow=\"accelerometer; autoplay; clipboard-write; encrypted-media; gyroscope; picture-in-picture; web-share\" referrerpolicy=\"strict-origin-when-cross-origin\" allowfullscreen><\/iframe><\/div>\n<\/div><\/figure>\n\n\n\n<h3 class=\"wp-block-heading\" id=\"h-material-de-estudo\"><span id=\"material-de-estudo\">Material de Estudo <\/span><\/h3>\n\n\n\n<ul class=\"wp-block-list\">\n<li><a href=\"https:\/\/www.youtube.com\/watch?v=mZ7a_Iv9LJc\">As t\u00e9cnicas usadas pelos PRIMEIROS colocados em concursos de DELEGADO<\/a><\/li>\n\n\n\n<li><a href=\"https:\/\/www.youtube.com\/watch?v=LZLmZMC3yeI&amp;list=PLIqSUMY9ZmeERJxpSRueplheXAa7F5cMi\">Curso Completo de Pe\u00e7as para Delegado de Pol\u00edcia<\/a><\/li>\n\n\n\n<li><a href=\"https:\/\/www.youtube.com\/watch?v=PfxbZjKsifk\">Como estudar do zero para Delegado<\/a><\/li>\n<\/ul>\n\n\n\n<h2 class=\"wp-block-heading has-text-align-center\" id=\"cursos\"><span id=\"quer-saber-tudo-sobre-concursos-previstosconfira-nossos-artigos\">Quer saber tudo sobre concursos previstos?<br>Confira nossos artigos!<\/span><\/h2>\n\n\n\n<ul class=\"wp-block-list\">\n<li><a href=\"https:\/\/cj.estrategia.com\/portal\/concursos-abertos-carreiras-juridicas\/\">Concurso jur\u00eddicos abertos<\/a><\/li>\n\n\n\n<li><a href=\"https:\/\/cj.estrategia.com\/portal\/concursos-juridicos-2026-prepare-se-para-os-proximos-editais\/\" target=\"_blank\" >Concursos Jur\u00eddicos 2026<\/a><\/li>\n\n\n\n<li><a href=\"https:\/\/cj.estrategia.com\/portal\/concursos-delegado\/\" target=\"_blank\" >Concursos Delegado<\/a><\/li>\n<\/ul>\n\n\n\n<p class=\"has-text-align-left\">Gostou desta oportunidade e deseja come\u00e7ar a se preparar agora mesmo? Ent\u00e3o, confira os nossos cursos e comece a estudar:<\/p>\n\n\n\n<div class=\"wp-block-cover\" style=\"min-height:155px;aspect-ratio:unset;\"><img decoding=\"async\" width=\"1890\" height=\"351\" class=\"wp-block-cover__image-background wp-image-8669\" alt=\"Assinaturas Jur\u00eddicas\" src=\"https:\/\/cj.estrategia.com\/portal\/wp-content\/uploads\/2022\/06\/20151253\/concurso-carreiras-juridicas-assinatura-juridica.jpg\" style=\"object-position:78% 43%\" data-object-fit=\"cover\" data-object-position=\"78% 43%\" srcset=\"https:\/\/cj.estrategia.com\/portal\/wp-content\/uploads\/2022\/06\/20151253\/concurso-carreiras-juridicas-assinatura-juridica.jpg 1890w, https:\/\/cj.estrategia.com\/portal\/wp-content\/uploads\/2022\/06\/20151253\/concurso-carreiras-juridicas-assinatura-juridica-300x56.jpg 300w, https:\/\/cj.estrategia.com\/portal\/wp-content\/uploads\/2022\/06\/20151253\/concurso-carreiras-juridicas-assinatura-juridica-1024x190.jpg 1024w, https:\/\/cj.estrategia.com\/portal\/wp-content\/uploads\/2022\/06\/20151253\/concurso-carreiras-juridicas-assinatura-juridica-768x143.jpg 768w, https:\/\/cj.estrategia.com\/portal\/wp-content\/uploads\/2022\/06\/20151253\/concurso-carreiras-juridicas-assinatura-juridica-1536x285.jpg 1536w, https:\/\/cj.estrategia.com\/portal\/wp-content\/uploads\/2022\/06\/20151253\/concurso-carreiras-juridicas-assinatura-juridica-380x71.jpg 380w, https:\/\/cj.estrategia.com\/portal\/wp-content\/uploads\/2022\/06\/20151253\/concurso-carreiras-juridicas-assinatura-juridica-800x149.jpg 800w, https:\/\/cj.estrategia.com\/portal\/wp-content\/uploads\/2022\/06\/20151253\/concurso-carreiras-juridicas-assinatura-juridica-1160x215.jpg 1160w\" sizes=\"(max-width: 1890px) 100vw, 1890px\" \/><span aria-hidden=\"true\" class=\"wp-block-cover__background has-background-dim\"><\/span><div class=\"wp-block-cover__inner-container is-layout-flow wp-block-cover-is-layout-flow\">\n<h3 id=\"faca-a-sua-assinatura\" class=\"titulo-assinatura\"><span style=\"color: #ffffff;\">Fa\u00e7a a sua assinatura!<\/span><\/h3>\n<p class=\"subtitulo-assinatura\" style=\"display:block!important; line-height: 0;\"><span style=\"color: #ffffff;\">Escolha a sua \u00e1rea.<\/span><\/p>\n<a target=\"_blank\" href=\"https:\/\/www.estrategiaconcursos.com.br\/assinaturas-ecj\/\" rel=\"noopener\"><button style=\"border-radius: 10px; text-transform: capitalize;\">Acessar<\/button><\/a>\n<\/div><\/div>\n\n\n\n<figure class=\"wp-block-image size-large is-resized\"><img decoding=\"async\" src=\"https:\/\/dhg1h5j42swfq.cloudfront.net\/2021\/03\/29115039\/ficha-tecnica-3-1024x632.png\" alt=\"\" class=\"wp-image-703316\" style=\"width:206px;height:127px\"\/><\/figure>\n\n\n\n<h4 class=\"wp-block-heading\" id=\"ficha\"><span id=\"informacoes-do-ultimo-concurso-delegado-mt\"><span style=\"color: #000000;\">Informa\u00e7\u00f5es do \u00faltimo Concurso<\/span> Delegado MT<\/span><\/h4>\n\n\n\n<ul class=\"wp-block-list\">\n<li><span style=\"color: #000000;\"><strong>Vagas<\/strong>: cadastro de reserva<\/span><\/li>\n\n\n\n<li><span style=\"color: #000000;\"><strong>Lota\u00e7\u00f5es<\/strong>: Mato Grosso<\/span><\/li>\n\n\n\n<li><span style=\"color: #000000;\"><strong>Remunera\u00e7\u00e3o inicial<\/strong>: R$ 19.316,49<\/span><\/li>\n\n\n\n<li><span style=\"color: #000000;\"><strong>Banca<\/strong>: Cebraspe<\/span><\/li>\n\n\n\n<li><span style=\"color: #000000;\"><strong>Escolaridade<\/strong>: Ensino superior<\/span><\/li>\n\n\n\n<li><strong>Edital<\/strong>: <a href=\"https:\/\/dhg1h5j42swfq.cloudfront.net\/2018\/02\/25144830\/ed_1_2017_pjc_mt_17_delegado_abt.pdf\" target=\"_blank\" rel=\"noreferrer noopener nofollow\">Delegado MT 2017<\/a><\/li>\n<\/ul>\n","protected":false},"excerpt":{"rendered":"Saiba tudo sobre o certame: vagas, sal\u00e1rios e requisitos para se tornar Delegado de Pol\u00edcia no estado.\n","protected":false},"author":12,"featured_media":177678,"comment_status":"open","ping_status":"open","sticky":false,"template":"","format":"standard","meta":{"_jetpack_memberships_contains_paid_content":false,"footnotes":""},"categories":[28],"tags":[],"tax_estado":[43],"class_list":{"0":"post-2082","1":"post","2":"type-post","3":"status-publish","4":"format-standard","5":"has-post-thumbnail","7":"category-delegado","8":"tax_estado-mt"},"acf":[],"yoast_head":"<!-- This site is optimized with the Yoast SEO Premium plugin v27.4 (Yoast SEO v27.4) - https:\/\/yoast.com\/product\/yoast-seo-premium-wordpress\/ -->\n<title>Concurso Delegado MT: comiss\u00e3o formada! Saiba mais!<\/title>\n<meta name=\"description\" content=\"Saiba tudo sobre o concurso Delegado MT: vagas, sal\u00e1rios e requisitos para se tornar Delegado de Pol\u00edcia no estado.\" \/>\n<meta name=\"robots\" content=\"index, follow, max-snippet:-1, max-image-preview:large, max-video-preview:-1\" \/>\n<link rel=\"canonical\" href=\"https:\/\/cj.estrategia.com\/portal\/concurso-delegado-mt\/\" \/>\n<meta property=\"og:locale\" content=\"pt_BR\" \/>\n<meta property=\"og:type\" content=\"article\" \/>\n<meta property=\"og:title\" content=\"Concurso Delegado MT: comiss\u00e3o formada! Saiba mais!\" \/>\n<meta property=\"og:description\" content=\"Saiba tudo sobre o concurso Delegado MT: vagas, sal\u00e1rios e requisitos para se tornar Delegado de Pol\u00edcia no estado.\" \/>\n<meta property=\"og:url\" content=\"https:\/\/cj.estrategia.com\/portal\/concurso-delegado-mt\/\" \/>\n<meta property=\"og:site_name\" content=\"Blog - Carreiras Jur\u00eddicas - Estrat\u00e9gia\" \/>\n<meta property=\"article:publisher\" content=\"https:\/\/www.facebook.com\/estrategiacarreirajuridica\/\" \/>\n<meta property=\"article:published_time\" content=\"2026-02-13T12:17:00+00:00\" \/>\n<meta property=\"article:modified_time\" content=\"2026-04-02T18:08:21+00:00\" \/>\n<meta property=\"og:image\" content=\"https:\/\/cj.estrategia.com\/portal\/wp-content\/uploads\/2026\/01\/04103859\/CAPA-2.jpg\" \/>\n\t<meta property=\"og:image:width\" content=\"2459\" \/>\n\t<meta property=\"og:image:height\" content=\"1383\" \/>\n\t<meta property=\"og:image:type\" content=\"image\/jpeg\" \/>\n<meta name=\"author\" content=\"Coordena\u00e7\u00e3o\" \/>\n<meta name=\"twitter:card\" content=\"summary_large_image\" \/>\n<meta name=\"twitter:creator\" content=\"@EstratJuridica\" \/>\n<meta name=\"twitter:site\" content=\"@EstratJuridica\" \/>\n<meta name=\"twitter:label1\" content=\"Escrito por\" \/>\n\t<meta name=\"twitter:data1\" content=\"Coordena\u00e7\u00e3o\" \/>\n\t<meta name=\"twitter:label2\" content=\"Est. tempo de leitura\" \/>\n\t<meta name=\"twitter:data2\" content=\"10 minutos\" \/>\n<script type=\"application\/ld+json\" class=\"yoast-schema-graph\">{\"@context\":\"https:\\\/\\\/schema.org\",\"@graph\":[{\"@type\":\"NewsArticle\",\"@id\":\"https:\\\/\\\/cj.estrategia.com\\\/portal\\\/concurso-delegado-mt\\\/#article\",\"isPartOf\":{\"@id\":\"https:\\\/\\\/cj.estrategia.com\\\/portal\\\/concurso-delegado-mt\\\/\"},\"author\":{\"name\":\"Coordena\u00e7\u00e3o\",\"@id\":\"https:\\\/\\\/cj.estrategia.com\\\/portal\\\/#\\\/schema\\\/person\\\/4d70317d31449932b99102916b6637f5\"},\"headline\":\"Concurso Delegado MT: comiss\u00e3o formada! Saiba mais!\",\"datePublished\":\"2026-02-13T12:17:00+00:00\",\"dateModified\":\"2026-04-02T18:08:21+00:00\",\"mainEntityOfPage\":{\"@id\":\"https:\\\/\\\/cj.estrategia.com\\\/portal\\\/concurso-delegado-mt\\\/\"},\"wordCount\":1928,\"commentCount\":0,\"publisher\":{\"@id\":\"https:\\\/\\\/cj.estrategia.com\\\/portal\\\/#organization\"},\"image\":{\"@id\":\"https:\\\/\\\/cj.estrategia.com\\\/portal\\\/concurso-delegado-mt\\\/#primaryimage\"},\"thumbnailUrl\":\"https:\\\/\\\/cj.estrategia.com\\\/portal\\\/wp-content\\\/uploads\\\/2026\\\/01\\\/04103859\\\/CAPA-2.jpg\",\"articleSection\":[\"Delegado\"],\"inLanguage\":\"pt-BR\",\"potentialAction\":[{\"@type\":\"CommentAction\",\"name\":\"Comment\",\"target\":[\"https:\\\/\\\/cj.estrategia.com\\\/portal\\\/concurso-delegado-mt\\\/#respond\"]}],\"accessibilityFeature\":[\"tableOfContents\"]},{\"@type\":\"WebPage\",\"@id\":\"https:\\\/\\\/cj.estrategia.com\\\/portal\\\/concurso-delegado-mt\\\/\",\"url\":\"https:\\\/\\\/cj.estrategia.com\\\/portal\\\/concurso-delegado-mt\\\/\",\"name\":\"Concurso Delegado MT: comiss\u00e3o formada! Saiba mais!\",\"isPartOf\":{\"@id\":\"https:\\\/\\\/cj.estrategia.com\\\/portal\\\/#website\"},\"primaryImageOfPage\":{\"@id\":\"https:\\\/\\\/cj.estrategia.com\\\/portal\\\/concurso-delegado-mt\\\/#primaryimage\"},\"image\":{\"@id\":\"https:\\\/\\\/cj.estrategia.com\\\/portal\\\/concurso-delegado-mt\\\/#primaryimage\"},\"thumbnailUrl\":\"https:\\\/\\\/cj.estrategia.com\\\/portal\\\/wp-content\\\/uploads\\\/2026\\\/01\\\/04103859\\\/CAPA-2.jpg\",\"datePublished\":\"2026-02-13T12:17:00+00:00\",\"dateModified\":\"2026-04-02T18:08:21+00:00\",\"description\":\"Saiba tudo sobre o concurso Delegado MT: vagas, sal\u00e1rios e requisitos para se tornar Delegado de Pol\u00edcia no estado.\",\"breadcrumb\":{\"@id\":\"https:\\\/\\\/cj.estrategia.com\\\/portal\\\/concurso-delegado-mt\\\/#breadcrumb\"},\"inLanguage\":\"pt-BR\",\"potentialAction\":[{\"@type\":\"ReadAction\",\"target\":[\"https:\\\/\\\/cj.estrategia.com\\\/portal\\\/concurso-delegado-mt\\\/\"]}]},{\"@type\":\"ImageObject\",\"inLanguage\":\"pt-BR\",\"@id\":\"https:\\\/\\\/cj.estrategia.com\\\/portal\\\/concurso-delegado-mt\\\/#primaryimage\",\"url\":\"https:\\\/\\\/cj.estrategia.com\\\/portal\\\/wp-content\\\/uploads\\\/2026\\\/01\\\/04103859\\\/CAPA-2.jpg\",\"contentUrl\":\"https:\\\/\\\/cj.estrategia.com\\\/portal\\\/wp-content\\\/uploads\\\/2026\\\/01\\\/04103859\\\/CAPA-2.jpg\",\"width\":2459,\"height\":1383},{\"@type\":\"BreadcrumbList\",\"@id\":\"https:\\\/\\\/cj.estrategia.com\\\/portal\\\/concurso-delegado-mt\\\/#breadcrumb\",\"itemListElement\":[{\"@type\":\"ListItem\",\"position\":1,\"name\":\"In\u00edcio\",\"item\":\"https:\\\/\\\/cj.estrategia.com\\\/portal\\\/\"},{\"@type\":\"ListItem\",\"position\":2,\"name\":\"Concurso Delegado MT: comiss\u00e3o formada! Saiba mais!\"}]},{\"@type\":\"WebSite\",\"@id\":\"https:\\\/\\\/cj.estrategia.com\\\/portal\\\/#website\",\"url\":\"https:\\\/\\\/cj.estrategia.com\\\/portal\\\/\",\"name\":\"Blog - Carreiras Jur\u00eddicas - Estrat\u00e9gia\",\"description\":\"\",\"publisher\":{\"@id\":\"https:\\\/\\\/cj.estrategia.com\\\/portal\\\/#organization\"},\"potentialAction\":[{\"@type\":\"SearchAction\",\"target\":{\"@type\":\"EntryPoint\",\"urlTemplate\":\"https:\\\/\\\/cj.estrategia.com\\\/portal\\\/?s={search_term_string}\"},\"query-input\":{\"@type\":\"PropertyValueSpecification\",\"valueRequired\":true,\"valueName\":\"search_term_string\"}}],\"inLanguage\":\"pt-BR\"},{\"@type\":\"Organization\",\"@id\":\"https:\\\/\\\/cj.estrategia.com\\\/portal\\\/#organization\",\"name\":\"Estrat\u00e9gia - Carreiras Jur\u00eddicas\",\"url\":\"https:\\\/\\\/cj.estrategia.com\\\/portal\\\/\",\"logo\":{\"@type\":\"ImageObject\",\"inLanguage\":\"pt-BR\",\"@id\":\"https:\\\/\\\/cj.estrategia.com\\\/portal\\\/#\\\/schema\\\/logo\\\/image\\\/\",\"url\":\"https:\\\/\\\/cj.estrategia.com\\\/portal\\\/wp-content\\\/uploads\\\/2022\\\/03\\\/11151052\\\/cj-logo.png\",\"contentUrl\":\"https:\\\/\\\/cj.estrategia.com\\\/portal\\\/wp-content\\\/uploads\\\/2022\\\/03\\\/11151052\\\/cj-logo.png\",\"width\":150,\"height\":39,\"caption\":\"Estrat\u00e9gia - Carreiras Jur\u00eddicas\"},\"image\":{\"@id\":\"https:\\\/\\\/cj.estrategia.com\\\/portal\\\/#\\\/schema\\\/logo\\\/image\\\/\"},\"sameAs\":[\"https:\\\/\\\/www.facebook.com\\\/estrategiacarreirajuridica\\\/\",\"https:\\\/\\\/x.com\\\/EstratJuridica\",\"https:\\\/\\\/www.instagram.com\\\/estrategiacarreirajuridica\\\/\",\"https:\\\/\\\/www.youtube.com\\\/channel\\\/UClbMGuYbj2Mh1m3w144ETWQ\"]},{\"@type\":\"Person\",\"@id\":\"https:\\\/\\\/cj.estrategia.com\\\/portal\\\/#\\\/schema\\\/person\\\/4d70317d31449932b99102916b6637f5\",\"name\":\"Coordena\u00e7\u00e3o\",\"image\":{\"@type\":\"ImageObject\",\"inLanguage\":\"pt-BR\",\"@id\":\"https:\\\/\\\/cj.estrategia.com\\\/portal\\\/wp-content\\\/uploads\\\/2022\\\/05\\\/12164923\\\/estrategia-carreira-juridica-coordenacao-96x96.png\",\"url\":\"https:\\\/\\\/cj.estrategia.com\\\/portal\\\/wp-content\\\/uploads\\\/2022\\\/05\\\/12164923\\\/estrategia-carreira-juridica-coordenacao-96x96.png\",\"contentUrl\":\"https:\\\/\\\/cj.estrategia.com\\\/portal\\\/wp-content\\\/uploads\\\/2022\\\/05\\\/12164923\\\/estrategia-carreira-juridica-coordenacao-96x96.png\",\"caption\":\"Coordena\u00e7\u00e3o\"},\"url\":\"https:\\\/\\\/cj.estrategia.com\\\/portal\\\/author\\\/coordenacao\\\/\"}]}<\/script>\n<!-- \/ Yoast SEO Premium plugin. -->","yoast_head_json":{"title":"Concurso Delegado MT: comiss\u00e3o formada! Saiba mais!","description":"Saiba tudo sobre o concurso Delegado MT: vagas, sal\u00e1rios e requisitos para se tornar Delegado de Pol\u00edcia no estado.","robots":{"index":"index","follow":"follow","max-snippet":"max-snippet:-1","max-image-preview":"max-image-preview:large","max-video-preview":"max-video-preview:-1"},"canonical":"https:\/\/cj.estrategia.com\/portal\/concurso-delegado-mt\/","og_locale":"pt_BR","og_type":"article","og_title":"Concurso Delegado MT: comiss\u00e3o formada! Saiba mais!","og_description":"Saiba tudo sobre o concurso Delegado MT: vagas, sal\u00e1rios e requisitos para se tornar Delegado de Pol\u00edcia no estado.","og_url":"https:\/\/cj.estrategia.com\/portal\/concurso-delegado-mt\/","og_site_name":"Blog - Carreiras Jur\u00eddicas - Estrat\u00e9gia","article_publisher":"https:\/\/www.facebook.com\/estrategiacarreirajuridica\/","article_published_time":"2026-02-13T12:17:00+00:00","article_modified_time":"2026-04-02T18:08:21+00:00","og_image":[{"width":2459,"height":1383,"url":"https:\/\/cj.estrategia.com\/portal\/wp-content\/uploads\/2026\/01\/04103859\/CAPA-2.jpg","type":"image\/jpeg"}],"author":"Coordena\u00e7\u00e3o","twitter_card":"summary_large_image","twitter_creator":"@EstratJuridica","twitter_site":"@EstratJuridica","twitter_misc":{"Escrito por":"Coordena\u00e7\u00e3o","Est. tempo de leitura":"10 minutos"},"schema":{"@context":"https:\/\/schema.org","@graph":[{"@type":"NewsArticle","@id":"https:\/\/cj.estrategia.com\/portal\/concurso-delegado-mt\/#article","isPartOf":{"@id":"https:\/\/cj.estrategia.com\/portal\/concurso-delegado-mt\/"},"author":{"name":"Coordena\u00e7\u00e3o","@id":"https:\/\/cj.estrategia.com\/portal\/#\/schema\/person\/4d70317d31449932b99102916b6637f5"},"headline":"Concurso Delegado MT: comiss\u00e3o formada! Saiba mais!","datePublished":"2026-02-13T12:17:00+00:00","dateModified":"2026-04-02T18:08:21+00:00","mainEntityOfPage":{"@id":"https:\/\/cj.estrategia.com\/portal\/concurso-delegado-mt\/"},"wordCount":1928,"commentCount":0,"publisher":{"@id":"https:\/\/cj.estrategia.com\/portal\/#organization"},"image":{"@id":"https:\/\/cj.estrategia.com\/portal\/concurso-delegado-mt\/#primaryimage"},"thumbnailUrl":"https:\/\/cj.estrategia.com\/portal\/wp-content\/uploads\/2026\/01\/04103859\/CAPA-2.jpg","articleSection":["Delegado"],"inLanguage":"pt-BR","potentialAction":[{"@type":"CommentAction","name":"Comment","target":["https:\/\/cj.estrategia.com\/portal\/concurso-delegado-mt\/#respond"]}],"accessibilityFeature":["tableOfContents"]},{"@type":"WebPage","@id":"https:\/\/cj.estrategia.com\/portal\/concurso-delegado-mt\/","url":"https:\/\/cj.estrategia.com\/portal\/concurso-delegado-mt\/","name":"Concurso Delegado MT: comiss\u00e3o formada! Saiba mais!","isPartOf":{"@id":"https:\/\/cj.estrategia.com\/portal\/#website"},"primaryImageOfPage":{"@id":"https:\/\/cj.estrategia.com\/portal\/concurso-delegado-mt\/#primaryimage"},"image":{"@id":"https:\/\/cj.estrategia.com\/portal\/concurso-delegado-mt\/#primaryimage"},"thumbnailUrl":"https:\/\/cj.estrategia.com\/portal\/wp-content\/uploads\/2026\/01\/04103859\/CAPA-2.jpg","datePublished":"2026-02-13T12:17:00+00:00","dateModified":"2026-04-02T18:08:21+00:00","description":"Saiba tudo sobre o concurso Delegado MT: vagas, sal\u00e1rios e requisitos para se tornar Delegado de Pol\u00edcia no estado.","breadcrumb":{"@id":"https:\/\/cj.estrategia.com\/portal\/concurso-delegado-mt\/#breadcrumb"},"inLanguage":"pt-BR","potentialAction":[{"@type":"ReadAction","target":["https:\/\/cj.estrategia.com\/portal\/concurso-delegado-mt\/"]}]},{"@type":"ImageObject","inLanguage":"pt-BR","@id":"https:\/\/cj.estrategia.com\/portal\/concurso-delegado-mt\/#primaryimage","url":"https:\/\/cj.estrategia.com\/portal\/wp-content\/uploads\/2026\/01\/04103859\/CAPA-2.jpg","contentUrl":"https:\/\/cj.estrategia.com\/portal\/wp-content\/uploads\/2026\/01\/04103859\/CAPA-2.jpg","width":2459,"height":1383},{"@type":"BreadcrumbList","@id":"https:\/\/cj.estrategia.com\/portal\/concurso-delegado-mt\/#breadcrumb","itemListElement":[{"@type":"ListItem","position":1,"name":"In\u00edcio","item":"https:\/\/cj.estrategia.com\/portal\/"},{"@type":"ListItem","position":2,"name":"Concurso Delegado MT: comiss\u00e3o formada! Saiba mais!"}]},{"@type":"WebSite","@id":"https:\/\/cj.estrategia.com\/portal\/#website","url":"https:\/\/cj.estrategia.com\/portal\/","name":"Blog - Carreiras Jur\u00eddicas - Estrat\u00e9gia","description":"","publisher":{"@id":"https:\/\/cj.estrategia.com\/portal\/#organization"},"potentialAction":[{"@type":"SearchAction","target":{"@type":"EntryPoint","urlTemplate":"https:\/\/cj.estrategia.com\/portal\/?s={search_term_string}"},"query-input":{"@type":"PropertyValueSpecification","valueRequired":true,"valueName":"search_term_string"}}],"inLanguage":"pt-BR"},{"@type":"Organization","@id":"https:\/\/cj.estrategia.com\/portal\/#organization","name":"Estrat\u00e9gia - Carreiras Jur\u00eddicas","url":"https:\/\/cj.estrategia.com\/portal\/","logo":{"@type":"ImageObject","inLanguage":"pt-BR","@id":"https:\/\/cj.estrategia.com\/portal\/#\/schema\/logo\/image\/","url":"https:\/\/cj.estrategia.com\/portal\/wp-content\/uploads\/2022\/03\/11151052\/cj-logo.png","contentUrl":"https:\/\/cj.estrategia.com\/portal\/wp-content\/uploads\/2022\/03\/11151052\/cj-logo.png","width":150,"height":39,"caption":"Estrat\u00e9gia - Carreiras Jur\u00eddicas"},"image":{"@id":"https:\/\/cj.estrategia.com\/portal\/#\/schema\/logo\/image\/"},"sameAs":["https:\/\/www.facebook.com\/estrategiacarreirajuridica\/","https:\/\/x.com\/EstratJuridica","https:\/\/www.instagram.com\/estrategiacarreirajuridica\/","https:\/\/www.youtube.com\/channel\/UClbMGuYbj2Mh1m3w144ETWQ"]},{"@type":"Person","@id":"https:\/\/cj.estrategia.com\/portal\/#\/schema\/person\/4d70317d31449932b99102916b6637f5","name":"Coordena\u00e7\u00e3o","image":{"@type":"ImageObject","inLanguage":"pt-BR","@id":"https:\/\/cj.estrategia.com\/portal\/wp-content\/uploads\/2022\/05\/12164923\/estrategia-carreira-juridica-coordenacao-96x96.png","url":"https:\/\/cj.estrategia.com\/portal\/wp-content\/uploads\/2022\/05\/12164923\/estrategia-carreira-juridica-coordenacao-96x96.png","contentUrl":"https:\/\/cj.estrategia.com\/portal\/wp-content\/uploads\/2022\/05\/12164923\/estrategia-carreira-juridica-coordenacao-96x96.png","caption":"Coordena\u00e7\u00e3o"},"url":"https:\/\/cj.estrategia.com\/portal\/author\/coordenacao\/"}]}},"jetpack_featured_media_url":"https:\/\/cj.estrategia.com\/portal\/wp-content\/uploads\/2026\/01\/04103859\/CAPA-2.jpg","jetpack_sharing_enabled":true,"_links":{"self":[{"href":"https:\/\/cj.estrategia.com\/portal\/wp-json\/wp\/v2\/posts\/2082","targetHints":{"allow":["GET"]}}],"collection":[{"href":"https:\/\/cj.estrategia.com\/portal\/wp-json\/wp\/v2\/posts"}],"about":[{"href":"https:\/\/cj.estrategia.com\/portal\/wp-json\/wp\/v2\/types\/post"}],"author":[{"embeddable":true,"href":"https:\/\/cj.estrategia.com\/portal\/wp-json\/wp\/v2\/users\/12"}],"replies":[{"embeddable":true,"href":"https:\/\/cj.estrategia.com\/portal\/wp-json\/wp\/v2\/comments?post=2082"}],"version-history":[{"count":58,"href":"https:\/\/cj.estrategia.com\/portal\/wp-json\/wp\/v2\/posts\/2082\/revisions"}],"predecessor-version":[{"id":185299,"href":"https:\/\/cj.estrategia.com\/portal\/wp-json\/wp\/v2\/posts\/2082\/revisions\/185299"}],"wp:featuredmedia":[{"embeddable":true,"href":"https:\/\/cj.estrategia.com\/portal\/wp-json\/wp\/v2\/media\/177678"}],"wp:attachment":[{"href":"https:\/\/cj.estrategia.com\/portal\/wp-json\/wp\/v2\/media?parent=2082"}],"wp:term":[{"taxonomy":"category","embeddable":true,"href":"https:\/\/cj.estrategia.com\/portal\/wp-json\/wp\/v2\/categories?post=2082"},{"taxonomy":"post_tag","embeddable":true,"href":"https:\/\/cj.estrategia.com\/portal\/wp-json\/wp\/v2\/tags?post=2082"},{"taxonomy":"tax_estado","embeddable":true,"href":"https:\/\/cj.estrategia.com\/portal\/wp-json\/wp\/v2\/tax_estado?post=2082"}],"curies":[{"name":"wp","href":"https:\/\/api.w.org\/{rel}","templated":true}]}}