{"id":2067,"date":"2026-03-06T17:26:00","date_gmt":"2026-03-06T20:26:00","guid":{"rendered":"https:\/\/cj.estrategia.com\/portal\/?p=2067"},"modified":"2026-04-01T15:43:50","modified_gmt":"2026-04-01T18:43:50","slug":"concurso-delegado-sc","status":"publish","type":"post","link":"https:\/\/cj.estrategia.com\/portal\/concurso-delegado-sc\/","title":{"rendered":"Concurso Delegado SC: 46 novos aprovados nomeados! Saiba tudo!"},"content":{"rendered":"\n<p><strong><em>Novas nomea\u00e7\u00f5es ampliam convoca\u00e7\u00f5es e indicam aproveitamento al\u00e9m das vagas no Delegado SC.<\/em><\/strong><\/p>\n\n\n<a id=\"cta-icon\" href=\"https:\/\/sndflw.com\/i\/delegado-civil-grupo\" target=\"blank\" style=\"background:rgb(41,166,26)\">\n            <img decoding=\"async\" src=\"https:\/\/cj.estrategia.com\/portal\/wp-content\/uploads\/2023\/12\/07160657\/whatsapp_1385.webp\" alt=\"\" alt=\"whatsapp_1385\"><span > Acesse agora o Grupo de Estudos para Delegado Civil<\/span><\/a>\n\n\n\n<p>Foi anunciada a <a href=\"https:\/\/cj.estrategia.com\/portal\/wp-content\/uploads\/2025\/11\/17172513\/pcsc.pdf\">nomea\u00e7\u00e3o <\/a>de mais 46 aprovados no \u00faltimo concurso para Delegado da Pol\u00edcia Civil de Santa Catarina (SC), realizado em 2023.<\/p>\n\n\n\n<p>Com isso, o total de convocados chega a 96 candidatos. O certame, j\u00e1 homologado, ofertou 30 vagas, com vencimento inicial de R$ 22.828,99, sob organiza\u00e7\u00e3o da Funda\u00e7\u00e3o Getulio Vargas (FGV), e registrou 9.704 inscritos.<\/p>\n\n\n\n<p>Para ingressar na carreira de Delegado, \u00e9 necess\u00e1rio possuir diploma de bacharel em Direito, al\u00e9m de, no m\u00ednimo, tr\u00eas anos de atividade jur\u00eddica ou policial, capacidade f\u00edsica, aptid\u00e3o psicol\u00f3gica e carteira nacional de habilita\u00e7\u00e3o (CNH).<\/p>\n\n\n\n<ul class=\"wp-block-list has-very-light-gray-to-cyan-bluish-gray-gradient-background has-background\">\n<li><strong>Concurso Delegado SC<\/strong><\/li>\n\n\n\n<li><strong>Status<\/strong>: aprovados nomeados<\/li>\n\n\n\n<li><strong>Banca:<\/strong> <a href=\"https:\/\/conhecimento.fgv.br\/concursos\/pcsc23\/1\" target=\"_blank\" >FGV<\/a> (\u00daltimo edital)<\/li>\n\n\n\n<li><strong>Vagas:<\/strong>&nbsp;30 (\u00daltimo edital)<\/li>\n\n\n\n<li><strong>Sal\u00e1rio:<\/strong>\u00a0R$ 22.828,99 (\u00daltimo edital)<\/li>\n<\/ul>\n\n\n\n<div class=\"container\" id=\"boxes\">\n  <div class=\"row\">\n\n    <div class=\"col-sm\">\n      <div class=\"banner-ecj-delegado\" id=\"box-assinatura\">\n        <h2 id=\"cursos-para-concurso-delegado-sc\" class=\"titulo-assinatura\"><span style=\"color: #ffffff; font-size: 23px; \">Cursos para Concurso Delegado SC<\/span><\/h2>\n        <p class=\"subtitulo-assinatura\">Cursos focados no edital!<\/p>\n        <div class=\"box-botao\">\n          <a class=\"btn-assinatura-juridica\" target=\"_blank\" href=\"https:\/\/cj.estrategia.com\/concurso\/pc-sc\" role=\"button\" rel=\"noopener noreferrer\">CLIQUE AQUI<\/a>\n        <\/div>\n      <\/div>\n      <p class=\"texto-auxiliar\">Prepare-se com o melhor material e com quem mais aprova em concursos em todo o pa\u00eds. \n<\/p>\n    <\/div>\n\n  <\/div>\n<\/div>\n\n\n\n<div class=\"wp-block-yoast-seo-table-of-contents yoast-table-of-contents\"><ul><li><a href=\"#h-carreira-de-delegado-na-pc-sc\" data-level=\"2\">Carreira de Delegado na PC SC<\/a><ul><li><a href=\"#remuneracao\" data-level=\"3\">Remunera\u00e7\u00e3o<\/a><\/li><li><a href=\"#atribui\u00e7\u00f5es\" data-level=\"3\">Atribui\u00e7\u00f5es sum\u00e1rias do cargo<\/a><\/li><\/ul><\/li><li><a href=\"#h-concurso-delegado-sc-etapas-e-provas\" data-level=\"2\">Concurso Delegado SC: etapas e provas<\/a><ul><li><a href=\"#etapas\" data-level=\"3\">Prova Objetiva<\/a><\/li><li><a href=\"#dissertativa\" data-level=\"3\">Prova Dissertativa<\/a><\/li><li><a href=\"#f\u00edsica\" data-level=\"3\">Exame de aptid\u00e3o f\u00edsica<\/a><\/li><li><a href=\"#oral\" data-level=\"3\">Prova oral<\/a><\/li><li><a href=\"#t\u00edtulo\" data-level=\"3\">Avalia\u00e7\u00e3o de T\u00edtulos<\/a><\/li><\/ul><\/li><li><a href=\"#h-resultados-gabaritos-e-homologacao-do-edital-2023\" data-level=\"2\">Resultados, gabaritos e homologa\u00e7\u00e3o do edital 2023<\/a><ul><li><a href=\"#h-o-que-faz-um-delegado-da-pc-sc-entrevista-com-o-dr-franco-reginato-aprovado-aos-23-anos\" data-level=\"3\">O que faz um Delegado da PC SC? Entrevista com o Dr. Franco Reginato (aprovado aos 23 anos)<\/a><\/li><li><a href=\"#h-material-de-estudo\" data-level=\"3\">Material de Estudo<\/a><\/li><\/ul><\/li><li><a href=\"#cursos\" data-level=\"2\">Quer saber tudo sobre concursos previstos? Confira nossos artigos!<\/a><\/li><li><a href=\"#cursos-assinatura\" data-level=\"2\">Quer estudar para o concurso Delegado SC?<\/a><\/li><\/ul><\/div>\n\n\n\n<h2 class=\"wp-block-heading\" id=\"h-carreira-de-delegado-na-pc-sc\"><span id=\"carreira-de-delegado-na-pc-sc\">Carreira de Delegado na PC SC<\/span><\/h2>\n\n\n\n<h3 id=\"requisitos\" class=\"wp-block-heading\">Requisitos<\/h3>\n\n\n\n<p>\u00c9 necess\u00e1rio possuir o diploma de bacharel em Direito, reconhecido pelo Minist\u00e9rio da Educa\u00e7\u00e3o, com Diploma registrado na institui\u00e7\u00e3o que o expedir, ou em institui\u00e7\u00e3o autorizada por lei.  A Lei Complementar 737\/2019 passou a exigir a comprova\u00e7\u00e3o de <strong>tr\u00eas anos de atividade jur\u00eddica ou policial.<\/strong> Al\u00e9m disso, exige-se a  capacidade f\u00edsica e aptid\u00e3o psicol\u00f3gica compat\u00edveis com o cargo pretendido e a posse de carteira nacional de habilita\u00e7\u00e3o.<\/p>\n\n\n\n<h3 class=\"wp-block-heading\" id=\"remuneracao\">Remunera\u00e7\u00e3o<\/h3>\n\n\n\n<p>De acordo com o novo edital a remunera\u00e7\u00e3o inicial de um Delegado da Pol\u00edcia Civil de Santa Catarina \u00e9 de <strong>R$ 22.828,99<\/strong> al\u00e9m dos benef\u00edcios como vale alimenta\u00e7\u00e3o, transporte plano de sa\u00fade entre outros.  <\/p>\n\n\n\n<h3 class=\"wp-block-heading\" id=\"atribui\u00e7\u00f5es\"><span id=\"atribuicoes-sumarias-do-cargo\">Atribui\u00e7\u00f5es sum\u00e1rias do cargo <\/span><\/h3>\n\n\n\n<p>Planejar, programar, organizar, dirigir, coordenar, supervisionar e controlar as atividades de pol\u00edcia judici\u00e1ria, de apura\u00e7\u00e3o de infra\u00e7\u00f5es penais e de pol\u00edcia administrativa, no \u00e2mbito das suas atribui\u00e7\u00f5es constitucionais e legais.<\/p>\n\n\n\n<h2 class=\"wp-block-heading\" id=\"h-concurso-delegado-sc-etapas-e-provas\"><span id=\"concurso-delegado-sc-etapas-e-provas\">Concurso Delegado SC: etapas e provas<\/span><\/h2>\n\n\n\n<p>Os candidatos foram avaliados por meio de oito etapas,foram elas<\/p>\n\n\n\n<ul class=\"wp-block-list\">\n<li><strong>Prova Objetiva <\/strong>(eliminat\u00f3ria\/classificat\u00f3ria);<\/li>\n\n\n\n<li><strong>Prova Dissertativa <\/strong>(eliminat\u00f3ria\/classificat\u00f3ria);<\/li>\n\n\n\n<li><strong>Prova de Capacidade F\u00edsica <\/strong>(eliminat\u00f3ria);<\/li>\n\n\n\n<li><strong>Prova Oral<\/strong> (eliminat\u00f3ria);<\/li>\n\n\n\n<li><strong>Investiga\u00e7\u00e3o Social<\/strong> (eliminat\u00f3ria);<\/li>\n\n\n\n<li><strong>Avalia\u00e7\u00e3o Psicol\u00f3gica<\/strong> (eliminat\u00f3ria);<\/li>\n\n\n\n<li><strong>Exame Toxicol\u00f3gico de Larga Janela de Detec\u00e7\u00e3o<\/strong> (eliminat\u00f3ria); e<\/li>\n\n\n\n<li><strong>Avalia\u00e7\u00e3o de T\u00edtulos<\/strong> (classificat\u00f3ria).<\/li>\n<\/ul>\n\n\n\n<h3 class=\"wp-block-heading\" id=\"etapas\"><span id=\"prova-objetiva\">Prova Objetiva<\/span><\/h3>\n\n\n\n<p>A prova objetiva do concurso para Delegado da Pol\u00edcia Civil de Santa Catarina aconteceu no dia <strong>28 de janeiro de 2024. <\/strong>Nesta fase os candidatos foram avaliados por meio de 100 quest\u00f5es com cinco alternativas, com dura\u00e7\u00e3o total de <strong>5 horas.<\/strong> <\/p>\n\n\n\n<figure class=\"wp-block-table is-style-stripes\"><table class=\"has-luminous-vivid-amber-background-color has-background\"><thead><tr><th class=\"has-text-align-center\" data-align=\"center\">\u00c1REA DE CONHECIMENTO<\/th><th class=\"has-text-align-center\" data-align=\"center\">QUEST\u00d5ES<\/th><\/tr><\/thead><tbody><tr><td class=\"has-text-align-center\" data-align=\"center\">Direito Constitucional<\/td><td class=\"has-text-align-center\" data-align=\"center\">15<\/td><\/tr><tr><td class=\"has-text-align-center\" data-align=\"center\">Direito Penal <\/td><td class=\"has-text-align-center\" data-align=\"center\">15<\/td><\/tr><tr><td class=\"has-text-align-center\" data-align=\"center\"> Direito Processual Penal <\/td><td class=\"has-text-align-center\" data-align=\"center\">15<\/td><\/tr><tr><td class=\"has-text-align-center\" data-align=\"center\">Direito Administrativo <\/td><td class=\"has-text-align-center\" data-align=\"center\">15<\/td><\/tr><tr><td class=\"has-text-align-center\" data-align=\"center\">L\u00edngua Portuguesa <\/td><td class=\"has-text-align-center\" data-align=\"center\">10<\/td><\/tr><tr><td class=\"has-text-align-center\" data-align=\"center\">Direitos Humanos <\/td><td class=\"has-text-align-center\" data-align=\"center\">5<\/td><\/tr><tr><td class=\"has-text-align-center\" data-align=\"center\">Direito Civil<\/td><td class=\"has-text-align-center\" data-align=\"center\">5<\/td><\/tr><tr><td class=\"has-text-align-center\" data-align=\"center\">Legisla\u00e7\u00e3o Institucional<\/td><td class=\"has-text-align-center\" data-align=\"center\">5<\/td><\/tr><tr><td class=\"has-text-align-center\" data-align=\"center\">Criminologia<\/td><td class=\"has-text-align-center\" data-align=\"center\">5<\/td><\/tr><tr><td class=\"has-text-align-center\" data-align=\"center\">Medicina Legal<\/td><td class=\"has-text-align-center\" data-align=\"center\">5<\/td><\/tr><tr><td class=\"has-text-align-center\" data-align=\"center\">No\u00e7\u00f5es de Tecnologia Aplic\u00e1vel a Investiga\u00e7\u00f5es Criminais<\/td><td class=\"has-text-align-center\" data-align=\"center\">5<\/td><\/tr><\/tbody><\/table><figcaption class=\"wp-element-caption\">Tabela de disciplinas e quest\u00f5es<\/figcaption><\/figure>\n\n\n\n<p>Foi considerado aprovado na Prova Objetiva o candidato que obteve o n\u00famero m\u00ednimo de 60 pontos no somat\u00f3rio das disciplinas integrantes da prova, pelo menos 1 ponto em cada disciplina do Grupo 1 e pelo menos 6 pontos no somat\u00f3rio das disciplinas do Grupo 2.<\/p>\n\n\n\n<h3 class=\"wp-block-heading\" id=\"dissertativa\"><span id=\"prova-dissertativa\">Prova Dissertativa<\/span><\/h3>\n\n\n\n<p>A prova dissertativa do concurso para Delegado SC teve dura\u00e7\u00e3o de 3 horas e valor total de 60 pontos.<\/p>\n\n\n\n<p>A prova dissertativa foi composta por duas partes:<\/p>\n\n\n\n<ul class=\"wp-block-list\">\n<li>3 quest\u00f5es dissertativas, de at\u00e9 20 linhas cada, com valor m\u00e1ximo de 10 pontos cada; e<\/li>\n\n\n\n<li>1 pe\u00e7a profissional, de at\u00e9 60 linhas, com valor m\u00e1ximo de 30 pontos.<\/li>\n<\/ul>\n\n\n\n<h3 class=\"wp-block-heading\" id=\"f\u00edsica\"><span id=\"exame-de-aptidao-fisica\">Exame de aptid\u00e3o f\u00edsica<\/span><\/h3>\n\n\n\n<p>A Prova de Capacidade F\u00edsica consistiu em submeter os candidatos aos testes e desempenhos m\u00ednimos apresentados na tabela abaixo:<\/p>\n\n\n\n<figure class=\"wp-block-image size-large\"><img decoding=\"async\" width=\"1024\" height=\"261\" src=\"https:\/\/cj.estrategia.com\/portal\/wp-content\/uploads\/2023\/10\/16173632\/image-7-1024x261.png\" alt=\"Tabela de detalhes da prova TAF\" class=\"wp-image-47743\" srcset=\"https:\/\/cj.estrategia.com\/portal\/wp-content\/uploads\/2023\/10\/16173632\/image-7-1024x261.png 1024w, https:\/\/cj.estrategia.com\/portal\/wp-content\/uploads\/2023\/10\/16173632\/image-7-300x76.png 300w, https:\/\/cj.estrategia.com\/portal\/wp-content\/uploads\/2023\/10\/16173632\/image-7-768x196.png 768w, https:\/\/cj.estrategia.com\/portal\/wp-content\/uploads\/2023\/10\/16173632\/image-7-380x97.png 380w, https:\/\/cj.estrategia.com\/portal\/wp-content\/uploads\/2023\/10\/16173632\/image-7-800x204.png 800w, https:\/\/cj.estrategia.com\/portal\/wp-content\/uploads\/2023\/10\/16173632\/image-7-1160x295.png 1160w, https:\/\/cj.estrategia.com\/portal\/wp-content\/uploads\/2023\/10\/16173632\/image-7-150x38.png 150w, https:\/\/cj.estrategia.com\/portal\/wp-content\/uploads\/2023\/10\/16173632\/image-7.png 1198w\" sizes=\"(max-width: 1024px) 100vw, 1024px\" \/><\/figure>\n\n\n\n<p>A prova de capacidade f\u00edsica \u00e9 eliminat\u00f3ria e o candidato que n\u00e3o obtivesse o desempenho m\u00ednimo exigido em qualquer um dos testes, ou que n\u00e3o o executasse corretamente de acordo com as normas e procedimentos, seria considerado INAPTO. <\/p>\n\n\n\n<h3 class=\"wp-block-heading\" id=\"oral\"><span id=\"prova-oral\">Prova oral<\/span><\/h3>\n\n\n\n<p>Foram convocados para a prova oral todos os candidatos considerados aptos no exame de capacidade f\u00edsica.<\/p>\n\n\n\n<p>A prova oral foi realizada em sess\u00e3o p\u00fablica e consistiu na argui\u00e7\u00e3o dos candidatos sobre quest\u00f5es relacionadas \u00e0s disciplinas de Direito Administrativo, Direito Constitucional, Direito Penal e Direito Processual Penal.<\/p>\n\n\n\n<p>O tempo total de argui\u00e7\u00e3o de cada candidato foi de aproximadamente 40 minutos, e cada membro da banca examinadora p\u00f4de atribuir nota de 0 a 10, considerando o conhecimento jur\u00eddico demonstrado.<\/p>\n\n\n\n<h3 class=\"wp-block-heading\" id=\"t\u00edtulo\"><span id=\"avaliacao-de-titulos\">Avalia\u00e7\u00e3o de T\u00edtulos <\/span><\/h3>\n\n\n\n<p>Foram convocados para a Avalia\u00e7\u00e3o de T\u00edtulos os candidatos considerados HABILITADOS conforme Resultado Preliminar da Prova Oral, e Resultado Preliminar da Investiga\u00e7\u00e3o social.<\/p>\n\n\n\n<figure class=\"wp-block-table is-style-stripes\"><table class=\"has-luminous-vivid-amber-background-color has-background\"><thead><tr><th class=\"has-text-align-center\" data-align=\"center\">T\u00edtulo<\/th><th class=\"has-text-align-center\" data-align=\"center\">Valor Unit\u00e1rio<\/th><th class=\"has-text-align-center\" data-align=\"center\">Valor M\u00e1ximo <\/th><\/tr><\/thead><tbody><tr><td class=\"has-text-align-center\" data-align=\"center\">Diploma, devidamente registrado, de conclus\u00e3o de curso de doutorado na \u00e1rea de Direito ou em Seguran\u00e7a P\u00fablica, reconhecidos pelo Minist\u00e9rio da Educa\u00e7\u00e3o.<\/td><td class=\"has-text-align-center\" data-align=\"center\">1,5<\/td><td class=\"has-text-align-center\" data-align=\"center\">1,5<\/td><\/tr><tr><td class=\"has-text-align-center\" data-align=\"center\">Diploma, devidamente registrado, de conclus\u00e3o de curso de mestrado na \u00e1rea de Direito ou em Seguran\u00e7a P\u00fablica, reconhecidos pelo Minist\u00e9rio da Educa\u00e7\u00e3o<\/td><td class=\"has-text-align-center\" data-align=\"center\">1,0<\/td><td class=\"has-text-align-center\" data-align=\"center\">1,0<\/td><\/tr><tr><td class=\"has-text-align-center\" data-align=\"center\">Certificado de conclus\u00e3o de curso de p\u00f3s-gradua\u00e7\u00e3o em n\u00edvel de especializa\u00e7\u00e3o \u201clato sensu\u201d na \u00e1rea de Direito ou de p\u00f3s-gradua\u00e7\u00e3o na \u00e1rea de Seguran\u00e7a P\u00fablica, reconhecidos pelo Minist\u00e9rio da Educa\u00e7\u00e3o ou Conselhos Estaduais de Educa\u00e7\u00e3o.<\/td><td class=\"has-text-align-center\" data-align=\"center\">0,2<\/td><td class=\"has-text-align-center\" data-align=\"center\">0,2<\/td><\/tr><tr><td class=\"has-text-align-center\" data-align=\"center\">Exerc\u00edcio do cargo de Delegado de Pol\u00edcia <\/td><td class=\"has-text-align-center\" data-align=\"center\">0,3 por ano completo (sem sobreposi\u00e7\u00e3o de tempo) <\/td><td class=\"has-text-align-center\" data-align=\"center\">1,5 <\/td><\/tr><tr><td class=\"has-text-align-center\" data-align=\"center\">Exerc\u00edcio de cargo p\u00fablico efetivo de natureza policial, exceto Delegado de Pol\u00edcia, nas institui\u00e7\u00f5es: Pol\u00edcia Federal, Pol\u00edcia Rodovi\u00e1ria Federal, Pol\u00edcia Ferrovi\u00e1ria Federal, Pol\u00edcia Civil, Pol\u00edcia Militar, Pol\u00edcia Cient\u00edfica ou Pol\u00edcia Penal.<\/td><td class=\"has-text-align-center\" data-align=\"center\">0,2 por ano completo (sem sobreposi\u00e7\u00e3o de tempo)  <\/td><td class=\"has-text-align-center\" data-align=\"center\">1,0<\/td><\/tr><\/tbody><\/table><figcaption class=\"wp-element-caption\">PCSC: Tabela de t\u00edtulos<\/figcaption><\/figure>\n\n\n\n<h2 class=\"wp-block-heading\" id=\"h-resultados-gabaritos-e-homologacao-do-edital-2023\"><span id=\"resultados-gabaritos-e-homologacao-do-edital-2023\">Resultados, gabaritos e homologa\u00e7\u00e3o do edital 2023<\/span><\/h2>\n\n\n\n<p><a href=\"https:\/\/cj.estrategia.com\/portal\/wp-content\/uploads\/2024\/02\/26172004\/Resultado-preliminar-da-Prova-objetiva-Delegado-SC.pdf\">Resultado preliminar da Prova objetiva<\/a>;<\/p>\n\n\n\n<p><a href=\"https:\/\/cj.estrategia.com\/portal\/wp-content\/uploads\/2024\/12\/05154717\/delegado-sc.pdf\" target=\"_blank\" >homologa\u00e7\u00e3o<\/a><\/p>\n\n\n\n<p><a href=\"https:\/\/cj.estrategia.com\/portal\/wp-content\/uploads\/2024\/12\/05154717\/delegado-sc.pdf\" target=\"_blank\" >Resultado homologado<\/a>;<\/p>\n\n\n\n<p><a href=\"https:\/\/cj.estrategia.com\/portal\/wp-content\/uploads\/2024\/08\/31142831\/pc-sc-geral-delegado.pdf\">Resultado Final geral<\/a>;<\/p>\n\n\n\n<p><a href=\"https:\/\/cj.estrategia.com\/portal\/wp-content\/uploads\/2024\/08\/31142855\/pc-sc-pcd-delegado.pdf\">Resultado Final<\/a> &#8211; PCD;<\/p>\n\n\n\n<p><a href=\"https:\/\/conhecimento.fgv.br\/sites\/default\/files\/concursos\/664_pcsc_delegado-resultado-preliminar-prova-oral.pdf\">Resultado Preliminar da Prova Oral<\/a>;<\/p>\n\n\n\n<p><a href=\"https:\/\/conhecimento.fgv.br\/sites\/default\/files\/concursos\/664_pcsc_delegado-resultado-definitivo-prova-discursiva-2024-04-30.pdf\">Resultado definitivo da Prova discursiva<\/a>;<\/p>\n\n\n\n<h3 class=\"wp-block-heading\" id=\"h-o-que-faz-um-delegado-da-pc-sc-entrevista-com-o-dr-franco-reginato-aprovado-aos-23-anos\"><span id=\"o-que-faz-um-delegado-da-pc-sc-entrevista-com-o-dr-franco-reginato-aprovado-aos-23-anos\">O que faz um Delegado da PC SC? Entrevista com o Dr. Franco Reginato (aprovado aos 23 anos)<\/span><\/h3>\n\n\n\n<figure class=\"wp-block-embed is-type-video is-provider-youtube wp-block-embed-youtube wp-embed-aspect-16-9 wp-has-aspect-ratio\"><div class=\"wp-block-embed__wrapper\">\n<div class=\"cs-embed cs-embed-responsive\"><iframe title=\"O que faz um Delegado da PC SC? Entrevista com o Dr. Franco Reginato (aprovado aos 23 anos)\" width=\"1200\" height=\"675\" src=\"https:\/\/www.youtube.com\/embed\/ShcQbezcZxo?feature=oembed\" frameborder=\"0\" allow=\"accelerometer; autoplay; clipboard-write; encrypted-media; gyroscope; picture-in-picture; web-share\" referrerpolicy=\"strict-origin-when-cross-origin\" allowfullscreen><\/iframe><\/div>\n<\/div><\/figure>\n\n\n\n<h3 class=\"wp-block-heading\" id=\"h-material-de-estudo\"><span id=\"material-de-estudo\">Material de Estudo <\/span><\/h3>\n\n\n\n<ul class=\"wp-block-list\">\n<li><a href=\"https:\/\/www.youtube.com\/watch?v=bN4hZKTsbjY\">Revis\u00e3o de V\u00e9spera PC SC (Delegado) &#8211; \u00faltimo concurso<\/a><\/li>\n<\/ul>\n\n\n\n<ul class=\"wp-block-list\">\n<li><a href=\"https:\/\/www.youtube.com\/watch?v=LZLmZMC3yeI&amp;list=PLIqSUMY9ZmeERJxpSRueplheXAa7F5cMi\">Curso Completo de Pe\u00e7as para Delegado de Pol\u00edcia<\/a><\/li>\n<\/ul>\n\n\n\n<h2 class=\"wp-block-heading has-text-align-left\" id=\"cursos\"><span id=\"quer-saber-tudo-sobre-concursos-previstosconfira-nossos-artigos\">Quer saber tudo sobre concursos previstos?<br><strong>Confira nossos artigos!<\/strong><\/span><\/h2>\n\n\n\n<ul class=\"wp-block-list\">\n<li><a href=\"https:\/\/cj.estrategia.com\/portal\/concursos-abertos-carreiras-juridicas\/\" target=\"_blank\" >Concursos jur\u00eddicos abertos<\/a><\/li>\n\n\n\n<li><a href=\"https:\/\/cj.estrategia.com\/portal\/concursos-2025-carreiras-juridicas\/\" target=\"_blank\" ><\/a><a href=\"https:\/\/cj.estrategia.com\/portal\/concursos-juridicos-2026-prepare-se-para-os-proximos-editais\/\" target=\"_blank\" >Concursos Jur\u00eddicos 2026<\/a><\/li>\n\n\n\n<li><a href=\"https:\/\/cj.estrategia.com\/portal\/concursos-delegado\/\" target=\"_blank\" >Concursos Delegado<\/a><\/li>\n<\/ul>\n\n\n\n<h2 class=\"wp-block-heading has-text-align-left\" id=\"cursos-assinatura\"><span id=\"quer-estudar-para-o-concurso-delegado-sc\">Quer estudar para o concurso Delegado SC?<\/span><\/h2>\n\n\n\n<p class=\"has-text-align-left\"><em>Gostou desta oportunidade e deseja se preparar para esse concurso? Ent\u00e3o, confira nosso curso exclusivo e inicie seus estudos agora mesmo:<\/em><\/p>\n\n\n\n<div class=\"wp-block-cover\" style=\"min-height:155px;aspect-ratio:unset;\"><img decoding=\"async\" width=\"1890\" height=\"351\" class=\"wp-block-cover__image-background wp-image-8669\" alt=\"Assinaturas Jur\u00eddicas\" src=\"https:\/\/cj.estrategia.com\/portal\/wp-content\/uploads\/2022\/06\/20151253\/concurso-carreiras-juridicas-assinatura-juridica.jpg\" style=\"object-position:78% 43%\" data-object-fit=\"cover\" data-object-position=\"78% 43%\" srcset=\"https:\/\/cj.estrategia.com\/portal\/wp-content\/uploads\/2022\/06\/20151253\/concurso-carreiras-juridicas-assinatura-juridica.jpg 1890w, https:\/\/cj.estrategia.com\/portal\/wp-content\/uploads\/2022\/06\/20151253\/concurso-carreiras-juridicas-assinatura-juridica-300x56.jpg 300w, https:\/\/cj.estrategia.com\/portal\/wp-content\/uploads\/2022\/06\/20151253\/concurso-carreiras-juridicas-assinatura-juridica-1024x190.jpg 1024w, https:\/\/cj.estrategia.com\/portal\/wp-content\/uploads\/2022\/06\/20151253\/concurso-carreiras-juridicas-assinatura-juridica-768x143.jpg 768w, https:\/\/cj.estrategia.com\/portal\/wp-content\/uploads\/2022\/06\/20151253\/concurso-carreiras-juridicas-assinatura-juridica-1536x285.jpg 1536w, https:\/\/cj.estrategia.com\/portal\/wp-content\/uploads\/2022\/06\/20151253\/concurso-carreiras-juridicas-assinatura-juridica-380x71.jpg 380w, https:\/\/cj.estrategia.com\/portal\/wp-content\/uploads\/2022\/06\/20151253\/concurso-carreiras-juridicas-assinatura-juridica-800x149.jpg 800w, https:\/\/cj.estrategia.com\/portal\/wp-content\/uploads\/2022\/06\/20151253\/concurso-carreiras-juridicas-assinatura-juridica-1160x215.jpg 1160w\" sizes=\"(max-width: 1890px) 100vw, 1890px\" \/><span aria-hidden=\"true\" class=\"wp-block-cover__background has-background-dim\"><\/span><div class=\"wp-block-cover__inner-container is-layout-flow wp-block-cover-is-layout-flow\">\n<h3 id=\"faca-a-sua-assinatura\" class=\"titulo-assinatura\"><span style=\"color: #ffffff;\">Fa\u00e7a a sua assinatura!<\/span><\/h3>\n<p class=\"subtitulo-assinatura\" style=\"display:block!important; line-height: 0;\"><span style=\"color: #ffffff;\">Escolha a sua \u00e1rea.<\/span><\/p>\n<a target=\"_blank\" href=\"https:\/\/www.estrategiaconcursos.com.br\/assinaturas-ecj\/\" rel=\"noopener\"><button style=\"border-radius: 10px; text-transform: capitalize;\">Acessar<\/button><\/a>\n<\/div><\/div>\n\n\n\n<p><em>Prepare-se com o melhor material e com quem mais aprova em Concursos P\u00fablicos em todo o pa\u00eds. Assine agora a nossa Assinatura e tenha acesso ilimitado* aos cursos para Delegado de Pol\u00edcia.<\/em><\/p>\n\n\n\n<figure class=\"wp-block-image size-large is-resized\"><img decoding=\"async\" src=\"https:\/\/dhg1h5j42swfq.cloudfront.net\/2021\/04\/26073944\/ficha-tecnica-171-1024x632.png\" alt=\"concurso delegado sc ficha t\u00e9cnica\" class=\"wp-image-723020\" style=\"width:185px;height:114px\"\/><\/figure>\n\n\n\n<h4 class=\"wp-block-heading\" id=\"ficha-tecnica\"><span id=\"informacoes-do-ultimo-concurso-delegado-sc\">Informa\u00e7\u00f5es do \u00faltimo concurso Delegado SC<\/span><\/h4>\n\n\n\n<ul class=\"wp-block-list\">\n<li><strong>Vagas<\/strong>: 30 (\u00daltimo edital)<\/li>\n\n\n\n<li><strong>Cargos<\/strong>: Delegado de Pol\u00edcia Substituto <\/li>\n\n\n\n<li><strong>Banca<\/strong>: FGV (\u00daltimo edital)<\/li>\n\n\n\n<li><strong>Escolaridade<\/strong>: N\u00edvel Superior em Direito <\/li>\n\n\n\n<li><strong>\u00daltimo edital: <\/strong><a href=\"https:\/\/cj.estrategia.com\/portal\/wp-content\/uploads\/2023\/10\/16174519\/Edital-Delegado-SC-2023.pdf\">Delegado SC 2023<\/a> \/ <a href=\"https:\/\/cj.estrategia.com\/portal\/wp-content\/uploads\/2024\/02\/28052345\/cronograma-previsto-pcsc-delegado_0.pdf\">Cronograma<\/a> \/ <a href=\"https:\/\/conhecimento.fgv.br\/sites\/default\/files\/concursos\/edital-de-concurso-publico-n.-1-2023-1a-retificacao-delegado.pdf\">Retifica\u00e7\u00e3o<\/a><\/li>\n\n\n\n<li><strong>Editais anteriores:<\/strong> <a href=\"https:\/\/dhg1h5j42swfq.cloudfront.net\/2020\/02\/20144508\/EDITAL_N_001_SSP_DGPC_ACADEPOL_2014_DELEGADO_DE_POLICIA_SUBSTITUTO_ANOTADO.pdf\" target=\"_blank\" rel=\"noreferrer noopener nofollow\">Delegado SC 2014<\/a><\/li>\n<\/ul>\n","protected":false},"excerpt":{"rendered":"Novas nomea\u00e7\u00f5es ampliam convoca\u00e7\u00f5es e indicam aproveitamento al\u00e9m das vagas no Delegado SC. Foi anunciada a nomea\u00e7\u00e3o de&hellip;\n","protected":false},"author":12,"featured_media":177675,"comment_status":"open","ping_status":"open","sticky":false,"template":"","format":"standard","meta":{"_jetpack_memberships_contains_paid_content":false,"footnotes":""},"categories":[28],"tags":[],"tax_estado":[54],"class_list":{"0":"post-2067","1":"post","2":"type-post","3":"status-publish","4":"format-standard","5":"has-post-thumbnail","7":"category-delegado","8":"tax_estado-sc"},"acf":[],"yoast_head":"<!-- This site is optimized with the Yoast SEO Premium plugin v27.4 (Yoast SEO v27.4) - https:\/\/yoast.com\/product\/yoast-seo-premium-wordpress\/ -->\n<title>Concurso Delegado SC: 46 novos aprovados nomeados! Saiba tudo!<\/title>\n<meta name=\"description\" content=\"Concurso Delegado SC: ao todo, 96 aprovados j\u00e1 foram nomeados! Edital ofertou 30 vagas com iniciais de R$ 22,8 mil.\" \/>\n<meta name=\"robots\" content=\"index, follow, max-snippet:-1, max-image-preview:large, max-video-preview:-1\" \/>\n<link rel=\"canonical\" href=\"https:\/\/cj.estrategia.com\/portal\/concurso-delegado-sc\/\" \/>\n<meta property=\"og:locale\" content=\"pt_BR\" \/>\n<meta property=\"og:type\" content=\"article\" \/>\n<meta property=\"og:title\" content=\"Concurso Delegado SC: 46 novos aprovados nomeados! Saiba tudo!\" \/>\n<meta property=\"og:description\" content=\"Concurso Delegado SC: ao todo, 96 aprovados j\u00e1 foram nomeados! Edital ofertou 30 vagas com iniciais de R$ 22,8 mil.\" \/>\n<meta property=\"og:url\" content=\"https:\/\/cj.estrategia.com\/portal\/concurso-delegado-sc\/\" \/>\n<meta property=\"og:site_name\" content=\"Blog - Carreiras Jur\u00eddicas - Estrat\u00e9gia\" \/>\n<meta property=\"article:publisher\" content=\"https:\/\/www.facebook.com\/estrategiacarreirajuridica\/\" \/>\n<meta property=\"article:published_time\" content=\"2026-03-06T20:26:00+00:00\" \/>\n<meta property=\"article:modified_time\" content=\"2026-04-01T18:43:50+00:00\" \/>\n<meta property=\"og:image\" content=\"https:\/\/cj.estrategia.com\/portal\/wp-content\/uploads\/2025\/12\/04103658\/CAPA-2-1.jpg\" \/>\n\t<meta property=\"og:image:width\" content=\"2459\" \/>\n\t<meta property=\"og:image:height\" content=\"1383\" \/>\n\t<meta property=\"og:image:type\" content=\"image\/jpeg\" \/>\n<meta name=\"author\" content=\"Coordena\u00e7\u00e3o\" \/>\n<meta name=\"twitter:card\" content=\"summary_large_image\" \/>\n<meta name=\"twitter:creator\" content=\"@EstratJuridica\" \/>\n<meta name=\"twitter:site\" content=\"@EstratJuridica\" \/>\n<meta name=\"twitter:label1\" content=\"Escrito por\" \/>\n\t<meta name=\"twitter:data1\" content=\"Coordena\u00e7\u00e3o\" \/>\n\t<meta name=\"twitter:label2\" content=\"Est. tempo de leitura\" \/>\n\t<meta name=\"twitter:data2\" content=\"7 minutos\" \/>\n<script type=\"application\/ld+json\" class=\"yoast-schema-graph\">{\"@context\":\"https:\\\/\\\/schema.org\",\"@graph\":[{\"@type\":\"NewsArticle\",\"@id\":\"https:\\\/\\\/cj.estrategia.com\\\/portal\\\/concurso-delegado-sc\\\/#article\",\"isPartOf\":{\"@id\":\"https:\\\/\\\/cj.estrategia.com\\\/portal\\\/concurso-delegado-sc\\\/\"},\"author\":{\"name\":\"Coordena\u00e7\u00e3o\",\"@id\":\"https:\\\/\\\/cj.estrategia.com\\\/portal\\\/#\\\/schema\\\/person\\\/4d70317d31449932b99102916b6637f5\"},\"headline\":\"Concurso Delegado SC: 46 novos aprovados nomeados! Saiba tudo!\",\"datePublished\":\"2026-03-06T20:26:00+00:00\",\"dateModified\":\"2026-04-01T18:43:50+00:00\",\"mainEntityOfPage\":{\"@id\":\"https:\\\/\\\/cj.estrategia.com\\\/portal\\\/concurso-delegado-sc\\\/\"},\"wordCount\":1242,\"commentCount\":0,\"publisher\":{\"@id\":\"https:\\\/\\\/cj.estrategia.com\\\/portal\\\/#organization\"},\"image\":{\"@id\":\"https:\\\/\\\/cj.estrategia.com\\\/portal\\\/concurso-delegado-sc\\\/#primaryimage\"},\"thumbnailUrl\":\"https:\\\/\\\/cj.estrategia.com\\\/portal\\\/wp-content\\\/uploads\\\/2025\\\/12\\\/04103658\\\/CAPA-2-1.jpg\",\"articleSection\":[\"Delegado\"],\"inLanguage\":\"pt-BR\",\"potentialAction\":[{\"@type\":\"CommentAction\",\"name\":\"Comment\",\"target\":[\"https:\\\/\\\/cj.estrategia.com\\\/portal\\\/concurso-delegado-sc\\\/#respond\"]}],\"accessibilityFeature\":[\"tableOfContents\"]},{\"@type\":\"WebPage\",\"@id\":\"https:\\\/\\\/cj.estrategia.com\\\/portal\\\/concurso-delegado-sc\\\/\",\"url\":\"https:\\\/\\\/cj.estrategia.com\\\/portal\\\/concurso-delegado-sc\\\/\",\"name\":\"Concurso Delegado SC: 46 novos aprovados nomeados! Saiba tudo!\",\"isPartOf\":{\"@id\":\"https:\\\/\\\/cj.estrategia.com\\\/portal\\\/#website\"},\"primaryImageOfPage\":{\"@id\":\"https:\\\/\\\/cj.estrategia.com\\\/portal\\\/concurso-delegado-sc\\\/#primaryimage\"},\"image\":{\"@id\":\"https:\\\/\\\/cj.estrategia.com\\\/portal\\\/concurso-delegado-sc\\\/#primaryimage\"},\"thumbnailUrl\":\"https:\\\/\\\/cj.estrategia.com\\\/portal\\\/wp-content\\\/uploads\\\/2025\\\/12\\\/04103658\\\/CAPA-2-1.jpg\",\"datePublished\":\"2026-03-06T20:26:00+00:00\",\"dateModified\":\"2026-04-01T18:43:50+00:00\",\"description\":\"Concurso Delegado SC: ao todo, 96 aprovados j\u00e1 foram nomeados! Edital ofertou 30 vagas com iniciais de R$ 22,8 mil.\",\"breadcrumb\":{\"@id\":\"https:\\\/\\\/cj.estrategia.com\\\/portal\\\/concurso-delegado-sc\\\/#breadcrumb\"},\"inLanguage\":\"pt-BR\",\"potentialAction\":[{\"@type\":\"ReadAction\",\"target\":[\"https:\\\/\\\/cj.estrategia.com\\\/portal\\\/concurso-delegado-sc\\\/\"]}]},{\"@type\":\"ImageObject\",\"inLanguage\":\"pt-BR\",\"@id\":\"https:\\\/\\\/cj.estrategia.com\\\/portal\\\/concurso-delegado-sc\\\/#primaryimage\",\"url\":\"https:\\\/\\\/cj.estrategia.com\\\/portal\\\/wp-content\\\/uploads\\\/2025\\\/12\\\/04103658\\\/CAPA-2-1.jpg\",\"contentUrl\":\"https:\\\/\\\/cj.estrategia.com\\\/portal\\\/wp-content\\\/uploads\\\/2025\\\/12\\\/04103658\\\/CAPA-2-1.jpg\",\"width\":2459,\"height\":1383},{\"@type\":\"BreadcrumbList\",\"@id\":\"https:\\\/\\\/cj.estrategia.com\\\/portal\\\/concurso-delegado-sc\\\/#breadcrumb\",\"itemListElement\":[{\"@type\":\"ListItem\",\"position\":1,\"name\":\"In\u00edcio\",\"item\":\"https:\\\/\\\/cj.estrategia.com\\\/portal\\\/\"},{\"@type\":\"ListItem\",\"position\":2,\"name\":\"Concurso Delegado SC: 46 novos aprovados nomeados! Saiba tudo!\"}]},{\"@type\":\"WebSite\",\"@id\":\"https:\\\/\\\/cj.estrategia.com\\\/portal\\\/#website\",\"url\":\"https:\\\/\\\/cj.estrategia.com\\\/portal\\\/\",\"name\":\"Blog - Carreiras Jur\u00eddicas - Estrat\u00e9gia\",\"description\":\"\",\"publisher\":{\"@id\":\"https:\\\/\\\/cj.estrategia.com\\\/portal\\\/#organization\"},\"potentialAction\":[{\"@type\":\"SearchAction\",\"target\":{\"@type\":\"EntryPoint\",\"urlTemplate\":\"https:\\\/\\\/cj.estrategia.com\\\/portal\\\/?s={search_term_string}\"},\"query-input\":{\"@type\":\"PropertyValueSpecification\",\"valueRequired\":true,\"valueName\":\"search_term_string\"}}],\"inLanguage\":\"pt-BR\"},{\"@type\":\"Organization\",\"@id\":\"https:\\\/\\\/cj.estrategia.com\\\/portal\\\/#organization\",\"name\":\"Estrat\u00e9gia - Carreiras Jur\u00eddicas\",\"url\":\"https:\\\/\\\/cj.estrategia.com\\\/portal\\\/\",\"logo\":{\"@type\":\"ImageObject\",\"inLanguage\":\"pt-BR\",\"@id\":\"https:\\\/\\\/cj.estrategia.com\\\/portal\\\/#\\\/schema\\\/logo\\\/image\\\/\",\"url\":\"https:\\\/\\\/cj.estrategia.com\\\/portal\\\/wp-content\\\/uploads\\\/2022\\\/03\\\/11151052\\\/cj-logo.png\",\"contentUrl\":\"https:\\\/\\\/cj.estrategia.com\\\/portal\\\/wp-content\\\/uploads\\\/2022\\\/03\\\/11151052\\\/cj-logo.png\",\"width\":150,\"height\":39,\"caption\":\"Estrat\u00e9gia - Carreiras Jur\u00eddicas\"},\"image\":{\"@id\":\"https:\\\/\\\/cj.estrategia.com\\\/portal\\\/#\\\/schema\\\/logo\\\/image\\\/\"},\"sameAs\":[\"https:\\\/\\\/www.facebook.com\\\/estrategiacarreirajuridica\\\/\",\"https:\\\/\\\/x.com\\\/EstratJuridica\",\"https:\\\/\\\/www.instagram.com\\\/estrategiacarreirajuridica\\\/\",\"https:\\\/\\\/www.youtube.com\\\/channel\\\/UClbMGuYbj2Mh1m3w144ETWQ\"]},{\"@type\":\"Person\",\"@id\":\"https:\\\/\\\/cj.estrategia.com\\\/portal\\\/#\\\/schema\\\/person\\\/4d70317d31449932b99102916b6637f5\",\"name\":\"Coordena\u00e7\u00e3o\",\"image\":{\"@type\":\"ImageObject\",\"inLanguage\":\"pt-BR\",\"@id\":\"https:\\\/\\\/cj.estrategia.com\\\/portal\\\/wp-content\\\/uploads\\\/2022\\\/05\\\/12164923\\\/estrategia-carreira-juridica-coordenacao-96x96.png\",\"url\":\"https:\\\/\\\/cj.estrategia.com\\\/portal\\\/wp-content\\\/uploads\\\/2022\\\/05\\\/12164923\\\/estrategia-carreira-juridica-coordenacao-96x96.png\",\"contentUrl\":\"https:\\\/\\\/cj.estrategia.com\\\/portal\\\/wp-content\\\/uploads\\\/2022\\\/05\\\/12164923\\\/estrategia-carreira-juridica-coordenacao-96x96.png\",\"caption\":\"Coordena\u00e7\u00e3o\"},\"url\":\"https:\\\/\\\/cj.estrategia.com\\\/portal\\\/author\\\/coordenacao\\\/\"}]}<\/script>\n<!-- \/ Yoast SEO Premium plugin. -->","yoast_head_json":{"title":"Concurso Delegado SC: 46 novos aprovados nomeados! Saiba tudo!","description":"Concurso Delegado SC: ao todo, 96 aprovados j\u00e1 foram nomeados! Edital ofertou 30 vagas com iniciais de R$ 22,8 mil.","robots":{"index":"index","follow":"follow","max-snippet":"max-snippet:-1","max-image-preview":"max-image-preview:large","max-video-preview":"max-video-preview:-1"},"canonical":"https:\/\/cj.estrategia.com\/portal\/concurso-delegado-sc\/","og_locale":"pt_BR","og_type":"article","og_title":"Concurso Delegado SC: 46 novos aprovados nomeados! Saiba tudo!","og_description":"Concurso Delegado SC: ao todo, 96 aprovados j\u00e1 foram nomeados! Edital ofertou 30 vagas com iniciais de R$ 22,8 mil.","og_url":"https:\/\/cj.estrategia.com\/portal\/concurso-delegado-sc\/","og_site_name":"Blog - Carreiras Jur\u00eddicas - Estrat\u00e9gia","article_publisher":"https:\/\/www.facebook.com\/estrategiacarreirajuridica\/","article_published_time":"2026-03-06T20:26:00+00:00","article_modified_time":"2026-04-01T18:43:50+00:00","og_image":[{"width":2459,"height":1383,"url":"https:\/\/cj.estrategia.com\/portal\/wp-content\/uploads\/2025\/12\/04103658\/CAPA-2-1.jpg","type":"image\/jpeg"}],"author":"Coordena\u00e7\u00e3o","twitter_card":"summary_large_image","twitter_creator":"@EstratJuridica","twitter_site":"@EstratJuridica","twitter_misc":{"Escrito por":"Coordena\u00e7\u00e3o","Est. tempo de leitura":"7 minutos"},"schema":{"@context":"https:\/\/schema.org","@graph":[{"@type":"NewsArticle","@id":"https:\/\/cj.estrategia.com\/portal\/concurso-delegado-sc\/#article","isPartOf":{"@id":"https:\/\/cj.estrategia.com\/portal\/concurso-delegado-sc\/"},"author":{"name":"Coordena\u00e7\u00e3o","@id":"https:\/\/cj.estrategia.com\/portal\/#\/schema\/person\/4d70317d31449932b99102916b6637f5"},"headline":"Concurso Delegado SC: 46 novos aprovados nomeados! Saiba tudo!","datePublished":"2026-03-06T20:26:00+00:00","dateModified":"2026-04-01T18:43:50+00:00","mainEntityOfPage":{"@id":"https:\/\/cj.estrategia.com\/portal\/concurso-delegado-sc\/"},"wordCount":1242,"commentCount":0,"publisher":{"@id":"https:\/\/cj.estrategia.com\/portal\/#organization"},"image":{"@id":"https:\/\/cj.estrategia.com\/portal\/concurso-delegado-sc\/#primaryimage"},"thumbnailUrl":"https:\/\/cj.estrategia.com\/portal\/wp-content\/uploads\/2025\/12\/04103658\/CAPA-2-1.jpg","articleSection":["Delegado"],"inLanguage":"pt-BR","potentialAction":[{"@type":"CommentAction","name":"Comment","target":["https:\/\/cj.estrategia.com\/portal\/concurso-delegado-sc\/#respond"]}],"accessibilityFeature":["tableOfContents"]},{"@type":"WebPage","@id":"https:\/\/cj.estrategia.com\/portal\/concurso-delegado-sc\/","url":"https:\/\/cj.estrategia.com\/portal\/concurso-delegado-sc\/","name":"Concurso Delegado SC: 46 novos aprovados nomeados! Saiba tudo!","isPartOf":{"@id":"https:\/\/cj.estrategia.com\/portal\/#website"},"primaryImageOfPage":{"@id":"https:\/\/cj.estrategia.com\/portal\/concurso-delegado-sc\/#primaryimage"},"image":{"@id":"https:\/\/cj.estrategia.com\/portal\/concurso-delegado-sc\/#primaryimage"},"thumbnailUrl":"https:\/\/cj.estrategia.com\/portal\/wp-content\/uploads\/2025\/12\/04103658\/CAPA-2-1.jpg","datePublished":"2026-03-06T20:26:00+00:00","dateModified":"2026-04-01T18:43:50+00:00","description":"Concurso Delegado SC: ao todo, 96 aprovados j\u00e1 foram nomeados! Edital ofertou 30 vagas com iniciais de R$ 22,8 mil.","breadcrumb":{"@id":"https:\/\/cj.estrategia.com\/portal\/concurso-delegado-sc\/#breadcrumb"},"inLanguage":"pt-BR","potentialAction":[{"@type":"ReadAction","target":["https:\/\/cj.estrategia.com\/portal\/concurso-delegado-sc\/"]}]},{"@type":"ImageObject","inLanguage":"pt-BR","@id":"https:\/\/cj.estrategia.com\/portal\/concurso-delegado-sc\/#primaryimage","url":"https:\/\/cj.estrategia.com\/portal\/wp-content\/uploads\/2025\/12\/04103658\/CAPA-2-1.jpg","contentUrl":"https:\/\/cj.estrategia.com\/portal\/wp-content\/uploads\/2025\/12\/04103658\/CAPA-2-1.jpg","width":2459,"height":1383},{"@type":"BreadcrumbList","@id":"https:\/\/cj.estrategia.com\/portal\/concurso-delegado-sc\/#breadcrumb","itemListElement":[{"@type":"ListItem","position":1,"name":"In\u00edcio","item":"https:\/\/cj.estrategia.com\/portal\/"},{"@type":"ListItem","position":2,"name":"Concurso Delegado SC: 46 novos aprovados nomeados! Saiba tudo!"}]},{"@type":"WebSite","@id":"https:\/\/cj.estrategia.com\/portal\/#website","url":"https:\/\/cj.estrategia.com\/portal\/","name":"Blog - Carreiras Jur\u00eddicas - Estrat\u00e9gia","description":"","publisher":{"@id":"https:\/\/cj.estrategia.com\/portal\/#organization"},"potentialAction":[{"@type":"SearchAction","target":{"@type":"EntryPoint","urlTemplate":"https:\/\/cj.estrategia.com\/portal\/?s={search_term_string}"},"query-input":{"@type":"PropertyValueSpecification","valueRequired":true,"valueName":"search_term_string"}}],"inLanguage":"pt-BR"},{"@type":"Organization","@id":"https:\/\/cj.estrategia.com\/portal\/#organization","name":"Estrat\u00e9gia - Carreiras Jur\u00eddicas","url":"https:\/\/cj.estrategia.com\/portal\/","logo":{"@type":"ImageObject","inLanguage":"pt-BR","@id":"https:\/\/cj.estrategia.com\/portal\/#\/schema\/logo\/image\/","url":"https:\/\/cj.estrategia.com\/portal\/wp-content\/uploads\/2022\/03\/11151052\/cj-logo.png","contentUrl":"https:\/\/cj.estrategia.com\/portal\/wp-content\/uploads\/2022\/03\/11151052\/cj-logo.png","width":150,"height":39,"caption":"Estrat\u00e9gia - Carreiras Jur\u00eddicas"},"image":{"@id":"https:\/\/cj.estrategia.com\/portal\/#\/schema\/logo\/image\/"},"sameAs":["https:\/\/www.facebook.com\/estrategiacarreirajuridica\/","https:\/\/x.com\/EstratJuridica","https:\/\/www.instagram.com\/estrategiacarreirajuridica\/","https:\/\/www.youtube.com\/channel\/UClbMGuYbj2Mh1m3w144ETWQ"]},{"@type":"Person","@id":"https:\/\/cj.estrategia.com\/portal\/#\/schema\/person\/4d70317d31449932b99102916b6637f5","name":"Coordena\u00e7\u00e3o","image":{"@type":"ImageObject","inLanguage":"pt-BR","@id":"https:\/\/cj.estrategia.com\/portal\/wp-content\/uploads\/2022\/05\/12164923\/estrategia-carreira-juridica-coordenacao-96x96.png","url":"https:\/\/cj.estrategia.com\/portal\/wp-content\/uploads\/2022\/05\/12164923\/estrategia-carreira-juridica-coordenacao-96x96.png","contentUrl":"https:\/\/cj.estrategia.com\/portal\/wp-content\/uploads\/2022\/05\/12164923\/estrategia-carreira-juridica-coordenacao-96x96.png","caption":"Coordena\u00e7\u00e3o"},"url":"https:\/\/cj.estrategia.com\/portal\/author\/coordenacao\/"}]}},"jetpack_featured_media_url":"https:\/\/cj.estrategia.com\/portal\/wp-content\/uploads\/2025\/12\/04103658\/CAPA-2-1.jpg","jetpack_sharing_enabled":true,"_links":{"self":[{"href":"https:\/\/cj.estrategia.com\/portal\/wp-json\/wp\/v2\/posts\/2067","targetHints":{"allow":["GET"]}}],"collection":[{"href":"https:\/\/cj.estrategia.com\/portal\/wp-json\/wp\/v2\/posts"}],"about":[{"href":"https:\/\/cj.estrategia.com\/portal\/wp-json\/wp\/v2\/types\/post"}],"author":[{"embeddable":true,"href":"https:\/\/cj.estrategia.com\/portal\/wp-json\/wp\/v2\/users\/12"}],"replies":[{"embeddable":true,"href":"https:\/\/cj.estrategia.com\/portal\/wp-json\/wp\/v2\/comments?post=2067"}],"version-history":[{"count":128,"href":"https:\/\/cj.estrategia.com\/portal\/wp-json\/wp\/v2\/posts\/2067\/revisions"}],"predecessor-version":[{"id":185053,"href":"https:\/\/cj.estrategia.com\/portal\/wp-json\/wp\/v2\/posts\/2067\/revisions\/185053"}],"wp:featuredmedia":[{"embeddable":true,"href":"https:\/\/cj.estrategia.com\/portal\/wp-json\/wp\/v2\/media\/177675"}],"wp:attachment":[{"href":"https:\/\/cj.estrategia.com\/portal\/wp-json\/wp\/v2\/media?parent=2067"}],"wp:term":[{"taxonomy":"category","embeddable":true,"href":"https:\/\/cj.estrategia.com\/portal\/wp-json\/wp\/v2\/categories?post=2067"},{"taxonomy":"post_tag","embeddable":true,"href":"https:\/\/cj.estrategia.com\/portal\/wp-json\/wp\/v2\/tags?post=2067"},{"taxonomy":"tax_estado","embeddable":true,"href":"https:\/\/cj.estrategia.com\/portal\/wp-json\/wp\/v2\/tax_estado?post=2067"}],"curies":[{"name":"wp","href":"https:\/\/api.w.org\/{rel}","templated":true}]}}