{"id":19903,"date":"2022-09-26T17:30:00","date_gmt":"2022-09-26T20:30:00","guid":{"rendered":"https:\/\/cj.estrategia.com\/portal\/?p=19903"},"modified":"2022-09-21T08:45:02","modified_gmt":"2022-09-21T11:45:02","slug":"missao-delta-do-zero-ao-distintivo","status":"publish","type":"post","link":"https:\/\/cj.estrategia.com\/portal\/missao-delta-do-zero-ao-distintivo\/","title":{"rendered":"Miss\u00e3o Delta: Do Zero ao Distintivo!"},"content":{"rendered":"\n<p>Os concursos para Delegado s\u00e3o extremamente atrativos pela boa remunera\u00e7\u00e3o e pelos requisitos cobrados. <\/p>\n\n\n\n<p>Est\u00e3o previstos alguns editais para este ano. Sendo assim, n\u00e3o deixe sua prepara\u00e7\u00e3o para a \u00faltima hora. Largue na frente dos concorrentes e estude com o Estrat\u00e9gia. <\/p>\n\n\n\n<p>Do dia 29\/09 a 09\/10\/2022, voc\u00ea tem um compromisso com o evento Miss\u00e3o Delta: Do Zero ao Distintivo! Veja abaixo: <\/p>\n\n\n\n<h3 id=\"missao-delta-cronograma\" class=\"wp-block-heading\">Miss\u00e3o Delta: cronograma<\/h3>\n\n\n\n<figure class=\"wp-block-table is-style-stripes\"><table><tbody><tr><td class=\"has-text-align-center\" data-align=\"center\"><strong>Dia<\/strong><\/td><td class=\"has-text-align-center\" data-align=\"center\"><strong>Hor\u00e1rio<\/strong><\/td><td class=\"has-text-align-center\" data-align=\"center\"><strong>Tipo<\/strong><\/td><td class=\"has-text-align-center\" data-align=\"center\"><strong>Tema<\/strong><\/td><td class=\"has-text-align-center\" data-align=\"center\"><strong>Professores<\/strong><\/td><\/tr><tr><td class=\"has-text-align-center\" data-align=\"center\">26\/09\/22<\/td><td class=\"has-text-align-center\" data-align=\"center\">19h<\/td><td class=\"has-text-align-center\" data-align=\"center\">webin\u00e1rio<\/td><td class=\"has-text-align-center\" data-align=\"center\"><em>Do Zero ao Distintivo &#8211; TUDO o que voc\u00ea precisa saber para se tornar Delegado de Pol\u00edcia.<\/em><\/td><td class=\"has-text-align-center\" data-align=\"center\">Ricardo Torques, Michael Proc\u00f3pio e Jakelline Souza<\/td><\/tr><tr><td class=\"has-text-align-center\" data-align=\"center\">27\/09\/22<\/td><td class=\"has-text-align-center\" data-align=\"center\">8h30<\/td><td class=\"has-text-align-center\" data-align=\"center\">aula<\/td><td class=\"has-text-align-center\" data-align=\"center\"><em>Inqu\u00e9rito Policial para Concursos de Delegado<\/em><\/td><td class=\"has-text-align-center\" data-align=\"center\">Leonardo Tavares<\/td><\/tr><tr><td class=\"has-text-align-center\" data-align=\"center\">27\/09\/22<\/td><td class=\"has-text-align-center\" data-align=\"center\">19h<\/td><td class=\"has-text-align-center\" data-align=\"center\"><em>A Investiga\u00e7\u00e3o Criminal na Pr\u00e1tica<\/em><\/td><td class=\"has-text-align-center\" data-align=\"center\">Jakelline , S\u00e9rgio Bautzer e Jaqueline Menon<\/td><td class=\"has-text-align-center\" data-align=\"center\">Jakelline Barros e Bruna &#8211; Brooklin<br>Bautzer &#8211; Bras\u00edlia<br>Jakelline Barros &#8211; Brooklin<br>Jaqueline Menon &#8211; Brooklin<\/td><\/tr><tr><td class=\"has-text-align-center\" data-align=\"center\">27\/09\/22<\/td><td class=\"has-text-align-center\" data-align=\"center\">20:30<\/td><td class=\"has-text-align-center\" data-align=\"center\"><em>Garantias Constitucionais Fundamentais Asseguradas pelo Delegado de Pol\u00edcia<\/em><\/td><td class=\"has-text-align-center\" data-align=\"center\">Nelma Fontana<\/td><td class=\"has-text-align-center\" data-align=\"center\">Bras\u00edlia<\/td><\/tr><tr><td class=\"has-text-align-center\" data-align=\"center\">28\/09\/22<\/td><td class=\"has-text-align-center\" data-align=\"center\">19h<\/td><td class=\"has-text-align-center\" data-align=\"center\">webin\u00e1rio<\/td><td class=\"has-text-align-center\" data-align=\"center\"><em>A Mulher como Delegada de Pol\u00edcia<\/em><br><em>Dicas da Veterana para a Rec\u00e9m Ingressa<\/em><\/td><td class=\"has-text-align-center\" data-align=\"center\">Laryssa das Neves e Isabelen Souza<\/td><\/tr><tr><td class=\"has-text-align-center\" data-align=\"center\">28\/09\/22<\/td><td class=\"has-text-align-center\" data-align=\"center\">20:30<\/td><td class=\"has-text-align-center\" data-align=\"center\"><em>Lei Antidrogas Aplicada pelo Delegado de Pol\u00edcia<\/em><\/td><td class=\"has-text-align-center\" data-align=\"center\">S\u00e9rgio Bautzer<\/td><td class=\"has-text-align-center\" data-align=\"center\">Bras\u00edlia<\/td><\/tr><tr><td class=\"has-text-align-center\" data-align=\"center\">29\/09\/22<\/td><td class=\"has-text-align-center\" data-align=\"center\">19h<\/td><td class=\"has-text-align-center\" data-align=\"center\">webin\u00e1rio<\/td><td class=\"has-text-align-center\" data-align=\"center\"><em>As t\u00e9cnicas usadas pelos PRIMEIROS colocados em concursos de DELEGADO<\/em><\/td><td class=\"has-text-align-center\" data-align=\"center\">Afonso Arcego, R\u00e9gis Francisco, Isabelen Souza e Bianca Neri<\/td><\/tr><tr><td class=\"has-text-align-center\" data-align=\"center\">29\/09\/22<\/td><td class=\"has-text-align-center\" data-align=\"center\">20:30<\/td><td class=\"has-text-align-center\" data-align=\"center\"><em>Teoria do Crime para Concursos de Delegado<\/em><\/td><td class=\"has-text-align-center\" data-align=\"center\">Michael Proc\u00f3pio<\/td><td class=\"has-text-align-center\" data-align=\"center\">home est\u00fadio<\/td><\/tr><tr><td class=\"has-text-align-center\" data-align=\"center\">30\/09\/22<\/td><td class=\"has-text-align-center\" data-align=\"center\">19h<\/td><td class=\"has-text-align-center\" data-align=\"center\">aula<\/td><td class=\"has-text-align-center\" data-align=\"center\"><em>Teoria das Provas para Concursos de Delegado<\/em><\/td><td class=\"has-text-align-center\" data-align=\"center\">Ivan Marques<\/td><\/tr><tr><td class=\"has-text-align-center\" data-align=\"center\">01\/10\/22<\/td><td class=\"has-text-align-center\" data-align=\"center\">a partir das 8h<\/td><td class=\"has-text-align-center\" data-align=\"center\">maratona<\/td><td class=\"has-text-align-center\" data-align=\"center\"><em>Os 5 principais temas de Direito Penal para Concursos de Delegado<\/em><\/td><td class=\"has-text-align-center\" data-align=\"center\">v\u00e1rios professores<\/td><\/tr><tr><td class=\"has-text-align-center\" data-align=\"center\">02\/10\/22<\/td><td class=\"has-text-align-center\" data-align=\"center\">a partir das 8h<\/td><td class=\"has-text-align-center\" data-align=\"center\">maratona<\/td><td class=\"has-text-align-center\" data-align=\"center\"><em>Os 5 principais temas de Direito Processual Penal para Concursos de Delegado<\/em><\/td><td class=\"has-text-align-center\" data-align=\"center\">v\u00e1rios professores<\/td><\/tr><tr><td class=\"has-text-align-center\" data-align=\"center\">03\/10\/22<\/td><td class=\"has-text-align-center\" data-align=\"center\">19h<\/td><td class=\"has-text-align-center\" data-align=\"center\">webin\u00e1rio<\/td><td class=\"has-text-align-center\" data-align=\"center\"><em>Panorama dos Concursos de Delegado para 2022\/2023.<\/em><\/td><td class=\"has-text-align-center\" data-align=\"center\">Michael Proc\u00f3pio e Waleska Alvarenga<\/td><\/tr><tr><td class=\"has-text-align-center\" data-align=\"center\">03\/10\/22<\/td><td class=\"has-text-align-center\" data-align=\"center\">20:30<\/td><td class=\"has-text-align-center\" data-align=\"center\"><em>Traumatologia M\u00e9dico Legal para Concursos de Delegado<\/em><\/td><td class=\"has-text-align-center\" data-align=\"center\">Alexandre Herculano<\/td><td class=\"has-text-align-center\" data-align=\"center\">home est\u00fadio<\/td><\/tr><tr><td class=\"has-text-align-center\" data-align=\"center\">04\/10\/22<\/td><td class=\"has-text-align-center\" data-align=\"center\">19h<\/td><td class=\"has-text-align-center\" data-align=\"center\">webin\u00e1rio<\/td><td class=\"has-text-align-center\" data-align=\"center\"><em>Legisla\u00e7\u00e3o e Jurisprud\u00eancia para Concursos de Delegado<\/em><\/td><td class=\"has-text-align-center\" data-align=\"center\">Isabella Pires, Jakelline Souza e Bruna Caracho<\/td><\/tr><tr><td class=\"has-text-align-center\" data-align=\"center\">04\/10\/22<\/td><td class=\"has-text-align-center\" data-align=\"center\">20:30<\/td><td class=\"has-text-align-center\" data-align=\"center\"><em>Preven\u00e7\u00e3o Criminal para Concursos de Delegado<\/em><\/td><td class=\"has-text-align-center\" data-align=\"center\">Alexandre Herculano<\/td><td class=\"has-text-align-center\" data-align=\"center\">home est\u00fadio<\/td><\/tr><tr><td class=\"has-text-align-center\" data-align=\"center\">05\/10\/22<\/td><td class=\"has-text-align-center\" data-align=\"center\">19h<\/td><td class=\"has-text-align-center\" data-align=\"center\">aula<\/td><td class=\"has-text-align-center\" data-align=\"center\"><em>Controle de Constitucionalidade para Concursos de Delegado<\/em><\/td><td class=\"has-text-align-center\" data-align=\"center\">Nelma Fontana<\/td><\/tr><tr><td class=\"has-text-align-center\" data-align=\"center\">06\/10\/22<\/td><td class=\"has-text-align-center\" data-align=\"center\">19h<\/td><td class=\"has-text-align-center\" data-align=\"center\">aula<\/td><td class=\"has-text-align-center\" data-align=\"center\"><em>Tratados Internacionais de Direitos Humanos para Concursos de Delegado<\/em><\/td><td class=\"has-text-align-center\" data-align=\"center\">Ricardo Torques<\/td><\/tr><tr><td class=\"has-text-align-center\" data-align=\"center\">07\/10\/22<\/td><td class=\"has-text-align-center\" data-align=\"center\">19h<\/td><td class=\"has-text-align-center\" data-align=\"center\">aula<\/td><td class=\"has-text-align-center\" data-align=\"center\"><em>Direito Civil &#8211; Pessoas e Bens para Concursos de Delegado<\/em><\/td><td class=\"has-text-align-center\" data-align=\"center\">Paulo Sousa<\/td><\/tr><tr><td class=\"has-text-align-center\" data-align=\"center\">08\/10\/22<\/td><td class=\"has-text-align-center\" data-align=\"center\">8h30<\/td><td class=\"has-text-align-center\" data-align=\"center\">maratona<\/td><td class=\"has-text-align-center\" data-align=\"center\"><em>5 Leis Penais Especiais mais importantes para Concursos de Delegado<\/em><\/td><td class=\"has-text-align-center\" data-align=\"center\">v\u00e1rios professores<\/td><\/tr><tr><td class=\"has-text-align-center\" data-align=\"center\">09\/10\/22<\/td><td class=\"has-text-align-center\" data-align=\"center\">19h<\/td><td class=\"has-text-align-center\" data-align=\"center\">webin\u00e1rio<\/td><td class=\"has-text-align-center\" data-align=\"center\"><em>As Fun\u00e7\u00f5es do Delegado de Pol\u00edcia e a Gest\u00e3o da Carreira<\/em><\/td><td class=\"has-text-align-center\" data-align=\"center\">Cl\u00e1udio Tusco e S\u00e9rgio Bautzer<\/td><\/tr><\/tbody><\/table><figcaption>Cronograma<\/figcaption><\/figure>\n\n\n\n<h3 id=\"missao-delta-evento-ao-vivo\" class=\"wp-block-heading\">Miss\u00e3o Delta: evento ao vivo <\/h3>\n\n\n\n<p class=\"has-text-align-center has-background has-medium-font-size\" style=\"background-color:#ffe089\"><a href=\"https:\/\/www.youtube.com\/c\/Estrat%C3%A9giaCarreiraJur%C3%ADdica\/videos\" target=\"_blank\" >Miss\u00e3o Delta &#8211; Assista AO VIVO <\/a><\/p>\n\n\n\n<h2 class=\"has-text-align-center wp-block-heading\" id=\"cursos-ficha\"><span id=\"quer-estudar-para-concursos-delegado-2022\">Quer estudar para Concursos Delegado 2022?<\/span><\/h2>\n\n\n\n<p class=\"has-text-align-center\">O Estrat\u00e9gia Carreira Jur\u00eddica \u00e9 campe\u00e3o de aprova\u00e7\u00f5es nos concursos para Carreiras Jur\u00eddicas com um corpo docente qualificado e materiais completos. Conhe\u00e7a nossos cursos e garanta sua aprova\u00e7\u00e3o em Concurso de Delegado:<\/p>\n\n\n\n<div class=\"container\" id=\"boxes\">\n  <div class=\"row\">\n\n    <div class=\"col-sm\">\n      <div class=\"banner-estrategia-concursos-juridicos\" id=\"box-assinatura\">\n        <h3 id=\"curso-para-delegado\" class=\"titulo-assinatura\">Curso para Delegado<\/h3>\n        <p class=\"subtitulo-assinatura\">Cursos focados no edital do concurso<\/p>\n        <div class=\"box-botao\">\n          <a class=\"btn-assinatura-juridica\" target=\"_blank\" href=\"https:\/\/www.estrategiaconcursos.com.br\/cursosPorConcurso\/delegado-de-policia-cursos-regulares\/\" role=\"button\" rel=\"noopener noreferrer\">Conhe\u00e7a mais<\/a>\n        <\/div>\n      <\/div>\n      <p class=\"texto-auxiliar\">Prepare-se com o melhor material e com quem mais aprova em concursos em todo o pa\u00eds. \n<\/p>\n    <\/div>\n\n  <\/div>\n<\/div>\n","protected":false},"excerpt":{"rendered":"Os concursos para Delegado s\u00e3o extremamente atrativos pela boa remunera\u00e7\u00e3o e pelos requisitos cobrados. Est\u00e3o previstos alguns editais&hellip;\n","protected":false},"author":12,"featured_media":1514,"comment_status":"open","ping_status":"open","sticky":false,"template":"","format":"standard","meta":{"_jetpack_memberships_contains_paid_content":false,"footnotes":""},"categories":[28],"tags":[],"tax_estado":[30,31,32,33,34,35,37,38,39,40,41,42,43,44,45,46,47,48,49,50,51,52,53,54,55,56,57],"class_list":{"0":"post-19903","1":"post","2":"type-post","3":"status-publish","4":"format-standard","5":"has-post-thumbnail","7":"category-delegado","8":"tax_estado-ac","9":"tax_estado-al","10":"tax_estado-am","11":"tax_estado-ap","12":"tax_estado-ba","13":"tax_estado-ce","14":"tax_estado-df","15":"tax_estado-es","16":"tax_estado-go","17":"tax_estado-ma","18":"tax_estado-mg","19":"tax_estado-ms","20":"tax_estado-mt","21":"tax_estado-pa","22":"tax_estado-pb","23":"tax_estado-pe","24":"tax_estado-pi","25":"tax_estado-pr","26":"tax_estado-rj","27":"tax_estado-rn","28":"tax_estado-ro","29":"tax_estado-rr","30":"tax_estado-rs","31":"tax_estado-sc","32":"tax_estado-se","33":"tax_estado-sp","34":"tax_estado-to"},"acf":[],"yoast_head":"<!-- This site is optimized with the Yoast SEO Premium plugin v27.4 (Yoast SEO v27.4) - https:\/\/yoast.com\/product\/yoast-seo-premium-wordpress\/ -->\n<title>Miss\u00e3o Delta: Do Zero ao Distintivo!<\/title>\n<meta name=\"description\" content=\"Miss\u00e3o Delta - Do Zero ao Distintivo! De 26\/09 a 09\/10\/2022.\" \/>\n<meta name=\"robots\" content=\"index, follow, max-snippet:-1, max-image-preview:large, max-video-preview:-1\" \/>\n<link rel=\"canonical\" href=\"https:\/\/cj.estrategia.com\/portal\/missao-delta-do-zero-ao-distintivo\/\" \/>\n<meta property=\"og:locale\" content=\"pt_BR\" \/>\n<meta property=\"og:type\" content=\"article\" \/>\n<meta property=\"og:title\" content=\"Miss\u00e3o Delta: Do Zero ao Distintivo!\" \/>\n<meta property=\"og:description\" content=\"Miss\u00e3o Delta - Do Zero ao Distintivo! De 26\/09 a 09\/10\/2022.\" \/>\n<meta property=\"og:url\" content=\"https:\/\/cj.estrategia.com\/portal\/missao-delta-do-zero-ao-distintivo\/\" \/>\n<meta property=\"og:site_name\" content=\"Blog - Carreiras Jur\u00eddicas - Estrat\u00e9gia\" \/>\n<meta property=\"article:publisher\" content=\"https:\/\/www.facebook.com\/estrategiacarreirajuridica\/\" \/>\n<meta property=\"article:published_time\" content=\"2022-09-26T20:30:00+00:00\" \/>\n<meta property=\"og:image\" content=\"https:\/\/cj.estrategia.com\/portal\/wp-content\/uploads\/2022\/04\/01101351\/concursos-delegado.jpeg\" \/>\n\t<meta property=\"og:image:width\" content=\"1200\" \/>\n\t<meta property=\"og:image:height\" content=\"628\" \/>\n\t<meta property=\"og:image:type\" content=\"image\/jpeg\" \/>\n<meta name=\"author\" content=\"Coordena\u00e7\u00e3o\" \/>\n<meta name=\"twitter:card\" content=\"summary_large_image\" \/>\n<meta name=\"twitter:creator\" content=\"@EstratJuridica\" \/>\n<meta name=\"twitter:site\" content=\"@EstratJuridica\" \/>\n<meta name=\"twitter:label1\" content=\"Escrito por\" \/>\n\t<meta name=\"twitter:data1\" content=\"Coordena\u00e7\u00e3o\" \/>\n\t<meta name=\"twitter:label2\" content=\"Est. tempo de leitura\" \/>\n\t<meta name=\"twitter:data2\" content=\"3 minutos\" \/>\n<script type=\"application\/ld+json\" class=\"yoast-schema-graph\">{\"@context\":\"https:\\\/\\\/schema.org\",\"@graph\":[{\"@type\":\"NewsArticle\",\"@id\":\"https:\\\/\\\/cj.estrategia.com\\\/portal\\\/missao-delta-do-zero-ao-distintivo\\\/#article\",\"isPartOf\":{\"@id\":\"https:\\\/\\\/cj.estrategia.com\\\/portal\\\/missao-delta-do-zero-ao-distintivo\\\/\"},\"author\":{\"name\":\"Coordena\u00e7\u00e3o\",\"@id\":\"https:\\\/\\\/cj.estrategia.com\\\/portal\\\/#\\\/schema\\\/person\\\/4d70317d31449932b99102916b6637f5\"},\"headline\":\"Miss\u00e3o Delta: Do Zero ao Distintivo!\",\"datePublished\":\"2022-09-26T20:30:00+00:00\",\"mainEntityOfPage\":{\"@id\":\"https:\\\/\\\/cj.estrategia.com\\\/portal\\\/missao-delta-do-zero-ao-distintivo\\\/\"},\"wordCount\":509,\"commentCount\":0,\"publisher\":{\"@id\":\"https:\\\/\\\/cj.estrategia.com\\\/portal\\\/#organization\"},\"image\":{\"@id\":\"https:\\\/\\\/cj.estrategia.com\\\/portal\\\/missao-delta-do-zero-ao-distintivo\\\/#primaryimage\"},\"thumbnailUrl\":\"https:\\\/\\\/cj.estrategia.com\\\/portal\\\/wp-content\\\/uploads\\\/2022\\\/04\\\/01101351\\\/concursos-delegado.jpeg\",\"articleSection\":[\"Delegado\"],\"inLanguage\":\"pt-BR\",\"potentialAction\":[{\"@type\":\"CommentAction\",\"name\":\"Comment\",\"target\":[\"https:\\\/\\\/cj.estrategia.com\\\/portal\\\/missao-delta-do-zero-ao-distintivo\\\/#respond\"]}]},{\"@type\":\"WebPage\",\"@id\":\"https:\\\/\\\/cj.estrategia.com\\\/portal\\\/missao-delta-do-zero-ao-distintivo\\\/\",\"url\":\"https:\\\/\\\/cj.estrategia.com\\\/portal\\\/missao-delta-do-zero-ao-distintivo\\\/\",\"name\":\"Miss\u00e3o Delta: Do Zero ao Distintivo!\",\"isPartOf\":{\"@id\":\"https:\\\/\\\/cj.estrategia.com\\\/portal\\\/#website\"},\"primaryImageOfPage\":{\"@id\":\"https:\\\/\\\/cj.estrategia.com\\\/portal\\\/missao-delta-do-zero-ao-distintivo\\\/#primaryimage\"},\"image\":{\"@id\":\"https:\\\/\\\/cj.estrategia.com\\\/portal\\\/missao-delta-do-zero-ao-distintivo\\\/#primaryimage\"},\"thumbnailUrl\":\"https:\\\/\\\/cj.estrategia.com\\\/portal\\\/wp-content\\\/uploads\\\/2022\\\/04\\\/01101351\\\/concursos-delegado.jpeg\",\"datePublished\":\"2022-09-26T20:30:00+00:00\",\"description\":\"Miss\u00e3o Delta - Do Zero ao Distintivo! De 26\\\/09 a 09\\\/10\\\/2022.\",\"breadcrumb\":{\"@id\":\"https:\\\/\\\/cj.estrategia.com\\\/portal\\\/missao-delta-do-zero-ao-distintivo\\\/#breadcrumb\"},\"inLanguage\":\"pt-BR\",\"potentialAction\":[{\"@type\":\"ReadAction\",\"target\":[\"https:\\\/\\\/cj.estrategia.com\\\/portal\\\/missao-delta-do-zero-ao-distintivo\\\/\"]}]},{\"@type\":\"ImageObject\",\"inLanguage\":\"pt-BR\",\"@id\":\"https:\\\/\\\/cj.estrategia.com\\\/portal\\\/missao-delta-do-zero-ao-distintivo\\\/#primaryimage\",\"url\":\"https:\\\/\\\/cj.estrategia.com\\\/portal\\\/wp-content\\\/uploads\\\/2022\\\/04\\\/01101351\\\/concursos-delegado.jpeg\",\"contentUrl\":\"https:\\\/\\\/cj.estrategia.com\\\/portal\\\/wp-content\\\/uploads\\\/2022\\\/04\\\/01101351\\\/concursos-delegado.jpeg\",\"width\":1200,\"height\":628},{\"@type\":\"BreadcrumbList\",\"@id\":\"https:\\\/\\\/cj.estrategia.com\\\/portal\\\/missao-delta-do-zero-ao-distintivo\\\/#breadcrumb\",\"itemListElement\":[{\"@type\":\"ListItem\",\"position\":1,\"name\":\"In\u00edcio\",\"item\":\"https:\\\/\\\/cj.estrategia.com\\\/portal\\\/\"},{\"@type\":\"ListItem\",\"position\":2,\"name\":\"Miss\u00e3o Delta: Do Zero ao Distintivo!\"}]},{\"@type\":\"WebSite\",\"@id\":\"https:\\\/\\\/cj.estrategia.com\\\/portal\\\/#website\",\"url\":\"https:\\\/\\\/cj.estrategia.com\\\/portal\\\/\",\"name\":\"Blog - Carreiras Jur\u00eddicas - Estrat\u00e9gia\",\"description\":\"\",\"publisher\":{\"@id\":\"https:\\\/\\\/cj.estrategia.com\\\/portal\\\/#organization\"},\"potentialAction\":[{\"@type\":\"SearchAction\",\"target\":{\"@type\":\"EntryPoint\",\"urlTemplate\":\"https:\\\/\\\/cj.estrategia.com\\\/portal\\\/?s={search_term_string}\"},\"query-input\":{\"@type\":\"PropertyValueSpecification\",\"valueRequired\":true,\"valueName\":\"search_term_string\"}}],\"inLanguage\":\"pt-BR\"},{\"@type\":\"Organization\",\"@id\":\"https:\\\/\\\/cj.estrategia.com\\\/portal\\\/#organization\",\"name\":\"Estrat\u00e9gia - Carreiras Jur\u00eddicas\",\"url\":\"https:\\\/\\\/cj.estrategia.com\\\/portal\\\/\",\"logo\":{\"@type\":\"ImageObject\",\"inLanguage\":\"pt-BR\",\"@id\":\"https:\\\/\\\/cj.estrategia.com\\\/portal\\\/#\\\/schema\\\/logo\\\/image\\\/\",\"url\":\"https:\\\/\\\/cj.estrategia.com\\\/portal\\\/wp-content\\\/uploads\\\/2022\\\/03\\\/11151052\\\/cj-logo.png\",\"contentUrl\":\"https:\\\/\\\/cj.estrategia.com\\\/portal\\\/wp-content\\\/uploads\\\/2022\\\/03\\\/11151052\\\/cj-logo.png\",\"width\":150,\"height\":39,\"caption\":\"Estrat\u00e9gia - Carreiras Jur\u00eddicas\"},\"image\":{\"@id\":\"https:\\\/\\\/cj.estrategia.com\\\/portal\\\/#\\\/schema\\\/logo\\\/image\\\/\"},\"sameAs\":[\"https:\\\/\\\/www.facebook.com\\\/estrategiacarreirajuridica\\\/\",\"https:\\\/\\\/x.com\\\/EstratJuridica\",\"https:\\\/\\\/www.instagram.com\\\/estrategiacarreirajuridica\\\/\",\"https:\\\/\\\/www.youtube.com\\\/channel\\\/UClbMGuYbj2Mh1m3w144ETWQ\"]},{\"@type\":\"Person\",\"@id\":\"https:\\\/\\\/cj.estrategia.com\\\/portal\\\/#\\\/schema\\\/person\\\/4d70317d31449932b99102916b6637f5\",\"name\":\"Coordena\u00e7\u00e3o\",\"image\":{\"@type\":\"ImageObject\",\"inLanguage\":\"pt-BR\",\"@id\":\"https:\\\/\\\/cj.estrategia.com\\\/portal\\\/wp-content\\\/uploads\\\/2022\\\/05\\\/12164923\\\/estrategia-carreira-juridica-coordenacao-96x96.png\",\"url\":\"https:\\\/\\\/cj.estrategia.com\\\/portal\\\/wp-content\\\/uploads\\\/2022\\\/05\\\/12164923\\\/estrategia-carreira-juridica-coordenacao-96x96.png\",\"contentUrl\":\"https:\\\/\\\/cj.estrategia.com\\\/portal\\\/wp-content\\\/uploads\\\/2022\\\/05\\\/12164923\\\/estrategia-carreira-juridica-coordenacao-96x96.png\",\"caption\":\"Coordena\u00e7\u00e3o\"},\"url\":\"https:\\\/\\\/cj.estrategia.com\\\/portal\\\/author\\\/coordenacao\\\/\"}]}<\/script>\n<!-- \/ Yoast SEO Premium plugin. -->","yoast_head_json":{"title":"Miss\u00e3o Delta: Do Zero ao Distintivo!","description":"Miss\u00e3o Delta - Do Zero ao Distintivo! De 26\/09 a 09\/10\/2022.","robots":{"index":"index","follow":"follow","max-snippet":"max-snippet:-1","max-image-preview":"max-image-preview:large","max-video-preview":"max-video-preview:-1"},"canonical":"https:\/\/cj.estrategia.com\/portal\/missao-delta-do-zero-ao-distintivo\/","og_locale":"pt_BR","og_type":"article","og_title":"Miss\u00e3o Delta: Do Zero ao Distintivo!","og_description":"Miss\u00e3o Delta - Do Zero ao Distintivo! De 26\/09 a 09\/10\/2022.","og_url":"https:\/\/cj.estrategia.com\/portal\/missao-delta-do-zero-ao-distintivo\/","og_site_name":"Blog - Carreiras Jur\u00eddicas - Estrat\u00e9gia","article_publisher":"https:\/\/www.facebook.com\/estrategiacarreirajuridica\/","article_published_time":"2022-09-26T20:30:00+00:00","og_image":[{"width":1200,"height":628,"url":"https:\/\/cj.estrategia.com\/portal\/wp-content\/uploads\/2022\/04\/01101351\/concursos-delegado.jpeg","type":"image\/jpeg"}],"author":"Coordena\u00e7\u00e3o","twitter_card":"summary_large_image","twitter_creator":"@EstratJuridica","twitter_site":"@EstratJuridica","twitter_misc":{"Escrito por":"Coordena\u00e7\u00e3o","Est. tempo de leitura":"3 minutos"},"schema":{"@context":"https:\/\/schema.org","@graph":[{"@type":"NewsArticle","@id":"https:\/\/cj.estrategia.com\/portal\/missao-delta-do-zero-ao-distintivo\/#article","isPartOf":{"@id":"https:\/\/cj.estrategia.com\/portal\/missao-delta-do-zero-ao-distintivo\/"},"author":{"name":"Coordena\u00e7\u00e3o","@id":"https:\/\/cj.estrategia.com\/portal\/#\/schema\/person\/4d70317d31449932b99102916b6637f5"},"headline":"Miss\u00e3o Delta: Do Zero ao Distintivo!","datePublished":"2022-09-26T20:30:00+00:00","mainEntityOfPage":{"@id":"https:\/\/cj.estrategia.com\/portal\/missao-delta-do-zero-ao-distintivo\/"},"wordCount":509,"commentCount":0,"publisher":{"@id":"https:\/\/cj.estrategia.com\/portal\/#organization"},"image":{"@id":"https:\/\/cj.estrategia.com\/portal\/missao-delta-do-zero-ao-distintivo\/#primaryimage"},"thumbnailUrl":"https:\/\/cj.estrategia.com\/portal\/wp-content\/uploads\/2022\/04\/01101351\/concursos-delegado.jpeg","articleSection":["Delegado"],"inLanguage":"pt-BR","potentialAction":[{"@type":"CommentAction","name":"Comment","target":["https:\/\/cj.estrategia.com\/portal\/missao-delta-do-zero-ao-distintivo\/#respond"]}]},{"@type":"WebPage","@id":"https:\/\/cj.estrategia.com\/portal\/missao-delta-do-zero-ao-distintivo\/","url":"https:\/\/cj.estrategia.com\/portal\/missao-delta-do-zero-ao-distintivo\/","name":"Miss\u00e3o Delta: Do Zero ao Distintivo!","isPartOf":{"@id":"https:\/\/cj.estrategia.com\/portal\/#website"},"primaryImageOfPage":{"@id":"https:\/\/cj.estrategia.com\/portal\/missao-delta-do-zero-ao-distintivo\/#primaryimage"},"image":{"@id":"https:\/\/cj.estrategia.com\/portal\/missao-delta-do-zero-ao-distintivo\/#primaryimage"},"thumbnailUrl":"https:\/\/cj.estrategia.com\/portal\/wp-content\/uploads\/2022\/04\/01101351\/concursos-delegado.jpeg","datePublished":"2022-09-26T20:30:00+00:00","description":"Miss\u00e3o Delta - Do Zero ao Distintivo! De 26\/09 a 09\/10\/2022.","breadcrumb":{"@id":"https:\/\/cj.estrategia.com\/portal\/missao-delta-do-zero-ao-distintivo\/#breadcrumb"},"inLanguage":"pt-BR","potentialAction":[{"@type":"ReadAction","target":["https:\/\/cj.estrategia.com\/portal\/missao-delta-do-zero-ao-distintivo\/"]}]},{"@type":"ImageObject","inLanguage":"pt-BR","@id":"https:\/\/cj.estrategia.com\/portal\/missao-delta-do-zero-ao-distintivo\/#primaryimage","url":"https:\/\/cj.estrategia.com\/portal\/wp-content\/uploads\/2022\/04\/01101351\/concursos-delegado.jpeg","contentUrl":"https:\/\/cj.estrategia.com\/portal\/wp-content\/uploads\/2022\/04\/01101351\/concursos-delegado.jpeg","width":1200,"height":628},{"@type":"BreadcrumbList","@id":"https:\/\/cj.estrategia.com\/portal\/missao-delta-do-zero-ao-distintivo\/#breadcrumb","itemListElement":[{"@type":"ListItem","position":1,"name":"In\u00edcio","item":"https:\/\/cj.estrategia.com\/portal\/"},{"@type":"ListItem","position":2,"name":"Miss\u00e3o Delta: Do Zero ao Distintivo!"}]},{"@type":"WebSite","@id":"https:\/\/cj.estrategia.com\/portal\/#website","url":"https:\/\/cj.estrategia.com\/portal\/","name":"Blog - Carreiras Jur\u00eddicas - Estrat\u00e9gia","description":"","publisher":{"@id":"https:\/\/cj.estrategia.com\/portal\/#organization"},"potentialAction":[{"@type":"SearchAction","target":{"@type":"EntryPoint","urlTemplate":"https:\/\/cj.estrategia.com\/portal\/?s={search_term_string}"},"query-input":{"@type":"PropertyValueSpecification","valueRequired":true,"valueName":"search_term_string"}}],"inLanguage":"pt-BR"},{"@type":"Organization","@id":"https:\/\/cj.estrategia.com\/portal\/#organization","name":"Estrat\u00e9gia - Carreiras Jur\u00eddicas","url":"https:\/\/cj.estrategia.com\/portal\/","logo":{"@type":"ImageObject","inLanguage":"pt-BR","@id":"https:\/\/cj.estrategia.com\/portal\/#\/schema\/logo\/image\/","url":"https:\/\/cj.estrategia.com\/portal\/wp-content\/uploads\/2022\/03\/11151052\/cj-logo.png","contentUrl":"https:\/\/cj.estrategia.com\/portal\/wp-content\/uploads\/2022\/03\/11151052\/cj-logo.png","width":150,"height":39,"caption":"Estrat\u00e9gia - Carreiras Jur\u00eddicas"},"image":{"@id":"https:\/\/cj.estrategia.com\/portal\/#\/schema\/logo\/image\/"},"sameAs":["https:\/\/www.facebook.com\/estrategiacarreirajuridica\/","https:\/\/x.com\/EstratJuridica","https:\/\/www.instagram.com\/estrategiacarreirajuridica\/","https:\/\/www.youtube.com\/channel\/UClbMGuYbj2Mh1m3w144ETWQ"]},{"@type":"Person","@id":"https:\/\/cj.estrategia.com\/portal\/#\/schema\/person\/4d70317d31449932b99102916b6637f5","name":"Coordena\u00e7\u00e3o","image":{"@type":"ImageObject","inLanguage":"pt-BR","@id":"https:\/\/cj.estrategia.com\/portal\/wp-content\/uploads\/2022\/05\/12164923\/estrategia-carreira-juridica-coordenacao-96x96.png","url":"https:\/\/cj.estrategia.com\/portal\/wp-content\/uploads\/2022\/05\/12164923\/estrategia-carreira-juridica-coordenacao-96x96.png","contentUrl":"https:\/\/cj.estrategia.com\/portal\/wp-content\/uploads\/2022\/05\/12164923\/estrategia-carreira-juridica-coordenacao-96x96.png","caption":"Coordena\u00e7\u00e3o"},"url":"https:\/\/cj.estrategia.com\/portal\/author\/coordenacao\/"}]}},"jetpack_featured_media_url":"https:\/\/cj.estrategia.com\/portal\/wp-content\/uploads\/2022\/04\/01101351\/concursos-delegado.jpeg","jetpack_sharing_enabled":true,"_links":{"self":[{"href":"https:\/\/cj.estrategia.com\/portal\/wp-json\/wp\/v2\/posts\/19903","targetHints":{"allow":["GET"]}}],"collection":[{"href":"https:\/\/cj.estrategia.com\/portal\/wp-json\/wp\/v2\/posts"}],"about":[{"href":"https:\/\/cj.estrategia.com\/portal\/wp-json\/wp\/v2\/types\/post"}],"author":[{"embeddable":true,"href":"https:\/\/cj.estrategia.com\/portal\/wp-json\/wp\/v2\/users\/12"}],"replies":[{"embeddable":true,"href":"https:\/\/cj.estrategia.com\/portal\/wp-json\/wp\/v2\/comments?post=19903"}],"version-history":[{"count":8,"href":"https:\/\/cj.estrategia.com\/portal\/wp-json\/wp\/v2\/posts\/19903\/revisions"}],"predecessor-version":[{"id":19911,"href":"https:\/\/cj.estrategia.com\/portal\/wp-json\/wp\/v2\/posts\/19903\/revisions\/19911"}],"wp:featuredmedia":[{"embeddable":true,"href":"https:\/\/cj.estrategia.com\/portal\/wp-json\/wp\/v2\/media\/1514"}],"wp:attachment":[{"href":"https:\/\/cj.estrategia.com\/portal\/wp-json\/wp\/v2\/media?parent=19903"}],"wp:term":[{"taxonomy":"category","embeddable":true,"href":"https:\/\/cj.estrategia.com\/portal\/wp-json\/wp\/v2\/categories?post=19903"},{"taxonomy":"post_tag","embeddable":true,"href":"https:\/\/cj.estrategia.com\/portal\/wp-json\/wp\/v2\/tags?post=19903"},{"taxonomy":"tax_estado","embeddable":true,"href":"https:\/\/cj.estrategia.com\/portal\/wp-json\/wp\/v2\/tax_estado?post=19903"}],"curies":[{"name":"wp","href":"https:\/\/api.w.org\/{rel}","templated":true}]}}