{"id":19872,"date":"2026-04-16T11:16:00","date_gmt":"2026-04-16T14:16:00","guid":{"rendered":"https:\/\/cj.estrategia.com\/portal\/?p=19872"},"modified":"2026-04-17T11:03:58","modified_gmt":"2026-04-17T14:03:58","slug":"concurso-pgm-manaus","status":"publish","type":"post","link":"https:\/\/cj.estrategia.com\/portal\/concurso-pgm-manaus\/","title":{"rendered":"Concurso PGM Manaus: FCC ser\u00e1 a banca organizadora!"},"content":{"rendered":"<a id=\"cta-icon\" href=\"https:\/\/sndflw.com\/i\/procuradorias-grupo\" target=\"blank\" style=\"background:rgb(41,166,26)\">\n            <img decoding=\"async\" src=\"https:\/\/cj.estrategia.com\/portal\/wp-content\/uploads\/2023\/12\/07160657\/whatsapp_1385.webp\" alt=\"\" alt=\"whatsapp_1385\"><span > Acesse agora o Grupo de Estudos para Concurso de Procuradorias <\/span><\/a>\n\n\n\n<p>A <strong>Procuradoria Geral do Munic\u00edpio de Manaus<\/strong> publicou dispensa de licita\u00e7\u00e3o que defina e <em>Funda\u00e7\u00e3o Carlos Chagas<\/em> como a organizadora do pr\u00f3ximo <strong>Concurso PGM Manaus<\/strong>. Confira:<\/p>\n\n\n\n<ul class=\"wp-block-list\">\n<li><strong><a href=\"https:\/\/cj.estrategia.com\/portal\/wp-content\/uploads\/2026\/04\/16105615\/PGM-MANAUS-FCC-2026.pdf\">Banca definida!<\/a><\/strong><\/li>\n<\/ul>\n\n\n\n<p>Vale lembrar que em novembro de 2025 a <a href=\"https:\/\/cj.estrategia.com\/portal\/wp-content\/uploads\/2025\/11\/12203232\/Captura-de-tela-2025-11-12-202909.png\" target=\"_blank\" >comiss\u00e3o organizadora<\/a> foi alterada e come\u00e7ou os trabalhos para a escolha da banca. <\/p>\n\n\n\n<p>Para a investidura na fun\u00e7\u00e3o, exige-se dos candidatos <strong>diploma de bacharel em Direito<\/strong> e <strong>inscri\u00e7\u00e3o regular como advogado na OAB<\/strong>.<\/p>\n\n\n\n<ul class=\"wp-block-list has-very-light-gray-to-cyan-bluish-gray-gradient-background has-background\">\n<li><strong>Concurso PGM Manaus<\/strong><\/li>\n\n\n\n<li><strong>Status: <\/strong>banca definida<\/li>\n\n\n\n<li><strong>Banca:<\/strong>&nbsp;FCC<\/li>\n\n\n\n<li><strong>Vagas:<\/strong>&nbsp;3<\/li>\n\n\n\n<li><strong>Sal\u00e1rio:<\/strong>&nbsp;R$ 19.343,91 (\u00faltimo edital)<\/li>\n<\/ul>\n\n\n\n<div class=\"container\" id=\"boxes\">\n  <div class=\"row\">\n\n    <div class=\"col-sm\">\n      <div class=\"banner-ecj-procuradorias\" id=\"box-assinatura\">\n        <h2 id=\"cursos-para-pgm-manaus\" class=\"titulo-assinatura\"><span style=\"color: #ffffff; font-size: 23px; \">Cursos para PGM Manaus<\/span><\/h2>\n        <p class=\"subtitulo-assinatura\">Cursos focados no edital!<\/p>\n        <div class=\"box-botao\">\n          <a class=\"btn-assinatura-juridica\" target=\"_blank\" href=\"https:\/\/cj.estrategia.com\/concurso\/pgm-manaus\" role=\"button\" rel=\"noopener noreferrer\">CLIQUE AQUI<\/a>\n        <\/div>\n      <\/div>\n      <p class=\"texto-auxiliar\">Prepare-se com o melhor material e com quem mais aprova em concursos em todo o pa\u00eds. \n<\/p>\n    <\/div>\n\n  <\/div>\n<\/div>\n\n\n\n<div class=\"wp-block-yoast-seo-table-of-contents yoast-table-of-contents\"><ul><li><a href=\"#atual\" data-level=\"2\">Concurso PGM Manaus: situa\u00e7\u00e3o atual<\/a><ul><li><a href=\"#h-banca-definida\" data-level=\"3\">Banca definida<\/a><\/li><li><a href=\"#h-comissao\" data-level=\"3\">Comiss\u00e3o<\/a><\/li><li><a href=\"#h-edital-confirmado\" data-level=\"3\">Edital confirmado<\/a><\/li><li><a href=\"#cargos\" data-level=\"3\">Cargos, vagas e sal\u00e1rios<\/a><\/li><\/ul><\/li><li><a href=\"#carreira\" data-level=\"2\">Carreira na PGM Manaus<\/a><ul><li><a href=\"#requisitos\" data-level=\"3\">Requisitos<\/a><\/li><\/ul><\/li><li><a href=\"#h-ultimo-concurso-pgm-manaus\" data-level=\"2\">\u00daltimo concurso PGM Manaus<\/a><ul><li><a href=\"#prova\" data-level=\"3\">Etapas de provas<\/a><\/li><li><a href=\"#objetiva\" data-level=\"3\">Provas<\/a><\/li><li><a href=\"#objetiva\" data-level=\"3\">Prova Objetiva<\/a><\/li><li><a href=\"#discursiva\" data-level=\"3\">Prova Discursiva<\/a><\/li><li><a href=\"#t\u00edtulo\" data-level=\"3\">Avalia\u00e7\u00e3o de T\u00edtulos<\/a><\/li><\/ul><\/li><\/ul><\/div>\n\n\n\n<ul class=\"wp-block-list\">\n<li><\/li>\n<\/ul>\n\n\n\n<ul class=\"wp-block-list\">\n<li><\/li>\n<\/ul>\n\n\n\n<h2 class=\"wp-block-heading\" id=\"atual\"><span id=\"concurso-pgm-manaus-situacao-atual\">Concurso PGM Manaus: situa\u00e7\u00e3o atual<\/span><\/h2>\n\n\n\n<h3 class=\"wp-block-heading\" id=\"h-banca-definida\"><span id=\"banca-definida\">Banca definida<\/span><\/h3>\n\n\n\n<figure class=\"wp-block-image size-large\"><img decoding=\"async\" width=\"819\" height=\"1024\" src=\"https:\/\/cj.estrategia.com\/portal\/wp-content\/uploads\/2025\/11\/16111505\/Feed-Noticia-ECJ-V3-24-819x1024.png\" alt=\"\" class=\"wp-image-186661\" srcset=\"https:\/\/cj.estrategia.com\/portal\/wp-content\/uploads\/2025\/11\/16111505\/Feed-Noticia-ECJ-V3-24-819x1024.png 819w, https:\/\/cj.estrategia.com\/portal\/wp-content\/uploads\/2025\/11\/16111505\/Feed-Noticia-ECJ-V3-24-240x300.png 240w, https:\/\/cj.estrategia.com\/portal\/wp-content\/uploads\/2025\/11\/16111505\/Feed-Noticia-ECJ-V3-24-768x960.png 768w, https:\/\/cj.estrategia.com\/portal\/wp-content\/uploads\/2025\/11\/16111505\/Feed-Noticia-ECJ-V3-24-380x475.png 380w, https:\/\/cj.estrategia.com\/portal\/wp-content\/uploads\/2025\/11\/16111505\/Feed-Noticia-ECJ-V3-24-800x1000.png 800w, https:\/\/cj.estrategia.com\/portal\/wp-content\/uploads\/2025\/11\/16111505\/Feed-Noticia-ECJ-V3-24-150x188.png 150w, https:\/\/cj.estrategia.com\/portal\/wp-content\/uploads\/2025\/11\/16111505\/Feed-Noticia-ECJ-V3-24.png 1080w\" sizes=\"(max-width: 819px) 100vw, 819px\" \/><\/figure>\n\n\n\n<h3 class=\"wp-block-heading\" id=\"h-comissao\"><span id=\"comissao\">Comiss\u00e3o<\/span><\/h3>\n\n\n\n<p>Confira abaixo a composi\u00e7\u00e3o da <a href=\"https:\/\/cj.estrategia.com\/portal\/wp-content\/uploads\/2025\/11\/12203232\/Captura-de-tela-2025-11-12-202909.png\" target=\"_blank\" rel=\"noreferrer noopener nofollow\">comiss\u00e3o<\/a> do concurso PGM Manaus, que foi alterada:<\/p>\n\n\n<div class=\"wp-block-image\">\n<figure class=\"aligncenter size-full is-resized\"><img decoding=\"async\" width=\"340\" height=\"790\" src=\"https:\/\/cj.estrategia.com\/portal\/wp-content\/uploads\/2025\/04\/12203325\/Captura-de-tela-2025-11-12-202909-1.png\" alt=\"Comiss\u00e3o foi alterada\" class=\"wp-image-162915\" style=\"width:263px;height:auto\" srcset=\"https:\/\/cj.estrategia.com\/portal\/wp-content\/uploads\/2025\/04\/12203325\/Captura-de-tela-2025-11-12-202909-1.png 340w, https:\/\/cj.estrategia.com\/portal\/wp-content\/uploads\/2025\/04\/12203325\/Captura-de-tela-2025-11-12-202909-1-129x300.png 129w, https:\/\/cj.estrategia.com\/portal\/wp-content\/uploads\/2025\/04\/12203325\/Captura-de-tela-2025-11-12-202909-1-150x349.png 150w\" sizes=\"(max-width: 340px) 100vw, 340px\" \/><\/figure>\n<\/div>\n\n\n<h3 class=\"wp-block-heading\" id=\"h-edital-confirmado\"><span id=\"edital-confirmado\">Edital confirmado<\/span><\/h3>\n\n\n\n<p>Atrav\u00e9s de uma <a href=\"https:\/\/www.instagram.com\/reel\/DJFPvznPXaL\/?igsh=ZzRlNWk4ZXVoc20x\">postagem das redes sociais<\/a> o edital foi confirmado e deve ter seu edital divulgado ainda nos pr\u00f3ximos dias.<\/p>\n\n\n\n<h3 class=\"wp-block-heading\" id=\"cargos\"><span id=\"cargos-vagas-e-salarios\">Cargos, vagas e sal\u00e1rios<\/span><\/h3>\n\n\n\n<figure class=\"wp-block-table is-style-stripes\"><table class=\"has-luminous-vivid-amber-background-color has-background has-fixed-layout\"><thead><tr><th class=\"has-text-align-center\" data-align=\"center\">CARGOS<\/th><th class=\"has-text-align-center\" data-align=\"center\">VAGAS<\/th><th class=\"has-text-align-center\" data-align=\"center\">REMUNERA\u00c7\u00d5ES<\/th><\/tr><\/thead><tbody><tr><td class=\"has-text-align-center\" data-align=\"center\">Procurador<\/td><td class=\"has-text-align-center\" data-align=\"center\">3<\/td><td class=\"has-text-align-center\" data-align=\"center\">A definir<\/td><\/tr><\/tbody><\/table><figcaption class=\"wp-element-caption\">Detalhes da carreira<\/figcaption><\/figure>\n\n\n\n<h2 class=\"wp-block-heading\" id=\"carreira\"><span id=\"carreira-na-pgm-manaus\">Carreira na PGM Manaus<\/span><\/h2>\n\n\n\n<h3 class=\"wp-block-heading\" id=\"requisitos\">Requisitos <\/h3>\n\n\n\n<p class=\"has-text-align-left\"><span style=\"color: #000000;\">Para a investidura no cargo, exige-se dos candidatos o diploma de bacharel em Direito, al\u00e9m da inscri\u00e7\u00e3o regular como advogado na <strong>OAB<\/strong>.&nbsp;<\/span><\/p>\n\n\n\n<p class=\"has-text-align-left\"><strong>Importante<\/strong>: o concurso da Procuradoria Geral do Munic\u00edpio de Manaus <em><strong>n\u00e3o<\/strong><\/em>&nbsp;tem tempo m\u00ednimo de <a href=\"https:\/\/www.estrategiaconcursos.com.br\/blog\/atividade-juridica-concursos-publicos\/\" target=\"_blank\" rel=\"noopener noreferrer\">atividade jur\u00eddica<\/a>&nbsp;como requisito para a investidura no cargo de Procurador do Munic\u00edpio de 3\u00aa classe. <\/p>\n\n\n\n<hr class=\"wp-block-separator has-alpha-channel-opacity\"\/>\n\n\n\n<h2 class=\"wp-block-heading\" id=\"h-ultimo-concurso-pgm-manaus\"><span id=\"ultimo-concurso-pgm-manaus\">\u00daltimo concurso PGM Manaus<\/span><\/h2>\n\n\n\n<p><span style=\"color: #000000;\">O \u00faltimo edital do \u00f3rg\u00e3o foi publicado em janeiro de <strong>2018<\/strong>.&nbsp;Segundo o edital, foram ofertadas <\/span><strong><span style=\"color: #000000;\">08 vagas imediatas mais <\/span>cadastro de reserva<\/strong> para o cargo de Procurador.<\/p>\n\n\n\n<p> <span style=\"color: #000000;\">A remunera\u00e7\u00e3o mensal foi de <strong>R$19.343,91<\/strong> para desempenhar a fun\u00e7\u00e3o e ter\u00e3o jornada semanal de 20h.<\/span><\/p>\n\n\n\n<p>Confira o <a href=\"https:\/\/cj.estrategia.com\/portal\/wp-content\/uploads\/2024\/03\/20054204\/ED_10_2018_PGM_MANAUS_PROCURADOR_18___RES_FINAL_PERCIA_E_NO_CONCURSO.pdf\">resultado final<\/a>!<\/p>\n\n\n\n<h3 class=\"wp-block-heading has-text-align-left\" id=\"prova\"><span id=\"etapas-de-provas\">Etapas de provas <\/span><\/h3>\n\n\n\n<p class=\"has-text-align-left\"><span style=\"color: #000000;\">O certame foi segmentado em 3 etapas, sendo:&nbsp;<\/span><\/p>\n\n\n\n<p class=\"has-text-align-left\"><span style=\"color: #000000;\"><strong><em>1\u00aa)<\/em><\/strong> <strong>Prova objetiva <\/strong>(eliminat\u00f3ria e classificat\u00f3ria);<\/span><\/p>\n\n\n\n<p class=\"has-text-align-left\"><span style=\"color: #000000;\"><strong><em>2\u00aa)&nbsp;<\/em>Prova discursiva&nbsp;<\/strong>(eliminat\u00f3ria e classificat\u00f3ria);&nbsp;<\/span><\/p>\n\n\n\n<p class=\"has-text-align-left\"><span style=\"color: #000000;\"><strong><em>3\u00aa)<\/em> Avalia\u00e7\u00e3o de T\u00edtulos<\/strong> <em>(Classificat\u00f3ria)<\/em>.<\/span><\/p>\n\n\n\n<h3 class=\"wp-block-heading has-text-align-left\" id=\"objetiva\"><span id=\"provas\">Provas<\/span><\/h3>\n\n\n\n<p class=\"has-text-align-left\"><span style=\"color: #000000;\">O certame contou com&nbsp;<strong>duas provas<\/strong>, uma&nbsp;<strong>objetiva<\/strong> e outra&nbsp;<strong>discursiva<\/strong>. Todas as fases do concurso ocorrer\u00e3o em Manaus (AM).<\/span><\/p>\n\n\n\n<p class=\"has-text-align-left\"><span style=\"color: #000000;\">Al\u00e9m disso, os candidatos aprovados na fase de prova discursiva puderam apresentar t\u00edtulos, aos quais ser\u00e3o atribu\u00eddos pontos. Os t\u00edtulos representam uma s\u00e9rie de atividades, profissionais e acad\u00eamicas.<\/span><\/p>\n\n\n\n<h3 class=\"wp-block-heading has-text-align-left\" id=\"objetiva\"><span id=\"prova-objetiva\">Prova Objetiva<\/span><\/h3>\n\n\n\n<p class=\"has-text-align-left\"><span style=\"color: #000000;\">A&nbsp;<strong>Prova Objetiva<\/strong> ocorreu em 20 de maio de 2018&nbsp;no per\u00edodo da tarde, com dura\u00e7\u00e3o m\u00e1xima de&nbsp;<strong>5 horas<\/strong>.<\/span><\/p>\n\n\n\n<p class=\"has-text-align-left\"><span style=\"color: #000000;\">A P\u00b9 foi composta por <strong>150 itens<\/strong> para julgamento agrupados por comandos.&nbsp; Os itens dever\u00e3o ser valorados como <strong>CERTO<\/strong> ou <strong>ERRADO<\/strong>.<\/span><\/p>\n\n\n\n<p class=\"has-text-align-left\"><span style=\"color: #000000;\"><strong>Total de pontos<\/strong>: 150.<\/span><\/p>\n\n\n\n<p class=\"has-text-align-left\"><span style=\"color: #000000;\"><strong>Forma de avalia\u00e7\u00e3o<\/strong>:<\/span><\/p>\n\n\n\n<p class=\"has-text-align-left\"><span style=\"color: #000000;\">+1 ponto se a resposta estiver correta.<\/span><br><span style=\"color: #000000;\"> &#8211; 1 ponto se a marca\u00e7\u00e3o estiver incorreta.<\/span><br><span style=\"color: #000000;\"> 0 ponto em caso de dupla marca\u00e7\u00e3o ou em branco.<\/span><\/p>\n\n\n\n<p class=\"has-text-align-left\"><span style=\"color: #000000;\"><strong>Nota m\u00ednima para aprova\u00e7\u00e3o<\/strong>: 45 pontos.<\/span><\/p>\n\n\n\n<h3 class=\"wp-block-heading has-text-align-left\" id=\"discursiva\"><span id=\"prova-discursiva\">Prova Discursiva<\/span><\/h3>\n\n\n\n<p class=\"has-text-align-left\"><span style=\"color: #000000;\">A&nbsp;<strong>Prova Discursiva<\/strong> foi aplicada no dia&nbsp;1\u00ba de julho de 2018 no per\u00edodo da tarde, com dura\u00e7\u00e3o de&nbsp;<strong>5 horas<\/strong><em>,&nbsp;<\/em>no turno da tarde.<\/span><\/p>\n\n\n\n<p class=\"has-text-align-left\"><span style=\"color: #000000;\">Foram convocados para a P\u00b2 os 190 melhores classificados na categoria ampla concorr\u00eancia e os 10 melhores classificados entre os concorrentes \u00e0s vagas destinadas \u00e0 candidatos com defici\u00eancia.<\/span><\/p>\n\n\n\n<p class=\"has-text-align-left\"><span style=\"color: #000000;\">Se n\u00e3o tivesse candidatos aprovados na categoria PcD, o \u00f3rg\u00e3o iria convocar os 200 melhores classificados na lista geral. Foram respeitados os empates. A P\u00b2 foi composta por <strong>3 quest\u00f5es discursivas<\/strong> e <strong>1 pe\u00e7a jur\u00eddica<\/strong>.<\/span><\/p>\n\n\n\n<p class=\"has-text-align-left\"><span style=\"color: #000000;\">Ambas as partes da P\u00b2 versaram sobre um ou mais temas constantes no conte\u00fado program\u00e1tico do concurso.<\/span><\/p>\n\n\n\n<figure class=\"wp-block-table is-style-stripes\"><table class=\"has-luminous-vivid-amber-background-color has-background has-fixed-layout\"><thead><tr><th class=\"has-text-align-center\" data-align=\"center\">Provas<\/th><th class=\"has-text-align-center\" data-align=\"center\">N\u00famero de itens<\/th><th class=\"has-text-align-center\" data-align=\"center\">Car\u00e1ter<\/th><\/tr><\/thead><tbody><tr><td class=\"has-text-align-center\" data-align=\"center\">Discursiva<\/td><td class=\"has-text-align-center\" data-align=\"center\">3 quest\u00f5es pr\u00e1ticas<\/td><td class=\"has-text-align-center\" data-align=\"center\">Eliminat\u00f3rio e Classificat\u00f3rio<\/td><\/tr><tr><td class=\"has-text-align-center\" data-align=\"center\">Avalia\u00e7\u00e3o de t\u00edtulos<\/td><td class=\"has-text-align-center\" data-align=\"center\">1 pe\u00e7a jur\u00eddica<\/td><td class=\"has-text-align-center\" data-align=\"center\">Classificat\u00f3rio<\/td><\/tr><\/tbody><\/table><figcaption class=\"wp-element-caption\">Detalhes das etapas de provas<\/figcaption><\/figure>\n\n\n\n<p class=\"has-text-align-left\"><span style=\"color: #000000;\"><strong>Total de pontos<\/strong>: 100.<\/span><\/p>\n\n\n\n<p class=\"has-text-align-left\"><span style=\"color: #000000;\"><strong>Quest\u00f5es discursivas (3)<\/strong>: valor de 15 pontos por quest\u00e3o (45 pontos no total), com respostas em at\u00e9 20 linhas.<\/span><\/p>\n\n\n\n<p class=\"has-text-align-left\"><span style=\"color: #000000;\"><strong>Pe\u00e7a Jur\u00eddica (1)<\/strong>: valor de 55 pontos, devendo ser elaborada em at\u00e9 120 linhas.<\/span><\/p>\n\n\n\n<p class=\"has-text-align-left\"><span style=\"color: #000000;\"><strong>Notas m\u00ednimas<\/strong>: 22 pontos nas quest\u00f5es, 27 pontos na pe\u00e7a jur\u00eddica.<\/span><\/p>\n\n\n\n<h3 class=\"wp-block-heading has-text-align-left\" id=\"t\u00edtulo\"><span id=\"avaliacao-de-titulos\">Avalia\u00e7\u00e3o de T\u00edtulos<\/span><\/h3>\n\n\n\n<p class=\"has-text-align-left\"><span style=\"color: #000000;\">Ocorreu depois da divulga\u00e7\u00e3o do resultado da Prova Discursiva. Foram concedidos, pelo total de t\u00edtulos apresentados, o valor m\u00e1ximo de <strong>11,5 pontos<\/strong>. Confira abaixo a lista de t\u00edtulos:<\/span><\/p>\n\n\n<div class=\"wp-block-image\">\n<figure class=\"aligncenter is-resized\"><img decoding=\"async\" src=\"https:\/\/dhg1h5j42swfq.cloudfront.net\/2018\/01\/31104053\/pgm-manaus-titulos.jpg\" alt=\"Tabela de atribui\u00e7\u00e3o de pontos na avalia\u00e7\u00e3o de t\u00edtulos\" class=\"wp-image-104678\" style=\"width:349px;height:574px\"\/><\/figure>\n<\/div>\n\n\n<h3 id=\"conteudos-exigidos\" class=\"wp-block-heading\">Conte\u00fados Exigidos<\/h3>\n\n\n\n<p><span style=\"color: #000000;\">Os conte\u00fados cobrados para o cargo de Procurador foram:<\/span><\/p>\n\n\n\n<ul class=\"wp-block-list\">\n<li><span style=\"color: #000000;\"><em>Direito Ambiental<\/em><\/span><\/li>\n\n\n\n<li><span style=\"color: #000000;\"><em>Direito Civil<\/em><\/span><\/li>\n\n\n\n<li><span style=\"color: #000000;\"><em>Direito Processual Civil<\/em><\/span><\/li>\n\n\n\n<li><span style=\"color: #000000;\"><em>Direito Constitucional<\/em><\/span><\/li>\n\n\n\n<li><span style=\"color: #000000;\"><em>Direito do Trabalho<\/em><\/span><\/li>\n\n\n\n<li><span style=\"color: #000000;\"><em>Direito Processual do Trabalho<\/em><\/span><\/li>\n\n\n\n<li><span style=\"color: #000000;\"><em>Direito Administrativo<\/em><\/span><\/li>\n\n\n\n<li><span style=\"color: #000000;\"><em>Direito Financeiro&nbsp;<\/em><\/span><\/li>\n\n\n\n<li><span style=\"color: #000000;\"><em>Direito Municipal&nbsp;<\/em><\/span><\/li>\n\n\n\n<li><span style=\"color: #000000;\"><em>Direito Tribut\u00e1rio<\/em><\/span><\/li>\n\n\n\n<li><span style=\"color: #000000;\"><em>Direito Previdenci\u00e1rio&nbsp;<\/em><\/span><\/li>\n<\/ul>\n\n\n\n<p class=\"has-text-align-center has-medium-font-size\"><strong>Quer saber tudo sobre concursos previstos? Confira nossos artigos!<\/strong><\/p>\n\n\n\n<ul class=\"wp-block-list\">\n<li><a href=\"https:\/\/cj.estrategia.com\/portal\/concursos-abertos-carreiras-juridicas\/\" target=\"_blank\" >Concursos jur\u00eddicos abertos<\/a><\/li>\n\n\n\n<li><a href=\"https:\/\/cj.estrategia.com\/portal\/concursos-juridicos-2026-prepare-se-para-os-proximos-editais\/\" target=\"_blank\" >Concursos Jur\u00eddicos 2026<\/a><\/li>\n\n\n\n<li><a href=\"https:\/\/cj.estrategia.com\/portal\/concursos-procuradorias\/\">Concursos procuradorias<\/a><\/li>\n<\/ul>\n\n\n\n<p class=\"has-text-align-center has-medium-font-size\"><strong>Assinaturas Carreiras Jur\u00eddicas <\/strong><\/p>\n\n\n\n<div class=\"wp-block-cover\" style=\"min-height:155px;aspect-ratio:unset;\"><img decoding=\"async\" width=\"1890\" height=\"351\" class=\"wp-block-cover__image-background wp-image-8669\" alt=\"Assinaturas Jur\u00eddicas\" src=\"https:\/\/cj.estrategia.com\/portal\/wp-content\/uploads\/2022\/06\/20151253\/concurso-carreiras-juridicas-assinatura-juridica.jpg\" style=\"object-position:78% 43%\" data-object-fit=\"cover\" data-object-position=\"78% 43%\" srcset=\"https:\/\/cj.estrategia.com\/portal\/wp-content\/uploads\/2022\/06\/20151253\/concurso-carreiras-juridicas-assinatura-juridica.jpg 1890w, https:\/\/cj.estrategia.com\/portal\/wp-content\/uploads\/2022\/06\/20151253\/concurso-carreiras-juridicas-assinatura-juridica-300x56.jpg 300w, https:\/\/cj.estrategia.com\/portal\/wp-content\/uploads\/2022\/06\/20151253\/concurso-carreiras-juridicas-assinatura-juridica-1024x190.jpg 1024w, https:\/\/cj.estrategia.com\/portal\/wp-content\/uploads\/2022\/06\/20151253\/concurso-carreiras-juridicas-assinatura-juridica-768x143.jpg 768w, https:\/\/cj.estrategia.com\/portal\/wp-content\/uploads\/2022\/06\/20151253\/concurso-carreiras-juridicas-assinatura-juridica-1536x285.jpg 1536w, https:\/\/cj.estrategia.com\/portal\/wp-content\/uploads\/2022\/06\/20151253\/concurso-carreiras-juridicas-assinatura-juridica-380x71.jpg 380w, https:\/\/cj.estrategia.com\/portal\/wp-content\/uploads\/2022\/06\/20151253\/concurso-carreiras-juridicas-assinatura-juridica-800x149.jpg 800w, https:\/\/cj.estrategia.com\/portal\/wp-content\/uploads\/2022\/06\/20151253\/concurso-carreiras-juridicas-assinatura-juridica-1160x215.jpg 1160w\" sizes=\"(max-width: 1890px) 100vw, 1890px\" \/><span aria-hidden=\"true\" class=\"wp-block-cover__background has-background-dim\"><\/span><div class=\"wp-block-cover__inner-container is-layout-flow wp-block-cover-is-layout-flow\">\n<h3 id=\"faca-a-sua-assinatura\" class=\"titulo-assinatura\"><span style=\"color: #ffffff;\">Fa\u00e7a a sua assinatura!<\/span><\/h3>\n<p class=\"subtitulo-assinatura\" style=\"display:block!important; line-height: 0;\"><span style=\"color: #ffffff;\">Escolha a sua \u00e1rea.<\/span><\/p>\n<a target=\"_blank\" href=\"https:\/\/www.estrategiaconcursos.com.br\/assinaturas-ecj\/\" rel=\"noopener\"><button style=\"border-radius: 10px; text-transform: capitalize;\">Acessar<\/button><\/a>\n<\/div><\/div>\n\n\n\n<figure class=\"wp-block-image size-large is-resized\"><img decoding=\"async\" src=\"https:\/\/dhg1h5j42swfq.cloudfront.net\/2021\/04\/14141837\/ficha-tecnica-133-1024x632.png\" alt=\"ficha t\u00e9cnica concurso pgm manaus\" class=\"wp-image-714035\" style=\"aspect-ratio:1.6310679611650485;width:196px;height:auto\"\/><\/figure>\n\n\n\n<h4 class=\"wp-block-heading\" id=\"ficha\"><span id=\"informacoes-do-concurso-pgm-manaus\">Informa\u00e7\u00f5es do Concurso PGM Manaus<\/span><\/h4>\n\n\n\n<ul class=\"wp-block-list\">\n<li>Data da prova: a definir<\/li>\n\n\n\n<li>Vagas: 3<\/li>\n\n\n\n<li>Lota\u00e7\u00f5es: Manaus (AM)<\/li>\n\n\n\n<li>Remunera\u00e7\u00e3o inicial:&nbsp;<span style=\"color: #000000;\">R$19.343,91 <\/span>(\u00faltimo edital)<\/li>\n\n\n\n<li>Banca:&nbsp;a definir<\/li>\n\n\n\n<li>Escolaridade: diploma de n\u00edvel superior em Direito<\/li>\n\n\n\n<li>\u00daltimo Edital: <a href=\"https:\/\/dhg1h5j42swfq.cloudfront.net\/2017\/12\/31055837\/edital-concurso-PGM-Manaus.pdf\" target=\"_blank\" rel=\"noopener noreferrer\">PGM Manaus 2018<\/a><\/li>\n<\/ul>\n","protected":false},"excerpt":{"rendered":"A Procuradoria Geral do Munic\u00edpio de Manaus publicou dispensa de licita\u00e7\u00e3o que defina e Funda\u00e7\u00e3o Carlos Chagas como&hellip;\n","protected":false},"author":12,"featured_media":177715,"comment_status":"open","ping_status":"open","sticky":false,"template":"","format":"standard","meta":{"_jetpack_memberships_contains_paid_content":false,"footnotes":""},"categories":[24],"tags":[],"tax_estado":[32],"class_list":{"0":"post-19872","1":"post","2":"type-post","3":"status-publish","4":"format-standard","5":"has-post-thumbnail","7":"category-procuradoria","8":"tax_estado-am"},"acf":[],"yoast_head":"<!-- This site is optimized with the Yoast SEO Premium plugin v27.4 (Yoast SEO v27.4) - https:\/\/yoast.com\/product\/yoast-seo-premium-wordpress\/ -->\n<title>Concurso PGM Manaus: FCC ser\u00e1 a banca organizadora!<\/title>\n<meta name=\"description\" content=\"Concurso PGM Manaus: comiss\u00e3o \u00e9 alterada para novo edital para a carreira de procurador. Est\u00e3o previstas 3 vagas!\" \/>\n<meta name=\"robots\" content=\"index, follow, max-snippet:-1, max-image-preview:large, max-video-preview:-1\" \/>\n<link rel=\"canonical\" href=\"https:\/\/cj.estrategia.com\/portal\/concurso-pgm-manaus\/\" \/>\n<meta property=\"og:locale\" content=\"pt_BR\" \/>\n<meta property=\"og:type\" content=\"article\" \/>\n<meta property=\"og:title\" content=\"Concurso PGM Manaus: FCC ser\u00e1 a banca organizadora!\" \/>\n<meta property=\"og:description\" content=\"Concurso PGM Manaus: comiss\u00e3o \u00e9 alterada para novo edital para a carreira de procurador. Est\u00e3o previstas 3 vagas!\" \/>\n<meta property=\"og:url\" content=\"https:\/\/cj.estrategia.com\/portal\/concurso-pgm-manaus\/\" \/>\n<meta property=\"og:site_name\" content=\"Blog - Carreiras Jur\u00eddicas - Estrat\u00e9gia\" \/>\n<meta property=\"article:publisher\" content=\"https:\/\/www.facebook.com\/estrategiacarreirajuridica\/\" \/>\n<meta property=\"article:published_time\" content=\"2026-04-16T14:16:00+00:00\" \/>\n<meta property=\"article:modified_time\" content=\"2026-04-17T14:03:58+00:00\" \/>\n<meta property=\"og:image\" content=\"https:\/\/cj.estrategia.com\/portal\/wp-content\/uploads\/2026\/01\/04105643\/procurador.jpg\" \/>\n\t<meta property=\"og:image:width\" content=\"2459\" \/>\n\t<meta property=\"og:image:height\" content=\"1383\" \/>\n\t<meta property=\"og:image:type\" content=\"image\/jpeg\" \/>\n<meta name=\"author\" content=\"Coordena\u00e7\u00e3o\" \/>\n<meta name=\"twitter:card\" content=\"summary_large_image\" \/>\n<meta name=\"twitter:creator\" content=\"@EstratJuridica\" \/>\n<meta name=\"twitter:site\" content=\"@EstratJuridica\" \/>\n<meta name=\"twitter:label1\" content=\"Escrito por\" \/>\n\t<meta name=\"twitter:data1\" content=\"Coordena\u00e7\u00e3o\" \/>\n\t<meta name=\"twitter:label2\" content=\"Est. tempo de leitura\" \/>\n\t<meta name=\"twitter:data2\" content=\"6 minutos\" \/>\n<script type=\"application\/ld+json\" class=\"yoast-schema-graph\">{\"@context\":\"https:\\\/\\\/schema.org\",\"@graph\":[{\"@type\":\"NewsArticle\",\"@id\":\"https:\\\/\\\/cj.estrategia.com\\\/portal\\\/concurso-pgm-manaus\\\/#article\",\"isPartOf\":{\"@id\":\"https:\\\/\\\/cj.estrategia.com\\\/portal\\\/concurso-pgm-manaus\\\/\"},\"author\":{\"name\":\"Coordena\u00e7\u00e3o\",\"@id\":\"https:\\\/\\\/cj.estrategia.com\\\/portal\\\/#\\\/schema\\\/person\\\/4d70317d31449932b99102916b6637f5\"},\"headline\":\"Concurso PGM Manaus: FCC ser\u00e1 a banca organizadora!\",\"datePublished\":\"2026-04-16T14:16:00+00:00\",\"dateModified\":\"2026-04-17T14:03:58+00:00\",\"mainEntityOfPage\":{\"@id\":\"https:\\\/\\\/cj.estrategia.com\\\/portal\\\/concurso-pgm-manaus\\\/\"},\"wordCount\":870,\"commentCount\":0,\"publisher\":{\"@id\":\"https:\\\/\\\/cj.estrategia.com\\\/portal\\\/#organization\"},\"image\":{\"@id\":\"https:\\\/\\\/cj.estrategia.com\\\/portal\\\/concurso-pgm-manaus\\\/#primaryimage\"},\"thumbnailUrl\":\"https:\\\/\\\/cj.estrategia.com\\\/portal\\\/wp-content\\\/uploads\\\/2026\\\/01\\\/04105643\\\/procurador.jpg\",\"articleSection\":[\"Procuradoria\"],\"inLanguage\":\"pt-BR\",\"potentialAction\":[{\"@type\":\"CommentAction\",\"name\":\"Comment\",\"target\":[\"https:\\\/\\\/cj.estrategia.com\\\/portal\\\/concurso-pgm-manaus\\\/#respond\"]}],\"accessibilityFeature\":[\"tableOfContents\"]},{\"@type\":\"WebPage\",\"@id\":\"https:\\\/\\\/cj.estrategia.com\\\/portal\\\/concurso-pgm-manaus\\\/\",\"url\":\"https:\\\/\\\/cj.estrategia.com\\\/portal\\\/concurso-pgm-manaus\\\/\",\"name\":\"Concurso PGM Manaus: FCC ser\u00e1 a banca organizadora!\",\"isPartOf\":{\"@id\":\"https:\\\/\\\/cj.estrategia.com\\\/portal\\\/#website\"},\"primaryImageOfPage\":{\"@id\":\"https:\\\/\\\/cj.estrategia.com\\\/portal\\\/concurso-pgm-manaus\\\/#primaryimage\"},\"image\":{\"@id\":\"https:\\\/\\\/cj.estrategia.com\\\/portal\\\/concurso-pgm-manaus\\\/#primaryimage\"},\"thumbnailUrl\":\"https:\\\/\\\/cj.estrategia.com\\\/portal\\\/wp-content\\\/uploads\\\/2026\\\/01\\\/04105643\\\/procurador.jpg\",\"datePublished\":\"2026-04-16T14:16:00+00:00\",\"dateModified\":\"2026-04-17T14:03:58+00:00\",\"description\":\"Concurso PGM Manaus: comiss\u00e3o \u00e9 alterada para novo edital para a carreira de procurador. Est\u00e3o previstas 3 vagas!\",\"breadcrumb\":{\"@id\":\"https:\\\/\\\/cj.estrategia.com\\\/portal\\\/concurso-pgm-manaus\\\/#breadcrumb\"},\"inLanguage\":\"pt-BR\",\"potentialAction\":[{\"@type\":\"ReadAction\",\"target\":[\"https:\\\/\\\/cj.estrategia.com\\\/portal\\\/concurso-pgm-manaus\\\/\"]}]},{\"@type\":\"ImageObject\",\"inLanguage\":\"pt-BR\",\"@id\":\"https:\\\/\\\/cj.estrategia.com\\\/portal\\\/concurso-pgm-manaus\\\/#primaryimage\",\"url\":\"https:\\\/\\\/cj.estrategia.com\\\/portal\\\/wp-content\\\/uploads\\\/2026\\\/01\\\/04105643\\\/procurador.jpg\",\"contentUrl\":\"https:\\\/\\\/cj.estrategia.com\\\/portal\\\/wp-content\\\/uploads\\\/2026\\\/01\\\/04105643\\\/procurador.jpg\",\"width\":2459,\"height\":1383},{\"@type\":\"BreadcrumbList\",\"@id\":\"https:\\\/\\\/cj.estrategia.com\\\/portal\\\/concurso-pgm-manaus\\\/#breadcrumb\",\"itemListElement\":[{\"@type\":\"ListItem\",\"position\":1,\"name\":\"In\u00edcio\",\"item\":\"https:\\\/\\\/cj.estrategia.com\\\/portal\\\/\"},{\"@type\":\"ListItem\",\"position\":2,\"name\":\"Concurso PGM Manaus: FCC ser\u00e1 a banca organizadora!\"}]},{\"@type\":\"WebSite\",\"@id\":\"https:\\\/\\\/cj.estrategia.com\\\/portal\\\/#website\",\"url\":\"https:\\\/\\\/cj.estrategia.com\\\/portal\\\/\",\"name\":\"Blog - Carreiras Jur\u00eddicas - Estrat\u00e9gia\",\"description\":\"\",\"publisher\":{\"@id\":\"https:\\\/\\\/cj.estrategia.com\\\/portal\\\/#organization\"},\"potentialAction\":[{\"@type\":\"SearchAction\",\"target\":{\"@type\":\"EntryPoint\",\"urlTemplate\":\"https:\\\/\\\/cj.estrategia.com\\\/portal\\\/?s={search_term_string}\"},\"query-input\":{\"@type\":\"PropertyValueSpecification\",\"valueRequired\":true,\"valueName\":\"search_term_string\"}}],\"inLanguage\":\"pt-BR\"},{\"@type\":\"Organization\",\"@id\":\"https:\\\/\\\/cj.estrategia.com\\\/portal\\\/#organization\",\"name\":\"Estrat\u00e9gia - Carreiras Jur\u00eddicas\",\"url\":\"https:\\\/\\\/cj.estrategia.com\\\/portal\\\/\",\"logo\":{\"@type\":\"ImageObject\",\"inLanguage\":\"pt-BR\",\"@id\":\"https:\\\/\\\/cj.estrategia.com\\\/portal\\\/#\\\/schema\\\/logo\\\/image\\\/\",\"url\":\"https:\\\/\\\/cj.estrategia.com\\\/portal\\\/wp-content\\\/uploads\\\/2022\\\/03\\\/11151052\\\/cj-logo.png\",\"contentUrl\":\"https:\\\/\\\/cj.estrategia.com\\\/portal\\\/wp-content\\\/uploads\\\/2022\\\/03\\\/11151052\\\/cj-logo.png\",\"width\":150,\"height\":39,\"caption\":\"Estrat\u00e9gia - Carreiras Jur\u00eddicas\"},\"image\":{\"@id\":\"https:\\\/\\\/cj.estrategia.com\\\/portal\\\/#\\\/schema\\\/logo\\\/image\\\/\"},\"sameAs\":[\"https:\\\/\\\/www.facebook.com\\\/estrategiacarreirajuridica\\\/\",\"https:\\\/\\\/x.com\\\/EstratJuridica\",\"https:\\\/\\\/www.instagram.com\\\/estrategiacarreirajuridica\\\/\",\"https:\\\/\\\/www.youtube.com\\\/channel\\\/UClbMGuYbj2Mh1m3w144ETWQ\"]},{\"@type\":\"Person\",\"@id\":\"https:\\\/\\\/cj.estrategia.com\\\/portal\\\/#\\\/schema\\\/person\\\/4d70317d31449932b99102916b6637f5\",\"name\":\"Coordena\u00e7\u00e3o\",\"image\":{\"@type\":\"ImageObject\",\"inLanguage\":\"pt-BR\",\"@id\":\"https:\\\/\\\/cj.estrategia.com\\\/portal\\\/wp-content\\\/uploads\\\/2022\\\/05\\\/12164923\\\/estrategia-carreira-juridica-coordenacao-96x96.png\",\"url\":\"https:\\\/\\\/cj.estrategia.com\\\/portal\\\/wp-content\\\/uploads\\\/2022\\\/05\\\/12164923\\\/estrategia-carreira-juridica-coordenacao-96x96.png\",\"contentUrl\":\"https:\\\/\\\/cj.estrategia.com\\\/portal\\\/wp-content\\\/uploads\\\/2022\\\/05\\\/12164923\\\/estrategia-carreira-juridica-coordenacao-96x96.png\",\"caption\":\"Coordena\u00e7\u00e3o\"},\"url\":\"https:\\\/\\\/cj.estrategia.com\\\/portal\\\/author\\\/coordenacao\\\/\"}]}<\/script>\n<!-- \/ Yoast SEO Premium plugin. -->","yoast_head_json":{"title":"Concurso PGM Manaus: FCC ser\u00e1 a banca organizadora!","description":"Concurso PGM Manaus: comiss\u00e3o \u00e9 alterada para novo edital para a carreira de procurador. Est\u00e3o previstas 3 vagas!","robots":{"index":"index","follow":"follow","max-snippet":"max-snippet:-1","max-image-preview":"max-image-preview:large","max-video-preview":"max-video-preview:-1"},"canonical":"https:\/\/cj.estrategia.com\/portal\/concurso-pgm-manaus\/","og_locale":"pt_BR","og_type":"article","og_title":"Concurso PGM Manaus: FCC ser\u00e1 a banca organizadora!","og_description":"Concurso PGM Manaus: comiss\u00e3o \u00e9 alterada para novo edital para a carreira de procurador. Est\u00e3o previstas 3 vagas!","og_url":"https:\/\/cj.estrategia.com\/portal\/concurso-pgm-manaus\/","og_site_name":"Blog - Carreiras Jur\u00eddicas - Estrat\u00e9gia","article_publisher":"https:\/\/www.facebook.com\/estrategiacarreirajuridica\/","article_published_time":"2026-04-16T14:16:00+00:00","article_modified_time":"2026-04-17T14:03:58+00:00","og_image":[{"width":2459,"height":1383,"url":"https:\/\/cj.estrategia.com\/portal\/wp-content\/uploads\/2026\/01\/04105643\/procurador.jpg","type":"image\/jpeg"}],"author":"Coordena\u00e7\u00e3o","twitter_card":"summary_large_image","twitter_creator":"@EstratJuridica","twitter_site":"@EstratJuridica","twitter_misc":{"Escrito por":"Coordena\u00e7\u00e3o","Est. tempo de leitura":"6 minutos"},"schema":{"@context":"https:\/\/schema.org","@graph":[{"@type":"NewsArticle","@id":"https:\/\/cj.estrategia.com\/portal\/concurso-pgm-manaus\/#article","isPartOf":{"@id":"https:\/\/cj.estrategia.com\/portal\/concurso-pgm-manaus\/"},"author":{"name":"Coordena\u00e7\u00e3o","@id":"https:\/\/cj.estrategia.com\/portal\/#\/schema\/person\/4d70317d31449932b99102916b6637f5"},"headline":"Concurso PGM Manaus: FCC ser\u00e1 a banca organizadora!","datePublished":"2026-04-16T14:16:00+00:00","dateModified":"2026-04-17T14:03:58+00:00","mainEntityOfPage":{"@id":"https:\/\/cj.estrategia.com\/portal\/concurso-pgm-manaus\/"},"wordCount":870,"commentCount":0,"publisher":{"@id":"https:\/\/cj.estrategia.com\/portal\/#organization"},"image":{"@id":"https:\/\/cj.estrategia.com\/portal\/concurso-pgm-manaus\/#primaryimage"},"thumbnailUrl":"https:\/\/cj.estrategia.com\/portal\/wp-content\/uploads\/2026\/01\/04105643\/procurador.jpg","articleSection":["Procuradoria"],"inLanguage":"pt-BR","potentialAction":[{"@type":"CommentAction","name":"Comment","target":["https:\/\/cj.estrategia.com\/portal\/concurso-pgm-manaus\/#respond"]}],"accessibilityFeature":["tableOfContents"]},{"@type":"WebPage","@id":"https:\/\/cj.estrategia.com\/portal\/concurso-pgm-manaus\/","url":"https:\/\/cj.estrategia.com\/portal\/concurso-pgm-manaus\/","name":"Concurso PGM Manaus: FCC ser\u00e1 a banca organizadora!","isPartOf":{"@id":"https:\/\/cj.estrategia.com\/portal\/#website"},"primaryImageOfPage":{"@id":"https:\/\/cj.estrategia.com\/portal\/concurso-pgm-manaus\/#primaryimage"},"image":{"@id":"https:\/\/cj.estrategia.com\/portal\/concurso-pgm-manaus\/#primaryimage"},"thumbnailUrl":"https:\/\/cj.estrategia.com\/portal\/wp-content\/uploads\/2026\/01\/04105643\/procurador.jpg","datePublished":"2026-04-16T14:16:00+00:00","dateModified":"2026-04-17T14:03:58+00:00","description":"Concurso PGM Manaus: comiss\u00e3o \u00e9 alterada para novo edital para a carreira de procurador. Est\u00e3o previstas 3 vagas!","breadcrumb":{"@id":"https:\/\/cj.estrategia.com\/portal\/concurso-pgm-manaus\/#breadcrumb"},"inLanguage":"pt-BR","potentialAction":[{"@type":"ReadAction","target":["https:\/\/cj.estrategia.com\/portal\/concurso-pgm-manaus\/"]}]},{"@type":"ImageObject","inLanguage":"pt-BR","@id":"https:\/\/cj.estrategia.com\/portal\/concurso-pgm-manaus\/#primaryimage","url":"https:\/\/cj.estrategia.com\/portal\/wp-content\/uploads\/2026\/01\/04105643\/procurador.jpg","contentUrl":"https:\/\/cj.estrategia.com\/portal\/wp-content\/uploads\/2026\/01\/04105643\/procurador.jpg","width":2459,"height":1383},{"@type":"BreadcrumbList","@id":"https:\/\/cj.estrategia.com\/portal\/concurso-pgm-manaus\/#breadcrumb","itemListElement":[{"@type":"ListItem","position":1,"name":"In\u00edcio","item":"https:\/\/cj.estrategia.com\/portal\/"},{"@type":"ListItem","position":2,"name":"Concurso PGM Manaus: FCC ser\u00e1 a banca organizadora!"}]},{"@type":"WebSite","@id":"https:\/\/cj.estrategia.com\/portal\/#website","url":"https:\/\/cj.estrategia.com\/portal\/","name":"Blog - Carreiras Jur\u00eddicas - Estrat\u00e9gia","description":"","publisher":{"@id":"https:\/\/cj.estrategia.com\/portal\/#organization"},"potentialAction":[{"@type":"SearchAction","target":{"@type":"EntryPoint","urlTemplate":"https:\/\/cj.estrategia.com\/portal\/?s={search_term_string}"},"query-input":{"@type":"PropertyValueSpecification","valueRequired":true,"valueName":"search_term_string"}}],"inLanguage":"pt-BR"},{"@type":"Organization","@id":"https:\/\/cj.estrategia.com\/portal\/#organization","name":"Estrat\u00e9gia - Carreiras Jur\u00eddicas","url":"https:\/\/cj.estrategia.com\/portal\/","logo":{"@type":"ImageObject","inLanguage":"pt-BR","@id":"https:\/\/cj.estrategia.com\/portal\/#\/schema\/logo\/image\/","url":"https:\/\/cj.estrategia.com\/portal\/wp-content\/uploads\/2022\/03\/11151052\/cj-logo.png","contentUrl":"https:\/\/cj.estrategia.com\/portal\/wp-content\/uploads\/2022\/03\/11151052\/cj-logo.png","width":150,"height":39,"caption":"Estrat\u00e9gia - Carreiras Jur\u00eddicas"},"image":{"@id":"https:\/\/cj.estrategia.com\/portal\/#\/schema\/logo\/image\/"},"sameAs":["https:\/\/www.facebook.com\/estrategiacarreirajuridica\/","https:\/\/x.com\/EstratJuridica","https:\/\/www.instagram.com\/estrategiacarreirajuridica\/","https:\/\/www.youtube.com\/channel\/UClbMGuYbj2Mh1m3w144ETWQ"]},{"@type":"Person","@id":"https:\/\/cj.estrategia.com\/portal\/#\/schema\/person\/4d70317d31449932b99102916b6637f5","name":"Coordena\u00e7\u00e3o","image":{"@type":"ImageObject","inLanguage":"pt-BR","@id":"https:\/\/cj.estrategia.com\/portal\/wp-content\/uploads\/2022\/05\/12164923\/estrategia-carreira-juridica-coordenacao-96x96.png","url":"https:\/\/cj.estrategia.com\/portal\/wp-content\/uploads\/2022\/05\/12164923\/estrategia-carreira-juridica-coordenacao-96x96.png","contentUrl":"https:\/\/cj.estrategia.com\/portal\/wp-content\/uploads\/2022\/05\/12164923\/estrategia-carreira-juridica-coordenacao-96x96.png","caption":"Coordena\u00e7\u00e3o"},"url":"https:\/\/cj.estrategia.com\/portal\/author\/coordenacao\/"}]}},"jetpack_featured_media_url":"https:\/\/cj.estrategia.com\/portal\/wp-content\/uploads\/2026\/01\/04105643\/procurador.jpg","jetpack_sharing_enabled":true,"_links":{"self":[{"href":"https:\/\/cj.estrategia.com\/portal\/wp-json\/wp\/v2\/posts\/19872","targetHints":{"allow":["GET"]}}],"collection":[{"href":"https:\/\/cj.estrategia.com\/portal\/wp-json\/wp\/v2\/posts"}],"about":[{"href":"https:\/\/cj.estrategia.com\/portal\/wp-json\/wp\/v2\/types\/post"}],"author":[{"embeddable":true,"href":"https:\/\/cj.estrategia.com\/portal\/wp-json\/wp\/v2\/users\/12"}],"replies":[{"embeddable":true,"href":"https:\/\/cj.estrategia.com\/portal\/wp-json\/wp\/v2\/comments?post=19872"}],"version-history":[{"count":30,"href":"https:\/\/cj.estrategia.com\/portal\/wp-json\/wp\/v2\/posts\/19872\/revisions"}],"predecessor-version":[{"id":186830,"href":"https:\/\/cj.estrategia.com\/portal\/wp-json\/wp\/v2\/posts\/19872\/revisions\/186830"}],"wp:featuredmedia":[{"embeddable":true,"href":"https:\/\/cj.estrategia.com\/portal\/wp-json\/wp\/v2\/media\/177715"}],"wp:attachment":[{"href":"https:\/\/cj.estrategia.com\/portal\/wp-json\/wp\/v2\/media?parent=19872"}],"wp:term":[{"taxonomy":"category","embeddable":true,"href":"https:\/\/cj.estrategia.com\/portal\/wp-json\/wp\/v2\/categories?post=19872"},{"taxonomy":"post_tag","embeddable":true,"href":"https:\/\/cj.estrategia.com\/portal\/wp-json\/wp\/v2\/tags?post=19872"},{"taxonomy":"tax_estado","embeddable":true,"href":"https:\/\/cj.estrategia.com\/portal\/wp-json\/wp\/v2\/tax_estado?post=19872"}],"curies":[{"name":"wp","href":"https:\/\/api.w.org\/{rel}","templated":true}]}}