{"id":197287,"date":"2026-09-05T09:54:07","date_gmt":"2026-09-05T12:54:07","guid":{"rendered":"https:\/\/cj.estrategia.com\/portal\/?p=197287"},"modified":"2026-09-05T09:56:50","modified_gmt":"2026-09-05T12:56:50","slug":"enap-da-agu","status":"publish","type":"post","link":"https:\/\/cj.estrategia.com\/portal\/enap-da-agu\/","title":{"rendered":"ENAP da AGU: guia completo do novo exame nacional"},"content":{"rendered":"\n<p class=\"has-medium-font-size wp-block-paragraph\"><strong><em>ENAP da AGU: entenda como vai funcionar o Exame Nacional da Advocacia P\u00fablica<\/em><\/strong><\/p>\n\n\n\n<p class=\"wp-block-paragraph\">O <a href=\"https:\/\/cj.estrategia.com\/portal\/concurso-agu-unificado\/\" target=\"_blank\" >Concurso AGU Unificado<\/a> ter\u00e1 uma mudan\u00e7a importante em sua estrutura. Os pr\u00f3ximos certames para as carreiras jur\u00eddicas federais passar\u00e3o a contar com o <strong>Exame Nacional da Advocacia P\u00fablica (ENAP)<\/strong>, que funcionar\u00e1 como uma etapa pr\u00e9via de habilita\u00e7\u00e3o dos candidatos.<\/p>\n\n\n\n<p class=\"wp-block-paragraph\">O novo modelo foi aprovado pelo Conselho Superior da Advocacia-Geral da Uni\u00e3o e alcan\u00e7ar\u00e1 os concursos para <strong>Advogado da Uni\u00e3o, Procurador Federal, Procurador da Fazenda Nacional e Procurador do Banco Central do Brasil<\/strong>.<\/p>\n\n\n\n<p class=\"wp-block-paragraph\">Al\u00e9m da cria\u00e7\u00e3o do ENAP, a nova sistem\u00e1tica permitir\u00e1 que o candidato habilitado realize as provas objetivas das quatro carreiras mediante o pagamento de uma \u00fanica taxa. A escolha da carreira ocorrer\u00e1 antes das provas discursivas.<\/p>\n\n\n\n<p class=\"wp-block-paragraph\">Tamb\u00e9m haver\u00e1 uma novidade na etapa final: os aprovados dever\u00e3o participar de um <strong>curso de forma\u00e7\u00e3o de car\u00e1ter eliminat\u00f3rio<\/strong>, espec\u00edfico para cada carreira.<\/p>\n\n\n\n<p class=\"wp-block-paragraph\">Mas <strong>o ENAP ser\u00e1 uma prova comum<\/strong>? A nota contar\u00e1 para a classifica\u00e7\u00e3o? Ser\u00e1 necess\u00e1rio escolher a carreira j\u00e1 na inscri\u00e7\u00e3o? Confira, a seguir, tudo o que j\u00e1 se sabe sobre o novo Exame Nacional da Advocacia P\u00fablica.<\/p>\n\n\n\n<div class=\"container\" id=\"boxes\">\n  <div class=\"row\">\n\n    <div class=\"col-sm\">\n      <div class=\"banner-estrategia-concursos-juridicos\" id=\"box-assinatura\">\n        <h2 id=\"enap-agu-unificado\" class=\"titulo-assinatura\"><span style=\"color: #ffffff; font-size: 23px; \">ENAP &#8211; AGU Unificado<\/span><\/h2>\n        <p class=\"subtitulo-assinatura\">Confira nossos cursos<\/p>\n        <div class=\"box-botao\">\n          <a class=\"btn-assinatura-juridica\" target=\"_blank\" href=\"https:\/\/cj.estrategia.com\/concurso\/resultado-pesquisa?search=enap+agu\" role=\"button\" rel=\"noopener noreferrer\">Saiba mais<\/a>\n        <\/div>\n      <\/div>\n<p><\/p>\n    <\/div>\n\n  <\/div>\n<\/div>\n\n\n\n<div class=\"wp-block-yoast-seo-table-of-contents yoast-table-of-contents\"><h2 id=\"acompanhe-os-detalhes-e-saiba-tudo-sobre-o-enap-da-agu\">Acompanhe os detalhes e saiba tudo sobre o ENAP da AGU<\/h2><ul><li><a href=\"#h-enap-agu-resumo-das-principais-mudancas\" data-level=\"2\">ENAP AGU: resumo das principais mudan\u00e7as<\/a><\/li><li><a href=\"#h-o-que-e-o-enap-da-agu\" data-level=\"2\">O que \u00e9 o ENAP da AGU?<\/a><ul><li><a href=\"#h-para-quais-carreiras-o-enap-sera-exigido\" data-level=\"3\">Para quais carreiras o ENAP ser\u00e1 exigido?<\/a><\/li><\/ul><\/li><li><a href=\"#h-como-vai-funcionar-o-enap\" data-level=\"2\">Como vai funcionar o ENAP?<\/a><ul><li><a href=\"#h-1-realizacao-do-exame-nacional-da-advocacia-publica\" data-level=\"3\">1. Realiza\u00e7\u00e3o do Exame Nacional da Advocacia P\u00fablica<\/a><\/li><li><a href=\"#h-2-habilitacao-no-enap\" data-level=\"3\">2. Habilita\u00e7\u00e3o no ENAP<\/a><\/li><li><a href=\"#h-3-provas-objetivas-das-quatro-carreiras\" data-level=\"3\">3. Provas objetivas das quatro carreiras<\/a><\/li><li><a href=\"#h-4-escolha-da-carreira-antes-das-provas-discursivas\" data-level=\"3\">4. Escolha da carreira antes das provas discursivas<\/a><\/li><li><a href=\"#h-5-provas-discursivas-e-demais-etapas\" data-level=\"3\">5. Provas discursivas e demais etapas<\/a><\/li><li><a href=\"#h-6-curso-de-formacao-eliminatorio\" data-level=\"3\">6. Curso de forma\u00e7\u00e3o eliminat\u00f3rio<\/a><\/li><\/ul><\/li><li><a href=\"#h-o-enap-sera-eliminatorio-ou-classificatorio\" data-level=\"2\">O ENAP ser\u00e1 eliminat\u00f3rio ou classificat\u00f3rio?<\/a><\/li><li><a href=\"#h-como-funcionara-a-taxa-unica\" data-level=\"2\">Como funcionar\u00e1 a taxa \u00fanica?<\/a><\/li><li><a href=\"#h-por-que-a-agu-criou-o-enap\" data-level=\"2\">Por que a AGU criou o ENAP?<\/a><\/li><li><a href=\"#h-enap-enam-e-exame-da-oab-sao-a-mesma-coisa\" data-level=\"2\">ENAP, ENAM e Exame da OAB s\u00e3o a mesma coisa?<\/a><\/li><li><a href=\"#h-perguntas-frequentes-sobre-o-enap-da-agu\" data-level=\"2\">Perguntas frequentes sobre o ENAP da AGU<\/a><\/li><li><a href=\"#h-resumo-sobre-o-enap-no-concurso-agu-unificado\" data-level=\"2\">Resumo sobre o ENAP no Concurso AGU Unificado<\/a><\/li><\/ul><\/div>\n\n\n\n<h2 id=\"h-enap-agu-resumo-das-principais-mudancas\" class=\"wp-block-heading\"><span id=\"enap-agu-resumo-das-principais-mudancas\">ENAP AGU: resumo das principais mudan\u00e7as<\/span><\/h2>\n\n\n\n<p class=\"wp-block-paragraph\">Veja os pontos centrais anunciados pela AGU:<\/p>\n\n\n\n<ul class=\"wp-block-list\">\n<li>O ENAP ser\u00e1 uma etapa pr\u00e9via de habilita\u00e7\u00e3o;<\/li>\n\n\n\n<li>o exame ter\u00e1 car\u00e1ter eliminat\u00f3rio;<\/li>\n\n\n\n<li>a nota do ENAP n\u00e3o ser\u00e1 utilizada na classifica\u00e7\u00e3o dos concursos;<\/li>\n\n\n\n<li>os habilitados poder\u00e3o fazer as provas objetivas das quatro carreiras;<\/li>\n\n\n\n<li>ser\u00e1 cobrada uma \u00fanica taxa para a realiza\u00e7\u00e3o dessas provas objetivas;<\/li>\n\n\n\n<li>a escolha da carreira ocorrer\u00e1 antes das provas discursivas;<\/li>\n\n\n\n<li>o candidato dever\u00e1 seguir nas etapas discursivas de uma carreira;<\/li>\n\n\n\n<li>haver\u00e1 um curso de forma\u00e7\u00e3o eliminat\u00f3rio ao final de cada concurso;<\/li>\n\n\n\n<li>est\u00e3o autorizadas 170 vagas para as quatro carreiras.<\/li>\n<\/ul>\n\n\n\n<p class=\"wp-block-paragraph\">O fluxo esperado pode ser resumido da seguinte forma:<\/p>\n\n\n\n<p class=\"wp-block-paragraph\"><strong>ENAP \u2192 habilita\u00e7\u00e3o \u2192 provas objetivas das quatro carreiras \u2192 escolha de uma carreira \u2192 provas discursivas e demais fases \u2192 curso de forma\u00e7\u00e3o eliminat\u00f3rio<\/strong><\/p>\n\n\n\n<p class=\"has-text-align-center is-style-cnvs-paragraph-callout has-luminous-vivid-amber-to-luminous-vivid-orange-gradient-background has-background has-medium-font-size wp-block-paragraph\"><a href=\"https:\/\/mkt.estrategia.com\/cj\/area-do-candidato-agu\/\" target=\"_blank\" ><strong>\u00c1rea do candidato &#8211; AGU<\/strong><\/a><\/p>\n\n\n\n<h2 id=\"h-o-que-e-o-enap-da-agu\" class=\"wp-block-heading\"><span id=\"o-que-e-o-enap-da-agu\">O que \u00e9 o ENAP da AGU?<\/span><\/h2>\n\n\n\n<p class=\"wp-block-paragraph\">O <strong>Exame Nacional da Advocacia P\u00fablica<\/strong> ser\u00e1 um exame de habilita\u00e7\u00e3o para os concursos das carreiras jur\u00eddicas da Advocacia P\u00fablica Federal.<\/p>\n\n\n\n<p class=\"wp-block-paragraph\">Na pr\u00e1tica, o <strong>candidato precisar\u00e1 ser aprovado no ENAP<\/strong> para poder disputar os concursos abrangidos pelo novo modelo. Por isso, o exame funcionar\u00e1 como uma porta de entrada para as sele\u00e7\u00f5es.<\/p>\n\n\n\n<p class=\"wp-block-paragraph\">De acordo com o <a href=\"https:\/\/www.gov.br\/agu\/pt-br\/comunicacao\/noticias\/agu-moderniza-concurso-para-carreiras-juridicas-e-passa-a-adotar-o-exame-nacional-da-advocacia-publica\" target=\"_blank\" >an\u00fancio oficial da AGU<\/a>, o <strong>ENAP ter\u00e1 natureza eliminat\u00f3ria<\/strong>. Isso significa que ser\u00e1 necess\u00e1rio alcan\u00e7ar o desempenho m\u00ednimo definido no edital.<\/p>\n\n\n\n<p class=\"wp-block-paragraph\">Por outro lado, a pontua\u00e7\u00e3o obtida no exame n\u00e3o ser\u00e1 somada \u00e0s notas das demais etapas nem utilizada para definir a posi\u00e7\u00e3o do candidato na classifica\u00e7\u00e3o final.<\/p>\n\n\n\n<h3 id=\"h-para-quais-carreiras-o-enap-sera-exigido\" class=\"wp-block-heading\"><span id=\"para-quais-carreiras-o-enap-sera-exigido\">Para quais carreiras o ENAP ser\u00e1 exigido?<\/span><\/h3>\n\n\n\n<p class=\"wp-block-paragraph\">A habilita\u00e7\u00e3o no ENAP ser\u00e1 utilizada no concurso AGU Unificado para quatro carreiras:<\/p>\n\n\n\n<figure class=\"wp-block-table is-style-stripes\"><table class=\"has-very-light-gray-to-cyan-bluish-gray-gradient-background has-background has-fixed-layout\"><thead><tr><th class=\"has-text-align-center\" data-align=\"center\">Carreira<\/th><th class=\"has-text-align-center\" data-align=\"center\">Atua\u00e7\u00e3o principal<\/th><th class=\"has-text-align-center\" data-align=\"center\">Vagas autorizadas<\/th><\/tr><\/thead><tbody><tr><td class=\"has-text-align-center\" data-align=\"center\">Advogado da Uni\u00e3o<\/td><td class=\"has-text-align-center\" data-align=\"center\">Representa\u00e7\u00e3o judicial e extrajudicial da Uni\u00e3o e assessoramento jur\u00eddico da Administra\u00e7\u00e3o Federal direta<\/td><td class=\"has-text-align-center\" data-align=\"center\">50<\/td><\/tr><tr><td class=\"has-text-align-center\" data-align=\"center\">Procurador Federal<\/td><td class=\"has-text-align-center\" data-align=\"center\">Representa\u00e7\u00e3o e consultoria jur\u00eddica de autarquias e funda\u00e7\u00f5es p\u00fablicas federais<\/td><td class=\"has-text-align-center\" data-align=\"center\">50<\/td><\/tr><tr><td class=\"has-text-align-center\" data-align=\"center\">Procurador da Fazenda Nacional<\/td><td class=\"has-text-align-center\" data-align=\"center\">Representa\u00e7\u00e3o da Uni\u00e3o em mat\u00e9rias fiscais e atua\u00e7\u00e3o relacionada \u00e0 d\u00edvida ativa<\/td><td class=\"has-text-align-center\" data-align=\"center\">50<\/td><\/tr><tr><td class=\"has-text-align-center\" data-align=\"center\">Procurador do Banco Central<\/td><td class=\"has-text-align-center\" data-align=\"center\">Representa\u00e7\u00e3o e assessoramento jur\u00eddico do Banco Central do Brasil<\/td><td class=\"has-text-align-center\" data-align=\"center\">20<\/td><\/tr><tr><td class=\"has-text-align-center\" data-align=\"center\"><strong>Total<\/strong><\/td><td class=\"has-text-align-center\" data-align=\"center\"><\/td><td class=\"has-text-align-center\" data-align=\"center\"><strong>170<\/strong><\/td><\/tr><\/tbody><\/table><\/figure>\n\n\n\n<h2 id=\"h-como-vai-funcionar-o-enap\" class=\"wp-block-heading\"><span id=\"como-vai-funcionar-o-enap\">Como vai funcionar o ENAP?<\/span><\/h2>\n\n\n\n<p class=\"wp-block-paragraph\">A AGU apresentou a estrutura geral do novo modelo, mas os detalhes operacionais depender\u00e3o dos editais. Com base nas informa\u00e7\u00f5es confirmadas, o processo dever\u00e1 seguir as etapas abaixo.<\/p>\n\n\n\n<h3 id=\"h-1-realizacao-do-exame-nacional-da-advocacia-publica\" class=\"wp-block-heading\"><span id=\"1-realizacao-do-exame-nacional-da-advocacia-publica\">1. Realiza\u00e7\u00e3o do Exame Nacional da Advocacia P\u00fablica<\/span><\/h3>\n\n\n\n<p class=\"wp-block-paragraph\">O candidato far\u00e1 inicialmente o ENAP, que avaliar\u00e1 se ele possui o n\u00edvel m\u00ednimo necess\u00e1rio para disputar os concursos das carreiras abrangidas. Ainda n\u00e3o foram informados:<\/p>\n\n\n\n<ul class=\"wp-block-list\">\n<li>n\u00famero de quest\u00f5es;<\/li>\n\n\n\n<li>disciplinas cobradas;<\/li>\n\n\n\n<li>tipo de prova;<\/li>\n\n\n\n<li>dura\u00e7\u00e3o;<\/li>\n\n\n\n<li>cidades de aplica\u00e7\u00e3o;<\/li>\n\n\n\n<li>institui\u00e7\u00e3o organizadora;<\/li>\n\n\n\n<li>nota m\u00ednima para habilita\u00e7\u00e3o;<\/li>\n\n\n\n<li>crit\u00e9rios de corre\u00e7\u00e3o;<\/li>\n\n\n\n<li>possibilidade de pontua\u00e7\u00e3o negativa;<\/li>\n\n\n\n<li>prazo de validade do resultado.<\/li>\n<\/ul>\n\n\n\n<p class=\"wp-block-paragraph\">Portanto, ainda n\u00e3o \u00e9 poss\u00edvel afirmar se o exame seguir\u00e1 o modelo de certo ou errado, m\u00faltipla escolha ou outro formato.<\/p>\n\n\n\n<h3 id=\"h-2-habilitacao-no-enap\" class=\"wp-block-heading\"><span id=\"2-habilitacao-no-enap\">2. Habilita\u00e7\u00e3o no ENAP<\/span><\/h3>\n\n\n\n<p class=\"wp-block-paragraph\">Quem alcan\u00e7ar o desempenho m\u00ednimo ser\u00e1 considerado habilitado.<\/p>\n\n\n\n<p class=\"wp-block-paragraph\">Essa aprova\u00e7\u00e3o n\u00e3o representa classifica\u00e7\u00e3o nem garante vaga. Ela permite que o candidato avance para os concursos espec\u00edficos das carreiras jur\u00eddicas federais.<\/p>\n\n\n\n<p class=\"wp-block-paragraph\">A nota obtida no ENAP n\u00e3o ser\u00e1 aproveitada na classifica\u00e7\u00e3o desses concursos. Em princ\u00edpio, portanto, obter uma nota muito superior ao m\u00ednimo n\u00e3o conceder\u00e1 vantagem classificat\u00f3ria nas fases seguintes.<\/p>\n\n\n\n<h3 id=\"h-3-provas-objetivas-das-quatro-carreiras\" class=\"wp-block-heading\"><span id=\"3-provas-objetivas-das-quatro-carreiras\">3. Provas objetivas das quatro carreiras<\/span><\/h3>\n\n\n\n<p class=\"wp-block-paragraph\">O candidato habilitado poder\u00e1 realizar as provas objetivas de:<\/p>\n\n\n\n<ul class=\"wp-block-list\">\n<li>Advogado da Uni\u00e3o;<\/li>\n\n\n\n<li>Procurador Federal;<\/li>\n\n\n\n<li>Procurador da Fazenda Nacional;<\/li>\n\n\n\n<li>Procurador do Banco Central.<\/li>\n<\/ul>\n\n\n\n<p class=\"wp-block-paragraph\">A AGU informou que ser\u00e1 poss\u00edvel fazer essas provas mediante o pagamento de <strong>uma \u00fanica taxa de inscri\u00e7\u00e3o<\/strong>.<\/p>\n\n\n\n<p class=\"wp-block-paragraph\">O comunicado, contudo, n\u00e3o esclareceu se as quatro provas ser\u00e3o aplicadas em dias ou turnos diferentes, se haver\u00e1 blocos comuns ou se cada carreira ter\u00e1 uma prova integralmente pr\u00f3pria. Essas respostas dever\u00e3o constar nos editais.<\/p>\n\n\n\n<p class=\"wp-block-paragraph\">Tamb\u00e9m ser\u00e1 necess\u00e1rio aguardar para saber se o candidato poder\u00e1 optar por fazer apenas algumas das quatro provas.<\/p>\n\n\n\n<h3 id=\"h-4-escolha-da-carreira-antes-das-provas-discursivas\" class=\"wp-block-heading\"><span id=\"4-escolha-da-carreira-antes-das-provas-discursivas\">4. Escolha da carreira antes das provas discursivas<\/span><\/h3>\n\n\n\n<p class=\"wp-block-paragraph\">Uma das mudan\u00e7as mais relevantes ser\u00e1 o momento da escolha da carreira.<\/p>\n\n\n\n<p class=\"wp-block-paragraph\">O candidato poder\u00e1 realizar as provas objetivas das quatro sele\u00e7\u00f5es e somente antes da fase discursiva dever\u00e1 indicar para qual carreira deseja prosseguir.<\/p>\n\n\n\n<p class=\"wp-block-paragraph\">O modelo aponta, portanto, para a escolha de <strong>uma carreira<\/strong> na etapa discursiva.<\/p>\n\n\n\n<h3 id=\"h-5-provas-discursivas-e-demais-etapas\" class=\"wp-block-heading\"><span id=\"5-provas-discursivas-e-demais-etapas\">5. Provas discursivas e demais etapas<\/span><\/h3>\n\n\n\n<p class=\"wp-block-paragraph\">Depois de escolher a carreira, o candidato realizar\u00e1 as provas discursivas correspondentes \u00e0 op\u00e7\u00e3o feita.<\/p>\n\n\n\n<p class=\"wp-block-paragraph\">Cada concurso poder\u00e1 apresentar disciplinas, pe\u00e7as processuais, pareceres, quest\u00f5es e crit\u00e9rios de corre\u00e7\u00e3o pr\u00f3prios. As outras fases eventualmente exigidas tamb\u00e9m dever\u00e3o ser descritas nos respectivos editais.<\/p>\n\n\n\n<p class=\"wp-block-paragraph\">At\u00e9 o momento, a AGU n\u00e3o detalhou se o novo modelo continuar\u00e1 incluindo etapas como:<\/p>\n\n\n\n<ul class=\"wp-block-list\">\n<li>prova oral;<\/li>\n\n\n\n<li>avalia\u00e7\u00e3o de t\u00edtulos;<\/li>\n\n\n\n<li>sindic\u00e2ncia de vida pregressa;<\/li>\n\n\n\n<li>comprova\u00e7\u00e3o de pr\u00e1tica jur\u00eddica;<\/li>\n\n\n\n<li>inscri\u00e7\u00e3o definitiva;<\/li>\n\n\n\n<li>exames de sa\u00fade;<\/li>\n\n\n\n<li>procedimentos de heteroidentifica\u00e7\u00e3o;<\/li>\n\n\n\n<li>avalia\u00e7\u00e3o biopsicossocial.<\/li>\n<\/ul>\n\n\n\n<p class=\"wp-block-paragraph\">Essas etapas n\u00e3o devem ser presumidas nem descartadas antes da publica\u00e7\u00e3o das regras oficiais.<\/p>\n\n\n\n<h3 id=\"h-6-curso-de-formacao-eliminatorio\" class=\"wp-block-heading\"><span id=\"6-curso-de-formacao-eliminatorio\">6. Curso de forma\u00e7\u00e3o eliminat\u00f3rio<\/span><\/h3>\n\n\n\n<p class=\"wp-block-paragraph\">O curso de forma\u00e7\u00e3o ser\u00e1 a \u00faltima etapa do concurso e ter\u00e1 car\u00e1ter eliminat\u00f3rio.<\/p>\n\n\n\n<p class=\"wp-block-paragraph\">Cada uma das quatro carreiras contar\u00e1 com forma\u00e7\u00e3o pr\u00f3pria. Mesmo depois de superar as provas anteriores, o candidato precisar\u00e1 cumprir os requisitos do curso para permanecer no certame.<\/p>\n\n\n\n<p class=\"wp-block-paragraph\">A dura\u00e7\u00e3o, o conte\u00fado, a carga hor\u00e1ria, o local, os crit\u00e9rios de avalia\u00e7\u00e3o e a eventual ajuda financeira ainda n\u00e3o foram anunciados<\/p>\n\n\n\n<h2 id=\"h-o-enap-sera-eliminatorio-ou-classificatorio\" class=\"wp-block-heading\"><span id=\"o-enap-sera-eliminatorio-ou-classificatorio\">O ENAP ser\u00e1 eliminat\u00f3rio ou classificat\u00f3rio?<\/span><\/h2>\n\n\n\n<p class=\"wp-block-paragraph\">O ENAP ser\u00e1 <strong>eliminat\u00f3rio, mas n\u00e3o classificat\u00f3rio<\/strong>.<\/p>\n\n\n\n<p class=\"wp-block-paragraph\">Isso significa que o candidato precisar\u00e1 atingir a pontua\u00e7\u00e3o m\u00ednima exigida para continuar. Depois de obtida a habilita\u00e7\u00e3o, por\u00e9m, a nota do exame n\u00e3o ser\u00e1 utilizada para coloc\u00e1-lo \u00e0 frente ou atr\u00e1s de outros concorrentes.<\/p>\n\n\n\n<p class=\"wp-block-paragraph\">Imagine, por exemplo, que o edital estabele\u00e7a uma nota m\u00ednima hipot\u00e9tica de 60 pontos. Um candidato que obtenha 60 e outro que alcance 90 estariam igualmente habilitados. A diferen\u00e7a entre as notas n\u00e3o seria transferida para a classifica\u00e7\u00e3o dos concursos espec\u00edficos.<\/p>\n\n\n\n<p class=\"wp-block-paragraph\">Esse exemplo \u00e9 apenas ilustrativo. A AGU ainda n\u00e3o divulgou qual ser\u00e1 a nota m\u00ednima real.<\/p>\n\n\n\n<h2 id=\"h-como-funcionara-a-taxa-unica\" class=\"wp-block-heading\"><span id=\"como-funcionara-a-taxa-unica\">Como funcionar\u00e1 a taxa \u00fanica?<\/span><\/h2>\n\n\n\n<p class=\"wp-block-paragraph\">A taxa \u00fanica dar\u00e1 ao candidato habilitado a possibilidade de realizar as provas objetivas das quatro carreiras.<\/p>\n\n\n\n<p class=\"wp-block-paragraph\">O valor ainda n\u00e3o foi divulgado.<\/p>\n\n\n\n<p class=\"wp-block-paragraph\">H\u00e1 outro ponto que merece aten\u00e7\u00e3o: a not\u00edcia oficial n\u00e3o informa expressamente se a inscri\u00e7\u00e3o no pr\u00f3prio ENAP estar\u00e1 inclu\u00edda nessa taxa ou se o exame de habilita\u00e7\u00e3o ter\u00e1 cobran\u00e7a separada.<\/p>\n\n\n\n<p class=\"wp-block-paragraph\">O que est\u00e1 confirmado \u00e9 a exist\u00eancia de uma \u00fanica taxa para o acesso \u00e0s provas objetivas das quatro carreiras depois da habilita\u00e7\u00e3o no ENAP.<\/p>\n\n\n\n<h2 id=\"h-por-que-a-agu-criou-o-enap\" class=\"wp-block-heading\"><span id=\"por-que-a-agu-criou-o-enap\">Por que a AGU criou o ENAP?<\/span><\/h2>\n\n\n\n<p class=\"wp-block-paragraph\">Segundo a institui\u00e7\u00e3o, o <strong>objetivo \u00e9 modernizar a sele\u00e7\u00e3o<\/strong> e melhorar a distribui\u00e7\u00e3o dos aprovados entre as carreiras.<\/p>\n\n\n\n<p class=\"wp-block-paragraph\">Nos concursos anteriores, um mesmo candidato podia terminar aprovado em mais de uma sele\u00e7\u00e3o. Como uma pessoa somente poderia ocupar um dos cargos, essa sobreposi\u00e7\u00e3o dificultava o planejamento das nomea\u00e7\u00f5es e a recomposi\u00e7\u00e3o da for\u00e7a de trabalho.<\/p>\n\n\n\n<p class=\"wp-block-paragraph\">Com a escolha realizada antes da fase discursiva, a expectativa \u00e9 reduzir a concentra\u00e7\u00e3o de aprova\u00e7\u00f5es em um grupo menor de candidatos e ampliar o n\u00famero de pessoas efetivamente aprovadas.<\/p>\n\n\n\n<p class=\"wp-block-paragraph\">Para o candidato, o novo modelo tamb\u00e9m pode representar:<\/p>\n\n\n\n<ul class=\"wp-block-list\">\n<li>redu\u00e7\u00e3o do custo de inscri\u00e7\u00e3o nas provas objetivas;<\/li>\n\n\n\n<li>possibilidade de disputar inicialmente quatro carreiras;<\/li>\n\n\n\n<li>mais tempo para definir a carreira priorit\u00e1ria;<\/li>\n\n\n\n<li>melhor aproveitamento da prepara\u00e7\u00e3o comum entre os concursos.<\/li>\n<\/ul>\n\n\n\n<p class=\"wp-block-paragraph\">Em contrapartida, haver\u00e1 uma nova etapa eliminat\u00f3ria e ser\u00e1 necess\u00e1rio planejar cuidadosamente o momento da escolha.<\/p>\n\n\n\n<h2 id=\"h-enap-enam-e-exame-da-oab-sao-a-mesma-coisa\" class=\"wp-block-heading\"><span id=\"enap-enam-e-exame-da-oab-sao-a-mesma-coisa\">ENAP, ENAM e Exame da OAB s\u00e3o a mesma coisa?<\/span><\/h2>\n\n\n\n<p class=\"wp-block-paragraph\">N\u00e3o. S\u00e3o avalia\u00e7\u00f5es diferentes e com finalidades pr\u00f3prias.<\/p>\n\n\n\n<ul class=\"wp-block-list\">\n<li><strong>ENAP:<\/strong> habilita\u00e7\u00e3o para os concursos das carreiras da Advocacia P\u00fablica Federal abrangidas pelo novo modelo;<\/li>\n\n\n\n<li><strong>ENAM:<\/strong> exame relacionado ao ingresso na magistratura;<\/li>\n\n\n\n<li><strong>Exame da OAB:<\/strong> avalia\u00e7\u00e3o necess\u00e1ria para a inscri\u00e7\u00e3o profissional como advogado, observadas as regras legais.<\/li>\n<\/ul>\n\n\n\n<p class=\"wp-block-paragraph\">A cria\u00e7\u00e3o do ENAP n\u00e3o significa dispensa autom\u00e1tica do Exame da OAB nem altera\u00e7\u00e3o dos requisitos legais de cada cargo. A AGU n\u00e3o anunciou qualquer substitui\u00e7\u00e3o nesse sentido.<\/p>\n\n\n\n<p class=\"wp-block-paragraph\">Os requisitos de forma\u00e7\u00e3o, inscri\u00e7\u00e3o profissional e experi\u00eancia dever\u00e3o ser observados de acordo com a legisla\u00e7\u00e3o e com os futuros editais.<\/p>\n\n\n\n<h2 id=\"h-perguntas-frequentes-sobre-o-enap-da-agu\" class=\"wp-block-heading\"><span id=\"perguntas-frequentes-sobre-o-enap-da-agu\">Perguntas frequentes sobre o ENAP da AGU<\/span><\/h2>\n\n\n\n<p class=\"wp-block-paragraph\"><strong>Quem pretende fazer o concurso AGU ter\u00e1 que passar pelo ENAP?<\/strong><\/p>\n\n\n\n<ul class=\"wp-block-list\">\n<li>Sim. A AGU anunciou o ENAP como etapa pr\u00e9via de habilita\u00e7\u00e3o para os pr\u00f3ximos concursos das quatro carreiras abrangidas.<\/li>\n<\/ul>\n\n\n\n<p class=\"wp-block-paragraph\"><strong>A nota do ENAP contar\u00e1 para a classifica\u00e7\u00e3o final?<\/strong><\/p>\n\n\n\n<ul class=\"wp-block-list\">\n<li>N\u00e3o. A nota servir\u00e1 somente para verificar se o candidato alcan\u00e7ou a habilita\u00e7\u00e3o m\u00ednima.<\/li>\n<\/ul>\n\n\n\n<p class=\"wp-block-paragraph\"><strong>Quem tirar uma nota maior ter\u00e1 vantagem?<\/strong><\/p>\n\n\n\n<ul class=\"wp-block-list\">\n<li>N\u00e3o no ENAP. A institui\u00e7\u00e3o informou que essa nota n\u00e3o ser\u00e1 aproveitada na classifica\u00e7\u00e3o dos concursos espec\u00edficos.<\/li>\n<\/ul>\n\n\n\n<p class=\"wp-block-paragraph\"><strong>Ser\u00e1 poss\u00edvel fazer as provas das quatro carreiras?<\/strong><\/p>\n\n\n\n<ul class=\"wp-block-list\">\n<li>Sim. O candidato habilitado poder\u00e1 realizar as provas objetivas das quatro carreiras mediante o pagamento de uma \u00fanica taxa.<\/li>\n<\/ul>\n\n\n\n<p class=\"wp-block-paragraph\"><strong>Quando ser\u00e1 necess\u00e1rio escolher a carreira?<\/strong><\/p>\n\n\n\n<ul class=\"wp-block-list\">\n<li>A escolha dever\u00e1 ser feita antes das provas discursivas. O prazo e o procedimento exatos ainda ser\u00e3o divulgados.<\/li>\n<\/ul>\n\n\n\n<p class=\"wp-block-paragraph\"><strong>Posso fazer provas discursivas para mais de uma carreira?<\/strong><\/p>\n\n\n\n<ul class=\"wp-block-list\">\n<li>A comunica\u00e7\u00e3o oficial indica a escolha de uma carreira para essa etapa. A confirma\u00e7\u00e3o das regras depender\u00e1 dos editais.<\/li>\n<\/ul>\n\n\n\n<p class=\"wp-block-paragraph\"><strong>Haver\u00e1 uma \u00fanica prova objetiva comum?<\/strong><\/p>\n\n\n\n<ul class=\"wp-block-list\">\n<li>Isso n\u00e3o foi confirmado. A AGU se referiu \u00e0s provas objetivas das quatro carreiras, sem detalhar se haver\u00e1 blocos comuns ou avalia\u00e7\u00f5es integralmente separadas.<\/li>\n<\/ul>\n\n\n\n<p class=\"wp-block-paragraph\"><strong>Qual ser\u00e1 a nota m\u00ednima do ENAP?<\/strong><\/p>\n\n\n\n<ul class=\"wp-block-list\">\n<li>Ainda n\u00e3o foi divulgada.<\/li>\n<\/ul>\n\n\n\n<p class=\"wp-block-paragraph\"><strong>A aprova\u00e7\u00e3o no ENAP ter\u00e1 prazo de validade?<\/strong><\/p>\n\n\n\n<ul class=\"wp-block-list\">\n<li>N\u00e3o h\u00e1 informa\u00e7\u00e3o oficial sobre a validade ou o poss\u00edvel reaproveitamento da habilita\u00e7\u00e3o em concursos posteriores.<\/li>\n<\/ul>\n\n\n\n<p class=\"wp-block-paragraph\"><strong>Quem reprovar no ENAP poder\u00e1 fazer as provas objetivas?<\/strong><\/p>\n\n\n\n<ul class=\"wp-block-list\">\n<li>De acordo com o car\u00e1ter eliminat\u00f3rio e de habilita\u00e7\u00e3o pr\u00e9via, n\u00e3o. Eventuais recursos e novas oportunidades depender\u00e3o das regras do exame.<\/li>\n<\/ul>\n\n\n\n<p class=\"wp-block-paragraph\"><strong>J\u00e1 existe data para o primeiro ENAP?<\/strong><\/p>\n\n\n\n<ul class=\"wp-block-list\">\n<li>Ainda n\u00e3o. A previs\u00e3o divulgada \u00e9 de abertura dos concursos em 2026, sem cronograma detalhado.<\/li>\n<\/ul>\n\n\n\n<h2 id=\"h-resumo-sobre-o-enap-no-concurso-agu-unificado\" class=\"wp-block-heading\"><span id=\"resumo-sobre-o-enap-no-concurso-agu-unificado\">Resumo sobre o ENAP no Concurso AGU Unificado<\/span><\/h2>\n\n\n\n<p class=\"wp-block-paragraph\">O Exame Nacional da Advocacia P\u00fablica muda significativamente o caminho de ingresso nas principais carreiras jur\u00eddicas federais.<\/p>\n\n\n\n<p class=\"wp-block-paragraph\">O candidato come\u00e7ar\u00e1 por uma etapa eliminat\u00f3ria de habilita\u00e7\u00e3o, poder\u00e1 disputar as provas objetivas das quatro carreiras com uma \u00fanica taxa e escolher\u00e1 sua op\u00e7\u00e3o antes das provas discursivas. Ao final do concurso, ainda dever\u00e1 ser aprovado em um curso de forma\u00e7\u00e3o espec\u00edfico.<\/p>\n\n\n\n<p class=\"wp-block-paragraph\">Embora a estrutura geral j\u00e1 esteja definida, diversos pontos importantes ainda dependem dos editais. Datas, disciplinas, nota m\u00ednima, validade da habilita\u00e7\u00e3o, organiza\u00e7\u00e3o das provas e regras da escolha permanecem em aberto.<\/p>\n\n\n\n<p class=\"wp-block-paragraph\">Continue acompanhando o Estrat\u00e9gia Carreira Jur\u00eddica para conferir todas as atualiza\u00e7\u00f5es sobre o <strong>ENAP da AGU<\/strong>, a banca organizadora, os editais e o cronograma das provas.<\/p>\n\n\n\n<hr class=\"wp-block-separator has-alpha-channel-opacity\"\/>\n\n\n\n<p class=\"has-text-align-center wp-block-paragraph\" id=\"h-quer-saber-tudo-sobre-concursos-previstos-confira-nossos-artigos\" style=\"font-size:26px\"><strong>Quer saber tudo sobre concursos previstos?<br>Confira nossos artigos!<\/strong><\/p>\n\n\n\n<ul class=\"wp-block-list\">\n<li><a href=\"https:\/\/cj.estrategia.com\/portal\/concurso-agu-unificado\/\" target=\"_blank\" >Concurso AGU Unificado<\/a><\/li>\n\n\n\n<li><a href=\"https:\/\/cj.estrategia.com\/portal\/concursos-abertos-carreiras-juridicas\/\" target=\"_blank\" >Concursos Jur\u00eddicos Abertos<\/a><\/li>\n\n\n\n<li><a href=\"https:\/\/cj.estrategia.com\/portal\/concursos-2025-carreiras-juridicas\/\" target=\"_blank\" ><\/a><a href=\"https:\/\/cj.estrategia.com\/portal\/concursos-juridicos-2026\/\" target=\"_blank\" >Concursos jur\u00eddicos 2026<\/a><\/li>\n\n\n\n<li><a href=\"https:\/\/cj.estrategia.com\/portal\/concursos-juridicos-2027\/\" target=\"_blank\" >Concursos jur\u00eddicos 2027<\/a><\/li>\n\n\n\n<li><a href=\"https:\/\/cj.estrategia.com\/portal\/concursos-advogados\/\" target=\"_blank\" >Concursos Advogados<\/a><\/li>\n\n\n\n<li><a href=\"https:\/\/cj.estrategia.com\/portal\/concursos-procuradorias\/\" target=\"_blank\" >Concursos Procuradorias<\/a><\/li>\n<\/ul>\n\n\n\n<p class=\"has-text-align-center wp-block-paragraph\" id=\"assinatura-cursos\" style=\"font-size:26px\"><strong>Conhe\u00e7a nossos cursos e inicie sua prepara\u00e7\u00e3o<\/strong><\/p>\n\n\n\n<div class=\"container\" id=\"boxes\">\n  <div class=\"row\">\n\n    <div class=\"col-sm\">\n      <div class=\"banner-estrategia-concursos-juridicos\" id=\"box-assinatura\">\n        <h2 id=\"enap-agu-unificado-2\" class=\"titulo-assinatura\"><span style=\"color: #ffffff; font-size: 23px; \">ENAP &#8211; AGU Unificado<\/span><\/h2>\n        <p class=\"subtitulo-assinatura\">Confira nossos cursos<\/p>\n        <div class=\"box-botao\">\n          <a class=\"btn-assinatura-juridica\" target=\"_blank\" href=\"https:\/\/cj.estrategia.com\/concurso\/resultado-pesquisa?search=enap+agu\" role=\"button\" rel=\"noopener noreferrer\">Saiba mais<\/a>\n        <\/div>\n      <\/div>\n<p><\/p>\n    <\/div>\n\n  <\/div>\n<\/div>\n\n\n\n<div class=\"wp-block-cover\" style=\"min-height:155px;aspect-ratio:unset;\"><img decoding=\"async\" width=\"1890\" height=\"351\" class=\"wp-block-cover__image-background wp-image-8669\" alt=\"Assinaturas Jur\u00eddicas\" src=\"https:\/\/cj.estrategia.com\/portal\/wp-content\/uploads\/2022\/06\/20151253\/concurso-carreiras-juridicas-assinatura-juridica.jpg\" style=\"object-position:78% 43%\" data-object-fit=\"cover\" data-object-position=\"78% 43%\" srcset=\"https:\/\/cdn-blog-cj.estrategia.com\/portal\/wp-content\/uploads\/2022\/06\/20151253\/concurso-carreiras-juridicas-assinatura-juridica.jpg 1890w, https:\/\/cdn-blog-cj.estrategia.com\/portal\/wp-content\/uploads\/2022\/06\/20151253\/concurso-carreiras-juridicas-assinatura-juridica-300x56.jpg 300w, https:\/\/cdn-blog-cj.estrategia.com\/portal\/wp-content\/uploads\/2022\/06\/20151253\/concurso-carreiras-juridicas-assinatura-juridica-1024x190.jpg 1024w, https:\/\/cdn-blog-cj.estrategia.com\/portal\/wp-content\/uploads\/2022\/06\/20151253\/concurso-carreiras-juridicas-assinatura-juridica-768x143.jpg 768w, https:\/\/cdn-blog-cj.estrategia.com\/portal\/wp-content\/uploads\/2022\/06\/20151253\/concurso-carreiras-juridicas-assinatura-juridica-1536x285.jpg 1536w, https:\/\/cdn-blog-cj.estrategia.com\/portal\/wp-content\/uploads\/2022\/06\/20151253\/concurso-carreiras-juridicas-assinatura-juridica-380x71.jpg 380w, https:\/\/cdn-blog-cj.estrategia.com\/portal\/wp-content\/uploads\/2022\/06\/20151253\/concurso-carreiras-juridicas-assinatura-juridica-800x149.jpg 800w, https:\/\/cdn-blog-cj.estrategia.com\/portal\/wp-content\/uploads\/2022\/06\/20151253\/concurso-carreiras-juridicas-assinatura-juridica-1160x215.jpg 1160w\" sizes=\"(max-width: 1890px) 100vw, 1890px\" \/><span aria-hidden=\"true\" class=\"wp-block-cover__background has-background-dim\"><\/span><div class=\"wp-block-cover__inner-container is-layout-flow wp-block-cover-is-layout-flow\">\n<h3 id=\"faca-a-sua-assinatura\" class=\"titulo-assinatura\"><span style=\"color: #ffffff;\">Fa\u00e7a a sua assinatura!<\/span><\/h3>\n<p class=\"subtitulo-assinatura\" style=\"display:block!important; line-height: 0;\"><span style=\"color: #ffffff;\">Escolha a sua \u00e1rea.<\/span><\/p>\n<a target=\"_blank\" href=\"https:\/\/www.estrategiaconcursos.com.br\/assinaturas-ecj\/\" rel=\"noopener\"><button style=\"border-radius: 10px; text-transform: capitalize;\">Acessar<\/button><\/a>\n<\/div><\/div>\n\n\n\n<p class=\"wp-block-paragraph\"><\/p>\n\n\n\n<p class=\"wp-block-paragraph\"><\/p>\n\n\n\n<p class=\"wp-block-paragraph\"><\/p>\n","protected":false},"excerpt":{"rendered":"ENAP da AGU: entenda como vai funcionar o Exame Nacional da Advocacia P\u00fablica O Concurso AGU Unificado ter\u00e1&hellip;\n","protected":false},"author":7,"featured_media":197288,"comment_status":"open","ping_status":"open","sticky":false,"template":"","format":"standard","meta":{"_acf_changed":false,"_jetpack_newsletter_access":"","_jetpack_dont_email_post_to_subs":false,"_jetpack_newsletter_tier_id":0,"_jetpack_memberships_contains_paywalled_content":false,"_jetpack_feature_clip_id":0,"_jetpack_memberships_contains_paid_content":false,"footnotes":"","jetpack_post_was_ever_published":false},"categories":[1,24],"tags":[],"tax_estado":[36],"class_list":["post-197287","post","type-post","status-publish","format-standard","has-post-thumbnail","category-carreiras-juridicas","category-procuradoria","tax_estado-concursos-federais"],"acf":[],"yoast_head":"<!-- This site is optimized with the Yoast SEO Premium plugin v28.3 (Yoast SEO v28.3) - https:\/\/yoast.com\/product\/yoast-seo-premium-wordpress\/ -->\n<title>ENAP da AGU: guia completo do novo exame nacional<\/title>\n<meta name=\"description\" content=\"Entenda o ENAP da AGU: car\u00e1ter eliminat\u00f3rio, taxa \u00fanica, escolha da carreira, curso de forma\u00e7\u00e3o, vagas e principais d\u00favidas dos candidatos.\" \/>\n<meta name=\"robots\" content=\"index, follow, max-snippet:-1, max-image-preview:large, max-video-preview:-1\" \/>\n<link rel=\"canonical\" href=\"https:\/\/cj.estrategia.com\/portal\/enap-da-agu\/\" \/>\n<meta property=\"og:locale\" content=\"pt_BR\" \/>\n<meta property=\"og:type\" content=\"article\" \/>\n<meta property=\"og:title\" content=\"ENAP da AGU: guia completo do novo exame nacional\" \/>\n<meta property=\"og:description\" content=\"Entenda o ENAP da AGU: car\u00e1ter eliminat\u00f3rio, taxa \u00fanica, escolha da carreira, curso de forma\u00e7\u00e3o, vagas e principais d\u00favidas dos candidatos.\" \/>\n<meta property=\"og:url\" content=\"https:\/\/cj.estrategia.com\/portal\/enap-da-agu\/\" \/>\n<meta property=\"og:site_name\" content=\"Blog - Carreiras Jur\u00eddicas - Estrat\u00e9gia\" \/>\n<meta property=\"article:publisher\" content=\"https:\/\/www.facebook.com\/estrategiacarreirajuridica\/\" \/>\n<meta property=\"article:published_time\" content=\"2026-09-05T12:54:07+00:00\" \/>\n<meta property=\"article:modified_time\" content=\"2026-09-05T12:56:50+00:00\" \/>\n<meta property=\"og:image\" content=\"https:\/\/cdn-blog-cj.estrategia.com\/portal\/wp-content\/uploads\/2026\/09\/05093322\/CAPAS-ECJ-EC-4.png\" \/>\n\t<meta property=\"og:image:width\" content=\"1920\" \/>\n\t<meta property=\"og:image:height\" content=\"1080\" \/>\n\t<meta property=\"og:image:type\" content=\"image\/png\" \/>\n<meta name=\"author\" content=\"Bruna de Andrade Fran\u00e7a\" \/>\n<meta name=\"twitter:card\" content=\"summary_large_image\" \/>\n<meta name=\"twitter:creator\" content=\"@EstratJuridica\" \/>\n<meta name=\"twitter:site\" content=\"@EstratJuridica\" \/>\n<meta name=\"twitter:label1\" content=\"Escrito por\" \/>\n\t<meta name=\"twitter:data1\" content=\"Bruna de Andrade Fran\u00e7a\" \/>\n\t<meta name=\"twitter:label2\" content=\"Est. tempo de leitura\" \/>\n\t<meta name=\"twitter:data2\" content=\"12 minutos\" \/>\n<script type=\"application\/ld+json\" class=\"yoast-schema-graph\">{\"@context\":\"https:\\\/\\\/schema.org\",\"@graph\":[{\"@type\":\"NewsArticle\",\"@id\":\"https:\\\/\\\/cj.estrategia.com\\\/portal\\\/enap-da-agu\\\/#article\",\"isPartOf\":{\"@id\":\"https:\\\/\\\/cj.estrategia.com\\\/portal\\\/enap-da-agu\\\/\"},\"author\":{\"name\":\"Bruna de Andrade Fran\u00e7a\",\"@id\":\"https:\\\/\\\/cj.estrategia.com\\\/portal\\\/#\\\/schema\\\/person\\\/1ef7dfede328b25e1998f27de576690b\"},\"headline\":\"ENAP da AGU: guia completo do novo exame nacional\",\"datePublished\":\"2026-09-05T12:54:07+00:00\",\"dateModified\":\"2026-09-05T12:56:50+00:00\",\"mainEntityOfPage\":{\"@id\":\"https:\\\/\\\/cj.estrategia.com\\\/portal\\\/enap-da-agu\\\/\"},\"wordCount\":2286,\"commentCount\":0,\"publisher\":{\"@id\":\"https:\\\/\\\/cj.estrategia.com\\\/portal\\\/#organization\"},\"image\":{\"@id\":\"https:\\\/\\\/cj.estrategia.com\\\/portal\\\/enap-da-agu\\\/#primaryimage\"},\"thumbnailUrl\":\"https:\\\/\\\/cdn-blog-cj.estrategia.com\\\/portal\\\/wp-content\\\/uploads\\\/2026\\\/09\\\/05093322\\\/CAPAS-ECJ-EC-4.png\",\"articleSection\":[\"Carreiras Jur\u00eddicas\",\"Procuradoria\"],\"inLanguage\":\"pt-BR\",\"potentialAction\":[{\"@type\":\"CommentAction\",\"name\":\"Comment\",\"target\":[\"https:\\\/\\\/cj.estrategia.com\\\/portal\\\/enap-da-agu\\\/#respond\"]}],\"accessibilityFeature\":[\"tableOfContents\"]},{\"@type\":\"WebPage\",\"@id\":\"https:\\\/\\\/cj.estrategia.com\\\/portal\\\/enap-da-agu\\\/\",\"url\":\"https:\\\/\\\/cj.estrategia.com\\\/portal\\\/enap-da-agu\\\/\",\"name\":\"ENAP da AGU: guia completo do novo exame nacional\",\"isPartOf\":{\"@id\":\"https:\\\/\\\/cj.estrategia.com\\\/portal\\\/#website\"},\"primaryImageOfPage\":{\"@id\":\"https:\\\/\\\/cj.estrategia.com\\\/portal\\\/enap-da-agu\\\/#primaryimage\"},\"image\":{\"@id\":\"https:\\\/\\\/cj.estrategia.com\\\/portal\\\/enap-da-agu\\\/#primaryimage\"},\"thumbnailUrl\":\"https:\\\/\\\/cdn-blog-cj.estrategia.com\\\/portal\\\/wp-content\\\/uploads\\\/2026\\\/09\\\/05093322\\\/CAPAS-ECJ-EC-4.png\",\"datePublished\":\"2026-09-05T12:54:07+00:00\",\"dateModified\":\"2026-09-05T12:56:50+00:00\",\"description\":\"Entenda o ENAP da AGU: car\u00e1ter eliminat\u00f3rio, taxa \u00fanica, escolha da carreira, curso de forma\u00e7\u00e3o, vagas e principais d\u00favidas dos candidatos.\",\"breadcrumb\":{\"@id\":\"https:\\\/\\\/cj.estrategia.com\\\/portal\\\/enap-da-agu\\\/#breadcrumb\"},\"inLanguage\":\"pt-BR\",\"potentialAction\":[{\"@type\":\"ReadAction\",\"target\":[\"https:\\\/\\\/cj.estrategia.com\\\/portal\\\/enap-da-agu\\\/\"]}]},{\"@type\":\"ImageObject\",\"inLanguage\":\"pt-BR\",\"@id\":\"https:\\\/\\\/cj.estrategia.com\\\/portal\\\/enap-da-agu\\\/#primaryimage\",\"url\":\"https:\\\/\\\/cdn-blog-cj.estrategia.com\\\/portal\\\/wp-content\\\/uploads\\\/2026\\\/09\\\/05093322\\\/CAPAS-ECJ-EC-4.png\",\"contentUrl\":\"https:\\\/\\\/cdn-blog-cj.estrategia.com\\\/portal\\\/wp-content\\\/uploads\\\/2026\\\/09\\\/05093322\\\/CAPAS-ECJ-EC-4.png\",\"width\":1920,\"height\":1080,\"caption\":\"ENAP da AGU\"},{\"@type\":\"BreadcrumbList\",\"@id\":\"https:\\\/\\\/cj.estrategia.com\\\/portal\\\/enap-da-agu\\\/#breadcrumb\",\"itemListElement\":[{\"@type\":\"ListItem\",\"position\":1,\"name\":\"In\u00edcio\",\"item\":\"https:\\\/\\\/cj.estrategia.com\\\/portal\\\/\"},{\"@type\":\"ListItem\",\"position\":2,\"name\":\"ENAP da AGU: guia completo do novo exame nacional\"}]},{\"@type\":\"WebSite\",\"@id\":\"https:\\\/\\\/cj.estrategia.com\\\/portal\\\/#website\",\"url\":\"https:\\\/\\\/cj.estrategia.com\\\/portal\\\/\",\"name\":\"Blog - Carreiras Jur\u00eddicas - Estrat\u00e9gia\",\"description\":\"\",\"publisher\":{\"@id\":\"https:\\\/\\\/cj.estrategia.com\\\/portal\\\/#organization\"},\"potentialAction\":[{\"@type\":\"SearchAction\",\"target\":{\"@type\":\"EntryPoint\",\"urlTemplate\":\"https:\\\/\\\/cj.estrategia.com\\\/portal\\\/?s={search_term_string}\"},\"query-input\":{\"@type\":\"PropertyValueSpecification\",\"valueRequired\":true,\"valueName\":\"search_term_string\"}}],\"inLanguage\":\"pt-BR\"},{\"@type\":\"Organization\",\"@id\":\"https:\\\/\\\/cj.estrategia.com\\\/portal\\\/#organization\",\"name\":\"Estrat\u00e9gia - Carreiras Jur\u00eddicas\",\"url\":\"https:\\\/\\\/cj.estrategia.com\\\/portal\\\/\",\"logo\":{\"@type\":\"ImageObject\",\"inLanguage\":\"pt-BR\",\"@id\":\"https:\\\/\\\/cj.estrategia.com\\\/portal\\\/#\\\/schema\\\/logo\\\/image\\\/\",\"url\":\"https:\\\/\\\/cj.estrategia.com\\\/portal\\\/wp-content\\\/uploads\\\/2022\\\/03\\\/11151052\\\/cj-logo.png\",\"contentUrl\":\"https:\\\/\\\/cj.estrategia.com\\\/portal\\\/wp-content\\\/uploads\\\/2022\\\/03\\\/11151052\\\/cj-logo.png\",\"width\":150,\"height\":39,\"caption\":\"Estrat\u00e9gia - Carreiras Jur\u00eddicas\"},\"image\":{\"@id\":\"https:\\\/\\\/cj.estrategia.com\\\/portal\\\/#\\\/schema\\\/logo\\\/image\\\/\"},\"sameAs\":[\"https:\\\/\\\/www.facebook.com\\\/estrategiacarreirajuridica\\\/\",\"https:\\\/\\\/x.com\\\/EstratJuridica\",\"https:\\\/\\\/www.instagram.com\\\/estrategiacarreirajuridica\\\/\",\"https:\\\/\\\/www.youtube.com\\\/channel\\\/UClbMGuYbj2Mh1m3w144ETWQ\"]},{\"@type\":\"Person\",\"@id\":\"https:\\\/\\\/cj.estrategia.com\\\/portal\\\/#\\\/schema\\\/person\\\/1ef7dfede328b25e1998f27de576690b\",\"name\":\"Bruna de Andrade Fran\u00e7a\",\"image\":{\"@type\":\"ImageObject\",\"inLanguage\":\"pt-BR\",\"@id\":\"https:\\\/\\\/cdn-blog-cj.estrategia.com\\\/portal\\\/wp-content\\\/uploads\\\/2026\\\/07\\\/06111339\\\/WhatsApp-Image-2026-08-06-at-11.07.51-96x96.jpeg\",\"url\":\"https:\\\/\\\/cdn-blog-cj.estrategia.com\\\/portal\\\/wp-content\\\/uploads\\\/2026\\\/07\\\/06111339\\\/WhatsApp-Image-2026-08-06-at-11.07.51-96x96.jpeg\",\"contentUrl\":\"https:\\\/\\\/cdn-blog-cj.estrategia.com\\\/portal\\\/wp-content\\\/uploads\\\/2026\\\/07\\\/06111339\\\/WhatsApp-Image-2026-08-06-at-11.07.51-96x96.jpeg\",\"caption\":\"Bruna de Andrade Fran\u00e7a\"},\"description\":\"Bruna de Andrade Fran\u00e7a \u00e9 publicit\u00e1ria, p\u00f3s-graduada em Marketing &amp; Growth, e atua h\u00e1 mais de sete anos no mercado de concursos p\u00fablicos. Atualmente, \u00e9 coordenadora do jornalismo de Carreira Jur\u00eddica e OAB no Estrat\u00e9gia Concursos, liderando a cobertura editorial das principais sele\u00e7\u00f5es do pa\u00eds. Especialista em reda\u00e7\u00e3o, SEO e Copywriting, acumula ampla experi\u00eancia na produ\u00e7\u00e3o e gest\u00e3o de conte\u00fado jornal\u00edstico. Ao longo de sua trajet\u00f3ria, tamb\u00e9m esteve \u00e0 frente da cobertura de concursos policiais, banc\u00e1rios, \u00e1rea legislativa e sa\u00fade.\",\"url\":\"https:\\\/\\\/cj.estrategia.com\\\/portal\\\/author\\\/bruna-andrade\\\/\"}]}<\/script>\n<!-- \/ Yoast SEO Premium plugin. -->","yoast_head_json":{"title":"ENAP da AGU: guia completo do novo exame nacional","description":"Entenda o ENAP da AGU: car\u00e1ter eliminat\u00f3rio, taxa \u00fanica, escolha da carreira, curso de forma\u00e7\u00e3o, vagas e principais d\u00favidas dos candidatos.","robots":{"index":"index","follow":"follow","max-snippet":"max-snippet:-1","max-image-preview":"max-image-preview:large","max-video-preview":"max-video-preview:-1"},"canonical":"https:\/\/cj.estrategia.com\/portal\/enap-da-agu\/","og_locale":"pt_BR","og_type":"article","og_title":"ENAP da AGU: guia completo do novo exame nacional","og_description":"Entenda o ENAP da AGU: car\u00e1ter eliminat\u00f3rio, taxa \u00fanica, escolha da carreira, curso de forma\u00e7\u00e3o, vagas e principais d\u00favidas dos candidatos.","og_url":"https:\/\/cj.estrategia.com\/portal\/enap-da-agu\/","og_site_name":"Blog - Carreiras Jur\u00eddicas - Estrat\u00e9gia","article_publisher":"https:\/\/www.facebook.com\/estrategiacarreirajuridica\/","article_published_time":"2026-09-05T12:54:07+00:00","article_modified_time":"2026-09-05T12:56:50+00:00","og_image":[{"width":1920,"height":1080,"url":"https:\/\/cdn-blog-cj.estrategia.com\/portal\/wp-content\/uploads\/2026\/09\/05093322\/CAPAS-ECJ-EC-4.png","type":"image\/png"}],"author":"Bruna de Andrade Fran\u00e7a","twitter_card":"summary_large_image","twitter_creator":"@EstratJuridica","twitter_site":"@EstratJuridica","twitter_misc":{"Escrito por":"Bruna de Andrade Fran\u00e7a","Est. tempo de leitura":"12 minutos"},"schema":{"@context":"https:\/\/schema.org","@graph":[{"@type":"NewsArticle","@id":"https:\/\/cj.estrategia.com\/portal\/enap-da-agu\/#article","isPartOf":{"@id":"https:\/\/cj.estrategia.com\/portal\/enap-da-agu\/"},"author":{"name":"Bruna de Andrade Fran\u00e7a","@id":"https:\/\/cj.estrategia.com\/portal\/#\/schema\/person\/1ef7dfede328b25e1998f27de576690b"},"headline":"ENAP da AGU: guia completo do novo exame nacional","datePublished":"2026-09-05T12:54:07+00:00","dateModified":"2026-09-05T12:56:50+00:00","mainEntityOfPage":{"@id":"https:\/\/cj.estrategia.com\/portal\/enap-da-agu\/"},"wordCount":2286,"commentCount":0,"publisher":{"@id":"https:\/\/cj.estrategia.com\/portal\/#organization"},"image":{"@id":"https:\/\/cj.estrategia.com\/portal\/enap-da-agu\/#primaryimage"},"thumbnailUrl":"https:\/\/cdn-blog-cj.estrategia.com\/portal\/wp-content\/uploads\/2026\/09\/05093322\/CAPAS-ECJ-EC-4.png","articleSection":["Carreiras Jur\u00eddicas","Procuradoria"],"inLanguage":"pt-BR","potentialAction":[{"@type":"CommentAction","name":"Comment","target":["https:\/\/cj.estrategia.com\/portal\/enap-da-agu\/#respond"]}],"accessibilityFeature":["tableOfContents"]},{"@type":"WebPage","@id":"https:\/\/cj.estrategia.com\/portal\/enap-da-agu\/","url":"https:\/\/cj.estrategia.com\/portal\/enap-da-agu\/","name":"ENAP da AGU: guia completo do novo exame nacional","isPartOf":{"@id":"https:\/\/cj.estrategia.com\/portal\/#website"},"primaryImageOfPage":{"@id":"https:\/\/cj.estrategia.com\/portal\/enap-da-agu\/#primaryimage"},"image":{"@id":"https:\/\/cj.estrategia.com\/portal\/enap-da-agu\/#primaryimage"},"thumbnailUrl":"https:\/\/cdn-blog-cj.estrategia.com\/portal\/wp-content\/uploads\/2026\/09\/05093322\/CAPAS-ECJ-EC-4.png","datePublished":"2026-09-05T12:54:07+00:00","dateModified":"2026-09-05T12:56:50+00:00","description":"Entenda o ENAP da AGU: car\u00e1ter eliminat\u00f3rio, taxa \u00fanica, escolha da carreira, curso de forma\u00e7\u00e3o, vagas e principais d\u00favidas dos candidatos.","breadcrumb":{"@id":"https:\/\/cj.estrategia.com\/portal\/enap-da-agu\/#breadcrumb"},"inLanguage":"pt-BR","potentialAction":[{"@type":"ReadAction","target":["https:\/\/cj.estrategia.com\/portal\/enap-da-agu\/"]}]},{"@type":"ImageObject","inLanguage":"pt-BR","@id":"https:\/\/cj.estrategia.com\/portal\/enap-da-agu\/#primaryimage","url":"https:\/\/cdn-blog-cj.estrategia.com\/portal\/wp-content\/uploads\/2026\/09\/05093322\/CAPAS-ECJ-EC-4.png","contentUrl":"https:\/\/cdn-blog-cj.estrategia.com\/portal\/wp-content\/uploads\/2026\/09\/05093322\/CAPAS-ECJ-EC-4.png","width":1920,"height":1080,"caption":"ENAP da AGU"},{"@type":"BreadcrumbList","@id":"https:\/\/cj.estrategia.com\/portal\/enap-da-agu\/#breadcrumb","itemListElement":[{"@type":"ListItem","position":1,"name":"In\u00edcio","item":"https:\/\/cj.estrategia.com\/portal\/"},{"@type":"ListItem","position":2,"name":"ENAP da AGU: guia completo do novo exame nacional"}]},{"@type":"WebSite","@id":"https:\/\/cj.estrategia.com\/portal\/#website","url":"https:\/\/cj.estrategia.com\/portal\/","name":"Blog - Carreiras Jur\u00eddicas - Estrat\u00e9gia","description":"","publisher":{"@id":"https:\/\/cj.estrategia.com\/portal\/#organization"},"potentialAction":[{"@type":"SearchAction","target":{"@type":"EntryPoint","urlTemplate":"https:\/\/cj.estrategia.com\/portal\/?s={search_term_string}"},"query-input":{"@type":"PropertyValueSpecification","valueRequired":true,"valueName":"search_term_string"}}],"inLanguage":"pt-BR"},{"@type":"Organization","@id":"https:\/\/cj.estrategia.com\/portal\/#organization","name":"Estrat\u00e9gia - Carreiras Jur\u00eddicas","url":"https:\/\/cj.estrategia.com\/portal\/","logo":{"@type":"ImageObject","inLanguage":"pt-BR","@id":"https:\/\/cj.estrategia.com\/portal\/#\/schema\/logo\/image\/","url":"https:\/\/cj.estrategia.com\/portal\/wp-content\/uploads\/2022\/03\/11151052\/cj-logo.png","contentUrl":"https:\/\/cj.estrategia.com\/portal\/wp-content\/uploads\/2022\/03\/11151052\/cj-logo.png","width":150,"height":39,"caption":"Estrat\u00e9gia - Carreiras Jur\u00eddicas"},"image":{"@id":"https:\/\/cj.estrategia.com\/portal\/#\/schema\/logo\/image\/"},"sameAs":["https:\/\/www.facebook.com\/estrategiacarreirajuridica\/","https:\/\/x.com\/EstratJuridica","https:\/\/www.instagram.com\/estrategiacarreirajuridica\/","https:\/\/www.youtube.com\/channel\/UClbMGuYbj2Mh1m3w144ETWQ"]},{"@type":"Person","@id":"https:\/\/cj.estrategia.com\/portal\/#\/schema\/person\/1ef7dfede328b25e1998f27de576690b","name":"Bruna de Andrade Fran\u00e7a","image":{"@type":"ImageObject","inLanguage":"pt-BR","@id":"https:\/\/cdn-blog-cj.estrategia.com\/portal\/wp-content\/uploads\/2026\/07\/06111339\/WhatsApp-Image-2026-08-06-at-11.07.51-96x96.jpeg","url":"https:\/\/cdn-blog-cj.estrategia.com\/portal\/wp-content\/uploads\/2026\/07\/06111339\/WhatsApp-Image-2026-08-06-at-11.07.51-96x96.jpeg","contentUrl":"https:\/\/cdn-blog-cj.estrategia.com\/portal\/wp-content\/uploads\/2026\/07\/06111339\/WhatsApp-Image-2026-08-06-at-11.07.51-96x96.jpeg","caption":"Bruna de Andrade Fran\u00e7a"},"description":"Bruna de Andrade Fran\u00e7a \u00e9 publicit\u00e1ria, p\u00f3s-graduada em Marketing &amp; Growth, e atua h\u00e1 mais de sete anos no mercado de concursos p\u00fablicos. Atualmente, \u00e9 coordenadora do jornalismo de Carreira Jur\u00eddica e OAB no Estrat\u00e9gia Concursos, liderando a cobertura editorial das principais sele\u00e7\u00f5es do pa\u00eds. Especialista em reda\u00e7\u00e3o, SEO e Copywriting, acumula ampla experi\u00eancia na produ\u00e7\u00e3o e gest\u00e3o de conte\u00fado jornal\u00edstico. Ao longo de sua trajet\u00f3ria, tamb\u00e9m esteve \u00e0 frente da cobertura de concursos policiais, banc\u00e1rios, \u00e1rea legislativa e sa\u00fade.","url":"https:\/\/cj.estrategia.com\/portal\/author\/bruna-andrade\/"}]}},"jetpack_sharing_enabled":true,"jetpack_featured_media_url":"https:\/\/cdn-blog-cj.estrategia.com\/portal\/wp-content\/uploads\/2026\/09\/05093322\/CAPAS-ECJ-EC-4.png","_links":{"self":[{"href":"https:\/\/cj.estrategia.com\/portal\/wp-json\/wp\/v2\/posts\/197287","targetHints":{"allow":["GET"]}}],"collection":[{"href":"https:\/\/cj.estrategia.com\/portal\/wp-json\/wp\/v2\/posts"}],"about":[{"href":"https:\/\/cj.estrategia.com\/portal\/wp-json\/wp\/v2\/types\/post"}],"author":[{"embeddable":true,"href":"https:\/\/cj.estrategia.com\/portal\/wp-json\/wp\/v2\/users\/7"}],"replies":[{"embeddable":true,"href":"https:\/\/cj.estrategia.com\/portal\/wp-json\/wp\/v2\/comments?post=197287"}],"version-history":[{"count":2,"href":"https:\/\/cj.estrategia.com\/portal\/wp-json\/wp\/v2\/posts\/197287\/revisions"}],"predecessor-version":[{"id":197297,"href":"https:\/\/cj.estrategia.com\/portal\/wp-json\/wp\/v2\/posts\/197287\/revisions\/197297"}],"wp:featuredmedia":[{"embeddable":true,"href":"https:\/\/cj.estrategia.com\/portal\/wp-json\/wp\/v2\/media\/197288"}],"wp:attachment":[{"href":"https:\/\/cj.estrategia.com\/portal\/wp-json\/wp\/v2\/media?parent=197287"}],"wp:term":[{"taxonomy":"category","embeddable":true,"href":"https:\/\/cj.estrategia.com\/portal\/wp-json\/wp\/v2\/categories?post=197287"},{"taxonomy":"post_tag","embeddable":true,"href":"https:\/\/cj.estrategia.com\/portal\/wp-json\/wp\/v2\/tags?post=197287"},{"taxonomy":"tax_estado","embeddable":true,"href":"https:\/\/cj.estrategia.com\/portal\/wp-json\/wp\/v2\/tax_estado?post=197287"}],"curies":[{"name":"wp","href":"https:\/\/api.w.org\/{rel}","templated":true}]}}