{"id":197260,"date":"2026-09-04T20:05:28","date_gmt":"2026-09-04T23:05:28","guid":{"rendered":"https:\/\/cj.estrategia.com\/portal\/?p=197260"},"modified":"2026-09-04T20:05:32","modified_gmt":"2026-09-04T23:05:32","slug":"concurso-agu-exame-nacional-advocacia-publica-2026","status":"publish","type":"post","link":"https:\/\/cj.estrategia.com\/portal\/concurso-agu-exame-nacional-advocacia-publica-2026\/","title":{"rendered":"Concurso AGU exigir\u00e1 ENAP como pr\u00e9-requisito"},"content":{"rendered":"\n<p class=\"has-medium-font-size wp-block-paragraph\"><strong><em>Concurso AGU passa a exigir o Exame Nacional da Advocacia P\u00fablica (ENAP) como etapa eliminat\u00f3ria pr\u00e9via para as quatro carreiras jur\u00eddicas federais<\/em><\/strong><\/p>\n\n\n<a id=\"cta-icon\" href=\"https:\/\/sndflw.com\/i\/procuradorias-grupo\" target=\"blank\" style=\"background:rgb(41,166,26)\">\n            <img decoding=\"async\" src=\"https:\/\/cdn-blog-cj.estrategia.com\/portal\/wp-content\/uploads\/2023\/12\/07160657\/whatsapp_1385.webp\" alt=\"\" alt=\"whatsapp_1385\"><span > Acesse agora o Grupo de Estudos para Concurso de Procuradorias <\/span><\/a>\n\n\n\n<p class=\"wp-block-paragraph\">O Conselho Superior da <strong>Advocacia-Geral da Uni\u00e3o (AGU)<\/strong> aprovou, nesta sexta-feira (4\/9), a nova modelagem dos concursos p\u00fablicos de ingresso nas carreiras de <strong>Advogado da Uni\u00e3o<\/strong>, <strong>Procurador da Fazenda Nacional<\/strong>, <strong>Procurador Federal<\/strong> e <strong>Procurador do Banco Central do Brasil<\/strong>, segundo publica\u00e7\u00e3o no site oficial da AGU.<\/p>\n\n\n\n<p class=\"wp-block-paragraph\">A partir de agora, os pr\u00f3ximos certames v\u00e3o contar com o <strong>Exame Nacional da Advocacia P\u00fablica (Enap)<\/strong>, etapa pr\u00e9via de habilita\u00e7\u00e3o para o ingresso nas quatro carreiras da advocacia p\u00fablica federal.<\/p>\n\n\n\n<p class=\"has-text-align-center has-luminous-vivid-amber-to-luminous-vivid-orange-gradient-background has-background has-medium-font-size wp-block-paragraph\"><a href=\"https:\/\/mkt.estrategia.com\/cj\/area-do-candidato-agu\/\" target=\"_blank\" ><strong>\u00c1rea do Candidato AGU<\/strong><\/a><\/p>\n\n\n\n<h2 id=\"h-como-funciona-o-enap\" class=\"wp-block-heading\"><span id=\"como-funciona-o-enap\">Como funciona o ENAP<\/span><\/h2>\n\n\n\n<p class=\"wp-block-paragraph\">O exame ter\u00e1 car\u00e1ter <strong>eliminat\u00f3rio<\/strong>. A nota obtida n\u00e3o ser\u00e1 aproveitada para a classifica\u00e7\u00e3o dos candidatos nos concursos espec\u00edficos de cada carreira.<\/p>\n\n\n\n<p class=\"wp-block-paragraph\">Outra mudan\u00e7a \u00e9 o pagamento de <strong>taxa \u00fanica de inscri\u00e7\u00e3o<\/strong>: quem for habilitado no Enap poder\u00e1 prestar as provas objetivas das quatro carreiras sem pagar uma taxa para cada sele\u00e7\u00e3o.<\/p>\n\n\n\n<p class=\"wp-block-paragraph\">Antes das provas discursivas, o candidato precisa escolher para qual das quatro carreiras jur\u00eddicas deseja seguir nessa etapa. A \u00faltima fase do concurso passa a ser um <strong>curso de forma\u00e7\u00e3o eliminat\u00f3rio<\/strong>, espec\u00edfico para cada carreira.<\/p>\n\n\n\n<h2 id=\"h-por-que-a-agu-mudou-o-modelo\" class=\"wp-block-heading\"><span id=\"por-que-a-agu-mudou-o-modelo\">Por que a AGU mudou o modelo<\/span><\/h2>\n\n\n\n<p class=\"wp-block-paragraph\">A expectativa da AGU \u00e9 que a mudan\u00e7a amplie o n\u00famero de aprovados nos certames. Ao permitir que o candidato direcione sua escolha de carreira antes da segunda etapa, o \u00f3rg\u00e3o busca reduzir a repeti\u00e7\u00e3o de nomes aprovados simultaneamente em mais de uma sele\u00e7\u00e3o.<\/p>\n\n\n\n<p class=\"wp-block-paragraph\">Segundo a AGU, os \u00faltimos concursos mostraram um cen\u00e1rio recorrente: o mesmo candidato aprovado em mais de uma das quatro carreiras jur\u00eddicas ao mesmo tempo, o que dificultava a organiza\u00e7\u00e3o administrativa da institui\u00e7\u00e3o na recomposi\u00e7\u00e3o da for\u00e7a de trabalho.<\/p>\n\n\n\n<h2 id=\"h-concurso-autorizado\" class=\"wp-block-heading\"><span id=\"concurso-autorizado\">Concurso autorizado<\/span><\/h2>\n\n\n\n<p class=\"wp-block-paragraph\">A AGU j\u00e1 tem autoriza\u00e7\u00e3o para realizar concurso com <strong>170 vagas<\/strong> para as carreiras jur\u00eddicas, distribu\u00eddas assim:<\/p>\n\n\n\n<ul class=\"wp-block-list\">\n<li><strong>Advogado da Uni\u00e3o<\/strong>: 50 vagas<\/li>\n\n\n\n<li><strong>Procurador Federal<\/strong>: 50 vagas<\/li>\n\n\n\n<li><strong>Procurador da Fazenda Nacional<\/strong>: 50 vagas<\/li>\n\n\n\n<li><strong>Procurador do Banco Central<\/strong>: 20 vagas<\/li>\n<\/ul>\n\n\n\n<p class=\"wp-block-paragraph\">Os certames t\u00eam previs\u00e3o de abertura ainda em 2026, sem data definida na publica\u00e7\u00e3o da AGU.<\/p>\n\n\n\n<p class=\"has-text-align-center has-medium-font-size wp-block-paragraph\"><strong>Quer saber tudo sobre concursos previstos?<br>Confira nossos artigos!<\/strong><\/p>\n\n\n\n<ul class=\"wp-block-list\">\n<li><a href=\"https:\/\/cj.estrategia.com\/portal\/concursos-abertos-carreiras-juridicas\/\" target=\"_blank\" rel=\"noopener\">Concursos Jur\u00eddicos Abertos<\/a><\/li>\n\n\n\n<li><a href=\"https:\/\/cj.estrategia.com\/portal\/concursos-2025-carreiras-juridicas\/\" target=\"_blank\" rel=\"noopener\"><\/a><a href=\"https:\/\/cj.estrategia.com\/portal\/concursos-juridicos-2026\/\" target=\"_blank\" rel=\"noopener\">Concursos jur\u00eddicos 2026<\/a><\/li>\n\n\n\n<li><a href=\"https:\/\/cj.estrategia.com\/portal\/concursos-advogados\/\" target=\"_blank\" rel=\"noopener\">Concursos Advogados<\/a><\/li>\n\n\n\n<li><a href=\"https:\/\/cj.estrategia.com\/portal\/concursos-procuradorias\/\" target=\"_blank\" rel=\"noopener\">Concursos Procuradorias<\/a><\/li>\n<\/ul>\n\n\n\n<p class=\"has-text-align-center has-medium-font-size wp-block-paragraph\"><strong>Quer se preparar para o concurso AGU?<\/strong><\/p>\n\n\n\n<div class=\"wp-block-cover\" style=\"min-height:155px;aspect-ratio:unset;\"><img decoding=\"async\" width=\"1890\" height=\"351\" class=\"wp-block-cover__image-background wp-image-8669\" alt=\"Assinaturas Jur\u00eddicas\" src=\"https:\/\/cj.estrategia.com\/portal\/wp-content\/uploads\/2022\/06\/20151253\/concurso-carreiras-juridicas-assinatura-juridica.jpg\" style=\"object-position:78% 43%\" data-object-fit=\"cover\" data-object-position=\"78% 43%\" srcset=\"https:\/\/cdn-blog-cj.estrategia.com\/portal\/wp-content\/uploads\/2022\/06\/20151253\/concurso-carreiras-juridicas-assinatura-juridica.jpg 1890w, https:\/\/cdn-blog-cj.estrategia.com\/portal\/wp-content\/uploads\/2022\/06\/20151253\/concurso-carreiras-juridicas-assinatura-juridica-300x56.jpg 300w, https:\/\/cdn-blog-cj.estrategia.com\/portal\/wp-content\/uploads\/2022\/06\/20151253\/concurso-carreiras-juridicas-assinatura-juridica-1024x190.jpg 1024w, https:\/\/cdn-blog-cj.estrategia.com\/portal\/wp-content\/uploads\/2022\/06\/20151253\/concurso-carreiras-juridicas-assinatura-juridica-768x143.jpg 768w, https:\/\/cdn-blog-cj.estrategia.com\/portal\/wp-content\/uploads\/2022\/06\/20151253\/concurso-carreiras-juridicas-assinatura-juridica-1536x285.jpg 1536w, https:\/\/cdn-blog-cj.estrategia.com\/portal\/wp-content\/uploads\/2022\/06\/20151253\/concurso-carreiras-juridicas-assinatura-juridica-380x71.jpg 380w, https:\/\/cdn-blog-cj.estrategia.com\/portal\/wp-content\/uploads\/2022\/06\/20151253\/concurso-carreiras-juridicas-assinatura-juridica-800x149.jpg 800w, https:\/\/cdn-blog-cj.estrategia.com\/portal\/wp-content\/uploads\/2022\/06\/20151253\/concurso-carreiras-juridicas-assinatura-juridica-1160x215.jpg 1160w\" sizes=\"(max-width: 1890px) 100vw, 1890px\" \/><span aria-hidden=\"true\" class=\"wp-block-cover__background has-background-dim\"><\/span><div class=\"wp-block-cover__inner-container is-layout-flow wp-block-cover-is-layout-flow\">\n<h3 id=\"faca-a-sua-assinatura\" class=\"titulo-assinatura\"><span style=\"color: #ffffff;\">Fa\u00e7a a sua assinatura!<\/span><\/h3>\n<p class=\"subtitulo-assinatura\" style=\"display:block!important; line-height: 0;\"><span style=\"color: #ffffff;\">Escolha a sua \u00e1rea.<\/span><\/p>\n<a target=\"_blank\" href=\"https:\/\/www.estrategiaconcursos.com.br\/assinaturas-ecj\/\" rel=\"noopener\"><button style=\"border-radius: 10px; text-transform: capitalize;\">Acessar<\/button><\/a>\n<\/div><\/div>\n\n\n\n<p class=\"wp-block-paragraph\"><\/p>\n","protected":false},"excerpt":{"rendered":"Concurso AGU passa a exigir o Exame Nacional da Advocacia P\u00fablica (ENAP) como etapa eliminat\u00f3ria pr\u00e9via para as&hellip;\n","protected":false},"author":185,"featured_media":177715,"comment_status":"open","ping_status":"open","sticky":false,"template":"","format":"standard","meta":{"_acf_changed":false,"_jetpack_newsletter_access":"","_jetpack_dont_email_post_to_subs":false,"_jetpack_newsletter_tier_id":0,"_jetpack_memberships_contains_paywalled_content":false,"_jetpack_feature_clip_id":0,"_jetpack_memberships_contains_paid_content":false,"footnotes":"","jetpack_post_was_ever_published":false},"categories":[1,24],"tags":[],"tax_estado":[36],"class_list":["post-197260","post","type-post","status-publish","format-standard","has-post-thumbnail","category-carreiras-juridicas","category-procuradoria","tax_estado-concursos-federais"],"acf":[],"yoast_head":"<!-- This site is optimized with the Yoast SEO Premium plugin v28.3 (Yoast SEO v28.3) - https:\/\/yoast.com\/product\/yoast-seo-premium-wordpress\/ -->\n<title>Concurso AGU exigir\u00e1 ENAP como pr\u00e9-requisito<\/title>\n<meta name=\"description\" content=\"Concurso AGU muda de modelo: Exame Nacional da Advocacia P\u00fablica vira etapa pr\u00e9via eliminat\u00f3ria para as 4 carreiras jur\u00eddicas federais\" \/>\n<meta name=\"robots\" content=\"index, follow, max-snippet:-1, max-image-preview:large, max-video-preview:-1\" \/>\n<link rel=\"canonical\" href=\"https:\/\/cj.estrategia.com\/portal\/concurso-agu-exame-nacional-advocacia-publica-2026\/\" \/>\n<meta property=\"og:locale\" content=\"pt_BR\" \/>\n<meta property=\"og:type\" content=\"article\" \/>\n<meta property=\"og:title\" content=\"Concurso AGU exigir\u00e1 ENAP como pr\u00e9-requisito\" \/>\n<meta property=\"og:description\" content=\"Concurso AGU muda de modelo: Exame Nacional da Advocacia P\u00fablica vira etapa pr\u00e9via eliminat\u00f3ria para as 4 carreiras jur\u00eddicas federais\" \/>\n<meta property=\"og:url\" content=\"https:\/\/cj.estrategia.com\/portal\/concurso-agu-exame-nacional-advocacia-publica-2026\/\" \/>\n<meta property=\"og:site_name\" content=\"Blog - Carreiras Jur\u00eddicas - Estrat\u00e9gia\" \/>\n<meta property=\"article:publisher\" content=\"https:\/\/www.facebook.com\/estrategiacarreirajuridica\/\" \/>\n<meta property=\"article:published_time\" content=\"2026-09-04T23:05:28+00:00\" \/>\n<meta property=\"article:modified_time\" content=\"2026-09-04T23:05:32+00:00\" \/>\n<meta property=\"og:image\" content=\"https:\/\/cdn-blog-cj.estrategia.com\/portal\/wp-content\/uploads\/2026\/01\/04105643\/procurador.jpg\" \/>\n\t<meta property=\"og:image:width\" content=\"2459\" \/>\n\t<meta property=\"og:image:height\" content=\"1383\" \/>\n\t<meta property=\"og:image:type\" content=\"image\/jpeg\" \/>\n<meta name=\"author\" content=\"Paolo Vinicios Lima\" \/>\n<meta name=\"twitter:card\" content=\"summary_large_image\" \/>\n<meta name=\"twitter:creator\" content=\"@EstratJuridica\" \/>\n<meta name=\"twitter:site\" content=\"@EstratJuridica\" \/>\n<meta name=\"twitter:label1\" content=\"Escrito por\" \/>\n\t<meta name=\"twitter:data1\" content=\"Paolo Vinicios Lima\" \/>\n\t<meta name=\"twitter:label2\" content=\"Est. tempo de leitura\" \/>\n\t<meta name=\"twitter:data2\" content=\"3 minutos\" \/>\n<script type=\"application\/ld+json\" class=\"yoast-schema-graph\">{\"@context\":\"https:\\\/\\\/schema.org\",\"@graph\":[{\"@type\":\"NewsArticle\",\"@id\":\"https:\\\/\\\/cj.estrategia.com\\\/portal\\\/concurso-agu-exame-nacional-advocacia-publica-2026\\\/#article\",\"isPartOf\":{\"@id\":\"https:\\\/\\\/cj.estrategia.com\\\/portal\\\/concurso-agu-exame-nacional-advocacia-publica-2026\\\/\"},\"author\":{\"name\":\"Paolo Vinicios Lima\",\"@id\":\"https:\\\/\\\/cj.estrategia.com\\\/portal\\\/#\\\/schema\\\/person\\\/ff0243a131b5c84c88e974b40a02bcc8\"},\"headline\":\"Concurso AGU exigir\u00e1 ENAP como pr\u00e9-requisito\",\"datePublished\":\"2026-09-04T23:05:28+00:00\",\"dateModified\":\"2026-09-04T23:05:32+00:00\",\"mainEntityOfPage\":{\"@id\":\"https:\\\/\\\/cj.estrategia.com\\\/portal\\\/concurso-agu-exame-nacional-advocacia-publica-2026\\\/\"},\"wordCount\":412,\"commentCount\":0,\"publisher\":{\"@id\":\"https:\\\/\\\/cj.estrategia.com\\\/portal\\\/#organization\"},\"image\":{\"@id\":\"https:\\\/\\\/cj.estrategia.com\\\/portal\\\/concurso-agu-exame-nacional-advocacia-publica-2026\\\/#primaryimage\"},\"thumbnailUrl\":\"https:\\\/\\\/cdn-blog-cj.estrategia.com\\\/portal\\\/wp-content\\\/uploads\\\/2026\\\/01\\\/04105643\\\/procurador.jpg\",\"articleSection\":[\"Carreiras Jur\u00eddicas\",\"Procuradoria\"],\"inLanguage\":\"pt-BR\",\"potentialAction\":[{\"@type\":\"CommentAction\",\"name\":\"Comment\",\"target\":[\"https:\\\/\\\/cj.estrategia.com\\\/portal\\\/concurso-agu-exame-nacional-advocacia-publica-2026\\\/#respond\"]}]},{\"@type\":\"WebPage\",\"@id\":\"https:\\\/\\\/cj.estrategia.com\\\/portal\\\/concurso-agu-exame-nacional-advocacia-publica-2026\\\/\",\"url\":\"https:\\\/\\\/cj.estrategia.com\\\/portal\\\/concurso-agu-exame-nacional-advocacia-publica-2026\\\/\",\"name\":\"Concurso AGU exigir\u00e1 ENAP como pr\u00e9-requisito\",\"isPartOf\":{\"@id\":\"https:\\\/\\\/cj.estrategia.com\\\/portal\\\/#website\"},\"primaryImageOfPage\":{\"@id\":\"https:\\\/\\\/cj.estrategia.com\\\/portal\\\/concurso-agu-exame-nacional-advocacia-publica-2026\\\/#primaryimage\"},\"image\":{\"@id\":\"https:\\\/\\\/cj.estrategia.com\\\/portal\\\/concurso-agu-exame-nacional-advocacia-publica-2026\\\/#primaryimage\"},\"thumbnailUrl\":\"https:\\\/\\\/cdn-blog-cj.estrategia.com\\\/portal\\\/wp-content\\\/uploads\\\/2026\\\/01\\\/04105643\\\/procurador.jpg\",\"datePublished\":\"2026-09-04T23:05:28+00:00\",\"dateModified\":\"2026-09-04T23:05:32+00:00\",\"description\":\"Concurso AGU muda de modelo: Exame Nacional da Advocacia P\u00fablica vira etapa pr\u00e9via eliminat\u00f3ria para as 4 carreiras jur\u00eddicas federais\",\"breadcrumb\":{\"@id\":\"https:\\\/\\\/cj.estrategia.com\\\/portal\\\/concurso-agu-exame-nacional-advocacia-publica-2026\\\/#breadcrumb\"},\"inLanguage\":\"pt-BR\",\"potentialAction\":[{\"@type\":\"ReadAction\",\"target\":[\"https:\\\/\\\/cj.estrategia.com\\\/portal\\\/concurso-agu-exame-nacional-advocacia-publica-2026\\\/\"]}]},{\"@type\":\"ImageObject\",\"inLanguage\":\"pt-BR\",\"@id\":\"https:\\\/\\\/cj.estrategia.com\\\/portal\\\/concurso-agu-exame-nacional-advocacia-publica-2026\\\/#primaryimage\",\"url\":\"https:\\\/\\\/cdn-blog-cj.estrategia.com\\\/portal\\\/wp-content\\\/uploads\\\/2026\\\/01\\\/04105643\\\/procurador.jpg\",\"contentUrl\":\"https:\\\/\\\/cdn-blog-cj.estrategia.com\\\/portal\\\/wp-content\\\/uploads\\\/2026\\\/01\\\/04105643\\\/procurador.jpg\",\"width\":2459,\"height\":1383,\"caption\":\"concursos procurador\"},{\"@type\":\"BreadcrumbList\",\"@id\":\"https:\\\/\\\/cj.estrategia.com\\\/portal\\\/concurso-agu-exame-nacional-advocacia-publica-2026\\\/#breadcrumb\",\"itemListElement\":[{\"@type\":\"ListItem\",\"position\":1,\"name\":\"In\u00edcio\",\"item\":\"https:\\\/\\\/cj.estrategia.com\\\/portal\\\/\"},{\"@type\":\"ListItem\",\"position\":2,\"name\":\"Concurso AGU exigir\u00e1 ENAP como pr\u00e9-requisito\"}]},{\"@type\":\"WebSite\",\"@id\":\"https:\\\/\\\/cj.estrategia.com\\\/portal\\\/#website\",\"url\":\"https:\\\/\\\/cj.estrategia.com\\\/portal\\\/\",\"name\":\"Blog - Carreiras Jur\u00eddicas - Estrat\u00e9gia\",\"description\":\"\",\"publisher\":{\"@id\":\"https:\\\/\\\/cj.estrategia.com\\\/portal\\\/#organization\"},\"potentialAction\":[{\"@type\":\"SearchAction\",\"target\":{\"@type\":\"EntryPoint\",\"urlTemplate\":\"https:\\\/\\\/cj.estrategia.com\\\/portal\\\/?s={search_term_string}\"},\"query-input\":{\"@type\":\"PropertyValueSpecification\",\"valueRequired\":true,\"valueName\":\"search_term_string\"}}],\"inLanguage\":\"pt-BR\"},{\"@type\":\"Organization\",\"@id\":\"https:\\\/\\\/cj.estrategia.com\\\/portal\\\/#organization\",\"name\":\"Estrat\u00e9gia - Carreiras Jur\u00eddicas\",\"url\":\"https:\\\/\\\/cj.estrategia.com\\\/portal\\\/\",\"logo\":{\"@type\":\"ImageObject\",\"inLanguage\":\"pt-BR\",\"@id\":\"https:\\\/\\\/cj.estrategia.com\\\/portal\\\/#\\\/schema\\\/logo\\\/image\\\/\",\"url\":\"https:\\\/\\\/cj.estrategia.com\\\/portal\\\/wp-content\\\/uploads\\\/2022\\\/03\\\/11151052\\\/cj-logo.png\",\"contentUrl\":\"https:\\\/\\\/cj.estrategia.com\\\/portal\\\/wp-content\\\/uploads\\\/2022\\\/03\\\/11151052\\\/cj-logo.png\",\"width\":150,\"height\":39,\"caption\":\"Estrat\u00e9gia - Carreiras Jur\u00eddicas\"},\"image\":{\"@id\":\"https:\\\/\\\/cj.estrategia.com\\\/portal\\\/#\\\/schema\\\/logo\\\/image\\\/\"},\"sameAs\":[\"https:\\\/\\\/www.facebook.com\\\/estrategiacarreirajuridica\\\/\",\"https:\\\/\\\/x.com\\\/EstratJuridica\",\"https:\\\/\\\/www.instagram.com\\\/estrategiacarreirajuridica\\\/\",\"https:\\\/\\\/www.youtube.com\\\/channel\\\/UClbMGuYbj2Mh1m3w144ETWQ\"]},{\"@type\":\"Person\",\"@id\":\"https:\\\/\\\/cj.estrategia.com\\\/portal\\\/#\\\/schema\\\/person\\\/ff0243a131b5c84c88e974b40a02bcc8\",\"name\":\"Paolo Vinicios Lima\",\"image\":{\"@type\":\"ImageObject\",\"inLanguage\":\"pt-BR\",\"@id\":\"https:\\\/\\\/cdn-blog-cj.estrategia.com\\\/portal\\\/wp-content\\\/uploads\\\/2026\\\/08\\\/20120445\\\/20241025_144444-96x96.jpg\",\"url\":\"https:\\\/\\\/cdn-blog-cj.estrategia.com\\\/portal\\\/wp-content\\\/uploads\\\/2026\\\/08\\\/20120445\\\/20241025_144444-96x96.jpg\",\"contentUrl\":\"https:\\\/\\\/cdn-blog-cj.estrategia.com\\\/portal\\\/wp-content\\\/uploads\\\/2026\\\/08\\\/20120445\\\/20241025_144444-96x96.jpg\",\"caption\":\"Paolo Vinicios Lima\"},\"url\":\"https:\\\/\\\/cj.estrategia.com\\\/portal\\\/author\\\/paolo-limaestrategia-com\\\/\"}]}<\/script>\n<!-- \/ Yoast SEO Premium plugin. -->","yoast_head_json":{"title":"Concurso AGU exigir\u00e1 ENAP como pr\u00e9-requisito","description":"Concurso AGU muda de modelo: Exame Nacional da Advocacia P\u00fablica vira etapa pr\u00e9via eliminat\u00f3ria para as 4 carreiras jur\u00eddicas federais","robots":{"index":"index","follow":"follow","max-snippet":"max-snippet:-1","max-image-preview":"max-image-preview:large","max-video-preview":"max-video-preview:-1"},"canonical":"https:\/\/cj.estrategia.com\/portal\/concurso-agu-exame-nacional-advocacia-publica-2026\/","og_locale":"pt_BR","og_type":"article","og_title":"Concurso AGU exigir\u00e1 ENAP como pr\u00e9-requisito","og_description":"Concurso AGU muda de modelo: Exame Nacional da Advocacia P\u00fablica vira etapa pr\u00e9via eliminat\u00f3ria para as 4 carreiras jur\u00eddicas federais","og_url":"https:\/\/cj.estrategia.com\/portal\/concurso-agu-exame-nacional-advocacia-publica-2026\/","og_site_name":"Blog - Carreiras Jur\u00eddicas - Estrat\u00e9gia","article_publisher":"https:\/\/www.facebook.com\/estrategiacarreirajuridica\/","article_published_time":"2026-09-04T23:05:28+00:00","article_modified_time":"2026-09-04T23:05:32+00:00","og_image":[{"width":2459,"height":1383,"url":"https:\/\/cdn-blog-cj.estrategia.com\/portal\/wp-content\/uploads\/2026\/01\/04105643\/procurador.jpg","type":"image\/jpeg"}],"author":"Paolo Vinicios Lima","twitter_card":"summary_large_image","twitter_creator":"@EstratJuridica","twitter_site":"@EstratJuridica","twitter_misc":{"Escrito por":"Paolo Vinicios Lima","Est. tempo de leitura":"3 minutos"},"schema":{"@context":"https:\/\/schema.org","@graph":[{"@type":"NewsArticle","@id":"https:\/\/cj.estrategia.com\/portal\/concurso-agu-exame-nacional-advocacia-publica-2026\/#article","isPartOf":{"@id":"https:\/\/cj.estrategia.com\/portal\/concurso-agu-exame-nacional-advocacia-publica-2026\/"},"author":{"name":"Paolo Vinicios Lima","@id":"https:\/\/cj.estrategia.com\/portal\/#\/schema\/person\/ff0243a131b5c84c88e974b40a02bcc8"},"headline":"Concurso AGU exigir\u00e1 ENAP como pr\u00e9-requisito","datePublished":"2026-09-04T23:05:28+00:00","dateModified":"2026-09-04T23:05:32+00:00","mainEntityOfPage":{"@id":"https:\/\/cj.estrategia.com\/portal\/concurso-agu-exame-nacional-advocacia-publica-2026\/"},"wordCount":412,"commentCount":0,"publisher":{"@id":"https:\/\/cj.estrategia.com\/portal\/#organization"},"image":{"@id":"https:\/\/cj.estrategia.com\/portal\/concurso-agu-exame-nacional-advocacia-publica-2026\/#primaryimage"},"thumbnailUrl":"https:\/\/cdn-blog-cj.estrategia.com\/portal\/wp-content\/uploads\/2026\/01\/04105643\/procurador.jpg","articleSection":["Carreiras Jur\u00eddicas","Procuradoria"],"inLanguage":"pt-BR","potentialAction":[{"@type":"CommentAction","name":"Comment","target":["https:\/\/cj.estrategia.com\/portal\/concurso-agu-exame-nacional-advocacia-publica-2026\/#respond"]}]},{"@type":"WebPage","@id":"https:\/\/cj.estrategia.com\/portal\/concurso-agu-exame-nacional-advocacia-publica-2026\/","url":"https:\/\/cj.estrategia.com\/portal\/concurso-agu-exame-nacional-advocacia-publica-2026\/","name":"Concurso AGU exigir\u00e1 ENAP como pr\u00e9-requisito","isPartOf":{"@id":"https:\/\/cj.estrategia.com\/portal\/#website"},"primaryImageOfPage":{"@id":"https:\/\/cj.estrategia.com\/portal\/concurso-agu-exame-nacional-advocacia-publica-2026\/#primaryimage"},"image":{"@id":"https:\/\/cj.estrategia.com\/portal\/concurso-agu-exame-nacional-advocacia-publica-2026\/#primaryimage"},"thumbnailUrl":"https:\/\/cdn-blog-cj.estrategia.com\/portal\/wp-content\/uploads\/2026\/01\/04105643\/procurador.jpg","datePublished":"2026-09-04T23:05:28+00:00","dateModified":"2026-09-04T23:05:32+00:00","description":"Concurso AGU muda de modelo: Exame Nacional da Advocacia P\u00fablica vira etapa pr\u00e9via eliminat\u00f3ria para as 4 carreiras jur\u00eddicas federais","breadcrumb":{"@id":"https:\/\/cj.estrategia.com\/portal\/concurso-agu-exame-nacional-advocacia-publica-2026\/#breadcrumb"},"inLanguage":"pt-BR","potentialAction":[{"@type":"ReadAction","target":["https:\/\/cj.estrategia.com\/portal\/concurso-agu-exame-nacional-advocacia-publica-2026\/"]}]},{"@type":"ImageObject","inLanguage":"pt-BR","@id":"https:\/\/cj.estrategia.com\/portal\/concurso-agu-exame-nacional-advocacia-publica-2026\/#primaryimage","url":"https:\/\/cdn-blog-cj.estrategia.com\/portal\/wp-content\/uploads\/2026\/01\/04105643\/procurador.jpg","contentUrl":"https:\/\/cdn-blog-cj.estrategia.com\/portal\/wp-content\/uploads\/2026\/01\/04105643\/procurador.jpg","width":2459,"height":1383,"caption":"concursos procurador"},{"@type":"BreadcrumbList","@id":"https:\/\/cj.estrategia.com\/portal\/concurso-agu-exame-nacional-advocacia-publica-2026\/#breadcrumb","itemListElement":[{"@type":"ListItem","position":1,"name":"In\u00edcio","item":"https:\/\/cj.estrategia.com\/portal\/"},{"@type":"ListItem","position":2,"name":"Concurso AGU exigir\u00e1 ENAP como pr\u00e9-requisito"}]},{"@type":"WebSite","@id":"https:\/\/cj.estrategia.com\/portal\/#website","url":"https:\/\/cj.estrategia.com\/portal\/","name":"Blog - Carreiras Jur\u00eddicas - Estrat\u00e9gia","description":"","publisher":{"@id":"https:\/\/cj.estrategia.com\/portal\/#organization"},"potentialAction":[{"@type":"SearchAction","target":{"@type":"EntryPoint","urlTemplate":"https:\/\/cj.estrategia.com\/portal\/?s={search_term_string}"},"query-input":{"@type":"PropertyValueSpecification","valueRequired":true,"valueName":"search_term_string"}}],"inLanguage":"pt-BR"},{"@type":"Organization","@id":"https:\/\/cj.estrategia.com\/portal\/#organization","name":"Estrat\u00e9gia - Carreiras Jur\u00eddicas","url":"https:\/\/cj.estrategia.com\/portal\/","logo":{"@type":"ImageObject","inLanguage":"pt-BR","@id":"https:\/\/cj.estrategia.com\/portal\/#\/schema\/logo\/image\/","url":"https:\/\/cj.estrategia.com\/portal\/wp-content\/uploads\/2022\/03\/11151052\/cj-logo.png","contentUrl":"https:\/\/cj.estrategia.com\/portal\/wp-content\/uploads\/2022\/03\/11151052\/cj-logo.png","width":150,"height":39,"caption":"Estrat\u00e9gia - Carreiras Jur\u00eddicas"},"image":{"@id":"https:\/\/cj.estrategia.com\/portal\/#\/schema\/logo\/image\/"},"sameAs":["https:\/\/www.facebook.com\/estrategiacarreirajuridica\/","https:\/\/x.com\/EstratJuridica","https:\/\/www.instagram.com\/estrategiacarreirajuridica\/","https:\/\/www.youtube.com\/channel\/UClbMGuYbj2Mh1m3w144ETWQ"]},{"@type":"Person","@id":"https:\/\/cj.estrategia.com\/portal\/#\/schema\/person\/ff0243a131b5c84c88e974b40a02bcc8","name":"Paolo Vinicios Lima","image":{"@type":"ImageObject","inLanguage":"pt-BR","@id":"https:\/\/cdn-blog-cj.estrategia.com\/portal\/wp-content\/uploads\/2026\/08\/20120445\/20241025_144444-96x96.jpg","url":"https:\/\/cdn-blog-cj.estrategia.com\/portal\/wp-content\/uploads\/2026\/08\/20120445\/20241025_144444-96x96.jpg","contentUrl":"https:\/\/cdn-blog-cj.estrategia.com\/portal\/wp-content\/uploads\/2026\/08\/20120445\/20241025_144444-96x96.jpg","caption":"Paolo Vinicios Lima"},"url":"https:\/\/cj.estrategia.com\/portal\/author\/paolo-limaestrategia-com\/"}]}},"jetpack_sharing_enabled":true,"jetpack_featured_media_url":"https:\/\/cdn-blog-cj.estrategia.com\/portal\/wp-content\/uploads\/2026\/01\/04105643\/procurador.jpg","_links":{"self":[{"href":"https:\/\/cj.estrategia.com\/portal\/wp-json\/wp\/v2\/posts\/197260","targetHints":{"allow":["GET"]}}],"collection":[{"href":"https:\/\/cj.estrategia.com\/portal\/wp-json\/wp\/v2\/posts"}],"about":[{"href":"https:\/\/cj.estrategia.com\/portal\/wp-json\/wp\/v2\/types\/post"}],"author":[{"embeddable":true,"href":"https:\/\/cj.estrategia.com\/portal\/wp-json\/wp\/v2\/users\/185"}],"replies":[{"embeddable":true,"href":"https:\/\/cj.estrategia.com\/portal\/wp-json\/wp\/v2\/comments?post=197260"}],"version-history":[{"count":1,"href":"https:\/\/cj.estrategia.com\/portal\/wp-json\/wp\/v2\/posts\/197260\/revisions"}],"predecessor-version":[{"id":197262,"href":"https:\/\/cj.estrategia.com\/portal\/wp-json\/wp\/v2\/posts\/197260\/revisions\/197262"}],"wp:featuredmedia":[{"embeddable":true,"href":"https:\/\/cj.estrategia.com\/portal\/wp-json\/wp\/v2\/media\/177715"}],"wp:attachment":[{"href":"https:\/\/cj.estrategia.com\/portal\/wp-json\/wp\/v2\/media?parent=197260"}],"wp:term":[{"taxonomy":"category","embeddable":true,"href":"https:\/\/cj.estrategia.com\/portal\/wp-json\/wp\/v2\/categories?post=197260"},{"taxonomy":"post_tag","embeddable":true,"href":"https:\/\/cj.estrategia.com\/portal\/wp-json\/wp\/v2\/tags?post=197260"},{"taxonomy":"tax_estado","embeddable":true,"href":"https:\/\/cj.estrategia.com\/portal\/wp-json\/wp\/v2\/tax_estado?post=197260"}],"curies":[{"name":"wp","href":"https:\/\/api.w.org\/{rel}","templated":true}]}}