{"id":197257,"date":"2026-09-04T18:45:34","date_gmt":"2026-09-04T21:45:34","guid":{"rendered":"https:\/\/cj.estrategia.com\/portal\/?p=197257"},"modified":"2026-09-04T18:45:38","modified_gmt":"2026-09-04T21:45:38","slug":"concurso-casan-advogado","status":"publish","type":"post","link":"https:\/\/cj.estrategia.com\/portal\/concurso-casan-advogado\/","title":{"rendered":"Concurso CASAN Advogado: edital publicado; R$ 12,2 mil"},"content":{"rendered":"\n<p class=\"has-medium-font-size wp-block-paragraph\"><strong><em>Concurso CASAN abre vagas de cadastro de reserva para Advogado, com subs\u00eddio inicial de R$ 12.197,25 em cidades de Santa Catarina<\/em><\/strong><\/p>\n\n\n<a id=\"cta-icon\" href=\"https:\/\/sndflw.com\/i\/procuradorias-grupo\" target=\"blank\" style=\"background:rgb(41,166,26)\">\n            <img decoding=\"async\" src=\"https:\/\/cdn-blog-cj.estrategia.com\/portal\/wp-content\/uploads\/2023\/12\/07160657\/whatsapp_1385.webp\" alt=\"\" alt=\"whatsapp_1385\"><span > Acesse agora o Grupo de Estudos para Concurso de Procuradorias <\/span><\/a>\n\n\n\n<p class=\"wp-block-paragraph\">O <strong>Concurso CASAN<\/strong> teve o edital de abertura publicado pela Companhia Catarinense de \u00c1guas e Saneamento (CASAN), com vaga de cadastro de reserva (CR) para o cargo de <strong>Advogado<\/strong>, segundo edital publicado pelo Instituto AOCP, banca organizadora do certame.<\/p>\n\n\n\n<p class=\"wp-block-paragraph\">A oportunidade \u00e9 para n\u00edvel superior, com lota\u00e7\u00e3o em <strong>Florian\u00f3polis, Crici\u00fama, Rio do Sul e Chapec\u00f3<\/strong>. O <strong>subs\u00eddio<\/strong> inicial bruto \u00e9 de <strong>R$ 12.197,25<\/strong>, para jornada de 40 horas semanais.<\/p>\n\n\n\n<p class=\"wp-block-paragraph\">As <strong>inscri\u00e7\u00f5es<\/strong> abrem \u00e0s 14h do dia <strong>04\/09\/2026<\/strong> e seguem at\u00e9 \u00e0s 23h59 do dia <strong>05\/10\/2026<\/strong>, no site do Instituto AOCP. A taxa \u00e9 de <strong>R$ 150,00<\/strong>.<\/p>\n\n\n\n<ul class=\"wp-block-list has-very-light-gray-to-cyan-bluish-gray-gradient-background has-background\">\n<li><strong>Concurso CASAN<\/strong><\/li>\n\n\n\n<li><strong>Status:<\/strong> edital publicado<\/li>\n\n\n\n<li><strong>Banca:<\/strong> <a href=\"https:\/\/portal.institutolegalle.org.br\/edital\/ver\/83\" target=\"_blank\" >Instituto AOCP<\/a><\/li>\n\n\n\n<li><strong>Vagas:<\/strong> CR<\/li>\n\n\n\n<li><strong>Remunera\u00e7\u00e3o:<\/strong> R$ 12.197,25<\/li>\n\n\n\n<li><strong>Edital:<\/strong> <a href=\"https:\/\/cdn-blog-cj.estrategia.com\/portal\/wp-content\/uploads\/2026\/09\/04184024\/CASAN.pdf\" target=\"_blank\" >Edital do Concurso CASAN<\/a><\/li>\n<\/ul>\n\n\n\n<div class=\"wp-block-yoast-seo-table-of-contents yoast-table-of-contents\"><h2 id=\"veja-as-informacoes-sobre-o-concurso-casan\">Veja as informa\u00e7\u00f5es sobre o Concurso CASAN<\/h2><ul><li><a href=\"#h-inscricoes-e-taxa-do-concurso-casan\" data-level=\"2\">Inscri\u00e7\u00f5es e taxa do Concurso CASAN<\/a><\/li><li><a href=\"#h-cronograma-do-concurso-casan\" data-level=\"2\">Cronograma do Concurso CASAN<\/a><\/li><li><a href=\"#h-vagas-e-subsidio-do-cargo-de-advogado-no-concurso-casan\" data-level=\"2\">Vagas e subs\u00eddio do cargo de Advogado no Concurso CASAN<\/a><ul><li><a href=\"#h-requisitos-e-atribuicoes-do-cargo-de-advogado-no-concurso-casan\" data-level=\"3\">Requisitos e atribui\u00e7\u00f5es do cargo de Advogado no Concurso CASAN<\/a><\/li><\/ul><\/li><li><a href=\"#h-etapas-do-concurso-casan\" data-level=\"2\">Etapas do Concurso CASAN<\/a><ul><li><a href=\"#h-prova-objetiva\" data-level=\"3\">Prova objetiva<\/a><\/li><li><a href=\"#h-prova-de-titulos\" data-level=\"3\">Prova de t\u00edtulos<\/a><\/li><\/ul><\/li><li><a href=\"#h-informacoes-sobre-o-concurso-casan\" data-level=\"2\">Informa\u00e7\u00f5es sobre o Concurso CASAN<\/a><\/li><\/ul><\/div>\n\n\n\n<div class=\"container\" id=\"boxes\">\n  <div class=\"row\">\n\n    <div class=\"col-sm\">\n      <div class=\"banner-ecj-procuradorias\" id=\"box-assinatura\">\n        <h2 id=\"concurso-casan-advogado\" class=\"titulo-assinatura\"><span style=\"color: #ffffff; font-size: 23px; \">Concurso CASAN Advogado<\/span><\/h2>\n        <p class=\"subtitulo-assinatura\">Cursos focados no edital!<\/p>\n        <div class=\"box-botao\">\n          <a class=\"btn-assinatura-juridica\" target=\"_blank\" href=\" https:\/\/cj.estrategia.com\/concurso\/resultado-pesquisa?search=advogado\" role=\"button\" rel=\"noopener noreferrer\">CLIQUE AQUI<\/a>\n        <\/div>\n      <\/div>\n<p><\/p>\n    <\/div>\n\n  <\/div>\n<\/div>\n\n\n\n<h2 id=\"h-inscricoes-e-taxa-do-concurso-casan\" class=\"wp-block-heading\"><span id=\"inscricoes-e-taxa-do-concurso-casan\">Inscri\u00e7\u00f5es e taxa do Concurso CASAN<\/span><\/h2>\n\n\n\n<p class=\"wp-block-paragraph\">As inscri\u00e7\u00f5es do Concurso CASAN s\u00e3o feitas exclusivamente pelo site do Instituto AOCP. O per\u00edodo de solicita\u00e7\u00e3o de isen\u00e7\u00e3o da taxa vai de <strong>04\/09\/2026<\/strong> (14h) a <strong>09\/09\/2026<\/strong> (13h), para candidatos inscritos no Cad\u00danico ou doadores de medula \u00f3ssea, conforme crit\u00e9rios do edital.<\/p>\n\n\n\n<p class=\"wp-block-paragraph\">J\u00e1 as inscri\u00e7\u00f5es regulares seguem at\u00e9 \u00e0s 23h59 de <strong>05\/10\/2026<\/strong>, com pagamento da taxa de <strong>R$ 150,00<\/strong> permitido at\u00e9 <strong>06\/10\/2026<\/strong>, observado o hor\u00e1rio de compensa\u00e7\u00e3o banc\u00e1ria.<\/p>\n\n\n\n<h2 id=\"h-cronograma-do-concurso-casan\" class=\"wp-block-heading\"><span id=\"cronograma-do-concurso-casan\">Cronograma do Concurso CASAN<\/span><\/h2>\n\n\n\n<ul class=\"wp-block-list\">\n<li><strong>Publica\u00e7\u00e3o do edital:<\/strong> 04\/09\/2026<\/li>\n\n\n\n<li><strong>Impugna\u00e7\u00e3o do edital:<\/strong> 04\/09\/2026 a 11\/09\/2026<\/li>\n\n\n\n<li><strong>Inscri\u00e7\u00f5es:<\/strong> 04\/09\/2026 a 05\/10\/2026<\/li>\n\n\n\n<li><strong>Pagamento da taxa:<\/strong> at\u00e9 06\/10\/2026<\/li>\n\n\n\n<li><strong>Divulga\u00e7\u00e3o do edital de local de prova:<\/strong> 27\/10\/2026<\/li>\n\n\n\n<li><strong>Aplica\u00e7\u00e3o da prova objetiva:<\/strong> 22\/11\/2026<\/li>\n\n\n\n<li><strong>Gabarito preliminar:<\/strong> 23\/11\/2026<\/li>\n\n\n\n<li><strong>Resultado final e classifica\u00e7\u00e3o:<\/strong> 29\/01\/2027<\/li>\n<\/ul>\n\n\n\n<h2 id=\"h-vagas-e-subsidio-do-cargo-de-advogado-no-concurso-casan\" class=\"wp-block-heading\"><span id=\"vagas-e-subsidio-do-cargo-de-advogado-no-concurso-casan\">Vagas e subs\u00eddio do cargo de Advogado no Concurso CASAN<\/span><\/h2>\n\n\n\n<p class=\"wp-block-paragraph\">O Concurso CASAN reserva vaga de <strong>cadastro de reserva<\/strong> para o cargo de Advogado nas quatro cidades abrangidas pelo edital, tanto para ampla concorr\u00eancia quanto para candidatos com defici\u00eancia ou reabilitados pelo INSS. N\u00e3o h\u00e1 vaga imediata para o cargo.<\/p>\n\n\n\n<figure class=\"wp-block-table\"><table class=\"has-very-light-gray-to-cyan-bluish-gray-gradient-background has-background has-fixed-layout\"><thead><tr><th class=\"has-text-align-center\" data-align=\"center\">Lota\u00e7\u00e3o<\/th><th class=\"has-text-align-center\" data-align=\"center\">Vagas ampla concorr\u00eancia<\/th><th class=\"has-text-align-center\" data-align=\"center\">Vagas PcD\/reabilitado<\/th><th class=\"has-text-align-center\" data-align=\"center\">Subs\u00eddio inicial bruto<\/th><\/tr><\/thead><tbody><tr><td class=\"has-text-align-center\" data-align=\"center\">Florian\u00f3polis<\/td><td class=\"has-text-align-center\" data-align=\"center\">CR<\/td><td class=\"has-text-align-center\" data-align=\"center\">CR<\/td><td class=\"has-text-align-center\" data-align=\"center\">R$ 12.197,25<\/td><\/tr><tr><td class=\"has-text-align-center\" data-align=\"center\">Crici\u00fama<\/td><td class=\"has-text-align-center\" data-align=\"center\">CR<\/td><td class=\"has-text-align-center\" data-align=\"center\">CR<\/td><td class=\"has-text-align-center\" data-align=\"center\">R$ 12.197,25<\/td><\/tr><tr><td class=\"has-text-align-center\" data-align=\"center\">Rio do Sul<\/td><td class=\"has-text-align-center\" data-align=\"center\">CR<\/td><td class=\"has-text-align-center\" data-align=\"center\">CR<\/td><td class=\"has-text-align-center\" data-align=\"center\">R$ 12.197,25<\/td><\/tr><tr><td class=\"has-text-align-center\" data-align=\"center\">Chapec\u00f3<\/td><td class=\"has-text-align-center\" data-align=\"center\">CR<\/td><td class=\"has-text-align-center\" data-align=\"center\">CR<\/td><td class=\"has-text-align-center\" data-align=\"center\">R$ 12.197,25<\/td><\/tr><\/tbody><\/table><\/figure>\n\n\n\n<p class=\"wp-block-paragraph\">Al\u00e9m do subs\u00eddio, a CASAN garante <strong>vale alimenta\u00e7\u00e3o\/refei\u00e7\u00e3o de R$ 1.892,00<\/strong> (com desconto de R$ 1,00 ao m\u00eas), aux\u00edlio creche\/bab\u00e1 de at\u00e9 R$ 963,21, vale cultura, plano de sa\u00fade e odontol\u00f3gico, e plano de previd\u00eancia complementar.<\/p>\n\n\n\n<h3 id=\"h-requisitos-e-atribuicoes-do-cargo-de-advogado-no-concurso-casan\" class=\"wp-block-heading\"><span id=\"requisitos-e-atribuicoes-do-cargo-de-advogado-no-concurso-casan\">Requisitos e atribui\u00e7\u00f5es do cargo de Advogado no Concurso CASAN<\/span><\/h3>\n\n\n\n<p class=\"wp-block-paragraph\">O edital exige diploma de bacharel em Direito e registro no \u00f3rg\u00e3o de classe para o cargo de Advogado no Concurso CASAN. As atribui\u00e7\u00f5es envolvem:<\/p>\n\n\n\n<ul class=\"wp-block-list\">\n<li>Prestar assist\u00eancia jur\u00eddica \u00e0 Companhia<\/li>\n\n\n\n<li>Representar a CASAN em ju\u00edzo ou fora dele, por delega\u00e7\u00e3o da Diretoria<\/li>\n<\/ul>\n\n\n\n<h2 id=\"h-etapas-do-concurso-casan\" class=\"wp-block-heading\"><span id=\"etapas-do-concurso-casan\">Etapas do Concurso CASAN<\/span><\/h2>\n\n\n\n<p class=\"wp-block-paragraph\">O Concurso CASAN \u00e9 dividido em duas fases para o cargo de Advogado, com car\u00e1ter e peso distintos.<\/p>\n\n\n\n<h3 id=\"h-prova-objetiva\" class=\"wp-block-heading\"><span id=\"prova-objetiva\">Prova objetiva<\/span><\/h3>\n\n\n\n<p class=\"wp-block-paragraph\">Com <strong>car\u00e1ter eliminat\u00f3rio e classificat\u00f3rio<\/strong>, a etapa re\u00fane 50 quest\u00f5es, distribu\u00eddas em L\u00edngua Portuguesa, Racioc\u00ednio L\u00f3gico-Matem\u00e1tico, Conhecimentos Gerais e Atualidades, Legisla\u00e7\u00e3o e Conhecimentos Espec\u00edficos. A prova vale 50 pontos e est\u00e1 marcada para <strong>22 de novembro de 2026<\/strong>.<\/p>\n\n\n\n<h3 id=\"h-prova-de-titulos\" class=\"wp-block-heading\"><span id=\"prova-de-titulos\">Prova de t\u00edtulos<\/span><\/h3>\n\n\n\n<p class=\"wp-block-paragraph\">Com <strong>car\u00e1ter exclusivamente classificat\u00f3rio<\/strong>, vale at\u00e9 10 pontos e \u00e9 somada \u00e0 nota da prova objetiva para compor a nota final. A convoca\u00e7\u00e3o dos habilitados ocorre em 22\/12\/2026, com envio de documentos at\u00e9 29\/12\/2026.<\/p>\n\n\n\n<hr class=\"wp-block-separator has-alpha-channel-opacity\"\/>\n\n\n\n<p class=\"has-text-align-center wp-block-paragraph\" id=\"h-quer-saber-tudo-sobre-concursos-previstos-confira-nossos-artigos\" style=\"font-size:26px\"><strong>Quer saber tudo sobre concursos previstos?<br>Confira nossos artigos!<\/strong><\/p>\n\n\n\n<ul class=\"wp-block-list\">\n<li><a href=\"https:\/\/cj.estrategia.com\/portal\/concursos-abertos-carreiras-juridicas\/\" target=\"_blank\" >Concursos jur\u00eddicos abertos<\/a><\/li>\n\n\n\n<li><a type=\"link\" href=\"https:\/\/cj.estrategia.com\/portal\/concursos-juridicos-2026\/\" id=\"https:\/\/cj.estrategia.com\/portal\/concursos-juridicos-2026\/\" target=\"_blank\" >Concursos Jur\u00eddicos 2026<\/a><\/li>\n\n\n\n<li><a href=\"https:\/\/cj.estrategia.com\/portal\/concursos-juridicos-2027\/\" target=\"_blank\" >Concursos Jur\u00eddicos 2027<\/a><\/li>\n\n\n\n<li><a href=\"https:\/\/cj.estrategia.com\/portal\/concursos-procuradorias\/\" target=\"_blank\" >Concursos Procuradorias<\/a><\/li>\n<\/ul>\n\n\n\n<p class=\"has-text-align-center wp-block-paragraph\" id=\"cursos-ficha\" style=\"font-size:26px\"><strong>Quer estudar para Concursos de Procuradorias?<\/strong><\/p>\n\n\n\n<div class=\"wp-block-cover\" style=\"min-height:155px;aspect-ratio:unset;\"><img decoding=\"async\" width=\"1890\" height=\"351\" class=\"wp-block-cover__image-background wp-image-8669\" alt=\"Assinaturas Jur\u00eddicas\" src=\"https:\/\/cj.estrategia.com\/portal\/wp-content\/uploads\/2022\/06\/20151253\/concurso-carreiras-juridicas-assinatura-juridica.jpg\" style=\"object-position:78% 43%\" data-object-fit=\"cover\" data-object-position=\"78% 43%\" srcset=\"https:\/\/cdn-blog-cj.estrategia.com\/portal\/wp-content\/uploads\/2022\/06\/20151253\/concurso-carreiras-juridicas-assinatura-juridica.jpg 1890w, https:\/\/cdn-blog-cj.estrategia.com\/portal\/wp-content\/uploads\/2022\/06\/20151253\/concurso-carreiras-juridicas-assinatura-juridica-300x56.jpg 300w, https:\/\/cdn-blog-cj.estrategia.com\/portal\/wp-content\/uploads\/2022\/06\/20151253\/concurso-carreiras-juridicas-assinatura-juridica-1024x190.jpg 1024w, https:\/\/cdn-blog-cj.estrategia.com\/portal\/wp-content\/uploads\/2022\/06\/20151253\/concurso-carreiras-juridicas-assinatura-juridica-768x143.jpg 768w, https:\/\/cdn-blog-cj.estrategia.com\/portal\/wp-content\/uploads\/2022\/06\/20151253\/concurso-carreiras-juridicas-assinatura-juridica-1536x285.jpg 1536w, https:\/\/cdn-blog-cj.estrategia.com\/portal\/wp-content\/uploads\/2022\/06\/20151253\/concurso-carreiras-juridicas-assinatura-juridica-380x71.jpg 380w, https:\/\/cdn-blog-cj.estrategia.com\/portal\/wp-content\/uploads\/2022\/06\/20151253\/concurso-carreiras-juridicas-assinatura-juridica-800x149.jpg 800w, https:\/\/cdn-blog-cj.estrategia.com\/portal\/wp-content\/uploads\/2022\/06\/20151253\/concurso-carreiras-juridicas-assinatura-juridica-1160x215.jpg 1160w\" sizes=\"(max-width: 1890px) 100vw, 1890px\" \/><span aria-hidden=\"true\" class=\"wp-block-cover__background has-background-dim\"><\/span><div class=\"wp-block-cover__inner-container is-layout-flow wp-block-cover-is-layout-flow\">\n<h3 id=\"faca-a-sua-assinatura\" class=\"titulo-assinatura\"><span style=\"color: #ffffff;\">Fa\u00e7a a sua assinatura!<\/span><\/h3>\n<p class=\"subtitulo-assinatura\" style=\"display:block!important; line-height: 0;\"><span style=\"color: #ffffff;\">Escolha a sua \u00e1rea.<\/span><\/p>\n<a target=\"_blank\" href=\"https:\/\/www.estrategiaconcursos.com.br\/assinaturas-ecj\/\" rel=\"noopener\"><button style=\"border-radius: 10px; text-transform: capitalize;\">Acessar<\/button><\/a>\n<\/div><\/div>\n\n\n\n<figure class=\"wp-block-image size-full is-resized\"><img decoding=\"async\" width=\"1024\" height=\"632\" src=\"https:\/\/cdn-blog-cj.estrategia.com\/portal\/wp-content\/uploads\/2023\/04\/12131611\/ficha-tecnica-concursos-estrategia-carreira-juridica.png\" alt=\"Ficha T\u00e9cnica concursos\" class=\"wp-image-33414\" style=\"width:252px;height:auto\" srcset=\"https:\/\/cdn-blog-cj.estrategia.com\/portal\/wp-content\/uploads\/2023\/04\/12131611\/ficha-tecnica-concursos-estrategia-carreira-juridica.png 1024w, https:\/\/cdn-blog-cj.estrategia.com\/portal\/wp-content\/uploads\/2023\/04\/12131611\/ficha-tecnica-concursos-estrategia-carreira-juridica-300x185.png 300w, https:\/\/cdn-blog-cj.estrategia.com\/portal\/wp-content\/uploads\/2023\/04\/12131611\/ficha-tecnica-concursos-estrategia-carreira-juridica-768x474.png 768w, https:\/\/cdn-blog-cj.estrategia.com\/portal\/wp-content\/uploads\/2023\/04\/12131611\/ficha-tecnica-concursos-estrategia-carreira-juridica-380x235.png 380w, https:\/\/cdn-blog-cj.estrategia.com\/portal\/wp-content\/uploads\/2023\/04\/12131611\/ficha-tecnica-concursos-estrategia-carreira-juridica-800x494.png 800w, https:\/\/cdn-blog-cj.estrategia.com\/portal\/wp-content\/uploads\/2023\/04\/12131611\/ficha-tecnica-concursos-estrategia-carreira-juridica-150x93.png 150w\" sizes=\"(max-width: 1024px) 100vw, 1024px\" \/><\/figure>\n\n\n\n<h2 id=\"h-informacoes-sobre-o-concurso-casan\" class=\"wp-block-heading\"><span id=\"informacoes-sobre-o-concurso-casan\">Informa\u00e7\u00f5es sobre o Concurso CASAN<\/span><\/h2>\n\n\n\n<ul class=\"wp-block-list\">\n<li><strong>Vagas:<\/strong> cadastro de reserva<\/li>\n\n\n\n<li><strong>Cargo:<\/strong> Advogado<\/li>\n\n\n\n<li><strong>Banca:<\/strong> Instituto AOCP<\/li>\n\n\n\n<li><strong>Escolaridade:<\/strong> gradua\u00e7\u00e3o em Ci\u00eancias Jur\u00eddicas e Sociais, com registro profissional e dois anos de atividade jur\u00eddica<\/li>\n\n\n\n<li><strong>Remunera\u00e7\u00e3o:<\/strong> R$ 12.197,25<\/li>\n\n\n\n<li><strong>Edital:<\/strong> <a href=\"https:\/\/cdn-blog-cj.estrategia.com\/portal\/wp-content\/uploads\/2026\/09\/04184024\/CASAN.pdf\" target=\"_blank\" >Edital do Concurso CASAN<\/a><\/li>\n<\/ul>\n","protected":false},"excerpt":{"rendered":"Concurso CASAN abre vagas de cadastro de reserva para Advogado, com subs\u00eddio inicial de R$ 12.197,25 em cidades&hellip;\n","protected":false},"author":185,"featured_media":184058,"comment_status":"open","ping_status":"open","sticky":false,"template":"","format":"standard","meta":{"_acf_changed":false,"_jetpack_newsletter_access":"","_jetpack_dont_email_post_to_subs":false,"_jetpack_newsletter_tier_id":0,"_jetpack_memberships_contains_paywalled_content":false,"_jetpack_feature_clip_id":0,"_jetpack_memberships_contains_paid_content":false,"footnotes":"","jetpack_post_was_ever_published":false},"categories":[1,24],"tags":[],"tax_estado":[54],"class_list":["post-197257","post","type-post","status-publish","format-standard","has-post-thumbnail","category-carreiras-juridicas","category-procuradoria","tax_estado-sc"],"acf":[],"yoast_head":"<!-- This site is optimized with the Yoast SEO Premium plugin v28.3 (Yoast SEO v28.3) - https:\/\/yoast.com\/product\/yoast-seo-premium-wordpress\/ -->\n<title>Concurso CASAN Advogado: edital publicado; R$ 12,2 mil<\/title>\n<meta name=\"description\" content=\"Concurso CASAN Advogado tem edital publicado com vagas de cadastro de reserva e sal\u00e1rio inicial de R$ 12.197,25\" \/>\n<meta name=\"robots\" content=\"index, follow, max-snippet:-1, max-image-preview:large, max-video-preview:-1\" \/>\n<link rel=\"canonical\" href=\"https:\/\/cj.estrategia.com\/portal\/concurso-casan-advogado\/\" \/>\n<meta property=\"og:locale\" content=\"pt_BR\" \/>\n<meta property=\"og:type\" content=\"article\" \/>\n<meta property=\"og:title\" content=\"Concurso CASAN Advogado: edital publicado; R$ 12,2 mil\" \/>\n<meta property=\"og:description\" content=\"Concurso CASAN Advogado tem edital publicado com vagas de cadastro de reserva e sal\u00e1rio inicial de R$ 12.197,25\" \/>\n<meta property=\"og:url\" content=\"https:\/\/cj.estrategia.com\/portal\/concurso-casan-advogado\/\" \/>\n<meta property=\"og:site_name\" content=\"Blog - Carreiras Jur\u00eddicas - Estrat\u00e9gia\" \/>\n<meta property=\"article:publisher\" content=\"https:\/\/www.facebook.com\/estrategiacarreirajuridica\/\" \/>\n<meta property=\"article:published_time\" content=\"2026-09-04T21:45:34+00:00\" \/>\n<meta property=\"article:modified_time\" content=\"2026-09-04T21:45:38+00:00\" \/>\n<meta property=\"og:image\" content=\"https:\/\/cdn-blog-cj.estrategia.com\/portal\/wp-content\/uploads\/2026\/03\/27144711\/cj-estrategia-concursos-advogados-carreiras-juridicas-ecj.jpg\" \/>\n\t<meta property=\"og:image:width\" content=\"960\" \/>\n\t<meta property=\"og:image:height\" content=\"540\" \/>\n\t<meta property=\"og:image:type\" content=\"image\/jpeg\" \/>\n<meta name=\"author\" content=\"Paolo Vinicios Lima\" \/>\n<meta name=\"twitter:card\" content=\"summary_large_image\" \/>\n<meta name=\"twitter:creator\" content=\"@EstratJuridica\" \/>\n<meta name=\"twitter:site\" content=\"@EstratJuridica\" \/>\n<meta name=\"twitter:label1\" content=\"Escrito por\" \/>\n\t<meta name=\"twitter:data1\" content=\"Paolo Vinicios Lima\" \/>\n\t<meta name=\"twitter:label2\" content=\"Est. tempo de leitura\" \/>\n\t<meta name=\"twitter:data2\" content=\"4 minutos\" \/>\n<script type=\"application\/ld+json\" class=\"yoast-schema-graph\">{\"@context\":\"https:\\\/\\\/schema.org\",\"@graph\":[{\"@type\":\"NewsArticle\",\"@id\":\"https:\\\/\\\/cj.estrategia.com\\\/portal\\\/concurso-casan-advogado\\\/#article\",\"isPartOf\":{\"@id\":\"https:\\\/\\\/cj.estrategia.com\\\/portal\\\/concurso-casan-advogado\\\/\"},\"author\":{\"name\":\"Paolo Vinicios Lima\",\"@id\":\"https:\\\/\\\/cj.estrategia.com\\\/portal\\\/#\\\/schema\\\/person\\\/ff0243a131b5c84c88e974b40a02bcc8\"},\"headline\":\"Concurso CASAN Advogado: edital publicado; R$ 12,2 mil\",\"datePublished\":\"2026-09-04T21:45:34+00:00\",\"dateModified\":\"2026-09-04T21:45:38+00:00\",\"mainEntityOfPage\":{\"@id\":\"https:\\\/\\\/cj.estrategia.com\\\/portal\\\/concurso-casan-advogado\\\/\"},\"wordCount\":695,\"commentCount\":0,\"publisher\":{\"@id\":\"https:\\\/\\\/cj.estrategia.com\\\/portal\\\/#organization\"},\"image\":{\"@id\":\"https:\\\/\\\/cj.estrategia.com\\\/portal\\\/concurso-casan-advogado\\\/#primaryimage\"},\"thumbnailUrl\":\"https:\\\/\\\/cdn-blog-cj.estrategia.com\\\/portal\\\/wp-content\\\/uploads\\\/2026\\\/03\\\/27144711\\\/cj-estrategia-concursos-advogados-carreiras-juridicas-ecj.jpg\",\"articleSection\":[\"Carreiras Jur\u00eddicas\",\"Procuradoria\"],\"inLanguage\":\"pt-BR\",\"potentialAction\":[{\"@type\":\"CommentAction\",\"name\":\"Comment\",\"target\":[\"https:\\\/\\\/cj.estrategia.com\\\/portal\\\/concurso-casan-advogado\\\/#respond\"]}],\"accessibilityFeature\":[\"tableOfContents\"]},{\"@type\":\"WebPage\",\"@id\":\"https:\\\/\\\/cj.estrategia.com\\\/portal\\\/concurso-casan-advogado\\\/\",\"url\":\"https:\\\/\\\/cj.estrategia.com\\\/portal\\\/concurso-casan-advogado\\\/\",\"name\":\"Concurso CASAN Advogado: edital publicado; R$ 12,2 mil\",\"isPartOf\":{\"@id\":\"https:\\\/\\\/cj.estrategia.com\\\/portal\\\/#website\"},\"primaryImageOfPage\":{\"@id\":\"https:\\\/\\\/cj.estrategia.com\\\/portal\\\/concurso-casan-advogado\\\/#primaryimage\"},\"image\":{\"@id\":\"https:\\\/\\\/cj.estrategia.com\\\/portal\\\/concurso-casan-advogado\\\/#primaryimage\"},\"thumbnailUrl\":\"https:\\\/\\\/cdn-blog-cj.estrategia.com\\\/portal\\\/wp-content\\\/uploads\\\/2026\\\/03\\\/27144711\\\/cj-estrategia-concursos-advogados-carreiras-juridicas-ecj.jpg\",\"datePublished\":\"2026-09-04T21:45:34+00:00\",\"dateModified\":\"2026-09-04T21:45:38+00:00\",\"description\":\"Concurso CASAN Advogado tem edital publicado com vagas de cadastro de reserva e sal\u00e1rio inicial de R$ 12.197,25\",\"breadcrumb\":{\"@id\":\"https:\\\/\\\/cj.estrategia.com\\\/portal\\\/concurso-casan-advogado\\\/#breadcrumb\"},\"inLanguage\":\"pt-BR\",\"potentialAction\":[{\"@type\":\"ReadAction\",\"target\":[\"https:\\\/\\\/cj.estrategia.com\\\/portal\\\/concurso-casan-advogado\\\/\"]}]},{\"@type\":\"ImageObject\",\"inLanguage\":\"pt-BR\",\"@id\":\"https:\\\/\\\/cj.estrategia.com\\\/portal\\\/concurso-casan-advogado\\\/#primaryimage\",\"url\":\"https:\\\/\\\/cdn-blog-cj.estrategia.com\\\/portal\\\/wp-content\\\/uploads\\\/2026\\\/03\\\/27144711\\\/cj-estrategia-concursos-advogados-carreiras-juridicas-ecj.jpg\",\"contentUrl\":\"https:\\\/\\\/cdn-blog-cj.estrategia.com\\\/portal\\\/wp-content\\\/uploads\\\/2026\\\/03\\\/27144711\\\/cj-estrategia-concursos-advogados-carreiras-juridicas-ecj.jpg\",\"width\":960,\"height\":540,\"caption\":\"Concursos Advogados\"},{\"@type\":\"BreadcrumbList\",\"@id\":\"https:\\\/\\\/cj.estrategia.com\\\/portal\\\/concurso-casan-advogado\\\/#breadcrumb\",\"itemListElement\":[{\"@type\":\"ListItem\",\"position\":1,\"name\":\"In\u00edcio\",\"item\":\"https:\\\/\\\/cj.estrategia.com\\\/portal\\\/\"},{\"@type\":\"ListItem\",\"position\":2,\"name\":\"Concurso CASAN Advogado: edital publicado; R$ 12,2 mil\"}]},{\"@type\":\"WebSite\",\"@id\":\"https:\\\/\\\/cj.estrategia.com\\\/portal\\\/#website\",\"url\":\"https:\\\/\\\/cj.estrategia.com\\\/portal\\\/\",\"name\":\"Blog - Carreiras Jur\u00eddicas - Estrat\u00e9gia\",\"description\":\"\",\"publisher\":{\"@id\":\"https:\\\/\\\/cj.estrategia.com\\\/portal\\\/#organization\"},\"potentialAction\":[{\"@type\":\"SearchAction\",\"target\":{\"@type\":\"EntryPoint\",\"urlTemplate\":\"https:\\\/\\\/cj.estrategia.com\\\/portal\\\/?s={search_term_string}\"},\"query-input\":{\"@type\":\"PropertyValueSpecification\",\"valueRequired\":true,\"valueName\":\"search_term_string\"}}],\"inLanguage\":\"pt-BR\"},{\"@type\":\"Organization\",\"@id\":\"https:\\\/\\\/cj.estrategia.com\\\/portal\\\/#organization\",\"name\":\"Estrat\u00e9gia - Carreiras Jur\u00eddicas\",\"url\":\"https:\\\/\\\/cj.estrategia.com\\\/portal\\\/\",\"logo\":{\"@type\":\"ImageObject\",\"inLanguage\":\"pt-BR\",\"@id\":\"https:\\\/\\\/cj.estrategia.com\\\/portal\\\/#\\\/schema\\\/logo\\\/image\\\/\",\"url\":\"https:\\\/\\\/cj.estrategia.com\\\/portal\\\/wp-content\\\/uploads\\\/2022\\\/03\\\/11151052\\\/cj-logo.png\",\"contentUrl\":\"https:\\\/\\\/cj.estrategia.com\\\/portal\\\/wp-content\\\/uploads\\\/2022\\\/03\\\/11151052\\\/cj-logo.png\",\"width\":150,\"height\":39,\"caption\":\"Estrat\u00e9gia - Carreiras Jur\u00eddicas\"},\"image\":{\"@id\":\"https:\\\/\\\/cj.estrategia.com\\\/portal\\\/#\\\/schema\\\/logo\\\/image\\\/\"},\"sameAs\":[\"https:\\\/\\\/www.facebook.com\\\/estrategiacarreirajuridica\\\/\",\"https:\\\/\\\/x.com\\\/EstratJuridica\",\"https:\\\/\\\/www.instagram.com\\\/estrategiacarreirajuridica\\\/\",\"https:\\\/\\\/www.youtube.com\\\/channel\\\/UClbMGuYbj2Mh1m3w144ETWQ\"]},{\"@type\":\"Person\",\"@id\":\"https:\\\/\\\/cj.estrategia.com\\\/portal\\\/#\\\/schema\\\/person\\\/ff0243a131b5c84c88e974b40a02bcc8\",\"name\":\"Paolo Vinicios Lima\",\"image\":{\"@type\":\"ImageObject\",\"inLanguage\":\"pt-BR\",\"@id\":\"https:\\\/\\\/cdn-blog-cj.estrategia.com\\\/portal\\\/wp-content\\\/uploads\\\/2026\\\/08\\\/20120445\\\/20241025_144444-96x96.jpg\",\"url\":\"https:\\\/\\\/cdn-blog-cj.estrategia.com\\\/portal\\\/wp-content\\\/uploads\\\/2026\\\/08\\\/20120445\\\/20241025_144444-96x96.jpg\",\"contentUrl\":\"https:\\\/\\\/cdn-blog-cj.estrategia.com\\\/portal\\\/wp-content\\\/uploads\\\/2026\\\/08\\\/20120445\\\/20241025_144444-96x96.jpg\",\"caption\":\"Paolo Vinicios Lima\"},\"url\":\"https:\\\/\\\/cj.estrategia.com\\\/portal\\\/author\\\/paolo-limaestrategia-com\\\/\"}]}<\/script>\n<!-- \/ Yoast SEO Premium plugin. -->","yoast_head_json":{"title":"Concurso CASAN Advogado: edital publicado; R$ 12,2 mil","description":"Concurso CASAN Advogado tem edital publicado com vagas de cadastro de reserva e sal\u00e1rio inicial de R$ 12.197,25","robots":{"index":"index","follow":"follow","max-snippet":"max-snippet:-1","max-image-preview":"max-image-preview:large","max-video-preview":"max-video-preview:-1"},"canonical":"https:\/\/cj.estrategia.com\/portal\/concurso-casan-advogado\/","og_locale":"pt_BR","og_type":"article","og_title":"Concurso CASAN Advogado: edital publicado; R$ 12,2 mil","og_description":"Concurso CASAN Advogado tem edital publicado com vagas de cadastro de reserva e sal\u00e1rio inicial de R$ 12.197,25","og_url":"https:\/\/cj.estrategia.com\/portal\/concurso-casan-advogado\/","og_site_name":"Blog - Carreiras Jur\u00eddicas - Estrat\u00e9gia","article_publisher":"https:\/\/www.facebook.com\/estrategiacarreirajuridica\/","article_published_time":"2026-09-04T21:45:34+00:00","article_modified_time":"2026-09-04T21:45:38+00:00","og_image":[{"width":960,"height":540,"url":"https:\/\/cdn-blog-cj.estrategia.com\/portal\/wp-content\/uploads\/2026\/03\/27144711\/cj-estrategia-concursos-advogados-carreiras-juridicas-ecj.jpg","type":"image\/jpeg"}],"author":"Paolo Vinicios Lima","twitter_card":"summary_large_image","twitter_creator":"@EstratJuridica","twitter_site":"@EstratJuridica","twitter_misc":{"Escrito por":"Paolo Vinicios Lima","Est. tempo de leitura":"4 minutos"},"schema":{"@context":"https:\/\/schema.org","@graph":[{"@type":"NewsArticle","@id":"https:\/\/cj.estrategia.com\/portal\/concurso-casan-advogado\/#article","isPartOf":{"@id":"https:\/\/cj.estrategia.com\/portal\/concurso-casan-advogado\/"},"author":{"name":"Paolo Vinicios Lima","@id":"https:\/\/cj.estrategia.com\/portal\/#\/schema\/person\/ff0243a131b5c84c88e974b40a02bcc8"},"headline":"Concurso CASAN Advogado: edital publicado; R$ 12,2 mil","datePublished":"2026-09-04T21:45:34+00:00","dateModified":"2026-09-04T21:45:38+00:00","mainEntityOfPage":{"@id":"https:\/\/cj.estrategia.com\/portal\/concurso-casan-advogado\/"},"wordCount":695,"commentCount":0,"publisher":{"@id":"https:\/\/cj.estrategia.com\/portal\/#organization"},"image":{"@id":"https:\/\/cj.estrategia.com\/portal\/concurso-casan-advogado\/#primaryimage"},"thumbnailUrl":"https:\/\/cdn-blog-cj.estrategia.com\/portal\/wp-content\/uploads\/2026\/03\/27144711\/cj-estrategia-concursos-advogados-carreiras-juridicas-ecj.jpg","articleSection":["Carreiras Jur\u00eddicas","Procuradoria"],"inLanguage":"pt-BR","potentialAction":[{"@type":"CommentAction","name":"Comment","target":["https:\/\/cj.estrategia.com\/portal\/concurso-casan-advogado\/#respond"]}],"accessibilityFeature":["tableOfContents"]},{"@type":"WebPage","@id":"https:\/\/cj.estrategia.com\/portal\/concurso-casan-advogado\/","url":"https:\/\/cj.estrategia.com\/portal\/concurso-casan-advogado\/","name":"Concurso CASAN Advogado: edital publicado; R$ 12,2 mil","isPartOf":{"@id":"https:\/\/cj.estrategia.com\/portal\/#website"},"primaryImageOfPage":{"@id":"https:\/\/cj.estrategia.com\/portal\/concurso-casan-advogado\/#primaryimage"},"image":{"@id":"https:\/\/cj.estrategia.com\/portal\/concurso-casan-advogado\/#primaryimage"},"thumbnailUrl":"https:\/\/cdn-blog-cj.estrategia.com\/portal\/wp-content\/uploads\/2026\/03\/27144711\/cj-estrategia-concursos-advogados-carreiras-juridicas-ecj.jpg","datePublished":"2026-09-04T21:45:34+00:00","dateModified":"2026-09-04T21:45:38+00:00","description":"Concurso CASAN Advogado tem edital publicado com vagas de cadastro de reserva e sal\u00e1rio inicial de R$ 12.197,25","breadcrumb":{"@id":"https:\/\/cj.estrategia.com\/portal\/concurso-casan-advogado\/#breadcrumb"},"inLanguage":"pt-BR","potentialAction":[{"@type":"ReadAction","target":["https:\/\/cj.estrategia.com\/portal\/concurso-casan-advogado\/"]}]},{"@type":"ImageObject","inLanguage":"pt-BR","@id":"https:\/\/cj.estrategia.com\/portal\/concurso-casan-advogado\/#primaryimage","url":"https:\/\/cdn-blog-cj.estrategia.com\/portal\/wp-content\/uploads\/2026\/03\/27144711\/cj-estrategia-concursos-advogados-carreiras-juridicas-ecj.jpg","contentUrl":"https:\/\/cdn-blog-cj.estrategia.com\/portal\/wp-content\/uploads\/2026\/03\/27144711\/cj-estrategia-concursos-advogados-carreiras-juridicas-ecj.jpg","width":960,"height":540,"caption":"Concursos Advogados"},{"@type":"BreadcrumbList","@id":"https:\/\/cj.estrategia.com\/portal\/concurso-casan-advogado\/#breadcrumb","itemListElement":[{"@type":"ListItem","position":1,"name":"In\u00edcio","item":"https:\/\/cj.estrategia.com\/portal\/"},{"@type":"ListItem","position":2,"name":"Concurso CASAN Advogado: edital publicado; R$ 12,2 mil"}]},{"@type":"WebSite","@id":"https:\/\/cj.estrategia.com\/portal\/#website","url":"https:\/\/cj.estrategia.com\/portal\/","name":"Blog - Carreiras Jur\u00eddicas - Estrat\u00e9gia","description":"","publisher":{"@id":"https:\/\/cj.estrategia.com\/portal\/#organization"},"potentialAction":[{"@type":"SearchAction","target":{"@type":"EntryPoint","urlTemplate":"https:\/\/cj.estrategia.com\/portal\/?s={search_term_string}"},"query-input":{"@type":"PropertyValueSpecification","valueRequired":true,"valueName":"search_term_string"}}],"inLanguage":"pt-BR"},{"@type":"Organization","@id":"https:\/\/cj.estrategia.com\/portal\/#organization","name":"Estrat\u00e9gia - Carreiras Jur\u00eddicas","url":"https:\/\/cj.estrategia.com\/portal\/","logo":{"@type":"ImageObject","inLanguage":"pt-BR","@id":"https:\/\/cj.estrategia.com\/portal\/#\/schema\/logo\/image\/","url":"https:\/\/cj.estrategia.com\/portal\/wp-content\/uploads\/2022\/03\/11151052\/cj-logo.png","contentUrl":"https:\/\/cj.estrategia.com\/portal\/wp-content\/uploads\/2022\/03\/11151052\/cj-logo.png","width":150,"height":39,"caption":"Estrat\u00e9gia - Carreiras Jur\u00eddicas"},"image":{"@id":"https:\/\/cj.estrategia.com\/portal\/#\/schema\/logo\/image\/"},"sameAs":["https:\/\/www.facebook.com\/estrategiacarreirajuridica\/","https:\/\/x.com\/EstratJuridica","https:\/\/www.instagram.com\/estrategiacarreirajuridica\/","https:\/\/www.youtube.com\/channel\/UClbMGuYbj2Mh1m3w144ETWQ"]},{"@type":"Person","@id":"https:\/\/cj.estrategia.com\/portal\/#\/schema\/person\/ff0243a131b5c84c88e974b40a02bcc8","name":"Paolo Vinicios Lima","image":{"@type":"ImageObject","inLanguage":"pt-BR","@id":"https:\/\/cdn-blog-cj.estrategia.com\/portal\/wp-content\/uploads\/2026\/08\/20120445\/20241025_144444-96x96.jpg","url":"https:\/\/cdn-blog-cj.estrategia.com\/portal\/wp-content\/uploads\/2026\/08\/20120445\/20241025_144444-96x96.jpg","contentUrl":"https:\/\/cdn-blog-cj.estrategia.com\/portal\/wp-content\/uploads\/2026\/08\/20120445\/20241025_144444-96x96.jpg","caption":"Paolo Vinicios Lima"},"url":"https:\/\/cj.estrategia.com\/portal\/author\/paolo-limaestrategia-com\/"}]}},"jetpack_sharing_enabled":true,"jetpack_featured_media_url":"https:\/\/cdn-blog-cj.estrategia.com\/portal\/wp-content\/uploads\/2026\/03\/27144711\/cj-estrategia-concursos-advogados-carreiras-juridicas-ecj.jpg","_links":{"self":[{"href":"https:\/\/cj.estrategia.com\/portal\/wp-json\/wp\/v2\/posts\/197257","targetHints":{"allow":["GET"]}}],"collection":[{"href":"https:\/\/cj.estrategia.com\/portal\/wp-json\/wp\/v2\/posts"}],"about":[{"href":"https:\/\/cj.estrategia.com\/portal\/wp-json\/wp\/v2\/types\/post"}],"author":[{"embeddable":true,"href":"https:\/\/cj.estrategia.com\/portal\/wp-json\/wp\/v2\/users\/185"}],"replies":[{"embeddable":true,"href":"https:\/\/cj.estrategia.com\/portal\/wp-json\/wp\/v2\/comments?post=197257"}],"version-history":[{"count":1,"href":"https:\/\/cj.estrategia.com\/portal\/wp-json\/wp\/v2\/posts\/197257\/revisions"}],"predecessor-version":[{"id":197259,"href":"https:\/\/cj.estrategia.com\/portal\/wp-json\/wp\/v2\/posts\/197257\/revisions\/197259"}],"wp:attachment":[{"href":"https:\/\/cj.estrategia.com\/portal\/wp-json\/wp\/v2\/media?parent=197257"}],"wp:term":[{"taxonomy":"category","embeddable":true,"href":"https:\/\/cj.estrategia.com\/portal\/wp-json\/wp\/v2\/categories?post=197257"},{"taxonomy":"post_tag","embeddable":true,"href":"https:\/\/cj.estrategia.com\/portal\/wp-json\/wp\/v2\/tags?post=197257"},{"taxonomy":"tax_estado","embeddable":true,"href":"https:\/\/cj.estrategia.com\/portal\/wp-json\/wp\/v2\/tax_estado?post=197257"}],"curies":[{"name":"wp","href":"https:\/\/api.w.org\/{rel}","templated":true}]}}