{"id":197115,"date":"2026-09-04T12:50:00","date_gmt":"2026-09-04T15:50:00","guid":{"rendered":"https:\/\/cj.estrategia.com\/portal\/?p=197115"},"modified":"2026-09-02T14:56:24","modified_gmt":"2026-09-02T17:56:24","slug":"consulta-legislacao-prova-discursiva-delegado-ma","status":"publish","type":"post","link":"https:\/\/cj.estrategia.com\/portal\/consulta-legislacao-prova-discursiva-delegado-ma\/","title":{"rendered":"\u00c9 permitida consulta \u00e0 legisla\u00e7\u00e3o na prova de Delegado MA?"},"content":{"rendered":"\n<p class=\"has-medium-font-size wp-block-paragraph\"><strong><em>Concurso Delegado MA n\u00e3o permite consulta \u00e0 legisla\u00e7\u00e3o durante a prova discursiva; etapa ter\u00e1 quest\u00f5es e pe\u00e7a pr\u00e1tico-profissional<\/em><\/strong><\/p>\n\n\n\n<p class=\"wp-block-paragraph\">O <strong>Concurso Delegado MA<\/strong> <strong>n\u00e3o permite consulta \u00e0 legisla\u00e7\u00e3o<\/strong> durante a realiza\u00e7\u00e3o da <strong>prova discursiva<\/strong>. A regra consta no edital da Pol\u00edcia Civil do Estado do Maranh\u00e3o (PC MA), organizado pelo Cebraspe.<\/p>\n\n\n\n<p class=\"wp-block-paragraph\">O edital informa que, para a realiza\u00e7\u00e3o das provas, o candidato dever\u00e1 estar munido somente de <strong>caneta esferogr\u00e1fica de tinta preta fabricada em material transparente<\/strong>, comprovante de inscri\u00e7\u00e3o ou de pagamento da taxa e documento de identidade original. <\/p>\n\n\n\n<p class=\"wp-block-paragraph\">Tamb\u00e9m n\u00e3o ser\u00e1 permitido o uso de l\u00e1pis, lapiseira, marca-texto ou borracha.<\/p>\n\n\n\n<div class=\"container\" id=\"boxes\">\n  <div class=\"row\">\n\n    <div class=\"col-sm\">\n      <div class=\"banner-ecj-delegado\" id=\"box-assinatura\">\n        <h2 id=\"concurso-delegado-ma\" class=\"titulo-assinatura\"><span style=\"color: #ffffff; font-size: 23px; \">Concurso Delegado MA<\/span><\/h2>\n        <p class=\"subtitulo-assinatura\">Cursos focados no edital!<\/p>\n        <div class=\"box-botao\">\n          <a class=\"btn-assinatura-juridica\" target=\"_blank\" href=\"https:\/\/cj.estrategia.com\/concurso\/pc-ma\" role=\"button\" rel=\"noopener noreferrer\">CLIQUE AQUI<\/a>\n        <\/div>\n      <\/div>\n<\/p>\n    <\/div>\n\n  <\/div>\n<\/div>\n\n\n\n<h2 id=\"h-consulta-na-prova-discursiva-do-concurso-delegado-ma\" class=\"wp-block-heading\"><span id=\"consulta-na-prova-discursiva-do-concurso-delegado-ma\">Consulta na prova discursiva do Concurso Delegado MA<\/span><\/h2>\n\n\n\n<p class=\"wp-block-paragraph\">A prova discursiva do <strong>Concurso Delegado MA<\/strong> n\u00e3o ter\u00e1 consulta \u00e0 legisla\u00e7\u00e3o.<\/p>\n\n\n\n<p class=\"wp-block-paragraph\">Como o edital restringe os itens permitidos ao candidato no momento das provas, materiais como c\u00f3digos, leis impressas, legisla\u00e7\u00e3o seca, legisla\u00e7\u00e3o comentada, livros, anota\u00e7\u00f5es, resumos ou qualquer outro material de apoio n\u00e3o poder\u00e3o ser utilizados durante a aplica\u00e7\u00e3o.<\/p>\n\n\n\n<p class=\"wp-block-paragraph\">A regra exige aten\u00e7\u00e3o porque a etapa discursiva cobra dom\u00ednio t\u00e9cnico do conte\u00fado, estrutura\u00e7\u00e3o da resposta e uso adequado da linguagem jur\u00eddica.<\/p>\n\n\n\n<h2 id=\"h-como-sera-a-prova-discursiva-da-pc-ma\" class=\"wp-block-heading\"><span id=\"como-sera-a-prova-discursiva-da-pc-ma\">Como ser\u00e1 a prova discursiva da PC MA?<\/span><\/h2>\n\n\n\n<p class=\"wp-block-paragraph\">A <strong>prova discursiva<\/strong> ter\u00e1 dura\u00e7\u00e3o de <strong>4 horas<\/strong>, ser\u00e1 aplicada no turno da tarde e valer\u00e1 <strong>40 pontos<\/strong>. A etapa ser\u00e1 composta por:<\/p>\n\n\n\n<ul class=\"wp-block-list\">\n<li><strong>4 quest\u00f5es discursivas<\/strong>, com at\u00e9 <strong>15 linhas<\/strong> cada;<\/li>\n\n\n\n<li><strong>1 pe\u00e7a pr\u00e1tico-profissional<\/strong>, com at\u00e9 <strong>60 linhas<\/strong>.<\/li>\n<\/ul>\n\n\n\n<p class=\"wp-block-paragraph\">Cada quest\u00e3o discursiva valer\u00e1 <strong>5 pontos<\/strong>, totalizando <strong>20 pontos<\/strong>. A pe\u00e7a pr\u00e1tico-profissional tamb\u00e9m valer\u00e1 <strong>20 pontos<\/strong>.<\/p>\n\n\n\n<h3 id=\"h-criterios-de-avaliacao-da-discursiva\" class=\"wp-block-heading\"><span id=\"criterios-de-avaliacao-da-discursiva\">Crit\u00e9rios de avalia\u00e7\u00e3o da discursiva<\/span><\/h3>\n\n\n\n<p class=\"wp-block-paragraph\">A prova discursiva avaliar\u00e1 o <strong>conhecimento do tema<\/strong>, a capacidade de express\u00e3o escrita e o dom\u00ednio da norma-padr\u00e3o da L\u00edngua Portuguesa.<\/p>\n\n\n\n<p class=\"wp-block-paragraph\">Segundo o edital, as respostas dever\u00e3o seguir o comando formulado pela banca examinadora, com aten\u00e7\u00e3o \u00e0 coer\u00eancia, coes\u00e3o e estrutura textual.<\/p>\n\n\n\n<p class=\"wp-block-paragraph\">Tamb\u00e9m ser\u00e1 desconsiderado qualquer trecho escrito fora do local apropriado ou que ultrapasse o n\u00famero m\u00e1ximo de linhas estabelecido.<\/p>\n\n\n\n<h3 id=\"h-nota-minima-na-prova-discursiva\" class=\"wp-block-heading\"><span id=\"nota-minima-na-prova-discursiva\">Nota m\u00ednima na prova discursiva<\/span><\/h3>\n\n\n\n<p class=\"wp-block-paragraph\">Para ser aprovado na <strong>prova discursiva<\/strong>, o candidato dever\u00e1 obter nota igual ou superior a <strong>20 pontos<\/strong>. Quem n\u00e3o alcan\u00e7ar essa pontua\u00e7\u00e3o ser\u00e1 eliminado do certame e n\u00e3o ter\u00e1 classifica\u00e7\u00e3o no concurso.<\/p>\n\n\n\n<p class=\"wp-block-paragraph\">O edital tamb\u00e9m prev\u00ea a anula\u00e7\u00e3o da prova discursiva do candidato que n\u00e3o devolver o documento de textos definitivos.<\/p>\n\n\n\n<h2 id=\"h-vagas-e-salario-do-concurso-delegado-ma\" class=\"wp-block-heading\"><span id=\"vagas-e-salario-do-concurso-delegado-ma\">Vagas e sal\u00e1rio do concurso Delegado MA<\/span><\/h2>\n\n\n\n<p class=\"wp-block-paragraph\">O <strong>Concurso Delegado MA<\/strong> oferta vagas para o cargo de <strong>Delegado de Pol\u00edcia Civil \u2013 3\u00aa Classe<\/strong> da <strong>Pol\u00edcia Civil do Estado do Maranh\u00e3o<\/strong>. O subs\u00eddio inicial \u00e9 de <strong>R$ 22.820,23<\/strong>, com jornada de trabalho de <strong>40 horas semanais<\/strong>.<\/p>\n\n\n\n<p class=\"wp-block-paragraph\">Para concorrer, \u00e9 necess\u00e1rio possuir diploma de bacharelado em Direito, <strong>3 anos de atividade jur\u00eddica ou policial<\/strong> e <strong>Carteira Nacional de Habilita\u00e7\u00e3o (CNH)<\/strong>.<\/p>\n\n\n\n<p class=\"has-text-align-center wp-block-paragraph\"><em>Para saber mais sobre a consulta na prova discursiva do concurso Delegado MA, acesse nosso artigo na \u00edntegra:<\/em><\/p>\n\n\n\n<p class=\"has-text-align-center has-very-light-gray-to-cyan-bluish-gray-gradient-background has-background has-medium-font-size wp-block-paragraph\"><strong>Saiba mais: <a href=\"https:\/\/cj.estrategia.com\/portal\/concurso-delegado-ma\/\" target=\"_blank\" >Concurso Delegado PCMA 2026<\/a><\/strong><\/p>\n\n\n\n<hr class=\"wp-block-separator has-alpha-channel-opacity\"\/>\n\n\n\n<p class=\"has-text-align-center wp-block-paragraph\" id=\"cursos\" style=\"font-size:26px\"><strong>Quer saber tudo sobre concursos previstos?<br>Confira nossos artigos!<\/strong><\/p>\n\n\n\n<ul class=\"wp-block-list\">\n<li><a href=\"https:\/\/cj.estrategia.com\/portal\/concursos-abertos-carreiras-juridicas\/\" target=\"_blank\" >Concursos jur\u00eddicos abertos<\/a><\/li>\n\n\n\n<li><a href=\"https:\/\/cj.estrategia.com\/portal\/concursos-juridicos-2026-prepare-se-para-os-proximos-editais\/\" target=\"_blank\" >Concursos jur\u00eddicos 2026<\/a><\/li>\n\n\n\n<li><a href=\"https:\/\/cj.estrategia.com\/portal\/concursos-juridicos-2027\" target=\"_blank\" >Concursos jur\u00eddicos 2027<\/a><\/li>\n\n\n\n<li><a href=\"https:\/\/cj.estrategia.com\/portal\/concursos-delegado\/\">Concursos delegado<\/a><\/li>\n<\/ul>\n\n\n\n<p class=\"has-text-align-center wp-block-paragraph\" id=\"cursos-delegado-sp\" style=\"font-size:26px\"><strong>Assinatura Jur\u00eddica<\/strong><\/p>\n\n\n\n<div class=\"wp-block-cover\" style=\"min-height:155px;aspect-ratio:unset;\"><img decoding=\"async\" width=\"1890\" height=\"351\" class=\"wp-block-cover__image-background wp-image-8669\" alt=\"Assinaturas Jur\u00eddicas\" src=\"https:\/\/cj.estrategia.com\/portal\/wp-content\/uploads\/2022\/06\/20151253\/concurso-carreiras-juridicas-assinatura-juridica.jpg\" style=\"object-position:78% 43%\" data-object-fit=\"cover\" data-object-position=\"78% 43%\" srcset=\"https:\/\/cdn-blog-cj.estrategia.com\/portal\/wp-content\/uploads\/2022\/06\/20151253\/concurso-carreiras-juridicas-assinatura-juridica.jpg 1890w, https:\/\/cdn-blog-cj.estrategia.com\/portal\/wp-content\/uploads\/2022\/06\/20151253\/concurso-carreiras-juridicas-assinatura-juridica-300x56.jpg 300w, https:\/\/cdn-blog-cj.estrategia.com\/portal\/wp-content\/uploads\/2022\/06\/20151253\/concurso-carreiras-juridicas-assinatura-juridica-1024x190.jpg 1024w, https:\/\/cdn-blog-cj.estrategia.com\/portal\/wp-content\/uploads\/2022\/06\/20151253\/concurso-carreiras-juridicas-assinatura-juridica-768x143.jpg 768w, https:\/\/cdn-blog-cj.estrategia.com\/portal\/wp-content\/uploads\/2022\/06\/20151253\/concurso-carreiras-juridicas-assinatura-juridica-1536x285.jpg 1536w, https:\/\/cdn-blog-cj.estrategia.com\/portal\/wp-content\/uploads\/2022\/06\/20151253\/concurso-carreiras-juridicas-assinatura-juridica-380x71.jpg 380w, https:\/\/cdn-blog-cj.estrategia.com\/portal\/wp-content\/uploads\/2022\/06\/20151253\/concurso-carreiras-juridicas-assinatura-juridica-800x149.jpg 800w, https:\/\/cdn-blog-cj.estrategia.com\/portal\/wp-content\/uploads\/2022\/06\/20151253\/concurso-carreiras-juridicas-assinatura-juridica-1160x215.jpg 1160w\" sizes=\"(max-width: 1890px) 100vw, 1890px\" \/><span aria-hidden=\"true\" class=\"wp-block-cover__background has-background-dim\"><\/span><div class=\"wp-block-cover__inner-container is-layout-flow wp-block-cover-is-layout-flow\">\n<h3 id=\"faca-a-sua-assinatura\" class=\"titulo-assinatura\"><span style=\"color: #ffffff;\">Fa\u00e7a a sua assinatura!<\/span><\/h3>\n<p class=\"subtitulo-assinatura\" style=\"display:block!important; line-height: 0;\"><span style=\"color: #ffffff;\">Escolha a sua \u00e1rea.<\/span><\/p>\n<a target=\"_blank\" href=\"https:\/\/www.estrategiaconcursos.com.br\/assinaturas-ecj\/\" rel=\"noopener\"><button style=\"border-radius: 10px; text-transform: capitalize;\">Acessar<\/button><\/a>\n<\/div><\/div>\n","protected":false},"excerpt":{"rendered":"Concurso Delegado MA n\u00e3o permite consulta \u00e0 legisla\u00e7\u00e3o durante a prova discursiva; etapa ter\u00e1 quest\u00f5es e pe\u00e7a pr\u00e1tico-profissional&hellip;\n","protected":false},"author":7,"featured_media":169383,"comment_status":"open","ping_status":"open","sticky":false,"template":"","format":"standard","meta":{"_acf_changed":false,"_jetpack_newsletter_access":"","_jetpack_dont_email_post_to_subs":false,"_jetpack_newsletter_tier_id":0,"_jetpack_memberships_contains_paywalled_content":false,"_jetpack_feature_clip_id":0,"_jetpack_memberships_contains_paid_content":false,"footnotes":"","jetpack_post_was_ever_published":false},"categories":[28,4059],"tags":[],"tax_estado":[40],"class_list":["post-197115","post","type-post","status-publish","format-standard","has-post-thumbnail","category-delegado","category-ultimas-noticias","tax_estado-ma"],"acf":[],"yoast_head":"<!-- This site is optimized with the Yoast SEO Premium plugin v28.3 (Yoast SEO v28.3) - https:\/\/yoast.com\/product\/yoast-seo-premium-wordpress\/ -->\n<title>\u00c9 permitida consulta \u00e0 legisla\u00e7\u00e3o na prova de Delegado MA?<\/title>\n<meta name=\"description\" content=\"Concurso Delegado MA n\u00e3o permite consulta \u00e0 legisla\u00e7\u00e3o durante a prova discursiva; etapa ter\u00e1 quest\u00f5es e pe\u00e7a pr\u00e1tico-profissional\" \/>\n<meta name=\"robots\" content=\"index, follow, max-snippet:-1, max-image-preview:large, max-video-preview:-1\" \/>\n<link rel=\"canonical\" href=\"https:\/\/cj.estrategia.com\/portal\/consulta-legislacao-prova-discursiva-delegado-ma\/\" \/>\n<meta property=\"og:locale\" content=\"pt_BR\" \/>\n<meta property=\"og:type\" content=\"article\" \/>\n<meta property=\"og:title\" content=\"\u00c9 permitida consulta \u00e0 legisla\u00e7\u00e3o na prova de Delegado MA?\" \/>\n<meta property=\"og:description\" content=\"Concurso Delegado MA n\u00e3o permite consulta \u00e0 legisla\u00e7\u00e3o durante a prova discursiva; etapa ter\u00e1 quest\u00f5es e pe\u00e7a pr\u00e1tico-profissional\" \/>\n<meta property=\"og:url\" content=\"https:\/\/cj.estrategia.com\/portal\/consulta-legislacao-prova-discursiva-delegado-ma\/\" \/>\n<meta property=\"og:site_name\" content=\"Blog - Carreiras Jur\u00eddicas - Estrat\u00e9gia\" \/>\n<meta property=\"article:publisher\" content=\"https:\/\/www.facebook.com\/estrategiacarreirajuridica\/\" \/>\n<meta property=\"article:published_time\" content=\"2026-09-04T15:50:00+00:00\" \/>\n<meta property=\"og:image\" content=\"https:\/\/cdn-blog-cj.estrategia.com\/portal\/wp-content\/uploads\/2025\/12\/17112735\/CAPA-2.jpg\" \/>\n\t<meta property=\"og:image:width\" content=\"2459\" \/>\n\t<meta property=\"og:image:height\" content=\"1383\" \/>\n\t<meta property=\"og:image:type\" content=\"image\/jpeg\" \/>\n<meta name=\"author\" content=\"Bruna de Andrade Fran\u00e7a\" \/>\n<meta name=\"twitter:card\" content=\"summary_large_image\" \/>\n<meta name=\"twitter:creator\" content=\"@EstratJuridica\" \/>\n<meta name=\"twitter:site\" content=\"@EstratJuridica\" \/>\n<meta name=\"twitter:label1\" content=\"Escrito por\" \/>\n\t<meta name=\"twitter:data1\" content=\"Bruna de Andrade Fran\u00e7a\" \/>\n\t<meta name=\"twitter:label2\" content=\"Est. tempo de leitura\" \/>\n\t<meta name=\"twitter:data2\" content=\"4 minutos\" \/>\n<script type=\"application\/ld+json\" class=\"yoast-schema-graph\">{\"@context\":\"https:\\\/\\\/schema.org\",\"@graph\":[{\"@type\":\"NewsArticle\",\"@id\":\"https:\\\/\\\/cj.estrategia.com\\\/portal\\\/consulta-legislacao-prova-discursiva-delegado-ma\\\/#article\",\"isPartOf\":{\"@id\":\"https:\\\/\\\/cj.estrategia.com\\\/portal\\\/consulta-legislacao-prova-discursiva-delegado-ma\\\/\"},\"author\":{\"name\":\"Bruna de Andrade Fran\u00e7a\",\"@id\":\"https:\\\/\\\/cj.estrategia.com\\\/portal\\\/#\\\/schema\\\/person\\\/1ef7dfede328b25e1998f27de576690b\"},\"headline\":\"\u00c9 permitida consulta \u00e0 legisla\u00e7\u00e3o na prova de Delegado MA?\",\"datePublished\":\"2026-09-04T15:50:00+00:00\",\"mainEntityOfPage\":{\"@id\":\"https:\\\/\\\/cj.estrategia.com\\\/portal\\\/consulta-legislacao-prova-discursiva-delegado-ma\\\/\"},\"wordCount\":546,\"commentCount\":0,\"publisher\":{\"@id\":\"https:\\\/\\\/cj.estrategia.com\\\/portal\\\/#organization\"},\"image\":{\"@id\":\"https:\\\/\\\/cj.estrategia.com\\\/portal\\\/consulta-legislacao-prova-discursiva-delegado-ma\\\/#primaryimage\"},\"thumbnailUrl\":\"https:\\\/\\\/cdn-blog-cj.estrategia.com\\\/portal\\\/wp-content\\\/uploads\\\/2025\\\/12\\\/17112735\\\/CAPA-2.jpg\",\"articleSection\":[\"Delegado\",\"\u00daltimas Not\u00edcias\"],\"inLanguage\":\"pt-BR\",\"potentialAction\":[{\"@type\":\"CommentAction\",\"name\":\"Comment\",\"target\":[\"https:\\\/\\\/cj.estrategia.com\\\/portal\\\/consulta-legislacao-prova-discursiva-delegado-ma\\\/#respond\"]}]},{\"@type\":\"WebPage\",\"@id\":\"https:\\\/\\\/cj.estrategia.com\\\/portal\\\/consulta-legislacao-prova-discursiva-delegado-ma\\\/\",\"url\":\"https:\\\/\\\/cj.estrategia.com\\\/portal\\\/consulta-legislacao-prova-discursiva-delegado-ma\\\/\",\"name\":\"\u00c9 permitida consulta \u00e0 legisla\u00e7\u00e3o na prova de Delegado MA?\",\"isPartOf\":{\"@id\":\"https:\\\/\\\/cj.estrategia.com\\\/portal\\\/#website\"},\"primaryImageOfPage\":{\"@id\":\"https:\\\/\\\/cj.estrategia.com\\\/portal\\\/consulta-legislacao-prova-discursiva-delegado-ma\\\/#primaryimage\"},\"image\":{\"@id\":\"https:\\\/\\\/cj.estrategia.com\\\/portal\\\/consulta-legislacao-prova-discursiva-delegado-ma\\\/#primaryimage\"},\"thumbnailUrl\":\"https:\\\/\\\/cdn-blog-cj.estrategia.com\\\/portal\\\/wp-content\\\/uploads\\\/2025\\\/12\\\/17112735\\\/CAPA-2.jpg\",\"datePublished\":\"2026-09-04T15:50:00+00:00\",\"description\":\"Concurso Delegado MA n\u00e3o permite consulta \u00e0 legisla\u00e7\u00e3o durante a prova discursiva; etapa ter\u00e1 quest\u00f5es e pe\u00e7a pr\u00e1tico-profissional\",\"breadcrumb\":{\"@id\":\"https:\\\/\\\/cj.estrategia.com\\\/portal\\\/consulta-legislacao-prova-discursiva-delegado-ma\\\/#breadcrumb\"},\"inLanguage\":\"pt-BR\",\"potentialAction\":[{\"@type\":\"ReadAction\",\"target\":[\"https:\\\/\\\/cj.estrategia.com\\\/portal\\\/consulta-legislacao-prova-discursiva-delegado-ma\\\/\"]}]},{\"@type\":\"ImageObject\",\"inLanguage\":\"pt-BR\",\"@id\":\"https:\\\/\\\/cj.estrategia.com\\\/portal\\\/consulta-legislacao-prova-discursiva-delegado-ma\\\/#primaryimage\",\"url\":\"https:\\\/\\\/cdn-blog-cj.estrategia.com\\\/portal\\\/wp-content\\\/uploads\\\/2025\\\/12\\\/17112735\\\/CAPA-2.jpg\",\"contentUrl\":\"https:\\\/\\\/cdn-blog-cj.estrategia.com\\\/portal\\\/wp-content\\\/uploads\\\/2025\\\/12\\\/17112735\\\/CAPA-2.jpg\",\"width\":2459,\"height\":1383,\"caption\":\"concursos delegado\"},{\"@type\":\"BreadcrumbList\",\"@id\":\"https:\\\/\\\/cj.estrategia.com\\\/portal\\\/consulta-legislacao-prova-discursiva-delegado-ma\\\/#breadcrumb\",\"itemListElement\":[{\"@type\":\"ListItem\",\"position\":1,\"name\":\"In\u00edcio\",\"item\":\"https:\\\/\\\/cj.estrategia.com\\\/portal\\\/\"},{\"@type\":\"ListItem\",\"position\":2,\"name\":\"\u00c9 permitida consulta \u00e0 legisla\u00e7\u00e3o na prova de Delegado MA?\"}]},{\"@type\":\"WebSite\",\"@id\":\"https:\\\/\\\/cj.estrategia.com\\\/portal\\\/#website\",\"url\":\"https:\\\/\\\/cj.estrategia.com\\\/portal\\\/\",\"name\":\"Blog - Carreiras Jur\u00eddicas - Estrat\u00e9gia\",\"description\":\"\",\"publisher\":{\"@id\":\"https:\\\/\\\/cj.estrategia.com\\\/portal\\\/#organization\"},\"potentialAction\":[{\"@type\":\"SearchAction\",\"target\":{\"@type\":\"EntryPoint\",\"urlTemplate\":\"https:\\\/\\\/cj.estrategia.com\\\/portal\\\/?s={search_term_string}\"},\"query-input\":{\"@type\":\"PropertyValueSpecification\",\"valueRequired\":true,\"valueName\":\"search_term_string\"}}],\"inLanguage\":\"pt-BR\"},{\"@type\":\"Organization\",\"@id\":\"https:\\\/\\\/cj.estrategia.com\\\/portal\\\/#organization\",\"name\":\"Estrat\u00e9gia - Carreiras Jur\u00eddicas\",\"url\":\"https:\\\/\\\/cj.estrategia.com\\\/portal\\\/\",\"logo\":{\"@type\":\"ImageObject\",\"inLanguage\":\"pt-BR\",\"@id\":\"https:\\\/\\\/cj.estrategia.com\\\/portal\\\/#\\\/schema\\\/logo\\\/image\\\/\",\"url\":\"https:\\\/\\\/cj.estrategia.com\\\/portal\\\/wp-content\\\/uploads\\\/2022\\\/03\\\/11151052\\\/cj-logo.png\",\"contentUrl\":\"https:\\\/\\\/cj.estrategia.com\\\/portal\\\/wp-content\\\/uploads\\\/2022\\\/03\\\/11151052\\\/cj-logo.png\",\"width\":150,\"height\":39,\"caption\":\"Estrat\u00e9gia - Carreiras Jur\u00eddicas\"},\"image\":{\"@id\":\"https:\\\/\\\/cj.estrategia.com\\\/portal\\\/#\\\/schema\\\/logo\\\/image\\\/\"},\"sameAs\":[\"https:\\\/\\\/www.facebook.com\\\/estrategiacarreirajuridica\\\/\",\"https:\\\/\\\/x.com\\\/EstratJuridica\",\"https:\\\/\\\/www.instagram.com\\\/estrategiacarreirajuridica\\\/\",\"https:\\\/\\\/www.youtube.com\\\/channel\\\/UClbMGuYbj2Mh1m3w144ETWQ\"]},{\"@type\":\"Person\",\"@id\":\"https:\\\/\\\/cj.estrategia.com\\\/portal\\\/#\\\/schema\\\/person\\\/1ef7dfede328b25e1998f27de576690b\",\"name\":\"Bruna de Andrade Fran\u00e7a\",\"image\":{\"@type\":\"ImageObject\",\"inLanguage\":\"pt-BR\",\"@id\":\"https:\\\/\\\/cdn-blog-cj.estrategia.com\\\/portal\\\/wp-content\\\/uploads\\\/2026\\\/07\\\/06111339\\\/WhatsApp-Image-2026-08-06-at-11.07.51-96x96.jpeg\",\"url\":\"https:\\\/\\\/cdn-blog-cj.estrategia.com\\\/portal\\\/wp-content\\\/uploads\\\/2026\\\/07\\\/06111339\\\/WhatsApp-Image-2026-08-06-at-11.07.51-96x96.jpeg\",\"contentUrl\":\"https:\\\/\\\/cdn-blog-cj.estrategia.com\\\/portal\\\/wp-content\\\/uploads\\\/2026\\\/07\\\/06111339\\\/WhatsApp-Image-2026-08-06-at-11.07.51-96x96.jpeg\",\"caption\":\"Bruna de Andrade Fran\u00e7a\"},\"description\":\"Bruna de Andrade Fran\u00e7a \u00e9 publicit\u00e1ria, p\u00f3s-graduada em Marketing &amp; Growth, e atua h\u00e1 mais de sete anos no mercado de concursos p\u00fablicos. Atualmente, \u00e9 coordenadora do jornalismo de Carreira Jur\u00eddica e OAB no Estrat\u00e9gia Concursos, liderando a cobertura editorial das principais sele\u00e7\u00f5es do pa\u00eds. Especialista em reda\u00e7\u00e3o, SEO e Copywriting, acumula ampla experi\u00eancia na produ\u00e7\u00e3o e gest\u00e3o de conte\u00fado jornal\u00edstico. Ao longo de sua trajet\u00f3ria, tamb\u00e9m esteve \u00e0 frente da cobertura de concursos policiais, banc\u00e1rios, \u00e1rea legislativa e sa\u00fade.\",\"url\":\"https:\\\/\\\/cj.estrategia.com\\\/portal\\\/author\\\/bruna-andrade\\\/\"}]}<\/script>\n<!-- \/ Yoast SEO Premium plugin. -->","yoast_head_json":{"title":"\u00c9 permitida consulta \u00e0 legisla\u00e7\u00e3o na prova de Delegado MA?","description":"Concurso Delegado MA n\u00e3o permite consulta \u00e0 legisla\u00e7\u00e3o durante a prova discursiva; etapa ter\u00e1 quest\u00f5es e pe\u00e7a pr\u00e1tico-profissional","robots":{"index":"index","follow":"follow","max-snippet":"max-snippet:-1","max-image-preview":"max-image-preview:large","max-video-preview":"max-video-preview:-1"},"canonical":"https:\/\/cj.estrategia.com\/portal\/consulta-legislacao-prova-discursiva-delegado-ma\/","og_locale":"pt_BR","og_type":"article","og_title":"\u00c9 permitida consulta \u00e0 legisla\u00e7\u00e3o na prova de Delegado MA?","og_description":"Concurso Delegado MA n\u00e3o permite consulta \u00e0 legisla\u00e7\u00e3o durante a prova discursiva; etapa ter\u00e1 quest\u00f5es e pe\u00e7a pr\u00e1tico-profissional","og_url":"https:\/\/cj.estrategia.com\/portal\/consulta-legislacao-prova-discursiva-delegado-ma\/","og_site_name":"Blog - Carreiras Jur\u00eddicas - Estrat\u00e9gia","article_publisher":"https:\/\/www.facebook.com\/estrategiacarreirajuridica\/","article_published_time":"2026-09-04T15:50:00+00:00","og_image":[{"width":2459,"height":1383,"url":"https:\/\/cdn-blog-cj.estrategia.com\/portal\/wp-content\/uploads\/2025\/12\/17112735\/CAPA-2.jpg","type":"image\/jpeg"}],"author":"Bruna de Andrade Fran\u00e7a","twitter_card":"summary_large_image","twitter_creator":"@EstratJuridica","twitter_site":"@EstratJuridica","twitter_misc":{"Escrito por":"Bruna de Andrade Fran\u00e7a","Est. tempo de leitura":"4 minutos"},"schema":{"@context":"https:\/\/schema.org","@graph":[{"@type":"NewsArticle","@id":"https:\/\/cj.estrategia.com\/portal\/consulta-legislacao-prova-discursiva-delegado-ma\/#article","isPartOf":{"@id":"https:\/\/cj.estrategia.com\/portal\/consulta-legislacao-prova-discursiva-delegado-ma\/"},"author":{"name":"Bruna de Andrade Fran\u00e7a","@id":"https:\/\/cj.estrategia.com\/portal\/#\/schema\/person\/1ef7dfede328b25e1998f27de576690b"},"headline":"\u00c9 permitida consulta \u00e0 legisla\u00e7\u00e3o na prova de Delegado MA?","datePublished":"2026-09-04T15:50:00+00:00","mainEntityOfPage":{"@id":"https:\/\/cj.estrategia.com\/portal\/consulta-legislacao-prova-discursiva-delegado-ma\/"},"wordCount":546,"commentCount":0,"publisher":{"@id":"https:\/\/cj.estrategia.com\/portal\/#organization"},"image":{"@id":"https:\/\/cj.estrategia.com\/portal\/consulta-legislacao-prova-discursiva-delegado-ma\/#primaryimage"},"thumbnailUrl":"https:\/\/cdn-blog-cj.estrategia.com\/portal\/wp-content\/uploads\/2025\/12\/17112735\/CAPA-2.jpg","articleSection":["Delegado","\u00daltimas Not\u00edcias"],"inLanguage":"pt-BR","potentialAction":[{"@type":"CommentAction","name":"Comment","target":["https:\/\/cj.estrategia.com\/portal\/consulta-legislacao-prova-discursiva-delegado-ma\/#respond"]}]},{"@type":"WebPage","@id":"https:\/\/cj.estrategia.com\/portal\/consulta-legislacao-prova-discursiva-delegado-ma\/","url":"https:\/\/cj.estrategia.com\/portal\/consulta-legislacao-prova-discursiva-delegado-ma\/","name":"\u00c9 permitida consulta \u00e0 legisla\u00e7\u00e3o na prova de Delegado MA?","isPartOf":{"@id":"https:\/\/cj.estrategia.com\/portal\/#website"},"primaryImageOfPage":{"@id":"https:\/\/cj.estrategia.com\/portal\/consulta-legislacao-prova-discursiva-delegado-ma\/#primaryimage"},"image":{"@id":"https:\/\/cj.estrategia.com\/portal\/consulta-legislacao-prova-discursiva-delegado-ma\/#primaryimage"},"thumbnailUrl":"https:\/\/cdn-blog-cj.estrategia.com\/portal\/wp-content\/uploads\/2025\/12\/17112735\/CAPA-2.jpg","datePublished":"2026-09-04T15:50:00+00:00","description":"Concurso Delegado MA n\u00e3o permite consulta \u00e0 legisla\u00e7\u00e3o durante a prova discursiva; etapa ter\u00e1 quest\u00f5es e pe\u00e7a pr\u00e1tico-profissional","breadcrumb":{"@id":"https:\/\/cj.estrategia.com\/portal\/consulta-legislacao-prova-discursiva-delegado-ma\/#breadcrumb"},"inLanguage":"pt-BR","potentialAction":[{"@type":"ReadAction","target":["https:\/\/cj.estrategia.com\/portal\/consulta-legislacao-prova-discursiva-delegado-ma\/"]}]},{"@type":"ImageObject","inLanguage":"pt-BR","@id":"https:\/\/cj.estrategia.com\/portal\/consulta-legislacao-prova-discursiva-delegado-ma\/#primaryimage","url":"https:\/\/cdn-blog-cj.estrategia.com\/portal\/wp-content\/uploads\/2025\/12\/17112735\/CAPA-2.jpg","contentUrl":"https:\/\/cdn-blog-cj.estrategia.com\/portal\/wp-content\/uploads\/2025\/12\/17112735\/CAPA-2.jpg","width":2459,"height":1383,"caption":"concursos delegado"},{"@type":"BreadcrumbList","@id":"https:\/\/cj.estrategia.com\/portal\/consulta-legislacao-prova-discursiva-delegado-ma\/#breadcrumb","itemListElement":[{"@type":"ListItem","position":1,"name":"In\u00edcio","item":"https:\/\/cj.estrategia.com\/portal\/"},{"@type":"ListItem","position":2,"name":"\u00c9 permitida consulta \u00e0 legisla\u00e7\u00e3o na prova de Delegado MA?"}]},{"@type":"WebSite","@id":"https:\/\/cj.estrategia.com\/portal\/#website","url":"https:\/\/cj.estrategia.com\/portal\/","name":"Blog - Carreiras Jur\u00eddicas - Estrat\u00e9gia","description":"","publisher":{"@id":"https:\/\/cj.estrategia.com\/portal\/#organization"},"potentialAction":[{"@type":"SearchAction","target":{"@type":"EntryPoint","urlTemplate":"https:\/\/cj.estrategia.com\/portal\/?s={search_term_string}"},"query-input":{"@type":"PropertyValueSpecification","valueRequired":true,"valueName":"search_term_string"}}],"inLanguage":"pt-BR"},{"@type":"Organization","@id":"https:\/\/cj.estrategia.com\/portal\/#organization","name":"Estrat\u00e9gia - Carreiras Jur\u00eddicas","url":"https:\/\/cj.estrategia.com\/portal\/","logo":{"@type":"ImageObject","inLanguage":"pt-BR","@id":"https:\/\/cj.estrategia.com\/portal\/#\/schema\/logo\/image\/","url":"https:\/\/cj.estrategia.com\/portal\/wp-content\/uploads\/2022\/03\/11151052\/cj-logo.png","contentUrl":"https:\/\/cj.estrategia.com\/portal\/wp-content\/uploads\/2022\/03\/11151052\/cj-logo.png","width":150,"height":39,"caption":"Estrat\u00e9gia - Carreiras Jur\u00eddicas"},"image":{"@id":"https:\/\/cj.estrategia.com\/portal\/#\/schema\/logo\/image\/"},"sameAs":["https:\/\/www.facebook.com\/estrategiacarreirajuridica\/","https:\/\/x.com\/EstratJuridica","https:\/\/www.instagram.com\/estrategiacarreirajuridica\/","https:\/\/www.youtube.com\/channel\/UClbMGuYbj2Mh1m3w144ETWQ"]},{"@type":"Person","@id":"https:\/\/cj.estrategia.com\/portal\/#\/schema\/person\/1ef7dfede328b25e1998f27de576690b","name":"Bruna de Andrade Fran\u00e7a","image":{"@type":"ImageObject","inLanguage":"pt-BR","@id":"https:\/\/cdn-blog-cj.estrategia.com\/portal\/wp-content\/uploads\/2026\/07\/06111339\/WhatsApp-Image-2026-08-06-at-11.07.51-96x96.jpeg","url":"https:\/\/cdn-blog-cj.estrategia.com\/portal\/wp-content\/uploads\/2026\/07\/06111339\/WhatsApp-Image-2026-08-06-at-11.07.51-96x96.jpeg","contentUrl":"https:\/\/cdn-blog-cj.estrategia.com\/portal\/wp-content\/uploads\/2026\/07\/06111339\/WhatsApp-Image-2026-08-06-at-11.07.51-96x96.jpeg","caption":"Bruna de Andrade Fran\u00e7a"},"description":"Bruna de Andrade Fran\u00e7a \u00e9 publicit\u00e1ria, p\u00f3s-graduada em Marketing &amp; Growth, e atua h\u00e1 mais de sete anos no mercado de concursos p\u00fablicos. Atualmente, \u00e9 coordenadora do jornalismo de Carreira Jur\u00eddica e OAB no Estrat\u00e9gia Concursos, liderando a cobertura editorial das principais sele\u00e7\u00f5es do pa\u00eds. Especialista em reda\u00e7\u00e3o, SEO e Copywriting, acumula ampla experi\u00eancia na produ\u00e7\u00e3o e gest\u00e3o de conte\u00fado jornal\u00edstico. Ao longo de sua trajet\u00f3ria, tamb\u00e9m esteve \u00e0 frente da cobertura de concursos policiais, banc\u00e1rios, \u00e1rea legislativa e sa\u00fade.","url":"https:\/\/cj.estrategia.com\/portal\/author\/bruna-andrade\/"}]}},"jetpack_sharing_enabled":true,"jetpack_featured_media_url":"https:\/\/cdn-blog-cj.estrategia.com\/portal\/wp-content\/uploads\/2025\/12\/17112735\/CAPA-2.jpg","_links":{"self":[{"href":"https:\/\/cj.estrategia.com\/portal\/wp-json\/wp\/v2\/posts\/197115","targetHints":{"allow":["GET"]}}],"collection":[{"href":"https:\/\/cj.estrategia.com\/portal\/wp-json\/wp\/v2\/posts"}],"about":[{"href":"https:\/\/cj.estrategia.com\/portal\/wp-json\/wp\/v2\/types\/post"}],"author":[{"embeddable":true,"href":"https:\/\/cj.estrategia.com\/portal\/wp-json\/wp\/v2\/users\/7"}],"replies":[{"embeddable":true,"href":"https:\/\/cj.estrategia.com\/portal\/wp-json\/wp\/v2\/comments?post=197115"}],"version-history":[{"count":1,"href":"https:\/\/cj.estrategia.com\/portal\/wp-json\/wp\/v2\/posts\/197115\/revisions"}],"predecessor-version":[{"id":197116,"href":"https:\/\/cj.estrategia.com\/portal\/wp-json\/wp\/v2\/posts\/197115\/revisions\/197116"}],"wp:featuredmedia":[{"embeddable":true,"href":"https:\/\/cj.estrategia.com\/portal\/wp-json\/wp\/v2\/media\/169383"}],"wp:attachment":[{"href":"https:\/\/cj.estrategia.com\/portal\/wp-json\/wp\/v2\/media?parent=197115"}],"wp:term":[{"taxonomy":"category","embeddable":true,"href":"https:\/\/cj.estrategia.com\/portal\/wp-json\/wp\/v2\/categories?post=197115"},{"taxonomy":"post_tag","embeddable":true,"href":"https:\/\/cj.estrategia.com\/portal\/wp-json\/wp\/v2\/tags?post=197115"},{"taxonomy":"tax_estado","embeddable":true,"href":"https:\/\/cj.estrategia.com\/portal\/wp-json\/wp\/v2\/tax_estado?post=197115"}],"curies":[{"name":"wp","href":"https:\/\/api.w.org\/{rel}","templated":true}]}}