{"id":197073,"date":"2026-09-04T13:36:29","date_gmt":"2026-09-04T16:36:29","guid":{"rendered":"https:\/\/cj.estrategia.com\/portal\/?p=197073"},"modified":"2026-09-04T13:36:32","modified_gmt":"2026-09-04T16:36:32","slug":"maratona-de-questoes-fgv-para-o-tj-rs-juiz","status":"publish","type":"post","link":"https:\/\/cj.estrategia.com\/portal\/maratona-de-questoes-fgv-para-o-tj-rs-juiz\/","title":{"rendered":"Maratona de Quest\u00f5es FGV para o TJ-RS (Juiz) em 12\/09"},"content":{"rendered":"\n<p class=\"has-medium-font-size wp-block-paragraph\"><strong><em>O Estrat\u00e9gia Carreiras Jur\u00eddicas realiza a Maratona de Quest\u00f5es FGV para o TJ-RS (Juiz) neste s\u00e1bado, 12 de setembro, a partir das 8h<\/em><\/strong><\/p>\n\n\n\n<p class=\"wp-block-paragraph\">Os candidatos ao <strong>Concurso Magistratura RS<\/strong> j\u00e1 podem se programar para mais uma etapa de prepara\u00e7\u00e3o. O Estrat\u00e9gia Carreiras Jur\u00eddicas realizar\u00e1 a <strong>Maratona de Quest\u00f5es FGV para o TJ-RS (Juiz)<\/strong> no dia <strong>12 de setembro (s\u00e1bado)<\/strong>, a partir das <strong>8h<\/strong>.<\/p>\n\n\n\n<p class=\"wp-block-paragraph\">O evento \u00e9 voltado \u00e0 resolu\u00e7\u00e3o de quest\u00f5es no perfil da banca organizadora do certame, a <strong>Funda\u00e7\u00e3o Get\u00falio Vargas (FGV)<\/strong>. Ao longo do dia, professores especialistas percorrer\u00e3o as principais disciplinas cobradas na prova objetiva do concurso para o cargo de <strong>Juiz de Direito Substituto<\/strong> do <strong>Tribunal de Justi\u00e7a do Estado do Rio Grande do Sul (TJ RS)<\/strong>.<\/p>\n\n\n\n<div class=\"container\" id=\"boxes\">\n  <div class=\"row\">\n\n    <div class=\"col-sm\">\n      <div class=\"banner-ecj-magistratura\" id=\"box-assinatura\">\n        <h2 id=\"concurso-magistratura-rs\" class=\"titulo-assinatura\"><span style=\"color: #ffffff; font-size: 23px; \">Concurso Magistratura RS<\/span><\/h2>\n        <p class=\"subtitulo-assinatura\">Cursos focados no edital!<\/p>\n        <div class=\"box-botao\">\n          <a class=\"btn-assinatura-juridica\" target=\"_blank\" href=\"https:\/\/cj.estrategia.com\/concurso\/tj-rs\" role=\"button\" rel=\"noopener noreferrer\">CLIQUE AQUI<\/a>\n        <\/div>\n      <\/div>\n<\/p>\n    <\/div>\n\n  <\/div>\n<\/div>\n\n\n\n<h2 id=\"h-acompanhe-a-maratona-de-questoes-tj-rs\" class=\"wp-block-heading\"><span id=\"acompanhe-a-maratona-de-questoes-tj-rs\">Acompanhe a Maratona de Quest\u00f5es TJ-RS<\/span><\/h2>\n\n\n\n<figure class=\"wp-block-embed is-type-video is-provider-youtube wp-block-embed-youtube wp-embed-aspect-16-9 wp-has-aspect-ratio\"><div class=\"wp-block-embed__wrapper\">\n<div class=\"cs-embed cs-embed-responsive\"><iframe title=\"Maratona de Quest\u00f5es FGV para o TJ RS (Juiz)\" width=\"1200\" height=\"675\" src=\"https:\/\/www.youtube.com\/embed\/ienBZk2u5Jo?feature=oembed\" frameborder=\"0\" allow=\"accelerometer; autoplay; clipboard-write; encrypted-media; gyroscope; picture-in-picture; web-share\" referrerpolicy=\"strict-origin-when-cross-origin\" allowfullscreen><\/iframe><\/div>\n<\/div><\/figure>\n\n\n\n<h2 id=\"h-confira-a-programacao-da-maratona-de-questoes-tj-rs\" class=\"wp-block-heading\"><span id=\"confira-a-programacao-da-maratona-de-questoes-tj-rs\">Confira a programa\u00e7\u00e3o da Maratona de Quest\u00f5es TJ-RS<\/span><\/h2>\n\n\n\n<p class=\"wp-block-paragraph\">A programa\u00e7\u00e3o re\u00fane aulas de todas as disciplinas do edital, com hor\u00e1rio e professor definidos para cada bloco.<\/p>\n\n\n\n<figure class=\"wp-block-table is-style-stripes\"><table class=\"has-very-light-gray-to-cyan-bluish-gray-gradient-background has-background has-fixed-layout\"><thead><tr><th class=\"has-text-align-center\" data-align=\"center\">Hor\u00e1rio<\/th><th class=\"has-text-align-center\" data-align=\"center\">Disciplina<\/th><th class=\"has-text-align-center\" data-align=\"center\">Professor<\/th><\/tr><\/thead><tbody><tr><td class=\"has-text-align-center\" data-align=\"center\">08:00-09:00<\/td><td class=\"has-text-align-center\" data-align=\"center\">L\u00edngua Portuguesa<\/td><td class=\"has-text-align-center\" data-align=\"center\">Fabr\u00edcio Dutra<\/td><\/tr><tr><td class=\"has-text-align-center\" data-align=\"center\">09:00-10:00<\/td><td class=\"has-text-align-center\" data-align=\"center\">Direito Civil<\/td><td class=\"has-text-align-center\" data-align=\"center\">Paulo Sousa<\/td><\/tr><tr><td class=\"has-text-align-center\" data-align=\"center\">10:00-11:00<\/td><td class=\"has-text-align-center\" data-align=\"center\">Direito Processual Civil<\/td><td class=\"has-text-align-center\" data-align=\"center\">Rodrigo Vaslin<\/td><\/tr><tr><td class=\"has-text-align-center\" data-align=\"center\">11:05-11:35<\/td><td class=\"has-text-align-center\" data-align=\"center\">Direito do Consumidor<\/td><td class=\"has-text-align-center\" data-align=\"center\">Bruno Terra<\/td><\/tr><tr><td class=\"has-text-align-center\" data-align=\"center\">11:35-12:05<\/td><td class=\"has-text-align-center\" data-align=\"center\">Direito da Crian\u00e7a e do Adolescente<\/td><td class=\"has-text-align-center\" data-align=\"center\">Alex Fadel<\/td><\/tr><tr><td class=\"has-text-align-center\" data-align=\"center\">12:05-13:05<\/td><td class=\"has-text-align-center\" data-align=\"center\">Direito Penal<\/td><td class=\"has-text-align-center\" data-align=\"center\">Michael Proc\u00f3pio<\/td><\/tr><tr><td class=\"has-text-align-center\" data-align=\"center\">13:05-14:05<\/td><td class=\"has-text-align-center\" data-align=\"center\">Direito Processual Penal<\/td><td class=\"has-text-align-center\" data-align=\"center\">Gustavo Cordeiro<\/td><\/tr><tr><td class=\"has-text-align-center\" data-align=\"center\">14:05-15:05<\/td><td class=\"has-text-align-center\" data-align=\"center\">Direito Empresarial<\/td><td class=\"has-text-align-center\" data-align=\"center\">Ihuru Assun\u00e7\u00e3o<\/td><\/tr><tr><td class=\"has-text-align-center\" data-align=\"center\">15:10-15:40<\/td><td class=\"has-text-align-center\" data-align=\"center\">Legisla\u00e7\u00e3o Penal e Processual Penal Especial<\/td><td class=\"has-text-align-center\" data-align=\"center\">Alex Fadel<\/td><\/tr><tr><td class=\"has-text-align-center\" data-align=\"center\">15:40-16:40<\/td><td class=\"has-text-align-center\" data-align=\"center\">Direito Constitucional<\/td><td class=\"has-text-align-center\" data-align=\"center\">Anezio Andrade<\/td><\/tr><tr><td class=\"has-text-align-center\" data-align=\"center\">16:40-17:10<\/td><td class=\"has-text-align-center\" data-align=\"center\">Direito Eleitoral<\/td><td class=\"has-text-align-center\" data-align=\"center\"><\/td><\/tr><tr><td class=\"has-text-align-center\" data-align=\"center\">17:10-18:10<\/td><td class=\"has-text-align-center\" data-align=\"center\">Direito Tribut\u00e1rio e Financeiro<\/td><td class=\"has-text-align-center\" data-align=\"center\">Rog\u00e9rio Cunha<\/td><\/tr><tr><td class=\"has-text-align-center\" data-align=\"center\">18:10-19:10<\/td><td class=\"has-text-align-center\" data-align=\"center\">Direito Administrativo<\/td><td class=\"has-text-align-center\" data-align=\"center\">Daniel Mesquita<\/td><\/tr><\/tbody><\/table><\/figure>\n\n\n\n<p class=\"wp-block-paragraph\">A Maratona acontece de forma cont\u00ednua, do in\u00edcio ao fim do dia.<\/p>\n\n\n\n<p class=\"has-text-align-center has-very-light-gray-to-cyan-bluish-gray-gradient-background has-background has-medium-font-size wp-block-paragraph\">Saiba mais: <a href=\"https:\/\/cj.estrategia.com\/portal\/concurso-magistratura-rs\/\" target=\"_blank\" >Concurso Magistratura RS<\/a><\/p>\n\n\n\n<h3 id=\"h-confira-nossos-artigos\" class=\"wp-block-heading\"><span id=\"confira-nossos-artigos\">Confira nossos artigos!<\/span><\/h3>\n\n\n\n<ul class=\"wp-block-list\">\n<li><a href=\"https:\/\/cj.estrategia.com\/portal\/concurso-magistratura-rs-edital-publicado-2026\/\" target=\"_blank\" >Concurso Magistratura RS: edital publicado com R$ 30,5 mil<\/a><\/li>\n\n\n\n<li><a href=\"https:\/\/cj.estrategia.com\/portal\/concurso-magistratura-rs-confira-as-principais-datas\/\" target=\"_blank\" >Concurso Magistratura RS: confira as principais datas<\/a><\/li>\n<\/ul>\n\n\n\n<p class=\"has-text-align-center wp-block-paragraph\" id=\"cursos\" style=\"font-size:26px\"><strong>Quer saber tudo sobre concursos previstos?<br>Confira nossos artigos!<\/strong><\/p>\n\n\n\n<ul class=\"wp-block-list\">\n<li><a href=\"https:\/\/cj.estrategia.com\/portal\/concursos-abertos-carreiras-juridicas\/\" target=\"_blank\" >Concursos jur\u00eddicos abertos<\/a><\/li>\n\n\n\n<li><a href=\"https:\/\/cj.estrategia.com\/portal\/concursos-juridicos-2026\" target=\"_blank\" >Concursos Jur\u00eddicos 2026<\/a><\/li>\n\n\n\n<li><a href=\"https:\/\/cj.estrategia.com\/portal\/concursos-juridicos-2027\" target=\"_blank\" >Concursos Jur\u00eddicos 2027<\/a><\/li>\n\n\n\n<li><a href=\"https:\/\/cj.estrategia.com\/portal\/concursos-magistratura\/\" target=\"_blank\" >Concursos Magistratura<\/a><\/li>\n<\/ul>\n\n\n\n<p class=\"has-text-align-center wp-block-paragraph\" id=\"cursos-assinatura\" style=\"font-size:26px\"><strong>Assinatura Jur\u00eddica<\/strong><\/p>\n\n\n\n<div class=\"wp-block-cover\" style=\"min-height:155px;aspect-ratio:unset;\"><img decoding=\"async\" width=\"1890\" height=\"351\" class=\"wp-block-cover__image-background wp-image-8669\" alt=\"Assinaturas Jur\u00eddicas\" src=\"https:\/\/cj.estrategia.com\/portal\/wp-content\/uploads\/2022\/06\/20151253\/concurso-carreiras-juridicas-assinatura-juridica.jpg\" style=\"object-position:78% 43%\" data-object-fit=\"cover\" data-object-position=\"78% 43%\" srcset=\"https:\/\/cdn-blog-cj.estrategia.com\/portal\/wp-content\/uploads\/2022\/06\/20151253\/concurso-carreiras-juridicas-assinatura-juridica.jpg 1890w, https:\/\/cdn-blog-cj.estrategia.com\/portal\/wp-content\/uploads\/2022\/06\/20151253\/concurso-carreiras-juridicas-assinatura-juridica-300x56.jpg 300w, https:\/\/cdn-blog-cj.estrategia.com\/portal\/wp-content\/uploads\/2022\/06\/20151253\/concurso-carreiras-juridicas-assinatura-juridica-1024x190.jpg 1024w, https:\/\/cdn-blog-cj.estrategia.com\/portal\/wp-content\/uploads\/2022\/06\/20151253\/concurso-carreiras-juridicas-assinatura-juridica-768x143.jpg 768w, https:\/\/cdn-blog-cj.estrategia.com\/portal\/wp-content\/uploads\/2022\/06\/20151253\/concurso-carreiras-juridicas-assinatura-juridica-1536x285.jpg 1536w, https:\/\/cdn-blog-cj.estrategia.com\/portal\/wp-content\/uploads\/2022\/06\/20151253\/concurso-carreiras-juridicas-assinatura-juridica-380x71.jpg 380w, https:\/\/cdn-blog-cj.estrategia.com\/portal\/wp-content\/uploads\/2022\/06\/20151253\/concurso-carreiras-juridicas-assinatura-juridica-800x149.jpg 800w, https:\/\/cdn-blog-cj.estrategia.com\/portal\/wp-content\/uploads\/2022\/06\/20151253\/concurso-carreiras-juridicas-assinatura-juridica-1160x215.jpg 1160w\" sizes=\"(max-width: 1890px) 100vw, 1890px\" \/><span aria-hidden=\"true\" class=\"wp-block-cover__background has-background-dim\"><\/span><div class=\"wp-block-cover__inner-container is-layout-flow wp-block-cover-is-layout-flow\">\n<h3 id=\"faca-a-sua-assinatura\" class=\"titulo-assinatura\"><span style=\"color: #ffffff;\">Fa\u00e7a a sua assinatura!<\/span><\/h3>\n<p class=\"subtitulo-assinatura\" style=\"display:block!important; line-height: 0;\"><span style=\"color: #ffffff;\">Escolha a sua \u00e1rea.<\/span><\/p>\n<a target=\"_blank\" href=\"https:\/\/www.estrategiaconcursos.com.br\/assinaturas-ecj\/\" rel=\"noopener\"><button style=\"border-radius: 10px; text-transform: capitalize;\">Acessar<\/button><\/a>\n<\/div><\/div>\n","protected":false},"excerpt":{"rendered":"O Estrat\u00e9gia Carreiras Jur\u00eddicas realiza a Maratona de Quest\u00f5es FGV para o TJ-RS (Juiz) neste s\u00e1bado, 12 de&hellip;\n","protected":false},"author":185,"featured_media":177745,"comment_status":"open","ping_status":"open","sticky":false,"template":"","format":"standard","meta":{"_acf_changed":false,"_jetpack_newsletter_access":"","_jetpack_dont_email_post_to_subs":false,"_jetpack_newsletter_tier_id":0,"_jetpack_memberships_contains_paywalled_content":false,"_jetpack_feature_clip_id":0,"_jetpack_memberships_contains_paid_content":false,"footnotes":"","jetpack_post_was_ever_published":false},"categories":[1],"tags":[],"tax_estado":[],"class_list":["post-197073","post","type-post","status-publish","format-standard","has-post-thumbnail","category-carreiras-juridicas"],"acf":[],"yoast_head":"<!-- This site is optimized with the Yoast SEO Premium plugin v28.3 (Yoast SEO v28.3) - https:\/\/yoast.com\/product\/yoast-seo-premium-wordpress\/ -->\n<title>Maratona de Quest\u00f5es FGV para o TJ-RS (Juiz) em 12\/09<\/title>\n<meta name=\"description\" content=\"Maratona de Quest\u00f5es FGV para o TJ-RS (Juiz) acontece neste s\u00e1bado, 12 de setembro, com aulas gratuitas sobre o certame\" \/>\n<meta name=\"robots\" content=\"index, follow, max-snippet:-1, max-image-preview:large, max-video-preview:-1\" \/>\n<link rel=\"canonical\" href=\"https:\/\/cj.estrategia.com\/portal\/maratona-de-questoes-fgv-para-o-tj-rs-juiz\/\" \/>\n<meta property=\"og:locale\" content=\"pt_BR\" \/>\n<meta property=\"og:type\" content=\"article\" \/>\n<meta property=\"og:title\" content=\"Maratona de Quest\u00f5es FGV para o TJ-RS (Juiz) em 12\/09\" \/>\n<meta property=\"og:description\" content=\"Maratona de Quest\u00f5es FGV para o TJ-RS (Juiz) acontece neste s\u00e1bado, 12 de setembro, com aulas gratuitas sobre o certame\" \/>\n<meta property=\"og:url\" content=\"https:\/\/cj.estrategia.com\/portal\/maratona-de-questoes-fgv-para-o-tj-rs-juiz\/\" \/>\n<meta property=\"og:site_name\" content=\"Blog - Carreiras Jur\u00eddicas - Estrat\u00e9gia\" \/>\n<meta property=\"article:publisher\" content=\"https:\/\/www.facebook.com\/estrategiacarreirajuridica\/\" \/>\n<meta property=\"article:published_time\" content=\"2026-09-04T16:36:29+00:00\" \/>\n<meta property=\"article:modified_time\" content=\"2026-09-04T16:36:32+00:00\" \/>\n<meta property=\"og:image\" content=\"https:\/\/cdn-blog-cj.estrategia.com\/portal\/wp-content\/uploads\/2026\/02\/04110838\/juiz.jpg\" \/>\n\t<meta property=\"og:image:width\" content=\"2459\" \/>\n\t<meta property=\"og:image:height\" content=\"1383\" \/>\n\t<meta property=\"og:image:type\" content=\"image\/jpeg\" \/>\n<meta name=\"author\" content=\"Paolo Vinicios Lima\" \/>\n<meta name=\"twitter:card\" content=\"summary_large_image\" \/>\n<meta name=\"twitter:creator\" content=\"@EstratJuridica\" \/>\n<meta name=\"twitter:site\" content=\"@EstratJuridica\" \/>\n<meta name=\"twitter:label1\" content=\"Escrito por\" \/>\n\t<meta name=\"twitter:data1\" content=\"Paolo Vinicios Lima\" \/>\n\t<meta name=\"twitter:label2\" content=\"Est. tempo de leitura\" \/>\n\t<meta name=\"twitter:data2\" content=\"3 minutos\" \/>\n<script type=\"application\/ld+json\" class=\"yoast-schema-graph\">{\"@context\":\"https:\\\/\\\/schema.org\",\"@graph\":[{\"@type\":\"NewsArticle\",\"@id\":\"https:\\\/\\\/cj.estrategia.com\\\/portal\\\/maratona-de-questoes-fgv-para-o-tj-rs-juiz\\\/#article\",\"isPartOf\":{\"@id\":\"https:\\\/\\\/cj.estrategia.com\\\/portal\\\/maratona-de-questoes-fgv-para-o-tj-rs-juiz\\\/\"},\"author\":{\"name\":\"Paolo Vinicios Lima\",\"@id\":\"https:\\\/\\\/cj.estrategia.com\\\/portal\\\/#\\\/schema\\\/person\\\/ff0243a131b5c84c88e974b40a02bcc8\"},\"headline\":\"Maratona de Quest\u00f5es FGV para o TJ-RS (Juiz) em 12\\\/09\",\"datePublished\":\"2026-09-04T16:36:29+00:00\",\"dateModified\":\"2026-09-04T16:36:32+00:00\",\"mainEntityOfPage\":{\"@id\":\"https:\\\/\\\/cj.estrategia.com\\\/portal\\\/maratona-de-questoes-fgv-para-o-tj-rs-juiz\\\/\"},\"wordCount\":343,\"commentCount\":0,\"publisher\":{\"@id\":\"https:\\\/\\\/cj.estrategia.com\\\/portal\\\/#organization\"},\"image\":{\"@id\":\"https:\\\/\\\/cj.estrategia.com\\\/portal\\\/maratona-de-questoes-fgv-para-o-tj-rs-juiz\\\/#primaryimage\"},\"thumbnailUrl\":\"https:\\\/\\\/cdn-blog-cj.estrategia.com\\\/portal\\\/wp-content\\\/uploads\\\/2026\\\/02\\\/04110838\\\/juiz.jpg\",\"articleSection\":[\"Carreiras Jur\u00eddicas\"],\"inLanguage\":\"pt-BR\",\"potentialAction\":[{\"@type\":\"CommentAction\",\"name\":\"Comment\",\"target\":[\"https:\\\/\\\/cj.estrategia.com\\\/portal\\\/maratona-de-questoes-fgv-para-o-tj-rs-juiz\\\/#respond\"]}]},{\"@type\":\"WebPage\",\"@id\":\"https:\\\/\\\/cj.estrategia.com\\\/portal\\\/maratona-de-questoes-fgv-para-o-tj-rs-juiz\\\/\",\"url\":\"https:\\\/\\\/cj.estrategia.com\\\/portal\\\/maratona-de-questoes-fgv-para-o-tj-rs-juiz\\\/\",\"name\":\"Maratona de Quest\u00f5es FGV para o TJ-RS (Juiz) em 12\\\/09\",\"isPartOf\":{\"@id\":\"https:\\\/\\\/cj.estrategia.com\\\/portal\\\/#website\"},\"primaryImageOfPage\":{\"@id\":\"https:\\\/\\\/cj.estrategia.com\\\/portal\\\/maratona-de-questoes-fgv-para-o-tj-rs-juiz\\\/#primaryimage\"},\"image\":{\"@id\":\"https:\\\/\\\/cj.estrategia.com\\\/portal\\\/maratona-de-questoes-fgv-para-o-tj-rs-juiz\\\/#primaryimage\"},\"thumbnailUrl\":\"https:\\\/\\\/cdn-blog-cj.estrategia.com\\\/portal\\\/wp-content\\\/uploads\\\/2026\\\/02\\\/04110838\\\/juiz.jpg\",\"datePublished\":\"2026-09-04T16:36:29+00:00\",\"dateModified\":\"2026-09-04T16:36:32+00:00\",\"description\":\"Maratona de Quest\u00f5es FGV para o TJ-RS (Juiz) acontece neste s\u00e1bado, 12 de setembro, com aulas gratuitas sobre o certame\",\"breadcrumb\":{\"@id\":\"https:\\\/\\\/cj.estrategia.com\\\/portal\\\/maratona-de-questoes-fgv-para-o-tj-rs-juiz\\\/#breadcrumb\"},\"inLanguage\":\"pt-BR\",\"potentialAction\":[{\"@type\":\"ReadAction\",\"target\":[\"https:\\\/\\\/cj.estrategia.com\\\/portal\\\/maratona-de-questoes-fgv-para-o-tj-rs-juiz\\\/\"]}]},{\"@type\":\"ImageObject\",\"inLanguage\":\"pt-BR\",\"@id\":\"https:\\\/\\\/cj.estrategia.com\\\/portal\\\/maratona-de-questoes-fgv-para-o-tj-rs-juiz\\\/#primaryimage\",\"url\":\"https:\\\/\\\/cdn-blog-cj.estrategia.com\\\/portal\\\/wp-content\\\/uploads\\\/2026\\\/02\\\/04110838\\\/juiz.jpg\",\"contentUrl\":\"https:\\\/\\\/cdn-blog-cj.estrategia.com\\\/portal\\\/wp-content\\\/uploads\\\/2026\\\/02\\\/04110838\\\/juiz.jpg\",\"width\":2459,\"height\":1383,\"caption\":\"concurso juiz magistratura\"},{\"@type\":\"BreadcrumbList\",\"@id\":\"https:\\\/\\\/cj.estrategia.com\\\/portal\\\/maratona-de-questoes-fgv-para-o-tj-rs-juiz\\\/#breadcrumb\",\"itemListElement\":[{\"@type\":\"ListItem\",\"position\":1,\"name\":\"In\u00edcio\",\"item\":\"https:\\\/\\\/cj.estrategia.com\\\/portal\\\/\"},{\"@type\":\"ListItem\",\"position\":2,\"name\":\"Maratona de Quest\u00f5es FGV para o TJ-RS (Juiz) em 12\\\/09\"}]},{\"@type\":\"WebSite\",\"@id\":\"https:\\\/\\\/cj.estrategia.com\\\/portal\\\/#website\",\"url\":\"https:\\\/\\\/cj.estrategia.com\\\/portal\\\/\",\"name\":\"Blog - Carreiras Jur\u00eddicas - Estrat\u00e9gia\",\"description\":\"\",\"publisher\":{\"@id\":\"https:\\\/\\\/cj.estrategia.com\\\/portal\\\/#organization\"},\"potentialAction\":[{\"@type\":\"SearchAction\",\"target\":{\"@type\":\"EntryPoint\",\"urlTemplate\":\"https:\\\/\\\/cj.estrategia.com\\\/portal\\\/?s={search_term_string}\"},\"query-input\":{\"@type\":\"PropertyValueSpecification\",\"valueRequired\":true,\"valueName\":\"search_term_string\"}}],\"inLanguage\":\"pt-BR\"},{\"@type\":\"Organization\",\"@id\":\"https:\\\/\\\/cj.estrategia.com\\\/portal\\\/#organization\",\"name\":\"Estrat\u00e9gia - Carreiras Jur\u00eddicas\",\"url\":\"https:\\\/\\\/cj.estrategia.com\\\/portal\\\/\",\"logo\":{\"@type\":\"ImageObject\",\"inLanguage\":\"pt-BR\",\"@id\":\"https:\\\/\\\/cj.estrategia.com\\\/portal\\\/#\\\/schema\\\/logo\\\/image\\\/\",\"url\":\"https:\\\/\\\/cj.estrategia.com\\\/portal\\\/wp-content\\\/uploads\\\/2022\\\/03\\\/11151052\\\/cj-logo.png\",\"contentUrl\":\"https:\\\/\\\/cj.estrategia.com\\\/portal\\\/wp-content\\\/uploads\\\/2022\\\/03\\\/11151052\\\/cj-logo.png\",\"width\":150,\"height\":39,\"caption\":\"Estrat\u00e9gia - Carreiras Jur\u00eddicas\"},\"image\":{\"@id\":\"https:\\\/\\\/cj.estrategia.com\\\/portal\\\/#\\\/schema\\\/logo\\\/image\\\/\"},\"sameAs\":[\"https:\\\/\\\/www.facebook.com\\\/estrategiacarreirajuridica\\\/\",\"https:\\\/\\\/x.com\\\/EstratJuridica\",\"https:\\\/\\\/www.instagram.com\\\/estrategiacarreirajuridica\\\/\",\"https:\\\/\\\/www.youtube.com\\\/channel\\\/UClbMGuYbj2Mh1m3w144ETWQ\"]},{\"@type\":\"Person\",\"@id\":\"https:\\\/\\\/cj.estrategia.com\\\/portal\\\/#\\\/schema\\\/person\\\/ff0243a131b5c84c88e974b40a02bcc8\",\"name\":\"Paolo Vinicios Lima\",\"image\":{\"@type\":\"ImageObject\",\"inLanguage\":\"pt-BR\",\"@id\":\"https:\\\/\\\/cdn-blog-cj.estrategia.com\\\/portal\\\/wp-content\\\/uploads\\\/2026\\\/08\\\/20120445\\\/20241025_144444-96x96.jpg\",\"url\":\"https:\\\/\\\/cdn-blog-cj.estrategia.com\\\/portal\\\/wp-content\\\/uploads\\\/2026\\\/08\\\/20120445\\\/20241025_144444-96x96.jpg\",\"contentUrl\":\"https:\\\/\\\/cdn-blog-cj.estrategia.com\\\/portal\\\/wp-content\\\/uploads\\\/2026\\\/08\\\/20120445\\\/20241025_144444-96x96.jpg\",\"caption\":\"Paolo Vinicios Lima\"},\"url\":\"https:\\\/\\\/cj.estrategia.com\\\/portal\\\/author\\\/paolo-limaestrategia-com\\\/\"}]}<\/script>\n<!-- \/ Yoast SEO Premium plugin. -->","yoast_head_json":{"title":"Maratona de Quest\u00f5es FGV para o TJ-RS (Juiz) em 12\/09","description":"Maratona de Quest\u00f5es FGV para o TJ-RS (Juiz) acontece neste s\u00e1bado, 12 de setembro, com aulas gratuitas sobre o certame","robots":{"index":"index","follow":"follow","max-snippet":"max-snippet:-1","max-image-preview":"max-image-preview:large","max-video-preview":"max-video-preview:-1"},"canonical":"https:\/\/cj.estrategia.com\/portal\/maratona-de-questoes-fgv-para-o-tj-rs-juiz\/","og_locale":"pt_BR","og_type":"article","og_title":"Maratona de Quest\u00f5es FGV para o TJ-RS (Juiz) em 12\/09","og_description":"Maratona de Quest\u00f5es FGV para o TJ-RS (Juiz) acontece neste s\u00e1bado, 12 de setembro, com aulas gratuitas sobre o certame","og_url":"https:\/\/cj.estrategia.com\/portal\/maratona-de-questoes-fgv-para-o-tj-rs-juiz\/","og_site_name":"Blog - Carreiras Jur\u00eddicas - Estrat\u00e9gia","article_publisher":"https:\/\/www.facebook.com\/estrategiacarreirajuridica\/","article_published_time":"2026-09-04T16:36:29+00:00","article_modified_time":"2026-09-04T16:36:32+00:00","og_image":[{"width":2459,"height":1383,"url":"https:\/\/cdn-blog-cj.estrategia.com\/portal\/wp-content\/uploads\/2026\/02\/04110838\/juiz.jpg","type":"image\/jpeg"}],"author":"Paolo Vinicios Lima","twitter_card":"summary_large_image","twitter_creator":"@EstratJuridica","twitter_site":"@EstratJuridica","twitter_misc":{"Escrito por":"Paolo Vinicios Lima","Est. tempo de leitura":"3 minutos"},"schema":{"@context":"https:\/\/schema.org","@graph":[{"@type":"NewsArticle","@id":"https:\/\/cj.estrategia.com\/portal\/maratona-de-questoes-fgv-para-o-tj-rs-juiz\/#article","isPartOf":{"@id":"https:\/\/cj.estrategia.com\/portal\/maratona-de-questoes-fgv-para-o-tj-rs-juiz\/"},"author":{"name":"Paolo Vinicios Lima","@id":"https:\/\/cj.estrategia.com\/portal\/#\/schema\/person\/ff0243a131b5c84c88e974b40a02bcc8"},"headline":"Maratona de Quest\u00f5es FGV para o TJ-RS (Juiz) em 12\/09","datePublished":"2026-09-04T16:36:29+00:00","dateModified":"2026-09-04T16:36:32+00:00","mainEntityOfPage":{"@id":"https:\/\/cj.estrategia.com\/portal\/maratona-de-questoes-fgv-para-o-tj-rs-juiz\/"},"wordCount":343,"commentCount":0,"publisher":{"@id":"https:\/\/cj.estrategia.com\/portal\/#organization"},"image":{"@id":"https:\/\/cj.estrategia.com\/portal\/maratona-de-questoes-fgv-para-o-tj-rs-juiz\/#primaryimage"},"thumbnailUrl":"https:\/\/cdn-blog-cj.estrategia.com\/portal\/wp-content\/uploads\/2026\/02\/04110838\/juiz.jpg","articleSection":["Carreiras Jur\u00eddicas"],"inLanguage":"pt-BR","potentialAction":[{"@type":"CommentAction","name":"Comment","target":["https:\/\/cj.estrategia.com\/portal\/maratona-de-questoes-fgv-para-o-tj-rs-juiz\/#respond"]}]},{"@type":"WebPage","@id":"https:\/\/cj.estrategia.com\/portal\/maratona-de-questoes-fgv-para-o-tj-rs-juiz\/","url":"https:\/\/cj.estrategia.com\/portal\/maratona-de-questoes-fgv-para-o-tj-rs-juiz\/","name":"Maratona de Quest\u00f5es FGV para o TJ-RS (Juiz) em 12\/09","isPartOf":{"@id":"https:\/\/cj.estrategia.com\/portal\/#website"},"primaryImageOfPage":{"@id":"https:\/\/cj.estrategia.com\/portal\/maratona-de-questoes-fgv-para-o-tj-rs-juiz\/#primaryimage"},"image":{"@id":"https:\/\/cj.estrategia.com\/portal\/maratona-de-questoes-fgv-para-o-tj-rs-juiz\/#primaryimage"},"thumbnailUrl":"https:\/\/cdn-blog-cj.estrategia.com\/portal\/wp-content\/uploads\/2026\/02\/04110838\/juiz.jpg","datePublished":"2026-09-04T16:36:29+00:00","dateModified":"2026-09-04T16:36:32+00:00","description":"Maratona de Quest\u00f5es FGV para o TJ-RS (Juiz) acontece neste s\u00e1bado, 12 de setembro, com aulas gratuitas sobre o certame","breadcrumb":{"@id":"https:\/\/cj.estrategia.com\/portal\/maratona-de-questoes-fgv-para-o-tj-rs-juiz\/#breadcrumb"},"inLanguage":"pt-BR","potentialAction":[{"@type":"ReadAction","target":["https:\/\/cj.estrategia.com\/portal\/maratona-de-questoes-fgv-para-o-tj-rs-juiz\/"]}]},{"@type":"ImageObject","inLanguage":"pt-BR","@id":"https:\/\/cj.estrategia.com\/portal\/maratona-de-questoes-fgv-para-o-tj-rs-juiz\/#primaryimage","url":"https:\/\/cdn-blog-cj.estrategia.com\/portal\/wp-content\/uploads\/2026\/02\/04110838\/juiz.jpg","contentUrl":"https:\/\/cdn-blog-cj.estrategia.com\/portal\/wp-content\/uploads\/2026\/02\/04110838\/juiz.jpg","width":2459,"height":1383,"caption":"concurso juiz magistratura"},{"@type":"BreadcrumbList","@id":"https:\/\/cj.estrategia.com\/portal\/maratona-de-questoes-fgv-para-o-tj-rs-juiz\/#breadcrumb","itemListElement":[{"@type":"ListItem","position":1,"name":"In\u00edcio","item":"https:\/\/cj.estrategia.com\/portal\/"},{"@type":"ListItem","position":2,"name":"Maratona de Quest\u00f5es FGV para o TJ-RS (Juiz) em 12\/09"}]},{"@type":"WebSite","@id":"https:\/\/cj.estrategia.com\/portal\/#website","url":"https:\/\/cj.estrategia.com\/portal\/","name":"Blog - Carreiras Jur\u00eddicas - Estrat\u00e9gia","description":"","publisher":{"@id":"https:\/\/cj.estrategia.com\/portal\/#organization"},"potentialAction":[{"@type":"SearchAction","target":{"@type":"EntryPoint","urlTemplate":"https:\/\/cj.estrategia.com\/portal\/?s={search_term_string}"},"query-input":{"@type":"PropertyValueSpecification","valueRequired":true,"valueName":"search_term_string"}}],"inLanguage":"pt-BR"},{"@type":"Organization","@id":"https:\/\/cj.estrategia.com\/portal\/#organization","name":"Estrat\u00e9gia - Carreiras Jur\u00eddicas","url":"https:\/\/cj.estrategia.com\/portal\/","logo":{"@type":"ImageObject","inLanguage":"pt-BR","@id":"https:\/\/cj.estrategia.com\/portal\/#\/schema\/logo\/image\/","url":"https:\/\/cj.estrategia.com\/portal\/wp-content\/uploads\/2022\/03\/11151052\/cj-logo.png","contentUrl":"https:\/\/cj.estrategia.com\/portal\/wp-content\/uploads\/2022\/03\/11151052\/cj-logo.png","width":150,"height":39,"caption":"Estrat\u00e9gia - Carreiras Jur\u00eddicas"},"image":{"@id":"https:\/\/cj.estrategia.com\/portal\/#\/schema\/logo\/image\/"},"sameAs":["https:\/\/www.facebook.com\/estrategiacarreirajuridica\/","https:\/\/x.com\/EstratJuridica","https:\/\/www.instagram.com\/estrategiacarreirajuridica\/","https:\/\/www.youtube.com\/channel\/UClbMGuYbj2Mh1m3w144ETWQ"]},{"@type":"Person","@id":"https:\/\/cj.estrategia.com\/portal\/#\/schema\/person\/ff0243a131b5c84c88e974b40a02bcc8","name":"Paolo Vinicios Lima","image":{"@type":"ImageObject","inLanguage":"pt-BR","@id":"https:\/\/cdn-blog-cj.estrategia.com\/portal\/wp-content\/uploads\/2026\/08\/20120445\/20241025_144444-96x96.jpg","url":"https:\/\/cdn-blog-cj.estrategia.com\/portal\/wp-content\/uploads\/2026\/08\/20120445\/20241025_144444-96x96.jpg","contentUrl":"https:\/\/cdn-blog-cj.estrategia.com\/portal\/wp-content\/uploads\/2026\/08\/20120445\/20241025_144444-96x96.jpg","caption":"Paolo Vinicios Lima"},"url":"https:\/\/cj.estrategia.com\/portal\/author\/paolo-limaestrategia-com\/"}]}},"jetpack_sharing_enabled":true,"jetpack_featured_media_url":"https:\/\/cdn-blog-cj.estrategia.com\/portal\/wp-content\/uploads\/2026\/02\/04110838\/juiz.jpg","_links":{"self":[{"href":"https:\/\/cj.estrategia.com\/portal\/wp-json\/wp\/v2\/posts\/197073","targetHints":{"allow":["GET"]}}],"collection":[{"href":"https:\/\/cj.estrategia.com\/portal\/wp-json\/wp\/v2\/posts"}],"about":[{"href":"https:\/\/cj.estrategia.com\/portal\/wp-json\/wp\/v2\/types\/post"}],"author":[{"embeddable":true,"href":"https:\/\/cj.estrategia.com\/portal\/wp-json\/wp\/v2\/users\/185"}],"replies":[{"embeddable":true,"href":"https:\/\/cj.estrategia.com\/portal\/wp-json\/wp\/v2\/comments?post=197073"}],"version-history":[{"count":2,"href":"https:\/\/cj.estrategia.com\/portal\/wp-json\/wp\/v2\/posts\/197073\/revisions"}],"predecessor-version":[{"id":197242,"href":"https:\/\/cj.estrategia.com\/portal\/wp-json\/wp\/v2\/posts\/197073\/revisions\/197242"}],"wp:featuredmedia":[{"embeddable":true,"href":"https:\/\/cj.estrategia.com\/portal\/wp-json\/wp\/v2\/media\/177745"}],"wp:attachment":[{"href":"https:\/\/cj.estrategia.com\/portal\/wp-json\/wp\/v2\/media?parent=197073"}],"wp:term":[{"taxonomy":"category","embeddable":true,"href":"https:\/\/cj.estrategia.com\/portal\/wp-json\/wp\/v2\/categories?post=197073"},{"taxonomy":"post_tag","embeddable":true,"href":"https:\/\/cj.estrategia.com\/portal\/wp-json\/wp\/v2\/tags?post=197073"},{"taxonomy":"tax_estado","embeddable":true,"href":"https:\/\/cj.estrategia.com\/portal\/wp-json\/wp\/v2\/tax_estado?post=197073"}],"curies":[{"name":"wp","href":"https:\/\/api.w.org\/{rel}","templated":true}]}}