{"id":197068,"date":"2026-09-02T07:00:00","date_gmt":"2026-09-02T10:00:00","guid":{"rendered":"https:\/\/cj.estrategia.com\/portal\/?p=197068"},"modified":"2026-09-01T18:23:20","modified_gmt":"2026-09-01T21:23:20","slug":"e-permitida-consulta-a-legislacao-na-prova-discursiva-de-delegado-pr","status":"publish","type":"post","link":"https:\/\/cj.estrategia.com\/portal\/e-permitida-consulta-a-legislacao-na-prova-discursiva-de-delegado-pr\/","title":{"rendered":"\u00c9 permitida consulta \u00e0 legisla\u00e7\u00e3o na prova discursiva de Delegado PR?"},"content":{"rendered":"\n<p class=\"wp-block-paragraph\">Uma das d\u00favidas mais frequentes entre os concurseiros que disputam uma vaga na Pol\u00edcia Civil do Estado do Paran\u00e1 (PCPR) foi esclarecida com a publica\u00e7\u00e3o do edital do novo certame. <\/p>\n\n\n\n<p class=\"wp-block-paragraph\">A resposta \u00e9 <strong>sim: \u00e9 permitida a consulta \u00e0 legisla\u00e7\u00e3o na Prova Discursiva para o cargo de Delegado de Pol\u00edcia<\/strong>.<\/p>\n\n\n\n<p class=\"wp-block-paragraph\">No entanto, a banca examinadora estabeleceu regras r\u00edgidas sobre o tipo de material que poder\u00e1 ser levado para o exame, a fim de garantir a isonomia do processo seletivo.<\/p>\n\n\n\n<div class=\"container\" id=\"boxes\">\n  <div class=\"row\">\n\n    <div class=\"col-sm\">\n      <div class=\"banner-ecj-delegado\" id=\"box-assinatura\">\n        <h2 id=\"cursos-para-concurso-delegado-pr\" class=\"titulo-assinatura\"><span style=\"color: #ffffff; font-size: 23px; \">Cursos para Concurso Delegado PR<\/span><\/h2>\n        <p class=\"subtitulo-assinatura\">Cursos focados no edital!<\/p>\n        <div class=\"box-botao\">\n          <a class=\"btn-assinatura-juridica\" target=\"_blank\" href=\"https:\/\/cj.estrategia.com\/concurso\/pc-pr\" role=\"button\" rel=\"noopener noreferrer\">CLIQUE AQUI<\/a>\n        <\/div>\n      <\/div>\n<\/p>\n    <\/div>\n\n  <\/div>\n<\/div>\n\n\n\n<h2 id=\"h-delegado-pr-o-que-pode-e-o-que-nao-pode-levar\" class=\"wp-block-heading\"><span id=\"delegado-pr-o-que-pode-e-o-que-nao-pode-levar\">Delegado PR: o que pode e o que n\u00e3o pode levar<\/span><\/h2>\n\n\n\n<p class=\"wp-block-paragraph\">Para consultar as leis durante a prova, o candidato deve ficar atento \u00e0s restri\u00e7\u00f5es do edital:<\/p>\n\n\n\n<ul class=\"wp-block-list\">\n<li><strong>Permitido:<\/strong> Legisla\u00e7\u00e3o seca editada em livro, sendo autorizados apenas grifos com marca-texto ou sublinhados.<\/li>\n\n\n\n<li><strong>Proibido:<\/strong> Livros com anota\u00e7\u00f5es, coment\u00e1rios, jurisprud\u00eancias, s\u00famulas, orienta\u00e7\u00f5es de tribunais, \u00edndices com nomenclaturas doutrin\u00e1rias ou qualquer tipo de roteiro e esquema para elabora\u00e7\u00e3o de pe\u00e7as.<\/li>\n<\/ul>\n\n\n\n<p class=\"wp-block-paragraph\">Todo o material de consulta passar\u00e1 por uma vistoria rigorosa das equipes de aplica\u00e7\u00e3o antes do in\u00edcio da avalia\u00e7\u00e3o. Caso o material esteja em desacordo, o uso ser\u00e1 recolhido ou vetado.<\/p>\n\n\n\n<h2 id=\"h-detalhes-da-prova-discursiva\" class=\"wp-block-heading\"><span id=\"detalhes-da-prova-discursiva\">Detalhes da Prova Discursiva<\/span><\/h2>\n\n\n\n<p class=\"wp-block-paragraph\">A Prova Discursiva ser\u00e1 aplicada no dia <strong>20 de dezembro de 2026<\/strong>, no turno da tarde, na cidade de Curitiba\/PR. A avalia\u00e7\u00e3o ter\u00e1 valor total de 100 pontos e exigir\u00e1 nota m\u00ednima de 50% para aprova\u00e7\u00e3o:<\/p>\n\n\n\n<ul class=\"wp-block-list\">\n<li><strong>4 Quest\u00f5es Discursivas<\/strong> (at\u00e9 20 linhas cada, valendo 15 pontos cada): abrangendo Direito Penal, Direito Processual Penal, Legisla\u00e7\u00e3o Extravagante e Direito Constitucional.<\/li>\n\n\n\n<li><strong>1 Pe\u00e7a Pr\u00e1tica-Profissional<\/strong> (at\u00e9 60 linhas, valendo 40 pontos): focada em medidas cautelares t\u00edpicas da fun\u00e7\u00e3o policial, como representa\u00e7\u00e3o por pris\u00e3o, busca e apreens\u00e3o ou quebra de sigilo.<\/li>\n<\/ul>\n\n\n\n<p class=\"has-text-align-center has-very-light-gray-to-cyan-bluish-gray-gradient-background has-background wp-block-paragraph\"><strong>Saiba mais: <a href=\"https:\/\/cj.estrategia.com\/portal\/concurso-delegado-pr\/\" target=\"_blank\" >Concurso Delegado PR<\/a><\/strong><\/p>\n\n\n\n<p class=\"has-text-align-center wp-block-paragraph\" id=\"cursos\" style=\"font-size:26px\"><strong>Quer saber tudo sobre concursos previstos?<br>Confira nossos artigos!<\/strong><\/p>\n\n\n\n<ul class=\"wp-block-list\">\n<li><a href=\"https:\/\/cj.estrategia.com\/portal\/concursos-abertos-carreiras-juridicas\/\">Concurso jur\u00eddicos abertos<\/a><\/li>\n\n\n\n<li><a href=\"https:\/\/cj.estrategia.com\/portal\/concursos-juridicos-2026-prepare-se-para-os-proximos-editais\/\" target=\"_blank\" >Concursos Jur\u00eddicos 2026<\/a><\/li>\n\n\n\n<li><a href=\"https:\/\/cj.estrategia.com\/portal\/concursos-delegado\/\" target=\"_blank\" >Concursos delegados<\/a><\/li>\n<\/ul>\n\n\n\n<p class=\"has-text-align-center wp-block-paragraph\" id=\"cursos\" style=\"font-size:26px\"><strong>Assinatura Jur\u00eddica<\/strong><\/p>\n\n\n\n<div class=\"wp-block-cover\" style=\"min-height:155px;aspect-ratio:unset;\"><img decoding=\"async\" width=\"1890\" height=\"351\" class=\"wp-block-cover__image-background wp-image-8669\" alt=\"Assinaturas Jur\u00eddicas\" src=\"https:\/\/cj.estrategia.com\/portal\/wp-content\/uploads\/2022\/06\/20151253\/concurso-carreiras-juridicas-assinatura-juridica.jpg\" style=\"object-position:78% 43%\" data-object-fit=\"cover\" data-object-position=\"78% 43%\" srcset=\"https:\/\/cdn-blog-cj.estrategia.com\/portal\/wp-content\/uploads\/2022\/06\/20151253\/concurso-carreiras-juridicas-assinatura-juridica.jpg 1890w, https:\/\/cdn-blog-cj.estrategia.com\/portal\/wp-content\/uploads\/2022\/06\/20151253\/concurso-carreiras-juridicas-assinatura-juridica-300x56.jpg 300w, https:\/\/cdn-blog-cj.estrategia.com\/portal\/wp-content\/uploads\/2022\/06\/20151253\/concurso-carreiras-juridicas-assinatura-juridica-1024x190.jpg 1024w, https:\/\/cdn-blog-cj.estrategia.com\/portal\/wp-content\/uploads\/2022\/06\/20151253\/concurso-carreiras-juridicas-assinatura-juridica-768x143.jpg 768w, https:\/\/cdn-blog-cj.estrategia.com\/portal\/wp-content\/uploads\/2022\/06\/20151253\/concurso-carreiras-juridicas-assinatura-juridica-1536x285.jpg 1536w, https:\/\/cdn-blog-cj.estrategia.com\/portal\/wp-content\/uploads\/2022\/06\/20151253\/concurso-carreiras-juridicas-assinatura-juridica-380x71.jpg 380w, https:\/\/cdn-blog-cj.estrategia.com\/portal\/wp-content\/uploads\/2022\/06\/20151253\/concurso-carreiras-juridicas-assinatura-juridica-800x149.jpg 800w, https:\/\/cdn-blog-cj.estrategia.com\/portal\/wp-content\/uploads\/2022\/06\/20151253\/concurso-carreiras-juridicas-assinatura-juridica-1160x215.jpg 1160w\" sizes=\"(max-width: 1890px) 100vw, 1890px\" \/><span aria-hidden=\"true\" class=\"wp-block-cover__background has-background-dim\"><\/span><div class=\"wp-block-cover__inner-container is-layout-flow wp-block-cover-is-layout-flow\">\n<h3 id=\"faca-a-sua-assinatura\" class=\"titulo-assinatura\"><span style=\"color: #ffffff;\">Fa\u00e7a a sua assinatura!<\/span><\/h3>\n<p class=\"subtitulo-assinatura\" style=\"display:block!important; line-height: 0;\"><span style=\"color: #ffffff;\">Escolha a sua \u00e1rea.<\/span><\/p>\n<a target=\"_blank\" href=\"https:\/\/www.estrategiaconcursos.com.br\/assinaturas-ecj\/\" rel=\"noopener\"><button style=\"border-radius: 10px; text-transform: capitalize;\">Acessar<\/button><\/a>\n<\/div><\/div>\n","protected":false},"excerpt":{"rendered":"Saiba se \u00e9 permitida consulta \u00e0 legisla\u00e7\u00e3o na prova discursiva de Delegado PR e conhe\u00e7a as regras do edital.\n","protected":false},"author":12,"featured_media":177678,"comment_status":"open","ping_status":"open","sticky":false,"template":"","format":"standard","meta":{"_acf_changed":false,"_jetpack_newsletter_access":"","_jetpack_dont_email_post_to_subs":false,"_jetpack_newsletter_tier_id":0,"_jetpack_memberships_contains_paywalled_content":false,"_jetpack_feature_clip_id":0,"_jetpack_memberships_contains_paid_content":false,"footnotes":"","jetpack_post_was_ever_published":false},"categories":[28],"tags":[],"tax_estado":[48],"class_list":["post-197068","post","type-post","status-publish","format-standard","has-post-thumbnail","category-delegado","tax_estado-pr"],"acf":[],"yoast_head":"<!-- This site is optimized with the Yoast SEO Premium plugin v28.3 (Yoast SEO v28.3) - https:\/\/yoast.com\/product\/yoast-seo-premium-wordpress\/ -->\n<title>\u00c9 permitida consulta \u00e0 legisla\u00e7\u00e3o na prova discursiva de Delegado PR?<\/title>\n<meta name=\"description\" content=\"Saiba se \u00e9 permitida consulta \u00e0 legisla\u00e7\u00e3o na prova discursiva de Delegado PR e conhe\u00e7a as regras do edital.\" \/>\n<meta name=\"robots\" content=\"index, follow, max-snippet:-1, max-image-preview:large, max-video-preview:-1\" \/>\n<link rel=\"canonical\" href=\"https:\/\/cj.estrategia.com\/portal\/e-permitida-consulta-a-legislacao-na-prova-discursiva-de-delegado-pr\/\" \/>\n<meta property=\"og:locale\" content=\"pt_BR\" \/>\n<meta property=\"og:type\" content=\"article\" \/>\n<meta property=\"og:title\" content=\"\u00c9 permitida consulta \u00e0 legisla\u00e7\u00e3o na prova discursiva de Delegado PR?\" \/>\n<meta property=\"og:description\" content=\"Saiba se \u00e9 permitida consulta \u00e0 legisla\u00e7\u00e3o na prova discursiva de Delegado PR e conhe\u00e7a as regras do edital.\" \/>\n<meta property=\"og:url\" content=\"https:\/\/cj.estrategia.com\/portal\/e-permitida-consulta-a-legislacao-na-prova-discursiva-de-delegado-pr\/\" \/>\n<meta property=\"og:site_name\" content=\"Blog - Carreiras Jur\u00eddicas - Estrat\u00e9gia\" \/>\n<meta property=\"article:publisher\" content=\"https:\/\/www.facebook.com\/estrategiacarreirajuridica\/\" \/>\n<meta property=\"article:published_time\" content=\"2026-09-02T10:00:00+00:00\" \/>\n<meta property=\"og:image\" content=\"https:\/\/cdn-blog-cj.estrategia.com\/portal\/wp-content\/uploads\/2026\/01\/04103859\/CAPA-2.jpg\" \/>\n\t<meta property=\"og:image:width\" content=\"2459\" \/>\n\t<meta property=\"og:image:height\" content=\"1383\" \/>\n\t<meta property=\"og:image:type\" content=\"image\/jpeg\" \/>\n<meta name=\"author\" content=\"Coordena\u00e7\u00e3o\" \/>\n<meta name=\"twitter:card\" content=\"summary_large_image\" \/>\n<meta name=\"twitter:creator\" content=\"@EstratJuridica\" \/>\n<meta name=\"twitter:site\" content=\"@EstratJuridica\" \/>\n<meta name=\"twitter:label1\" content=\"Escrito por\" \/>\n\t<meta name=\"twitter:data1\" content=\"Coordena\u00e7\u00e3o\" \/>\n\t<meta name=\"twitter:label2\" content=\"Est. tempo de leitura\" \/>\n\t<meta name=\"twitter:data2\" content=\"3 minutos\" \/>\n<script type=\"application\/ld+json\" class=\"yoast-schema-graph\">{\"@context\":\"https:\\\/\\\/schema.org\",\"@graph\":[{\"@type\":\"NewsArticle\",\"@id\":\"https:\\\/\\\/cj.estrategia.com\\\/portal\\\/e-permitida-consulta-a-legislacao-na-prova-discursiva-de-delegado-pr\\\/#article\",\"isPartOf\":{\"@id\":\"https:\\\/\\\/cj.estrategia.com\\\/portal\\\/e-permitida-consulta-a-legislacao-na-prova-discursiva-de-delegado-pr\\\/\"},\"author\":{\"name\":\"Coordena\u00e7\u00e3o\",\"@id\":\"https:\\\/\\\/cj.estrategia.com\\\/portal\\\/#\\\/schema\\\/person\\\/4d70317d31449932b99102916b6637f5\"},\"headline\":\"\u00c9 permitida consulta \u00e0 legisla\u00e7\u00e3o na prova discursiva de Delegado PR?\",\"datePublished\":\"2026-09-02T10:00:00+00:00\",\"mainEntityOfPage\":{\"@id\":\"https:\\\/\\\/cj.estrategia.com\\\/portal\\\/e-permitida-consulta-a-legislacao-na-prova-discursiva-de-delegado-pr\\\/\"},\"wordCount\":333,\"commentCount\":0,\"publisher\":{\"@id\":\"https:\\\/\\\/cj.estrategia.com\\\/portal\\\/#organization\"},\"image\":{\"@id\":\"https:\\\/\\\/cj.estrategia.com\\\/portal\\\/e-permitida-consulta-a-legislacao-na-prova-discursiva-de-delegado-pr\\\/#primaryimage\"},\"thumbnailUrl\":\"https:\\\/\\\/cdn-blog-cj.estrategia.com\\\/portal\\\/wp-content\\\/uploads\\\/2026\\\/01\\\/04103859\\\/CAPA-2.jpg\",\"articleSection\":[\"Delegado\"],\"inLanguage\":\"pt-BR\",\"potentialAction\":[{\"@type\":\"CommentAction\",\"name\":\"Comment\",\"target\":[\"https:\\\/\\\/cj.estrategia.com\\\/portal\\\/e-permitida-consulta-a-legislacao-na-prova-discursiva-de-delegado-pr\\\/#respond\"]}]},{\"@type\":\"WebPage\",\"@id\":\"https:\\\/\\\/cj.estrategia.com\\\/portal\\\/e-permitida-consulta-a-legislacao-na-prova-discursiva-de-delegado-pr\\\/\",\"url\":\"https:\\\/\\\/cj.estrategia.com\\\/portal\\\/e-permitida-consulta-a-legislacao-na-prova-discursiva-de-delegado-pr\\\/\",\"name\":\"\u00c9 permitida consulta \u00e0 legisla\u00e7\u00e3o na prova discursiva de Delegado PR?\",\"isPartOf\":{\"@id\":\"https:\\\/\\\/cj.estrategia.com\\\/portal\\\/#website\"},\"primaryImageOfPage\":{\"@id\":\"https:\\\/\\\/cj.estrategia.com\\\/portal\\\/e-permitida-consulta-a-legislacao-na-prova-discursiva-de-delegado-pr\\\/#primaryimage\"},\"image\":{\"@id\":\"https:\\\/\\\/cj.estrategia.com\\\/portal\\\/e-permitida-consulta-a-legislacao-na-prova-discursiva-de-delegado-pr\\\/#primaryimage\"},\"thumbnailUrl\":\"https:\\\/\\\/cdn-blog-cj.estrategia.com\\\/portal\\\/wp-content\\\/uploads\\\/2026\\\/01\\\/04103859\\\/CAPA-2.jpg\",\"datePublished\":\"2026-09-02T10:00:00+00:00\",\"description\":\"Saiba se \u00e9 permitida consulta \u00e0 legisla\u00e7\u00e3o na prova discursiva de Delegado PR e conhe\u00e7a as regras do edital.\",\"breadcrumb\":{\"@id\":\"https:\\\/\\\/cj.estrategia.com\\\/portal\\\/e-permitida-consulta-a-legislacao-na-prova-discursiva-de-delegado-pr\\\/#breadcrumb\"},\"inLanguage\":\"pt-BR\",\"potentialAction\":[{\"@type\":\"ReadAction\",\"target\":[\"https:\\\/\\\/cj.estrategia.com\\\/portal\\\/e-permitida-consulta-a-legislacao-na-prova-discursiva-de-delegado-pr\\\/\"]}]},{\"@type\":\"ImageObject\",\"inLanguage\":\"pt-BR\",\"@id\":\"https:\\\/\\\/cj.estrategia.com\\\/portal\\\/e-permitida-consulta-a-legislacao-na-prova-discursiva-de-delegado-pr\\\/#primaryimage\",\"url\":\"https:\\\/\\\/cdn-blog-cj.estrategia.com\\\/portal\\\/wp-content\\\/uploads\\\/2026\\\/01\\\/04103859\\\/CAPA-2.jpg\",\"contentUrl\":\"https:\\\/\\\/cdn-blog-cj.estrategia.com\\\/portal\\\/wp-content\\\/uploads\\\/2026\\\/01\\\/04103859\\\/CAPA-2.jpg\",\"width\":2459,\"height\":1383},{\"@type\":\"BreadcrumbList\",\"@id\":\"https:\\\/\\\/cj.estrategia.com\\\/portal\\\/e-permitida-consulta-a-legislacao-na-prova-discursiva-de-delegado-pr\\\/#breadcrumb\",\"itemListElement\":[{\"@type\":\"ListItem\",\"position\":1,\"name\":\"In\u00edcio\",\"item\":\"https:\\\/\\\/cj.estrategia.com\\\/portal\\\/\"},{\"@type\":\"ListItem\",\"position\":2,\"name\":\"\u00c9 permitida consulta \u00e0 legisla\u00e7\u00e3o na prova discursiva de Delegado PR?\"}]},{\"@type\":\"WebSite\",\"@id\":\"https:\\\/\\\/cj.estrategia.com\\\/portal\\\/#website\",\"url\":\"https:\\\/\\\/cj.estrategia.com\\\/portal\\\/\",\"name\":\"Blog - Carreiras Jur\u00eddicas - Estrat\u00e9gia\",\"description\":\"\",\"publisher\":{\"@id\":\"https:\\\/\\\/cj.estrategia.com\\\/portal\\\/#organization\"},\"potentialAction\":[{\"@type\":\"SearchAction\",\"target\":{\"@type\":\"EntryPoint\",\"urlTemplate\":\"https:\\\/\\\/cj.estrategia.com\\\/portal\\\/?s={search_term_string}\"},\"query-input\":{\"@type\":\"PropertyValueSpecification\",\"valueRequired\":true,\"valueName\":\"search_term_string\"}}],\"inLanguage\":\"pt-BR\"},{\"@type\":\"Organization\",\"@id\":\"https:\\\/\\\/cj.estrategia.com\\\/portal\\\/#organization\",\"name\":\"Estrat\u00e9gia - Carreiras Jur\u00eddicas\",\"url\":\"https:\\\/\\\/cj.estrategia.com\\\/portal\\\/\",\"logo\":{\"@type\":\"ImageObject\",\"inLanguage\":\"pt-BR\",\"@id\":\"https:\\\/\\\/cj.estrategia.com\\\/portal\\\/#\\\/schema\\\/logo\\\/image\\\/\",\"url\":\"https:\\\/\\\/cj.estrategia.com\\\/portal\\\/wp-content\\\/uploads\\\/2022\\\/03\\\/11151052\\\/cj-logo.png\",\"contentUrl\":\"https:\\\/\\\/cj.estrategia.com\\\/portal\\\/wp-content\\\/uploads\\\/2022\\\/03\\\/11151052\\\/cj-logo.png\",\"width\":150,\"height\":39,\"caption\":\"Estrat\u00e9gia - Carreiras Jur\u00eddicas\"},\"image\":{\"@id\":\"https:\\\/\\\/cj.estrategia.com\\\/portal\\\/#\\\/schema\\\/logo\\\/image\\\/\"},\"sameAs\":[\"https:\\\/\\\/www.facebook.com\\\/estrategiacarreirajuridica\\\/\",\"https:\\\/\\\/x.com\\\/EstratJuridica\",\"https:\\\/\\\/www.instagram.com\\\/estrategiacarreirajuridica\\\/\",\"https:\\\/\\\/www.youtube.com\\\/channel\\\/UClbMGuYbj2Mh1m3w144ETWQ\"]},{\"@type\":\"Person\",\"@id\":\"https:\\\/\\\/cj.estrategia.com\\\/portal\\\/#\\\/schema\\\/person\\\/4d70317d31449932b99102916b6637f5\",\"name\":\"Coordena\u00e7\u00e3o\",\"image\":{\"@type\":\"ImageObject\",\"inLanguage\":\"pt-BR\",\"@id\":\"https:\\\/\\\/cdn-blog-cj.estrategia.com\\\/portal\\\/wp-content\\\/uploads\\\/2022\\\/05\\\/12164923\\\/estrategia-carreira-juridica-coordenacao-96x96.png\",\"url\":\"https:\\\/\\\/cdn-blog-cj.estrategia.com\\\/portal\\\/wp-content\\\/uploads\\\/2022\\\/05\\\/12164923\\\/estrategia-carreira-juridica-coordenacao-96x96.png\",\"contentUrl\":\"https:\\\/\\\/cdn-blog-cj.estrategia.com\\\/portal\\\/wp-content\\\/uploads\\\/2022\\\/05\\\/12164923\\\/estrategia-carreira-juridica-coordenacao-96x96.png\",\"caption\":\"Coordena\u00e7\u00e3o\"},\"url\":\"https:\\\/\\\/cj.estrategia.com\\\/portal\\\/author\\\/coordenacao\\\/\"}]}<\/script>\n<!-- \/ Yoast SEO Premium plugin. -->","yoast_head_json":{"title":"\u00c9 permitida consulta \u00e0 legisla\u00e7\u00e3o na prova discursiva de Delegado PR?","description":"Saiba se \u00e9 permitida consulta \u00e0 legisla\u00e7\u00e3o na prova discursiva de Delegado PR e conhe\u00e7a as regras do edital.","robots":{"index":"index","follow":"follow","max-snippet":"max-snippet:-1","max-image-preview":"max-image-preview:large","max-video-preview":"max-video-preview:-1"},"canonical":"https:\/\/cj.estrategia.com\/portal\/e-permitida-consulta-a-legislacao-na-prova-discursiva-de-delegado-pr\/","og_locale":"pt_BR","og_type":"article","og_title":"\u00c9 permitida consulta \u00e0 legisla\u00e7\u00e3o na prova discursiva de Delegado PR?","og_description":"Saiba se \u00e9 permitida consulta \u00e0 legisla\u00e7\u00e3o na prova discursiva de Delegado PR e conhe\u00e7a as regras do edital.","og_url":"https:\/\/cj.estrategia.com\/portal\/e-permitida-consulta-a-legislacao-na-prova-discursiva-de-delegado-pr\/","og_site_name":"Blog - Carreiras Jur\u00eddicas - Estrat\u00e9gia","article_publisher":"https:\/\/www.facebook.com\/estrategiacarreirajuridica\/","article_published_time":"2026-09-02T10:00:00+00:00","og_image":[{"width":2459,"height":1383,"url":"https:\/\/cdn-blog-cj.estrategia.com\/portal\/wp-content\/uploads\/2026\/01\/04103859\/CAPA-2.jpg","type":"image\/jpeg"}],"author":"Coordena\u00e7\u00e3o","twitter_card":"summary_large_image","twitter_creator":"@EstratJuridica","twitter_site":"@EstratJuridica","twitter_misc":{"Escrito por":"Coordena\u00e7\u00e3o","Est. tempo de leitura":"3 minutos"},"schema":{"@context":"https:\/\/schema.org","@graph":[{"@type":"NewsArticle","@id":"https:\/\/cj.estrategia.com\/portal\/e-permitida-consulta-a-legislacao-na-prova-discursiva-de-delegado-pr\/#article","isPartOf":{"@id":"https:\/\/cj.estrategia.com\/portal\/e-permitida-consulta-a-legislacao-na-prova-discursiva-de-delegado-pr\/"},"author":{"name":"Coordena\u00e7\u00e3o","@id":"https:\/\/cj.estrategia.com\/portal\/#\/schema\/person\/4d70317d31449932b99102916b6637f5"},"headline":"\u00c9 permitida consulta \u00e0 legisla\u00e7\u00e3o na prova discursiva de Delegado PR?","datePublished":"2026-09-02T10:00:00+00:00","mainEntityOfPage":{"@id":"https:\/\/cj.estrategia.com\/portal\/e-permitida-consulta-a-legislacao-na-prova-discursiva-de-delegado-pr\/"},"wordCount":333,"commentCount":0,"publisher":{"@id":"https:\/\/cj.estrategia.com\/portal\/#organization"},"image":{"@id":"https:\/\/cj.estrategia.com\/portal\/e-permitida-consulta-a-legislacao-na-prova-discursiva-de-delegado-pr\/#primaryimage"},"thumbnailUrl":"https:\/\/cdn-blog-cj.estrategia.com\/portal\/wp-content\/uploads\/2026\/01\/04103859\/CAPA-2.jpg","articleSection":["Delegado"],"inLanguage":"pt-BR","potentialAction":[{"@type":"CommentAction","name":"Comment","target":["https:\/\/cj.estrategia.com\/portal\/e-permitida-consulta-a-legislacao-na-prova-discursiva-de-delegado-pr\/#respond"]}]},{"@type":"WebPage","@id":"https:\/\/cj.estrategia.com\/portal\/e-permitida-consulta-a-legislacao-na-prova-discursiva-de-delegado-pr\/","url":"https:\/\/cj.estrategia.com\/portal\/e-permitida-consulta-a-legislacao-na-prova-discursiva-de-delegado-pr\/","name":"\u00c9 permitida consulta \u00e0 legisla\u00e7\u00e3o na prova discursiva de Delegado PR?","isPartOf":{"@id":"https:\/\/cj.estrategia.com\/portal\/#website"},"primaryImageOfPage":{"@id":"https:\/\/cj.estrategia.com\/portal\/e-permitida-consulta-a-legislacao-na-prova-discursiva-de-delegado-pr\/#primaryimage"},"image":{"@id":"https:\/\/cj.estrategia.com\/portal\/e-permitida-consulta-a-legislacao-na-prova-discursiva-de-delegado-pr\/#primaryimage"},"thumbnailUrl":"https:\/\/cdn-blog-cj.estrategia.com\/portal\/wp-content\/uploads\/2026\/01\/04103859\/CAPA-2.jpg","datePublished":"2026-09-02T10:00:00+00:00","description":"Saiba se \u00e9 permitida consulta \u00e0 legisla\u00e7\u00e3o na prova discursiva de Delegado PR e conhe\u00e7a as regras do edital.","breadcrumb":{"@id":"https:\/\/cj.estrategia.com\/portal\/e-permitida-consulta-a-legislacao-na-prova-discursiva-de-delegado-pr\/#breadcrumb"},"inLanguage":"pt-BR","potentialAction":[{"@type":"ReadAction","target":["https:\/\/cj.estrategia.com\/portal\/e-permitida-consulta-a-legislacao-na-prova-discursiva-de-delegado-pr\/"]}]},{"@type":"ImageObject","inLanguage":"pt-BR","@id":"https:\/\/cj.estrategia.com\/portal\/e-permitida-consulta-a-legislacao-na-prova-discursiva-de-delegado-pr\/#primaryimage","url":"https:\/\/cdn-blog-cj.estrategia.com\/portal\/wp-content\/uploads\/2026\/01\/04103859\/CAPA-2.jpg","contentUrl":"https:\/\/cdn-blog-cj.estrategia.com\/portal\/wp-content\/uploads\/2026\/01\/04103859\/CAPA-2.jpg","width":2459,"height":1383},{"@type":"BreadcrumbList","@id":"https:\/\/cj.estrategia.com\/portal\/e-permitida-consulta-a-legislacao-na-prova-discursiva-de-delegado-pr\/#breadcrumb","itemListElement":[{"@type":"ListItem","position":1,"name":"In\u00edcio","item":"https:\/\/cj.estrategia.com\/portal\/"},{"@type":"ListItem","position":2,"name":"\u00c9 permitida consulta \u00e0 legisla\u00e7\u00e3o na prova discursiva de Delegado PR?"}]},{"@type":"WebSite","@id":"https:\/\/cj.estrategia.com\/portal\/#website","url":"https:\/\/cj.estrategia.com\/portal\/","name":"Blog - Carreiras Jur\u00eddicas - Estrat\u00e9gia","description":"","publisher":{"@id":"https:\/\/cj.estrategia.com\/portal\/#organization"},"potentialAction":[{"@type":"SearchAction","target":{"@type":"EntryPoint","urlTemplate":"https:\/\/cj.estrategia.com\/portal\/?s={search_term_string}"},"query-input":{"@type":"PropertyValueSpecification","valueRequired":true,"valueName":"search_term_string"}}],"inLanguage":"pt-BR"},{"@type":"Organization","@id":"https:\/\/cj.estrategia.com\/portal\/#organization","name":"Estrat\u00e9gia - Carreiras Jur\u00eddicas","url":"https:\/\/cj.estrategia.com\/portal\/","logo":{"@type":"ImageObject","inLanguage":"pt-BR","@id":"https:\/\/cj.estrategia.com\/portal\/#\/schema\/logo\/image\/","url":"https:\/\/cj.estrategia.com\/portal\/wp-content\/uploads\/2022\/03\/11151052\/cj-logo.png","contentUrl":"https:\/\/cj.estrategia.com\/portal\/wp-content\/uploads\/2022\/03\/11151052\/cj-logo.png","width":150,"height":39,"caption":"Estrat\u00e9gia - Carreiras Jur\u00eddicas"},"image":{"@id":"https:\/\/cj.estrategia.com\/portal\/#\/schema\/logo\/image\/"},"sameAs":["https:\/\/www.facebook.com\/estrategiacarreirajuridica\/","https:\/\/x.com\/EstratJuridica","https:\/\/www.instagram.com\/estrategiacarreirajuridica\/","https:\/\/www.youtube.com\/channel\/UClbMGuYbj2Mh1m3w144ETWQ"]},{"@type":"Person","@id":"https:\/\/cj.estrategia.com\/portal\/#\/schema\/person\/4d70317d31449932b99102916b6637f5","name":"Coordena\u00e7\u00e3o","image":{"@type":"ImageObject","inLanguage":"pt-BR","@id":"https:\/\/cdn-blog-cj.estrategia.com\/portal\/wp-content\/uploads\/2022\/05\/12164923\/estrategia-carreira-juridica-coordenacao-96x96.png","url":"https:\/\/cdn-blog-cj.estrategia.com\/portal\/wp-content\/uploads\/2022\/05\/12164923\/estrategia-carreira-juridica-coordenacao-96x96.png","contentUrl":"https:\/\/cdn-blog-cj.estrategia.com\/portal\/wp-content\/uploads\/2022\/05\/12164923\/estrategia-carreira-juridica-coordenacao-96x96.png","caption":"Coordena\u00e7\u00e3o"},"url":"https:\/\/cj.estrategia.com\/portal\/author\/coordenacao\/"}]}},"jetpack_sharing_enabled":true,"jetpack_featured_media_url":"https:\/\/cdn-blog-cj.estrategia.com\/portal\/wp-content\/uploads\/2026\/01\/04103859\/CAPA-2.jpg","_links":{"self":[{"href":"https:\/\/cj.estrategia.com\/portal\/wp-json\/wp\/v2\/posts\/197068","targetHints":{"allow":["GET"]}}],"collection":[{"href":"https:\/\/cj.estrategia.com\/portal\/wp-json\/wp\/v2\/posts"}],"about":[{"href":"https:\/\/cj.estrategia.com\/portal\/wp-json\/wp\/v2\/types\/post"}],"author":[{"embeddable":true,"href":"https:\/\/cj.estrategia.com\/portal\/wp-json\/wp\/v2\/users\/12"}],"replies":[{"embeddable":true,"href":"https:\/\/cj.estrategia.com\/portal\/wp-json\/wp\/v2\/comments?post=197068"}],"version-history":[{"count":2,"href":"https:\/\/cj.estrategia.com\/portal\/wp-json\/wp\/v2\/posts\/197068\/revisions"}],"predecessor-version":[{"id":197071,"href":"https:\/\/cj.estrategia.com\/portal\/wp-json\/wp\/v2\/posts\/197068\/revisions\/197071"}],"wp:featuredmedia":[{"embeddable":true,"href":"https:\/\/cj.estrategia.com\/portal\/wp-json\/wp\/v2\/media\/177678"}],"wp:attachment":[{"href":"https:\/\/cj.estrategia.com\/portal\/wp-json\/wp\/v2\/media?parent=197068"}],"wp:term":[{"taxonomy":"category","embeddable":true,"href":"https:\/\/cj.estrategia.com\/portal\/wp-json\/wp\/v2\/categories?post=197068"},{"taxonomy":"post_tag","embeddable":true,"href":"https:\/\/cj.estrategia.com\/portal\/wp-json\/wp\/v2\/tags?post=197068"},{"taxonomy":"tax_estado","embeddable":true,"href":"https:\/\/cj.estrategia.com\/portal\/wp-json\/wp\/v2\/tax_estado?post=197068"}],"curies":[{"name":"wp","href":"https:\/\/api.w.org\/{rel}","templated":true}]}}