{"id":196706,"date":"2026-09-01T09:06:00","date_gmt":"2026-09-01T12:06:00","guid":{"rendered":"https:\/\/cj.estrategia.com\/portal\/?p=196706"},"modified":"2026-09-01T16:31:50","modified_gmt":"2026-09-01T19:31:50","slug":"calendario-enac-2026-2","status":"publish","type":"post","link":"https:\/\/cj.estrategia.com\/portal\/calendario-enac-2026-2\/","title":{"rendered":"Calend\u00e1rio ENAC 2026.2: confira as datas do edital publicado"},"content":{"rendered":"\n<p class=\"has-medium-font-size wp-block-paragraph\"><strong><em>Inscri\u00e7\u00f5es para a 4\u00aa edi\u00e7\u00e3o do Exame Nacional dos Cart\u00f3rios (ENAC) v\u00e3o at\u00e9 29 de setembro. Confira o calend\u00e1rio completo do ENAC 2026.2<\/em><\/strong><\/p>\n\n\n<a id=\"cta-icon\" href=\"https:\/\/sndflw.com\/i\/cartorios-grupo\" target=\"blank\" style=\"background:rgb(41,166,26)\">\n            <img decoding=\"async\" src=\"https:\/\/cdn-blog-cj.estrategia.com\/portal\/wp-content\/uploads\/2023\/12\/07160657\/whatsapp_1385.webp\" alt=\"\" alt=\"whatsapp_1385\"><span > Acesse agora o Grupo de Estudos para Concursos Cart\u00f3rio <\/span><\/a>\n\n\n\n<p class=\"wp-block-paragraph\">O Conselho Nacional de Justi\u00e7a (CNJ) publicou o <strong>edital do ENAC 2026.2<\/strong> no Di\u00e1rio Oficial da Uni\u00e3o.<\/p>\n\n\n\n<p class=\"wp-block-paragraph\">As <strong>inscri\u00e7\u00f5es j\u00e1 est\u00e3o abertas e seguem at\u00e9 29 de setembro de 202<\/strong>6, pelo site da FGV. A prova objetiva tem data prov\u00e1vel marcada para 22 de novembro de 2026.<\/p>\n\n\n\n<p class=\"wp-block-paragraph\">Confira abaixo todos os detalhes do calend\u00e1rio do ENAC 2026.2!<\/p>\n\n\n\n<div class=\"container\" id=\"boxes\">\n  <div class=\"row\">\n\n    <div class=\"col-sm\">\n      <div class=\"banner-ecj-cartorios\" id=\"box-assinatura\">\n        <h2 id=\"cursos-para-enac\" class=\"titulo-assinatura\"><span style=\"color: #ffffff; font-size: 23px; \">Cursos para ENAC<\/span><\/h2>\n        <p class=\"subtitulo-assinatura\">Cursos focados no edital!<\/p>\n        <div class=\"box-botao\">\n          <a class=\"btn-assinatura-juridica\" target=\"_blank\" href=\"https:\/\/cj.estrategia.com\/concurso\/enac-20261\" role=\"button\" rel=\"noopener noreferrer\">CLIQUE AQUI<\/a>\n        <\/div>\n      <\/div>\n<\/p>\n    <\/div>\n\n  <\/div>\n<\/div>\n\n\n\n<h2 id=\"h-o-que-e-o-enac\" class=\"wp-block-heading\"><span id=\"o-que-e-o-enac\">O que \u00e9 o ENAC<\/span><\/h2>\n\n\n\n<p class=\"wp-block-paragraph\">O Exame Nacional dos Cart\u00f3rios n\u00e3o \u00e9 um concurso p\u00fablico. Trata-se de um exame de habilita\u00e7\u00e3o, de car\u00e1ter eliminat\u00f3rio e n\u00e3o classificat\u00f3rio, sem oferta de vagas e sem lista de aprovados por ordem de coloca\u00e7\u00e3o.<\/p>\n\n\n\n<p class=\"wp-block-paragraph\">Quem atinge a nota m\u00ednima \u00e9 considerado habilitado, n\u00e3o aprovado. O certificado de habilita\u00e7\u00e3o \u00e9 pr\u00e9-requisito para a inscri\u00e7\u00e3o em concursos p\u00fablicos de provimento e remo\u00e7\u00e3o de titularidade de servi\u00e7os notariais e de registro em todo o pa\u00eds.<\/p>\n\n\n\n<p class=\"wp-block-paragraph\">O certificado tem validade de 6 anos, contada da divulga\u00e7\u00e3o do resultado definitivo do exame.<\/p>\n\n\n\n<h2 id=\"h-calendario-do-enac-2026-2\" class=\"wp-block-heading\"><span id=\"calendario-do-enac-2026-2\">Calend\u00e1rio do ENAC 2026.2<\/span><\/h2>\n\n\n\n<ul class=\"wp-block-list\">\n<li><strong>Inscri\u00e7\u00f5es: <\/strong>31 de agosto \u00e0s 16h a 29 de setembro de 2026 \u00e0s 16h<\/li>\n\n\n\n<li><strong>Isen\u00e7\u00e3o da taxa: <\/strong>31 de agosto \u00e0s 16h a 02 de setembro de 2026 \u00e0s 16h<\/li>\n\n\n\n<li><strong>Prazo limite para pagamento do boleto: <\/strong>30 de setembro de 2026<\/li>\n\n\n\n<li><strong>Prazo para upload de documenta\u00e7\u00e3o de heteroidentifica\u00e7\u00e3o: <\/strong>31 de agosto a 06 de novembro de 2026<\/li>\n\n\n\n<li><strong>Prazo para upload de diploma, certificado ou declara\u00e7\u00e3o de atividade notarial: <\/strong>31 de agosto a 06 de novembro de 2026<\/li>\n\n\n\n<li><strong>Rela\u00e7\u00e3o preliminar de inscri\u00e7\u00f5es (PcD, ind\u00edgena e quilombola): <\/strong>08 de outubro de 2026<\/li>\n\n\n\n<li><strong>Publica\u00e7\u00e3o dos locais de prova: <\/strong>16 de novembro de 2026<\/li>\n\n\n\n<li><strong>Data prov\u00e1vel da prova objetiva:<\/strong> 22 de novembro de 2026, das 14h \u00e0s 19h<\/li>\n\n\n\n<li><strong>Gabarito preliminar (data prov\u00e1vel):<\/strong> 24 de novembro de 2026<\/li>\n\n\n\n<li><strong>Resultado definitivo da prova e homologa\u00e7\u00e3o:<\/strong> 18 de janeiro de 2027<\/li>\n<\/ul>\n\n\n\n<p class=\"wp-block-paragraph\">Todas as datas seguem o hor\u00e1rio oficial de Bras\u00edlia.<\/p>\n\n\n\n<h2 id=\"h-inscricoes-e-taxa-do-enac-2026-2\" class=\"wp-block-heading\"><span id=\"inscricoes-e-taxa-do-enac-2026-2\">Inscri\u00e7\u00f5es e taxa do ENAC 2026.2<\/span><\/h2>\n\n\n\n<p class=\"wp-block-paragraph\">As inscri\u00e7\u00f5es s\u00e3o feitas exclusivamente pelo <a href=\"https:\/\/conhecimento.fgv.br\/exames\/enac\/4exame\" target=\"_blank\" >site da FGV<\/a>. A taxa de inscri\u00e7\u00e3o \u00e9 de R$ 150,00, devendo ser paga por GRU at\u00e9 30 de setembro de 2026.<\/p>\n\n\n\n<p class=\"wp-block-paragraph\">H\u00e1 isen\u00e7\u00e3o da taxa para candidatos inscritos no Cad\u00danico, amparados pela Lei n\u00ba 13.656\/2018, para doadores de medula \u00f3ssea e para quem possui renda igual ou inferior ao limite de isen\u00e7\u00e3o do Imposto de Renda de Pessoa F\u00edsica. O pedido de isen\u00e7\u00e3o pode ser feito entre 31 de agosto e 02 de setembro de 2026.<\/p>\n\n\n\n<h3 id=\"h-quem-pode-participar-do-enac-2026-2\" class=\"wp-block-heading\"><span id=\"quem-pode-participar-do-enac-2026-2\">Quem pode participar do ENAC 2026.2<\/span><\/h3>\n\n\n\n<p class=\"wp-block-paragraph\">O edital exige dos candidatos:<\/p>\n\n\n\n<ul class=\"wp-block-list has-very-light-gray-to-cyan-bluish-gray-gradient-background has-background\">\n<li>ter nacionalidade brasileira, nata ou naturalizada, ou naturalidade portuguesa amparada pelo Decreto n\u00ba 70.391\/1972<\/li>\n\n\n\n<li>ter conclu\u00eddo gradua\u00e7\u00e3o em Direito em institui\u00e7\u00e3o reconhecida pelo Minist\u00e9rio da Educa\u00e7\u00e3o (MEC), ou ter exercido, por 10 anos, fun\u00e7\u00e3o em servi\u00e7os notariais ou de registros<\/li>\n\n\n\n<li>ser maior de 18 anos<\/li>\n<\/ul>\n\n\n\n<p class=\"wp-block-paragraph\">Diplomas de p\u00f3s-gradua\u00e7\u00e3o em Direito n\u00e3o s\u00e3o aceitos como comprova\u00e7\u00e3o de conclus\u00e3o do curso de bacharelado.<\/p>\n\n\n\n<h2 id=\"h-como-sera-a-prova-do-enac-2026-2\" class=\"wp-block-heading\"><span id=\"como-sera-a-prova-do-enac-2026-2\">Como ser\u00e1 a prova do ENAC 2026.2<\/span><\/h2>\n\n\n\n<p class=\"wp-block-paragraph\">A prova ter\u00e1 100 quest\u00f5es objetivas, com cinco alternativas e apenas uma resposta correta, distribu\u00eddas da seguinte forma:<\/p>\n\n\n\n<figure class=\"wp-block-table is-style-stripes\"><table class=\"has-very-light-gray-to-cyan-bluish-gray-gradient-background has-background has-fixed-layout\"><thead><tr><th class=\"has-text-align-center\" data-align=\"center\">Disciplina<\/th><th class=\"has-text-align-center\" data-align=\"center\">Quest\u00f5es<\/th><\/tr><\/thead><tbody><tr><td class=\"has-text-align-center\" data-align=\"center\">Direito Notarial e Registral<\/td><td class=\"has-text-align-center\" data-align=\"center\">60<\/td><\/tr><tr><td class=\"has-text-align-center\" data-align=\"center\">Direito Civil<\/td><td class=\"has-text-align-center\" data-align=\"center\">14<\/td><\/tr><tr><td class=\"has-text-align-center\" data-align=\"center\">Direito Constitucional<\/td><td class=\"has-text-align-center\" data-align=\"center\">8<\/td><\/tr><tr><td class=\"has-text-align-center\" data-align=\"center\">Direito Administrativo<\/td><td class=\"has-text-align-center\" data-align=\"center\">4<\/td><\/tr><tr><td class=\"has-text-align-center\" data-align=\"center\">Direito Tribut\u00e1rio<\/td><td class=\"has-text-align-center\" data-align=\"center\">4<\/td><\/tr><tr><td class=\"has-text-align-center\" data-align=\"center\">Direito Empresarial<\/td><td class=\"has-text-align-center\" data-align=\"center\">4<\/td><\/tr><tr><td class=\"has-text-align-center\" data-align=\"center\">Direito Processual Civil<\/td><td class=\"has-text-align-center\" data-align=\"center\">2<\/td><\/tr><tr><td class=\"has-text-align-center\" data-align=\"center\">Direito Penal<\/td><td class=\"has-text-align-center\" data-align=\"center\">1<\/td><\/tr><tr><td class=\"has-text-align-center\" data-align=\"center\">Direito Processual Penal<\/td><td class=\"has-text-align-center\" data-align=\"center\">1<\/td><\/tr><tr><td class=\"has-text-align-center\" data-align=\"center\">Direito do Trabalho<\/td><td class=\"has-text-align-center\" data-align=\"center\">1<\/td><\/tr><tr><td class=\"has-text-align-center\" data-align=\"center\">Direito Processual do Trabalho<\/td><td class=\"has-text-align-center\" data-align=\"center\">1<\/td><\/tr><\/tbody><\/table><\/figure>\n\n\n\n<p class=\"wp-block-paragraph\">Ser\u00e1 considerada habilitada a pessoa examinanda que obtiver, no m\u00ednimo, 60% de acertos. Para candidatos autodeclarados negros, ind\u00edgenas, quilombolas ou com defici\u00eancia, o percentual m\u00ednimo \u00e9 de 50%.<\/p>\n\n\n\n<h3 id=\"h-cidades-de-aplicacao-da-prova\" class=\"wp-block-heading\"><span id=\"cidades-de-aplicacao-da-prova\">Cidades de aplica\u00e7\u00e3o da prova<\/span><\/h3>\n\n\n\n<p class=\"wp-block-paragraph\">O exame ser\u00e1 aplicado em 26 capitais e no Distrito Federal: Aracaju, Bel\u00e9m, Belo Horizonte, Boa Vista, Bras\u00edlia, Campo Grande, Cuiab\u00e1, Curitiba, Florian\u00f3polis, Fortaleza, Goi\u00e2nia, Jo\u00e3o Pessoa, Macap\u00e1, Macei\u00f3, Manaus, Natal, Palmas, Porto Alegre, Porto Velho, Recife, Rio Branco, Rio de Janeiro, Salvador, S\u00e3o Lu\u00eds, S\u00e3o Paulo, Vit\u00f3ria e Teresina.<\/p>\n\n\n\n<h2 id=\"h-guia-completo-sobre-o-enac\" class=\"wp-block-heading\"><span id=\"guia-completo-sobre-o-enac\">Guia completo sobre o ENAC<\/span><\/h2>\n\n\n\n<ul class=\"wp-block-list\">\n<li><a href=\"https:\/\/cj.estrategia.com\/portal\/exame-nacional-de-cartorios\/\" target=\"_blank\" >Exame Nacional dos Cart\u00f3rios (ENAC)<\/a><\/li>\n<\/ul>\n\n\n\n<p class=\"has-text-align-center has-medium-font-size wp-block-paragraph\" id=\"h-quer-saber-tudo-sobre-concursos-previstos\"><strong>Quer saber tudo sobre concursos previstos?<\/strong><\/p>\n\n\n\n<ul class=\"wp-block-list\">\n<li><a href=\"https:\/\/cj.estrategia.com\/portal\/concursos-juridicos-2026\/\" target=\"_blank\" >Concursos Jur\u00eddicos 2026<\/a><\/li>\n\n\n\n<li><a href=\"https:\/\/cj.estrategia.com\/portal\/concursos-abertos-carreiras-juridicas\/\" target=\"_blank\" >Concursos jur\u00eddicos abertos<\/a><\/li>\n\n\n\n<li><a href=\"https:\/\/cj.estrategia.com\/portal\/concursos-de-cartorio\/\" target=\"_blank\" >Concursos Cart\u00f3rios<\/a><\/li>\n\n\n\n<li><a href=\"https:\/\/cj.estrategia.com\/portal\/edital-enac-2026-2\/\" target=\"_blank\" >Edital ENAC 2026.2<\/a><\/li>\n<\/ul>\n\n\n\n<p class=\"has-text-align-center has-medium-font-size wp-block-paragraph\"><strong>Assinaturas Carreiras Jur\u00eddicas<\/strong><\/p>\n\n\n\n<div class=\"wp-block-cover\" style=\"min-height:155px;aspect-ratio:unset;\"><img decoding=\"async\" width=\"1890\" height=\"351\" class=\"wp-block-cover__image-background wp-image-8669\" alt=\"Assinaturas Jur\u00eddicas\" src=\"https:\/\/cj.estrategia.com\/portal\/wp-content\/uploads\/2022\/06\/20151253\/concurso-carreiras-juridicas-assinatura-juridica.jpg\" style=\"object-position:78% 43%\" data-object-fit=\"cover\" data-object-position=\"78% 43%\" srcset=\"https:\/\/cdn-blog-cj.estrategia.com\/portal\/wp-content\/uploads\/2022\/06\/20151253\/concurso-carreiras-juridicas-assinatura-juridica.jpg 1890w, https:\/\/cdn-blog-cj.estrategia.com\/portal\/wp-content\/uploads\/2022\/06\/20151253\/concurso-carreiras-juridicas-assinatura-juridica-300x56.jpg 300w, https:\/\/cdn-blog-cj.estrategia.com\/portal\/wp-content\/uploads\/2022\/06\/20151253\/concurso-carreiras-juridicas-assinatura-juridica-1024x190.jpg 1024w, https:\/\/cdn-blog-cj.estrategia.com\/portal\/wp-content\/uploads\/2022\/06\/20151253\/concurso-carreiras-juridicas-assinatura-juridica-768x143.jpg 768w, https:\/\/cdn-blog-cj.estrategia.com\/portal\/wp-content\/uploads\/2022\/06\/20151253\/concurso-carreiras-juridicas-assinatura-juridica-1536x285.jpg 1536w, https:\/\/cdn-blog-cj.estrategia.com\/portal\/wp-content\/uploads\/2022\/06\/20151253\/concurso-carreiras-juridicas-assinatura-juridica-380x71.jpg 380w, https:\/\/cdn-blog-cj.estrategia.com\/portal\/wp-content\/uploads\/2022\/06\/20151253\/concurso-carreiras-juridicas-assinatura-juridica-800x149.jpg 800w, https:\/\/cdn-blog-cj.estrategia.com\/portal\/wp-content\/uploads\/2022\/06\/20151253\/concurso-carreiras-juridicas-assinatura-juridica-1160x215.jpg 1160w\" sizes=\"(max-width: 1890px) 100vw, 1890px\" \/><span aria-hidden=\"true\" class=\"wp-block-cover__background has-background-dim\"><\/span><div class=\"wp-block-cover__inner-container is-layout-flow wp-block-cover-is-layout-flow\">\n<h3 id=\"faca-a-sua-assinatura\" class=\"titulo-assinatura\"><span style=\"color: #ffffff;\">Fa\u00e7a a sua assinatura!<\/span><\/h3>\n<p class=\"subtitulo-assinatura\" style=\"display:block!important; line-height: 0;\"><span style=\"color: #ffffff;\">Escolha a sua \u00e1rea.<\/span><\/p>\n<a target=\"_blank\" href=\"https:\/\/www.estrategiaconcursos.com.br\/assinaturas-ecj\/\" rel=\"noopener\"><button style=\"border-radius: 10px; text-transform: capitalize;\">Acessar<\/button><\/a>\n<\/div><\/div>\n","protected":false},"excerpt":{"rendered":"Inscri\u00e7\u00f5es para a 4\u00aa edi\u00e7\u00e3o do Exame Nacional dos Cart\u00f3rios (ENAC) v\u00e3o at\u00e9 29 de setembro. Confira o&hellip;\n","protected":false},"author":185,"featured_media":195912,"comment_status":"open","ping_status":"open","sticky":false,"template":"","format":"standard","meta":{"_acf_changed":false,"_jetpack_newsletter_access":"","_jetpack_dont_email_post_to_subs":false,"_jetpack_newsletter_tier_id":0,"_jetpack_memberships_contains_paywalled_content":false,"_jetpack_feature_clip_id":0,"_jetpack_memberships_contains_paid_content":false,"footnotes":"","jetpack_post_was_ever_published":false},"categories":[1,29],"tags":[],"tax_estado":[36],"class_list":["post-196706","post","type-post","status-publish","format-standard","has-post-thumbnail","category-carreiras-juridicas","category-cartorio","tax_estado-concursos-federais"],"acf":[],"yoast_head":"<!-- This site is optimized with the Yoast SEO Premium plugin v28.3 (Yoast SEO v28.3) - https:\/\/yoast.com\/product\/yoast-seo-premium-wordpress\/ -->\n<title>Calend\u00e1rio ENAC 2026.2: confira as datas do edital publicado<\/title>\n<meta name=\"description\" content=\"ENAC 2026.2: veja o calend\u00e1rio completo do 4\u00ba Exame Nacional dos Cart\u00f3rios, com inscri\u00e7\u00f5es, isen\u00e7\u00e3o, prova e resultado\" \/>\n<meta name=\"robots\" content=\"index, follow, max-snippet:-1, max-image-preview:large, max-video-preview:-1\" \/>\n<link rel=\"canonical\" href=\"https:\/\/cj.estrategia.com\/portal\/calendario-enac-2026-2\/\" \/>\n<meta property=\"og:locale\" content=\"pt_BR\" \/>\n<meta property=\"og:type\" content=\"article\" \/>\n<meta property=\"og:title\" content=\"Calend\u00e1rio ENAC 2026.2: confira as datas do edital publicado\" \/>\n<meta property=\"og:description\" content=\"ENAC 2026.2: veja o calend\u00e1rio completo do 4\u00ba Exame Nacional dos Cart\u00f3rios, com inscri\u00e7\u00f5es, isen\u00e7\u00e3o, prova e resultado\" \/>\n<meta property=\"og:url\" content=\"https:\/\/cj.estrategia.com\/portal\/calendario-enac-2026-2\/\" \/>\n<meta property=\"og:site_name\" content=\"Blog - Carreiras Jur\u00eddicas - Estrat\u00e9gia\" \/>\n<meta property=\"article:publisher\" content=\"https:\/\/www.facebook.com\/estrategiacarreirajuridica\/\" \/>\n<meta property=\"article:published_time\" content=\"2026-09-01T12:06:00+00:00\" \/>\n<meta property=\"article:modified_time\" content=\"2026-09-01T19:31:50+00:00\" \/>\n<meta property=\"og:image\" content=\"https:\/\/cdn-blog-cj.estrategia.com\/portal\/wp-content\/uploads\/2026\/08\/28084705\/enac.jpg\" \/>\n\t<meta property=\"og:image:width\" content=\"768\" \/>\n\t<meta property=\"og:image:height\" content=\"432\" \/>\n\t<meta property=\"og:image:type\" content=\"image\/jpeg\" \/>\n<meta name=\"author\" content=\"Paolo Vinicios Lima\" \/>\n<meta name=\"twitter:card\" content=\"summary_large_image\" \/>\n<meta name=\"twitter:creator\" content=\"@EstratJuridica\" \/>\n<meta name=\"twitter:site\" content=\"@EstratJuridica\" \/>\n<meta name=\"twitter:label1\" content=\"Escrito por\" \/>\n\t<meta name=\"twitter:data1\" content=\"Paolo Vinicios Lima\" \/>\n\t<meta name=\"twitter:label2\" content=\"Est. tempo de leitura\" \/>\n\t<meta name=\"twitter:data2\" content=\"5 minutos\" \/>\n<script type=\"application\/ld+json\" class=\"yoast-schema-graph\">{\"@context\":\"https:\\\/\\\/schema.org\",\"@graph\":[{\"@type\":\"NewsArticle\",\"@id\":\"https:\\\/\\\/cj.estrategia.com\\\/portal\\\/calendario-enac-2026-2\\\/#article\",\"isPartOf\":{\"@id\":\"https:\\\/\\\/cj.estrategia.com\\\/portal\\\/calendario-enac-2026-2\\\/\"},\"author\":{\"name\":\"Paolo Vinicios Lima\",\"@id\":\"https:\\\/\\\/cj.estrategia.com\\\/portal\\\/#\\\/schema\\\/person\\\/ff0243a131b5c84c88e974b40a02bcc8\"},\"headline\":\"Calend\u00e1rio ENAC 2026.2: confira as datas do edital publicado\",\"datePublished\":\"2026-09-01T12:06:00+00:00\",\"dateModified\":\"2026-09-01T19:31:50+00:00\",\"mainEntityOfPage\":{\"@id\":\"https:\\\/\\\/cj.estrategia.com\\\/portal\\\/calendario-enac-2026-2\\\/\"},\"wordCount\":702,\"commentCount\":0,\"publisher\":{\"@id\":\"https:\\\/\\\/cj.estrategia.com\\\/portal\\\/#organization\"},\"image\":{\"@id\":\"https:\\\/\\\/cj.estrategia.com\\\/portal\\\/calendario-enac-2026-2\\\/#primaryimage\"},\"thumbnailUrl\":\"https:\\\/\\\/cdn-blog-cj.estrategia.com\\\/portal\\\/wp-content\\\/uploads\\\/2026\\\/08\\\/28084705\\\/enac.jpg\",\"articleSection\":[\"Carreiras Jur\u00eddicas\",\"Cart\u00f3rio\"],\"inLanguage\":\"pt-BR\",\"potentialAction\":[{\"@type\":\"CommentAction\",\"name\":\"Comment\",\"target\":[\"https:\\\/\\\/cj.estrategia.com\\\/portal\\\/calendario-enac-2026-2\\\/#respond\"]}]},{\"@type\":\"WebPage\",\"@id\":\"https:\\\/\\\/cj.estrategia.com\\\/portal\\\/calendario-enac-2026-2\\\/\",\"url\":\"https:\\\/\\\/cj.estrategia.com\\\/portal\\\/calendario-enac-2026-2\\\/\",\"name\":\"Calend\u00e1rio ENAC 2026.2: confira as datas do edital publicado\",\"isPartOf\":{\"@id\":\"https:\\\/\\\/cj.estrategia.com\\\/portal\\\/#website\"},\"primaryImageOfPage\":{\"@id\":\"https:\\\/\\\/cj.estrategia.com\\\/portal\\\/calendario-enac-2026-2\\\/#primaryimage\"},\"image\":{\"@id\":\"https:\\\/\\\/cj.estrategia.com\\\/portal\\\/calendario-enac-2026-2\\\/#primaryimage\"},\"thumbnailUrl\":\"https:\\\/\\\/cdn-blog-cj.estrategia.com\\\/portal\\\/wp-content\\\/uploads\\\/2026\\\/08\\\/28084705\\\/enac.jpg\",\"datePublished\":\"2026-09-01T12:06:00+00:00\",\"dateModified\":\"2026-09-01T19:31:50+00:00\",\"description\":\"ENAC 2026.2: veja o calend\u00e1rio completo do 4\u00ba Exame Nacional dos Cart\u00f3rios, com inscri\u00e7\u00f5es, isen\u00e7\u00e3o, prova e resultado\",\"breadcrumb\":{\"@id\":\"https:\\\/\\\/cj.estrategia.com\\\/portal\\\/calendario-enac-2026-2\\\/#breadcrumb\"},\"inLanguage\":\"pt-BR\",\"potentialAction\":[{\"@type\":\"ReadAction\",\"target\":[\"https:\\\/\\\/cj.estrategia.com\\\/portal\\\/calendario-enac-2026-2\\\/\"]}]},{\"@type\":\"ImageObject\",\"inLanguage\":\"pt-BR\",\"@id\":\"https:\\\/\\\/cj.estrategia.com\\\/portal\\\/calendario-enac-2026-2\\\/#primaryimage\",\"url\":\"https:\\\/\\\/cdn-blog-cj.estrategia.com\\\/portal\\\/wp-content\\\/uploads\\\/2026\\\/08\\\/28084705\\\/enac.jpg\",\"contentUrl\":\"https:\\\/\\\/cdn-blog-cj.estrategia.com\\\/portal\\\/wp-content\\\/uploads\\\/2026\\\/08\\\/28084705\\\/enac.jpg\",\"width\":768,\"height\":432,\"caption\":\"enac\"},{\"@type\":\"BreadcrumbList\",\"@id\":\"https:\\\/\\\/cj.estrategia.com\\\/portal\\\/calendario-enac-2026-2\\\/#breadcrumb\",\"itemListElement\":[{\"@type\":\"ListItem\",\"position\":1,\"name\":\"In\u00edcio\",\"item\":\"https:\\\/\\\/cj.estrategia.com\\\/portal\\\/\"},{\"@type\":\"ListItem\",\"position\":2,\"name\":\"Calend\u00e1rio ENAC 2026.2: confira as datas do edital publicado\"}]},{\"@type\":\"WebSite\",\"@id\":\"https:\\\/\\\/cj.estrategia.com\\\/portal\\\/#website\",\"url\":\"https:\\\/\\\/cj.estrategia.com\\\/portal\\\/\",\"name\":\"Blog - Carreiras Jur\u00eddicas - Estrat\u00e9gia\",\"description\":\"\",\"publisher\":{\"@id\":\"https:\\\/\\\/cj.estrategia.com\\\/portal\\\/#organization\"},\"potentialAction\":[{\"@type\":\"SearchAction\",\"target\":{\"@type\":\"EntryPoint\",\"urlTemplate\":\"https:\\\/\\\/cj.estrategia.com\\\/portal\\\/?s={search_term_string}\"},\"query-input\":{\"@type\":\"PropertyValueSpecification\",\"valueRequired\":true,\"valueName\":\"search_term_string\"}}],\"inLanguage\":\"pt-BR\"},{\"@type\":\"Organization\",\"@id\":\"https:\\\/\\\/cj.estrategia.com\\\/portal\\\/#organization\",\"name\":\"Estrat\u00e9gia - Carreiras Jur\u00eddicas\",\"url\":\"https:\\\/\\\/cj.estrategia.com\\\/portal\\\/\",\"logo\":{\"@type\":\"ImageObject\",\"inLanguage\":\"pt-BR\",\"@id\":\"https:\\\/\\\/cj.estrategia.com\\\/portal\\\/#\\\/schema\\\/logo\\\/image\\\/\",\"url\":\"https:\\\/\\\/cj.estrategia.com\\\/portal\\\/wp-content\\\/uploads\\\/2022\\\/03\\\/11151052\\\/cj-logo.png\",\"contentUrl\":\"https:\\\/\\\/cj.estrategia.com\\\/portal\\\/wp-content\\\/uploads\\\/2022\\\/03\\\/11151052\\\/cj-logo.png\",\"width\":150,\"height\":39,\"caption\":\"Estrat\u00e9gia - Carreiras Jur\u00eddicas\"},\"image\":{\"@id\":\"https:\\\/\\\/cj.estrategia.com\\\/portal\\\/#\\\/schema\\\/logo\\\/image\\\/\"},\"sameAs\":[\"https:\\\/\\\/www.facebook.com\\\/estrategiacarreirajuridica\\\/\",\"https:\\\/\\\/x.com\\\/EstratJuridica\",\"https:\\\/\\\/www.instagram.com\\\/estrategiacarreirajuridica\\\/\",\"https:\\\/\\\/www.youtube.com\\\/channel\\\/UClbMGuYbj2Mh1m3w144ETWQ\"]},{\"@type\":\"Person\",\"@id\":\"https:\\\/\\\/cj.estrategia.com\\\/portal\\\/#\\\/schema\\\/person\\\/ff0243a131b5c84c88e974b40a02bcc8\",\"name\":\"Paolo Vinicios Lima\",\"image\":{\"@type\":\"ImageObject\",\"inLanguage\":\"pt-BR\",\"@id\":\"https:\\\/\\\/cdn-blog-cj.estrategia.com\\\/portal\\\/wp-content\\\/uploads\\\/2026\\\/08\\\/20120445\\\/20241025_144444-96x96.jpg\",\"url\":\"https:\\\/\\\/cdn-blog-cj.estrategia.com\\\/portal\\\/wp-content\\\/uploads\\\/2026\\\/08\\\/20120445\\\/20241025_144444-96x96.jpg\",\"contentUrl\":\"https:\\\/\\\/cdn-blog-cj.estrategia.com\\\/portal\\\/wp-content\\\/uploads\\\/2026\\\/08\\\/20120445\\\/20241025_144444-96x96.jpg\",\"caption\":\"Paolo Vinicios Lima\"},\"url\":\"https:\\\/\\\/cj.estrategia.com\\\/portal\\\/author\\\/paolo-limaestrategia-com\\\/\"}]}<\/script>\n<!-- \/ Yoast SEO Premium plugin. -->","yoast_head_json":{"title":"Calend\u00e1rio ENAC 2026.2: confira as datas do edital publicado","description":"ENAC 2026.2: veja o calend\u00e1rio completo do 4\u00ba Exame Nacional dos Cart\u00f3rios, com inscri\u00e7\u00f5es, isen\u00e7\u00e3o, prova e resultado","robots":{"index":"index","follow":"follow","max-snippet":"max-snippet:-1","max-image-preview":"max-image-preview:large","max-video-preview":"max-video-preview:-1"},"canonical":"https:\/\/cj.estrategia.com\/portal\/calendario-enac-2026-2\/","og_locale":"pt_BR","og_type":"article","og_title":"Calend\u00e1rio ENAC 2026.2: confira as datas do edital publicado","og_description":"ENAC 2026.2: veja o calend\u00e1rio completo do 4\u00ba Exame Nacional dos Cart\u00f3rios, com inscri\u00e7\u00f5es, isen\u00e7\u00e3o, prova e resultado","og_url":"https:\/\/cj.estrategia.com\/portal\/calendario-enac-2026-2\/","og_site_name":"Blog - Carreiras Jur\u00eddicas - Estrat\u00e9gia","article_publisher":"https:\/\/www.facebook.com\/estrategiacarreirajuridica\/","article_published_time":"2026-09-01T12:06:00+00:00","article_modified_time":"2026-09-01T19:31:50+00:00","og_image":[{"width":768,"height":432,"url":"https:\/\/cdn-blog-cj.estrategia.com\/portal\/wp-content\/uploads\/2026\/08\/28084705\/enac.jpg","type":"image\/jpeg"}],"author":"Paolo Vinicios Lima","twitter_card":"summary_large_image","twitter_creator":"@EstratJuridica","twitter_site":"@EstratJuridica","twitter_misc":{"Escrito por":"Paolo Vinicios Lima","Est. tempo de leitura":"5 minutos"},"schema":{"@context":"https:\/\/schema.org","@graph":[{"@type":"NewsArticle","@id":"https:\/\/cj.estrategia.com\/portal\/calendario-enac-2026-2\/#article","isPartOf":{"@id":"https:\/\/cj.estrategia.com\/portal\/calendario-enac-2026-2\/"},"author":{"name":"Paolo Vinicios Lima","@id":"https:\/\/cj.estrategia.com\/portal\/#\/schema\/person\/ff0243a131b5c84c88e974b40a02bcc8"},"headline":"Calend\u00e1rio ENAC 2026.2: confira as datas do edital publicado","datePublished":"2026-09-01T12:06:00+00:00","dateModified":"2026-09-01T19:31:50+00:00","mainEntityOfPage":{"@id":"https:\/\/cj.estrategia.com\/portal\/calendario-enac-2026-2\/"},"wordCount":702,"commentCount":0,"publisher":{"@id":"https:\/\/cj.estrategia.com\/portal\/#organization"},"image":{"@id":"https:\/\/cj.estrategia.com\/portal\/calendario-enac-2026-2\/#primaryimage"},"thumbnailUrl":"https:\/\/cdn-blog-cj.estrategia.com\/portal\/wp-content\/uploads\/2026\/08\/28084705\/enac.jpg","articleSection":["Carreiras Jur\u00eddicas","Cart\u00f3rio"],"inLanguage":"pt-BR","potentialAction":[{"@type":"CommentAction","name":"Comment","target":["https:\/\/cj.estrategia.com\/portal\/calendario-enac-2026-2\/#respond"]}]},{"@type":"WebPage","@id":"https:\/\/cj.estrategia.com\/portal\/calendario-enac-2026-2\/","url":"https:\/\/cj.estrategia.com\/portal\/calendario-enac-2026-2\/","name":"Calend\u00e1rio ENAC 2026.2: confira as datas do edital publicado","isPartOf":{"@id":"https:\/\/cj.estrategia.com\/portal\/#website"},"primaryImageOfPage":{"@id":"https:\/\/cj.estrategia.com\/portal\/calendario-enac-2026-2\/#primaryimage"},"image":{"@id":"https:\/\/cj.estrategia.com\/portal\/calendario-enac-2026-2\/#primaryimage"},"thumbnailUrl":"https:\/\/cdn-blog-cj.estrategia.com\/portal\/wp-content\/uploads\/2026\/08\/28084705\/enac.jpg","datePublished":"2026-09-01T12:06:00+00:00","dateModified":"2026-09-01T19:31:50+00:00","description":"ENAC 2026.2: veja o calend\u00e1rio completo do 4\u00ba Exame Nacional dos Cart\u00f3rios, com inscri\u00e7\u00f5es, isen\u00e7\u00e3o, prova e resultado","breadcrumb":{"@id":"https:\/\/cj.estrategia.com\/portal\/calendario-enac-2026-2\/#breadcrumb"},"inLanguage":"pt-BR","potentialAction":[{"@type":"ReadAction","target":["https:\/\/cj.estrategia.com\/portal\/calendario-enac-2026-2\/"]}]},{"@type":"ImageObject","inLanguage":"pt-BR","@id":"https:\/\/cj.estrategia.com\/portal\/calendario-enac-2026-2\/#primaryimage","url":"https:\/\/cdn-blog-cj.estrategia.com\/portal\/wp-content\/uploads\/2026\/08\/28084705\/enac.jpg","contentUrl":"https:\/\/cdn-blog-cj.estrategia.com\/portal\/wp-content\/uploads\/2026\/08\/28084705\/enac.jpg","width":768,"height":432,"caption":"enac"},{"@type":"BreadcrumbList","@id":"https:\/\/cj.estrategia.com\/portal\/calendario-enac-2026-2\/#breadcrumb","itemListElement":[{"@type":"ListItem","position":1,"name":"In\u00edcio","item":"https:\/\/cj.estrategia.com\/portal\/"},{"@type":"ListItem","position":2,"name":"Calend\u00e1rio ENAC 2026.2: confira as datas do edital publicado"}]},{"@type":"WebSite","@id":"https:\/\/cj.estrategia.com\/portal\/#website","url":"https:\/\/cj.estrategia.com\/portal\/","name":"Blog - Carreiras Jur\u00eddicas - Estrat\u00e9gia","description":"","publisher":{"@id":"https:\/\/cj.estrategia.com\/portal\/#organization"},"potentialAction":[{"@type":"SearchAction","target":{"@type":"EntryPoint","urlTemplate":"https:\/\/cj.estrategia.com\/portal\/?s={search_term_string}"},"query-input":{"@type":"PropertyValueSpecification","valueRequired":true,"valueName":"search_term_string"}}],"inLanguage":"pt-BR"},{"@type":"Organization","@id":"https:\/\/cj.estrategia.com\/portal\/#organization","name":"Estrat\u00e9gia - Carreiras Jur\u00eddicas","url":"https:\/\/cj.estrategia.com\/portal\/","logo":{"@type":"ImageObject","inLanguage":"pt-BR","@id":"https:\/\/cj.estrategia.com\/portal\/#\/schema\/logo\/image\/","url":"https:\/\/cj.estrategia.com\/portal\/wp-content\/uploads\/2022\/03\/11151052\/cj-logo.png","contentUrl":"https:\/\/cj.estrategia.com\/portal\/wp-content\/uploads\/2022\/03\/11151052\/cj-logo.png","width":150,"height":39,"caption":"Estrat\u00e9gia - Carreiras Jur\u00eddicas"},"image":{"@id":"https:\/\/cj.estrategia.com\/portal\/#\/schema\/logo\/image\/"},"sameAs":["https:\/\/www.facebook.com\/estrategiacarreirajuridica\/","https:\/\/x.com\/EstratJuridica","https:\/\/www.instagram.com\/estrategiacarreirajuridica\/","https:\/\/www.youtube.com\/channel\/UClbMGuYbj2Mh1m3w144ETWQ"]},{"@type":"Person","@id":"https:\/\/cj.estrategia.com\/portal\/#\/schema\/person\/ff0243a131b5c84c88e974b40a02bcc8","name":"Paolo Vinicios Lima","image":{"@type":"ImageObject","inLanguage":"pt-BR","@id":"https:\/\/cdn-blog-cj.estrategia.com\/portal\/wp-content\/uploads\/2026\/08\/20120445\/20241025_144444-96x96.jpg","url":"https:\/\/cdn-blog-cj.estrategia.com\/portal\/wp-content\/uploads\/2026\/08\/20120445\/20241025_144444-96x96.jpg","contentUrl":"https:\/\/cdn-blog-cj.estrategia.com\/portal\/wp-content\/uploads\/2026\/08\/20120445\/20241025_144444-96x96.jpg","caption":"Paolo Vinicios Lima"},"url":"https:\/\/cj.estrategia.com\/portal\/author\/paolo-limaestrategia-com\/"}]}},"jetpack_sharing_enabled":true,"jetpack_featured_media_url":"https:\/\/cdn-blog-cj.estrategia.com\/portal\/wp-content\/uploads\/2026\/08\/28084705\/enac.jpg","_links":{"self":[{"href":"https:\/\/cj.estrategia.com\/portal\/wp-json\/wp\/v2\/posts\/196706","targetHints":{"allow":["GET"]}}],"collection":[{"href":"https:\/\/cj.estrategia.com\/portal\/wp-json\/wp\/v2\/posts"}],"about":[{"href":"https:\/\/cj.estrategia.com\/portal\/wp-json\/wp\/v2\/types\/post"}],"author":[{"embeddable":true,"href":"https:\/\/cj.estrategia.com\/portal\/wp-json\/wp\/v2\/users\/185"}],"replies":[{"embeddable":true,"href":"https:\/\/cj.estrategia.com\/portal\/wp-json\/wp\/v2\/comments?post=196706"}],"version-history":[{"count":2,"href":"https:\/\/cj.estrategia.com\/portal\/wp-json\/wp\/v2\/posts\/196706\/revisions"}],"predecessor-version":[{"id":197018,"href":"https:\/\/cj.estrategia.com\/portal\/wp-json\/wp\/v2\/posts\/196706\/revisions\/197018"}],"wp:attachment":[{"href":"https:\/\/cj.estrategia.com\/portal\/wp-json\/wp\/v2\/media?parent=196706"}],"wp:term":[{"taxonomy":"category","embeddable":true,"href":"https:\/\/cj.estrategia.com\/portal\/wp-json\/wp\/v2\/categories?post=196706"},{"taxonomy":"post_tag","embeddable":true,"href":"https:\/\/cj.estrategia.com\/portal\/wp-json\/wp\/v2\/tags?post=196706"},{"taxonomy":"tax_estado","embeddable":true,"href":"https:\/\/cj.estrategia.com\/portal\/wp-json\/wp\/v2\/tax_estado?post=196706"}],"curies":[{"name":"wp","href":"https:\/\/api.w.org\/{rel}","templated":true}]}}