{"id":196558,"date":"2026-09-01T07:27:00","date_gmt":"2026-09-01T10:27:00","guid":{"rendered":"https:\/\/cj.estrategia.com\/portal\/?p=196558"},"modified":"2026-08-31T11:50:53","modified_gmt":"2026-08-31T14:50:53","slug":"concurso-trf5-juiz-2026-ultimo-dia-isencao-taxa","status":"publish","type":"post","link":"https:\/\/cj.estrategia.com\/portal\/concurso-trf5-juiz-2026-ultimo-dia-isencao-taxa\/","title":{"rendered":"Concurso TRF5 Juiz: \u00faltimo dia para solicitar a isen\u00e7\u00e3o da taxa"},"content":{"rendered":"\n<p class=\"has-medium-font-size wp-block-paragraph\"><strong><em>Concurso TRF5 Juiz encerra nesta ter\u00e7a-feira (01) o prazo para solicitar isen\u00e7\u00e3o da taxa de R$ 350; inscri\u00e7\u00f5es seguem at\u00e9 setembro<\/em><\/strong><\/p>\n\n\n<a id=\"cta-icon\" href=\"https:\/\/sndflw.com\/i\/magistratura-federal-grupo\" target=\"blank\" style=\"background:rgb(41,166,26)\">\n            <img decoding=\"async\" src=\"https:\/\/cdn-blog-cj.estrategia.com\/portal\/wp-content\/uploads\/2023\/12\/07160657\/whatsapp_1385.webp\" alt=\"\" alt=\"whatsapp_1385\"><span > Acesse agora o Grupo de Estudos para Magistratura Federal <\/span><\/a>\n\n\n\n<p class=\"wp-block-paragraph\">O <strong>Concurso TRF5 Juiz<\/strong> encerra \u00e0s <strong>16h desta ter\u00e7a-feira (01)<\/strong> o prazo para solicita\u00e7\u00e3o de <strong>isen\u00e7\u00e3o da taxa de inscri\u00e7\u00e3o<\/strong>, conforme cronograma do edital do <strong>Tribunal Regional Federal da 5\u00aa Regi\u00e3o<\/strong>. <\/p>\n\n\n\n<p class=\"wp-block-paragraph\">A sele\u00e7\u00e3o oferta <strong>11 vagas<\/strong> para o cargo de <strong>Juiz Federal Substituto<\/strong>, al\u00e9m de forma\u00e7\u00e3o de cadastro de reserva, com organiza\u00e7\u00e3o da <strong>Funda\u00e7\u00e3o Getulio Vargas (FGV)<\/strong>. <\/p>\n\n\n\n<p class=\"wp-block-paragraph\">As inscri\u00e7\u00f5es gerais seguem abertas at\u00e9 <strong>28 de setembro de 2026<\/strong>, exclusivamente pela internet, no site da banca organizadora. A taxa de participa\u00e7\u00e3o foi fixada em <strong>R$ 350,00<\/strong>.<\/p>\n\n\n\n<div class=\"container\" id=\"boxes\">\n  <div class=\"row\">\n\n    <div class=\"col-sm\">\n      <div class=\"banner-ecj-magistratura\" id=\"box-assinatura\">\n        <h2 id=\"concurso-trf5-juiz-federal\" class=\"titulo-assinatura\"><span style=\"color: #ffffff; font-size: 23px; \">Concurso TRF5 Juiz Federal<\/span><\/h2>\n        <p class=\"subtitulo-assinatura\">Cursos focados no edital!<\/p>\n        <div class=\"box-botao\">\n          <a class=\"btn-assinatura-juridica\" target=\"_blank\" href=\"https:\/\/cj.estrategia.com\/concurso\/trf-5\" role=\"button\" rel=\"noopener noreferrer\">CLIQUE AQUI<\/a>\n        <\/div>\n      <\/div>\n<p><\/p>\n    <\/div>\n\n  <\/div>\n<\/div>\n\n\n\n<h2 id=\"h-isencao-do-concurso-trf5-juiz\" class=\"wp-block-heading\"><span id=\"isencao-do-concurso-trf5-juiz\">Isen\u00e7\u00e3o do Concurso TRF5 Juiz<\/span><\/h2>\n\n\n\n<p class=\"wp-block-paragraph\">O pedido de isen\u00e7\u00e3o da taxa do <strong>Concurso TRF5 Juiz<\/strong> deve ser feito at\u00e9 as <strong>16h de hoje (01)<\/strong>, conforme o hor\u00e1rio oficial de Bras\u00edlia\/DF.<\/p>\n\n\n\n<p class=\"wp-block-paragraph\">De acordo com o edital, podem solicitar o benef\u00edcio os candidatos amparados pela legisla\u00e7\u00e3o vigente, incluindo inscritos no <strong>Cadastro \u00danico para Programas Sociais do Governo Federal (Cad\u00danico)<\/strong> e doadores de <strong>medula \u00f3ssea<\/strong>, desde que comprovem a condi\u00e7\u00e3o exigida no ato da solicita\u00e7\u00e3o. <\/p>\n\n\n\n<p class=\"wp-block-paragraph\">A solicita\u00e7\u00e3o deve ser realizada no <strong><a href=\"https:\/\/conhecimento.fgv.br\/concursos\/trf5juiz26\" target=\"_blank\" >sistema da FGV<\/a><\/strong>, dentro da \u00e1rea do concurso, com o envio das informa\u00e7\u00f5es e dos documentos comprobat\u00f3rios previstos no edital.<\/p>\n\n\n\n<h3 id=\"h-como-solicitar-a-isencao\" class=\"wp-block-heading\"><span id=\"como-solicitar-a-isencao\">Como solicitar a isen\u00e7\u00e3o?<\/span><\/h3>\n\n\n\n<p class=\"wp-block-paragraph\">Para solicitar a isen\u00e7\u00e3o, o candidato deve acessar a p\u00e1gina do <strong>Concurso TRF5 Juiz<\/strong> no site da <strong>Funda\u00e7\u00e3o Getulio Vargas (FGV)<\/strong>. Em seguida, \u00e9 necess\u00e1rio:<\/p>\n\n\n\n<ul class=\"wp-block-list\">\n<li>preencher o requerimento de inscri\u00e7\u00e3o;<\/li>\n\n\n\n<li>selecionar a op\u00e7\u00e3o de isen\u00e7\u00e3o da taxa;<\/li>\n\n\n\n<li>informar a modalidade do pedido;<\/li>\n\n\n\n<li>enviar a documenta\u00e7\u00e3o exigida;<\/li>\n\n\n\n<li>concluir a solicita\u00e7\u00e3o at\u00e9 as <strong>16h desta ter\u00e7a-feira (01)<\/strong>.<\/li>\n<\/ul>\n\n\n\n<p class=\"wp-block-paragraph\">Ap\u00f3s o fim do prazo, o sistema n\u00e3o aceitar\u00e1 novos pedidos de isen\u00e7\u00e3o.<\/p>\n\n\n\n<h2 id=\"h-inscricoes-abertas-para-o-concurso-trf5-juiz\" class=\"wp-block-heading\"><span id=\"inscricoes-abertas-para-o-concurso-trf5-juiz\">Inscri\u00e7\u00f5es abertas para o Concurso TRF5 Juiz<\/span><\/h2>\n\n\n\n<p class=\"wp-block-paragraph\">As inscri\u00e7\u00f5es preliminares do <strong>Concurso TRF5 Juiz<\/strong> seguem abertas at\u00e9 as <strong>16h de 28 de setembro de 2026<\/strong>, pela internet. <\/p>\n\n\n\n<p class=\"wp-block-paragraph\">Para efetuar a inscri\u00e7\u00e3o, o candidato deve preencher o requerimento eletr\u00f4nico, enviar o <strong>certificado de habilita\u00e7\u00e3o no Exame Nacional da Magistratura (ENAM)<\/strong>, anexar documento de identifica\u00e7\u00e3o e foto 3&#215;4, conforme as regras do edital. <\/p>\n\n\n\n<p class=\"wp-block-paragraph\">O pagamento da taxa de <strong>R$ 350,00<\/strong> poder\u00e1 ser feito at\u00e9 <strong>29 de setembro de 2026<\/strong>, por meio da Guia de Recolhimento da Uni\u00e3o (GRU) emitida pela banca. <\/p>\n\n\n\n<h3 id=\"h-quem-pode-participar\" class=\"wp-block-heading\"><span id=\"quem-pode-participar\">Quem pode participar?<\/span><\/h3>\n\n\n\n<p class=\"wp-block-paragraph\">Para concorrer ao cargo de <strong>Juiz Federal Substituto<\/strong>, o candidato deve ser bacharel em Direito, comprovar <strong>3 anos de atividade jur\u00eddica<\/strong>, estar quite com as obriga\u00e7\u00f5es eleitorais e militares, quando aplic\u00e1vel, possuir idoneidade moral e atender aos demais requisitos do edital. <\/p>\n\n\n\n<p class=\"wp-block-paragraph\">Tamb\u00e9m \u00e9 exigida a apresenta\u00e7\u00e3o do certificado de habilita\u00e7\u00e3o no <strong>ENAM<\/strong> no momento da inscri\u00e7\u00e3o preliminar. <\/p>\n\n\n\n<h2 id=\"h-vagas-e-salario-do-concurso-trf5-juiz\" class=\"wp-block-heading\"><span id=\"vagas-e-salario-do-concurso-trf5-juiz\">Vagas e sal\u00e1rio do Concurso TRF5 Juiz<\/span><\/h2>\n\n\n\n<p class=\"wp-block-paragraph\">O edital oferta <strong>11 vagas imediatas<\/strong> para <strong>Juiz Federal Substituto<\/strong>, al\u00e9m de cadastro de reserva. As oportunidades incluem reserva para pessoas com defici\u00eancia e candidatos negros, ind\u00edgenas e quilombola, com subs\u00eddio inicial de <strong>R$ 37.765,55<\/strong>. <\/p>\n\n\n\n<p class=\"wp-block-paragraph\">Os aprovados poder\u00e3o ser lotados nas se\u00e7\u00f5es judici\u00e1rias vinculadas ao TRF5: <strong>Alagoas, Cear\u00e1, Para\u00edba, Pernambuco, Rio Grande do Norte e Sergipe<\/strong>, conforme classifica\u00e7\u00e3o e necessidade do servi\u00e7o. <\/p>\n\n\n\n<p class=\"has-text-align-center wp-block-paragraph\"><em>Para saber mais sobre isen\u00e7\u00e3o, inscri\u00e7\u00f5es e todos os detalhes do concurso Juiz Federal do TRF5, acesse nosso artigo na \u00edntegra:<\/em><\/p>\n\n\n\n<p class=\"has-text-align-center has-very-light-gray-to-cyan-bluish-gray-gradient-background has-background has-medium-font-size wp-block-paragraph\"><strong>Saiba mais: <a href=\"https:\/\/cj.estrategia.com\/portal\/concurso-trf5-juiz-federal\/\" target=\"_blank\" >Concurso TRF5 Juiz Federal 2026<\/a><\/strong><\/p>\n\n\n\n<hr class=\"wp-block-separator has-alpha-channel-opacity\"\/>\n\n\n\n<p class=\"has-text-align-center wp-block-paragraph\" id=\"cursos\" style=\"font-size:26px\"><strong>Quer saber tudo sobre concursos previstos?<br>Confira nossos artigos!<\/strong><\/p>\n\n\n\n<ul class=\"wp-block-list\">\n<li><a href=\"https:\/\/cj.estrategia.com\/portal\/concursos-abertos-carreiras-juridicas\/\" target=\"_blank\" >Concursos Jur\u00eddicos abertos<\/a><\/li>\n\n\n\n<li><a href=\"https:\/\/cj.estrategia.com\/portal\/concursos-juridicos-2026\/\" target=\"_blank\" >Concursos Jur\u00eddicos 2026<\/a><\/li>\n\n\n\n<li><a href=\"https:\/\/cj.estrategia.com\/portal\/concursos-juridicos-2027\/\" target=\"_blank\" >Concursos Jur\u00eddicos 2027<\/a><\/li>\n\n\n\n<li><a href=\"https:\/\/cj.estrategia.com\/portal\/concursos-magistratura\/\" target=\"_blank\" >Concursos Magistratura<\/a><\/li>\n<\/ul>\n\n\n\n<p class=\"has-text-align-center wp-block-paragraph\" id=\"cursos\" style=\"font-size:26px\"><strong>Quer estudar para o concurso TRF5 Juiz Federal?<\/strong><\/p>\n\n\n\n<div class=\"wp-block-cover\" style=\"min-height:155px;aspect-ratio:unset;\"><img decoding=\"async\" width=\"1890\" height=\"351\" class=\"wp-block-cover__image-background wp-image-8669\" alt=\"Assinaturas Jur\u00eddicas\" src=\"https:\/\/cj.estrategia.com\/portal\/wp-content\/uploads\/2022\/06\/20151253\/concurso-carreiras-juridicas-assinatura-juridica.jpg\" style=\"object-position:78% 43%\" data-object-fit=\"cover\" data-object-position=\"78% 43%\" srcset=\"https:\/\/cdn-blog-cj.estrategia.com\/portal\/wp-content\/uploads\/2022\/06\/20151253\/concurso-carreiras-juridicas-assinatura-juridica.jpg 1890w, https:\/\/cdn-blog-cj.estrategia.com\/portal\/wp-content\/uploads\/2022\/06\/20151253\/concurso-carreiras-juridicas-assinatura-juridica-300x56.jpg 300w, https:\/\/cdn-blog-cj.estrategia.com\/portal\/wp-content\/uploads\/2022\/06\/20151253\/concurso-carreiras-juridicas-assinatura-juridica-1024x190.jpg 1024w, https:\/\/cdn-blog-cj.estrategia.com\/portal\/wp-content\/uploads\/2022\/06\/20151253\/concurso-carreiras-juridicas-assinatura-juridica-768x143.jpg 768w, https:\/\/cdn-blog-cj.estrategia.com\/portal\/wp-content\/uploads\/2022\/06\/20151253\/concurso-carreiras-juridicas-assinatura-juridica-1536x285.jpg 1536w, https:\/\/cdn-blog-cj.estrategia.com\/portal\/wp-content\/uploads\/2022\/06\/20151253\/concurso-carreiras-juridicas-assinatura-juridica-380x71.jpg 380w, https:\/\/cdn-blog-cj.estrategia.com\/portal\/wp-content\/uploads\/2022\/06\/20151253\/concurso-carreiras-juridicas-assinatura-juridica-800x149.jpg 800w, https:\/\/cdn-blog-cj.estrategia.com\/portal\/wp-content\/uploads\/2022\/06\/20151253\/concurso-carreiras-juridicas-assinatura-juridica-1160x215.jpg 1160w\" sizes=\"(max-width: 1890px) 100vw, 1890px\" \/><span aria-hidden=\"true\" class=\"wp-block-cover__background has-background-dim\"><\/span><div class=\"wp-block-cover__inner-container is-layout-flow wp-block-cover-is-layout-flow\">\n<h3 id=\"faca-a-sua-assinatura\" class=\"titulo-assinatura\"><span style=\"color: #ffffff;\">Fa\u00e7a a sua assinatura!<\/span><\/h3>\n<p class=\"subtitulo-assinatura\" style=\"display:block!important; line-height: 0;\"><span style=\"color: #ffffff;\">Escolha a sua \u00e1rea.<\/span><\/p>\n<a target=\"_blank\" href=\"https:\/\/www.estrategiaconcursos.com.br\/assinaturas-ecj\/\" rel=\"noopener\"><button style=\"border-radius: 10px; text-transform: capitalize;\">Acessar<\/button><\/a>\n<\/div><\/div>\n","protected":false},"excerpt":{"rendered":"Concurso TRF5 Juiz encerra nesta ter\u00e7a-feira (01) o prazo para solicitar isen\u00e7\u00e3o da taxa de R$ 350; inscri\u00e7\u00f5es&hellip;\n","protected":false},"author":7,"featured_media":177745,"comment_status":"open","ping_status":"open","sticky":false,"template":"","format":"standard","meta":{"_acf_changed":false,"_jetpack_newsletter_access":"","_jetpack_dont_email_post_to_subs":false,"_jetpack_newsletter_tier_id":0,"_jetpack_memberships_contains_paywalled_content":false,"_jetpack_feature_clip_id":0,"_jetpack_memberships_contains_paid_content":false,"footnotes":"","jetpack_post_was_ever_published":false},"categories":[26,4059],"tags":[],"tax_estado":[31,35,45,46,50,55],"class_list":["post-196558","post","type-post","status-publish","format-standard","has-post-thumbnail","category-magistratura","category-ultimas-noticias","tax_estado-al","tax_estado-ce","tax_estado-pb","tax_estado-pe","tax_estado-rn","tax_estado-se"],"acf":[],"yoast_head":"<!-- This site is optimized with the Yoast SEO Premium plugin v28.3 (Yoast SEO v28.3) - https:\/\/yoast.com\/product\/yoast-seo-premium-wordpress\/ -->\n<title>Concurso TRF5 Juiz: \u00faltimo dia para solicitar a isen\u00e7\u00e3o da taxa<\/title>\n<meta name=\"description\" content=\"Concurso TRF5 Juiz encerra nesta ter\u00e7a-feira (01) o prazo para solicitar isen\u00e7\u00e3o da taxa de R$ 350; inscri\u00e7\u00f5es seguem at\u00e9 28\/09.\" \/>\n<meta name=\"robots\" content=\"index, follow, max-snippet:-1, max-image-preview:large, max-video-preview:-1\" \/>\n<link rel=\"canonical\" href=\"https:\/\/cj.estrategia.com\/portal\/concurso-trf5-juiz-2026-ultimo-dia-isencao-taxa\/\" \/>\n<meta property=\"og:locale\" content=\"pt_BR\" \/>\n<meta property=\"og:type\" content=\"article\" \/>\n<meta property=\"og:title\" content=\"Concurso TRF5 Juiz: \u00faltimo dia para solicitar a isen\u00e7\u00e3o da taxa\" \/>\n<meta property=\"og:description\" content=\"Concurso TRF5 Juiz encerra nesta ter\u00e7a-feira (01) o prazo para solicitar isen\u00e7\u00e3o da taxa de R$ 350; inscri\u00e7\u00f5es seguem at\u00e9 28\/09.\" \/>\n<meta property=\"og:url\" content=\"https:\/\/cj.estrategia.com\/portal\/concurso-trf5-juiz-2026-ultimo-dia-isencao-taxa\/\" \/>\n<meta property=\"og:site_name\" content=\"Blog - Carreiras Jur\u00eddicas - Estrat\u00e9gia\" \/>\n<meta property=\"article:publisher\" content=\"https:\/\/www.facebook.com\/estrategiacarreirajuridica\/\" \/>\n<meta property=\"article:published_time\" content=\"2026-09-01T10:27:00+00:00\" \/>\n<meta property=\"og:image\" content=\"https:\/\/cdn-blog-cj.estrategia.com\/portal\/wp-content\/uploads\/2026\/02\/04110838\/juiz.jpg\" \/>\n\t<meta property=\"og:image:width\" content=\"2459\" \/>\n\t<meta property=\"og:image:height\" content=\"1383\" \/>\n\t<meta property=\"og:image:type\" content=\"image\/jpeg\" \/>\n<meta name=\"author\" content=\"Bruna de Andrade Fran\u00e7a\" \/>\n<meta name=\"twitter:card\" content=\"summary_large_image\" \/>\n<meta name=\"twitter:creator\" content=\"@EstratJuridica\" \/>\n<meta name=\"twitter:site\" content=\"@EstratJuridica\" \/>\n<meta name=\"twitter:label1\" content=\"Escrito por\" \/>\n\t<meta name=\"twitter:data1\" content=\"Bruna de Andrade Fran\u00e7a\" \/>\n\t<meta name=\"twitter:label2\" content=\"Est. tempo de leitura\" \/>\n\t<meta name=\"twitter:data2\" content=\"4 minutos\" \/>\n<script type=\"application\/ld+json\" class=\"yoast-schema-graph\">{\"@context\":\"https:\\\/\\\/schema.org\",\"@graph\":[{\"@type\":\"NewsArticle\",\"@id\":\"https:\\\/\\\/cj.estrategia.com\\\/portal\\\/concurso-trf5-juiz-2026-ultimo-dia-isencao-taxa\\\/#article\",\"isPartOf\":{\"@id\":\"https:\\\/\\\/cj.estrategia.com\\\/portal\\\/concurso-trf5-juiz-2026-ultimo-dia-isencao-taxa\\\/\"},\"author\":{\"name\":\"Bruna de Andrade Fran\u00e7a\",\"@id\":\"https:\\\/\\\/cj.estrategia.com\\\/portal\\\/#\\\/schema\\\/person\\\/1ef7dfede328b25e1998f27de576690b\"},\"headline\":\"Concurso TRF5 Juiz: \u00faltimo dia para solicitar a isen\u00e7\u00e3o da taxa\",\"datePublished\":\"2026-09-01T10:27:00+00:00\",\"mainEntityOfPage\":{\"@id\":\"https:\\\/\\\/cj.estrategia.com\\\/portal\\\/concurso-trf5-juiz-2026-ultimo-dia-isencao-taxa\\\/\"},\"wordCount\":624,\"commentCount\":0,\"publisher\":{\"@id\":\"https:\\\/\\\/cj.estrategia.com\\\/portal\\\/#organization\"},\"image\":{\"@id\":\"https:\\\/\\\/cj.estrategia.com\\\/portal\\\/concurso-trf5-juiz-2026-ultimo-dia-isencao-taxa\\\/#primaryimage\"},\"thumbnailUrl\":\"https:\\\/\\\/cdn-blog-cj.estrategia.com\\\/portal\\\/wp-content\\\/uploads\\\/2026\\\/02\\\/04110838\\\/juiz.jpg\",\"articleSection\":[\"Magistratura\",\"\u00daltimas Not\u00edcias\"],\"inLanguage\":\"pt-BR\",\"potentialAction\":[{\"@type\":\"CommentAction\",\"name\":\"Comment\",\"target\":[\"https:\\\/\\\/cj.estrategia.com\\\/portal\\\/concurso-trf5-juiz-2026-ultimo-dia-isencao-taxa\\\/#respond\"]}]},{\"@type\":\"WebPage\",\"@id\":\"https:\\\/\\\/cj.estrategia.com\\\/portal\\\/concurso-trf5-juiz-2026-ultimo-dia-isencao-taxa\\\/\",\"url\":\"https:\\\/\\\/cj.estrategia.com\\\/portal\\\/concurso-trf5-juiz-2026-ultimo-dia-isencao-taxa\\\/\",\"name\":\"Concurso TRF5 Juiz: \u00faltimo dia para solicitar a isen\u00e7\u00e3o da taxa\",\"isPartOf\":{\"@id\":\"https:\\\/\\\/cj.estrategia.com\\\/portal\\\/#website\"},\"primaryImageOfPage\":{\"@id\":\"https:\\\/\\\/cj.estrategia.com\\\/portal\\\/concurso-trf5-juiz-2026-ultimo-dia-isencao-taxa\\\/#primaryimage\"},\"image\":{\"@id\":\"https:\\\/\\\/cj.estrategia.com\\\/portal\\\/concurso-trf5-juiz-2026-ultimo-dia-isencao-taxa\\\/#primaryimage\"},\"thumbnailUrl\":\"https:\\\/\\\/cdn-blog-cj.estrategia.com\\\/portal\\\/wp-content\\\/uploads\\\/2026\\\/02\\\/04110838\\\/juiz.jpg\",\"datePublished\":\"2026-09-01T10:27:00+00:00\",\"description\":\"Concurso TRF5 Juiz encerra nesta ter\u00e7a-feira (01) o prazo para solicitar isen\u00e7\u00e3o da taxa de R$ 350; inscri\u00e7\u00f5es seguem at\u00e9 28\\\/09.\",\"breadcrumb\":{\"@id\":\"https:\\\/\\\/cj.estrategia.com\\\/portal\\\/concurso-trf5-juiz-2026-ultimo-dia-isencao-taxa\\\/#breadcrumb\"},\"inLanguage\":\"pt-BR\",\"potentialAction\":[{\"@type\":\"ReadAction\",\"target\":[\"https:\\\/\\\/cj.estrategia.com\\\/portal\\\/concurso-trf5-juiz-2026-ultimo-dia-isencao-taxa\\\/\"]}]},{\"@type\":\"ImageObject\",\"inLanguage\":\"pt-BR\",\"@id\":\"https:\\\/\\\/cj.estrategia.com\\\/portal\\\/concurso-trf5-juiz-2026-ultimo-dia-isencao-taxa\\\/#primaryimage\",\"url\":\"https:\\\/\\\/cdn-blog-cj.estrategia.com\\\/portal\\\/wp-content\\\/uploads\\\/2026\\\/02\\\/04110838\\\/juiz.jpg\",\"contentUrl\":\"https:\\\/\\\/cdn-blog-cj.estrategia.com\\\/portal\\\/wp-content\\\/uploads\\\/2026\\\/02\\\/04110838\\\/juiz.jpg\",\"width\":2459,\"height\":1383,\"caption\":\"concurso juiz magistratura\"},{\"@type\":\"BreadcrumbList\",\"@id\":\"https:\\\/\\\/cj.estrategia.com\\\/portal\\\/concurso-trf5-juiz-2026-ultimo-dia-isencao-taxa\\\/#breadcrumb\",\"itemListElement\":[{\"@type\":\"ListItem\",\"position\":1,\"name\":\"In\u00edcio\",\"item\":\"https:\\\/\\\/cj.estrategia.com\\\/portal\\\/\"},{\"@type\":\"ListItem\",\"position\":2,\"name\":\"Concurso TRF5 Juiz: \u00faltimo dia para solicitar a isen\u00e7\u00e3o da taxa\"}]},{\"@type\":\"WebSite\",\"@id\":\"https:\\\/\\\/cj.estrategia.com\\\/portal\\\/#website\",\"url\":\"https:\\\/\\\/cj.estrategia.com\\\/portal\\\/\",\"name\":\"Blog - Carreiras Jur\u00eddicas - Estrat\u00e9gia\",\"description\":\"\",\"publisher\":{\"@id\":\"https:\\\/\\\/cj.estrategia.com\\\/portal\\\/#organization\"},\"potentialAction\":[{\"@type\":\"SearchAction\",\"target\":{\"@type\":\"EntryPoint\",\"urlTemplate\":\"https:\\\/\\\/cj.estrategia.com\\\/portal\\\/?s={search_term_string}\"},\"query-input\":{\"@type\":\"PropertyValueSpecification\",\"valueRequired\":true,\"valueName\":\"search_term_string\"}}],\"inLanguage\":\"pt-BR\"},{\"@type\":\"Organization\",\"@id\":\"https:\\\/\\\/cj.estrategia.com\\\/portal\\\/#organization\",\"name\":\"Estrat\u00e9gia - Carreiras Jur\u00eddicas\",\"url\":\"https:\\\/\\\/cj.estrategia.com\\\/portal\\\/\",\"logo\":{\"@type\":\"ImageObject\",\"inLanguage\":\"pt-BR\",\"@id\":\"https:\\\/\\\/cj.estrategia.com\\\/portal\\\/#\\\/schema\\\/logo\\\/image\\\/\",\"url\":\"https:\\\/\\\/cj.estrategia.com\\\/portal\\\/wp-content\\\/uploads\\\/2022\\\/03\\\/11151052\\\/cj-logo.png\",\"contentUrl\":\"https:\\\/\\\/cj.estrategia.com\\\/portal\\\/wp-content\\\/uploads\\\/2022\\\/03\\\/11151052\\\/cj-logo.png\",\"width\":150,\"height\":39,\"caption\":\"Estrat\u00e9gia - Carreiras Jur\u00eddicas\"},\"image\":{\"@id\":\"https:\\\/\\\/cj.estrategia.com\\\/portal\\\/#\\\/schema\\\/logo\\\/image\\\/\"},\"sameAs\":[\"https:\\\/\\\/www.facebook.com\\\/estrategiacarreirajuridica\\\/\",\"https:\\\/\\\/x.com\\\/EstratJuridica\",\"https:\\\/\\\/www.instagram.com\\\/estrategiacarreirajuridica\\\/\",\"https:\\\/\\\/www.youtube.com\\\/channel\\\/UClbMGuYbj2Mh1m3w144ETWQ\"]},{\"@type\":\"Person\",\"@id\":\"https:\\\/\\\/cj.estrategia.com\\\/portal\\\/#\\\/schema\\\/person\\\/1ef7dfede328b25e1998f27de576690b\",\"name\":\"Bruna de Andrade Fran\u00e7a\",\"image\":{\"@type\":\"ImageObject\",\"inLanguage\":\"pt-BR\",\"@id\":\"https:\\\/\\\/cdn-blog-cj.estrategia.com\\\/portal\\\/wp-content\\\/uploads\\\/2026\\\/07\\\/06111339\\\/WhatsApp-Image-2026-08-06-at-11.07.51-96x96.jpeg\",\"url\":\"https:\\\/\\\/cdn-blog-cj.estrategia.com\\\/portal\\\/wp-content\\\/uploads\\\/2026\\\/07\\\/06111339\\\/WhatsApp-Image-2026-08-06-at-11.07.51-96x96.jpeg\",\"contentUrl\":\"https:\\\/\\\/cdn-blog-cj.estrategia.com\\\/portal\\\/wp-content\\\/uploads\\\/2026\\\/07\\\/06111339\\\/WhatsApp-Image-2026-08-06-at-11.07.51-96x96.jpeg\",\"caption\":\"Bruna de Andrade Fran\u00e7a\"},\"description\":\"Bruna de Andrade Fran\u00e7a \u00e9 publicit\u00e1ria, p\u00f3s-graduada em Marketing &amp; Growth, e atua h\u00e1 mais de sete anos no mercado de concursos p\u00fablicos. Atualmente, \u00e9 coordenadora do jornalismo de Carreira Jur\u00eddica e OAB no Estrat\u00e9gia Concursos, liderando a cobertura editorial das principais sele\u00e7\u00f5es do pa\u00eds. Especialista em reda\u00e7\u00e3o, SEO e Copywriting, acumula ampla experi\u00eancia na produ\u00e7\u00e3o e gest\u00e3o de conte\u00fado jornal\u00edstico. Ao longo de sua trajet\u00f3ria, tamb\u00e9m esteve \u00e0 frente da cobertura de concursos policiais, banc\u00e1rios, \u00e1rea legislativa e sa\u00fade.\",\"url\":\"https:\\\/\\\/cj.estrategia.com\\\/portal\\\/author\\\/bruna-andrade\\\/\"}]}<\/script>\n<!-- \/ Yoast SEO Premium plugin. -->","yoast_head_json":{"title":"Concurso TRF5 Juiz: \u00faltimo dia para solicitar a isen\u00e7\u00e3o da taxa","description":"Concurso TRF5 Juiz encerra nesta ter\u00e7a-feira (01) o prazo para solicitar isen\u00e7\u00e3o da taxa de R$ 350; inscri\u00e7\u00f5es seguem at\u00e9 28\/09.","robots":{"index":"index","follow":"follow","max-snippet":"max-snippet:-1","max-image-preview":"max-image-preview:large","max-video-preview":"max-video-preview:-1"},"canonical":"https:\/\/cj.estrategia.com\/portal\/concurso-trf5-juiz-2026-ultimo-dia-isencao-taxa\/","og_locale":"pt_BR","og_type":"article","og_title":"Concurso TRF5 Juiz: \u00faltimo dia para solicitar a isen\u00e7\u00e3o da taxa","og_description":"Concurso TRF5 Juiz encerra nesta ter\u00e7a-feira (01) o prazo para solicitar isen\u00e7\u00e3o da taxa de R$ 350; inscri\u00e7\u00f5es seguem at\u00e9 28\/09.","og_url":"https:\/\/cj.estrategia.com\/portal\/concurso-trf5-juiz-2026-ultimo-dia-isencao-taxa\/","og_site_name":"Blog - Carreiras Jur\u00eddicas - Estrat\u00e9gia","article_publisher":"https:\/\/www.facebook.com\/estrategiacarreirajuridica\/","article_published_time":"2026-09-01T10:27:00+00:00","og_image":[{"width":2459,"height":1383,"url":"https:\/\/cdn-blog-cj.estrategia.com\/portal\/wp-content\/uploads\/2026\/02\/04110838\/juiz.jpg","type":"image\/jpeg"}],"author":"Bruna de Andrade Fran\u00e7a","twitter_card":"summary_large_image","twitter_creator":"@EstratJuridica","twitter_site":"@EstratJuridica","twitter_misc":{"Escrito por":"Bruna de Andrade Fran\u00e7a","Est. tempo de leitura":"4 minutos"},"schema":{"@context":"https:\/\/schema.org","@graph":[{"@type":"NewsArticle","@id":"https:\/\/cj.estrategia.com\/portal\/concurso-trf5-juiz-2026-ultimo-dia-isencao-taxa\/#article","isPartOf":{"@id":"https:\/\/cj.estrategia.com\/portal\/concurso-trf5-juiz-2026-ultimo-dia-isencao-taxa\/"},"author":{"name":"Bruna de Andrade Fran\u00e7a","@id":"https:\/\/cj.estrategia.com\/portal\/#\/schema\/person\/1ef7dfede328b25e1998f27de576690b"},"headline":"Concurso TRF5 Juiz: \u00faltimo dia para solicitar a isen\u00e7\u00e3o da taxa","datePublished":"2026-09-01T10:27:00+00:00","mainEntityOfPage":{"@id":"https:\/\/cj.estrategia.com\/portal\/concurso-trf5-juiz-2026-ultimo-dia-isencao-taxa\/"},"wordCount":624,"commentCount":0,"publisher":{"@id":"https:\/\/cj.estrategia.com\/portal\/#organization"},"image":{"@id":"https:\/\/cj.estrategia.com\/portal\/concurso-trf5-juiz-2026-ultimo-dia-isencao-taxa\/#primaryimage"},"thumbnailUrl":"https:\/\/cdn-blog-cj.estrategia.com\/portal\/wp-content\/uploads\/2026\/02\/04110838\/juiz.jpg","articleSection":["Magistratura","\u00daltimas Not\u00edcias"],"inLanguage":"pt-BR","potentialAction":[{"@type":"CommentAction","name":"Comment","target":["https:\/\/cj.estrategia.com\/portal\/concurso-trf5-juiz-2026-ultimo-dia-isencao-taxa\/#respond"]}]},{"@type":"WebPage","@id":"https:\/\/cj.estrategia.com\/portal\/concurso-trf5-juiz-2026-ultimo-dia-isencao-taxa\/","url":"https:\/\/cj.estrategia.com\/portal\/concurso-trf5-juiz-2026-ultimo-dia-isencao-taxa\/","name":"Concurso TRF5 Juiz: \u00faltimo dia para solicitar a isen\u00e7\u00e3o da taxa","isPartOf":{"@id":"https:\/\/cj.estrategia.com\/portal\/#website"},"primaryImageOfPage":{"@id":"https:\/\/cj.estrategia.com\/portal\/concurso-trf5-juiz-2026-ultimo-dia-isencao-taxa\/#primaryimage"},"image":{"@id":"https:\/\/cj.estrategia.com\/portal\/concurso-trf5-juiz-2026-ultimo-dia-isencao-taxa\/#primaryimage"},"thumbnailUrl":"https:\/\/cdn-blog-cj.estrategia.com\/portal\/wp-content\/uploads\/2026\/02\/04110838\/juiz.jpg","datePublished":"2026-09-01T10:27:00+00:00","description":"Concurso TRF5 Juiz encerra nesta ter\u00e7a-feira (01) o prazo para solicitar isen\u00e7\u00e3o da taxa de R$ 350; inscri\u00e7\u00f5es seguem at\u00e9 28\/09.","breadcrumb":{"@id":"https:\/\/cj.estrategia.com\/portal\/concurso-trf5-juiz-2026-ultimo-dia-isencao-taxa\/#breadcrumb"},"inLanguage":"pt-BR","potentialAction":[{"@type":"ReadAction","target":["https:\/\/cj.estrategia.com\/portal\/concurso-trf5-juiz-2026-ultimo-dia-isencao-taxa\/"]}]},{"@type":"ImageObject","inLanguage":"pt-BR","@id":"https:\/\/cj.estrategia.com\/portal\/concurso-trf5-juiz-2026-ultimo-dia-isencao-taxa\/#primaryimage","url":"https:\/\/cdn-blog-cj.estrategia.com\/portal\/wp-content\/uploads\/2026\/02\/04110838\/juiz.jpg","contentUrl":"https:\/\/cdn-blog-cj.estrategia.com\/portal\/wp-content\/uploads\/2026\/02\/04110838\/juiz.jpg","width":2459,"height":1383,"caption":"concurso juiz magistratura"},{"@type":"BreadcrumbList","@id":"https:\/\/cj.estrategia.com\/portal\/concurso-trf5-juiz-2026-ultimo-dia-isencao-taxa\/#breadcrumb","itemListElement":[{"@type":"ListItem","position":1,"name":"In\u00edcio","item":"https:\/\/cj.estrategia.com\/portal\/"},{"@type":"ListItem","position":2,"name":"Concurso TRF5 Juiz: \u00faltimo dia para solicitar a isen\u00e7\u00e3o da taxa"}]},{"@type":"WebSite","@id":"https:\/\/cj.estrategia.com\/portal\/#website","url":"https:\/\/cj.estrategia.com\/portal\/","name":"Blog - Carreiras Jur\u00eddicas - Estrat\u00e9gia","description":"","publisher":{"@id":"https:\/\/cj.estrategia.com\/portal\/#organization"},"potentialAction":[{"@type":"SearchAction","target":{"@type":"EntryPoint","urlTemplate":"https:\/\/cj.estrategia.com\/portal\/?s={search_term_string}"},"query-input":{"@type":"PropertyValueSpecification","valueRequired":true,"valueName":"search_term_string"}}],"inLanguage":"pt-BR"},{"@type":"Organization","@id":"https:\/\/cj.estrategia.com\/portal\/#organization","name":"Estrat\u00e9gia - Carreiras Jur\u00eddicas","url":"https:\/\/cj.estrategia.com\/portal\/","logo":{"@type":"ImageObject","inLanguage":"pt-BR","@id":"https:\/\/cj.estrategia.com\/portal\/#\/schema\/logo\/image\/","url":"https:\/\/cj.estrategia.com\/portal\/wp-content\/uploads\/2022\/03\/11151052\/cj-logo.png","contentUrl":"https:\/\/cj.estrategia.com\/portal\/wp-content\/uploads\/2022\/03\/11151052\/cj-logo.png","width":150,"height":39,"caption":"Estrat\u00e9gia - Carreiras Jur\u00eddicas"},"image":{"@id":"https:\/\/cj.estrategia.com\/portal\/#\/schema\/logo\/image\/"},"sameAs":["https:\/\/www.facebook.com\/estrategiacarreirajuridica\/","https:\/\/x.com\/EstratJuridica","https:\/\/www.instagram.com\/estrategiacarreirajuridica\/","https:\/\/www.youtube.com\/channel\/UClbMGuYbj2Mh1m3w144ETWQ"]},{"@type":"Person","@id":"https:\/\/cj.estrategia.com\/portal\/#\/schema\/person\/1ef7dfede328b25e1998f27de576690b","name":"Bruna de Andrade Fran\u00e7a","image":{"@type":"ImageObject","inLanguage":"pt-BR","@id":"https:\/\/cdn-blog-cj.estrategia.com\/portal\/wp-content\/uploads\/2026\/07\/06111339\/WhatsApp-Image-2026-08-06-at-11.07.51-96x96.jpeg","url":"https:\/\/cdn-blog-cj.estrategia.com\/portal\/wp-content\/uploads\/2026\/07\/06111339\/WhatsApp-Image-2026-08-06-at-11.07.51-96x96.jpeg","contentUrl":"https:\/\/cdn-blog-cj.estrategia.com\/portal\/wp-content\/uploads\/2026\/07\/06111339\/WhatsApp-Image-2026-08-06-at-11.07.51-96x96.jpeg","caption":"Bruna de Andrade Fran\u00e7a"},"description":"Bruna de Andrade Fran\u00e7a \u00e9 publicit\u00e1ria, p\u00f3s-graduada em Marketing &amp; Growth, e atua h\u00e1 mais de sete anos no mercado de concursos p\u00fablicos. Atualmente, \u00e9 coordenadora do jornalismo de Carreira Jur\u00eddica e OAB no Estrat\u00e9gia Concursos, liderando a cobertura editorial das principais sele\u00e7\u00f5es do pa\u00eds. Especialista em reda\u00e7\u00e3o, SEO e Copywriting, acumula ampla experi\u00eancia na produ\u00e7\u00e3o e gest\u00e3o de conte\u00fado jornal\u00edstico. Ao longo de sua trajet\u00f3ria, tamb\u00e9m esteve \u00e0 frente da cobertura de concursos policiais, banc\u00e1rios, \u00e1rea legislativa e sa\u00fade.","url":"https:\/\/cj.estrategia.com\/portal\/author\/bruna-andrade\/"}]}},"jetpack_sharing_enabled":true,"jetpack_featured_media_url":"https:\/\/cdn-blog-cj.estrategia.com\/portal\/wp-content\/uploads\/2026\/02\/04110838\/juiz.jpg","_links":{"self":[{"href":"https:\/\/cj.estrategia.com\/portal\/wp-json\/wp\/v2\/posts\/196558","targetHints":{"allow":["GET"]}}],"collection":[{"href":"https:\/\/cj.estrategia.com\/portal\/wp-json\/wp\/v2\/posts"}],"about":[{"href":"https:\/\/cj.estrategia.com\/portal\/wp-json\/wp\/v2\/types\/post"}],"author":[{"embeddable":true,"href":"https:\/\/cj.estrategia.com\/portal\/wp-json\/wp\/v2\/users\/7"}],"replies":[{"embeddable":true,"href":"https:\/\/cj.estrategia.com\/portal\/wp-json\/wp\/v2\/comments?post=196558"}],"version-history":[{"count":1,"href":"https:\/\/cj.estrategia.com\/portal\/wp-json\/wp\/v2\/posts\/196558\/revisions"}],"predecessor-version":[{"id":196561,"href":"https:\/\/cj.estrategia.com\/portal\/wp-json\/wp\/v2\/posts\/196558\/revisions\/196561"}],"wp:featuredmedia":[{"embeddable":true,"href":"https:\/\/cj.estrategia.com\/portal\/wp-json\/wp\/v2\/media\/177745"}],"wp:attachment":[{"href":"https:\/\/cj.estrategia.com\/portal\/wp-json\/wp\/v2\/media?parent=196558"}],"wp:term":[{"taxonomy":"category","embeddable":true,"href":"https:\/\/cj.estrategia.com\/portal\/wp-json\/wp\/v2\/categories?post=196558"},{"taxonomy":"post_tag","embeddable":true,"href":"https:\/\/cj.estrategia.com\/portal\/wp-json\/wp\/v2\/tags?post=196558"},{"taxonomy":"tax_estado","embeddable":true,"href":"https:\/\/cj.estrategia.com\/portal\/wp-json\/wp\/v2\/tax_estado?post=196558"}],"curies":[{"name":"wp","href":"https:\/\/api.w.org\/{rel}","templated":true}]}}