{"id":196554,"date":"2026-09-02T08:02:00","date_gmt":"2026-09-02T11:02:00","guid":{"rendered":"https:\/\/cj.estrategia.com\/portal\/?p=196554"},"modified":"2026-08-31T12:40:54","modified_gmt":"2026-08-31T15:40:54","slug":"isencao-enac-2026-2-ultimo-dia","status":"publish","type":"post","link":"https:\/\/cj.estrategia.com\/portal\/isencao-enac-2026-2-ultimo-dia\/","title":{"rendered":"Isen\u00e7\u00e3o do ENAC 2026.2: \u00faltimo dia para solicitar; confira!"},"content":{"rendered":"\n<p class=\"has-medium-font-size wp-block-paragraph\"><strong><em>ENAC 2026.2 encerra nesta quarta-feira (02) o prazo para solicitar isen\u00e7\u00e3o da taxa de inscri\u00e7\u00e3o; pedidos s\u00e3o feitos no site da FGV<\/em><\/strong><\/p>\n\n\n<a id=\"cta-icon\" href=\"https:\/\/sndflw.com\/i\/cartorios-grupo\" target=\"blank\" style=\"background:rgb(41,166,26)\">\n            <img decoding=\"async\" src=\"https:\/\/cdn-blog-cj.estrategia.com\/portal\/wp-content\/uploads\/2023\/12\/07160657\/whatsapp_1385.webp\" alt=\"\" alt=\"whatsapp_1385\"><span > Acesse agora o Grupo de Estudos para Concursos Cart\u00f3rio <\/span><\/a>\n\n\n\n<p class=\"wp-block-paragraph\">O <strong>ENAC 2026.2<\/strong> encerra \u00e0s <strong>16h desta quarta-feira (02)<\/strong> o prazo para solicita\u00e7\u00e3o de <strong>isen\u00e7\u00e3o da taxa de inscri\u00e7\u00e3o<\/strong>, conforme cronograma do edital do <strong>4\u00ba Exame Nacional dos Cart\u00f3rios<\/strong>, organizado pela <strong>Funda\u00e7\u00e3o Getulio Vargas (FGV)<\/strong>. <\/p>\n\n\n\n<p class=\"wp-block-paragraph\">O exame \u00e9 coordenado pelo <strong>Conselho Nacional de Justi\u00e7a (CNJ)<\/strong> e funciona como pr\u00e9-requisito para inscri\u00e7\u00e3o em concursos p\u00fablicos de provimento e remo\u00e7\u00e3o referentes \u00e0 titularidade dos servi\u00e7os notariais e de registro declarados vagos pelos Tribunais de Justi\u00e7a.<\/p>\n\n\n\n<div class=\"container\" id=\"boxes\">\n  <div class=\"row\">\n\n    <div class=\"col-sm\">\n      <div class=\"banner-ecj-cartorios\" id=\"box-assinatura\">\n        <h2 id=\"cursos-para-enac\" class=\"titulo-assinatura\"><span style=\"color: #ffffff; font-size: 23px; \">Cursos para ENAC<\/span><\/h2>\n        <p class=\"subtitulo-assinatura\">Cursos focados no edital!<\/p>\n        <div class=\"box-botao\">\n          <a class=\"btn-assinatura-juridica\" target=\"_blank\" href=\"https:\/\/cj.estrategia.com\/concurso\/enac-20261\" role=\"button\" rel=\"noopener noreferrer\">CLIQUE AQUI<\/a>\n        <\/div>\n      <\/div>\n<\/p>\n    <\/div>\n\n  <\/div>\n<\/div>\n\n\n\n<h2 id=\"h-isencao-do-enac-2026-2\" class=\"wp-block-heading\"><span id=\"isencao-do-enac-2026-2\">Isen\u00e7\u00e3o do ENAC 2026.2<\/span><\/h2>\n\n\n\n<p class=\"wp-block-paragraph\">O pedido de isen\u00e7\u00e3o da taxa do <strong>ENAC 2026.2<\/strong> deve ser feito exclusivamente pela internet, na p\u00e1gina do exame no site da <strong>Funda\u00e7\u00e3o Getulio Vargas (FGV)<\/strong>.<\/p>\n\n\n\n<p class=\"wp-block-paragraph\">O prazo come\u00e7ou \u00e0s <strong>16h de 31 de agosto<\/strong> e termina \u00e0s <strong>16h desta quarta-feira, 2 de setembro de 2026<\/strong>, conforme o hor\u00e1rio oficial de Bras\u00edlia. Podem solicitar o benef\u00edcio, conforme regras do edital:<\/p>\n\n\n\n<ul class=\"wp-block-list\">\n<li>candidatos inscritos no <strong>Cadastro \u00danico para Programas Sociais do Governo Federal (Cad\u00danico)<\/strong>;<\/li>\n\n\n\n<li>doadores de <strong>medula \u00f3ssea<\/strong>;<\/li>\n\n\n\n<li>pessoas com renda igual ou inferior ao limite de isen\u00e7\u00e3o do <strong>Imposto de Renda da Pessoa F\u00edsica (IRPF)<\/strong>.<\/li>\n<\/ul>\n\n\n\n<h3 id=\"h-como-solicitar-a-isencao\" class=\"wp-block-heading\"><span id=\"como-solicitar-a-isencao\">Como solicitar a isen\u00e7\u00e3o?<\/span><\/h3>\n\n\n\n<p class=\"wp-block-paragraph\">Para solicitar a isen\u00e7\u00e3o, o candidato deve acessar o site da <strong>FGV<\/strong>, preencher o requerimento no sistema de inscri\u00e7\u00e3o e enviar a documenta\u00e7\u00e3o comprobat\u00f3ria exigida para a modalidade escolhida.<\/p>\n\n\n\n<p class=\"wp-block-paragraph\">O pedido deve ser conclu\u00eddo dentro do prazo previsto. Ap\u00f3s as <strong>16h desta quarta-feira (02)<\/strong>, o sistema n\u00e3o receber\u00e1 novas solicita\u00e7\u00f5es de isen\u00e7\u00e3o.<\/p>\n\n\n\n<p class=\"wp-block-paragraph\">A an\u00e1lise dos pedidos ser\u00e1 feita pela banca organizadora, conforme as regras do edital.<\/p>\n\n\n\n<h2 id=\"h-inscricoes-abertas-para-o-enac-2026-2\" class=\"wp-block-heading\"><span id=\"inscricoes-abertas-para-o-enac-2026-2\">Inscri\u00e7\u00f5es abertas para o ENAC 2026.2<\/span><\/h2>\n\n\n\n<p class=\"wp-block-paragraph\">As inscri\u00e7\u00f5es do <strong>ENAC 2026.2<\/strong> seguem abertas at\u00e9 as <strong>16h de 29 de setembro de 2026<\/strong>, tamb\u00e9m pelo site da <strong>FGV<\/strong>.  A taxa de inscri\u00e7\u00e3o \u00e9 de <strong>R$ 150,00<\/strong>, com pagamento permitido at\u00e9 <strong>30 de setembro de 2026<\/strong>. <\/p>\n\n\n\n<p class=\"wp-block-paragraph\">Quem tiver o pedido de isen\u00e7\u00e3o indeferido dever\u00e1 observar os prazos e procedimentos previstos no edital para manter a participa\u00e7\u00e3o no exame.<\/p>\n\n\n\n<h3 id=\"h-quem-pode-participar-do-enac\" class=\"wp-block-heading\"><span id=\"quem-pode-participar-do-enac\">Quem pode participar do ENAC?<\/span><\/h3>\n\n\n\n<p class=\"wp-block-paragraph\">Podem participar do <strong>ENAC 2026.2<\/strong> os bachar\u00e9is em Direito, formados em institui\u00e7\u00e3o reconhecida pelo <strong>Minist\u00e9rio da Educa\u00e7\u00e3o (MEC)<\/strong>, ou pessoas que tenham exercido, por <strong>10 anos<\/strong>, fun\u00e7\u00e3o em servi\u00e7os notariais ou de registro.<\/p>\n\n\n\n<p class=\"wp-block-paragraph\">A comprova\u00e7\u00e3o desses requisitos poder\u00e1 ser apresentada at\u00e9 <strong>6 de novembro de 2026<\/strong>, conforme cronograma do edital.<\/p>\n\n\n\n<h2 id=\"h-prova-do-enac-2026-2\" class=\"wp-block-heading\"><span id=\"prova-do-enac-2026-2\">Prova do ENAC 2026.2<\/span><\/h2>\n\n\n\n<p class=\"wp-block-paragraph\">A prova objetiva do <strong>ENAC 2026.2<\/strong> est\u00e1 prevista para <strong>22 de novembro de 2026<\/strong>, das <strong>14h \u00e0s 19h<\/strong>. <\/p>\n\n\n\n<p class=\"wp-block-paragraph\">A avalia\u00e7\u00e3o ser\u00e1 aplicada nas capitais dos estados e no <strong>Distrito Federal<\/strong>, em etapa \u00fanica, com car\u00e1ter <strong>eliminat\u00f3rio<\/strong> e <strong>n\u00e3o classificat\u00f3rio<\/strong>. <\/p>\n\n\n\n<p class=\"wp-block-paragraph\">O exame ter\u00e1 <strong>100 quest\u00f5es de m\u00faltipla escolha<\/strong>, com cinco alternativas e apenas uma correta. A disciplina de <strong>Direito Notarial e Registral<\/strong> ter\u00e1 o maior peso, com <strong>60 quest\u00f5es<\/strong>. <\/p>\n\n\n\n<p class=\"has-text-align-center wp-block-paragraph\"><em>Para saber mais sobre a isen\u00e7\u00e3o, inscri\u00e7\u00f5es e todos os detalhes do ENAC 2026.2, acesse nosso artigo na \u00edntegra:<\/em><\/p>\n\n\n\n<p class=\"has-text-align-center has-very-light-gray-to-cyan-bluish-gray-gradient-background has-background has-medium-font-size wp-block-paragraph\"><strong>Saiba mais: <a href=\"https:\/\/cj.estrategia.com\/portal\/edital-enac-2026-2\/\" target=\"_blank\" >ENAC 2026.2<\/a><\/strong><\/p>\n\n\n\n<hr class=\"wp-block-separator has-alpha-channel-opacity\"\/>\n\n\n\n<p class=\"has-text-align-center wp-block-paragraph\" style=\"font-size:28px\"><strong>Quer saber tudo sobre concursos previstos?  Confira nossos artigos!<\/strong><\/p>\n\n\n\n<ul class=\"wp-block-list\">\n<li><a href=\"https:\/\/cj.estrategia.com\/portal\/concursos-abertos-carreiras-juridicas\/\" target=\"_blank\" >Concursos Jur\u00eddicos abertos<\/a><\/li>\n\n\n\n<li><a href=\"https:\/\/cj.estrategia.com\/portal\/concursos-juridicos-2026\" target=\"_blank\" >Concursos Jur\u00eddicos 2026<\/a><\/li>\n\n\n\n<li><a href=\"https:\/\/cj.estrategia.com\/portal\/concursos-juridicos-2027\" target=\"_blank\" >Concursos Jur\u00eddicos 2027<\/a><\/li>\n\n\n\n<li><a href=\"https:\/\/cj.estrategia.com\/portal\/concursos-de-cartorio\/\" target=\"_blank\" >Concursos Cart\u00f3rios<\/a><\/li>\n<\/ul>\n\n\n\n<p class=\"has-text-align-center has-medium-font-size wp-block-paragraph\"><strong>Assinaturas Carreiras Jur\u00eddicas<\/strong><\/p>\n\n\n\n<div class=\"wp-block-cover\" style=\"min-height:155px;aspect-ratio:unset;\"><img decoding=\"async\" width=\"1890\" height=\"351\" class=\"wp-block-cover__image-background wp-image-8669\" alt=\"Assinaturas Jur\u00eddicas\" src=\"https:\/\/cj.estrategia.com\/portal\/wp-content\/uploads\/2022\/06\/20151253\/concurso-carreiras-juridicas-assinatura-juridica.jpg\" style=\"object-position:78% 43%\" data-object-fit=\"cover\" data-object-position=\"78% 43%\" srcset=\"https:\/\/cdn-blog-cj.estrategia.com\/portal\/wp-content\/uploads\/2022\/06\/20151253\/concurso-carreiras-juridicas-assinatura-juridica.jpg 1890w, https:\/\/cdn-blog-cj.estrategia.com\/portal\/wp-content\/uploads\/2022\/06\/20151253\/concurso-carreiras-juridicas-assinatura-juridica-300x56.jpg 300w, https:\/\/cdn-blog-cj.estrategia.com\/portal\/wp-content\/uploads\/2022\/06\/20151253\/concurso-carreiras-juridicas-assinatura-juridica-1024x190.jpg 1024w, https:\/\/cdn-blog-cj.estrategia.com\/portal\/wp-content\/uploads\/2022\/06\/20151253\/concurso-carreiras-juridicas-assinatura-juridica-768x143.jpg 768w, https:\/\/cdn-blog-cj.estrategia.com\/portal\/wp-content\/uploads\/2022\/06\/20151253\/concurso-carreiras-juridicas-assinatura-juridica-1536x285.jpg 1536w, https:\/\/cdn-blog-cj.estrategia.com\/portal\/wp-content\/uploads\/2022\/06\/20151253\/concurso-carreiras-juridicas-assinatura-juridica-380x71.jpg 380w, https:\/\/cdn-blog-cj.estrategia.com\/portal\/wp-content\/uploads\/2022\/06\/20151253\/concurso-carreiras-juridicas-assinatura-juridica-800x149.jpg 800w, https:\/\/cdn-blog-cj.estrategia.com\/portal\/wp-content\/uploads\/2022\/06\/20151253\/concurso-carreiras-juridicas-assinatura-juridica-1160x215.jpg 1160w\" sizes=\"(max-width: 1890px) 100vw, 1890px\" \/><span aria-hidden=\"true\" class=\"wp-block-cover__background has-background-dim\"><\/span><div class=\"wp-block-cover__inner-container is-layout-flow wp-block-cover-is-layout-flow\">\n<h3 id=\"faca-a-sua-assinatura\" class=\"titulo-assinatura\"><span style=\"color: #ffffff;\">Fa\u00e7a a sua assinatura!<\/span><\/h3>\n<p class=\"subtitulo-assinatura\" style=\"display:block!important; line-height: 0;\"><span style=\"color: #ffffff;\">Escolha a sua \u00e1rea.<\/span><\/p>\n<a target=\"_blank\" href=\"https:\/\/www.estrategiaconcursos.com.br\/assinaturas-ecj\/\" rel=\"noopener\"><button style=\"border-radius: 10px; text-transform: capitalize;\">Acessar<\/button><\/a>\n<\/div><\/div>\n","protected":false},"excerpt":{"rendered":"ENAC 2026.2 encerra nesta quarta-feira (02) o prazo para solicitar isen\u00e7\u00e3o da taxa de inscri\u00e7\u00e3o; pedidos s\u00e3o feitos&hellip;\n","protected":false},"author":7,"featured_media":195912,"comment_status":"open","ping_status":"open","sticky":false,"template":"","format":"standard","meta":{"_acf_changed":false,"_jetpack_newsletter_access":"","_jetpack_dont_email_post_to_subs":false,"_jetpack_newsletter_tier_id":0,"_jetpack_memberships_contains_paywalled_content":false,"_jetpack_feature_clip_id":0,"_jetpack_memberships_contains_paid_content":false,"footnotes":"","jetpack_post_was_ever_published":false},"categories":[1,29,4059],"tags":[],"tax_estado":[36],"class_list":["post-196554","post","type-post","status-publish","format-standard","has-post-thumbnail","category-carreiras-juridicas","category-cartorio","category-ultimas-noticias","tax_estado-concursos-federais"],"acf":[],"yoast_head":"<!-- This site is optimized with the Yoast SEO Premium plugin v28.3 (Yoast SEO v28.3) - https:\/\/yoast.com\/product\/yoast-seo-premium-wordpress\/ -->\n<title>Isen\u00e7\u00e3o do ENAC 2026.2: \u00faltimo dia para solicitar; confira!<\/title>\n<meta name=\"description\" content=\"ENAC 2026.2 encerra nesta quarta-feira (02) o prazo para solicitar isen\u00e7\u00e3o da taxa de inscri\u00e7\u00e3o; pedidos s\u00e3o feitos no site da FGV.\" \/>\n<meta name=\"robots\" content=\"index, follow, max-snippet:-1, max-image-preview:large, max-video-preview:-1\" \/>\n<link rel=\"canonical\" href=\"https:\/\/cj.estrategia.com\/portal\/isencao-enac-2026-2-ultimo-dia\/\" \/>\n<meta property=\"og:locale\" content=\"pt_BR\" \/>\n<meta property=\"og:type\" content=\"article\" \/>\n<meta property=\"og:title\" content=\"Isen\u00e7\u00e3o do ENAC 2026.2: \u00faltimo dia para solicitar; confira!\" \/>\n<meta property=\"og:description\" content=\"ENAC 2026.2 encerra nesta quarta-feira (02) o prazo para solicitar isen\u00e7\u00e3o da taxa de inscri\u00e7\u00e3o; pedidos s\u00e3o feitos no site da FGV.\" \/>\n<meta property=\"og:url\" content=\"https:\/\/cj.estrategia.com\/portal\/isencao-enac-2026-2-ultimo-dia\/\" \/>\n<meta property=\"og:site_name\" content=\"Blog - Carreiras Jur\u00eddicas - Estrat\u00e9gia\" \/>\n<meta property=\"article:publisher\" content=\"https:\/\/www.facebook.com\/estrategiacarreirajuridica\/\" \/>\n<meta property=\"article:published_time\" content=\"2026-09-02T11:02:00+00:00\" \/>\n<meta property=\"og:image\" content=\"https:\/\/cdn-blog-cj.estrategia.com\/portal\/wp-content\/uploads\/2026\/08\/28084705\/enac.jpg\" \/>\n\t<meta property=\"og:image:width\" content=\"768\" \/>\n\t<meta property=\"og:image:height\" content=\"432\" \/>\n\t<meta property=\"og:image:type\" content=\"image\/jpeg\" \/>\n<meta name=\"author\" content=\"Bruna de Andrade Fran\u00e7a\" \/>\n<meta name=\"twitter:card\" content=\"summary_large_image\" \/>\n<meta name=\"twitter:creator\" content=\"@EstratJuridica\" \/>\n<meta name=\"twitter:site\" content=\"@EstratJuridica\" \/>\n<meta name=\"twitter:label1\" content=\"Escrito por\" \/>\n\t<meta name=\"twitter:data1\" content=\"Bruna de Andrade Fran\u00e7a\" \/>\n\t<meta name=\"twitter:label2\" content=\"Est. tempo de leitura\" \/>\n\t<meta name=\"twitter:data2\" content=\"4 minutos\" \/>\n<script type=\"application\/ld+json\" class=\"yoast-schema-graph\">{\"@context\":\"https:\\\/\\\/schema.org\",\"@graph\":[{\"@type\":\"NewsArticle\",\"@id\":\"https:\\\/\\\/cj.estrategia.com\\\/portal\\\/isencao-enac-2026-2-ultimo-dia\\\/#article\",\"isPartOf\":{\"@id\":\"https:\\\/\\\/cj.estrategia.com\\\/portal\\\/isencao-enac-2026-2-ultimo-dia\\\/\"},\"author\":{\"name\":\"Bruna de Andrade Fran\u00e7a\",\"@id\":\"https:\\\/\\\/cj.estrategia.com\\\/portal\\\/#\\\/schema\\\/person\\\/1ef7dfede328b25e1998f27de576690b\"},\"headline\":\"Isen\u00e7\u00e3o do ENAC 2026.2: \u00faltimo dia para solicitar; confira!\",\"datePublished\":\"2026-09-02T11:02:00+00:00\",\"mainEntityOfPage\":{\"@id\":\"https:\\\/\\\/cj.estrategia.com\\\/portal\\\/isencao-enac-2026-2-ultimo-dia\\\/\"},\"wordCount\":553,\"commentCount\":0,\"publisher\":{\"@id\":\"https:\\\/\\\/cj.estrategia.com\\\/portal\\\/#organization\"},\"image\":{\"@id\":\"https:\\\/\\\/cj.estrategia.com\\\/portal\\\/isencao-enac-2026-2-ultimo-dia\\\/#primaryimage\"},\"thumbnailUrl\":\"https:\\\/\\\/cdn-blog-cj.estrategia.com\\\/portal\\\/wp-content\\\/uploads\\\/2026\\\/08\\\/28084705\\\/enac.jpg\",\"articleSection\":[\"Carreiras Jur\u00eddicas\",\"Cart\u00f3rio\",\"\u00daltimas Not\u00edcias\"],\"inLanguage\":\"pt-BR\",\"potentialAction\":[{\"@type\":\"CommentAction\",\"name\":\"Comment\",\"target\":[\"https:\\\/\\\/cj.estrategia.com\\\/portal\\\/isencao-enac-2026-2-ultimo-dia\\\/#respond\"]}]},{\"@type\":\"WebPage\",\"@id\":\"https:\\\/\\\/cj.estrategia.com\\\/portal\\\/isencao-enac-2026-2-ultimo-dia\\\/\",\"url\":\"https:\\\/\\\/cj.estrategia.com\\\/portal\\\/isencao-enac-2026-2-ultimo-dia\\\/\",\"name\":\"Isen\u00e7\u00e3o do ENAC 2026.2: \u00faltimo dia para solicitar; confira!\",\"isPartOf\":{\"@id\":\"https:\\\/\\\/cj.estrategia.com\\\/portal\\\/#website\"},\"primaryImageOfPage\":{\"@id\":\"https:\\\/\\\/cj.estrategia.com\\\/portal\\\/isencao-enac-2026-2-ultimo-dia\\\/#primaryimage\"},\"image\":{\"@id\":\"https:\\\/\\\/cj.estrategia.com\\\/portal\\\/isencao-enac-2026-2-ultimo-dia\\\/#primaryimage\"},\"thumbnailUrl\":\"https:\\\/\\\/cdn-blog-cj.estrategia.com\\\/portal\\\/wp-content\\\/uploads\\\/2026\\\/08\\\/28084705\\\/enac.jpg\",\"datePublished\":\"2026-09-02T11:02:00+00:00\",\"description\":\"ENAC 2026.2 encerra nesta quarta-feira (02) o prazo para solicitar isen\u00e7\u00e3o da taxa de inscri\u00e7\u00e3o; pedidos s\u00e3o feitos no site da FGV.\",\"breadcrumb\":{\"@id\":\"https:\\\/\\\/cj.estrategia.com\\\/portal\\\/isencao-enac-2026-2-ultimo-dia\\\/#breadcrumb\"},\"inLanguage\":\"pt-BR\",\"potentialAction\":[{\"@type\":\"ReadAction\",\"target\":[\"https:\\\/\\\/cj.estrategia.com\\\/portal\\\/isencao-enac-2026-2-ultimo-dia\\\/\"]}]},{\"@type\":\"ImageObject\",\"inLanguage\":\"pt-BR\",\"@id\":\"https:\\\/\\\/cj.estrategia.com\\\/portal\\\/isencao-enac-2026-2-ultimo-dia\\\/#primaryimage\",\"url\":\"https:\\\/\\\/cdn-blog-cj.estrategia.com\\\/portal\\\/wp-content\\\/uploads\\\/2026\\\/08\\\/28084705\\\/enac.jpg\",\"contentUrl\":\"https:\\\/\\\/cdn-blog-cj.estrategia.com\\\/portal\\\/wp-content\\\/uploads\\\/2026\\\/08\\\/28084705\\\/enac.jpg\",\"width\":768,\"height\":432,\"caption\":\"enac\"},{\"@type\":\"BreadcrumbList\",\"@id\":\"https:\\\/\\\/cj.estrategia.com\\\/portal\\\/isencao-enac-2026-2-ultimo-dia\\\/#breadcrumb\",\"itemListElement\":[{\"@type\":\"ListItem\",\"position\":1,\"name\":\"In\u00edcio\",\"item\":\"https:\\\/\\\/cj.estrategia.com\\\/portal\\\/\"},{\"@type\":\"ListItem\",\"position\":2,\"name\":\"Isen\u00e7\u00e3o do ENAC 2026.2: \u00faltimo dia para solicitar; confira!\"}]},{\"@type\":\"WebSite\",\"@id\":\"https:\\\/\\\/cj.estrategia.com\\\/portal\\\/#website\",\"url\":\"https:\\\/\\\/cj.estrategia.com\\\/portal\\\/\",\"name\":\"Blog - Carreiras Jur\u00eddicas - Estrat\u00e9gia\",\"description\":\"\",\"publisher\":{\"@id\":\"https:\\\/\\\/cj.estrategia.com\\\/portal\\\/#organization\"},\"potentialAction\":[{\"@type\":\"SearchAction\",\"target\":{\"@type\":\"EntryPoint\",\"urlTemplate\":\"https:\\\/\\\/cj.estrategia.com\\\/portal\\\/?s={search_term_string}\"},\"query-input\":{\"@type\":\"PropertyValueSpecification\",\"valueRequired\":true,\"valueName\":\"search_term_string\"}}],\"inLanguage\":\"pt-BR\"},{\"@type\":\"Organization\",\"@id\":\"https:\\\/\\\/cj.estrategia.com\\\/portal\\\/#organization\",\"name\":\"Estrat\u00e9gia - Carreiras Jur\u00eddicas\",\"url\":\"https:\\\/\\\/cj.estrategia.com\\\/portal\\\/\",\"logo\":{\"@type\":\"ImageObject\",\"inLanguage\":\"pt-BR\",\"@id\":\"https:\\\/\\\/cj.estrategia.com\\\/portal\\\/#\\\/schema\\\/logo\\\/image\\\/\",\"url\":\"https:\\\/\\\/cj.estrategia.com\\\/portal\\\/wp-content\\\/uploads\\\/2022\\\/03\\\/11151052\\\/cj-logo.png\",\"contentUrl\":\"https:\\\/\\\/cj.estrategia.com\\\/portal\\\/wp-content\\\/uploads\\\/2022\\\/03\\\/11151052\\\/cj-logo.png\",\"width\":150,\"height\":39,\"caption\":\"Estrat\u00e9gia - Carreiras Jur\u00eddicas\"},\"image\":{\"@id\":\"https:\\\/\\\/cj.estrategia.com\\\/portal\\\/#\\\/schema\\\/logo\\\/image\\\/\"},\"sameAs\":[\"https:\\\/\\\/www.facebook.com\\\/estrategiacarreirajuridica\\\/\",\"https:\\\/\\\/x.com\\\/EstratJuridica\",\"https:\\\/\\\/www.instagram.com\\\/estrategiacarreirajuridica\\\/\",\"https:\\\/\\\/www.youtube.com\\\/channel\\\/UClbMGuYbj2Mh1m3w144ETWQ\"]},{\"@type\":\"Person\",\"@id\":\"https:\\\/\\\/cj.estrategia.com\\\/portal\\\/#\\\/schema\\\/person\\\/1ef7dfede328b25e1998f27de576690b\",\"name\":\"Bruna de Andrade Fran\u00e7a\",\"image\":{\"@type\":\"ImageObject\",\"inLanguage\":\"pt-BR\",\"@id\":\"https:\\\/\\\/cdn-blog-cj.estrategia.com\\\/portal\\\/wp-content\\\/uploads\\\/2026\\\/07\\\/06111339\\\/WhatsApp-Image-2026-08-06-at-11.07.51-96x96.jpeg\",\"url\":\"https:\\\/\\\/cdn-blog-cj.estrategia.com\\\/portal\\\/wp-content\\\/uploads\\\/2026\\\/07\\\/06111339\\\/WhatsApp-Image-2026-08-06-at-11.07.51-96x96.jpeg\",\"contentUrl\":\"https:\\\/\\\/cdn-blog-cj.estrategia.com\\\/portal\\\/wp-content\\\/uploads\\\/2026\\\/07\\\/06111339\\\/WhatsApp-Image-2026-08-06-at-11.07.51-96x96.jpeg\",\"caption\":\"Bruna de Andrade Fran\u00e7a\"},\"description\":\"Bruna de Andrade Fran\u00e7a \u00e9 publicit\u00e1ria, p\u00f3s-graduada em Marketing &amp; Growth, e atua h\u00e1 mais de sete anos no mercado de concursos p\u00fablicos. Atualmente, \u00e9 coordenadora do jornalismo de Carreira Jur\u00eddica e OAB no Estrat\u00e9gia Concursos, liderando a cobertura editorial das principais sele\u00e7\u00f5es do pa\u00eds. Especialista em reda\u00e7\u00e3o, SEO e Copywriting, acumula ampla experi\u00eancia na produ\u00e7\u00e3o e gest\u00e3o de conte\u00fado jornal\u00edstico. Ao longo de sua trajet\u00f3ria, tamb\u00e9m esteve \u00e0 frente da cobertura de concursos policiais, banc\u00e1rios, \u00e1rea legislativa e sa\u00fade.\",\"url\":\"https:\\\/\\\/cj.estrategia.com\\\/portal\\\/author\\\/bruna-andrade\\\/\"}]}<\/script>\n<!-- \/ Yoast SEO Premium plugin. -->","yoast_head_json":{"title":"Isen\u00e7\u00e3o do ENAC 2026.2: \u00faltimo dia para solicitar; confira!","description":"ENAC 2026.2 encerra nesta quarta-feira (02) o prazo para solicitar isen\u00e7\u00e3o da taxa de inscri\u00e7\u00e3o; pedidos s\u00e3o feitos no site da FGV.","robots":{"index":"index","follow":"follow","max-snippet":"max-snippet:-1","max-image-preview":"max-image-preview:large","max-video-preview":"max-video-preview:-1"},"canonical":"https:\/\/cj.estrategia.com\/portal\/isencao-enac-2026-2-ultimo-dia\/","og_locale":"pt_BR","og_type":"article","og_title":"Isen\u00e7\u00e3o do ENAC 2026.2: \u00faltimo dia para solicitar; confira!","og_description":"ENAC 2026.2 encerra nesta quarta-feira (02) o prazo para solicitar isen\u00e7\u00e3o da taxa de inscri\u00e7\u00e3o; pedidos s\u00e3o feitos no site da FGV.","og_url":"https:\/\/cj.estrategia.com\/portal\/isencao-enac-2026-2-ultimo-dia\/","og_site_name":"Blog - Carreiras Jur\u00eddicas - Estrat\u00e9gia","article_publisher":"https:\/\/www.facebook.com\/estrategiacarreirajuridica\/","article_published_time":"2026-09-02T11:02:00+00:00","og_image":[{"width":768,"height":432,"url":"https:\/\/cdn-blog-cj.estrategia.com\/portal\/wp-content\/uploads\/2026\/08\/28084705\/enac.jpg","type":"image\/jpeg"}],"author":"Bruna de Andrade Fran\u00e7a","twitter_card":"summary_large_image","twitter_creator":"@EstratJuridica","twitter_site":"@EstratJuridica","twitter_misc":{"Escrito por":"Bruna de Andrade Fran\u00e7a","Est. tempo de leitura":"4 minutos"},"schema":{"@context":"https:\/\/schema.org","@graph":[{"@type":"NewsArticle","@id":"https:\/\/cj.estrategia.com\/portal\/isencao-enac-2026-2-ultimo-dia\/#article","isPartOf":{"@id":"https:\/\/cj.estrategia.com\/portal\/isencao-enac-2026-2-ultimo-dia\/"},"author":{"name":"Bruna de Andrade Fran\u00e7a","@id":"https:\/\/cj.estrategia.com\/portal\/#\/schema\/person\/1ef7dfede328b25e1998f27de576690b"},"headline":"Isen\u00e7\u00e3o do ENAC 2026.2: \u00faltimo dia para solicitar; confira!","datePublished":"2026-09-02T11:02:00+00:00","mainEntityOfPage":{"@id":"https:\/\/cj.estrategia.com\/portal\/isencao-enac-2026-2-ultimo-dia\/"},"wordCount":553,"commentCount":0,"publisher":{"@id":"https:\/\/cj.estrategia.com\/portal\/#organization"},"image":{"@id":"https:\/\/cj.estrategia.com\/portal\/isencao-enac-2026-2-ultimo-dia\/#primaryimage"},"thumbnailUrl":"https:\/\/cdn-blog-cj.estrategia.com\/portal\/wp-content\/uploads\/2026\/08\/28084705\/enac.jpg","articleSection":["Carreiras Jur\u00eddicas","Cart\u00f3rio","\u00daltimas Not\u00edcias"],"inLanguage":"pt-BR","potentialAction":[{"@type":"CommentAction","name":"Comment","target":["https:\/\/cj.estrategia.com\/portal\/isencao-enac-2026-2-ultimo-dia\/#respond"]}]},{"@type":"WebPage","@id":"https:\/\/cj.estrategia.com\/portal\/isencao-enac-2026-2-ultimo-dia\/","url":"https:\/\/cj.estrategia.com\/portal\/isencao-enac-2026-2-ultimo-dia\/","name":"Isen\u00e7\u00e3o do ENAC 2026.2: \u00faltimo dia para solicitar; confira!","isPartOf":{"@id":"https:\/\/cj.estrategia.com\/portal\/#website"},"primaryImageOfPage":{"@id":"https:\/\/cj.estrategia.com\/portal\/isencao-enac-2026-2-ultimo-dia\/#primaryimage"},"image":{"@id":"https:\/\/cj.estrategia.com\/portal\/isencao-enac-2026-2-ultimo-dia\/#primaryimage"},"thumbnailUrl":"https:\/\/cdn-blog-cj.estrategia.com\/portal\/wp-content\/uploads\/2026\/08\/28084705\/enac.jpg","datePublished":"2026-09-02T11:02:00+00:00","description":"ENAC 2026.2 encerra nesta quarta-feira (02) o prazo para solicitar isen\u00e7\u00e3o da taxa de inscri\u00e7\u00e3o; pedidos s\u00e3o feitos no site da FGV.","breadcrumb":{"@id":"https:\/\/cj.estrategia.com\/portal\/isencao-enac-2026-2-ultimo-dia\/#breadcrumb"},"inLanguage":"pt-BR","potentialAction":[{"@type":"ReadAction","target":["https:\/\/cj.estrategia.com\/portal\/isencao-enac-2026-2-ultimo-dia\/"]}]},{"@type":"ImageObject","inLanguage":"pt-BR","@id":"https:\/\/cj.estrategia.com\/portal\/isencao-enac-2026-2-ultimo-dia\/#primaryimage","url":"https:\/\/cdn-blog-cj.estrategia.com\/portal\/wp-content\/uploads\/2026\/08\/28084705\/enac.jpg","contentUrl":"https:\/\/cdn-blog-cj.estrategia.com\/portal\/wp-content\/uploads\/2026\/08\/28084705\/enac.jpg","width":768,"height":432,"caption":"enac"},{"@type":"BreadcrumbList","@id":"https:\/\/cj.estrategia.com\/portal\/isencao-enac-2026-2-ultimo-dia\/#breadcrumb","itemListElement":[{"@type":"ListItem","position":1,"name":"In\u00edcio","item":"https:\/\/cj.estrategia.com\/portal\/"},{"@type":"ListItem","position":2,"name":"Isen\u00e7\u00e3o do ENAC 2026.2: \u00faltimo dia para solicitar; confira!"}]},{"@type":"WebSite","@id":"https:\/\/cj.estrategia.com\/portal\/#website","url":"https:\/\/cj.estrategia.com\/portal\/","name":"Blog - Carreiras Jur\u00eddicas - Estrat\u00e9gia","description":"","publisher":{"@id":"https:\/\/cj.estrategia.com\/portal\/#organization"},"potentialAction":[{"@type":"SearchAction","target":{"@type":"EntryPoint","urlTemplate":"https:\/\/cj.estrategia.com\/portal\/?s={search_term_string}"},"query-input":{"@type":"PropertyValueSpecification","valueRequired":true,"valueName":"search_term_string"}}],"inLanguage":"pt-BR"},{"@type":"Organization","@id":"https:\/\/cj.estrategia.com\/portal\/#organization","name":"Estrat\u00e9gia - Carreiras Jur\u00eddicas","url":"https:\/\/cj.estrategia.com\/portal\/","logo":{"@type":"ImageObject","inLanguage":"pt-BR","@id":"https:\/\/cj.estrategia.com\/portal\/#\/schema\/logo\/image\/","url":"https:\/\/cj.estrategia.com\/portal\/wp-content\/uploads\/2022\/03\/11151052\/cj-logo.png","contentUrl":"https:\/\/cj.estrategia.com\/portal\/wp-content\/uploads\/2022\/03\/11151052\/cj-logo.png","width":150,"height":39,"caption":"Estrat\u00e9gia - Carreiras Jur\u00eddicas"},"image":{"@id":"https:\/\/cj.estrategia.com\/portal\/#\/schema\/logo\/image\/"},"sameAs":["https:\/\/www.facebook.com\/estrategiacarreirajuridica\/","https:\/\/x.com\/EstratJuridica","https:\/\/www.instagram.com\/estrategiacarreirajuridica\/","https:\/\/www.youtube.com\/channel\/UClbMGuYbj2Mh1m3w144ETWQ"]},{"@type":"Person","@id":"https:\/\/cj.estrategia.com\/portal\/#\/schema\/person\/1ef7dfede328b25e1998f27de576690b","name":"Bruna de Andrade Fran\u00e7a","image":{"@type":"ImageObject","inLanguage":"pt-BR","@id":"https:\/\/cdn-blog-cj.estrategia.com\/portal\/wp-content\/uploads\/2026\/07\/06111339\/WhatsApp-Image-2026-08-06-at-11.07.51-96x96.jpeg","url":"https:\/\/cdn-blog-cj.estrategia.com\/portal\/wp-content\/uploads\/2026\/07\/06111339\/WhatsApp-Image-2026-08-06-at-11.07.51-96x96.jpeg","contentUrl":"https:\/\/cdn-blog-cj.estrategia.com\/portal\/wp-content\/uploads\/2026\/07\/06111339\/WhatsApp-Image-2026-08-06-at-11.07.51-96x96.jpeg","caption":"Bruna de Andrade Fran\u00e7a"},"description":"Bruna de Andrade Fran\u00e7a \u00e9 publicit\u00e1ria, p\u00f3s-graduada em Marketing &amp; Growth, e atua h\u00e1 mais de sete anos no mercado de concursos p\u00fablicos. Atualmente, \u00e9 coordenadora do jornalismo de Carreira Jur\u00eddica e OAB no Estrat\u00e9gia Concursos, liderando a cobertura editorial das principais sele\u00e7\u00f5es do pa\u00eds. Especialista em reda\u00e7\u00e3o, SEO e Copywriting, acumula ampla experi\u00eancia na produ\u00e7\u00e3o e gest\u00e3o de conte\u00fado jornal\u00edstico. Ao longo de sua trajet\u00f3ria, tamb\u00e9m esteve \u00e0 frente da cobertura de concursos policiais, banc\u00e1rios, \u00e1rea legislativa e sa\u00fade.","url":"https:\/\/cj.estrategia.com\/portal\/author\/bruna-andrade\/"}]}},"jetpack_sharing_enabled":true,"jetpack_featured_media_url":"https:\/\/cdn-blog-cj.estrategia.com\/portal\/wp-content\/uploads\/2026\/08\/28084705\/enac.jpg","_links":{"self":[{"href":"https:\/\/cj.estrategia.com\/portal\/wp-json\/wp\/v2\/posts\/196554","targetHints":{"allow":["GET"]}}],"collection":[{"href":"https:\/\/cj.estrategia.com\/portal\/wp-json\/wp\/v2\/posts"}],"about":[{"href":"https:\/\/cj.estrategia.com\/portal\/wp-json\/wp\/v2\/types\/post"}],"author":[{"embeddable":true,"href":"https:\/\/cj.estrategia.com\/portal\/wp-json\/wp\/v2\/users\/7"}],"replies":[{"embeddable":true,"href":"https:\/\/cj.estrategia.com\/portal\/wp-json\/wp\/v2\/comments?post=196554"}],"version-history":[{"count":2,"href":"https:\/\/cj.estrategia.com\/portal\/wp-json\/wp\/v2\/posts\/196554\/revisions"}],"predecessor-version":[{"id":196624,"href":"https:\/\/cj.estrategia.com\/portal\/wp-json\/wp\/v2\/posts\/196554\/revisions\/196624"}],"wp:attachment":[{"href":"https:\/\/cj.estrategia.com\/portal\/wp-json\/wp\/v2\/media?parent=196554"}],"wp:term":[{"taxonomy":"category","embeddable":true,"href":"https:\/\/cj.estrategia.com\/portal\/wp-json\/wp\/v2\/categories?post=196554"},{"taxonomy":"post_tag","embeddable":true,"href":"https:\/\/cj.estrategia.com\/portal\/wp-json\/wp\/v2\/tags?post=196554"},{"taxonomy":"tax_estado","embeddable":true,"href":"https:\/\/cj.estrategia.com\/portal\/wp-json\/wp\/v2\/tax_estado?post=196554"}],"curies":[{"name":"wp","href":"https:\/\/api.w.org\/{rel}","templated":true}]}}