{"id":196553,"date":"2026-08-31T11:15:25","date_gmt":"2026-08-31T14:15:25","guid":{"rendered":"https:\/\/cj.estrategia.com\/portal\/?p=196553"},"modified":"2026-08-31T12:41:04","modified_gmt":"2026-08-31T15:41:04","slug":"enac-2026-2-inscricoes-hoje-16h","status":"publish","type":"post","link":"https:\/\/cj.estrategia.com\/portal\/enac-2026-2-inscricoes-hoje-16h\/","title":{"rendered":"ENAC 2026.2: inscri\u00e7\u00f5es abrem hoje \u00e0s 16h; veja detalhes!"},"content":{"rendered":"\n<p class=\"has-medium-font-size wp-block-paragraph\"><strong><em>ENAC 2026.2 abre inscri\u00e7\u00f5es nesta segunda-feira (31), com taxa de R$ 150 e prova objetiva marcada para novembro<\/em><\/strong><\/p>\n\n\n<a id=\"cta-icon\" href=\"https:\/\/sndflw.com\/i\/cartorios-grupo\" target=\"blank\" style=\"background:rgb(41,166,26)\">\n            <img decoding=\"async\" src=\"https:\/\/cdn-blog-cj.estrategia.com\/portal\/wp-content\/uploads\/2023\/12\/07160657\/whatsapp_1385.webp\" alt=\"\" alt=\"whatsapp_1385\"><span > Acesse agora o Grupo de Estudos para Concursos Cart\u00f3rio <\/span><\/a>\n\n\n\n<p class=\"wp-block-paragraph\">O <strong>ENAC 2026.2<\/strong> ter\u00e1 inscri\u00e7\u00f5es abertas a partir das <strong>16h desta segunda-feira (31)<\/strong> para o edital do <strong>4\u00ba Exame Nacional dos Cart\u00f3rios<\/strong>, organizado pela <strong>Funda\u00e7\u00e3o Getulio Vargas (FGV)<\/strong>.<\/p>\n\n\n\n<p class=\"wp-block-paragraph\">O prazo de inscri\u00e7\u00e3o seguir\u00e1 at\u00e9 as <strong>16h de 29 de setembro de 2026<\/strong>, conforme o hor\u00e1rio oficial de Bras\u00edlia. A taxa foi fixada em <strong>R$ 150,00<\/strong>, com pagamento permitido at\u00e9 <strong>30 de setembro<\/strong>. <\/p>\n\n\n\n<h2 id=\"h-como-realizar-as-inscricoes-do-enac-2026-2\" class=\"wp-block-heading\"><span id=\"como-realizar-as-inscricoes-do-enac-2026-2\">Como realizar as inscri\u00e7\u00f5es do ENAC 2026.2?<\/span><\/h2>\n\n\n\n<p class=\"wp-block-paragraph\">As inscri\u00e7\u00f5es do <strong>ENAC 2026.2<\/strong> devem ser realizadas exclusivamente pela internet, no site da <strong>Funda\u00e7\u00e3o Getulio Vargas (FGV)<\/strong>.<\/p>\n\n\n\n<p class=\"wp-block-paragraph\">O candidato dever\u00e1 preencher o requerimento de inscri\u00e7\u00e3o, enviar os documentos exigidos e emitir a guia para pagamento da taxa, conforme as regras do edital.<\/p>\n\n\n\n<p class=\"wp-block-paragraph\">O per\u00edodo de solicita\u00e7\u00e3o de isen\u00e7\u00e3o da taxa tamb\u00e9m come\u00e7a nesta segunda-feira (31) e ficar\u00e1 aberto at\u00e9 <strong>2 de setembro de 2026<\/strong>.<\/p>\n\n\n\n<p class=\"has-text-align-center has-very-light-gray-to-cyan-bluish-gray-gradient-background has-background has-medium-font-size wp-block-paragraph\"><a href=\"https:\/\/conhecimento.fgv.br\/exames\/enac\/4exame\" target=\"_blank\" ><strong>Inscreva-se no Exame Nacional dos Cart\u00f3rios<\/strong><\/a><\/p>\n\n\n\n<div class=\"container\" id=\"boxes\">\n  <div class=\"row\">\n\n    <div class=\"col-sm\">\n      <div class=\"banner-ecj-cartorios\" id=\"box-assinatura\">\n        <h2 id=\"cursos-para-enac\" class=\"titulo-assinatura\"><span style=\"color: #ffffff; font-size: 23px; \">Cursos para ENAC<\/span><\/h2>\n        <p class=\"subtitulo-assinatura\">Cursos focados no edital!<\/p>\n        <div class=\"box-botao\">\n          <a class=\"btn-assinatura-juridica\" target=\"_blank\" href=\"https:\/\/cj.estrategia.com\/concurso\/enac-20261\" role=\"button\" rel=\"noopener noreferrer\">CLIQUE AQUI<\/a>\n        <\/div>\n      <\/div>\n<\/p>\n    <\/div>\n\n  <\/div>\n<\/div>\n\n\n\n<h2 id=\"h-quem-pode-participar-do-enac-2026-2\" class=\"wp-block-heading\"><span id=\"quem-pode-participar-do-enac-2026-2\">Quem pode participar do ENAC 2026.2?<\/span><\/h2>\n\n\n\n<p class=\"wp-block-paragraph\">Podem participar do <strong>ENAC 2026.2<\/strong> os bachar\u00e9is em Direito, formados em institui\u00e7\u00e3o reconhecida pelo <strong>Minist\u00e9rio da Educa\u00e7\u00e3o (MEC)<\/strong>, ou pessoas que tenham exercido, por <strong>10 anos<\/strong>, fun\u00e7\u00e3o em servi\u00e7os notariais ou de registro. <\/p>\n\n\n\n<p class=\"wp-block-paragraph\"><strong>Importante<\/strong>: a comprova\u00e7\u00e3o desses requisitos poder\u00e1 ser apresentada at\u00e9 <strong>6 de novembro de 2026<\/strong>. <\/p>\n\n\n\n<p class=\"wp-block-paragraph\">O exame funciona como pr\u00e9-requisito para inscri\u00e7\u00e3o em concursos p\u00fablicos de provimento e remo\u00e7\u00e3o voltados \u00e0 titularidade dos servi\u00e7os notariais e de registro declarados vagos pelos Tribunais de Justi\u00e7a dos estados, do Distrito Federal e dos Territ\u00f3rios. <\/p>\n\n\n\n<h2 id=\"h-prova-do-enac-2026-2\" class=\"wp-block-heading\"><span id=\"prova-do-enac-2026-2\">Prova do ENAC 2026.2<\/span><\/h2>\n\n\n\n<p class=\"wp-block-paragraph\">A prova objetiva do <strong>ENAC 2026.2<\/strong> est\u00e1 prevista para <strong>22 de novembro<\/strong>, nas capitais dos <strong>26 estados<\/strong> e em <strong>Bras\u00edlia\/DF<\/strong>, de car\u00e1ter <strong>eliminat\u00f3rio<\/strong>. A prova ter\u00e1 <strong>100 quest\u00f5es de m\u00faltipla escolha<\/strong>, com dura\u00e7\u00e3o de <strong>5 horas<\/strong>.<\/p>\n\n\n\n<p class=\"wp-block-paragraph\">Para obter a habilita\u00e7\u00e3o, ser\u00e1 necess\u00e1rio alcan\u00e7ar pelo menos <strong>60% de acertos<\/strong> na ampla concorr\u00eancia. Para pessoas autodeclaradas negras, ind\u00edgenas, quilombolas ou com defici\u00eancia, o percentual m\u00ednimo ser\u00e1 de <strong>50% de acertos<\/strong>. <\/p>\n\n\n\n<h3 id=\"h-disciplinas-cobradas\" class=\"wp-block-heading\"><span id=\"disciplinas-cobradas\">Disciplinas cobradas<\/span><\/h3>\n\n\n\n<p class=\"wp-block-paragraph\">O conte\u00fado program\u00e1tico ter\u00e1 maior concentra\u00e7\u00e3o em <strong>Direito Notarial e Registral<\/strong>, com <strong>60 quest\u00f5es<\/strong>. As demais quest\u00f5es ser\u00e3o distribu\u00eddas entre:<\/p>\n\n\n\n<ul class=\"wp-block-list\">\n<li><strong>Direito Constitucional<\/strong>;<\/li>\n\n\n\n<li><strong>Direito Administrativo<\/strong>;<\/li>\n\n\n\n<li><strong>Direito Tribut\u00e1rio<\/strong>;<\/li>\n\n\n\n<li><strong>Direito Civil<\/strong>;<\/li>\n\n\n\n<li><strong>Direito Processual Civil<\/strong>;<\/li>\n\n\n\n<li><strong>Direito Empresarial<\/strong>;<\/li>\n\n\n\n<li><strong>Direito Penal<\/strong>;<\/li>\n\n\n\n<li><strong>Direito Processual Penal<\/strong>;<\/li>\n\n\n\n<li><strong>Direito do Trabalho<\/strong>;<\/li>\n\n\n\n<li><strong>Direito Processual do Trabalho<\/strong>. <\/li>\n<\/ul>\n\n\n\n<h2 id=\"h-validade-da-habilitacao-do-exame-nacional-de-cartorios\" class=\"wp-block-heading\"><span id=\"validade-da-habilitacao-do-exame-nacional-de-cartorios\">Validade da habilita\u00e7\u00e3o do Exame Nacional de Cart\u00f3rios<\/span><\/h2>\n\n\n\n<p class=\"wp-block-paragraph\">A aprova\u00e7\u00e3o no <strong>ENAC 2026.2<\/strong> n\u00e3o garante a titularidade de uma serventia, nem substitui os concursos realizados pelos Tribunais de Justi\u00e7a.<\/p>\n\n\n\n<p class=\"wp-block-paragraph\">O certificado serve como requisito para inscri\u00e7\u00e3o em concursos de cart\u00f3rio e ter\u00e1 validade de <strong>6 anos<\/strong>, contados a partir da divulga\u00e7\u00e3o do resultado definitivo.<\/p>\n\n\n\n<p class=\"has-text-align-center wp-block-paragraph\"><em>Para saber mais sobre as inscri\u00e7\u00f5es e todos os detalhes do ENAC 2026.2, acesse nosso artigo na \u00edntegra:<\/em><\/p>\n\n\n\n<p class=\"has-text-align-center has-very-light-gray-to-cyan-bluish-gray-gradient-background has-background has-medium-font-size wp-block-paragraph\"><strong>Saiba mais: <a href=\"https:\/\/cj.estrategia.com\/portal\/edital-enac-2026-2\/\" target=\"_blank\" >ENAC 2026.2<\/a><\/strong><\/p>\n\n\n\n<hr class=\"wp-block-separator has-alpha-channel-opacity\"\/>\n\n\n\n<p class=\"has-text-align-center wp-block-paragraph\" style=\"font-size:28px\"><strong>Quer saber tudo sobre concursos previstos?  Confira nossos artigos!<\/strong><\/p>\n\n\n\n<ul class=\"wp-block-list\">\n<li><a href=\"https:\/\/cj.estrategia.com\/portal\/concursos-abertos-carreiras-juridicas\/\" target=\"_blank\" >Concursos Jur\u00eddicos abertos<\/a><\/li>\n\n\n\n<li><a href=\"https:\/\/cj.estrategia.com\/portal\/concursos-juridicos-2026\" target=\"_blank\" >Concursos Jur\u00eddicos 2026<\/a><\/li>\n\n\n\n<li><a href=\"https:\/\/cj.estrategia.com\/portal\/concursos-juridicos-2027\" target=\"_blank\" >Concursos Jur\u00eddicos 2027<\/a><\/li>\n\n\n\n<li><a href=\"https:\/\/cj.estrategia.com\/portal\/concursos-de-cartorio\/\" target=\"_blank\" >Concursos Cart\u00f3rios<\/a><\/li>\n<\/ul>\n\n\n\n<p class=\"has-text-align-center has-medium-font-size wp-block-paragraph\"><strong>Assinaturas Carreiras Jur\u00eddicas<\/strong><\/p>\n\n\n\n<div class=\"wp-block-cover\" style=\"min-height:155px;aspect-ratio:unset;\"><img decoding=\"async\" width=\"1890\" height=\"351\" class=\"wp-block-cover__image-background wp-image-8669\" alt=\"Assinaturas Jur\u00eddicas\" src=\"https:\/\/cj.estrategia.com\/portal\/wp-content\/uploads\/2022\/06\/20151253\/concurso-carreiras-juridicas-assinatura-juridica.jpg\" style=\"object-position:78% 43%\" data-object-fit=\"cover\" data-object-position=\"78% 43%\" srcset=\"https:\/\/cdn-blog-cj.estrategia.com\/portal\/wp-content\/uploads\/2022\/06\/20151253\/concurso-carreiras-juridicas-assinatura-juridica.jpg 1890w, https:\/\/cdn-blog-cj.estrategia.com\/portal\/wp-content\/uploads\/2022\/06\/20151253\/concurso-carreiras-juridicas-assinatura-juridica-300x56.jpg 300w, https:\/\/cdn-blog-cj.estrategia.com\/portal\/wp-content\/uploads\/2022\/06\/20151253\/concurso-carreiras-juridicas-assinatura-juridica-1024x190.jpg 1024w, https:\/\/cdn-blog-cj.estrategia.com\/portal\/wp-content\/uploads\/2022\/06\/20151253\/concurso-carreiras-juridicas-assinatura-juridica-768x143.jpg 768w, https:\/\/cdn-blog-cj.estrategia.com\/portal\/wp-content\/uploads\/2022\/06\/20151253\/concurso-carreiras-juridicas-assinatura-juridica-1536x285.jpg 1536w, https:\/\/cdn-blog-cj.estrategia.com\/portal\/wp-content\/uploads\/2022\/06\/20151253\/concurso-carreiras-juridicas-assinatura-juridica-380x71.jpg 380w, https:\/\/cdn-blog-cj.estrategia.com\/portal\/wp-content\/uploads\/2022\/06\/20151253\/concurso-carreiras-juridicas-assinatura-juridica-800x149.jpg 800w, https:\/\/cdn-blog-cj.estrategia.com\/portal\/wp-content\/uploads\/2022\/06\/20151253\/concurso-carreiras-juridicas-assinatura-juridica-1160x215.jpg 1160w\" sizes=\"(max-width: 1890px) 100vw, 1890px\" \/><span aria-hidden=\"true\" class=\"wp-block-cover__background has-background-dim\"><\/span><div class=\"wp-block-cover__inner-container is-layout-flow wp-block-cover-is-layout-flow\">\n<h3 id=\"faca-a-sua-assinatura\" class=\"titulo-assinatura\"><span style=\"color: #ffffff;\">Fa\u00e7a a sua assinatura!<\/span><\/h3>\n<p class=\"subtitulo-assinatura\" style=\"display:block!important; line-height: 0;\"><span style=\"color: #ffffff;\">Escolha a sua \u00e1rea.<\/span><\/p>\n<a target=\"_blank\" href=\"https:\/\/www.estrategiaconcursos.com.br\/assinaturas-ecj\/\" rel=\"noopener\"><button style=\"border-radius: 10px; text-transform: capitalize;\">Acessar<\/button><\/a>\n<\/div><\/div>\n","protected":false},"excerpt":{"rendered":"ENAC 2026.2 abre inscri\u00e7\u00f5es nesta segunda-feira (31), com taxa de R$ 150 e prova objetiva marcada para novembro&hellip;\n","protected":false},"author":7,"featured_media":195912,"comment_status":"open","ping_status":"open","sticky":false,"template":"","format":"standard","meta":{"_acf_changed":false,"_jetpack_newsletter_access":"","_jetpack_dont_email_post_to_subs":false,"_jetpack_newsletter_tier_id":0,"_jetpack_memberships_contains_paywalled_content":false,"_jetpack_feature_clip_id":0,"_jetpack_memberships_contains_paid_content":false,"footnotes":"","jetpack_post_was_ever_published":false},"categories":[1,29,4059],"tags":[],"tax_estado":[36],"class_list":["post-196553","post","type-post","status-publish","format-standard","has-post-thumbnail","category-carreiras-juridicas","category-cartorio","category-ultimas-noticias","tax_estado-concursos-federais"],"acf":[],"yoast_head":"<!-- This site is optimized with the Yoast SEO Premium plugin v28.3 (Yoast SEO v28.3) - https:\/\/yoast.com\/product\/yoast-seo-premium-wordpress\/ -->\n<title>ENAC 2026.2: inscri\u00e7\u00f5es abrem hoje \u00e0s 16h; veja detalhes!<\/title>\n<meta name=\"description\" content=\"ENAC 2026.2 abre inscri\u00e7\u00f5es nesta segunda-feira (31), com taxa de R$ 150 e prova objetiva marcada para novembro. Confira!\" \/>\n<meta name=\"robots\" content=\"index, follow, max-snippet:-1, max-image-preview:large, max-video-preview:-1\" \/>\n<link rel=\"canonical\" href=\"https:\/\/cj.estrategia.com\/portal\/enac-2026-2-inscricoes-hoje-16h\/\" \/>\n<meta property=\"og:locale\" content=\"pt_BR\" \/>\n<meta property=\"og:type\" content=\"article\" \/>\n<meta property=\"og:title\" content=\"ENAC 2026.2: inscri\u00e7\u00f5es abrem hoje \u00e0s 16h; veja detalhes!\" \/>\n<meta property=\"og:description\" content=\"ENAC 2026.2 abre inscri\u00e7\u00f5es nesta segunda-feira (31), com taxa de R$ 150 e prova objetiva marcada para novembro. Confira!\" \/>\n<meta property=\"og:url\" content=\"https:\/\/cj.estrategia.com\/portal\/enac-2026-2-inscricoes-hoje-16h\/\" \/>\n<meta property=\"og:site_name\" content=\"Blog - Carreiras Jur\u00eddicas - Estrat\u00e9gia\" \/>\n<meta property=\"article:publisher\" content=\"https:\/\/www.facebook.com\/estrategiacarreirajuridica\/\" \/>\n<meta property=\"article:published_time\" content=\"2026-08-31T14:15:25+00:00\" \/>\n<meta property=\"article:modified_time\" content=\"2026-08-31T15:41:04+00:00\" \/>\n<meta property=\"og:image\" content=\"https:\/\/cdn-blog-cj.estrategia.com\/portal\/wp-content\/uploads\/2026\/08\/28084705\/enac.jpg\" \/>\n\t<meta property=\"og:image:width\" content=\"768\" \/>\n\t<meta property=\"og:image:height\" content=\"432\" \/>\n\t<meta property=\"og:image:type\" content=\"image\/jpeg\" \/>\n<meta name=\"author\" content=\"Bruna de Andrade Fran\u00e7a\" \/>\n<meta name=\"twitter:card\" content=\"summary_large_image\" \/>\n<meta name=\"twitter:creator\" content=\"@EstratJuridica\" \/>\n<meta name=\"twitter:site\" content=\"@EstratJuridica\" \/>\n<meta name=\"twitter:label1\" content=\"Escrito por\" \/>\n\t<meta name=\"twitter:data1\" content=\"Bruna de Andrade Fran\u00e7a\" \/>\n\t<meta name=\"twitter:label2\" content=\"Est. tempo de leitura\" \/>\n\t<meta name=\"twitter:data2\" content=\"4 minutos\" \/>\n<script type=\"application\/ld+json\" class=\"yoast-schema-graph\">{\"@context\":\"https:\\\/\\\/schema.org\",\"@graph\":[{\"@type\":\"NewsArticle\",\"@id\":\"https:\\\/\\\/cj.estrategia.com\\\/portal\\\/enac-2026-2-inscricoes-hoje-16h\\\/#article\",\"isPartOf\":{\"@id\":\"https:\\\/\\\/cj.estrategia.com\\\/portal\\\/enac-2026-2-inscricoes-hoje-16h\\\/\"},\"author\":{\"name\":\"Bruna de Andrade Fran\u00e7a\",\"@id\":\"https:\\\/\\\/cj.estrategia.com\\\/portal\\\/#\\\/schema\\\/person\\\/1ef7dfede328b25e1998f27de576690b\"},\"headline\":\"ENAC 2026.2: inscri\u00e7\u00f5es abrem hoje \u00e0s 16h; veja detalhes!\",\"datePublished\":\"2026-08-31T14:15:25+00:00\",\"dateModified\":\"2026-08-31T15:41:04+00:00\",\"mainEntityOfPage\":{\"@id\":\"https:\\\/\\\/cj.estrategia.com\\\/portal\\\/enac-2026-2-inscricoes-hoje-16h\\\/\"},\"wordCount\":518,\"commentCount\":0,\"publisher\":{\"@id\":\"https:\\\/\\\/cj.estrategia.com\\\/portal\\\/#organization\"},\"image\":{\"@id\":\"https:\\\/\\\/cj.estrategia.com\\\/portal\\\/enac-2026-2-inscricoes-hoje-16h\\\/#primaryimage\"},\"thumbnailUrl\":\"https:\\\/\\\/cdn-blog-cj.estrategia.com\\\/portal\\\/wp-content\\\/uploads\\\/2026\\\/08\\\/28084705\\\/enac.jpg\",\"articleSection\":[\"Carreiras Jur\u00eddicas\",\"Cart\u00f3rio\",\"\u00daltimas Not\u00edcias\"],\"inLanguage\":\"pt-BR\",\"potentialAction\":[{\"@type\":\"CommentAction\",\"name\":\"Comment\",\"target\":[\"https:\\\/\\\/cj.estrategia.com\\\/portal\\\/enac-2026-2-inscricoes-hoje-16h\\\/#respond\"]}]},{\"@type\":\"WebPage\",\"@id\":\"https:\\\/\\\/cj.estrategia.com\\\/portal\\\/enac-2026-2-inscricoes-hoje-16h\\\/\",\"url\":\"https:\\\/\\\/cj.estrategia.com\\\/portal\\\/enac-2026-2-inscricoes-hoje-16h\\\/\",\"name\":\"ENAC 2026.2: inscri\u00e7\u00f5es abrem hoje \u00e0s 16h; veja detalhes!\",\"isPartOf\":{\"@id\":\"https:\\\/\\\/cj.estrategia.com\\\/portal\\\/#website\"},\"primaryImageOfPage\":{\"@id\":\"https:\\\/\\\/cj.estrategia.com\\\/portal\\\/enac-2026-2-inscricoes-hoje-16h\\\/#primaryimage\"},\"image\":{\"@id\":\"https:\\\/\\\/cj.estrategia.com\\\/portal\\\/enac-2026-2-inscricoes-hoje-16h\\\/#primaryimage\"},\"thumbnailUrl\":\"https:\\\/\\\/cdn-blog-cj.estrategia.com\\\/portal\\\/wp-content\\\/uploads\\\/2026\\\/08\\\/28084705\\\/enac.jpg\",\"datePublished\":\"2026-08-31T14:15:25+00:00\",\"dateModified\":\"2026-08-31T15:41:04+00:00\",\"description\":\"ENAC 2026.2 abre inscri\u00e7\u00f5es nesta segunda-feira (31), com taxa de R$ 150 e prova objetiva marcada para novembro. Confira!\",\"breadcrumb\":{\"@id\":\"https:\\\/\\\/cj.estrategia.com\\\/portal\\\/enac-2026-2-inscricoes-hoje-16h\\\/#breadcrumb\"},\"inLanguage\":\"pt-BR\",\"potentialAction\":[{\"@type\":\"ReadAction\",\"target\":[\"https:\\\/\\\/cj.estrategia.com\\\/portal\\\/enac-2026-2-inscricoes-hoje-16h\\\/\"]}]},{\"@type\":\"ImageObject\",\"inLanguage\":\"pt-BR\",\"@id\":\"https:\\\/\\\/cj.estrategia.com\\\/portal\\\/enac-2026-2-inscricoes-hoje-16h\\\/#primaryimage\",\"url\":\"https:\\\/\\\/cdn-blog-cj.estrategia.com\\\/portal\\\/wp-content\\\/uploads\\\/2026\\\/08\\\/28084705\\\/enac.jpg\",\"contentUrl\":\"https:\\\/\\\/cdn-blog-cj.estrategia.com\\\/portal\\\/wp-content\\\/uploads\\\/2026\\\/08\\\/28084705\\\/enac.jpg\",\"width\":768,\"height\":432,\"caption\":\"enac\"},{\"@type\":\"BreadcrumbList\",\"@id\":\"https:\\\/\\\/cj.estrategia.com\\\/portal\\\/enac-2026-2-inscricoes-hoje-16h\\\/#breadcrumb\",\"itemListElement\":[{\"@type\":\"ListItem\",\"position\":1,\"name\":\"In\u00edcio\",\"item\":\"https:\\\/\\\/cj.estrategia.com\\\/portal\\\/\"},{\"@type\":\"ListItem\",\"position\":2,\"name\":\"ENAC 2026.2: inscri\u00e7\u00f5es abrem hoje \u00e0s 16h; veja detalhes!\"}]},{\"@type\":\"WebSite\",\"@id\":\"https:\\\/\\\/cj.estrategia.com\\\/portal\\\/#website\",\"url\":\"https:\\\/\\\/cj.estrategia.com\\\/portal\\\/\",\"name\":\"Blog - Carreiras Jur\u00eddicas - Estrat\u00e9gia\",\"description\":\"\",\"publisher\":{\"@id\":\"https:\\\/\\\/cj.estrategia.com\\\/portal\\\/#organization\"},\"potentialAction\":[{\"@type\":\"SearchAction\",\"target\":{\"@type\":\"EntryPoint\",\"urlTemplate\":\"https:\\\/\\\/cj.estrategia.com\\\/portal\\\/?s={search_term_string}\"},\"query-input\":{\"@type\":\"PropertyValueSpecification\",\"valueRequired\":true,\"valueName\":\"search_term_string\"}}],\"inLanguage\":\"pt-BR\"},{\"@type\":\"Organization\",\"@id\":\"https:\\\/\\\/cj.estrategia.com\\\/portal\\\/#organization\",\"name\":\"Estrat\u00e9gia - Carreiras Jur\u00eddicas\",\"url\":\"https:\\\/\\\/cj.estrategia.com\\\/portal\\\/\",\"logo\":{\"@type\":\"ImageObject\",\"inLanguage\":\"pt-BR\",\"@id\":\"https:\\\/\\\/cj.estrategia.com\\\/portal\\\/#\\\/schema\\\/logo\\\/image\\\/\",\"url\":\"https:\\\/\\\/cj.estrategia.com\\\/portal\\\/wp-content\\\/uploads\\\/2022\\\/03\\\/11151052\\\/cj-logo.png\",\"contentUrl\":\"https:\\\/\\\/cj.estrategia.com\\\/portal\\\/wp-content\\\/uploads\\\/2022\\\/03\\\/11151052\\\/cj-logo.png\",\"width\":150,\"height\":39,\"caption\":\"Estrat\u00e9gia - Carreiras Jur\u00eddicas\"},\"image\":{\"@id\":\"https:\\\/\\\/cj.estrategia.com\\\/portal\\\/#\\\/schema\\\/logo\\\/image\\\/\"},\"sameAs\":[\"https:\\\/\\\/www.facebook.com\\\/estrategiacarreirajuridica\\\/\",\"https:\\\/\\\/x.com\\\/EstratJuridica\",\"https:\\\/\\\/www.instagram.com\\\/estrategiacarreirajuridica\\\/\",\"https:\\\/\\\/www.youtube.com\\\/channel\\\/UClbMGuYbj2Mh1m3w144ETWQ\"]},{\"@type\":\"Person\",\"@id\":\"https:\\\/\\\/cj.estrategia.com\\\/portal\\\/#\\\/schema\\\/person\\\/1ef7dfede328b25e1998f27de576690b\",\"name\":\"Bruna de Andrade Fran\u00e7a\",\"image\":{\"@type\":\"ImageObject\",\"inLanguage\":\"pt-BR\",\"@id\":\"https:\\\/\\\/cdn-blog-cj.estrategia.com\\\/portal\\\/wp-content\\\/uploads\\\/2026\\\/07\\\/06111339\\\/WhatsApp-Image-2026-08-06-at-11.07.51-96x96.jpeg\",\"url\":\"https:\\\/\\\/cdn-blog-cj.estrategia.com\\\/portal\\\/wp-content\\\/uploads\\\/2026\\\/07\\\/06111339\\\/WhatsApp-Image-2026-08-06-at-11.07.51-96x96.jpeg\",\"contentUrl\":\"https:\\\/\\\/cdn-blog-cj.estrategia.com\\\/portal\\\/wp-content\\\/uploads\\\/2026\\\/07\\\/06111339\\\/WhatsApp-Image-2026-08-06-at-11.07.51-96x96.jpeg\",\"caption\":\"Bruna de Andrade Fran\u00e7a\"},\"description\":\"Bruna de Andrade Fran\u00e7a \u00e9 publicit\u00e1ria, p\u00f3s-graduada em Marketing &amp; Growth, e atua h\u00e1 mais de sete anos no mercado de concursos p\u00fablicos. Atualmente, \u00e9 coordenadora do jornalismo de Carreira Jur\u00eddica e OAB no Estrat\u00e9gia Concursos, liderando a cobertura editorial das principais sele\u00e7\u00f5es do pa\u00eds. Especialista em reda\u00e7\u00e3o, SEO e Copywriting, acumula ampla experi\u00eancia na produ\u00e7\u00e3o e gest\u00e3o de conte\u00fado jornal\u00edstico. Ao longo de sua trajet\u00f3ria, tamb\u00e9m esteve \u00e0 frente da cobertura de concursos policiais, banc\u00e1rios, \u00e1rea legislativa e sa\u00fade.\",\"url\":\"https:\\\/\\\/cj.estrategia.com\\\/portal\\\/author\\\/bruna-andrade\\\/\"}]}<\/script>\n<!-- \/ Yoast SEO Premium plugin. -->","yoast_head_json":{"title":"ENAC 2026.2: inscri\u00e7\u00f5es abrem hoje \u00e0s 16h; veja detalhes!","description":"ENAC 2026.2 abre inscri\u00e7\u00f5es nesta segunda-feira (31), com taxa de R$ 150 e prova objetiva marcada para novembro. Confira!","robots":{"index":"index","follow":"follow","max-snippet":"max-snippet:-1","max-image-preview":"max-image-preview:large","max-video-preview":"max-video-preview:-1"},"canonical":"https:\/\/cj.estrategia.com\/portal\/enac-2026-2-inscricoes-hoje-16h\/","og_locale":"pt_BR","og_type":"article","og_title":"ENAC 2026.2: inscri\u00e7\u00f5es abrem hoje \u00e0s 16h; veja detalhes!","og_description":"ENAC 2026.2 abre inscri\u00e7\u00f5es nesta segunda-feira (31), com taxa de R$ 150 e prova objetiva marcada para novembro. Confira!","og_url":"https:\/\/cj.estrategia.com\/portal\/enac-2026-2-inscricoes-hoje-16h\/","og_site_name":"Blog - Carreiras Jur\u00eddicas - Estrat\u00e9gia","article_publisher":"https:\/\/www.facebook.com\/estrategiacarreirajuridica\/","article_published_time":"2026-08-31T14:15:25+00:00","article_modified_time":"2026-08-31T15:41:04+00:00","og_image":[{"width":768,"height":432,"url":"https:\/\/cdn-blog-cj.estrategia.com\/portal\/wp-content\/uploads\/2026\/08\/28084705\/enac.jpg","type":"image\/jpeg"}],"author":"Bruna de Andrade Fran\u00e7a","twitter_card":"summary_large_image","twitter_creator":"@EstratJuridica","twitter_site":"@EstratJuridica","twitter_misc":{"Escrito por":"Bruna de Andrade Fran\u00e7a","Est. tempo de leitura":"4 minutos"},"schema":{"@context":"https:\/\/schema.org","@graph":[{"@type":"NewsArticle","@id":"https:\/\/cj.estrategia.com\/portal\/enac-2026-2-inscricoes-hoje-16h\/#article","isPartOf":{"@id":"https:\/\/cj.estrategia.com\/portal\/enac-2026-2-inscricoes-hoje-16h\/"},"author":{"name":"Bruna de Andrade Fran\u00e7a","@id":"https:\/\/cj.estrategia.com\/portal\/#\/schema\/person\/1ef7dfede328b25e1998f27de576690b"},"headline":"ENAC 2026.2: inscri\u00e7\u00f5es abrem hoje \u00e0s 16h; veja detalhes!","datePublished":"2026-08-31T14:15:25+00:00","dateModified":"2026-08-31T15:41:04+00:00","mainEntityOfPage":{"@id":"https:\/\/cj.estrategia.com\/portal\/enac-2026-2-inscricoes-hoje-16h\/"},"wordCount":518,"commentCount":0,"publisher":{"@id":"https:\/\/cj.estrategia.com\/portal\/#organization"},"image":{"@id":"https:\/\/cj.estrategia.com\/portal\/enac-2026-2-inscricoes-hoje-16h\/#primaryimage"},"thumbnailUrl":"https:\/\/cdn-blog-cj.estrategia.com\/portal\/wp-content\/uploads\/2026\/08\/28084705\/enac.jpg","articleSection":["Carreiras Jur\u00eddicas","Cart\u00f3rio","\u00daltimas Not\u00edcias"],"inLanguage":"pt-BR","potentialAction":[{"@type":"CommentAction","name":"Comment","target":["https:\/\/cj.estrategia.com\/portal\/enac-2026-2-inscricoes-hoje-16h\/#respond"]}]},{"@type":"WebPage","@id":"https:\/\/cj.estrategia.com\/portal\/enac-2026-2-inscricoes-hoje-16h\/","url":"https:\/\/cj.estrategia.com\/portal\/enac-2026-2-inscricoes-hoje-16h\/","name":"ENAC 2026.2: inscri\u00e7\u00f5es abrem hoje \u00e0s 16h; veja detalhes!","isPartOf":{"@id":"https:\/\/cj.estrategia.com\/portal\/#website"},"primaryImageOfPage":{"@id":"https:\/\/cj.estrategia.com\/portal\/enac-2026-2-inscricoes-hoje-16h\/#primaryimage"},"image":{"@id":"https:\/\/cj.estrategia.com\/portal\/enac-2026-2-inscricoes-hoje-16h\/#primaryimage"},"thumbnailUrl":"https:\/\/cdn-blog-cj.estrategia.com\/portal\/wp-content\/uploads\/2026\/08\/28084705\/enac.jpg","datePublished":"2026-08-31T14:15:25+00:00","dateModified":"2026-08-31T15:41:04+00:00","description":"ENAC 2026.2 abre inscri\u00e7\u00f5es nesta segunda-feira (31), com taxa de R$ 150 e prova objetiva marcada para novembro. Confira!","breadcrumb":{"@id":"https:\/\/cj.estrategia.com\/portal\/enac-2026-2-inscricoes-hoje-16h\/#breadcrumb"},"inLanguage":"pt-BR","potentialAction":[{"@type":"ReadAction","target":["https:\/\/cj.estrategia.com\/portal\/enac-2026-2-inscricoes-hoje-16h\/"]}]},{"@type":"ImageObject","inLanguage":"pt-BR","@id":"https:\/\/cj.estrategia.com\/portal\/enac-2026-2-inscricoes-hoje-16h\/#primaryimage","url":"https:\/\/cdn-blog-cj.estrategia.com\/portal\/wp-content\/uploads\/2026\/08\/28084705\/enac.jpg","contentUrl":"https:\/\/cdn-blog-cj.estrategia.com\/portal\/wp-content\/uploads\/2026\/08\/28084705\/enac.jpg","width":768,"height":432,"caption":"enac"},{"@type":"BreadcrumbList","@id":"https:\/\/cj.estrategia.com\/portal\/enac-2026-2-inscricoes-hoje-16h\/#breadcrumb","itemListElement":[{"@type":"ListItem","position":1,"name":"In\u00edcio","item":"https:\/\/cj.estrategia.com\/portal\/"},{"@type":"ListItem","position":2,"name":"ENAC 2026.2: inscri\u00e7\u00f5es abrem hoje \u00e0s 16h; veja detalhes!"}]},{"@type":"WebSite","@id":"https:\/\/cj.estrategia.com\/portal\/#website","url":"https:\/\/cj.estrategia.com\/portal\/","name":"Blog - Carreiras Jur\u00eddicas - Estrat\u00e9gia","description":"","publisher":{"@id":"https:\/\/cj.estrategia.com\/portal\/#organization"},"potentialAction":[{"@type":"SearchAction","target":{"@type":"EntryPoint","urlTemplate":"https:\/\/cj.estrategia.com\/portal\/?s={search_term_string}"},"query-input":{"@type":"PropertyValueSpecification","valueRequired":true,"valueName":"search_term_string"}}],"inLanguage":"pt-BR"},{"@type":"Organization","@id":"https:\/\/cj.estrategia.com\/portal\/#organization","name":"Estrat\u00e9gia - Carreiras Jur\u00eddicas","url":"https:\/\/cj.estrategia.com\/portal\/","logo":{"@type":"ImageObject","inLanguage":"pt-BR","@id":"https:\/\/cj.estrategia.com\/portal\/#\/schema\/logo\/image\/","url":"https:\/\/cj.estrategia.com\/portal\/wp-content\/uploads\/2022\/03\/11151052\/cj-logo.png","contentUrl":"https:\/\/cj.estrategia.com\/portal\/wp-content\/uploads\/2022\/03\/11151052\/cj-logo.png","width":150,"height":39,"caption":"Estrat\u00e9gia - Carreiras Jur\u00eddicas"},"image":{"@id":"https:\/\/cj.estrategia.com\/portal\/#\/schema\/logo\/image\/"},"sameAs":["https:\/\/www.facebook.com\/estrategiacarreirajuridica\/","https:\/\/x.com\/EstratJuridica","https:\/\/www.instagram.com\/estrategiacarreirajuridica\/","https:\/\/www.youtube.com\/channel\/UClbMGuYbj2Mh1m3w144ETWQ"]},{"@type":"Person","@id":"https:\/\/cj.estrategia.com\/portal\/#\/schema\/person\/1ef7dfede328b25e1998f27de576690b","name":"Bruna de Andrade Fran\u00e7a","image":{"@type":"ImageObject","inLanguage":"pt-BR","@id":"https:\/\/cdn-blog-cj.estrategia.com\/portal\/wp-content\/uploads\/2026\/07\/06111339\/WhatsApp-Image-2026-08-06-at-11.07.51-96x96.jpeg","url":"https:\/\/cdn-blog-cj.estrategia.com\/portal\/wp-content\/uploads\/2026\/07\/06111339\/WhatsApp-Image-2026-08-06-at-11.07.51-96x96.jpeg","contentUrl":"https:\/\/cdn-blog-cj.estrategia.com\/portal\/wp-content\/uploads\/2026\/07\/06111339\/WhatsApp-Image-2026-08-06-at-11.07.51-96x96.jpeg","caption":"Bruna de Andrade Fran\u00e7a"},"description":"Bruna de Andrade Fran\u00e7a \u00e9 publicit\u00e1ria, p\u00f3s-graduada em Marketing &amp; Growth, e atua h\u00e1 mais de sete anos no mercado de concursos p\u00fablicos. Atualmente, \u00e9 coordenadora do jornalismo de Carreira Jur\u00eddica e OAB no Estrat\u00e9gia Concursos, liderando a cobertura editorial das principais sele\u00e7\u00f5es do pa\u00eds. Especialista em reda\u00e7\u00e3o, SEO e Copywriting, acumula ampla experi\u00eancia na produ\u00e7\u00e3o e gest\u00e3o de conte\u00fado jornal\u00edstico. Ao longo de sua trajet\u00f3ria, tamb\u00e9m esteve \u00e0 frente da cobertura de concursos policiais, banc\u00e1rios, \u00e1rea legislativa e sa\u00fade.","url":"https:\/\/cj.estrategia.com\/portal\/author\/bruna-andrade\/"}]}},"jetpack_sharing_enabled":true,"jetpack_featured_media_url":"https:\/\/cdn-blog-cj.estrategia.com\/portal\/wp-content\/uploads\/2026\/08\/28084705\/enac.jpg","_links":{"self":[{"href":"https:\/\/cj.estrategia.com\/portal\/wp-json\/wp\/v2\/posts\/196553","targetHints":{"allow":["GET"]}}],"collection":[{"href":"https:\/\/cj.estrategia.com\/portal\/wp-json\/wp\/v2\/posts"}],"about":[{"href":"https:\/\/cj.estrategia.com\/portal\/wp-json\/wp\/v2\/types\/post"}],"author":[{"embeddable":true,"href":"https:\/\/cj.estrategia.com\/portal\/wp-json\/wp\/v2\/users\/7"}],"replies":[{"embeddable":true,"href":"https:\/\/cj.estrategia.com\/portal\/wp-json\/wp\/v2\/comments?post=196553"}],"version-history":[{"count":2,"href":"https:\/\/cj.estrategia.com\/portal\/wp-json\/wp\/v2\/posts\/196553\/revisions"}],"predecessor-version":[{"id":196625,"href":"https:\/\/cj.estrategia.com\/portal\/wp-json\/wp\/v2\/posts\/196553\/revisions\/196625"}],"wp:attachment":[{"href":"https:\/\/cj.estrategia.com\/portal\/wp-json\/wp\/v2\/media?parent=196553"}],"wp:term":[{"taxonomy":"category","embeddable":true,"href":"https:\/\/cj.estrategia.com\/portal\/wp-json\/wp\/v2\/categories?post=196553"},{"taxonomy":"post_tag","embeddable":true,"href":"https:\/\/cj.estrategia.com\/portal\/wp-json\/wp\/v2\/tags?post=196553"},{"taxonomy":"tax_estado","embeddable":true,"href":"https:\/\/cj.estrategia.com\/portal\/wp-json\/wp\/v2\/tax_estado?post=196553"}],"curies":[{"name":"wp","href":"https:\/\/api.w.org\/{rel}","templated":true}]}}