{"id":195582,"date":"2026-09-04T08:49:00","date_gmt":"2026-09-04T11:49:00","guid":{"rendered":"https:\/\/cj.estrategia.com\/portal\/?p=195582"},"modified":"2026-08-26T09:41:26","modified_gmt":"2026-08-26T12:41:26","slug":"isencao-enam-2026-2","status":"publish","type":"post","link":"https:\/\/cj.estrategia.com\/portal\/isencao-enam-2026-2\/","title":{"rendered":"Isen\u00e7\u00e3o do ENAM: quem tem direito e o que precisa enviar"},"content":{"rendered":"\n<p class=\"is-style-default has-medium-font-size wp-block-paragraph\"><strong><em>A isen\u00e7\u00e3o da taxa de inscri\u00e7\u00e3o do ENAM 2026.2 pode ser solicitada at\u00e9 a pr\u00f3xima ter\u00e7a-feira (08\/09) para quem estiver no Cad\u00danico ou tiver baixa renda<\/em><\/strong><\/p>\n\n\n\n<p class=\"wp-block-paragraph\">A Escola Nacional de Forma\u00e7\u00e3o e Aperfei\u00e7oamento de Magistrados (Enfam) abriu o <strong>pedido de isen\u00e7\u00e3o da taxa de inscri\u00e7\u00e3o<\/strong> do <strong>ENAM 2026.2<\/strong>, o 6\u00ba Exame Nacional da Magistratura. <\/p>\n\n\n\n<p class=\"wp-block-paragraph\">O per\u00edodo para solicitar o benef\u00edcio vai <strong>at\u00e9 a pr\u00f3xima ter\u00e7a-feira, 08 de setembro, \u00e0s 16h<\/strong>, no hor\u00e1rio oficial de Bras\u00edlia, conforme o Edital n\u00ba 2\/2026, publicado no Di\u00e1rio Oficial da Uni\u00e3o (DOU).<\/p>\n\n\n\n<p class=\"wp-block-paragraph\">A <strong>isen\u00e7\u00e3o n\u00e3o \u00e9 autom\u00e1tica<\/strong>: cada pedido passa por an\u00e1lise e deferimento da <strong>Funda\u00e7\u00e3o Getulio Vargas (FGV)<\/strong>, banca organizadora do exame. <\/p>\n\n\n\n<p class=\"wp-block-paragraph\">Quem n\u00e3o comprovar a condi\u00e7\u00e3o alegada dentro do prazo \u00e9 eliminado do processo de isen\u00e7\u00e3o, sem chance de enviar documento novo depois de expirado o per\u00edodo de envio.<\/p>\n\n\n\n<div class=\"container\" id=\"boxes\">\n  <div class=\"row\">\n\n    <div class=\"col-sm\">\n      <div class=\"banner-estrategia-concursos-juridicos\" id=\"box-assinatura\">\n        <h2 id=\"curso-para-o-enam\" class=\"titulo-assinatura\"><span style=\"color: #ffffff; font-size: 23px; \">Curso para o ENAM<\/span><\/h2>\n        <p class=\"subtitulo-assinatura\">Cursos focados no edital<\/p>\n        <div class=\"box-botao\">\n          <a class=\"btn-assinatura-juridica\" target=\"_blank\" href=\"https:\/\/cj.estrategia.com\/concurso\/enam\" role=\"button\" rel=\"noopener noreferrer\">Conhe\u00e7a mais<\/a>\n        <\/div>\n      <\/div>\n<p><\/p>\n    <\/div>\n\n  <\/div>\n<\/div>\n\n\n\n<h2 id=\"h-quem-tem-direito-a-isencao-do-enam\" class=\"wp-block-heading\"><span id=\"quem-tem-direito-a-isencao-do-enam\">Quem tem direito \u00e0 isen\u00e7\u00e3o do ENAM?<\/span><\/h2>\n\n\n\n<p class=\"wp-block-paragraph\">O edital prev\u00ea isen\u00e7\u00e3o para tr\u00eas grupos, cada um com documento espec\u00edfico a enviar durante a inscri\u00e7\u00e3o:<\/p>\n\n\n\n<ul class=\"wp-block-list\">\n<li><strong>Inscritos no Cad\u00danico<\/strong>, o Cadastro \u00danico para Programas Sociais do Governo Federal, conforme o Decreto n\u00ba 6.593\/2008;<\/li>\n\n\n\n<li><strong>Candidatos com renda igual ou inferior ao limite de isen\u00e7\u00e3o do Imposto de Renda de Pessoa F\u00edsica<\/strong>, com a comprova\u00e7\u00e3o exigida pela Lei n\u00ba 13.656\/2018;<\/li>\n\n\n\n<li><strong>Doadores de medula \u00f3ssea<\/strong>, mediante comprova\u00e7\u00e3o de doa\u00e7\u00e3o ou de inscri\u00e7\u00e3o como doador.<\/li>\n<\/ul>\n\n\n\n<p class=\"wp-block-paragraph\">Participar de outros programas sociais do governo, como Prouni, Fies ou Bolsa Fam\u00edlia, ou j\u00e1 ter obtido isen\u00e7\u00e3o em outro concurso n\u00e3o garante, por si s\u00f3, o benef\u00edcio no ENAM. A FGV avalia cada solicita\u00e7\u00e3o de forma independente.<\/p>\n\n\n\n<h3 id=\"h-documentos-exigidos-por-hipotese-de-isencao\" class=\"wp-block-heading\"><span id=\"documentos-exigidos-por-hipotese-de-isencao\">Documentos exigidos por hip\u00f3tese de isen\u00e7\u00e3o<\/span><\/h3>\n\n\n\n<p class=\"wp-block-paragraph\">O candidato precisa enviar o comprovante correto para a condi\u00e7\u00e3o que pretende alegar, sob pena de n\u00e3o concess\u00e3o da isen\u00e7\u00e3o:<\/p>\n\n\n\n<ul class=\"wp-block-list\">\n<li><strong>Cad\u00danico:<\/strong> a FGV consulta o \u00f3rg\u00e3o gestor do Cad\u00danico por nome e CPF, e o candidato tamb\u00e9m deve enviar declara\u00e7\u00e3o assinada de que integra fam\u00edlia com renda mensal per capita igual ou inferior a meio sal\u00e1rio m\u00ednimo, conforme o modelo do Anexo III do edital;<\/li>\n\n\n\n<li><strong>Renda para isen\u00e7\u00e3o do IR:<\/strong> declara\u00e7\u00e3o de isen\u00e7\u00e3o do Imposto de Renda de Pessoa F\u00edsica ou o preenchimento do Anexo IV, devidamente assinado;<\/li>\n\n\n\n<li><strong>Doador de medula \u00f3ssea:<\/strong> certid\u00e3o ou cart\u00e3o de doador volunt\u00e1rio emitido por \u00f3rg\u00e3o oficial ou entidade credenciada, com data da coleta de c\u00e9lulas, data de emiss\u00e3o e assinatura do respons\u00e1vel pelo \u00f3rg\u00e3o emissor.<\/li>\n<\/ul>\n\n\n\n<p class=\"wp-block-paragraph\">S\u00f3 s\u00e3o aceitos documentos em imagem leg\u00edvel, nos formatos PDF, JPEG ou JPG, com at\u00e9 5 MB cada. O edital recomenda nomear cada arquivo com o t\u00edtulo do documento correspondente, para facilitar a confer\u00eancia na p\u00e1gina de acompanhamento da inscri\u00e7\u00e3o.<\/p>\n\n\n\n<h3 id=\"h-o-que-acontece-depois-do-pedido\" class=\"wp-block-heading\"><span id=\"o-que-acontece-depois-do-pedido\">O que acontece depois do pedido?<\/span><\/h3>\n\n\n\n<p class=\"wp-block-paragraph\">A consulta ao resultado do pedido \u00e9 de responsabilidade exclusiva do candidato, divulgado no canal oficial da FGV e no site do exame. Em caso de indeferimento, cabe recurso em at\u00e9 dois dias \u00fateis, a contar do primeiro dia \u00fatil seguinte \u00e0 publica\u00e7\u00e3o no DOU.<\/p>\n\n\n\n<p class=\"wp-block-paragraph\">Quem tiver a isen\u00e7\u00e3o deferida tem a inscri\u00e7\u00e3o automaticamente efetivada, sem necessidade de pagamento. <\/p>\n\n\n\n<p class=\"wp-block-paragraph\">J\u00e1 quem tiver o pedido indeferido, ou o recurso negado, e ainda quiser participar do exame, precisa gerar a Guia de Recolhimento da Uni\u00e3o (GRU Cobran\u00e7a) e pagar a taxa de <strong>R$ 120,00<\/strong> at\u00e9 <strong>25 de setembro de 2026<\/strong>. N\u00e3o pagar dentro desse prazo resulta em exclus\u00e3o autom\u00e1tica do ENAM.<\/p>\n\n\n\n<p class=\"wp-block-paragraph\">Vale lembrar que efetuar o pagamento da taxa depois de a isen\u00e7\u00e3o ter sido deferida anula o efeito do benef\u00edcio concedido.<\/p>\n\n\n\n<h2 id=\"h-guia-completo-sobre-o-enam\" class=\"wp-block-heading\" style=\"font-size:28px\"><span id=\"guia-completo-sobre-o-enam\">Guia Completo sobre o ENAM<\/span><\/h2>\n\n\n\n<ul class=\"wp-block-list\">\n<li><a href=\"https:\/\/cj.estrategia.com\/portal\/exame-nacional-da-magistratura\/\" target=\"_blank\" ><strong>Exame Nacional da Magistratura (ENAM)<\/strong><\/a><\/li>\n<\/ul>\n\n\n\n<hr class=\"wp-block-separator has-alpha-channel-opacity\"\/>\n\n\n\n<p class=\"has-text-align-center wp-block-paragraph\" id=\"cursos\" style=\"font-size:26px\"><strong>Quer saber tudo sobre concursos previstos? <br>Explore nossos artigos e fique por dentro!<\/strong><\/p>\n\n\n\n<ul class=\"wp-block-list\">\n<li><a href=\"https:\/\/cj.estrategia.com\/portal\/concursos-juridicos-2026\/\" target=\"_blank\" >Concursos Jur\u00eddicos 2026<\/a><\/li>\n\n\n\n<li><a href=\"https:\/\/cj.estrategia.com\/portal\/concursos-abertos-carreiras-juridicas\/\">Concursos jur\u00eddicos abertos<\/a><\/li>\n\n\n\n<li><a href=\"https:\/\/cj.estrategia.com\/portal\/concursos-magistratura\/\">Concursos Magistratura<\/a><\/li>\n\n\n\n<li><a href=\"https:\/\/cj.estrategia.com\/portal\/exame-nacional-da-magistratura\/\" target=\"_blank\" >Exame Nacional da Magistratura (ENAM)<\/a><\/li>\n\n\n\n<li><a href=\"https:\/\/cj.estrategia.com\/portal\/wp-content\/uploads\/2025\/10\/28125254\/Prova-comentada-ENAM-2025.2.pdf\" target=\"_blank\" >Prova comentada ENAM 2025.2<\/a><\/li>\n<\/ul>\n\n\n\n<p class=\"has-text-align-center wp-block-paragraph\" id=\"h-seu-proximo-passo-cursos-e-assinaturas-que-transformam\" style=\"font-size:26px\"><strong>Assinatura Jur\u00eddica<\/strong><\/p>\n\n\n\n<div class=\"container\" id=\"boxes\">\n  <div class=\"row\">\n\n    <div class=\"col-sm\">\n      <div class=\"banner-estrategia-concursos-juridicos\" id=\"box-assinatura\">\n        <h2 id=\"assinatura-de-magistratura\" class=\"titulo-assinatura\"><span style=\"color: #ffffff; font-size: 23px; \">Assinatura de Magistratura <\/span><\/h2>\n        <p class=\"subtitulo-assinatura\">Cursos focados em Magistratura<\/p>\n        <div class=\"box-botao\">\n          <a class=\"btn-assinatura-juridica\" target=\"_blank\" href=\"https:\/\/www.estrategiaconcursos.com.br\/assinaturas-ecj\/\" role=\"button\" rel=\"noopener noreferrer\">Conhe\u00e7a mais<\/a>\n        <\/div>\n      <\/div>\n<\/p>\n    <\/div>\n\n  <\/div>\n<\/div>\n\n\n\n<p class=\"wp-block-paragraph\"><\/p>\n\n\n\n<p class=\"wp-block-paragraph\"><\/p>\n\n\n\n<p class=\"wp-block-paragraph\"><\/p>\n","protected":false},"excerpt":{"rendered":"A isen\u00e7\u00e3o da taxa de inscri\u00e7\u00e3o do ENAM 2026.2 pode ser solicitada at\u00e9 a pr\u00f3xima ter\u00e7a-feira (08\/09) para&hellip;\n","protected":false},"author":185,"featured_media":195751,"comment_status":"open","ping_status":"open","sticky":false,"template":"","format":"standard","meta":{"_acf_changed":false,"_jetpack_newsletter_access":"","_jetpack_dont_email_post_to_subs":false,"_jetpack_newsletter_tier_id":0,"_jetpack_memberships_contains_paywalled_content":false,"_jetpack_feature_clip_id":0,"_jetpack_memberships_contains_paid_content":false,"footnotes":"","jetpack_post_was_ever_published":false},"categories":[1,26],"tags":[],"tax_estado":[36],"class_list":["post-195582","post","type-post","status-publish","format-standard","has-post-thumbnail","category-carreiras-juridicas","category-magistratura","tax_estado-concursos-federais"],"acf":[],"yoast_head":"<!-- This site is optimized with the Yoast SEO Premium plugin v28.3 (Yoast SEO v28.3) - https:\/\/yoast.com\/product\/yoast-seo-premium-wordpress\/ -->\n<title>Isen\u00e7\u00e3o do ENAM: quem tem direito e o que precisa enviar<\/title>\n<meta name=\"description\" content=\"Isen\u00e7\u00e3o da taxa de inscri\u00e7\u00e3o do ENAM 2026.2 pode ser solicitada at\u00e9 08\/09 por quem est\u00e1 no Cad\u00danico, tem baixa renda ou \u00e9 doador de medula\" \/>\n<meta name=\"robots\" content=\"index, follow, max-snippet:-1, max-image-preview:large, max-video-preview:-1\" \/>\n<link rel=\"canonical\" href=\"https:\/\/cj.estrategia.com\/portal\/isencao-enam-2026-2\/\" \/>\n<meta property=\"og:locale\" content=\"pt_BR\" \/>\n<meta property=\"og:type\" content=\"article\" \/>\n<meta property=\"og:title\" content=\"Isen\u00e7\u00e3o do ENAM: quem tem direito e o que precisa enviar\" \/>\n<meta property=\"og:description\" content=\"Isen\u00e7\u00e3o da taxa de inscri\u00e7\u00e3o do ENAM 2026.2 pode ser solicitada at\u00e9 08\/09 por quem est\u00e1 no Cad\u00danico, tem baixa renda ou \u00e9 doador de medula\" \/>\n<meta property=\"og:url\" content=\"https:\/\/cj.estrategia.com\/portal\/isencao-enam-2026-2\/\" \/>\n<meta property=\"og:site_name\" content=\"Blog - Carreiras Jur\u00eddicas - Estrat\u00e9gia\" \/>\n<meta property=\"article:publisher\" content=\"https:\/\/www.facebook.com\/estrategiacarreirajuridica\/\" \/>\n<meta property=\"article:published_time\" content=\"2026-09-04T11:49:00+00:00\" \/>\n<meta property=\"og:image\" content=\"https:\/\/cdn-blog-cj.estrategia.com\/portal\/wp-content\/uploads\/2026\/09\/26092620\/enam.jpg\" \/>\n\t<meta property=\"og:image:width\" content=\"768\" \/>\n\t<meta property=\"og:image:height\" content=\"432\" \/>\n\t<meta property=\"og:image:type\" content=\"image\/jpeg\" \/>\n<meta name=\"author\" content=\"Paolo Vinicios Lima\" \/>\n<meta name=\"twitter:card\" content=\"summary_large_image\" \/>\n<meta name=\"twitter:creator\" content=\"@EstratJuridica\" \/>\n<meta name=\"twitter:site\" content=\"@EstratJuridica\" \/>\n<meta name=\"twitter:label1\" content=\"Escrito por\" \/>\n\t<meta name=\"twitter:data1\" content=\"Paolo Vinicios Lima\" \/>\n\t<meta name=\"twitter:label2\" content=\"Est. tempo de leitura\" \/>\n\t<meta name=\"twitter:data2\" content=\"4 minutos\" \/>\n<script type=\"application\/ld+json\" class=\"yoast-schema-graph\">{\"@context\":\"https:\\\/\\\/schema.org\",\"@graph\":[{\"@type\":\"NewsArticle\",\"@id\":\"https:\\\/\\\/cj.estrategia.com\\\/portal\\\/isencao-enam-2026-2\\\/#article\",\"isPartOf\":{\"@id\":\"https:\\\/\\\/cj.estrategia.com\\\/portal\\\/isencao-enam-2026-2\\\/\"},\"author\":{\"name\":\"Paolo Vinicios Lima\",\"@id\":\"https:\\\/\\\/cj.estrategia.com\\\/portal\\\/#\\\/schema\\\/person\\\/ff0243a131b5c84c88e974b40a02bcc8\"},\"headline\":\"Isen\u00e7\u00e3o do ENAM: quem tem direito e o que precisa enviar\",\"datePublished\":\"2026-09-04T11:49:00+00:00\",\"mainEntityOfPage\":{\"@id\":\"https:\\\/\\\/cj.estrategia.com\\\/portal\\\/isencao-enam-2026-2\\\/\"},\"wordCount\":700,\"commentCount\":0,\"publisher\":{\"@id\":\"https:\\\/\\\/cj.estrategia.com\\\/portal\\\/#organization\"},\"image\":{\"@id\":\"https:\\\/\\\/cj.estrategia.com\\\/portal\\\/isencao-enam-2026-2\\\/#primaryimage\"},\"thumbnailUrl\":\"https:\\\/\\\/cdn-blog-cj.estrategia.com\\\/portal\\\/wp-content\\\/uploads\\\/2026\\\/09\\\/26092620\\\/enam.jpg\",\"articleSection\":[\"Carreiras Jur\u00eddicas\",\"Magistratura\"],\"inLanguage\":\"pt-BR\",\"potentialAction\":[{\"@type\":\"CommentAction\",\"name\":\"Comment\",\"target\":[\"https:\\\/\\\/cj.estrategia.com\\\/portal\\\/isencao-enam-2026-2\\\/#respond\"]}]},{\"@type\":\"WebPage\",\"@id\":\"https:\\\/\\\/cj.estrategia.com\\\/portal\\\/isencao-enam-2026-2\\\/\",\"url\":\"https:\\\/\\\/cj.estrategia.com\\\/portal\\\/isencao-enam-2026-2\\\/\",\"name\":\"Isen\u00e7\u00e3o do ENAM: quem tem direito e o que precisa enviar\",\"isPartOf\":{\"@id\":\"https:\\\/\\\/cj.estrategia.com\\\/portal\\\/#website\"},\"primaryImageOfPage\":{\"@id\":\"https:\\\/\\\/cj.estrategia.com\\\/portal\\\/isencao-enam-2026-2\\\/#primaryimage\"},\"image\":{\"@id\":\"https:\\\/\\\/cj.estrategia.com\\\/portal\\\/isencao-enam-2026-2\\\/#primaryimage\"},\"thumbnailUrl\":\"https:\\\/\\\/cdn-blog-cj.estrategia.com\\\/portal\\\/wp-content\\\/uploads\\\/2026\\\/09\\\/26092620\\\/enam.jpg\",\"datePublished\":\"2026-09-04T11:49:00+00:00\",\"description\":\"Isen\u00e7\u00e3o da taxa de inscri\u00e7\u00e3o do ENAM 2026.2 pode ser solicitada at\u00e9 08\\\/09 por quem est\u00e1 no Cad\u00danico, tem baixa renda ou \u00e9 doador de medula\",\"breadcrumb\":{\"@id\":\"https:\\\/\\\/cj.estrategia.com\\\/portal\\\/isencao-enam-2026-2\\\/#breadcrumb\"},\"inLanguage\":\"pt-BR\",\"potentialAction\":[{\"@type\":\"ReadAction\",\"target\":[\"https:\\\/\\\/cj.estrategia.com\\\/portal\\\/isencao-enam-2026-2\\\/\"]}]},{\"@type\":\"ImageObject\",\"inLanguage\":\"pt-BR\",\"@id\":\"https:\\\/\\\/cj.estrategia.com\\\/portal\\\/isencao-enam-2026-2\\\/#primaryimage\",\"url\":\"https:\\\/\\\/cdn-blog-cj.estrategia.com\\\/portal\\\/wp-content\\\/uploads\\\/2026\\\/09\\\/26092620\\\/enam.jpg\",\"contentUrl\":\"https:\\\/\\\/cdn-blog-cj.estrategia.com\\\/portal\\\/wp-content\\\/uploads\\\/2026\\\/09\\\/26092620\\\/enam.jpg\",\"width\":768,\"height\":432,\"caption\":\"enam\"},{\"@type\":\"BreadcrumbList\",\"@id\":\"https:\\\/\\\/cj.estrategia.com\\\/portal\\\/isencao-enam-2026-2\\\/#breadcrumb\",\"itemListElement\":[{\"@type\":\"ListItem\",\"position\":1,\"name\":\"In\u00edcio\",\"item\":\"https:\\\/\\\/cj.estrategia.com\\\/portal\\\/\"},{\"@type\":\"ListItem\",\"position\":2,\"name\":\"Isen\u00e7\u00e3o do ENAM: quem tem direito e o que precisa enviar\"}]},{\"@type\":\"WebSite\",\"@id\":\"https:\\\/\\\/cj.estrategia.com\\\/portal\\\/#website\",\"url\":\"https:\\\/\\\/cj.estrategia.com\\\/portal\\\/\",\"name\":\"Blog - Carreiras Jur\u00eddicas - Estrat\u00e9gia\",\"description\":\"\",\"publisher\":{\"@id\":\"https:\\\/\\\/cj.estrategia.com\\\/portal\\\/#organization\"},\"potentialAction\":[{\"@type\":\"SearchAction\",\"target\":{\"@type\":\"EntryPoint\",\"urlTemplate\":\"https:\\\/\\\/cj.estrategia.com\\\/portal\\\/?s={search_term_string}\"},\"query-input\":{\"@type\":\"PropertyValueSpecification\",\"valueRequired\":true,\"valueName\":\"search_term_string\"}}],\"inLanguage\":\"pt-BR\"},{\"@type\":\"Organization\",\"@id\":\"https:\\\/\\\/cj.estrategia.com\\\/portal\\\/#organization\",\"name\":\"Estrat\u00e9gia - Carreiras Jur\u00eddicas\",\"url\":\"https:\\\/\\\/cj.estrategia.com\\\/portal\\\/\",\"logo\":{\"@type\":\"ImageObject\",\"inLanguage\":\"pt-BR\",\"@id\":\"https:\\\/\\\/cj.estrategia.com\\\/portal\\\/#\\\/schema\\\/logo\\\/image\\\/\",\"url\":\"https:\\\/\\\/cj.estrategia.com\\\/portal\\\/wp-content\\\/uploads\\\/2022\\\/03\\\/11151052\\\/cj-logo.png\",\"contentUrl\":\"https:\\\/\\\/cj.estrategia.com\\\/portal\\\/wp-content\\\/uploads\\\/2022\\\/03\\\/11151052\\\/cj-logo.png\",\"width\":150,\"height\":39,\"caption\":\"Estrat\u00e9gia - Carreiras Jur\u00eddicas\"},\"image\":{\"@id\":\"https:\\\/\\\/cj.estrategia.com\\\/portal\\\/#\\\/schema\\\/logo\\\/image\\\/\"},\"sameAs\":[\"https:\\\/\\\/www.facebook.com\\\/estrategiacarreirajuridica\\\/\",\"https:\\\/\\\/x.com\\\/EstratJuridica\",\"https:\\\/\\\/www.instagram.com\\\/estrategiacarreirajuridica\\\/\",\"https:\\\/\\\/www.youtube.com\\\/channel\\\/UClbMGuYbj2Mh1m3w144ETWQ\"]},{\"@type\":\"Person\",\"@id\":\"https:\\\/\\\/cj.estrategia.com\\\/portal\\\/#\\\/schema\\\/person\\\/ff0243a131b5c84c88e974b40a02bcc8\",\"name\":\"Paolo Vinicios Lima\",\"image\":{\"@type\":\"ImageObject\",\"inLanguage\":\"pt-BR\",\"@id\":\"https:\\\/\\\/cdn-blog-cj.estrategia.com\\\/portal\\\/wp-content\\\/uploads\\\/2026\\\/08\\\/20120445\\\/20241025_144444-96x96.jpg\",\"url\":\"https:\\\/\\\/cdn-blog-cj.estrategia.com\\\/portal\\\/wp-content\\\/uploads\\\/2026\\\/08\\\/20120445\\\/20241025_144444-96x96.jpg\",\"contentUrl\":\"https:\\\/\\\/cdn-blog-cj.estrategia.com\\\/portal\\\/wp-content\\\/uploads\\\/2026\\\/08\\\/20120445\\\/20241025_144444-96x96.jpg\",\"caption\":\"Paolo Vinicios Lima\"},\"url\":\"https:\\\/\\\/cj.estrategia.com\\\/portal\\\/author\\\/paolo-limaestrategia-com\\\/\"}]}<\/script>\n<!-- \/ Yoast SEO Premium plugin. -->","yoast_head_json":{"title":"Isen\u00e7\u00e3o do ENAM: quem tem direito e o que precisa enviar","description":"Isen\u00e7\u00e3o da taxa de inscri\u00e7\u00e3o do ENAM 2026.2 pode ser solicitada at\u00e9 08\/09 por quem est\u00e1 no Cad\u00danico, tem baixa renda ou \u00e9 doador de medula","robots":{"index":"index","follow":"follow","max-snippet":"max-snippet:-1","max-image-preview":"max-image-preview:large","max-video-preview":"max-video-preview:-1"},"canonical":"https:\/\/cj.estrategia.com\/portal\/isencao-enam-2026-2\/","og_locale":"pt_BR","og_type":"article","og_title":"Isen\u00e7\u00e3o do ENAM: quem tem direito e o que precisa enviar","og_description":"Isen\u00e7\u00e3o da taxa de inscri\u00e7\u00e3o do ENAM 2026.2 pode ser solicitada at\u00e9 08\/09 por quem est\u00e1 no Cad\u00danico, tem baixa renda ou \u00e9 doador de medula","og_url":"https:\/\/cj.estrategia.com\/portal\/isencao-enam-2026-2\/","og_site_name":"Blog - Carreiras Jur\u00eddicas - Estrat\u00e9gia","article_publisher":"https:\/\/www.facebook.com\/estrategiacarreirajuridica\/","article_published_time":"2026-09-04T11:49:00+00:00","og_image":[{"width":768,"height":432,"url":"https:\/\/cdn-blog-cj.estrategia.com\/portal\/wp-content\/uploads\/2026\/09\/26092620\/enam.jpg","type":"image\/jpeg"}],"author":"Paolo Vinicios Lima","twitter_card":"summary_large_image","twitter_creator":"@EstratJuridica","twitter_site":"@EstratJuridica","twitter_misc":{"Escrito por":"Paolo Vinicios Lima","Est. tempo de leitura":"4 minutos"},"schema":{"@context":"https:\/\/schema.org","@graph":[{"@type":"NewsArticle","@id":"https:\/\/cj.estrategia.com\/portal\/isencao-enam-2026-2\/#article","isPartOf":{"@id":"https:\/\/cj.estrategia.com\/portal\/isencao-enam-2026-2\/"},"author":{"name":"Paolo Vinicios Lima","@id":"https:\/\/cj.estrategia.com\/portal\/#\/schema\/person\/ff0243a131b5c84c88e974b40a02bcc8"},"headline":"Isen\u00e7\u00e3o do ENAM: quem tem direito e o que precisa enviar","datePublished":"2026-09-04T11:49:00+00:00","mainEntityOfPage":{"@id":"https:\/\/cj.estrategia.com\/portal\/isencao-enam-2026-2\/"},"wordCount":700,"commentCount":0,"publisher":{"@id":"https:\/\/cj.estrategia.com\/portal\/#organization"},"image":{"@id":"https:\/\/cj.estrategia.com\/portal\/isencao-enam-2026-2\/#primaryimage"},"thumbnailUrl":"https:\/\/cdn-blog-cj.estrategia.com\/portal\/wp-content\/uploads\/2026\/09\/26092620\/enam.jpg","articleSection":["Carreiras Jur\u00eddicas","Magistratura"],"inLanguage":"pt-BR","potentialAction":[{"@type":"CommentAction","name":"Comment","target":["https:\/\/cj.estrategia.com\/portal\/isencao-enam-2026-2\/#respond"]}]},{"@type":"WebPage","@id":"https:\/\/cj.estrategia.com\/portal\/isencao-enam-2026-2\/","url":"https:\/\/cj.estrategia.com\/portal\/isencao-enam-2026-2\/","name":"Isen\u00e7\u00e3o do ENAM: quem tem direito e o que precisa enviar","isPartOf":{"@id":"https:\/\/cj.estrategia.com\/portal\/#website"},"primaryImageOfPage":{"@id":"https:\/\/cj.estrategia.com\/portal\/isencao-enam-2026-2\/#primaryimage"},"image":{"@id":"https:\/\/cj.estrategia.com\/portal\/isencao-enam-2026-2\/#primaryimage"},"thumbnailUrl":"https:\/\/cdn-blog-cj.estrategia.com\/portal\/wp-content\/uploads\/2026\/09\/26092620\/enam.jpg","datePublished":"2026-09-04T11:49:00+00:00","description":"Isen\u00e7\u00e3o da taxa de inscri\u00e7\u00e3o do ENAM 2026.2 pode ser solicitada at\u00e9 08\/09 por quem est\u00e1 no Cad\u00danico, tem baixa renda ou \u00e9 doador de medula","breadcrumb":{"@id":"https:\/\/cj.estrategia.com\/portal\/isencao-enam-2026-2\/#breadcrumb"},"inLanguage":"pt-BR","potentialAction":[{"@type":"ReadAction","target":["https:\/\/cj.estrategia.com\/portal\/isencao-enam-2026-2\/"]}]},{"@type":"ImageObject","inLanguage":"pt-BR","@id":"https:\/\/cj.estrategia.com\/portal\/isencao-enam-2026-2\/#primaryimage","url":"https:\/\/cdn-blog-cj.estrategia.com\/portal\/wp-content\/uploads\/2026\/09\/26092620\/enam.jpg","contentUrl":"https:\/\/cdn-blog-cj.estrategia.com\/portal\/wp-content\/uploads\/2026\/09\/26092620\/enam.jpg","width":768,"height":432,"caption":"enam"},{"@type":"BreadcrumbList","@id":"https:\/\/cj.estrategia.com\/portal\/isencao-enam-2026-2\/#breadcrumb","itemListElement":[{"@type":"ListItem","position":1,"name":"In\u00edcio","item":"https:\/\/cj.estrategia.com\/portal\/"},{"@type":"ListItem","position":2,"name":"Isen\u00e7\u00e3o do ENAM: quem tem direito e o que precisa enviar"}]},{"@type":"WebSite","@id":"https:\/\/cj.estrategia.com\/portal\/#website","url":"https:\/\/cj.estrategia.com\/portal\/","name":"Blog - Carreiras Jur\u00eddicas - Estrat\u00e9gia","description":"","publisher":{"@id":"https:\/\/cj.estrategia.com\/portal\/#organization"},"potentialAction":[{"@type":"SearchAction","target":{"@type":"EntryPoint","urlTemplate":"https:\/\/cj.estrategia.com\/portal\/?s={search_term_string}"},"query-input":{"@type":"PropertyValueSpecification","valueRequired":true,"valueName":"search_term_string"}}],"inLanguage":"pt-BR"},{"@type":"Organization","@id":"https:\/\/cj.estrategia.com\/portal\/#organization","name":"Estrat\u00e9gia - Carreiras Jur\u00eddicas","url":"https:\/\/cj.estrategia.com\/portal\/","logo":{"@type":"ImageObject","inLanguage":"pt-BR","@id":"https:\/\/cj.estrategia.com\/portal\/#\/schema\/logo\/image\/","url":"https:\/\/cj.estrategia.com\/portal\/wp-content\/uploads\/2022\/03\/11151052\/cj-logo.png","contentUrl":"https:\/\/cj.estrategia.com\/portal\/wp-content\/uploads\/2022\/03\/11151052\/cj-logo.png","width":150,"height":39,"caption":"Estrat\u00e9gia - Carreiras Jur\u00eddicas"},"image":{"@id":"https:\/\/cj.estrategia.com\/portal\/#\/schema\/logo\/image\/"},"sameAs":["https:\/\/www.facebook.com\/estrategiacarreirajuridica\/","https:\/\/x.com\/EstratJuridica","https:\/\/www.instagram.com\/estrategiacarreirajuridica\/","https:\/\/www.youtube.com\/channel\/UClbMGuYbj2Mh1m3w144ETWQ"]},{"@type":"Person","@id":"https:\/\/cj.estrategia.com\/portal\/#\/schema\/person\/ff0243a131b5c84c88e974b40a02bcc8","name":"Paolo Vinicios Lima","image":{"@type":"ImageObject","inLanguage":"pt-BR","@id":"https:\/\/cdn-blog-cj.estrategia.com\/portal\/wp-content\/uploads\/2026\/08\/20120445\/20241025_144444-96x96.jpg","url":"https:\/\/cdn-blog-cj.estrategia.com\/portal\/wp-content\/uploads\/2026\/08\/20120445\/20241025_144444-96x96.jpg","contentUrl":"https:\/\/cdn-blog-cj.estrategia.com\/portal\/wp-content\/uploads\/2026\/08\/20120445\/20241025_144444-96x96.jpg","caption":"Paolo Vinicios Lima"},"url":"https:\/\/cj.estrategia.com\/portal\/author\/paolo-limaestrategia-com\/"}]}},"jetpack_sharing_enabled":true,"jetpack_featured_media_url":"https:\/\/cdn-blog-cj.estrategia.com\/portal\/wp-content\/uploads\/2026\/09\/26092620\/enam.jpg","_links":{"self":[{"href":"https:\/\/cj.estrategia.com\/portal\/wp-json\/wp\/v2\/posts\/195582","targetHints":{"allow":["GET"]}}],"collection":[{"href":"https:\/\/cj.estrategia.com\/portal\/wp-json\/wp\/v2\/posts"}],"about":[{"href":"https:\/\/cj.estrategia.com\/portal\/wp-json\/wp\/v2\/types\/post"}],"author":[{"embeddable":true,"href":"https:\/\/cj.estrategia.com\/portal\/wp-json\/wp\/v2\/users\/185"}],"replies":[{"embeddable":true,"href":"https:\/\/cj.estrategia.com\/portal\/wp-json\/wp\/v2\/comments?post=195582"}],"version-history":[{"count":2,"href":"https:\/\/cj.estrategia.com\/portal\/wp-json\/wp\/v2\/posts\/195582\/revisions"}],"predecessor-version":[{"id":195755,"href":"https:\/\/cj.estrategia.com\/portal\/wp-json\/wp\/v2\/posts\/195582\/revisions\/195755"}],"wp:featuredmedia":[{"embeddable":true,"href":"https:\/\/cj.estrategia.com\/portal\/wp-json\/wp\/v2\/media\/195751"}],"wp:attachment":[{"href":"https:\/\/cj.estrategia.com\/portal\/wp-json\/wp\/v2\/media?parent=195582"}],"wp:term":[{"taxonomy":"category","embeddable":true,"href":"https:\/\/cj.estrategia.com\/portal\/wp-json\/wp\/v2\/categories?post=195582"},{"taxonomy":"post_tag","embeddable":true,"href":"https:\/\/cj.estrategia.com\/portal\/wp-json\/wp\/v2\/tags?post=195582"},{"taxonomy":"tax_estado","embeddable":true,"href":"https:\/\/cj.estrategia.com\/portal\/wp-json\/wp\/v2\/tax_estado?post=195582"}],"curies":[{"name":"wp","href":"https:\/\/api.w.org\/{rel}","templated":true}]}}