{"id":194910,"date":"2026-08-12T09:16:19","date_gmt":"2026-08-12T12:16:19","guid":{"rendered":"https:\/\/cj.estrategia.com\/portal\/?p=194910"},"modified":"2026-08-12T09:16:23","modified_gmt":"2026-08-12T12:16:23","slug":"concurso-advogado-casan-sc","status":"publish","type":"post","link":"https:\/\/cj.estrategia.com\/portal\/concurso-advogado-casan-sc\/","title":{"rendered":"Concurso Advogado CASAN SC: Instituto AOCP \u00e9 a banca!"},"content":{"rendered":"\n<p class=\"has-medium-font-size wp-block-paragraph\"><strong><em>Novo Concurso CASAN SC ter\u00e1 oportunidades para o cargo de Advogado; edital em breve!<\/em><\/strong><\/p>\n\n\n\n<p class=\"wp-block-paragraph\">Est\u00e1 cada vez mais pr\u00f3xima a realiza\u00e7\u00e3o do novo\u00a0<strong>Concurso CASAN SC (Companhia Catarinense de \u00c1guas e Saneamento)<\/strong>\u00a0para o cargo de <strong>Advogado<\/strong>.<\/p>\n\n\n\n<p class=\"wp-block-paragraph\">Isso porque o <strong>Instituto AOCP\u00a0<\/strong>foi a\u00a0empresa escolhida\u00a0para elaborar e organizar o certame, que contar\u00e1 com\u00a0<strong>vagas em cadastro de reserva<\/strong>\u00a0para profissionais de Advocacia, nas regi\u00f5es de Florian\u00f3polis, Crici\u00fama, Rio do Sul e Chapec\u00f3.<\/p>\n\n\n\n<p class=\"wp-block-paragraph\">Conforme informa\u00e7\u00f5es do\u00a0termo de refer\u00eancia, as avalia\u00e7\u00f5es dos candidatos ser\u00e3o compostas por\u00a0<strong>provas objetivas e de t\u00edtulos<\/strong>, al\u00e9m de avalia\u00e7\u00e3o biopsicossocial para os candidatos PcD.<\/p>\n\n\n\n<ul class=\"wp-block-list has-very-light-gray-to-cyan-bluish-gray-gradient-background has-background\">\n<li><strong>Companhia Catarinense de \u00c1guas e Saneamento<\/strong><\/li>\n\n\n\n<li><strong>Status:<\/strong>\u00a0banca definida<\/li>\n\n\n\n<li><strong>Banca:<\/strong>\u00a0Instituto AOCP<\/li>\n\n\n\n<li><strong>Vagas:\u00a0<\/strong>40 + CR<\/li>\n\n\n\n<li><strong>Sal\u00e1rio inicial:<\/strong>\u00a0R$ 9.227,70 <em>(\u00faltimo edital<\/em>)<\/li>\n\n\n\n<li><strong>\u00daltimo edital:\u00a0<\/strong><a href=\"https:\/\/dhg1h5j42swfq.cloudfront.net\/2022\/04\/04215103\/edital_2022_cp_casan.pdf\" target=\"_blank\" >CASAN 2022<\/a><\/li>\n<\/ul>\n\n\n\n<div class=\"wp-block-yoast-seo-table-of-contents yoast-table-of-contents\"><h2 id=\"confira-os-detalhes-do-concurso\">Confira os detalhes do concurso<\/h2><ul><li><a href=\"#h-situacao-atual-do-concurso-advogado-casan-sc\" data-level=\"2\">Situa\u00e7\u00e3o atual do concurso Advogado CASAN SC<\/a><ul><li><a href=\"#h-banca-organizadora\" data-level=\"3\">Banca organizadora<\/a><\/li><li><a href=\"#h-termo-de-referencia\" data-level=\"3\">Termo de refer\u00eancia<\/a><\/li><\/ul><\/li><li><a href=\"#h-ultimo-concurso-advogado-casan-sc\" data-level=\"2\">\u00daltimo concurso Advogado CASAN SC<\/a><ul><li><a href=\"#h-distribuicao-das-vagas\" data-level=\"3\">Distribui\u00e7\u00e3o das vagas<\/a><\/li><li><a href=\"#h-beneficios\" data-level=\"3\">Benef\u00edcios<\/a><\/li><li><a href=\"#h-etapas-do-ultimo-concurso-advogado-casan-sc\" data-level=\"3\">Etapas do \u00faltimo concurso Advogado CASAN SC<\/a><\/li><\/ul><\/li><li><a href=\"#h-sobre-a-casan\" data-level=\"2\">Sobre a CASAN<\/a><\/li><li><a href=\"#h-informacoes-do-concurso-casan-sc\" data-level=\"2\">Informa\u00e7\u00f5es do concurso CASAN SC<\/a><\/li><\/ul><\/div>\n\n\n\n<div class=\"container\" id=\"boxes\">\n  <div class=\"row\">\n\n    <div class=\"col-sm\">\n      <div class=\"banner-estrategia-concursos-juridicos\" id=\"box-assinatura\">\n        <h2 id=\"concurso-advogado-casan-sc\" class=\"titulo-assinatura\"><span style=\"color: #ffffff; font-size: 23px; \">Concurso Advogado CASAN SC<\/span><\/h2>\n        <p class=\"subtitulo-assinatura\">Cursos focados no edital<\/p>\n        <div class=\"box-botao\">\n          <a class=\"btn-assinatura-juridica\" target=\"_blank\" href=\"https:\/\/cj.estrategia.com\/concurso\/resultado-pesquisa?search=concursos+advogados\" role=\"button\" rel=\"noopener noreferrer\">Conhe\u00e7a mais<\/a>\n        <\/div>\n      <\/div>\n<p><\/p>\n    <\/div>\n\n  <\/div>\n<\/div>\n\n\n\n<h2 id=\"h-situacao-atual-do-concurso-advogado-casan-sc\" class=\"wp-block-heading\"><span id=\"situacao-atual-do-concurso-advogado-casan-sc\">Situa\u00e7\u00e3o atual do concurso Advogado CASAN SC<\/span><\/h2>\n\n\n\n<h3 id=\"h-banca-organizadora\" class=\"wp-block-heading\"><span id=\"banca-organizadora\">Banca organizadora<\/span><\/h3>\n\n\n\n<p class=\"wp-block-paragraph\">O <strong>Instituto AOCP<\/strong> foi contratado como banca organizadora do novo concurso para a <strong>Companhia Catarinense de \u00c1guas e Saneamento<\/strong> (CASAN SC).<\/p>\n\n\n<div class=\"wp-block-image\">\n<figure class=\"aligncenter size-full\"><img decoding=\"async\" width=\"746\" height=\"622\" src=\"https:\/\/cj.estrategia.com\/portal\/wp-content\/uploads\/2026\/08\/12091000\/banca-casan-sc-adv-1.png\" alt=\"Instituto AOCP organiza o concurso CASAN Advogado\" class=\"wp-image-194912\" srcset=\"https:\/\/cdn-blog-cj.estrategia.com\/portal\/wp-content\/uploads\/2026\/08\/12091000\/banca-casan-sc-adv-1.png 746w, https:\/\/cdn-blog-cj.estrategia.com\/portal\/wp-content\/uploads\/2026\/08\/12091000\/banca-casan-sc-adv-1-300x250.png 300w, https:\/\/cdn-blog-cj.estrategia.com\/portal\/wp-content\/uploads\/2026\/08\/12091000\/banca-casan-sc-adv-1-380x317.png 380w, https:\/\/cdn-blog-cj.estrategia.com\/portal\/wp-content\/uploads\/2026\/08\/12091000\/banca-casan-sc-adv-1-150x125.png 150w\" sizes=\"(max-width: 746px) 100vw, 746px\" \/><figcaption class=\"wp-element-caption\">Instituto AOCP organiza o concurso CASAN Advogado<\/figcaption><\/figure>\n<\/div>\n\n\n<h3 id=\"h-termo-de-referencia\" class=\"wp-block-heading\"><span id=\"termo-de-referencia\">Termo de refer\u00eancia<\/span><\/h3>\n\n\n\n<p class=\"wp-block-paragraph\">O <a href=\"https:\/\/dhg1h5j42swfq.cloudfront.net\/2026\/08\/12070834\/055_2026_tr.pdf\" target=\"_blank\" >Termo de refer\u00eancia<\/a>\u00a0\u00e9 o documento base para a elabora\u00e7\u00e3o do edital, e costuma trazer informa\u00e7\u00f5es pr\u00e9vias sobre a sele\u00e7\u00e3o, como cagas e etapas de prova previstas.<\/p>\n\n\n\n<p class=\"wp-block-paragraph\"><strong>Cargos e vagas:<\/strong>\u00a0o concurso prev\u00ea o provimento de\u00a0<strong>40 vagas<\/strong>\u00a0imediatas, al\u00e9m da forma\u00e7\u00e3o de cadastro reserva (CR). Entre as oportunidades, est\u00e1 o cargo de Advogado.<\/p>\n\n\n\n<figure class=\"wp-block-table is-style-stripes\"><table class=\"has-very-light-gray-to-cyan-bluish-gray-gradient-background has-background has-fixed-layout\"><thead><tr><th class=\"has-text-align-center\" data-align=\"center\"><strong>Cargo<\/strong>s<\/th><th class=\"has-text-align-center\" data-align=\"center\">Lota\u00e7\u00e3o<\/th><th class=\"has-text-align-center\" data-align=\"center\"><strong>Vagas<\/strong><\/th><\/tr><\/thead><tbody><tr><td class=\"has-text-align-center\" data-align=\"center\">Advogado<\/td><td class=\"has-text-align-center\" data-align=\"center\">Florian\u00f3polis<\/td><td class=\"has-text-align-center\" data-align=\"center\">CR<\/td><\/tr><tr><td class=\"has-text-align-center\" data-align=\"center\">Advogado<\/td><td class=\"has-text-align-center\" data-align=\"center\">Crici\u00fama<\/td><td class=\"has-text-align-center\" data-align=\"center\">CR<\/td><\/tr><tr><td class=\"has-text-align-center\" data-align=\"center\">Advogado<\/td><td class=\"has-text-align-center\" data-align=\"center\">Rio do Sul<\/td><td class=\"has-text-align-center\" data-align=\"center\">CR<\/td><\/tr><tr><td class=\"has-text-align-center\" data-align=\"center\">Advogado<\/td><td class=\"has-text-align-center\" data-align=\"center\">Chapec\u00f3<\/td><td class=\"has-text-align-center\" data-align=\"center\">CR<\/td><\/tr><\/tbody><\/table><\/figure>\n\n\n\n<p class=\"wp-block-paragraph\"><strong>Cotas e validade:<\/strong>\u00a0ser\u00e1 reservado o percentual de 20% das vagas de cada cargo e regi\u00e3o para Pessoas com Defici\u00eancia (PCD). O prazo de validade do concurso ser\u00e1 de 2 anos a partir da homologa\u00e7\u00e3o, podendo ser prorrogado por mais 2 anos.<\/p>\n\n\n\n<p class=\"wp-block-paragraph\"><strong>Locais de prova:<\/strong>\u00a0as provas objetivas e a avalia\u00e7\u00e3o biopsicossocial ocorrer\u00e3o nos munic\u00edpios de S\u00e3o Miguel do Oeste, Chapec\u00f3, Curitibanos, Canoinhas, Rio do Sul, S\u00e3o Joaquim, Crici\u00fama e Florian\u00f3polis. O candidato poder\u00e1 realizar a prova em cidade diferente de onde concorrer\u00e1 \u00e0 vaga.<\/p>\n\n\n\n<p class=\"wp-block-paragraph\"><strong>Etapas do Concurso:<\/strong><\/p>\n\n\n\n<ul class=\"wp-block-list\">\n<li><strong>Inscri\u00e7\u00f5es:<\/strong>\u00a0Ser\u00e3o feitas exclusivamente pela internet, com possibilidade de isen\u00e7\u00e3o de taxa para baixa renda e doadores de sangue\/medula.<\/li>\n\n\n\n<li><strong>Provas Objetivas:<\/strong>\u00a0De car\u00e1ter eliminat\u00f3rio e classificat\u00f3rio, ser\u00e3o compostas por 50 quest\u00f5es de m\u00faltipla escolha. As provas para n\u00edvel superior acontecer\u00e3o em turno oposto \u00e0s de n\u00edvel m\u00e9dio e t\u00e9cnico. Para ser habilitado, exige-se o m\u00ednimo de 50% de aproveitamento.<\/li>\n\n\n\n<li><strong>Prova de T\u00edtulos:<\/strong>\u00a0Classificat\u00f3ria, exclusiva para os cargos de n\u00edvel superior e limitada a diplomas de Especializa\u00e7\u00e3o, Mestrado e Doutorado.<\/li>\n\n\n\n<li><strong>Avalia\u00e7\u00e3o Biopsicossocial:<\/strong>\u00a0Realizada presencialmente, por equipe multiprofissional, para os candidatos PCD classificados na prova objetiva.<\/li>\n<\/ul>\n\n\n\n<h3 id=\"linha-do-tempo\" class=\"wp-block-heading\">Linha do tempo<\/h3>\n\n\n\n<ul class=\"wp-block-list\">\n<li><strong>16\/10\/2025:<\/strong>\u00a0ap\u00f3s reestrutura\u00e7\u00e3o interna, Casan pretende realizar um Plano de Demiss\u00e3o Incentivada seguido de concurso p\u00fablico em 2026;<\/li>\n\n\n\n<li><strong>27\/07\/2026:\u00a0<\/strong><a href=\"https:\/\/dhg1h5j42swfq.cloudfront.net\/2026\/08\/12070837\/055_2026_termo_homologacao.pdf\" target=\"_blank\" >banca definida<\/a>.<\/li>\n<\/ul>\n\n\n\n<h2 id=\"h-ultimo-concurso-advogado-casan-sc\" class=\"wp-block-heading\"><span id=\"ultimo-concurso-advogado-casan-sc\">\u00daltimo concurso Advogado CASAN SC<\/span><\/h2>\n\n\n\n<h3 id=\"h-distribuicao-das-vagas\" class=\"wp-block-heading\"><span id=\"distribuicao-das-vagas\">Distribui\u00e7\u00e3o das vagas<\/span><\/h3>\n\n\n\n<ul class=\"wp-block-list\">\n<li>CR \u2013 Advogado: R$ 9.227,70<\/li>\n<\/ul>\n\n\n\n<h3 id=\"h-beneficios\" class=\"wp-block-heading\"><span id=\"beneficios\">Benef\u00edcios<\/span><\/h3>\n\n\n\n<p class=\"wp-block-paragraph\">A Companhia Catarinense de \u00c1guas e Saneamento (<a href=\"https:\/\/www.casan.com.br\/#0\" target=\"_blank\" >CASAN<\/a>) oferece os seguintes benef\u00edcios para todos os cargos:<\/p>\n\n\n\n<ul class=\"wp-block-list\">\n<li>Vale alimenta\u00e7\u00e3o\/refei\u00e7\u00e3o no valor de R$ 1.325,50;<\/li>\n\n\n\n<li>Aux\u00edlio creche\/bab\u00e1 no valor de R$ 728,72;<\/li>\n\n\n\n<li>Vale cultura;<\/li>\n\n\n\n<li>Plano de sa\u00fade e odontol\u00f3gico; e<\/li>\n\n\n\n<li>Plano de previd\u00eancia complementar, entre outros.<\/li>\n<\/ul>\n\n\n\n<h3 id=\"h-etapas-do-ultimo-concurso-advogado-casan-sc\" class=\"wp-block-heading\"><span id=\"etapas-do-ultimo-concurso-advogado-casan-sc\">Etapas do \u00faltimo concurso Advogado CASAN SC<\/span><\/h3>\n\n\n\n<p class=\"wp-block-paragraph\">O concurso CASAN foi realizado mediante aplica\u00e7\u00e3o das etapas abaixo:<\/p>\n\n\n\n<ul class=\"wp-block-list\">\n<li><strong>Provas Objetivas<\/strong>, de car\u00e1ter eliminat\u00f3rio e classificat\u00f3rio;<\/li>\n\n\n\n<li><strong>Prova de T\u00edtulos<\/strong>, de car\u00e1ter classificat\u00f3rio.<\/li>\n<\/ul>\n\n\n\n<h4 id=\"prova-objetiva\" class=\"wp-block-heading\">Prova Objetiva<\/h4>\n\n\n\n<p class=\"wp-block-paragraph\">Os candidatos foram avaliados por uma Prova Objetiva, com 5 alternativas de resposta. Para ser aprovado, o candidato dever\u00e1 obter, no m\u00ednimo, 50 pontos.<\/p>\n\n\n\n<p class=\"wp-block-paragraph\">A prova escrita foi aplicada nas cidades de Canoinhas, Chapec\u00f3, Crici\u00fama, Curitibanos, Grande Florian\u00f3polis, Rio do Sul, S\u00e3o Joaquim e S\u00e3o Miguel do Oeste.<\/p>\n\n\n\n<ul class=\"wp-block-list\">\n<li>L\u00edngua Portuguesa: 10 quest\u00f5es;<\/li>\n\n\n\n<li>Racioc\u00ednio L\u00f3gico e Matem\u00e1tico: 05 quest\u00f5es;<\/li>\n\n\n\n<li>Inform\u00e1tica: 05 quest\u00f5es;<\/li>\n\n\n\n<li>Conhecimentos Espec\u00edficos: 30 quest\u00f5es.<\/li>\n<\/ul>\n\n\n\n<h4 id=\"prova-de-titulos\" class=\"wp-block-heading\">Prova de T\u00edtulos<\/h4>\n\n\n\n<p class=\"wp-block-paragraph\">A Prova de T\u00edtulos para os cargos de n\u00edvel superior constou da avalia\u00e7\u00e3o dos certificados do curso de P\u00f3s-Gradua\u00e7\u00e3o em n\u00edvel de Especializa\u00e7\u00e3o ou de diplomas do curso de Mestrado e de Doutorado.<\/p>\n\n\n<div class=\"wp-block-image\">\n<figure class=\"aligncenter\"><img decoding=\"async\" src=\"https:\/\/dhg1h5j42swfq.cloudfront.net\/2022\/04\/04214836\/image-46.png\" alt=\"Quadro de pontua\u00e7\u00e3o para a Prova de T\u00edtulos \" class=\"wp-image-1001521\"\/><figcaption class=\"wp-element-caption\">Prova de T\u00edtulos \u2013 Advogado CASAN SC<\/figcaption><\/figure>\n<\/div>\n\n\n<h2 id=\"h-sobre-a-casan\" class=\"wp-block-heading\"><span id=\"sobre-a-casan\">Sobre a CASAN<\/span><\/h2>\n\n\n\n<p class=\"wp-block-paragraph\">A Companhia Catarinense de \u00c1guas e Saneamento (CASAN) \u00e9 uma empresa p\u00fablica de economia mista e de capital aberto, que atua como concession\u00e1ria do setor de saneamento.<\/p>\n\n\n\n<p class=\"wp-block-paragraph\">A CASAN atua nos munic\u00edpios por meio de contratos de programas e tamb\u00e9m de conv\u00eanios, que s\u00e3o os instrumentos legais firmados com as prefeituras municipais e concedem \u00e0 Companhia o direito de prestar os servi\u00e7os de gest\u00e3o, opera\u00e7\u00e3o e manuten\u00e7\u00e3o de sistemas de abastecimento de \u00e1gua, de coleta e de tratamento de esgoto.<\/p>\n\n\n\n<hr class=\"wp-block-separator has-alpha-channel-opacity\"\/>\n\n\n\n<p class=\"has-text-align-center wp-block-paragraph\" id=\"cursos\" style=\"font-size:26px\"><strong>Quer saber tudo sobre concursos previstos?<br>Confira nossos artigos!<\/strong><\/p>\n\n\n\n<ul class=\"wp-block-list\">\n<li><a href=\"https:\/\/cj.estrategia.com\/portal\/concursos-abertos-carreiras-juridicas\/\" target=\"_blank\" >Concursos jur\u00eddicos abertos<\/a><\/li>\n\n\n\n<li><a href=\"https:\/\/cj.estrategia.com\/portal\/concursos-2025-carreiras-juridicas\/\" target=\"_blank\" ><\/a><a href=\"https:\/\/cj.estrategia.com\/portal\/concursos-juridicos-2026\/\" target=\"_blank\" >Concursos jur\u00eddicos 2026<\/a><\/li>\n\n\n\n<li><a href=\"https:\/\/cj.estrategia.com\/portal\/concursos-advogados\/\" target=\"_blank\" >Concursos advogados<\/a><\/li>\n<\/ul>\n\n\n\n<p class=\"has-text-align-center wp-block-paragraph\" id=\"cursos\" style=\"font-size:26px\"><strong>Quer estudar para o Concurso Advogado CASAN SC?<\/strong><\/p>\n\n\n\n<div class=\"wp-block-cover\" style=\"min-height:155px;aspect-ratio:unset;\"><img decoding=\"async\" width=\"1890\" height=\"351\" class=\"wp-block-cover__image-background wp-image-8669\" alt=\"Assinaturas Jur\u00eddicas\" src=\"https:\/\/cj.estrategia.com\/portal\/wp-content\/uploads\/2022\/06\/20151253\/concurso-carreiras-juridicas-assinatura-juridica.jpg\" style=\"object-position:78% 43%\" data-object-fit=\"cover\" data-object-position=\"78% 43%\" srcset=\"https:\/\/cdn-blog-cj.estrategia.com\/portal\/wp-content\/uploads\/2022\/06\/20151253\/concurso-carreiras-juridicas-assinatura-juridica.jpg 1890w, https:\/\/cdn-blog-cj.estrategia.com\/portal\/wp-content\/uploads\/2022\/06\/20151253\/concurso-carreiras-juridicas-assinatura-juridica-300x56.jpg 300w, https:\/\/cdn-blog-cj.estrategia.com\/portal\/wp-content\/uploads\/2022\/06\/20151253\/concurso-carreiras-juridicas-assinatura-juridica-1024x190.jpg 1024w, https:\/\/cdn-blog-cj.estrategia.com\/portal\/wp-content\/uploads\/2022\/06\/20151253\/concurso-carreiras-juridicas-assinatura-juridica-768x143.jpg 768w, https:\/\/cdn-blog-cj.estrategia.com\/portal\/wp-content\/uploads\/2022\/06\/20151253\/concurso-carreiras-juridicas-assinatura-juridica-1536x285.jpg 1536w, https:\/\/cdn-blog-cj.estrategia.com\/portal\/wp-content\/uploads\/2022\/06\/20151253\/concurso-carreiras-juridicas-assinatura-juridica-380x71.jpg 380w, https:\/\/cdn-blog-cj.estrategia.com\/portal\/wp-content\/uploads\/2022\/06\/20151253\/concurso-carreiras-juridicas-assinatura-juridica-800x149.jpg 800w, https:\/\/cdn-blog-cj.estrategia.com\/portal\/wp-content\/uploads\/2022\/06\/20151253\/concurso-carreiras-juridicas-assinatura-juridica-1160x215.jpg 1160w\" sizes=\"(max-width: 1890px) 100vw, 1890px\" \/><span aria-hidden=\"true\" class=\"wp-block-cover__background has-background-dim\"><\/span><div class=\"wp-block-cover__inner-container is-layout-flow wp-block-cover-is-layout-flow\">\n<h3 id=\"faca-a-sua-assinatura\" class=\"titulo-assinatura\"><span style=\"color: #ffffff;\">Fa\u00e7a a sua assinatura!<\/span><\/h3>\n<p class=\"subtitulo-assinatura\" style=\"display:block!important; line-height: 0;\"><span style=\"color: #ffffff;\">Escolha a sua \u00e1rea.<\/span><\/p>\n<a target=\"_blank\" href=\"https:\/\/www.estrategiaconcursos.com.br\/assinaturas-ecj\/\" rel=\"noopener\"><button style=\"border-radius: 10px; text-transform: capitalize;\">Acessar<\/button><\/a>\n<\/div><\/div>\n\n\n\n<figure class=\"wp-block-image size-large is-resized\"><img decoding=\"async\" src=\"https:\/\/dhg1h5j42swfq.cloudfront.net\/2021\/05\/07084717\/ficha-tecnica-15-1024x632.png\" alt=\"\" class=\"wp-image-733714\" style=\"aspect-ratio:1.6181818181818182;width:219px;height:auto\"\/><\/figure>\n\n\n\n<h2 id=\"h-informacoes-do-concurso-casan-sc\" class=\"wp-block-heading\"><span id=\"informacoes-do-concurso-casan-sc\">Informa\u00e7\u00f5es do concurso CASAN SC<\/span><\/h2>\n\n\n\n<ul class=\"wp-block-list\"><\/ul>\n\n\n\n<ul class=\"wp-block-list\">\n<li><strong>Data prevista:<\/strong>\u00a02026<\/li>\n\n\n\n<li><strong>Vagas:<\/strong>\u00a0CR<\/li>\n\n\n\n<li><strong>Cargos<\/strong>: Advogado<\/li>\n\n\n\n<li><strong>Banca:<\/strong>\u00a0Instituto AOCP<\/li>\n\n\n\n<li><strong>Escolaridade:<\/strong>\u00a0n\u00edvel superior em Direito<\/li>\n\n\n\n<li><strong>\u00daltimo edital:<\/strong>\u00a0<a href=\"https:\/\/dhg1h5j42swfq.cloudfront.net\/2022\/04\/04215103\/edital_2022_cp_casan.pdf\" target=\"_blank\" >CASAN 2022<\/a>\u00a0|\u00a0<a href=\"https:\/\/dhg1h5j42swfq.cloudfront.net\/2022\/04\/07140711\/01_ta_edital_2022_cp_casan.pdf\" target=\"_blank\" >Aditivo I<\/a>\u00a0|\u00a0<a href=\"https:\/\/dhg1h5j42swfq.cloudfront.net\/2022\/04\/19141800\/02_ta_edital_2022_cp_casan.pdf\" target=\"_blank\" >Aditivo II<\/a>\u00a0|\u00a0<a href=\"https:\/\/dhg1h5j42swfq.cloudfront.net\/2022\/04\/19141805\/3.pdf\" target=\"_blank\" >Aditivo III<\/a><\/li>\n<\/ul>\n\n\n\n<p class=\"wp-block-paragraph\"><\/p>\n\n\n\n<p class=\"wp-block-paragraph\"><\/p>\n","protected":false},"excerpt":{"rendered":"Novo Concurso CASAN SC ter\u00e1 oportunidades para o cargo de Advogado; edital em breve! Est\u00e1 cada vez mais&hellip;\n","protected":false},"author":7,"featured_media":184058,"comment_status":"open","ping_status":"open","sticky":false,"template":"","format":"standard","meta":{"_acf_changed":false,"_jetpack_newsletter_access":"","_jetpack_dont_email_post_to_subs":false,"_jetpack_newsletter_tier_id":0,"_jetpack_memberships_contains_paywalled_content":false,"_jetpack_feature_clip_id":0,"_jetpack_memberships_contains_paid_content":false,"footnotes":"","jetpack_post_was_ever_published":false},"categories":[1],"tags":[],"tax_estado":[54],"class_list":["post-194910","post","type-post","status-publish","format-standard","has-post-thumbnail","category-carreiras-juridicas","tax_estado-sc"],"acf":[],"yoast_head":"<!-- This site is optimized with the Yoast SEO Premium plugin v28.3 (Yoast SEO v28.3) - https:\/\/yoast.com\/product\/yoast-seo-premium-wordpress\/ -->\n<title>Concurso Advogado CASAN SC: Instituto AOCP \u00e9 a banca!<\/title>\n<meta name=\"description\" content=\"Novo Concurso CASAN SC ter\u00e1 oportunidades para o cargo de Advogado. Com banca definida, edital sair\u00e1 em breve. Confira!\" \/>\n<meta name=\"robots\" content=\"index, follow, max-snippet:-1, max-image-preview:large, max-video-preview:-1\" \/>\n<link rel=\"canonical\" href=\"https:\/\/cj.estrategia.com\/portal\/concurso-advogado-casan-sc\/\" \/>\n<meta property=\"og:locale\" content=\"pt_BR\" \/>\n<meta property=\"og:type\" content=\"article\" \/>\n<meta property=\"og:title\" content=\"Concurso Advogado CASAN SC: Instituto AOCP \u00e9 a banca!\" \/>\n<meta property=\"og:description\" content=\"Novo Concurso CASAN SC ter\u00e1 oportunidades para o cargo de Advogado. Com banca definida, edital sair\u00e1 em breve. Confira!\" \/>\n<meta property=\"og:url\" content=\"https:\/\/cj.estrategia.com\/portal\/concurso-advogado-casan-sc\/\" \/>\n<meta property=\"og:site_name\" content=\"Blog - Carreiras Jur\u00eddicas - Estrat\u00e9gia\" \/>\n<meta property=\"article:publisher\" content=\"https:\/\/www.facebook.com\/estrategiacarreirajuridica\/\" \/>\n<meta property=\"article:published_time\" content=\"2026-08-12T12:16:19+00:00\" \/>\n<meta property=\"article:modified_time\" content=\"2026-08-12T12:16:23+00:00\" \/>\n<meta property=\"og:image\" content=\"https:\/\/cj.estrategia.com\/portal\/wp-content\/uploads\/2026\/03\/27144711\/cj-estrategia-concursos-advogados-carreiras-juridicas-ecj.jpg\" \/>\n\t<meta property=\"og:image:width\" content=\"960\" \/>\n\t<meta property=\"og:image:height\" content=\"540\" \/>\n\t<meta property=\"og:image:type\" content=\"image\/jpeg\" \/>\n<meta name=\"author\" content=\"Bruna de Andrade Fran\u00e7a\" \/>\n<meta name=\"twitter:card\" content=\"summary_large_image\" \/>\n<meta name=\"twitter:creator\" content=\"@EstratJuridica\" \/>\n<meta name=\"twitter:site\" content=\"@EstratJuridica\" \/>\n<meta name=\"twitter:label1\" content=\"Escrito por\" \/>\n\t<meta name=\"twitter:data1\" content=\"Bruna de Andrade Fran\u00e7a\" \/>\n\t<meta name=\"twitter:label2\" content=\"Est. tempo de leitura\" \/>\n\t<meta name=\"twitter:data2\" content=\"6 minutos\" \/>\n<script type=\"application\/ld+json\" class=\"yoast-schema-graph\">{\"@context\":\"https:\\\/\\\/schema.org\",\"@graph\":[{\"@type\":\"NewsArticle\",\"@id\":\"https:\\\/\\\/cj.estrategia.com\\\/portal\\\/concurso-advogado-casan-sc\\\/#article\",\"isPartOf\":{\"@id\":\"https:\\\/\\\/cj.estrategia.com\\\/portal\\\/concurso-advogado-casan-sc\\\/\"},\"author\":{\"name\":\"Bruna de Andrade Fran\u00e7a\",\"@id\":\"https:\\\/\\\/cj.estrategia.com\\\/portal\\\/#\\\/schema\\\/person\\\/1ef7dfede328b25e1998f27de576690b\"},\"headline\":\"Concurso Advogado CASAN SC: Instituto AOCP \u00e9 a banca!\",\"datePublished\":\"2026-08-12T12:16:19+00:00\",\"dateModified\":\"2026-08-12T12:16:23+00:00\",\"mainEntityOfPage\":{\"@id\":\"https:\\\/\\\/cj.estrategia.com\\\/portal\\\/concurso-advogado-casan-sc\\\/\"},\"wordCount\":930,\"commentCount\":0,\"publisher\":{\"@id\":\"https:\\\/\\\/cj.estrategia.com\\\/portal\\\/#organization\"},\"image\":{\"@id\":\"https:\\\/\\\/cj.estrategia.com\\\/portal\\\/concurso-advogado-casan-sc\\\/#primaryimage\"},\"thumbnailUrl\":\"https:\\\/\\\/cdn-blog-cj.estrategia.com\\\/portal\\\/wp-content\\\/uploads\\\/2026\\\/03\\\/27144711\\\/cj-estrategia-concursos-advogados-carreiras-juridicas-ecj.jpg\",\"articleSection\":[\"Carreiras Jur\u00eddicas\"],\"inLanguage\":\"pt-BR\",\"potentialAction\":[{\"@type\":\"CommentAction\",\"name\":\"Comment\",\"target\":[\"https:\\\/\\\/cj.estrategia.com\\\/portal\\\/concurso-advogado-casan-sc\\\/#respond\"]}],\"accessibilityFeature\":[\"tableOfContents\"]},{\"@type\":\"WebPage\",\"@id\":\"https:\\\/\\\/cj.estrategia.com\\\/portal\\\/concurso-advogado-casan-sc\\\/\",\"url\":\"https:\\\/\\\/cj.estrategia.com\\\/portal\\\/concurso-advogado-casan-sc\\\/\",\"name\":\"Concurso Advogado CASAN SC: Instituto AOCP \u00e9 a banca!\",\"isPartOf\":{\"@id\":\"https:\\\/\\\/cj.estrategia.com\\\/portal\\\/#website\"},\"primaryImageOfPage\":{\"@id\":\"https:\\\/\\\/cj.estrategia.com\\\/portal\\\/concurso-advogado-casan-sc\\\/#primaryimage\"},\"image\":{\"@id\":\"https:\\\/\\\/cj.estrategia.com\\\/portal\\\/concurso-advogado-casan-sc\\\/#primaryimage\"},\"thumbnailUrl\":\"https:\\\/\\\/cdn-blog-cj.estrategia.com\\\/portal\\\/wp-content\\\/uploads\\\/2026\\\/03\\\/27144711\\\/cj-estrategia-concursos-advogados-carreiras-juridicas-ecj.jpg\",\"datePublished\":\"2026-08-12T12:16:19+00:00\",\"dateModified\":\"2026-08-12T12:16:23+00:00\",\"description\":\"Novo Concurso CASAN SC ter\u00e1 oportunidades para o cargo de Advogado. Com banca definida, edital sair\u00e1 em breve. Confira!\",\"breadcrumb\":{\"@id\":\"https:\\\/\\\/cj.estrategia.com\\\/portal\\\/concurso-advogado-casan-sc\\\/#breadcrumb\"},\"inLanguage\":\"pt-BR\",\"potentialAction\":[{\"@type\":\"ReadAction\",\"target\":[\"https:\\\/\\\/cj.estrategia.com\\\/portal\\\/concurso-advogado-casan-sc\\\/\"]}]},{\"@type\":\"ImageObject\",\"inLanguage\":\"pt-BR\",\"@id\":\"https:\\\/\\\/cj.estrategia.com\\\/portal\\\/concurso-advogado-casan-sc\\\/#primaryimage\",\"url\":\"https:\\\/\\\/cdn-blog-cj.estrategia.com\\\/portal\\\/wp-content\\\/uploads\\\/2026\\\/03\\\/27144711\\\/cj-estrategia-concursos-advogados-carreiras-juridicas-ecj.jpg\",\"contentUrl\":\"https:\\\/\\\/cdn-blog-cj.estrategia.com\\\/portal\\\/wp-content\\\/uploads\\\/2026\\\/03\\\/27144711\\\/cj-estrategia-concursos-advogados-carreiras-juridicas-ecj.jpg\",\"width\":960,\"height\":540,\"caption\":\"Concursos Advogados\"},{\"@type\":\"BreadcrumbList\",\"@id\":\"https:\\\/\\\/cj.estrategia.com\\\/portal\\\/concurso-advogado-casan-sc\\\/#breadcrumb\",\"itemListElement\":[{\"@type\":\"ListItem\",\"position\":1,\"name\":\"In\u00edcio\",\"item\":\"https:\\\/\\\/cj.estrategia.com\\\/portal\\\/\"},{\"@type\":\"ListItem\",\"position\":2,\"name\":\"Concurso Advogado CASAN SC: Instituto AOCP \u00e9 a banca!\"}]},{\"@type\":\"WebSite\",\"@id\":\"https:\\\/\\\/cj.estrategia.com\\\/portal\\\/#website\",\"url\":\"https:\\\/\\\/cj.estrategia.com\\\/portal\\\/\",\"name\":\"Blog - Carreiras Jur\u00eddicas - Estrat\u00e9gia\",\"description\":\"\",\"publisher\":{\"@id\":\"https:\\\/\\\/cj.estrategia.com\\\/portal\\\/#organization\"},\"potentialAction\":[{\"@type\":\"SearchAction\",\"target\":{\"@type\":\"EntryPoint\",\"urlTemplate\":\"https:\\\/\\\/cj.estrategia.com\\\/portal\\\/?s={search_term_string}\"},\"query-input\":{\"@type\":\"PropertyValueSpecification\",\"valueRequired\":true,\"valueName\":\"search_term_string\"}}],\"inLanguage\":\"pt-BR\"},{\"@type\":\"Organization\",\"@id\":\"https:\\\/\\\/cj.estrategia.com\\\/portal\\\/#organization\",\"name\":\"Estrat\u00e9gia - Carreiras Jur\u00eddicas\",\"url\":\"https:\\\/\\\/cj.estrategia.com\\\/portal\\\/\",\"logo\":{\"@type\":\"ImageObject\",\"inLanguage\":\"pt-BR\",\"@id\":\"https:\\\/\\\/cj.estrategia.com\\\/portal\\\/#\\\/schema\\\/logo\\\/image\\\/\",\"url\":\"https:\\\/\\\/cj.estrategia.com\\\/portal\\\/wp-content\\\/uploads\\\/2022\\\/03\\\/11151052\\\/cj-logo.png\",\"contentUrl\":\"https:\\\/\\\/cj.estrategia.com\\\/portal\\\/wp-content\\\/uploads\\\/2022\\\/03\\\/11151052\\\/cj-logo.png\",\"width\":150,\"height\":39,\"caption\":\"Estrat\u00e9gia - Carreiras Jur\u00eddicas\"},\"image\":{\"@id\":\"https:\\\/\\\/cj.estrategia.com\\\/portal\\\/#\\\/schema\\\/logo\\\/image\\\/\"},\"sameAs\":[\"https:\\\/\\\/www.facebook.com\\\/estrategiacarreirajuridica\\\/\",\"https:\\\/\\\/x.com\\\/EstratJuridica\",\"https:\\\/\\\/www.instagram.com\\\/estrategiacarreirajuridica\\\/\",\"https:\\\/\\\/www.youtube.com\\\/channel\\\/UClbMGuYbj2Mh1m3w144ETWQ\"]},{\"@type\":\"Person\",\"@id\":\"https:\\\/\\\/cj.estrategia.com\\\/portal\\\/#\\\/schema\\\/person\\\/1ef7dfede328b25e1998f27de576690b\",\"name\":\"Bruna de Andrade Fran\u00e7a\",\"image\":{\"@type\":\"ImageObject\",\"inLanguage\":\"pt-BR\",\"@id\":\"https:\\\/\\\/cdn-blog-cj.estrategia.com\\\/portal\\\/wp-content\\\/uploads\\\/2026\\\/07\\\/06111339\\\/WhatsApp-Image-2026-08-06-at-11.07.51-96x96.jpeg\",\"url\":\"https:\\\/\\\/cdn-blog-cj.estrategia.com\\\/portal\\\/wp-content\\\/uploads\\\/2026\\\/07\\\/06111339\\\/WhatsApp-Image-2026-08-06-at-11.07.51-96x96.jpeg\",\"contentUrl\":\"https:\\\/\\\/cdn-blog-cj.estrategia.com\\\/portal\\\/wp-content\\\/uploads\\\/2026\\\/07\\\/06111339\\\/WhatsApp-Image-2026-08-06-at-11.07.51-96x96.jpeg\",\"caption\":\"Bruna de Andrade Fran\u00e7a\"},\"description\":\"Bruna de Andrade Fran\u00e7a \u00e9 publicit\u00e1ria, p\u00f3s-graduada em Marketing &amp; Growth, e atua h\u00e1 mais de sete anos no mercado de concursos p\u00fablicos. Atualmente, \u00e9 coordenadora do jornalismo de Carreira Jur\u00eddica e OAB no Estrat\u00e9gia Concursos, liderando a cobertura editorial das principais sele\u00e7\u00f5es do pa\u00eds. Especialista em reda\u00e7\u00e3o, SEO e Copywriting, acumula ampla experi\u00eancia na produ\u00e7\u00e3o e gest\u00e3o de conte\u00fado jornal\u00edstico. Ao longo de sua trajet\u00f3ria, tamb\u00e9m esteve \u00e0 frente da cobertura de concursos policiais, banc\u00e1rios, \u00e1rea legislativa e sa\u00fade.\",\"url\":\"https:\\\/\\\/cj.estrategia.com\\\/portal\\\/author\\\/bruna-andrade\\\/\"}]}<\/script>\n<!-- \/ Yoast SEO Premium plugin. -->","yoast_head_json":{"title":"Concurso Advogado CASAN SC: Instituto AOCP \u00e9 a banca!","description":"Novo Concurso CASAN SC ter\u00e1 oportunidades para o cargo de Advogado. Com banca definida, edital sair\u00e1 em breve. Confira!","robots":{"index":"index","follow":"follow","max-snippet":"max-snippet:-1","max-image-preview":"max-image-preview:large","max-video-preview":"max-video-preview:-1"},"canonical":"https:\/\/cj.estrategia.com\/portal\/concurso-advogado-casan-sc\/","og_locale":"pt_BR","og_type":"article","og_title":"Concurso Advogado CASAN SC: Instituto AOCP \u00e9 a banca!","og_description":"Novo Concurso CASAN SC ter\u00e1 oportunidades para o cargo de Advogado. Com banca definida, edital sair\u00e1 em breve. Confira!","og_url":"https:\/\/cj.estrategia.com\/portal\/concurso-advogado-casan-sc\/","og_site_name":"Blog - Carreiras Jur\u00eddicas - Estrat\u00e9gia","article_publisher":"https:\/\/www.facebook.com\/estrategiacarreirajuridica\/","article_published_time":"2026-08-12T12:16:19+00:00","article_modified_time":"2026-08-12T12:16:23+00:00","og_image":[{"width":960,"height":540,"url":"https:\/\/cj.estrategia.com\/portal\/wp-content\/uploads\/2026\/03\/27144711\/cj-estrategia-concursos-advogados-carreiras-juridicas-ecj.jpg","type":"image\/jpeg"}],"author":"Bruna de Andrade Fran\u00e7a","twitter_card":"summary_large_image","twitter_creator":"@EstratJuridica","twitter_site":"@EstratJuridica","twitter_misc":{"Escrito por":"Bruna de Andrade Fran\u00e7a","Est. tempo de leitura":"6 minutos"},"schema":{"@context":"https:\/\/schema.org","@graph":[{"@type":"NewsArticle","@id":"https:\/\/cj.estrategia.com\/portal\/concurso-advogado-casan-sc\/#article","isPartOf":{"@id":"https:\/\/cj.estrategia.com\/portal\/concurso-advogado-casan-sc\/"},"author":{"name":"Bruna de Andrade Fran\u00e7a","@id":"https:\/\/cj.estrategia.com\/portal\/#\/schema\/person\/1ef7dfede328b25e1998f27de576690b"},"headline":"Concurso Advogado CASAN SC: Instituto AOCP \u00e9 a banca!","datePublished":"2026-08-12T12:16:19+00:00","dateModified":"2026-08-12T12:16:23+00:00","mainEntityOfPage":{"@id":"https:\/\/cj.estrategia.com\/portal\/concurso-advogado-casan-sc\/"},"wordCount":930,"commentCount":0,"publisher":{"@id":"https:\/\/cj.estrategia.com\/portal\/#organization"},"image":{"@id":"https:\/\/cj.estrategia.com\/portal\/concurso-advogado-casan-sc\/#primaryimage"},"thumbnailUrl":"https:\/\/cdn-blog-cj.estrategia.com\/portal\/wp-content\/uploads\/2026\/03\/27144711\/cj-estrategia-concursos-advogados-carreiras-juridicas-ecj.jpg","articleSection":["Carreiras Jur\u00eddicas"],"inLanguage":"pt-BR","potentialAction":[{"@type":"CommentAction","name":"Comment","target":["https:\/\/cj.estrategia.com\/portal\/concurso-advogado-casan-sc\/#respond"]}],"accessibilityFeature":["tableOfContents"]},{"@type":"WebPage","@id":"https:\/\/cj.estrategia.com\/portal\/concurso-advogado-casan-sc\/","url":"https:\/\/cj.estrategia.com\/portal\/concurso-advogado-casan-sc\/","name":"Concurso Advogado CASAN SC: Instituto AOCP \u00e9 a banca!","isPartOf":{"@id":"https:\/\/cj.estrategia.com\/portal\/#website"},"primaryImageOfPage":{"@id":"https:\/\/cj.estrategia.com\/portal\/concurso-advogado-casan-sc\/#primaryimage"},"image":{"@id":"https:\/\/cj.estrategia.com\/portal\/concurso-advogado-casan-sc\/#primaryimage"},"thumbnailUrl":"https:\/\/cdn-blog-cj.estrategia.com\/portal\/wp-content\/uploads\/2026\/03\/27144711\/cj-estrategia-concursos-advogados-carreiras-juridicas-ecj.jpg","datePublished":"2026-08-12T12:16:19+00:00","dateModified":"2026-08-12T12:16:23+00:00","description":"Novo Concurso CASAN SC ter\u00e1 oportunidades para o cargo de Advogado. Com banca definida, edital sair\u00e1 em breve. Confira!","breadcrumb":{"@id":"https:\/\/cj.estrategia.com\/portal\/concurso-advogado-casan-sc\/#breadcrumb"},"inLanguage":"pt-BR","potentialAction":[{"@type":"ReadAction","target":["https:\/\/cj.estrategia.com\/portal\/concurso-advogado-casan-sc\/"]}]},{"@type":"ImageObject","inLanguage":"pt-BR","@id":"https:\/\/cj.estrategia.com\/portal\/concurso-advogado-casan-sc\/#primaryimage","url":"https:\/\/cdn-blog-cj.estrategia.com\/portal\/wp-content\/uploads\/2026\/03\/27144711\/cj-estrategia-concursos-advogados-carreiras-juridicas-ecj.jpg","contentUrl":"https:\/\/cdn-blog-cj.estrategia.com\/portal\/wp-content\/uploads\/2026\/03\/27144711\/cj-estrategia-concursos-advogados-carreiras-juridicas-ecj.jpg","width":960,"height":540,"caption":"Concursos Advogados"},{"@type":"BreadcrumbList","@id":"https:\/\/cj.estrategia.com\/portal\/concurso-advogado-casan-sc\/#breadcrumb","itemListElement":[{"@type":"ListItem","position":1,"name":"In\u00edcio","item":"https:\/\/cj.estrategia.com\/portal\/"},{"@type":"ListItem","position":2,"name":"Concurso Advogado CASAN SC: Instituto AOCP \u00e9 a banca!"}]},{"@type":"WebSite","@id":"https:\/\/cj.estrategia.com\/portal\/#website","url":"https:\/\/cj.estrategia.com\/portal\/","name":"Blog - Carreiras Jur\u00eddicas - Estrat\u00e9gia","description":"","publisher":{"@id":"https:\/\/cj.estrategia.com\/portal\/#organization"},"potentialAction":[{"@type":"SearchAction","target":{"@type":"EntryPoint","urlTemplate":"https:\/\/cj.estrategia.com\/portal\/?s={search_term_string}"},"query-input":{"@type":"PropertyValueSpecification","valueRequired":true,"valueName":"search_term_string"}}],"inLanguage":"pt-BR"},{"@type":"Organization","@id":"https:\/\/cj.estrategia.com\/portal\/#organization","name":"Estrat\u00e9gia - Carreiras Jur\u00eddicas","url":"https:\/\/cj.estrategia.com\/portal\/","logo":{"@type":"ImageObject","inLanguage":"pt-BR","@id":"https:\/\/cj.estrategia.com\/portal\/#\/schema\/logo\/image\/","url":"https:\/\/cj.estrategia.com\/portal\/wp-content\/uploads\/2022\/03\/11151052\/cj-logo.png","contentUrl":"https:\/\/cj.estrategia.com\/portal\/wp-content\/uploads\/2022\/03\/11151052\/cj-logo.png","width":150,"height":39,"caption":"Estrat\u00e9gia - Carreiras Jur\u00eddicas"},"image":{"@id":"https:\/\/cj.estrategia.com\/portal\/#\/schema\/logo\/image\/"},"sameAs":["https:\/\/www.facebook.com\/estrategiacarreirajuridica\/","https:\/\/x.com\/EstratJuridica","https:\/\/www.instagram.com\/estrategiacarreirajuridica\/","https:\/\/www.youtube.com\/channel\/UClbMGuYbj2Mh1m3w144ETWQ"]},{"@type":"Person","@id":"https:\/\/cj.estrategia.com\/portal\/#\/schema\/person\/1ef7dfede328b25e1998f27de576690b","name":"Bruna de Andrade Fran\u00e7a","image":{"@type":"ImageObject","inLanguage":"pt-BR","@id":"https:\/\/cdn-blog-cj.estrategia.com\/portal\/wp-content\/uploads\/2026\/07\/06111339\/WhatsApp-Image-2026-08-06-at-11.07.51-96x96.jpeg","url":"https:\/\/cdn-blog-cj.estrategia.com\/portal\/wp-content\/uploads\/2026\/07\/06111339\/WhatsApp-Image-2026-08-06-at-11.07.51-96x96.jpeg","contentUrl":"https:\/\/cdn-blog-cj.estrategia.com\/portal\/wp-content\/uploads\/2026\/07\/06111339\/WhatsApp-Image-2026-08-06-at-11.07.51-96x96.jpeg","caption":"Bruna de Andrade Fran\u00e7a"},"description":"Bruna de Andrade Fran\u00e7a \u00e9 publicit\u00e1ria, p\u00f3s-graduada em Marketing &amp; Growth, e atua h\u00e1 mais de sete anos no mercado de concursos p\u00fablicos. Atualmente, \u00e9 coordenadora do jornalismo de Carreira Jur\u00eddica e OAB no Estrat\u00e9gia Concursos, liderando a cobertura editorial das principais sele\u00e7\u00f5es do pa\u00eds. Especialista em reda\u00e7\u00e3o, SEO e Copywriting, acumula ampla experi\u00eancia na produ\u00e7\u00e3o e gest\u00e3o de conte\u00fado jornal\u00edstico. Ao longo de sua trajet\u00f3ria, tamb\u00e9m esteve \u00e0 frente da cobertura de concursos policiais, banc\u00e1rios, \u00e1rea legislativa e sa\u00fade.","url":"https:\/\/cj.estrategia.com\/portal\/author\/bruna-andrade\/"}]}},"jetpack_sharing_enabled":true,"jetpack_featured_media_url":"https:\/\/cdn-blog-cj.estrategia.com\/portal\/wp-content\/uploads\/2026\/03\/27144711\/cj-estrategia-concursos-advogados-carreiras-juridicas-ecj.jpg","_links":{"self":[{"href":"https:\/\/cj.estrategia.com\/portal\/wp-json\/wp\/v2\/posts\/194910","targetHints":{"allow":["GET"]}}],"collection":[{"href":"https:\/\/cj.estrategia.com\/portal\/wp-json\/wp\/v2\/posts"}],"about":[{"href":"https:\/\/cj.estrategia.com\/portal\/wp-json\/wp\/v2\/types\/post"}],"author":[{"embeddable":true,"href":"https:\/\/cj.estrategia.com\/portal\/wp-json\/wp\/v2\/users\/7"}],"replies":[{"embeddable":true,"href":"https:\/\/cj.estrategia.com\/portal\/wp-json\/wp\/v2\/comments?post=194910"}],"version-history":[{"count":1,"href":"https:\/\/cj.estrategia.com\/portal\/wp-json\/wp\/v2\/posts\/194910\/revisions"}],"predecessor-version":[{"id":194913,"href":"https:\/\/cj.estrategia.com\/portal\/wp-json\/wp\/v2\/posts\/194910\/revisions\/194913"}],"wp:attachment":[{"href":"https:\/\/cj.estrategia.com\/portal\/wp-json\/wp\/v2\/media?parent=194910"}],"wp:term":[{"taxonomy":"category","embeddable":true,"href":"https:\/\/cj.estrategia.com\/portal\/wp-json\/wp\/v2\/categories?post=194910"},{"taxonomy":"post_tag","embeddable":true,"href":"https:\/\/cj.estrategia.com\/portal\/wp-json\/wp\/v2\/tags?post=194910"},{"taxonomy":"tax_estado","embeddable":true,"href":"https:\/\/cj.estrategia.com\/portal\/wp-json\/wp\/v2\/tax_estado?post=194910"}],"curies":[{"name":"wp","href":"https:\/\/api.w.org\/{rel}","templated":true}]}}