{"id":194261,"date":"2026-09-02T08:24:00","date_gmt":"2026-09-02T11:24:00","guid":{"rendered":"https:\/\/cj.estrategia.com\/portal\/?p=194261"},"modified":"2026-08-04T21:09:59","modified_gmt":"2026-08-05T00:09:59","slug":"aposentadoria-especial-motoristas-penosidade","status":"publish","type":"post","link":"https:\/\/cj.estrategia.com\/portal\/aposentadoria-especial-motoristas-penosidade\/","title":{"rendered":"Aposentadoria especial de motoristas por penosidade"},"content":{"rendered":"\n<p class=\"wp-block-paragraph\">Ol\u00e1, tudo bem? Hoje falaremos sobre a possibilidade do reconhecimento da especialidade da atividade de motorista\/cobrador de \u00f4nibus ou de motorista de caminh\u00e3o, por penosidade, ap\u00f3s o advento da Lei n. 9.032\/1995.<\/p>\n\n\n\n<p class=\"wp-block-paragraph\">Mais especificamente, veremos o que o Superior Tribunal de Justi\u00e7a (STJ) decidiu recentemente no julgamento do <a href=\"https:\/\/processo.stj.jus.br\/repetitivos\/temas_repetitivos\/pesquisa.jsp?novaConsulta=true&amp;tipo_pesquisa=T&amp;cod_tema_inicial=1307&amp;cod_tema_final=1307\" target=\"_blank\" >Tema Repetitivo n.\u00ba 1.307<\/a>.<\/p>\n\n\n\n<p class=\"wp-block-paragraph\">Vamos ao que interessa!<\/p>\n\n\n<div class=\"wp-block-image\">\n<figure class=\"aligncenter size-large\"><img decoding=\"async\" width=\"683\" height=\"1024\" src=\"https:\/\/cj.estrategia.com\/portal\/wp-content\/uploads\/2026\/07\/24213034\/medium-shot-man-driving-truck-683x1024.jpg\" alt=\"Aposentadoria especial de motoristas por penosidade\" class=\"wp-image-194262\" srcset=\"https:\/\/cdn-blog-cj.estrategia.com\/portal\/wp-content\/uploads\/2026\/07\/24213034\/medium-shot-man-driving-truck-683x1024.jpg 683w, https:\/\/cdn-blog-cj.estrategia.com\/portal\/wp-content\/uploads\/2026\/07\/24213034\/medium-shot-man-driving-truck-200x300.jpg 200w, https:\/\/cdn-blog-cj.estrategia.com\/portal\/wp-content\/uploads\/2026\/07\/24213034\/medium-shot-man-driving-truck-768x1152.jpg 768w, https:\/\/cdn-blog-cj.estrategia.com\/portal\/wp-content\/uploads\/2026\/07\/24213034\/medium-shot-man-driving-truck-1024x1536.jpg 1024w, https:\/\/cdn-blog-cj.estrategia.com\/portal\/wp-content\/uploads\/2026\/07\/24213034\/medium-shot-man-driving-truck-1365x2048.jpg 1365w, https:\/\/cdn-blog-cj.estrategia.com\/portal\/wp-content\/uploads\/2026\/07\/24213034\/medium-shot-man-driving-truck-380x570.jpg 380w, https:\/\/cdn-blog-cj.estrategia.com\/portal\/wp-content\/uploads\/2026\/07\/24213034\/medium-shot-man-driving-truck-800x1200.jpg 800w, https:\/\/cdn-blog-cj.estrategia.com\/portal\/wp-content\/uploads\/2026\/07\/24213034\/medium-shot-man-driving-truck-1160x1740.jpg 1160w, https:\/\/cdn-blog-cj.estrategia.com\/portal\/wp-content\/uploads\/2026\/07\/24213034\/medium-shot-man-driving-truck-150x225.jpg 150w, https:\/\/cdn-blog-cj.estrategia.com\/portal\/wp-content\/uploads\/2026\/07\/24213034\/medium-shot-man-driving-truck.jpg 3584w\" sizes=\"(max-width: 683px) 100vw, 683px\" \/><figcaption class=\"wp-element-caption\">Aposentadoria especial de motoristas por penosidade<\/figcaption><\/figure>\n<\/div>\n\n\n<div class=\"wp-block-yoast-seo-table-of-contents yoast-table-of-contents\"><h2 id=\"tabela-de-conteudos\">Tabela de conte\u00fados<\/h2><ul><li><a href=\"#h-aposentadoria-especial-de-motoristas-por-penosidade\" data-level=\"2\">Aposentadoria especial de motoristas por penosidade<\/a><ul><li><a href=\"#h-da-aposentadoria-especial\" data-level=\"3\">Da aposentadoria especial<\/a><\/li><li><a href=\"#h-marcos-legislativos-das-categorias-profissionais\" data-level=\"3\">Marcos legislativos das categorias profissionais<\/a><\/li><li><a href=\"#h-tema-repetitivo-n-\u00ba-1-307-do-stj\" data-level=\"3\">Tema Repetitivo n.\u00ba 1.307 do STJ<\/a><ul><li><a href=\"#h-controversia-sob-julgamento\" data-level=\"4\">Controv\u00e9rsia sob julgamento<\/a><\/li><li><a href=\"#h-tese-fixada-e-razoes-de-decidir\" data-level=\"4\">Tese fixada e raz\u00f5es de decidir<\/a><\/li><\/ul><\/li><li><a href=\"#h-consideracoes-finais\" data-level=\"3\">Considera\u00e7\u00f5es finais<\/a><\/li><\/ul><\/li><li><a href=\"#h-quer-estudar-para-concursos-juridicos-em-2026\" data-level=\"2\">Quer estudar para Concursos Jur\u00eddicos em 2026?<\/a><\/li><\/ul><\/div>\n\n\n\n<h2 id=\"h-aposentadoria-especial-de-motoristas-por-penosidade\" class=\"wp-block-heading\"><span id=\"aposentadoria-especial-de-motoristas-por-penosidade\">Aposentadoria especial de motoristas por penosidade<\/span><\/h2>\n\n\n\n<h3 id=\"h-da-aposentadoria-especial\" class=\"wp-block-heading\"><span id=\"da-aposentadoria-especial\">Da aposentadoria especial<\/span><\/h3>\n\n\n\n<p class=\"wp-block-paragraph\">A aposentadoria especial \u00e9 um benef\u00edcio previdenci\u00e1rio que consta na pr\u00f3pria Constitui\u00e7\u00e3o Federal de 1988 (CF\/88), a qual o prev\u00ea tanto para os segurados do Regime Geral da Previd\u00eancia Social (RGPS) quanto para os segurados dos Regimes Pr\u00f3prios de Previd\u00eancia Social (RPPS).<\/p>\n\n\n\n<p class=\"wp-block-paragraph\">Por sua vez, os motoristas possuem v\u00ednculo majoritariamente celetista e integram em sua maioria o RGPS, raz\u00e3o pela qual as regras de aposentadoria a eles pertinentes encontram-se no artigo 201 da CF.<\/p>\n\n\n\n<p class=\"wp-block-paragraph\">Esse dispositivo constitucional, em seu \u00a7 1\u00ba, pro\u00edbe, como regra, a ado\u00e7\u00e3o de requisitos ou crit\u00e9rios diferenciados para concess\u00e3o de benef\u00edcios.&nbsp;<\/p>\n\n\n\n<p class=\"wp-block-paragraph\">Entretanto, tamb\u00e9m especifica <strong>casos em que poder\u00e1 haver<\/strong>, nos termos de lei complementar, a previs\u00e3o de <strong>idade e tempo de contribui\u00e7\u00e3o distintos da regra geral<\/strong> para concess\u00e3o de aposentadoria exclusivamente em favor de alguns segurados:<\/p>\n\n\n\n<div class=\"wp-block-group has-background\" style=\"background-color:#8dd2fc1a\"><div class=\"wp-block-group__inner-container is-layout-constrained wp-block-group-is-layout-constrained\">\n<p class=\"wp-block-paragraph\">I &#8211; com defici\u00eancia, previamente submetidos a avalia\u00e7\u00e3o biopsicossocial realizada por equipe multiprofissional e interdisciplinar;&nbsp;&nbsp;<\/p>\n\n\n\n<p class=\"wp-block-paragraph\">II &#8211; cujas atividades sejam exercidas com efetiva exposi\u00e7\u00e3o a agentes qu\u00edmicos, f\u00edsicos e biol\u00f3gicos prejudiciais \u00e0 sa\u00fade, ou associa\u00e7\u00e3o desses agentes, vedada a caracteriza\u00e7\u00e3o por categoria profissional ou ocupa\u00e7\u00e3o.<\/p>\n<\/div><\/div>\n\n\n\n<p class=\"wp-block-paragraph\">J\u00e1 em \u00e2mbito infraconstitucional, a previs\u00e3o da aposentadoria especial ficou por conta da Lei n.\u00ba 8.213\/1991 (Lei de Benef\u00edcios da Previd\u00eancia Social &#8211; LBPS).&nbsp;<\/p>\n\n\n\n<p class=\"wp-block-paragraph\">A LBPS prev\u00ea, em seu artigo 57, que a aposentadoria especial ser\u00e1 devida, uma vez cumprida a car\u00eancia exigida nesta Lei, ao segurado que tiver trabalhado sujeito a condi\u00e7\u00f5es especiais que prejudiquem a sa\u00fade ou a integridade f\u00edsica, durante 15 (quinze), 20 (vinte) ou 25 (vinte e cinco) anos, conforme dispuser a lei.&nbsp;<\/p>\n\n\n\n<p class=\"wp-block-paragraph\">Na pr\u00e1tica, muitos profissionais acreditam possuir direito \u00e0 aposentadoria especial, uma vez que entendem que sua atividade laboral foi exercida com preju\u00edzo de sua sa\u00fade ou integridade f\u00edsica. Entretanto, n\u00e3o \u00e9 sempre que os Tribunais p\u00e1trios t\u00eam reconhecido o direito \u00e0 aposentadoria especial.<\/p>\n\n\n\n<h3 id=\"h-marcos-legislativos-das-categorias-profissionais\" class=\"wp-block-heading\"><span id=\"marcos-legislativos-das-categorias-profissionais\">Marcos legislativos das categorias profissionais<\/span><\/h3>\n\n\n\n<p class=\"wp-block-paragraph\">A LBPS, em sua reda\u00e7\u00e3o original de 1991, juntamente com outros normativos, previam as chamadas \u201ccategorias profissionais\u201d. Por exemplo, havia as categorias profissionais dos motoristas, eletricistas, m\u00e9dicos, enfermeiros, vigilantes, metal\u00fargicos, bombeiros, etc.<\/p>\n\n\n\n<p class=\"wp-block-paragraph\">Na pr\u00e1tica, essas categorias, que constavam dos Decretos n. 53.831\/1964, 89.312\/1984 e 83.080\/1979, tinham suas atividades enquadradas como de atividade especial, uma vez que havia uma presun\u00e7\u00e3o de que se sujeitam a agentes nocivos \u00e0 sa\u00fade, seja de ordem biol\u00f3gica ou qu\u00edmica, seja de ordem f\u00edsica.<\/p>\n\n\n\n<p class=\"wp-block-paragraph\">A exist\u00eancia dessas categorias, no entanto, n\u00e3o durou tanto. A partir de 28\/04\/1995, com a publica\u00e7\u00e3o da Lei n.\u00ba 9.032\/1995, a qual acabou com o reconhecimento autom\u00e1tico de tempo especial por categoria profissional.&nbsp;<\/p>\n\n\n\n<p class=\"wp-block-paragraph\">Portanto, se antes bastava exercer uma profiss\u00e3o (categoria profissional) listada em decretos para se ter direito \u00e0 aposentadoria especial, a partir da Lei n.\u00ba 9.032\/1995 esse cen\u00e1rio acabou.<\/p>\n\n\n\n<p class=\"wp-block-paragraph\">Ap\u00f3s isso, muitas outras mudan\u00e7as foram sendo feitas na legisla\u00e7\u00e3o previdenci\u00e1ria, de modo que h\u00e1 diversas discuss\u00f5es em ju\u00edzo sobre a tem\u00e1tica, como veremos agora.&nbsp;<\/p>\n\n\n\n<h3 id=\"h-tema-repetitivo-n-\u00ba-1-307-do-stj\" class=\"wp-block-heading\"><span id=\"tema-repetitivo-n-o-1-307-do-stj\">Tema Repetitivo n.\u00ba 1.307 do STJ<\/span><\/h3>\n\n\n\n<h4 id=\"h-controversia-sob-julgamento\" class=\"wp-block-heading\"><span id=\"controversia-sob-julgamento\">Controv\u00e9rsia sob julgamento<\/span><\/h4>\n\n\n\n<p class=\"wp-block-paragraph\">A quest\u00e3o submetida a julgamento sob o rito dos recursos repetitivos foi a seguinte: <em>&#8220;Definir se h\u00e1 possibilidade do reconhecimento da especialidade da atividade de motorista\/cobrador de \u00f4nibus ou motorista de caminh\u00e3o, por penosidade, ap\u00f3s o advento da Lei n. 9.032\/1995.&#8221;<\/em>.<\/p>\n\n\n\n<p class=\"wp-block-paragraph\">Portanto, o grande questionamento que se apresentou foi se \u00e9 poss\u00edvel a concess\u00e3o de aposentadoria especial de motorista <strong>por penosidade, <\/strong>considerando o advento da Lei n.\u00ba 9.032\/1995,<strong> uma vez que antes dessa lei a penosidade era presumida<\/strong>.<\/p>\n\n\n\n<h4 id=\"h-tese-fixada-e-razoes-de-decidir\" class=\"wp-block-heading\"><span id=\"tese-fixada-e-razoes-de-decidir\">Tese fixada e raz\u00f5es de decidir<\/span><\/h4>\n\n\n\n<p class=\"wp-block-paragraph\">O STJ fixou a seguinte tese sob o rito dos recursos repetitivos, negando provimento ao recursos afetados que haviam sido interpostos pelo INSS (REsp 2164724\/RS e REsp 2166208\/RS):<\/p>\n\n\n\n<p class=\"wp-block-paragraph\">\u00c9 poss\u00edvel o reconhecimento do car\u00e1ter especial em virtude da penosidade das atividades de motorista\/cobrador de \u00f4nibus ou motorista de caminh\u00e3o exercidas posteriormente \u00e0 Lei n. 9.032\/1995, desde que comprovada, por per\u00edcia t\u00e9cnica individualizada, a exposi\u00e7\u00e3o habitual e permanente a condi\u00e7\u00f5es concretas de desgaste \u00e0 sa\u00fade.<\/p>\n\n\n\n<p class=\"wp-block-paragraph\">Como se v\u00ea, <strong>h\u00e1 possibilidade <\/strong>de se reconhecer o car\u00e1ter especial em virtude da penosidade das atividades de motorista\/cobrador de \u00f4nibus ou motorista de caminh\u00e3o exercidas posteriormente \u00e0 Lei n. 9.032\/1995.<\/p>\n\n\n\n<p class=\"wp-block-paragraph\">Todavia, para isso, <strong>\u00e9 indispens\u00e1vel a per\u00edcia t\u00e9cnica individualizada <\/strong>e a <strong>exposi\u00e7\u00e3o habitual e permanente <\/strong>a condi\u00e7\u00f5es concretas de desgaste \u00e0 sa\u00fade.<\/p>\n\n\n\n<p class=\"wp-block-paragraph\">Portanto, veja que o STJ n\u00e3o determinou o retorno ao antigo regime de enquadramento por categoria profissional, mas apenas destacou ser poss\u00edvel encarar a penosidade como fator de risco \u00e0 integridade f\u00edsica e geradora de tempo de atividade especial, desde que comprovada por prova t\u00e9cnica-pericial.<\/p>\n\n\n\n<p class=\"wp-block-paragraph\">No que se refere \u00e0 penosidade em espec\u00edfico, o STJ destacou ser poss\u00edvel seu reconhecimento para fins de aposentadoria especial com base nos seguintes fundamentos:<\/p>\n\n\n\n<ul class=\"wp-block-list\">\n<li>A penosidade \u00e9 citada na Constitui\u00e7\u00e3o Federal, em seu art. 7\u00ba, XXIII, quando assegura aos trabalhadores o direito a adicional de remunera\u00e7\u00e3o para atividades penosas, insalubres ou perigosas, na forma da lei;<\/li>\n\n\n\n<li>A aus\u00eancia de refer\u00eancia expressa a atividades penosas no regulamento da Previd\u00eancia Social n\u00e3o corresponde \u00e0 exclus\u00e3o da aposentadoria especial fundamentada na penosidade, uma vez que o art. 57 da Lei n. 8.213\/1991 garante o direito ao segurado que exer\u00e7a atividades em condi\u00e7\u00f5es que coloquem em risco sua sa\u00fade ou integridade f\u00edsica;<\/li>\n\n\n\n<li>Em 2024, ao apreciar a ADO 74, o STF reconheceu a mora legislativa na regulamenta\u00e7\u00e3o do art. 7 \u02da, XXIII, da CF\/1988, e fixou um prazo de 18 meses para o Congresso Nacional suprir a omiss\u00e3o, a contar da publica\u00e7\u00e3o da ata do referido julgamento (11\/06\/2024). A decis\u00e3o evidencia a<strong> configura\u00e7\u00e3o de omiss\u00e3o inconstitucional;<\/strong><\/li>\n\n\n\n<li>Enquanto n\u00e3o editada a legisla\u00e7\u00e3o espec\u00edfica, <strong>o reconhecimento do direito ao adicional de penosidade tem ocorrido de forma fragmentada,<\/strong> com trabalhadores sendo obrigados a recorrerem ao Judici\u00e1rio,<\/li>\n\n\n\n<li>O rol de agentes nocivos \u00e9 exemplificativo, como se pode perceber, por exemplo, do julgamento do Tema Repetitivo n.\u00ba 534, em que o STJ decidiu que as listas de agentes e atividades nocivas previstas nos regulamentos s\u00e3o apenas exemplificativas;<\/li>\n\n\n\n<li>H\u00e1 uma &#8220;distor\u00e7\u00e3o sistem\u00e1tica&#8221; pela qual as empresas de transporte j\u00e1 pagam al\u00edquotas majoradas do Seguro de Acidente do Trabalho (SAT) devido ao risco grave da atividade (ou seja, reconhece-se o risco para fins de arrecada\u00e7\u00e3o tribut\u00e1ria); mas, em contrapartida, nega-se para fins de concess\u00e3o de aposentadoria especial de motoristas por penosidade;<\/li>\n\n\n\n<li>O anexo do Decreto n.\u00ba 3.048\/1999 associa o &#8220;ritmo de trabalho penoso&#8221; a transtornos mentais e doen\u00e7as osteomusculares, al\u00e9m de vincular a condu\u00e7\u00e3o de \u00f4nibus e caminh\u00f5es aos agentes &#8220;ru\u00eddo&#8221; e &#8220;vibra\u00e7\u00e3o&#8221;.<\/li>\n\n\n\n<li>Os motoristas profissionais enfrentam riscos e condi\u00e7\u00f5es adversas que justificam o reconhecimento da atividade especial, tais como exposi\u00e7\u00e3o a acidentes, jornadas extenuantes e desgastes f\u00edsico e mental.\u00a0<\/li>\n<\/ul>\n\n\n\n<p class=\"wp-block-paragraph\">Assim, \u00e9 plenamente poss\u00edvel, de acordo com o STJ, que um laudo pericial reconhe\u00e7a, <strong>de acordo com cada caso concreto<\/strong>, a penosidade do trabalho exercido pelo motorista segurado da Previd\u00eancia Social.<\/p>\n\n\n\n<h3 id=\"h-consideracoes-finais\" class=\"wp-block-heading\"><span id=\"consideracoes-finais\">Considera\u00e7\u00f5es finais<\/span><\/h3>\n\n\n\n<p class=\"wp-block-paragraph\">Esse foi um breve resumo sobre a possibilidade do reconhecimento da especialidade da atividade de motorista\/cobrador de \u00f4nibus ou de motorista de caminh\u00e3o, por penosidade, ap\u00f3s o advento da Lei n. 9.032\/1995.<\/p>\n\n\n\n<p class=\"wp-block-paragraph\">Como pudemos ver, \u00e9 poss\u00edvel o reconhecimento do car\u00e1ter especial em virtude da penosidade das atividades de motorista\/cobrador de \u00f4nibus ou motorista de caminh\u00e3o exercidas posteriormente \u00e0 Lei n.\u00ba 9.032\/1995, desde que comprovada, por per\u00edcia t\u00e9cnica individualizada, a exposi\u00e7\u00e3o habitual e permanente a condi\u00e7\u00f5es concretas de desgaste \u00e0 sa\u00fade.<\/p>\n\n\n\n<p class=\"wp-block-paragraph\">N\u00e3o deixe de revisar o tema em seu material de estudo e praticar com diversas quest\u00f5es.<\/p>\n\n\n\n<p class=\"wp-block-paragraph\">At\u00e9 a pr\u00f3xima!<\/p>\n\n\n\n<h2 class=\"wp-block-heading has-text-align-center\" id=\"h-quer-estudar-para-concursos-juridicos-em-2026\"><span id=\"quer-estudar-para-concursos-juridicos-em-2026\"><mark style=\"background-color:rgba(0, 0, 0, 0)\" class=\"has-inline-color has-black-color\">Quer estudar para Concursos Jur\u00eddicos em 2026?<\/mark><\/span><\/h2>\n\n\n\n<p class=\"has-text-align-left wp-block-paragraph\">O Estrat\u00e9gia Carreira Jur\u00eddica \u00e9 campe\u00e3o de aprova\u00e7\u00f5es nos concursos para Carreiras Jur\u00eddicas com um corpo docente qualificado e materiais completos. Conhe\u00e7a nossos cursos e garanta sua aprova\u00e7\u00e3o em Concurso Jur\u00eddicos:<\/p>\n\n\n\n<p class=\"has-text-align-center has-pale-cyan-blue-background-color has-background wp-block-paragraph\"><a href=\"https:\/\/cj.estrategia.com\/portal\/concursos-abertos-carreiras-juridicas\/\">Concursos jur\u00eddicos abertos<\/a><\/p>\n\n\n\n<p class=\"has-text-align-center has-pale-cyan-blue-background-color has-background wp-block-paragraph\"><a href=\"https:\/\/cj.estrategia.com\/portal\/concursos-juridicos-2026\/\" target=\"_blank\" >Concursos jur\u00eddicos 2026<\/a><\/p>\n","protected":false},"excerpt":{"rendered":"Ol\u00e1, tudo bem? Hoje falaremos sobre a possibilidade do reconhecimento da especialidade da atividade de motorista\/cobrador de \u00f4nibus&hellip;\n","protected":false},"author":39,"featured_media":194262,"comment_status":"open","ping_status":"open","sticky":false,"template":"","format":"standard","meta":{"_acf_changed":false,"_jetpack_newsletter_access":"","_jetpack_dont_email_post_to_subs":false,"_jetpack_newsletter_tier_id":0,"_jetpack_memberships_contains_paywalled_content":false,"_jetpack_feature_clip_id":0,"_jetpack_memberships_contains_paid_content":false,"footnotes":"","jetpack_post_was_ever_published":false},"categories":[1],"tags":[],"tax_estado":[30,31,32,33,34,35,36,37,38,39,40,41,42,43,44,45,46,47,48,49,50,51,52,53,54,55,56,57],"class_list":["post-194261","post","type-post","status-publish","format-standard","has-post-thumbnail","category-carreiras-juridicas","tax_estado-ac","tax_estado-al","tax_estado-am","tax_estado-ap","tax_estado-ba","tax_estado-ce","tax_estado-concursos-federais","tax_estado-df","tax_estado-es","tax_estado-go","tax_estado-ma","tax_estado-mg","tax_estado-ms","tax_estado-mt","tax_estado-pa","tax_estado-pb","tax_estado-pe","tax_estado-pi","tax_estado-pr","tax_estado-rj","tax_estado-rn","tax_estado-ro","tax_estado-rr","tax_estado-rs","tax_estado-sc","tax_estado-se","tax_estado-sp","tax_estado-to"],"acf":[],"yoast_head":"<!-- This site is optimized with the Yoast SEO Premium plugin v28.3 (Yoast SEO v28.3) - https:\/\/yoast.com\/product\/yoast-seo-premium-wordpress\/ -->\n<title>Aposentadoria especial de motoristas por penosidade<\/title>\n<meta name=\"description\" content=\"An\u00e1lise sobre o reconhecimento da especialidade da atividade de motorista\/cobrador, por penosidade, ap\u00f3s o advento da Lei n. 9.032\/1995.\" \/>\n<meta name=\"robots\" content=\"index, follow, max-snippet:-1, max-image-preview:large, max-video-preview:-1\" \/>\n<link rel=\"canonical\" href=\"https:\/\/cj.estrategia.com\/portal\/aposentadoria-especial-motoristas-penosidade\/\" \/>\n<meta property=\"og:locale\" content=\"pt_BR\" \/>\n<meta property=\"og:type\" content=\"article\" \/>\n<meta property=\"og:title\" content=\"Aposentadoria especial de motoristas por penosidade\" \/>\n<meta property=\"og:description\" content=\"An\u00e1lise sobre o reconhecimento da especialidade da atividade de motorista\/cobrador, por penosidade, ap\u00f3s o advento da Lei n. 9.032\/1995.\" \/>\n<meta property=\"og:url\" content=\"https:\/\/cj.estrategia.com\/portal\/aposentadoria-especial-motoristas-penosidade\/\" \/>\n<meta property=\"og:site_name\" content=\"Blog - Carreiras Jur\u00eddicas - Estrat\u00e9gia\" \/>\n<meta property=\"article:publisher\" content=\"https:\/\/www.facebook.com\/estrategiacarreirajuridica\/\" \/>\n<meta property=\"article:published_time\" content=\"2026-09-02T11:24:00+00:00\" \/>\n<meta property=\"og:image\" content=\"https:\/\/cdn-blog-cj.estrategia.com\/portal\/wp-content\/uploads\/2026\/07\/24213034\/medium-shot-man-driving-truck-683x1024.jpg\" \/>\n\t<meta property=\"og:image:width\" content=\"683\" \/>\n\t<meta property=\"og:image:height\" content=\"1024\" \/>\n\t<meta property=\"og:image:type\" content=\"image\/jpeg\" \/>\n<meta name=\"author\" content=\"Frederico Tadeu Borlot Peixoto\" \/>\n<meta name=\"twitter:card\" content=\"summary_large_image\" \/>\n<meta name=\"twitter:creator\" content=\"@EstratJuridica\" \/>\n<meta name=\"twitter:site\" content=\"@EstratJuridica\" \/>\n<meta name=\"twitter:label1\" content=\"Escrito por\" \/>\n\t<meta name=\"twitter:data1\" content=\"Frederico Tadeu Borlot Peixoto\" \/>\n\t<meta name=\"twitter:label2\" content=\"Est. tempo de leitura\" \/>\n\t<meta name=\"twitter:data2\" content=\"8 minutos\" \/>\n<script type=\"application\/ld+json\" class=\"yoast-schema-graph\">{\"@context\":\"https:\\\/\\\/schema.org\",\"@graph\":[{\"@type\":\"NewsArticle\",\"@id\":\"https:\\\/\\\/cj.estrategia.com\\\/portal\\\/aposentadoria-especial-motoristas-penosidade\\\/#article\",\"isPartOf\":{\"@id\":\"https:\\\/\\\/cj.estrategia.com\\\/portal\\\/aposentadoria-especial-motoristas-penosidade\\\/\"},\"author\":{\"name\":\"Frederico Tadeu Borlot Peixoto\",\"@id\":\"https:\\\/\\\/cj.estrategia.com\\\/portal\\\/#\\\/schema\\\/person\\\/74287401cf4654f4fa04e378de7261ec\"},\"headline\":\"Aposentadoria especial de motoristas por penosidade\",\"datePublished\":\"2026-09-02T11:24:00+00:00\",\"mainEntityOfPage\":{\"@id\":\"https:\\\/\\\/cj.estrategia.com\\\/portal\\\/aposentadoria-especial-motoristas-penosidade\\\/\"},\"wordCount\":1479,\"commentCount\":0,\"publisher\":{\"@id\":\"https:\\\/\\\/cj.estrategia.com\\\/portal\\\/#organization\"},\"image\":{\"@id\":\"https:\\\/\\\/cj.estrategia.com\\\/portal\\\/aposentadoria-especial-motoristas-penosidade\\\/#primaryimage\"},\"thumbnailUrl\":\"https:\\\/\\\/cdn-blog-cj.estrategia.com\\\/portal\\\/wp-content\\\/uploads\\\/2026\\\/07\\\/24213034\\\/medium-shot-man-driving-truck.jpg\",\"articleSection\":[\"Carreiras Jur\u00eddicas\"],\"inLanguage\":\"pt-BR\",\"potentialAction\":[{\"@type\":\"CommentAction\",\"name\":\"Comment\",\"target\":[\"https:\\\/\\\/cj.estrategia.com\\\/portal\\\/aposentadoria-especial-motoristas-penosidade\\\/#respond\"]}],\"accessibilityFeature\":[\"tableOfContents\"]},{\"@type\":\"WebPage\",\"@id\":\"https:\\\/\\\/cj.estrategia.com\\\/portal\\\/aposentadoria-especial-motoristas-penosidade\\\/\",\"url\":\"https:\\\/\\\/cj.estrategia.com\\\/portal\\\/aposentadoria-especial-motoristas-penosidade\\\/\",\"name\":\"Aposentadoria especial de motoristas por penosidade\",\"isPartOf\":{\"@id\":\"https:\\\/\\\/cj.estrategia.com\\\/portal\\\/#website\"},\"primaryImageOfPage\":{\"@id\":\"https:\\\/\\\/cj.estrategia.com\\\/portal\\\/aposentadoria-especial-motoristas-penosidade\\\/#primaryimage\"},\"image\":{\"@id\":\"https:\\\/\\\/cj.estrategia.com\\\/portal\\\/aposentadoria-especial-motoristas-penosidade\\\/#primaryimage\"},\"thumbnailUrl\":\"https:\\\/\\\/cdn-blog-cj.estrategia.com\\\/portal\\\/wp-content\\\/uploads\\\/2026\\\/07\\\/24213034\\\/medium-shot-man-driving-truck.jpg\",\"datePublished\":\"2026-09-02T11:24:00+00:00\",\"description\":\"An\u00e1lise sobre o reconhecimento da especialidade da atividade de motorista\\\/cobrador, por penosidade, ap\u00f3s o advento da Lei n. 9.032\\\/1995.\",\"breadcrumb\":{\"@id\":\"https:\\\/\\\/cj.estrategia.com\\\/portal\\\/aposentadoria-especial-motoristas-penosidade\\\/#breadcrumb\"},\"inLanguage\":\"pt-BR\",\"potentialAction\":[{\"@type\":\"ReadAction\",\"target\":[\"https:\\\/\\\/cj.estrategia.com\\\/portal\\\/aposentadoria-especial-motoristas-penosidade\\\/\"]}]},{\"@type\":\"ImageObject\",\"inLanguage\":\"pt-BR\",\"@id\":\"https:\\\/\\\/cj.estrategia.com\\\/portal\\\/aposentadoria-especial-motoristas-penosidade\\\/#primaryimage\",\"url\":\"https:\\\/\\\/cdn-blog-cj.estrategia.com\\\/portal\\\/wp-content\\\/uploads\\\/2026\\\/07\\\/24213034\\\/medium-shot-man-driving-truck.jpg\",\"contentUrl\":\"https:\\\/\\\/cdn-blog-cj.estrategia.com\\\/portal\\\/wp-content\\\/uploads\\\/2026\\\/07\\\/24213034\\\/medium-shot-man-driving-truck.jpg\",\"width\":3584,\"height\":5376,\"caption\":\"Aposentadoria especial de motoristas por penosidade\"},{\"@type\":\"BreadcrumbList\",\"@id\":\"https:\\\/\\\/cj.estrategia.com\\\/portal\\\/aposentadoria-especial-motoristas-penosidade\\\/#breadcrumb\",\"itemListElement\":[{\"@type\":\"ListItem\",\"position\":1,\"name\":\"In\u00edcio\",\"item\":\"https:\\\/\\\/cj.estrategia.com\\\/portal\\\/\"},{\"@type\":\"ListItem\",\"position\":2,\"name\":\"Aposentadoria especial de motoristas por penosidade\"}]},{\"@type\":\"WebSite\",\"@id\":\"https:\\\/\\\/cj.estrategia.com\\\/portal\\\/#website\",\"url\":\"https:\\\/\\\/cj.estrategia.com\\\/portal\\\/\",\"name\":\"Blog - Carreiras Jur\u00eddicas - Estrat\u00e9gia\",\"description\":\"\",\"publisher\":{\"@id\":\"https:\\\/\\\/cj.estrategia.com\\\/portal\\\/#organization\"},\"potentialAction\":[{\"@type\":\"SearchAction\",\"target\":{\"@type\":\"EntryPoint\",\"urlTemplate\":\"https:\\\/\\\/cj.estrategia.com\\\/portal\\\/?s={search_term_string}\"},\"query-input\":{\"@type\":\"PropertyValueSpecification\",\"valueRequired\":true,\"valueName\":\"search_term_string\"}}],\"inLanguage\":\"pt-BR\"},{\"@type\":\"Organization\",\"@id\":\"https:\\\/\\\/cj.estrategia.com\\\/portal\\\/#organization\",\"name\":\"Estrat\u00e9gia - Carreiras Jur\u00eddicas\",\"url\":\"https:\\\/\\\/cj.estrategia.com\\\/portal\\\/\",\"logo\":{\"@type\":\"ImageObject\",\"inLanguage\":\"pt-BR\",\"@id\":\"https:\\\/\\\/cj.estrategia.com\\\/portal\\\/#\\\/schema\\\/logo\\\/image\\\/\",\"url\":\"https:\\\/\\\/cj.estrategia.com\\\/portal\\\/wp-content\\\/uploads\\\/2022\\\/03\\\/11151052\\\/cj-logo.png\",\"contentUrl\":\"https:\\\/\\\/cj.estrategia.com\\\/portal\\\/wp-content\\\/uploads\\\/2022\\\/03\\\/11151052\\\/cj-logo.png\",\"width\":150,\"height\":39,\"caption\":\"Estrat\u00e9gia - Carreiras Jur\u00eddicas\"},\"image\":{\"@id\":\"https:\\\/\\\/cj.estrategia.com\\\/portal\\\/#\\\/schema\\\/logo\\\/image\\\/\"},\"sameAs\":[\"https:\\\/\\\/www.facebook.com\\\/estrategiacarreirajuridica\\\/\",\"https:\\\/\\\/x.com\\\/EstratJuridica\",\"https:\\\/\\\/www.instagram.com\\\/estrategiacarreirajuridica\\\/\",\"https:\\\/\\\/www.youtube.com\\\/channel\\\/UClbMGuYbj2Mh1m3w144ETWQ\"]},{\"@type\":\"Person\",\"@id\":\"https:\\\/\\\/cj.estrategia.com\\\/portal\\\/#\\\/schema\\\/person\\\/74287401cf4654f4fa04e378de7261ec\",\"name\":\"Frederico Tadeu Borlot Peixoto\",\"image\":{\"@type\":\"ImageObject\",\"inLanguage\":\"pt-BR\",\"@id\":\"https:\\\/\\\/cdn-blog-cj.estrategia.com\\\/portal\\\/wp-content\\\/uploads\\\/2023\\\/06\\\/29094204\\\/GBAY0702-96x96.jpg\",\"url\":\"https:\\\/\\\/cdn-blog-cj.estrategia.com\\\/portal\\\/wp-content\\\/uploads\\\/2023\\\/06\\\/29094204\\\/GBAY0702-96x96.jpg\",\"contentUrl\":\"https:\\\/\\\/cdn-blog-cj.estrategia.com\\\/portal\\\/wp-content\\\/uploads\\\/2023\\\/06\\\/29094204\\\/GBAY0702-96x96.jpg\",\"caption\":\"Frederico Tadeu Borlot Peixoto\"},\"description\":\"Analista Judici\u00e1rio - \u00c1rea Judici\u00e1ria do TRF da 4\u00aa regi\u00e3o. Bacharel em Direito. P\u00f3s-graduado em Direito Administrativo, Legisla\u00e7\u00e3o Penal Especial, Direito Penal e Direito Processual Penal. Tamb\u00e9m nomeado no TRF da 3\u00aa regi\u00e3o (8\u00ba lugar); SPPREV (3\u00ba lugar); IFES (2\u00ba lugar); e PMES. https:\\\/\\\/www.instagram.com\\\/proffrederico\\\/\",\"sameAs\":[\"https:\\\/\\\/www.instagram.com\\\/proffrederico\\\/\"],\"url\":\"https:\\\/\\\/cj.estrategia.com\\\/portal\\\/author\\\/xfrederico\\\/\"}]}<\/script>\n<!-- \/ Yoast SEO Premium plugin. -->","yoast_head_json":{"title":"Aposentadoria especial de motoristas por penosidade","description":"An\u00e1lise sobre o reconhecimento da especialidade da atividade de motorista\/cobrador, por penosidade, ap\u00f3s o advento da Lei n. 9.032\/1995.","robots":{"index":"index","follow":"follow","max-snippet":"max-snippet:-1","max-image-preview":"max-image-preview:large","max-video-preview":"max-video-preview:-1"},"canonical":"https:\/\/cj.estrategia.com\/portal\/aposentadoria-especial-motoristas-penosidade\/","og_locale":"pt_BR","og_type":"article","og_title":"Aposentadoria especial de motoristas por penosidade","og_description":"An\u00e1lise sobre o reconhecimento da especialidade da atividade de motorista\/cobrador, por penosidade, ap\u00f3s o advento da Lei n. 9.032\/1995.","og_url":"https:\/\/cj.estrategia.com\/portal\/aposentadoria-especial-motoristas-penosidade\/","og_site_name":"Blog - Carreiras Jur\u00eddicas - Estrat\u00e9gia","article_publisher":"https:\/\/www.facebook.com\/estrategiacarreirajuridica\/","article_published_time":"2026-09-02T11:24:00+00:00","og_image":[{"width":683,"height":1024,"url":"https:\/\/cdn-blog-cj.estrategia.com\/portal\/wp-content\/uploads\/2026\/07\/24213034\/medium-shot-man-driving-truck-683x1024.jpg","type":"image\/jpeg"}],"author":"Frederico Tadeu Borlot Peixoto","twitter_card":"summary_large_image","twitter_creator":"@EstratJuridica","twitter_site":"@EstratJuridica","twitter_misc":{"Escrito por":"Frederico Tadeu Borlot Peixoto","Est. tempo de leitura":"8 minutos"},"schema":{"@context":"https:\/\/schema.org","@graph":[{"@type":"NewsArticle","@id":"https:\/\/cj.estrategia.com\/portal\/aposentadoria-especial-motoristas-penosidade\/#article","isPartOf":{"@id":"https:\/\/cj.estrategia.com\/portal\/aposentadoria-especial-motoristas-penosidade\/"},"author":{"name":"Frederico Tadeu Borlot Peixoto","@id":"https:\/\/cj.estrategia.com\/portal\/#\/schema\/person\/74287401cf4654f4fa04e378de7261ec"},"headline":"Aposentadoria especial de motoristas por penosidade","datePublished":"2026-09-02T11:24:00+00:00","mainEntityOfPage":{"@id":"https:\/\/cj.estrategia.com\/portal\/aposentadoria-especial-motoristas-penosidade\/"},"wordCount":1479,"commentCount":0,"publisher":{"@id":"https:\/\/cj.estrategia.com\/portal\/#organization"},"image":{"@id":"https:\/\/cj.estrategia.com\/portal\/aposentadoria-especial-motoristas-penosidade\/#primaryimage"},"thumbnailUrl":"https:\/\/cdn-blog-cj.estrategia.com\/portal\/wp-content\/uploads\/2026\/07\/24213034\/medium-shot-man-driving-truck.jpg","articleSection":["Carreiras Jur\u00eddicas"],"inLanguage":"pt-BR","potentialAction":[{"@type":"CommentAction","name":"Comment","target":["https:\/\/cj.estrategia.com\/portal\/aposentadoria-especial-motoristas-penosidade\/#respond"]}],"accessibilityFeature":["tableOfContents"]},{"@type":"WebPage","@id":"https:\/\/cj.estrategia.com\/portal\/aposentadoria-especial-motoristas-penosidade\/","url":"https:\/\/cj.estrategia.com\/portal\/aposentadoria-especial-motoristas-penosidade\/","name":"Aposentadoria especial de motoristas por penosidade","isPartOf":{"@id":"https:\/\/cj.estrategia.com\/portal\/#website"},"primaryImageOfPage":{"@id":"https:\/\/cj.estrategia.com\/portal\/aposentadoria-especial-motoristas-penosidade\/#primaryimage"},"image":{"@id":"https:\/\/cj.estrategia.com\/portal\/aposentadoria-especial-motoristas-penosidade\/#primaryimage"},"thumbnailUrl":"https:\/\/cdn-blog-cj.estrategia.com\/portal\/wp-content\/uploads\/2026\/07\/24213034\/medium-shot-man-driving-truck.jpg","datePublished":"2026-09-02T11:24:00+00:00","description":"An\u00e1lise sobre o reconhecimento da especialidade da atividade de motorista\/cobrador, por penosidade, ap\u00f3s o advento da Lei n. 9.032\/1995.","breadcrumb":{"@id":"https:\/\/cj.estrategia.com\/portal\/aposentadoria-especial-motoristas-penosidade\/#breadcrumb"},"inLanguage":"pt-BR","potentialAction":[{"@type":"ReadAction","target":["https:\/\/cj.estrategia.com\/portal\/aposentadoria-especial-motoristas-penosidade\/"]}]},{"@type":"ImageObject","inLanguage":"pt-BR","@id":"https:\/\/cj.estrategia.com\/portal\/aposentadoria-especial-motoristas-penosidade\/#primaryimage","url":"https:\/\/cdn-blog-cj.estrategia.com\/portal\/wp-content\/uploads\/2026\/07\/24213034\/medium-shot-man-driving-truck.jpg","contentUrl":"https:\/\/cdn-blog-cj.estrategia.com\/portal\/wp-content\/uploads\/2026\/07\/24213034\/medium-shot-man-driving-truck.jpg","width":3584,"height":5376,"caption":"Aposentadoria especial de motoristas por penosidade"},{"@type":"BreadcrumbList","@id":"https:\/\/cj.estrategia.com\/portal\/aposentadoria-especial-motoristas-penosidade\/#breadcrumb","itemListElement":[{"@type":"ListItem","position":1,"name":"In\u00edcio","item":"https:\/\/cj.estrategia.com\/portal\/"},{"@type":"ListItem","position":2,"name":"Aposentadoria especial de motoristas por penosidade"}]},{"@type":"WebSite","@id":"https:\/\/cj.estrategia.com\/portal\/#website","url":"https:\/\/cj.estrategia.com\/portal\/","name":"Blog - Carreiras Jur\u00eddicas - Estrat\u00e9gia","description":"","publisher":{"@id":"https:\/\/cj.estrategia.com\/portal\/#organization"},"potentialAction":[{"@type":"SearchAction","target":{"@type":"EntryPoint","urlTemplate":"https:\/\/cj.estrategia.com\/portal\/?s={search_term_string}"},"query-input":{"@type":"PropertyValueSpecification","valueRequired":true,"valueName":"search_term_string"}}],"inLanguage":"pt-BR"},{"@type":"Organization","@id":"https:\/\/cj.estrategia.com\/portal\/#organization","name":"Estrat\u00e9gia - Carreiras Jur\u00eddicas","url":"https:\/\/cj.estrategia.com\/portal\/","logo":{"@type":"ImageObject","inLanguage":"pt-BR","@id":"https:\/\/cj.estrategia.com\/portal\/#\/schema\/logo\/image\/","url":"https:\/\/cj.estrategia.com\/portal\/wp-content\/uploads\/2022\/03\/11151052\/cj-logo.png","contentUrl":"https:\/\/cj.estrategia.com\/portal\/wp-content\/uploads\/2022\/03\/11151052\/cj-logo.png","width":150,"height":39,"caption":"Estrat\u00e9gia - Carreiras Jur\u00eddicas"},"image":{"@id":"https:\/\/cj.estrategia.com\/portal\/#\/schema\/logo\/image\/"},"sameAs":["https:\/\/www.facebook.com\/estrategiacarreirajuridica\/","https:\/\/x.com\/EstratJuridica","https:\/\/www.instagram.com\/estrategiacarreirajuridica\/","https:\/\/www.youtube.com\/channel\/UClbMGuYbj2Mh1m3w144ETWQ"]},{"@type":"Person","@id":"https:\/\/cj.estrategia.com\/portal\/#\/schema\/person\/74287401cf4654f4fa04e378de7261ec","name":"Frederico Tadeu Borlot Peixoto","image":{"@type":"ImageObject","inLanguage":"pt-BR","@id":"https:\/\/cdn-blog-cj.estrategia.com\/portal\/wp-content\/uploads\/2023\/06\/29094204\/GBAY0702-96x96.jpg","url":"https:\/\/cdn-blog-cj.estrategia.com\/portal\/wp-content\/uploads\/2023\/06\/29094204\/GBAY0702-96x96.jpg","contentUrl":"https:\/\/cdn-blog-cj.estrategia.com\/portal\/wp-content\/uploads\/2023\/06\/29094204\/GBAY0702-96x96.jpg","caption":"Frederico Tadeu Borlot Peixoto"},"description":"Analista Judici\u00e1rio - \u00c1rea Judici\u00e1ria do TRF da 4\u00aa regi\u00e3o. Bacharel em Direito. P\u00f3s-graduado em Direito Administrativo, Legisla\u00e7\u00e3o Penal Especial, Direito Penal e Direito Processual Penal. Tamb\u00e9m nomeado no TRF da 3\u00aa regi\u00e3o (8\u00ba lugar); SPPREV (3\u00ba lugar); IFES (2\u00ba lugar); e PMES. https:\/\/www.instagram.com\/proffrederico\/","sameAs":["https:\/\/www.instagram.com\/proffrederico\/"],"url":"https:\/\/cj.estrategia.com\/portal\/author\/xfrederico\/"}]}},"jetpack_sharing_enabled":true,"jetpack_featured_media_url":"https:\/\/cdn-blog-cj.estrategia.com\/portal\/wp-content\/uploads\/2026\/07\/24213034\/medium-shot-man-driving-truck.jpg","_links":{"self":[{"href":"https:\/\/cj.estrategia.com\/portal\/wp-json\/wp\/v2\/posts\/194261","targetHints":{"allow":["GET"]}}],"collection":[{"href":"https:\/\/cj.estrategia.com\/portal\/wp-json\/wp\/v2\/posts"}],"about":[{"href":"https:\/\/cj.estrategia.com\/portal\/wp-json\/wp\/v2\/types\/post"}],"author":[{"embeddable":true,"href":"https:\/\/cj.estrategia.com\/portal\/wp-json\/wp\/v2\/users\/39"}],"replies":[{"embeddable":true,"href":"https:\/\/cj.estrategia.com\/portal\/wp-json\/wp\/v2\/comments?post=194261"}],"version-history":[{"count":2,"href":"https:\/\/cj.estrategia.com\/portal\/wp-json\/wp\/v2\/posts\/194261\/revisions"}],"predecessor-version":[{"id":194264,"href":"https:\/\/cj.estrategia.com\/portal\/wp-json\/wp\/v2\/posts\/194261\/revisions\/194264"}],"wp:featuredmedia":[{"embeddable":true,"href":"https:\/\/cj.estrategia.com\/portal\/wp-json\/wp\/v2\/media\/194262"}],"wp:attachment":[{"href":"https:\/\/cj.estrategia.com\/portal\/wp-json\/wp\/v2\/media?parent=194261"}],"wp:term":[{"taxonomy":"category","embeddable":true,"href":"https:\/\/cj.estrategia.com\/portal\/wp-json\/wp\/v2\/categories?post=194261"},{"taxonomy":"post_tag","embeddable":true,"href":"https:\/\/cj.estrategia.com\/portal\/wp-json\/wp\/v2\/tags?post=194261"},{"taxonomy":"tax_estado","embeddable":true,"href":"https:\/\/cj.estrategia.com\/portal\/wp-json\/wp\/v2\/tax_estado?post=194261"}],"curies":[{"name":"wp","href":"https:\/\/api.w.org\/{rel}","templated":true}]}}