{"id":194018,"date":"2026-09-02T11:34:00","date_gmt":"2026-09-02T14:34:00","guid":{"rendered":"https:\/\/cj.estrategia.com\/portal\/?p=194018"},"modified":"2026-08-04T21:10:32","modified_gmt":"2026-08-05T00:10:32","slug":"homicidio-orfaos-mais-grave","status":"publish","type":"post","link":"https:\/\/cj.estrategia.com\/portal\/homicidio-orfaos-mais-grave\/","title":{"rendered":"Homic\u00eddio que deixa \u00f3rf\u00e3os \u00e9 mais grave?"},"content":{"rendered":"\n<p class=\"wp-block-paragraph\">Ol\u00e1, tudo bem? Hoje analisaremos, conforme o julgamento do AgRg no REsp 2.250.641\/AL pelo Superior Tribunal de Justi\u00e7a (STJ), se a pr\u00e1tica de homic\u00eddio que deixa \u00f3rf\u00e3os torna o crime mais grave quando da dosimetria da pena.<\/p>\n\n\n\n<p class=\"wp-block-paragraph\">Vamos ao que interessa!<\/p>\n\n\n<div class=\"wp-block-image\">\n<figure class=\"aligncenter size-large\"><img decoding=\"async\" width=\"1024\" height=\"683\" src=\"https:\/\/cj.estrategia.com\/portal\/wp-content\/uploads\/2026\/07\/17194641\/depressed-person-sitting-by-window-1024x683.jpg\" alt=\"Homic\u00eddio que deixa \u00f3rf\u00e3os \u00e9 mais grave?\" class=\"wp-image-194019\" srcset=\"https:\/\/cdn-blog-cj.estrategia.com\/portal\/wp-content\/uploads\/2026\/07\/17194641\/depressed-person-sitting-by-window-1024x683.jpg 1024w, https:\/\/cdn-blog-cj.estrategia.com\/portal\/wp-content\/uploads\/2026\/07\/17194641\/depressed-person-sitting-by-window-300x200.jpg 300w, https:\/\/cdn-blog-cj.estrategia.com\/portal\/wp-content\/uploads\/2026\/07\/17194641\/depressed-person-sitting-by-window-768x512.jpg 768w, https:\/\/cdn-blog-cj.estrategia.com\/portal\/wp-content\/uploads\/2026\/07\/17194641\/depressed-person-sitting-by-window-1536x1024.jpg 1536w, https:\/\/cdn-blog-cj.estrategia.com\/portal\/wp-content\/uploads\/2026\/07\/17194641\/depressed-person-sitting-by-window-2048x1365.jpg 2048w, https:\/\/cdn-blog-cj.estrategia.com\/portal\/wp-content\/uploads\/2026\/07\/17194641\/depressed-person-sitting-by-window-380x253.jpg 380w, https:\/\/cdn-blog-cj.estrategia.com\/portal\/wp-content\/uploads\/2026\/07\/17194641\/depressed-person-sitting-by-window-800x533.jpg 800w, https:\/\/cdn-blog-cj.estrategia.com\/portal\/wp-content\/uploads\/2026\/07\/17194641\/depressed-person-sitting-by-window-1160x773.jpg 1160w, https:\/\/cdn-blog-cj.estrategia.com\/portal\/wp-content\/uploads\/2026\/07\/17194641\/depressed-person-sitting-by-window-150x100.jpg 150w\" sizes=\"(max-width: 1024px) 100vw, 1024px\" \/><figcaption class=\"wp-element-caption\">Homic\u00eddio que deixa \u00f3rf\u00e3os \u00e9 mais grave?<\/figcaption><\/figure>\n<\/div>\n\n\n<div class=\"wp-block-yoast-seo-table-of-contents yoast-table-of-contents\"><h2 id=\"tabela-de-conteudos\">Tabela de conte\u00fados<\/h2><ul><li><a href=\"#h-homicidio-que-deixa-orfaos-e-mais-grave\" data-level=\"2\">Homic\u00eddio que deixa \u00f3rf\u00e3os \u00e9 mais grave?<\/a><ul><li><a href=\"#h-controversia-do-agrg-no-agrg-no-resp-1-835-395-rs\" data-level=\"3\">Controv\u00e9rsia do AgRg no AgRg no REsp 1.835.395-RS<\/a><ul><li><a href=\"#h-qual-era-o-caso-concreto\" data-level=\"4\">Qual era o caso concreto?<\/a><\/li><li><a href=\"#h-decisao-do-relator-e-do-colegiado-da-quinta-turma-do-stj\" data-level=\"4\">Decis\u00e3o do Relator e do colegiado da Quinta Turma do STJ<\/a><\/li><li><a href=\"#h-o-que-decidiu-a-quinta-turma-nbsp\" data-level=\"4\">O que decidiu a Quinta Turma?\u00a0<\/a><\/li><\/ul><\/li><li><a href=\"#h-outras-disposicoes-da-condenacao-analisadas-pelo-stj\" data-level=\"3\">Outras disposi\u00e7\u00f5es da condena\u00e7\u00e3o analisadas pelo STJ<\/a><\/li><li><a href=\"#h-consideracoes-finais\" data-level=\"3\">Considera\u00e7\u00f5es finais<\/a><\/li><\/ul><\/li><li><a href=\"#h-quer-estudar-para-concursos-juridicos-em-2026\" data-level=\"2\">Quer estudar para Concursos Jur\u00eddicos em 2026?<\/a><\/li><\/ul><\/div>\n\n\n\n<h2 id=\"h-homicidio-que-deixa-orfaos-e-mais-grave\" class=\"wp-block-heading\"><span id=\"homicidio-que-deixa-orfaos-e-mais-grave\">Homic\u00eddio que deixa \u00f3rf\u00e3os \u00e9 mais grave?<\/span><\/h2>\n\n\n\n<h3 id=\"h-controversia-do-agrg-no-agrg-no-resp-1-835-395-rs\" class=\"wp-block-heading\"><span id=\"controversia-do-agrg-no-agrg-no-resp-1-835-395-rs\">Controv\u00e9rsia do AgRg no AgRg no REsp 1.835.395-RS<\/span><\/h3>\n\n\n\n<h4 id=\"h-qual-era-o-caso-concreto\" class=\"wp-block-heading\"><span id=\"qual-era-o-caso-concreto\">Qual era o caso concreto?<\/span><\/h4>\n\n\n\n<p class=\"wp-block-paragraph\">No caso concreto, houve a pr\u00e1tica do crime de homic\u00eddio qualificado pelo recorrente, tendo a den\u00fancia apontado que houve premedita\u00e7\u00e3o, uma vez que o r\u00e9u planejou o crime juntamente com terceiras pessoas, articulando como seria a execu\u00e7\u00e3o antes de se dirigir \u00e0 resid\u00eancia da v\u00edtima para consumar o ato.<\/p>\n\n\n\n<p class=\"wp-block-paragraph\">Para al\u00e9m da premedita\u00e7\u00e3o e da marcante viol\u00eancia da conduta (a v\u00edtima foi arrastada de sua pr\u00f3pria resid\u00eancia at\u00e9 o local onde ocorreu a execu\u00e7\u00e3o), o crime ainda deixou os filhos da v\u00edtima \u00f3rf\u00e3os.&nbsp;<\/p>\n\n\n\n<p class=\"wp-block-paragraph\">Na 1\u00aa inst\u00e2ncia, o juiz entendeu que a pena-base do r\u00e9u deveria ser valorada de forma negativa, em raz\u00e3o de tr\u00eas circunst\u00e2ncias judiciais distintas, dentre elas a das consequ\u00eancias do crime.&nbsp;<\/p>\n\n\n\n<p class=\"wp-block-paragraph\">Em rela\u00e7\u00e3o a essa circunst\u00e2ncia judicial das consequ\u00eancias do crime, o ju\u00edzo avaliou de forma desfavor\u00e1vel ao r\u00e9u <strong>pelo fato de o homic\u00eddio ter deixado filhos menores \u00f3rf\u00e3os.<\/strong><\/p>\n\n\n\n<p class=\"wp-block-paragraph\">Em segunda inst\u00e2ncia, o Tribunal de Justi\u00e7a de Alagoas (TJAL) manteve esse trecho da senten\u00e7a, considerando que o resultado extrapolou os elementos t\u00edpicos do crime de homic\u00eddio e, por isso, a pena-base do r\u00e9u deveria ser elevada.<\/p>\n\n\n\n<p class=\"wp-block-paragraph\">A partir disso, houve a interposi\u00e7\u00e3o de recurso para o Superior Tribunal de Justi\u00e7a, que foi chamado a decidir se a orfandade dos filhos menores da v\u00edtima configura consequ\u00eancia que extrapola o resultado t\u00edpico do homic\u00eddio e permite a valora\u00e7\u00e3o negativa das consequ\u00eancias do crime.<\/p>\n\n\n\n<h4 id=\"h-decisao-do-relator-e-do-colegiado-da-quinta-turma-do-stj\" class=\"wp-block-heading\"><span id=\"decisao-do-relator-e-do-colegiado-da-quinta-turma-do-stj\">Decis\u00e3o do Relator e do colegiado da Quinta Turma do STJ<\/span><\/h4>\n\n\n\n<p class=\"wp-block-paragraph\">O feito chegou ao STJ e foi distribu\u00eddo para o Relator Ministro Ribeiro Dantas, o qual negou provimento ao recurso especial interposto pelo r\u00e9u.<\/p>\n\n\n\n<p class=\"wp-block-paragraph\">Em suas raz\u00f5es, destacou que a avalia\u00e7\u00e3o negativa das consequ\u00eancias do crime \u00e9 adequada se o dano causado ao bem jur\u00eddico tutelado pela normal criminal, ou o preju\u00edzo (material ou moral) experimentado pela v\u00edtima, forem <strong>superiores \u00e0queles inerentes ao tipo penal.<\/strong><\/p>\n\n\n\n<p class=\"wp-block-paragraph\">Em resumo, admite-se a valora\u00e7\u00e3o das consequ\u00eancias em desfavor do r\u00e9u se, <strong>para al\u00e9m dos efeitos que se confundem com a pr\u00f3pria tipifica\u00e7\u00e3o da conduta, o delito produzir ainda outros impactos negativos.&nbsp;<\/strong><\/p>\n\n\n\n<p class=\"wp-block-paragraph\">Nesse sentido, o Relator apontou que a jurisprud\u00eancia do STJ j\u00e1 possui precedentes no sentido de que <strong>a orfandade dos filhos menores da v\u00edtima, <\/strong>como aconteceu no caso em julgamento, <strong>por si s\u00f3 permite que se considerem desfavor\u00e1veis as consequ\u00eancias do homic\u00eddio<\/strong>.<\/p>\n\n\n\n<p class=\"wp-block-paragraph\">Isso porque essa circunst\u00e2ncia f\u00e1tica <strong>n\u00e3o corresponde a qualquer elementar t\u00edpica<\/strong> do art. 121 do CP (tanto na forma simples como na qualificada) e, assim, <strong>revela, efetivamente, maior desvalor do resultado do crime<\/strong>.<\/p>\n\n\n\n<p class=\"wp-block-paragraph\">Ainda, destacou que eventual refazimento da dosimetria da pena em recurso especial tem car\u00e1ter excepcional, s\u00f3 sendo admitido se houver manifesta ilegalidade ou abuso de poder, sem necessidade de incurs\u00e3o probat\u00f3ria, o que n\u00e3o era o caso.<\/p>\n\n\n\n<h4 id=\"h-o-que-decidiu-a-quinta-turma-nbsp\" class=\"wp-block-heading\"><span id=\"o-que-decidiu-a-quinta-turma\">O que decidiu a Quinta Turma?&nbsp;<\/span><\/h4>\n\n\n\n<p class=\"wp-block-paragraph\">Contra a decis\u00e3o monocr\u00e1tica em quest\u00e3o do Relator o r\u00e9u manejou agravo regimental, levando a tem\u00e1tica \u00e0 an\u00e1lise do colegiado da Quinta Turma do STJ.<\/p>\n\n\n\n<p class=\"wp-block-paragraph\">Por\u00e9m, o entendimento do Relator foi mantido, pois estava em conson\u00e2ncia com a jurisprud\u00eancia do pr\u00f3prio Superior Tribunal de Justi\u00e7a.&nbsp;<\/p>\n\n\n\n<p class=\"wp-block-paragraph\">Assim, ao agravo regimental foi negado provimento, mantendo-se a decis\u00e3o recorrida e, em consequ\u00eancia, o entendimento das inst\u00e2ncias origin\u00e1rias.<\/p>\n\n\n\n<h3 id=\"h-outras-disposicoes-da-condenacao-analisadas-pelo-stj\" class=\"wp-block-heading\"><span id=\"outras-disposicoes-da-condenacao-analisadas-pelo-stj\">Outras disposi\u00e7\u00f5es da condena\u00e7\u00e3o analisadas pelo STJ<\/span><\/h3>\n\n\n\n<p class=\"wp-block-paragraph\">Aproveitando para estudar mais um pouco o caso concreto, podemos perceber que tamb\u00e9m foram valoradas de forma negativa as vetoriais da <strong>culpabilidade <\/strong>e das <strong>circunst\u00e2ncias do crime<\/strong>.<\/p>\n\n\n\n<p class=\"wp-block-paragraph\">A culpabilidade \u00e9 o ju\u00edzo de reprovabilidade relacionado \u00e0 conduta do agente na pr\u00e1tica do crime. Assim, sua negativa\u00e7\u00e3o foi em raz\u00e3o da <strong>premedita\u00e7\u00e3o<\/strong> do delito, pois o planejamento pr\u00e9vio demonstrou um maior grau de censura e reprovabilidade da conduta.<\/p>\n\n\n\n<p class=\"wp-block-paragraph\">Por sua vez, as circunst\u00e2ncias do crime foram consideradas desfavor\u00e1veis ao r\u00e9u, devido ao <em>modus operandi<\/em> mais agressivo empregado, especificamente pelo fato de a v\u00edtima ter sido retirada \u00e0 for\u00e7a de sua casa e levada ao local da execu\u00e7\u00e3o.<\/p>\n\n\n\n<h3 id=\"h-consideracoes-finais\" class=\"wp-block-heading\"><span id=\"consideracoes-finais\">Considera\u00e7\u00f5es finais<\/span><\/h3>\n\n\n\n<p class=\"wp-block-paragraph\">Essa foi uma breve an\u00e1lise, conforme o julgamento do <a href=\"https:\/\/scon.stj.jus.br\/SCON\/GetInteiroTeorDoAcordao?num_registro=202504945143&amp;dt_publicacao=07\/05\/2026\" target=\"_blank\" >AgRg no REsp 2.250.641\/AL<\/a> pelo Superior Tribunal de Justi\u00e7a (STJ), se a pr\u00e1tica de homic\u00eddio que deixa \u00f3rf\u00e3os torna o crime mais grave quando da dosimetria da pena.<\/p>\n\n\n\n<p class=\"wp-block-paragraph\">Como pudemos ver, a orfandade de filhos menores decorrente de homic\u00eddio extrapola o resultado t\u00edpico do crime e permite a valora\u00e7\u00e3o negativa das consequ\u00eancias do crime na fixa\u00e7\u00e3o da pena-base.<\/p>\n\n\n\n<p class=\"wp-block-paragraph\">N\u00e3o deixe de revisar o tema em seu material de estudo e praticar com diversas quest\u00f5es.<\/p>\n\n\n\n<p class=\"wp-block-paragraph\">At\u00e9 a pr\u00f3xima!<\/p>\n\n\n\n<h2 class=\"wp-block-heading has-text-align-center\" id=\"h-quer-estudar-para-concursos-juridicos-em-2026\"><span id=\"quer-estudar-para-concursos-juridicos-em-2026\"><mark style=\"background-color:rgba(0, 0, 0, 0)\" class=\"has-inline-color has-black-color\">Quer estudar para Concursos Jur\u00eddicos em 2026?<\/mark><\/span><\/h2>\n\n\n\n<p class=\"has-text-align-left wp-block-paragraph\">O Estrat\u00e9gia Carreira Jur\u00eddica \u00e9 campe\u00e3o de aprova\u00e7\u00f5es nos concursos para Carreiras Jur\u00eddicas com um corpo docente qualificado e materiais completos. Conhe\u00e7a nossos cursos e garanta sua aprova\u00e7\u00e3o em Concurso Jur\u00eddicos:<\/p>\n\n\n\n<p class=\"has-text-align-center has-pale-cyan-blue-background-color has-background wp-block-paragraph\"><a href=\"https:\/\/cj.estrategia.com\/portal\/concursos-abertos-carreiras-juridicas\/\">Concursos jur\u00eddicos abertos<\/a><\/p>\n\n\n\n<p class=\"has-text-align-center has-pale-cyan-blue-background-color has-background wp-block-paragraph\"><a href=\"https:\/\/cj.estrategia.com\/portal\/concursos-juridicos-2026\/\" target=\"_blank\" >Concursos jur\u00eddicos 2026<\/a><\/p>\n","protected":false},"excerpt":{"rendered":"Ol\u00e1, tudo bem? Hoje analisaremos, conforme o julgamento do AgRg no REsp 2.250.641\/AL pelo Superior Tribunal de Justi\u00e7a&hellip;\n","protected":false},"author":39,"featured_media":194019,"comment_status":"open","ping_status":"open","sticky":false,"template":"","format":"standard","meta":{"_acf_changed":false,"_jetpack_newsletter_access":"","_jetpack_dont_email_post_to_subs":false,"_jetpack_newsletter_tier_id":0,"_jetpack_memberships_contains_paywalled_content":false,"_jetpack_feature_clip_id":0,"_jetpack_memberships_contains_paid_content":false,"footnotes":"","jetpack_post_was_ever_published":false},"categories":[1],"tags":[],"tax_estado":[30,31,32,33,34,35,36,37,38,39,40,41,42,43,44,45,46,47,48,49,50,51,52,53,54,55,56,57],"class_list":["post-194018","post","type-post","status-publish","format-standard","has-post-thumbnail","category-carreiras-juridicas","tax_estado-ac","tax_estado-al","tax_estado-am","tax_estado-ap","tax_estado-ba","tax_estado-ce","tax_estado-concursos-federais","tax_estado-df","tax_estado-es","tax_estado-go","tax_estado-ma","tax_estado-mg","tax_estado-ms","tax_estado-mt","tax_estado-pa","tax_estado-pb","tax_estado-pe","tax_estado-pi","tax_estado-pr","tax_estado-rj","tax_estado-rn","tax_estado-ro","tax_estado-rr","tax_estado-rs","tax_estado-sc","tax_estado-se","tax_estado-sp","tax_estado-to"],"acf":[],"yoast_head":"<!-- This site is optimized with the Yoast SEO Premium plugin v28.3 (Yoast SEO v28.3) - https:\/\/yoast.com\/product\/yoast-seo-premium-wordpress\/ -->\n<title>Homic\u00eddio que deixa \u00f3rf\u00e3os \u00e9 mais grave?<\/title>\n<meta name=\"description\" content=\"An\u00e1lise, conforme entendimento STJ, se a pr\u00e1tica de homic\u00eddio que deixa \u00f3rf\u00e3os torna o crime mais grave quando da dosimetria da pena.\" \/>\n<meta name=\"robots\" content=\"index, follow, max-snippet:-1, max-image-preview:large, max-video-preview:-1\" \/>\n<link rel=\"canonical\" href=\"https:\/\/cj.estrategia.com\/portal\/homicidio-orfaos-mais-grave\/\" \/>\n<meta property=\"og:locale\" content=\"pt_BR\" \/>\n<meta property=\"og:type\" content=\"article\" \/>\n<meta property=\"og:title\" content=\"Homic\u00eddio que deixa \u00f3rf\u00e3os \u00e9 mais grave?\" \/>\n<meta property=\"og:description\" content=\"An\u00e1lise, conforme entendimento STJ, se a pr\u00e1tica de homic\u00eddio que deixa \u00f3rf\u00e3os torna o crime mais grave quando da dosimetria da pena.\" \/>\n<meta property=\"og:url\" content=\"https:\/\/cj.estrategia.com\/portal\/homicidio-orfaos-mais-grave\/\" \/>\n<meta property=\"og:site_name\" content=\"Blog - Carreiras Jur\u00eddicas - Estrat\u00e9gia\" \/>\n<meta property=\"article:publisher\" content=\"https:\/\/www.facebook.com\/estrategiacarreirajuridica\/\" \/>\n<meta property=\"article:published_time\" content=\"2026-09-02T14:34:00+00:00\" \/>\n<meta property=\"og:image\" content=\"https:\/\/cdn-blog-cj.estrategia.com\/portal\/wp-content\/uploads\/2026\/07\/17194641\/depressed-person-sitting-by-window-1024x683.jpg\" \/>\n\t<meta property=\"og:image:width\" content=\"1024\" \/>\n\t<meta property=\"og:image:height\" content=\"683\" \/>\n\t<meta property=\"og:image:type\" content=\"image\/jpeg\" \/>\n<meta name=\"author\" content=\"Frederico Tadeu Borlot Peixoto\" \/>\n<meta name=\"twitter:card\" content=\"summary_large_image\" \/>\n<meta name=\"twitter:creator\" content=\"@EstratJuridica\" \/>\n<meta name=\"twitter:site\" content=\"@EstratJuridica\" \/>\n<meta name=\"twitter:label1\" content=\"Escrito por\" \/>\n\t<meta name=\"twitter:data1\" content=\"Frederico Tadeu Borlot Peixoto\" \/>\n\t<meta name=\"twitter:label2\" content=\"Est. tempo de leitura\" \/>\n\t<meta name=\"twitter:data2\" content=\"5 minutos\" \/>\n<script type=\"application\/ld+json\" class=\"yoast-schema-graph\">{\"@context\":\"https:\\\/\\\/schema.org\",\"@graph\":[{\"@type\":\"NewsArticle\",\"@id\":\"https:\\\/\\\/cj.estrategia.com\\\/portal\\\/homicidio-orfaos-mais-grave\\\/#article\",\"isPartOf\":{\"@id\":\"https:\\\/\\\/cj.estrategia.com\\\/portal\\\/homicidio-orfaos-mais-grave\\\/\"},\"author\":{\"name\":\"Frederico Tadeu Borlot Peixoto\",\"@id\":\"https:\\\/\\\/cj.estrategia.com\\\/portal\\\/#\\\/schema\\\/person\\\/74287401cf4654f4fa04e378de7261ec\"},\"headline\":\"Homic\u00eddio que deixa \u00f3rf\u00e3os \u00e9 mais grave?\",\"datePublished\":\"2026-09-02T14:34:00+00:00\",\"mainEntityOfPage\":{\"@id\":\"https:\\\/\\\/cj.estrategia.com\\\/portal\\\/homicidio-orfaos-mais-grave\\\/\"},\"wordCount\":1028,\"commentCount\":0,\"publisher\":{\"@id\":\"https:\\\/\\\/cj.estrategia.com\\\/portal\\\/#organization\"},\"image\":{\"@id\":\"https:\\\/\\\/cj.estrategia.com\\\/portal\\\/homicidio-orfaos-mais-grave\\\/#primaryimage\"},\"thumbnailUrl\":\"https:\\\/\\\/cdn-blog-cj.estrategia.com\\\/portal\\\/wp-content\\\/uploads\\\/2026\\\/07\\\/17194641\\\/depressed-person-sitting-by-window.jpg\",\"articleSection\":[\"Carreiras Jur\u00eddicas\"],\"inLanguage\":\"pt-BR\",\"potentialAction\":[{\"@type\":\"CommentAction\",\"name\":\"Comment\",\"target\":[\"https:\\\/\\\/cj.estrategia.com\\\/portal\\\/homicidio-orfaos-mais-grave\\\/#respond\"]}],\"accessibilityFeature\":[\"tableOfContents\"]},{\"@type\":\"WebPage\",\"@id\":\"https:\\\/\\\/cj.estrategia.com\\\/portal\\\/homicidio-orfaos-mais-grave\\\/\",\"url\":\"https:\\\/\\\/cj.estrategia.com\\\/portal\\\/homicidio-orfaos-mais-grave\\\/\",\"name\":\"Homic\u00eddio que deixa \u00f3rf\u00e3os \u00e9 mais grave?\",\"isPartOf\":{\"@id\":\"https:\\\/\\\/cj.estrategia.com\\\/portal\\\/#website\"},\"primaryImageOfPage\":{\"@id\":\"https:\\\/\\\/cj.estrategia.com\\\/portal\\\/homicidio-orfaos-mais-grave\\\/#primaryimage\"},\"image\":{\"@id\":\"https:\\\/\\\/cj.estrategia.com\\\/portal\\\/homicidio-orfaos-mais-grave\\\/#primaryimage\"},\"thumbnailUrl\":\"https:\\\/\\\/cdn-blog-cj.estrategia.com\\\/portal\\\/wp-content\\\/uploads\\\/2026\\\/07\\\/17194641\\\/depressed-person-sitting-by-window.jpg\",\"datePublished\":\"2026-09-02T14:34:00+00:00\",\"description\":\"An\u00e1lise, conforme entendimento STJ, se a pr\u00e1tica de homic\u00eddio que deixa \u00f3rf\u00e3os torna o crime mais grave quando da dosimetria da pena.\",\"breadcrumb\":{\"@id\":\"https:\\\/\\\/cj.estrategia.com\\\/portal\\\/homicidio-orfaos-mais-grave\\\/#breadcrumb\"},\"inLanguage\":\"pt-BR\",\"potentialAction\":[{\"@type\":\"ReadAction\",\"target\":[\"https:\\\/\\\/cj.estrategia.com\\\/portal\\\/homicidio-orfaos-mais-grave\\\/\"]}]},{\"@type\":\"ImageObject\",\"inLanguage\":\"pt-BR\",\"@id\":\"https:\\\/\\\/cj.estrategia.com\\\/portal\\\/homicidio-orfaos-mais-grave\\\/#primaryimage\",\"url\":\"https:\\\/\\\/cdn-blog-cj.estrategia.com\\\/portal\\\/wp-content\\\/uploads\\\/2026\\\/07\\\/17194641\\\/depressed-person-sitting-by-window.jpg\",\"contentUrl\":\"https:\\\/\\\/cdn-blog-cj.estrategia.com\\\/portal\\\/wp-content\\\/uploads\\\/2026\\\/07\\\/17194641\\\/depressed-person-sitting-by-window.jpg\",\"width\":5376,\"height\":3584,\"caption\":\"Homic\u00eddio que deixa \u00f3rf\u00e3os \u00e9 mais grave?\"},{\"@type\":\"BreadcrumbList\",\"@id\":\"https:\\\/\\\/cj.estrategia.com\\\/portal\\\/homicidio-orfaos-mais-grave\\\/#breadcrumb\",\"itemListElement\":[{\"@type\":\"ListItem\",\"position\":1,\"name\":\"In\u00edcio\",\"item\":\"https:\\\/\\\/cj.estrategia.com\\\/portal\\\/\"},{\"@type\":\"ListItem\",\"position\":2,\"name\":\"Homic\u00eddio que deixa \u00f3rf\u00e3os \u00e9 mais grave?\"}]},{\"@type\":\"WebSite\",\"@id\":\"https:\\\/\\\/cj.estrategia.com\\\/portal\\\/#website\",\"url\":\"https:\\\/\\\/cj.estrategia.com\\\/portal\\\/\",\"name\":\"Blog - Carreiras Jur\u00eddicas - Estrat\u00e9gia\",\"description\":\"\",\"publisher\":{\"@id\":\"https:\\\/\\\/cj.estrategia.com\\\/portal\\\/#organization\"},\"potentialAction\":[{\"@type\":\"SearchAction\",\"target\":{\"@type\":\"EntryPoint\",\"urlTemplate\":\"https:\\\/\\\/cj.estrategia.com\\\/portal\\\/?s={search_term_string}\"},\"query-input\":{\"@type\":\"PropertyValueSpecification\",\"valueRequired\":true,\"valueName\":\"search_term_string\"}}],\"inLanguage\":\"pt-BR\"},{\"@type\":\"Organization\",\"@id\":\"https:\\\/\\\/cj.estrategia.com\\\/portal\\\/#organization\",\"name\":\"Estrat\u00e9gia - Carreiras Jur\u00eddicas\",\"url\":\"https:\\\/\\\/cj.estrategia.com\\\/portal\\\/\",\"logo\":{\"@type\":\"ImageObject\",\"inLanguage\":\"pt-BR\",\"@id\":\"https:\\\/\\\/cj.estrategia.com\\\/portal\\\/#\\\/schema\\\/logo\\\/image\\\/\",\"url\":\"https:\\\/\\\/cj.estrategia.com\\\/portal\\\/wp-content\\\/uploads\\\/2022\\\/03\\\/11151052\\\/cj-logo.png\",\"contentUrl\":\"https:\\\/\\\/cj.estrategia.com\\\/portal\\\/wp-content\\\/uploads\\\/2022\\\/03\\\/11151052\\\/cj-logo.png\",\"width\":150,\"height\":39,\"caption\":\"Estrat\u00e9gia - Carreiras Jur\u00eddicas\"},\"image\":{\"@id\":\"https:\\\/\\\/cj.estrategia.com\\\/portal\\\/#\\\/schema\\\/logo\\\/image\\\/\"},\"sameAs\":[\"https:\\\/\\\/www.facebook.com\\\/estrategiacarreirajuridica\\\/\",\"https:\\\/\\\/x.com\\\/EstratJuridica\",\"https:\\\/\\\/www.instagram.com\\\/estrategiacarreirajuridica\\\/\",\"https:\\\/\\\/www.youtube.com\\\/channel\\\/UClbMGuYbj2Mh1m3w144ETWQ\"]},{\"@type\":\"Person\",\"@id\":\"https:\\\/\\\/cj.estrategia.com\\\/portal\\\/#\\\/schema\\\/person\\\/74287401cf4654f4fa04e378de7261ec\",\"name\":\"Frederico Tadeu Borlot Peixoto\",\"image\":{\"@type\":\"ImageObject\",\"inLanguage\":\"pt-BR\",\"@id\":\"https:\\\/\\\/cdn-blog-cj.estrategia.com\\\/portal\\\/wp-content\\\/uploads\\\/2023\\\/06\\\/29094204\\\/GBAY0702-96x96.jpg\",\"url\":\"https:\\\/\\\/cdn-blog-cj.estrategia.com\\\/portal\\\/wp-content\\\/uploads\\\/2023\\\/06\\\/29094204\\\/GBAY0702-96x96.jpg\",\"contentUrl\":\"https:\\\/\\\/cdn-blog-cj.estrategia.com\\\/portal\\\/wp-content\\\/uploads\\\/2023\\\/06\\\/29094204\\\/GBAY0702-96x96.jpg\",\"caption\":\"Frederico Tadeu Borlot Peixoto\"},\"description\":\"Analista Judici\u00e1rio - \u00c1rea Judici\u00e1ria do TRF da 4\u00aa regi\u00e3o. Bacharel em Direito. P\u00f3s-graduado em Direito Administrativo, Legisla\u00e7\u00e3o Penal Especial, Direito Penal e Direito Processual Penal. Tamb\u00e9m nomeado no TRF da 3\u00aa regi\u00e3o (8\u00ba lugar); SPPREV (3\u00ba lugar); IFES (2\u00ba lugar); e PMES. https:\\\/\\\/www.instagram.com\\\/proffrederico\\\/\",\"sameAs\":[\"https:\\\/\\\/www.instagram.com\\\/proffrederico\\\/\"],\"url\":\"https:\\\/\\\/cj.estrategia.com\\\/portal\\\/author\\\/xfrederico\\\/\"}]}<\/script>\n<!-- \/ Yoast SEO Premium plugin. -->","yoast_head_json":{"title":"Homic\u00eddio que deixa \u00f3rf\u00e3os \u00e9 mais grave?","description":"An\u00e1lise, conforme entendimento STJ, se a pr\u00e1tica de homic\u00eddio que deixa \u00f3rf\u00e3os torna o crime mais grave quando da dosimetria da pena.","robots":{"index":"index","follow":"follow","max-snippet":"max-snippet:-1","max-image-preview":"max-image-preview:large","max-video-preview":"max-video-preview:-1"},"canonical":"https:\/\/cj.estrategia.com\/portal\/homicidio-orfaos-mais-grave\/","og_locale":"pt_BR","og_type":"article","og_title":"Homic\u00eddio que deixa \u00f3rf\u00e3os \u00e9 mais grave?","og_description":"An\u00e1lise, conforme entendimento STJ, se a pr\u00e1tica de homic\u00eddio que deixa \u00f3rf\u00e3os torna o crime mais grave quando da dosimetria da pena.","og_url":"https:\/\/cj.estrategia.com\/portal\/homicidio-orfaos-mais-grave\/","og_site_name":"Blog - Carreiras Jur\u00eddicas - Estrat\u00e9gia","article_publisher":"https:\/\/www.facebook.com\/estrategiacarreirajuridica\/","article_published_time":"2026-09-02T14:34:00+00:00","og_image":[{"width":1024,"height":683,"url":"https:\/\/cdn-blog-cj.estrategia.com\/portal\/wp-content\/uploads\/2026\/07\/17194641\/depressed-person-sitting-by-window-1024x683.jpg","type":"image\/jpeg"}],"author":"Frederico Tadeu Borlot Peixoto","twitter_card":"summary_large_image","twitter_creator":"@EstratJuridica","twitter_site":"@EstratJuridica","twitter_misc":{"Escrito por":"Frederico Tadeu Borlot Peixoto","Est. tempo de leitura":"5 minutos"},"schema":{"@context":"https:\/\/schema.org","@graph":[{"@type":"NewsArticle","@id":"https:\/\/cj.estrategia.com\/portal\/homicidio-orfaos-mais-grave\/#article","isPartOf":{"@id":"https:\/\/cj.estrategia.com\/portal\/homicidio-orfaos-mais-grave\/"},"author":{"name":"Frederico Tadeu Borlot Peixoto","@id":"https:\/\/cj.estrategia.com\/portal\/#\/schema\/person\/74287401cf4654f4fa04e378de7261ec"},"headline":"Homic\u00eddio que deixa \u00f3rf\u00e3os \u00e9 mais grave?","datePublished":"2026-09-02T14:34:00+00:00","mainEntityOfPage":{"@id":"https:\/\/cj.estrategia.com\/portal\/homicidio-orfaos-mais-grave\/"},"wordCount":1028,"commentCount":0,"publisher":{"@id":"https:\/\/cj.estrategia.com\/portal\/#organization"},"image":{"@id":"https:\/\/cj.estrategia.com\/portal\/homicidio-orfaos-mais-grave\/#primaryimage"},"thumbnailUrl":"https:\/\/cdn-blog-cj.estrategia.com\/portal\/wp-content\/uploads\/2026\/07\/17194641\/depressed-person-sitting-by-window.jpg","articleSection":["Carreiras Jur\u00eddicas"],"inLanguage":"pt-BR","potentialAction":[{"@type":"CommentAction","name":"Comment","target":["https:\/\/cj.estrategia.com\/portal\/homicidio-orfaos-mais-grave\/#respond"]}],"accessibilityFeature":["tableOfContents"]},{"@type":"WebPage","@id":"https:\/\/cj.estrategia.com\/portal\/homicidio-orfaos-mais-grave\/","url":"https:\/\/cj.estrategia.com\/portal\/homicidio-orfaos-mais-grave\/","name":"Homic\u00eddio que deixa \u00f3rf\u00e3os \u00e9 mais grave?","isPartOf":{"@id":"https:\/\/cj.estrategia.com\/portal\/#website"},"primaryImageOfPage":{"@id":"https:\/\/cj.estrategia.com\/portal\/homicidio-orfaos-mais-grave\/#primaryimage"},"image":{"@id":"https:\/\/cj.estrategia.com\/portal\/homicidio-orfaos-mais-grave\/#primaryimage"},"thumbnailUrl":"https:\/\/cdn-blog-cj.estrategia.com\/portal\/wp-content\/uploads\/2026\/07\/17194641\/depressed-person-sitting-by-window.jpg","datePublished":"2026-09-02T14:34:00+00:00","description":"An\u00e1lise, conforme entendimento STJ, se a pr\u00e1tica de homic\u00eddio que deixa \u00f3rf\u00e3os torna o crime mais grave quando da dosimetria da pena.","breadcrumb":{"@id":"https:\/\/cj.estrategia.com\/portal\/homicidio-orfaos-mais-grave\/#breadcrumb"},"inLanguage":"pt-BR","potentialAction":[{"@type":"ReadAction","target":["https:\/\/cj.estrategia.com\/portal\/homicidio-orfaos-mais-grave\/"]}]},{"@type":"ImageObject","inLanguage":"pt-BR","@id":"https:\/\/cj.estrategia.com\/portal\/homicidio-orfaos-mais-grave\/#primaryimage","url":"https:\/\/cdn-blog-cj.estrategia.com\/portal\/wp-content\/uploads\/2026\/07\/17194641\/depressed-person-sitting-by-window.jpg","contentUrl":"https:\/\/cdn-blog-cj.estrategia.com\/portal\/wp-content\/uploads\/2026\/07\/17194641\/depressed-person-sitting-by-window.jpg","width":5376,"height":3584,"caption":"Homic\u00eddio que deixa \u00f3rf\u00e3os \u00e9 mais grave?"},{"@type":"BreadcrumbList","@id":"https:\/\/cj.estrategia.com\/portal\/homicidio-orfaos-mais-grave\/#breadcrumb","itemListElement":[{"@type":"ListItem","position":1,"name":"In\u00edcio","item":"https:\/\/cj.estrategia.com\/portal\/"},{"@type":"ListItem","position":2,"name":"Homic\u00eddio que deixa \u00f3rf\u00e3os \u00e9 mais grave?"}]},{"@type":"WebSite","@id":"https:\/\/cj.estrategia.com\/portal\/#website","url":"https:\/\/cj.estrategia.com\/portal\/","name":"Blog - Carreiras Jur\u00eddicas - Estrat\u00e9gia","description":"","publisher":{"@id":"https:\/\/cj.estrategia.com\/portal\/#organization"},"potentialAction":[{"@type":"SearchAction","target":{"@type":"EntryPoint","urlTemplate":"https:\/\/cj.estrategia.com\/portal\/?s={search_term_string}"},"query-input":{"@type":"PropertyValueSpecification","valueRequired":true,"valueName":"search_term_string"}}],"inLanguage":"pt-BR"},{"@type":"Organization","@id":"https:\/\/cj.estrategia.com\/portal\/#organization","name":"Estrat\u00e9gia - Carreiras Jur\u00eddicas","url":"https:\/\/cj.estrategia.com\/portal\/","logo":{"@type":"ImageObject","inLanguage":"pt-BR","@id":"https:\/\/cj.estrategia.com\/portal\/#\/schema\/logo\/image\/","url":"https:\/\/cj.estrategia.com\/portal\/wp-content\/uploads\/2022\/03\/11151052\/cj-logo.png","contentUrl":"https:\/\/cj.estrategia.com\/portal\/wp-content\/uploads\/2022\/03\/11151052\/cj-logo.png","width":150,"height":39,"caption":"Estrat\u00e9gia - Carreiras Jur\u00eddicas"},"image":{"@id":"https:\/\/cj.estrategia.com\/portal\/#\/schema\/logo\/image\/"},"sameAs":["https:\/\/www.facebook.com\/estrategiacarreirajuridica\/","https:\/\/x.com\/EstratJuridica","https:\/\/www.instagram.com\/estrategiacarreirajuridica\/","https:\/\/www.youtube.com\/channel\/UClbMGuYbj2Mh1m3w144ETWQ"]},{"@type":"Person","@id":"https:\/\/cj.estrategia.com\/portal\/#\/schema\/person\/74287401cf4654f4fa04e378de7261ec","name":"Frederico Tadeu Borlot Peixoto","image":{"@type":"ImageObject","inLanguage":"pt-BR","@id":"https:\/\/cdn-blog-cj.estrategia.com\/portal\/wp-content\/uploads\/2023\/06\/29094204\/GBAY0702-96x96.jpg","url":"https:\/\/cdn-blog-cj.estrategia.com\/portal\/wp-content\/uploads\/2023\/06\/29094204\/GBAY0702-96x96.jpg","contentUrl":"https:\/\/cdn-blog-cj.estrategia.com\/portal\/wp-content\/uploads\/2023\/06\/29094204\/GBAY0702-96x96.jpg","caption":"Frederico Tadeu Borlot Peixoto"},"description":"Analista Judici\u00e1rio - \u00c1rea Judici\u00e1ria do TRF da 4\u00aa regi\u00e3o. Bacharel em Direito. P\u00f3s-graduado em Direito Administrativo, Legisla\u00e7\u00e3o Penal Especial, Direito Penal e Direito Processual Penal. Tamb\u00e9m nomeado no TRF da 3\u00aa regi\u00e3o (8\u00ba lugar); SPPREV (3\u00ba lugar); IFES (2\u00ba lugar); e PMES. https:\/\/www.instagram.com\/proffrederico\/","sameAs":["https:\/\/www.instagram.com\/proffrederico\/"],"url":"https:\/\/cj.estrategia.com\/portal\/author\/xfrederico\/"}]}},"jetpack_sharing_enabled":true,"jetpack_featured_media_url":"https:\/\/cdn-blog-cj.estrategia.com\/portal\/wp-content\/uploads\/2026\/07\/17194641\/depressed-person-sitting-by-window.jpg","_links":{"self":[{"href":"https:\/\/cj.estrategia.com\/portal\/wp-json\/wp\/v2\/posts\/194018","targetHints":{"allow":["GET"]}}],"collection":[{"href":"https:\/\/cj.estrategia.com\/portal\/wp-json\/wp\/v2\/posts"}],"about":[{"href":"https:\/\/cj.estrategia.com\/portal\/wp-json\/wp\/v2\/types\/post"}],"author":[{"embeddable":true,"href":"https:\/\/cj.estrategia.com\/portal\/wp-json\/wp\/v2\/users\/39"}],"replies":[{"embeddable":true,"href":"https:\/\/cj.estrategia.com\/portal\/wp-json\/wp\/v2\/comments?post=194018"}],"version-history":[{"count":2,"href":"https:\/\/cj.estrategia.com\/portal\/wp-json\/wp\/v2\/posts\/194018\/revisions"}],"predecessor-version":[{"id":194021,"href":"https:\/\/cj.estrategia.com\/portal\/wp-json\/wp\/v2\/posts\/194018\/revisions\/194021"}],"wp:featuredmedia":[{"embeddable":true,"href":"https:\/\/cj.estrategia.com\/portal\/wp-json\/wp\/v2\/media\/194019"}],"wp:attachment":[{"href":"https:\/\/cj.estrategia.com\/portal\/wp-json\/wp\/v2\/media?parent=194018"}],"wp:term":[{"taxonomy":"category","embeddable":true,"href":"https:\/\/cj.estrategia.com\/portal\/wp-json\/wp\/v2\/categories?post=194018"},{"taxonomy":"post_tag","embeddable":true,"href":"https:\/\/cj.estrategia.com\/portal\/wp-json\/wp\/v2\/tags?post=194018"},{"taxonomy":"tax_estado","embeddable":true,"href":"https:\/\/cj.estrategia.com\/portal\/wp-json\/wp\/v2\/tax_estado?post=194018"}],"curies":[{"name":"wp","href":"https:\/\/api.w.org\/{rel}","templated":true}]}}