{"id":1900,"date":"2026-04-28T06:25:00","date_gmt":"2026-04-28T09:25:00","guid":{"rendered":"https:\/\/cj.estrategia.com\/portal\/?p=1900"},"modified":"2026-04-28T07:37:05","modified_gmt":"2026-04-28T10:37:05","slug":"concurso-dpe-ba-defensor","status":"publish","type":"post","link":"https:\/\/cj.estrategia.com\/portal\/concurso-dpe-ba-defensor\/","title":{"rendered":"Concurso DPE BA Defensor: gabaritos divulgados!"},"content":{"rendered":"<a id=\"cta-icon\" href=\"https:\/\/sndflw.com\/i\/defensorias-grupo\" target=\"blank\" style=\"background:rgb(41,166,26)\">\n            <img decoding=\"async\" src=\"https:\/\/cj.estrategia.com\/portal\/wp-content\/uploads\/2023\/12\/07160657\/whatsapp_1385.webp\" alt=\"\" alt=\"whatsapp_1385\"><span > Acesse agora o Grupo de Estudos para Concursos em Defensoria<\/span><\/a>\n\n\n\n<p>Aten\u00e7\u00e3o! Foi publicado no Di\u00e1rio Oficial da Defensoria P\u00fablica do Estado da Bahia o<strong> gabarito preliminar da prova objetiva. <\/strong><\/p>\n\n\n\n<p>Vale destacar que nos 2 (dois) dias \u00fateis seguintes \u00e0 divulga\u00e7\u00e3o do gabarito e da vista da prova, o candidato poder\u00e1 apresentar recurso dirigido \u00e0 Funda\u00e7\u00e3o Carlos Chagas, de acordo com o Cap\u00edtulo 18 do Edital n\u00ba 01\/2026 de Abertura de Inscri\u00e7\u00f5es.<\/p>\n\n\n\n<p><a href=\"https:\/\/cj.estrategia.com\/portal\/wp-content\/uploads\/2026\/04\/28073521\/GABARITO-DPE-BA-2026.pdf\">Gabarito preliminar \u2013 Prova Objetiva <\/a><\/p>\n\n\n\n<p>Com mais de <strong>6 mil inscritos<\/strong>, a Defensoria P\u00fablica do Estado da Bahia aplicou no dia 26\/04, a prova objetiva para o cargo de <strong>Defensor P\u00fablico<\/strong>. <\/p>\n\n\n\n<p> O <em>IX Concurso para ingresso na classe inicial da carreira,<\/em> oferece <strong>25 vagas imediatas<\/strong>, al\u00e9m da forma\u00e7\u00e3o de cadastro reserva.<\/p>\n\n\n\n<ul class=\"wp-block-list\"><\/ul>\n\n\n\n<p>A organiza\u00e7\u00e3o do concurso est\u00e1 sob responsabilidade da Funda\u00e7\u00e3o Carlos Chagas (FCC). O subs\u00eddio inicial \u00e9 de <strong>R$ 29.421,12<\/strong>, sob regime estatut\u00e1rio, com estabilidade e possibilidade de crescimento na carreira.<\/p>\n\n\n\n<ul class=\"wp-block-list has-very-light-gray-to-cyan-bluish-gray-gradient-background has-background\">\n<li><strong>Concurso DPE BA Defensor<\/strong><\/li>\n\n\n\n<li><strong>Status:<\/strong> gabaritos divulgados<\/li>\n\n\n\n<li><strong>Banca:<\/strong> FCC<\/li>\n\n\n\n<li><strong>Vagas:\u00a0<\/strong>25 + CR<\/li>\n\n\n\n<li><strong>Sal\u00e1rio inicial:<\/strong>\u00a0R$ 29.421,12<\/li>\n\n\n\n<li><a href=\"https:\/\/cj.estrategia.com\/portal\/wp-content\/uploads\/2026\/02\/24080635\/edital_de_abertura_dpeba_23_02_2026.pdf\" target=\"_blank\" >Edital DPE BA Defensor 2026<\/a><\/li>\n<\/ul>\n\n\n\n<div class=\"container\" id=\"boxes\">\n  <div class=\"row\">\n\n    <div class=\"col-sm\">\n      <div class=\"banner-ecj-defensorias\" id=\"box-assinatura\">\n        <h2 id=\"cursos-para-concurso-dpe-ba\" class=\"titulo-assinatura\"><span style=\"color: #ffffff; font-size: 23px; \">Cursos para Concurso DPE BA<\/span><\/h2>\n        <p class=\"subtitulo-assinatura\">Cursos focados no edital!<\/p>\n        <div class=\"box-botao\">\n          <a class=\"btn-assinatura-juridica\" target=\"_blank\" href=\"https:\/\/cj.estrategia.com\/concurso\/dpe-ba\" role=\"button\" rel=\"noopener noreferrer\">CLIQUE AQUI<\/a>\n        <\/div>\n      <\/div>\n      <p class=\"texto-auxiliar\">Prepare-se com o melhor material e com quem mais aprova em concursos em todo o pa\u00eds. \n<\/p>\n    <\/div>\n\n  <\/div>\n<\/div>\n\n\n\n<div class=\"wp-block-yoast-seo-table-of-contents yoast-table-of-contents\"><ul><li><a href=\"#atual\" data-level=\"2\">Concurso DPE BA Defensor: situa\u00e7\u00e3o atual<\/a><ul><li><a href=\"#h-principais-datas\" data-level=\"3\">Principais datas<\/a><\/li><li><a href=\"#h-linha-do-tempo\" data-level=\"3\">Linha do tempo<\/a><\/li><\/ul><\/li><li><a href=\"#carreira\" data-level=\"2\">Carreira de Defensor na DPE BA<\/a><ul><li><a href=\"#requisitos\" data-level=\"3\">Requisitos do cargo<\/a><\/li><li><a href=\"#cargos\" data-level=\"3\">Quanto ganha um Defensor no \u00f3rg\u00e3o? Quantos cargos est\u00e3o vagos?<\/a><\/li><\/ul><\/li><li><a href=\"#h-etapas-do-concurso-dpe-ba-defensor\" data-level=\"2\">Etapas do Concurso DPE BA Defensor<\/a><ul><li><a href=\"#h-prova-objetiva\" data-level=\"3\">Prova objetiva<\/a><\/li><li><a href=\"#h-provas-discursivas-pecas-e-questoes-com-consulta-apenas-a-lei-seca\" data-level=\"3\">Provas discursivas: pe\u00e7as e quest\u00f5es com consulta apenas \u00e0 lei seca<\/a><\/li><li><a href=\"#h-prova-oral\" data-level=\"3\">Prova oral<\/a><\/li><li><a href=\"#h-avaliacao-de-titulos\" data-level=\"3\">Avalia\u00e7\u00e3o de t\u00edtulos<\/a><\/li><\/ul><\/li><li><a href=\"#h-ultimo-concurso-dpe-ba-defensor-2021\" data-level=\"2\">\u00daltimo Concurso DPE BA Defensor (2021)<\/a><ul><li><a href=\"#h-estudo-de-medio-prazo-para-o-concurso-de-defensor-publico\" data-level=\"3\">Estudo de M\u00e9dio Prazo para o Concurso de Defensor P\u00fablico<\/a><\/li><li><a href=\"#h-provas-comentadas\" data-level=\"3\">Provas comentadas<\/a><\/li><li><a href=\"#h-material-de-estudo\" data-level=\"3\">Material de estudo<\/a><\/li><\/ul><\/li><\/ul><\/div>\n\n\n\n<h2 class=\"wp-block-heading\" id=\"atual\"><span id=\"concurso-dpe-ba-defensor-situacao-atual\">Concurso DPE BA Defensor: situa\u00e7\u00e3o atual<\/span><\/h2>\n\n\n\n<h3 class=\"wp-block-heading\" id=\"h-principais-datas\"><span id=\"principais-datas\">Principais datas<\/span><\/h3>\n\n\n\n<p class=\"has-very-light-gray-to-cyan-bluish-gray-gradient-background has-background\"><strong>Qual o prazo de inscri\u00e7\u00f5es?<\/strong> <s>26\/02 a 18\/03\/2026<\/s> <s>(prorrogado at\u00e9 19\/03)<\/s><br><strong>At\u00e9 quando eu posso solicitar a isen\u00e7\u00e3o da taxa?<\/strong> <s>26 e 27\/02\/2026<\/s><br><strong>At\u00e9 quando posso pagar a taxa? <\/strong><s>20\/03\/2026<\/s><br><strong>Quando ser\u00e1 a prova?<\/strong><br> \u2013 <em>Objetiva:<\/em> <s>26\/04\/2026<\/s><br> \u2013<em>Discursiva P2:<\/em> 27\/06\/2026<br> \u2013<em>Discursiva P3:<\/em> 28\/06\/2026<\/p>\n\n\n\n<h3 class=\"wp-block-heading\" id=\"h-linha-do-tempo\"><span id=\"linha-do-tempo\">Linha do tempo<\/span><\/h3>\n\n\n\n<ul class=\"wp-block-list\">\n<li>24\/04\/2026 \u2013 <a href=\"https:\/\/cj.estrategia.com\/portal\/wp-content\/uploads\/2026\/03\/16100554\/dpeba125_estatistica_inscritos.cleaned.pdf\" target=\"_blank\" >N\u00famero de inscritos<\/a><\/li>\n\n\n\n<li>24\/02\/2026 \u2013 <a href=\"https:\/\/cj.estrategia.com\/portal\/edital-dpe-ba-defensor-publicado\/\" target=\"_blank\" >Edital publicado <\/a><\/li>\n\n\n\n<li>12\/02\/2026 \u2013 <a href=\"https:\/\/cj.estrategia.com\/portal\/wp-content\/uploads\/2026\/02\/12105114\/DPE-BA.pdf\">Retifica\u00e7\u00e3o do Regulamento do concurso<\/a><\/li>\n\n\n\n<li>06\/02\/2026 \u2013 <a href=\"https:\/\/cj.estrategia.com\/portal\/wp-content\/uploads\/2026\/02\/06154308\/WhatsApp-Image-2026-02-06-at-15.33.42.jpeg\" target=\"_blank\" >Convoca\u00e7\u00e3o para a 263\u00aa Sess\u00e3o Extraordin\u00e1ria<\/a>;<\/li>\n\n\n\n<li>19\/01\/2026 \u2013 <a href=\"https:\/\/cj.estrategia.com\/portal\/wp-content\/uploads\/2026\/01\/19192541\/CONTRATO02.2025DPEXFCC-1.pdf\" target=\"_blank\" >Contrato com a FCC<\/a>;<\/li>\n\n\n\n<li>13\/01\/2026 \u2013 <a href=\"https:\/\/cj.estrategia.com\/portal\/wp-content\/uploads\/2026\/01\/15094835\/image-3.png\" target=\"_blank\" rel=\"noreferrer noopener nofollow\">Banca definida (FCC)<\/a>;<\/li>\n\n\n\n<li>07\/11\/2025 \u2013 <a href=\"https:\/\/cj.estrategia.com\/portal\/wp-content\/uploads\/2025\/11\/07070530\/diario_001579_20251107.pdf.pdf\">Regulamento<\/a>;<\/li>\n\n\n\n<li>19\/08\/2025- <a href=\"https:\/\/cj.estrategia.com\/portal\/wp-content\/uploads\/2025\/07\/19104910\/dpe-ba.pdf\" target=\"_blank\" >Comiss\u00e3o organizadora oficializada<\/a> e <a href=\"https:\/\/cj.estrategia.com\/portal\/wp-content\/uploads\/2025\/08\/02092834\/C8EC6304-C78B-4372-BD79-9D1FC44090E7.png\">alterada<\/a>;<\/li>\n\n\n\n<li>15\/07\/2025 \u2013 <a href=\"https:\/\/cj.estrategia.com\/portal\/wp-content\/uploads\/2025\/07\/15181732\/LDO-2026-Anexo-I-Prioridades.pdf\" target=\"_blank\" >LDO BA 2026<\/a>.<\/li>\n\n\n\n<li>13\/01\/2025 \u2013 <a href=\"https:\/\/cj.estrategia.com\/portal\/wp-content\/uploads\/2025\/01\/13183810\/image-5.png\" target=\"_blank\" rel=\"noreferrer noopener nofollow\">Concurso aprovado em reuni\u00e3o do conselho<\/a>.<\/li>\n<\/ul>\n\n\n\n<h2 class=\"wp-block-heading\" id=\"carreira\"><span id=\"carreira-de-defensor-na-dpe-ba\">Carreira de Defensor na DPE BA<\/span><\/h2>\n\n\n\n<h3 class=\"wp-block-heading\" id=\"requisitos\"><span id=\"requisitos-do-cargo\">Requisitos do cargo<\/span><\/h3>\n\n\n\n<ul class=\"wp-block-list\">\n<li>Forma\u00e7\u00e3o em bacharelado em Direito, em escola oficial ou reconhecida.<\/li>\n\n\n\n<li>Comprova\u00e7\u00e3o de 3 anos de experi\u00eancia jur\u00eddica na data da posse.<\/li>\n<\/ul>\n\n\n\n<p><em>Quer um guia completo sobre\u00a0<a href=\"https:\/\/www.estrategiaconcursos.com.br\/blog\/atividade-juridica-concursos-publicos\/\">atividade jur\u00eddica<\/a>\u00a0em concursos p\u00fablicos? N\u00f3s temos!<\/em><\/p>\n\n\n\n<h3 class=\"wp-block-heading\" id=\"cargos\"><span id=\"quanto-ganha-um-defensor-no-orgao-quantos-cargos-estao-vagos\">Quanto ganha um Defensor no \u00f3rg\u00e3o? Quantos cargos est\u00e3o vagos?<\/span><\/h3>\n\n\n\n<figure class=\"wp-block-table is-style-stripes\"><table class=\"has-luminous-vivid-amber-background-color has-background\"><thead><tr><th class=\"has-text-align-center\" data-align=\"center\">Classe<\/th><th class=\"has-text-align-center\" data-align=\"center\">Remunera\u00e7\u00e3o<\/th><th class=\"has-text-align-center\" data-align=\"center\">Total Vagas<\/th><th class=\"has-text-align-center\" data-align=\"center\">Preenchidas<\/th><th class=\"has-text-align-center\" data-align=\"center\">Dispon\u00edveis<\/th><\/tr><\/thead><tbody><tr><td class=\"has-text-align-center\" data-align=\"center\">Classe Inicial I<\/td><td class=\"has-text-align-center\" data-align=\"center\">R$ 29.421,12<\/td><td class=\"has-text-align-center\" data-align=\"center\">135<\/td><td class=\"has-text-align-center\" data-align=\"center\">61<\/td><td class=\"has-text-align-center\" data-align=\"center\">74<\/td><\/tr><tr><td class=\"has-text-align-center\" data-align=\"center\">Classe Inicial II<\/td><td class=\"has-text-align-center\" data-align=\"center\">R$ 31.635,62<\/td><td class=\"has-text-align-center\" data-align=\"center\">59<\/td><td class=\"has-text-align-center\" data-align=\"center\">14<\/td><td class=\"has-text-align-center\" data-align=\"center\">45<\/td><\/tr><tr><td class=\"has-text-align-center\" data-align=\"center\">Classe Intermedi\u00e1ria<\/td><td class=\"has-text-align-center\" data-align=\"center\">R$ 34.016,79<\/td><td class=\"has-text-align-center\" data-align=\"center\">79<\/td><td class=\"has-text-align-center\" data-align=\"center\">58<\/td><td class=\"has-text-align-center\" data-align=\"center\">21<\/td><\/tr><tr><td class=\"has-text-align-center\" data-align=\"center\">Classe Final<\/td><td class=\"has-text-align-center\" data-align=\"center\">R$ 36.577,20<\/td><td class=\"has-text-align-center\" data-align=\"center\">250<\/td><td class=\"has-text-align-center\" data-align=\"center\">249<\/td><td class=\"has-text-align-center\" data-align=\"center\">1<\/td><\/tr><tr><td class=\"has-text-align-center\" data-align=\"center\">Defensor P\u00fablico de Inst\u00e2ncia Superior<\/td><td class=\"has-text-align-center\" data-align=\"center\">R$ 39.334,02<\/td><td class=\"has-text-align-center\" data-align=\"center\">60<\/td><td class=\"has-text-align-center\" data-align=\"center\">41<\/td><td class=\"has-text-align-center\" data-align=\"center\">19<\/td><\/tr><\/tbody><\/table><figcaption class=\"wp-element-caption\"><strong><em>Fonte: <a href=\"https:\/\/transparencia.defensoria.ba.def.br\/ba\/defensoria\/cargos\" target=\"_blank\" >portal da transpar\u00eancia<\/a>.<\/em><\/strong><\/figcaption><\/figure>\n\n\n\n<h2 class=\"wp-block-heading\" id=\"h-etapas-do-concurso-dpe-ba-defensor\"><span id=\"etapas-do-concurso-dpe-ba-defensor\">Etapas do Concurso DPE BA Defensor<\/span><\/h2>\n\n\n\n<ul class=\"wp-block-list\">\n<li><strong>Prova objetiva,<\/strong> de car\u00e1ter eliminat\u00f3rio e classificat\u00f3rio.<\/li>\n\n\n\n<li><strong>Prova discursiva \u2013 eixo c\u00edvel),<\/strong> de car\u00e1ter eliminat\u00f3rio e classificat\u00f3rio.\n<ul class=\"wp-block-list\">\n<li><strong>Prova discursiva \u2013 eixo penal,<\/strong> de car\u00e1ter eliminat\u00f3rio e classificat\u00f3rio.<\/li>\n<\/ul>\n<\/li>\n\n\n\n<li><strong>Prova oral,<\/strong> de car\u00e1ter eliminat\u00f3rio e classificat\u00f3rio.<\/li>\n\n\n\n<li><strong>Avalia\u00e7\u00e3o de t\u00edtulos,<\/strong> de car\u00e1ter eliminat\u00f3rio e classificat\u00f3rio.<\/li>\n<\/ul>\n\n\n\n<h3 class=\"wp-block-heading\" id=\"h-prova-objetiva\"><span id=\"prova-objetiva\">Prova objetiva<\/span><\/h3>\n\n\n\n<p>A <strong>P1<\/strong> foi <strong>eliminat\u00f3ria e classificat\u00f3ria<\/strong>, com nota de <strong>0 a 10<\/strong>, e re\u00fane <strong>cinco blocos<\/strong>:<\/p>\n\n\n\n<p><strong>I<\/strong> \u2013 Direitos Humanos, Constitucional, Administrativo;<br><strong>II<\/strong> \u2013 Penal, Processual Penal, Execu\u00e7\u00e3o Penal e Criminologia;<br><strong>III<\/strong> \u2013 Civil, Consumidor, Processual Civil e Seguridade Social (no que couber \u00e0 atua\u00e7\u00e3o da DPE);<br><strong>IV<\/strong> \u2013 Crian\u00e7a e Adolescente, Legisla\u00e7\u00e3o\/Princ\u00edpios\/Atribui\u00e7\u00f5es da DPE\/BA, Filosofia do Direito e Sociologia Jur\u00eddica;<br><strong>V<\/strong> \u2013 Ambiental e Urban\u00edstico, Aspectos da Constitui\u00e7\u00e3o Estadual e Hist\u00f3ria da Bahia, Direito Antidiscriminat\u00f3rio e DH com \u00eanfase em pessoas em situa\u00e7\u00e3o de vulnerabilidade.<\/p>\n\n\n\n<p>A resposta deveria refletir <strong>doutrina dominante<\/strong> ou <strong>jurisprud\u00eancia pacificada<\/strong> dos Tribunais Superiores. <strong>N\u00e3o h\u00e1 consulta<\/strong> e a dura\u00e7\u00e3o \u00e9 de 5 horas.<\/p>\n\n\n\n<p><strong>Habilita\u00e7\u00e3o na P1<\/strong>: m\u00ednimo de <strong>25% de acertos em cada bloco<\/strong> e <strong>m\u00e9dia final \u2265 60%<\/strong> do total. Avan\u00e7am \u00e0 P2, na <strong>ampla concorr\u00eancia<\/strong>, as <strong>240 maiores notas<\/strong>.<\/p>\n\n\n\n<h3 class=\"wp-block-heading\" id=\"h-provas-discursivas-pecas-e-questoes-com-consulta-apenas-a-lei-seca\"><span id=\"provas-discursivas-pecas-e-questoes-com-consulta-apenas-a-lei-seca\">Provas discursivas: pe\u00e7as e quest\u00f5es com consulta apenas \u00e0 lei seca<\/span><\/h3>\n\n\n\n<p>As duas discursivas s\u00e3o <strong>eliminat\u00f3rias e classificat\u00f3rias<\/strong>, com <strong>nota 0 a 10<\/strong> e <strong>5 horas<\/strong> cada, em <strong>dias distintos<\/strong>. \u00c9 permitida <strong>consulta apenas \u00e0 legisla\u00e7\u00e3o desacompanhada de anota\u00e7\u00f5es\/coment\u00e1rios<\/strong>; ficam <strong>vedados<\/strong> doutrina, s\u00famulas\/oj e compila\u00e7\u00f5es.<\/p>\n\n\n\n<p> A <strong>elimina\u00e7\u00e3o<\/strong> ocorre com <strong>nota menor que 5,00<\/strong> (sem arredondamento; fra\u00e7\u00f5es abaixo do cent\u00e9simo s\u00e3o desconsideradas). Ap\u00f3s a corre\u00e7\u00e3o, h\u00e1 <strong>vista<\/strong> e <strong>recurso \u00e0 banca<\/strong>; a <strong>decis\u00e3o final n\u00e3o comporta novo recurso<\/strong>. <\/p>\n\n\n\n<ul class=\"wp-block-list\">\n<li><strong>P2 \u2013 eixo c\u00edvel<\/strong>:<br>\u2022 <strong>Pe\u00e7a processual c\u00edvel<\/strong> abrangendo <strong>Civil, Processual Civil, Direitos Humanos e Ambiental\/Urban\u00edstico<\/strong> (<strong>0\u20135<\/strong>).<br>\u2022 <strong>Duas quest\u00f5es<\/strong> sobre <strong>Filosofia do Direito<\/strong>, <strong>Sociologia Jur\u00eddica<\/strong> e\/ou <strong>Direito Antidiscriminat\u00f3rio<\/strong> (\u00eanfase popula\u00e7\u00e3o negra e povos\/comunidades tradicionais) e <strong>DH com foco em vulnerabilidade<\/strong> (<strong>0\u20132,5 cada<\/strong>). <\/li>\n\n\n\n<li><strong>P3 \u2013 eixo penal<\/strong>:<br>\u2022 <strong>Pe\u00e7a processual penal<\/strong> abrangendo <strong>Penal, Processual Penal, Execu\u00e7\u00e3o Penal e Direitos Humanos<\/strong> (<strong>0\u20135<\/strong>).<br>\u2022 <strong>Duas quest\u00f5es<\/strong> sobre <strong>Criminologia<\/strong> e\/ou <strong>Direito Antidiscriminat\u00f3rio<\/strong> (\u00eanfase popula\u00e7\u00e3o negra e povos\/comunidades tradicionais) e <strong>DH com foco em vulnerabilidade<\/strong> (<strong>0\u20132,5 cada<\/strong>). <\/li>\n<\/ul>\n\n\n\n<h3 class=\"wp-block-heading\" id=\"h-prova-oral\"><span id=\"prova-oral\">Prova oral<\/span><\/h3>\n\n\n\n<p>A <strong>P4<\/strong> \u00e9 <strong>eliminat\u00f3ria e classificat\u00f3ria<\/strong>, em <strong>sess\u00e3o p\u00fablica<\/strong>, com argui\u00e7\u00e3o sobre os mesmos grandes eixos (DH e vulnerabilidade; Constitucional; Penal\/Processual\/Execu\u00e7\u00e3o\/Criminologia; Civil\/Consumidor\/Processual Civil; Crian\u00e7a e Adolescente; Ambiental\/Urban\u00edstico; Antidiscriminat\u00f3rio). <\/p>\n\n\n\n<p>A banca avalia <strong>dom\u00ednio t\u00e9cnico<\/strong>, <strong>conhecimento do ponto sorteado<\/strong>, <strong>s\u00edntese<\/strong>, <strong>linguagem t\u00e9cnico-jur\u00eddica<\/strong>, <strong>racioc\u00ednio<\/strong>, <strong>argumenta\u00e7\u00e3o<\/strong> e <strong>uso do vern\u00e1culo<\/strong>. <strong>Aprova\u00e7\u00e3o<\/strong> com <strong>nota maio ou igual a 5,00<\/strong>. <\/p>\n\n\n\n<h3 class=\"wp-block-heading\" id=\"h-avaliacao-de-titulos\"><span id=\"avaliacao-de-titulos\">Avalia\u00e7\u00e3o de t\u00edtulos<\/span><\/h3>\n\n\n\n<p>A <strong>P5<\/strong> \u00e9 <strong>classificat\u00f3ria<\/strong> e soma at\u00e9 <strong>1,00 ponto<\/strong>, distribu\u00edda em <strong>T\u00edtulos Profissionais (at\u00e9 0,40)<\/strong>, <strong>Acad\u00eamicos (at\u00e9 0,50)<\/strong> e <strong>Diversos (at\u00e9 0,10)<\/strong>. <\/p>\n\n\n\n<p>Entre os itens pontu\u00e1veis est\u00e3o exerc\u00edcio em carreiras jur\u00eddicas, doc\u00eancia no ensino superior, especializa\u00e7\u00e3o\/mestrado\/doutorado, publica\u00e7\u00f5es, est\u00e1gio e resid\u00eancia na DPE. <strong>Fra\u00e7\u00e3o de ano n\u00e3o conta<\/strong> e <strong>n\u00e3o h\u00e1 sobreposi\u00e7\u00e3o de tempo<\/strong>. <\/p>\n\n\n\n<p><strong>T\u00cdTULOS PROFISSIONAIS<\/strong><\/p>\n\n\n\n<figure class=\"wp-block-table is-style-stripes\"><table class=\"has-luminous-vivid-amber-background-color has-background has-fixed-layout\"><thead><tr><th>Al\u00ednea<\/th><th>T\u00edtulos<\/th><th>Valor de cada t\u00edtulo<\/th><th>Valor m\u00e1ximo<\/th><\/tr><\/thead><tbody><tr><td>I \u2013 A<\/td><td>Exerc\u00edcio do cargo de Defensor(a) P\u00fablico(a), por ano completo, sem sobreposi\u00e7\u00e3o de tempo<\/td><td>0,04 por ano completo<\/td><td>0,40<\/td><\/tr><tr><td>I \u2013 B<\/td><td>Exerc\u00edcio do cargo de Magistratura, Minist\u00e9rio P\u00fablico, Delegado de Pol\u00edcia Civil ou Federal, AGU ou Procuradoria de qualquer ente da Administra\u00e7\u00e3o P\u00fablica<\/td><td>0,03 por ano completo<\/td><td>0,30<\/td><\/tr><tr><td>I \u2013 C<\/td><td>Servi\u00e7o prestado como titular de carreira jur\u00eddica (excetuadas as al\u00edneas anteriores), por ano completo, sem sobreposi\u00e7\u00e3o<\/td><td>0,02 por ano completo<\/td><td>0,20<\/td><\/tr><\/tbody><\/table><\/figure>\n\n\n\n<p><strong>T\u00cdTULOS ACAD\u00caMICOS<\/strong><\/p>\n\n\n\n<figure class=\"wp-block-table is-style-stripes\"><table class=\"has-luminous-vivid-amber-background-color has-background has-fixed-layout\"><thead><tr><th>Al\u00ednea<\/th><th>T\u00edtulos<\/th><th>Valor de cada t\u00edtulo<\/th><th>Valor m\u00e1ximo<\/th><\/tr><\/thead><tbody><tr><td>II \u2013 A<\/td><td>Magist\u00e9rio superior em Direito (por ano completo, sem sobreposi\u00e7\u00e3o)<\/td><td>0,03 por ano<\/td><td>0,30<\/td><\/tr><tr><td>II \u2013 B<\/td><td>Magist\u00e9rio superior em Ci\u00eancias Sociais Aplicadas, Humanas, Lingu\u00edstica ou Letras (por ano completo)<\/td><td>0,03 por ano<\/td><td>0,15<\/td><\/tr><tr><td>II \u2013 C<\/td><td>Mestrado em Direito<\/td><td>0,10<\/td><td>0,10<\/td><\/tr><tr><td>II \u2013 D<\/td><td>Doutorado em Direito<\/td><td>0,20<\/td><td>0,20<\/td><\/tr><tr><td>II \u2013 E<\/td><td>Especializa\u00e7\u00e3o em Direito<\/td><td>0,05<\/td><td>0,05<\/td><\/tr><tr><td>II \u2013 F<\/td><td>Mestrado em Ci\u00eancias Sociais Aplicadas, Humanas, Lingu\u00edstica ou Letras<\/td><td>0,05<\/td><td>0,05<\/td><\/tr><tr><td>II \u2013 G<\/td><td>Doutorado em Ci\u00eancias Sociais Aplicadas, Humanas, Lingu\u00edstica ou Letras<\/td><td>0,10<\/td><td>0,10<\/td><\/tr><tr><td>II \u2013 H<\/td><td>Especializa\u00e7\u00e3o em Ci\u00eancias Sociais Aplicadas, Humanas, Lingu\u00edstica ou Letras<\/td><td>0,03<\/td><td>0,03<\/td><\/tr><tr><td>II \u2013 I<\/td><td>Gradua\u00e7\u00e3o em Ci\u00eancias Sociais Aplicadas, Humanas, Lingu\u00edstica ou Letras<\/td><td>0,02<\/td><td>0,02<\/td><\/tr><tr><td>II \u2013 J<\/td><td>Livro jur\u00eddico com ISBN, autoria exclusiva, com conselho editorial<\/td><td>0,07<\/td><td>0,07<\/td><\/tr><tr><td>II \u2013 K<\/td><td>Artigo jur\u00eddico individual publicado em peri\u00f3dico com ISSN<\/td><td>0,03<\/td><td>0,03<\/td><\/tr><tr><td>II \u2013 L<\/td><td>Artigo ou trabalho em obra coletiva ou revista especializada<\/td><td>0,01 por artigo<\/td><td>0,03<\/td><\/tr><tr><td>II \u2013 M<\/td><td>Curso preparat\u00f3rio das Escolas da Defensoria (carga hor\u00e1ria superior a 360h)<\/td><td>0,04<\/td><td>0,04<\/td><\/tr><\/tbody><\/table><\/figure>\n\n\n\n<p><strong>T\u00cdTULOS DIVERSOS<\/strong><\/p>\n\n\n\n<figure class=\"wp-block-table is-style-stripes\"><table class=\"has-luminous-vivid-amber-background-color has-background has-fixed-layout\"><thead><tr><th>Al\u00ednea<\/th><th>T\u00edtulos<\/th><th>Valor de cada t\u00edtulo<\/th><th>Valor m\u00e1ximo<\/th><\/tr><\/thead><tbody><tr><td>III \u2013 A<\/td><td>Aprova\u00e7\u00e3o em concurso p\u00fablico para cargo privativo de bacharel em Direito (n\u00e3o pontuado nas al\u00edneas anteriores)<\/td><td>0,01<\/td><td>0,04<\/td><\/tr><tr><td>III \u2013 B<\/td><td>Est\u00e1gio na Defensoria P\u00fablica com dura\u00e7\u00e3o m\u00ednima de 1 ano<\/td><td>0,04 (sem sobreposi\u00e7\u00e3o)<\/td><td>0,04<\/td><\/tr><tr><td>III \u2013 C<\/td><td>Resid\u00eancia Jur\u00eddica na Defensoria ou fun\u00e7\u00e3o jur\u00eddica equivalente por no m\u00ednimo 1 ano<\/td><td>0,04 (sem sobreposi\u00e7\u00e3o)<\/td><td>0,04<\/td><\/tr><\/tbody><\/table><\/figure>\n\n\n\n<h2 class=\"wp-block-heading\" id=\"h-ultimo-concurso-dpe-ba-defensor-2021\"><span id=\"ultimo-concurso-dpe-ba-defensor-2021\">\u00daltimo Concurso DPE BA Defensor (2021)<\/span><\/h2>\n\n\n\n<p>O \u00faltimo concurso teve seu edital em 2021 e ofertou 18 vagas ao cargo de Defensora P\u00fablica ou Defensor P\u00fablico do Estado da Bahia, com iniciais de e R$ 22.528,54, o certame contou com a organiza\u00e7\u00e3o da FCC.<\/p>\n\n\n\n<p>O certame foi <a href=\"https:\/\/cj.estrategia.com\/portal\/wp-content\/uploads\/2024\/08\/13214929\/diario_000713_20220421.pdf.pdf\" target=\"_blank\" >homologado<\/a> em 2022, e seus resultados finais tiveram a validade prorrogada em 2024 por mais dois anos.<\/p>\n\n\n\n<h3 class=\"wp-block-heading\" id=\"h-estudo-de-medio-prazo-para-o-concurso-de-defensor-publico\"><span id=\"estudo-de-medio-prazo-para-o-concurso-de-defensor-publico\">Estudo de M\u00e9dio Prazo para o Concurso de Defensor P\u00fablico<\/span><\/h3>\n\n\n\n<figure class=\"wp-block-embed is-type-video is-provider-youtube wp-block-embed-youtube wp-embed-aspect-16-9 wp-has-aspect-ratio\"><div class=\"wp-block-embed__wrapper\">\n<div class=\"cs-embed cs-embed-responsive\"><iframe title=\"Estudo de M\u00e9dio Prazo para o Concurso de Defensor P\u00fablico\" width=\"1200\" height=\"675\" src=\"https:\/\/www.youtube.com\/embed\/9qfPCLqZR1I?start=9&feature=oembed\" frameborder=\"0\" allow=\"accelerometer; autoplay; clipboard-write; encrypted-media; gyroscope; picture-in-picture; web-share\" referrerpolicy=\"strict-origin-when-cross-origin\" allowfullscreen><\/iframe><\/div>\n<\/div><\/figure>\n\n\n\n<h3 class=\"wp-block-heading\" id=\"h-provas-comentadas\"><span id=\"provas-comentadas\">Provas comentadas<\/span><\/h3>\n\n\n\n<ul class=\"wp-block-list\">\n<li><a href=\"https:\/\/cj.estrategia.com\/portal\/provas-comentadas-de-defensorias\/\" target=\"_blank\" >Provas Comentadas de Defensorias<\/a><\/li>\n<\/ul>\n\n\n\n<h3 class=\"wp-block-heading\" id=\"h-material-de-estudo\"><span id=\"material-de-estudo\">Material de estudo<\/span><\/h3>\n\n\n\n<ul class=\"wp-block-list\">\n<li><a href=\"https:\/\/www.youtube.com\/watch?v=gfp2MYH03_I\" target=\"_blank\" ><\/a><a href=\"https:\/\/youtu.be\/0IkCXBpgZd0\" target=\"_blank\" rel=\"noreferrer noopener nofollow\">An\u00e1lise do edital de 2021<\/a><\/li>\n\n\n\n<li><a href=\"https:\/\/www.youtube.com\/watch?v=MN8z8u-95Ao\" target=\"_blank\" >Defensor da DPE BA: Disciplinas Estrat\u00e9gicas: Direito Processual Penal e Execu\u00e7\u00e3o \u2013 Ivan Marques<\/a><\/li>\n\n\n\n<li><a href=\"https:\/\/www.youtube.com\/watch?v=xvpLXZxYsvI\" target=\"_blank\" >Defensor da DPE BA: Disciplinas Estrat\u00e9gicas: Direito Constitucional \u2013 Prof. Marcos Gomes<\/a><\/li>\n\n\n\n<li><a href=\"https:\/\/www.youtube.com\/watch?v=w5OQN-tRkSc\" target=\"_blank\" >Defensor da DPE BA: Disciplinas Estrat\u00e9gicas: Direitos Humanos \u2013 Prof\u00aa. L\u00facia Reinert<\/a><\/li>\n\n\n\n<li><a href=\"https:\/\/www.youtube.com\/watch?v=pHea6u61CiI\" target=\"_blank\" >Como elevar o n\u00edvel de seus estudos para Defensoria P\u00fablica<\/a><\/li>\n\n\n\n<li><a href=\"https:\/\/www.youtube.com\/watch?v=9qfPCLqZR1I\" target=\"_blank\" >Estudo de M\u00e9dio Prazo para o Concurso de Defensor P\u00fablico<\/a><\/li>\n\n\n\n<li><a href=\"https:\/\/www.youtube.com\/watch?v=eZR-2ReR8KQ\" target=\"_blank\" >Curso Completo Defensoria P\u00fablica \u2013 Criminologia \u2013 Prof. Allan Joos<\/a><a href=\"https:\/\/www.youtube.com\/c\/Estrat%C3%A9giaCarreiraJur%C3%ADdica\"><\/a><a href=\"https:\/\/www.youtube.com\/c\/Estrat%C3%A9giaCarreiraJur%C3%ADdica\"><\/a><\/li>\n<\/ul>\n\n\n\n<h4 class=\"wp-block-heading\" id=\"h-leia-mais\"><span id=\"leia-mais\">Leia mais:<\/span><\/h4>\n\n\n\n<ul class=\"wp-block-list\">\n<li><a href=\"https:\/\/cj.estrategia.com\/portal\/como-foi-o-ultimo-concurso-dpe-ba-defensor\/\" target=\"_blank\" >Como foi o \u00faltimo concurso DPE BA Defensor?<\/a><\/li>\n<\/ul>\n\n\n\n<p class=\"has-text-align-center has-medium-font-size\"><strong>Quer saber tudo sobre concursos previstos? Confira nossos artigos!<\/strong><\/p>\n\n\n\n<ul class=\"wp-block-list\">\n<li><a href=\"https:\/\/cj.estrategia.com\/portal\/concursos-abertos-carreiras-juridicas\/\" target=\"_blank\" >Concursos jur\u00eddicos abertos<\/a><\/li>\n<\/ul>\n\n\n\n<ul class=\"wp-block-list\">\n<li><a href=\"https:\/\/cj.estrategia.com\/portal\/concursos-juridicos-2026\/\" target=\"_blank\" >Concursos jur\u00eddicos 2026<\/a><\/li>\n<\/ul>\n\n\n\n<ul class=\"wp-block-list\">\n<li><a href=\"https:\/\/cj.estrategia.com\/portal\/concursos-defensorias\/\" target=\"_blank\" >Concursos Defensorias<\/a><\/li>\n<\/ul>\n\n\n\n<p class=\"has-text-align-center has-medium-font-size\"><strong>Assinaturas Carreiras Jur\u00eddicas <\/strong><\/p>\n\n\n\n<div class=\"wp-block-cover\" style=\"min-height:155px;aspect-ratio:unset;\"><img decoding=\"async\" width=\"1890\" height=\"351\" class=\"wp-block-cover__image-background wp-image-8669\" alt=\"Assinaturas Jur\u00eddicas\" src=\"https:\/\/cj.estrategia.com\/portal\/wp-content\/uploads\/2022\/06\/20151253\/concurso-carreiras-juridicas-assinatura-juridica.jpg\" style=\"object-position:78% 43%\" data-object-fit=\"cover\" data-object-position=\"78% 43%\" srcset=\"https:\/\/cj.estrategia.com\/portal\/wp-content\/uploads\/2022\/06\/20151253\/concurso-carreiras-juridicas-assinatura-juridica.jpg 1890w, https:\/\/cj.estrategia.com\/portal\/wp-content\/uploads\/2022\/06\/20151253\/concurso-carreiras-juridicas-assinatura-juridica-300x56.jpg 300w, https:\/\/cj.estrategia.com\/portal\/wp-content\/uploads\/2022\/06\/20151253\/concurso-carreiras-juridicas-assinatura-juridica-1024x190.jpg 1024w, https:\/\/cj.estrategia.com\/portal\/wp-content\/uploads\/2022\/06\/20151253\/concurso-carreiras-juridicas-assinatura-juridica-768x143.jpg 768w, https:\/\/cj.estrategia.com\/portal\/wp-content\/uploads\/2022\/06\/20151253\/concurso-carreiras-juridicas-assinatura-juridica-1536x285.jpg 1536w, https:\/\/cj.estrategia.com\/portal\/wp-content\/uploads\/2022\/06\/20151253\/concurso-carreiras-juridicas-assinatura-juridica-380x71.jpg 380w, https:\/\/cj.estrategia.com\/portal\/wp-content\/uploads\/2022\/06\/20151253\/concurso-carreiras-juridicas-assinatura-juridica-800x149.jpg 800w, https:\/\/cj.estrategia.com\/portal\/wp-content\/uploads\/2022\/06\/20151253\/concurso-carreiras-juridicas-assinatura-juridica-1160x215.jpg 1160w\" sizes=\"(max-width: 1890px) 100vw, 1890px\" \/><span aria-hidden=\"true\" class=\"wp-block-cover__background has-background-dim\"><\/span><div class=\"wp-block-cover__inner-container is-layout-flow wp-block-cover-is-layout-flow\">\n<h3 id=\"faca-a-sua-assinatura\" class=\"titulo-assinatura\"><span style=\"color: #ffffff;\">Fa\u00e7a a sua assinatura!<\/span><\/h3>\n<p class=\"subtitulo-assinatura\" style=\"display:block!important; line-height: 0;\"><span style=\"color: #ffffff;\">Escolha a sua \u00e1rea.<\/span><\/p>\n<a target=\"_blank\" href=\"https:\/\/www.estrategiaconcursos.com.br\/assinaturas-ecj\/\" rel=\"noopener\"><button style=\"border-radius: 10px; text-transform: capitalize;\">Acessar<\/button><\/a>\n<\/div><\/div>\n\n\n\n<figure class=\"wp-block-image size-large is-resized\"><img decoding=\"async\" src=\"https:\/\/dhg1h5j42swfq.cloudfront.net\/2021\/04\/30083952\/ficha-tecnica-186-1024x632.png\" alt=\"\" class=\"wp-image-727717\" style=\"width:170px;height:104px\"\/><\/figure>\n\n\n\n<h4 class=\"wp-block-heading\" id=\"ficha\"><span id=\"informacoes-sobre-o-concurso-dpe-ba-defensor\">Informa\u00e7\u00f5es sobre o concurso DPE BA Defensor<\/span><\/h4>\n\n\n\n<ul class=\"wp-block-list\">\n<li><strong>Cargos:<\/strong> Defensor P\u00fablico Substituto <\/li>\n\n\n\n<li><strong>Lota\u00e7\u00f5es: <\/strong>Bahia<\/li>\n\n\n\n<li><strong>Banca: <\/strong>FCC<\/li>\n\n\n\n<li><strong>Escolaridade:<\/strong> N\u00edvel Superior em Direito + 3 anos de atividade jur\u00eddica<\/li>\n\n\n\n<li><a href=\"https:\/\/cj.estrategia.com\/portal\/wp-content\/uploads\/2026\/02\/24080635\/edital_de_abertura_dpeba_23_02_2026.pdf\" target=\"_blank\" >Edital DPE BA Defensor 2026<\/a><\/li>\n\n\n\n<li><strong>\u00daltimo Edital:<\/strong> <a href=\"https:\/\/dhg1h5j42swfq.cloudfront.net\/2021\/05\/19073855\/dpe-ba-defensor-edital-2021-1.pdf\" target=\"_blank\" rel=\"noreferrer noopener nofollow\">DPE BA Defensor 2021<\/a><\/li>\n<\/ul>\n","protected":false},"excerpt":{"rendered":"Certame oferta 25 vagas imediatas e inicial de R$ 29.421,12. \n","protected":false},"author":12,"featured_media":177771,"comment_status":"open","ping_status":"open","sticky":false,"template":"","format":"standard","meta":{"_jetpack_memberships_contains_paid_content":false,"footnotes":""},"categories":[27],"tags":[],"tax_estado":[34],"class_list":{"0":"post-1900","1":"post","2":"type-post","3":"status-publish","4":"format-standard","5":"has-post-thumbnail","7":"category-defensoria","8":"tax_estado-ba"},"acf":[],"yoast_head":"<!-- This site is optimized with the Yoast SEO Premium plugin v27.5 (Yoast SEO v27.5) - https:\/\/yoast.com\/product\/yoast-seo-premium-wordpress\/ -->\n<title>Concurso DPE BA Defensor: gabaritos divulgados!<\/title>\n<meta name=\"description\" content=\"Saiba tudo sobre o concurso DPE BA Defensor, que oferece 25 vagas e um sal\u00e1rio inicial de R$ 29.421,12. Prepare-se!\" \/>\n<meta name=\"robots\" content=\"index, follow, max-snippet:-1, max-image-preview:large, max-video-preview:-1\" \/>\n<link rel=\"canonical\" href=\"https:\/\/cj.estrategia.com\/portal\/concurso-dpe-ba-defensor\/\" \/>\n<meta property=\"og:locale\" content=\"pt_BR\" \/>\n<meta property=\"og:type\" content=\"article\" \/>\n<meta property=\"og:title\" content=\"Concurso DPE BA Defensor: gabaritos divulgados!\" \/>\n<meta property=\"og:description\" content=\"Saiba tudo sobre o concurso DPE BA Defensor, que oferece 25 vagas e um sal\u00e1rio inicial de R$ 29.421,12. Prepare-se!\" \/>\n<meta property=\"og:url\" content=\"https:\/\/cj.estrategia.com\/portal\/concurso-dpe-ba-defensor\/\" \/>\n<meta property=\"og:site_name\" content=\"Blog - Carreiras Jur\u00eddicas - Estrat\u00e9gia\" \/>\n<meta property=\"article:publisher\" content=\"https:\/\/www.facebook.com\/estrategiacarreirajuridica\/\" \/>\n<meta property=\"article:published_time\" content=\"2026-04-28T09:25:00+00:00\" \/>\n<meta property=\"article:modified_time\" content=\"2026-04-28T10:37:05+00:00\" \/>\n<meta property=\"og:image\" content=\"https:\/\/cj.estrategia.com\/portal\/wp-content\/uploads\/2025\/12\/04114740\/defensorias.jpg\" \/>\n\t<meta property=\"og:image:width\" content=\"2459\" \/>\n\t<meta property=\"og:image:height\" content=\"1383\" \/>\n\t<meta property=\"og:image:type\" content=\"image\/jpeg\" \/>\n<meta name=\"author\" content=\"Coordena\u00e7\u00e3o\" \/>\n<meta name=\"twitter:card\" content=\"summary_large_image\" \/>\n<meta name=\"twitter:creator\" content=\"@EstratJuridica\" \/>\n<meta name=\"twitter:site\" content=\"@EstratJuridica\" \/>\n<meta name=\"twitter:label1\" content=\"Escrito por\" \/>\n\t<meta name=\"twitter:data1\" content=\"Coordena\u00e7\u00e3o\" \/>\n\t<meta name=\"twitter:label2\" content=\"Est. tempo de leitura\" \/>\n\t<meta name=\"twitter:data2\" content=\"9 minutos\" \/>\n<script type=\"application\/ld+json\" class=\"yoast-schema-graph\">{\"@context\":\"https:\\\/\\\/schema.org\",\"@graph\":[{\"@type\":\"NewsArticle\",\"@id\":\"https:\\\/\\\/cj.estrategia.com\\\/portal\\\/concurso-dpe-ba-defensor\\\/#article\",\"isPartOf\":{\"@id\":\"https:\\\/\\\/cj.estrategia.com\\\/portal\\\/concurso-dpe-ba-defensor\\\/\"},\"author\":{\"name\":\"Coordena\u00e7\u00e3o\",\"@id\":\"https:\\\/\\\/cj.estrategia.com\\\/portal\\\/#\\\/schema\\\/person\\\/4d70317d31449932b99102916b6637f5\"},\"headline\":\"Concurso DPE BA Defensor: gabaritos divulgados!\",\"datePublished\":\"2026-04-28T09:25:00+00:00\",\"dateModified\":\"2026-04-28T10:37:05+00:00\",\"mainEntityOfPage\":{\"@id\":\"https:\\\/\\\/cj.estrategia.com\\\/portal\\\/concurso-dpe-ba-defensor\\\/\"},\"wordCount\":1619,\"commentCount\":0,\"publisher\":{\"@id\":\"https:\\\/\\\/cj.estrategia.com\\\/portal\\\/#organization\"},\"image\":{\"@id\":\"https:\\\/\\\/cj.estrategia.com\\\/portal\\\/concurso-dpe-ba-defensor\\\/#primaryimage\"},\"thumbnailUrl\":\"https:\\\/\\\/cj.estrategia.com\\\/portal\\\/wp-content\\\/uploads\\\/2025\\\/12\\\/04114740\\\/defensorias.jpg\",\"articleSection\":[\"Defensoria\"],\"inLanguage\":\"pt-BR\",\"potentialAction\":[{\"@type\":\"CommentAction\",\"name\":\"Comment\",\"target\":[\"https:\\\/\\\/cj.estrategia.com\\\/portal\\\/concurso-dpe-ba-defensor\\\/#respond\"]}],\"accessibilityFeature\":[\"tableOfContents\"]},{\"@type\":\"WebPage\",\"@id\":\"https:\\\/\\\/cj.estrategia.com\\\/portal\\\/concurso-dpe-ba-defensor\\\/\",\"url\":\"https:\\\/\\\/cj.estrategia.com\\\/portal\\\/concurso-dpe-ba-defensor\\\/\",\"name\":\"Concurso DPE BA Defensor: gabaritos divulgados!\",\"isPartOf\":{\"@id\":\"https:\\\/\\\/cj.estrategia.com\\\/portal\\\/#website\"},\"primaryImageOfPage\":{\"@id\":\"https:\\\/\\\/cj.estrategia.com\\\/portal\\\/concurso-dpe-ba-defensor\\\/#primaryimage\"},\"image\":{\"@id\":\"https:\\\/\\\/cj.estrategia.com\\\/portal\\\/concurso-dpe-ba-defensor\\\/#primaryimage\"},\"thumbnailUrl\":\"https:\\\/\\\/cj.estrategia.com\\\/portal\\\/wp-content\\\/uploads\\\/2025\\\/12\\\/04114740\\\/defensorias.jpg\",\"datePublished\":\"2026-04-28T09:25:00+00:00\",\"dateModified\":\"2026-04-28T10:37:05+00:00\",\"description\":\"Saiba tudo sobre o concurso DPE BA Defensor, que oferece 25 vagas e um sal\u00e1rio inicial de R$ 29.421,12. Prepare-se!\",\"breadcrumb\":{\"@id\":\"https:\\\/\\\/cj.estrategia.com\\\/portal\\\/concurso-dpe-ba-defensor\\\/#breadcrumb\"},\"inLanguage\":\"pt-BR\",\"potentialAction\":[{\"@type\":\"ReadAction\",\"target\":[\"https:\\\/\\\/cj.estrategia.com\\\/portal\\\/concurso-dpe-ba-defensor\\\/\"]}]},{\"@type\":\"ImageObject\",\"inLanguage\":\"pt-BR\",\"@id\":\"https:\\\/\\\/cj.estrategia.com\\\/portal\\\/concurso-dpe-ba-defensor\\\/#primaryimage\",\"url\":\"https:\\\/\\\/cj.estrategia.com\\\/portal\\\/wp-content\\\/uploads\\\/2025\\\/12\\\/04114740\\\/defensorias.jpg\",\"contentUrl\":\"https:\\\/\\\/cj.estrategia.com\\\/portal\\\/wp-content\\\/uploads\\\/2025\\\/12\\\/04114740\\\/defensorias.jpg\",\"width\":2459,\"height\":1383},{\"@type\":\"BreadcrumbList\",\"@id\":\"https:\\\/\\\/cj.estrategia.com\\\/portal\\\/concurso-dpe-ba-defensor\\\/#breadcrumb\",\"itemListElement\":[{\"@type\":\"ListItem\",\"position\":1,\"name\":\"In\u00edcio\",\"item\":\"https:\\\/\\\/cj.estrategia.com\\\/portal\\\/\"},{\"@type\":\"ListItem\",\"position\":2,\"name\":\"Concurso DPE BA Defensor: gabaritos divulgados!\"}]},{\"@type\":\"WebSite\",\"@id\":\"https:\\\/\\\/cj.estrategia.com\\\/portal\\\/#website\",\"url\":\"https:\\\/\\\/cj.estrategia.com\\\/portal\\\/\",\"name\":\"Blog - Carreiras Jur\u00eddicas - Estrat\u00e9gia\",\"description\":\"\",\"publisher\":{\"@id\":\"https:\\\/\\\/cj.estrategia.com\\\/portal\\\/#organization\"},\"potentialAction\":[{\"@type\":\"SearchAction\",\"target\":{\"@type\":\"EntryPoint\",\"urlTemplate\":\"https:\\\/\\\/cj.estrategia.com\\\/portal\\\/?s={search_term_string}\"},\"query-input\":{\"@type\":\"PropertyValueSpecification\",\"valueRequired\":true,\"valueName\":\"search_term_string\"}}],\"inLanguage\":\"pt-BR\"},{\"@type\":\"Organization\",\"@id\":\"https:\\\/\\\/cj.estrategia.com\\\/portal\\\/#organization\",\"name\":\"Estrat\u00e9gia - Carreiras Jur\u00eddicas\",\"url\":\"https:\\\/\\\/cj.estrategia.com\\\/portal\\\/\",\"logo\":{\"@type\":\"ImageObject\",\"inLanguage\":\"pt-BR\",\"@id\":\"https:\\\/\\\/cj.estrategia.com\\\/portal\\\/#\\\/schema\\\/logo\\\/image\\\/\",\"url\":\"https:\\\/\\\/cj.estrategia.com\\\/portal\\\/wp-content\\\/uploads\\\/2022\\\/03\\\/11151052\\\/cj-logo.png\",\"contentUrl\":\"https:\\\/\\\/cj.estrategia.com\\\/portal\\\/wp-content\\\/uploads\\\/2022\\\/03\\\/11151052\\\/cj-logo.png\",\"width\":150,\"height\":39,\"caption\":\"Estrat\u00e9gia - Carreiras Jur\u00eddicas\"},\"image\":{\"@id\":\"https:\\\/\\\/cj.estrategia.com\\\/portal\\\/#\\\/schema\\\/logo\\\/image\\\/\"},\"sameAs\":[\"https:\\\/\\\/www.facebook.com\\\/estrategiacarreirajuridica\\\/\",\"https:\\\/\\\/x.com\\\/EstratJuridica\",\"https:\\\/\\\/www.instagram.com\\\/estrategiacarreirajuridica\\\/\",\"https:\\\/\\\/www.youtube.com\\\/channel\\\/UClbMGuYbj2Mh1m3w144ETWQ\"]},{\"@type\":\"Person\",\"@id\":\"https:\\\/\\\/cj.estrategia.com\\\/portal\\\/#\\\/schema\\\/person\\\/4d70317d31449932b99102916b6637f5\",\"name\":\"Coordena\u00e7\u00e3o\",\"image\":{\"@type\":\"ImageObject\",\"inLanguage\":\"pt-BR\",\"@id\":\"https:\\\/\\\/cj.estrategia.com\\\/portal\\\/wp-content\\\/uploads\\\/2022\\\/05\\\/12164923\\\/estrategia-carreira-juridica-coordenacao-96x96.png\",\"url\":\"https:\\\/\\\/cj.estrategia.com\\\/portal\\\/wp-content\\\/uploads\\\/2022\\\/05\\\/12164923\\\/estrategia-carreira-juridica-coordenacao-96x96.png\",\"contentUrl\":\"https:\\\/\\\/cj.estrategia.com\\\/portal\\\/wp-content\\\/uploads\\\/2022\\\/05\\\/12164923\\\/estrategia-carreira-juridica-coordenacao-96x96.png\",\"caption\":\"Coordena\u00e7\u00e3o\"},\"url\":\"https:\\\/\\\/cj.estrategia.com\\\/portal\\\/author\\\/coordenacao\\\/\"}]}<\/script>\n<!-- \/ Yoast SEO Premium plugin. -->","yoast_head_json":{"title":"Concurso DPE BA Defensor: gabaritos divulgados!","description":"Saiba tudo sobre o concurso DPE BA Defensor, que oferece 25 vagas e um sal\u00e1rio inicial de R$ 29.421,12. Prepare-se!","robots":{"index":"index","follow":"follow","max-snippet":"max-snippet:-1","max-image-preview":"max-image-preview:large","max-video-preview":"max-video-preview:-1"},"canonical":"https:\/\/cj.estrategia.com\/portal\/concurso-dpe-ba-defensor\/","og_locale":"pt_BR","og_type":"article","og_title":"Concurso DPE BA Defensor: gabaritos divulgados!","og_description":"Saiba tudo sobre o concurso DPE BA Defensor, que oferece 25 vagas e um sal\u00e1rio inicial de R$ 29.421,12. Prepare-se!","og_url":"https:\/\/cj.estrategia.com\/portal\/concurso-dpe-ba-defensor\/","og_site_name":"Blog - Carreiras Jur\u00eddicas - Estrat\u00e9gia","article_publisher":"https:\/\/www.facebook.com\/estrategiacarreirajuridica\/","article_published_time":"2026-04-28T09:25:00+00:00","article_modified_time":"2026-04-28T10:37:05+00:00","og_image":[{"width":2459,"height":1383,"url":"https:\/\/cj.estrategia.com\/portal\/wp-content\/uploads\/2025\/12\/04114740\/defensorias.jpg","type":"image\/jpeg"}],"author":"Coordena\u00e7\u00e3o","twitter_card":"summary_large_image","twitter_creator":"@EstratJuridica","twitter_site":"@EstratJuridica","twitter_misc":{"Escrito por":"Coordena\u00e7\u00e3o","Est. tempo de leitura":"9 minutos"},"schema":{"@context":"https:\/\/schema.org","@graph":[{"@type":"NewsArticle","@id":"https:\/\/cj.estrategia.com\/portal\/concurso-dpe-ba-defensor\/#article","isPartOf":{"@id":"https:\/\/cj.estrategia.com\/portal\/concurso-dpe-ba-defensor\/"},"author":{"name":"Coordena\u00e7\u00e3o","@id":"https:\/\/cj.estrategia.com\/portal\/#\/schema\/person\/4d70317d31449932b99102916b6637f5"},"headline":"Concurso DPE BA Defensor: gabaritos divulgados!","datePublished":"2026-04-28T09:25:00+00:00","dateModified":"2026-04-28T10:37:05+00:00","mainEntityOfPage":{"@id":"https:\/\/cj.estrategia.com\/portal\/concurso-dpe-ba-defensor\/"},"wordCount":1619,"commentCount":0,"publisher":{"@id":"https:\/\/cj.estrategia.com\/portal\/#organization"},"image":{"@id":"https:\/\/cj.estrategia.com\/portal\/concurso-dpe-ba-defensor\/#primaryimage"},"thumbnailUrl":"https:\/\/cj.estrategia.com\/portal\/wp-content\/uploads\/2025\/12\/04114740\/defensorias.jpg","articleSection":["Defensoria"],"inLanguage":"pt-BR","potentialAction":[{"@type":"CommentAction","name":"Comment","target":["https:\/\/cj.estrategia.com\/portal\/concurso-dpe-ba-defensor\/#respond"]}],"accessibilityFeature":["tableOfContents"]},{"@type":"WebPage","@id":"https:\/\/cj.estrategia.com\/portal\/concurso-dpe-ba-defensor\/","url":"https:\/\/cj.estrategia.com\/portal\/concurso-dpe-ba-defensor\/","name":"Concurso DPE BA Defensor: gabaritos divulgados!","isPartOf":{"@id":"https:\/\/cj.estrategia.com\/portal\/#website"},"primaryImageOfPage":{"@id":"https:\/\/cj.estrategia.com\/portal\/concurso-dpe-ba-defensor\/#primaryimage"},"image":{"@id":"https:\/\/cj.estrategia.com\/portal\/concurso-dpe-ba-defensor\/#primaryimage"},"thumbnailUrl":"https:\/\/cj.estrategia.com\/portal\/wp-content\/uploads\/2025\/12\/04114740\/defensorias.jpg","datePublished":"2026-04-28T09:25:00+00:00","dateModified":"2026-04-28T10:37:05+00:00","description":"Saiba tudo sobre o concurso DPE BA Defensor, que oferece 25 vagas e um sal\u00e1rio inicial de R$ 29.421,12. Prepare-se!","breadcrumb":{"@id":"https:\/\/cj.estrategia.com\/portal\/concurso-dpe-ba-defensor\/#breadcrumb"},"inLanguage":"pt-BR","potentialAction":[{"@type":"ReadAction","target":["https:\/\/cj.estrategia.com\/portal\/concurso-dpe-ba-defensor\/"]}]},{"@type":"ImageObject","inLanguage":"pt-BR","@id":"https:\/\/cj.estrategia.com\/portal\/concurso-dpe-ba-defensor\/#primaryimage","url":"https:\/\/cj.estrategia.com\/portal\/wp-content\/uploads\/2025\/12\/04114740\/defensorias.jpg","contentUrl":"https:\/\/cj.estrategia.com\/portal\/wp-content\/uploads\/2025\/12\/04114740\/defensorias.jpg","width":2459,"height":1383},{"@type":"BreadcrumbList","@id":"https:\/\/cj.estrategia.com\/portal\/concurso-dpe-ba-defensor\/#breadcrumb","itemListElement":[{"@type":"ListItem","position":1,"name":"In\u00edcio","item":"https:\/\/cj.estrategia.com\/portal\/"},{"@type":"ListItem","position":2,"name":"Concurso DPE BA Defensor: gabaritos divulgados!"}]},{"@type":"WebSite","@id":"https:\/\/cj.estrategia.com\/portal\/#website","url":"https:\/\/cj.estrategia.com\/portal\/","name":"Blog - Carreiras Jur\u00eddicas - Estrat\u00e9gia","description":"","publisher":{"@id":"https:\/\/cj.estrategia.com\/portal\/#organization"},"potentialAction":[{"@type":"SearchAction","target":{"@type":"EntryPoint","urlTemplate":"https:\/\/cj.estrategia.com\/portal\/?s={search_term_string}"},"query-input":{"@type":"PropertyValueSpecification","valueRequired":true,"valueName":"search_term_string"}}],"inLanguage":"pt-BR"},{"@type":"Organization","@id":"https:\/\/cj.estrategia.com\/portal\/#organization","name":"Estrat\u00e9gia - Carreiras Jur\u00eddicas","url":"https:\/\/cj.estrategia.com\/portal\/","logo":{"@type":"ImageObject","inLanguage":"pt-BR","@id":"https:\/\/cj.estrategia.com\/portal\/#\/schema\/logo\/image\/","url":"https:\/\/cj.estrategia.com\/portal\/wp-content\/uploads\/2022\/03\/11151052\/cj-logo.png","contentUrl":"https:\/\/cj.estrategia.com\/portal\/wp-content\/uploads\/2022\/03\/11151052\/cj-logo.png","width":150,"height":39,"caption":"Estrat\u00e9gia - Carreiras Jur\u00eddicas"},"image":{"@id":"https:\/\/cj.estrategia.com\/portal\/#\/schema\/logo\/image\/"},"sameAs":["https:\/\/www.facebook.com\/estrategiacarreirajuridica\/","https:\/\/x.com\/EstratJuridica","https:\/\/www.instagram.com\/estrategiacarreirajuridica\/","https:\/\/www.youtube.com\/channel\/UClbMGuYbj2Mh1m3w144ETWQ"]},{"@type":"Person","@id":"https:\/\/cj.estrategia.com\/portal\/#\/schema\/person\/4d70317d31449932b99102916b6637f5","name":"Coordena\u00e7\u00e3o","image":{"@type":"ImageObject","inLanguage":"pt-BR","@id":"https:\/\/cj.estrategia.com\/portal\/wp-content\/uploads\/2022\/05\/12164923\/estrategia-carreira-juridica-coordenacao-96x96.png","url":"https:\/\/cj.estrategia.com\/portal\/wp-content\/uploads\/2022\/05\/12164923\/estrategia-carreira-juridica-coordenacao-96x96.png","contentUrl":"https:\/\/cj.estrategia.com\/portal\/wp-content\/uploads\/2022\/05\/12164923\/estrategia-carreira-juridica-coordenacao-96x96.png","caption":"Coordena\u00e7\u00e3o"},"url":"https:\/\/cj.estrategia.com\/portal\/author\/coordenacao\/"}]}},"jetpack_featured_media_url":"https:\/\/cj.estrategia.com\/portal\/wp-content\/uploads\/2025\/12\/04114740\/defensorias.jpg","jetpack_sharing_enabled":true,"_links":{"self":[{"href":"https:\/\/cj.estrategia.com\/portal\/wp-json\/wp\/v2\/posts\/1900","targetHints":{"allow":["GET"]}}],"collection":[{"href":"https:\/\/cj.estrategia.com\/portal\/wp-json\/wp\/v2\/posts"}],"about":[{"href":"https:\/\/cj.estrategia.com\/portal\/wp-json\/wp\/v2\/types\/post"}],"author":[{"embeddable":true,"href":"https:\/\/cj.estrategia.com\/portal\/wp-json\/wp\/v2\/users\/12"}],"replies":[{"embeddable":true,"href":"https:\/\/cj.estrategia.com\/portal\/wp-json\/wp\/v2\/comments?post=1900"}],"version-history":[{"count":0,"href":"https:\/\/cj.estrategia.com\/portal\/wp-json\/wp\/v2\/posts\/1900\/revisions"}],"wp:featuredmedia":[{"embeddable":true,"href":"https:\/\/cj.estrategia.com\/portal\/wp-json\/wp\/v2\/media\/177771"}],"wp:attachment":[{"href":"https:\/\/cj.estrategia.com\/portal\/wp-json\/wp\/v2\/media?parent=1900"}],"wp:term":[{"taxonomy":"category","embeddable":true,"href":"https:\/\/cj.estrategia.com\/portal\/wp-json\/wp\/v2\/categories?post=1900"},{"taxonomy":"post_tag","embeddable":true,"href":"https:\/\/cj.estrategia.com\/portal\/wp-json\/wp\/v2\/tags?post=1900"},{"taxonomy":"tax_estado","embeddable":true,"href":"https:\/\/cj.estrategia.com\/portal\/wp-json\/wp\/v2\/tax_estado?post=1900"}],"curies":[{"name":"wp","href":"https:\/\/api.w.org\/{rel}","templated":true}]}}