{"id":187882,"date":"2026-04-30T21:18:40","date_gmt":"2026-05-01T00:18:40","guid":{"rendered":"https:\/\/cj.estrategia.com\/portal\/?p=187882"},"modified":"2026-04-30T21:18:46","modified_gmt":"2026-05-01T00:18:46","slug":"messias-rejeitado-senado-escolha-ministro-stf","status":"publish","type":"post","link":"https:\/\/cj.estrategia.com\/portal\/messias-rejeitado-senado-escolha-ministro-stf\/","title":{"rendered":"Messias Rejeitado no Senado: Entenda o Procedimento de Escolha de um Ministro do STF"},"content":{"rendered":"\n<h2 class=\"wp-block-heading\" id=\"h-introducao\"><span id=\"introducao\">Introdu\u00e7\u00e3o<\/span><\/h2>\n\n\n\n<p>Em 29 de abril de 2026, o Senado Federal protagonizou um dos epis\u00f3dios institucionais mais relevantes da hist\u00f3ria recente do constitucionalismo brasileiro. <strong>Jorge Messias<\/strong>, ent\u00e3o Advogado-Geral da Uni\u00e3o e indicado pelo Presidente Lula para a vaga aberta com a aposentadoria do Ministro Lu\u00eds Roberto Barroso, foi rejeitado pelo plen\u00e1rio por 42 votos contra 34, em vota\u00e7\u00e3o secreta. Quatro senadores estiveram ausentes. A reprova\u00e7\u00e3o veio ap\u00f3s oito horas de sabatina perante a Comiss\u00e3o de Constitui\u00e7\u00e3o e Justi\u00e7a, na qual Messias havia recebido parecer favor\u00e1vel por 16 votos a 11. A \u00faltima rejei\u00e7\u00e3o de indicado ao STF havia ocorrido h\u00e1 132 anos, no in\u00edcio da Rep\u00fablica. O caso Messias devolve ao centro do debate o <strong>procedimento de escolha de Ministros do STF<\/strong> previsto no art. 101 da CF\/88.<\/p>\n\n\n\n<p>Para voc\u00ea que estuda para concursos jur\u00eddicos, este epis\u00f3dio concentra tr\u00eas blocos de alt\u00edssima incid\u00eancia: organiza\u00e7\u00e3o do Poder Judici\u00e1rio, processo legislativo e sistema de freios e contrapesos. As bancas adoram cobrar a sabatina porque ela permite testar se o candidato distingue indica\u00e7\u00e3o, escolha, aprova\u00e7\u00e3o e nomea\u00e7\u00e3o, atos jur\u00eddicos diferentes que costumam ser confundidos. Esse \u00e9 o ponto que elimina 90% dos candidatos: a maioria sabe quem nomeia, mas erra o qu\u00f3rum, troca o papel das institui\u00e7\u00f5es ou desconhece a natureza do voto.<\/p>\n\n\n\n<p>Neste artigo, voc\u00ea vai dominar a composi\u00e7\u00e3o constitucional do STF, os requisitos para investidura no cargo, todas as fases do procedimento de escolha, o qu\u00f3rum de maioria absoluta aplicado \u00e0 vota\u00e7\u00e3o concreta de Messias, o regime do voto secreto, as consequ\u00eancias jur\u00eddicas da rejei\u00e7\u00e3o e a fun\u00e7\u00e3o institucional do mecanismo dentro do sistema de freios e contrapesos. Vamos direto ao ponto.<\/p>\n\n\n\n<h2 class=\"wp-block-heading\" id=\"h-1-o-caso-messias-e-o-regime-do-art-101-da-cf-88\"><span id=\"1-o-caso-messias-e-o-regime-do-art-101-da-cf-88\">1. O Caso Messias e o Regime do Art. 101 da CF\/88<\/span><\/h2>\n\n\n\n<p>O Supremo Tribunal Federal \u00e9 o \u00f3rg\u00e3o de c\u00fapula do Poder Judici\u00e1rio brasileiro e guardi\u00e3o da Constitui\u00e7\u00e3o. Sua composi\u00e7\u00e3o est\u00e1 fixada de forma r\u00edgida no caput do art. 101 da <a href=\"https:\/\/www.planalto.gov.br\/ccivil_03\/constituicao\/constituicaocompilado.htm\" target=\"_blank\" >CF\/88<\/a>: \u201cO Supremo Tribunal Federal comp\u00f5e-se de onze Ministros, escolhidos dentre cidad\u00e3os com mais de trinta e cinco e menos de setenta anos de idade, de not\u00e1vel saber jur\u00eddico e reputa\u00e7\u00e3o ilibada.\u201d<\/p>\n\n\n\n<p>O n\u00famero de onze n\u00e3o \u00e9 mera escolha arbitr\u00e1ria do constituinte. Ele cumpre fun\u00e7\u00e3o sist\u00eamica: garante qu\u00f3rum de delibera\u00e7\u00e3o em controle concentrado de constitucionalidade, evita empates impr\u00f3prios e permite a forma\u00e7\u00e3o de duas Turmas de cinco Ministros. A vaga aberta com a aposentadoria de Barroso, ocupada provisoriamente pela vac\u00e2ncia, deveria ser preenchida pela indica\u00e7\u00e3o aprovada do Presidente. A rejei\u00e7\u00e3o de Messias mant\u00e9m, portanto, essa cadeira desocupada.<\/p>\n\n\n\n<pre class=\"wp-block-preformatted\">\u26a0\ufe0f <strong>Aten\u00e7\u00e3o para concursos:<\/strong> o art. 101 fixa o quantitativo de Ministros, mas n\u00e3o esgota o regime de investidura. O par\u00e1grafo \u00fanico do dispositivo \u00e9 o que conduz ao n\u00facleo do tema, ao prever que \"os Ministros do Supremo Tribunal Federal ser\u00e3o nomeados pelo Presidente da Rep\u00fablica, depois de aprovada a escolha pela maioria absoluta do Senado Federal\". A nomea\u00e7\u00e3o \u00e9 ato do Executivo. A aprova\u00e7\u00e3o \u00e9 ato do Legislativo. Esse desenho bif\u00e1sico \u00e9 a chave de entrada do tema, e foi exatamente ele que travou a investidura de Messias.<\/pre>\n\n\n\n<h2 class=\"wp-block-heading\" id=\"h-2-os-requisitos-constitucionais-idade-notavel-saber-juridico-e-reputacao-ilibada\"><span id=\"2-os-requisitos-constitucionais-idade-notavel-saber-juridico-e-reputacao-ilibada\">2. Os Requisitos Constitucionais: Idade, Not\u00e1vel Saber Jur\u00eddico e Reputa\u00e7\u00e3o Ilibada<\/span><\/h2>\n\n\n\n<p>O caput do art. 101 enumera tr\u00eas <strong>requisitos cumulativos<\/strong> para o cargo de Ministro do STF. Trata-se de exig\u00eancias de natureza constitucional, que integram o pr\u00f3prio regime jur\u00eddico de acesso ao cargo. A aus\u00eancia de qualquer delas torna a indica\u00e7\u00e3o invi\u00e1vel.<\/p>\n\n\n\n<p>O primeiro requisito \u00e9 et\u00e1rio: o indicado deve ter mais de trinta e cinco e menos de setenta anos de idade. A idade m\u00ednima funciona como pressuposto de maturidade institucional. O limite m\u00e1ximo, somado \u00e0 aposentadoria compuls\u00f3ria aplic\u00e1vel aos magistrados, define a dura\u00e7\u00e3o poss\u00edvel do exerc\u00edcio no cargo.<\/p>\n\n\n\n<p>O segundo requisito \u00e9 o not\u00e1vel saber jur\u00eddico. Conceito cl\u00e1ssico, mas de aferi\u00e7\u00e3o complexa, ele exige conhecimento t\u00e9cnico distinto, demonstr\u00e1vel por trajet\u00f3ria acad\u00eamica, profissional ou judicial. No caso Messias, o curr\u00edculo apresentado inclu\u00eda gradua\u00e7\u00e3o pela Universidade Federal de Pernambuco e doutorado pela Universidade de Bras\u00edlia, al\u00e9m do exerc\u00edcio do cargo de Advogado-Geral da Uni\u00e3o. A aferi\u00e7\u00e3o do requisito \u00e9 eminentemente pol\u00edtica, e n\u00e3o h\u00e1 controle judicial pleno sobre o ju\u00edzo do Senado a respeito do ponto.<\/p>\n\n\n\n<p>O terceiro requisito \u00e9 a reputa\u00e7\u00e3o ilibada. Trata-se de exig\u00eancia de probidade e idoneidade moral. Embora seja conceito jur\u00eddico indeterminado, gera consequ\u00eancias concretas: na sabatina, \u00e9 frequente que senadores questionem fatos da vida pregressa do indicado, em verdadeiro ju\u00edzo de adequa\u00e7\u00e3o ao requisito.<\/p>\n\n\n\n<pre class=\"wp-block-preformatted\">\ud83e\udde0 <strong>Memorize para sua prova:<\/strong> os tr\u00eas requisitos s\u00e3o cumulativos. A aus\u00eancia de qualquer um deles autoriza a rejei\u00e7\u00e3o da indica\u00e7\u00e3o. E mais: a verifica\u00e7\u00e3o dos requisitos cabe ao Senado Federal, e n\u00e3o apenas ao Presidente da Rep\u00fablica. Esta \u00e9 a fronteira que torna a sabatina algo mais que mero ritual.<\/pre>\n\n\n\n<h2 class=\"wp-block-heading\" id=\"h-3-o-procedimento-de-escolha-em-tres-fases-como-funcionou-no-caso-messias\"><span id=\"3-o-procedimento-de-escolha-em-tres-fases-como-funcionou-no-caso-messias\">3. O Procedimento de Escolha em Tr\u00eas Fases: Como Funcionou no Caso Messias<\/span><\/h2>\n\n\n\n<p>A leitura conjugada do art. 101, par\u00e1grafo \u00fanico, com o Regimento Interno do Senado revela um procedimento composto por tr\u00eas etapas distintas e sucessivas. Compreender essa divis\u00e3o \u00e9 indispens\u00e1vel para responder corretamente quest\u00f5es objetivas sobre o tema.<\/p>\n\n\n\n<h3 class=\"wp-block-heading\" id=\"h-3-1-a-indicacao-presidencial\"><span id=\"3-1-a-indicacao-presidencial\">3.1 A indica\u00e7\u00e3o presidencial<\/span><\/h3>\n\n\n\n<p>A primeira fase \u00e9 a indica\u00e7\u00e3o. O Presidente da Rep\u00fablica, no exerc\u00edcio de compet\u00eancia pol\u00edtica, escolhe o nome a ser submetido ao Senado. A indica\u00e7\u00e3o \u00e9 ato pol\u00edtico e discricion\u00e1rio, mas n\u00e3o absolutamente livre: o Presidente deve verificar, previamente, o atendimento dos requisitos do art. 101. A escolha culmina em mensagem formal encaminhada \u00e0 Casa Legislativa. Foi exatamente o que fez o Presidente Lula ao apresentar o nome de Jorge Messias para ocupar a vaga aberta com a aposentadoria de Barroso.<\/p>\n\n\n\n<h3 class=\"wp-block-heading\" id=\"h-3-2-a-sabatina-perante-a-comissao-de-constituicao-e-justica\"><span id=\"3-2-a-sabatina-perante-a-comissao-de-constituicao-e-justica\">3.2 A sabatina perante a Comiss\u00e3o de Constitui\u00e7\u00e3o e Justi\u00e7a<\/span><\/h3>\n\n\n\n<p>Recebida a mensagem presidencial, o Senado a distribui \u00e0 Comiss\u00e3o de Constitui\u00e7\u00e3o, Justi\u00e7a e Cidadania. Ali ocorre a sabatina, audi\u00eancia p\u00fablica em que o indicado responde, oralmente, a perguntas formuladas pelos senadores. A sabatina \u00e9 instrumento de aferi\u00e7\u00e3o dos requisitos constitucionais e de exposi\u00e7\u00e3o do pensamento jur\u00eddico do indicado.<\/p>\n\n\n\n<p>A sabatina de Messias durou oito horas. Ao final, a CCJ emitiu parecer favor\u00e1vel por 16 votos a 11. Esse parecer, contudo, <strong>n\u00e3o vincula o plen\u00e1rio<\/strong>. \u00c9 exatamente nesse ponto que muitos candidatos erram: confundem aprova\u00e7\u00e3o na comiss\u00e3o com aprova\u00e7\u00e3o final. A CCJ opina. O plen\u00e1rio decide. E foi no plen\u00e1rio que a indica\u00e7\u00e3o se desfez.<\/p>\n\n\n\n<h3 class=\"wp-block-heading\" id=\"h-3-3-a-nomeacao-apos-a-aprovacao\"><span id=\"3-3-a-nomeacao-apos-a-aprovacao\">3.3 A nomea\u00e7\u00e3o ap\u00f3s a aprova\u00e7\u00e3o<\/span><\/h3>\n\n\n\n<p>Aprovada a escolha pelo plen\u00e1rio do Senado, sobrev\u00e9m a nomea\u00e7\u00e3o, ato formal do Presidente da Rep\u00fablica que confere ao indicado a investidura no cargo. Sem aprova\u00e7\u00e3o, n\u00e3o h\u00e1 nomea\u00e7\u00e3o poss\u00edvel. A ordem \u00e9 taxativa: aprova\u00e7\u00e3o, depois nomea\u00e7\u00e3o. No caso Messias, como o plen\u00e1rio rejeitou a escolha, a fase da nomea\u00e7\u00e3o sequer foi iniciada.<\/p>\n\n\n\n<pre class=\"wp-block-preformatted\"><strong>\u26a0\ufe0f Aten\u00e7\u00e3o para concursos:<\/strong> muitas quest\u00f5es trocam os atores ou os atos. N\u00e3o confunda. A indica\u00e7\u00e3o \u00e9 presidencial. A aprova\u00e7\u00e3o \u00e9 parlamentar. A nomea\u00e7\u00e3o \u00e9 presidencial. A posse, ato distinto da nomea\u00e7\u00e3o, ocorre perante o pr\u00f3prio Tribunal.<\/pre>\n\n\n\n<h2 class=\"wp-block-heading\" id=\"h-4-a-maioria-absoluta-e-a-conta-dos-votos-no-caso-messias\"><span id=\"4-a-maioria-absoluta-e-a-conta-dos-votos-no-caso-messias\">4. A Maioria Absoluta e a Conta dos Votos no Caso Messias<\/span><\/h2>\n\n\n\n<p>Aqui mora o ponto mais cobrado em prova. O par\u00e1grafo \u00fanico do art. 101 exige que a aprova\u00e7\u00e3o seja \u201cpela maioria absoluta do Senado Federal\u201d. O Regimento Interno do Senado, no art. 288, III, \u201cd\u201d, confirma a regra: a aprova\u00e7\u00e3o de nome indicado para Ministro do Supremo Tribunal Federal exige voto favor\u00e1vel da maioria absoluta da composi\u00e7\u00e3o da Casa.<\/p>\n\n\n\n<div class=\"wp-block-media-text is-stacked-on-mobile\" style=\"grid-template-columns:28% auto\"><figure class=\"wp-block-media-text__media\"><img decoding=\"async\" width=\"512\" height=\"512\" src=\"https:\/\/cj.estrategia.com\/portal\/wp-content\/uploads\/2025\/11\/25212910\/democracia-eleicao-parlamentar-politica-politico-voto.png\" alt=\"Messias\" class=\"wp-image-164786 size-full\" srcset=\"https:\/\/cj.estrategia.com\/portal\/wp-content\/uploads\/2025\/11\/25212910\/democracia-eleicao-parlamentar-politica-politico-voto.png 512w, https:\/\/cj.estrategia.com\/portal\/wp-content\/uploads\/2025\/11\/25212910\/democracia-eleicao-parlamentar-politica-politico-voto-300x300.png 300w, https:\/\/cj.estrategia.com\/portal\/wp-content\/uploads\/2025\/11\/25212910\/democracia-eleicao-parlamentar-politica-politico-voto-150x150.png 150w, https:\/\/cj.estrategia.com\/portal\/wp-content\/uploads\/2025\/11\/25212910\/democracia-eleicao-parlamentar-politica-politico-voto-80x80.png 80w, https:\/\/cj.estrategia.com\/portal\/wp-content\/uploads\/2025\/11\/25212910\/democracia-eleicao-parlamentar-politica-politico-voto-380x380.png 380w, https:\/\/cj.estrategia.com\/portal\/wp-content\/uploads\/2025\/11\/25212910\/democracia-eleicao-parlamentar-politica-politico-voto-24x24.png 24w, https:\/\/cj.estrategia.com\/portal\/wp-content\/uploads\/2025\/11\/25212910\/democracia-eleicao-parlamentar-politica-politico-voto-48x48.png 48w, https:\/\/cj.estrategia.com\/portal\/wp-content\/uploads\/2025\/11\/25212910\/democracia-eleicao-parlamentar-politica-politico-voto-96x96.png 96w\" sizes=\"(max-width: 512px) 100vw, 512px\" \/><\/figure><div class=\"wp-block-media-text__content\">\n<p><strong>Maioria absoluta<\/strong> significa o primeiro n\u00famero inteiro acima da metade da composi\u00e7\u00e3o total. O Senado \u00e9 composto por 81 senadores. Logo, a maioria absoluta corresponde a 41 votos favor\u00e1veis. Esse n\u00famero \u00e9 fixo, e n\u00e3o vari\u00e1vel: independe de quantos senadores estejam presentes na sess\u00e3o. \u00c9 justamente a\u00ed que reside o erro recorrente dos candidatos, que confundem maioria absoluta com maioria simples.<\/p>\n<\/div><\/div>\n\n\n\n<p>Aplicando a regra ao caso Messias, a aritm\u00e9tica \u00e9 did\u00e1tica. No plen\u00e1rio, foram registrados 42 votos contr\u00e1rios, 34 favor\u00e1veis e 4 aus\u00eancias. A soma de presentes \u00e9 de 76 senadores. Em uma l\u00f3gica de maioria simples, Messias teria sido rejeitado por mais votos contr\u00e1rios do que favor\u00e1veis. Mas o crit\u00e9rio constitucional n\u00e3o \u00e9 esse. A quest\u00e3o n\u00e3o \u00e9 vencer a vota\u00e7\u00e3o. A quest\u00e3o \u00e9 alcan\u00e7ar o piso de 41 votos favor\u00e1veis sobre os 81 senadores que comp\u00f5em a Casa. Messias obteve 34. Faltaram 7 votos para atingir o qu\u00f3rum constitucional. A indica\u00e7\u00e3o, portanto, foi rejeitada pelo crit\u00e9rio da maioria absoluta da composi\u00e7\u00e3o.<\/p>\n\n\n\n<p>Considere ainda uma hip\u00f3tese inversa, \u00fatil para fixa\u00e7\u00e3o. Se um indicado recebesse 40 votos favor\u00e1veis e 38 contr\u00e1rios, com 3 aus\u00eancias, ainda estaria reprovado, embora tivesse mais apoios do que rejei\u00e7\u00f5es. Faltaria um voto para os 41 exigidos pela Constitui\u00e7\u00e3o. Esse \u00e9 o ponto que separa candidatos aprovados de reprovados em prova.<\/p>\n\n\n\n<pre class=\"wp-block-preformatted\">\ud83d\udcdd<strong> Detalhe t\u00e9cnico:<\/strong> o art. 288 do Regimento Interno opera como detalhamento da regra geral do art. 47 da Constitui\u00e7\u00e3o, ao indicar que o qu\u00f3rum de aprova\u00e7\u00e3o de Ministros do STF \u00e9 exce\u00e7\u00e3o \u00e0 regra da maioria simples. A maioria absoluta, no caso, \u00e9 regime constitucional especial, e n\u00e3o escolha discricion\u00e1ria do Senado.<\/pre>\n\n\n\n<h2 class=\"wp-block-heading\" id=\"h-5-o-voto-secreto-na-deliberacao-do-senado-federal\"><span id=\"5-o-voto-secreto-na-deliberacao-do-senado-federal\">5. O Voto Secreto na Delibera\u00e7\u00e3o do Senado Federal<\/span><\/h2>\n\n\n\n<p>A vota\u00e7\u00e3o no plen\u00e1rio do Senado, para aprova\u00e7\u00e3o de Ministros do STF, \u00e9 secreta. O sigilo do voto cumpre fun\u00e7\u00e3o institucional precisa: protege o senador de press\u00f5es diretas, do Executivo e de grupos pol\u00edticos, ao decidir sobre a composi\u00e7\u00e3o do \u00f3rg\u00e3o de c\u00fapula do Judici\u00e1rio. O sistema parte do pressuposto de que, em delibera\u00e7\u00e3o sobre cargo vital\u00edcio, a livre forma\u00e7\u00e3o da convic\u00e7\u00e3o parlamentar prepondera sobre a transpar\u00eancia integral do voto.<\/p>\n\n\n\n<p>No caso Messias, ministros de Estado, senadores aliados e a pr\u00f3pria lideran\u00e7a do governo articularam at\u00e9 o \u00faltimo momento por votos. A diferen\u00e7a entre o resultado da CCJ, em parecer aberto, e o resultado do plen\u00e1rio, em voto secreto, ilustra com precis\u00e3o a fun\u00e7\u00e3o do sigilo: na comiss\u00e3o, o voto p\u00fablico gera incentivo a alinhamentos vis\u00edveis; no plen\u00e1rio, o anonimato libera o senador de constrangimentos externos.<\/p>\n\n\n\n<p>O voto secreto produz consequ\u00eancia pr\u00e1tica que costuma cair em prova: torna invi\u00e1vel a aferi\u00e7\u00e3o individual da posi\u00e7\u00e3o de cada senador sobre o nome indicado. Em termos jur\u00eddicos, a ata da sess\u00e3o registra o resultado da vota\u00e7\u00e3o, n\u00e3o o voto individual. Pesquisas de inten\u00e7\u00e3o de voto e declara\u00e7\u00f5es p\u00fablicas n\u00e3o s\u00e3o vinculantes nem garantidoras da decis\u00e3o final, e o desfecho real s\u00f3 se conhece com a abertura das urnas.<\/p>\n\n\n\n<pre class=\"wp-block-preformatted\">\u26a0\ufe0f Aten\u00e7\u00e3o para concursos: a regra do voto secreto, na sabatina de Ministros do STF, \u00e9 hip\u00f3tese <strong>regimental<\/strong>, e n\u00e3o constitucional expressa. O texto do art. 101 n\u00e3o disciplina o regime do voto. Quem o disciplina \u00e9 o Regimento Interno do Senado. Essa distin\u00e7\u00e3o aparece em provas como armadilha: a banca afirma que o voto secreto est\u00e1 previsto no art. 101 da Constitui\u00e7\u00e3o, e o candidato apressado marca como correta.<\/pre>\n\n\n\n<h2 class=\"wp-block-heading\" id=\"h-6-tabela-comparativa-tipos-de-maioria-no-direito-constitucional\"><span id=\"6-tabela-comparativa-tipos-de-maioria-no-direito-constitucional\">6. Tabela Comparativa: Tipos de Maioria no Direito Constitucional<\/span><\/h2>\n\n\n\n<p>A distin\u00e7\u00e3o entre tipos de maioria \u00e9 uma das mat\u00e9rias mais cobradas em provas objetivas. Memorize essa tabela e revise no dia anterior \u00e0 prova.<\/p>\n\n\n\n<figure class=\"wp-block-table\"><table class=\"has-fixed-layout\"><thead><tr><td><strong>Tipo de maioria<\/strong><\/td><td><strong>C\u00e1lculo<\/strong><\/td><td><strong>Exemplo de aplica\u00e7\u00e3o<\/strong><\/td><\/tr><\/thead><tbody><tr><td>Simples (relativa)<\/td><td>Mais da metade dos presentes na sess\u00e3o<\/td><td>Delibera\u00e7\u00f5es ordin\u00e1rias do Senado (regra geral)<\/td><\/tr><tr><td>Absoluta<\/td><td>Primeiro inteiro acima da metade da composi\u00e7\u00e3o total<\/td><td>Aprova\u00e7\u00e3o de Ministros do STF (41 de 81)<\/td><\/tr><tr><td>Qualificada de 3\/5<\/td><td>Tr\u00eas quintos da composi\u00e7\u00e3o total (em dois turnos)<\/td><td>Aprova\u00e7\u00e3o de emenda constitucional<\/td><\/tr><tr><td>Qualificada de 2\/3<\/td><td>Dois ter\u00e7os da composi\u00e7\u00e3o total<\/td><td>Admissibilidade de <em>impeachment <\/em>do Presidente<\/td><\/tr><\/tbody><\/table><\/figure>\n\n\n\n<p>Esse conhecimento separa candidatos aprovados de reprovados. Na pr\u00e1tica, a banca apresenta um cen\u00e1rio com n\u00fameros concretos e exige que voc\u00ea identifique o tipo de maioria aplic\u00e1vel. Sem o dom\u00ednio dessa tabela, a chance de erro \u00e9 alta.<\/p>\n\n\n\n<h2 class=\"wp-block-heading\" id=\"h-7-as-consequencias-da-rejeicao-o-que-vem-apos-o-nao-a-messias\"><span id=\"7-as-consequencias-da-rejeicao-o-que-vem-apos-o-nao-a-messias\">7. As Consequ\u00eancias da Rejei\u00e7\u00e3o: O Que Vem Ap\u00f3s o \u201cN\u00e3o\u201d a Messias<\/span><\/h2>\n\n\n\n<p>Quando o Senado rejeita a indica\u00e7\u00e3o, tr\u00eas efeitos jur\u00eddicos se produzem de forma imediata. O primeiro \u00e9 a impossibilidade de nomea\u00e7\u00e3o daquele nome para aquela vaga: a aprova\u00e7\u00e3o parlamentar \u00e9 condi\u00e7\u00e3o constitucional de validade da nomea\u00e7\u00e3o, e sua aus\u00eancia impede o aperfei\u00e7oamento do procedimento. Messias, portanto, n\u00e3o pode ser nomeado pelo Presidente da Rep\u00fablica para a vaga em quest\u00e3o.<\/p>\n\n\n\n<p>O segundo efeito \u00e9 a continuidade da vac\u00e2ncia. A vaga aberta com a aposentadoria de Barroso permanece desocupada at\u00e9 que nova indica\u00e7\u00e3o seja apresentada e aprovada. A Constitui\u00e7\u00e3o n\u00e3o fixa prazo para o Presidente da Rep\u00fablica encaminhar nova mensagem, e tampouco h\u00e1 san\u00e7\u00e3o pelo retardo. A vac\u00e2ncia prolongada gera efeito sist\u00eamico relevante, pois reduz o qu\u00f3rum operacional do Tribunal e pode interferir no julgamento de casos relevantes em sede plen\u00e1ria.<\/p>\n\n\n\n<p>O terceiro efeito diz respeito \u00e0 possibilidade de reapresenta\u00e7\u00e3o do mesmo nome. A doutrina constitucional brasileira admite a reapresenta\u00e7\u00e3o, ainda que com forte resist\u00eancia pol\u00edtica, pois a Constitui\u00e7\u00e3o n\u00e3o veda a indica\u00e7\u00e3o reiterada. O Regimento Interno do Senado, contudo, costuma estabelecer regras procedimentais sobre a reabertura da mat\u00e9ria. Na pr\u00e1tica, \u00e9 improv\u00e1vel que o Presidente Lula reapresente o nome de Messias ap\u00f3s a rejei\u00e7\u00e3o, mas a veda\u00e7\u00e3o seria pol\u00edtica, n\u00e3o jur\u00eddica.<\/p>\n\n\n\n<pre class=\"wp-block-preformatted\"><strong>\ud83e\udde0 Memorize para sua prova:<\/strong> a rejei\u00e7\u00e3o n\u00e3o vincula o Presidente da Rep\u00fablica a indicar nome com perfil distinto. A vac\u00e2ncia continua, e a pr\u00f3xima indica\u00e7\u00e3o seguir\u00e1 o mesmo rito, com a mesma exig\u00eancia de maioria absoluta e voto secreto.<\/pre>\n\n\n\n<h2 class=\"wp-block-heading\" id=\"h-8-sistema-de-freios-e-contrapesos-a-logica-constitucional-do-caso-messias\"><span id=\"8-sistema-de-freios-e-contrapesos-a-logica-constitucional-do-caso-messias\">8. Sistema de Freios e Contrapesos: A L\u00f3gica Constitucional do Caso Messias<\/span><\/h2>\n\n\n\n<p>A sabatina \u00e9 uma das express\u00f5es mais n\u00edtidas do sistema de freios e contrapesos no constitucionalismo brasileiro. A escolha dos Ministros do \u00f3rg\u00e3o de c\u00fapula do Judici\u00e1rio n\u00e3o \u00e9 monop\u00f3lio de nenhum dos Poderes: nasce no Executivo (indica\u00e7\u00e3o), passa pelo Legislativo (aprova\u00e7\u00e3o) e desemboca novamente no Executivo (nomea\u00e7\u00e3o), antes de a investidura se consumar perante o pr\u00f3prio Judici\u00e1rio (posse).<\/p>\n\n\n\n<p>Esse desenho tripartite obriga \u00e0 converg\u00eancia institucional. O Presidente n\u00e3o pode impor um nome ao Tribunal sem o aval do Senado. O Senado, por sua vez, n\u00e3o pode escolher diretamente os Ministros, mas det\u00e9m poder decisivo de bloqueio. O modelo brasileiro \u00e9 inspirado no constitucionalismo norte-americano, em que o Senado dos Estados Unidos exerce papel an\u00e1logo na confirma\u00e7\u00e3o de <em>Justices <\/em>da Suprema Corte.<\/p>\n\n\n\n<p>Em per\u00edodos de baixa rejei\u00e7\u00e3o, o controle parlamentar \u00e9 por vezes descrito como meramente protocolar. A hist\u00f3ria institucional, contudo, demonstra que o filtro do Senado funciona como reserva de freio: opera de forma latente, mas pode acionar-se em momentos de alta tens\u00e3o entre os Poderes. A \u00faltima rejei\u00e7\u00e3o registrada antes do caso Messias havia ocorrido h\u00e1 132 anos, no in\u00edcio da Rep\u00fablica. O fato de a engrenagem voltar a operar reabre, no plano dogm\u00e1tico, o estudo da intensidade do controle pol\u00edtico previsto no art. 101.<\/p>\n\n\n\n<p>Esse \u00e9 um ponto que pode definir sua quest\u00e3o em prova discursiva. A pergunta cl\u00e1ssica \u00e9: a aprova\u00e7\u00e3o pelo Senado \u00e9 mero ato de chancela ou exerce controle material sobre a indica\u00e7\u00e3o? A resposta vencedora reconhece a natureza h\u00edbrida do ato. \u00c9 ato pol\u00edtico, com filtros de m\u00e9rito e de conformidade aos requisitos constitucionais. N\u00e3o \u00e9 vinculado, nem \u00e9 puramente discricion\u00e1rio. O caso Messias \u00e9 a prova viva dessa natureza.<\/p>\n\n\n\n<h2 class=\"wp-block-heading\" id=\"h-como-esse-tema-pode-cair-na-sua-prova-questao-simulada-comentada\"><span id=\"como-esse-tema-pode-cair-na-sua-prova-questao-simulada-comentada\">Como Esse Tema Pode Cair na Sua Prova: Quest\u00e3o Simulada Comentada<\/span><\/h2>\n\n\n\n<p>A seguir, quest\u00e3o simulada no estilo CESPE\/CEBRASPE, formato de cinco alternativas, calibrada exatamente sobre os pontos desenvolvidos no artigo.<\/p>\n\n\n\n<pre class=\"wp-block-preformatted\">Em abril de 2026, o Senado Federal rejeitou a indica\u00e7\u00e3o de Jorge Messias para o cargo de Ministro do Supremo Tribunal Federal por 42 votos contr\u00e1rios e 34 favor\u00e1veis, em vota\u00e7\u00e3o secreta no plen\u00e1rio, com 4 aus\u00eancias. Antes, a Comiss\u00e3o de Constitui\u00e7\u00e3o e Justi\u00e7a havia aprovado o parecer favor\u00e1vel por 16 votos a 11. Considerando o regime constitucional e regimental aplic\u00e1vel, assinale a alternativa correta:<br><br>A) A rejei\u00e7\u00e3o da indica\u00e7\u00e3o foi inconstitucional, pois o n\u00famero de votos contr\u00e1rios (42) n\u00e3o atingiu a maioria absoluta da composi\u00e7\u00e3o do Senado, exigida para a reprova\u00e7\u00e3o do nome.<br><br>B) Como o parecer favor\u00e1vel da Comiss\u00e3o de Constitui\u00e7\u00e3o e Justi\u00e7a foi aprovado por 16 votos a 11, o plen\u00e1rio do Senado estava vinculado a confirmar a indica\u00e7\u00e3o, salvo descumprimento dos requisitos formais do art. 101 da CF\/88.<br><br>C) A indica\u00e7\u00e3o foi corretamente rejeitada, pois a aprova\u00e7\u00e3o de Ministro do STF exige voto favor\u00e1vel da maioria absoluta da composi\u00e7\u00e3o do Senado, isto \u00e9, 41 senadores em 81, qu\u00f3rum n\u00e3o atingido pelos 34 votos favor\u00e1veis registrados.<br><br>D) O voto secreto na vota\u00e7\u00e3o plen\u00e1ria violou o art. 101 da CF\/88, que determina expressamente o voto aberto na delibera\u00e7\u00e3o sobre indicados ao Supremo Tribunal Federal.<br><br>E) A rejei\u00e7\u00e3o impede definitivamente o Presidente da Rep\u00fablica de indicar novo nome para a vaga aberta com a aposentadoria do Ministro Barroso, devendo o cargo permanecer vago at\u00e9 a pr\u00f3xima elei\u00e7\u00e3o presidencial.<\/pre>\n\n\n\n<p><strong>Gabarito: Alternativa C<\/strong><\/p>\n\n\n\n<p><strong>Alternativa A, INCORRETA.<\/strong> A maioria absoluta \u00e9 o qu\u00f3rum exigido para a aprova\u00e7\u00e3o da indica\u00e7\u00e3o, n\u00e3o para a rejei\u00e7\u00e3o. O voto contr\u00e1rio n\u00e3o precisa atingir 41 para reprovar o nome. Basta que o voto favor\u00e1vel n\u00e3o atinja 41 para que a indica\u00e7\u00e3o esteja rejeitada. O art. 101, par\u00e1grafo \u00fanico, da CF\/88, e o art. 288, III, \u201cd\u201d, do Regimento Interno do Senado disp\u00f5em expressamente sobre o voto favor\u00e1vel, n\u00e3o sobre o voto contr\u00e1rio.<\/p>\n\n\n\n<p><strong>Alternativa B, INCORRETA.<\/strong> O parecer da CCJ \u00e9 t\u00e9cnico-pol\u00edtico e n\u00e3o vincula o plen\u00e1rio. O plen\u00e1rio pode rejeitar a indica\u00e7\u00e3o por qualquer fundamento, inclusive de m\u00e9rito, e n\u00e3o apenas por descumprimento de requisitos formais. A alternativa inventa uma vincula\u00e7\u00e3o inexistente no sistema constitucional, e o caso Messias ilustra exatamente o oposto: parecer favor\u00e1vel na comiss\u00e3o e rejei\u00e7\u00e3o no plen\u00e1rio.<\/p>\n\n\n\n<p><strong>Alternativa C, CORRETA.<\/strong> A alternativa traduz com precis\u00e3o o regime constitucional. O art. 101, par\u00e1grafo \u00fanico, da CF\/88 exige maioria absoluta da composi\u00e7\u00e3o do Senado para a aprova\u00e7\u00e3o. A composi\u00e7\u00e3o \u00e9 de 81 senadores, e a maioria absoluta corresponde a 41 votos favor\u00e1veis. Messias obteve 34. Faltaram 7 votos para o piso constitucional, raz\u00e3o pela qual a indica\u00e7\u00e3o foi rejeitada. O art. 288, III, \u201cd\u201d, do Regimento Interno do Senado refor\u00e7a a regra.<\/p>\n\n\n\n<p><strong>Alternativa D, INCORRETA.<\/strong> O art. 101 da CF\/88 n\u00e3o disciplina o regime do voto na sabatina de Ministros do STF. O voto secreto est\u00e1 previsto no Regimento Interno do Senado Federal, e n\u00e3o no texto constitucional. A confus\u00e3o entre mat\u00e9ria constitucional e mat\u00e9ria regimental \u00e9 armadilha frequente em provas de direito constitucional.<\/p>\n\n\n\n<p><strong>Alternativa E, INCORRETA.<\/strong> A rejei\u00e7\u00e3o n\u00e3o impede o Presidente da Rep\u00fablica de apresentar nova indica\u00e7\u00e3o. A Constitui\u00e7\u00e3o n\u00e3o fixa prazo para o envio de novo nome ao Senado, mas tampouco condiciona a indica\u00e7\u00e3o a evento eleitoral algum. A vac\u00e2ncia persiste at\u00e9 que nova aprova\u00e7\u00e3o ocorra, sob o mesmo rito constitucional.<\/p>\n\n\n\n<h2 class=\"wp-block-heading\" id=\"h-fechamento-estrategico-o-que-memorizar-para-sua-prova\"><span id=\"fechamento-estrategico-o-que-memorizar-para-sua-prova\">Fechamento Estrat\u00e9gico: O Que Memorizar para Sua Prova<\/span><\/h2>\n\n\n\n<p>Se voc\u00ea chegou at\u00e9 aqui, j\u00e1 est\u00e1 \u00e0 frente de 90% dos concurseiros que estudam direito constitucional. Agora \u00e9 hora de consolidar o aprendizado em pontos de reten\u00e7\u00e3o r\u00e1pida, prontos para revis\u00e3o na v\u00e9spera da prova.<\/p>\n\n\n\n<ul class=\"wp-block-list\">\n<li>O STF \u00e9 composto por onze Ministros, conforme o caput do art. 101 da CF\/88, n\u00famero fixo que s\u00f3 pode ser alterado por emenda constitucional.<\/li>\n\n\n\n<li>Os requisitos constitucionais para o cargo s\u00e3o tr\u00eas e cumulativos: idade entre trinta e cinco e setenta anos, not\u00e1vel saber jur\u00eddico e reputa\u00e7\u00e3o ilibada.<\/li>\n\n\n\n<li>O procedimento de escolha tem tr\u00eas fases sucessivas: indica\u00e7\u00e3o pelo Presidente da Rep\u00fablica, aprova\u00e7\u00e3o pelo Senado Federal e nomea\u00e7\u00e3o pelo Presidente da Rep\u00fablica.<\/li>\n\n\n\n<li>O qu\u00f3rum de aprova\u00e7\u00e3o \u00e9 a maioria absoluta da composi\u00e7\u00e3o do Senado, ou seja, 41 votos favor\u00e1veis em 81 senadores, conforme o art. 101, par\u00e1grafo \u00fanico, da CF\/88, e o art. 288, III, \u201cd\u201d, do Regimento Interno do Senado.<\/li>\n\n\n\n<li>No caso Messias, os 34 votos favor\u00e1veis ficaram a 7 do piso constitucional. A rejei\u00e7\u00e3o decorre, juridicamente, da insufici\u00eancia de votos para atingir a maioria absoluta da composi\u00e7\u00e3o.<\/li>\n\n\n\n<li>Maioria absoluta \u00e9 calculada sobre a composi\u00e7\u00e3o total da Casa, e n\u00e3o sobre os presentes na sess\u00e3o. Confundir maioria absoluta com maioria simples \u00e9 o erro mais frequente em prova.<\/li>\n\n\n\n<li>A vota\u00e7\u00e3o no plen\u00e1rio do Senado \u00e9 secreta, regra prevista no Regimento Interno, e n\u00e3o no texto da Constitui\u00e7\u00e3o.<\/li>\n\n\n\n<li>A rejei\u00e7\u00e3o da indica\u00e7\u00e3o n\u00e3o impede a apresenta\u00e7\u00e3o de novo nome, e a vac\u00e2ncia da vaga persiste at\u00e9 que nova aprova\u00e7\u00e3o ocorra. A sabatina \u00e9 manifesta\u00e7\u00e3o concreta do sistema de freios e contrapesos.<\/li>\n<\/ul>\n\n\n\n<p>Domine esse tema e transforme conhecimento em pontos na sua prova. Bons estudos e rumo \u00e0 aprova\u00e7\u00e3o!<\/p>\n\n\n\n<hr class=\"wp-block-separator has-alpha-channel-opacity\"\/>\n\n\n\n<h2 class=\"wp-block-heading has-text-align-left\" id=\"h-quer-saber-tudo-sobre-concursos-previstos-confira-nossos-artigos\"><span id=\"quer-saber-tudo-sobre-concursos-previstosconfira-nossos-artigos\">Quer saber tudo sobre concursos previstos?<br>Confira nossos artigos!<\/span><\/h2>\n\n\n\n<ul class=\"wp-block-list\">\n<li><a href=\"https:\/\/cj.estrategia.com\/portal\/concursos-abertos-carreiras-juridicas\/\" target=\"_blank\" ><strong>Concursos jur\u00eddicos abertos<\/strong><\/a><\/li>\n\n\n\n<li><a href=\"https:\/\/cj.estrategia.com\/portal\/concursos-juridicos-2026-prepare-se-para-os-proximos-editais\/\" target=\"_blank\" ><strong>Concursos Jur\u00eddicos 2026<\/strong><\/a><\/li>\n<\/ul>\n\n\n\n<h3 class=\"wp-block-heading has-text-align-center\" id=\"cursos-ficha\"><span id=\"quer-estudar-para-concursos-de-direito\">Quer estudar para Concursos de Direito?<\/span><\/h3>\n\n\n\n<p>O Estrat\u00e9gia Carreira Jur\u00eddica \u00e9 campe\u00e3o de aprova\u00e7\u00f5es nos concursos para Carreiras Jur\u00eddicas com um corpo docente qualificado e materiais completos. Conhe\u00e7a nossos cursos e garanta sua aprova\u00e7\u00e3o:<\/p>\n\n\n\n<div class=\"wp-block-cover\" style=\"min-height:155px;aspect-ratio:unset;\"><img decoding=\"async\" width=\"1890\" height=\"351\" class=\"wp-block-cover__image-background wp-image-8669\" alt=\"Assinaturas Jur\u00eddicas\" src=\"https:\/\/cj.estrategia.com\/portal\/wp-content\/uploads\/2022\/06\/20151253\/concurso-carreiras-juridicas-assinatura-juridica.jpg\" style=\"object-position:78% 43%\" data-object-fit=\"cover\" data-object-position=\"78% 43%\" srcset=\"https:\/\/cj.estrategia.com\/portal\/wp-content\/uploads\/2022\/06\/20151253\/concurso-carreiras-juridicas-assinatura-juridica.jpg 1890w, https:\/\/cj.estrategia.com\/portal\/wp-content\/uploads\/2022\/06\/20151253\/concurso-carreiras-juridicas-assinatura-juridica-300x56.jpg 300w, https:\/\/cj.estrategia.com\/portal\/wp-content\/uploads\/2022\/06\/20151253\/concurso-carreiras-juridicas-assinatura-juridica-1024x190.jpg 1024w, https:\/\/cj.estrategia.com\/portal\/wp-content\/uploads\/2022\/06\/20151253\/concurso-carreiras-juridicas-assinatura-juridica-768x143.jpg 768w, https:\/\/cj.estrategia.com\/portal\/wp-content\/uploads\/2022\/06\/20151253\/concurso-carreiras-juridicas-assinatura-juridica-1536x285.jpg 1536w, https:\/\/cj.estrategia.com\/portal\/wp-content\/uploads\/2022\/06\/20151253\/concurso-carreiras-juridicas-assinatura-juridica-380x71.jpg 380w, https:\/\/cj.estrategia.com\/portal\/wp-content\/uploads\/2022\/06\/20151253\/concurso-carreiras-juridicas-assinatura-juridica-800x149.jpg 800w, https:\/\/cj.estrategia.com\/portal\/wp-content\/uploads\/2022\/06\/20151253\/concurso-carreiras-juridicas-assinatura-juridica-1160x215.jpg 1160w\" sizes=\"(max-width: 1890px) 100vw, 1890px\" \/><span aria-hidden=\"true\" class=\"wp-block-cover__background has-background-dim\"><\/span><div class=\"wp-block-cover__inner-container is-layout-flow wp-block-cover-is-layout-flow\">\n<h3 id=\"faca-a-sua-assinatura\" class=\"titulo-assinatura\"><span style=\"color: #ffffff;\">Fa\u00e7a a sua assinatura!<\/span><\/h3>\n<p class=\"subtitulo-assinatura\" style=\"display:block!important; line-height: 0;\"><span style=\"color: #ffffff;\">Escolha a sua \u00e1rea.<\/span><\/p>\n<a target=\"_blank\" href=\"https:\/\/www.estrategiaconcursos.com.br\/assinaturas-ecj\/\" rel=\"noopener\"><button style=\"border-radius: 10px; text-transform: capitalize;\">Acessar<\/button><\/a>\n<\/div><\/div>\n\n\n\n<p class=\"has-text-align-center has-white-color has-text-color has-link-color wp-elements-984c978107f79a17e755ff20bf7b387d\"><\/p>\n","protected":false},"excerpt":{"rendered":"Introdu\u00e7\u00e3o Em 29 de abril de 2026, o Senado Federal protagonizou um dos epis\u00f3dios institucionais mais relevantes da&hellip;\n","protected":false},"author":171,"featured_media":90773,"comment_status":"open","ping_status":"open","sticky":false,"template":"","format":"standard","meta":{"_jetpack_memberships_contains_paid_content":false,"footnotes":""},"categories":[1],"tags":[1251,1839,456,730,3840,377,4348,3700,1935,1147,134],"tax_estado":[36],"class_list":{"0":"post-187882","1":"post","2":"type-post","3":"status-publish","4":"format-standard","5":"has-post-thumbnail","7":"category-carreiras-juridicas","8":"tag-ccj-do-senado","9":"tag-comissao-de-constituicao-e-justica-e-de-cidadania","10":"tag-concurso-publico","11":"tag-direito-constitucional","12":"tag-jorge-messias","13":"tag-poder-judiciario","14":"tag-procedimento-de-escolha-de-ministro-do-stf","15":"tag-sabatina","16":"tag-senado-federal","17":"tag-sistema-de-freios-e-contrapesos","18":"tag-stf","19":"tax_estado-concursos-federais"},"acf":[],"yoast_head":"<!-- This site is optimized with the Yoast SEO Premium plugin v27.5 (Yoast SEO v27.5) - https:\/\/yoast.com\/product\/yoast-seo-premium-wordpress\/ -->\n<title>Jorge Messias: o procedimento de escolha de um Ministro do STF<\/title>\n<meta name=\"description\" content=\"A escolha de Ministros do STF, como no caso de Jorge Messias, envolve temas como organiza\u00e7\u00e3o do Poder Judici\u00e1rio e processo legislativo.\" \/>\n<meta name=\"robots\" content=\"index, follow, max-snippet:-1, max-image-preview:large, max-video-preview:-1\" \/>\n<link rel=\"canonical\" href=\"https:\/\/cj.estrategia.com\/portal\/messias-rejeitado-senado-escolha-ministro-stf\/\" \/>\n<meta property=\"og:locale\" content=\"pt_BR\" \/>\n<meta property=\"og:type\" content=\"article\" \/>\n<meta property=\"og:title\" content=\"Messias Rejeitado no Senado: Entenda o Procedimento de Escolha de um Ministro do STF\" \/>\n<meta property=\"og:description\" content=\"A escolha de Ministros do STF, como no caso de Jorge Messias, envolve temas como organiza\u00e7\u00e3o do Poder Judici\u00e1rio e processo legislativo.\" \/>\n<meta property=\"og:url\" content=\"https:\/\/cj.estrategia.com\/portal\/messias-rejeitado-senado-escolha-ministro-stf\/\" \/>\n<meta property=\"og:site_name\" content=\"Blog - Carreiras Jur\u00eddicas - Estrat\u00e9gia\" \/>\n<meta property=\"article:publisher\" content=\"https:\/\/www.facebook.com\/estrategiacarreirajuridica\/\" \/>\n<meta property=\"article:published_time\" content=\"2026-05-01T00:18:40+00:00\" \/>\n<meta property=\"article:modified_time\" content=\"2026-05-01T00:18:46+00:00\" \/>\n<meta property=\"og:image\" content=\"https:\/\/cj.estrategia.com\/portal\/wp-content\/uploads\/2025\/01\/13234809\/stf-gustavo-moreno.jpg\" \/>\n\t<meta property=\"og:image:width\" content=\"2560\" \/>\n\t<meta property=\"og:image:height\" content=\"1707\" \/>\n\t<meta property=\"og:image:type\" content=\"image\/jpeg\" \/>\n<meta name=\"author\" content=\"Gustavo Henrique de Andrade Cordeiro\" \/>\n<meta name=\"twitter:card\" content=\"summary_large_image\" \/>\n<meta name=\"twitter:creator\" content=\"@EstratJuridica\" \/>\n<meta name=\"twitter:site\" content=\"@EstratJuridica\" \/>\n<meta name=\"twitter:label1\" content=\"Escrito por\" \/>\n\t<meta name=\"twitter:data1\" content=\"Gustavo Henrique de Andrade Cordeiro\" \/>\n\t<meta name=\"twitter:label2\" content=\"Est. tempo de leitura\" \/>\n\t<meta name=\"twitter:data2\" content=\"31 minutos\" \/>\n<script type=\"application\/ld+json\" class=\"yoast-schema-graph\">{\"@context\":\"https:\\\/\\\/schema.org\",\"@graph\":[{\"@type\":\"NewsArticle\",\"@id\":\"https:\\\/\\\/cj.estrategia.com\\\/portal\\\/messias-rejeitado-senado-escolha-ministro-stf\\\/#article\",\"isPartOf\":{\"@id\":\"https:\\\/\\\/cj.estrategia.com\\\/portal\\\/messias-rejeitado-senado-escolha-ministro-stf\\\/\"},\"author\":{\"name\":\"Gustavo Henrique de Andrade Cordeiro\",\"@id\":\"https:\\\/\\\/cj.estrategia.com\\\/portal\\\/#\\\/schema\\\/person\\\/8d5b5fe34e8674f2069832edaeecbcd5\"},\"headline\":\"Messias Rejeitado no Senado: Entenda o Procedimento de Escolha de um Ministro do STF\",\"datePublished\":\"2026-05-01T00:18:40+00:00\",\"dateModified\":\"2026-05-01T00:18:46+00:00\",\"mainEntityOfPage\":{\"@id\":\"https:\\\/\\\/cj.estrategia.com\\\/portal\\\/messias-rejeitado-senado-escolha-ministro-stf\\\/\"},\"wordCount\":3073,\"commentCount\":0,\"publisher\":{\"@id\":\"https:\\\/\\\/cj.estrategia.com\\\/portal\\\/#organization\"},\"image\":{\"@id\":\"https:\\\/\\\/cj.estrategia.com\\\/portal\\\/messias-rejeitado-senado-escolha-ministro-stf\\\/#primaryimage\"},\"thumbnailUrl\":\"https:\\\/\\\/cj.estrategia.com\\\/portal\\\/wp-content\\\/uploads\\\/2025\\\/01\\\/13234809\\\/stf-gustavo-moreno.jpg\",\"keywords\":[\"CCJ do Senado\",\"Comiss\u00e3o de Constitui\u00e7\u00e3o e Justi\u00e7a e de Cidadania\",\"concurso p\u00fablico\",\"Direito Constitucional\",\"Jorge Messias\",\"poder judici\u00e1rio\",\"procedimento de escolha de ministro do STF\",\"sabatina\",\"Senado Federal\",\"sistema de freios e contrapesos\",\"STF\"],\"articleSection\":[\"Carreiras Jur\u00eddicas\"],\"inLanguage\":\"pt-BR\",\"potentialAction\":[{\"@type\":\"CommentAction\",\"name\":\"Comment\",\"target\":[\"https:\\\/\\\/cj.estrategia.com\\\/portal\\\/messias-rejeitado-senado-escolha-ministro-stf\\\/#respond\"]}]},{\"@type\":\"WebPage\",\"@id\":\"https:\\\/\\\/cj.estrategia.com\\\/portal\\\/messias-rejeitado-senado-escolha-ministro-stf\\\/\",\"url\":\"https:\\\/\\\/cj.estrategia.com\\\/portal\\\/messias-rejeitado-senado-escolha-ministro-stf\\\/\",\"name\":\"Jorge Messias: o procedimento de escolha de um Ministro do STF\",\"isPartOf\":{\"@id\":\"https:\\\/\\\/cj.estrategia.com\\\/portal\\\/#website\"},\"primaryImageOfPage\":{\"@id\":\"https:\\\/\\\/cj.estrategia.com\\\/portal\\\/messias-rejeitado-senado-escolha-ministro-stf\\\/#primaryimage\"},\"image\":{\"@id\":\"https:\\\/\\\/cj.estrategia.com\\\/portal\\\/messias-rejeitado-senado-escolha-ministro-stf\\\/#primaryimage\"},\"thumbnailUrl\":\"https:\\\/\\\/cj.estrategia.com\\\/portal\\\/wp-content\\\/uploads\\\/2025\\\/01\\\/13234809\\\/stf-gustavo-moreno.jpg\",\"datePublished\":\"2026-05-01T00:18:40+00:00\",\"dateModified\":\"2026-05-01T00:18:46+00:00\",\"description\":\"A escolha de Ministros do STF, como no caso de Jorge Messias, envolve temas como organiza\u00e7\u00e3o do Poder Judici\u00e1rio e processo legislativo.\",\"breadcrumb\":{\"@id\":\"https:\\\/\\\/cj.estrategia.com\\\/portal\\\/messias-rejeitado-senado-escolha-ministro-stf\\\/#breadcrumb\"},\"inLanguage\":\"pt-BR\",\"potentialAction\":[{\"@type\":\"ReadAction\",\"target\":[\"https:\\\/\\\/cj.estrategia.com\\\/portal\\\/messias-rejeitado-senado-escolha-ministro-stf\\\/\"]}]},{\"@type\":\"ImageObject\",\"inLanguage\":\"pt-BR\",\"@id\":\"https:\\\/\\\/cj.estrategia.com\\\/portal\\\/messias-rejeitado-senado-escolha-ministro-stf\\\/#primaryimage\",\"url\":\"https:\\\/\\\/cj.estrategia.com\\\/portal\\\/wp-content\\\/uploads\\\/2025\\\/01\\\/13234809\\\/stf-gustavo-moreno.jpg\",\"contentUrl\":\"https:\\\/\\\/cj.estrategia.com\\\/portal\\\/wp-content\\\/uploads\\\/2025\\\/01\\\/13234809\\\/stf-gustavo-moreno.jpg\",\"width\":2560,\"height\":1707,\"caption\":\"Foto: Gustavo Moreno\\\/STF\"},{\"@type\":\"BreadcrumbList\",\"@id\":\"https:\\\/\\\/cj.estrategia.com\\\/portal\\\/messias-rejeitado-senado-escolha-ministro-stf\\\/#breadcrumb\",\"itemListElement\":[{\"@type\":\"ListItem\",\"position\":1,\"name\":\"In\u00edcio\",\"item\":\"https:\\\/\\\/cj.estrategia.com\\\/portal\\\/\"},{\"@type\":\"ListItem\",\"position\":2,\"name\":\"Messias Rejeitado no Senado: Entenda o Procedimento de Escolha de um Ministro do STF\"}]},{\"@type\":\"WebSite\",\"@id\":\"https:\\\/\\\/cj.estrategia.com\\\/portal\\\/#website\",\"url\":\"https:\\\/\\\/cj.estrategia.com\\\/portal\\\/\",\"name\":\"Blog - Carreiras Jur\u00eddicas - Estrat\u00e9gia\",\"description\":\"\",\"publisher\":{\"@id\":\"https:\\\/\\\/cj.estrategia.com\\\/portal\\\/#organization\"},\"potentialAction\":[{\"@type\":\"SearchAction\",\"target\":{\"@type\":\"EntryPoint\",\"urlTemplate\":\"https:\\\/\\\/cj.estrategia.com\\\/portal\\\/?s={search_term_string}\"},\"query-input\":{\"@type\":\"PropertyValueSpecification\",\"valueRequired\":true,\"valueName\":\"search_term_string\"}}],\"inLanguage\":\"pt-BR\"},{\"@type\":\"Organization\",\"@id\":\"https:\\\/\\\/cj.estrategia.com\\\/portal\\\/#organization\",\"name\":\"Estrat\u00e9gia - Carreiras Jur\u00eddicas\",\"url\":\"https:\\\/\\\/cj.estrategia.com\\\/portal\\\/\",\"logo\":{\"@type\":\"ImageObject\",\"inLanguage\":\"pt-BR\",\"@id\":\"https:\\\/\\\/cj.estrategia.com\\\/portal\\\/#\\\/schema\\\/logo\\\/image\\\/\",\"url\":\"https:\\\/\\\/cj.estrategia.com\\\/portal\\\/wp-content\\\/uploads\\\/2022\\\/03\\\/11151052\\\/cj-logo.png\",\"contentUrl\":\"https:\\\/\\\/cj.estrategia.com\\\/portal\\\/wp-content\\\/uploads\\\/2022\\\/03\\\/11151052\\\/cj-logo.png\",\"width\":150,\"height\":39,\"caption\":\"Estrat\u00e9gia - Carreiras Jur\u00eddicas\"},\"image\":{\"@id\":\"https:\\\/\\\/cj.estrategia.com\\\/portal\\\/#\\\/schema\\\/logo\\\/image\\\/\"},\"sameAs\":[\"https:\\\/\\\/www.facebook.com\\\/estrategiacarreirajuridica\\\/\",\"https:\\\/\\\/x.com\\\/EstratJuridica\",\"https:\\\/\\\/www.instagram.com\\\/estrategiacarreirajuridica\\\/\",\"https:\\\/\\\/www.youtube.com\\\/channel\\\/UClbMGuYbj2Mh1m3w144ETWQ\"]},{\"@type\":\"Person\",\"@id\":\"https:\\\/\\\/cj.estrategia.com\\\/portal\\\/#\\\/schema\\\/person\\\/8d5b5fe34e8674f2069832edaeecbcd5\",\"name\":\"Gustavo Henrique de Andrade Cordeiro\",\"image\":{\"@type\":\"ImageObject\",\"inLanguage\":\"pt-BR\",\"@id\":\"https:\\\/\\\/cj.estrategia.com\\\/portal\\\/wp-content\\\/uploads\\\/2025\\\/12\\\/12085410\\\/professor-gustavo-henrique-andrade-cordeiro-96x96.png\",\"url\":\"https:\\\/\\\/cj.estrategia.com\\\/portal\\\/wp-content\\\/uploads\\\/2025\\\/12\\\/12085410\\\/professor-gustavo-henrique-andrade-cordeiro-96x96.png\",\"contentUrl\":\"https:\\\/\\\/cj.estrategia.com\\\/portal\\\/wp-content\\\/uploads\\\/2025\\\/12\\\/12085410\\\/professor-gustavo-henrique-andrade-cordeiro-96x96.png\",\"caption\":\"Gustavo Henrique de Andrade Cordeiro\"},\"description\":\"Promotor de Justi\u00e7a no Minist\u00e9rio P\u00fablico de S\u00e3o Paulo. Mestre e doutor em Direito. Professor Universit\u00e1rio.\",\"url\":\"https:\\\/\\\/cj.estrategia.com\\\/portal\\\/author\\\/gustavo-henrique-de-andrade-cordeiro\\\/\"}]}<\/script>\n<!-- \/ Yoast SEO Premium plugin. -->","yoast_head_json":{"title":"Jorge Messias: o procedimento de escolha de um Ministro do STF","description":"A escolha de Ministros do STF, como no caso de Jorge Messias, envolve temas como organiza\u00e7\u00e3o do Poder Judici\u00e1rio e processo legislativo.","robots":{"index":"index","follow":"follow","max-snippet":"max-snippet:-1","max-image-preview":"max-image-preview:large","max-video-preview":"max-video-preview:-1"},"canonical":"https:\/\/cj.estrategia.com\/portal\/messias-rejeitado-senado-escolha-ministro-stf\/","og_locale":"pt_BR","og_type":"article","og_title":"Messias Rejeitado no Senado: Entenda o Procedimento de Escolha de um Ministro do STF","og_description":"A escolha de Ministros do STF, como no caso de Jorge Messias, envolve temas como organiza\u00e7\u00e3o do Poder Judici\u00e1rio e processo legislativo.","og_url":"https:\/\/cj.estrategia.com\/portal\/messias-rejeitado-senado-escolha-ministro-stf\/","og_site_name":"Blog - Carreiras Jur\u00eddicas - Estrat\u00e9gia","article_publisher":"https:\/\/www.facebook.com\/estrategiacarreirajuridica\/","article_published_time":"2026-05-01T00:18:40+00:00","article_modified_time":"2026-05-01T00:18:46+00:00","og_image":[{"width":2560,"height":1707,"url":"https:\/\/cj.estrategia.com\/portal\/wp-content\/uploads\/2025\/01\/13234809\/stf-gustavo-moreno.jpg","type":"image\/jpeg"}],"author":"Gustavo Henrique de Andrade Cordeiro","twitter_card":"summary_large_image","twitter_creator":"@EstratJuridica","twitter_site":"@EstratJuridica","twitter_misc":{"Escrito por":"Gustavo Henrique de Andrade Cordeiro","Est. tempo de leitura":"31 minutos"},"schema":{"@context":"https:\/\/schema.org","@graph":[{"@type":"NewsArticle","@id":"https:\/\/cj.estrategia.com\/portal\/messias-rejeitado-senado-escolha-ministro-stf\/#article","isPartOf":{"@id":"https:\/\/cj.estrategia.com\/portal\/messias-rejeitado-senado-escolha-ministro-stf\/"},"author":{"name":"Gustavo Henrique de Andrade Cordeiro","@id":"https:\/\/cj.estrategia.com\/portal\/#\/schema\/person\/8d5b5fe34e8674f2069832edaeecbcd5"},"headline":"Messias Rejeitado no Senado: Entenda o Procedimento de Escolha de um Ministro do STF","datePublished":"2026-05-01T00:18:40+00:00","dateModified":"2026-05-01T00:18:46+00:00","mainEntityOfPage":{"@id":"https:\/\/cj.estrategia.com\/portal\/messias-rejeitado-senado-escolha-ministro-stf\/"},"wordCount":3073,"commentCount":0,"publisher":{"@id":"https:\/\/cj.estrategia.com\/portal\/#organization"},"image":{"@id":"https:\/\/cj.estrategia.com\/portal\/messias-rejeitado-senado-escolha-ministro-stf\/#primaryimage"},"thumbnailUrl":"https:\/\/cj.estrategia.com\/portal\/wp-content\/uploads\/2025\/01\/13234809\/stf-gustavo-moreno.jpg","keywords":["CCJ do Senado","Comiss\u00e3o de Constitui\u00e7\u00e3o e Justi\u00e7a e de Cidadania","concurso p\u00fablico","Direito Constitucional","Jorge Messias","poder judici\u00e1rio","procedimento de escolha de ministro do STF","sabatina","Senado Federal","sistema de freios e contrapesos","STF"],"articleSection":["Carreiras Jur\u00eddicas"],"inLanguage":"pt-BR","potentialAction":[{"@type":"CommentAction","name":"Comment","target":["https:\/\/cj.estrategia.com\/portal\/messias-rejeitado-senado-escolha-ministro-stf\/#respond"]}]},{"@type":"WebPage","@id":"https:\/\/cj.estrategia.com\/portal\/messias-rejeitado-senado-escolha-ministro-stf\/","url":"https:\/\/cj.estrategia.com\/portal\/messias-rejeitado-senado-escolha-ministro-stf\/","name":"Jorge Messias: o procedimento de escolha de um Ministro do STF","isPartOf":{"@id":"https:\/\/cj.estrategia.com\/portal\/#website"},"primaryImageOfPage":{"@id":"https:\/\/cj.estrategia.com\/portal\/messias-rejeitado-senado-escolha-ministro-stf\/#primaryimage"},"image":{"@id":"https:\/\/cj.estrategia.com\/portal\/messias-rejeitado-senado-escolha-ministro-stf\/#primaryimage"},"thumbnailUrl":"https:\/\/cj.estrategia.com\/portal\/wp-content\/uploads\/2025\/01\/13234809\/stf-gustavo-moreno.jpg","datePublished":"2026-05-01T00:18:40+00:00","dateModified":"2026-05-01T00:18:46+00:00","description":"A escolha de Ministros do STF, como no caso de Jorge Messias, envolve temas como organiza\u00e7\u00e3o do Poder Judici\u00e1rio e processo legislativo.","breadcrumb":{"@id":"https:\/\/cj.estrategia.com\/portal\/messias-rejeitado-senado-escolha-ministro-stf\/#breadcrumb"},"inLanguage":"pt-BR","potentialAction":[{"@type":"ReadAction","target":["https:\/\/cj.estrategia.com\/portal\/messias-rejeitado-senado-escolha-ministro-stf\/"]}]},{"@type":"ImageObject","inLanguage":"pt-BR","@id":"https:\/\/cj.estrategia.com\/portal\/messias-rejeitado-senado-escolha-ministro-stf\/#primaryimage","url":"https:\/\/cj.estrategia.com\/portal\/wp-content\/uploads\/2025\/01\/13234809\/stf-gustavo-moreno.jpg","contentUrl":"https:\/\/cj.estrategia.com\/portal\/wp-content\/uploads\/2025\/01\/13234809\/stf-gustavo-moreno.jpg","width":2560,"height":1707,"caption":"Foto: Gustavo Moreno\/STF"},{"@type":"BreadcrumbList","@id":"https:\/\/cj.estrategia.com\/portal\/messias-rejeitado-senado-escolha-ministro-stf\/#breadcrumb","itemListElement":[{"@type":"ListItem","position":1,"name":"In\u00edcio","item":"https:\/\/cj.estrategia.com\/portal\/"},{"@type":"ListItem","position":2,"name":"Messias Rejeitado no Senado: Entenda o Procedimento de Escolha de um Ministro do STF"}]},{"@type":"WebSite","@id":"https:\/\/cj.estrategia.com\/portal\/#website","url":"https:\/\/cj.estrategia.com\/portal\/","name":"Blog - Carreiras Jur\u00eddicas - Estrat\u00e9gia","description":"","publisher":{"@id":"https:\/\/cj.estrategia.com\/portal\/#organization"},"potentialAction":[{"@type":"SearchAction","target":{"@type":"EntryPoint","urlTemplate":"https:\/\/cj.estrategia.com\/portal\/?s={search_term_string}"},"query-input":{"@type":"PropertyValueSpecification","valueRequired":true,"valueName":"search_term_string"}}],"inLanguage":"pt-BR"},{"@type":"Organization","@id":"https:\/\/cj.estrategia.com\/portal\/#organization","name":"Estrat\u00e9gia - Carreiras Jur\u00eddicas","url":"https:\/\/cj.estrategia.com\/portal\/","logo":{"@type":"ImageObject","inLanguage":"pt-BR","@id":"https:\/\/cj.estrategia.com\/portal\/#\/schema\/logo\/image\/","url":"https:\/\/cj.estrategia.com\/portal\/wp-content\/uploads\/2022\/03\/11151052\/cj-logo.png","contentUrl":"https:\/\/cj.estrategia.com\/portal\/wp-content\/uploads\/2022\/03\/11151052\/cj-logo.png","width":150,"height":39,"caption":"Estrat\u00e9gia - Carreiras Jur\u00eddicas"},"image":{"@id":"https:\/\/cj.estrategia.com\/portal\/#\/schema\/logo\/image\/"},"sameAs":["https:\/\/www.facebook.com\/estrategiacarreirajuridica\/","https:\/\/x.com\/EstratJuridica","https:\/\/www.instagram.com\/estrategiacarreirajuridica\/","https:\/\/www.youtube.com\/channel\/UClbMGuYbj2Mh1m3w144ETWQ"]},{"@type":"Person","@id":"https:\/\/cj.estrategia.com\/portal\/#\/schema\/person\/8d5b5fe34e8674f2069832edaeecbcd5","name":"Gustavo Henrique de Andrade Cordeiro","image":{"@type":"ImageObject","inLanguage":"pt-BR","@id":"https:\/\/cj.estrategia.com\/portal\/wp-content\/uploads\/2025\/12\/12085410\/professor-gustavo-henrique-andrade-cordeiro-96x96.png","url":"https:\/\/cj.estrategia.com\/portal\/wp-content\/uploads\/2025\/12\/12085410\/professor-gustavo-henrique-andrade-cordeiro-96x96.png","contentUrl":"https:\/\/cj.estrategia.com\/portal\/wp-content\/uploads\/2025\/12\/12085410\/professor-gustavo-henrique-andrade-cordeiro-96x96.png","caption":"Gustavo Henrique de Andrade Cordeiro"},"description":"Promotor de Justi\u00e7a no Minist\u00e9rio P\u00fablico de S\u00e3o Paulo. Mestre e doutor em Direito. Professor Universit\u00e1rio.","url":"https:\/\/cj.estrategia.com\/portal\/author\/gustavo-henrique-de-andrade-cordeiro\/"}]}},"jetpack_featured_media_url":"https:\/\/cj.estrategia.com\/portal\/wp-content\/uploads\/2025\/01\/13234809\/stf-gustavo-moreno.jpg","jetpack_sharing_enabled":true,"_links":{"self":[{"href":"https:\/\/cj.estrategia.com\/portal\/wp-json\/wp\/v2\/posts\/187882","targetHints":{"allow":["GET"]}}],"collection":[{"href":"https:\/\/cj.estrategia.com\/portal\/wp-json\/wp\/v2\/posts"}],"about":[{"href":"https:\/\/cj.estrategia.com\/portal\/wp-json\/wp\/v2\/types\/post"}],"author":[{"embeddable":true,"href":"https:\/\/cj.estrategia.com\/portal\/wp-json\/wp\/v2\/users\/171"}],"replies":[{"embeddable":true,"href":"https:\/\/cj.estrategia.com\/portal\/wp-json\/wp\/v2\/comments?post=187882"}],"version-history":[{"count":5,"href":"https:\/\/cj.estrategia.com\/portal\/wp-json\/wp\/v2\/posts\/187882\/revisions"}],"predecessor-version":[{"id":187896,"href":"https:\/\/cj.estrategia.com\/portal\/wp-json\/wp\/v2\/posts\/187882\/revisions\/187896"}],"wp:featuredmedia":[{"embeddable":true,"href":"https:\/\/cj.estrategia.com\/portal\/wp-json\/wp\/v2\/media\/90773"}],"wp:attachment":[{"href":"https:\/\/cj.estrategia.com\/portal\/wp-json\/wp\/v2\/media?parent=187882"}],"wp:term":[{"taxonomy":"category","embeddable":true,"href":"https:\/\/cj.estrategia.com\/portal\/wp-json\/wp\/v2\/categories?post=187882"},{"taxonomy":"post_tag","embeddable":true,"href":"https:\/\/cj.estrategia.com\/portal\/wp-json\/wp\/v2\/tags?post=187882"},{"taxonomy":"tax_estado","embeddable":true,"href":"https:\/\/cj.estrategia.com\/portal\/wp-json\/wp\/v2\/tax_estado?post=187882"}],"curies":[{"name":"wp","href":"https:\/\/api.w.org\/{rel}","templated":true}]}}