{"id":187367,"date":"2026-04-28T15:00:00","date_gmt":"2026-04-28T18:00:00","guid":{"rendered":"https:\/\/cj.estrategia.com\/portal\/?p=187367"},"modified":"2026-04-24T10:03:58","modified_gmt":"2026-04-24T13:03:58","slug":"concurso-camara-saquarema-procurador-como-se-inscrever","status":"publish","type":"post","link":"https:\/\/cj.estrategia.com\/portal\/concurso-camara-saquarema-procurador-como-se-inscrever\/","title":{"rendered":"Como se inscrever no Concurso da C\u00e2mara Municipal de Saquarema (RJ) \u2013 Cargo de Procurador"},"content":{"rendered":"\n<p><strong><em>Inscri\u00e7\u00f5es para Procurador da C\u00e2mara de Saquarema exigem aten\u00e7\u00e3o a prazos, taxa e regras do edital.<\/em><\/strong><\/p>\n\n\n\n<p>As inscri\u00e7\u00f5es para o Concurso P\u00fablico da C\u00e2mara Municipal de Saquarema, no Rio de Janeiro, seguem regras bem espec\u00edficas e devem ser feitas exclusivamente pela internet. A seguir, voc\u00ea confere um guia direto, em formato de artigo, para entender todo o processo sem confus\u00e3o.<\/p>\n\n\n\n<div class=\"container\" id=\"boxes\">\n  <div class=\"row\">\n\n    <div class=\"col-sm\">\n      <div class=\"banner-ecj\" id=\"box-assinatura\">\n        <h3 id=\"concurso-procurador-camara-de-saquarema-rj\" class=\"titulo-assinatura\">Concurso Procurador C\u00e2mara de Saquarema RJ<\/h3>\n        <p class=\"subtitulo-assinatura\">Cursos focados em aprova\u00e7\u00e3o!<\/p>\n        <div class=\"box-botao\">\n          <a class=\"btn-assinatura\" target=\"_blank\" href=\"https:\/\/cj.estrategia.com\/cursos\/home\/\" role=\"button\" rel=\"noopener noreferrer\">Conhe\u00e7a mais<\/a>\n        <\/div>\n      <\/div>\n      <p class=\"texto-auxiliar\">Prepare-se com o melhor material e com quem mais aprova em concursos em todo o pa\u00eds. \n<\/p>\n    <\/div>\n\n  <\/div>\n<\/div>\n\n\n\n<h2 class=\"wp-block-heading\" id=\"h-periodo-de-inscricao\"><span id=\"periodo-de-inscricao\">Per\u00edodo de inscri\u00e7\u00e3o<\/span><\/h2>\n\n\n\n<p>As inscri\u00e7\u00f5es estar\u00e3o abertas de <strong>20\/04\/2026 a 20\/05\/2026<\/strong>, at\u00e9 \u00e0s <strong>23h59 (hor\u00e1rio de Bras\u00edlia)<\/strong>.<\/p>\n\n\n\n<p>Todo o procedimento deve ser realizado online, no site oficial da banca:<\/p>\n\n\n\n<ul class=\"wp-block-list\">\n<li><a href=\"http:\/\/acaobahiaorganizacao.com.br\/\">http:\/\/acaobahiaorganizacao.com.br\/<\/a><\/li>\n<\/ul>\n\n\n\n<h3 class=\"wp-block-heading\" id=\"h-taxa-de-inscricao\"><span id=\"taxa-de-inscricao\">Taxa de inscri\u00e7\u00e3o<\/span><\/h3>\n\n\n\n<p>O candidato deve pagar a taxa ap\u00f3s preencher o formul\u00e1rio:<\/p>\n\n\n\n<ul class=\"wp-block-list\">\n<li><strong>N\u00edvel Superior (Procurador)<\/strong>: R$ 130,00<\/li>\n\n\n\n<li><strong>N\u00edvel M\u00e9dio\/T\u00e9cnico<\/strong>: R$ 100,00<\/li>\n<\/ul>\n\n\n\n<p>O pagamento deve ser feito por boleto banc\u00e1rio at\u00e9 <strong>21\/05\/2026<\/strong>.<\/p>\n\n\n\n<h2 class=\"wp-block-heading\" id=\"h-passo-a-passo-para-se-inscrever\"><span id=\"passo-a-passo-para-se-inscrever\">Passo a passo para se inscrever<\/span><\/h2>\n\n\n\n<p>Para n\u00e3o errar na inscri\u00e7\u00e3o, siga esta sequ\u00eancia:<\/p>\n\n\n\n<figure class=\"wp-block-table is-style-stripes\"><table class=\"has-luminous-vivid-amber-background-color has-background has-fixed-layout\"><tbody><tr><td class=\"has-text-align-center\" data-align=\"center\">Guarde o comprovante de pagamento<\/td><\/tr><tr><td class=\"has-text-align-center\" data-align=\"center\">Acesse o site da banca organizadora<\/td><\/tr><tr><td class=\"has-text-align-center\" data-align=\"center\">Preencha o formul\u00e1rio de inscri\u00e7\u00e3o com aten\u00e7\u00e3o<\/td><\/tr><tr><td class=\"has-text-align-center\" data-align=\"center\">Escolha corretamente o cargo (Procurador, se for o caso)<\/td><\/tr><tr><td class=\"has-text-align-center\" data-align=\"center\">Leia e aceite todos os termos do edital<\/td><\/tr><tr><td class=\"has-text-align-center\" data-align=\"center\">Gere o boleto banc\u00e1rio<\/td><\/tr><tr><td class=\"has-text-align-center\" data-align=\"center\">Efetue o pagamento dentro do prazo<\/td><\/tr><\/tbody><\/table><\/figure>\n\n\n\n<h2 class=\"wp-block-heading\" id=\"h-atencao-aos-pontos-criticos\"><span id=\"atencao-aos-pontos-criticos\">Aten\u00e7\u00e3o aos pontos cr\u00edticos<\/span><\/h2>\n\n\n\n<p>N\u00e3o \u00e9 permitido transferir inscri\u00e7\u00e3o ou taxa para outra pessoa<\/p>\n\n\n\n<p>A inscri\u00e7\u00e3o s\u00f3 \u00e9 confirmada ap\u00f3s a compensa\u00e7\u00e3o do boleto<\/p>\n\n\n\n<p>N\u00e3o h\u00e1 devolu\u00e7\u00e3o da taxa em nenhuma hip\u00f3tese<\/p>\n\n\n\n<p>Erros no preenchimento s\u00e3o de responsabilidade do candidato<\/p>\n\n\n\n<p>Inscri\u00e7\u00f5es fora do prazo n\u00e3o ser\u00e3o aceitas<\/p>\n\n\n\n<h2 class=\"wp-block-heading\" id=\"h-segunda-via-do-boleto\"><span id=\"segunda-via-do-boleto\">Segunda via do boleto<\/span><\/h2>\n\n\n\n<p>Se precisar, a segunda via pode ser emitida at\u00e9 <strong>20\/05\/2026<\/strong>, \u00e0s 23h59, na \u00e1rea do candidato.<\/p>\n\n\n\n<h2 class=\"wp-block-heading\" id=\"h-isencao-da-taxa-de-inscricao\"><span id=\"isencao-da-taxa-de-inscricao\">Isen\u00e7\u00e3o da taxa de inscri\u00e7\u00e3o<\/span><\/h2>\n\n\n\n<p>Haver\u00e1 possibilidade de isen\u00e7\u00e3o apenas para candidatos em situa\u00e7\u00e3o de hipossufici\u00eancia, conforme o Decreto Federal n\u00ba 6.593\/2008.<\/p>\n\n\n\n<p>Prazo para solicitar: <strong>20\/04\/2026 a 22\/04\/2026<\/strong><\/p>\n\n\n\n<p>Documentos exigidos incluem:<\/p>\n\n\n\n<ul class=\"wp-block-list\">\n<li>Comprovante de resid\u00eancia<\/li>\n\n\n\n<li>NIS em nome do candidato<\/li>\n\n\n\n<li>Carteira de Trabalho (p\u00e1ginas espec\u00edficas)<\/li>\n\n\n\n<li>Documentos de seguro-desemprego (se houver)<\/li>\n<\/ul>\n\n\n\n<p>O resultado da an\u00e1lise ser\u00e1 divulgado em <strong>04\/05\/2026<\/strong>.<\/p>\n\n\n\n<h2 class=\"wp-block-heading\" id=\"h-conferencia-da-inscricao\"><span id=\"conferencia-da-inscricao\">Confer\u00eancia da inscri\u00e7\u00e3o<\/span><\/h2>\n\n\n\n<p>A partir de <strong>25\/05\/2026<\/strong>, o candidato deve verificar se a inscri\u00e7\u00e3o foi confirmada e se o pagamento foi reconhecido.<\/p>\n\n\n\n<p>Caso haja problema, ser\u00e1 poss\u00edvel entrar com recurso em at\u00e9 48 horas ap\u00f3s a divulga\u00e7\u00e3o da lista.<\/p>\n\n\n\n<ul class=\"wp-block-list\">\n<li>Saiba mais: <a href=\"https:\/\/cj.estrategia.com\/portal\/concurso-procurador-camara-de-saquarema-rj\/\">Concurso Procurador C\u00e2mara de Saquarema RJ<\/a><\/li>\n<\/ul>\n\n\n\n<h2 class=\"wp-block-heading\" id=\"h-quer-saber-tudo-sobre-concursos-previstos-confira-nossos-artigos\"><span id=\"quer-saber-tudo-sobre-concursos-previstos-confira-nossos-artigos\">Quer saber tudo sobre concursos previstos? Confira nossos artigos!<\/span><\/h2>\n\n\n\n<ul class=\"wp-block-list\">\n<li><a href=\"https:\/\/cj.estrategia.com\/portal\/concursos-advogados\/\" target=\"_blank\" >Concursos Advogados<\/a><\/li>\n\n\n\n<li><a href=\"https:\/\/cj.estrategia.com\/portal\/concursos-abertos-carreiras-juridicas\/\" target=\"_blank\" >Concursos Jur\u00eddicos abertos<\/a><\/li>\n\n\n\n<li><a href=\"https:\/\/cj.estrategia.com\/portal\/concursos-juridicos-2026-prepare-se-para-os-proximos-editais\/\" target=\"_blank\" >Concursos Jur\u00eddicos 2026<\/a><\/li>\n<\/ul>\n\n\n\n<p class=\"has-text-align-center has-medium-font-size\"><strong>Assinaturas Carreiras Jur\u00eddicas <\/strong><\/p>\n\n\n\n<div class=\"wp-block-cover\" style=\"min-height:155px;aspect-ratio:unset;\"><img decoding=\"async\" width=\"1890\" height=\"351\" class=\"wp-block-cover__image-background wp-image-8669\" alt=\"Assinaturas Jur\u00eddicas\" src=\"https:\/\/cj.estrategia.com\/portal\/wp-content\/uploads\/2022\/06\/20151253\/concurso-carreiras-juridicas-assinatura-juridica.jpg\" style=\"object-position:78% 43%\" data-object-fit=\"cover\" data-object-position=\"78% 43%\" srcset=\"https:\/\/cj.estrategia.com\/portal\/wp-content\/uploads\/2022\/06\/20151253\/concurso-carreiras-juridicas-assinatura-juridica.jpg 1890w, https:\/\/cj.estrategia.com\/portal\/wp-content\/uploads\/2022\/06\/20151253\/concurso-carreiras-juridicas-assinatura-juridica-300x56.jpg 300w, https:\/\/cj.estrategia.com\/portal\/wp-content\/uploads\/2022\/06\/20151253\/concurso-carreiras-juridicas-assinatura-juridica-1024x190.jpg 1024w, https:\/\/cj.estrategia.com\/portal\/wp-content\/uploads\/2022\/06\/20151253\/concurso-carreiras-juridicas-assinatura-juridica-768x143.jpg 768w, https:\/\/cj.estrategia.com\/portal\/wp-content\/uploads\/2022\/06\/20151253\/concurso-carreiras-juridicas-assinatura-juridica-1536x285.jpg 1536w, https:\/\/cj.estrategia.com\/portal\/wp-content\/uploads\/2022\/06\/20151253\/concurso-carreiras-juridicas-assinatura-juridica-380x71.jpg 380w, https:\/\/cj.estrategia.com\/portal\/wp-content\/uploads\/2022\/06\/20151253\/concurso-carreiras-juridicas-assinatura-juridica-800x149.jpg 800w, https:\/\/cj.estrategia.com\/portal\/wp-content\/uploads\/2022\/06\/20151253\/concurso-carreiras-juridicas-assinatura-juridica-1160x215.jpg 1160w\" sizes=\"(max-width: 1890px) 100vw, 1890px\" \/><span aria-hidden=\"true\" class=\"wp-block-cover__background has-background-dim\"><\/span><div class=\"wp-block-cover__inner-container is-layout-flow wp-block-cover-is-layout-flow\">\n<h3 id=\"faca-a-sua-assinatura\" class=\"titulo-assinatura\"><span style=\"color: #ffffff;\">Fa\u00e7a a sua assinatura!<\/span><\/h3>\n<p class=\"subtitulo-assinatura\" style=\"display:block!important; line-height: 0;\"><span style=\"color: #ffffff;\">Escolha a sua \u00e1rea.<\/span><\/p>\n<a target=\"_blank\" href=\"https:\/\/www.estrategiaconcursos.com.br\/assinaturas-ecj\/\" rel=\"noopener\"><button style=\"border-radius: 10px; text-transform: capitalize;\">Acessar<\/button><\/a>\n<\/div><\/div>\n\n\n\n<p><\/p>\n","protected":false},"excerpt":{"rendered":"Inscri\u00e7\u00f5es para Procurador da C\u00e2mara de Saquarema exigem aten\u00e7\u00e3o a prazos, taxa e regras do edital. As inscri\u00e7\u00f5es&hellip;\n","protected":false},"author":12,"featured_media":169520,"comment_status":"open","ping_status":"open","sticky":false,"template":"","format":"standard","meta":{"_jetpack_memberships_contains_paid_content":false,"footnotes":""},"categories":[24],"tags":[],"tax_estado":[49],"class_list":{"0":"post-187367","1":"post","2":"type-post","3":"status-publish","4":"format-standard","5":"has-post-thumbnail","7":"category-procuradoria","8":"tax_estado-rj"},"acf":[],"yoast_head":"<!-- This site is optimized with the Yoast SEO Premium plugin v27.4 (Yoast SEO v27.4) - https:\/\/yoast.com\/product\/yoast-seo-premium-wordpress\/ -->\n<title>Como se inscrever no Concurso da C\u00e2mara Municipal de Saquarema (RJ) \u2013 Cargo de Procurador<\/title>\n<meta name=\"description\" content=\"Confira como se inscrever no concurso da C\u00e2mara de Saquarema (RJ) para Procurador. Veja prazos, taxa de inscri\u00e7\u00e3o, passo a passo e regras do edital.\" \/>\n<meta name=\"robots\" content=\"index, follow, max-snippet:-1, max-image-preview:large, max-video-preview:-1\" \/>\n<link rel=\"canonical\" href=\"https:\/\/cj.estrategia.com\/portal\/concurso-camara-saquarema-procurador-como-se-inscrever\/\" \/>\n<meta property=\"og:locale\" content=\"pt_BR\" \/>\n<meta property=\"og:type\" content=\"article\" \/>\n<meta property=\"og:title\" content=\"Como se inscrever no Concurso da C\u00e2mara Municipal de Saquarema (RJ) \u2013 Cargo de Procurador\" \/>\n<meta property=\"og:description\" content=\"Confira como se inscrever no concurso da C\u00e2mara de Saquarema (RJ) para Procurador. Veja prazos, taxa de inscri\u00e7\u00e3o, passo a passo e regras do edital.\" \/>\n<meta property=\"og:url\" content=\"https:\/\/cj.estrategia.com\/portal\/concurso-camara-saquarema-procurador-como-se-inscrever\/\" \/>\n<meta property=\"og:site_name\" content=\"Blog - Carreiras Jur\u00eddicas - Estrat\u00e9gia\" \/>\n<meta property=\"article:publisher\" content=\"https:\/\/www.facebook.com\/estrategiacarreirajuridica\/\" \/>\n<meta property=\"article:published_time\" content=\"2026-04-28T18:00:00+00:00\" \/>\n<meta property=\"og:image\" content=\"https:\/\/cj.estrategia.com\/portal\/wp-content\/uploads\/2025\/08\/17133653\/CAPA-5.jpg\" \/>\n\t<meta property=\"og:image:width\" content=\"2459\" \/>\n\t<meta property=\"og:image:height\" content=\"1383\" \/>\n\t<meta property=\"og:image:type\" content=\"image\/jpeg\" \/>\n<meta name=\"author\" content=\"Coordena\u00e7\u00e3o\" \/>\n<meta name=\"twitter:card\" content=\"summary_large_image\" \/>\n<meta name=\"twitter:creator\" content=\"@EstratJuridica\" \/>\n<meta name=\"twitter:site\" content=\"@EstratJuridica\" \/>\n<meta name=\"twitter:label1\" content=\"Escrito por\" \/>\n\t<meta name=\"twitter:data1\" content=\"Coordena\u00e7\u00e3o\" \/>\n\t<meta name=\"twitter:label2\" content=\"Est. tempo de leitura\" \/>\n\t<meta name=\"twitter:data2\" content=\"3 minutos\" \/>\n<script type=\"application\/ld+json\" class=\"yoast-schema-graph\">{\"@context\":\"https:\\\/\\\/schema.org\",\"@graph\":[{\"@type\":\"NewsArticle\",\"@id\":\"https:\\\/\\\/cj.estrategia.com\\\/portal\\\/concurso-camara-saquarema-procurador-como-se-inscrever\\\/#article\",\"isPartOf\":{\"@id\":\"https:\\\/\\\/cj.estrategia.com\\\/portal\\\/concurso-camara-saquarema-procurador-como-se-inscrever\\\/\"},\"author\":{\"name\":\"Coordena\u00e7\u00e3o\",\"@id\":\"https:\\\/\\\/cj.estrategia.com\\\/portal\\\/#\\\/schema\\\/person\\\/4d70317d31449932b99102916b6637f5\"},\"headline\":\"Como se inscrever no Concurso da C\u00e2mara Municipal de Saquarema (RJ) \u2013 Cargo de Procurador\",\"datePublished\":\"2026-04-28T18:00:00+00:00\",\"mainEntityOfPage\":{\"@id\":\"https:\\\/\\\/cj.estrategia.com\\\/portal\\\/concurso-camara-saquarema-procurador-como-se-inscrever\\\/\"},\"wordCount\":470,\"commentCount\":0,\"publisher\":{\"@id\":\"https:\\\/\\\/cj.estrategia.com\\\/portal\\\/#organization\"},\"image\":{\"@id\":\"https:\\\/\\\/cj.estrategia.com\\\/portal\\\/concurso-camara-saquarema-procurador-como-se-inscrever\\\/#primaryimage\"},\"thumbnailUrl\":\"https:\\\/\\\/cj.estrategia.com\\\/portal\\\/wp-content\\\/uploads\\\/2025\\\/08\\\/17133653\\\/CAPA-5.jpg\",\"articleSection\":[\"Procuradoria\"],\"inLanguage\":\"pt-BR\",\"potentialAction\":[{\"@type\":\"CommentAction\",\"name\":\"Comment\",\"target\":[\"https:\\\/\\\/cj.estrategia.com\\\/portal\\\/concurso-camara-saquarema-procurador-como-se-inscrever\\\/#respond\"]}]},{\"@type\":\"WebPage\",\"@id\":\"https:\\\/\\\/cj.estrategia.com\\\/portal\\\/concurso-camara-saquarema-procurador-como-se-inscrever\\\/\",\"url\":\"https:\\\/\\\/cj.estrategia.com\\\/portal\\\/concurso-camara-saquarema-procurador-como-se-inscrever\\\/\",\"name\":\"Como se inscrever no Concurso da C\u00e2mara Municipal de Saquarema (RJ) \u2013 Cargo de Procurador\",\"isPartOf\":{\"@id\":\"https:\\\/\\\/cj.estrategia.com\\\/portal\\\/#website\"},\"primaryImageOfPage\":{\"@id\":\"https:\\\/\\\/cj.estrategia.com\\\/portal\\\/concurso-camara-saquarema-procurador-como-se-inscrever\\\/#primaryimage\"},\"image\":{\"@id\":\"https:\\\/\\\/cj.estrategia.com\\\/portal\\\/concurso-camara-saquarema-procurador-como-se-inscrever\\\/#primaryimage\"},\"thumbnailUrl\":\"https:\\\/\\\/cj.estrategia.com\\\/portal\\\/wp-content\\\/uploads\\\/2025\\\/08\\\/17133653\\\/CAPA-5.jpg\",\"datePublished\":\"2026-04-28T18:00:00+00:00\",\"description\":\"Confira como se inscrever no concurso da C\u00e2mara de Saquarema (RJ) para Procurador. Veja prazos, taxa de inscri\u00e7\u00e3o, passo a passo e regras do edital.\",\"breadcrumb\":{\"@id\":\"https:\\\/\\\/cj.estrategia.com\\\/portal\\\/concurso-camara-saquarema-procurador-como-se-inscrever\\\/#breadcrumb\"},\"inLanguage\":\"pt-BR\",\"potentialAction\":[{\"@type\":\"ReadAction\",\"target\":[\"https:\\\/\\\/cj.estrategia.com\\\/portal\\\/concurso-camara-saquarema-procurador-como-se-inscrever\\\/\"]}]},{\"@type\":\"ImageObject\",\"inLanguage\":\"pt-BR\",\"@id\":\"https:\\\/\\\/cj.estrategia.com\\\/portal\\\/concurso-camara-saquarema-procurador-como-se-inscrever\\\/#primaryimage\",\"url\":\"https:\\\/\\\/cj.estrategia.com\\\/portal\\\/wp-content\\\/uploads\\\/2025\\\/08\\\/17133653\\\/CAPA-5.jpg\",\"contentUrl\":\"https:\\\/\\\/cj.estrategia.com\\\/portal\\\/wp-content\\\/uploads\\\/2025\\\/08\\\/17133653\\\/CAPA-5.jpg\",\"width\":2459,\"height\":1383},{\"@type\":\"BreadcrumbList\",\"@id\":\"https:\\\/\\\/cj.estrategia.com\\\/portal\\\/concurso-camara-saquarema-procurador-como-se-inscrever\\\/#breadcrumb\",\"itemListElement\":[{\"@type\":\"ListItem\",\"position\":1,\"name\":\"In\u00edcio\",\"item\":\"https:\\\/\\\/cj.estrategia.com\\\/portal\\\/\"},{\"@type\":\"ListItem\",\"position\":2,\"name\":\"Como se inscrever no Concurso da C\u00e2mara Municipal de Saquarema (RJ) \u2013 Cargo de Procurador\"}]},{\"@type\":\"WebSite\",\"@id\":\"https:\\\/\\\/cj.estrategia.com\\\/portal\\\/#website\",\"url\":\"https:\\\/\\\/cj.estrategia.com\\\/portal\\\/\",\"name\":\"Blog - Carreiras Jur\u00eddicas - Estrat\u00e9gia\",\"description\":\"\",\"publisher\":{\"@id\":\"https:\\\/\\\/cj.estrategia.com\\\/portal\\\/#organization\"},\"potentialAction\":[{\"@type\":\"SearchAction\",\"target\":{\"@type\":\"EntryPoint\",\"urlTemplate\":\"https:\\\/\\\/cj.estrategia.com\\\/portal\\\/?s={search_term_string}\"},\"query-input\":{\"@type\":\"PropertyValueSpecification\",\"valueRequired\":true,\"valueName\":\"search_term_string\"}}],\"inLanguage\":\"pt-BR\"},{\"@type\":\"Organization\",\"@id\":\"https:\\\/\\\/cj.estrategia.com\\\/portal\\\/#organization\",\"name\":\"Estrat\u00e9gia - Carreiras Jur\u00eddicas\",\"url\":\"https:\\\/\\\/cj.estrategia.com\\\/portal\\\/\",\"logo\":{\"@type\":\"ImageObject\",\"inLanguage\":\"pt-BR\",\"@id\":\"https:\\\/\\\/cj.estrategia.com\\\/portal\\\/#\\\/schema\\\/logo\\\/image\\\/\",\"url\":\"https:\\\/\\\/cj.estrategia.com\\\/portal\\\/wp-content\\\/uploads\\\/2022\\\/03\\\/11151052\\\/cj-logo.png\",\"contentUrl\":\"https:\\\/\\\/cj.estrategia.com\\\/portal\\\/wp-content\\\/uploads\\\/2022\\\/03\\\/11151052\\\/cj-logo.png\",\"width\":150,\"height\":39,\"caption\":\"Estrat\u00e9gia - Carreiras Jur\u00eddicas\"},\"image\":{\"@id\":\"https:\\\/\\\/cj.estrategia.com\\\/portal\\\/#\\\/schema\\\/logo\\\/image\\\/\"},\"sameAs\":[\"https:\\\/\\\/www.facebook.com\\\/estrategiacarreirajuridica\\\/\",\"https:\\\/\\\/x.com\\\/EstratJuridica\",\"https:\\\/\\\/www.instagram.com\\\/estrategiacarreirajuridica\\\/\",\"https:\\\/\\\/www.youtube.com\\\/channel\\\/UClbMGuYbj2Mh1m3w144ETWQ\"]},{\"@type\":\"Person\",\"@id\":\"https:\\\/\\\/cj.estrategia.com\\\/portal\\\/#\\\/schema\\\/person\\\/4d70317d31449932b99102916b6637f5\",\"name\":\"Coordena\u00e7\u00e3o\",\"image\":{\"@type\":\"ImageObject\",\"inLanguage\":\"pt-BR\",\"@id\":\"https:\\\/\\\/cj.estrategia.com\\\/portal\\\/wp-content\\\/uploads\\\/2022\\\/05\\\/12164923\\\/estrategia-carreira-juridica-coordenacao-96x96.png\",\"url\":\"https:\\\/\\\/cj.estrategia.com\\\/portal\\\/wp-content\\\/uploads\\\/2022\\\/05\\\/12164923\\\/estrategia-carreira-juridica-coordenacao-96x96.png\",\"contentUrl\":\"https:\\\/\\\/cj.estrategia.com\\\/portal\\\/wp-content\\\/uploads\\\/2022\\\/05\\\/12164923\\\/estrategia-carreira-juridica-coordenacao-96x96.png\",\"caption\":\"Coordena\u00e7\u00e3o\"},\"url\":\"https:\\\/\\\/cj.estrategia.com\\\/portal\\\/author\\\/coordenacao\\\/\"}]}<\/script>\n<!-- \/ Yoast SEO Premium plugin. -->","yoast_head_json":{"title":"Como se inscrever no Concurso da C\u00e2mara Municipal de Saquarema (RJ) \u2013 Cargo de Procurador","description":"Confira como se inscrever no concurso da C\u00e2mara de Saquarema (RJ) para Procurador. Veja prazos, taxa de inscri\u00e7\u00e3o, passo a passo e regras do edital.","robots":{"index":"index","follow":"follow","max-snippet":"max-snippet:-1","max-image-preview":"max-image-preview:large","max-video-preview":"max-video-preview:-1"},"canonical":"https:\/\/cj.estrategia.com\/portal\/concurso-camara-saquarema-procurador-como-se-inscrever\/","og_locale":"pt_BR","og_type":"article","og_title":"Como se inscrever no Concurso da C\u00e2mara Municipal de Saquarema (RJ) \u2013 Cargo de Procurador","og_description":"Confira como se inscrever no concurso da C\u00e2mara de Saquarema (RJ) para Procurador. Veja prazos, taxa de inscri\u00e7\u00e3o, passo a passo e regras do edital.","og_url":"https:\/\/cj.estrategia.com\/portal\/concurso-camara-saquarema-procurador-como-se-inscrever\/","og_site_name":"Blog - Carreiras Jur\u00eddicas - Estrat\u00e9gia","article_publisher":"https:\/\/www.facebook.com\/estrategiacarreirajuridica\/","article_published_time":"2026-04-28T18:00:00+00:00","og_image":[{"width":2459,"height":1383,"url":"https:\/\/cj.estrategia.com\/portal\/wp-content\/uploads\/2025\/08\/17133653\/CAPA-5.jpg","type":"image\/jpeg"}],"author":"Coordena\u00e7\u00e3o","twitter_card":"summary_large_image","twitter_creator":"@EstratJuridica","twitter_site":"@EstratJuridica","twitter_misc":{"Escrito por":"Coordena\u00e7\u00e3o","Est. tempo de leitura":"3 minutos"},"schema":{"@context":"https:\/\/schema.org","@graph":[{"@type":"NewsArticle","@id":"https:\/\/cj.estrategia.com\/portal\/concurso-camara-saquarema-procurador-como-se-inscrever\/#article","isPartOf":{"@id":"https:\/\/cj.estrategia.com\/portal\/concurso-camara-saquarema-procurador-como-se-inscrever\/"},"author":{"name":"Coordena\u00e7\u00e3o","@id":"https:\/\/cj.estrategia.com\/portal\/#\/schema\/person\/4d70317d31449932b99102916b6637f5"},"headline":"Como se inscrever no Concurso da C\u00e2mara Municipal de Saquarema (RJ) \u2013 Cargo de Procurador","datePublished":"2026-04-28T18:00:00+00:00","mainEntityOfPage":{"@id":"https:\/\/cj.estrategia.com\/portal\/concurso-camara-saquarema-procurador-como-se-inscrever\/"},"wordCount":470,"commentCount":0,"publisher":{"@id":"https:\/\/cj.estrategia.com\/portal\/#organization"},"image":{"@id":"https:\/\/cj.estrategia.com\/portal\/concurso-camara-saquarema-procurador-como-se-inscrever\/#primaryimage"},"thumbnailUrl":"https:\/\/cj.estrategia.com\/portal\/wp-content\/uploads\/2025\/08\/17133653\/CAPA-5.jpg","articleSection":["Procuradoria"],"inLanguage":"pt-BR","potentialAction":[{"@type":"CommentAction","name":"Comment","target":["https:\/\/cj.estrategia.com\/portal\/concurso-camara-saquarema-procurador-como-se-inscrever\/#respond"]}]},{"@type":"WebPage","@id":"https:\/\/cj.estrategia.com\/portal\/concurso-camara-saquarema-procurador-como-se-inscrever\/","url":"https:\/\/cj.estrategia.com\/portal\/concurso-camara-saquarema-procurador-como-se-inscrever\/","name":"Como se inscrever no Concurso da C\u00e2mara Municipal de Saquarema (RJ) \u2013 Cargo de Procurador","isPartOf":{"@id":"https:\/\/cj.estrategia.com\/portal\/#website"},"primaryImageOfPage":{"@id":"https:\/\/cj.estrategia.com\/portal\/concurso-camara-saquarema-procurador-como-se-inscrever\/#primaryimage"},"image":{"@id":"https:\/\/cj.estrategia.com\/portal\/concurso-camara-saquarema-procurador-como-se-inscrever\/#primaryimage"},"thumbnailUrl":"https:\/\/cj.estrategia.com\/portal\/wp-content\/uploads\/2025\/08\/17133653\/CAPA-5.jpg","datePublished":"2026-04-28T18:00:00+00:00","description":"Confira como se inscrever no concurso da C\u00e2mara de Saquarema (RJ) para Procurador. Veja prazos, taxa de inscri\u00e7\u00e3o, passo a passo e regras do edital.","breadcrumb":{"@id":"https:\/\/cj.estrategia.com\/portal\/concurso-camara-saquarema-procurador-como-se-inscrever\/#breadcrumb"},"inLanguage":"pt-BR","potentialAction":[{"@type":"ReadAction","target":["https:\/\/cj.estrategia.com\/portal\/concurso-camara-saquarema-procurador-como-se-inscrever\/"]}]},{"@type":"ImageObject","inLanguage":"pt-BR","@id":"https:\/\/cj.estrategia.com\/portal\/concurso-camara-saquarema-procurador-como-se-inscrever\/#primaryimage","url":"https:\/\/cj.estrategia.com\/portal\/wp-content\/uploads\/2025\/08\/17133653\/CAPA-5.jpg","contentUrl":"https:\/\/cj.estrategia.com\/portal\/wp-content\/uploads\/2025\/08\/17133653\/CAPA-5.jpg","width":2459,"height":1383},{"@type":"BreadcrumbList","@id":"https:\/\/cj.estrategia.com\/portal\/concurso-camara-saquarema-procurador-como-se-inscrever\/#breadcrumb","itemListElement":[{"@type":"ListItem","position":1,"name":"In\u00edcio","item":"https:\/\/cj.estrategia.com\/portal\/"},{"@type":"ListItem","position":2,"name":"Como se inscrever no Concurso da C\u00e2mara Municipal de Saquarema (RJ) \u2013 Cargo de Procurador"}]},{"@type":"WebSite","@id":"https:\/\/cj.estrategia.com\/portal\/#website","url":"https:\/\/cj.estrategia.com\/portal\/","name":"Blog - Carreiras Jur\u00eddicas - Estrat\u00e9gia","description":"","publisher":{"@id":"https:\/\/cj.estrategia.com\/portal\/#organization"},"potentialAction":[{"@type":"SearchAction","target":{"@type":"EntryPoint","urlTemplate":"https:\/\/cj.estrategia.com\/portal\/?s={search_term_string}"},"query-input":{"@type":"PropertyValueSpecification","valueRequired":true,"valueName":"search_term_string"}}],"inLanguage":"pt-BR"},{"@type":"Organization","@id":"https:\/\/cj.estrategia.com\/portal\/#organization","name":"Estrat\u00e9gia - Carreiras Jur\u00eddicas","url":"https:\/\/cj.estrategia.com\/portal\/","logo":{"@type":"ImageObject","inLanguage":"pt-BR","@id":"https:\/\/cj.estrategia.com\/portal\/#\/schema\/logo\/image\/","url":"https:\/\/cj.estrategia.com\/portal\/wp-content\/uploads\/2022\/03\/11151052\/cj-logo.png","contentUrl":"https:\/\/cj.estrategia.com\/portal\/wp-content\/uploads\/2022\/03\/11151052\/cj-logo.png","width":150,"height":39,"caption":"Estrat\u00e9gia - Carreiras Jur\u00eddicas"},"image":{"@id":"https:\/\/cj.estrategia.com\/portal\/#\/schema\/logo\/image\/"},"sameAs":["https:\/\/www.facebook.com\/estrategiacarreirajuridica\/","https:\/\/x.com\/EstratJuridica","https:\/\/www.instagram.com\/estrategiacarreirajuridica\/","https:\/\/www.youtube.com\/channel\/UClbMGuYbj2Mh1m3w144ETWQ"]},{"@type":"Person","@id":"https:\/\/cj.estrategia.com\/portal\/#\/schema\/person\/4d70317d31449932b99102916b6637f5","name":"Coordena\u00e7\u00e3o","image":{"@type":"ImageObject","inLanguage":"pt-BR","@id":"https:\/\/cj.estrategia.com\/portal\/wp-content\/uploads\/2022\/05\/12164923\/estrategia-carreira-juridica-coordenacao-96x96.png","url":"https:\/\/cj.estrategia.com\/portal\/wp-content\/uploads\/2022\/05\/12164923\/estrategia-carreira-juridica-coordenacao-96x96.png","contentUrl":"https:\/\/cj.estrategia.com\/portal\/wp-content\/uploads\/2022\/05\/12164923\/estrategia-carreira-juridica-coordenacao-96x96.png","caption":"Coordena\u00e7\u00e3o"},"url":"https:\/\/cj.estrategia.com\/portal\/author\/coordenacao\/"}]}},"jetpack_featured_media_url":"https:\/\/cj.estrategia.com\/portal\/wp-content\/uploads\/2025\/08\/17133653\/CAPA-5.jpg","jetpack_sharing_enabled":true,"_links":{"self":[{"href":"https:\/\/cj.estrategia.com\/portal\/wp-json\/wp\/v2\/posts\/187367","targetHints":{"allow":["GET"]}}],"collection":[{"href":"https:\/\/cj.estrategia.com\/portal\/wp-json\/wp\/v2\/posts"}],"about":[{"href":"https:\/\/cj.estrategia.com\/portal\/wp-json\/wp\/v2\/types\/post"}],"author":[{"embeddable":true,"href":"https:\/\/cj.estrategia.com\/portal\/wp-json\/wp\/v2\/users\/12"}],"replies":[{"embeddable":true,"href":"https:\/\/cj.estrategia.com\/portal\/wp-json\/wp\/v2\/comments?post=187367"}],"version-history":[{"count":6,"href":"https:\/\/cj.estrategia.com\/portal\/wp-json\/wp\/v2\/posts\/187367\/revisions"}],"predecessor-version":[{"id":187373,"href":"https:\/\/cj.estrategia.com\/portal\/wp-json\/wp\/v2\/posts\/187367\/revisions\/187373"}],"wp:featuredmedia":[{"embeddable":true,"href":"https:\/\/cj.estrategia.com\/portal\/wp-json\/wp\/v2\/media\/169520"}],"wp:attachment":[{"href":"https:\/\/cj.estrategia.com\/portal\/wp-json\/wp\/v2\/media?parent=187367"}],"wp:term":[{"taxonomy":"category","embeddable":true,"href":"https:\/\/cj.estrategia.com\/portal\/wp-json\/wp\/v2\/categories?post=187367"},{"taxonomy":"post_tag","embeddable":true,"href":"https:\/\/cj.estrategia.com\/portal\/wp-json\/wp\/v2\/tags?post=187367"},{"taxonomy":"tax_estado","embeddable":true,"href":"https:\/\/cj.estrategia.com\/portal\/wp-json\/wp\/v2\/tax_estado?post=187367"}],"curies":[{"name":"wp","href":"https:\/\/api.w.org\/{rel}","templated":true}]}}