{"id":186952,"date":"2026-04-20T09:30:00","date_gmt":"2026-04-20T12:30:00","guid":{"rendered":"https:\/\/cj.estrategia.com\/portal\/?p=186952"},"modified":"2026-04-18T12:42:42","modified_gmt":"2026-04-18T15:42:42","slug":"como-serao-as-provas-subjetivas-do-concurso-mp-go-promotor","status":"publish","type":"post","link":"https:\/\/cj.estrategia.com\/portal\/como-serao-as-provas-subjetivas-do-concurso-mp-go-promotor\/","title":{"rendered":"Como ser\u00e3o as provas subjetivas do concurso MP GO Promotor?"},"content":{"rendered":"<a id=\"cta-icon\" href=\"https:\/\/sndflw.com\/i\/promotorias-grupo\" target=\"blank\" style=\"background:rgb(83,193,88)\">\n            <img decoding=\"async\" src=\"https:\/\/cj.estrategia.com\/portal\/wp-content\/uploads\/2023\/12\/07160657\/whatsapp_1385.webp\" alt=\"\" alt=\"whatsapp_1385\"><span > Acesse agora o Grupo de Estudos para Concurso de Promotorias <\/span><\/a>\n\n\n\n<p>Os candidatos que sonham com a carreira de <strong>Promotor de Justi\u00e7a no Minist\u00e9rio P\u00fablico de Goi\u00e1s<\/strong> precisam ficar atentos a uma etapa decisiva do concurso: as <strong>provas subjetivas<\/strong>. <\/p>\n\n\n\n<p>Essa fase, marcada para os dia <strong>24, 25 e 26 de abril<\/strong>, n\u00e3o avalia apenas o conhecimento jur\u00eddico, mas tamb\u00e9m a capacidade de argumenta\u00e7\u00e3o, racioc\u00ednio l\u00f3gico e dom\u00ednio da escrita, fatores que costumam definir quem realmente avan\u00e7a no certame.<\/p>\n\n\n\n<p>A seguir, veja os principais pontos do edital que merecem aten\u00e7\u00e3o especial e que podem impactar diretamente no seu desempenho!<\/p>\n\n\n\n<h3 class=\"wp-block-heading\" id=\"h-estrutura-das-provas-tres-exames-cinco-horas-cada-e-alto-nivel-de-exigencia\"><span id=\"estrutura-das-provas-tres-exames-cinco-horas-cada-e-alto-nivel-de-exigencia\">Estrutura das provas: tr\u00eas exames, cinco horas cada e alto n\u00edvel de exig\u00eancia<\/span><\/h3>\n\n\n\n<p>Ap\u00f3s a aprova\u00e7\u00e3o na prova preambular, os candidatos ser\u00e3o submetidos a <strong>tr\u00eas provas subjetivas<\/strong>, cada uma com dura\u00e7\u00e3o de <strong>cinco horas<\/strong>, compostas por quest\u00f5es te\u00f3ricas, pr\u00e1ticas ou dissertativas, distribu\u00eddas por grupos de disciplinas.<\/p>\n\n\n\n<h3 class=\"wp-block-heading\" id=\"h-distribuicao-das-disciplinas-por-grupo\"><span id=\"distribuicao-das-disciplinas-por-grupo\">Distribui\u00e7\u00e3o das disciplinas por grupo<\/span><\/h3>\n\n\n\n<ul class=\"wp-block-list\">\n<li><strong>Grupo 1:<\/strong> Direito Penal, Processo Penal e Legisla\u00e7\u00e3o Criminal Especial<\/li>\n\n\n\n<li><strong>Grupo 2:<\/strong> Direito Civil, Processo Civil e Tutela de Interesses Difusos, Coletivos e Individuais Homog\u00eaneos<\/li>\n\n\n\n<li><strong>Grupo 3:<\/strong> Direito Constitucional, Administrativo, Eleitoral e Legisla\u00e7\u00e3o do Minist\u00e9rio P\u00fablico<\/li>\n<\/ul>\n\n\n\n<p>Essa divis\u00e3o revela um ponto estrat\u00e9gico importante: <strong>o edital busca avaliar o candidato de forma equilibrada em todas as \u00e1reas essenciais da atua\u00e7\u00e3o ministerial<\/strong>, exigindo prepara\u00e7\u00e3o consistente e multidisciplinar.<\/p>\n\n\n\n<h3 class=\"wp-block-heading\" id=\"h-um-detalhe-que-muitos-candidatos-subestimam-a-forma-de-correcao\"><span id=\"um-detalhe-que-muitos-candidatos-subestimam-a-forma-de-correcao\">Um detalhe que muitos candidatos subestimam: a forma de corre\u00e7\u00e3o<\/span><\/h3>\n\n\n\n<p>Um dos aspectos mais relevantes, e muitas vezes negligenciado, \u00e9 o crit\u00e9rio de avalia\u00e7\u00e3o das provas.<\/p>\n\n\n\n<p>Na corre\u00e7\u00e3o, os examinadores n\u00e3o analisam apenas se a resposta est\u00e1 correta juridicamente. Eles tamb\u00e9m avaliam:<\/p>\n\n\n\n<ul class=\"wp-block-list\">\n<li>Capacidade de argumenta\u00e7\u00e3o<\/li>\n\n\n\n<li>L\u00f3gica do racioc\u00ednio jur\u00eddico<\/li>\n\n\n\n<li>Clareza e organiza\u00e7\u00e3o das ideias<\/li>\n\n\n\n<li>Uso correto da l\u00edngua portuguesa<\/li>\n<\/ul>\n\n\n\n<p>Esse ponto \u00e9 decisivo, porque demonstra que <strong>a prova subjetiva n\u00e3o \u00e9 apenas t\u00e9cnica, ela \u00e9 tamb\u00e9m comunicativa<\/strong>. Em concursos de Minist\u00e9rio P\u00fablico, a habilidade de convencer por meio da escrita \u00e9 considerada parte essencial da fun\u00e7\u00e3o.<\/p>\n\n\n\n<h2 class=\"wp-block-heading\" id=\"h-nota-minima-e-classificacao\"><span id=\"nota-minima-e-classificacao\">Nota m\u00ednima e classifica\u00e7\u00e3o<\/span><\/h2>\n\n\n\n<p>Para seguir no concurso, o candidato precisa cumprir dois requisitos simult\u00e2neos:<\/p>\n\n\n\n<ul class=\"wp-block-list\">\n<li><strong>Nota m\u00ednima de 5,0 em cada grupo de disciplinas<\/strong><\/li>\n\n\n\n<li><strong>M\u00e9dia geral m\u00ednima de 6,0 nas provas subjetivas<\/strong><\/li>\n<\/ul>\n\n\n\n<p>Al\u00e9m disso, apenas os candidatos classificados <strong>at\u00e9 duas vezes o n\u00famero de vagas<\/strong> avan\u00e7am para a pr\u00f3xima fase, o que torna essa etapa um verdadeiro funil seletivo.<\/p>\n\n\n\n<h3 class=\"wp-block-heading\" id=\"h-atencao-ao-uso-da-legislacao-regra-simples-mas-eliminatoria\"><span id=\"atencao-ao-uso-da-legislacao-regra-simples-mas-eliminatoria\">Aten\u00e7\u00e3o ao uso da legisla\u00e7\u00e3o: regra simples, mas eliminat\u00f3ria<\/span><\/h3>\n\n\n\n<p>Outro ponto extremamente relevante, e que costuma gerar elimina\u00e7\u00f5es, \u00e9 o uso do material de consulta.<\/p>\n\n\n\n<p>O edital permite consultar apenas:<\/p>\n\n\n\n<ul class=\"wp-block-list\">\n<li><strong>Textos legislativos sem coment\u00e1rios, anota\u00e7\u00f5es ou marca\u00e7\u00f5es<\/strong><\/li>\n<\/ul>\n\n\n\n<p>Caso o candidato utilize material irregular, a consequ\u00eancia pode ser severa:<\/p>\n\n\n\n<ul class=\"wp-block-list\">\n<li><strong>anula\u00e7\u00e3o da prova e elimina\u00e7\u00e3o do concurso<\/strong><\/li>\n<\/ul>\n\n\n\n<p>Esse \u00e9 um detalhe operacional, mas que exige prepara\u00e7\u00e3o pr\u00e9via e cuidado no dia da prova.<\/p>\n\n\n\n<h2 class=\"wp-block-heading\" id=\"h-ultimos-dias-de-preparacao\"><span id=\"ultimos-dias-de-preparacao\">\u00daltimos dias de prepara\u00e7\u00e3o<\/span><\/h2>\n\n\n\n<p>Para quem est\u00e1 se preparando para o concurso do MP GO Promotor, a etapa subjetiva exige uma mudan\u00e7a clara de estrat\u00e9gia.<\/p>\n\n\n\n<p>N\u00e3o basta estudar conte\u00fado. \u00c9 necess\u00e1rio treinar:<\/p>\n\n\n\n<ul class=\"wp-block-list\">\n<li>Escrita jur\u00eddica estruturada<\/li>\n\n\n\n<li>Resolu\u00e7\u00e3o de quest\u00f5es discursivas<\/li>\n\n\n\n<li>Constru\u00e7\u00e3o de teses jur\u00eddicas<\/li>\n\n\n\n<li>Organiza\u00e7\u00e3o do tempo em prova longa (5 horas)<\/li>\n\n\n\n<li>Revis\u00e3o de portugu\u00eas jur\u00eddico<\/li>\n<\/ul>\n\n\n\n<p class=\"has-text-align-center has-luminous-vivid-amber-to-luminous-vivid-orange-gradient-background has-background\"><strong>Saiba mais:<\/strong> <a href=\"https:\/\/cj.estrategia.com\/portal\/concurso-mp-go-promotor\/\" target=\"_blank\" >Concurso MP GO Promotor<\/a><\/p>\n\n\n\n<p class=\"has-text-align-center has-medium-font-size\"><strong>Quer saber tudo sobre concursos previstos? Confira nossos artigos!<\/strong><\/p>\n\n\n\n<ul class=\"wp-block-list\">\n<li><a href=\"https:\/\/cj.estrategia.com\/portal\/concursos-abertos-carreiras-juridicas\/\" target=\"_blank\" >Concurso jur\u00eddicos abertos<\/a><\/li>\n\n\n\n<li><a href=\"https:\/\/cj.estrategia.com\/portal\/concursos-juridicos-2026\/\" target=\"_blank\" >Concursos jur\u00eddicos 2026<\/a><\/li>\n\n\n\n<li><a href=\"https:\/\/cj.estrategia.com\/portal\/concursos-mp\/\" target=\"_blank\" >Concursos MP<\/a><\/li>\n<\/ul>\n\n\n\n<p class=\"has-text-align-center has-medium-font-size\"><strong>Assinaturas Carreiras Jur\u00eddicas <\/strong><\/p>\n\n\n\n<div class=\"container\" id=\"boxes\">\r\n  <div class=\"row\">\r\n\r\n    <div class=\"col-sm\">\r\n      <div class=\"banner-ecj-promotorias\" id=\"box-assinatura\">\r\n        <h2 id=\"cursos-para-concurso-mp-go-promotor\" class=\"titulo-assinatura\"><span style=\"color: #ffffff; font-size: 23px; \">Cursos para Concurso MP GO Promotor<\/span><\/h2>\r\n        <p class=\"subtitulo-assinatura\">Cursos focados no edital!<\/p>\r\n        <div class=\"box-botao\">\r\n          <a class=\"btn-assinatura-juridica\" target=\"_blank\" href=\"https:\/\/cj.estrategia.com\/concurso\/mp-go\" role=\"button\" rel=\"noopener noreferrer\">CLIQUE AQUI<\/a>\r\n        <\/div>\r\n      <\/div>\r\n      <p class=\"texto-auxiliar\">Prepare-se com o melhor material e com quem mais aprova em concursos em todo o pa\u00eds. \r\n<\/p>\r\n    <\/div>\r\n\r\n  <\/div>\r\n<\/div>\n\n\n\n<div class=\"wp-block-cover\" style=\"min-height:155px;aspect-ratio:unset;\"><img decoding=\"async\" width=\"1890\" height=\"351\" class=\"wp-block-cover__image-background wp-image-8669\" alt=\"Assinaturas Jur\u00eddicas\" src=\"https:\/\/cj.estrategia.com\/portal\/wp-content\/uploads\/2022\/06\/20151253\/concurso-carreiras-juridicas-assinatura-juridica.jpg\" style=\"object-position:78% 43%\" data-object-fit=\"cover\" data-object-position=\"78% 43%\" srcset=\"https:\/\/cj.estrategia.com\/portal\/wp-content\/uploads\/2022\/06\/20151253\/concurso-carreiras-juridicas-assinatura-juridica.jpg 1890w, https:\/\/cj.estrategia.com\/portal\/wp-content\/uploads\/2022\/06\/20151253\/concurso-carreiras-juridicas-assinatura-juridica-300x56.jpg 300w, https:\/\/cj.estrategia.com\/portal\/wp-content\/uploads\/2022\/06\/20151253\/concurso-carreiras-juridicas-assinatura-juridica-1024x190.jpg 1024w, https:\/\/cj.estrategia.com\/portal\/wp-content\/uploads\/2022\/06\/20151253\/concurso-carreiras-juridicas-assinatura-juridica-768x143.jpg 768w, https:\/\/cj.estrategia.com\/portal\/wp-content\/uploads\/2022\/06\/20151253\/concurso-carreiras-juridicas-assinatura-juridica-1536x285.jpg 1536w, https:\/\/cj.estrategia.com\/portal\/wp-content\/uploads\/2022\/06\/20151253\/concurso-carreiras-juridicas-assinatura-juridica-380x71.jpg 380w, https:\/\/cj.estrategia.com\/portal\/wp-content\/uploads\/2022\/06\/20151253\/concurso-carreiras-juridicas-assinatura-juridica-800x149.jpg 800w, https:\/\/cj.estrategia.com\/portal\/wp-content\/uploads\/2022\/06\/20151253\/concurso-carreiras-juridicas-assinatura-juridica-1160x215.jpg 1160w\" sizes=\"(max-width: 1890px) 100vw, 1890px\" \/><span aria-hidden=\"true\" class=\"wp-block-cover__background has-background-dim\"><\/span><div class=\"wp-block-cover__inner-container is-layout-flow wp-block-cover-is-layout-flow\">\n<h3 id=\"faca-a-sua-assinatura\" class=\"titulo-assinatura\"><span style=\"color: #ffffff;\">Fa\u00e7a a sua assinatura!<\/span><\/h3>\n<p class=\"subtitulo-assinatura\" style=\"display:block!important; line-height: 0;\"><span style=\"color: #ffffff;\">Escolha a sua \u00e1rea.<\/span><\/p>\n<a target=\"_blank\" href=\"https:\/\/www.estrategiaconcursos.com.br\/assinaturas-ecj\/\" rel=\"noopener\"><button style=\"border-radius: 10px; text-transform: capitalize;\">Acessar<\/button><\/a>\n<\/div><\/div>\n\n\n\n<p><\/p>\n","protected":false},"excerpt":{"rendered":"Veja os detalhes que podem fazer a diferen\u00e7a na sua aprova\u00e7\u00e3o\n","protected":false},"author":135,"featured_media":177676,"comment_status":"open","ping_status":"open","sticky":false,"template":"","format":"standard","meta":{"_jetpack_memberships_contains_paid_content":false,"footnotes":""},"categories":[24],"tags":[],"tax_estado":[39],"class_list":{"0":"post-186952","1":"post","2":"type-post","3":"status-publish","4":"format-standard","5":"has-post-thumbnail","7":"category-procuradoria","8":"tax_estado-go"},"acf":[],"yoast_head":"<!-- This site is optimized with the Yoast SEO Premium plugin v27.4 (Yoast SEO v27.4) - https:\/\/yoast.com\/product\/yoast-seo-premium-wordpress\/ -->\n<title>Como ser\u00e3o as provas subjetivas do concurso MP GO Promotor?<\/title>\n<meta name=\"description\" content=\"Descubra como ser\u00e3o as provas subjetivas do concurso MP GO Promotor e prepare-se para essa etapa crucial do certame.\" \/>\n<meta name=\"robots\" content=\"index, follow, max-snippet:-1, max-image-preview:large, max-video-preview:-1\" \/>\n<link rel=\"canonical\" href=\"https:\/\/cj.estrategia.com\/portal\/como-serao-as-provas-subjetivas-do-concurso-mp-go-promotor\/\" \/>\n<meta property=\"og:locale\" content=\"pt_BR\" \/>\n<meta property=\"og:type\" content=\"article\" \/>\n<meta property=\"og:title\" content=\"Como ser\u00e3o as provas subjetivas do concurso MP GO Promotor?\" \/>\n<meta property=\"og:description\" content=\"Descubra como ser\u00e3o as provas subjetivas do concurso MP GO Promotor e prepare-se para essa etapa crucial do certame.\" \/>\n<meta property=\"og:url\" content=\"https:\/\/cj.estrategia.com\/portal\/como-serao-as-provas-subjetivas-do-concurso-mp-go-promotor\/\" \/>\n<meta property=\"og:site_name\" content=\"Blog - Carreiras Jur\u00eddicas - Estrat\u00e9gia\" \/>\n<meta property=\"article:publisher\" content=\"https:\/\/www.facebook.com\/estrategiacarreirajuridica\/\" \/>\n<meta property=\"article:published_time\" content=\"2026-04-20T12:30:00+00:00\" \/>\n<meta property=\"og:image\" content=\"https:\/\/cj.estrategia.com\/portal\/wp-content\/uploads\/2026\/02\/04103840\/promotorias.jpg\" \/>\n\t<meta property=\"og:image:width\" content=\"2459\" \/>\n\t<meta property=\"og:image:height\" content=\"1383\" \/>\n\t<meta property=\"og:image:type\" content=\"image\/jpeg\" \/>\n<meta name=\"author\" content=\"Tauana Silva\" \/>\n<meta name=\"twitter:card\" content=\"summary_large_image\" \/>\n<meta name=\"twitter:creator\" content=\"@EstratJuridica\" \/>\n<meta name=\"twitter:site\" content=\"@EstratJuridica\" \/>\n<meta name=\"twitter:label1\" content=\"Escrito por\" \/>\n\t<meta name=\"twitter:data1\" content=\"Tauana Silva\" \/>\n\t<meta name=\"twitter:label2\" content=\"Est. tempo de leitura\" \/>\n\t<meta name=\"twitter:data2\" content=\"4 minutos\" \/>\n<script type=\"application\/ld+json\" class=\"yoast-schema-graph\">{\"@context\":\"https:\\\/\\\/schema.org\",\"@graph\":[{\"@type\":\"NewsArticle\",\"@id\":\"https:\\\/\\\/cj.estrategia.com\\\/portal\\\/como-serao-as-provas-subjetivas-do-concurso-mp-go-promotor\\\/#article\",\"isPartOf\":{\"@id\":\"https:\\\/\\\/cj.estrategia.com\\\/portal\\\/como-serao-as-provas-subjetivas-do-concurso-mp-go-promotor\\\/\"},\"author\":{\"name\":\"Tauana Silva\",\"@id\":\"https:\\\/\\\/cj.estrategia.com\\\/portal\\\/#\\\/schema\\\/person\\\/cb116423095e5a9f157a839dc8a808eb\"},\"headline\":\"Como ser\u00e3o as provas subjetivas do concurso MP GO Promotor?\",\"datePublished\":\"2026-04-20T12:30:00+00:00\",\"mainEntityOfPage\":{\"@id\":\"https:\\\/\\\/cj.estrategia.com\\\/portal\\\/como-serao-as-provas-subjetivas-do-concurso-mp-go-promotor\\\/\"},\"wordCount\":628,\"commentCount\":0,\"publisher\":{\"@id\":\"https:\\\/\\\/cj.estrategia.com\\\/portal\\\/#organization\"},\"image\":{\"@id\":\"https:\\\/\\\/cj.estrategia.com\\\/portal\\\/como-serao-as-provas-subjetivas-do-concurso-mp-go-promotor\\\/#primaryimage\"},\"thumbnailUrl\":\"https:\\\/\\\/cj.estrategia.com\\\/portal\\\/wp-content\\\/uploads\\\/2026\\\/02\\\/04103840\\\/promotorias.jpg\",\"articleSection\":[\"Procuradoria\"],\"inLanguage\":\"pt-BR\",\"potentialAction\":[{\"@type\":\"CommentAction\",\"name\":\"Comment\",\"target\":[\"https:\\\/\\\/cj.estrategia.com\\\/portal\\\/como-serao-as-provas-subjetivas-do-concurso-mp-go-promotor\\\/#respond\"]}]},{\"@type\":\"WebPage\",\"@id\":\"https:\\\/\\\/cj.estrategia.com\\\/portal\\\/como-serao-as-provas-subjetivas-do-concurso-mp-go-promotor\\\/\",\"url\":\"https:\\\/\\\/cj.estrategia.com\\\/portal\\\/como-serao-as-provas-subjetivas-do-concurso-mp-go-promotor\\\/\",\"name\":\"Como ser\u00e3o as provas subjetivas do concurso MP GO Promotor?\",\"isPartOf\":{\"@id\":\"https:\\\/\\\/cj.estrategia.com\\\/portal\\\/#website\"},\"primaryImageOfPage\":{\"@id\":\"https:\\\/\\\/cj.estrategia.com\\\/portal\\\/como-serao-as-provas-subjetivas-do-concurso-mp-go-promotor\\\/#primaryimage\"},\"image\":{\"@id\":\"https:\\\/\\\/cj.estrategia.com\\\/portal\\\/como-serao-as-provas-subjetivas-do-concurso-mp-go-promotor\\\/#primaryimage\"},\"thumbnailUrl\":\"https:\\\/\\\/cj.estrategia.com\\\/portal\\\/wp-content\\\/uploads\\\/2026\\\/02\\\/04103840\\\/promotorias.jpg\",\"datePublished\":\"2026-04-20T12:30:00+00:00\",\"description\":\"Descubra como ser\u00e3o as provas subjetivas do concurso MP GO Promotor e prepare-se para essa etapa crucial do certame.\",\"breadcrumb\":{\"@id\":\"https:\\\/\\\/cj.estrategia.com\\\/portal\\\/como-serao-as-provas-subjetivas-do-concurso-mp-go-promotor\\\/#breadcrumb\"},\"inLanguage\":\"pt-BR\",\"potentialAction\":[{\"@type\":\"ReadAction\",\"target\":[\"https:\\\/\\\/cj.estrategia.com\\\/portal\\\/como-serao-as-provas-subjetivas-do-concurso-mp-go-promotor\\\/\"]}]},{\"@type\":\"ImageObject\",\"inLanguage\":\"pt-BR\",\"@id\":\"https:\\\/\\\/cj.estrategia.com\\\/portal\\\/como-serao-as-provas-subjetivas-do-concurso-mp-go-promotor\\\/#primaryimage\",\"url\":\"https:\\\/\\\/cj.estrategia.com\\\/portal\\\/wp-content\\\/uploads\\\/2026\\\/02\\\/04103840\\\/promotorias.jpg\",\"contentUrl\":\"https:\\\/\\\/cj.estrategia.com\\\/portal\\\/wp-content\\\/uploads\\\/2026\\\/02\\\/04103840\\\/promotorias.jpg\",\"width\":2459,\"height\":1383,\"caption\":\"Imagem para ilustrar capa de artigo ou news sobre concurso do MP MT Promotor\"},{\"@type\":\"BreadcrumbList\",\"@id\":\"https:\\\/\\\/cj.estrategia.com\\\/portal\\\/como-serao-as-provas-subjetivas-do-concurso-mp-go-promotor\\\/#breadcrumb\",\"itemListElement\":[{\"@type\":\"ListItem\",\"position\":1,\"name\":\"In\u00edcio\",\"item\":\"https:\\\/\\\/cj.estrategia.com\\\/portal\\\/\"},{\"@type\":\"ListItem\",\"position\":2,\"name\":\"Como ser\u00e3o as provas subjetivas do concurso MP GO Promotor?\"}]},{\"@type\":\"WebSite\",\"@id\":\"https:\\\/\\\/cj.estrategia.com\\\/portal\\\/#website\",\"url\":\"https:\\\/\\\/cj.estrategia.com\\\/portal\\\/\",\"name\":\"Blog - Carreiras Jur\u00eddicas - Estrat\u00e9gia\",\"description\":\"\",\"publisher\":{\"@id\":\"https:\\\/\\\/cj.estrategia.com\\\/portal\\\/#organization\"},\"potentialAction\":[{\"@type\":\"SearchAction\",\"target\":{\"@type\":\"EntryPoint\",\"urlTemplate\":\"https:\\\/\\\/cj.estrategia.com\\\/portal\\\/?s={search_term_string}\"},\"query-input\":{\"@type\":\"PropertyValueSpecification\",\"valueRequired\":true,\"valueName\":\"search_term_string\"}}],\"inLanguage\":\"pt-BR\"},{\"@type\":\"Organization\",\"@id\":\"https:\\\/\\\/cj.estrategia.com\\\/portal\\\/#organization\",\"name\":\"Estrat\u00e9gia - Carreiras Jur\u00eddicas\",\"url\":\"https:\\\/\\\/cj.estrategia.com\\\/portal\\\/\",\"logo\":{\"@type\":\"ImageObject\",\"inLanguage\":\"pt-BR\",\"@id\":\"https:\\\/\\\/cj.estrategia.com\\\/portal\\\/#\\\/schema\\\/logo\\\/image\\\/\",\"url\":\"https:\\\/\\\/cj.estrategia.com\\\/portal\\\/wp-content\\\/uploads\\\/2022\\\/03\\\/11151052\\\/cj-logo.png\",\"contentUrl\":\"https:\\\/\\\/cj.estrategia.com\\\/portal\\\/wp-content\\\/uploads\\\/2022\\\/03\\\/11151052\\\/cj-logo.png\",\"width\":150,\"height\":39,\"caption\":\"Estrat\u00e9gia - Carreiras Jur\u00eddicas\"},\"image\":{\"@id\":\"https:\\\/\\\/cj.estrategia.com\\\/portal\\\/#\\\/schema\\\/logo\\\/image\\\/\"},\"sameAs\":[\"https:\\\/\\\/www.facebook.com\\\/estrategiacarreirajuridica\\\/\",\"https:\\\/\\\/x.com\\\/EstratJuridica\",\"https:\\\/\\\/www.instagram.com\\\/estrategiacarreirajuridica\\\/\",\"https:\\\/\\\/www.youtube.com\\\/channel\\\/UClbMGuYbj2Mh1m3w144ETWQ\"]},{\"@type\":\"Person\",\"@id\":\"https:\\\/\\\/cj.estrategia.com\\\/portal\\\/#\\\/schema\\\/person\\\/cb116423095e5a9f157a839dc8a808eb\",\"name\":\"Tauana Silva\",\"image\":{\"@type\":\"ImageObject\",\"inLanguage\":\"pt-BR\",\"@id\":\"https:\\\/\\\/cj.estrategia.com\\\/portal\\\/wp-content\\\/uploads\\\/2024\\\/04\\\/05223156\\\/WhatsApp-Image-2024-12-05-at-22.30.41-96x96.jpeg\",\"url\":\"https:\\\/\\\/cj.estrategia.com\\\/portal\\\/wp-content\\\/uploads\\\/2024\\\/04\\\/05223156\\\/WhatsApp-Image-2024-12-05-at-22.30.41-96x96.jpeg\",\"contentUrl\":\"https:\\\/\\\/cj.estrategia.com\\\/portal\\\/wp-content\\\/uploads\\\/2024\\\/04\\\/05223156\\\/WhatsApp-Image-2024-12-05-at-22.30.41-96x96.jpeg\",\"caption\":\"Tauana Silva\"},\"description\":\"Jornalista com expertise em gest\u00e3o e marketing, acumulando mais de uma d\u00e9cada de experi\u00eancia, com foco especializado nos \u00faltimos cinco anos no setor de concursos p\u00fablicos. Habilidades s\u00f3lidas como social media, em reda\u00e7\u00e3o jornal\u00edstica, pr\u00e1ticas de SEO e copywriting.\",\"url\":\"https:\\\/\\\/cj.estrategia.com\\\/portal\\\/author\\\/tauanasilva\\\/\"}]}<\/script>\n<!-- \/ Yoast SEO Premium plugin. -->","yoast_head_json":{"title":"Como ser\u00e3o as provas subjetivas do concurso MP GO Promotor?","description":"Descubra como ser\u00e3o as provas subjetivas do concurso MP GO Promotor e prepare-se para essa etapa crucial do certame.","robots":{"index":"index","follow":"follow","max-snippet":"max-snippet:-1","max-image-preview":"max-image-preview:large","max-video-preview":"max-video-preview:-1"},"canonical":"https:\/\/cj.estrategia.com\/portal\/como-serao-as-provas-subjetivas-do-concurso-mp-go-promotor\/","og_locale":"pt_BR","og_type":"article","og_title":"Como ser\u00e3o as provas subjetivas do concurso MP GO Promotor?","og_description":"Descubra como ser\u00e3o as provas subjetivas do concurso MP GO Promotor e prepare-se para essa etapa crucial do certame.","og_url":"https:\/\/cj.estrategia.com\/portal\/como-serao-as-provas-subjetivas-do-concurso-mp-go-promotor\/","og_site_name":"Blog - Carreiras Jur\u00eddicas - Estrat\u00e9gia","article_publisher":"https:\/\/www.facebook.com\/estrategiacarreirajuridica\/","article_published_time":"2026-04-20T12:30:00+00:00","og_image":[{"width":2459,"height":1383,"url":"https:\/\/cj.estrategia.com\/portal\/wp-content\/uploads\/2026\/02\/04103840\/promotorias.jpg","type":"image\/jpeg"}],"author":"Tauana Silva","twitter_card":"summary_large_image","twitter_creator":"@EstratJuridica","twitter_site":"@EstratJuridica","twitter_misc":{"Escrito por":"Tauana Silva","Est. tempo de leitura":"4 minutos"},"schema":{"@context":"https:\/\/schema.org","@graph":[{"@type":"NewsArticle","@id":"https:\/\/cj.estrategia.com\/portal\/como-serao-as-provas-subjetivas-do-concurso-mp-go-promotor\/#article","isPartOf":{"@id":"https:\/\/cj.estrategia.com\/portal\/como-serao-as-provas-subjetivas-do-concurso-mp-go-promotor\/"},"author":{"name":"Tauana Silva","@id":"https:\/\/cj.estrategia.com\/portal\/#\/schema\/person\/cb116423095e5a9f157a839dc8a808eb"},"headline":"Como ser\u00e3o as provas subjetivas do concurso MP GO Promotor?","datePublished":"2026-04-20T12:30:00+00:00","mainEntityOfPage":{"@id":"https:\/\/cj.estrategia.com\/portal\/como-serao-as-provas-subjetivas-do-concurso-mp-go-promotor\/"},"wordCount":628,"commentCount":0,"publisher":{"@id":"https:\/\/cj.estrategia.com\/portal\/#organization"},"image":{"@id":"https:\/\/cj.estrategia.com\/portal\/como-serao-as-provas-subjetivas-do-concurso-mp-go-promotor\/#primaryimage"},"thumbnailUrl":"https:\/\/cj.estrategia.com\/portal\/wp-content\/uploads\/2026\/02\/04103840\/promotorias.jpg","articleSection":["Procuradoria"],"inLanguage":"pt-BR","potentialAction":[{"@type":"CommentAction","name":"Comment","target":["https:\/\/cj.estrategia.com\/portal\/como-serao-as-provas-subjetivas-do-concurso-mp-go-promotor\/#respond"]}]},{"@type":"WebPage","@id":"https:\/\/cj.estrategia.com\/portal\/como-serao-as-provas-subjetivas-do-concurso-mp-go-promotor\/","url":"https:\/\/cj.estrategia.com\/portal\/como-serao-as-provas-subjetivas-do-concurso-mp-go-promotor\/","name":"Como ser\u00e3o as provas subjetivas do concurso MP GO Promotor?","isPartOf":{"@id":"https:\/\/cj.estrategia.com\/portal\/#website"},"primaryImageOfPage":{"@id":"https:\/\/cj.estrategia.com\/portal\/como-serao-as-provas-subjetivas-do-concurso-mp-go-promotor\/#primaryimage"},"image":{"@id":"https:\/\/cj.estrategia.com\/portal\/como-serao-as-provas-subjetivas-do-concurso-mp-go-promotor\/#primaryimage"},"thumbnailUrl":"https:\/\/cj.estrategia.com\/portal\/wp-content\/uploads\/2026\/02\/04103840\/promotorias.jpg","datePublished":"2026-04-20T12:30:00+00:00","description":"Descubra como ser\u00e3o as provas subjetivas do concurso MP GO Promotor e prepare-se para essa etapa crucial do certame.","breadcrumb":{"@id":"https:\/\/cj.estrategia.com\/portal\/como-serao-as-provas-subjetivas-do-concurso-mp-go-promotor\/#breadcrumb"},"inLanguage":"pt-BR","potentialAction":[{"@type":"ReadAction","target":["https:\/\/cj.estrategia.com\/portal\/como-serao-as-provas-subjetivas-do-concurso-mp-go-promotor\/"]}]},{"@type":"ImageObject","inLanguage":"pt-BR","@id":"https:\/\/cj.estrategia.com\/portal\/como-serao-as-provas-subjetivas-do-concurso-mp-go-promotor\/#primaryimage","url":"https:\/\/cj.estrategia.com\/portal\/wp-content\/uploads\/2026\/02\/04103840\/promotorias.jpg","contentUrl":"https:\/\/cj.estrategia.com\/portal\/wp-content\/uploads\/2026\/02\/04103840\/promotorias.jpg","width":2459,"height":1383,"caption":"Imagem para ilustrar capa de artigo ou news sobre concurso do MP MT Promotor"},{"@type":"BreadcrumbList","@id":"https:\/\/cj.estrategia.com\/portal\/como-serao-as-provas-subjetivas-do-concurso-mp-go-promotor\/#breadcrumb","itemListElement":[{"@type":"ListItem","position":1,"name":"In\u00edcio","item":"https:\/\/cj.estrategia.com\/portal\/"},{"@type":"ListItem","position":2,"name":"Como ser\u00e3o as provas subjetivas do concurso MP GO Promotor?"}]},{"@type":"WebSite","@id":"https:\/\/cj.estrategia.com\/portal\/#website","url":"https:\/\/cj.estrategia.com\/portal\/","name":"Blog - Carreiras Jur\u00eddicas - Estrat\u00e9gia","description":"","publisher":{"@id":"https:\/\/cj.estrategia.com\/portal\/#organization"},"potentialAction":[{"@type":"SearchAction","target":{"@type":"EntryPoint","urlTemplate":"https:\/\/cj.estrategia.com\/portal\/?s={search_term_string}"},"query-input":{"@type":"PropertyValueSpecification","valueRequired":true,"valueName":"search_term_string"}}],"inLanguage":"pt-BR"},{"@type":"Organization","@id":"https:\/\/cj.estrategia.com\/portal\/#organization","name":"Estrat\u00e9gia - Carreiras Jur\u00eddicas","url":"https:\/\/cj.estrategia.com\/portal\/","logo":{"@type":"ImageObject","inLanguage":"pt-BR","@id":"https:\/\/cj.estrategia.com\/portal\/#\/schema\/logo\/image\/","url":"https:\/\/cj.estrategia.com\/portal\/wp-content\/uploads\/2022\/03\/11151052\/cj-logo.png","contentUrl":"https:\/\/cj.estrategia.com\/portal\/wp-content\/uploads\/2022\/03\/11151052\/cj-logo.png","width":150,"height":39,"caption":"Estrat\u00e9gia - Carreiras Jur\u00eddicas"},"image":{"@id":"https:\/\/cj.estrategia.com\/portal\/#\/schema\/logo\/image\/"},"sameAs":["https:\/\/www.facebook.com\/estrategiacarreirajuridica\/","https:\/\/x.com\/EstratJuridica","https:\/\/www.instagram.com\/estrategiacarreirajuridica\/","https:\/\/www.youtube.com\/channel\/UClbMGuYbj2Mh1m3w144ETWQ"]},{"@type":"Person","@id":"https:\/\/cj.estrategia.com\/portal\/#\/schema\/person\/cb116423095e5a9f157a839dc8a808eb","name":"Tauana Silva","image":{"@type":"ImageObject","inLanguage":"pt-BR","@id":"https:\/\/cj.estrategia.com\/portal\/wp-content\/uploads\/2024\/04\/05223156\/WhatsApp-Image-2024-12-05-at-22.30.41-96x96.jpeg","url":"https:\/\/cj.estrategia.com\/portal\/wp-content\/uploads\/2024\/04\/05223156\/WhatsApp-Image-2024-12-05-at-22.30.41-96x96.jpeg","contentUrl":"https:\/\/cj.estrategia.com\/portal\/wp-content\/uploads\/2024\/04\/05223156\/WhatsApp-Image-2024-12-05-at-22.30.41-96x96.jpeg","caption":"Tauana Silva"},"description":"Jornalista com expertise em gest\u00e3o e marketing, acumulando mais de uma d\u00e9cada de experi\u00eancia, com foco especializado nos \u00faltimos cinco anos no setor de concursos p\u00fablicos. Habilidades s\u00f3lidas como social media, em reda\u00e7\u00e3o jornal\u00edstica, pr\u00e1ticas de SEO e copywriting.","url":"https:\/\/cj.estrategia.com\/portal\/author\/tauanasilva\/"}]}},"jetpack_featured_media_url":"https:\/\/cj.estrategia.com\/portal\/wp-content\/uploads\/2026\/02\/04103840\/promotorias.jpg","jetpack_sharing_enabled":true,"_links":{"self":[{"href":"https:\/\/cj.estrategia.com\/portal\/wp-json\/wp\/v2\/posts\/186952","targetHints":{"allow":["GET"]}}],"collection":[{"href":"https:\/\/cj.estrategia.com\/portal\/wp-json\/wp\/v2\/posts"}],"about":[{"href":"https:\/\/cj.estrategia.com\/portal\/wp-json\/wp\/v2\/types\/post"}],"author":[{"embeddable":true,"href":"https:\/\/cj.estrategia.com\/portal\/wp-json\/wp\/v2\/users\/135"}],"replies":[{"embeddable":true,"href":"https:\/\/cj.estrategia.com\/portal\/wp-json\/wp\/v2\/comments?post=186952"}],"version-history":[{"count":2,"href":"https:\/\/cj.estrategia.com\/portal\/wp-json\/wp\/v2\/posts\/186952\/revisions"}],"predecessor-version":[{"id":186954,"href":"https:\/\/cj.estrategia.com\/portal\/wp-json\/wp\/v2\/posts\/186952\/revisions\/186954"}],"wp:featuredmedia":[{"embeddable":true,"href":"https:\/\/cj.estrategia.com\/portal\/wp-json\/wp\/v2\/media\/177676"}],"wp:attachment":[{"href":"https:\/\/cj.estrategia.com\/portal\/wp-json\/wp\/v2\/media?parent=186952"}],"wp:term":[{"taxonomy":"category","embeddable":true,"href":"https:\/\/cj.estrategia.com\/portal\/wp-json\/wp\/v2\/categories?post=186952"},{"taxonomy":"post_tag","embeddable":true,"href":"https:\/\/cj.estrategia.com\/portal\/wp-json\/wp\/v2\/tags?post=186952"},{"taxonomy":"tax_estado","embeddable":true,"href":"https:\/\/cj.estrategia.com\/portal\/wp-json\/wp\/v2\/tax_estado?post=186952"}],"curies":[{"name":"wp","href":"https:\/\/api.w.org\/{rel}","templated":true}]}}