{"id":185418,"date":"2026-04-07T08:15:00","date_gmt":"2026-04-07T11:15:00","guid":{"rendered":"https:\/\/cj.estrategia.com\/portal\/?p=185418"},"modified":"2026-04-07T10:16:26","modified_gmt":"2026-04-07T13:16:26","slug":"concurso-advogado-fundacao-florestal-sp","status":"publish","type":"post","link":"https:\/\/cj.estrategia.com\/portal\/concurso-advogado-fundacao-florestal-sp\/","title":{"rendered":"Concurso Advogado Funda\u00e7\u00e3o Florestal SP: comiss\u00e3o formada"},"content":{"rendered":"\n<p>A <strong>Funda\u00e7\u00e3o para a Conserva\u00e7\u00e3o e a Produ\u00e7\u00e3o Florestal do Estado de S\u00e3o Paulo<\/strong> instituiu oficialmente a Comiss\u00e3o de Acompanhamento do<strong> Concurso Advogado Funda\u00e7\u00e3o Florestal SP. <\/strong><\/p>\n\n\n\n<p>De acordo com a portaria que instituiu a comiss\u00e3o, o grupo ser\u00e1 respons\u00e1vel por acompanhar a execu\u00e7\u00e3o do concurso em todas as etapas, monitorar o cumprimento do cronograma e promover a articula\u00e7\u00e3o entre as unidades administrativas envolvidas, al\u00e9m de sugerir medidas de aperfei\u00e7oamento do processo seletivo. <\/p>\n\n\n\n<ul class=\"wp-block-list\">\n<li><a href=\"https:\/\/cj.estrategia.com\/portal\/wp-content\/uploads\/2026\/04\/07081300\/image-5.png\" target=\"_blank\" rel=\"noreferrer noopener nofollow\">Comiss\u00e3o formada <\/a><\/li>\n<\/ul>\n\n\n\n<p>Vale lembrar que a  autoriza\u00e7\u00e3o foi publicada em despacho do governador <strong>Tarc\u00edsio de Freitas<\/strong>, no dia 06 de abril.  Ao todo, foram autorizadas <strong>70 vagas imediatas<\/strong> para o quadro permanente da institui\u00e7\u00e3o. Entre as oportunidades previstas, <strong>seis vagas ser\u00e3o destinadas ao cargo de Advogado<\/strong>.<\/p>\n\n\n\n<ul class=\"wp-block-list has-very-light-gray-to-cyan-bluish-gray-gradient-background has-background\">\n<li><strong>Concurso Advogado Funda\u00e7\u00e3o Florestal SP<\/strong><\/li>\n\n\n\n<li><strong>Status:\u00a0<\/strong>comiss\u00e3o formada<\/li>\n\n\n\n<li><strong>Banca:<\/strong> a definir<\/li>\n\n\n\n<li><strong>Vagas:<\/strong>&nbsp;6<\/li>\n\n\n\n<li><strong>Sal\u00e1rio inicial:<\/strong>&nbsp;a definir<\/li>\n<\/ul>\n\n\n\n<div class=\"container\" id=\"boxes\">\n  <div class=\"row\">\n\n    <div class=\"col-sm\">\n      <div class=\"banner-ecj\" id=\"box-assinatura\">\n        <h3 id=\"curso-para-concurso-advogado-fundacao-florestal-sp\" class=\"titulo-assinatura\">Curso para Concurso Advogado Funda\u00e7\u00e3o Florestal SP<\/h3>\n        <p class=\"subtitulo-assinatura\">Cursos focados no edital do concurso<\/p>\n        <div class=\"box-botao\">\n          <a class=\"btn-assinatura\" target=\"_blank\" href=\"https:\/\/cj.estrategia.com\/cursos\/\" role=\"button\" rel=\"noopener noreferrer\">Conhe\u00e7a mais<\/a>\n        <\/div>\n      <\/div>\n      <p class=\"texto-auxiliar\">Prepare-se com o melhor material e com quem mais aprova em concursos em todo o pa\u00eds. \n<\/p>\n    <\/div>\n\n  <\/div>\n<\/div>\n\n\n\n<div class=\"wp-block-yoast-seo-table-of-contents yoast-table-of-contents\"><ul><li><a href=\"#h-advogado-fundacao-florestal-sp-situacao-atual\" data-level=\"2\">Advogado Funda\u00e7\u00e3o Florestal SP: situa\u00e7\u00e3o atual<\/a><ul><li><a href=\"#h-comissao-formada\" data-level=\"3\">Comiss\u00e3o formada<\/a><\/li><li><a href=\"#h-autorizacao-publicada\" data-level=\"3\">Autoriza\u00e7\u00e3o publicada<\/a><\/li><\/ul><\/li><li><a href=\"#h-carreira-de-advogado-fundacao-florestal-sp\" data-level=\"2\">Carreira de Advogado Funda\u00e7\u00e3o Florestal SP<\/a><ul><li><a href=\"#h-cargo-vagas-remuneracao-e-requisitos\" data-level=\"3\">Cargo, vagas, remunera\u00e7\u00e3o e requisitos<\/a><\/li><\/ul><\/li><li><a href=\"#h-quem-e-a-fundacao-florestal-sp\" data-level=\"2\">Quem \u00e9 a Funda\u00e7\u00e3o Florestal SP?<\/a><\/li><\/ul><\/div>\n\n\n\n<h2 class=\"wp-block-heading\" id=\"h-advogado-fundacao-florestal-sp-situacao-atual\"><span id=\"advogado-fundacao-florestal-sp-situacao-atual\">Advogado Funda\u00e7\u00e3o Florestal SP: situa\u00e7\u00e3o atual<\/span><\/h2>\n\n\n\n<h3 class=\"wp-block-heading\" id=\"h-comissao-formada\"><span id=\"comissao-formada\">Comiss\u00e3o formada <\/span><\/h3>\n\n\n\n<figure class=\"wp-block-image size-full\"><img decoding=\"async\" width=\"512\" height=\"254\" src=\"https:\/\/cj.estrategia.com\/portal\/wp-content\/uploads\/2026\/04\/07081446\/image-6.png\" alt=\"\" class=\"wp-image-185543\" srcset=\"https:\/\/cj.estrategia.com\/portal\/wp-content\/uploads\/2026\/04\/07081446\/image-6.png 512w, https:\/\/cj.estrategia.com\/portal\/wp-content\/uploads\/2026\/04\/07081446\/image-6-300x149.png 300w, https:\/\/cj.estrategia.com\/portal\/wp-content\/uploads\/2026\/04\/07081446\/image-6-380x189.png 380w, https:\/\/cj.estrategia.com\/portal\/wp-content\/uploads\/2026\/04\/07081446\/image-6-150x74.png 150w\" sizes=\"(max-width: 512px) 100vw, 512px\" \/><\/figure>\n\n\n\n<h3 class=\"wp-block-heading\" id=\"h-autorizacao-publicada\"><span id=\"autorizacao-publicada\">Autoriza\u00e7\u00e3o publicada<\/span><\/h3>\n\n\n\n<figure class=\"wp-block-image size-full is-resized\"><img decoding=\"async\" width=\"512\" height=\"455\" src=\"https:\/\/cj.estrategia.com\/portal\/wp-content\/uploads\/2026\/04\/06080558\/image-4.png\" alt=\"\" class=\"wp-image-185419\" style=\"width:406px;height:auto\" srcset=\"https:\/\/cj.estrategia.com\/portal\/wp-content\/uploads\/2026\/04\/06080558\/image-4.png 512w, https:\/\/cj.estrategia.com\/portal\/wp-content\/uploads\/2026\/04\/06080558\/image-4-300x267.png 300w, https:\/\/cj.estrategia.com\/portal\/wp-content\/uploads\/2026\/04\/06080558\/image-4-380x338.png 380w, https:\/\/cj.estrategia.com\/portal\/wp-content\/uploads\/2026\/04\/06080558\/image-4-150x133.png 150w\" sizes=\"(max-width: 512px) 100vw, 512px\" \/><\/figure>\n\n\n\n<h2 class=\"wp-block-heading\" id=\"h-carreira-de-advogado-fundacao-florestal-sp\"><span id=\"carreira-de-advogado-fundacao-florestal-sp\">Carreira de Advogado Funda\u00e7\u00e3o Florestal SP<\/span><\/h2>\n\n\n\n<h3 class=\"wp-block-heading\" id=\"h-cargo-vagas-remuneracao-e-requisitos\"><span id=\"cargo-vagas-remuneracao-e-requisitos\">Cargo, vagas, remunera\u00e7\u00e3o e requisitos<\/span><\/h3>\n\n\n\n<figure class=\"wp-block-table is-style-stripes\"><table class=\"has-luminous-vivid-amber-background-color has-background\"><thead><tr><th class=\"has-text-align-center\" data-align=\"center\"><strong>Cargo<\/strong><\/th><th class=\"has-text-align-center\" data-align=\"center\"><strong>Vagas<\/strong><\/th><th class=\"has-text-align-center\" data-align=\"center\"><strong>Remunera\u00e7\u00e3o<\/strong><\/th><th class=\"has-text-align-center\" data-align=\"center\"><strong>Requisitos<\/strong><\/th><\/tr><\/thead><tbody><tr><td class=\"has-text-align-center\" data-align=\"center\"><strong>Advogado<\/strong><\/td><td class=\"has-text-align-center\" data-align=\"center\"><strong>6<\/strong><\/td><td class=\"has-text-align-center\" data-align=\"center\"><strong>a definir<\/strong><\/td><td class=\"has-text-align-center\" data-align=\"center\">Diploma de conclus\u00e3o de curso superior em <strong>Direito<\/strong>, reconhecido pelo <strong>Minist\u00e9rio da Educa\u00e7\u00e3o (MEC)<\/strong>, e <strong>inscri\u00e7\u00e3o regular na Ordem dos Advogados do Brasil (OAB)<\/strong>.<\/td><\/tr><\/tbody><\/table><\/figure>\n\n\n\n<h2 class=\"wp-block-heading\" id=\"h-quem-e-a-fundacao-florestal-sp\"><span id=\"quem-e-a-fundacao-florestal-sp\">Quem \u00e9 a Funda\u00e7\u00e3o Florestal SP?<\/span><\/h2>\n\n\n\n<p>.A <strong>Funda\u00e7\u00e3o para a Conserva\u00e7\u00e3o e a Produ\u00e7\u00e3o Florestal do Estado de S\u00e3o Paulo<\/strong>, conhecida como <strong>Funda\u00e7\u00e3o Florestal<\/strong>, \u00e9 uma funda\u00e7\u00e3o p\u00fablica vinculada \u00e0 Secretaria de Meio Ambiente, Infraestrutura e Log\u00edstica do Estado de S\u00e3o Paulo, criada em 1986 com a finalidade de conservar, manejar e ampliar as florestas e \u00e1reas ambientais do estado.<\/p>\n\n\n\n<p>Na pr\u00e1tica, o \u00f3rg\u00e3o \u00e9 respons\u00e1vel pela <strong>gest\u00e3o das Unidades de Conserva\u00e7\u00e3o estaduais<\/strong>, como parques, reservas e \u00e1reas de prote\u00e7\u00e3o ambiental, atuando diretamente na prote\u00e7\u00e3o da biodiversidade, no desenvolvimento sustent\u00e1vel e na recupera\u00e7\u00e3o de \u00e1reas degradadas.<\/p>\n\n\n\n<p>Atualmente, a Funda\u00e7\u00e3o administra dezenas de \u00e1reas protegidas distribu\u00eddas por todo o territ\u00f3rio paulista, incluindo parques estaduais, esta\u00e7\u00f5es ecol\u00f3gicas e reservas de desenvolvimento sustent\u00e1vel, que desempenham papel essencial na preserva\u00e7\u00e3o da fauna, da flora e dos recursos naturais do estado.<\/p>\n\n\n\n<p class=\"has-text-align-center has-medium-font-size\"><strong>Quer saber tudo sobre concursos previstos? Confira nossos artigos!<\/strong><\/p>\n\n\n\n<ul class=\"wp-block-list\">\n<li><a href=\"https:\/\/cj.estrategia.com\/portal\/concursos-abertos-carreiras-juridicas\/\" target=\"_blank\" >Concursos Jur\u00eddicos abertos<\/a><\/li>\n<\/ul>\n\n\n\n<ul class=\"wp-block-list\">\n<li><a href=\"https:\/\/cj.estrategia.com\/portal\/concursos-juridicos-2026\/\">Concursos Jur\u00eddicos 2026<\/a><\/li>\n\n\n\n<li><a href=\"https:\/\/cj.estrategia.com\/portal\/concursos-advogados\/\" target=\"_blank\" >Concursos Advogados<\/a><\/li>\n<\/ul>\n\n\n\n<p class=\"has-text-align-center has-medium-font-size\"><strong>Assinaturas Carreiras Jur\u00eddicas <\/strong><\/p>\n\n\n\n<div class=\"wp-block-cover\" style=\"min-height:155px;aspect-ratio:unset;\"><img decoding=\"async\" width=\"1890\" height=\"351\" class=\"wp-block-cover__image-background wp-image-8669\" alt=\"Assinaturas Jur\u00eddicas\" src=\"https:\/\/cj.estrategia.com\/portal\/wp-content\/uploads\/2022\/06\/20151253\/concurso-carreiras-juridicas-assinatura-juridica.jpg\" style=\"object-position:78% 43%\" data-object-fit=\"cover\" data-object-position=\"78% 43%\" srcset=\"https:\/\/cj.estrategia.com\/portal\/wp-content\/uploads\/2022\/06\/20151253\/concurso-carreiras-juridicas-assinatura-juridica.jpg 1890w, https:\/\/cj.estrategia.com\/portal\/wp-content\/uploads\/2022\/06\/20151253\/concurso-carreiras-juridicas-assinatura-juridica-300x56.jpg 300w, https:\/\/cj.estrategia.com\/portal\/wp-content\/uploads\/2022\/06\/20151253\/concurso-carreiras-juridicas-assinatura-juridica-1024x190.jpg 1024w, https:\/\/cj.estrategia.com\/portal\/wp-content\/uploads\/2022\/06\/20151253\/concurso-carreiras-juridicas-assinatura-juridica-768x143.jpg 768w, https:\/\/cj.estrategia.com\/portal\/wp-content\/uploads\/2022\/06\/20151253\/concurso-carreiras-juridicas-assinatura-juridica-1536x285.jpg 1536w, https:\/\/cj.estrategia.com\/portal\/wp-content\/uploads\/2022\/06\/20151253\/concurso-carreiras-juridicas-assinatura-juridica-380x71.jpg 380w, https:\/\/cj.estrategia.com\/portal\/wp-content\/uploads\/2022\/06\/20151253\/concurso-carreiras-juridicas-assinatura-juridica-800x149.jpg 800w, https:\/\/cj.estrategia.com\/portal\/wp-content\/uploads\/2022\/06\/20151253\/concurso-carreiras-juridicas-assinatura-juridica-1160x215.jpg 1160w\" sizes=\"(max-width: 1890px) 100vw, 1890px\" \/><span aria-hidden=\"true\" class=\"wp-block-cover__background has-background-dim\"><\/span><div class=\"wp-block-cover__inner-container is-layout-flow wp-block-cover-is-layout-flow\">\n<h3 id=\"faca-a-sua-assinatura\" class=\"titulo-assinatura\"><span style=\"color: #ffffff;\">Fa\u00e7a a sua assinatura!<\/span><\/h3>\n<p class=\"subtitulo-assinatura\" style=\"display:block!important; line-height: 0;\"><span style=\"color: #ffffff;\">Escolha a sua \u00e1rea.<\/span><\/p>\n<a target=\"_blank\" href=\"https:\/\/www.estrategiaconcursos.com.br\/assinaturas-ecj\/\" rel=\"noopener\"><button style=\"border-radius: 10px; text-transform: capitalize;\">Acessar<\/button><\/a>\n<\/div><\/div>\n\n\n\n<figure class=\"wp-block-image size-large is-resized\"><img decoding=\"async\" src=\"https:\/\/dhg1h5j42swfq.cloudfront.net\/2021\/08\/03075659\/ficha-tecnica-1-1024x632.png\" alt=\"\" class=\"wp-image-827472\" style=\"aspect-ratio:1.6229508196721312;width:255px;height:auto\"\/><\/figure>\n\n\n\n<h4 class=\"wp-block-heading\" id=\"h-informacoes-do-concurso-advogado-fundacao-florestal-sp\"><span id=\"informacoes-do-concurso-advogado-fundacao-florestal-sp\">Informa\u00e7\u00f5es do Concurso Advogado Funda\u00e7\u00e3o Florestal SP<\/span><\/h4>\n\n\n\n<ul class=\"wp-block-list\">\n<li><strong>Vagas<\/strong>: 6<\/li>\n\n\n\n<li><strong>Cargos<\/strong>: Advogado<\/li>\n\n\n\n<li><strong>Banca<\/strong>: a definir<\/li>\n\n\n\n<li><strong>Escolaridade<\/strong>: Curso superior em Direito <strong>+<\/strong> OAB<\/li>\n<\/ul>\n","protected":false},"excerpt":{"rendered":"Sele\u00e7\u00e3o ofertar\u00e1 seis vagas para Advogado! \n","protected":false},"author":12,"featured_media":184058,"comment_status":"open","ping_status":"open","sticky":false,"template":"","format":"standard","meta":{"_jetpack_memberships_contains_paid_content":false,"footnotes":""},"categories":[1],"tags":[],"tax_estado":[56],"class_list":{"0":"post-185418","1":"post","2":"type-post","3":"status-publish","4":"format-standard","5":"has-post-thumbnail","7":"category-carreiras-juridicas","8":"tax_estado-sp"},"acf":[],"yoast_head":"<!-- This site is optimized with the Yoast SEO Premium plugin v27.4 (Yoast SEO v27.4) - https:\/\/yoast.com\/product\/yoast-seo-premium-wordpress\/ -->\n<title>Concurso Advogado Funda\u00e7\u00e3o Florestal SP: comiss\u00e3o formada<\/title>\n<meta name=\"description\" content=\"O novo Concurso Advogado Funda\u00e7\u00e3o Florestal SP foi autorizado e ter\u00e1 70 vagas, sendo seis para advogados. Confira mais!\" \/>\n<meta name=\"robots\" content=\"index, follow, max-snippet:-1, max-image-preview:large, max-video-preview:-1\" \/>\n<link rel=\"canonical\" href=\"https:\/\/cj.estrategia.com\/portal\/concurso-advogado-fundacao-florestal-sp\/\" \/>\n<meta property=\"og:locale\" content=\"pt_BR\" \/>\n<meta property=\"og:type\" content=\"article\" \/>\n<meta property=\"og:title\" content=\"Concurso Advogado Funda\u00e7\u00e3o Florestal SP: comiss\u00e3o formada\" \/>\n<meta property=\"og:description\" content=\"O novo Concurso Advogado Funda\u00e7\u00e3o Florestal SP foi autorizado e ter\u00e1 70 vagas, sendo seis para advogados. Confira mais!\" \/>\n<meta property=\"og:url\" content=\"https:\/\/cj.estrategia.com\/portal\/concurso-advogado-fundacao-florestal-sp\/\" \/>\n<meta property=\"og:site_name\" content=\"Blog - Carreiras Jur\u00eddicas - Estrat\u00e9gia\" \/>\n<meta property=\"article:publisher\" content=\"https:\/\/www.facebook.com\/estrategiacarreirajuridica\/\" \/>\n<meta property=\"article:published_time\" content=\"2026-04-07T11:15:00+00:00\" \/>\n<meta property=\"article:modified_time\" content=\"2026-04-07T13:16:26+00:00\" \/>\n<meta property=\"og:image\" content=\"https:\/\/cj.estrategia.com\/portal\/wp-content\/uploads\/2026\/03\/27144711\/cj-estrategia-concursos-advogados-carreiras-juridicas-ecj.jpg\" \/>\n\t<meta property=\"og:image:width\" content=\"960\" \/>\n\t<meta property=\"og:image:height\" content=\"540\" \/>\n\t<meta property=\"og:image:type\" content=\"image\/jpeg\" \/>\n<meta name=\"author\" content=\"Coordena\u00e7\u00e3o\" \/>\n<meta name=\"twitter:card\" content=\"summary_large_image\" \/>\n<meta name=\"twitter:creator\" content=\"@EstratJuridica\" \/>\n<meta name=\"twitter:site\" content=\"@EstratJuridica\" \/>\n<meta name=\"twitter:label1\" content=\"Escrito por\" \/>\n\t<meta name=\"twitter:data1\" content=\"Coordena\u00e7\u00e3o\" \/>\n\t<meta name=\"twitter:label2\" content=\"Est. tempo de leitura\" \/>\n\t<meta name=\"twitter:data2\" content=\"4 minutos\" \/>\n<script type=\"application\/ld+json\" class=\"yoast-schema-graph\">{\"@context\":\"https:\\\/\\\/schema.org\",\"@graph\":[{\"@type\":\"NewsArticle\",\"@id\":\"https:\\\/\\\/cj.estrategia.com\\\/portal\\\/concurso-advogado-fundacao-florestal-sp\\\/#article\",\"isPartOf\":{\"@id\":\"https:\\\/\\\/cj.estrategia.com\\\/portal\\\/concurso-advogado-fundacao-florestal-sp\\\/\"},\"author\":{\"name\":\"Coordena\u00e7\u00e3o\",\"@id\":\"https:\\\/\\\/cj.estrategia.com\\\/portal\\\/#\\\/schema\\\/person\\\/4d70317d31449932b99102916b6637f5\"},\"headline\":\"Concurso Advogado Funda\u00e7\u00e3o Florestal SP: comiss\u00e3o formada\",\"datePublished\":\"2026-04-07T11:15:00+00:00\",\"dateModified\":\"2026-04-07T13:16:26+00:00\",\"mainEntityOfPage\":{\"@id\":\"https:\\\/\\\/cj.estrategia.com\\\/portal\\\/concurso-advogado-fundacao-florestal-sp\\\/\"},\"wordCount\":493,\"commentCount\":0,\"publisher\":{\"@id\":\"https:\\\/\\\/cj.estrategia.com\\\/portal\\\/#organization\"},\"image\":{\"@id\":\"https:\\\/\\\/cj.estrategia.com\\\/portal\\\/concurso-advogado-fundacao-florestal-sp\\\/#primaryimage\"},\"thumbnailUrl\":\"https:\\\/\\\/cj.estrategia.com\\\/portal\\\/wp-content\\\/uploads\\\/2026\\\/03\\\/27144711\\\/cj-estrategia-concursos-advogados-carreiras-juridicas-ecj.jpg\",\"articleSection\":[\"Carreiras Jur\u00eddicas\"],\"inLanguage\":\"pt-BR\",\"potentialAction\":[{\"@type\":\"CommentAction\",\"name\":\"Comment\",\"target\":[\"https:\\\/\\\/cj.estrategia.com\\\/portal\\\/concurso-advogado-fundacao-florestal-sp\\\/#respond\"]}],\"accessibilityFeature\":[\"tableOfContents\"]},{\"@type\":\"WebPage\",\"@id\":\"https:\\\/\\\/cj.estrategia.com\\\/portal\\\/concurso-advogado-fundacao-florestal-sp\\\/\",\"url\":\"https:\\\/\\\/cj.estrategia.com\\\/portal\\\/concurso-advogado-fundacao-florestal-sp\\\/\",\"name\":\"Concurso Advogado Funda\u00e7\u00e3o Florestal SP: comiss\u00e3o formada\",\"isPartOf\":{\"@id\":\"https:\\\/\\\/cj.estrategia.com\\\/portal\\\/#website\"},\"primaryImageOfPage\":{\"@id\":\"https:\\\/\\\/cj.estrategia.com\\\/portal\\\/concurso-advogado-fundacao-florestal-sp\\\/#primaryimage\"},\"image\":{\"@id\":\"https:\\\/\\\/cj.estrategia.com\\\/portal\\\/concurso-advogado-fundacao-florestal-sp\\\/#primaryimage\"},\"thumbnailUrl\":\"https:\\\/\\\/cj.estrategia.com\\\/portal\\\/wp-content\\\/uploads\\\/2026\\\/03\\\/27144711\\\/cj-estrategia-concursos-advogados-carreiras-juridicas-ecj.jpg\",\"datePublished\":\"2026-04-07T11:15:00+00:00\",\"dateModified\":\"2026-04-07T13:16:26+00:00\",\"description\":\"O novo Concurso Advogado Funda\u00e7\u00e3o Florestal SP foi autorizado e ter\u00e1 70 vagas, sendo seis para advogados. Confira mais!\",\"breadcrumb\":{\"@id\":\"https:\\\/\\\/cj.estrategia.com\\\/portal\\\/concurso-advogado-fundacao-florestal-sp\\\/#breadcrumb\"},\"inLanguage\":\"pt-BR\",\"potentialAction\":[{\"@type\":\"ReadAction\",\"target\":[\"https:\\\/\\\/cj.estrategia.com\\\/portal\\\/concurso-advogado-fundacao-florestal-sp\\\/\"]}]},{\"@type\":\"ImageObject\",\"inLanguage\":\"pt-BR\",\"@id\":\"https:\\\/\\\/cj.estrategia.com\\\/portal\\\/concurso-advogado-fundacao-florestal-sp\\\/#primaryimage\",\"url\":\"https:\\\/\\\/cj.estrategia.com\\\/portal\\\/wp-content\\\/uploads\\\/2026\\\/03\\\/27144711\\\/cj-estrategia-concursos-advogados-carreiras-juridicas-ecj.jpg\",\"contentUrl\":\"https:\\\/\\\/cj.estrategia.com\\\/portal\\\/wp-content\\\/uploads\\\/2026\\\/03\\\/27144711\\\/cj-estrategia-concursos-advogados-carreiras-juridicas-ecj.jpg\",\"width\":960,\"height\":540,\"caption\":\"Concursos Advogados\"},{\"@type\":\"BreadcrumbList\",\"@id\":\"https:\\\/\\\/cj.estrategia.com\\\/portal\\\/concurso-advogado-fundacao-florestal-sp\\\/#breadcrumb\",\"itemListElement\":[{\"@type\":\"ListItem\",\"position\":1,\"name\":\"In\u00edcio\",\"item\":\"https:\\\/\\\/cj.estrategia.com\\\/portal\\\/\"},{\"@type\":\"ListItem\",\"position\":2,\"name\":\"Concurso Advogado Funda\u00e7\u00e3o Florestal SP: comiss\u00e3o formada\"}]},{\"@type\":\"WebSite\",\"@id\":\"https:\\\/\\\/cj.estrategia.com\\\/portal\\\/#website\",\"url\":\"https:\\\/\\\/cj.estrategia.com\\\/portal\\\/\",\"name\":\"Blog - Carreiras Jur\u00eddicas - Estrat\u00e9gia\",\"description\":\"\",\"publisher\":{\"@id\":\"https:\\\/\\\/cj.estrategia.com\\\/portal\\\/#organization\"},\"potentialAction\":[{\"@type\":\"SearchAction\",\"target\":{\"@type\":\"EntryPoint\",\"urlTemplate\":\"https:\\\/\\\/cj.estrategia.com\\\/portal\\\/?s={search_term_string}\"},\"query-input\":{\"@type\":\"PropertyValueSpecification\",\"valueRequired\":true,\"valueName\":\"search_term_string\"}}],\"inLanguage\":\"pt-BR\"},{\"@type\":\"Organization\",\"@id\":\"https:\\\/\\\/cj.estrategia.com\\\/portal\\\/#organization\",\"name\":\"Estrat\u00e9gia - Carreiras Jur\u00eddicas\",\"url\":\"https:\\\/\\\/cj.estrategia.com\\\/portal\\\/\",\"logo\":{\"@type\":\"ImageObject\",\"inLanguage\":\"pt-BR\",\"@id\":\"https:\\\/\\\/cj.estrategia.com\\\/portal\\\/#\\\/schema\\\/logo\\\/image\\\/\",\"url\":\"https:\\\/\\\/cj.estrategia.com\\\/portal\\\/wp-content\\\/uploads\\\/2022\\\/03\\\/11151052\\\/cj-logo.png\",\"contentUrl\":\"https:\\\/\\\/cj.estrategia.com\\\/portal\\\/wp-content\\\/uploads\\\/2022\\\/03\\\/11151052\\\/cj-logo.png\",\"width\":150,\"height\":39,\"caption\":\"Estrat\u00e9gia - Carreiras Jur\u00eddicas\"},\"image\":{\"@id\":\"https:\\\/\\\/cj.estrategia.com\\\/portal\\\/#\\\/schema\\\/logo\\\/image\\\/\"},\"sameAs\":[\"https:\\\/\\\/www.facebook.com\\\/estrategiacarreirajuridica\\\/\",\"https:\\\/\\\/x.com\\\/EstratJuridica\",\"https:\\\/\\\/www.instagram.com\\\/estrategiacarreirajuridica\\\/\",\"https:\\\/\\\/www.youtube.com\\\/channel\\\/UClbMGuYbj2Mh1m3w144ETWQ\"]},{\"@type\":\"Person\",\"@id\":\"https:\\\/\\\/cj.estrategia.com\\\/portal\\\/#\\\/schema\\\/person\\\/4d70317d31449932b99102916b6637f5\",\"name\":\"Coordena\u00e7\u00e3o\",\"image\":{\"@type\":\"ImageObject\",\"inLanguage\":\"pt-BR\",\"@id\":\"https:\\\/\\\/cj.estrategia.com\\\/portal\\\/wp-content\\\/uploads\\\/2022\\\/05\\\/12164923\\\/estrategia-carreira-juridica-coordenacao-96x96.png\",\"url\":\"https:\\\/\\\/cj.estrategia.com\\\/portal\\\/wp-content\\\/uploads\\\/2022\\\/05\\\/12164923\\\/estrategia-carreira-juridica-coordenacao-96x96.png\",\"contentUrl\":\"https:\\\/\\\/cj.estrategia.com\\\/portal\\\/wp-content\\\/uploads\\\/2022\\\/05\\\/12164923\\\/estrategia-carreira-juridica-coordenacao-96x96.png\",\"caption\":\"Coordena\u00e7\u00e3o\"},\"url\":\"https:\\\/\\\/cj.estrategia.com\\\/portal\\\/author\\\/coordenacao\\\/\"}]}<\/script>\n<!-- \/ Yoast SEO Premium plugin. -->","yoast_head_json":{"title":"Concurso Advogado Funda\u00e7\u00e3o Florestal SP: comiss\u00e3o formada","description":"O novo Concurso Advogado Funda\u00e7\u00e3o Florestal SP foi autorizado e ter\u00e1 70 vagas, sendo seis para advogados. Confira mais!","robots":{"index":"index","follow":"follow","max-snippet":"max-snippet:-1","max-image-preview":"max-image-preview:large","max-video-preview":"max-video-preview:-1"},"canonical":"https:\/\/cj.estrategia.com\/portal\/concurso-advogado-fundacao-florestal-sp\/","og_locale":"pt_BR","og_type":"article","og_title":"Concurso Advogado Funda\u00e7\u00e3o Florestal SP: comiss\u00e3o formada","og_description":"O novo Concurso Advogado Funda\u00e7\u00e3o Florestal SP foi autorizado e ter\u00e1 70 vagas, sendo seis para advogados. Confira mais!","og_url":"https:\/\/cj.estrategia.com\/portal\/concurso-advogado-fundacao-florestal-sp\/","og_site_name":"Blog - Carreiras Jur\u00eddicas - Estrat\u00e9gia","article_publisher":"https:\/\/www.facebook.com\/estrategiacarreirajuridica\/","article_published_time":"2026-04-07T11:15:00+00:00","article_modified_time":"2026-04-07T13:16:26+00:00","og_image":[{"width":960,"height":540,"url":"https:\/\/cj.estrategia.com\/portal\/wp-content\/uploads\/2026\/03\/27144711\/cj-estrategia-concursos-advogados-carreiras-juridicas-ecj.jpg","type":"image\/jpeg"}],"author":"Coordena\u00e7\u00e3o","twitter_card":"summary_large_image","twitter_creator":"@EstratJuridica","twitter_site":"@EstratJuridica","twitter_misc":{"Escrito por":"Coordena\u00e7\u00e3o","Est. tempo de leitura":"4 minutos"},"schema":{"@context":"https:\/\/schema.org","@graph":[{"@type":"NewsArticle","@id":"https:\/\/cj.estrategia.com\/portal\/concurso-advogado-fundacao-florestal-sp\/#article","isPartOf":{"@id":"https:\/\/cj.estrategia.com\/portal\/concurso-advogado-fundacao-florestal-sp\/"},"author":{"name":"Coordena\u00e7\u00e3o","@id":"https:\/\/cj.estrategia.com\/portal\/#\/schema\/person\/4d70317d31449932b99102916b6637f5"},"headline":"Concurso Advogado Funda\u00e7\u00e3o Florestal SP: comiss\u00e3o formada","datePublished":"2026-04-07T11:15:00+00:00","dateModified":"2026-04-07T13:16:26+00:00","mainEntityOfPage":{"@id":"https:\/\/cj.estrategia.com\/portal\/concurso-advogado-fundacao-florestal-sp\/"},"wordCount":493,"commentCount":0,"publisher":{"@id":"https:\/\/cj.estrategia.com\/portal\/#organization"},"image":{"@id":"https:\/\/cj.estrategia.com\/portal\/concurso-advogado-fundacao-florestal-sp\/#primaryimage"},"thumbnailUrl":"https:\/\/cj.estrategia.com\/portal\/wp-content\/uploads\/2026\/03\/27144711\/cj-estrategia-concursos-advogados-carreiras-juridicas-ecj.jpg","articleSection":["Carreiras Jur\u00eddicas"],"inLanguage":"pt-BR","potentialAction":[{"@type":"CommentAction","name":"Comment","target":["https:\/\/cj.estrategia.com\/portal\/concurso-advogado-fundacao-florestal-sp\/#respond"]}],"accessibilityFeature":["tableOfContents"]},{"@type":"WebPage","@id":"https:\/\/cj.estrategia.com\/portal\/concurso-advogado-fundacao-florestal-sp\/","url":"https:\/\/cj.estrategia.com\/portal\/concurso-advogado-fundacao-florestal-sp\/","name":"Concurso Advogado Funda\u00e7\u00e3o Florestal SP: comiss\u00e3o formada","isPartOf":{"@id":"https:\/\/cj.estrategia.com\/portal\/#website"},"primaryImageOfPage":{"@id":"https:\/\/cj.estrategia.com\/portal\/concurso-advogado-fundacao-florestal-sp\/#primaryimage"},"image":{"@id":"https:\/\/cj.estrategia.com\/portal\/concurso-advogado-fundacao-florestal-sp\/#primaryimage"},"thumbnailUrl":"https:\/\/cj.estrategia.com\/portal\/wp-content\/uploads\/2026\/03\/27144711\/cj-estrategia-concursos-advogados-carreiras-juridicas-ecj.jpg","datePublished":"2026-04-07T11:15:00+00:00","dateModified":"2026-04-07T13:16:26+00:00","description":"O novo Concurso Advogado Funda\u00e7\u00e3o Florestal SP foi autorizado e ter\u00e1 70 vagas, sendo seis para advogados. Confira mais!","breadcrumb":{"@id":"https:\/\/cj.estrategia.com\/portal\/concurso-advogado-fundacao-florestal-sp\/#breadcrumb"},"inLanguage":"pt-BR","potentialAction":[{"@type":"ReadAction","target":["https:\/\/cj.estrategia.com\/portal\/concurso-advogado-fundacao-florestal-sp\/"]}]},{"@type":"ImageObject","inLanguage":"pt-BR","@id":"https:\/\/cj.estrategia.com\/portal\/concurso-advogado-fundacao-florestal-sp\/#primaryimage","url":"https:\/\/cj.estrategia.com\/portal\/wp-content\/uploads\/2026\/03\/27144711\/cj-estrategia-concursos-advogados-carreiras-juridicas-ecj.jpg","contentUrl":"https:\/\/cj.estrategia.com\/portal\/wp-content\/uploads\/2026\/03\/27144711\/cj-estrategia-concursos-advogados-carreiras-juridicas-ecj.jpg","width":960,"height":540,"caption":"Concursos Advogados"},{"@type":"BreadcrumbList","@id":"https:\/\/cj.estrategia.com\/portal\/concurso-advogado-fundacao-florestal-sp\/#breadcrumb","itemListElement":[{"@type":"ListItem","position":1,"name":"In\u00edcio","item":"https:\/\/cj.estrategia.com\/portal\/"},{"@type":"ListItem","position":2,"name":"Concurso Advogado Funda\u00e7\u00e3o Florestal SP: comiss\u00e3o formada"}]},{"@type":"WebSite","@id":"https:\/\/cj.estrategia.com\/portal\/#website","url":"https:\/\/cj.estrategia.com\/portal\/","name":"Blog - Carreiras Jur\u00eddicas - Estrat\u00e9gia","description":"","publisher":{"@id":"https:\/\/cj.estrategia.com\/portal\/#organization"},"potentialAction":[{"@type":"SearchAction","target":{"@type":"EntryPoint","urlTemplate":"https:\/\/cj.estrategia.com\/portal\/?s={search_term_string}"},"query-input":{"@type":"PropertyValueSpecification","valueRequired":true,"valueName":"search_term_string"}}],"inLanguage":"pt-BR"},{"@type":"Organization","@id":"https:\/\/cj.estrategia.com\/portal\/#organization","name":"Estrat\u00e9gia - Carreiras Jur\u00eddicas","url":"https:\/\/cj.estrategia.com\/portal\/","logo":{"@type":"ImageObject","inLanguage":"pt-BR","@id":"https:\/\/cj.estrategia.com\/portal\/#\/schema\/logo\/image\/","url":"https:\/\/cj.estrategia.com\/portal\/wp-content\/uploads\/2022\/03\/11151052\/cj-logo.png","contentUrl":"https:\/\/cj.estrategia.com\/portal\/wp-content\/uploads\/2022\/03\/11151052\/cj-logo.png","width":150,"height":39,"caption":"Estrat\u00e9gia - Carreiras Jur\u00eddicas"},"image":{"@id":"https:\/\/cj.estrategia.com\/portal\/#\/schema\/logo\/image\/"},"sameAs":["https:\/\/www.facebook.com\/estrategiacarreirajuridica\/","https:\/\/x.com\/EstratJuridica","https:\/\/www.instagram.com\/estrategiacarreirajuridica\/","https:\/\/www.youtube.com\/channel\/UClbMGuYbj2Mh1m3w144ETWQ"]},{"@type":"Person","@id":"https:\/\/cj.estrategia.com\/portal\/#\/schema\/person\/4d70317d31449932b99102916b6637f5","name":"Coordena\u00e7\u00e3o","image":{"@type":"ImageObject","inLanguage":"pt-BR","@id":"https:\/\/cj.estrategia.com\/portal\/wp-content\/uploads\/2022\/05\/12164923\/estrategia-carreira-juridica-coordenacao-96x96.png","url":"https:\/\/cj.estrategia.com\/portal\/wp-content\/uploads\/2022\/05\/12164923\/estrategia-carreira-juridica-coordenacao-96x96.png","contentUrl":"https:\/\/cj.estrategia.com\/portal\/wp-content\/uploads\/2022\/05\/12164923\/estrategia-carreira-juridica-coordenacao-96x96.png","caption":"Coordena\u00e7\u00e3o"},"url":"https:\/\/cj.estrategia.com\/portal\/author\/coordenacao\/"}]}},"jetpack_featured_media_url":"https:\/\/cj.estrategia.com\/portal\/wp-content\/uploads\/2026\/03\/27144711\/cj-estrategia-concursos-advogados-carreiras-juridicas-ecj.jpg","jetpack_sharing_enabled":true,"_links":{"self":[{"href":"https:\/\/cj.estrategia.com\/portal\/wp-json\/wp\/v2\/posts\/185418","targetHints":{"allow":["GET"]}}],"collection":[{"href":"https:\/\/cj.estrategia.com\/portal\/wp-json\/wp\/v2\/posts"}],"about":[{"href":"https:\/\/cj.estrategia.com\/portal\/wp-json\/wp\/v2\/types\/post"}],"author":[{"embeddable":true,"href":"https:\/\/cj.estrategia.com\/portal\/wp-json\/wp\/v2\/users\/12"}],"replies":[{"embeddable":true,"href":"https:\/\/cj.estrategia.com\/portal\/wp-json\/wp\/v2\/comments?post=185418"}],"version-history":[{"count":8,"href":"https:\/\/cj.estrategia.com\/portal\/wp-json\/wp\/v2\/posts\/185418\/revisions"}],"predecessor-version":[{"id":185556,"href":"https:\/\/cj.estrategia.com\/portal\/wp-json\/wp\/v2\/posts\/185418\/revisions\/185556"}],"wp:featuredmedia":[{"embeddable":true,"href":"https:\/\/cj.estrategia.com\/portal\/wp-json\/wp\/v2\/media\/184058"}],"wp:attachment":[{"href":"https:\/\/cj.estrategia.com\/portal\/wp-json\/wp\/v2\/media?parent=185418"}],"wp:term":[{"taxonomy":"category","embeddable":true,"href":"https:\/\/cj.estrategia.com\/portal\/wp-json\/wp\/v2\/categories?post=185418"},{"taxonomy":"post_tag","embeddable":true,"href":"https:\/\/cj.estrategia.com\/portal\/wp-json\/wp\/v2\/tags?post=185418"},{"taxonomy":"tax_estado","embeddable":true,"href":"https:\/\/cj.estrategia.com\/portal\/wp-json\/wp\/v2\/tax_estado?post=185418"}],"curies":[{"name":"wp","href":"https:\/\/api.w.org\/{rel}","templated":true}]}}