{"id":185128,"date":"2026-04-01T22:21:21","date_gmt":"2026-04-02T01:21:21","guid":{"rendered":"https:\/\/cj.estrategia.com\/portal\/?p=185128"},"modified":"2026-04-07T19:51:45","modified_gmt":"2026-04-07T22:51:45","slug":"estabilidade-para-gestantes-em-contrato-temporario","status":"publish","type":"post","link":"https:\/\/cj.estrategia.com\/portal\/estabilidade-para-gestantes-em-contrato-temporario\/","title":{"rendered":"TST Garante Estabilidade para Gestantes em Contratos Tempor\u00e1rios"},"content":{"rendered":"\n<figure class=\"wp-block-image size-large\"><img decoding=\"async\" width=\"1024\" height=\"683\" src=\"https:\/\/cj.estrategia.com\/portal\/wp-content\/uploads\/2024\/05\/08055849\/young-pregnant-woman-work-1024x683.jpg\" alt=\"Maternidade e Gestante na jurisprud\u00eancia do STF\" class=\"wp-image-62414\" srcset=\"https:\/\/cj.estrategia.com\/portal\/wp-content\/uploads\/2024\/05\/08055849\/young-pregnant-woman-work-1024x683.jpg 1024w, https:\/\/cj.estrategia.com\/portal\/wp-content\/uploads\/2024\/05\/08055849\/young-pregnant-woman-work-300x200.jpg 300w, https:\/\/cj.estrategia.com\/portal\/wp-content\/uploads\/2024\/05\/08055849\/young-pregnant-woman-work-768x512.jpg 768w, https:\/\/cj.estrategia.com\/portal\/wp-content\/uploads\/2024\/05\/08055849\/young-pregnant-woman-work-1536x1024.jpg 1536w, https:\/\/cj.estrategia.com\/portal\/wp-content\/uploads\/2024\/05\/08055849\/young-pregnant-woman-work-2048x1365.jpg 2048w, https:\/\/cj.estrategia.com\/portal\/wp-content\/uploads\/2024\/05\/08055849\/young-pregnant-woman-work-380x253.jpg 380w, https:\/\/cj.estrategia.com\/portal\/wp-content\/uploads\/2024\/05\/08055849\/young-pregnant-woman-work-800x533.jpg 800w, https:\/\/cj.estrategia.com\/portal\/wp-content\/uploads\/2024\/05\/08055849\/young-pregnant-woman-work-1160x773.jpg 1160w, https:\/\/cj.estrategia.com\/portal\/wp-content\/uploads\/2024\/05\/08055849\/young-pregnant-woman-work-150x100.jpg 150w, https:\/\/cj.estrategia.com\/portal\/wp-content\/uploads\/2024\/05\/08055849\/young-pregnant-woman-work-scaled.jpg 2560w\" sizes=\"(max-width: 1024px) 100vw, 1024px\" \/><\/figure>\n\n\n\n<h2 class=\"wp-block-heading\" id=\"h-cavalo-de-pau-jurisprudencial\"><span id=\"cavalo-de-pau-jurisprudencial\">Cavalo de pau jurisprudencial<\/span><\/h2>\n\n\n\n<p>O Tribunal Superior do Trabalho, atrav\u00e9s de seu Pleno, e em decis\u00e3o apertada (14 x 11), decidiu <a href=\"https:\/\/www.tst.jus.br\/-\/tst-passa-a-garantir-estabilidade-a-gestantes-em-contratos-temporarios\" target=\"_blank\" >reconhecer o direito \u00e0 estabilidade provis\u00f3ria de gestantes<\/a> contratadas sob regime de trabalho tempor\u00e1rio, ao entender que o posicionamento anterior estava superado por tese fixada pela Suprema Corte (Processo: 1000059-12.2020.5.02.0382).<\/p>\n\n\n\n<p>Tivemos, portanto, uma mudan\u00e7a hist\u00f3rica no entendimento da Corte laboral, que agora se alinha ao Supremo Tribunal Federal para garantir a estabilidade a essas trabalhadoras.<\/p>\n\n\n\n<h3 class=\"wp-block-heading\" id=\"h-o-cenario-anterior-a-tese-de-2019-iac-2\"><span id=\"o-cenario-anterior-a-tese-de-2019-iac-2\">O Cen\u00e1rio anterior: a tese de 2019 (IAC 2)<\/span><\/h3>\n\n\n\n<p>At\u00e9 o julgamento em an\u00e1lise, o TST mantinha uma postura restritiva.<\/p>\n\n\n\n<p>No julgamento do Incidente de Assun\u00e7\u00e3o de Compet\u00eancia n\u00ba 2 (IAC 2), em 2019, o tribunal fixou a tese de que a estabilidade provis\u00f3ria da gestante (prevista no Art. 10, II, &#8220;b&#8221; do ADCT) n\u00e3o se aplicava aos contratos tempor\u00e1rios da Lei 6.019\/74.<\/p>\n\n\n\n<p>O argumento central era a natureza espec\u00edfica do trabalho tempor\u00e1rio: uma rela\u00e7\u00e3o triangular (empresa de trabalho tempor\u00e1rio, cliente e trabalhador) com prazo curt\u00edssimo e objetivo de suprir demandas excepcionais.<\/p>\n\n\n\n<p class=\"has-text-align-center has-border-color has-1-d-25-c-9-border-color cnvs-block-core-paragraph-1775090665335\"><mark style=\"background-color:rgba(0, 0, 0, 0)\" class=\"has-inline-color has-vivid-cyan-blue-color\"><strong>O TST entendia que impor a estabilidade desvirtuaria a finalidade dessa modalidade contratual.<\/strong><\/mark><\/p>\n\n\n\n<h3 class=\"wp-block-heading\" id=\"h-estabilidade-para-gestantes-o-overruling-pelo-stf-temas-497-e-542\"><span id=\"estabilidade-para-gestantes-o-overruling-pelo-stf-temas-497-e-542\">Estabilidade para gestantes: O &#8220;<em>Overruling<\/em>&#8221; pelo STF (Temas 497 e 542)<\/span><\/h3>\n\n\n\n<p>A mudan\u00e7a come\u00e7ou a ser desenhada quando o STF consolidou dois entendimentos fundamentais em sede de Repercuss\u00e3o Geral:<\/p>\n\n\n\n<ul class=\"wp-block-list\">\n<li><mark style=\"background-color:rgba(0, 0, 0, 0)\" class=\"has-inline-color has-vivid-red-color\"><strong>Tema 497:<\/strong> <\/mark>estabeleceu que a prote\u00e7\u00e3o \u00e0 gestante exige apenas a anterioridade da gravidez em rela\u00e7\u00e3o \u00e0 dispensa imotivada, independentemente do conhecimento do empregador.<\/li>\n\n\n\n<li><mark style=\"background-color:rgba(0, 0, 0, 0)\" class=\"has-inline-color has-vivid-red-color\"><strong>Tema 542:<\/strong> <\/mark>fixou que a gestante tem direito \u00e0 licen\u00e7a-maternidade e \u00e0 estabilidade independentemente do regime jur\u00eddico, incluindo contratos por tempo determinado e cargos em comiss\u00e3o.<\/li>\n<\/ul>\n\n\n\n<p>Embora houvesse debate se o &#8220;trabalho tempor\u00e1rio&#8221; estaria inclu\u00eddo no conceito de &#8220;prazo determinado&#8221; do STF, a Suprema Corte deu sinais claros de que a prote\u00e7\u00e3o \u00e0 maternidade \u00e9 um direito absoluto do nascituro, que n\u00e3o pode ser mitigado pelo tipo de contrato assinado pela m\u00e3e.<\/p>\n\n\n\n<h3 class=\"wp-block-heading\" id=\"h-a-decisao-do-pleno-do-tst-marco-2026\"><span id=\"a-decisao-do-pleno-do-tst-marco-2026\">A decis\u00e3o do Pleno do TST (mar\u00e7o\/2026)<\/span><\/h3>\n\n\n\n<p>Em julgamento finalizado em 23 de mar\u00e7o de 2026, o Pleno do TST, por maioria (14 votos a 11), decidiu rever sua jurisprud\u00eancia.<\/p>\n\n\n\n<p>A Corte reconheceu que o entendimento anterior estava superado (<em>overruled<\/em>) pelas decis\u00f5es do STF.<\/p>\n\n\n\n<p>Os novos fundamentos s\u00e3o:<\/p>\n\n\n\n<ul class=\"wp-block-list\">\n<li><strong><mark style=\"background-color:rgba(0, 0, 0, 0)\" class=\"has-inline-color has-vivid-red-color\">Prote\u00e7\u00e3o objetiva:<\/mark><\/strong> o que importa \u00e9 o fato da gravidez durante o v\u00ednculo, e n\u00e3o a modalidade do contrato.<\/li>\n\n\n\n<li><strong><mark style=\"background-color:rgba(0, 0, 0, 0)\" class=\"has-inline-color has-vivid-red-color\">Dignidade da pessoa humana:<\/mark><\/strong> o foco da norma constitucional \u00e9 a prote\u00e7\u00e3o do beb\u00ea e a sa\u00fade da m\u00e3e, interesses que se sobrep\u00f5em \u00e0 natureza prec\u00e1ria do contrato tempor\u00e1rio.<\/li>\n\n\n\n<li><strong><mark style=\"background-color:rgba(0, 0, 0, 0)\" class=\"has-inline-color has-vivid-red-color\">Uniformidade decisional:<\/mark><\/strong> evitar que processos subissem ao STF apenas para serem reformados, garantindo maior celeridade e seguran\u00e7a jur\u00eddica.<\/li>\n<\/ul>\n\n\n\n<h2 class=\"wp-block-heading\" id=\"h-estabilidade-para-gestantes-resumo-para-concursos\"><span id=\"estabilidade-para-gestantes-resumo-para-concursos\">Estabilidade para gestantes: resumo para concursos<\/span><\/h2>\n\n\n\n<figure class=\"wp-block-image size-full is-style-default\"><img decoding=\"async\" width=\"612\" height=\"254\" src=\"https:\/\/cj.estrategia.com\/portal\/wp-content\/uploads\/2026\/04\/01215419\/Imagem1.png\" alt=\"\" class=\"wp-image-185133\" srcset=\"https:\/\/cj.estrategia.com\/portal\/wp-content\/uploads\/2026\/04\/01215419\/Imagem1.png 612w, https:\/\/cj.estrategia.com\/portal\/wp-content\/uploads\/2026\/04\/01215419\/Imagem1-300x125.png 300w, https:\/\/cj.estrategia.com\/portal\/wp-content\/uploads\/2026\/04\/01215419\/Imagem1-380x158.png 380w, https:\/\/cj.estrategia.com\/portal\/wp-content\/uploads\/2026\/04\/01215419\/Imagem1-150x62.png 150w\" sizes=\"(max-width: 612px) 100vw, 612px\" \/><\/figure>\n\n\n\n<h2 class=\"wp-block-heading\" id=\"h-mas-voce-sabe-o-que-e-o-trabalho-temporario\"><span id=\"mas-voce-sabe-o-que-e-o-trabalho-temporario\">Mas voc\u00ea sabe o que \u00e9 o trabalho tempor\u00e1rio?<\/span><\/h2>\n\n\n\n<p>Conhecida as novas diretrizes de estabilidade para gestante, vejamos a configura\u00e7\u00e3o do trabalho tempor\u00e1rio, um tema sempre constante em provas de direito do trabalho. Portanto, muita aten\u00e7\u00e3o!<\/p>\n\n\n\n<p><strong><mark style=\"background-color:rgba(0, 0, 0, 0)\" class=\"has-inline-color has-black-color\">O trabalho tempor\u00e1rio \u00e9 uma modalidade de contrata\u00e7\u00e3o formal (CLT e Lei 6.019\/74) que visa suprir a necessidade de substitui\u00e7\u00e3o transit\u00f3ria de pessoal (f\u00e9rias, licen\u00e7a-maternidade) ou acr\u00e9scimo extraordin\u00e1rio de servi\u00e7os (Natal, P\u00e1scoa)<\/mark>.<\/strong><\/p>\n\n\n\n<p>O trabalho tempor\u00e1rio \u00e9 intermediado por uma ag\u00eancia autorizada, dura no m\u00e1ximo 180 dias (prorrog\u00e1veis por mais 90) e garante direitos como 13\u00ba e f\u00e9rias proporcionais.<\/p>\n\n\n\n<p><strong>Principais caracter\u00edsticas:<\/strong><\/p>\n\n\n\n<ul class=\"wp-block-list\">\n<li><strong>Triangula\u00e7\u00e3o:<\/strong> o trabalhador \u00e9 contratado pela Ag\u00eancia de Trabalho Tempor\u00e1rio, mas presta servi\u00e7os para uma Empresa Tomadora.<\/li>\n\n\n\n<li><strong>Dura\u00e7\u00e3o:<\/strong> o prazo normal \u00e9 de at\u00e9 180 dias, consecutivos ou n\u00e3o. Pode ser prorrogado por at\u00e9 mais 90 dias, totalizando 270 dias (9 meses).<\/li>\n\n\n\n<li><strong>Justificativas legais:<\/strong> apenas para substitui\u00e7\u00e3o de funcion\u00e1rio fixo ou demanda complementar de servi\u00e7os.<\/li>\n\n\n\n<li><strong>Direitos trabalhistas (CLT):<\/strong> sal\u00e1rio equivalente ao dos efetivos, jornada de 8h (horas extras pagas), descanso semanal remunerado, 13\u00ba proporcional, f\u00e9rias proporcionais, FGTS e recolhimento de INSS.<\/li>\n\n\n\n<li><strong>Diferen\u00e7as:<\/strong> diferente do contrato de experi\u00eancia, o tempor\u00e1rio n\u00e3o prev\u00ea aviso pr\u00e9vio em caso de t\u00e9rmino no prazo.<\/li>\n<\/ul>\n\n\n\n<div class=\"wp-block-group cnvs-block-core-group-1775091372777\"><div class=\"wp-block-group__inner-container is-layout-constrained wp-block-group-is-layout-constrained\">\n<p class=\"has-text-align-center\"><strong>TRABALHO TEMPOR\u00c1RIO X TERCEIRIZA\u00c7\u00c3O<\/strong><\/p>\n\n\n\n<p class=\"has-text-align-center\">O trabalho tempor\u00e1rio n\u00e3o se confunde com a presta\u00e7\u00e3o de servi\u00e7os a terceiros. Conforme o artigo 4\u00ba-A da Lei 6.019\/1974, inclu\u00eddo pela nova Lei da Terceiriza\u00e7\u00e3o (Lei 13.429\/2017), a presta\u00e7\u00e3o de servi\u00e7os a terceiros \u00e9 a transfer\u00eancia, pela contratante, da execu\u00e7\u00e3o de qualquer atividade, inclusive sua atividade principal, a pessoa jur\u00eddica de direito privado prestadora de servi\u00e7os com capacidade econ\u00f4mica compat\u00edvel com a sua execu\u00e7\u00e3o.<\/p>\n\n\n\n<p class=\"has-text-align-center\">Nesse caso, n\u00e3o h\u00e1 obrigatoriedade de equipara\u00e7\u00e3o salarial: \u00e9 a prestadora de servi\u00e7os que contrata, remunera e dirige o trabalho realizado por seus empregados ou subcontrata outras empresas para realiza\u00e7\u00e3o desses servi\u00e7os.&nbsp; Conforme o artigo 5\u00ba-D da lei, tamb\u00e9m inclu\u00eddo pela Lei da Terceiriza\u00e7\u00e3o, o trabalhador demitido n\u00e3o poder\u00e1 prestar servi\u00e7os \u00e0 mesma tomadora antes de 18 meses, contados a partir da demiss\u00e3o.<\/p>\n<\/div><\/div>\n\n\n\n<h2 class=\"wp-block-heading\" id=\"h-estabilidade-para-gestantes-impactos-da-decisao\"><span id=\"estabilidade-para-gestantes-impactos-da-decisao\">Estabilidade para gestantes: impactos da decis\u00e3o<\/span><\/h2>\n\n\n\n<p>A mudan\u00e7a representa uma vit\u00f3ria significativa para os direitos sociais, mas imp\u00f5e desafios \u00e0s empresas que utilizam m\u00e3o de obra tempor\u00e1ria.<\/p>\n\n\n\n<p>Agora, se uma trabalhadora tempor\u00e1ria engravidar, ela passa a ter direito \u00e0 manuten\u00e7\u00e3o do emprego (ou indeniza\u00e7\u00e3o substitutiva) desde a confirma\u00e7\u00e3o da gravidez at\u00e9 cinco meses ap\u00f3s o parto, mesmo que o prazo original do contrato tempor\u00e1rio expire antes disso.<\/p>\n\n\n\n<p>O risco, para os empregadores, deixou de ser apenas uma &#8220;possibilidade jur\u00eddica&#8221; e passou a ser um passivo financeiro direto.<\/p>\n\n\n\n<h3 class=\"wp-block-heading\" id=\"h-principais-riscos-para-o-empregador-tanto-a-prestadora-de-servico-temporario-quanto-a-empresa-tomadora\"><span id=\"principais-riscos-para-o-empregador-tanto-a-prestadora-de-servico-temporario-quanto-a-empresa-tomadora\"><strong><mark style=\"background-color:rgba(0, 0, 0, 0)\" class=\"has-inline-color has-vivid-red-color\">Principais riscos para o empregador (tanto a prestadora de servi\u00e7o tempor\u00e1rio quanto a empresa tomadora).<\/mark><\/strong><\/span><\/h3>\n\n\n\n<h4 class=\"wp-block-heading\" id=\"h-1-pagamento-de-indenizacao-substitutiva-o-desconhecimento-do-estado-gravidico-pelo-empregador-nao-afasta-o-dever-de-indenizar\"><span id=\"1-pagamento-de-indenizacao-substitutiva-o-desconhecimento-do-estado-gravidico-pelo-empregador-nao-afasta-o-dever-de-indenizar\">1. Pagamento de indeniza\u00e7\u00e3o substitutiva (O desconhecimento do estado grav\u00eddico pelo empregador n\u00e3o afasta o dever de indenizar)<\/span><\/h4>\n\n\n\n<p>O maior risco financeiro ocorre quando a empresa dispensa a trabalhadora ao fim do contrato tempor\u00e1rio sem saber da gravidez.<\/p>\n\n\n\n<p>Se a gesta\u00e7\u00e3o for comprovada retroativamente:<\/p>\n\n\n\n<ul class=\"wp-block-list\">\n<li>A empresa ter\u00e1 que pagar todos os sal\u00e1rios do per\u00edodo de estabilidade (da dispensa at\u00e9 5 meses ap\u00f3s o parto).<\/li>\n\n\n\n<li>Incluem-se reflexos em FGTS (com multa, se aplic\u00e1vel), 13\u00ba sal\u00e1rio e f\u00e9rias + 1\/3.<\/li>\n<\/ul>\n\n\n\n<h4 class=\"wp-block-heading\" id=\"h-2-estabilidade-para-gestantes-responsabilidade-solidaria-subsidiaria\"><span id=\"2-estabilidade-para-gestantes-responsabilidade-solidaria-subsidiaria\">2. Estabilidade para gestantes: responsabilidade solid\u00e1ria\/subsidi\u00e1ria<\/span><\/h4>\n\n\n\n<p>Embora o v\u00ednculo empregat\u00edcio seja com a empresa de trabalho tempor\u00e1rio (ETT), a empresa tomadora (onde o servi\u00e7o \u00e9 prestado) pode ser acionada judicialmente.<\/p>\n\n\n\n<p>Se a ETT falir ou n\u00e3o tiver fundos, a conta recai sobre o cliente (tomador).<\/p>\n\n\n\n<p>Isso gera um impacto direto no or\u00e7amento de contrata\u00e7\u00e3o de terceiros, que antes era visto como um custo &#8220;fechado&#8221;.<\/p>\n\n\n\n<h4 class=\"wp-block-heading\" id=\"h-3-aumento-do-custo-de-reposicao\"><span id=\"3-aumento-do-custo-de-reposicao\">3. Aumento do &#8220;Custo de Reposi\u00e7\u00e3o&#8221;<\/span><\/h4>\n\n\n\n<p>O contrato tempor\u00e1rio existe para suprir uma necessidade transit\u00f3ria. Se a trabalhadora engravida e entra em licen\u00e7a, a empresa perde a for\u00e7a de trabalho que precisava urgentemente e pode ser necess\u00e1rio contratar outra pessoa tempor\u00e1ria para substituir a gestante afastada, gerando custo dobrado para a mesma fun\u00e7\u00e3o.<\/p>\n\n\n\n<h4 class=\"wp-block-heading\" id=\"h-4-danos-morais-em-dispensas-discriminatorias\"><span id=\"4-danos-morais-em-dispensas-discriminatorias\">4. Danos morais em dispensas discriminat\u00f3rias<\/span><\/h4>\n\n\n\n<p>Se ficar provado que a empresa encerrou o contrato tempor\u00e1rio precocemente porque descobriu a gravidez, o risco de condena\u00e7\u00e3o por danos morais \u00e9 alto.<\/p>\n\n\n\n<p>A Justi\u00e7a do Trabalho tem sido rigorosa com o que considera uma afronta \u00e0 dignidade da mulher.<\/p>\n\n\n\n<h4 class=\"wp-block-heading\" id=\"h-5-inseguranca-no-planejamento-de-headcount\"><span id=\"5-inseguranca-no-planejamento-de-headcount\">5. Inseguran\u00e7a no planejamento de <em>headcount<\/em><\/span><\/h4>\n\n\n\n<p>Empresas que utilizam tempor\u00e1rios para picos de demanda (como Black Friday ou Natal) agora precisam provisionar uma reserva para conting\u00eancias de estabilidade para gestantes, o que retira parte da atratividade financeira dessa modalidade contratual.<\/p>\n\n\n\n<p>Essa guinada jurisprudencial do TST tem tudo para despencar nas provas daqui para frente, demandando aten\u00e7\u00e3o redobrada do candidato.<\/p>\n\n\n\n<p><strong>* Thiago de Paula Leite \u00e9 procurador do Estado de S\u00e3o Paulo e professor de direito ambiental e agr\u00e1rio do Estrat\u00e9gia.<\/strong><\/p>\n\n\n\n<p><\/p>\n\n\n\n<p class=\"has-text-align-center has-medium-font-size\">Quer saber tudo sobre concursos previstos?<br><strong>Confira nossos artigos!<\/strong><\/p>\n\n\n\n<p><a href=\"https:\/\/cj.estrategia.com\/portal\/concursos-juridicos-2026\/\" target=\"_blank\" ><strong>Concursos jur\u00eddicos 2026<\/strong><\/a><\/p>\n\n\n\n<p><a href=\"https:\/\/cj.estrategia.com\/portal\/concursos-juridicos-2026\/?utm_source=google&amp;utm_medium=cpc&amp;utm_campaign=ecj-jur-vd-gsh-geral-semesp-150523&amp;gad_source=1&amp;gad_campaignid=23452707758&amp;gbraid=0AAAAADpTrce5QsuMu5a4E9wH6g5pFazB0&amp;gclid=Cj0KCQjws83OBhD4ARIsACblj19bUfepdE73ZzvarYYiCw1H31OQmBjaRi8Ab5VFSaEnghzSHTJnjJUaAhRTEALw_wcB\" target=\"_blank\" ><strong>Concursos abertos<\/strong><\/a><\/p>\n\n\n\n<p><\/p>\n\n\n\n<p><\/p>\n\n\n\n<p><\/p>\n","protected":false},"excerpt":{"rendered":"Cavalo de pau jurisprudencial O Tribunal Superior do Trabalho, atrav\u00e9s de seu Pleno, e em decis\u00e3o apertada (14&hellip;\n","protected":false},"author":81,"featured_media":91249,"comment_status":"open","ping_status":"open","sticky":false,"template":"","format":"standard","meta":{"_jetpack_memberships_contains_paid_content":false,"footnotes":""},"categories":[1],"tags":[4316,4315,576],"tax_estado":[],"class_list":{"0":"post-185128","1":"post","2":"type-post","3":"status-publish","4":"format-standard","5":"has-post-thumbnail","7":"category-carreiras-juridicas","8":"tag-contratos-temporarios","9":"tag-estabilidade-para-gestantes","10":"tag-tst"},"acf":[],"yoast_head":"<!-- This site is optimized with the Yoast SEO Premium plugin v27.4 (Yoast SEO v27.4) - https:\/\/yoast.com\/product\/yoast-seo-premium-wordpress\/ -->\n<title>Estabilidade para Gestantes Reconhecida em Contrato Tempor\u00e1rio<\/title>\n<meta name=\"description\" content=\"Decis\u00e3o hist\u00f3rica do TST alterou o entendimento sobre a estabilidade para gestantes em contratos tempor\u00e1rios. Descubra o que isso significa.\" \/>\n<meta name=\"robots\" content=\"index, follow, max-snippet:-1, max-image-preview:large, max-video-preview:-1\" \/>\n<link rel=\"canonical\" href=\"https:\/\/cj.estrategia.com\/portal\/estabilidade-para-gestantes-em-contrato-temporario\/\" \/>\n<meta property=\"og:locale\" content=\"pt_BR\" \/>\n<meta property=\"og:type\" content=\"article\" \/>\n<meta property=\"og:title\" content=\"TST Garante Estabilidade para Gestantes em Contratos Tempor\u00e1rios\" \/>\n<meta property=\"og:description\" content=\"Decis\u00e3o hist\u00f3rica do TST alterou o entendimento sobre a estabilidade para gestantes em contratos tempor\u00e1rios. Descubra o que isso significa.\" \/>\n<meta property=\"og:url\" content=\"https:\/\/cj.estrategia.com\/portal\/estabilidade-para-gestantes-em-contrato-temporario\/\" \/>\n<meta property=\"og:site_name\" content=\"Blog - Carreiras Jur\u00eddicas - Estrat\u00e9gia\" \/>\n<meta property=\"article:publisher\" content=\"https:\/\/www.facebook.com\/estrategiacarreirajuridica\/\" \/>\n<meta property=\"article:published_time\" content=\"2026-04-02T01:21:21+00:00\" \/>\n<meta property=\"article:modified_time\" content=\"2026-04-07T22:51:45+00:00\" \/>\n<meta property=\"og:image\" content=\"https:\/\/cj.estrategia.com\/portal\/wp-content\/uploads\/2025\/01\/16192631\/tst-1024x636.png\" \/>\n\t<meta property=\"og:image:width\" content=\"1024\" \/>\n\t<meta property=\"og:image:height\" content=\"636\" \/>\n\t<meta property=\"og:image:type\" content=\"image\/png\" \/>\n<meta name=\"author\" content=\"Thiago Leite\" \/>\n<meta name=\"twitter:card\" content=\"summary_large_image\" \/>\n<meta name=\"twitter:creator\" content=\"@EstratJuridica\" \/>\n<meta name=\"twitter:site\" content=\"@EstratJuridica\" \/>\n<meta name=\"twitter:label1\" content=\"Escrito por\" \/>\n\t<meta name=\"twitter:data1\" content=\"Thiago Leite\" \/>\n\t<meta name=\"twitter:label2\" content=\"Est. tempo de leitura\" \/>\n\t<meta name=\"twitter:data2\" content=\"8 minutos\" \/>\n<script type=\"application\/ld+json\" class=\"yoast-schema-graph\">{\"@context\":\"https:\\\/\\\/schema.org\",\"@graph\":[{\"@type\":\"NewsArticle\",\"@id\":\"https:\\\/\\\/cj.estrategia.com\\\/portal\\\/estabilidade-para-gestantes-em-contrato-temporario\\\/#article\",\"isPartOf\":{\"@id\":\"https:\\\/\\\/cj.estrategia.com\\\/portal\\\/estabilidade-para-gestantes-em-contrato-temporario\\\/\"},\"author\":{\"name\":\"Thiago Leite\",\"@id\":\"https:\\\/\\\/cj.estrategia.com\\\/portal\\\/#\\\/schema\\\/person\\\/7d7d2b1c8386e2eeacc0b09cfbc1d0ff\"},\"headline\":\"TST Garante Estabilidade para Gestantes em Contratos Tempor\u00e1rios\",\"datePublished\":\"2026-04-02T01:21:21+00:00\",\"dateModified\":\"2026-04-07T22:51:45+00:00\",\"mainEntityOfPage\":{\"@id\":\"https:\\\/\\\/cj.estrategia.com\\\/portal\\\/estabilidade-para-gestantes-em-contrato-temporario\\\/\"},\"wordCount\":1307,\"commentCount\":0,\"publisher\":{\"@id\":\"https:\\\/\\\/cj.estrategia.com\\\/portal\\\/#organization\"},\"image\":{\"@id\":\"https:\\\/\\\/cj.estrategia.com\\\/portal\\\/estabilidade-para-gestantes-em-contrato-temporario\\\/#primaryimage\"},\"thumbnailUrl\":\"https:\\\/\\\/cj.estrategia.com\\\/portal\\\/wp-content\\\/uploads\\\/2025\\\/01\\\/16192631\\\/tst.png\",\"keywords\":[\"contratos tempor\u00e1rios\",\"estabilidade para gestantes\",\"TST\"],\"articleSection\":[\"Carreiras Jur\u00eddicas\"],\"inLanguage\":\"pt-BR\",\"potentialAction\":[{\"@type\":\"CommentAction\",\"name\":\"Comment\",\"target\":[\"https:\\\/\\\/cj.estrategia.com\\\/portal\\\/estabilidade-para-gestantes-em-contrato-temporario\\\/#respond\"]}]},{\"@type\":\"WebPage\",\"@id\":\"https:\\\/\\\/cj.estrategia.com\\\/portal\\\/estabilidade-para-gestantes-em-contrato-temporario\\\/\",\"url\":\"https:\\\/\\\/cj.estrategia.com\\\/portal\\\/estabilidade-para-gestantes-em-contrato-temporario\\\/\",\"name\":\"Estabilidade para Gestantes Reconhecida em Contrato Tempor\u00e1rio\",\"isPartOf\":{\"@id\":\"https:\\\/\\\/cj.estrategia.com\\\/portal\\\/#website\"},\"primaryImageOfPage\":{\"@id\":\"https:\\\/\\\/cj.estrategia.com\\\/portal\\\/estabilidade-para-gestantes-em-contrato-temporario\\\/#primaryimage\"},\"image\":{\"@id\":\"https:\\\/\\\/cj.estrategia.com\\\/portal\\\/estabilidade-para-gestantes-em-contrato-temporario\\\/#primaryimage\"},\"thumbnailUrl\":\"https:\\\/\\\/cj.estrategia.com\\\/portal\\\/wp-content\\\/uploads\\\/2025\\\/01\\\/16192631\\\/tst.png\",\"datePublished\":\"2026-04-02T01:21:21+00:00\",\"dateModified\":\"2026-04-07T22:51:45+00:00\",\"description\":\"Decis\u00e3o hist\u00f3rica do TST alterou o entendimento sobre a estabilidade para gestantes em contratos tempor\u00e1rios. Descubra o que isso significa.\",\"breadcrumb\":{\"@id\":\"https:\\\/\\\/cj.estrategia.com\\\/portal\\\/estabilidade-para-gestantes-em-contrato-temporario\\\/#breadcrumb\"},\"inLanguage\":\"pt-BR\",\"potentialAction\":[{\"@type\":\"ReadAction\",\"target\":[\"https:\\\/\\\/cj.estrategia.com\\\/portal\\\/estabilidade-para-gestantes-em-contrato-temporario\\\/\"]}]},{\"@type\":\"ImageObject\",\"inLanguage\":\"pt-BR\",\"@id\":\"https:\\\/\\\/cj.estrategia.com\\\/portal\\\/estabilidade-para-gestantes-em-contrato-temporario\\\/#primaryimage\",\"url\":\"https:\\\/\\\/cj.estrategia.com\\\/portal\\\/wp-content\\\/uploads\\\/2025\\\/01\\\/16192631\\\/tst.png\",\"contentUrl\":\"https:\\\/\\\/cj.estrategia.com\\\/portal\\\/wp-content\\\/uploads\\\/2025\\\/01\\\/16192631\\\/tst.png\",\"width\":3000,\"height\":1862},{\"@type\":\"BreadcrumbList\",\"@id\":\"https:\\\/\\\/cj.estrategia.com\\\/portal\\\/estabilidade-para-gestantes-em-contrato-temporario\\\/#breadcrumb\",\"itemListElement\":[{\"@type\":\"ListItem\",\"position\":1,\"name\":\"In\u00edcio\",\"item\":\"https:\\\/\\\/cj.estrategia.com\\\/portal\\\/\"},{\"@type\":\"ListItem\",\"position\":2,\"name\":\"TST Garante Estabilidade para Gestantes em Contratos Tempor\u00e1rios\"}]},{\"@type\":\"WebSite\",\"@id\":\"https:\\\/\\\/cj.estrategia.com\\\/portal\\\/#website\",\"url\":\"https:\\\/\\\/cj.estrategia.com\\\/portal\\\/\",\"name\":\"Blog - Carreiras Jur\u00eddicas - Estrat\u00e9gia\",\"description\":\"\",\"publisher\":{\"@id\":\"https:\\\/\\\/cj.estrategia.com\\\/portal\\\/#organization\"},\"potentialAction\":[{\"@type\":\"SearchAction\",\"target\":{\"@type\":\"EntryPoint\",\"urlTemplate\":\"https:\\\/\\\/cj.estrategia.com\\\/portal\\\/?s={search_term_string}\"},\"query-input\":{\"@type\":\"PropertyValueSpecification\",\"valueRequired\":true,\"valueName\":\"search_term_string\"}}],\"inLanguage\":\"pt-BR\"},{\"@type\":\"Organization\",\"@id\":\"https:\\\/\\\/cj.estrategia.com\\\/portal\\\/#organization\",\"name\":\"Estrat\u00e9gia - Carreiras Jur\u00eddicas\",\"url\":\"https:\\\/\\\/cj.estrategia.com\\\/portal\\\/\",\"logo\":{\"@type\":\"ImageObject\",\"inLanguage\":\"pt-BR\",\"@id\":\"https:\\\/\\\/cj.estrategia.com\\\/portal\\\/#\\\/schema\\\/logo\\\/image\\\/\",\"url\":\"https:\\\/\\\/cj.estrategia.com\\\/portal\\\/wp-content\\\/uploads\\\/2022\\\/03\\\/11151052\\\/cj-logo.png\",\"contentUrl\":\"https:\\\/\\\/cj.estrategia.com\\\/portal\\\/wp-content\\\/uploads\\\/2022\\\/03\\\/11151052\\\/cj-logo.png\",\"width\":150,\"height\":39,\"caption\":\"Estrat\u00e9gia - Carreiras Jur\u00eddicas\"},\"image\":{\"@id\":\"https:\\\/\\\/cj.estrategia.com\\\/portal\\\/#\\\/schema\\\/logo\\\/image\\\/\"},\"sameAs\":[\"https:\\\/\\\/www.facebook.com\\\/estrategiacarreirajuridica\\\/\",\"https:\\\/\\\/x.com\\\/EstratJuridica\",\"https:\\\/\\\/www.instagram.com\\\/estrategiacarreirajuridica\\\/\",\"https:\\\/\\\/www.youtube.com\\\/channel\\\/UClbMGuYbj2Mh1m3w144ETWQ\"]},{\"@type\":\"Person\",\"@id\":\"https:\\\/\\\/cj.estrategia.com\\\/portal\\\/#\\\/schema\\\/person\\\/7d7d2b1c8386e2eeacc0b09cfbc1d0ff\",\"name\":\"Thiago Leite\",\"image\":{\"@type\":\"ImageObject\",\"inLanguage\":\"pt-BR\",\"@id\":\"https:\\\/\\\/secure.gravatar.com\\\/avatar\\\/15ff5746ff9e313f1248fe2373ce03309054e96387bb9249055458d0c1aaa297?s=96&d=mm&r=g\",\"url\":\"https:\\\/\\\/secure.gravatar.com\\\/avatar\\\/15ff5746ff9e313f1248fe2373ce03309054e96387bb9249055458d0c1aaa297?s=96&d=mm&r=g\",\"contentUrl\":\"https:\\\/\\\/secure.gravatar.com\\\/avatar\\\/15ff5746ff9e313f1248fe2373ce03309054e96387bb9249055458d0c1aaa297?s=96&d=mm&r=g\",\"caption\":\"Thiago Leite\"},\"description\":\"Thiago de Paula Leite \u00e9 procurador do Estado de S\u00e3o Paulo e professor de direito ambiental e agr\u00e1rio do Estrat\u00e9gia.\",\"url\":\"https:\\\/\\\/cj.estrategia.com\\\/portal\\\/author\\\/thiago-leite\\\/\"}]}<\/script>\n<!-- \/ Yoast SEO Premium plugin. -->","yoast_head_json":{"title":"Estabilidade para Gestantes Reconhecida em Contrato Tempor\u00e1rio","description":"Decis\u00e3o hist\u00f3rica do TST alterou o entendimento sobre a estabilidade para gestantes em contratos tempor\u00e1rios. Descubra o que isso significa.","robots":{"index":"index","follow":"follow","max-snippet":"max-snippet:-1","max-image-preview":"max-image-preview:large","max-video-preview":"max-video-preview:-1"},"canonical":"https:\/\/cj.estrategia.com\/portal\/estabilidade-para-gestantes-em-contrato-temporario\/","og_locale":"pt_BR","og_type":"article","og_title":"TST Garante Estabilidade para Gestantes em Contratos Tempor\u00e1rios","og_description":"Decis\u00e3o hist\u00f3rica do TST alterou o entendimento sobre a estabilidade para gestantes em contratos tempor\u00e1rios. Descubra o que isso significa.","og_url":"https:\/\/cj.estrategia.com\/portal\/estabilidade-para-gestantes-em-contrato-temporario\/","og_site_name":"Blog - Carreiras Jur\u00eddicas - Estrat\u00e9gia","article_publisher":"https:\/\/www.facebook.com\/estrategiacarreirajuridica\/","article_published_time":"2026-04-02T01:21:21+00:00","article_modified_time":"2026-04-07T22:51:45+00:00","og_image":[{"width":1024,"height":636,"url":"https:\/\/cj.estrategia.com\/portal\/wp-content\/uploads\/2025\/01\/16192631\/tst-1024x636.png","type":"image\/png"}],"author":"Thiago Leite","twitter_card":"summary_large_image","twitter_creator":"@EstratJuridica","twitter_site":"@EstratJuridica","twitter_misc":{"Escrito por":"Thiago Leite","Est. tempo de leitura":"8 minutos"},"schema":{"@context":"https:\/\/schema.org","@graph":[{"@type":"NewsArticle","@id":"https:\/\/cj.estrategia.com\/portal\/estabilidade-para-gestantes-em-contrato-temporario\/#article","isPartOf":{"@id":"https:\/\/cj.estrategia.com\/portal\/estabilidade-para-gestantes-em-contrato-temporario\/"},"author":{"name":"Thiago Leite","@id":"https:\/\/cj.estrategia.com\/portal\/#\/schema\/person\/7d7d2b1c8386e2eeacc0b09cfbc1d0ff"},"headline":"TST Garante Estabilidade para Gestantes em Contratos Tempor\u00e1rios","datePublished":"2026-04-02T01:21:21+00:00","dateModified":"2026-04-07T22:51:45+00:00","mainEntityOfPage":{"@id":"https:\/\/cj.estrategia.com\/portal\/estabilidade-para-gestantes-em-contrato-temporario\/"},"wordCount":1307,"commentCount":0,"publisher":{"@id":"https:\/\/cj.estrategia.com\/portal\/#organization"},"image":{"@id":"https:\/\/cj.estrategia.com\/portal\/estabilidade-para-gestantes-em-contrato-temporario\/#primaryimage"},"thumbnailUrl":"https:\/\/cj.estrategia.com\/portal\/wp-content\/uploads\/2025\/01\/16192631\/tst.png","keywords":["contratos tempor\u00e1rios","estabilidade para gestantes","TST"],"articleSection":["Carreiras Jur\u00eddicas"],"inLanguage":"pt-BR","potentialAction":[{"@type":"CommentAction","name":"Comment","target":["https:\/\/cj.estrategia.com\/portal\/estabilidade-para-gestantes-em-contrato-temporario\/#respond"]}]},{"@type":"WebPage","@id":"https:\/\/cj.estrategia.com\/portal\/estabilidade-para-gestantes-em-contrato-temporario\/","url":"https:\/\/cj.estrategia.com\/portal\/estabilidade-para-gestantes-em-contrato-temporario\/","name":"Estabilidade para Gestantes Reconhecida em Contrato Tempor\u00e1rio","isPartOf":{"@id":"https:\/\/cj.estrategia.com\/portal\/#website"},"primaryImageOfPage":{"@id":"https:\/\/cj.estrategia.com\/portal\/estabilidade-para-gestantes-em-contrato-temporario\/#primaryimage"},"image":{"@id":"https:\/\/cj.estrategia.com\/portal\/estabilidade-para-gestantes-em-contrato-temporario\/#primaryimage"},"thumbnailUrl":"https:\/\/cj.estrategia.com\/portal\/wp-content\/uploads\/2025\/01\/16192631\/tst.png","datePublished":"2026-04-02T01:21:21+00:00","dateModified":"2026-04-07T22:51:45+00:00","description":"Decis\u00e3o hist\u00f3rica do TST alterou o entendimento sobre a estabilidade para gestantes em contratos tempor\u00e1rios. Descubra o que isso significa.","breadcrumb":{"@id":"https:\/\/cj.estrategia.com\/portal\/estabilidade-para-gestantes-em-contrato-temporario\/#breadcrumb"},"inLanguage":"pt-BR","potentialAction":[{"@type":"ReadAction","target":["https:\/\/cj.estrategia.com\/portal\/estabilidade-para-gestantes-em-contrato-temporario\/"]}]},{"@type":"ImageObject","inLanguage":"pt-BR","@id":"https:\/\/cj.estrategia.com\/portal\/estabilidade-para-gestantes-em-contrato-temporario\/#primaryimage","url":"https:\/\/cj.estrategia.com\/portal\/wp-content\/uploads\/2025\/01\/16192631\/tst.png","contentUrl":"https:\/\/cj.estrategia.com\/portal\/wp-content\/uploads\/2025\/01\/16192631\/tst.png","width":3000,"height":1862},{"@type":"BreadcrumbList","@id":"https:\/\/cj.estrategia.com\/portal\/estabilidade-para-gestantes-em-contrato-temporario\/#breadcrumb","itemListElement":[{"@type":"ListItem","position":1,"name":"In\u00edcio","item":"https:\/\/cj.estrategia.com\/portal\/"},{"@type":"ListItem","position":2,"name":"TST Garante Estabilidade para Gestantes em Contratos Tempor\u00e1rios"}]},{"@type":"WebSite","@id":"https:\/\/cj.estrategia.com\/portal\/#website","url":"https:\/\/cj.estrategia.com\/portal\/","name":"Blog - Carreiras Jur\u00eddicas - Estrat\u00e9gia","description":"","publisher":{"@id":"https:\/\/cj.estrategia.com\/portal\/#organization"},"potentialAction":[{"@type":"SearchAction","target":{"@type":"EntryPoint","urlTemplate":"https:\/\/cj.estrategia.com\/portal\/?s={search_term_string}"},"query-input":{"@type":"PropertyValueSpecification","valueRequired":true,"valueName":"search_term_string"}}],"inLanguage":"pt-BR"},{"@type":"Organization","@id":"https:\/\/cj.estrategia.com\/portal\/#organization","name":"Estrat\u00e9gia - Carreiras Jur\u00eddicas","url":"https:\/\/cj.estrategia.com\/portal\/","logo":{"@type":"ImageObject","inLanguage":"pt-BR","@id":"https:\/\/cj.estrategia.com\/portal\/#\/schema\/logo\/image\/","url":"https:\/\/cj.estrategia.com\/portal\/wp-content\/uploads\/2022\/03\/11151052\/cj-logo.png","contentUrl":"https:\/\/cj.estrategia.com\/portal\/wp-content\/uploads\/2022\/03\/11151052\/cj-logo.png","width":150,"height":39,"caption":"Estrat\u00e9gia - Carreiras Jur\u00eddicas"},"image":{"@id":"https:\/\/cj.estrategia.com\/portal\/#\/schema\/logo\/image\/"},"sameAs":["https:\/\/www.facebook.com\/estrategiacarreirajuridica\/","https:\/\/x.com\/EstratJuridica","https:\/\/www.instagram.com\/estrategiacarreirajuridica\/","https:\/\/www.youtube.com\/channel\/UClbMGuYbj2Mh1m3w144ETWQ"]},{"@type":"Person","@id":"https:\/\/cj.estrategia.com\/portal\/#\/schema\/person\/7d7d2b1c8386e2eeacc0b09cfbc1d0ff","name":"Thiago Leite","image":{"@type":"ImageObject","inLanguage":"pt-BR","@id":"https:\/\/secure.gravatar.com\/avatar\/15ff5746ff9e313f1248fe2373ce03309054e96387bb9249055458d0c1aaa297?s=96&d=mm&r=g","url":"https:\/\/secure.gravatar.com\/avatar\/15ff5746ff9e313f1248fe2373ce03309054e96387bb9249055458d0c1aaa297?s=96&d=mm&r=g","contentUrl":"https:\/\/secure.gravatar.com\/avatar\/15ff5746ff9e313f1248fe2373ce03309054e96387bb9249055458d0c1aaa297?s=96&d=mm&r=g","caption":"Thiago Leite"},"description":"Thiago de Paula Leite \u00e9 procurador do Estado de S\u00e3o Paulo e professor de direito ambiental e agr\u00e1rio do Estrat\u00e9gia.","url":"https:\/\/cj.estrategia.com\/portal\/author\/thiago-leite\/"}]}},"jetpack_featured_media_url":"https:\/\/cj.estrategia.com\/portal\/wp-content\/uploads\/2025\/01\/16192631\/tst.png","jetpack_sharing_enabled":true,"_links":{"self":[{"href":"https:\/\/cj.estrategia.com\/portal\/wp-json\/wp\/v2\/posts\/185128","targetHints":{"allow":["GET"]}}],"collection":[{"href":"https:\/\/cj.estrategia.com\/portal\/wp-json\/wp\/v2\/posts"}],"about":[{"href":"https:\/\/cj.estrategia.com\/portal\/wp-json\/wp\/v2\/types\/post"}],"author":[{"embeddable":true,"href":"https:\/\/cj.estrategia.com\/portal\/wp-json\/wp\/v2\/users\/81"}],"replies":[{"embeddable":true,"href":"https:\/\/cj.estrategia.com\/portal\/wp-json\/wp\/v2\/comments?post=185128"}],"version-history":[{"count":4,"href":"https:\/\/cj.estrategia.com\/portal\/wp-json\/wp\/v2\/posts\/185128\/revisions"}],"predecessor-version":[{"id":185679,"href":"https:\/\/cj.estrategia.com\/portal\/wp-json\/wp\/v2\/posts\/185128\/revisions\/185679"}],"wp:featuredmedia":[{"embeddable":true,"href":"https:\/\/cj.estrategia.com\/portal\/wp-json\/wp\/v2\/media\/91249"}],"wp:attachment":[{"href":"https:\/\/cj.estrategia.com\/portal\/wp-json\/wp\/v2\/media?parent=185128"}],"wp:term":[{"taxonomy":"category","embeddable":true,"href":"https:\/\/cj.estrategia.com\/portal\/wp-json\/wp\/v2\/categories?post=185128"},{"taxonomy":"post_tag","embeddable":true,"href":"https:\/\/cj.estrategia.com\/portal\/wp-json\/wp\/v2\/tags?post=185128"},{"taxonomy":"tax_estado","embeddable":true,"href":"https:\/\/cj.estrategia.com\/portal\/wp-json\/wp\/v2\/tax_estado?post=185128"}],"curies":[{"name":"wp","href":"https:\/\/api.w.org\/{rel}","templated":true}]}}