{"id":184430,"date":"2026-03-31T07:59:24","date_gmt":"2026-03-31T10:59:24","guid":{"rendered":"https:\/\/cj.estrategia.com\/portal\/?p=184430"},"modified":"2026-03-31T10:13:59","modified_gmt":"2026-03-31T13:13:59","slug":"concurso-pge-al-procurador-conteudo-programatico-alterado","status":"publish","type":"post","link":"https:\/\/cj.estrategia.com\/portal\/concurso-pge-al-procurador-conteudo-programatico-alterado\/","title":{"rendered":"Concurso PGE AL Procurador tem conte\u00fado program\u00e1tico alterado"},"content":{"rendered":"\n<p>O pr\u00f3ximo concurso para o cargo de <strong>Procurador do Estado de Alagoas <\/strong>avan\u00e7ou em etapas importantes de sua prepara\u00e7\u00e3o. Durante reuni\u00e3o do colegiado, o Conselheiro Jo\u00e3o Paulo Gaia Duarte levou ao debate a atualiza\u00e7\u00e3o do conte\u00fado program\u00e1tico da sele\u00e7\u00e3o. Ap\u00f3s ampla delibera\u00e7\u00e3o, foi aprovada por unanimidade a resolu\u00e7\u00e3o que altera as disciplinas e diretrizes do programa do certame, medida que impacta diretamente a estrat\u00e9gia de estudo dos futuros candidatos.<\/p>\n\n\n\n<figure class=\"wp-block-image size-full\"><img decoding=\"async\" width=\"709\" height=\"154\" src=\"https:\/\/cj.estrategia.com\/portal\/wp-content\/uploads\/2026\/03\/31075106\/C97EF658-17E8-4510-BC1C-696E91E12E4F.png\" alt=\"PGE AL Procurador tem conte\u00fado program\u00e1tico alterado segundo o DOU de hoje\" class=\"wp-image-184431\" srcset=\"https:\/\/cj.estrategia.com\/portal\/wp-content\/uploads\/2026\/03\/31075106\/C97EF658-17E8-4510-BC1C-696E91E12E4F.png 709w, https:\/\/cj.estrategia.com\/portal\/wp-content\/uploads\/2026\/03\/31075106\/C97EF658-17E8-4510-BC1C-696E91E12E4F-300x65.png 300w, https:\/\/cj.estrategia.com\/portal\/wp-content\/uploads\/2026\/03\/31075106\/C97EF658-17E8-4510-BC1C-696E91E12E4F-380x83.png 380w, https:\/\/cj.estrategia.com\/portal\/wp-content\/uploads\/2026\/03\/31075106\/C97EF658-17E8-4510-BC1C-696E91E12E4F-150x33.png 150w\" sizes=\"(max-width: 709px) 100vw, 709px\" \/><\/figure>\n\n\n\n<div class=\"container\" id=\"boxes\">\r\n  <div class=\"row\">\r\n\r\n    <div class=\"col-sm\">\r\n      <div class=\"banner-ecj-procuradorias\" id=\"box-assinatura\">\r\n        <h2 id=\"cursos-para-concurso-pge-al\" class=\"titulo-assinatura\"><span style=\"color: #ffffff; font-size: 23px; \">Cursos para Concurso PGE AL<\/span><\/h2>\r\n        <p class=\"subtitulo-assinatura\">Cursos focados no edital!<\/p>\r\n        <div class=\"box-botao\">\r\n          <a class=\"btn-assinatura-juridica\" target=\"_blank\" href=\"https:\/\/cj.estrategia.com\/concurso\/pge-al\" role=\"button\" rel=\"noopener noreferrer\">CLIQUE AQUI<\/a>\r\n        <\/div>\r\n      <\/div>\r\n      <p class=\"texto-auxiliar\">Prepare-se com o melhor material e com quem mais aprova em concursos em todo o pa\u00eds. \r\n<\/p>\r\n    <\/div>\r\n\r\n  <\/div>\r\n<\/div>\n\n\n\n<h2 class=\"wp-block-heading\" id=\"h-confira-o-novo-conteudo-programatico-da-pge-al\"><span id=\"confira-o-novo-conteudo-programatico-da-pge-al\">Confira o novo conte\u00fado program\u00e1tico da PGE AL<\/span><\/h2>\n\n\n\n<p>Entre as disciplinas previstas est\u00e3o <strong>Direito Constitucional, Administrativo, Civil, Processual Civil, Tribut\u00e1rio, Financeiro, Empresarial, do Trabalho, Processual do Trabalho, Previdenci\u00e1rio e Ambiental<\/strong>, evidenciando uma prepara\u00e7\u00e3o ampla e multidisciplinar. <\/p>\n\n\n\n<p>Um ponto que chama aten\u00e7\u00e3o \u00e9 a presen\u00e7a de temas contempor\u00e2neos e cada vez mais recorrentes em provas de alto n\u00edvel, como <strong>judicializa\u00e7\u00e3o da sa\u00fade, prote\u00e7\u00e3o de dados pessoais, licita\u00e7\u00f5es sob a Lei n\u00ba 14.133\/2021, intelig\u00eancia artificial no Judici\u00e1rio e reforma tribut\u00e1ria<\/strong>, assuntos que refletem a atua\u00e7\u00e3o pr\u00e1tica da Advocacia P\u00fablica e a evolu\u00e7\u00e3o recente da legisla\u00e7\u00e3o. <\/p>\n\n\n\n<p>A inclus\u00e3o desses t\u00f3picos indica uma tend\u00eancia de cobran\u00e7a mais aplicada e atualizada.<\/p>\n\n\n\n<ul class=\"wp-block-list\">\n<li><a href=\"https:\/\/cj.estrategia.com\/portal\/wp-content\/uploads\/2026\/03\/31082310\/novo-conteudo-pge-al.pdf\">Conte\u00fado program\u00e1tico na \u00edntegra<\/a><\/li>\n<\/ul>\n\n\n\n<h2 class=\"wp-block-heading\" id=\"h-concurso-pge-al-procurador-detalhes\"><span id=\"concurso-pge-al-procurador-detalhes\">Concurso PGE AL Procurador: detalhes<\/span><\/h2>\n\n\n\n<p>De acordo com as informa\u00e7\u00f5es j\u00e1 formalizadas, o edital dever\u00e1 ofertar <strong>10 vagas imediatas<\/strong>, al\u00e9m de <strong>10 oportunidades para forma\u00e7\u00e3o de cadastro de reserva<\/strong>. A defini\u00e7\u00e3o da banca e a revis\u00e3o do conte\u00fado program\u00e1tico s\u00e3o consideradas etapas decisivas no cronograma, geralmente antecedendo a publica\u00e7\u00e3o do edital.<\/p>\n\n\n\n<p>Tamb\u00e9m foi confirmada a manuten\u00e7\u00e3o dos crit\u00e9rios de pontua\u00e7\u00e3o para a prova de t\u00edtulos. O total m\u00e1ximo permanece fixado em <strong>10 pontos<\/strong>, contemplando t\u00edtulos como doutorado, mestrado, especializa\u00e7\u00e3o, atividade de magist\u00e9rio, exerc\u00edcio de cargo p\u00fablico e produ\u00e7\u00e3o cient\u00edfica. <\/p>\n\n\n\n<p class=\"has-text-align-center has-luminous-vivid-amber-to-luminous-vivid-orange-gradient-background has-background\"><strong>Saiba mais:<\/strong> <a href=\"https:\/\/cj.estrategia.com\/portal\/concurso-pge-al-procurador\/\" target=\"_blank\" >Concurso PGE AL Procurador<\/a><\/p>\n\n\n\n<p class=\"has-text-align-center has-medium-font-size\"><strong>Quer saber tudo sobre os concursos previstos? Confira nossos artigos!<\/strong><\/p>\n\n\n\n<ul class=\"wp-block-list\">\n<li><a href=\"https:\/\/cj.estrategia.com\/portal\/concursos-abertos-carreiras-juridicas\/\" target=\"_blank\" >Concursos jur\u00eddicos abertos<\/a><\/li>\n\n\n\n<li><a href=\"https:\/\/cj.estrategia.com\/portal\/concursos-2025-carreiras-juridicas\/\" target=\"_blank\" ><\/a><a href=\"https:\/\/cj.estrategia.com\/portal\/concursos-juridicos-2026\/\" type=\"link\" id=\"https:\/\/cj.estrategia.com\/portal\/concursos-juridicos-2026\/\" target=\"_blank\" >Concursos Jur\u00eddicos 2026<\/a><\/li>\n\n\n\n<li><a href=\"https:\/\/cj.estrategia.com\/portal\/concursos-procuradorias\/\" target=\"_blank\" >Concursos procuradorias<\/a><\/li>\n<\/ul>\n\n\n\n<p class=\"has-text-align-center has-medium-font-size\"><strong><em>Assinaturas para Concursos Jur\u00eddicos<\/em><\/strong><\/p>\n\n\n\n<div class=\"wp-block-cover\" style=\"min-height:155px;aspect-ratio:unset;\"><img decoding=\"async\" width=\"1890\" height=\"351\" class=\"wp-block-cover__image-background wp-image-8669\" alt=\"Assinaturas Jur\u00eddicas\" src=\"https:\/\/cj.estrategia.com\/portal\/wp-content\/uploads\/2022\/06\/20151253\/concurso-carreiras-juridicas-assinatura-juridica.jpg\" style=\"object-position:78% 43%\" data-object-fit=\"cover\" data-object-position=\"78% 43%\" srcset=\"https:\/\/cj.estrategia.com\/portal\/wp-content\/uploads\/2022\/06\/20151253\/concurso-carreiras-juridicas-assinatura-juridica.jpg 1890w, https:\/\/cj.estrategia.com\/portal\/wp-content\/uploads\/2022\/06\/20151253\/concurso-carreiras-juridicas-assinatura-juridica-300x56.jpg 300w, https:\/\/cj.estrategia.com\/portal\/wp-content\/uploads\/2022\/06\/20151253\/concurso-carreiras-juridicas-assinatura-juridica-1024x190.jpg 1024w, https:\/\/cj.estrategia.com\/portal\/wp-content\/uploads\/2022\/06\/20151253\/concurso-carreiras-juridicas-assinatura-juridica-768x143.jpg 768w, https:\/\/cj.estrategia.com\/portal\/wp-content\/uploads\/2022\/06\/20151253\/concurso-carreiras-juridicas-assinatura-juridica-1536x285.jpg 1536w, https:\/\/cj.estrategia.com\/portal\/wp-content\/uploads\/2022\/06\/20151253\/concurso-carreiras-juridicas-assinatura-juridica-380x71.jpg 380w, https:\/\/cj.estrategia.com\/portal\/wp-content\/uploads\/2022\/06\/20151253\/concurso-carreiras-juridicas-assinatura-juridica-800x149.jpg 800w, https:\/\/cj.estrategia.com\/portal\/wp-content\/uploads\/2022\/06\/20151253\/concurso-carreiras-juridicas-assinatura-juridica-1160x215.jpg 1160w\" sizes=\"(max-width: 1890px) 100vw, 1890px\" \/><span aria-hidden=\"true\" class=\"wp-block-cover__background has-background-dim\"><\/span><div class=\"wp-block-cover__inner-container is-layout-flow wp-block-cover-is-layout-flow\">\n<h3 id=\"faca-a-sua-assinatura\" class=\"titulo-assinatura\"><span style=\"color: #ffffff;\">Fa\u00e7a a sua assinatura!<\/span><\/h3>\n<p class=\"subtitulo-assinatura\" style=\"display:block!important; line-height: 0;\"><span style=\"color: #ffffff;\">Escolha a sua \u00e1rea.<\/span><\/p>\n<a target=\"_blank\" href=\"https:\/\/www.estrategiaconcursos.com.br\/assinaturas-ecj\/\" rel=\"noopener\"><button style=\"border-radius: 10px; text-transform: capitalize;\">Acessar<\/button><\/a>\n<\/div><\/div>\n\n\n\n<p id=\"h-\"><\/p>\n","protected":false},"excerpt":{"rendered":"Concurso PGE AL Procurador tem conte\u00fado program\u00e1tico alterado: confira AQUI os detalhes desta mudan\u00e7a e comece a sua prepara\u00e7\u00e3o!\n","protected":false},"author":135,"featured_media":177715,"comment_status":"open","ping_status":"open","sticky":false,"template":"","format":"standard","meta":{"_jetpack_memberships_contains_paid_content":false,"footnotes":""},"categories":[24],"tags":[],"tax_estado":[31],"class_list":{"0":"post-184430","1":"post","2":"type-post","3":"status-publish","4":"format-standard","5":"has-post-thumbnail","7":"category-procuradoria","8":"tax_estado-al"},"acf":[],"yoast_head":"<!-- This site is optimized with the Yoast SEO Premium plugin v27.4 (Yoast SEO v27.4) - https:\/\/yoast.com\/product\/yoast-seo-premium-wordpress\/ -->\n<title>Concurso PGE AL Procurador tem conte\u00fado program\u00e1tico alterado<\/title>\n<meta name=\"description\" content=\"Concurso PGE AL Procurador tem conte\u00fado program\u00e1tico alterado: confira AQUI os detalhes desta mudan\u00e7a e comece a sua prepara\u00e7\u00e3o!\" \/>\n<meta name=\"robots\" content=\"index, follow, max-snippet:-1, max-image-preview:large, max-video-preview:-1\" \/>\n<link rel=\"canonical\" href=\"https:\/\/cj.estrategia.com\/portal\/concurso-pge-al-procurador-conteudo-programatico-alterado\/\" \/>\n<meta property=\"og:locale\" content=\"pt_BR\" \/>\n<meta property=\"og:type\" content=\"article\" \/>\n<meta property=\"og:title\" content=\"Concurso PGE AL Procurador tem conte\u00fado program\u00e1tico alterado\" \/>\n<meta property=\"og:description\" content=\"Concurso PGE AL Procurador tem conte\u00fado program\u00e1tico alterado: confira AQUI os detalhes desta mudan\u00e7a e comece a sua prepara\u00e7\u00e3o!\" \/>\n<meta property=\"og:url\" content=\"https:\/\/cj.estrategia.com\/portal\/concurso-pge-al-procurador-conteudo-programatico-alterado\/\" \/>\n<meta property=\"og:site_name\" content=\"Blog - Carreiras Jur\u00eddicas - Estrat\u00e9gia\" \/>\n<meta property=\"article:publisher\" content=\"https:\/\/www.facebook.com\/estrategiacarreirajuridica\/\" \/>\n<meta property=\"article:published_time\" content=\"2026-03-31T10:59:24+00:00\" \/>\n<meta property=\"article:modified_time\" content=\"2026-03-31T13:13:59+00:00\" \/>\n<meta property=\"og:image\" content=\"https:\/\/cj.estrategia.com\/portal\/wp-content\/uploads\/2026\/01\/04105643\/procurador.jpg\" \/>\n\t<meta property=\"og:image:width\" content=\"2459\" \/>\n\t<meta property=\"og:image:height\" content=\"1383\" \/>\n\t<meta property=\"og:image:type\" content=\"image\/jpeg\" \/>\n<meta name=\"author\" content=\"Tauana Silva\" \/>\n<meta name=\"twitter:card\" content=\"summary_large_image\" \/>\n<meta name=\"twitter:creator\" content=\"@EstratJuridica\" \/>\n<meta name=\"twitter:site\" content=\"@EstratJuridica\" \/>\n<meta name=\"twitter:label1\" content=\"Escrito por\" \/>\n\t<meta name=\"twitter:data1\" content=\"Tauana Silva\" \/>\n\t<meta name=\"twitter:label2\" content=\"Est. tempo de leitura\" \/>\n\t<meta name=\"twitter:data2\" content=\"3 minutos\" \/>\n<script type=\"application\/ld+json\" class=\"yoast-schema-graph\">{\"@context\":\"https:\\\/\\\/schema.org\",\"@graph\":[{\"@type\":\"NewsArticle\",\"@id\":\"https:\\\/\\\/cj.estrategia.com\\\/portal\\\/concurso-pge-al-procurador-conteudo-programatico-alterado\\\/#article\",\"isPartOf\":{\"@id\":\"https:\\\/\\\/cj.estrategia.com\\\/portal\\\/concurso-pge-al-procurador-conteudo-programatico-alterado\\\/\"},\"author\":{\"name\":\"Tauana Silva\",\"@id\":\"https:\\\/\\\/cj.estrategia.com\\\/portal\\\/#\\\/schema\\\/person\\\/cb116423095e5a9f157a839dc8a808eb\"},\"headline\":\"Concurso PGE AL Procurador tem conte\u00fado program\u00e1tico alterado\",\"datePublished\":\"2026-03-31T10:59:24+00:00\",\"dateModified\":\"2026-03-31T13:13:59+00:00\",\"mainEntityOfPage\":{\"@id\":\"https:\\\/\\\/cj.estrategia.com\\\/portal\\\/concurso-pge-al-procurador-conteudo-programatico-alterado\\\/\"},\"wordCount\":394,\"commentCount\":0,\"publisher\":{\"@id\":\"https:\\\/\\\/cj.estrategia.com\\\/portal\\\/#organization\"},\"image\":{\"@id\":\"https:\\\/\\\/cj.estrategia.com\\\/portal\\\/concurso-pge-al-procurador-conteudo-programatico-alterado\\\/#primaryimage\"},\"thumbnailUrl\":\"https:\\\/\\\/cj.estrategia.com\\\/portal\\\/wp-content\\\/uploads\\\/2026\\\/01\\\/04105643\\\/procurador.jpg\",\"articleSection\":[\"Procuradoria\"],\"inLanguage\":\"pt-BR\",\"potentialAction\":[{\"@type\":\"CommentAction\",\"name\":\"Comment\",\"target\":[\"https:\\\/\\\/cj.estrategia.com\\\/portal\\\/concurso-pge-al-procurador-conteudo-programatico-alterado\\\/#respond\"]}]},{\"@type\":\"WebPage\",\"@id\":\"https:\\\/\\\/cj.estrategia.com\\\/portal\\\/concurso-pge-al-procurador-conteudo-programatico-alterado\\\/\",\"url\":\"https:\\\/\\\/cj.estrategia.com\\\/portal\\\/concurso-pge-al-procurador-conteudo-programatico-alterado\\\/\",\"name\":\"Concurso PGE AL Procurador tem conte\u00fado program\u00e1tico alterado\",\"isPartOf\":{\"@id\":\"https:\\\/\\\/cj.estrategia.com\\\/portal\\\/#website\"},\"primaryImageOfPage\":{\"@id\":\"https:\\\/\\\/cj.estrategia.com\\\/portal\\\/concurso-pge-al-procurador-conteudo-programatico-alterado\\\/#primaryimage\"},\"image\":{\"@id\":\"https:\\\/\\\/cj.estrategia.com\\\/portal\\\/concurso-pge-al-procurador-conteudo-programatico-alterado\\\/#primaryimage\"},\"thumbnailUrl\":\"https:\\\/\\\/cj.estrategia.com\\\/portal\\\/wp-content\\\/uploads\\\/2026\\\/01\\\/04105643\\\/procurador.jpg\",\"datePublished\":\"2026-03-31T10:59:24+00:00\",\"dateModified\":\"2026-03-31T13:13:59+00:00\",\"description\":\"Concurso PGE AL Procurador tem conte\u00fado program\u00e1tico alterado: confira AQUI os detalhes desta mudan\u00e7a e comece a sua prepara\u00e7\u00e3o!\",\"breadcrumb\":{\"@id\":\"https:\\\/\\\/cj.estrategia.com\\\/portal\\\/concurso-pge-al-procurador-conteudo-programatico-alterado\\\/#breadcrumb\"},\"inLanguage\":\"pt-BR\",\"potentialAction\":[{\"@type\":\"ReadAction\",\"target\":[\"https:\\\/\\\/cj.estrategia.com\\\/portal\\\/concurso-pge-al-procurador-conteudo-programatico-alterado\\\/\"]}]},{\"@type\":\"ImageObject\",\"inLanguage\":\"pt-BR\",\"@id\":\"https:\\\/\\\/cj.estrategia.com\\\/portal\\\/concurso-pge-al-procurador-conteudo-programatico-alterado\\\/#primaryimage\",\"url\":\"https:\\\/\\\/cj.estrategia.com\\\/portal\\\/wp-content\\\/uploads\\\/2026\\\/01\\\/04105643\\\/procurador.jpg\",\"contentUrl\":\"https:\\\/\\\/cj.estrategia.com\\\/portal\\\/wp-content\\\/uploads\\\/2026\\\/01\\\/04105643\\\/procurador.jpg\",\"width\":2459,\"height\":1383},{\"@type\":\"BreadcrumbList\",\"@id\":\"https:\\\/\\\/cj.estrategia.com\\\/portal\\\/concurso-pge-al-procurador-conteudo-programatico-alterado\\\/#breadcrumb\",\"itemListElement\":[{\"@type\":\"ListItem\",\"position\":1,\"name\":\"In\u00edcio\",\"item\":\"https:\\\/\\\/cj.estrategia.com\\\/portal\\\/\"},{\"@type\":\"ListItem\",\"position\":2,\"name\":\"Concurso PGE AL Procurador tem conte\u00fado program\u00e1tico alterado\"}]},{\"@type\":\"WebSite\",\"@id\":\"https:\\\/\\\/cj.estrategia.com\\\/portal\\\/#website\",\"url\":\"https:\\\/\\\/cj.estrategia.com\\\/portal\\\/\",\"name\":\"Blog - Carreiras Jur\u00eddicas - Estrat\u00e9gia\",\"description\":\"\",\"publisher\":{\"@id\":\"https:\\\/\\\/cj.estrategia.com\\\/portal\\\/#organization\"},\"potentialAction\":[{\"@type\":\"SearchAction\",\"target\":{\"@type\":\"EntryPoint\",\"urlTemplate\":\"https:\\\/\\\/cj.estrategia.com\\\/portal\\\/?s={search_term_string}\"},\"query-input\":{\"@type\":\"PropertyValueSpecification\",\"valueRequired\":true,\"valueName\":\"search_term_string\"}}],\"inLanguage\":\"pt-BR\"},{\"@type\":\"Organization\",\"@id\":\"https:\\\/\\\/cj.estrategia.com\\\/portal\\\/#organization\",\"name\":\"Estrat\u00e9gia - Carreiras Jur\u00eddicas\",\"url\":\"https:\\\/\\\/cj.estrategia.com\\\/portal\\\/\",\"logo\":{\"@type\":\"ImageObject\",\"inLanguage\":\"pt-BR\",\"@id\":\"https:\\\/\\\/cj.estrategia.com\\\/portal\\\/#\\\/schema\\\/logo\\\/image\\\/\",\"url\":\"https:\\\/\\\/cj.estrategia.com\\\/portal\\\/wp-content\\\/uploads\\\/2022\\\/03\\\/11151052\\\/cj-logo.png\",\"contentUrl\":\"https:\\\/\\\/cj.estrategia.com\\\/portal\\\/wp-content\\\/uploads\\\/2022\\\/03\\\/11151052\\\/cj-logo.png\",\"width\":150,\"height\":39,\"caption\":\"Estrat\u00e9gia - Carreiras Jur\u00eddicas\"},\"image\":{\"@id\":\"https:\\\/\\\/cj.estrategia.com\\\/portal\\\/#\\\/schema\\\/logo\\\/image\\\/\"},\"sameAs\":[\"https:\\\/\\\/www.facebook.com\\\/estrategiacarreirajuridica\\\/\",\"https:\\\/\\\/x.com\\\/EstratJuridica\",\"https:\\\/\\\/www.instagram.com\\\/estrategiacarreirajuridica\\\/\",\"https:\\\/\\\/www.youtube.com\\\/channel\\\/UClbMGuYbj2Mh1m3w144ETWQ\"]},{\"@type\":\"Person\",\"@id\":\"https:\\\/\\\/cj.estrategia.com\\\/portal\\\/#\\\/schema\\\/person\\\/cb116423095e5a9f157a839dc8a808eb\",\"name\":\"Tauana Silva\",\"image\":{\"@type\":\"ImageObject\",\"inLanguage\":\"pt-BR\",\"@id\":\"https:\\\/\\\/cj.estrategia.com\\\/portal\\\/wp-content\\\/uploads\\\/2024\\\/04\\\/05223156\\\/WhatsApp-Image-2024-12-05-at-22.30.41-96x96.jpeg\",\"url\":\"https:\\\/\\\/cj.estrategia.com\\\/portal\\\/wp-content\\\/uploads\\\/2024\\\/04\\\/05223156\\\/WhatsApp-Image-2024-12-05-at-22.30.41-96x96.jpeg\",\"contentUrl\":\"https:\\\/\\\/cj.estrategia.com\\\/portal\\\/wp-content\\\/uploads\\\/2024\\\/04\\\/05223156\\\/WhatsApp-Image-2024-12-05-at-22.30.41-96x96.jpeg\",\"caption\":\"Tauana Silva\"},\"description\":\"Jornalista com expertise em gest\u00e3o e marketing, acumulando mais de uma d\u00e9cada de experi\u00eancia, com foco especializado nos \u00faltimos cinco anos no setor de concursos p\u00fablicos. Habilidades s\u00f3lidas como social media, em reda\u00e7\u00e3o jornal\u00edstica, pr\u00e1ticas de SEO e copywriting.\",\"url\":\"https:\\\/\\\/cj.estrategia.com\\\/portal\\\/author\\\/tauanasilva\\\/\"}]}<\/script>\n<!-- \/ Yoast SEO Premium plugin. -->","yoast_head_json":{"title":"Concurso PGE AL Procurador tem conte\u00fado program\u00e1tico alterado","description":"Concurso PGE AL Procurador tem conte\u00fado program\u00e1tico alterado: confira AQUI os detalhes desta mudan\u00e7a e comece a sua prepara\u00e7\u00e3o!","robots":{"index":"index","follow":"follow","max-snippet":"max-snippet:-1","max-image-preview":"max-image-preview:large","max-video-preview":"max-video-preview:-1"},"canonical":"https:\/\/cj.estrategia.com\/portal\/concurso-pge-al-procurador-conteudo-programatico-alterado\/","og_locale":"pt_BR","og_type":"article","og_title":"Concurso PGE AL Procurador tem conte\u00fado program\u00e1tico alterado","og_description":"Concurso PGE AL Procurador tem conte\u00fado program\u00e1tico alterado: confira AQUI os detalhes desta mudan\u00e7a e comece a sua prepara\u00e7\u00e3o!","og_url":"https:\/\/cj.estrategia.com\/portal\/concurso-pge-al-procurador-conteudo-programatico-alterado\/","og_site_name":"Blog - Carreiras Jur\u00eddicas - Estrat\u00e9gia","article_publisher":"https:\/\/www.facebook.com\/estrategiacarreirajuridica\/","article_published_time":"2026-03-31T10:59:24+00:00","article_modified_time":"2026-03-31T13:13:59+00:00","og_image":[{"width":2459,"height":1383,"url":"https:\/\/cj.estrategia.com\/portal\/wp-content\/uploads\/2026\/01\/04105643\/procurador.jpg","type":"image\/jpeg"}],"author":"Tauana Silva","twitter_card":"summary_large_image","twitter_creator":"@EstratJuridica","twitter_site":"@EstratJuridica","twitter_misc":{"Escrito por":"Tauana Silva","Est. tempo de leitura":"3 minutos"},"schema":{"@context":"https:\/\/schema.org","@graph":[{"@type":"NewsArticle","@id":"https:\/\/cj.estrategia.com\/portal\/concurso-pge-al-procurador-conteudo-programatico-alterado\/#article","isPartOf":{"@id":"https:\/\/cj.estrategia.com\/portal\/concurso-pge-al-procurador-conteudo-programatico-alterado\/"},"author":{"name":"Tauana Silva","@id":"https:\/\/cj.estrategia.com\/portal\/#\/schema\/person\/cb116423095e5a9f157a839dc8a808eb"},"headline":"Concurso PGE AL Procurador tem conte\u00fado program\u00e1tico alterado","datePublished":"2026-03-31T10:59:24+00:00","dateModified":"2026-03-31T13:13:59+00:00","mainEntityOfPage":{"@id":"https:\/\/cj.estrategia.com\/portal\/concurso-pge-al-procurador-conteudo-programatico-alterado\/"},"wordCount":394,"commentCount":0,"publisher":{"@id":"https:\/\/cj.estrategia.com\/portal\/#organization"},"image":{"@id":"https:\/\/cj.estrategia.com\/portal\/concurso-pge-al-procurador-conteudo-programatico-alterado\/#primaryimage"},"thumbnailUrl":"https:\/\/cj.estrategia.com\/portal\/wp-content\/uploads\/2026\/01\/04105643\/procurador.jpg","articleSection":["Procuradoria"],"inLanguage":"pt-BR","potentialAction":[{"@type":"CommentAction","name":"Comment","target":["https:\/\/cj.estrategia.com\/portal\/concurso-pge-al-procurador-conteudo-programatico-alterado\/#respond"]}]},{"@type":"WebPage","@id":"https:\/\/cj.estrategia.com\/portal\/concurso-pge-al-procurador-conteudo-programatico-alterado\/","url":"https:\/\/cj.estrategia.com\/portal\/concurso-pge-al-procurador-conteudo-programatico-alterado\/","name":"Concurso PGE AL Procurador tem conte\u00fado program\u00e1tico alterado","isPartOf":{"@id":"https:\/\/cj.estrategia.com\/portal\/#website"},"primaryImageOfPage":{"@id":"https:\/\/cj.estrategia.com\/portal\/concurso-pge-al-procurador-conteudo-programatico-alterado\/#primaryimage"},"image":{"@id":"https:\/\/cj.estrategia.com\/portal\/concurso-pge-al-procurador-conteudo-programatico-alterado\/#primaryimage"},"thumbnailUrl":"https:\/\/cj.estrategia.com\/portal\/wp-content\/uploads\/2026\/01\/04105643\/procurador.jpg","datePublished":"2026-03-31T10:59:24+00:00","dateModified":"2026-03-31T13:13:59+00:00","description":"Concurso PGE AL Procurador tem conte\u00fado program\u00e1tico alterado: confira AQUI os detalhes desta mudan\u00e7a e comece a sua prepara\u00e7\u00e3o!","breadcrumb":{"@id":"https:\/\/cj.estrategia.com\/portal\/concurso-pge-al-procurador-conteudo-programatico-alterado\/#breadcrumb"},"inLanguage":"pt-BR","potentialAction":[{"@type":"ReadAction","target":["https:\/\/cj.estrategia.com\/portal\/concurso-pge-al-procurador-conteudo-programatico-alterado\/"]}]},{"@type":"ImageObject","inLanguage":"pt-BR","@id":"https:\/\/cj.estrategia.com\/portal\/concurso-pge-al-procurador-conteudo-programatico-alterado\/#primaryimage","url":"https:\/\/cj.estrategia.com\/portal\/wp-content\/uploads\/2026\/01\/04105643\/procurador.jpg","contentUrl":"https:\/\/cj.estrategia.com\/portal\/wp-content\/uploads\/2026\/01\/04105643\/procurador.jpg","width":2459,"height":1383},{"@type":"BreadcrumbList","@id":"https:\/\/cj.estrategia.com\/portal\/concurso-pge-al-procurador-conteudo-programatico-alterado\/#breadcrumb","itemListElement":[{"@type":"ListItem","position":1,"name":"In\u00edcio","item":"https:\/\/cj.estrategia.com\/portal\/"},{"@type":"ListItem","position":2,"name":"Concurso PGE AL Procurador tem conte\u00fado program\u00e1tico alterado"}]},{"@type":"WebSite","@id":"https:\/\/cj.estrategia.com\/portal\/#website","url":"https:\/\/cj.estrategia.com\/portal\/","name":"Blog - Carreiras Jur\u00eddicas - Estrat\u00e9gia","description":"","publisher":{"@id":"https:\/\/cj.estrategia.com\/portal\/#organization"},"potentialAction":[{"@type":"SearchAction","target":{"@type":"EntryPoint","urlTemplate":"https:\/\/cj.estrategia.com\/portal\/?s={search_term_string}"},"query-input":{"@type":"PropertyValueSpecification","valueRequired":true,"valueName":"search_term_string"}}],"inLanguage":"pt-BR"},{"@type":"Organization","@id":"https:\/\/cj.estrategia.com\/portal\/#organization","name":"Estrat\u00e9gia - Carreiras Jur\u00eddicas","url":"https:\/\/cj.estrategia.com\/portal\/","logo":{"@type":"ImageObject","inLanguage":"pt-BR","@id":"https:\/\/cj.estrategia.com\/portal\/#\/schema\/logo\/image\/","url":"https:\/\/cj.estrategia.com\/portal\/wp-content\/uploads\/2022\/03\/11151052\/cj-logo.png","contentUrl":"https:\/\/cj.estrategia.com\/portal\/wp-content\/uploads\/2022\/03\/11151052\/cj-logo.png","width":150,"height":39,"caption":"Estrat\u00e9gia - Carreiras Jur\u00eddicas"},"image":{"@id":"https:\/\/cj.estrategia.com\/portal\/#\/schema\/logo\/image\/"},"sameAs":["https:\/\/www.facebook.com\/estrategiacarreirajuridica\/","https:\/\/x.com\/EstratJuridica","https:\/\/www.instagram.com\/estrategiacarreirajuridica\/","https:\/\/www.youtube.com\/channel\/UClbMGuYbj2Mh1m3w144ETWQ"]},{"@type":"Person","@id":"https:\/\/cj.estrategia.com\/portal\/#\/schema\/person\/cb116423095e5a9f157a839dc8a808eb","name":"Tauana Silva","image":{"@type":"ImageObject","inLanguage":"pt-BR","@id":"https:\/\/cj.estrategia.com\/portal\/wp-content\/uploads\/2024\/04\/05223156\/WhatsApp-Image-2024-12-05-at-22.30.41-96x96.jpeg","url":"https:\/\/cj.estrategia.com\/portal\/wp-content\/uploads\/2024\/04\/05223156\/WhatsApp-Image-2024-12-05-at-22.30.41-96x96.jpeg","contentUrl":"https:\/\/cj.estrategia.com\/portal\/wp-content\/uploads\/2024\/04\/05223156\/WhatsApp-Image-2024-12-05-at-22.30.41-96x96.jpeg","caption":"Tauana Silva"},"description":"Jornalista com expertise em gest\u00e3o e marketing, acumulando mais de uma d\u00e9cada de experi\u00eancia, com foco especializado nos \u00faltimos cinco anos no setor de concursos p\u00fablicos. Habilidades s\u00f3lidas como social media, em reda\u00e7\u00e3o jornal\u00edstica, pr\u00e1ticas de SEO e copywriting.","url":"https:\/\/cj.estrategia.com\/portal\/author\/tauanasilva\/"}]}},"jetpack_featured_media_url":"https:\/\/cj.estrategia.com\/portal\/wp-content\/uploads\/2026\/01\/04105643\/procurador.jpg","jetpack_sharing_enabled":true,"_links":{"self":[{"href":"https:\/\/cj.estrategia.com\/portal\/wp-json\/wp\/v2\/posts\/184430","targetHints":{"allow":["GET"]}}],"collection":[{"href":"https:\/\/cj.estrategia.com\/portal\/wp-json\/wp\/v2\/posts"}],"about":[{"href":"https:\/\/cj.estrategia.com\/portal\/wp-json\/wp\/v2\/types\/post"}],"author":[{"embeddable":true,"href":"https:\/\/cj.estrategia.com\/portal\/wp-json\/wp\/v2\/users\/135"}],"replies":[{"embeddable":true,"href":"https:\/\/cj.estrategia.com\/portal\/wp-json\/wp\/v2\/comments?post=184430"}],"version-history":[{"count":11,"href":"https:\/\/cj.estrategia.com\/portal\/wp-json\/wp\/v2\/posts\/184430\/revisions"}],"predecessor-version":[{"id":184475,"href":"https:\/\/cj.estrategia.com\/portal\/wp-json\/wp\/v2\/posts\/184430\/revisions\/184475"}],"wp:featuredmedia":[{"embeddable":true,"href":"https:\/\/cj.estrategia.com\/portal\/wp-json\/wp\/v2\/media\/177715"}],"wp:attachment":[{"href":"https:\/\/cj.estrategia.com\/portal\/wp-json\/wp\/v2\/media?parent=184430"}],"wp:term":[{"taxonomy":"category","embeddable":true,"href":"https:\/\/cj.estrategia.com\/portal\/wp-json\/wp\/v2\/categories?post=184430"},{"taxonomy":"post_tag","embeddable":true,"href":"https:\/\/cj.estrategia.com\/portal\/wp-json\/wp\/v2\/tags?post=184430"},{"taxonomy":"tax_estado","embeddable":true,"href":"https:\/\/cj.estrategia.com\/portal\/wp-json\/wp\/v2\/tax_estado?post=184430"}],"curies":[{"name":"wp","href":"https:\/\/api.w.org\/{rel}","templated":true}]}}