{"id":184338,"date":"2026-03-30T21:28:48","date_gmt":"2026-03-31T00:28:48","guid":{"rendered":"https:\/\/cj.estrategia.com\/portal\/?p=184338"},"modified":"2026-03-30T21:28:51","modified_gmt":"2026-03-31T00:28:51","slug":"concurso-pgm-porto-velho-ro-inscricoes-abertas","status":"publish","type":"post","link":"https:\/\/cj.estrategia.com\/portal\/concurso-pgm-porto-velho-ro-inscricoes-abertas\/","title":{"rendered":"Concurso PGM Porto Velho RO: inscri\u00e7\u00f5es abertas e sal\u00e1rio de R$ 22 mil"},"content":{"rendered":"\n<p>O 3\u00ba Concurso para Procurador do Munic\u00edpio de Porto Velho (RO) est\u00e1 com <strong>inscri\u00e7\u00f5es abertas<\/strong>. Organizado pelo Cebraspe, o certame oferece <strong>3 vagas imediatas e forma\u00e7\u00e3o de cadastro reserva<\/strong>, com remunera\u00e7\u00e3o inicial que pode chegar a <strong>R$ 22.108,22<\/strong>.<\/p>\n\n\n\n<p>Os interessados podem se inscrever at\u00e9 <strong>20 de abril, \u00e0s 18h<\/strong>, mediante pagamento de taxa no valor de R$ 320,00. <\/p>\n\n\n\n<p>A <strong>prova objetiva est\u00e1 marcada para 21 de junho<\/strong>, sendo a primeira etapa da sele\u00e7\u00e3o.<\/p>\n\n\n\n<p><\/p>\n\n\n\n<div class=\"container\" id=\"boxes\">\n  <div class=\"row\">\n\n    <div class=\"col-sm\">\n      <div class=\"banner-ecj-procuradorias\" id=\"box-assinatura\">\n        <h2 id=\"cursos-para-pgm-porto-velho-ro\" class=\"titulo-assinatura\"><span style=\"color: #ffffff; font-size: 23px; \">Cursos para PGM Porto Velho RO<\/span><\/h2>\n        <p class=\"subtitulo-assinatura\">Cursos focados no edital!<\/p>\n        <div class=\"box-botao\">\n          <a class=\"btn-assinatura-juridica\" target=\"_blank\" href=\"https:\/\/cj.estrategia.com\/concurso\/cursos-para-procuradorias-e-advogados\" role=\"button\" rel=\"noopener noreferrer\">CLIQUE AQUI<\/a>\n        <\/div>\n      <\/div>\n      <p class=\"texto-auxiliar\">Prepare-se com o melhor material e com quem mais aprova em concursos em todo o pa\u00eds. \n<\/p>\n    <\/div>\n\n  <\/div>\n<\/div>\n\n\n\n<p><\/p>\n\n\n\n<h2 class=\"wp-block-heading\" id=\"h-resumo-do-concurso-pgm-porto-velho-ro\"><span id=\"%f0%9f%93%8a-resumo-do-concurso-pgm-porto-velho-ro\">\ud83d\udcca Resumo do concurso PGM Porto Velho RO<\/span><\/h2>\n\n\n\n<ul class=\"wp-block-list\">\n<li><strong>Status:<\/strong> inscri\u00e7\u00f5es abertas<\/li>\n\n\n\n<li><strong>Banca:<\/strong> Cebraspe<\/li>\n\n\n\n<li><strong>Vagas:<\/strong> 3 + 20 CR<\/li>\n\n\n\n<li><strong>Remunera\u00e7\u00e3o:<\/strong> R$ 22.108,22<\/li>\n\n\n\n<li><strong>Inscri\u00e7\u00f5es:<\/strong> at\u00e9 20\/04\/2026<\/li>\n\n\n\n<li><strong>Taxa:<\/strong> R$ 320,00<\/li>\n\n\n\n<li><strong>Prova objetiva:<\/strong> 21\/06\/2026<\/li>\n<\/ul>\n\n\n\n<h3 class=\"wp-block-heading\" id=\"h-principais-datas\"><span id=\"%f0%9f%93%85-principais-datas\">\ud83d\udcc5 Principais datas<\/span><\/h3>\n\n\n\n<ul class=\"wp-block-list\">\n<li><strong>Per\u00edodo de inscri\u00e7\u00f5es:<\/strong> 30\/03 a 20\/04\/2026<\/li>\n\n\n\n<li><strong>Pagamento da taxa:<\/strong> at\u00e9 11\/05\/2026<\/li>\n\n\n\n<li><strong>Prova objetiva:<\/strong> 21\/06\/2026<\/li>\n<\/ul>\n\n\n\n<h3 class=\"wp-block-heading\" id=\"h-etapas-do-concurso\"><span id=\"etapas-do-concurso\">Etapas do concurso<\/span><\/h3>\n\n\n\n<p>Os candidatos ser\u00e3o avaliados em cinco fases: prova objetiva, provas discursivas, prova oral e avalia\u00e7\u00e3o de t\u00edtulos. <\/p>\n\n\n\n<p>A etapa objetiva ter\u00e1 dura\u00e7\u00e3o de cinco horas e cobrar\u00e1 disciplinas centrais das carreiras jur\u00eddicas, como Direito Constitucional, Administrativo, Tribut\u00e1rio, Civil e Processual Civil, al\u00e9m de outras \u00e1reas previstas em edital.<\/p>\n\n\n\n<p>J\u00e1 as provas discursivas exigir\u00e3o a elabora\u00e7\u00e3o de quest\u00f5es e pe\u00e7a jur\u00eddica, enquanto a fase oral avaliar\u00e1 o dom\u00ednio t\u00e9cnico e a capacidade de argumenta\u00e7\u00e3o do candidato. Por fim, a prova de t\u00edtulos possui car\u00e1ter classificat\u00f3rio.<\/p>\n\n\n\n<h2 class=\"wp-block-heading\" id=\"h-vale-a-pena\"><span id=\"vale-a-pena\">Vale a pena?<\/span><\/h2>\n\n\n\n<p>Com <strong>sal\u00e1rio elevado e estrutura completa de avalia\u00e7\u00e3o<\/strong>, o concurso da PGM Porto Velho se destaca como uma oportunidade relevante para quem busca ingresso na advocacia p\u00fablica municipal.<\/p>\n\n\n\n<p class=\"has-text-align-center\"><em>Quer ficar por dentro de todos os detalhes acerca do certame?<\/em><\/p>\n\n\n\n<p class=\"has-text-align-center has-luminous-vivid-amber-to-luminous-vivid-orange-gradient-background has-background\"><strong>Saiba mais: <a href=\"https:\/\/cj.estrategia.com\/portal\/concurso-pgm-porto-velho-ro\/\" target=\"_blank\" >Concurso PGM Porto Velho RO<\/a><\/strong><\/p>\n\n\n\n<h2 class=\"wp-block-heading\" id=\"h-quer-saber-tudo-sobre-concursos-previstos-confira-nossos-artigos\"><span id=\"quer-saber-tudo-sobre-concursos-previstosconfira-nossos-artigos\">Quer saber tudo sobre concursos previstos?<br><strong>Confira nossos artigos!<\/strong><\/span><\/h2>\n\n\n\n<ul class=\"wp-block-list\">\n<li><a href=\"https:\/\/cj.estrategia.com\/portal\/concursos-abertos-carreiras-juridicas\/\" target=\"_blank\" >Concursos jur\u00eddicos abertos<\/a><\/li>\n\n\n\n<li><a href=\"https:\/\/cj.estrategia.com\/portal\/concursos-juridicos-2026\/\" target=\"_blank\" >Concursos jur\u00eddicos 2026<\/a><\/li>\n\n\n\n<li><a href=\"https:\/\/cj.estrategia.com\/portal\/concursos-procuradorias\/\" target=\"_blank\" >Concursos procuradorias<\/a><\/li>\n<\/ul>\n\n\n\n<p><\/p>\n\n\n\n<div class=\"container\" id=\"boxes\">\n  <div class=\"row\">\n\n    <div class=\"col-sm\">\n      <div class=\"banner-ecj-procuradorias\" id=\"box-assinatura\">\n        <h2 id=\"cursos-para-pgm-porto-velho-ro-2\" class=\"titulo-assinatura\"><span style=\"color: #ffffff; font-size: 23px; \">Cursos para PGM Porto Velho RO<\/span><\/h2>\n        <p class=\"subtitulo-assinatura\">Cursos focados no edital!<\/p>\n        <div class=\"box-botao\">\n          <a class=\"btn-assinatura-juridica\" target=\"_blank\" href=\"https:\/\/cj.estrategia.com\/concurso\/cursos-para-procuradorias-e-advogados\" role=\"button\" rel=\"noopener noreferrer\">CLIQUE AQUI<\/a>\n        <\/div>\n      <\/div>\n      <p class=\"texto-auxiliar\">Prepare-se com o melhor material e com quem mais aprova em concursos em todo o pa\u00eds. \n<\/p>\n    <\/div>\n\n  <\/div>\n<\/div>\n\n\n\n<p><\/p>\n\n\n\n<div class=\"wp-block-cover\" style=\"min-height:155px;aspect-ratio:unset;\"><img decoding=\"async\" width=\"1890\" height=\"351\" class=\"wp-block-cover__image-background wp-image-8669\" alt=\"Assinaturas Jur\u00eddicas\" src=\"https:\/\/cj.estrategia.com\/portal\/wp-content\/uploads\/2022\/06\/20151253\/concurso-carreiras-juridicas-assinatura-juridica.jpg\" style=\"object-position:78% 43%\" data-object-fit=\"cover\" data-object-position=\"78% 43%\" srcset=\"https:\/\/cj.estrategia.com\/portal\/wp-content\/uploads\/2022\/06\/20151253\/concurso-carreiras-juridicas-assinatura-juridica.jpg 1890w, https:\/\/cj.estrategia.com\/portal\/wp-content\/uploads\/2022\/06\/20151253\/concurso-carreiras-juridicas-assinatura-juridica-300x56.jpg 300w, https:\/\/cj.estrategia.com\/portal\/wp-content\/uploads\/2022\/06\/20151253\/concurso-carreiras-juridicas-assinatura-juridica-1024x190.jpg 1024w, https:\/\/cj.estrategia.com\/portal\/wp-content\/uploads\/2022\/06\/20151253\/concurso-carreiras-juridicas-assinatura-juridica-768x143.jpg 768w, https:\/\/cj.estrategia.com\/portal\/wp-content\/uploads\/2022\/06\/20151253\/concurso-carreiras-juridicas-assinatura-juridica-1536x285.jpg 1536w, https:\/\/cj.estrategia.com\/portal\/wp-content\/uploads\/2022\/06\/20151253\/concurso-carreiras-juridicas-assinatura-juridica-380x71.jpg 380w, https:\/\/cj.estrategia.com\/portal\/wp-content\/uploads\/2022\/06\/20151253\/concurso-carreiras-juridicas-assinatura-juridica-800x149.jpg 800w, https:\/\/cj.estrategia.com\/portal\/wp-content\/uploads\/2022\/06\/20151253\/concurso-carreiras-juridicas-assinatura-juridica-1160x215.jpg 1160w\" sizes=\"(max-width: 1890px) 100vw, 1890px\" \/><span aria-hidden=\"true\" class=\"wp-block-cover__background has-background-dim\"><\/span><div class=\"wp-block-cover__inner-container is-layout-flow wp-block-cover-is-layout-flow\">\n<h3 id=\"faca-a-sua-assinatura\" class=\"titulo-assinatura\"><span style=\"color: #ffffff;\">Fa\u00e7a a sua assinatura!<\/span><\/h3>\n<p class=\"subtitulo-assinatura\" style=\"display:block!important; line-height: 0;\"><span style=\"color: #ffffff;\">Escolha a sua \u00e1rea.<\/span><\/p>\n<a target=\"_blank\" href=\"https:\/\/www.estrategiaconcursos.com.br\/assinaturas-ecj\/\" rel=\"noopener\"><button style=\"border-radius: 10px; text-transform: capitalize;\">Acessar<\/button><\/a>\n<\/div><\/div>\n\n\n\n<p><\/p>\n","protected":false},"excerpt":{"rendered":"O 3\u00ba Concurso para Procurador do Munic\u00edpio de Porto Velho (RO) est\u00e1 com inscri\u00e7\u00f5es abertas. Organizado pelo Cebraspe,&hellip;\n","protected":false},"author":162,"featured_media":177715,"comment_status":"open","ping_status":"open","sticky":false,"template":"","format":"standard","meta":{"_jetpack_memberships_contains_paid_content":false,"footnotes":""},"categories":[24],"tags":[],"tax_estado":[51],"class_list":{"0":"post-184338","1":"post","2":"type-post","3":"status-publish","4":"format-standard","5":"has-post-thumbnail","7":"category-procuradoria","8":"tax_estado-ro"},"acf":[],"yoast_head":"<!-- This site is optimized with the Yoast SEO Premium plugin v27.4 (Yoast SEO v27.4) - https:\/\/yoast.com\/product\/yoast-seo-premium-wordpress\/ -->\n<title>Concurso PGM Porto Velho RO: inscri\u00e7\u00f5es abertas e sal\u00e1rio de R$ 22 mil<\/title>\n<meta name=\"description\" content=\"Concurso PGM Porto Velho RO com inscri\u00e7\u00f5es abertas at\u00e9 20\/04 e sal\u00e1rio de R$ 22 mil. Veja vagas, etapas e como participar.\" \/>\n<meta name=\"robots\" content=\"index, follow, max-snippet:-1, max-image-preview:large, max-video-preview:-1\" \/>\n<link rel=\"canonical\" href=\"https:\/\/cj.estrategia.com\/portal\/concurso-pgm-porto-velho-ro-inscricoes-abertas\/\" \/>\n<meta property=\"og:locale\" content=\"pt_BR\" \/>\n<meta property=\"og:type\" content=\"article\" \/>\n<meta property=\"og:title\" content=\"Concurso PGM Porto Velho RO: inscri\u00e7\u00f5es abertas e sal\u00e1rio de R$ 22 mil\" \/>\n<meta property=\"og:description\" content=\"Concurso PGM Porto Velho RO com inscri\u00e7\u00f5es abertas at\u00e9 20\/04 e sal\u00e1rio de R$ 22 mil. Veja vagas, etapas e como participar.\" \/>\n<meta property=\"og:url\" content=\"https:\/\/cj.estrategia.com\/portal\/concurso-pgm-porto-velho-ro-inscricoes-abertas\/\" \/>\n<meta property=\"og:site_name\" content=\"Blog - Carreiras Jur\u00eddicas - Estrat\u00e9gia\" \/>\n<meta property=\"article:publisher\" content=\"https:\/\/www.facebook.com\/estrategiacarreirajuridica\/\" \/>\n<meta property=\"article:published_time\" content=\"2026-03-31T00:28:48+00:00\" \/>\n<meta property=\"article:modified_time\" content=\"2026-03-31T00:28:51+00:00\" \/>\n<meta property=\"og:image\" content=\"https:\/\/cj.estrategia.com\/portal\/wp-content\/uploads\/2026\/01\/04105643\/procurador.jpg\" \/>\n\t<meta property=\"og:image:width\" content=\"2459\" \/>\n\t<meta property=\"og:image:height\" content=\"1383\" \/>\n\t<meta property=\"og:image:type\" content=\"image\/jpeg\" \/>\n<meta name=\"author\" content=\"Jos\u00e9 Ferreira\" \/>\n<meta name=\"twitter:card\" content=\"summary_large_image\" \/>\n<meta name=\"twitter:creator\" content=\"@EstratJuridica\" \/>\n<meta name=\"twitter:site\" content=\"@EstratJuridica\" \/>\n<meta name=\"twitter:label1\" content=\"Escrito por\" \/>\n\t<meta name=\"twitter:data1\" content=\"Jos\u00e9 Ferreira\" \/>\n\t<meta name=\"twitter:label2\" content=\"Est. tempo de leitura\" \/>\n\t<meta name=\"twitter:data2\" content=\"4 minutos\" \/>\n<script type=\"application\/ld+json\" class=\"yoast-schema-graph\">{\"@context\":\"https:\\\/\\\/schema.org\",\"@graph\":[{\"@type\":\"NewsArticle\",\"@id\":\"https:\\\/\\\/cj.estrategia.com\\\/portal\\\/concurso-pgm-porto-velho-ro-inscricoes-abertas\\\/#article\",\"isPartOf\":{\"@id\":\"https:\\\/\\\/cj.estrategia.com\\\/portal\\\/concurso-pgm-porto-velho-ro-inscricoes-abertas\\\/\"},\"author\":{\"name\":\"Jos\u00e9 Ferreira\",\"@id\":\"https:\\\/\\\/cj.estrategia.com\\\/portal\\\/#\\\/schema\\\/person\\\/4caf0099c42d736f2aade723f309f690\"},\"headline\":\"Concurso PGM Porto Velho RO: inscri\u00e7\u00f5es abertas e sal\u00e1rio de R$ 22 mil\",\"datePublished\":\"2026-03-31T00:28:48+00:00\",\"dateModified\":\"2026-03-31T00:28:51+00:00\",\"mainEntityOfPage\":{\"@id\":\"https:\\\/\\\/cj.estrategia.com\\\/portal\\\/concurso-pgm-porto-velho-ro-inscricoes-abertas\\\/\"},\"wordCount\":358,\"commentCount\":0,\"publisher\":{\"@id\":\"https:\\\/\\\/cj.estrategia.com\\\/portal\\\/#organization\"},\"image\":{\"@id\":\"https:\\\/\\\/cj.estrategia.com\\\/portal\\\/concurso-pgm-porto-velho-ro-inscricoes-abertas\\\/#primaryimage\"},\"thumbnailUrl\":\"https:\\\/\\\/cj.estrategia.com\\\/portal\\\/wp-content\\\/uploads\\\/2026\\\/01\\\/04105643\\\/procurador.jpg\",\"articleSection\":[\"Procuradoria\"],\"inLanguage\":\"pt-BR\",\"potentialAction\":[{\"@type\":\"CommentAction\",\"name\":\"Comment\",\"target\":[\"https:\\\/\\\/cj.estrategia.com\\\/portal\\\/concurso-pgm-porto-velho-ro-inscricoes-abertas\\\/#respond\"]}]},{\"@type\":\"WebPage\",\"@id\":\"https:\\\/\\\/cj.estrategia.com\\\/portal\\\/concurso-pgm-porto-velho-ro-inscricoes-abertas\\\/\",\"url\":\"https:\\\/\\\/cj.estrategia.com\\\/portal\\\/concurso-pgm-porto-velho-ro-inscricoes-abertas\\\/\",\"name\":\"Concurso PGM Porto Velho RO: inscri\u00e7\u00f5es abertas e sal\u00e1rio de R$ 22 mil\",\"isPartOf\":{\"@id\":\"https:\\\/\\\/cj.estrategia.com\\\/portal\\\/#website\"},\"primaryImageOfPage\":{\"@id\":\"https:\\\/\\\/cj.estrategia.com\\\/portal\\\/concurso-pgm-porto-velho-ro-inscricoes-abertas\\\/#primaryimage\"},\"image\":{\"@id\":\"https:\\\/\\\/cj.estrategia.com\\\/portal\\\/concurso-pgm-porto-velho-ro-inscricoes-abertas\\\/#primaryimage\"},\"thumbnailUrl\":\"https:\\\/\\\/cj.estrategia.com\\\/portal\\\/wp-content\\\/uploads\\\/2026\\\/01\\\/04105643\\\/procurador.jpg\",\"datePublished\":\"2026-03-31T00:28:48+00:00\",\"dateModified\":\"2026-03-31T00:28:51+00:00\",\"description\":\"Concurso PGM Porto Velho RO com inscri\u00e7\u00f5es abertas at\u00e9 20\\\/04 e sal\u00e1rio de R$ 22 mil. Veja vagas, etapas e como participar.\",\"breadcrumb\":{\"@id\":\"https:\\\/\\\/cj.estrategia.com\\\/portal\\\/concurso-pgm-porto-velho-ro-inscricoes-abertas\\\/#breadcrumb\"},\"inLanguage\":\"pt-BR\",\"potentialAction\":[{\"@type\":\"ReadAction\",\"target\":[\"https:\\\/\\\/cj.estrategia.com\\\/portal\\\/concurso-pgm-porto-velho-ro-inscricoes-abertas\\\/\"]}]},{\"@type\":\"ImageObject\",\"inLanguage\":\"pt-BR\",\"@id\":\"https:\\\/\\\/cj.estrategia.com\\\/portal\\\/concurso-pgm-porto-velho-ro-inscricoes-abertas\\\/#primaryimage\",\"url\":\"https:\\\/\\\/cj.estrategia.com\\\/portal\\\/wp-content\\\/uploads\\\/2026\\\/01\\\/04105643\\\/procurador.jpg\",\"contentUrl\":\"https:\\\/\\\/cj.estrategia.com\\\/portal\\\/wp-content\\\/uploads\\\/2026\\\/01\\\/04105643\\\/procurador.jpg\",\"width\":2459,\"height\":1383},{\"@type\":\"BreadcrumbList\",\"@id\":\"https:\\\/\\\/cj.estrategia.com\\\/portal\\\/concurso-pgm-porto-velho-ro-inscricoes-abertas\\\/#breadcrumb\",\"itemListElement\":[{\"@type\":\"ListItem\",\"position\":1,\"name\":\"In\u00edcio\",\"item\":\"https:\\\/\\\/cj.estrategia.com\\\/portal\\\/\"},{\"@type\":\"ListItem\",\"position\":2,\"name\":\"Concurso PGM Porto Velho RO: inscri\u00e7\u00f5es abertas e sal\u00e1rio de R$ 22 mil\"}]},{\"@type\":\"WebSite\",\"@id\":\"https:\\\/\\\/cj.estrategia.com\\\/portal\\\/#website\",\"url\":\"https:\\\/\\\/cj.estrategia.com\\\/portal\\\/\",\"name\":\"Blog - Carreiras Jur\u00eddicas - Estrat\u00e9gia\",\"description\":\"\",\"publisher\":{\"@id\":\"https:\\\/\\\/cj.estrategia.com\\\/portal\\\/#organization\"},\"potentialAction\":[{\"@type\":\"SearchAction\",\"target\":{\"@type\":\"EntryPoint\",\"urlTemplate\":\"https:\\\/\\\/cj.estrategia.com\\\/portal\\\/?s={search_term_string}\"},\"query-input\":{\"@type\":\"PropertyValueSpecification\",\"valueRequired\":true,\"valueName\":\"search_term_string\"}}],\"inLanguage\":\"pt-BR\"},{\"@type\":\"Organization\",\"@id\":\"https:\\\/\\\/cj.estrategia.com\\\/portal\\\/#organization\",\"name\":\"Estrat\u00e9gia - Carreiras Jur\u00eddicas\",\"url\":\"https:\\\/\\\/cj.estrategia.com\\\/portal\\\/\",\"logo\":{\"@type\":\"ImageObject\",\"inLanguage\":\"pt-BR\",\"@id\":\"https:\\\/\\\/cj.estrategia.com\\\/portal\\\/#\\\/schema\\\/logo\\\/image\\\/\",\"url\":\"https:\\\/\\\/cj.estrategia.com\\\/portal\\\/wp-content\\\/uploads\\\/2022\\\/03\\\/11151052\\\/cj-logo.png\",\"contentUrl\":\"https:\\\/\\\/cj.estrategia.com\\\/portal\\\/wp-content\\\/uploads\\\/2022\\\/03\\\/11151052\\\/cj-logo.png\",\"width\":150,\"height\":39,\"caption\":\"Estrat\u00e9gia - Carreiras Jur\u00eddicas\"},\"image\":{\"@id\":\"https:\\\/\\\/cj.estrategia.com\\\/portal\\\/#\\\/schema\\\/logo\\\/image\\\/\"},\"sameAs\":[\"https:\\\/\\\/www.facebook.com\\\/estrategiacarreirajuridica\\\/\",\"https:\\\/\\\/x.com\\\/EstratJuridica\",\"https:\\\/\\\/www.instagram.com\\\/estrategiacarreirajuridica\\\/\",\"https:\\\/\\\/www.youtube.com\\\/channel\\\/UClbMGuYbj2Mh1m3w144ETWQ\"]},{\"@type\":\"Person\",\"@id\":\"https:\\\/\\\/cj.estrategia.com\\\/portal\\\/#\\\/schema\\\/person\\\/4caf0099c42d736f2aade723f309f690\",\"name\":\"Jos\u00e9 Ferreira\",\"image\":{\"@type\":\"ImageObject\",\"inLanguage\":\"pt-BR\",\"@id\":\"https:\\\/\\\/cj.estrategia.com\\\/portal\\\/wp-content\\\/uploads\\\/2025\\\/04\\\/18142237\\\/jose-ferreira-navarro-analista-de-conteudo-jornalismo-carreiras-juridicas-96x96.png\",\"url\":\"https:\\\/\\\/cj.estrategia.com\\\/portal\\\/wp-content\\\/uploads\\\/2025\\\/04\\\/18142237\\\/jose-ferreira-navarro-analista-de-conteudo-jornalismo-carreiras-juridicas-96x96.png\",\"contentUrl\":\"https:\\\/\\\/cj.estrategia.com\\\/portal\\\/wp-content\\\/uploads\\\/2025\\\/04\\\/18142237\\\/jose-ferreira-navarro-analista-de-conteudo-jornalismo-carreiras-juridicas-96x96.png\",\"caption\":\"Jos\u00e9 Ferreira\"},\"description\":\"Analista de conte\u00fado na equipe de Jornalismo, atua com SEO e estrat\u00e9gia para desenvolver conte\u00fados relevantes e de alta qualidade voltados para OAB e para o universo de Concursos Jur\u00eddicos.\",\"url\":\"https:\\\/\\\/cj.estrategia.com\\\/portal\\\/author\\\/jose-navarro-de-andrade-cintra-ferreira\\\/\"}]}<\/script>\n<!-- \/ Yoast SEO Premium plugin. -->","yoast_head_json":{"title":"Concurso PGM Porto Velho RO: inscri\u00e7\u00f5es abertas e sal\u00e1rio de R$ 22 mil","description":"Concurso PGM Porto Velho RO com inscri\u00e7\u00f5es abertas at\u00e9 20\/04 e sal\u00e1rio de R$ 22 mil. Veja vagas, etapas e como participar.","robots":{"index":"index","follow":"follow","max-snippet":"max-snippet:-1","max-image-preview":"max-image-preview:large","max-video-preview":"max-video-preview:-1"},"canonical":"https:\/\/cj.estrategia.com\/portal\/concurso-pgm-porto-velho-ro-inscricoes-abertas\/","og_locale":"pt_BR","og_type":"article","og_title":"Concurso PGM Porto Velho RO: inscri\u00e7\u00f5es abertas e sal\u00e1rio de R$ 22 mil","og_description":"Concurso PGM Porto Velho RO com inscri\u00e7\u00f5es abertas at\u00e9 20\/04 e sal\u00e1rio de R$ 22 mil. Veja vagas, etapas e como participar.","og_url":"https:\/\/cj.estrategia.com\/portal\/concurso-pgm-porto-velho-ro-inscricoes-abertas\/","og_site_name":"Blog - Carreiras Jur\u00eddicas - Estrat\u00e9gia","article_publisher":"https:\/\/www.facebook.com\/estrategiacarreirajuridica\/","article_published_time":"2026-03-31T00:28:48+00:00","article_modified_time":"2026-03-31T00:28:51+00:00","og_image":[{"width":2459,"height":1383,"url":"https:\/\/cj.estrategia.com\/portal\/wp-content\/uploads\/2026\/01\/04105643\/procurador.jpg","type":"image\/jpeg"}],"author":"Jos\u00e9 Ferreira","twitter_card":"summary_large_image","twitter_creator":"@EstratJuridica","twitter_site":"@EstratJuridica","twitter_misc":{"Escrito por":"Jos\u00e9 Ferreira","Est. tempo de leitura":"4 minutos"},"schema":{"@context":"https:\/\/schema.org","@graph":[{"@type":"NewsArticle","@id":"https:\/\/cj.estrategia.com\/portal\/concurso-pgm-porto-velho-ro-inscricoes-abertas\/#article","isPartOf":{"@id":"https:\/\/cj.estrategia.com\/portal\/concurso-pgm-porto-velho-ro-inscricoes-abertas\/"},"author":{"name":"Jos\u00e9 Ferreira","@id":"https:\/\/cj.estrategia.com\/portal\/#\/schema\/person\/4caf0099c42d736f2aade723f309f690"},"headline":"Concurso PGM Porto Velho RO: inscri\u00e7\u00f5es abertas e sal\u00e1rio de R$ 22 mil","datePublished":"2026-03-31T00:28:48+00:00","dateModified":"2026-03-31T00:28:51+00:00","mainEntityOfPage":{"@id":"https:\/\/cj.estrategia.com\/portal\/concurso-pgm-porto-velho-ro-inscricoes-abertas\/"},"wordCount":358,"commentCount":0,"publisher":{"@id":"https:\/\/cj.estrategia.com\/portal\/#organization"},"image":{"@id":"https:\/\/cj.estrategia.com\/portal\/concurso-pgm-porto-velho-ro-inscricoes-abertas\/#primaryimage"},"thumbnailUrl":"https:\/\/cj.estrategia.com\/portal\/wp-content\/uploads\/2026\/01\/04105643\/procurador.jpg","articleSection":["Procuradoria"],"inLanguage":"pt-BR","potentialAction":[{"@type":"CommentAction","name":"Comment","target":["https:\/\/cj.estrategia.com\/portal\/concurso-pgm-porto-velho-ro-inscricoes-abertas\/#respond"]}]},{"@type":"WebPage","@id":"https:\/\/cj.estrategia.com\/portal\/concurso-pgm-porto-velho-ro-inscricoes-abertas\/","url":"https:\/\/cj.estrategia.com\/portal\/concurso-pgm-porto-velho-ro-inscricoes-abertas\/","name":"Concurso PGM Porto Velho RO: inscri\u00e7\u00f5es abertas e sal\u00e1rio de R$ 22 mil","isPartOf":{"@id":"https:\/\/cj.estrategia.com\/portal\/#website"},"primaryImageOfPage":{"@id":"https:\/\/cj.estrategia.com\/portal\/concurso-pgm-porto-velho-ro-inscricoes-abertas\/#primaryimage"},"image":{"@id":"https:\/\/cj.estrategia.com\/portal\/concurso-pgm-porto-velho-ro-inscricoes-abertas\/#primaryimage"},"thumbnailUrl":"https:\/\/cj.estrategia.com\/portal\/wp-content\/uploads\/2026\/01\/04105643\/procurador.jpg","datePublished":"2026-03-31T00:28:48+00:00","dateModified":"2026-03-31T00:28:51+00:00","description":"Concurso PGM Porto Velho RO com inscri\u00e7\u00f5es abertas at\u00e9 20\/04 e sal\u00e1rio de R$ 22 mil. Veja vagas, etapas e como participar.","breadcrumb":{"@id":"https:\/\/cj.estrategia.com\/portal\/concurso-pgm-porto-velho-ro-inscricoes-abertas\/#breadcrumb"},"inLanguage":"pt-BR","potentialAction":[{"@type":"ReadAction","target":["https:\/\/cj.estrategia.com\/portal\/concurso-pgm-porto-velho-ro-inscricoes-abertas\/"]}]},{"@type":"ImageObject","inLanguage":"pt-BR","@id":"https:\/\/cj.estrategia.com\/portal\/concurso-pgm-porto-velho-ro-inscricoes-abertas\/#primaryimage","url":"https:\/\/cj.estrategia.com\/portal\/wp-content\/uploads\/2026\/01\/04105643\/procurador.jpg","contentUrl":"https:\/\/cj.estrategia.com\/portal\/wp-content\/uploads\/2026\/01\/04105643\/procurador.jpg","width":2459,"height":1383},{"@type":"BreadcrumbList","@id":"https:\/\/cj.estrategia.com\/portal\/concurso-pgm-porto-velho-ro-inscricoes-abertas\/#breadcrumb","itemListElement":[{"@type":"ListItem","position":1,"name":"In\u00edcio","item":"https:\/\/cj.estrategia.com\/portal\/"},{"@type":"ListItem","position":2,"name":"Concurso PGM Porto Velho RO: inscri\u00e7\u00f5es abertas e sal\u00e1rio de R$ 22 mil"}]},{"@type":"WebSite","@id":"https:\/\/cj.estrategia.com\/portal\/#website","url":"https:\/\/cj.estrategia.com\/portal\/","name":"Blog - Carreiras Jur\u00eddicas - Estrat\u00e9gia","description":"","publisher":{"@id":"https:\/\/cj.estrategia.com\/portal\/#organization"},"potentialAction":[{"@type":"SearchAction","target":{"@type":"EntryPoint","urlTemplate":"https:\/\/cj.estrategia.com\/portal\/?s={search_term_string}"},"query-input":{"@type":"PropertyValueSpecification","valueRequired":true,"valueName":"search_term_string"}}],"inLanguage":"pt-BR"},{"@type":"Organization","@id":"https:\/\/cj.estrategia.com\/portal\/#organization","name":"Estrat\u00e9gia - Carreiras Jur\u00eddicas","url":"https:\/\/cj.estrategia.com\/portal\/","logo":{"@type":"ImageObject","inLanguage":"pt-BR","@id":"https:\/\/cj.estrategia.com\/portal\/#\/schema\/logo\/image\/","url":"https:\/\/cj.estrategia.com\/portal\/wp-content\/uploads\/2022\/03\/11151052\/cj-logo.png","contentUrl":"https:\/\/cj.estrategia.com\/portal\/wp-content\/uploads\/2022\/03\/11151052\/cj-logo.png","width":150,"height":39,"caption":"Estrat\u00e9gia - Carreiras Jur\u00eddicas"},"image":{"@id":"https:\/\/cj.estrategia.com\/portal\/#\/schema\/logo\/image\/"},"sameAs":["https:\/\/www.facebook.com\/estrategiacarreirajuridica\/","https:\/\/x.com\/EstratJuridica","https:\/\/www.instagram.com\/estrategiacarreirajuridica\/","https:\/\/www.youtube.com\/channel\/UClbMGuYbj2Mh1m3w144ETWQ"]},{"@type":"Person","@id":"https:\/\/cj.estrategia.com\/portal\/#\/schema\/person\/4caf0099c42d736f2aade723f309f690","name":"Jos\u00e9 Ferreira","image":{"@type":"ImageObject","inLanguage":"pt-BR","@id":"https:\/\/cj.estrategia.com\/portal\/wp-content\/uploads\/2025\/04\/18142237\/jose-ferreira-navarro-analista-de-conteudo-jornalismo-carreiras-juridicas-96x96.png","url":"https:\/\/cj.estrategia.com\/portal\/wp-content\/uploads\/2025\/04\/18142237\/jose-ferreira-navarro-analista-de-conteudo-jornalismo-carreiras-juridicas-96x96.png","contentUrl":"https:\/\/cj.estrategia.com\/portal\/wp-content\/uploads\/2025\/04\/18142237\/jose-ferreira-navarro-analista-de-conteudo-jornalismo-carreiras-juridicas-96x96.png","caption":"Jos\u00e9 Ferreira"},"description":"Analista de conte\u00fado na equipe de Jornalismo, atua com SEO e estrat\u00e9gia para desenvolver conte\u00fados relevantes e de alta qualidade voltados para OAB e para o universo de Concursos Jur\u00eddicos.","url":"https:\/\/cj.estrategia.com\/portal\/author\/jose-navarro-de-andrade-cintra-ferreira\/"}]}},"jetpack_featured_media_url":"https:\/\/cj.estrategia.com\/portal\/wp-content\/uploads\/2026\/01\/04105643\/procurador.jpg","jetpack_sharing_enabled":true,"_links":{"self":[{"href":"https:\/\/cj.estrategia.com\/portal\/wp-json\/wp\/v2\/posts\/184338","targetHints":{"allow":["GET"]}}],"collection":[{"href":"https:\/\/cj.estrategia.com\/portal\/wp-json\/wp\/v2\/posts"}],"about":[{"href":"https:\/\/cj.estrategia.com\/portal\/wp-json\/wp\/v2\/types\/post"}],"author":[{"embeddable":true,"href":"https:\/\/cj.estrategia.com\/portal\/wp-json\/wp\/v2\/users\/162"}],"replies":[{"embeddable":true,"href":"https:\/\/cj.estrategia.com\/portal\/wp-json\/wp\/v2\/comments?post=184338"}],"version-history":[{"count":3,"href":"https:\/\/cj.estrategia.com\/portal\/wp-json\/wp\/v2\/posts\/184338\/revisions"}],"predecessor-version":[{"id":184374,"href":"https:\/\/cj.estrategia.com\/portal\/wp-json\/wp\/v2\/posts\/184338\/revisions\/184374"}],"wp:featuredmedia":[{"embeddable":true,"href":"https:\/\/cj.estrategia.com\/portal\/wp-json\/wp\/v2\/media\/177715"}],"wp:attachment":[{"href":"https:\/\/cj.estrategia.com\/portal\/wp-json\/wp\/v2\/media?parent=184338"}],"wp:term":[{"taxonomy":"category","embeddable":true,"href":"https:\/\/cj.estrategia.com\/portal\/wp-json\/wp\/v2\/categories?post=184338"},{"taxonomy":"post_tag","embeddable":true,"href":"https:\/\/cj.estrategia.com\/portal\/wp-json\/wp\/v2\/tags?post=184338"},{"taxonomy":"tax_estado","embeddable":true,"href":"https:\/\/cj.estrategia.com\/portal\/wp-json\/wp\/v2\/tax_estado?post=184338"}],"curies":[{"name":"wp","href":"https:\/\/api.w.org\/{rel}","templated":true}]}}