{"id":182318,"date":"2026-03-12T20:43:26","date_gmt":"2026-03-12T23:43:26","guid":{"rendered":"https:\/\/cj.estrategia.com\/portal\/?p=182318"},"modified":"2026-03-12T20:43:34","modified_gmt":"2026-03-12T23:43:34","slug":"inteligencia-artificial-processo-eleitoral-regulamentacao-tse","status":"publish","type":"post","link":"https:\/\/cj.estrategia.com\/portal\/inteligencia-artificial-processo-eleitoral-regulamentacao-tse\/","title":{"rendered":"Intelig\u00eancia Artificial e Processo Eleitoral: an\u00e1lise da regulamenta\u00e7\u00e3o do TSE para as Elei\u00e7\u00f5es Gerais de 2026"},"content":{"rendered":"\n<h2 class=\"wp-block-heading\" id=\"h-1-introducao\"><span id=\"1-introducao\">1. Introdu\u00e7\u00e3o<\/span><\/h2>\n\n\n\n<p>Como se sabe, o advento das tecnologias de intelig\u00eancia artificial (IA) no cen\u00e1rio pol\u00edtico-eleitoral brasileiro representa um dos maiores desafios contempor\u00e2neos para a higidez do processo democr\u00e1tico.<\/p>\n\n\n\n<p>Isto porque, <em>Deepfakes<\/em>, perfis automatizados, <em>chatbots <\/em>pol\u00edticos e algoritmos de recomenda\u00e7\u00e3o passaram a integrar o arsenal de campanha eleitoral, impondo ao Direito Eleitoral a urgente necessidade de resposta normativa compat\u00edvel com a complexidade tecnol\u00f3gica que se apresenta.<\/p>\n\n\n\n<p>Nesse contexto, o Tribunal Superior Eleitoral (TSE), no exerc\u00edcio de sua compet\u00eancia regulamentar atribu\u00edda pelo art. 23, inciso IX, do C\u00f3digo Eleitoral, e pela Lei n. 9.504\/1997, aprovou por unanimidade, em mar\u00e7o de 2026, um conjunto de normas destinadas a disciplinar o uso da intelig\u00eancia artificial nas elei\u00e7\u00f5es gerais de outubro:<\/p>\n\n\n\n<p><a href=\"https:\/\/jurinews.com.br\/noticia\/tse-proibe-inteligencia-artificial-em-propaganda-eleitoral-72h-antes-da-votacao?fbclid=PAdGRleAQUPThleHRuA2FlbQIxMQBzcnRjBmFwcF9pZA8xMjQwMjQ1NzQyODc0MTQAAafXZbal3NVKrxSaohAoJiF97ghl0eFHj6CfIoFXaKnGF8hhMCV5aFhjZ1fUbA_aem_GRBRe1wSWsT6tE8T0Vp6Ig\" target=\"_blank\" >TSE pro\u00edbe intelig\u00eancia artificial em propaganda eleitoral 72h antes da vota\u00e7\u00e3o<\/a><\/p>\n\n\n\n<p>Vale salientar que as novas regras t\u00eam efic\u00e1cia imediata e alcan\u00e7am os pleitos de escolha de Presidente da Rep\u00fablica, Governadores de Estado, Senadores e Deputados \u2014 federais e estaduais.<\/p>\n\n\n\n<p>Nessa linha, o presente artigo examina o conte\u00fado, os fundamentos jur\u00eddicos e as implica\u00e7\u00f5es pr\u00e1ticas dessa regulamenta\u00e7\u00e3o, situando-a no quadro mais amplo do Direito Eleitoral brasileiro e das obriga\u00e7\u00f5es constitucionais de prote\u00e7\u00e3o \u00e0 liberdade de express\u00e3o, \u00e0 isonomia eleitoral e \u00e0 soberania popular.<\/p>\n\n\n\n<h2 class=\"wp-block-heading\" id=\"h-2-fundamentos-normativos-e-competencia-regulamentar-do-tse\"><span id=\"2-fundamentos-normativos-e-competencia-regulamentar-do-tse\">2. Fundamentos normativos e compet\u00eancia regulamentar do TSE<\/span><\/h2>\n\n\n\n<p>De in\u00edcio, a atua\u00e7\u00e3o normativa do TSE em mat\u00e9ria de propaganda eleitoral e novas tecnologias repousa sobre s\u00f3lida base legal. Veja a estrutura normativa que autoriza e delimita essa compet\u00eancia:<\/p>\n\n\n\n<h3 id=\"2-1-codigo-eleitoral-e-competencia-do-tse\" class=\"wp-block-heading\">2.1 C\u00f3digo Eleitoral e Compet\u00eancia do TSE<\/h3>\n\n\n\n<p>Como se sabe, o art. 23, inciso IX, do C\u00f3digo Eleitoral (Lei n. 4.737\/1965) confere ao TSE compet\u00eancia para expedir instru\u00e7\u00f5es que julgar convenientes \u00e0 execu\u00e7\u00e3o da legisla\u00e7\u00e3o eleitoral.<\/p>\n\n\n\n<p>Assim, essa cl\u00e1usula geral regulamentar tem sido interpretada de forma ampla pela jurisprud\u00eancia, autorizando a Corte a disciplinar hip\u00f3teses n\u00e3o expressamente previstas em lei, desde que o fa\u00e7a em conson\u00e2ncia com os princ\u00edpios constitucionais.<\/p>\n\n\n\n<p>Perceba que essa compet\u00eancia normativa n\u00e3o \u00e9 ilimitada: <strong>o TSE n\u00e3o pode criar obriga\u00e7\u00f5es ou restri\u00e7\u00f5es que extrapolem o conte\u00fado da lei eleitoral, sob pena de viola\u00e7\u00e3o ao princ\u00edpio da legalidade estrita que rege o Direito Eleitoral<\/strong>&nbsp;\u2014 conforme reiteradamente assentado pelo Supremo Tribunal Federal no exame de resolu\u00e7\u00f5es do TSE.<\/p>\n\n\n\n<h3 id=\"2-2-lei-das-eleicoes-lei-n-9-504-1997\" class=\"wp-block-heading\">2.2 Lei das Elei\u00e7\u00f5es (Lei n. 9.504\/1997)<\/h3>\n\n\n\n<p>Por outro lado, a Lei n. 9.504\/1997 constitui o principal marco regulat\u00f3rio da propaganda eleitoral no Brasil.<\/p>\n\n\n\n<p>Inclusive, seus arts. 36 a 57-I disciplinam, de forma abrangente, as modalidades, os limites temporais e os crit\u00e9rios de licitude da propaganda.<\/p>\n\n\n\n<p>Ademais, em especial, o art. 57-B, introduzido pela Lei n. 12.034\/2009, disciplinou originariamente a propaganda na internet, tendo sofrido sucessivas atualiza\u00e7\u00f5es para acompanhar a evolu\u00e7\u00e3o tecnol\u00f3gica.<\/p>\n\n\n\n<p>Com efeito, as altera\u00e7\u00f5es promovidas pela Lei n. 13.488\/2017 e, posteriormente, pela Minirreforma Eleitoral de 2021 (Lei n. 14.197\/2021) j\u00e1 indicavam a preocupa\u00e7\u00e3o do legislador com conte\u00fado sint\u00e9tico e manipulado em plataformas digitais, vedando expressamente a veicula\u00e7\u00e3o de conte\u00fado sabidamente inver\u00eddico.<\/p>\n\n\n\n<h3 id=\"2-3-marco-civil-da-internet-e-lgpd\" class=\"wp-block-heading\">2.3 Marco Civil da Internet e LGPD<\/h3>\n\n\n\n<p>Lado outro, a Lei n. 12.965\/2014 (Marco Civil da Internet), em seu art. 19, estabelece o regime de responsabilidade dos provedores de aplica\u00e7\u00f5es por conte\u00fado de terceiros, condicionando-a \u00e0 pr\u00e9via ordem judicial \u2014 ressalvadas hip\u00f3teses de notifica\u00e7\u00e3o espec\u00edfica previstas em lei.<\/p>\n\n\n\n<div class=\"wp-block-media-text is-stacked-on-mobile\" style=\"grid-template-columns:30% auto\"><figure class=\"wp-block-media-text__media\"><img decoding=\"async\" width=\"1024\" height=\"1024\" src=\"https:\/\/cj.estrategia.com\/portal\/wp-content\/uploads\/2026\/03\/05110602\/freepik__gere-imagem-de-celular-mostrando-a-rede-social-thr__47008.png\" alt=\"TSE\" class=\"wp-image-181384 size-full\" srcset=\"https:\/\/cj.estrategia.com\/portal\/wp-content\/uploads\/2026\/03\/05110602\/freepik__gere-imagem-de-celular-mostrando-a-rede-social-thr__47008.png 1024w, https:\/\/cj.estrategia.com\/portal\/wp-content\/uploads\/2026\/03\/05110602\/freepik__gere-imagem-de-celular-mostrando-a-rede-social-thr__47008-300x300.png 300w, https:\/\/cj.estrategia.com\/portal\/wp-content\/uploads\/2026\/03\/05110602\/freepik__gere-imagem-de-celular-mostrando-a-rede-social-thr__47008-150x150.png 150w, https:\/\/cj.estrategia.com\/portal\/wp-content\/uploads\/2026\/03\/05110602\/freepik__gere-imagem-de-celular-mostrando-a-rede-social-thr__47008-768x768.png 768w, https:\/\/cj.estrategia.com\/portal\/wp-content\/uploads\/2026\/03\/05110602\/freepik__gere-imagem-de-celular-mostrando-a-rede-social-thr__47008-80x80.png 80w, https:\/\/cj.estrategia.com\/portal\/wp-content\/uploads\/2026\/03\/05110602\/freepik__gere-imagem-de-celular-mostrando-a-rede-social-thr__47008-380x380.png 380w, https:\/\/cj.estrategia.com\/portal\/wp-content\/uploads\/2026\/03\/05110602\/freepik__gere-imagem-de-celular-mostrando-a-rede-social-thr__47008-800x800.png 800w, https:\/\/cj.estrategia.com\/portal\/wp-content\/uploads\/2026\/03\/05110602\/freepik__gere-imagem-de-celular-mostrando-a-rede-social-thr__47008-24x24.png 24w, https:\/\/cj.estrategia.com\/portal\/wp-content\/uploads\/2026\/03\/05110602\/freepik__gere-imagem-de-celular-mostrando-a-rede-social-thr__47008-48x48.png 48w, https:\/\/cj.estrategia.com\/portal\/wp-content\/uploads\/2026\/03\/05110602\/freepik__gere-imagem-de-celular-mostrando-a-rede-social-thr__47008-96x96.png 96w\" sizes=\"(max-width: 1024px) 100vw, 1024px\" \/><\/figure><div class=\"wp-block-media-text__content\">\n<p>Ora, a nova regulamenta\u00e7\u00e3o do TSE estabelece regime espec\u00edfico para o per\u00edodo eleitoral, impondo \u00e0s plataformas obriga\u00e7\u00e3o de remo\u00e7\u00e3o \u00e1gil de conte\u00fados ilegais mediante notifica\u00e7\u00e3o da Corte ou dos pr\u00f3prios candidatos, em conson\u00e2ncia com o regime previsto no art. 57-J da Lei n. 9.504\/1997.<\/p>\n<\/div><\/div>\n\n\n\n<p>Veja, a Lei Geral de Prote\u00e7\u00e3o de Dados (Lei n. 13.709\/2018) tamb\u00e9m tem incid\u00eancia relevante: o tratamento de dados pessoais de eleitores por sistemas de IA para fins de <em>microtargeting <\/em>pol\u00edtico encontra limites nos princ\u00edpios da finalidade, necessidade e adequa\u00e7\u00e3o previstos no art. 6\u00ba da LGPD, refor\u00e7ando a prote\u00e7\u00e3o da autonomia individual do eleitor frente a sistemas algor\u00edtmicos.<\/p>\n\n\n\n<h2 class=\"wp-block-heading\" id=\"h-3-conteudo-da-regulamentacao-do-tse\"><span id=\"3-conteudo-da-regulamentacao-do-tse\">3. Conte\u00fado da regulamenta\u00e7\u00e3o do TSE<\/span><\/h2>\n\n\n\n<p>A resolu\u00e7\u00e3o aprovada pelo TSE estrutura-se em torno de cinco eixos tem\u00e1ticos fundamentais. Examina-se cada um deles a seguir:<\/p>\n\n\n\n<h3 id=\"3-1-vedacao-ao-uso-de-ia-nas-72-horas-anteriores-a-votacao\" class=\"wp-block-heading\">3.1 Veda\u00e7\u00e3o ao uso de IA nas 72 horas anteriores \u00e0 vota\u00e7\u00e3o<\/h3>\n\n\n\n<p>De pronto, a medida de maior impacto pr\u00e1tico consiste na proibi\u00e7\u00e3o total de postagens com conte\u00fados modificados por IA nas redes sociais no per\u00edodo de 72 horas antes da vota\u00e7\u00e3o e at\u00e9 24 horas ap\u00f3s o encerramento das elei\u00e7\u00f5es. A restri\u00e7\u00e3o incide, especificamente, sobre altera\u00e7\u00f5es de voz e imagem de candidatos ou figuras p\u00fablicas, abrangendo o fen\u00f4meno dos <em>deepfakes <\/em>\u2014 v\u00eddeos ou \u00e1udios falsos criados por tecnologia generativa.<\/p>\n\n\n\n<p class=\"has-background\" style=\"background-color:#dddddd\"><em>A racionalidade da medida \u00e9 evidente: nas horas imediatamente anteriores \u00e0 vota\u00e7\u00e3o, o tempo de resposta para desmentir uma falsidade \u00e9 insuficiente. O chamado &#8216;efeito cal\u00fania de v\u00e9spera&#8217;, j\u00e1 consagrado na jurisprud\u00eancia eleitoral, fundamenta a restri\u00e7\u00e3o temporal como medida proporcional e necess\u00e1ria \u00e0 preserva\u00e7\u00e3o da isonomia eleitoral.<\/em><\/p>\n\n\n\n<p>Do ponto de vista constitucional, a restri\u00e7\u00e3o encontra fundamento no art. 5\u00ba, inciso X (prote\u00e7\u00e3o \u00e0 imagem e \u00e0 honra), no art. 14 (soberania popular) e no art. 220, \u00a7\u00a7 1\u00ba e 2\u00ba, da Constitui\u00e7\u00e3o Federal, que autorizam limita\u00e7\u00f5es \u00e0 liberdade de comunica\u00e7\u00e3o quando necess\u00e1rias \u00e0 prote\u00e7\u00e3o de outros valores constitucionalmente tutelados.<\/p>\n\n\n\n<h3 id=\"3-2-proibicao-de-recomendacao-de-candidatos-por-sistemas-de-ia\" class=\"wp-block-heading\">3.2 Proibi\u00e7\u00e3o de recomenda\u00e7\u00e3o de candidatos por sistemas de IA<\/h3>\n\n\n\n<p>Destarte, o TSE vedou \u00e0s empresas provedoras de intelig\u00eancia artificial a funcionalidade de sugest\u00e3o de candidatos aos usu\u00e1rios.<\/p>\n\n\n\n<p>A medida alcan\u00e7a at\u00e9 mesmo respostas a consultas diretas do eleitor \u2014 como &#8216;em quem devo votar?&#8217; \u2014, impedindo que algoritmos e modelos matem\u00e1ticos interfiram na forma\u00e7\u00e3o livre e espont\u00e2nea da vontade do cidad\u00e3o.<\/p>\n\n\n\n<p>Nesse sentido, o fundamento desta veda\u00e7\u00e3o \u00e9 o princ\u00edpio da soberania popular (art. 1\u00ba, par\u00e1grafo \u00fanico, da CF\/88) e da liberdade de voto (art. 14, caput), que pressup\u00f5em uma escolha genuinamente aut\u00f4noma do eleitor. A preocupa\u00e7\u00e3o com a captura da vontade popular por algoritmos alinha-se com o debate global sobre os riscos da chamada &#8216;democracia algor\u00edtmica&#8217;, em que vieses computacionais substituem prefer\u00eancias aut\u00eanticas.<\/p>\n\n\n\n<h3 id=\"3-3-protecao-das-mulheres-na-politica\" class=\"wp-block-heading\">3.3 Prote\u00e7\u00e3o das mulheres na pol\u00edtica<\/h3>\n\n\n\n<p>A nova regulamenta\u00e7\u00e3o endurece o combate \u00e0 viol\u00eancia de g\u00eanero no ambiente digital-eleitoral.<\/p>\n\n\n\n<p>O TSE proibiu qualquer montagem em redes sociais que envolva candidatas em situa\u00e7\u00f5es de nudez ou pornografia \u2014 modalidade espec\u00edfica de viol\u00eancia pol\u00edtica contra mulheres amplamente documentada no Brasil e em outros pa\u00edses.<\/p>\n\n\n\n<p>Com efeito, a medida complementa as disposi\u00e7\u00f5es da Lei n. 14.192\/2021 (Lei de Viol\u00eancia Pol\u00edtica contra a Mulher) e da Resolu\u00e7\u00e3o TSE n. 23.605\/2019, aprofundando a prote\u00e7\u00e3o normativa no ambiente digital.<\/p>\n\n\n\n<p>Assim, a produ\u00e7\u00e3o de <em>deepfakes <\/em>de natureza sexual contra candidatas configura, simultaneamente, crime eleitoral, viol\u00eancia de g\u00eanero e il\u00edcito civil indeniz\u00e1vel.<\/p>\n\n\n\n<h3 id=\"3-4-responsabilidade-das-plataformas-digitais\" class=\"wp-block-heading\">3.4 Responsabilidade das plataformas digitais<\/h3>\n\n\n\n<p>Vale salientar que a Corte reafirmou que as empresas provedoras de internet podem ser punidas judicialmente caso n\u00e3o removam perfis falsos ou postagens ilegais de forma \u00e1gil ap\u00f3s a notifica\u00e7\u00e3o.<\/p>\n\n\n\n<p>Esse regime de responsabiliza\u00e7\u00e3o condicional j\u00e1 encontrava amparo no art. 57-J da Lei n. 9.504\/1997, mas a nova resolu\u00e7\u00e3o define par\u00e2metros mais precisos de &#8216;agilidade&#8217; e amplia o escopo de conte\u00fados sujeitos a remo\u00e7\u00e3o compuls\u00f3ria.<\/p>\n\n\n\n<h3 class=\"wp-block-heading\" id=\"h-quadro-comparativo-regime-de-responsabilidade-das-plataformas\"><span id=\"quadro-comparativo-regime-de-responsabilidade-das-plataformas\">Quadro comparativo \u2014 Regime de responsabilidade das plataformas<\/span><\/h3>\n\n\n\n<figure class=\"wp-block-table\"><table class=\"has-fixed-layout\"><tbody><tr><td><strong>Regime<\/strong><\/td><td>Descri\u00e7\u00e3o<\/td><\/tr><tr><td>Antes da regulamenta\u00e7\u00e3o<\/td><td>Responsabilidade condicionada \u00e0 exist\u00eancia de ordem judicial (art. 19, Marco Civil da Internet)<\/td><\/tr><tr><td>Per\u00edodo eleitoral (Lei 9.504\/97)<\/td><td>Remo\u00e7\u00e3o mediante notifica\u00e7\u00e3o espec\u00edfica, sem necessidade de ordem judicial pr\u00e9via<\/td><\/tr><tr><td>Nova regulamenta\u00e7\u00e3o TSE 2026<\/td><td>Remo\u00e7\u00e3o \u00e1gil ap\u00f3s notifica\u00e7\u00e3o; descumprimento sujeito \u00e0 puni\u00e7\u00e3o judicial com crit\u00e9rios objetivos de prazo e adequa\u00e7\u00e3o<\/td><\/tr><\/tbody><\/table><\/figure>\n\n\n\n<h3 id=\"3-5-garantias-a-liberdade-de-expressao\" class=\"wp-block-heading\">3.5 Garantias \u00e0 liberdade de express\u00e3o<\/h3>\n\n\n\n<p>Em contrapartida \u00e0s restri\u00e7\u00f5es impostas, o TSE garantiu a manuten\u00e7\u00e3o da liberdade de express\u00e3o em dimens\u00f5es fundamentais.<\/p>\n\n\n\n<p>A regulamenta\u00e7\u00e3o permite, durante a pr\u00e9-campanha, manifesta\u00e7\u00f5es espont\u00e2neas de cunho pol\u00edtico em escolas, universidades e espa\u00e7os de movimentos sociais \u2014 superando interpreta\u00e7\u00f5es anteriores que restringiam o debate pol\u00edtico em ambientes educacionais.<\/p>\n\n\n\n<p>Igualmente, a panfletagem tradicional em ruas, parques e pra\u00e7as continua liberada, desde que respeitado o direito de ir e vir da popula\u00e7\u00e3o. Essa previs\u00e3o reafirma a distin\u00e7\u00e3o entre propaganda eleitoral propriamente dita \u2014 sujeita a limita\u00e7\u00f5es temporais e formais \u2014 e a livre manifesta\u00e7\u00e3o pol\u00edtica, protegida pelo art. 5\u00ba, inciso IV, da Constitui\u00e7\u00e3o Federal.<\/p>\n\n\n\n<h2 class=\"wp-block-heading\" id=\"h-4-implicacoes-juridicas-e-analise-critica\"><span id=\"4-implicacoes-juridicas-e-analise-critica\">4. Implica\u00e7\u00f5es jur\u00eddicas e an\u00e1lise cr\u00edtica<\/span><\/h2>\n\n\n\n<h3 id=\"4-1-proporcionalidade-das-restricoes\" class=\"wp-block-heading\">4.1 Proporcionalidade das restri\u00e7\u00f5es <\/h3>\n\n\n\n<p>As restri\u00e7\u00f5es impostas pela regulamenta\u00e7\u00e3o do TSE submetem-se ao teste de proporcionalidade em sentido amplo: (i) adequa\u00e7\u00e3o \u2014 os meios empregados s\u00e3o aptos a atingir os fins colimados; (ii) necessidade \u2014 inexistem medidas igualmente eficazes e menos restritivas; e (iii) proporcionalidade em sentido estrito \u2014 os benef\u00edcios \u00e0 isonomia eleitoral e \u00e0 integridade do processo democr\u00e1tico superam os custos \u00e0 liberdade de express\u00e3o.<\/p>\n\n\n\n<p>A veda\u00e7\u00e3o de <em>deepfakes<\/em> no per\u00edodo cr\u00edtico pr\u00e9-eleitoral passa com relativa facilidade pelo referido teste. J\u00e1 a proibi\u00e7\u00e3o de recomenda\u00e7\u00e3o de candidatos por IA suscita debate mais sofisticado: imp\u00f5e-se indagar se a medida n\u00e3o restringe, indiretamente, o acesso \u00e0 informa\u00e7\u00e3o sobre candidatos \u2014 direito igualmente tutelado constitucionalmente.<\/p>\n\n\n\n<p>A resposta negativa parece mais adequada, pois os sistemas de IA permanecem livres para fornecer informa\u00e7\u00f5es factuais sobre candidatos; apenas a recomenda\u00e7\u00e3o direta de voto \u00e9 vedada.<\/p>\n\n\n\n<h3 id=\"4-2-o-problema-da-efetividade-fiscalizacao-em-ambiente-digital\" class=\"wp-block-heading\">4.2 O problema da efetividade: fiscaliza\u00e7\u00e3o em ambiente digital<\/h3>\n\n\n\n<p>Um dos maiores desafios pr\u00e1ticos da regulamenta\u00e7\u00e3o reside na fiscaliza\u00e7\u00e3o efetiva. A produ\u00e7\u00e3o de <em>deepfakes <\/em>\u00e9 t\u00e9cnica e economicamente acess\u00edvel, e sua dissemina\u00e7\u00e3o em ambientes descentralizados (grupos de WhatsApp, por exemplo) dificulta a atua\u00e7\u00e3o repressiva da Justi\u00e7a Eleitoral. Nesse sentido, a efic\u00e1cia das normas depender\u00e1, em larga medida, da coopera\u00e7\u00e3o das plataformas digitais e da capacidade t\u00e9cnica do pr\u00f3prio TSE para detec\u00e7\u00e3o automatizada de conte\u00fado manipulado.<\/p>\n\n\n\n<p>O desenvolvimento de ferramentas de IA para detec\u00e7\u00e3o de <em>deepfakes <\/em>\u2014 o chamado &#8216;contra-uso&#8217; da tecnologia \u2014 emerge como resposta necess\u00e1ria. O TSE j\u00e1 sinalizou investimentos nessa dire\u00e7\u00e3o, em linha com iniciativas similares adotadas pela Uni\u00e3o Europeia no \u00e2mbito do AI Act.<\/p>\n\n\n\n<h3 id=\"4-3-responsabilidade-penal-e-eleitoral-dos-infratores\" class=\"wp-block-heading\">4.3 Responsabilidade penal e eleitoral dos infratores<\/h3>\n\n\n\n<p>A produ\u00e7\u00e3o e dissemina\u00e7\u00e3o de <em>deepfakes <\/em>eleitorais pode configurar, cumulativamente: (a) crime eleitoral de falsidade ideol\u00f3gica eleitoral (art. 350 do C\u00f3digo Eleitoral); (b) crime de cal\u00fania eleitoral (art. 324 do CE); (c) crime de inj\u00faria eleitoral (art. 326 do CE); e, quando envolver candidatas mulheres, (d) viol\u00eancia pol\u00edtica de g\u00eanero, nos termos da Lei n. 14.192\/2021. A candidatura do infrator poder\u00e1, ainda, ser cassada por abuso de poder nas redes sociais (art. 22 da LC n. 64\/1990).<\/p>\n\n\n\n<h2 class=\"wp-block-heading\" id=\"h-5-quadro-sistematizador-das-principais-normas\"><span id=\"5-quadro-sistematizador-das-principais-normas\">5. Quadro sistematizador das principais normas<\/span><\/h2>\n\n\n\n<figure class=\"wp-block-table\"><table class=\"has-fixed-layout\"><tbody><tr><td><strong>Medida<\/strong><\/td><td>Fundamento \/ Implica\u00e7\u00e3o<\/td><\/tr><tr><td>Veda\u00e7\u00e3o de IA 72h antes e 24h ap\u00f3s a vota\u00e7\u00e3o<\/td><td>Art. 5\u00ba, X; art. 14, CF\/88 \u2014 protege isonomia e honra dos candidatos no per\u00edodo cr\u00edtico<\/td><\/tr><tr><td>Proibi\u00e7\u00e3o de recomenda\u00e7\u00e3o de candidatos por IA<\/td><td>Art. 1\u00ba, par\u00e1grafo \u00fanico; art. 14, CF\/88 \u2014 preserva autonomia da vontade do eleitor<\/td><\/tr><tr><td>Proibi\u00e7\u00e3o de <em>deepfakes <\/em>sexuais de candidatas<\/td><td>Lei 14.192\/2021; art. 5\u00ba, I e X, CF\/88 \u2014 combate viol\u00eancia pol\u00edtica de g\u00eanero<\/td><\/tr><tr><td>Responsabiliza\u00e7\u00e3o \u00e1gil de plataformas<\/td><td>Art. 57-J da Lei 9.504\/97 \u2014 responsabilidade por in\u00e9rcia ap\u00f3s notifica\u00e7\u00e3o<\/td><\/tr><tr><td>Manifesta\u00e7\u00f5es em escolas e universidades<\/td><td>Art. 5\u00ba, IV e XVI, CF\/88 \u2014 prote\u00e7\u00e3o da liberdade de express\u00e3o e reuni\u00e3o<\/td><\/tr><tr><td>Panfletagem em espa\u00e7os p\u00fablicos<\/td><td>Art. 5\u00ba, IV, CF\/88 \u2014 garantia da propaganda pol\u00edtica artesanal<\/td><\/tr><\/tbody><\/table><\/figure>\n\n\n\n<h2 class=\"wp-block-heading\" id=\"h-6-perspectiva-comparada-a-tendencias-globais\"><span id=\"6-perspectiva-comparada-a-tendencias-globais\">6. Perspectiva comparada a tend\u00eancias globais<\/span><\/h2>\n\n\n\n<p>A regulamenta\u00e7\u00e3o brasileira insere-se em movimento regulat\u00f3rio global. A Uni\u00e3o Europeia, por meio do AI Act (Regulamento UE 2024\/1689), classificou os sistemas de IA destinados a influenciar elei\u00e7\u00f5es como &#8216;alto risco&#8217;, submetendo-os a obriga\u00e7\u00f5es refor\u00e7adas de transpar\u00eancia, avalia\u00e7\u00e3o e controle humano. Os Estados Unidos, por sua vez, optaram por regulamenta\u00e7\u00e3o fragmentada entre estados, com crescentes debates federais sobre <em>deepfakes <\/em>eleitorais.<\/p>\n\n\n\n<p>O Brasil destaca-se por adotar, no \u00e2mbito eleitoral, uma das regulamenta\u00e7\u00f5es mais espec\u00edficas e temporalmente delimitadas do mundo, combinando veda\u00e7\u00f5es absolutas (per\u00edodo cr\u00edtico) com regime de responsabilidade das plataformas e prote\u00e7\u00e3o refor\u00e7ada contra viol\u00eancia de g\u00eanero digital. A resolu\u00e7\u00e3o do TSE representa, assim, contribui\u00e7\u00e3o relevante ao direito comparado e ao debate global sobre democracia e intelig\u00eancia artificial.<\/p>\n\n\n\n<p>Como o tema j\u00e1 caiu em concursos:<\/p>\n\n\n\n<pre class=\"wp-block-preformatted\"><strong>Ano:&nbsp;<\/strong>2023&nbsp;<strong>Banca:&nbsp;<\/strong><a href=\"https:\/\/www.qconcursos.com\/questoes-de-concursos\/bancas\/vunesp\" target=\"_blank\" ><u>VUNESP<\/u><\/a>&nbsp;<strong>\u00d3rg\u00e3o:&nbsp;<\/strong><a href=\"https:\/\/www.qconcursos.com\/questoes-de-concursos\/institutos\/tj-rj\" target=\"_blank\" ><u>TJ-RJ<\/u><\/a>&nbsp;<strong>Prova:&nbsp;<\/strong><a href=\"https:\/\/www.qconcursos.com\/questoes-de-concursos\/provas\/vunesp-2023-tj-rj-juiz-substituto\" target=\"_blank\" ><u>VUNESP - 2023 - TJ-RJ - Juiz Substituto<\/u><\/a>\n\nCom rela\u00e7\u00e3o \u00e0 campanha eleitoral e propaganda eleitoral, \u00e9 correto afirmar que\n\nAlternativas\n\n<strong>A<\/strong>) s\u00e3o considerados gastos eleitorais a alimenta\u00e7\u00e3o de pessoal que presta servi\u00e7os de campanha, at\u00e9 o limite de 20% (vinte por cento).\n\n<strong>B<\/strong>) s\u00e3o permitidas, at\u00e9 a v\u00e9spera das elei\u00e7\u00f5es, a divulga\u00e7\u00e3o paga, na imprensa escrita, e a reprodu\u00e7\u00e3o em&nbsp;<em>sites&nbsp;<\/em>na internet, de at\u00e9 5 (cinco) an\u00fancios de propaganda eleitoral.\n\n<strong>C<\/strong>) a representa\u00e7\u00e3o por conduta vedada de capta\u00e7\u00e3o il\u00edcita de sufr\u00e1gio pode ser ajuizada at\u00e9 a data da diploma\u00e7\u00e3o.\n\n<strong>D<\/strong>) para efeito de caracteriza\u00e7\u00e3o de capta\u00e7\u00e3o il\u00edcita de sufr\u00e1gio, \u00e9 necess\u00e1ria a comprova\u00e7\u00e3o de pedido expl\u00edcito de voto.\n\n<strong>E<\/strong>) a Justi\u00e7a Eleitoral decidir\u00e1 pela aprova\u00e7\u00e3o das contas de campanha com ressalvas, quando verificar que falhas comprometem a regularidade.\n\nGab: C<\/pre>\n\n\n\n<pre class=\"wp-block-preformatted\">A - Gastos eleitorais - alimenta\u00e7\u00e3o de pessoal que presta servi\u00e7o na campanha, at\u00e9 10% (art. 26, \u00a71\u00ba, inc. I, L. 9504)<br><br>B - S\u00e3o permitidas, at\u00e9 a antev\u00e9spera das elei\u00e7\u00f5es, a divulga\u00e7\u00e3o paga, na imprensa escrita, e a reprodu\u00e7\u00e3o na internet do jornal impresso, de at\u00e9 10 (dez) an\u00fancios de propaganda eleitoral, por ve\u00edculo, em datas diversas, para cada candidato, no espa\u00e7o m\u00e1ximo, por edi\u00e7\u00e3o, de 1\/8 (um oitavo) de p\u00e1gina de jornal padr\u00e3o e de 1\/4 (um quarto) de p\u00e1gina de revista ou tabloide (Art. 43, L. 9504)<br><br><strong>C - CORRETA (art.41-A \u00a7 3o A representa\u00e7\u00e3o contra as condutas vedadas no caput poder\u00e1 ser ajuizada at\u00e9 a data da diploma\u00e7\u00e3o.)<\/strong><br><br>D - Para a caracteriza\u00e7\u00e3o da conduta il\u00edcita, \u00e9 desnecess\u00e1rio o pedido expl\u00edcito de votos, bastando a evid\u00eancia do dolo, consistente no especial fim de agir (art. 41-A, \u00a7 1\u00ba, L. 9504)<br><br>E - pela aprova\u00e7\u00e3o com ressalvas, quando verificadas falhas que n\u00e3o lhes comprometam a regularidade; (art. 30, inc. II, L. 9504.<\/pre>\n\n\n\n<hr class=\"wp-block-separator has-alpha-channel-opacity\"\/>\n\n\n\n<h2 class=\"wp-block-heading has-text-align-left\" id=\"h-quer-saber-tudo-sobre-concursos-previstos-confira-nossos-artigos\"><span id=\"quer-saber-tudo-sobre-concursos-previstosconfira-nossos-artigos\">Quer saber tudo sobre concursos previstos?<br>Confira nossos artigos!<\/span><\/h2>\n\n\n\n<ul class=\"wp-block-list\">\n<li><a href=\"https:\/\/cj.estrategia.com\/portal\/concursos-abertos-carreiras-juridicas\/\" target=\"_blank\" ><strong>Concursos jur\u00eddicos abertos<\/strong><\/a><\/li>\n\n\n\n<li><a href=\"https:\/\/cj.estrategia.com\/portal\/concursos-juridicos-2026-prepare-se-para-os-proximos-editais\/\" target=\"_blank\" ><strong>Concursos Jur\u00eddicos 2026<\/strong><\/a><\/li>\n<\/ul>\n\n\n\n<h3 class=\"wp-block-heading has-text-align-center\" id=\"cursos-ficha\"><span id=\"quer-estudar-para-concursos-de-direito\">Quer estudar para Concursos de Direito?<\/span><\/h3>\n\n\n\n<p>O Estrat\u00e9gia Carreira Jur\u00eddica \u00e9 campe\u00e3o de aprova\u00e7\u00f5es nos concursos para Carreiras Jur\u00eddicas com um corpo docente qualificado e materiais completos. Conhe\u00e7a nossos cursos e garanta sua aprova\u00e7\u00e3o:<\/p>\n\n\n\n<div class=\"wp-block-cover\" style=\"min-height:155px;aspect-ratio:unset;\"><img decoding=\"async\" width=\"1890\" height=\"351\" class=\"wp-block-cover__image-background wp-image-8669\" alt=\"Assinaturas Jur\u00eddicas\" src=\"https:\/\/cj.estrategia.com\/portal\/wp-content\/uploads\/2022\/06\/20151253\/concurso-carreiras-juridicas-assinatura-juridica.jpg\" style=\"object-position:78% 43%\" data-object-fit=\"cover\" data-object-position=\"78% 43%\" srcset=\"https:\/\/cj.estrategia.com\/portal\/wp-content\/uploads\/2022\/06\/20151253\/concurso-carreiras-juridicas-assinatura-juridica.jpg 1890w, https:\/\/cj.estrategia.com\/portal\/wp-content\/uploads\/2022\/06\/20151253\/concurso-carreiras-juridicas-assinatura-juridica-300x56.jpg 300w, https:\/\/cj.estrategia.com\/portal\/wp-content\/uploads\/2022\/06\/20151253\/concurso-carreiras-juridicas-assinatura-juridica-1024x190.jpg 1024w, https:\/\/cj.estrategia.com\/portal\/wp-content\/uploads\/2022\/06\/20151253\/concurso-carreiras-juridicas-assinatura-juridica-768x143.jpg 768w, https:\/\/cj.estrategia.com\/portal\/wp-content\/uploads\/2022\/06\/20151253\/concurso-carreiras-juridicas-assinatura-juridica-1536x285.jpg 1536w, https:\/\/cj.estrategia.com\/portal\/wp-content\/uploads\/2022\/06\/20151253\/concurso-carreiras-juridicas-assinatura-juridica-380x71.jpg 380w, https:\/\/cj.estrategia.com\/portal\/wp-content\/uploads\/2022\/06\/20151253\/concurso-carreiras-juridicas-assinatura-juridica-800x149.jpg 800w, https:\/\/cj.estrategia.com\/portal\/wp-content\/uploads\/2022\/06\/20151253\/concurso-carreiras-juridicas-assinatura-juridica-1160x215.jpg 1160w\" sizes=\"(max-width: 1890px) 100vw, 1890px\" \/><span aria-hidden=\"true\" class=\"wp-block-cover__background has-background-dim\"><\/span><div class=\"wp-block-cover__inner-container is-layout-flow wp-block-cover-is-layout-flow\">\n<h3 id=\"faca-a-sua-assinatura\" class=\"titulo-assinatura\"><span style=\"color: #ffffff;\">Fa\u00e7a a sua assinatura!<\/span><\/h3>\n<p class=\"subtitulo-assinatura\" style=\"display:block!important; line-height: 0;\"><span style=\"color: #ffffff;\">Escolha a sua \u00e1rea.<\/span><\/p>\n<a target=\"_blank\" href=\"https:\/\/www.estrategiaconcursos.com.br\/assinaturas-ecj\/\" rel=\"noopener\"><button style=\"border-radius: 10px; text-transform: capitalize;\">Acessar<\/button><\/a>\n<\/div><\/div>\n\n\n\n<p class=\"has-text-align-center has-white-color has-text-color has-link-color wp-elements-984c978107f79a17e755ff20bf7b387d\"><\/p>\n","protected":false},"excerpt":{"rendered":"1. Introdu\u00e7\u00e3o Como se sabe, o advento das tecnologias de intelig\u00eancia artificial (IA) no cen\u00e1rio pol\u00edtico-eleitoral brasileiro representa&hellip;\n","protected":false},"author":93,"featured_media":112796,"comment_status":"open","ping_status":"open","sticky":false,"template":"","format":"standard","meta":{"_jetpack_memberships_contains_paid_content":false,"footnotes":""},"categories":[1],"tags":[2547,4264,1119,4263,741,130,132,4262,4265,1658,198,1143,4087,1399,1803,4260,4261,2890,3547,176],"tax_estado":[30,31,32,33,34,35,36,37,38,39,40,41,42,43,44,45,46,47,48,49,50,51,52,53,54,55,56,57],"class_list":{"0":"post-182318","1":"post","2":"type-post","3":"status-publish","4":"format-standard","5":"has-post-thumbnail","7":"category-carreiras-juridicas","8":"tag-deepfakes","9":"tag-democracia-algoritmica","10":"tag-direito-eleitoral","11":"tag-efeito-calunia-de-vespera","12":"tag-eleicoes","13":"tag-inteligencia-artificial","14":"tag-jurisprudencia","15":"tag-lei-das-eleicoes-lei-n-9-504-1997","16":"tag-lei-de-violencia-politica-contra-a-mulher","17":"tag-lei-geral-de-protecao-de-dados-lgpd","18":"tag-liberdade-de-expressao","19":"tag-marco-civil-da-internet","20":"tag-plataformas-digitais","21":"tag-principio-da-legalidade","22":"tag-principios-constitucionais","23":"tag-processo-eleitoral","24":"tag-propaganda-eleitoral","25":"tag-protecao-dos-dados-pessoais","26":"tag-soberania-popular","27":"tag-tse","28":"tax_estado-ac","29":"tax_estado-al","30":"tax_estado-am","31":"tax_estado-ap","32":"tax_estado-ba","33":"tax_estado-ce","34":"tax_estado-concursos-federais","35":"tax_estado-df","36":"tax_estado-es","37":"tax_estado-go","38":"tax_estado-ma","39":"tax_estado-mg","40":"tax_estado-ms","41":"tax_estado-mt","42":"tax_estado-pa","43":"tax_estado-pb","44":"tax_estado-pe","45":"tax_estado-pi","46":"tax_estado-pr","47":"tax_estado-rj","48":"tax_estado-rn","49":"tax_estado-ro","50":"tax_estado-rr","51":"tax_estado-rs","52":"tax_estado-sc","53":"tax_estado-se","54":"tax_estado-sp","55":"tax_estado-to"},"acf":[],"yoast_head":"<!-- This site is optimized with the Yoast SEO Premium plugin v27.4 (Yoast SEO v27.4) - https:\/\/yoast.com\/product\/yoast-seo-premium-wordpress\/ -->\n<title>Intelig\u00eancia Artificial e processo eleitoral: regulamenta\u00e7\u00e3o do TSE<\/title>\n<meta name=\"description\" content=\"O TSE aprovou por unanimidade um conjunto de normas destinadas a disciplinar o uso da intelig\u00eancia artificial nas elei\u00e7\u00f5es gerais de outubro.\" \/>\n<meta name=\"robots\" content=\"index, follow, max-snippet:-1, max-image-preview:large, max-video-preview:-1\" \/>\n<link rel=\"canonical\" href=\"https:\/\/cj.estrategia.com\/portal\/inteligencia-artificial-processo-eleitoral-regulamentacao-tse\/\" \/>\n<meta property=\"og:locale\" content=\"pt_BR\" \/>\n<meta property=\"og:type\" content=\"article\" \/>\n<meta property=\"og:title\" content=\"Intelig\u00eancia Artificial e Processo Eleitoral: an\u00e1lise da regulamenta\u00e7\u00e3o do TSE para as Elei\u00e7\u00f5es Gerais de 2026\" \/>\n<meta property=\"og:description\" content=\"O TSE aprovou por unanimidade um conjunto de normas destinadas a disciplinar o uso da intelig\u00eancia artificial nas elei\u00e7\u00f5es gerais de outubro.\" \/>\n<meta property=\"og:url\" content=\"https:\/\/cj.estrategia.com\/portal\/inteligencia-artificial-processo-eleitoral-regulamentacao-tse\/\" \/>\n<meta property=\"og:site_name\" content=\"Blog - Carreiras Jur\u00eddicas - Estrat\u00e9gia\" \/>\n<meta property=\"article:publisher\" content=\"https:\/\/www.facebook.com\/estrategiacarreirajuridica\/\" \/>\n<meta property=\"article:published_time\" content=\"2026-03-12T23:43:26+00:00\" \/>\n<meta property=\"article:modified_time\" content=\"2026-03-12T23:43:34+00:00\" \/>\n<meta property=\"og:image\" content=\"https:\/\/cj.estrategia.com\/portal\/wp-content\/uploads\/2025\/04\/15205531\/inteligencia-artificial-ia-justica-acordao-tribunal-scaled.jpg\" \/>\n\t<meta property=\"og:image:width\" content=\"2560\" \/>\n\t<meta property=\"og:image:height\" content=\"1707\" \/>\n\t<meta property=\"og:image:type\" content=\"image\/jpeg\" \/>\n<meta name=\"author\" content=\"Felipe Duque\" \/>\n<meta name=\"twitter:card\" content=\"summary_large_image\" \/>\n<meta name=\"twitter:creator\" content=\"@https:\/\/x.com\/ProfessorDuque\" \/>\n<meta name=\"twitter:site\" content=\"@EstratJuridica\" \/>\n<meta name=\"twitter:label1\" content=\"Escrito por\" \/>\n\t<meta name=\"twitter:data1\" content=\"Felipe Duque\" \/>\n\t<meta name=\"twitter:label2\" content=\"Est. tempo de leitura\" \/>\n\t<meta name=\"twitter:data2\" content=\"12 minutos\" \/>\n<script type=\"application\/ld+json\" class=\"yoast-schema-graph\">{\"@context\":\"https:\\\/\\\/schema.org\",\"@graph\":[{\"@type\":\"NewsArticle\",\"@id\":\"https:\\\/\\\/cj.estrategia.com\\\/portal\\\/inteligencia-artificial-processo-eleitoral-regulamentacao-tse\\\/#article\",\"isPartOf\":{\"@id\":\"https:\\\/\\\/cj.estrategia.com\\\/portal\\\/inteligencia-artificial-processo-eleitoral-regulamentacao-tse\\\/\"},\"author\":{\"name\":\"Felipe Duque\",\"@id\":\"https:\\\/\\\/cj.estrategia.com\\\/portal\\\/#\\\/schema\\\/person\\\/b5b0253b269d7130d1f7770b1ba29285\"},\"headline\":\"Intelig\u00eancia Artificial e Processo Eleitoral: an\u00e1lise da regulamenta\u00e7\u00e3o do TSE para as Elei\u00e7\u00f5es Gerais de 2026\",\"datePublished\":\"2026-03-12T23:43:26+00:00\",\"dateModified\":\"2026-03-12T23:43:34+00:00\",\"mainEntityOfPage\":{\"@id\":\"https:\\\/\\\/cj.estrategia.com\\\/portal\\\/inteligencia-artificial-processo-eleitoral-regulamentacao-tse\\\/\"},\"wordCount\":2166,\"commentCount\":0,\"publisher\":{\"@id\":\"https:\\\/\\\/cj.estrategia.com\\\/portal\\\/#organization\"},\"image\":{\"@id\":\"https:\\\/\\\/cj.estrategia.com\\\/portal\\\/inteligencia-artificial-processo-eleitoral-regulamentacao-tse\\\/#primaryimage\"},\"thumbnailUrl\":\"https:\\\/\\\/cj.estrategia.com\\\/portal\\\/wp-content\\\/uploads\\\/2025\\\/04\\\/15205531\\\/inteligencia-artificial-ia-justica-acordao-tribunal-scaled.jpg\",\"keywords\":[\"deepfakes\",\"democracia algor\u00edtmica\",\"direito eleitoral\",\"efeito cal\u00fania de v\u00e9spera\",\"elei\u00e7\u00f5es\",\"intelig\u00eancia artificial\",\"jurisprud\u00eancia\",\"Lei das Elei\u00e7\u00f5es (Lei n. 9.504\\\/1997)\",\"Lei de Viol\u00eancia Pol\u00edtica contra a Mulher\",\"Lei Geral de Prote\u00e7\u00e3o de Dados (LGPD)\",\"liberdade de express\u00e3o\",\"marco civil da internet\",\"plataformas digitais\",\"princ\u00edpio da legalidade\",\"princ\u00edpios constitucionais\",\"processo eleitoral\",\"propaganda eleitoral\",\"prote\u00e7\u00e3o dos dados pessoais\",\"soberania popular\",\"tse\"],\"articleSection\":[\"Carreiras Jur\u00eddicas\"],\"inLanguage\":\"pt-BR\",\"potentialAction\":[{\"@type\":\"CommentAction\",\"name\":\"Comment\",\"target\":[\"https:\\\/\\\/cj.estrategia.com\\\/portal\\\/inteligencia-artificial-processo-eleitoral-regulamentacao-tse\\\/#respond\"]}]},{\"@type\":\"WebPage\",\"@id\":\"https:\\\/\\\/cj.estrategia.com\\\/portal\\\/inteligencia-artificial-processo-eleitoral-regulamentacao-tse\\\/\",\"url\":\"https:\\\/\\\/cj.estrategia.com\\\/portal\\\/inteligencia-artificial-processo-eleitoral-regulamentacao-tse\\\/\",\"name\":\"Intelig\u00eancia Artificial e processo eleitoral: regulamenta\u00e7\u00e3o do TSE\",\"isPartOf\":{\"@id\":\"https:\\\/\\\/cj.estrategia.com\\\/portal\\\/#website\"},\"primaryImageOfPage\":{\"@id\":\"https:\\\/\\\/cj.estrategia.com\\\/portal\\\/inteligencia-artificial-processo-eleitoral-regulamentacao-tse\\\/#primaryimage\"},\"image\":{\"@id\":\"https:\\\/\\\/cj.estrategia.com\\\/portal\\\/inteligencia-artificial-processo-eleitoral-regulamentacao-tse\\\/#primaryimage\"},\"thumbnailUrl\":\"https:\\\/\\\/cj.estrategia.com\\\/portal\\\/wp-content\\\/uploads\\\/2025\\\/04\\\/15205531\\\/inteligencia-artificial-ia-justica-acordao-tribunal-scaled.jpg\",\"datePublished\":\"2026-03-12T23:43:26+00:00\",\"dateModified\":\"2026-03-12T23:43:34+00:00\",\"description\":\"O TSE aprovou por unanimidade um conjunto de normas destinadas a disciplinar o uso da intelig\u00eancia artificial nas elei\u00e7\u00f5es gerais de outubro.\",\"breadcrumb\":{\"@id\":\"https:\\\/\\\/cj.estrategia.com\\\/portal\\\/inteligencia-artificial-processo-eleitoral-regulamentacao-tse\\\/#breadcrumb\"},\"inLanguage\":\"pt-BR\",\"potentialAction\":[{\"@type\":\"ReadAction\",\"target\":[\"https:\\\/\\\/cj.estrategia.com\\\/portal\\\/inteligencia-artificial-processo-eleitoral-regulamentacao-tse\\\/\"]}]},{\"@type\":\"ImageObject\",\"inLanguage\":\"pt-BR\",\"@id\":\"https:\\\/\\\/cj.estrategia.com\\\/portal\\\/inteligencia-artificial-processo-eleitoral-regulamentacao-tse\\\/#primaryimage\",\"url\":\"https:\\\/\\\/cj.estrategia.com\\\/portal\\\/wp-content\\\/uploads\\\/2025\\\/04\\\/15205531\\\/inteligencia-artificial-ia-justica-acordao-tribunal-scaled.jpg\",\"contentUrl\":\"https:\\\/\\\/cj.estrategia.com\\\/portal\\\/wp-content\\\/uploads\\\/2025\\\/04\\\/15205531\\\/inteligencia-artificial-ia-justica-acordao-tribunal-scaled.jpg\",\"width\":2560,\"height\":1707},{\"@type\":\"BreadcrumbList\",\"@id\":\"https:\\\/\\\/cj.estrategia.com\\\/portal\\\/inteligencia-artificial-processo-eleitoral-regulamentacao-tse\\\/#breadcrumb\",\"itemListElement\":[{\"@type\":\"ListItem\",\"position\":1,\"name\":\"In\u00edcio\",\"item\":\"https:\\\/\\\/cj.estrategia.com\\\/portal\\\/\"},{\"@type\":\"ListItem\",\"position\":2,\"name\":\"Intelig\u00eancia Artificial e Processo Eleitoral: an\u00e1lise da regulamenta\u00e7\u00e3o do TSE para as Elei\u00e7\u00f5es Gerais de 2026\"}]},{\"@type\":\"WebSite\",\"@id\":\"https:\\\/\\\/cj.estrategia.com\\\/portal\\\/#website\",\"url\":\"https:\\\/\\\/cj.estrategia.com\\\/portal\\\/\",\"name\":\"Blog - Carreiras Jur\u00eddicas - Estrat\u00e9gia\",\"description\":\"\",\"publisher\":{\"@id\":\"https:\\\/\\\/cj.estrategia.com\\\/portal\\\/#organization\"},\"potentialAction\":[{\"@type\":\"SearchAction\",\"target\":{\"@type\":\"EntryPoint\",\"urlTemplate\":\"https:\\\/\\\/cj.estrategia.com\\\/portal\\\/?s={search_term_string}\"},\"query-input\":{\"@type\":\"PropertyValueSpecification\",\"valueRequired\":true,\"valueName\":\"search_term_string\"}}],\"inLanguage\":\"pt-BR\"},{\"@type\":\"Organization\",\"@id\":\"https:\\\/\\\/cj.estrategia.com\\\/portal\\\/#organization\",\"name\":\"Estrat\u00e9gia - Carreiras Jur\u00eddicas\",\"url\":\"https:\\\/\\\/cj.estrategia.com\\\/portal\\\/\",\"logo\":{\"@type\":\"ImageObject\",\"inLanguage\":\"pt-BR\",\"@id\":\"https:\\\/\\\/cj.estrategia.com\\\/portal\\\/#\\\/schema\\\/logo\\\/image\\\/\",\"url\":\"https:\\\/\\\/cj.estrategia.com\\\/portal\\\/wp-content\\\/uploads\\\/2022\\\/03\\\/11151052\\\/cj-logo.png\",\"contentUrl\":\"https:\\\/\\\/cj.estrategia.com\\\/portal\\\/wp-content\\\/uploads\\\/2022\\\/03\\\/11151052\\\/cj-logo.png\",\"width\":150,\"height\":39,\"caption\":\"Estrat\u00e9gia - Carreiras Jur\u00eddicas\"},\"image\":{\"@id\":\"https:\\\/\\\/cj.estrategia.com\\\/portal\\\/#\\\/schema\\\/logo\\\/image\\\/\"},\"sameAs\":[\"https:\\\/\\\/www.facebook.com\\\/estrategiacarreirajuridica\\\/\",\"https:\\\/\\\/x.com\\\/EstratJuridica\",\"https:\\\/\\\/www.instagram.com\\\/estrategiacarreirajuridica\\\/\",\"https:\\\/\\\/www.youtube.com\\\/channel\\\/UClbMGuYbj2Mh1m3w144ETWQ\"]},{\"@type\":\"Person\",\"@id\":\"https:\\\/\\\/cj.estrategia.com\\\/portal\\\/#\\\/schema\\\/person\\\/b5b0253b269d7130d1f7770b1ba29285\",\"name\":\"Felipe Duque\",\"image\":{\"@type\":\"ImageObject\",\"inLanguage\":\"pt-BR\",\"@id\":\"https:\\\/\\\/cj.estrategia.com\\\/portal\\\/wp-content\\\/uploads\\\/2024\\\/08\\\/06162009\\\/Captura-de-Tela-2024-08-06-as-16.19.26-96x96.png\",\"url\":\"https:\\\/\\\/cj.estrategia.com\\\/portal\\\/wp-content\\\/uploads\\\/2024\\\/08\\\/06162009\\\/Captura-de-Tela-2024-08-06-as-16.19.26-96x96.png\",\"contentUrl\":\"https:\\\/\\\/cj.estrategia.com\\\/portal\\\/wp-content\\\/uploads\\\/2024\\\/08\\\/06162009\\\/Captura-de-Tela-2024-08-06-as-16.19.26-96x96.png\",\"caption\":\"Felipe Duque\"},\"description\":\"Felipe Duque - Mestre em Direito Pol\u00edtico e Econ\u00f4mico na Mackenzie-SP. Graduado em Direito pela Universidade Cat\u00f3lica de Pernambuco, com conclus\u00e3o pelo regime de Aproveitamento Extraordin\u00e1rio nos Estudos (art. 47, \u00a7 2\u00ba, da Lei n\u00ba 9.394\\\/96). Ex-Assessor de Desembargador no TJPE. Procurador da Fazenda Nacional. Integra voluntariamente a Coordena\u00e7\u00e3o de Assuntos Estrat\u00e9gicos Judiciais da PGFN. Professor do Estrat\u00e9gia Carreira Jur\u00eddica, Estrat\u00e9gia OAB e Buscador Dizer o Direito. Autor do livro \u201cReforma Tribut\u00e1ria Comentada e Esquematizada\u201d, \\\"Manual de Processo Tribut\u00e1rio: Administrativo e Judicial\\\" pela editora Juspodivm Parecerista na Revista de Estudos Jur\u00eddicos do Superior Tribunal de Justi\u00e7a (REJuriSTJ)\",\"sameAs\":[\"http:\\\/\\\/lattes.cnpq.br\\\/5755137268084324\",\"https:\\\/\\\/www.instagram.com\\\/felipe_duque\\\/\",\"https:\\\/\\\/br.linkedin.com\\\/in\\\/felipe-duque-56954638\",\"https:\\\/\\\/x.com\\\/https:\\\/\\\/x.com\\\/ProfessorDuque\",\"https:\\\/\\\/www.youtube.com\\\/@felipeduque-experienciasco5797\"],\"url\":\"https:\\\/\\\/cj.estrategia.com\\\/portal\\\/author\\\/felipe-duque\\\/\"}]}<\/script>\n<!-- \/ Yoast SEO Premium plugin. -->","yoast_head_json":{"title":"Intelig\u00eancia Artificial e processo eleitoral: regulamenta\u00e7\u00e3o do TSE","description":"O TSE aprovou por unanimidade um conjunto de normas destinadas a disciplinar o uso da intelig\u00eancia artificial nas elei\u00e7\u00f5es gerais de outubro.","robots":{"index":"index","follow":"follow","max-snippet":"max-snippet:-1","max-image-preview":"max-image-preview:large","max-video-preview":"max-video-preview:-1"},"canonical":"https:\/\/cj.estrategia.com\/portal\/inteligencia-artificial-processo-eleitoral-regulamentacao-tse\/","og_locale":"pt_BR","og_type":"article","og_title":"Intelig\u00eancia Artificial e Processo Eleitoral: an\u00e1lise da regulamenta\u00e7\u00e3o do TSE para as Elei\u00e7\u00f5es Gerais de 2026","og_description":"O TSE aprovou por unanimidade um conjunto de normas destinadas a disciplinar o uso da intelig\u00eancia artificial nas elei\u00e7\u00f5es gerais de outubro.","og_url":"https:\/\/cj.estrategia.com\/portal\/inteligencia-artificial-processo-eleitoral-regulamentacao-tse\/","og_site_name":"Blog - Carreiras Jur\u00eddicas - Estrat\u00e9gia","article_publisher":"https:\/\/www.facebook.com\/estrategiacarreirajuridica\/","article_published_time":"2026-03-12T23:43:26+00:00","article_modified_time":"2026-03-12T23:43:34+00:00","og_image":[{"width":2560,"height":1707,"url":"https:\/\/cj.estrategia.com\/portal\/wp-content\/uploads\/2025\/04\/15205531\/inteligencia-artificial-ia-justica-acordao-tribunal-scaled.jpg","type":"image\/jpeg"}],"author":"Felipe Duque","twitter_card":"summary_large_image","twitter_creator":"@https:\/\/x.com\/ProfessorDuque","twitter_site":"@EstratJuridica","twitter_misc":{"Escrito por":"Felipe Duque","Est. tempo de leitura":"12 minutos"},"schema":{"@context":"https:\/\/schema.org","@graph":[{"@type":"NewsArticle","@id":"https:\/\/cj.estrategia.com\/portal\/inteligencia-artificial-processo-eleitoral-regulamentacao-tse\/#article","isPartOf":{"@id":"https:\/\/cj.estrategia.com\/portal\/inteligencia-artificial-processo-eleitoral-regulamentacao-tse\/"},"author":{"name":"Felipe Duque","@id":"https:\/\/cj.estrategia.com\/portal\/#\/schema\/person\/b5b0253b269d7130d1f7770b1ba29285"},"headline":"Intelig\u00eancia Artificial e Processo Eleitoral: an\u00e1lise da regulamenta\u00e7\u00e3o do TSE para as Elei\u00e7\u00f5es Gerais de 2026","datePublished":"2026-03-12T23:43:26+00:00","dateModified":"2026-03-12T23:43:34+00:00","mainEntityOfPage":{"@id":"https:\/\/cj.estrategia.com\/portal\/inteligencia-artificial-processo-eleitoral-regulamentacao-tse\/"},"wordCount":2166,"commentCount":0,"publisher":{"@id":"https:\/\/cj.estrategia.com\/portal\/#organization"},"image":{"@id":"https:\/\/cj.estrategia.com\/portal\/inteligencia-artificial-processo-eleitoral-regulamentacao-tse\/#primaryimage"},"thumbnailUrl":"https:\/\/cj.estrategia.com\/portal\/wp-content\/uploads\/2025\/04\/15205531\/inteligencia-artificial-ia-justica-acordao-tribunal-scaled.jpg","keywords":["deepfakes","democracia algor\u00edtmica","direito eleitoral","efeito cal\u00fania de v\u00e9spera","elei\u00e7\u00f5es","intelig\u00eancia artificial","jurisprud\u00eancia","Lei das Elei\u00e7\u00f5es (Lei n. 9.504\/1997)","Lei de Viol\u00eancia Pol\u00edtica contra a Mulher","Lei Geral de Prote\u00e7\u00e3o de Dados (LGPD)","liberdade de express\u00e3o","marco civil da internet","plataformas digitais","princ\u00edpio da legalidade","princ\u00edpios constitucionais","processo eleitoral","propaganda eleitoral","prote\u00e7\u00e3o dos dados pessoais","soberania popular","tse"],"articleSection":["Carreiras Jur\u00eddicas"],"inLanguage":"pt-BR","potentialAction":[{"@type":"CommentAction","name":"Comment","target":["https:\/\/cj.estrategia.com\/portal\/inteligencia-artificial-processo-eleitoral-regulamentacao-tse\/#respond"]}]},{"@type":"WebPage","@id":"https:\/\/cj.estrategia.com\/portal\/inteligencia-artificial-processo-eleitoral-regulamentacao-tse\/","url":"https:\/\/cj.estrategia.com\/portal\/inteligencia-artificial-processo-eleitoral-regulamentacao-tse\/","name":"Intelig\u00eancia Artificial e processo eleitoral: regulamenta\u00e7\u00e3o do TSE","isPartOf":{"@id":"https:\/\/cj.estrategia.com\/portal\/#website"},"primaryImageOfPage":{"@id":"https:\/\/cj.estrategia.com\/portal\/inteligencia-artificial-processo-eleitoral-regulamentacao-tse\/#primaryimage"},"image":{"@id":"https:\/\/cj.estrategia.com\/portal\/inteligencia-artificial-processo-eleitoral-regulamentacao-tse\/#primaryimage"},"thumbnailUrl":"https:\/\/cj.estrategia.com\/portal\/wp-content\/uploads\/2025\/04\/15205531\/inteligencia-artificial-ia-justica-acordao-tribunal-scaled.jpg","datePublished":"2026-03-12T23:43:26+00:00","dateModified":"2026-03-12T23:43:34+00:00","description":"O TSE aprovou por unanimidade um conjunto de normas destinadas a disciplinar o uso da intelig\u00eancia artificial nas elei\u00e7\u00f5es gerais de outubro.","breadcrumb":{"@id":"https:\/\/cj.estrategia.com\/portal\/inteligencia-artificial-processo-eleitoral-regulamentacao-tse\/#breadcrumb"},"inLanguage":"pt-BR","potentialAction":[{"@type":"ReadAction","target":["https:\/\/cj.estrategia.com\/portal\/inteligencia-artificial-processo-eleitoral-regulamentacao-tse\/"]}]},{"@type":"ImageObject","inLanguage":"pt-BR","@id":"https:\/\/cj.estrategia.com\/portal\/inteligencia-artificial-processo-eleitoral-regulamentacao-tse\/#primaryimage","url":"https:\/\/cj.estrategia.com\/portal\/wp-content\/uploads\/2025\/04\/15205531\/inteligencia-artificial-ia-justica-acordao-tribunal-scaled.jpg","contentUrl":"https:\/\/cj.estrategia.com\/portal\/wp-content\/uploads\/2025\/04\/15205531\/inteligencia-artificial-ia-justica-acordao-tribunal-scaled.jpg","width":2560,"height":1707},{"@type":"BreadcrumbList","@id":"https:\/\/cj.estrategia.com\/portal\/inteligencia-artificial-processo-eleitoral-regulamentacao-tse\/#breadcrumb","itemListElement":[{"@type":"ListItem","position":1,"name":"In\u00edcio","item":"https:\/\/cj.estrategia.com\/portal\/"},{"@type":"ListItem","position":2,"name":"Intelig\u00eancia Artificial e Processo Eleitoral: an\u00e1lise da regulamenta\u00e7\u00e3o do TSE para as Elei\u00e7\u00f5es Gerais de 2026"}]},{"@type":"WebSite","@id":"https:\/\/cj.estrategia.com\/portal\/#website","url":"https:\/\/cj.estrategia.com\/portal\/","name":"Blog - Carreiras Jur\u00eddicas - Estrat\u00e9gia","description":"","publisher":{"@id":"https:\/\/cj.estrategia.com\/portal\/#organization"},"potentialAction":[{"@type":"SearchAction","target":{"@type":"EntryPoint","urlTemplate":"https:\/\/cj.estrategia.com\/portal\/?s={search_term_string}"},"query-input":{"@type":"PropertyValueSpecification","valueRequired":true,"valueName":"search_term_string"}}],"inLanguage":"pt-BR"},{"@type":"Organization","@id":"https:\/\/cj.estrategia.com\/portal\/#organization","name":"Estrat\u00e9gia - Carreiras Jur\u00eddicas","url":"https:\/\/cj.estrategia.com\/portal\/","logo":{"@type":"ImageObject","inLanguage":"pt-BR","@id":"https:\/\/cj.estrategia.com\/portal\/#\/schema\/logo\/image\/","url":"https:\/\/cj.estrategia.com\/portal\/wp-content\/uploads\/2022\/03\/11151052\/cj-logo.png","contentUrl":"https:\/\/cj.estrategia.com\/portal\/wp-content\/uploads\/2022\/03\/11151052\/cj-logo.png","width":150,"height":39,"caption":"Estrat\u00e9gia - Carreiras Jur\u00eddicas"},"image":{"@id":"https:\/\/cj.estrategia.com\/portal\/#\/schema\/logo\/image\/"},"sameAs":["https:\/\/www.facebook.com\/estrategiacarreirajuridica\/","https:\/\/x.com\/EstratJuridica","https:\/\/www.instagram.com\/estrategiacarreirajuridica\/","https:\/\/www.youtube.com\/channel\/UClbMGuYbj2Mh1m3w144ETWQ"]},{"@type":"Person","@id":"https:\/\/cj.estrategia.com\/portal\/#\/schema\/person\/b5b0253b269d7130d1f7770b1ba29285","name":"Felipe Duque","image":{"@type":"ImageObject","inLanguage":"pt-BR","@id":"https:\/\/cj.estrategia.com\/portal\/wp-content\/uploads\/2024\/08\/06162009\/Captura-de-Tela-2024-08-06-as-16.19.26-96x96.png","url":"https:\/\/cj.estrategia.com\/portal\/wp-content\/uploads\/2024\/08\/06162009\/Captura-de-Tela-2024-08-06-as-16.19.26-96x96.png","contentUrl":"https:\/\/cj.estrategia.com\/portal\/wp-content\/uploads\/2024\/08\/06162009\/Captura-de-Tela-2024-08-06-as-16.19.26-96x96.png","caption":"Felipe Duque"},"description":"Felipe Duque - Mestre em Direito Pol\u00edtico e Econ\u00f4mico na Mackenzie-SP. Graduado em Direito pela Universidade Cat\u00f3lica de Pernambuco, com conclus\u00e3o pelo regime de Aproveitamento Extraordin\u00e1rio nos Estudos (art. 47, \u00a7 2\u00ba, da Lei n\u00ba 9.394\/96). Ex-Assessor de Desembargador no TJPE. Procurador da Fazenda Nacional. Integra voluntariamente a Coordena\u00e7\u00e3o de Assuntos Estrat\u00e9gicos Judiciais da PGFN. Professor do Estrat\u00e9gia Carreira Jur\u00eddica, Estrat\u00e9gia OAB e Buscador Dizer o Direito. Autor do livro \u201cReforma Tribut\u00e1ria Comentada e Esquematizada\u201d, \"Manual de Processo Tribut\u00e1rio: Administrativo e Judicial\" pela editora Juspodivm Parecerista na Revista de Estudos Jur\u00eddicos do Superior Tribunal de Justi\u00e7a (REJuriSTJ)","sameAs":["http:\/\/lattes.cnpq.br\/5755137268084324","https:\/\/www.instagram.com\/felipe_duque\/","https:\/\/br.linkedin.com\/in\/felipe-duque-56954638","https:\/\/x.com\/https:\/\/x.com\/ProfessorDuque","https:\/\/www.youtube.com\/@felipeduque-experienciasco5797"],"url":"https:\/\/cj.estrategia.com\/portal\/author\/felipe-duque\/"}]}},"jetpack_featured_media_url":"https:\/\/cj.estrategia.com\/portal\/wp-content\/uploads\/2025\/04\/15205531\/inteligencia-artificial-ia-justica-acordao-tribunal-scaled.jpg","jetpack_sharing_enabled":true,"_links":{"self":[{"href":"https:\/\/cj.estrategia.com\/portal\/wp-json\/wp\/v2\/posts\/182318","targetHints":{"allow":["GET"]}}],"collection":[{"href":"https:\/\/cj.estrategia.com\/portal\/wp-json\/wp\/v2\/posts"}],"about":[{"href":"https:\/\/cj.estrategia.com\/portal\/wp-json\/wp\/v2\/types\/post"}],"author":[{"embeddable":true,"href":"https:\/\/cj.estrategia.com\/portal\/wp-json\/wp\/v2\/users\/93"}],"replies":[{"embeddable":true,"href":"https:\/\/cj.estrategia.com\/portal\/wp-json\/wp\/v2\/comments?post=182318"}],"version-history":[{"count":6,"href":"https:\/\/cj.estrategia.com\/portal\/wp-json\/wp\/v2\/posts\/182318\/revisions"}],"predecessor-version":[{"id":182332,"href":"https:\/\/cj.estrategia.com\/portal\/wp-json\/wp\/v2\/posts\/182318\/revisions\/182332"}],"wp:featuredmedia":[{"embeddable":true,"href":"https:\/\/cj.estrategia.com\/portal\/wp-json\/wp\/v2\/media\/112796"}],"wp:attachment":[{"href":"https:\/\/cj.estrategia.com\/portal\/wp-json\/wp\/v2\/media?parent=182318"}],"wp:term":[{"taxonomy":"category","embeddable":true,"href":"https:\/\/cj.estrategia.com\/portal\/wp-json\/wp\/v2\/categories?post=182318"},{"taxonomy":"post_tag","embeddable":true,"href":"https:\/\/cj.estrategia.com\/portal\/wp-json\/wp\/v2\/tags?post=182318"},{"taxonomy":"tax_estado","embeddable":true,"href":"https:\/\/cj.estrategia.com\/portal\/wp-json\/wp\/v2\/tax_estado?post=182318"}],"curies":[{"name":"wp","href":"https:\/\/api.w.org\/{rel}","templated":true}]}}