{"id":181915,"date":"2026-03-10T05:45:00","date_gmt":"2026-03-10T08:45:00","guid":{"rendered":"https:\/\/cj.estrategia.com\/portal\/?p=181915"},"modified":"2026-03-09T19:16:21","modified_gmt":"2026-03-09T22:16:21","slug":"melhorar-argumentacao-prova-oral-mp","status":"publish","type":"post","link":"https:\/\/cj.estrategia.com\/portal\/melhorar-argumentacao-prova-oral-mp\/","title":{"rendered":"Como melhorar sua argumenta\u00e7\u00e3o na prova oral do MP"},"content":{"rendered":"\n<p>A prova oral \u00e9 decisiva para candidatos a Minist\u00e9rio P\u00fablico. Mais do que dom\u00ednio te\u00f3rico, a banca avalia clareza, persuas\u00e3o e controle emocional. <\/p>\n\n\n\n<p>Este guia traz estrat\u00e9gias pr\u00e1ticas e insights para transformar conhecimento em argumenta\u00e7\u00e3o convincente.<\/p>\n\n\n\n<h3 class=\"wp-block-heading\" id=\"h-resumo-da-prova-oral\"><span id=\"%f0%9f%93%8c-resumo-da-prova-oral\">\ud83d\udccc Resumo da Prova Oral<\/span><\/h3>\n\n\n\n<figure class=\"wp-block-table is-style-stripes\"><table class=\"has-very-light-gray-to-cyan-bluish-gray-gradient-background has-background\"><thead><tr><th class=\"has-text-align-center\" data-align=\"center\">Aspecto<\/th><th class=\"has-text-align-center\" data-align=\"center\">Detalhe Relevante<\/th><\/tr><\/thead><tbody><tr><td class=\"has-text-align-center\" data-align=\"center\">Objetivo da Etapa<\/td><td class=\"has-text-align-center\" data-align=\"center\">Avaliar capacidade de argumenta\u00e7\u00e3o, clareza e dom\u00ednio t\u00e9cnico-jur\u00eddico<\/td><\/tr><tr><td class=\"has-text-align-center\" data-align=\"center\">Dura\u00e7\u00e3o<\/td><td class=\"has-text-align-center\" data-align=\"center\">15 a 30 minutos por candidato (varia conforme banca)<\/td><\/tr><tr><td class=\"has-text-align-center\" data-align=\"center\">Avalia\u00e7\u00e3o<\/td><td class=\"has-text-align-center\" data-align=\"center\">Pontua\u00e7\u00e3o baseada em dom\u00ednio te\u00f3rico, l\u00f3gica, comunica\u00e7\u00e3o e postura<\/td><\/tr><tr><td class=\"has-text-align-center\" data-align=\"center\">Disciplinas Priorit\u00e1rias<\/td><td class=\"has-text-align-center\" data-align=\"center\">Direito Constitucional, Administrativo, Penal e Processual Penal (ou Civil, dependendo do cargo)<\/td><\/tr><tr><td class=\"has-text-align-center\" data-align=\"center\">Crit\u00e9rios de Eliminat\u00f3ria<\/td><td class=\"has-text-align-center\" data-align=\"center\">Desrespeito \u00e0s normas da banca, falhas graves de argumenta\u00e7\u00e3o ou desconex\u00e3o com a quest\u00e3o proposta<\/td><\/tr><\/tbody><\/table><\/figure>\n\n\n\n<h3 class=\"wp-block-heading\" id=\"h-pontos-chave-de-preparacao\"><span id=\"%f0%9f%97%93%ef%b8%8f-pontos-chave-de-preparacao\">\ud83d\uddd3\ufe0f Pontos-Chave de Prepara\u00e7\u00e3o<\/span><\/h3>\n\n\n\n<p>\u2022 <strong>Estrutura\u00e7\u00e3o do discurso:<\/strong> prepare respostas em blocos (introdu\u00e7\u00e3o, fundamenta\u00e7\u00e3o, conclus\u00e3o).<br>\u2022 <strong>Simula\u00e7\u00e3o de banca:<\/strong> pratique com colegas, gravando a pr\u00f3pria fala para autocr\u00edtica.<br>\u2022 <strong>Controle de tempo:<\/strong> gerencie bem os 15\u201330 minutos; evite divaga\u00e7\u00f5es.<br>\u2022 <strong>Atualiza\u00e7\u00e3o jur\u00eddica:<\/strong> revise jurisprud\u00eancia recente, especialmente decis\u00f5es do STF, STJ e tribunais superiores locais.<br>\u2022 <strong>Postura e comunica\u00e7\u00e3o:<\/strong> articule ideias com clareza, objetividade e seguran\u00e7a; cuidado com v\u00edcios de linguagem.<\/p>\n\n\n\n<h3 class=\"wp-block-heading\" id=\"h-beneficios-de-dominar-a-prova-oral\"><span id=\"%f0%9f%92%b0-beneficios-de-dominar-a-prova-oral\">\ud83d\udcb0 Benef\u00edcios de dominar a prova oral<\/span><\/h3>\n\n\n\n<p>\u2022 A aprova\u00e7\u00e3o na prova oral garante classifica\u00e7\u00e3o final decisiva em concursos de elite.<br>\u2022 Um desempenho consistente aumenta chances de destaque em vagas concorridas do MP e amplia percep\u00e7\u00e3o de compet\u00eancia jur\u00eddica.<br>\u2022 Desenvolve habilidades transfer\u00edveis para atua\u00e7\u00e3o profissional em tribunais e promotorias.<\/p>\n\n\n\n<h3 class=\"wp-block-heading\" id=\"h-requisitos-para-se-destacar\"><span id=\"%f0%9f%8e%93-requisitos-para-se-destacar\">\ud83c\udf93 Requisitos para se destacar<\/span><\/h3>\n\n\n\n<p>\u2022 <strong>Dom\u00ednio completo das disciplinas jur\u00eddicas do edital<\/strong> \u2013 n\u00e3o apenas teoria, mas aplica\u00e7\u00e3o pr\u00e1tica.<br>\u2022 <strong>Capacidade de argumenta\u00e7\u00e3o oral<\/strong> \u2013 responder a perguntas inesperadas com l\u00f3gica e seguran\u00e7a.<br>\u2022 <strong>Postura profissional e comunica\u00e7\u00e3o clara<\/strong> \u2013 postura, entona\u00e7\u00e3o e presen\u00e7a contam tanto quanto o conhecimento t\u00e9cnico.<br>\u2022 <strong>Treino constante<\/strong> \u2013 simula\u00e7\u00f5es, grava\u00e7\u00f5es e feedback s\u00e3o indispens\u00e1veis.<\/p>\n\n\n\n<h3 class=\"wp-block-heading\" id=\"h-raio-x-da-prova-oral\"><span id=\"%f0%9f%93%9d-raio-x-da-prova-oral\">\ud83d\udcdd Raio-X da Prova Oral<\/span><\/h3>\n\n\n\n<figure class=\"wp-block-table is-style-stripes\"><table class=\"has-electric-grass-gradient-background has-background\"><thead><tr><th class=\"has-text-align-center\" data-align=\"center\">Etapa<\/th><th class=\"has-text-align-center\" data-align=\"center\">Peso<\/th><th class=\"has-text-align-center\" data-align=\"center\">Estrat\u00e9gia<\/th><\/tr><\/thead><tbody><tr><td class=\"has-text-align-center\" data-align=\"center\">Apresenta\u00e7\u00e3o Inicial<\/td><td class=\"has-text-align-center\" data-align=\"center\">10%<\/td><td class=\"has-text-align-center\" data-align=\"center\">Clareza e objetividade; resumo do posicionamento<\/td><\/tr><tr><td class=\"has-text-align-center\" data-align=\"center\">Perguntas da Banca<\/td><td class=\"has-text-align-center\" data-align=\"center\">60%<\/td><td class=\"has-text-align-center\" data-align=\"center\">Dom\u00ednio t\u00e9cnico e capacidade de racioc\u00ednio r\u00e1pido<\/td><\/tr><tr><td class=\"has-text-align-center\" data-align=\"center\">Defesa de Teses<\/td><td class=\"has-text-align-center\" data-align=\"center\">20%<\/td><td class=\"has-text-align-center\" data-align=\"center\">Demonstre seguran\u00e7a e argumenta\u00e7\u00e3o estruturada<\/td><\/tr><tr><td class=\"has-text-align-center\" data-align=\"center\">Encerramento\/Conclus\u00e3o<\/td><td class=\"has-text-align-center\" data-align=\"center\">10%<\/td><td class=\"has-text-align-center\" data-align=\"center\">S\u00edntese convincente; refor\u00e7o da ideia principal<\/td><\/tr><\/tbody><\/table><\/figure>\n\n\n\n<h3 class=\"wp-block-heading\" id=\"h-insight-do-estrategista\"><span id=\"%f0%9f%9a%80-insight-do-estrategista\">\ud83d\ude80 Insight do Estrategista<\/span><\/h3>\n\n\n\n<p>A grande diferen\u00e7a entre aprovados e reprovados n\u00e3o \u00e9 apenas o conhecimento t\u00e9cnico, mas <strong>a capacidade de demonstr\u00e1-lo com estrutura l\u00f3gica, dom\u00ednio da linguagem jur\u00eddica e controle emocional<\/strong>. <\/p>\n\n\n\n<p>Uma dica avan\u00e7ada: <strong>antecipe poss\u00edveis perguntas da banca com base em jurisprud\u00eancia recente e pol\u00eamicas jur\u00eddicas atuais<\/strong>, treinando respostas que conectem teoria e pr\u00e1tica.<\/p>\n\n\n\n<p class=\"has-text-align-center has-luminous-vivid-amber-to-luminous-vivid-orange-gradient-background has-background\"><a href=\"https:\/\/cj.estrategia.com\/portal\/provas-comentadas-de-promotor-de-justica\/\" target=\"_blank\" ><em><strong>Provas Comentadas de Promotor de Justi\u00e7a<\/strong><\/em><\/a><\/p>\n\n\n\n<h3 class=\"wp-block-heading has-text-align-center\" id=\"h-quer-saber-tudo-sobre-concursos-previstos-confira-nossos-artigos\"><span id=\"quer-saber-tudo-sobre-concursos-previstosconfira-nossos-artigos\">Quer saber tudo sobre concursos previstos?<br>Confira nossos artigos!<\/span><\/h3>\n\n\n\n<ul class=\"wp-block-list\">\n<li><a href=\"https:\/\/cj.estrategia.com\/portal\/concursos-abertos-carreiras-juridicas\/\" target=\"_blank\" >Concursos jur\u00eddicos abertos<\/a><\/li>\n\n\n\n<li><a href=\"https:\/\/cj.estrategia.com\/portal\/concursos-juridicos-2026-prepare-se-para-os-proximos-editais\/\"><strong>Concursos Jur\u00eddicos 2026<\/strong><\/a><\/li>\n<\/ul>\n\n\n\n<h3 class=\"wp-block-heading has-text-align-center\" id=\"cursos-ficha\"><span id=\"quer-estudar-para-carreiras-juridicas\">Quer estudar para Carreiras Jur\u00eddicas?<\/span><\/h3>\n\n\n\n<p>O Estrat\u00e9gia Carreira Jur\u00eddica \u00e9 campe\u00e3o de aprova\u00e7\u00f5es nos concursos para Carreiras Jur\u00eddicas com um corpo docente qualificado e materiais completos. Conhe\u00e7a nossos cursos e garanta sua aprova\u00e7\u00e3o:<\/p>\n\n\n\n<div class=\"wp-block-cover\" style=\"min-height:155px;aspect-ratio:unset;\"><img decoding=\"async\" width=\"1890\" height=\"351\" class=\"wp-block-cover__image-background wp-image-8669\" alt=\"Assinaturas Jur\u00eddicas\" src=\"https:\/\/cj.estrategia.com\/portal\/wp-content\/uploads\/2022\/06\/20151253\/concurso-carreiras-juridicas-assinatura-juridica.jpg\" style=\"object-position:78% 43%\" data-object-fit=\"cover\" data-object-position=\"78% 43%\" srcset=\"https:\/\/cj.estrategia.com\/portal\/wp-content\/uploads\/2022\/06\/20151253\/concurso-carreiras-juridicas-assinatura-juridica.jpg 1890w, https:\/\/cj.estrategia.com\/portal\/wp-content\/uploads\/2022\/06\/20151253\/concurso-carreiras-juridicas-assinatura-juridica-300x56.jpg 300w, https:\/\/cj.estrategia.com\/portal\/wp-content\/uploads\/2022\/06\/20151253\/concurso-carreiras-juridicas-assinatura-juridica-1024x190.jpg 1024w, https:\/\/cj.estrategia.com\/portal\/wp-content\/uploads\/2022\/06\/20151253\/concurso-carreiras-juridicas-assinatura-juridica-768x143.jpg 768w, https:\/\/cj.estrategia.com\/portal\/wp-content\/uploads\/2022\/06\/20151253\/concurso-carreiras-juridicas-assinatura-juridica-1536x285.jpg 1536w, https:\/\/cj.estrategia.com\/portal\/wp-content\/uploads\/2022\/06\/20151253\/concurso-carreiras-juridicas-assinatura-juridica-380x71.jpg 380w, https:\/\/cj.estrategia.com\/portal\/wp-content\/uploads\/2022\/06\/20151253\/concurso-carreiras-juridicas-assinatura-juridica-800x149.jpg 800w, https:\/\/cj.estrategia.com\/portal\/wp-content\/uploads\/2022\/06\/20151253\/concurso-carreiras-juridicas-assinatura-juridica-1160x215.jpg 1160w\" sizes=\"(max-width: 1890px) 100vw, 1890px\" \/><span aria-hidden=\"true\" class=\"wp-block-cover__background has-background-dim\"><\/span><div class=\"wp-block-cover__inner-container is-layout-flow wp-block-cover-is-layout-flow\">\n<h3 id=\"faca-a-sua-assinatura\" class=\"titulo-assinatura\"><span style=\"color: #ffffff;\">Fa\u00e7a a sua assinatura!<\/span><\/h3>\n<p class=\"subtitulo-assinatura\" style=\"display:block!important; line-height: 0;\"><span style=\"color: #ffffff;\">Escolha a sua \u00e1rea.<\/span><\/p>\n<a target=\"_blank\" href=\"https:\/\/www.estrategiaconcursos.com.br\/assinaturas-ecj\/\" rel=\"noopener\"><button style=\"border-radius: 10px; text-transform: capitalize;\">Acessar<\/button><\/a>\n<\/div><\/div>\n\n\n\n<p>Para auxiliar a sua prepara\u00e7\u00e3o, o <strong>Estrat\u00e9gia disponibiliza diariamente aulas gratuitas no Canal do Youtube. <\/strong>Clique no link abaixo, siga o Estrat\u00e9gia Carreira Jur\u00eddica e mande para todos os seus amigos!<\/p>\n\n\n\n<p class=\"has-text-align-center has-medium-font-size\"><a href=\"https:\/\/www.youtube.com\/c\/Estrat%C3%A9giaCarreiraJur%C3%ADdica\/featured\" target=\"_blank\" >YOUTUBE &#8211; ESTRAT\u00c9GIA CARREIRA JUR\u00cdDICA<\/a><\/p>\n\n\n\n<h2 class=\"wp-block-heading has-text-align-center has-background\" id=\"concursos-regiao\" style=\"background-color:#fcb900ad\"><span id=\"concursos-juridicos-2026-por-regiao\">Concursos Jur\u00eddicos 2026: por regi\u00e3o<\/span><\/h2>\n\n\n\n<p>Confira as oportunidades e previs\u00f5es de concursos jur\u00eddicos 2026, de acordo com cada regi\u00e3o:<\/p>\n\n\n\n<div class=\"wp-block-columns is-layout-flex wp-container-core-columns-is-layout-9d6595d7 wp-block-columns-is-layout-flex\">\n<div class=\"wp-block-column is-layout-flow wp-block-column-is-layout-flow\">\n<ul class=\"wp-block-list\">\n<li><a href=\"https:\/\/cj.estrategia.com\/portal\/concursos-juridicos-nordeste\/\" target=\"_blank\" >Concursos Jur\u00eddicos Nordeste<\/a><\/li>\n\n\n\n<li><a href=\"https:\/\/cj.estrategia.com\/portal\/concursos-juridicos-sudeste\/\" target=\"_blank\" >Concursos Jur\u00eddicos Sudeste<\/a><\/li>\n\n\n\n<li><a href=\"https:\/\/cj.estrategia.com\/portal\/concursos-juridicos-sul\/\" target=\"_blank\" >Concursos Jur\u00eddicos Sul<\/a><\/li>\n<\/ul>\n<\/div>\n\n\n\n<div class=\"wp-block-column is-layout-flow wp-block-column-is-layout-flow\">\n<ul class=\"wp-block-list\">\n<li><a href=\"https:\/\/cj.estrategia.com\/portal\/concursos-juridicos-norte\/\" target=\"_blank\" >Concursos Jur\u00eddicos Norte<\/a><\/li>\n\n\n\n<li><a href=\"https:\/\/cj.estrategia.com\/portal\/concursos-juridicos-centro-oeste\/\" target=\"_blank\" >Concursos Jur\u00eddicos Centro-Oeste<\/a><\/li>\n<\/ul>\n<\/div>\n<\/div>\n\n\n\n<p><\/p>\n","protected":false},"excerpt":{"rendered":"A prova oral \u00e9 decisiva para candidatos a Minist\u00e9rio P\u00fablico. Mais do que dom\u00ednio te\u00f3rico, a banca avalia&hellip;\n","protected":false},"author":162,"featured_media":177676,"comment_status":"open","ping_status":"open","sticky":false,"template":"","format":"standard","meta":{"_jetpack_memberships_contains_paid_content":false,"footnotes":""},"categories":[25],"tags":[],"tax_estado":[30,31,32,33,34,35,37,38,39,40,41,42,43,44,45,46,47,48,49,50,51,52,53,54,55,56,57],"class_list":{"0":"post-181915","1":"post","2":"type-post","3":"status-publish","4":"format-standard","5":"has-post-thumbnail","7":"category-promotoria","8":"tax_estado-ac","9":"tax_estado-al","10":"tax_estado-am","11":"tax_estado-ap","12":"tax_estado-ba","13":"tax_estado-ce","14":"tax_estado-df","15":"tax_estado-es","16":"tax_estado-go","17":"tax_estado-ma","18":"tax_estado-mg","19":"tax_estado-ms","20":"tax_estado-mt","21":"tax_estado-pa","22":"tax_estado-pb","23":"tax_estado-pe","24":"tax_estado-pi","25":"tax_estado-pr","26":"tax_estado-rj","27":"tax_estado-rn","28":"tax_estado-ro","29":"tax_estado-rr","30":"tax_estado-rs","31":"tax_estado-sc","32":"tax_estado-se","33":"tax_estado-sp","34":"tax_estado-to"},"acf":[],"yoast_head":"<!-- This site is optimized with the Yoast SEO Premium plugin v27.4 (Yoast SEO v27.4) - https:\/\/yoast.com\/product\/yoast-seo-premium-wordpress\/ -->\n<title>Como melhorar sua argumenta\u00e7\u00e3o na prova oral do MP<\/title>\n<meta name=\"description\" content=\"Aprenda estrat\u00e9gias pr\u00e1ticas para dominar sua argumenta\u00e7\u00e3o na prova oral do MP e se destacar na carreira jur\u00eddica de elite.\" \/>\n<meta name=\"robots\" content=\"index, follow, max-snippet:-1, max-image-preview:large, max-video-preview:-1\" \/>\n<link rel=\"canonical\" href=\"https:\/\/cj.estrategia.com\/portal\/melhorar-argumentacao-prova-oral-mp\/\" \/>\n<meta property=\"og:locale\" content=\"pt_BR\" \/>\n<meta property=\"og:type\" content=\"article\" \/>\n<meta property=\"og:title\" content=\"Como melhorar sua argumenta\u00e7\u00e3o na prova oral do MP\" \/>\n<meta property=\"og:description\" content=\"Aprenda estrat\u00e9gias pr\u00e1ticas para dominar sua argumenta\u00e7\u00e3o na prova oral do MP e se destacar na carreira jur\u00eddica de elite.\" \/>\n<meta property=\"og:url\" content=\"https:\/\/cj.estrategia.com\/portal\/melhorar-argumentacao-prova-oral-mp\/\" \/>\n<meta property=\"og:site_name\" content=\"Blog - Carreiras Jur\u00eddicas - Estrat\u00e9gia\" \/>\n<meta property=\"article:publisher\" content=\"https:\/\/www.facebook.com\/estrategiacarreirajuridica\/\" \/>\n<meta property=\"article:published_time\" content=\"2026-03-10T08:45:00+00:00\" \/>\n<meta property=\"og:image\" content=\"https:\/\/cj.estrategia.com\/portal\/wp-content\/uploads\/2026\/02\/04103840\/promotorias.jpg\" \/>\n\t<meta property=\"og:image:width\" content=\"2459\" \/>\n\t<meta property=\"og:image:height\" content=\"1383\" \/>\n\t<meta property=\"og:image:type\" content=\"image\/jpeg\" \/>\n<meta name=\"author\" content=\"Jos\u00e9 Ferreira\" \/>\n<meta name=\"twitter:card\" content=\"summary_large_image\" \/>\n<meta name=\"twitter:creator\" content=\"@EstratJuridica\" \/>\n<meta name=\"twitter:site\" content=\"@EstratJuridica\" \/>\n<meta name=\"twitter:label1\" content=\"Escrito por\" \/>\n\t<meta name=\"twitter:data1\" content=\"Jos\u00e9 Ferreira\" \/>\n\t<meta name=\"twitter:label2\" content=\"Est. tempo de leitura\" \/>\n\t<meta name=\"twitter:data2\" content=\"4 minutos\" \/>\n<script type=\"application\/ld+json\" class=\"yoast-schema-graph\">{\"@context\":\"https:\\\/\\\/schema.org\",\"@graph\":[{\"@type\":\"NewsArticle\",\"@id\":\"https:\\\/\\\/cj.estrategia.com\\\/portal\\\/melhorar-argumentacao-prova-oral-mp\\\/#article\",\"isPartOf\":{\"@id\":\"https:\\\/\\\/cj.estrategia.com\\\/portal\\\/melhorar-argumentacao-prova-oral-mp\\\/\"},\"author\":{\"name\":\"Jos\u00e9 Ferreira\",\"@id\":\"https:\\\/\\\/cj.estrategia.com\\\/portal\\\/#\\\/schema\\\/person\\\/4caf0099c42d736f2aade723f309f690\"},\"headline\":\"Como melhorar sua argumenta\u00e7\u00e3o na prova oral do MP\",\"datePublished\":\"2026-03-10T08:45:00+00:00\",\"mainEntityOfPage\":{\"@id\":\"https:\\\/\\\/cj.estrategia.com\\\/portal\\\/melhorar-argumentacao-prova-oral-mp\\\/\"},\"wordCount\":606,\"commentCount\":0,\"publisher\":{\"@id\":\"https:\\\/\\\/cj.estrategia.com\\\/portal\\\/#organization\"},\"image\":{\"@id\":\"https:\\\/\\\/cj.estrategia.com\\\/portal\\\/melhorar-argumentacao-prova-oral-mp\\\/#primaryimage\"},\"thumbnailUrl\":\"https:\\\/\\\/cj.estrategia.com\\\/portal\\\/wp-content\\\/uploads\\\/2026\\\/02\\\/04103840\\\/promotorias.jpg\",\"articleSection\":[\"Promotoria\"],\"inLanguage\":\"pt-BR\",\"potentialAction\":[{\"@type\":\"CommentAction\",\"name\":\"Comment\",\"target\":[\"https:\\\/\\\/cj.estrategia.com\\\/portal\\\/melhorar-argumentacao-prova-oral-mp\\\/#respond\"]}]},{\"@type\":\"WebPage\",\"@id\":\"https:\\\/\\\/cj.estrategia.com\\\/portal\\\/melhorar-argumentacao-prova-oral-mp\\\/\",\"url\":\"https:\\\/\\\/cj.estrategia.com\\\/portal\\\/melhorar-argumentacao-prova-oral-mp\\\/\",\"name\":\"Como melhorar sua argumenta\u00e7\u00e3o na prova oral do MP\",\"isPartOf\":{\"@id\":\"https:\\\/\\\/cj.estrategia.com\\\/portal\\\/#website\"},\"primaryImageOfPage\":{\"@id\":\"https:\\\/\\\/cj.estrategia.com\\\/portal\\\/melhorar-argumentacao-prova-oral-mp\\\/#primaryimage\"},\"image\":{\"@id\":\"https:\\\/\\\/cj.estrategia.com\\\/portal\\\/melhorar-argumentacao-prova-oral-mp\\\/#primaryimage\"},\"thumbnailUrl\":\"https:\\\/\\\/cj.estrategia.com\\\/portal\\\/wp-content\\\/uploads\\\/2026\\\/02\\\/04103840\\\/promotorias.jpg\",\"datePublished\":\"2026-03-10T08:45:00+00:00\",\"description\":\"Aprenda estrat\u00e9gias pr\u00e1ticas para dominar sua argumenta\u00e7\u00e3o na prova oral do MP e se destacar na carreira jur\u00eddica de elite.\",\"breadcrumb\":{\"@id\":\"https:\\\/\\\/cj.estrategia.com\\\/portal\\\/melhorar-argumentacao-prova-oral-mp\\\/#breadcrumb\"},\"inLanguage\":\"pt-BR\",\"potentialAction\":[{\"@type\":\"ReadAction\",\"target\":[\"https:\\\/\\\/cj.estrategia.com\\\/portal\\\/melhorar-argumentacao-prova-oral-mp\\\/\"]}]},{\"@type\":\"ImageObject\",\"inLanguage\":\"pt-BR\",\"@id\":\"https:\\\/\\\/cj.estrategia.com\\\/portal\\\/melhorar-argumentacao-prova-oral-mp\\\/#primaryimage\",\"url\":\"https:\\\/\\\/cj.estrategia.com\\\/portal\\\/wp-content\\\/uploads\\\/2026\\\/02\\\/04103840\\\/promotorias.jpg\",\"contentUrl\":\"https:\\\/\\\/cj.estrategia.com\\\/portal\\\/wp-content\\\/uploads\\\/2026\\\/02\\\/04103840\\\/promotorias.jpg\",\"width\":2459,\"height\":1383,\"caption\":\"Imagem para ilustrar capa de artigo ou news sobre concurso do MP MT Promotor\"},{\"@type\":\"BreadcrumbList\",\"@id\":\"https:\\\/\\\/cj.estrategia.com\\\/portal\\\/melhorar-argumentacao-prova-oral-mp\\\/#breadcrumb\",\"itemListElement\":[{\"@type\":\"ListItem\",\"position\":1,\"name\":\"In\u00edcio\",\"item\":\"https:\\\/\\\/cj.estrategia.com\\\/portal\\\/\"},{\"@type\":\"ListItem\",\"position\":2,\"name\":\"Como melhorar sua argumenta\u00e7\u00e3o na prova oral do MP\"}]},{\"@type\":\"WebSite\",\"@id\":\"https:\\\/\\\/cj.estrategia.com\\\/portal\\\/#website\",\"url\":\"https:\\\/\\\/cj.estrategia.com\\\/portal\\\/\",\"name\":\"Blog - Carreiras Jur\u00eddicas - Estrat\u00e9gia\",\"description\":\"\",\"publisher\":{\"@id\":\"https:\\\/\\\/cj.estrategia.com\\\/portal\\\/#organization\"},\"potentialAction\":[{\"@type\":\"SearchAction\",\"target\":{\"@type\":\"EntryPoint\",\"urlTemplate\":\"https:\\\/\\\/cj.estrategia.com\\\/portal\\\/?s={search_term_string}\"},\"query-input\":{\"@type\":\"PropertyValueSpecification\",\"valueRequired\":true,\"valueName\":\"search_term_string\"}}],\"inLanguage\":\"pt-BR\"},{\"@type\":\"Organization\",\"@id\":\"https:\\\/\\\/cj.estrategia.com\\\/portal\\\/#organization\",\"name\":\"Estrat\u00e9gia - Carreiras Jur\u00eddicas\",\"url\":\"https:\\\/\\\/cj.estrategia.com\\\/portal\\\/\",\"logo\":{\"@type\":\"ImageObject\",\"inLanguage\":\"pt-BR\",\"@id\":\"https:\\\/\\\/cj.estrategia.com\\\/portal\\\/#\\\/schema\\\/logo\\\/image\\\/\",\"url\":\"https:\\\/\\\/cj.estrategia.com\\\/portal\\\/wp-content\\\/uploads\\\/2022\\\/03\\\/11151052\\\/cj-logo.png\",\"contentUrl\":\"https:\\\/\\\/cj.estrategia.com\\\/portal\\\/wp-content\\\/uploads\\\/2022\\\/03\\\/11151052\\\/cj-logo.png\",\"width\":150,\"height\":39,\"caption\":\"Estrat\u00e9gia - Carreiras Jur\u00eddicas\"},\"image\":{\"@id\":\"https:\\\/\\\/cj.estrategia.com\\\/portal\\\/#\\\/schema\\\/logo\\\/image\\\/\"},\"sameAs\":[\"https:\\\/\\\/www.facebook.com\\\/estrategiacarreirajuridica\\\/\",\"https:\\\/\\\/x.com\\\/EstratJuridica\",\"https:\\\/\\\/www.instagram.com\\\/estrategiacarreirajuridica\\\/\",\"https:\\\/\\\/www.youtube.com\\\/channel\\\/UClbMGuYbj2Mh1m3w144ETWQ\"]},{\"@type\":\"Person\",\"@id\":\"https:\\\/\\\/cj.estrategia.com\\\/portal\\\/#\\\/schema\\\/person\\\/4caf0099c42d736f2aade723f309f690\",\"name\":\"Jos\u00e9 Ferreira\",\"image\":{\"@type\":\"ImageObject\",\"inLanguage\":\"pt-BR\",\"@id\":\"https:\\\/\\\/cj.estrategia.com\\\/portal\\\/wp-content\\\/uploads\\\/2025\\\/04\\\/18142237\\\/jose-ferreira-navarro-analista-de-conteudo-jornalismo-carreiras-juridicas-96x96.png\",\"url\":\"https:\\\/\\\/cj.estrategia.com\\\/portal\\\/wp-content\\\/uploads\\\/2025\\\/04\\\/18142237\\\/jose-ferreira-navarro-analista-de-conteudo-jornalismo-carreiras-juridicas-96x96.png\",\"contentUrl\":\"https:\\\/\\\/cj.estrategia.com\\\/portal\\\/wp-content\\\/uploads\\\/2025\\\/04\\\/18142237\\\/jose-ferreira-navarro-analista-de-conteudo-jornalismo-carreiras-juridicas-96x96.png\",\"caption\":\"Jos\u00e9 Ferreira\"},\"description\":\"Analista de conte\u00fado na equipe de Jornalismo, atua com SEO e estrat\u00e9gia para desenvolver conte\u00fados relevantes e de alta qualidade voltados para OAB e para o universo de Concursos Jur\u00eddicos.\",\"url\":\"https:\\\/\\\/cj.estrategia.com\\\/portal\\\/author\\\/jose-navarro-de-andrade-cintra-ferreira\\\/\"}]}<\/script>\n<!-- \/ Yoast SEO Premium plugin. -->","yoast_head_json":{"title":"Como melhorar sua argumenta\u00e7\u00e3o na prova oral do MP","description":"Aprenda estrat\u00e9gias pr\u00e1ticas para dominar sua argumenta\u00e7\u00e3o na prova oral do MP e se destacar na carreira jur\u00eddica de elite.","robots":{"index":"index","follow":"follow","max-snippet":"max-snippet:-1","max-image-preview":"max-image-preview:large","max-video-preview":"max-video-preview:-1"},"canonical":"https:\/\/cj.estrategia.com\/portal\/melhorar-argumentacao-prova-oral-mp\/","og_locale":"pt_BR","og_type":"article","og_title":"Como melhorar sua argumenta\u00e7\u00e3o na prova oral do MP","og_description":"Aprenda estrat\u00e9gias pr\u00e1ticas para dominar sua argumenta\u00e7\u00e3o na prova oral do MP e se destacar na carreira jur\u00eddica de elite.","og_url":"https:\/\/cj.estrategia.com\/portal\/melhorar-argumentacao-prova-oral-mp\/","og_site_name":"Blog - Carreiras Jur\u00eddicas - Estrat\u00e9gia","article_publisher":"https:\/\/www.facebook.com\/estrategiacarreirajuridica\/","article_published_time":"2026-03-10T08:45:00+00:00","og_image":[{"width":2459,"height":1383,"url":"https:\/\/cj.estrategia.com\/portal\/wp-content\/uploads\/2026\/02\/04103840\/promotorias.jpg","type":"image\/jpeg"}],"author":"Jos\u00e9 Ferreira","twitter_card":"summary_large_image","twitter_creator":"@EstratJuridica","twitter_site":"@EstratJuridica","twitter_misc":{"Escrito por":"Jos\u00e9 Ferreira","Est. tempo de leitura":"4 minutos"},"schema":{"@context":"https:\/\/schema.org","@graph":[{"@type":"NewsArticle","@id":"https:\/\/cj.estrategia.com\/portal\/melhorar-argumentacao-prova-oral-mp\/#article","isPartOf":{"@id":"https:\/\/cj.estrategia.com\/portal\/melhorar-argumentacao-prova-oral-mp\/"},"author":{"name":"Jos\u00e9 Ferreira","@id":"https:\/\/cj.estrategia.com\/portal\/#\/schema\/person\/4caf0099c42d736f2aade723f309f690"},"headline":"Como melhorar sua argumenta\u00e7\u00e3o na prova oral do MP","datePublished":"2026-03-10T08:45:00+00:00","mainEntityOfPage":{"@id":"https:\/\/cj.estrategia.com\/portal\/melhorar-argumentacao-prova-oral-mp\/"},"wordCount":606,"commentCount":0,"publisher":{"@id":"https:\/\/cj.estrategia.com\/portal\/#organization"},"image":{"@id":"https:\/\/cj.estrategia.com\/portal\/melhorar-argumentacao-prova-oral-mp\/#primaryimage"},"thumbnailUrl":"https:\/\/cj.estrategia.com\/portal\/wp-content\/uploads\/2026\/02\/04103840\/promotorias.jpg","articleSection":["Promotoria"],"inLanguage":"pt-BR","potentialAction":[{"@type":"CommentAction","name":"Comment","target":["https:\/\/cj.estrategia.com\/portal\/melhorar-argumentacao-prova-oral-mp\/#respond"]}]},{"@type":"WebPage","@id":"https:\/\/cj.estrategia.com\/portal\/melhorar-argumentacao-prova-oral-mp\/","url":"https:\/\/cj.estrategia.com\/portal\/melhorar-argumentacao-prova-oral-mp\/","name":"Como melhorar sua argumenta\u00e7\u00e3o na prova oral do MP","isPartOf":{"@id":"https:\/\/cj.estrategia.com\/portal\/#website"},"primaryImageOfPage":{"@id":"https:\/\/cj.estrategia.com\/portal\/melhorar-argumentacao-prova-oral-mp\/#primaryimage"},"image":{"@id":"https:\/\/cj.estrategia.com\/portal\/melhorar-argumentacao-prova-oral-mp\/#primaryimage"},"thumbnailUrl":"https:\/\/cj.estrategia.com\/portal\/wp-content\/uploads\/2026\/02\/04103840\/promotorias.jpg","datePublished":"2026-03-10T08:45:00+00:00","description":"Aprenda estrat\u00e9gias pr\u00e1ticas para dominar sua argumenta\u00e7\u00e3o na prova oral do MP e se destacar na carreira jur\u00eddica de elite.","breadcrumb":{"@id":"https:\/\/cj.estrategia.com\/portal\/melhorar-argumentacao-prova-oral-mp\/#breadcrumb"},"inLanguage":"pt-BR","potentialAction":[{"@type":"ReadAction","target":["https:\/\/cj.estrategia.com\/portal\/melhorar-argumentacao-prova-oral-mp\/"]}]},{"@type":"ImageObject","inLanguage":"pt-BR","@id":"https:\/\/cj.estrategia.com\/portal\/melhorar-argumentacao-prova-oral-mp\/#primaryimage","url":"https:\/\/cj.estrategia.com\/portal\/wp-content\/uploads\/2026\/02\/04103840\/promotorias.jpg","contentUrl":"https:\/\/cj.estrategia.com\/portal\/wp-content\/uploads\/2026\/02\/04103840\/promotorias.jpg","width":2459,"height":1383,"caption":"Imagem para ilustrar capa de artigo ou news sobre concurso do MP MT Promotor"},{"@type":"BreadcrumbList","@id":"https:\/\/cj.estrategia.com\/portal\/melhorar-argumentacao-prova-oral-mp\/#breadcrumb","itemListElement":[{"@type":"ListItem","position":1,"name":"In\u00edcio","item":"https:\/\/cj.estrategia.com\/portal\/"},{"@type":"ListItem","position":2,"name":"Como melhorar sua argumenta\u00e7\u00e3o na prova oral do MP"}]},{"@type":"WebSite","@id":"https:\/\/cj.estrategia.com\/portal\/#website","url":"https:\/\/cj.estrategia.com\/portal\/","name":"Blog - Carreiras Jur\u00eddicas - Estrat\u00e9gia","description":"","publisher":{"@id":"https:\/\/cj.estrategia.com\/portal\/#organization"},"potentialAction":[{"@type":"SearchAction","target":{"@type":"EntryPoint","urlTemplate":"https:\/\/cj.estrategia.com\/portal\/?s={search_term_string}"},"query-input":{"@type":"PropertyValueSpecification","valueRequired":true,"valueName":"search_term_string"}}],"inLanguage":"pt-BR"},{"@type":"Organization","@id":"https:\/\/cj.estrategia.com\/portal\/#organization","name":"Estrat\u00e9gia - Carreiras Jur\u00eddicas","url":"https:\/\/cj.estrategia.com\/portal\/","logo":{"@type":"ImageObject","inLanguage":"pt-BR","@id":"https:\/\/cj.estrategia.com\/portal\/#\/schema\/logo\/image\/","url":"https:\/\/cj.estrategia.com\/portal\/wp-content\/uploads\/2022\/03\/11151052\/cj-logo.png","contentUrl":"https:\/\/cj.estrategia.com\/portal\/wp-content\/uploads\/2022\/03\/11151052\/cj-logo.png","width":150,"height":39,"caption":"Estrat\u00e9gia - Carreiras Jur\u00eddicas"},"image":{"@id":"https:\/\/cj.estrategia.com\/portal\/#\/schema\/logo\/image\/"},"sameAs":["https:\/\/www.facebook.com\/estrategiacarreirajuridica\/","https:\/\/x.com\/EstratJuridica","https:\/\/www.instagram.com\/estrategiacarreirajuridica\/","https:\/\/www.youtube.com\/channel\/UClbMGuYbj2Mh1m3w144ETWQ"]},{"@type":"Person","@id":"https:\/\/cj.estrategia.com\/portal\/#\/schema\/person\/4caf0099c42d736f2aade723f309f690","name":"Jos\u00e9 Ferreira","image":{"@type":"ImageObject","inLanguage":"pt-BR","@id":"https:\/\/cj.estrategia.com\/portal\/wp-content\/uploads\/2025\/04\/18142237\/jose-ferreira-navarro-analista-de-conteudo-jornalismo-carreiras-juridicas-96x96.png","url":"https:\/\/cj.estrategia.com\/portal\/wp-content\/uploads\/2025\/04\/18142237\/jose-ferreira-navarro-analista-de-conteudo-jornalismo-carreiras-juridicas-96x96.png","contentUrl":"https:\/\/cj.estrategia.com\/portal\/wp-content\/uploads\/2025\/04\/18142237\/jose-ferreira-navarro-analista-de-conteudo-jornalismo-carreiras-juridicas-96x96.png","caption":"Jos\u00e9 Ferreira"},"description":"Analista de conte\u00fado na equipe de Jornalismo, atua com SEO e estrat\u00e9gia para desenvolver conte\u00fados relevantes e de alta qualidade voltados para OAB e para o universo de Concursos Jur\u00eddicos.","url":"https:\/\/cj.estrategia.com\/portal\/author\/jose-navarro-de-andrade-cintra-ferreira\/"}]}},"jetpack_featured_media_url":"https:\/\/cj.estrategia.com\/portal\/wp-content\/uploads\/2026\/02\/04103840\/promotorias.jpg","jetpack_sharing_enabled":true,"_links":{"self":[{"href":"https:\/\/cj.estrategia.com\/portal\/wp-json\/wp\/v2\/posts\/181915","targetHints":{"allow":["GET"]}}],"collection":[{"href":"https:\/\/cj.estrategia.com\/portal\/wp-json\/wp\/v2\/posts"}],"about":[{"href":"https:\/\/cj.estrategia.com\/portal\/wp-json\/wp\/v2\/types\/post"}],"author":[{"embeddable":true,"href":"https:\/\/cj.estrategia.com\/portal\/wp-json\/wp\/v2\/users\/162"}],"replies":[{"embeddable":true,"href":"https:\/\/cj.estrategia.com\/portal\/wp-json\/wp\/v2\/comments?post=181915"}],"version-history":[{"count":2,"href":"https:\/\/cj.estrategia.com\/portal\/wp-json\/wp\/v2\/posts\/181915\/revisions"}],"predecessor-version":[{"id":181917,"href":"https:\/\/cj.estrategia.com\/portal\/wp-json\/wp\/v2\/posts\/181915\/revisions\/181917"}],"wp:featuredmedia":[{"embeddable":true,"href":"https:\/\/cj.estrategia.com\/portal\/wp-json\/wp\/v2\/media\/177676"}],"wp:attachment":[{"href":"https:\/\/cj.estrategia.com\/portal\/wp-json\/wp\/v2\/media?parent=181915"}],"wp:term":[{"taxonomy":"category","embeddable":true,"href":"https:\/\/cj.estrategia.com\/portal\/wp-json\/wp\/v2\/categories?post=181915"},{"taxonomy":"post_tag","embeddable":true,"href":"https:\/\/cj.estrategia.com\/portal\/wp-json\/wp\/v2\/tags?post=181915"},{"taxonomy":"tax_estado","embeddable":true,"href":"https:\/\/cj.estrategia.com\/portal\/wp-json\/wp\/v2\/tax_estado?post=181915"}],"curies":[{"name":"wp","href":"https:\/\/api.w.org\/{rel}","templated":true}]}}