{"id":180124,"date":"2026-02-21T12:25:59","date_gmt":"2026-02-21T15:25:59","guid":{"rendered":"https:\/\/cj.estrategia.com\/portal\/?p=180124"},"modified":"2026-02-21T12:58:41","modified_gmt":"2026-02-21T15:58:41","slug":"enac-2026-1-como-se-inscrever-na-selecao","status":"publish","type":"post","link":"https:\/\/cj.estrategia.com\/portal\/enac-2026-1-como-se-inscrever-na-selecao\/","title":{"rendered":"ENAC 2026.1: como se inscrever na sele\u00e7\u00e3o?"},"content":{"rendered":"\n<p>Est\u00e3o abertas as inscri\u00e7\u00f5es para o <strong>ENAC 2026 (Exame Nacional dos Cart\u00f3rios)<\/strong>, etapa obrigat\u00f3ria para quem deseja ingressar na atividade notarial e de registro no Brasil. <\/p>\n\n\n\n<p>O procedimento \u00e9 totalmente online e exige aten\u00e7\u00e3o aos prazos, envio de documentos e pagamento da taxa.<\/p>\n\n\n\n<p>Organizado pela Funda\u00e7\u00e3o Getulio Vargas, o exame segue as diretrizes do Conselho Nacional de Justi\u00e7a e do Provimento CNJ n\u00ba 184\/2024. Confira o passo a passo para garantir sua participa\u00e7\u00e3o.<\/p>\n\n\n\n<h2 class=\"wp-block-heading\" id=\"h-prazo-de-inscricao\"><span id=\"prazo-de-inscricao\">Prazo de inscri\u00e7\u00e3o<\/span><\/h2>\n\n\n\n<p>As inscri\u00e7\u00f5es estar\u00e3o abertas:<\/p>\n\n\n\n<p><strong>Das 16h do dia 19 de fevereiro de 2026 at\u00e9 as 16h do dia 23 de mar\u00e7o de 2026<\/strong><br>(Hor\u00e1rio oficial de Bras\u00edlia\/DF)<\/p>\n\n\n\n<p>Ap\u00f3s esse hor\u00e1rio, o sistema ser\u00e1 automaticamente encerrado.<\/p>\n\n\n\n<h2 class=\"wp-block-heading\" id=\"h-como-se-inscrever-no-enac-2026\"><span id=\"como-se-inscrever-no-enac-2026\">Como se inscrever no ENAC 2026<\/span><\/h2>\n\n\n\n<p>A inscri\u00e7\u00e3o deve ser feita exclusivamente pelo site:  <a href=\"https:\/\/conhecimento.fgv.br\/exames\/enac\/3exame\">https:\/\/conhecimento.fgv.br\/exames\/enac\/3exame<\/a><\/p>\n\n\n\n<h3 class=\"wp-block-heading\" id=\"h-passo-a-passo\"><span id=\"passo-a-passo\">Passo a passo<\/span><\/h3>\n\n\n\n<ol class=\"wp-block-list\">\n<li><strong>Acessar o requerimento de inscri\u00e7\u00e3o<\/strong> dentro do per\u00edodo estabelecido.<\/li>\n\n\n\n<li><strong>Preencher corretamente o formul\u00e1rio<\/strong>, informando:\n<ul class=\"wp-block-list\">\n<li>Cidade de realiza\u00e7\u00e3o da prova;<\/li>\n\n\n\n<li>Dados pessoais completos;<\/li>\n\n\n\n<li>Op\u00e7\u00e3o de participa\u00e7\u00e3o (bacharel em Direito ou quem exerceu fun\u00e7\u00e3o notarial\/registral por 10 anos).<\/li>\n<\/ul>\n<\/li>\n\n\n\n<li><strong>Enviar (upload) os documentos obrigat\u00f3rios:<\/strong>\n<ul class=\"wp-block-list\">\n<li>Documento de identifica\u00e7\u00e3o com CPF;<\/li>\n\n\n\n<li>Foto 3&#215;4 recente (formato JPG\/JPEG, at\u00e9 1MB);<\/li>\n\n\n\n<li>Laudo m\u00e9dico (para pessoa com defici\u00eancia);<\/li>\n\n\n\n<li>RANI ou certid\u00e3o da Funda\u00e7\u00e3o Palmares (quando aplic\u00e1vel).<\/li>\n<\/ul>\n<\/li>\n\n\n\n<li><strong>Emitir a GRU Cobran\u00e7a<\/strong>, gerada automaticamente ao final da inscri\u00e7\u00e3o.<\/li>\n\n\n\n<li><strong>Efetuar o pagamento da taxa at\u00e9 24 de mar\u00e7o de 2026<\/strong>.<\/li>\n<\/ol>\n\n\n\n<h2 class=\"wp-block-heading\" id=\"h-valor-da-taxa\"><span id=\"valor-da-taxa\">Valor da taxa<\/span><\/h2>\n\n\n\n<p>A taxa de inscri\u00e7\u00e3o \u00e9 de: <strong>R$ 150,00<\/strong><\/p>\n\n\n\n<p> O pagamento:<\/p>\n\n\n\n<ul class=\"wp-block-list\">\n<li>Deve ser feito exclusivamente via <strong>GRU Cobran\u00e7a<\/strong>;<\/li>\n\n\n\n<li>Pode ser realizado em ag\u00eancia banc\u00e1ria ou por meio eletr\u00f4nico;<\/li>\n\n\n\n<li><strong>N\u00e3o ser\u00e3o aceitos<\/strong> PIX, TED, DOC, cart\u00e3o de cr\u00e9dito, dep\u00f3sito ou agendamento banc\u00e1rio.<\/li>\n<\/ul>\n\n\n\n<p>O pagamento ap\u00f3s 24\/03\/2026 implicar\u00e1 na n\u00e3o homologa\u00e7\u00e3o da inscri\u00e7\u00e3o.<\/p>\n\n\n\n<h2 class=\"wp-block-heading\" id=\"h-atencao-aos-candidatos\"><span id=\"atencao-aos-candidatos\">Aten\u00e7\u00e3o aos candidatos<\/span><\/h2>\n\n\n\n<ul class=\"wp-block-list\">\n<li>A inscri\u00e7\u00e3o s\u00f3 ser\u00e1 validada ap\u00f3s a confirma\u00e7\u00e3o do pagamento ou deferimento da isen\u00e7\u00e3o.<\/li>\n\n\n\n<li>N\u00e3o ser\u00e1 permitida inscri\u00e7\u00e3o por e-mail, correio ou fora do prazo.<\/li>\n\n\n\n<li>O valor da taxa <strong>n\u00e3o ser\u00e1 devolvido<\/strong>, salvo cancelamento do exame.<\/li>\n\n\n\n<li>\u00c9 poss\u00edvel solicitar uso de <strong>nome social<\/strong> at\u00e9 23 de mar\u00e7o de 2026, pelo e-mail <a>enac@fgv.br<\/a>.<\/li>\n\n\n\n<li>Caso haja mais de uma inscri\u00e7\u00e3o paga, apenas a <strong>\u00faltima realizada<\/strong> ser\u00e1 considerada v\u00e1lida.<\/li>\n<\/ul>\n\n\n\n<h2 class=\"wp-block-heading\" id=\"h-quem-pode-participar\"><span id=\"quem-pode-participar\">Quem pode participar?<\/span><\/h2>\n\n\n\n<p>No ato da inscri\u00e7\u00e3o, o candidato dever\u00e1 declarar que:<\/p>\n\n\n\n<ul class=\"wp-block-list\">\n<li>Possui <strong>gradua\u00e7\u00e3o em Direito reconhecida pelo MEC<\/strong>, ou<\/li>\n\n\n\n<li>Exerceu por <strong>10 anos fun\u00e7\u00e3o em servi\u00e7os notariais ou de registro<\/strong>.<\/li>\n<\/ul>\n\n\n\n<p>A aus\u00eancia de documentos obrigat\u00f3rios pode gerar elimina\u00e7\u00e3o do exame a qualquer tempo.<\/p>\n\n\n\n<p>O ENAC \u00e9 requisito fundamental para quem pretende disputar concursos de cart\u00f3rios em todo o pa\u00eds. O edital j\u00e1 est\u00e1 publicado no Di\u00e1rio Oficial da Uni\u00e3o, e o per\u00edodo de inscri\u00e7\u00e3o exige aten\u00e7\u00e3o redobrada para evitar erros que possam comprometer a participa\u00e7\u00e3o.<\/p>\n\n\n\n<ul class=\"wp-block-list\">\n<li><strong><a href=\"https:\/\/cj.estrategia.com\/portal\/wp-content\/uploads\/2026\/02\/09055818\/Edital-ENAC-2026.1.pdf\">Edital ENAC 2026.1<\/a><\/strong><\/li>\n<\/ul>\n\n\n\n<p class=\"has-text-align-center has-luminous-vivid-amber-to-luminous-vivid-orange-gradient-background has-background\"><strong>Saiba tudo em: <a href=\"https:\/\/cj.estrategia.com\/portal\/exame-nacional-de-cartorios\/\" target=\"_blank\" >Guia completo do Exame Nacional dos Cart\u00f3rios<\/a><\/strong><\/p>\n\n\n\n<h2 class=\"wp-block-heading has-text-align-center\" id=\"h-quer-saber-tudo-sobre-concursos-previstos-confira-nossos-artigos\"><span id=\"quer-saber-tudo-sobre-concursos-previstos-confira-nossos-artigos\">Quer saber tudo sobre concursos previstos? <br>Confira nossos artigos!<\/span><\/h2>\n\n\n\n<ul class=\"wp-block-list\">\n<li><a href=\"https:\/\/cj.estrategia.com\/portal\/concursos-abertos-carreiras-juridicas\/\" target=\"_blank\" >Concursos Jur\u00eddicos abertos<\/a><\/li>\n\n\n\n<li><a href=\"https:\/\/cj.estrategia.com\/portal\/concursos-juridicos-2026-prepare-se-para-os-proximos-editais\/\" target=\"_blank\" >Concursos Jur\u00eddicos 2026<\/a><\/li>\n\n\n\n<li><a href=\"https:\/\/cj.estrategia.com\/portal\/concursos-de-cartorio\/\" target=\"_blank\" >Concursos Cart\u00f3rios<\/a><\/li>\n<\/ul>\n\n\n\n<h2 class=\"wp-block-heading has-text-align-center\" id=\"CURSO\"><span id=\"cursos-e-assinaturas\">CURSOS E ASSINATURAS<\/span><\/h2>\n\n\n\n<div class=\"wp-block-cover\" style=\"min-height:155px;aspect-ratio:unset;\"><img decoding=\"async\" width=\"1890\" height=\"351\" class=\"wp-block-cover__image-background wp-image-8669\" alt=\"Assinaturas Jur\u00eddicas\" src=\"https:\/\/cj.estrategia.com\/portal\/wp-content\/uploads\/2022\/06\/20151253\/concurso-carreiras-juridicas-assinatura-juridica.jpg\" style=\"object-position:78% 43%\" data-object-fit=\"cover\" data-object-position=\"78% 43%\" srcset=\"https:\/\/cj.estrategia.com\/portal\/wp-content\/uploads\/2022\/06\/20151253\/concurso-carreiras-juridicas-assinatura-juridica.jpg 1890w, https:\/\/cj.estrategia.com\/portal\/wp-content\/uploads\/2022\/06\/20151253\/concurso-carreiras-juridicas-assinatura-juridica-300x56.jpg 300w, https:\/\/cj.estrategia.com\/portal\/wp-content\/uploads\/2022\/06\/20151253\/concurso-carreiras-juridicas-assinatura-juridica-1024x190.jpg 1024w, https:\/\/cj.estrategia.com\/portal\/wp-content\/uploads\/2022\/06\/20151253\/concurso-carreiras-juridicas-assinatura-juridica-768x143.jpg 768w, https:\/\/cj.estrategia.com\/portal\/wp-content\/uploads\/2022\/06\/20151253\/concurso-carreiras-juridicas-assinatura-juridica-1536x285.jpg 1536w, https:\/\/cj.estrategia.com\/portal\/wp-content\/uploads\/2022\/06\/20151253\/concurso-carreiras-juridicas-assinatura-juridica-380x71.jpg 380w, https:\/\/cj.estrategia.com\/portal\/wp-content\/uploads\/2022\/06\/20151253\/concurso-carreiras-juridicas-assinatura-juridica-800x149.jpg 800w, https:\/\/cj.estrategia.com\/portal\/wp-content\/uploads\/2022\/06\/20151253\/concurso-carreiras-juridicas-assinatura-juridica-1160x215.jpg 1160w\" sizes=\"(max-width: 1890px) 100vw, 1890px\" \/><span aria-hidden=\"true\" class=\"wp-block-cover__background has-background-dim\"><\/span><div class=\"wp-block-cover__inner-container is-layout-flow wp-block-cover-is-layout-flow\">\n<h3 id=\"faca-a-sua-assinatura\" class=\"titulo-assinatura\"><span style=\"color: #ffffff;\">Fa\u00e7a a sua assinatura!<\/span><\/h3>\n<p class=\"subtitulo-assinatura\" style=\"display:block!important; line-height: 0;\"><span style=\"color: #ffffff;\">Escolha a sua \u00e1rea.<\/span><\/p>\n<a target=\"_blank\" href=\"https:\/\/www.estrategiaconcursos.com.br\/assinaturas-ecj\/\" rel=\"noopener\"><button style=\"border-radius: 10px; text-transform: capitalize;\">Acessar<\/button><\/a>\n<\/div><\/div>\n\n\n\n<p><\/p>\n\n\n\n<p><\/p>\n","protected":false},"excerpt":{"rendered":"Est\u00e3o abertas as inscri\u00e7\u00f5es para o ENAC 2026 (Exame Nacional dos Cart\u00f3rios), etapa obrigat\u00f3ria para quem deseja ingressar&hellip;\n","protected":false},"author":135,"featured_media":177772,"comment_status":"open","ping_status":"open","sticky":false,"template":"","format":"standard","meta":{"_jetpack_memberships_contains_paid_content":false,"footnotes":""},"categories":[29],"tags":[],"tax_estado":[36],"class_list":{"0":"post-180124","1":"post","2":"type-post","3":"status-publish","4":"format-standard","5":"has-post-thumbnail","7":"category-cartorio","8":"tax_estado-concursos-federais"},"acf":[],"yoast_head":"<!-- This site is optimized with the Yoast SEO Premium plugin v27.4 (Yoast SEO v27.4) - https:\/\/yoast.com\/product\/yoast-seo-premium-wordpress\/ -->\n<title>ENAC 2026.1: como se inscrever na sele\u00e7\u00e3o?<\/title>\n<meta name=\"description\" content=\"ENAC 2026.1: como se inscrever na sele\u00e7\u00e3o? Confira AQUI a resposta para esta pergunta e n\u00e3o deixe para a \u00faltima hora!\" \/>\n<meta name=\"robots\" content=\"index, follow, max-snippet:-1, max-image-preview:large, max-video-preview:-1\" \/>\n<link rel=\"canonical\" href=\"https:\/\/cj.estrategia.com\/portal\/enac-2026-1-como-se-inscrever-na-selecao\/\" \/>\n<meta property=\"og:locale\" content=\"pt_BR\" \/>\n<meta property=\"og:type\" content=\"article\" \/>\n<meta property=\"og:title\" content=\"ENAC 2026.1: como se inscrever na sele\u00e7\u00e3o?\" \/>\n<meta property=\"og:description\" content=\"ENAC 2026.1: como se inscrever na sele\u00e7\u00e3o? Confira AQUI a resposta para esta pergunta e n\u00e3o deixe para a \u00faltima hora!\" \/>\n<meta property=\"og:url\" content=\"https:\/\/cj.estrategia.com\/portal\/enac-2026-1-como-se-inscrever-na-selecao\/\" \/>\n<meta property=\"og:site_name\" content=\"Blog - Carreiras Jur\u00eddicas - Estrat\u00e9gia\" \/>\n<meta property=\"article:publisher\" content=\"https:\/\/www.facebook.com\/estrategiacarreirajuridica\/\" \/>\n<meta property=\"article:published_time\" content=\"2026-02-21T15:25:59+00:00\" \/>\n<meta property=\"article:modified_time\" content=\"2026-02-21T15:58:41+00:00\" \/>\n<meta property=\"og:image\" content=\"https:\/\/cj.estrategia.com\/portal\/wp-content\/uploads\/2026\/02\/04114812\/cartorios.jpg\" \/>\n\t<meta property=\"og:image:width\" content=\"2459\" \/>\n\t<meta property=\"og:image:height\" content=\"1383\" \/>\n\t<meta property=\"og:image:type\" content=\"image\/jpeg\" \/>\n<meta name=\"author\" content=\"Tauana Silva\" \/>\n<meta name=\"twitter:card\" content=\"summary_large_image\" \/>\n<meta name=\"twitter:creator\" content=\"@EstratJuridica\" \/>\n<meta name=\"twitter:site\" content=\"@EstratJuridica\" \/>\n<meta name=\"twitter:label1\" content=\"Escrito por\" \/>\n\t<meta name=\"twitter:data1\" content=\"Tauana Silva\" \/>\n\t<meta name=\"twitter:label2\" content=\"Est. tempo de leitura\" \/>\n\t<meta name=\"twitter:data2\" content=\"3 minutos\" \/>\n<script type=\"application\/ld+json\" class=\"yoast-schema-graph\">{\"@context\":\"https:\\\/\\\/schema.org\",\"@graph\":[{\"@type\":\"NewsArticle\",\"@id\":\"https:\\\/\\\/cj.estrategia.com\\\/portal\\\/enac-2026-1-como-se-inscrever-na-selecao\\\/#article\",\"isPartOf\":{\"@id\":\"https:\\\/\\\/cj.estrategia.com\\\/portal\\\/enac-2026-1-como-se-inscrever-na-selecao\\\/\"},\"author\":{\"name\":\"Tauana Silva\",\"@id\":\"https:\\\/\\\/cj.estrategia.com\\\/portal\\\/#\\\/schema\\\/person\\\/cb116423095e5a9f157a839dc8a808eb\"},\"headline\":\"ENAC 2026.1: como se inscrever na sele\u00e7\u00e3o?\",\"datePublished\":\"2026-02-21T15:25:59+00:00\",\"dateModified\":\"2026-02-21T15:58:41+00:00\",\"mainEntityOfPage\":{\"@id\":\"https:\\\/\\\/cj.estrategia.com\\\/portal\\\/enac-2026-1-como-se-inscrever-na-selecao\\\/\"},\"wordCount\":535,\"commentCount\":0,\"publisher\":{\"@id\":\"https:\\\/\\\/cj.estrategia.com\\\/portal\\\/#organization\"},\"image\":{\"@id\":\"https:\\\/\\\/cj.estrategia.com\\\/portal\\\/enac-2026-1-como-se-inscrever-na-selecao\\\/#primaryimage\"},\"thumbnailUrl\":\"https:\\\/\\\/cj.estrategia.com\\\/portal\\\/wp-content\\\/uploads\\\/2026\\\/02\\\/04114812\\\/cartorios.jpg\",\"articleSection\":[\"Cart\u00f3rio\"],\"inLanguage\":\"pt-BR\",\"potentialAction\":[{\"@type\":\"CommentAction\",\"name\":\"Comment\",\"target\":[\"https:\\\/\\\/cj.estrategia.com\\\/portal\\\/enac-2026-1-como-se-inscrever-na-selecao\\\/#respond\"]}]},{\"@type\":\"WebPage\",\"@id\":\"https:\\\/\\\/cj.estrategia.com\\\/portal\\\/enac-2026-1-como-se-inscrever-na-selecao\\\/\",\"url\":\"https:\\\/\\\/cj.estrategia.com\\\/portal\\\/enac-2026-1-como-se-inscrever-na-selecao\\\/\",\"name\":\"ENAC 2026.1: como se inscrever na sele\u00e7\u00e3o?\",\"isPartOf\":{\"@id\":\"https:\\\/\\\/cj.estrategia.com\\\/portal\\\/#website\"},\"primaryImageOfPage\":{\"@id\":\"https:\\\/\\\/cj.estrategia.com\\\/portal\\\/enac-2026-1-como-se-inscrever-na-selecao\\\/#primaryimage\"},\"image\":{\"@id\":\"https:\\\/\\\/cj.estrategia.com\\\/portal\\\/enac-2026-1-como-se-inscrever-na-selecao\\\/#primaryimage\"},\"thumbnailUrl\":\"https:\\\/\\\/cj.estrategia.com\\\/portal\\\/wp-content\\\/uploads\\\/2026\\\/02\\\/04114812\\\/cartorios.jpg\",\"datePublished\":\"2026-02-21T15:25:59+00:00\",\"dateModified\":\"2026-02-21T15:58:41+00:00\",\"description\":\"ENAC 2026.1: como se inscrever na sele\u00e7\u00e3o? Confira AQUI a resposta para esta pergunta e n\u00e3o deixe para a \u00faltima hora!\",\"breadcrumb\":{\"@id\":\"https:\\\/\\\/cj.estrategia.com\\\/portal\\\/enac-2026-1-como-se-inscrever-na-selecao\\\/#breadcrumb\"},\"inLanguage\":\"pt-BR\",\"potentialAction\":[{\"@type\":\"ReadAction\",\"target\":[\"https:\\\/\\\/cj.estrategia.com\\\/portal\\\/enac-2026-1-como-se-inscrever-na-selecao\\\/\"]}]},{\"@type\":\"ImageObject\",\"inLanguage\":\"pt-BR\",\"@id\":\"https:\\\/\\\/cj.estrategia.com\\\/portal\\\/enac-2026-1-como-se-inscrever-na-selecao\\\/#primaryimage\",\"url\":\"https:\\\/\\\/cj.estrategia.com\\\/portal\\\/wp-content\\\/uploads\\\/2026\\\/02\\\/04114812\\\/cartorios.jpg\",\"contentUrl\":\"https:\\\/\\\/cj.estrategia.com\\\/portal\\\/wp-content\\\/uploads\\\/2026\\\/02\\\/04114812\\\/cartorios.jpg\",\"width\":2459,\"height\":1383},{\"@type\":\"BreadcrumbList\",\"@id\":\"https:\\\/\\\/cj.estrategia.com\\\/portal\\\/enac-2026-1-como-se-inscrever-na-selecao\\\/#breadcrumb\",\"itemListElement\":[{\"@type\":\"ListItem\",\"position\":1,\"name\":\"In\u00edcio\",\"item\":\"https:\\\/\\\/cj.estrategia.com\\\/portal\\\/\"},{\"@type\":\"ListItem\",\"position\":2,\"name\":\"ENAC 2026.1: como se inscrever na sele\u00e7\u00e3o?\"}]},{\"@type\":\"WebSite\",\"@id\":\"https:\\\/\\\/cj.estrategia.com\\\/portal\\\/#website\",\"url\":\"https:\\\/\\\/cj.estrategia.com\\\/portal\\\/\",\"name\":\"Blog - Carreiras Jur\u00eddicas - Estrat\u00e9gia\",\"description\":\"\",\"publisher\":{\"@id\":\"https:\\\/\\\/cj.estrategia.com\\\/portal\\\/#organization\"},\"potentialAction\":[{\"@type\":\"SearchAction\",\"target\":{\"@type\":\"EntryPoint\",\"urlTemplate\":\"https:\\\/\\\/cj.estrategia.com\\\/portal\\\/?s={search_term_string}\"},\"query-input\":{\"@type\":\"PropertyValueSpecification\",\"valueRequired\":true,\"valueName\":\"search_term_string\"}}],\"inLanguage\":\"pt-BR\"},{\"@type\":\"Organization\",\"@id\":\"https:\\\/\\\/cj.estrategia.com\\\/portal\\\/#organization\",\"name\":\"Estrat\u00e9gia - Carreiras Jur\u00eddicas\",\"url\":\"https:\\\/\\\/cj.estrategia.com\\\/portal\\\/\",\"logo\":{\"@type\":\"ImageObject\",\"inLanguage\":\"pt-BR\",\"@id\":\"https:\\\/\\\/cj.estrategia.com\\\/portal\\\/#\\\/schema\\\/logo\\\/image\\\/\",\"url\":\"https:\\\/\\\/cj.estrategia.com\\\/portal\\\/wp-content\\\/uploads\\\/2022\\\/03\\\/11151052\\\/cj-logo.png\",\"contentUrl\":\"https:\\\/\\\/cj.estrategia.com\\\/portal\\\/wp-content\\\/uploads\\\/2022\\\/03\\\/11151052\\\/cj-logo.png\",\"width\":150,\"height\":39,\"caption\":\"Estrat\u00e9gia - Carreiras Jur\u00eddicas\"},\"image\":{\"@id\":\"https:\\\/\\\/cj.estrategia.com\\\/portal\\\/#\\\/schema\\\/logo\\\/image\\\/\"},\"sameAs\":[\"https:\\\/\\\/www.facebook.com\\\/estrategiacarreirajuridica\\\/\",\"https:\\\/\\\/x.com\\\/EstratJuridica\",\"https:\\\/\\\/www.instagram.com\\\/estrategiacarreirajuridica\\\/\",\"https:\\\/\\\/www.youtube.com\\\/channel\\\/UClbMGuYbj2Mh1m3w144ETWQ\"]},{\"@type\":\"Person\",\"@id\":\"https:\\\/\\\/cj.estrategia.com\\\/portal\\\/#\\\/schema\\\/person\\\/cb116423095e5a9f157a839dc8a808eb\",\"name\":\"Tauana Silva\",\"image\":{\"@type\":\"ImageObject\",\"inLanguage\":\"pt-BR\",\"@id\":\"https:\\\/\\\/cj.estrategia.com\\\/portal\\\/wp-content\\\/uploads\\\/2024\\\/04\\\/05223156\\\/WhatsApp-Image-2024-12-05-at-22.30.41-96x96.jpeg\",\"url\":\"https:\\\/\\\/cj.estrategia.com\\\/portal\\\/wp-content\\\/uploads\\\/2024\\\/04\\\/05223156\\\/WhatsApp-Image-2024-12-05-at-22.30.41-96x96.jpeg\",\"contentUrl\":\"https:\\\/\\\/cj.estrategia.com\\\/portal\\\/wp-content\\\/uploads\\\/2024\\\/04\\\/05223156\\\/WhatsApp-Image-2024-12-05-at-22.30.41-96x96.jpeg\",\"caption\":\"Tauana Silva\"},\"description\":\"Jornalista com expertise em gest\u00e3o e marketing, acumulando mais de uma d\u00e9cada de experi\u00eancia, com foco especializado nos \u00faltimos cinco anos no setor de concursos p\u00fablicos. Habilidades s\u00f3lidas como social media, em reda\u00e7\u00e3o jornal\u00edstica, pr\u00e1ticas de SEO e copywriting.\",\"url\":\"https:\\\/\\\/cj.estrategia.com\\\/portal\\\/author\\\/tauanasilva\\\/\"}]}<\/script>\n<!-- \/ Yoast SEO Premium plugin. -->","yoast_head_json":{"title":"ENAC 2026.1: como se inscrever na sele\u00e7\u00e3o?","description":"ENAC 2026.1: como se inscrever na sele\u00e7\u00e3o? Confira AQUI a resposta para esta pergunta e n\u00e3o deixe para a \u00faltima hora!","robots":{"index":"index","follow":"follow","max-snippet":"max-snippet:-1","max-image-preview":"max-image-preview:large","max-video-preview":"max-video-preview:-1"},"canonical":"https:\/\/cj.estrategia.com\/portal\/enac-2026-1-como-se-inscrever-na-selecao\/","og_locale":"pt_BR","og_type":"article","og_title":"ENAC 2026.1: como se inscrever na sele\u00e7\u00e3o?","og_description":"ENAC 2026.1: como se inscrever na sele\u00e7\u00e3o? Confira AQUI a resposta para esta pergunta e n\u00e3o deixe para a \u00faltima hora!","og_url":"https:\/\/cj.estrategia.com\/portal\/enac-2026-1-como-se-inscrever-na-selecao\/","og_site_name":"Blog - Carreiras Jur\u00eddicas - Estrat\u00e9gia","article_publisher":"https:\/\/www.facebook.com\/estrategiacarreirajuridica\/","article_published_time":"2026-02-21T15:25:59+00:00","article_modified_time":"2026-02-21T15:58:41+00:00","og_image":[{"width":2459,"height":1383,"url":"https:\/\/cj.estrategia.com\/portal\/wp-content\/uploads\/2026\/02\/04114812\/cartorios.jpg","type":"image\/jpeg"}],"author":"Tauana Silva","twitter_card":"summary_large_image","twitter_creator":"@EstratJuridica","twitter_site":"@EstratJuridica","twitter_misc":{"Escrito por":"Tauana Silva","Est. tempo de leitura":"3 minutos"},"schema":{"@context":"https:\/\/schema.org","@graph":[{"@type":"NewsArticle","@id":"https:\/\/cj.estrategia.com\/portal\/enac-2026-1-como-se-inscrever-na-selecao\/#article","isPartOf":{"@id":"https:\/\/cj.estrategia.com\/portal\/enac-2026-1-como-se-inscrever-na-selecao\/"},"author":{"name":"Tauana Silva","@id":"https:\/\/cj.estrategia.com\/portal\/#\/schema\/person\/cb116423095e5a9f157a839dc8a808eb"},"headline":"ENAC 2026.1: como se inscrever na sele\u00e7\u00e3o?","datePublished":"2026-02-21T15:25:59+00:00","dateModified":"2026-02-21T15:58:41+00:00","mainEntityOfPage":{"@id":"https:\/\/cj.estrategia.com\/portal\/enac-2026-1-como-se-inscrever-na-selecao\/"},"wordCount":535,"commentCount":0,"publisher":{"@id":"https:\/\/cj.estrategia.com\/portal\/#organization"},"image":{"@id":"https:\/\/cj.estrategia.com\/portal\/enac-2026-1-como-se-inscrever-na-selecao\/#primaryimage"},"thumbnailUrl":"https:\/\/cj.estrategia.com\/portal\/wp-content\/uploads\/2026\/02\/04114812\/cartorios.jpg","articleSection":["Cart\u00f3rio"],"inLanguage":"pt-BR","potentialAction":[{"@type":"CommentAction","name":"Comment","target":["https:\/\/cj.estrategia.com\/portal\/enac-2026-1-como-se-inscrever-na-selecao\/#respond"]}]},{"@type":"WebPage","@id":"https:\/\/cj.estrategia.com\/portal\/enac-2026-1-como-se-inscrever-na-selecao\/","url":"https:\/\/cj.estrategia.com\/portal\/enac-2026-1-como-se-inscrever-na-selecao\/","name":"ENAC 2026.1: como se inscrever na sele\u00e7\u00e3o?","isPartOf":{"@id":"https:\/\/cj.estrategia.com\/portal\/#website"},"primaryImageOfPage":{"@id":"https:\/\/cj.estrategia.com\/portal\/enac-2026-1-como-se-inscrever-na-selecao\/#primaryimage"},"image":{"@id":"https:\/\/cj.estrategia.com\/portal\/enac-2026-1-como-se-inscrever-na-selecao\/#primaryimage"},"thumbnailUrl":"https:\/\/cj.estrategia.com\/portal\/wp-content\/uploads\/2026\/02\/04114812\/cartorios.jpg","datePublished":"2026-02-21T15:25:59+00:00","dateModified":"2026-02-21T15:58:41+00:00","description":"ENAC 2026.1: como se inscrever na sele\u00e7\u00e3o? Confira AQUI a resposta para esta pergunta e n\u00e3o deixe para a \u00faltima hora!","breadcrumb":{"@id":"https:\/\/cj.estrategia.com\/portal\/enac-2026-1-como-se-inscrever-na-selecao\/#breadcrumb"},"inLanguage":"pt-BR","potentialAction":[{"@type":"ReadAction","target":["https:\/\/cj.estrategia.com\/portal\/enac-2026-1-como-se-inscrever-na-selecao\/"]}]},{"@type":"ImageObject","inLanguage":"pt-BR","@id":"https:\/\/cj.estrategia.com\/portal\/enac-2026-1-como-se-inscrever-na-selecao\/#primaryimage","url":"https:\/\/cj.estrategia.com\/portal\/wp-content\/uploads\/2026\/02\/04114812\/cartorios.jpg","contentUrl":"https:\/\/cj.estrategia.com\/portal\/wp-content\/uploads\/2026\/02\/04114812\/cartorios.jpg","width":2459,"height":1383},{"@type":"BreadcrumbList","@id":"https:\/\/cj.estrategia.com\/portal\/enac-2026-1-como-se-inscrever-na-selecao\/#breadcrumb","itemListElement":[{"@type":"ListItem","position":1,"name":"In\u00edcio","item":"https:\/\/cj.estrategia.com\/portal\/"},{"@type":"ListItem","position":2,"name":"ENAC 2026.1: como se inscrever na sele\u00e7\u00e3o?"}]},{"@type":"WebSite","@id":"https:\/\/cj.estrategia.com\/portal\/#website","url":"https:\/\/cj.estrategia.com\/portal\/","name":"Blog - Carreiras Jur\u00eddicas - Estrat\u00e9gia","description":"","publisher":{"@id":"https:\/\/cj.estrategia.com\/portal\/#organization"},"potentialAction":[{"@type":"SearchAction","target":{"@type":"EntryPoint","urlTemplate":"https:\/\/cj.estrategia.com\/portal\/?s={search_term_string}"},"query-input":{"@type":"PropertyValueSpecification","valueRequired":true,"valueName":"search_term_string"}}],"inLanguage":"pt-BR"},{"@type":"Organization","@id":"https:\/\/cj.estrategia.com\/portal\/#organization","name":"Estrat\u00e9gia - Carreiras Jur\u00eddicas","url":"https:\/\/cj.estrategia.com\/portal\/","logo":{"@type":"ImageObject","inLanguage":"pt-BR","@id":"https:\/\/cj.estrategia.com\/portal\/#\/schema\/logo\/image\/","url":"https:\/\/cj.estrategia.com\/portal\/wp-content\/uploads\/2022\/03\/11151052\/cj-logo.png","contentUrl":"https:\/\/cj.estrategia.com\/portal\/wp-content\/uploads\/2022\/03\/11151052\/cj-logo.png","width":150,"height":39,"caption":"Estrat\u00e9gia - Carreiras Jur\u00eddicas"},"image":{"@id":"https:\/\/cj.estrategia.com\/portal\/#\/schema\/logo\/image\/"},"sameAs":["https:\/\/www.facebook.com\/estrategiacarreirajuridica\/","https:\/\/x.com\/EstratJuridica","https:\/\/www.instagram.com\/estrategiacarreirajuridica\/","https:\/\/www.youtube.com\/channel\/UClbMGuYbj2Mh1m3w144ETWQ"]},{"@type":"Person","@id":"https:\/\/cj.estrategia.com\/portal\/#\/schema\/person\/cb116423095e5a9f157a839dc8a808eb","name":"Tauana Silva","image":{"@type":"ImageObject","inLanguage":"pt-BR","@id":"https:\/\/cj.estrategia.com\/portal\/wp-content\/uploads\/2024\/04\/05223156\/WhatsApp-Image-2024-12-05-at-22.30.41-96x96.jpeg","url":"https:\/\/cj.estrategia.com\/portal\/wp-content\/uploads\/2024\/04\/05223156\/WhatsApp-Image-2024-12-05-at-22.30.41-96x96.jpeg","contentUrl":"https:\/\/cj.estrategia.com\/portal\/wp-content\/uploads\/2024\/04\/05223156\/WhatsApp-Image-2024-12-05-at-22.30.41-96x96.jpeg","caption":"Tauana Silva"},"description":"Jornalista com expertise em gest\u00e3o e marketing, acumulando mais de uma d\u00e9cada de experi\u00eancia, com foco especializado nos \u00faltimos cinco anos no setor de concursos p\u00fablicos. Habilidades s\u00f3lidas como social media, em reda\u00e7\u00e3o jornal\u00edstica, pr\u00e1ticas de SEO e copywriting.","url":"https:\/\/cj.estrategia.com\/portal\/author\/tauanasilva\/"}]}},"jetpack_featured_media_url":"https:\/\/cj.estrategia.com\/portal\/wp-content\/uploads\/2026\/02\/04114812\/cartorios.jpg","jetpack_sharing_enabled":true,"_links":{"self":[{"href":"https:\/\/cj.estrategia.com\/portal\/wp-json\/wp\/v2\/posts\/180124","targetHints":{"allow":["GET"]}}],"collection":[{"href":"https:\/\/cj.estrategia.com\/portal\/wp-json\/wp\/v2\/posts"}],"about":[{"href":"https:\/\/cj.estrategia.com\/portal\/wp-json\/wp\/v2\/types\/post"}],"author":[{"embeddable":true,"href":"https:\/\/cj.estrategia.com\/portal\/wp-json\/wp\/v2\/users\/135"}],"replies":[{"embeddable":true,"href":"https:\/\/cj.estrategia.com\/portal\/wp-json\/wp\/v2\/comments?post=180124"}],"version-history":[{"count":4,"href":"https:\/\/cj.estrategia.com\/portal\/wp-json\/wp\/v2\/posts\/180124\/revisions"}],"predecessor-version":[{"id":180129,"href":"https:\/\/cj.estrategia.com\/portal\/wp-json\/wp\/v2\/posts\/180124\/revisions\/180129"}],"wp:featuredmedia":[{"embeddable":true,"href":"https:\/\/cj.estrategia.com\/portal\/wp-json\/wp\/v2\/media\/177772"}],"wp:attachment":[{"href":"https:\/\/cj.estrategia.com\/portal\/wp-json\/wp\/v2\/media?parent=180124"}],"wp:term":[{"taxonomy":"category","embeddable":true,"href":"https:\/\/cj.estrategia.com\/portal\/wp-json\/wp\/v2\/categories?post=180124"},{"taxonomy":"post_tag","embeddable":true,"href":"https:\/\/cj.estrategia.com\/portal\/wp-json\/wp\/v2\/tags?post=180124"},{"taxonomy":"tax_estado","embeddable":true,"href":"https:\/\/cj.estrategia.com\/portal\/wp-json\/wp\/v2\/tax_estado?post=180124"}],"curies":[{"name":"wp","href":"https:\/\/api.w.org\/{rel}","templated":true}]}}