{"id":180082,"date":"2026-02-20T18:43:43","date_gmt":"2026-02-20T21:43:43","guid":{"rendered":"https:\/\/cj.estrategia.com\/portal\/?p=180082"},"modified":"2026-02-20T18:43:49","modified_gmt":"2026-02-20T21:43:49","slug":"manifestacao-arte-intolerancia-religiosa-familia-conserva","status":"publish","type":"post","link":"https:\/\/cj.estrategia.com\/portal\/manifestacao-arte-intolerancia-religiosa-familia-conserva\/","title":{"rendered":"Pol\u00eamica no Carnaval: os limites da manifesta\u00e7\u00e3o da arte vs. intoler\u00e2ncia religiosa \u2013 o caso da fam\u00edlia em conserva"},"content":{"rendered":"\n<p>Ol\u00e1 pessoal, aqui \u00e9 o <strong>professor Allan Joos<\/strong>, e no artigo de hoje vamos fazer uma an\u00e1lise jur\u00eddica de algo que repercutiu bastante neste \u00faltimo carnaval. Recentemente, a <strong>Ordem dos Advogados do Brasil \u2013 Se\u00e7\u00e3o do Rio de Janeiro<\/strong>\u00a0emitiu uma nota p\u00fablica em que repudia, sob o termo \u201cintoler\u00e2ncia religiosa\u201d, um segmento do desfile da escola de samba <strong>Acad\u00eamicos de Niter\u00f3i<\/strong>\u00a0no Carnaval de 2026 \u2014 especificamente a ala denominada \u201cneoconservadores em conserva\u201d, que teria representado figuras associadas a valores conservadores, que supostamente incluiria evang\u00e9licos e outros grupos ligados \u00e0 religi\u00e3o crist\u00e3.<\/p>\n\n\n\n<p>A quest\u00e3o em debate n\u00e3o \u00e9 meramente pol\u00edtica ou cultural: envolve <strong>direitos fundamentais constitucionalmente assegurados<\/strong>, princ\u00edpios que estruturam o Estado Democr\u00e1tico de Direito e a possibilidade de conflito entre liberdades constitucionais.<\/p>\n\n\n\n<h2 class=\"wp-block-heading\" id=\"h-contextualizacao-dos-fatos\"><span id=\"contextualizacao-dos-fatos\">Contextualiza\u00e7\u00e3o dos fatos<\/span><\/h2>\n\n\n\n<pre class=\"wp-block-verse\">No \u00faltimo domingo de Carnaval, em um desfile bastante pol\u00eamico, a Acad\u00eamicos de Niter\u00f3i se apresentou na Marqu\u00eas de Sapuca\u00ed com um enredo em homenagem ao presidente Luiz In\u00e1cio Lula da Silva. Em uma das alas, intitulada \u201cneoconservadores em conserva\u201d, a escola usou figurinos em formato de lata de conserva com representa\u00e7\u00f5es que supostamente tinham por finalidade atingir evang\u00e9licos, defensores da fam\u00edlia tradicional e outros s\u00edmbolos sociais da ala conservadora. A alegoria foi transmitida ao vivo e rapidamente gerou rea\u00e7\u00f5es diversas nas redes sociais e no campo pol\u00edtico, especialmente os integrantes da direita brasileira.<\/pre>\n\n\n<div class=\"wp-block-image\">\n<figure class=\"aligncenter size-full\"><img decoding=\"async\" width=\"888\" height=\"460\" src=\"https:\/\/cj.estrategia.com\/portal\/wp-content\/uploads\/2026\/02\/20182539\/desfile-escola-samba-carnaval-niteroi.png\" alt=\"intoler\u00e2ncia religiosa\" class=\"wp-image-180088\" srcset=\"https:\/\/cj.estrategia.com\/portal\/wp-content\/uploads\/2026\/02\/20182539\/desfile-escola-samba-carnaval-niteroi.png 888w, https:\/\/cj.estrategia.com\/portal\/wp-content\/uploads\/2026\/02\/20182539\/desfile-escola-samba-carnaval-niteroi-300x155.png 300w, https:\/\/cj.estrategia.com\/portal\/wp-content\/uploads\/2026\/02\/20182539\/desfile-escola-samba-carnaval-niteroi-768x398.png 768w, https:\/\/cj.estrategia.com\/portal\/wp-content\/uploads\/2026\/02\/20182539\/desfile-escola-samba-carnaval-niteroi-380x197.png 380w, https:\/\/cj.estrategia.com\/portal\/wp-content\/uploads\/2026\/02\/20182539\/desfile-escola-samba-carnaval-niteroi-800x414.png 800w, https:\/\/cj.estrategia.com\/portal\/wp-content\/uploads\/2026\/02\/20182539\/desfile-escola-samba-carnaval-niteroi-150x78.png 150w\" sizes=\"(max-width: 888px) 100vw, 888px\" \/><figcaption class=\"wp-element-caption\">Foto: Reprodu\u00e7\u00e3o<\/figcaption><\/figure>\n<\/div>\n\n\n<p>A OAB-RJ entendeu, em nota oficial assinada por sua Comiss\u00e3o de Combate \u00e0 Intoler\u00e2ncia Religiosa e pela Comiss\u00e3o Especial de Advogados Crist\u00e3os, que essa representa\u00e7\u00e3o <strong>\u201cconfigurou pr\u00e1tica de preconceito religioso dirigido aos crist\u00e3os\u201d<\/strong>\u00a0e constitui afronta ao direito fundamental \u00e0 <strong><mark style=\"background-color:rgba(0, 0, 0, 0)\" class=\"has-inline-color has-luminous-vivid-orange-color\">liberdade de consci\u00eancia e de cren\u00e7a<\/mark><\/strong>, assegurado pelo <strong>art. 5\u00ba, VI, da Constitui\u00e7\u00e3o Federal<\/strong>\u00a0e por tratados internacionais de direitos humanos dos quais o Brasil \u00e9 signat\u00e1rio.<\/p>\n\n\n\n<h2 class=\"wp-block-heading\" id=\"h-direitos-fundamentais-em-conflito-liberdade-artistica-e-religiao\"><span id=\"direitos-fundamentais-em-conflito-liberdade-artistica-e-religiao\">Direitos fundamentais em conflito: liberdade art\u00edstica e religi\u00e3o<\/span><\/h2>\n\n\n\n<p>A controv\u00e9rsia revela um potencial conflito entre duas dimens\u00f5es constitucionais:<strong>\u00a0a <mark style=\"background-color:rgba(0, 0, 0, 0)\" class=\"has-inline-color has-luminous-vivid-orange-color\">liberdade de express\u00e3o art\u00edstica e cultural<\/mark><\/strong>\u00a0\u2014 que permite que a escola de samba, no exerc\u00edcio de sua criatividade, escolha temas, cr\u00edtica social e s\u00e1tiras em suas representa\u00e7\u00f5es; e<strong>\u00a0a <mark style=\"background-color:rgba(0, 0, 0, 0)\" class=\"has-inline-color has-luminous-vivid-orange-color\">liberdade de religi\u00e3o e cren\u00e7a<\/mark><\/strong>\u00a0\u2014 que assegura a todo indiv\u00edduo o direito de professar, praticar e manifestar sua f\u00e9 sem discrimina\u00e7\u00e3o ou intoler\u00e2ncia.<\/p>\n\n\n\n<p>O Carnaval no Brasil \u00e9 reconhecido culturalmente como espa\u00e7o de cr\u00edtica social e pol\u00edtica, historicamente sustentado pela Constitui\u00e7\u00e3o como express\u00e3o leg\u00edtima da liberdade art\u00edstica e de manifesta\u00e7\u00e3o cultural. Ao mesmo tempo, a <strong>liberdade religiosa<\/strong>\u00a0est\u00e1 entre os direitos fundamentais que blindam o indiv\u00edduo contra atitudes que incitam preconceito, exclus\u00e3o ou discrimina\u00e7\u00e3o em raz\u00e3o de cren\u00e7as.<\/p>\n\n\n\n<p>A OAB-RJ interpretou que a forma como alguns elementos da alegoria foram dirigidos a crist\u00e3os e conservadores extrapolou a mera cr\u00edtica sociopol\u00edtica e tocou no terreno da <strong>intoler\u00e2ncia religiosa<\/strong>\u00a0\u2014 definida n\u00e3o apenas pela express\u00e3o cultural, mas por sua recep\u00e7\u00e3o poss\u00edvel como ofensa ou exclus\u00e3o dirigida a um grupo identificado por sua f\u00e9. Para a nota institucional, isso configuraria afronta ao Estado Democr\u00e1tico de Direito e aos compromissos internacionais do Brasil em mat\u00e9ria de direitos humanos.<\/p>\n\n\n\n<p>H\u00e1 quem defenda, inclusive, a possibilidade de ocorr\u00eancia de conduta t\u00edpica (crime), decorrente de um suposto racismo religioso.<\/p>\n\n\n\n<h2 class=\"wp-block-heading\" id=\"h-outras-vozes-no-debate-critica-repudio-e-relativizacao\"><span id=\"outras-vozes-no-debate-critica-repudio-e-relativizacao\">Outras vozes no debate: cr\u00edtica, rep\u00fadio e relativiza\u00e7\u00e3o<\/span><\/h2>\n\n\n\n<p>De uma lado, grupos conservadores lamentaram a alegoria e exigiram provid\u00eancias. Argumentaram que a apresenta\u00e7\u00e3o teria sido depreciativa aos valores e cren\u00e7as de milh\u00f5es de brasileiros.<\/p>\n\n\n\n<p>Por outro lado, figuras p\u00fablicas da esquerda, minimizaram a pol\u00eamica. Afirmaram que a s\u00e1tira e a cr\u00edtica social fazem parte da tradi\u00e7\u00e3o do carnaval e que a tentativa de transformar a alegoria em ataque pol\u00edtico ao presidente \u00e9 \u201crid\u00edcula\u201d e desproporcional.<\/p>\n\n\n\n<p>Mas, considerando os argumentos contrapostos entre as duas correntes, quais seriam os argumentos jur\u00eddicos de um lado e de outro? Considerando eventual conduta t\u00edpica, qual delito, em tese, se amolda \u00e0s condutas narradas?<\/p>\n\n\n\n<h2 class=\"wp-block-heading\" id=\"h-fundamentos-juridicos-relevantes\"><span id=\"fundamentos-juridicos-relevantes\">Fundamentos jur\u00eddicos relevantes<\/span><\/h2>\n\n\n\n<h3 class=\"wp-block-heading\" id=\"h-liberdade-de-crenca-e-protecao-constitucional\"><span id=\"liberdade-de-crenca-e-protecao-constitucional\">Liberdade de cren\u00e7a e prote\u00e7\u00e3o constitucional<\/span><\/h3>\n\n\n\n<p>O direito \u00e0 <strong>liberdade de consci\u00eancia e de cren\u00e7a<\/strong>\u00a0\u00e9 garantido pelo art. 5\u00ba, VI, da <strong><a href=\"https:\/\/www.planalto.gov.br\/ccivil_03\/constituicao\/constituicao.htm\" target=\"_blank\" >Constitui\u00e7\u00e3o Federal<\/a><\/strong>, que assegura a inviolabilidade da liberdade religiosa, de culto e de consci\u00eancia, sem discrimina\u00e7\u00e3o ou restri\u00e7\u00f5es impostas pelo Estado. Essa prote\u00e7\u00e3o n\u00e3o se limita ao plano subjetivo do indiv\u00edduo, mas tamb\u00e9m abrange grupos coletivos quando sujeitos a pr\u00e1ticas discriminat\u00f3rias, como a intoler\u00e2ncia religiosa.<\/p>\n\n\n\n<h3 class=\"wp-block-heading\" id=\"h-limites-da-liberdade-artistica-e-cultural\"><span id=\"limites-da-liberdade-artistica-e-cultural\">Limites da liberdade art\u00edstica e cultural<\/span><\/h3>\n\n\n\n<p>Ao mesmo tempo, a <strong><mark style=\"background-color:rgba(0, 0, 0, 0)\" class=\"has-inline-color has-luminous-vivid-orange-color\">liberdade de express\u00e3o, de cria\u00e7\u00e3o art\u00edstica e de manifesta\u00e7\u00e3o cultural<\/mark><\/strong>\u00a0encontra prote\u00e7\u00e3o nos arts. 5\u00ba, IX, e 216 da Constitui\u00e7\u00e3o, que resguardam a livre express\u00e3o e a frui\u00e7\u00e3o das manifesta\u00e7\u00f5es culturais. O direito \u00e0 cr\u00edtica social integrada \u00e0 est\u00e9tica carnavalesca est\u00e1 amparado por essa concep\u00e7\u00e3o.<\/p>\n\n\n\n<p>Quando esses direitos fundamentais entram em colis\u00e3o, a solu\u00e7\u00e3o jur\u00eddica exige um <strong>balanceamento cuidadoso<\/strong>, levando em conta a inten\u00e7\u00e3o e o conte\u00fado da express\u00e3o art\u00edstica, a exist\u00eancia de estigmatiza\u00e7\u00e3o de grupos religiosos ou de cren\u00e7a, o risco de promo\u00e7\u00e3o de estere\u00f3tipos discriminat\u00f3rios e a prote\u00e7\u00e3o de valores constitucionais igualmente relevantes, como a conviv\u00eancia pac\u00edfica entre credos.<\/p>\n\n\n\n<p>Esse tipo de avalia\u00e7\u00e3o aparece em casos de liberdade de express\u00e3o que atingem bens jur\u00eddicos igualmente tutelados, como honra, moral, ordem p\u00fablica e direitos humanos, exigindo uma pondera\u00e7\u00e3o caso a caso.<\/p>\n\n\n\n<h4 class=\"wp-block-heading\" id=\"h-mas-e-se-esse-limite-transpor-a-liberdade-de-expressao-e-manifestacao-artistica\"><span id=\"mas-e-se-esse-limite-transpor-a-liberdade-de-expressao-e-manifestacao-artistica\">Mas e se esse limite transpor a liberdade de express\u00e3o e manifesta\u00e7\u00e3o art\u00edstica?<\/span><\/h4>\n\n\n\n<p>Se, em um debate jur\u00eddico mais aprofundado \u2014 por exemplo, em a\u00e7\u00f5es civis p\u00fablicas, representa\u00e7\u00f5es no Minist\u00e9rio P\u00fablico ou reclama\u00e7\u00f5es junto a \u00f3rg\u00e3os de defesa de direitos humanos \u2014 confirmar-se que houve <strong>discurso discriminat\u00f3rio ou intoler\u00e2ncia religiosa<\/strong>, poder\u00e1 ensejar o ingresso de a\u00e7\u00e3o civil p\u00fablica, visando a repara\u00e7\u00e3o de eventual dano moral coletivo, decorrente da ofensa \u00e0 moralidade, \u00e0 ordem jur\u00eddica dos grupos sociais que se sentiram atingidos. A repara\u00e7\u00e3o do referido dano tem amparo no artigo\u00a05\u00ba, X da CF\/88 (honra\/imagem), no C\u00f3digo de Defesa do Consumidor (art. 81) e na Lei da A\u00e7\u00e3o Civil P\u00fablica (Lei 7.347\/85).<\/p>\n\n\n\n<p>Eventual conduta t\u00edpica, caso verificado que se extrapolou os limites da liberdade de manifesta\u00e7\u00e3o art\u00edstica, se amoldaria ao art. 20, com o agravamento previsto no \u00a72\u00ba, da Lei n\u00ba 7.716\/89. Neste ponto, para configura\u00e7\u00e3o da conduta t\u00edpica, \u00e9 necess\u00e1rio identificar as condutas de cada um dos respons\u00e1veis, de forma individual, inclusive com a presen\u00e7a de dolo espec\u00edfico consistente na inten\u00e7\u00e3o de discrimina\u00e7\u00e3o decorrente de religi\u00e3o.<\/p>\n\n\n\n<p>No entanto, \u00e9 importante lembrar que a simples presen\u00e7a de elementos simb\u00f3licos cr\u00edticos n\u00e3o implica, automaticamente, uma conduta il\u00edcita. A jurisprud\u00eancia constitucional brasileira tem guardado espa\u00e7o para a express\u00e3o art\u00edstica, inclusive cr\u00edtica pol\u00edtica e social, desde que n\u00e3o ultrapasse limites que efetivamente lesionem direitos de terceiros.<\/p>\n\n\n\n<h2 class=\"wp-block-heading\" id=\"h-perspectiva-critica-e-conclusao\"><span id=\"perspectiva-critica-e-conclusao\">Perspectiva cr\u00edtica e conclus\u00e3o<\/span><\/h2>\n\n\n\n<p>Os fatos, em s\u00edntese, nos convidam a refletir sobre <strong>os limites entre liberdade simb\u00f3lica e respeito \u00e0 diversidade religiosa<\/strong>\u00a0em uma sociedade plural. Para concursos, essa pol\u00eamica ilustra como direitos fundamentais podem se tensionar, exigindo uma leitura criteriosa do ordenamento constitucional e internacional dos direitos humanos.<\/p>\n\n\n\n<p>Mais do que posi\u00e7\u00f5es unilaterais, a discuss\u00e3o mostra que n\u00e3o h\u00e1 resposta \u00fanica ou autom\u00e1tica. Ela demanda:<\/p>\n\n\n\n<ul class=\"wp-block-list\">\n<li>a compreens\u00e3o do contexto sociocultural do carnaval como manifesta\u00e7\u00e3o cr\u00edtica;<\/li>\n\n\n\n<li>a an\u00e1lise de quando a representa\u00e7\u00e3o simboliza cr\u00edtica pol\u00edtica ou promove estigmatiza\u00e7\u00e3o de grupos religiosos;<\/li>\n\n\n\n<li>a avalia\u00e7\u00e3o de crit\u00e9rios jur\u00eddicos objetivos \u2014 dolo, no aspecto criminal, inten\u00e7\u00e3o de manifesta\u00e7\u00e3o discriminat\u00f3ria e nexo de causalidade dentre as condutas individuais eventualmente identificas.<\/li>\n<\/ul>\n\n\n\n<p>Em \u00faltima an\u00e1lise, a quest\u00e3o serve como excelente caso para testar a capacidade do candidato em articular princ\u00edpios constitucionais, ponderar valores em conflito e justificar solu\u00e7\u00f5es que respeitem a Constitui\u00e7\u00e3o, a liberdade de express\u00e3o art\u00edstica e a prote\u00e7\u00e3o ao pluralismo religioso.<\/p>\n\n\n\n<h2 class=\"wp-block-heading\" id=\"h-questao-estilo-fgv-direitos-humanos\"><span id=\"questao-estilo-fgv-direitos-humanos\">Quest\u00e3o \u2013 Estilo FGV (Direitos Humanos)<\/span><\/h2>\n\n\n\n<pre class=\"wp-block-preformatted\">Durante desfile carnavalesco transmitido em rede nacional, determinada escola de samba apresentou ala com alegoria sat\u00edrica intitulada \u201cneoconservadores em conserva\u201d, retratando, de forma caricatural, figuras associadas a valores conservadores e a segmentos religiosos crist\u00e3os.\n\nA Ordem dos Advogados do Brasil \u2013 Se\u00e7\u00e3o do Rio de Janeiro (OAB-RJ) divulgou nota p\u00fablica afirmando que a apresenta\u00e7\u00e3o configuraria intoler\u00e2ncia religiosa e poss\u00edvel discrimina\u00e7\u00e3o contra crist\u00e3os, enquanto outros setores sustentaram tratar-se de manifesta\u00e7\u00e3o art\u00edstica protegida pela liberdade de express\u00e3o e pela tradi\u00e7\u00e3o cr\u00edtica do carnaval.\n\nConsiderando a Constitui\u00e7\u00e3o Federal de 1988, a Conven\u00e7\u00e3o Americana sobre Direitos Humanos e a Lei n\u00ba 7.716\/89, assinale a alternativa correta.\n\nA) A liberdade de express\u00e3o art\u00edstica possui natureza absoluta no sistema constitucional brasileiro, de modo que manifesta\u00e7\u00f5es culturais jamais poder\u00e3o ser objeto de responsabiliza\u00e7\u00e3o jur\u00eddica, ainda que atinjam grupos religiosos.\n\nB) A liberdade religiosa protege exclusivamente o foro \u00edntimo de cren\u00e7a individual, n\u00e3o alcan\u00e7ando manifesta\u00e7\u00f5es coletivas ou representa\u00e7\u00f5es simb\u00f3licas que possam atingir determinado grupo religioso.\n\nC) Havendo colis\u00e3o entre liberdade art\u00edstica e liberdade religiosa, a solu\u00e7\u00e3o constitucional adequada exige pondera\u00e7\u00e3o concreta, sendo poss\u00edvel responsabiliza\u00e7\u00e3o civil ou penal apenas se comprovado discurso discriminat\u00f3rio com dolo espec\u00edfico de discrimina\u00e7\u00e3o religiosa.\n\nD) A caracteriza\u00e7\u00e3o do crime previsto no art. 20 da Lei n\u00ba 7.716\/89 independe da demonstra\u00e7\u00e3o de inten\u00e7\u00e3o discriminat\u00f3ria, bastando que a manifesta\u00e7\u00e3o art\u00edstica tenha sido considerada ofensiva por parcela da sociedade.\n\nE) Em mat\u00e9ria de liberdade de express\u00e3o, a jurisprud\u00eancia interamericana adota modelo de prote\u00e7\u00e3o reduzida quando a manifesta\u00e7\u00e3o envolver cr\u00edtica simb\u00f3lica a grupos religiosos majorit\u00e1rios.\n\n<strong>Gabarito \u201cC\u201d<\/strong>.<\/pre>\n\n\n\n<hr class=\"wp-block-separator has-alpha-channel-opacity\"\/>\n\n\n\n<h2 class=\"wp-block-heading has-text-align-left\" id=\"h-quer-saber-tudo-sobre-concursos-previstos-confira-nossos-artigos\"><span id=\"quer-saber-tudo-sobre-concursos-previstosconfira-nossos-artigos\">Quer saber tudo sobre concursos previstos?<br>Confira nossos artigos!<\/span><\/h2>\n\n\n\n<ul class=\"wp-block-list\">\n<li><a href=\"https:\/\/cj.estrategia.com\/portal\/concursos-abertos-carreiras-juridicas\/\" target=\"_blank\" ><strong>Concursos jur\u00eddicos abertos<\/strong><\/a><\/li>\n\n\n\n<li><a href=\"https:\/\/cj.estrategia.com\/portal\/concursos-juridicos-2026-prepare-se-para-os-proximos-editais\/\" target=\"_blank\" ><strong>Concursos Jur\u00eddicos 2026<\/strong><\/a><\/li>\n<\/ul>\n\n\n\n<h3 class=\"wp-block-heading has-text-align-center\" id=\"cursos-ficha\"><span id=\"quer-estudar-para-concursos-de-direito\">Quer estudar para Concursos de Direito?<\/span><\/h3>\n\n\n\n<p>O Estrat\u00e9gia Carreira Jur\u00eddica \u00e9 campe\u00e3o de aprova\u00e7\u00f5es nos concursos para Carreiras Jur\u00eddicas com um corpo docente qualificado e materiais completos. Conhe\u00e7a nossos cursos e garanta sua aprova\u00e7\u00e3o:<\/p>\n\n\n\n<div class=\"wp-block-cover\" style=\"min-height:155px;aspect-ratio:unset;\"><img decoding=\"async\" width=\"1890\" height=\"351\" class=\"wp-block-cover__image-background wp-image-8669\" alt=\"Assinaturas Jur\u00eddicas\" src=\"https:\/\/cj.estrategia.com\/portal\/wp-content\/uploads\/2022\/06\/20151253\/concurso-carreiras-juridicas-assinatura-juridica.jpg\" style=\"object-position:78% 43%\" data-object-fit=\"cover\" data-object-position=\"78% 43%\" srcset=\"https:\/\/cj.estrategia.com\/portal\/wp-content\/uploads\/2022\/06\/20151253\/concurso-carreiras-juridicas-assinatura-juridica.jpg 1890w, https:\/\/cj.estrategia.com\/portal\/wp-content\/uploads\/2022\/06\/20151253\/concurso-carreiras-juridicas-assinatura-juridica-300x56.jpg 300w, https:\/\/cj.estrategia.com\/portal\/wp-content\/uploads\/2022\/06\/20151253\/concurso-carreiras-juridicas-assinatura-juridica-1024x190.jpg 1024w, https:\/\/cj.estrategia.com\/portal\/wp-content\/uploads\/2022\/06\/20151253\/concurso-carreiras-juridicas-assinatura-juridica-768x143.jpg 768w, https:\/\/cj.estrategia.com\/portal\/wp-content\/uploads\/2022\/06\/20151253\/concurso-carreiras-juridicas-assinatura-juridica-1536x285.jpg 1536w, https:\/\/cj.estrategia.com\/portal\/wp-content\/uploads\/2022\/06\/20151253\/concurso-carreiras-juridicas-assinatura-juridica-380x71.jpg 380w, https:\/\/cj.estrategia.com\/portal\/wp-content\/uploads\/2022\/06\/20151253\/concurso-carreiras-juridicas-assinatura-juridica-800x149.jpg 800w, https:\/\/cj.estrategia.com\/portal\/wp-content\/uploads\/2022\/06\/20151253\/concurso-carreiras-juridicas-assinatura-juridica-1160x215.jpg 1160w\" sizes=\"(max-width: 1890px) 100vw, 1890px\" \/><span aria-hidden=\"true\" class=\"wp-block-cover__background has-background-dim\"><\/span><div class=\"wp-block-cover__inner-container is-layout-flow wp-block-cover-is-layout-flow\">\n<h3 id=\"faca-a-sua-assinatura\" class=\"titulo-assinatura\"><span style=\"color: #ffffff;\">Fa\u00e7a a sua assinatura!<\/span><\/h3>\n<p class=\"subtitulo-assinatura\" style=\"display:block!important; line-height: 0;\"><span style=\"color: #ffffff;\">Escolha a sua \u00e1rea.<\/span><\/p>\n<a target=\"_blank\" href=\"https:\/\/www.estrategiaconcursos.com.br\/assinaturas-ecj\/\" rel=\"noopener\"><button style=\"border-radius: 10px; text-transform: capitalize;\">Acessar<\/button><\/a>\n<\/div><\/div>\n\n\n\n<p class=\"has-text-align-center has-white-color has-text-color has-link-color wp-elements-984c978107f79a17e755ff20bf7b387d\"><\/p>\n","protected":false},"excerpt":{"rendered":"Ol\u00e1 pessoal, aqui \u00e9 o professor Allan Joos, e no artigo de hoje vamos fazer uma an\u00e1lise jur\u00eddica&hellip;\n","protected":false},"author":62,"featured_media":143984,"comment_status":"open","ping_status":"open","sticky":false,"template":"","format":"standard","meta":{"_jetpack_memberships_contains_paid_content":false,"footnotes":""},"categories":[1],"tags":[4213,1964,456,579,578,642,132,2244,198,4215,4214],"tax_estado":[30,31,32,33,34,35,36,37,38,39,40,41,42,43,44,45,46,47,48,49,50,51,52,53,54,55,56,57],"class_list":{"0":"post-180082","1":"post","2":"type-post","3":"status-publish","4":"format-standard","5":"has-post-thumbnail","7":"category-carreiras-juridicas","8":"tag-academicos-de-niteroi","9":"tag-carnaval","10":"tag-concurso-publico","11":"tag-direitos-fundamentais","12":"tag-direitos-humanos","13":"tag-intolerancia-religiosa","14":"tag-jurisprudencia","15":"tag-liberdade-artistica","16":"tag-liberdade-de-expressao","17":"tag-liberdade-de-religiao-e-crenca","18":"tag-oab-rj","19":"tax_estado-ac","20":"tax_estado-al","21":"tax_estado-am","22":"tax_estado-ap","23":"tax_estado-ba","24":"tax_estado-ce","25":"tax_estado-concursos-federais","26":"tax_estado-df","27":"tax_estado-es","28":"tax_estado-go","29":"tax_estado-ma","30":"tax_estado-mg","31":"tax_estado-ms","32":"tax_estado-mt","33":"tax_estado-pa","34":"tax_estado-pb","35":"tax_estado-pe","36":"tax_estado-pi","37":"tax_estado-pr","38":"tax_estado-rj","39":"tax_estado-rn","40":"tax_estado-ro","41":"tax_estado-rr","42":"tax_estado-rs","43":"tax_estado-sc","44":"tax_estado-se","45":"tax_estado-sp","46":"tax_estado-to"},"acf":[],"yoast_head":"<!-- This site is optimized with the Yoast SEO Premium plugin v27.5 (Yoast SEO v27.5) - https:\/\/yoast.com\/product\/yoast-seo-premium-wordpress\/ -->\n<title>Manifesta\u00e7\u00e3o da arte vs. intoler\u00e2ncia religiosa: fam\u00edlia em conserva<\/title>\n<meta name=\"description\" content=\"A OAB RJ\u00a0emitiu nota p\u00fablica repudiando, sob o termo \u201cintoler\u00e2ncia religiosa\u201d, um segmento de desfile representando fam\u00edlias conservadoras.\" \/>\n<meta name=\"robots\" content=\"index, follow, max-snippet:-1, max-image-preview:large, max-video-preview:-1\" \/>\n<link rel=\"canonical\" href=\"https:\/\/cj.estrategia.com\/portal\/manifestacao-arte-intolerancia-religiosa-familia-conserva\/\" \/>\n<meta property=\"og:locale\" content=\"pt_BR\" \/>\n<meta property=\"og:type\" content=\"article\" \/>\n<meta property=\"og:title\" content=\"Pol\u00eamica no Carnaval: os limites da manifesta\u00e7\u00e3o da arte vs. intoler\u00e2ncia religiosa \u2013 o caso da fam\u00edlia em conserva\" \/>\n<meta property=\"og:description\" content=\"A OAB RJ\u00a0emitiu nota p\u00fablica repudiando, sob o termo \u201cintoler\u00e2ncia religiosa\u201d, um segmento de desfile representando fam\u00edlias conservadoras.\" \/>\n<meta property=\"og:url\" content=\"https:\/\/cj.estrategia.com\/portal\/manifestacao-arte-intolerancia-religiosa-familia-conserva\/\" \/>\n<meta property=\"og:site_name\" content=\"Blog - Carreiras Jur\u00eddicas - Estrat\u00e9gia\" \/>\n<meta property=\"article:publisher\" content=\"https:\/\/www.facebook.com\/estrategiacarreirajuridica\/\" \/>\n<meta property=\"article:published_time\" content=\"2026-02-20T21:43:43+00:00\" \/>\n<meta property=\"article:modified_time\" content=\"2026-02-20T21:43:49+00:00\" \/>\n<meta property=\"og:image\" content=\"https:\/\/cj.estrategia.com\/portal\/wp-content\/uploads\/2025\/08\/16105618\/justica-brasil-cidade-decisao-julgamento-1024x683.png\" \/>\n\t<meta property=\"og:image:width\" content=\"1024\" \/>\n\t<meta property=\"og:image:height\" content=\"683\" \/>\n\t<meta property=\"og:image:type\" content=\"image\/png\" \/>\n<meta name=\"author\" content=\"Allan Joos\" \/>\n<meta name=\"twitter:card\" content=\"summary_large_image\" \/>\n<meta name=\"twitter:creator\" content=\"@EstratJuridica\" \/>\n<meta name=\"twitter:site\" content=\"@EstratJuridica\" \/>\n<meta name=\"twitter:label1\" content=\"Escrito por\" \/>\n\t<meta name=\"twitter:data1\" content=\"Allan Joos\" \/>\n\t<meta name=\"twitter:label2\" content=\"Est. tempo de leitura\" \/>\n\t<meta name=\"twitter:data2\" content=\"14 minutos\" \/>\n<script type=\"application\/ld+json\" class=\"yoast-schema-graph\">{\"@context\":\"https:\\\/\\\/schema.org\",\"@graph\":[{\"@type\":\"NewsArticle\",\"@id\":\"https:\\\/\\\/cj.estrategia.com\\\/portal\\\/manifestacao-arte-intolerancia-religiosa-familia-conserva\\\/#article\",\"isPartOf\":{\"@id\":\"https:\\\/\\\/cj.estrategia.com\\\/portal\\\/manifestacao-arte-intolerancia-religiosa-familia-conserva\\\/\"},\"author\":{\"name\":\"Allan Joos\",\"@id\":\"https:\\\/\\\/cj.estrategia.com\\\/portal\\\/#\\\/schema\\\/person\\\/c48648992c53b73c046825760c50c2f0\"},\"headline\":\"Pol\u00eamica no Carnaval: os limites da manifesta\u00e7\u00e3o da arte vs. intoler\u00e2ncia religiosa \u2013 o caso da fam\u00edlia em conserva\",\"datePublished\":\"2026-02-20T21:43:43+00:00\",\"dateModified\":\"2026-02-20T21:43:49+00:00\",\"mainEntityOfPage\":{\"@id\":\"https:\\\/\\\/cj.estrategia.com\\\/portal\\\/manifestacao-arte-intolerancia-religiosa-familia-conserva\\\/\"},\"wordCount\":1389,\"commentCount\":0,\"publisher\":{\"@id\":\"https:\\\/\\\/cj.estrategia.com\\\/portal\\\/#organization\"},\"image\":{\"@id\":\"https:\\\/\\\/cj.estrategia.com\\\/portal\\\/manifestacao-arte-intolerancia-religiosa-familia-conserva\\\/#primaryimage\"},\"thumbnailUrl\":\"https:\\\/\\\/cj.estrategia.com\\\/portal\\\/wp-content\\\/uploads\\\/2025\\\/08\\\/16105618\\\/justica-brasil-cidade-decisao-julgamento.png\",\"keywords\":[\"Acad\u00eamicos de Niter\u00f3i\",\"carnaval\",\"concurso p\u00fablico\",\"direitos fundamentais\",\"direitos humanos\",\"intoler\u00e2ncia religiosa\",\"jurisprud\u00eancia\",\"liberdade art\u00edstica\",\"liberdade de express\u00e3o\",\"liberdade de religi\u00e3o e cren\u00e7a\",\"OAB RJ\"],\"articleSection\":[\"Carreiras Jur\u00eddicas\"],\"inLanguage\":\"pt-BR\",\"potentialAction\":[{\"@type\":\"CommentAction\",\"name\":\"Comment\",\"target\":[\"https:\\\/\\\/cj.estrategia.com\\\/portal\\\/manifestacao-arte-intolerancia-religiosa-familia-conserva\\\/#respond\"]}]},{\"@type\":\"WebPage\",\"@id\":\"https:\\\/\\\/cj.estrategia.com\\\/portal\\\/manifestacao-arte-intolerancia-religiosa-familia-conserva\\\/\",\"url\":\"https:\\\/\\\/cj.estrategia.com\\\/portal\\\/manifestacao-arte-intolerancia-religiosa-familia-conserva\\\/\",\"name\":\"Manifesta\u00e7\u00e3o da arte vs. intoler\u00e2ncia religiosa: fam\u00edlia em conserva\",\"isPartOf\":{\"@id\":\"https:\\\/\\\/cj.estrategia.com\\\/portal\\\/#website\"},\"primaryImageOfPage\":{\"@id\":\"https:\\\/\\\/cj.estrategia.com\\\/portal\\\/manifestacao-arte-intolerancia-religiosa-familia-conserva\\\/#primaryimage\"},\"image\":{\"@id\":\"https:\\\/\\\/cj.estrategia.com\\\/portal\\\/manifestacao-arte-intolerancia-religiosa-familia-conserva\\\/#primaryimage\"},\"thumbnailUrl\":\"https:\\\/\\\/cj.estrategia.com\\\/portal\\\/wp-content\\\/uploads\\\/2025\\\/08\\\/16105618\\\/justica-brasil-cidade-decisao-julgamento.png\",\"datePublished\":\"2026-02-20T21:43:43+00:00\",\"dateModified\":\"2026-02-20T21:43:49+00:00\",\"description\":\"A OAB RJ\u00a0emitiu nota p\u00fablica repudiando, sob o termo \u201cintoler\u00e2ncia religiosa\u201d, um segmento de desfile representando fam\u00edlias conservadoras.\",\"breadcrumb\":{\"@id\":\"https:\\\/\\\/cj.estrategia.com\\\/portal\\\/manifestacao-arte-intolerancia-religiosa-familia-conserva\\\/#breadcrumb\"},\"inLanguage\":\"pt-BR\",\"potentialAction\":[{\"@type\":\"ReadAction\",\"target\":[\"https:\\\/\\\/cj.estrategia.com\\\/portal\\\/manifestacao-arte-intolerancia-religiosa-familia-conserva\\\/\"]}]},{\"@type\":\"ImageObject\",\"inLanguage\":\"pt-BR\",\"@id\":\"https:\\\/\\\/cj.estrategia.com\\\/portal\\\/manifestacao-arte-intolerancia-religiosa-familia-conserva\\\/#primaryimage\",\"url\":\"https:\\\/\\\/cj.estrategia.com\\\/portal\\\/wp-content\\\/uploads\\\/2025\\\/08\\\/16105618\\\/justica-brasil-cidade-decisao-julgamento.png\",\"contentUrl\":\"https:\\\/\\\/cj.estrategia.com\\\/portal\\\/wp-content\\\/uploads\\\/2025\\\/08\\\/16105618\\\/justica-brasil-cidade-decisao-julgamento.png\",\"width\":1536,\"height\":1024},{\"@type\":\"BreadcrumbList\",\"@id\":\"https:\\\/\\\/cj.estrategia.com\\\/portal\\\/manifestacao-arte-intolerancia-religiosa-familia-conserva\\\/#breadcrumb\",\"itemListElement\":[{\"@type\":\"ListItem\",\"position\":1,\"name\":\"In\u00edcio\",\"item\":\"https:\\\/\\\/cj.estrategia.com\\\/portal\\\/\"},{\"@type\":\"ListItem\",\"position\":2,\"name\":\"Pol\u00eamica no Carnaval: os limites da manifesta\u00e7\u00e3o da arte vs. intoler\u00e2ncia religiosa \u2013 o caso da fam\u00edlia em conserva\"}]},{\"@type\":\"WebSite\",\"@id\":\"https:\\\/\\\/cj.estrategia.com\\\/portal\\\/#website\",\"url\":\"https:\\\/\\\/cj.estrategia.com\\\/portal\\\/\",\"name\":\"Blog - Carreiras Jur\u00eddicas - Estrat\u00e9gia\",\"description\":\"\",\"publisher\":{\"@id\":\"https:\\\/\\\/cj.estrategia.com\\\/portal\\\/#organization\"},\"potentialAction\":[{\"@type\":\"SearchAction\",\"target\":{\"@type\":\"EntryPoint\",\"urlTemplate\":\"https:\\\/\\\/cj.estrategia.com\\\/portal\\\/?s={search_term_string}\"},\"query-input\":{\"@type\":\"PropertyValueSpecification\",\"valueRequired\":true,\"valueName\":\"search_term_string\"}}],\"inLanguage\":\"pt-BR\"},{\"@type\":\"Organization\",\"@id\":\"https:\\\/\\\/cj.estrategia.com\\\/portal\\\/#organization\",\"name\":\"Estrat\u00e9gia - Carreiras Jur\u00eddicas\",\"url\":\"https:\\\/\\\/cj.estrategia.com\\\/portal\\\/\",\"logo\":{\"@type\":\"ImageObject\",\"inLanguage\":\"pt-BR\",\"@id\":\"https:\\\/\\\/cj.estrategia.com\\\/portal\\\/#\\\/schema\\\/logo\\\/image\\\/\",\"url\":\"https:\\\/\\\/cj.estrategia.com\\\/portal\\\/wp-content\\\/uploads\\\/2022\\\/03\\\/11151052\\\/cj-logo.png\",\"contentUrl\":\"https:\\\/\\\/cj.estrategia.com\\\/portal\\\/wp-content\\\/uploads\\\/2022\\\/03\\\/11151052\\\/cj-logo.png\",\"width\":150,\"height\":39,\"caption\":\"Estrat\u00e9gia - Carreiras Jur\u00eddicas\"},\"image\":{\"@id\":\"https:\\\/\\\/cj.estrategia.com\\\/portal\\\/#\\\/schema\\\/logo\\\/image\\\/\"},\"sameAs\":[\"https:\\\/\\\/www.facebook.com\\\/estrategiacarreirajuridica\\\/\",\"https:\\\/\\\/x.com\\\/EstratJuridica\",\"https:\\\/\\\/www.instagram.com\\\/estrategiacarreirajuridica\\\/\",\"https:\\\/\\\/www.youtube.com\\\/channel\\\/UClbMGuYbj2Mh1m3w144ETWQ\"]},{\"@type\":\"Person\",\"@id\":\"https:\\\/\\\/cj.estrategia.com\\\/portal\\\/#\\\/schema\\\/person\\\/c48648992c53b73c046825760c50c2f0\",\"name\":\"Allan Joos\",\"image\":{\"@type\":\"ImageObject\",\"inLanguage\":\"pt-BR\",\"@id\":\"https:\\\/\\\/secure.gravatar.com\\\/avatar\\\/1b8f33b5c8b83dae3a0e569e23f1e6d1898a7771af6690410413809652612016?s=96&d=mm&r=g\",\"url\":\"https:\\\/\\\/secure.gravatar.com\\\/avatar\\\/1b8f33b5c8b83dae3a0e569e23f1e6d1898a7771af6690410413809652612016?s=96&d=mm&r=g\",\"contentUrl\":\"https:\\\/\\\/secure.gravatar.com\\\/avatar\\\/1b8f33b5c8b83dae3a0e569e23f1e6d1898a7771af6690410413809652612016?s=96&d=mm&r=g\",\"caption\":\"Allan Joos\"},\"url\":\"https:\\\/\\\/cj.estrategia.com\\\/portal\\\/author\\\/allan-joos\\\/\"}]}<\/script>\n<!-- \/ Yoast SEO Premium plugin. -->","yoast_head_json":{"title":"Manifesta\u00e7\u00e3o da arte vs. intoler\u00e2ncia religiosa: fam\u00edlia em conserva","description":"A OAB RJ\u00a0emitiu nota p\u00fablica repudiando, sob o termo \u201cintoler\u00e2ncia religiosa\u201d, um segmento de desfile representando fam\u00edlias conservadoras.","robots":{"index":"index","follow":"follow","max-snippet":"max-snippet:-1","max-image-preview":"max-image-preview:large","max-video-preview":"max-video-preview:-1"},"canonical":"https:\/\/cj.estrategia.com\/portal\/manifestacao-arte-intolerancia-religiosa-familia-conserva\/","og_locale":"pt_BR","og_type":"article","og_title":"Pol\u00eamica no Carnaval: os limites da manifesta\u00e7\u00e3o da arte vs. intoler\u00e2ncia religiosa \u2013 o caso da fam\u00edlia em conserva","og_description":"A OAB RJ\u00a0emitiu nota p\u00fablica repudiando, sob o termo \u201cintoler\u00e2ncia religiosa\u201d, um segmento de desfile representando fam\u00edlias conservadoras.","og_url":"https:\/\/cj.estrategia.com\/portal\/manifestacao-arte-intolerancia-religiosa-familia-conserva\/","og_site_name":"Blog - Carreiras Jur\u00eddicas - Estrat\u00e9gia","article_publisher":"https:\/\/www.facebook.com\/estrategiacarreirajuridica\/","article_published_time":"2026-02-20T21:43:43+00:00","article_modified_time":"2026-02-20T21:43:49+00:00","og_image":[{"width":1024,"height":683,"url":"https:\/\/cj.estrategia.com\/portal\/wp-content\/uploads\/2025\/08\/16105618\/justica-brasil-cidade-decisao-julgamento-1024x683.png","type":"image\/png"}],"author":"Allan Joos","twitter_card":"summary_large_image","twitter_creator":"@EstratJuridica","twitter_site":"@EstratJuridica","twitter_misc":{"Escrito por":"Allan Joos","Est. tempo de leitura":"14 minutos"},"schema":{"@context":"https:\/\/schema.org","@graph":[{"@type":"NewsArticle","@id":"https:\/\/cj.estrategia.com\/portal\/manifestacao-arte-intolerancia-religiosa-familia-conserva\/#article","isPartOf":{"@id":"https:\/\/cj.estrategia.com\/portal\/manifestacao-arte-intolerancia-religiosa-familia-conserva\/"},"author":{"name":"Allan Joos","@id":"https:\/\/cj.estrategia.com\/portal\/#\/schema\/person\/c48648992c53b73c046825760c50c2f0"},"headline":"Pol\u00eamica no Carnaval: os limites da manifesta\u00e7\u00e3o da arte vs. intoler\u00e2ncia religiosa \u2013 o caso da fam\u00edlia em conserva","datePublished":"2026-02-20T21:43:43+00:00","dateModified":"2026-02-20T21:43:49+00:00","mainEntityOfPage":{"@id":"https:\/\/cj.estrategia.com\/portal\/manifestacao-arte-intolerancia-religiosa-familia-conserva\/"},"wordCount":1389,"commentCount":0,"publisher":{"@id":"https:\/\/cj.estrategia.com\/portal\/#organization"},"image":{"@id":"https:\/\/cj.estrategia.com\/portal\/manifestacao-arte-intolerancia-religiosa-familia-conserva\/#primaryimage"},"thumbnailUrl":"https:\/\/cj.estrategia.com\/portal\/wp-content\/uploads\/2025\/08\/16105618\/justica-brasil-cidade-decisao-julgamento.png","keywords":["Acad\u00eamicos de Niter\u00f3i","carnaval","concurso p\u00fablico","direitos fundamentais","direitos humanos","intoler\u00e2ncia religiosa","jurisprud\u00eancia","liberdade art\u00edstica","liberdade de express\u00e3o","liberdade de religi\u00e3o e cren\u00e7a","OAB RJ"],"articleSection":["Carreiras Jur\u00eddicas"],"inLanguage":"pt-BR","potentialAction":[{"@type":"CommentAction","name":"Comment","target":["https:\/\/cj.estrategia.com\/portal\/manifestacao-arte-intolerancia-religiosa-familia-conserva\/#respond"]}]},{"@type":"WebPage","@id":"https:\/\/cj.estrategia.com\/portal\/manifestacao-arte-intolerancia-religiosa-familia-conserva\/","url":"https:\/\/cj.estrategia.com\/portal\/manifestacao-arte-intolerancia-religiosa-familia-conserva\/","name":"Manifesta\u00e7\u00e3o da arte vs. intoler\u00e2ncia religiosa: fam\u00edlia em conserva","isPartOf":{"@id":"https:\/\/cj.estrategia.com\/portal\/#website"},"primaryImageOfPage":{"@id":"https:\/\/cj.estrategia.com\/portal\/manifestacao-arte-intolerancia-religiosa-familia-conserva\/#primaryimage"},"image":{"@id":"https:\/\/cj.estrategia.com\/portal\/manifestacao-arte-intolerancia-religiosa-familia-conserva\/#primaryimage"},"thumbnailUrl":"https:\/\/cj.estrategia.com\/portal\/wp-content\/uploads\/2025\/08\/16105618\/justica-brasil-cidade-decisao-julgamento.png","datePublished":"2026-02-20T21:43:43+00:00","dateModified":"2026-02-20T21:43:49+00:00","description":"A OAB RJ\u00a0emitiu nota p\u00fablica repudiando, sob o termo \u201cintoler\u00e2ncia religiosa\u201d, um segmento de desfile representando fam\u00edlias conservadoras.","breadcrumb":{"@id":"https:\/\/cj.estrategia.com\/portal\/manifestacao-arte-intolerancia-religiosa-familia-conserva\/#breadcrumb"},"inLanguage":"pt-BR","potentialAction":[{"@type":"ReadAction","target":["https:\/\/cj.estrategia.com\/portal\/manifestacao-arte-intolerancia-religiosa-familia-conserva\/"]}]},{"@type":"ImageObject","inLanguage":"pt-BR","@id":"https:\/\/cj.estrategia.com\/portal\/manifestacao-arte-intolerancia-religiosa-familia-conserva\/#primaryimage","url":"https:\/\/cj.estrategia.com\/portal\/wp-content\/uploads\/2025\/08\/16105618\/justica-brasil-cidade-decisao-julgamento.png","contentUrl":"https:\/\/cj.estrategia.com\/portal\/wp-content\/uploads\/2025\/08\/16105618\/justica-brasil-cidade-decisao-julgamento.png","width":1536,"height":1024},{"@type":"BreadcrumbList","@id":"https:\/\/cj.estrategia.com\/portal\/manifestacao-arte-intolerancia-religiosa-familia-conserva\/#breadcrumb","itemListElement":[{"@type":"ListItem","position":1,"name":"In\u00edcio","item":"https:\/\/cj.estrategia.com\/portal\/"},{"@type":"ListItem","position":2,"name":"Pol\u00eamica no Carnaval: os limites da manifesta\u00e7\u00e3o da arte vs. intoler\u00e2ncia religiosa \u2013 o caso da fam\u00edlia em conserva"}]},{"@type":"WebSite","@id":"https:\/\/cj.estrategia.com\/portal\/#website","url":"https:\/\/cj.estrategia.com\/portal\/","name":"Blog - Carreiras Jur\u00eddicas - Estrat\u00e9gia","description":"","publisher":{"@id":"https:\/\/cj.estrategia.com\/portal\/#organization"},"potentialAction":[{"@type":"SearchAction","target":{"@type":"EntryPoint","urlTemplate":"https:\/\/cj.estrategia.com\/portal\/?s={search_term_string}"},"query-input":{"@type":"PropertyValueSpecification","valueRequired":true,"valueName":"search_term_string"}}],"inLanguage":"pt-BR"},{"@type":"Organization","@id":"https:\/\/cj.estrategia.com\/portal\/#organization","name":"Estrat\u00e9gia - Carreiras Jur\u00eddicas","url":"https:\/\/cj.estrategia.com\/portal\/","logo":{"@type":"ImageObject","inLanguage":"pt-BR","@id":"https:\/\/cj.estrategia.com\/portal\/#\/schema\/logo\/image\/","url":"https:\/\/cj.estrategia.com\/portal\/wp-content\/uploads\/2022\/03\/11151052\/cj-logo.png","contentUrl":"https:\/\/cj.estrategia.com\/portal\/wp-content\/uploads\/2022\/03\/11151052\/cj-logo.png","width":150,"height":39,"caption":"Estrat\u00e9gia - Carreiras Jur\u00eddicas"},"image":{"@id":"https:\/\/cj.estrategia.com\/portal\/#\/schema\/logo\/image\/"},"sameAs":["https:\/\/www.facebook.com\/estrategiacarreirajuridica\/","https:\/\/x.com\/EstratJuridica","https:\/\/www.instagram.com\/estrategiacarreirajuridica\/","https:\/\/www.youtube.com\/channel\/UClbMGuYbj2Mh1m3w144ETWQ"]},{"@type":"Person","@id":"https:\/\/cj.estrategia.com\/portal\/#\/schema\/person\/c48648992c53b73c046825760c50c2f0","name":"Allan Joos","image":{"@type":"ImageObject","inLanguage":"pt-BR","@id":"https:\/\/secure.gravatar.com\/avatar\/1b8f33b5c8b83dae3a0e569e23f1e6d1898a7771af6690410413809652612016?s=96&d=mm&r=g","url":"https:\/\/secure.gravatar.com\/avatar\/1b8f33b5c8b83dae3a0e569e23f1e6d1898a7771af6690410413809652612016?s=96&d=mm&r=g","contentUrl":"https:\/\/secure.gravatar.com\/avatar\/1b8f33b5c8b83dae3a0e569e23f1e6d1898a7771af6690410413809652612016?s=96&d=mm&r=g","caption":"Allan Joos"},"url":"https:\/\/cj.estrategia.com\/portal\/author\/allan-joos\/"}]}},"jetpack_featured_media_url":"https:\/\/cj.estrategia.com\/portal\/wp-content\/uploads\/2025\/08\/16105618\/justica-brasil-cidade-decisao-julgamento.png","jetpack_sharing_enabled":true,"_links":{"self":[{"href":"https:\/\/cj.estrategia.com\/portal\/wp-json\/wp\/v2\/posts\/180082","targetHints":{"allow":["GET"]}}],"collection":[{"href":"https:\/\/cj.estrategia.com\/portal\/wp-json\/wp\/v2\/posts"}],"about":[{"href":"https:\/\/cj.estrategia.com\/portal\/wp-json\/wp\/v2\/types\/post"}],"author":[{"embeddable":true,"href":"https:\/\/cj.estrategia.com\/portal\/wp-json\/wp\/v2\/users\/62"}],"replies":[{"embeddable":true,"href":"https:\/\/cj.estrategia.com\/portal\/wp-json\/wp\/v2\/comments?post=180082"}],"version-history":[{"count":0,"href":"https:\/\/cj.estrategia.com\/portal\/wp-json\/wp\/v2\/posts\/180082\/revisions"}],"wp:featuredmedia":[{"embeddable":true,"href":"https:\/\/cj.estrategia.com\/portal\/wp-json\/wp\/v2\/media\/143984"}],"wp:attachment":[{"href":"https:\/\/cj.estrategia.com\/portal\/wp-json\/wp\/v2\/media?parent=180082"}],"wp:term":[{"taxonomy":"category","embeddable":true,"href":"https:\/\/cj.estrategia.com\/portal\/wp-json\/wp\/v2\/categories?post=180082"},{"taxonomy":"post_tag","embeddable":true,"href":"https:\/\/cj.estrategia.com\/portal\/wp-json\/wp\/v2\/tags?post=180082"},{"taxonomy":"tax_estado","embeddable":true,"href":"https:\/\/cj.estrategia.com\/portal\/wp-json\/wp\/v2\/tax_estado?post=180082"}],"curies":[{"name":"wp","href":"https:\/\/api.w.org\/{rel}","templated":true}]}}