{"id":177911,"date":"2026-02-08T22:57:58","date_gmt":"2026-02-09T01:57:58","guid":{"rendered":"https:\/\/cj.estrategia.com\/portal\/?p=177911"},"modified":"2026-02-09T00:01:11","modified_gmt":"2026-02-09T03:01:11","slug":"gabarito-extraoficial-alerj-procurador","status":"publish","type":"post","link":"https:\/\/cj.estrategia.com\/portal\/gabarito-extraoficial-alerj-procurador\/","title":{"rendered":"Gabarito Extraoficial ALERJ Procurador: corrija sua prova aqui!"},"content":{"rendered":"<a id=\"cta-icon\" href=\"https:\/\/sndflw.com\/i\/procuradorias-grupo\" target=\"blank\" style=\"background:rgb(41,166,26)\">\n            <img decoding=\"async\" src=\"https:\/\/cj.estrategia.com\/portal\/wp-content\/uploads\/2023\/12\/07160657\/whatsapp_1385.webp\" alt=\"\" alt=\"whatsapp_1385\"><span > Acesse agora o Grupo de Estudos para Concurso de Procuradorias <\/span><\/a>\n\n\n\n<p>A <strong>prova objetiva do concurso <\/strong>para <strong>Procurador Legislativo de Concurso da Assembleia Legislativa do Estado do Rio de Janeiro (ALERJ<\/strong>) foi aplicada neste domingo, <strong>8 de fevereiro<\/strong>. O certame \u00e9 organizado pela Funda\u00e7\u00e3o Get\u00falio Vargas (FGV).<\/p>\n\n\n\n<p>O edital conta com <strong>3 vagas imediatas<\/strong>, al\u00e9m de <strong>forma\u00e7\u00e3o de cadastro reserva<\/strong>, com remunera\u00e7\u00e3o inicial de <strong><strong>R$ 44.008,52<\/strong><\/strong>.<\/p>\n\n\n\n<p>O <strong>Estrat\u00e9gia Carreiras Jur\u00eddicas<\/strong> realizar\u00e1 a <strong>corre\u00e7\u00e3o extraoficial da avalia\u00e7\u00e3o<\/strong> em breve por meio do <strong>YouTube<\/strong>. Voc\u00ea poder\u00e1 conferir esse conte\u00fado abaixo!<\/p>\n\n\n\n<ul class=\"wp-block-list has-electric-grass-gradient-background has-background\">\n<li><strong>Mas aten\u00e7\u00e3o:\u00a0<\/strong>Al\u00e9m da corre\u00e7\u00e3o, nosso super time disponibilizar\u00e1 o gabarito completo, com todas as quest\u00f5es escritas, um link para que voc\u00ea possa inserir seu gabarito e participar do ranking e realizar\u00e1 um webin\u00e1rio\u00a0com todas as impress\u00f5es da prova. <strong>N\u00c3O PERCA!<\/strong><\/li>\n<\/ul>\n\n\n\n<h2 class=\"wp-block-heading\" id=\"h-gabarito-extraoficial-alerj-procurador-correcao-ao-vivo\"><span id=\"gabarito-extraoficial-alerj-procurador-correcao-ao-vivo\">Gabarito Extraoficial ALERJ Procurador: corre\u00e7\u00e3o AO VIVO!<\/span><\/h2>\n\n\n\n<figure class=\"wp-block-embed is-type-video is-provider-youtube wp-block-embed-youtube wp-embed-aspect-16-9 wp-has-aspect-ratio\"><div class=\"wp-block-embed__wrapper\">\n<div class=\"cs-embed cs-embed-responsive\"><iframe title=\"Gabarito Extraoficial ALERJ (Procurador)\" width=\"1200\" height=\"675\" src=\"https:\/\/www.youtube.com\/embed\/YQKxcpaKsVs?feature=oembed\" frameborder=\"0\" allow=\"accelerometer; autoplay; clipboard-write; encrypted-media; gyroscope; picture-in-picture; web-share\" referrerpolicy=\"strict-origin-when-cross-origin\" allowfullscreen><\/iframe><\/div>\n<\/div><\/figure>\n\n\n\n<h2 class=\"wp-block-heading\" id=\"h-professor-a-responsavel-por-disciplina\"><span id=\"professora-responsavel-por-disciplina\">Professor(a) respons\u00e1vel por disciplina<\/span><\/h2>\n\n\n\n<figure class=\"wp-block-table is-style-stripes\"><table class=\"has-very-light-gray-to-cyan-bluish-gray-gradient-background has-background\"><thead><tr><th class=\"has-text-align-center\" data-align=\"center\">Disciplina<\/th><th class=\"has-text-align-center\" data-align=\"center\">Professor<\/th><\/tr><\/thead><tbody><tr><td class=\"has-text-align-center\" data-align=\"center\">Direito Administrativo<\/td><td class=\"has-text-align-center\" data-align=\"center\">Rodolfo Penna<\/td><\/tr><tr><td class=\"has-text-align-center\" data-align=\"center\">Direito Constitucional<\/td><td class=\"has-text-align-center\" data-align=\"center\">Nelma Fontana<\/td><\/tr><tr><td class=\"has-text-align-center\" data-align=\"center\">Direito Civil<\/td><td class=\"has-text-align-center\" data-align=\"center\">Julina Lins<\/td><\/tr><tr><td class=\"has-text-align-center\" data-align=\"center\">Direito Tribut\u00e1rio<\/td><td class=\"has-text-align-center\" data-align=\"center\">Felipe Duque<\/td><\/tr><tr><td class=\"has-text-align-center\" data-align=\"center\">Direito Processual do Trabalho<\/td><td class=\"has-text-align-center\" data-align=\"center\">Lucas Pessoa<\/td><\/tr><tr><td class=\"has-text-align-center\" data-align=\"center\">Direitos Humanos<\/td><td class=\"has-text-align-center\" data-align=\"center\">Vinicius Zoponi<\/td><\/tr><tr><td class=\"has-text-align-center\" data-align=\"center\">Direito Ambiental<\/td><td class=\"has-text-align-center\" data-align=\"center\">Thiago Leite<\/td><\/tr><tr><td class=\"has-text-align-center\" data-align=\"center\">Direito do Trabalho<\/td><td class=\"has-text-align-center\" data-align=\"center\">Felipe Fernandes<\/td><\/tr><tr><td class=\"has-text-align-center\" data-align=\"center\">Aspectos Processuais Aplic\u00e1veis \u00e0 Fazenda P\u00fablica<\/td><td class=\"has-text-align-center\" data-align=\"center\">Jo\u00e3o Lawall<\/td><\/tr><tr><td class=\"has-text-align-center\" data-align=\"center\">Direito Financeiro<\/td><td class=\"has-text-align-center\" data-align=\"center\">Jo\u00e3o Lawall<\/td><\/tr><tr><td class=\"has-text-align-center\" data-align=\"center\">Direito Eleitoral e Partid\u00e1rio<\/td><td class=\"has-text-align-center\" data-align=\"center\">Leonardo Fernandes<\/td><\/tr><tr><td class=\"has-text-align-center\" data-align=\"center\">Direito Digital<\/td><td class=\"has-text-align-center\" data-align=\"center\">Juliana Lins<\/td><\/tr><tr><td class=\"has-text-align-center\" data-align=\"center\">Legisla\u00e7\u00e3o Espec\u00edfica<\/td><td class=\"has-text-align-center\" data-align=\"center\">Juliana Lins<\/td><\/tr><tr><td class=\"has-text-align-center\" data-align=\"center\">Direito Processual Penal<\/td><td class=\"has-text-align-center\" data-align=\"center\">Ivan Marques<\/td><\/tr><tr><td class=\"has-text-align-center\" data-align=\"center\">Direito Penal<\/td><td class=\"has-text-align-center\" data-align=\"center\">Ivan Marques<\/td><\/tr><\/tbody><\/table><\/figure>\n\n\n\n<h2 class=\"wp-block-heading\" id=\"h-gabaritos-das-questoes-avaliadas-por-nossos-as-professores-as\"><span id=\"gabaritos-das-questoes-avaliadas-por-nossosas-professoresas\">Gabaritos das quest\u00f5es avaliadas por nossos(as) professores(as):<\/span><\/h2>\n\n\n\n<p><em>Prova usada como refer\u00eancia: <strong>tipo 2 \u2013 verde<\/strong>.<\/em><\/p>\n\n\n\n<figure class=\"wp-block-table is-style-stripes\"><table class=\"has-very-light-gray-to-cyan-bluish-gray-gradient-background has-background\"><thead><tr><th>Quest\u00f5es<\/th><th class=\"has-text-align-center\" data-align=\"center\">Respostas<\/th><th class=\"has-text-align-center\" data-align=\"center\">Coment\u00e1rios dos professores<\/th><\/tr><\/thead><tbody><tr><td>1 \u2013 Ap\u00f3s a observ\u00e2ncia das formalidades legais\u2026<\/td><td class=\"has-text-align-center\" data-align=\"center\">E<\/td><td class=\"has-text-align-center\" data-align=\"center\"><\/td><\/tr><tr><td>2 \u2013 Maria, servidora p\u00fablica no Estado do Rio de Janeiro\u2026<\/td><td class=\"has-text-align-center\" data-align=\"center\">E<\/td><td class=\"has-text-align-center\" data-align=\"center\"><\/td><\/tr><tr><td>3 \u2013 Henrique, servidor publico federal, est\u00e1\u2026<\/td><td class=\"has-text-align-center\" data-align=\"center\">A<\/td><td class=\"has-text-align-center\" data-align=\"center\"><\/td><\/tr><tr><td>4 \u2013 O Estado do Rio de Janeiro pretende\u2026<\/td><td class=\"has-text-align-center\" data-align=\"center\">C<\/td><td class=\"has-text-align-center\" data-align=\"center\"><\/td><\/tr><tr><td>5 \u2013 Ap\u00f3s e observ\u00e2ncia de todas as formalidades\u2026<\/td><td class=\"has-text-align-center\" data-align=\"center\">B<\/td><td class=\"has-text-align-center\" data-align=\"center\"><\/td><\/tr><tr><td>6 \u2013 A concession\u00e1ria de servi\u00e7os p\u00fablicos XPTO\u2026<\/td><td class=\"has-text-align-center\" data-align=\"center\">A<\/td><td class=\"has-text-align-center\" data-align=\"center\"><\/td><\/tr><tr><td>7 \u2013 Objetivando a formula\u00e7\u00e3o de um determinado\u2026<\/td><td class=\"has-text-align-center\" data-align=\"center\">A<\/td><td class=\"has-text-align-center\" data-align=\"center\"><\/td><\/tr><tr><td>8 \u2013 O Estado do Rio de Janeiro se\u2026<\/td><td class=\"has-text-align-center\" data-align=\"center\">A<\/td><td class=\"has-text-align-center\" data-align=\"center\"><\/td><\/tr><tr><td>9 \u2013 Matheus, residente e domiciliado\u2026<\/td><td class=\"has-text-align-center\" data-align=\"center\">D<\/td><td class=\"has-text-align-center\" data-align=\"center\"><\/td><\/tr><tr><td>10 \u2013 O Governador do Estado Alfa\u2026<\/td><td class=\"has-text-align-center\" data-align=\"center\">C<\/td><td class=\"has-text-align-center\" data-align=\"center\"><\/td><\/tr><tr><td>11 \u2013 Nos termos da Lei n\u00ba 13.019\/2014\u2026<\/td><td class=\"has-text-align-center\" data-align=\"center\">D<\/td><td class=\"has-text-align-center\" data-align=\"center\"><\/td><\/tr><tr><td>12 \u2013 A sociedade empres\u00e1ria\u2026<\/td><td class=\"has-text-align-center\" data-align=\"center\">A<\/td><td class=\"has-text-align-center\" data-align=\"center\"><\/td><\/tr><tr><td>13 \u2013 A Funda\u00e7\u00e3o Sa\u00fade \u00e9\u2026<\/td><td class=\"has-text-align-center\" data-align=\"center\">C<\/td><td class=\"has-text-align-center\" data-align=\"center\"><\/td><\/tr><tr><td>14 \u2013 Ap\u00f3s a prola\u00e7\u00e3o de decis\u00e3o\u2026<\/td><td class=\"has-text-align-center\" data-align=\"center\">E<\/td><td class=\"has-text-align-center\" data-align=\"center\"><\/td><\/tr><tr><td>15 \u2013 A muta\u00e7\u00e3o constitucional consiste\u2026<\/td><td class=\"has-text-align-center\" data-align=\"center\">C<\/td><td class=\"has-text-align-center\" data-align=\"center\"><\/td><\/tr><tr><td>16 \u2013 Durante o procedimento de controle Interno\u2026<\/td><td class=\"has-text-align-center\" data-align=\"center\">B<\/td><td class=\"has-text-align-center\" data-align=\"center\">(art. 37, \u00a71\u00ba, CF)<\/td><\/tr><tr><td>17 \u2013 Sobre o modelo complexo\u2026<\/td><td class=\"has-text-align-center\" data-align=\"center\">E<\/td><td class=\"has-text-align-center\" data-align=\"center\">(I. C art. 22, I, da CF; II. C. art. 23 da CF; III. C art. 24, \u00a7\u00a7 1\u00ba a 4\u00ba, da CF\/1988)<\/td><\/tr><tr><td>18 \u2013 O Munic\u00edpio de Cervantes\u2026<\/td><td class=\"has-text-align-center\" data-align=\"center\">B<\/td><td class=\"has-text-align-center\" data-align=\"center\">(art. 225, \u00a7 1\u00ba, IV, da CF)<\/td><\/tr><tr><td>19 \u2013 Joana \u00e9 propriet\u00e1ria de\u2026<\/td><td class=\"has-text-align-center\" data-align=\"center\">C<\/td><td class=\"has-text-align-center\" data-align=\"center\">(art. 186 da CF)<\/td><\/tr><tr><td>20 \u2013 No \u00e2mbito do processo\u2026<\/td><td class=\"has-text-align-center\" data-align=\"center\">B<\/td><td class=\"has-text-align-center\" data-align=\"center\">(art. 66, \u00a72\u00ba, da CF)<\/td><\/tr><tr><td>21 \u2013 A Constitui\u00e7\u00e3o da Rep\u00fablica\u2026<\/td><td class=\"has-text-align-center\" data-align=\"center\">A<\/td><td class=\"has-text-align-center\" data-align=\"center\">(V \u2013 F art. 49, XV, da CF \u2013 V art. 14 da CF)<\/td><\/tr><tr><td>22 \u2013 No que se refere ao\u2026<\/td><td class=\"has-text-align-center\" data-align=\"center\">C<\/td><td class=\"has-text-align-center\" data-align=\"center\">(art. 58, \u00a71\u00ba, da CF)<\/td><\/tr><tr><td>23 \u2013 Durante tramita\u00e7\u00e3o de\u2026<\/td><td class=\"has-text-align-center\" data-align=\"center\">B<\/td><td class=\"has-text-align-center\" data-align=\"center\">Lei n\u00ba 9.096\/1995, art. 7\u00ba, \u00a71\u00ba.<\/td><\/tr><tr><td>24 \u2013 A Constitui\u00e7\u00e3o Federal\u2026<\/td><td class=\"has-text-align-center\" data-align=\"center\">E<\/td><td class=\"has-text-align-center\" data-align=\"center\">(I. C art. 170 e art. 173 da CF \u2013 II. C art. 174, CF \u2013 III. C art. 145, 150 e 192 da CF)<\/td><\/tr><tr><td>25 \u2013 No processo de aprecia\u00e7\u00e3o\u2026<\/td><td class=\"has-text-align-center\" data-align=\"center\">D<\/td><td class=\"has-text-align-center\" data-align=\"center\">(art. 62, \u00a71\u00ba, III, da CF)<\/td><\/tr><tr><td>26 \u2013 O Presidente da Rep\u00fablica\u2026<\/td><td class=\"has-text-align-center\" data-align=\"center\">C<\/td><td class=\"has-text-align-center\" data-align=\"center\"><\/td><\/tr><tr><td>27 \u2013 Acerca da posi\u00e7\u00e3o\u2026<\/td><td class=\"has-text-align-center\" data-align=\"center\">E<\/td><td class=\"has-text-align-center\" data-align=\"center\"><\/td><\/tr><tr><td>28 \u2013 Uma lei municipal disp\u00f5e\u2026<\/td><td class=\"has-text-align-center\" data-align=\"center\">B<\/td><td class=\"has-text-align-center\" data-align=\"center\">(Conven\u00e7\u00e3o Internacional sobre Direitos da PCD, art. 1)<\/td><\/tr><tr><td>29 \u2013 A Assembleia Legislativa\u2026<\/td><td class=\"has-text-align-center\" data-align=\"center\">A<\/td><td class=\"has-text-align-center\" data-align=\"center\">(art. 102, I, a, e o art. 102, \u00a72\u00ba, da CF)<\/td><\/tr><tr><td>30 \u2013 Na C\u00e2mara Municipal\u2026<\/td><td class=\"has-text-align-center\" data-align=\"center\">A<\/td><td class=\"has-text-align-center\" data-align=\"center\">(art. 5\u00ba, LXIX, da CF e o art. 1\u00ba da Lei n\u00ba 12.016\/2009)<\/td><\/tr><tr><td>31 \u2013 Considere a ciclo\u2026<\/td><td class=\"has-text-align-center\" data-align=\"center\">D<\/td><td class=\"has-text-align-center\" data-align=\"center\"><\/td><\/tr><tr><td>32 \u2013 Durante a prepara\u00e7\u00e3o\u2026<\/td><td class=\"has-text-align-center\" data-align=\"center\">A<\/td><td class=\"has-text-align-center\" data-align=\"center\">(14, \u00a74\u00ba, da CF)<\/td><\/tr><tr><td>33 \u2013 Acerca da aplica\u00e7\u00e3o\u2026<\/td><td class=\"has-text-align-center\" data-align=\"center\">D<\/td><td class=\"has-text-align-center\" data-align=\"center\">(art. 25 da CF)<\/td><\/tr><tr><td>34 \u2013 A Antropologia Cultural<\/td><td class=\"has-text-align-center\" data-align=\"center\">B<\/td><td class=\"has-text-align-center\" data-align=\"center\">(I. E art. 215, \u00a7 2\u00ba, da CF \u2013 II. E art. 215, \u00a7 3\u00ba, da CF \u2013 III. C art. 216, \u00a71\u00ba, da CF)<\/td><\/tr><tr><td>35 \u2013 O Munic\u00edpio Alfa celebrou\u2026<\/td><td class=\"has-text-align-center\" data-align=\"center\">B<\/td><td class=\"has-text-align-center\" data-align=\"center\"><\/td><\/tr><tr><td>36 \u2013 J\u00falio ajuizou demanda\u2026<\/td><td class=\"has-text-align-center\" data-align=\"center\">C<\/td><td class=\"has-text-align-center\" data-align=\"center\"><\/td><\/tr><tr><td>37 \u2013 Ricardo, escritor de renome\u2026<\/td><td class=\"has-text-align-center\" data-align=\"center\">E<\/td><td class=\"has-text-align-center\" data-align=\"center\">(Arts. 11, 17 e 18 CC)<\/td><\/tr><tr><td>38 \u2013 No ano anterior, o Estado Alfa\u2026<\/td><td class=\"has-text-align-center\" data-align=\"center\">A<\/td><td class=\"has-text-align-center\" data-align=\"center\"><\/td><\/tr><tr><td>39 \u2013 Carlos e Roberto celebraram\u2026<\/td><td class=\"has-text-align-center\" data-align=\"center\">B<\/td><td class=\"has-text-align-center\" data-align=\"center\">(art.170, CC)<\/td><\/tr><tr><td>40 \u2013 Andr\u00e9 e Renata participaram\u2026<\/td><td class=\"has-text-align-center\" data-align=\"center\">B<\/td><td class=\"has-text-align-center\" data-align=\"center\"><\/td><\/tr><tr><td>41- Em a\u00e7\u00e3o Judicial envolvendo\u2026<\/td><td class=\"has-text-align-center\" data-align=\"center\">A<\/td><td class=\"has-text-align-center\" data-align=\"center\">(Art. 3\u00ba a 6\u00b0 LINDB)<\/td><\/tr><tr><td>42 \u2013 O Estado Beta \u00e9 propriet\u00e1rio\u2026<\/td><td class=\"has-text-align-center\" data-align=\"center\">C<\/td><td class=\"has-text-align-center\" data-align=\"center\">(Art. 98 a 102, CC)<\/td><\/tr><tr><td>43 \u2013 Um Procurador Legislativo\u2026<\/td><td class=\"has-text-align-center\" data-align=\"center\">B<\/td><td class=\"has-text-align-center\" data-align=\"center\"><\/td><\/tr><tr><td>44 \u2013 Paulinho Tat\u00e1 foi eleito\u2026<\/td><td class=\"has-text-align-center\" data-align=\"center\">B<\/td><td class=\"has-text-align-center\" data-align=\"center\"><\/td><\/tr><tr><td>45 \u2013 Um Deputado Estadual\u2026<\/td><td class=\"has-text-align-center\" data-align=\"center\">D<\/td><td class=\"has-text-align-center\" data-align=\"center\"><\/td><\/tr><tr><td>46 \u2013 Um empres\u00e1rio, com\u2026<\/td><td class=\"has-text-align-center\" data-align=\"center\">A<\/td><td class=\"has-text-align-center\" data-align=\"center\"><\/td><\/tr><tr><td>47 \u2013 O Procurador-Geral de Justi\u00e7a\u2026<\/td><td class=\"has-text-align-center\" data-align=\"center\">B<\/td><td class=\"has-text-align-center\" data-align=\"center\"><\/td><\/tr><tr><td>48 \u2013 Um Procurador de Justi\u00e7a\u2026<\/td><td class=\"has-text-align-center\" data-align=\"center\">C<\/td><td class=\"has-text-align-center\" data-align=\"center\"><\/td><\/tr><tr><td>49 \u2013 Em determinada reclama\u00e7\u00e3o\u2026<\/td><td class=\"has-text-align-center\" data-align=\"center\">E<\/td><td class=\"has-text-align-center\" data-align=\"center\"><\/td><\/tr><tr><td>50 \u2013 Roberta foi contratada\u2026<\/td><td class=\"has-text-align-center\" data-align=\"center\">C<\/td><td class=\"has-text-align-center\" data-align=\"center\"><\/td><\/tr><tr><td>51 \u2013 Joelson trabalhou como\u2026<\/td><td class=\"has-text-align-center\" data-align=\"center\">B<\/td><td class=\"has-text-align-center\" data-align=\"center\"><\/td><\/tr><tr><td>52 \u2013 Ver\u00f4nica n\u00e3o tem v\u00ednculo\u2026<\/td><td class=\"has-text-align-center\" data-align=\"center\">D<\/td><td class=\"has-text-align-center\" data-align=\"center\"><\/td><\/tr><tr><td>53 \u2013 Em determinada sociedade\u2026<\/td><td class=\"has-text-align-center\" data-align=\"center\">A<\/td><td class=\"has-text-align-center\" data-align=\"center\"><\/td><\/tr><tr><td>54 \u2013 Rafael \u00e9 um trabalhador\u2026<\/td><td class=\"has-text-align-center\" data-align=\"center\">E<\/td><td class=\"has-text-align-center\" data-align=\"center\"><\/td><\/tr><tr><td>55 \u2013 Durante a execu\u00e7\u00e3o\u2026<\/td><td class=\"has-text-align-center\" data-align=\"center\">A<\/td><td class=\"has-text-align-center\" data-align=\"center\"><\/td><\/tr><tr><td>56 \u2013 Durante a an\u00e1lise das Contas\u2026<\/td><td class=\"has-text-align-center\" data-align=\"center\">E<\/td><td class=\"has-text-align-center\" data-align=\"center\"><\/td><\/tr><tr><td>57 \u2013 Determinada empresa p\u00fablica\u2026<\/td><td class=\"has-text-align-center\" data-align=\"center\">A<\/td><td class=\"has-text-align-center\" data-align=\"center\"><\/td><\/tr><tr><td>58 \u2013 A Assembleia Legislativa\u2026<\/td><td class=\"has-text-align-center\" data-align=\"center\">D<\/td><td class=\"has-text-align-center\" data-align=\"center\"><\/td><\/tr><tr><td>59 \u2013 Ao In\u00edcio da sess\u00e3o legislativa\u2026<\/td><td class=\"has-text-align-center\" data-align=\"center\">D<\/td><td class=\"has-text-align-center\" data-align=\"center\"><\/td><\/tr><tr><td>60 \u2013 Durante a tramita\u00e7\u00e3o de projeto\u2026<\/td><td class=\"has-text-align-center\" data-align=\"center\">B<\/td><td class=\"has-text-align-center\" data-align=\"center\"><\/td><\/tr><tr><td>61 \u2013 A Constitui\u00e7\u00e3o Federal estabeleceu\u2026<\/td><td class=\"has-text-align-center\" data-align=\"center\">C<\/td><td class=\"has-text-align-center\" data-align=\"center\"><\/td><\/tr><tr><td>62 \u2013 No exerc\u00edcio de suas atribui\u00e7\u00f5es\u2026<\/td><td class=\"has-text-align-center\" data-align=\"center\">E<\/td><td class=\"has-text-align-center\" data-align=\"center\"><\/td><\/tr><tr><td>63 \u2013 No exerc\u00edcio de suas atribui\u00e7\u00f5es\u2026<\/td><td class=\"has-text-align-center\" data-align=\"center\">C<\/td><td class=\"has-text-align-center\" data-align=\"center\"><\/td><\/tr><tr><td>64 \u2013 Em 2027, o Poder Executivo\u2026<\/td><td class=\"has-text-align-center\" data-align=\"center\">E<\/td><td class=\"has-text-align-center\" data-align=\"center\"><\/td><\/tr><tr><td>65 \u2013 Caio, candidato em elei\u00e7\u00f5es\u2026<\/td><td class=\"has-text-align-center\" data-align=\"center\">D<\/td><td class=\"has-text-align-center\" data-align=\"center\"><\/td><\/tr><tr><td>66 \u2013 No ano de 2024, quando\u2026<\/td><td class=\"has-text-align-center\" data-align=\"center\">D<\/td><td class=\"has-text-align-center\" data-align=\"center\"><\/td><\/tr><tr><td>67 \u2013 T\u00edcio, nascido em 1\u00ba de janeiro\u2026.<\/td><td class=\"has-text-align-center\" data-align=\"center\">D<\/td><td class=\"has-text-align-center\" data-align=\"center\"><\/td><\/tr><tr><td>68 \u2013 T\u00edcio, pretendendo se candidatar\u2026<\/td><td class=\"has-text-align-center\" data-align=\"center\">E<\/td><td class=\"has-text-align-center\" data-align=\"center\"><\/td><\/tr><tr><td>69 \u2013 No Estado Alfa, foi sancionada\u2026<\/td><td class=\"has-text-align-center\" data-align=\"center\">D<\/td><td class=\"has-text-align-center\" data-align=\"center\"><\/td><\/tr><tr><td>70 \u2013 Caio, candidato a Vereador\u2026<\/td><td class=\"has-text-align-center\" data-align=\"center\">B<\/td><td class=\"has-text-align-center\" data-align=\"center\"><\/td><\/tr><tr><td>71 \u2013 T\u00edcio, Deputado Estadual\u2026<\/td><td class=\"has-text-align-center\" data-align=\"center\">C<\/td><td class=\"has-text-align-center\" data-align=\"center\"><\/td><\/tr><tr><td>72 \u2013 Caio, candidato a Deputado\u2026<\/td><td class=\"has-text-align-center\" data-align=\"center\">D<\/td><td class=\"has-text-align-center\" data-align=\"center\"><\/td><\/tr><tr><td>73 \u2013 O Projeto de Lei n\u00ba 2338\/2023\u2026<\/td><td class=\"has-text-align-center\" data-align=\"center\">B<\/td><td class=\"has-text-align-center\" data-align=\"center\"><\/td><\/tr><tr><td>74 \u2013 A Lei n\u00ba 14.133\/2021\u2026<\/td><td class=\"has-text-align-center\" data-align=\"center\">A<\/td><td class=\"has-text-align-center\" data-align=\"center\"><\/td><\/tr><tr><td>75 \u2013 Uma plataforma digital de\u2026<\/td><td class=\"has-text-align-center\" data-align=\"center\">B<\/td><td class=\"has-text-align-center\" data-align=\"center\"><\/td><\/tr><tr><td>76 \u2013 No contexto da implementa\u00e7\u00e3o\u2026<\/td><td class=\"has-text-align-center\" data-align=\"center\">E<\/td><td class=\"has-text-align-center\" data-align=\"center\"><\/td><\/tr><tr><td>77 \u2013 Carlos, com o objetivo\u2026<\/td><td class=\"has-text-align-center\" data-align=\"center\">C<\/td><td class=\"has-text-align-center\" data-align=\"center\"><\/td><\/tr><tr><td>78 \u2013 O Marco Civil da Internet\u2026<\/td><td class=\"has-text-align-center\" data-align=\"center\">D<\/td><td class=\"has-text-align-center\" data-align=\"center\"><\/td><\/tr><tr><td>79 \u2013 Uma institui\u00e7\u00e3o financeira\u2026<\/td><td class=\"has-text-align-center\" data-align=\"center\">C<\/td><td class=\"has-text-align-center\" data-align=\"center\"><\/td><\/tr><tr><td>80 \u2013 Joana, cidad\u00e3 brasileira\u2026<\/td><td class=\"has-text-align-center\" data-align=\"center\">D<\/td><td class=\"has-text-align-center\" data-align=\"center\"><\/td><\/tr><tr><td>81 \u2013 Consoante disp\u00f5e a lei\u2026<\/td><td class=\"has-text-align-center\" data-align=\"center\">E<\/td><td class=\"has-text-align-center\" data-align=\"center\">I \u2013 V \u2013 Art. 33, III, Lei 12305\/2010<br>II \u2013 V \u2013 Art. 33, II, Lei 12305\/2010<br>III \u2013 V \u2013 Art. 33, IV, Lei 12305\/2010<\/td><\/tr><tr><td>82 \u2013 A Constitui\u00e7\u00e3o Federal\u2026<\/td><td class=\"has-text-align-center\" data-align=\"center\">C<\/td><td class=\"has-text-align-center\" data-align=\"center\">Art. 225, \u00a77\u00ba, CF<\/td><\/tr><tr><td>83 \u2013 O Estado Alfa criou\u2026<\/td><td class=\"has-text-align-center\" data-align=\"center\">A<\/td><td class=\"has-text-align-center\" data-align=\"center\">Artigo 10, Lei 9985\/2000<\/td><\/tr><tr><td>84 \u2013 O Estado Gama editou\u2026<\/td><td class=\"has-text-align-center\" data-align=\"center\">B<\/td><td class=\"has-text-align-center\" data-align=\"center\">ADI 7203<\/td><\/tr><tr><td>85 \u2013 A Lei n\u00ba 12.187\/2009\u2026<\/td><td class=\"has-text-align-center\" data-align=\"center\">B<\/td><td class=\"has-text-align-center\" data-align=\"center\">I \u2013 Adapta\u00e7\u00e3o \u2013 Artigo 2\u00ba, I, Lei 12.187\/2009<br>II \u2013 Mitiga\u00e7\u00e3o \u2013 Artigo 2\u00ba, VII, Lei 12.187\/2009<br>III \u2013 Sumidouro \u2013 Artigo 2\u00ba, IX, Lei 12.187\/2009<\/td><\/tr><tr><td>86 \u2013 A pol\u00edtica urbana tem\u2026<\/td><td class=\"has-text-align-center\" data-align=\"center\">C<\/td><td class=\"has-text-align-center\" data-align=\"center\">I \u2013 F \u2013 Artigo 26, I, EC.<br>II \u2013 V \u2013 Artigo 32, \u00a72, II, EC<br>III \u2013 V \u2013 Artigo 35, caput e III, EC<\/td><\/tr><tr><td>87 \u2013 De acordo com a Lei n\u00ba 9.433\/1997\u2026<\/td><td class=\"has-text-align-center\" data-align=\"center\">E<\/td><td class=\"has-text-align-center\" data-align=\"center\">Cobran\u00e7a pelo uso de recursos h\u00eddricos \u2013 Artigo 5, IV, Lei 9433\/97<br>A \u2013 Art. 5, III<br>B \u2013 Art. 5, V<br>C \u2013 Art. 5, I<br>D \u2013 Art. 5, VI<\/td><\/tr><tr><td>88 \u2013 O Estado Beto editou\u2026<\/td><td class=\"has-text-align-center\" data-align=\"center\">D<\/td><td class=\"has-text-align-center\" data-align=\"center\">ADI 4529<\/td><\/tr><tr><td>89 \u2013 A liberdade de express\u00e3o\u2026<\/td><td class=\"has-text-align-center\" data-align=\"center\">C<\/td><td class=\"has-text-align-center\" data-align=\"center\">(STF, ADI 6792)<\/td><\/tr><tr><td>90 \u2013 O Brasil \u00e9 signat\u00e1rio da\u2026<\/td><td class=\"has-text-align-center\" data-align=\"center\">D<\/td><td class=\"has-text-align-center\" data-align=\"center\">(Conven\u00e7\u00e3o Americana, art. 68 + doutrina)<\/td><\/tr><tr><td>91 \u2013 A express\u00e3o \u201cdiscrimina\u00e7\u00e3o\u2026<\/td><td class=\"has-text-align-center\" data-align=\"center\">C<\/td><td class=\"has-text-align-center\" data-align=\"center\">(CEDAW, arts. 10, 11 e 12)<\/td><\/tr><tr><td>92 \u2013 A altera\u00e7\u00e3o promovida pela\u2026<\/td><td class=\"has-text-align-center\" data-align=\"center\">E<\/td><td class=\"has-text-align-center\" data-align=\"center\">(doutrina e jurisprud\u00eancia da Corte IDH)<\/td><\/tr><tr><td>93 \u2013 O racismo estrutural demanda\u2026<\/td><td class=\"has-text-align-center\" data-align=\"center\">B<\/td><td class=\"has-text-align-center\" data-align=\"center\">(STJ, HC 929002)<\/td><\/tr><tr><td>94 \u2013 O direito \u00e0 sa\u00fade \u00e9 direito\u2026<\/td><td class=\"has-text-align-center\" data-align=\"center\">B<\/td><td class=\"has-text-align-center\" data-align=\"center\">(STF, ADPF 787)<\/td><\/tr><tr><td>95 \u2013 Foi impetrado, perante \u00f3rg\u00e3o\u2026<\/td><td class=\"has-text-align-center\" data-align=\"center\">E<\/td><td class=\"has-text-align-center\" data-align=\"center\"><\/td><\/tr><tr><td>96 \u2013 Maria \u00e9 servidora ocupante\u2026<\/td><td class=\"has-text-align-center\" data-align=\"center\">C<\/td><td class=\"has-text-align-center\" data-align=\"center\"><\/td><\/tr><tr><td>97 \u2013 Foi apresentado um projeto\u2026<\/td><td class=\"has-text-align-center\" data-align=\"center\">C<\/td><td class=\"has-text-align-center\" data-align=\"center\"><\/td><\/tr><tr><td>98 \u2013 Uma comiss\u00e3o permanente\u2026<\/td><td class=\"has-text-align-center\" data-align=\"center\">C*<\/td><td class=\"has-text-align-center\" data-align=\"center\">*(Anul\u00e1vel)<\/td><\/tr><tr><td>99 \u2013 O Estado do Rio de Janeiro\u2026<\/td><td class=\"has-text-align-center\" data-align=\"center\">B<\/td><td class=\"has-text-align-center\" data-align=\"center\"><\/td><\/tr><tr><td>100 \u2013 Em determinada legislatura\u2026<\/td><td class=\"has-text-align-center\" data-align=\"center\">D<\/td><td class=\"has-text-align-center\" data-align=\"center\"><\/td><\/tr><\/tbody><\/table><\/figure>\n\n\n\n<p class=\"has-text-align-center has-luminous-vivid-amber-to-luminous-vivid-orange-gradient-background has-background\"><strong>Saiba mais: <a href=\"https:\/\/cj.estrategia.com\/portal\/concurso-procurador-ale-rj\/\" target=\"_blank\" >Concurso Procurador ALERJ<\/a><\/strong><\/p>\n\n\n\n<h2 class=\"wp-block-heading\" id=\"h-quer-saber-tudo-sobre-concursos-previstos-confira-nossos-artigos\"><span id=\"quer-saber-tudo-sobre-concursos-previstosconfira-nossos-artigos\">Quer saber tudo sobre concursos previstos?<br><strong>Confira nossos artigos!<\/strong><\/span><\/h2>\n\n\n\n<ul class=\"wp-block-list\">\n<li><a href=\"https:\/\/cj.estrategia.com\/portal\/concursos-abertos-carreiras-juridicas\/\">Concursos jur\u00eddicos abertos<\/a><\/li>\n\n\n\n<li><a href=\"https:\/\/cj.estrategia.com\/portal\/concursos-juridicos-2026\/\">Concursos jur\u00eddicos 2026<\/a><\/li>\n\n\n\n<li><a href=\"https:\/\/cj.estrategia.com\/portal\/concursos-procuradorias\/\">Concursos Procuradorias<\/a><\/li>\n<\/ul>\n\n\n\n<h2 class=\"wp-block-heading has-text-align-center\" id=\"curso\"><span id=\"cursos-e-assinaturas\">CURSOS E ASSINATURAS<\/span><\/h2>\n\n\n\n<div class=\"container\" id=\"boxes\">\n  <div class=\"row\">\n\n    <div class=\"col-sm\">\n      <div class=\"banner-estrategia-concursos-juridicos\" id=\"box-assinatura\">\n        <h2 id=\"curso-para-procurador-ale-rj\" class=\"titulo-assinatura\"><span style=\"color: #ffffff; font-size: 23px; \">Curso para Procurador ALE RJ<\/span><\/h2>\n        <p class=\"subtitulo-assinatura\">Cursos focados no edital do concurso<\/p>\n        <div class=\"box-botao\">\n          <a class=\"btn-assinatura-juridica\" target=\"_blank\" href=\"https:\/\/cj.estrategia.com\/cursos\/home\" role=\"button\" rel=\"noopener noreferrer\">Conhe\u00e7a mais<\/a>\n        <\/div>\n      <\/div>\n      <p class=\"texto-auxiliar\">Prepare-se com o melhor material e com quem mais aprova em concursos em todo o pa\u00eds. \n<\/p>\n    <\/div>\n\n  <\/div>\n<\/div>\n\n\n\n<div class=\"wp-block-cover\" style=\"min-height:155px;aspect-ratio:unset;\"><img decoding=\"async\" width=\"1890\" height=\"351\" class=\"wp-block-cover__image-background wp-image-8669\" alt=\"Assinaturas Jur\u00eddicas\" src=\"https:\/\/cj.estrategia.com\/portal\/wp-content\/uploads\/2022\/06\/20151253\/concurso-carreiras-juridicas-assinatura-juridica.jpg\" style=\"object-position:78% 43%\" data-object-fit=\"cover\" data-object-position=\"78% 43%\" srcset=\"https:\/\/cj.estrategia.com\/portal\/wp-content\/uploads\/2022\/06\/20151253\/concurso-carreiras-juridicas-assinatura-juridica.jpg 1890w, https:\/\/cj.estrategia.com\/portal\/wp-content\/uploads\/2022\/06\/20151253\/concurso-carreiras-juridicas-assinatura-juridica-300x56.jpg 300w, https:\/\/cj.estrategia.com\/portal\/wp-content\/uploads\/2022\/06\/20151253\/concurso-carreiras-juridicas-assinatura-juridica-1024x190.jpg 1024w, https:\/\/cj.estrategia.com\/portal\/wp-content\/uploads\/2022\/06\/20151253\/concurso-carreiras-juridicas-assinatura-juridica-768x143.jpg 768w, https:\/\/cj.estrategia.com\/portal\/wp-content\/uploads\/2022\/06\/20151253\/concurso-carreiras-juridicas-assinatura-juridica-1536x285.jpg 1536w, https:\/\/cj.estrategia.com\/portal\/wp-content\/uploads\/2022\/06\/20151253\/concurso-carreiras-juridicas-assinatura-juridica-380x71.jpg 380w, https:\/\/cj.estrategia.com\/portal\/wp-content\/uploads\/2022\/06\/20151253\/concurso-carreiras-juridicas-assinatura-juridica-800x149.jpg 800w, https:\/\/cj.estrategia.com\/portal\/wp-content\/uploads\/2022\/06\/20151253\/concurso-carreiras-juridicas-assinatura-juridica-1160x215.jpg 1160w\" sizes=\"(max-width: 1890px) 100vw, 1890px\" \/><span aria-hidden=\"true\" class=\"wp-block-cover__background has-background-dim\"><\/span><div class=\"wp-block-cover__inner-container is-layout-flow wp-block-cover-is-layout-flow\">\n<h3 id=\"faca-a-sua-assinatura\" class=\"titulo-assinatura\"><span style=\"color: #ffffff;\">Fa\u00e7a a sua assinatura!<\/span><\/h3>\n<p class=\"subtitulo-assinatura\" style=\"display:block!important; line-height: 0;\"><span style=\"color: #ffffff;\">Escolha a sua \u00e1rea.<\/span><\/p>\n<a target=\"_blank\" href=\"https:\/\/www.estrategiaconcursos.com.br\/assinaturas-ecj\/\" rel=\"noopener\"><button style=\"border-radius: 10px; text-transform: capitalize;\">Acessar<\/button><\/a>\n<\/div><\/div>\n\n\n\n<p><\/p>\n","protected":false},"excerpt":{"rendered":"A prova objetiva do concurso para Procurador Legislativo de Concurso da Assembleia Legislativa do Estado do Rio de&hellip;\n","protected":false},"author":162,"featured_media":177715,"comment_status":"open","ping_status":"open","sticky":false,"template":"","format":"standard","meta":{"_jetpack_memberships_contains_paid_content":false,"footnotes":""},"categories":[24],"tags":[],"tax_estado":[49],"class_list":{"0":"post-177911","1":"post","2":"type-post","3":"status-publish","4":"format-standard","5":"has-post-thumbnail","7":"category-procuradoria","8":"tax_estado-rj"},"acf":[],"yoast_head":"<!-- This site is optimized with the Yoast SEO Premium plugin v27.5 (Yoast SEO v27.5) - https:\/\/yoast.com\/product\/yoast-seo-premium-wordpress\/ -->\n<title>Gabarito Extraoficial ALERJ Procurador: corrija sua prova aqui!<\/title>\n<meta name=\"description\" content=\"Acompanhe a corre\u00e7\u00e3o extraoficial da prova ALERJ Procurador. Obtenha o gabarito completo e saiba mais sobre as quest\u00f5es!\" \/>\n<meta name=\"robots\" content=\"index, follow, max-snippet:-1, max-image-preview:large, max-video-preview:-1\" \/>\n<link rel=\"canonical\" href=\"https:\/\/cj.estrategia.com\/portal\/gabarito-extraoficial-alerj-procurador\/\" \/>\n<meta property=\"og:locale\" content=\"pt_BR\" \/>\n<meta property=\"og:type\" content=\"article\" \/>\n<meta property=\"og:title\" content=\"Gabarito Extraoficial ALERJ Procurador: corrija sua prova aqui!\" \/>\n<meta property=\"og:description\" content=\"Acompanhe a corre\u00e7\u00e3o extraoficial da prova ALERJ Procurador. Obtenha o gabarito completo e saiba mais sobre as quest\u00f5es!\" \/>\n<meta property=\"og:url\" content=\"https:\/\/cj.estrategia.com\/portal\/gabarito-extraoficial-alerj-procurador\/\" \/>\n<meta property=\"og:site_name\" content=\"Blog - Carreiras Jur\u00eddicas - Estrat\u00e9gia\" \/>\n<meta property=\"article:publisher\" content=\"https:\/\/www.facebook.com\/estrategiacarreirajuridica\/\" \/>\n<meta property=\"article:published_time\" content=\"2026-02-09T01:57:58+00:00\" \/>\n<meta property=\"article:modified_time\" content=\"2026-02-09T03:01:11+00:00\" \/>\n<meta property=\"og:image\" content=\"https:\/\/cj.estrategia.com\/portal\/wp-content\/uploads\/2026\/01\/04105643\/procurador.jpg\" \/>\n\t<meta property=\"og:image:width\" content=\"2459\" \/>\n\t<meta property=\"og:image:height\" content=\"1383\" \/>\n\t<meta property=\"og:image:type\" content=\"image\/jpeg\" \/>\n<meta name=\"author\" content=\"Jos\u00e9 Ferreira\" \/>\n<meta name=\"twitter:card\" content=\"summary_large_image\" \/>\n<meta name=\"twitter:creator\" content=\"@EstratJuridica\" \/>\n<meta name=\"twitter:site\" content=\"@EstratJuridica\" \/>\n<meta name=\"twitter:label1\" content=\"Escrito por\" \/>\n\t<meta name=\"twitter:data1\" content=\"Jos\u00e9 Ferreira\" \/>\n\t<meta name=\"twitter:label2\" content=\"Est. tempo de leitura\" \/>\n\t<meta name=\"twitter:data2\" content=\"8 minutos\" \/>\n<script type=\"application\/ld+json\" class=\"yoast-schema-graph\">{\"@context\":\"https:\\\/\\\/schema.org\",\"@graph\":[{\"@type\":\"NewsArticle\",\"@id\":\"https:\\\/\\\/cj.estrategia.com\\\/portal\\\/gabarito-extraoficial-alerj-procurador\\\/#article\",\"isPartOf\":{\"@id\":\"https:\\\/\\\/cj.estrategia.com\\\/portal\\\/gabarito-extraoficial-alerj-procurador\\\/\"},\"author\":{\"name\":\"Jos\u00e9 Ferreira\",\"@id\":\"https:\\\/\\\/cj.estrategia.com\\\/portal\\\/#\\\/schema\\\/person\\\/4caf0099c42d736f2aade723f309f690\"},\"headline\":\"Gabarito Extraoficial ALERJ Procurador: corrija sua prova aqui!\",\"datePublished\":\"2026-02-09T01:57:58+00:00\",\"dateModified\":\"2026-02-09T03:01:11+00:00\",\"mainEntityOfPage\":{\"@id\":\"https:\\\/\\\/cj.estrategia.com\\\/portal\\\/gabarito-extraoficial-alerj-procurador\\\/\"},\"wordCount\":1229,\"commentCount\":0,\"publisher\":{\"@id\":\"https:\\\/\\\/cj.estrategia.com\\\/portal\\\/#organization\"},\"image\":{\"@id\":\"https:\\\/\\\/cj.estrategia.com\\\/portal\\\/gabarito-extraoficial-alerj-procurador\\\/#primaryimage\"},\"thumbnailUrl\":\"https:\\\/\\\/cj.estrategia.com\\\/portal\\\/wp-content\\\/uploads\\\/2026\\\/01\\\/04105643\\\/procurador.jpg\",\"articleSection\":[\"Procuradoria\"],\"inLanguage\":\"pt-BR\",\"potentialAction\":[{\"@type\":\"CommentAction\",\"name\":\"Comment\",\"target\":[\"https:\\\/\\\/cj.estrategia.com\\\/portal\\\/gabarito-extraoficial-alerj-procurador\\\/#respond\"]}]},{\"@type\":\"WebPage\",\"@id\":\"https:\\\/\\\/cj.estrategia.com\\\/portal\\\/gabarito-extraoficial-alerj-procurador\\\/\",\"url\":\"https:\\\/\\\/cj.estrategia.com\\\/portal\\\/gabarito-extraoficial-alerj-procurador\\\/\",\"name\":\"Gabarito Extraoficial ALERJ Procurador: corrija sua prova aqui!\",\"isPartOf\":{\"@id\":\"https:\\\/\\\/cj.estrategia.com\\\/portal\\\/#website\"},\"primaryImageOfPage\":{\"@id\":\"https:\\\/\\\/cj.estrategia.com\\\/portal\\\/gabarito-extraoficial-alerj-procurador\\\/#primaryimage\"},\"image\":{\"@id\":\"https:\\\/\\\/cj.estrategia.com\\\/portal\\\/gabarito-extraoficial-alerj-procurador\\\/#primaryimage\"},\"thumbnailUrl\":\"https:\\\/\\\/cj.estrategia.com\\\/portal\\\/wp-content\\\/uploads\\\/2026\\\/01\\\/04105643\\\/procurador.jpg\",\"datePublished\":\"2026-02-09T01:57:58+00:00\",\"dateModified\":\"2026-02-09T03:01:11+00:00\",\"description\":\"Acompanhe a corre\u00e7\u00e3o extraoficial da prova ALERJ Procurador. Obtenha o gabarito completo e saiba mais sobre as quest\u00f5es!\",\"breadcrumb\":{\"@id\":\"https:\\\/\\\/cj.estrategia.com\\\/portal\\\/gabarito-extraoficial-alerj-procurador\\\/#breadcrumb\"},\"inLanguage\":\"pt-BR\",\"potentialAction\":[{\"@type\":\"ReadAction\",\"target\":[\"https:\\\/\\\/cj.estrategia.com\\\/portal\\\/gabarito-extraoficial-alerj-procurador\\\/\"]}]},{\"@type\":\"ImageObject\",\"inLanguage\":\"pt-BR\",\"@id\":\"https:\\\/\\\/cj.estrategia.com\\\/portal\\\/gabarito-extraoficial-alerj-procurador\\\/#primaryimage\",\"url\":\"https:\\\/\\\/cj.estrategia.com\\\/portal\\\/wp-content\\\/uploads\\\/2026\\\/01\\\/04105643\\\/procurador.jpg\",\"contentUrl\":\"https:\\\/\\\/cj.estrategia.com\\\/portal\\\/wp-content\\\/uploads\\\/2026\\\/01\\\/04105643\\\/procurador.jpg\",\"width\":2459,\"height\":1383},{\"@type\":\"BreadcrumbList\",\"@id\":\"https:\\\/\\\/cj.estrategia.com\\\/portal\\\/gabarito-extraoficial-alerj-procurador\\\/#breadcrumb\",\"itemListElement\":[{\"@type\":\"ListItem\",\"position\":1,\"name\":\"In\u00edcio\",\"item\":\"https:\\\/\\\/cj.estrategia.com\\\/portal\\\/\"},{\"@type\":\"ListItem\",\"position\":2,\"name\":\"Gabarito Extraoficial ALERJ Procurador: corrija sua prova aqui!\"}]},{\"@type\":\"WebSite\",\"@id\":\"https:\\\/\\\/cj.estrategia.com\\\/portal\\\/#website\",\"url\":\"https:\\\/\\\/cj.estrategia.com\\\/portal\\\/\",\"name\":\"Blog - Carreiras Jur\u00eddicas - Estrat\u00e9gia\",\"description\":\"\",\"publisher\":{\"@id\":\"https:\\\/\\\/cj.estrategia.com\\\/portal\\\/#organization\"},\"potentialAction\":[{\"@type\":\"SearchAction\",\"target\":{\"@type\":\"EntryPoint\",\"urlTemplate\":\"https:\\\/\\\/cj.estrategia.com\\\/portal\\\/?s={search_term_string}\"},\"query-input\":{\"@type\":\"PropertyValueSpecification\",\"valueRequired\":true,\"valueName\":\"search_term_string\"}}],\"inLanguage\":\"pt-BR\"},{\"@type\":\"Organization\",\"@id\":\"https:\\\/\\\/cj.estrategia.com\\\/portal\\\/#organization\",\"name\":\"Estrat\u00e9gia - Carreiras Jur\u00eddicas\",\"url\":\"https:\\\/\\\/cj.estrategia.com\\\/portal\\\/\",\"logo\":{\"@type\":\"ImageObject\",\"inLanguage\":\"pt-BR\",\"@id\":\"https:\\\/\\\/cj.estrategia.com\\\/portal\\\/#\\\/schema\\\/logo\\\/image\\\/\",\"url\":\"https:\\\/\\\/cj.estrategia.com\\\/portal\\\/wp-content\\\/uploads\\\/2022\\\/03\\\/11151052\\\/cj-logo.png\",\"contentUrl\":\"https:\\\/\\\/cj.estrategia.com\\\/portal\\\/wp-content\\\/uploads\\\/2022\\\/03\\\/11151052\\\/cj-logo.png\",\"width\":150,\"height\":39,\"caption\":\"Estrat\u00e9gia - Carreiras Jur\u00eddicas\"},\"image\":{\"@id\":\"https:\\\/\\\/cj.estrategia.com\\\/portal\\\/#\\\/schema\\\/logo\\\/image\\\/\"},\"sameAs\":[\"https:\\\/\\\/www.facebook.com\\\/estrategiacarreirajuridica\\\/\",\"https:\\\/\\\/x.com\\\/EstratJuridica\",\"https:\\\/\\\/www.instagram.com\\\/estrategiacarreirajuridica\\\/\",\"https:\\\/\\\/www.youtube.com\\\/channel\\\/UClbMGuYbj2Mh1m3w144ETWQ\"]},{\"@type\":\"Person\",\"@id\":\"https:\\\/\\\/cj.estrategia.com\\\/portal\\\/#\\\/schema\\\/person\\\/4caf0099c42d736f2aade723f309f690\",\"name\":\"Jos\u00e9 Ferreira\",\"image\":{\"@type\":\"ImageObject\",\"inLanguage\":\"pt-BR\",\"@id\":\"https:\\\/\\\/cj.estrategia.com\\\/portal\\\/wp-content\\\/uploads\\\/2025\\\/04\\\/18142237\\\/jose-ferreira-navarro-analista-de-conteudo-jornalismo-carreiras-juridicas-96x96.png\",\"url\":\"https:\\\/\\\/cj.estrategia.com\\\/portal\\\/wp-content\\\/uploads\\\/2025\\\/04\\\/18142237\\\/jose-ferreira-navarro-analista-de-conteudo-jornalismo-carreiras-juridicas-96x96.png\",\"contentUrl\":\"https:\\\/\\\/cj.estrategia.com\\\/portal\\\/wp-content\\\/uploads\\\/2025\\\/04\\\/18142237\\\/jose-ferreira-navarro-analista-de-conteudo-jornalismo-carreiras-juridicas-96x96.png\",\"caption\":\"Jos\u00e9 Ferreira\"},\"description\":\"Analista de conte\u00fado na equipe de Jornalismo, atua com SEO e estrat\u00e9gia para desenvolver conte\u00fados relevantes e de alta qualidade voltados para OAB e para o universo de Concursos Jur\u00eddicos.\",\"url\":\"https:\\\/\\\/cj.estrategia.com\\\/portal\\\/author\\\/jose-navarro-de-andrade-cintra-ferreira\\\/\"}]}<\/script>\n<!-- \/ Yoast SEO Premium plugin. -->","yoast_head_json":{"title":"Gabarito Extraoficial ALERJ Procurador: corrija sua prova aqui!","description":"Acompanhe a corre\u00e7\u00e3o extraoficial da prova ALERJ Procurador. Obtenha o gabarito completo e saiba mais sobre as quest\u00f5es!","robots":{"index":"index","follow":"follow","max-snippet":"max-snippet:-1","max-image-preview":"max-image-preview:large","max-video-preview":"max-video-preview:-1"},"canonical":"https:\/\/cj.estrategia.com\/portal\/gabarito-extraoficial-alerj-procurador\/","og_locale":"pt_BR","og_type":"article","og_title":"Gabarito Extraoficial ALERJ Procurador: corrija sua prova aqui!","og_description":"Acompanhe a corre\u00e7\u00e3o extraoficial da prova ALERJ Procurador. Obtenha o gabarito completo e saiba mais sobre as quest\u00f5es!","og_url":"https:\/\/cj.estrategia.com\/portal\/gabarito-extraoficial-alerj-procurador\/","og_site_name":"Blog - Carreiras Jur\u00eddicas - Estrat\u00e9gia","article_publisher":"https:\/\/www.facebook.com\/estrategiacarreirajuridica\/","article_published_time":"2026-02-09T01:57:58+00:00","article_modified_time":"2026-02-09T03:01:11+00:00","og_image":[{"width":2459,"height":1383,"url":"https:\/\/cj.estrategia.com\/portal\/wp-content\/uploads\/2026\/01\/04105643\/procurador.jpg","type":"image\/jpeg"}],"author":"Jos\u00e9 Ferreira","twitter_card":"summary_large_image","twitter_creator":"@EstratJuridica","twitter_site":"@EstratJuridica","twitter_misc":{"Escrito por":"Jos\u00e9 Ferreira","Est. tempo de leitura":"8 minutos"},"schema":{"@context":"https:\/\/schema.org","@graph":[{"@type":"NewsArticle","@id":"https:\/\/cj.estrategia.com\/portal\/gabarito-extraoficial-alerj-procurador\/#article","isPartOf":{"@id":"https:\/\/cj.estrategia.com\/portal\/gabarito-extraoficial-alerj-procurador\/"},"author":{"name":"Jos\u00e9 Ferreira","@id":"https:\/\/cj.estrategia.com\/portal\/#\/schema\/person\/4caf0099c42d736f2aade723f309f690"},"headline":"Gabarito Extraoficial ALERJ Procurador: corrija sua prova aqui!","datePublished":"2026-02-09T01:57:58+00:00","dateModified":"2026-02-09T03:01:11+00:00","mainEntityOfPage":{"@id":"https:\/\/cj.estrategia.com\/portal\/gabarito-extraoficial-alerj-procurador\/"},"wordCount":1229,"commentCount":0,"publisher":{"@id":"https:\/\/cj.estrategia.com\/portal\/#organization"},"image":{"@id":"https:\/\/cj.estrategia.com\/portal\/gabarito-extraoficial-alerj-procurador\/#primaryimage"},"thumbnailUrl":"https:\/\/cj.estrategia.com\/portal\/wp-content\/uploads\/2026\/01\/04105643\/procurador.jpg","articleSection":["Procuradoria"],"inLanguage":"pt-BR","potentialAction":[{"@type":"CommentAction","name":"Comment","target":["https:\/\/cj.estrategia.com\/portal\/gabarito-extraoficial-alerj-procurador\/#respond"]}]},{"@type":"WebPage","@id":"https:\/\/cj.estrategia.com\/portal\/gabarito-extraoficial-alerj-procurador\/","url":"https:\/\/cj.estrategia.com\/portal\/gabarito-extraoficial-alerj-procurador\/","name":"Gabarito Extraoficial ALERJ Procurador: corrija sua prova aqui!","isPartOf":{"@id":"https:\/\/cj.estrategia.com\/portal\/#website"},"primaryImageOfPage":{"@id":"https:\/\/cj.estrategia.com\/portal\/gabarito-extraoficial-alerj-procurador\/#primaryimage"},"image":{"@id":"https:\/\/cj.estrategia.com\/portal\/gabarito-extraoficial-alerj-procurador\/#primaryimage"},"thumbnailUrl":"https:\/\/cj.estrategia.com\/portal\/wp-content\/uploads\/2026\/01\/04105643\/procurador.jpg","datePublished":"2026-02-09T01:57:58+00:00","dateModified":"2026-02-09T03:01:11+00:00","description":"Acompanhe a corre\u00e7\u00e3o extraoficial da prova ALERJ Procurador. Obtenha o gabarito completo e saiba mais sobre as quest\u00f5es!","breadcrumb":{"@id":"https:\/\/cj.estrategia.com\/portal\/gabarito-extraoficial-alerj-procurador\/#breadcrumb"},"inLanguage":"pt-BR","potentialAction":[{"@type":"ReadAction","target":["https:\/\/cj.estrategia.com\/portal\/gabarito-extraoficial-alerj-procurador\/"]}]},{"@type":"ImageObject","inLanguage":"pt-BR","@id":"https:\/\/cj.estrategia.com\/portal\/gabarito-extraoficial-alerj-procurador\/#primaryimage","url":"https:\/\/cj.estrategia.com\/portal\/wp-content\/uploads\/2026\/01\/04105643\/procurador.jpg","contentUrl":"https:\/\/cj.estrategia.com\/portal\/wp-content\/uploads\/2026\/01\/04105643\/procurador.jpg","width":2459,"height":1383},{"@type":"BreadcrumbList","@id":"https:\/\/cj.estrategia.com\/portal\/gabarito-extraoficial-alerj-procurador\/#breadcrumb","itemListElement":[{"@type":"ListItem","position":1,"name":"In\u00edcio","item":"https:\/\/cj.estrategia.com\/portal\/"},{"@type":"ListItem","position":2,"name":"Gabarito Extraoficial ALERJ Procurador: corrija sua prova aqui!"}]},{"@type":"WebSite","@id":"https:\/\/cj.estrategia.com\/portal\/#website","url":"https:\/\/cj.estrategia.com\/portal\/","name":"Blog - Carreiras Jur\u00eddicas - Estrat\u00e9gia","description":"","publisher":{"@id":"https:\/\/cj.estrategia.com\/portal\/#organization"},"potentialAction":[{"@type":"SearchAction","target":{"@type":"EntryPoint","urlTemplate":"https:\/\/cj.estrategia.com\/portal\/?s={search_term_string}"},"query-input":{"@type":"PropertyValueSpecification","valueRequired":true,"valueName":"search_term_string"}}],"inLanguage":"pt-BR"},{"@type":"Organization","@id":"https:\/\/cj.estrategia.com\/portal\/#organization","name":"Estrat\u00e9gia - Carreiras Jur\u00eddicas","url":"https:\/\/cj.estrategia.com\/portal\/","logo":{"@type":"ImageObject","inLanguage":"pt-BR","@id":"https:\/\/cj.estrategia.com\/portal\/#\/schema\/logo\/image\/","url":"https:\/\/cj.estrategia.com\/portal\/wp-content\/uploads\/2022\/03\/11151052\/cj-logo.png","contentUrl":"https:\/\/cj.estrategia.com\/portal\/wp-content\/uploads\/2022\/03\/11151052\/cj-logo.png","width":150,"height":39,"caption":"Estrat\u00e9gia - Carreiras Jur\u00eddicas"},"image":{"@id":"https:\/\/cj.estrategia.com\/portal\/#\/schema\/logo\/image\/"},"sameAs":["https:\/\/www.facebook.com\/estrategiacarreirajuridica\/","https:\/\/x.com\/EstratJuridica","https:\/\/www.instagram.com\/estrategiacarreirajuridica\/","https:\/\/www.youtube.com\/channel\/UClbMGuYbj2Mh1m3w144ETWQ"]},{"@type":"Person","@id":"https:\/\/cj.estrategia.com\/portal\/#\/schema\/person\/4caf0099c42d736f2aade723f309f690","name":"Jos\u00e9 Ferreira","image":{"@type":"ImageObject","inLanguage":"pt-BR","@id":"https:\/\/cj.estrategia.com\/portal\/wp-content\/uploads\/2025\/04\/18142237\/jose-ferreira-navarro-analista-de-conteudo-jornalismo-carreiras-juridicas-96x96.png","url":"https:\/\/cj.estrategia.com\/portal\/wp-content\/uploads\/2025\/04\/18142237\/jose-ferreira-navarro-analista-de-conteudo-jornalismo-carreiras-juridicas-96x96.png","contentUrl":"https:\/\/cj.estrategia.com\/portal\/wp-content\/uploads\/2025\/04\/18142237\/jose-ferreira-navarro-analista-de-conteudo-jornalismo-carreiras-juridicas-96x96.png","caption":"Jos\u00e9 Ferreira"},"description":"Analista de conte\u00fado na equipe de Jornalismo, atua com SEO e estrat\u00e9gia para desenvolver conte\u00fados relevantes e de alta qualidade voltados para OAB e para o universo de Concursos Jur\u00eddicos.","url":"https:\/\/cj.estrategia.com\/portal\/author\/jose-navarro-de-andrade-cintra-ferreira\/"}]}},"jetpack_featured_media_url":"https:\/\/cj.estrategia.com\/portal\/wp-content\/uploads\/2026\/01\/04105643\/procurador.jpg","jetpack_sharing_enabled":true,"_links":{"self":[{"href":"https:\/\/cj.estrategia.com\/portal\/wp-json\/wp\/v2\/posts\/177911","targetHints":{"allow":["GET"]}}],"collection":[{"href":"https:\/\/cj.estrategia.com\/portal\/wp-json\/wp\/v2\/posts"}],"about":[{"href":"https:\/\/cj.estrategia.com\/portal\/wp-json\/wp\/v2\/types\/post"}],"author":[{"embeddable":true,"href":"https:\/\/cj.estrategia.com\/portal\/wp-json\/wp\/v2\/users\/162"}],"replies":[{"embeddable":true,"href":"https:\/\/cj.estrategia.com\/portal\/wp-json\/wp\/v2\/comments?post=177911"}],"version-history":[{"count":0,"href":"https:\/\/cj.estrategia.com\/portal\/wp-json\/wp\/v2\/posts\/177911\/revisions"}],"wp:featuredmedia":[{"embeddable":true,"href":"https:\/\/cj.estrategia.com\/portal\/wp-json\/wp\/v2\/media\/177715"}],"wp:attachment":[{"href":"https:\/\/cj.estrategia.com\/portal\/wp-json\/wp\/v2\/media?parent=177911"}],"wp:term":[{"taxonomy":"category","embeddable":true,"href":"https:\/\/cj.estrategia.com\/portal\/wp-json\/wp\/v2\/categories?post=177911"},{"taxonomy":"post_tag","embeddable":true,"href":"https:\/\/cj.estrategia.com\/portal\/wp-json\/wp\/v2\/tags?post=177911"},{"taxonomy":"tax_estado","embeddable":true,"href":"https:\/\/cj.estrategia.com\/portal\/wp-json\/wp\/v2\/tax_estado?post=177911"}],"curies":[{"name":"wp","href":"https:\/\/api.w.org\/{rel}","templated":true}]}}