{"id":1773,"date":"2023-09-27T21:07:00","date_gmt":"2023-09-28T00:07:00","guid":{"rendered":"https:\/\/cj.estrategia.com\/portal\/?p=1773"},"modified":"2024-03-13T16:27:31","modified_gmt":"2024-03-13T19:27:31","slug":"concurso-pgm-itupiranga","status":"publish","type":"post","link":"https:\/\/cj.estrategia.com\/portal\/concurso-pgm-itupiranga\/","title":{"rendered":"Concurso PGM Itupiranga PA: VEJA  a convoca\u00e7\u00e3o para a posse!"},"content":{"rendered":"<a id=\"cta-icon\" href=\"https:\/\/sndflw.com\/i\/procuradorias-grupo\" target=\"blank\" style=\"background:rgb(41,166,26)\">\n            <img decoding=\"async\" src=\"https:\/\/cj.estrategia.com\/portal\/wp-content\/uploads\/2023\/12\/07160657\/whatsapp_1385.webp\" alt=\"\" alt=\"whatsapp_1385\"><span > Acesse agora o Grupo de Estudos para Concurso de Procuradorias <\/span><\/a>\n\n\n\n<p>Os candidatos aprovados no <strong>Concurso PGM Itupiranga PA<\/strong> foram convocados para a <strong><a href=\"https:\/\/anexos.cdn.selecao.net.br\/uploads\/763\/concursos\/77\/anexos\/rQsfOUNVK5q7uegu49JARvCv7cOZjz5S1ohq3hR6.pdf\">cerim\u00f4nia de posse. <\/a><\/strong><\/p>\n\n\n\n<p>O certame ofertou uma 1 vaga direta mais forma\u00e7\u00e3o de cadastro de reserva para o cargo de Procurador Jur\u00eddico. <\/p>\n\n\n\n<p>A remunera\u00e7\u00e3o inicial do cargo foi fixada em R$ 8 mil para uma jornada de 20 horas semanais. Para tomar posse, o candidato deve possuir Ensino Superior Completo em Direito e inscri\u00e7\u00e3o na Ordem dos Advogados do Brasil (OAB).<\/p>\n\n\n\n<p class=\"has-very-light-gray-to-cyan-bluish-gray-gradient-background has-background\"><strong>Concurso PGM Itupiranga PA<\/strong><br>Status: inscri\u00e7\u00f5es abertas<br>Banca: IVIN<br>Vagas: 1 + CR<br>Sal\u00e1rio inicial: R$ 8.000,00<br><strong>Edital:<\/strong> <a href=\"https:\/\/dhg1h5j42swfq.cloudfront.net\/2022\/04\/04191837\/edital-de-abertura-de-inscricoes.pdf\" target=\"_blank\" rel=\"noreferrer noopener nofollow\">Edital PGM Itupiranga PA 2022<\/a><\/p>\n\n\n\n<div class=\"container\" id=\"boxes\">\n  <div class=\"row\">\n\n    <div class=\"col-sm\">\n      <div class=\"banner-ecj\" id=\"box-assinatura\">\n        <h3 id=\"curso-para-pgm-itupiranga-pa\" class=\"titulo-assinatura\">Curso para PGM Itupiranga PA<\/h3>\n        <p class=\"subtitulo-assinatura\">Cursos focados no edital do concurso<\/p>\n        <div class=\"box-botao\">\n          <a class=\"btn-assinatura\" target=\"_blank\" href=\"https:\/\/www.estrategiaconcursos.com.br\/cursosPorConcurso\/procuradorias-municipais-pgms-cursos-regulares-procurador\/\" role=\"button\" rel=\"noopener noreferrer\">Conhe\u00e7a mais<\/a>\n        <\/div>\n      <\/div>\n     \n    <\/div>\n\n  <\/div>\n<\/div>\n\n\n\n<ul class=\"wp-block-list\" id=\"indice\">\n<li><strong><a href=\"#atual\">Situa\u00e7\u00e3o atual<\/a><\/strong>\n<ul class=\"wp-block-list\">\n<li><a href=\"#principais-datas\">Principais datas<\/a><\/li>\n<\/ul>\n<\/li>\n\n\n\n<li><strong><a href=\"#carreira\">Carreira<\/a><\/strong>\n<ul class=\"wp-block-list\">\n<li><a href=\"#requisitos\">Requisitos<\/a><\/li>\n\n\n\n<li><a href=\"#atribuicoes\">Atribui\u00e7\u00f5es<\/a><\/li>\n\n\n\n<li><a href=\"#cargos-vagas\">Cargos e vagas<\/a><\/li>\n\n\n\n<li><a href=\"#salarios\">Sal\u00e1rio<\/a><\/li>\n<\/ul>\n<\/li>\n\n\n\n<li><strong><a href=\"#etapas\">Etapas de provas<\/a><\/strong>\n<ul class=\"wp-block-list\">\n<li><a href=\"#objetiva\">Prova objetiva<\/a><\/li>\n\n\n\n<li><a href=\"#pratico-profissional\">Prova Pr\u00e1tico-profissional<\/a><\/li>\n<\/ul>\n<\/li>\n\n\n\n<li><strong><a href=\"#cursos\">Cursos e assinatura<\/a><\/strong><\/li>\n\n\n\n<li><strong><a href=\"#ficha\">Ficha t\u00e9cnica<\/a><\/strong><\/li>\n<\/ul>\n\n\n\n<h2 class=\"wp-block-heading\" id=\"atual\"><span id=\"concurso-pgm-itupiranga-pa-situacao-atual\">Concurso PGM Itupiranga PA: Situa\u00e7\u00e3o atual <\/span><\/h2>\n\n\n\n<h3 class=\"wp-block-heading\" id=\"h-resultado\"><span id=\"resultado\">Resultado<\/span><\/h3>\n\n\n\n<ul class=\"wp-block-list\">\n<li><a href=\"https:\/\/anexos.cdn.selecao.net.br\/uploads\/763\/concursos\/77\/anexos\/iHHICD0KnJNAZ161QgSthZkj7WZDdVFrb9EwCElo.pdf\" target=\"_blank\" >EDITAL-DE-HOMOLOGACAO-CONCURSO-ITUPIRANGA-PA-2022<\/a><\/li>\n<\/ul>\n\n\n\n<ul class=\"wp-block-list\">\n<li><a href=\"https:\/\/anexos.cdn.selecao.net.br\/uploads\/763\/concursos\/77\/anexos\/RRd5i5JMkbLVbmO85TKQKM7c3RdWglodsd5xUkKr.pdf\" target=\"_blank\" >RESULTADO-FINAL-DEFINITIVO<\/a><\/li>\n<\/ul>\n\n\n\n<ul class=\"wp-block-list\">\n<li><a href=\"https:\/\/anexos.cdn.selecao.net.br\/uploads\/763\/concursos\/77\/anexos\/yUvnO8rquy42N3jEDcwMLsawZy68eIQxCHSv4tar.pdf\" target=\"_blank\" >RESULTADO-PROVA-DE-TITULOS\u00a0<\/a><\/li>\n<\/ul>\n\n\n\n<ul class=\"wp-block-list\">\n<li><a href=\"https:\/\/anexos.cdn.selecao.net.br\/uploads\/763\/concursos\/77\/anexos\/xNqQqIoPdYDof5woBneimVtsFAC9XkaPy1S2Yok4.pdf\" target=\"_blank\" >RESULTADO-PROVA-OBJETIVA-E-PROVA-PRATICA-PROFISSIONAL<\/a><\/li>\n<\/ul>\n\n\n\n<ul class=\"wp-block-list\">\n<li><a href=\"https:\/\/anexos.cdn.selecao.net.br\/uploads\/763\/concursos\/77\/anexos\/zco5UkizmpLwUW0wrZKdcEqF2t1DeREwlF3ohRQ7.pdf\" target=\"_blank\" >GABARITO-OFICIAL-DEFINITIVO\u00a0<\/a><\/li>\n<\/ul>\n\n\n\n<h3 class=\"wp-block-heading\" id=\"principais-datas\">Principais datas <\/h3>\n\n\n\n<p class=\"has-pale-ocean-gradient-background has-background\"><strong>Inscri\u00e7\u00f5es<\/strong>: 12\/04 a 13\/05\/2022<br><strong>Taxa<\/strong>: R$ 110,00<br><strong>Isen\u00e7\u00e3o da taxa:<\/strong> 12 a 19\/04\/2022<br><strong>Prova<\/strong>: 29\/05\/2022<\/p>\n\n\n\n<ul class=\"wp-block-list\"><\/ul>\n\n\n\n<h2 class=\"wp-block-heading\" id=\"carreira\"><span id=\"concurso-pgm-itupiranga-pa-carreira\">Concurso PGM Itupiranga PA: Carreira<\/span><\/h2>\n\n\n\n<h3 class=\"wp-block-heading\" id=\"requisitos\">Requisitos<\/h3>\n\n\n\n<p>Para concorrer ao cargo, o candidato deve possuir Ensino Superior Completo em Direito e inscri\u00e7\u00e3o na Ordem dos Advogados do Brasil (OAB).<\/p>\n\n\n\n<h3 class=\"wp-block-heading\" id=\"atribuicoes\">Atribui\u00e7\u00f5es<\/h3>\n\n\n\n<p>S\u00e3o atribui\u00e7\u00f5es do Procurador Jur\u00eddico de Itupiranga PA: <\/p>\n\n\n\n<ul class=\"wp-block-list\">\n<li>Prestar assist\u00eancia jur\u00eddica e judicial \u00e0 Administra\u00e7\u00e3o Municipal de Itupiranga, nas a\u00e7\u00f5es em que esta for autora, r\u00e9, ou parte interessada, bem como emitir pareceres em processos administrativos, assessorar os \u00d3rg\u00e3os da Administra\u00e7\u00e3o sempre que solicitado, e outras atividades correlatas;<\/li>\n\n\n\n<li>Executar atividades relacionadas \u00e0 assist\u00eancia jur\u00eddica e a defesa judicial e extrajudicial dos interesses do Munic\u00edpio, em processos de pequena complexidade, nas esferas administrativas e judiciais, bem como subsidiar a tomada de decis\u00f5es;<\/li>\n\n\n\n<li>Representar o Munic\u00edpio, em ju\u00edzo ou fora dele, nas diversas a\u00e7\u00f5es;<\/li>\n\n\n\n<li>Postular em nome do Munic\u00edpio, em ju\u00edzo, propondo ou contestando a\u00e7\u00f5es, bem como interpondo os recursos cab\u00edveis, solicitando provid\u00eancias junto ao Judici\u00e1rio ou Minist\u00e9rio P\u00fablico, avaliando provas documentais e orais, realizando audi\u00eancias trabalhistas, e c\u00edveis, instruindo a parte, e extrajudicialmente, mediando quest\u00f5es, elaborar pareceres, analisando legisla\u00e7\u00e3o para atualiza\u00e7\u00e3o e implementa\u00e7\u00e3o, assistindo empregados ou entidades ligadas ao Munic\u00edpio, assessorando negocia\u00e7\u00f5es;<\/li>\n\n\n\n<li>Zelar pelos interesses do munic\u00edpio na manuten\u00e7\u00e3o e integridade dos seus bens, emitir pareceres e elaborar e acompanhar os atos legais.<\/li>\n<\/ul>\n\n\n\n<h3 class=\"wp-block-heading\" id=\"cargos-vagas\"><span id=\"cargos-e-vagas\">Cargos e vagas <\/span><\/h3>\n\n\n\n<figure class=\"wp-block-table is-style-stripes\"><table class=\"has-fixed-layout\"><tbody><tr><td><strong>Cargo<\/strong><\/td><td><strong>Vagas <\/strong><\/td><\/tr><tr><td>Procurador Jur\u00eddico<\/td><td>1 + CR<\/td><\/tr><\/tbody><\/table><\/figure>\n\n\n\n<h3 class=\"wp-block-heading\" id=\"salario\">Sal\u00e1rio<\/h3>\n\n\n\n<figure class=\"wp-block-table is-style-stripes\"><table class=\"has-fixed-layout\"><tbody><tr><td><strong>Cargo<\/strong><\/td><td><strong>Remunera\u00e7\u00e3o<\/strong><\/td><\/tr><tr><td>Procurador Jur\u00eddico<\/td><td>R$ 8.000,00 (20 horas)<\/td><\/tr><\/tbody><\/table><\/figure>\n\n\n\n<h2 class=\"wp-block-heading\" id=\"etapas\"><span id=\"etapas-de-provas-do-concurso-pgm-itupiranga-pa\">Etapas de provas do concurso PGM Itupiranga PA<\/span><\/h2>\n\n\n\n<p>O concurso PGM Itupiranga PA constar\u00e1 das seguintes fases<\/p>\n\n\n\n<p>a) Prova Objetiva, de car\u00e1ter eliminat\u00f3rio e classificat\u00f3rio;<br>b) Prova Pr\u00e1tico-Profissional, de car\u00e1ter classificat\u00f3rio; e<br>c) Prova de T\u00edtulos, de car\u00e1ter classificat\u00f3rio.<\/p>\n\n\n\n<h3 class=\"wp-block-heading\" id=\"objetiva\"><span id=\"prova-objetiva\">Prova Objetiva <\/span><\/h3>\n\n\n\n<p>A prova objetiva valer\u00e1 100 (cem) pontos no total, sendo que, ser\u00e1 constitu\u00edda por 50 quest\u00f5es, cada uma contendo 5 (cinco) op\u00e7\u00f5es de resposta, das quais apenas 1 (uma) ser\u00e1 correta e ser\u00e1 composta conforme discrimina\u00e7\u00e3o abaixo:<\/p>\n\n\n\n<figure class=\"wp-block-image size-full\"><img decoding=\"async\" width=\"764\" height=\"173\" src=\"https:\/\/cj.estrategia.com\/portal\/wp-content\/uploads\/2022\/04\/04195617\/image-3.png\" alt=\"\" class=\"wp-image-1777\" srcset=\"https:\/\/cj.estrategia.com\/portal\/wp-content\/uploads\/2022\/04\/04195617\/image-3.png 764w, https:\/\/cj.estrategia.com\/portal\/wp-content\/uploads\/2022\/04\/04195617\/image-3-300x68.png 300w, https:\/\/cj.estrategia.com\/portal\/wp-content\/uploads\/2022\/04\/04195617\/image-3-380x86.png 380w, https:\/\/cj.estrategia.com\/portal\/wp-content\/uploads\/2022\/04\/04195617\/image-3-150x34.png 150w\" sizes=\"(max-width: 764px) 100vw, 764px\" \/><\/figure>\n\n\n\n<p>A Prova Objetiva ser\u00e1 avaliada na escala de 0 (zero) a 100 (cem) pontos, sendo aplicada na parte da manh\u00e3, das 8h \u00e0s 12h, com dura\u00e7\u00e3o de 4 horas.<\/p>\n\n\n\n<h3 class=\"wp-block-heading\" id=\"pratico-profissional\"><span id=\"prova-pratico-profissional\">Prova Pr\u00e1tico-Profissional <\/span><\/h3>\n\n\n\n<p>A Prova Pr\u00e1tica-Profissional ser\u00e1 aplicada no mesmo dia da prova objetiva, no turno da tarde, das 15h \u00e0s 19h, com dura\u00e7\u00e3o de 4 horas.<\/p>\n\n\n\n<p>A prova Pr\u00e1tica-Profissional valer\u00e1 100 (cem) pontos e consistir\u00e1 de:<\/p>\n\n\n\n<ul class=\"wp-block-list\">\n<li>a) 2 (duas) quest\u00f5es anal\u00edtico-discursivas, valendo 25 (vinte e cinco) pontos cada, que tem como objetivo verificar o conhecimento do conte\u00fado espec\u00edfico do cargo; e<\/li>\n\n\n\n<li>b) uma pe\u00e7a processual valendo 50 (cinquenta) pontos, sobre uma quest\u00e3o apresentada, que tem como objetivo verificar o conhecimento do conte\u00fado espec\u00edfico do cargo.<\/li>\n<\/ul>\n\n\n\n<p>Os candidatos dever\u00e3o responder as quest\u00f5es anal\u00edtico-discursivas da prova Pr\u00e1tica-Profissional obedecendo ao limite m\u00e1ximo de 15 linhas para escrever a resposta de cada quest\u00e3o.<\/p>\n\n\n\n<p>Os candidatos dever\u00e3o responder a apresenta\u00e7\u00e3o de uma pe\u00e7a processual da prova Pr\u00e1tica-Profissional obedecendo ao limite m\u00e1ximo de 5 (cinco) laudas de 30 linhas para escrever sua resposta.<\/p>\n\n\n\n<h3 class=\"wp-block-heading\" id=\"prova-de-titulos\">Prova de T\u00edtulos<\/h3>\n\n\n\n<p>Os candidatos habilitados nas Prova Objetiva Escrita e na Prova Pr\u00e1tica-Profissional poder\u00e3o apresentar os t\u00edtulos e os respectivos documentos comprobat\u00f3rios em per\u00edodo estipulado conforme o Cronograma da sele\u00e7\u00e3o.<\/p>\n\n\n\n<p>A an\u00e1lise dos t\u00edtulos \u00e9 limitada ao n\u00famero m\u00e1ximo de 10 (dez) pontos, conforme especificado no Anexo III deste Edital e tem car\u00e1ter apenas Classificat\u00f3rio.<\/p>\n\n\n<div class=\"wp-block-image\">\n<figure class=\"aligncenter size-full is-resized\"><img decoding=\"async\" width=\"836\" height=\"507\" src=\"https:\/\/cj.estrategia.com\/portal\/wp-content\/uploads\/2022\/04\/04200251\/image-5.png\" alt=\"concurso pgm itupiranga pa\" class=\"wp-image-1782\" style=\"width:582px;height:353px\" srcset=\"https:\/\/cj.estrategia.com\/portal\/wp-content\/uploads\/2022\/04\/04200251\/image-5.png 836w, https:\/\/cj.estrategia.com\/portal\/wp-content\/uploads\/2022\/04\/04200251\/image-5-300x182.png 300w, https:\/\/cj.estrategia.com\/portal\/wp-content\/uploads\/2022\/04\/04200251\/image-5-768x466.png 768w, https:\/\/cj.estrategia.com\/portal\/wp-content\/uploads\/2022\/04\/04200251\/image-5-380x230.png 380w, https:\/\/cj.estrategia.com\/portal\/wp-content\/uploads\/2022\/04\/04200251\/image-5-800x485.png 800w, https:\/\/cj.estrategia.com\/portal\/wp-content\/uploads\/2022\/04\/04200251\/image-5-150x91.png 150w\" sizes=\"(max-width: 836px) 100vw, 836px\" \/><\/figure>\n<\/div>\n\n\n<h2 class=\"wp-block-heading has-text-align-center\" id=\"cursos\"><span id=\"quer-saber-tudo-sobre-editais-previstosconfira-nossos-artigos\">Quer saber tudo sobre editais previstos?<br>Confira nossos artigos!<\/span><\/h2>\n\n\n\n<ul class=\"wp-block-list\">\n<li><a href=\"https:\/\/www.estrategiaconcursos.com.br\/blog\/concursos-abertos\/\">Concursos abertos<\/a><\/li>\n\n\n\n<li><a href=\"https:\/\/www.estrategiaconcursos.com.br\/blog\/concursos-2022\/\">Concursos 2022<\/a><\/li>\n<\/ul>\n\n\n\n<h2 class=\"wp-block-heading has-text-align-center\" id=\"cursos\"><span id=\"quer-estudar-para-o-concurso-pgm-itupiranga-pa\">Quer estudar para o concurso PGM Itupiranga PA?<\/span><\/h2>\n\n\n\n<p class=\"has-text-align-center\"><em>Gostou desta oportunidade e deseja se preparar? <\/em><br><em>Ent\u00e3o, confira abaixo nosso curso exclusivo e inicie seus estudos agora mesmo:<\/em><\/p>\n\n\n\n<div class=\"container\" id=\"boxes\">\n  <div class=\"row\">\n\n    <div class=\"col-sm\">\n      <div class=\"banner-ecj\" id=\"box-assinatura\">\n        <h3 id=\"curso-para-pgm-itupiranga-pa-2\" class=\"titulo-assinatura\">Curso para PGM Itupiranga PA <\/h3>\n        <p class=\"subtitulo-assinatura\">Cursos focados no edital do concurso<\/p>\n        <div class=\"box-botao\">\n          <a class=\"btn-assinatura\" target=\"_blank\" href=\"https:\/\/www.estrategiaconcursos.com.br\/cursosPorConcurso\/procuradorias-municipais-pgms-cursos-regulares-procurador\/\" role=\"button\" rel=\"noopener noreferrer\">Conhe\u00e7a mais<\/a>\n        <\/div>\n      <\/div>\n     \n    <\/div>\n\n  <\/div>\n<\/div>\n\n\n\n<div class=\"container\" id=\"boxes\">\n  <div class=\"row\">\n\n    <div class=\"col-sm\">\n      <div class=\"banner-ecj\" id=\"box-assinatura\">\n        <h3 id=\"assinatura-juridica\" class=\"titulo-assinatura\">Assinatura Jur\u00eddica <\/h3>\n        <p class=\"subtitulo-assinatura\">Conhe\u00e7a os planos<\/p>\n        <div class=\"box-botao\">\n          <a class=\"btn-assinatura\" target=\"_blank\" href=\"https:\/\/www.estrategiaconcursos.com.br\/assinaturas-ecj\/\" role=\"button\" rel=\"noopener noreferrer\">Conhe\u00e7a mais<\/a>\n        <\/div>\n      <\/div>\n     \n    <\/div>\n\n  <\/div>\n<\/div>\n\n\n\n<figure class=\"wp-block-image size-large is-resized\"><img decoding=\"async\" src=\"https:\/\/dhg1h5j42swfq.cloudfront.net\/2025\/06\/27101122\/ficha-tecnica-1-1024x632.png\" alt=\"\" class=\"wp-image-702728\" style=\"width:269px;height:166px\"\/><\/figure>\n\n\n\n<h3 class=\"wp-block-heading\" id=\"ficha\"><span id=\"informacoes-do-concurso-pgm-itupiranga-pa\">Informa\u00e7\u00f5es do concurso PGM Itupiranga PA<\/span><\/h3>\n\n\n\n<ul class=\"wp-block-list\">\n<li><strong>Inscri\u00e7\u00f5es<\/strong>: <s>12\/04 a 13\/05\/2022<\/s><\/li>\n\n\n\n<li><strong>Provas<\/strong>: 29\/05\/2022<\/li>\n\n\n\n<li><strong>Vagas<\/strong>: 1 + CR<\/li>\n\n\n\n<li><strong>Cargos<\/strong>: Procurador Jur\u00eddico <\/li>\n\n\n\n<li><strong>Banca<\/strong>: IVIN<\/li>\n\n\n\n<li><strong>Escolaridade<\/strong>: Superior em Direito + Registro na OAB <\/li>\n\n\n\n<li><strong>Edital:<\/strong> <a href=\"https:\/\/dhg1h5j42swfq.cloudfront.net\/2022\/03\/30164947\/lbxxb7kycdcck1shgzgczzoq3cghg24vrhhiwxts-1.pdf\" target=\"_blank\" rel=\"noreferrer noopener nofollow\"><\/a><a href=\"https:\/\/dhg1h5j42swfq.cloudfront.net\/2022\/04\/04191837\/edital-de-abertura-de-inscricoes.pdf\" target=\"_blank\" rel=\"noreferrer noopener nofollow\">Edital PGM Itupiranga PA 2022<\/a><\/li>\n<\/ul>\n","protected":false},"excerpt":{"rendered":"Os candidatos aprovados no Concurso PGM Itupiranga PA foram convocados para a cerim\u00f4nia de posse. O certame ofertou&hellip;\n","protected":false},"author":12,"featured_media":2349,"comment_status":"open","ping_status":"open","sticky":false,"template":"","format":"standard","meta":{"_jetpack_memberships_contains_paid_content":false,"footnotes":""},"categories":[1,24],"tags":[],"tax_estado":[44],"class_list":{"0":"post-1773","1":"post","2":"type-post","3":"status-publish","4":"format-standard","5":"has-post-thumbnail","7":"category-carreiras-juridicas","8":"category-procuradoria","9":"tax_estado-pa"},"acf":[],"yoast_head":"<!-- This site is optimized with the Yoast SEO Premium plugin v27.4 (Yoast SEO v27.4) - https:\/\/yoast.com\/product\/yoast-seo-premium-wordpress\/ -->\n<title>Concurso PGM Itupiranga PA: VEJA a convoca\u00e7\u00e3o para a posse!<\/title>\n<meta name=\"description\" content=\"Concurso PGM Itupiranga PA: inscri\u00e7\u00f5es encerradas para o cargo de Procurador. Inicial de R$ 8 mil. Confira aqui os detalhes completos!\" \/>\n<meta name=\"robots\" content=\"index, follow, max-snippet:-1, max-image-preview:large, max-video-preview:-1\" \/>\n<link rel=\"canonical\" href=\"https:\/\/cj.estrategia.com\/portal\/concurso-pgm-itupiranga\/\" \/>\n<meta property=\"og:locale\" content=\"pt_BR\" \/>\n<meta property=\"og:type\" content=\"article\" \/>\n<meta property=\"og:title\" content=\"Concurso PGM Itupiranga PA: VEJA a convoca\u00e7\u00e3o para a posse!\" \/>\n<meta property=\"og:description\" content=\"Concurso PGM Itupiranga PA: inscri\u00e7\u00f5es encerradas para o cargo de Procurador. Inicial de R$ 8 mil. Confira aqui os detalhes completos!\" \/>\n<meta property=\"og:url\" content=\"https:\/\/cj.estrategia.com\/portal\/concurso-pgm-itupiranga\/\" \/>\n<meta property=\"og:site_name\" content=\"Blog - Carreiras Jur\u00eddicas - Estrat\u00e9gia\" \/>\n<meta property=\"article:publisher\" content=\"https:\/\/www.facebook.com\/estrategiacarreirajuridica\/\" \/>\n<meta property=\"article:published_time\" content=\"2023-09-28T00:07:00+00:00\" \/>\n<meta property=\"article:modified_time\" content=\"2024-03-13T19:27:31+00:00\" \/>\n<meta property=\"og:image\" content=\"https:\/\/cj.estrategia.com\/portal\/wp-content\/uploads\/2022\/04\/12181633\/Prefeitura_de_Itupiranga.jpg\" \/>\n\t<meta property=\"og:image:width\" content=\"768\" \/>\n\t<meta property=\"og:image:height\" content=\"432\" \/>\n\t<meta property=\"og:image:type\" content=\"image\/jpeg\" \/>\n<meta name=\"author\" content=\"Coordena\u00e7\u00e3o\" \/>\n<meta name=\"twitter:card\" content=\"summary_large_image\" \/>\n<meta name=\"twitter:creator\" content=\"@EstratJuridica\" \/>\n<meta name=\"twitter:site\" content=\"@EstratJuridica\" \/>\n<meta name=\"twitter:label1\" content=\"Escrito por\" \/>\n\t<meta name=\"twitter:data1\" content=\"Coordena\u00e7\u00e3o\" \/>\n\t<meta name=\"twitter:label2\" content=\"Est. tempo de leitura\" \/>\n\t<meta name=\"twitter:data2\" content=\"5 minutos\" \/>\n<script type=\"application\/ld+json\" class=\"yoast-schema-graph\">{\"@context\":\"https:\\\/\\\/schema.org\",\"@graph\":[{\"@type\":\"NewsArticle\",\"@id\":\"https:\\\/\\\/cj.estrategia.com\\\/portal\\\/concurso-pgm-itupiranga\\\/#article\",\"isPartOf\":{\"@id\":\"https:\\\/\\\/cj.estrategia.com\\\/portal\\\/concurso-pgm-itupiranga\\\/\"},\"author\":{\"name\":\"Coordena\u00e7\u00e3o\",\"@id\":\"https:\\\/\\\/cj.estrategia.com\\\/portal\\\/#\\\/schema\\\/person\\\/4d70317d31449932b99102916b6637f5\"},\"headline\":\"Concurso PGM Itupiranga PA: VEJA a convoca\u00e7\u00e3o para a posse!\",\"datePublished\":\"2023-09-28T00:07:00+00:00\",\"dateModified\":\"2024-03-13T19:27:31+00:00\",\"mainEntityOfPage\":{\"@id\":\"https:\\\/\\\/cj.estrategia.com\\\/portal\\\/concurso-pgm-itupiranga\\\/\"},\"wordCount\":856,\"commentCount\":0,\"publisher\":{\"@id\":\"https:\\\/\\\/cj.estrategia.com\\\/portal\\\/#organization\"},\"image\":{\"@id\":\"https:\\\/\\\/cj.estrategia.com\\\/portal\\\/concurso-pgm-itupiranga\\\/#primaryimage\"},\"thumbnailUrl\":\"https:\\\/\\\/cj.estrategia.com\\\/portal\\\/wp-content\\\/uploads\\\/2022\\\/04\\\/12181633\\\/Prefeitura_de_Itupiranga.jpg\",\"articleSection\":[\"Carreiras Jur\u00eddicas\",\"Procuradoria\"],\"inLanguage\":\"pt-BR\",\"potentialAction\":[{\"@type\":\"CommentAction\",\"name\":\"Comment\",\"target\":[\"https:\\\/\\\/cj.estrategia.com\\\/portal\\\/concurso-pgm-itupiranga\\\/#respond\"]}]},{\"@type\":\"WebPage\",\"@id\":\"https:\\\/\\\/cj.estrategia.com\\\/portal\\\/concurso-pgm-itupiranga\\\/\",\"url\":\"https:\\\/\\\/cj.estrategia.com\\\/portal\\\/concurso-pgm-itupiranga\\\/\",\"name\":\"Concurso PGM Itupiranga PA: VEJA a convoca\u00e7\u00e3o para a posse!\",\"isPartOf\":{\"@id\":\"https:\\\/\\\/cj.estrategia.com\\\/portal\\\/#website\"},\"primaryImageOfPage\":{\"@id\":\"https:\\\/\\\/cj.estrategia.com\\\/portal\\\/concurso-pgm-itupiranga\\\/#primaryimage\"},\"image\":{\"@id\":\"https:\\\/\\\/cj.estrategia.com\\\/portal\\\/concurso-pgm-itupiranga\\\/#primaryimage\"},\"thumbnailUrl\":\"https:\\\/\\\/cj.estrategia.com\\\/portal\\\/wp-content\\\/uploads\\\/2022\\\/04\\\/12181633\\\/Prefeitura_de_Itupiranga.jpg\",\"datePublished\":\"2023-09-28T00:07:00+00:00\",\"dateModified\":\"2024-03-13T19:27:31+00:00\",\"description\":\"Concurso PGM Itupiranga PA: inscri\u00e7\u00f5es encerradas para o cargo de Procurador. Inicial de R$ 8 mil. Confira aqui os detalhes completos!\",\"breadcrumb\":{\"@id\":\"https:\\\/\\\/cj.estrategia.com\\\/portal\\\/concurso-pgm-itupiranga\\\/#breadcrumb\"},\"inLanguage\":\"pt-BR\",\"potentialAction\":[{\"@type\":\"ReadAction\",\"target\":[\"https:\\\/\\\/cj.estrategia.com\\\/portal\\\/concurso-pgm-itupiranga\\\/\"]}]},{\"@type\":\"ImageObject\",\"inLanguage\":\"pt-BR\",\"@id\":\"https:\\\/\\\/cj.estrategia.com\\\/portal\\\/concurso-pgm-itupiranga\\\/#primaryimage\",\"url\":\"https:\\\/\\\/cj.estrategia.com\\\/portal\\\/wp-content\\\/uploads\\\/2022\\\/04\\\/12181633\\\/Prefeitura_de_Itupiranga.jpg\",\"contentUrl\":\"https:\\\/\\\/cj.estrategia.com\\\/portal\\\/wp-content\\\/uploads\\\/2022\\\/04\\\/12181633\\\/Prefeitura_de_Itupiranga.jpg\",\"width\":768,\"height\":432,\"caption\":\"Concurso PGM Itupiranga\"},{\"@type\":\"BreadcrumbList\",\"@id\":\"https:\\\/\\\/cj.estrategia.com\\\/portal\\\/concurso-pgm-itupiranga\\\/#breadcrumb\",\"itemListElement\":[{\"@type\":\"ListItem\",\"position\":1,\"name\":\"In\u00edcio\",\"item\":\"https:\\\/\\\/cj.estrategia.com\\\/portal\\\/\"},{\"@type\":\"ListItem\",\"position\":2,\"name\":\"Concurso PGM Itupiranga PA: VEJA a convoca\u00e7\u00e3o para a posse!\"}]},{\"@type\":\"WebSite\",\"@id\":\"https:\\\/\\\/cj.estrategia.com\\\/portal\\\/#website\",\"url\":\"https:\\\/\\\/cj.estrategia.com\\\/portal\\\/\",\"name\":\"Blog - Carreiras Jur\u00eddicas - Estrat\u00e9gia\",\"description\":\"\",\"publisher\":{\"@id\":\"https:\\\/\\\/cj.estrategia.com\\\/portal\\\/#organization\"},\"potentialAction\":[{\"@type\":\"SearchAction\",\"target\":{\"@type\":\"EntryPoint\",\"urlTemplate\":\"https:\\\/\\\/cj.estrategia.com\\\/portal\\\/?s={search_term_string}\"},\"query-input\":{\"@type\":\"PropertyValueSpecification\",\"valueRequired\":true,\"valueName\":\"search_term_string\"}}],\"inLanguage\":\"pt-BR\"},{\"@type\":\"Organization\",\"@id\":\"https:\\\/\\\/cj.estrategia.com\\\/portal\\\/#organization\",\"name\":\"Estrat\u00e9gia - Carreiras Jur\u00eddicas\",\"url\":\"https:\\\/\\\/cj.estrategia.com\\\/portal\\\/\",\"logo\":{\"@type\":\"ImageObject\",\"inLanguage\":\"pt-BR\",\"@id\":\"https:\\\/\\\/cj.estrategia.com\\\/portal\\\/#\\\/schema\\\/logo\\\/image\\\/\",\"url\":\"https:\\\/\\\/cj.estrategia.com\\\/portal\\\/wp-content\\\/uploads\\\/2022\\\/03\\\/11151052\\\/cj-logo.png\",\"contentUrl\":\"https:\\\/\\\/cj.estrategia.com\\\/portal\\\/wp-content\\\/uploads\\\/2022\\\/03\\\/11151052\\\/cj-logo.png\",\"width\":150,\"height\":39,\"caption\":\"Estrat\u00e9gia - Carreiras Jur\u00eddicas\"},\"image\":{\"@id\":\"https:\\\/\\\/cj.estrategia.com\\\/portal\\\/#\\\/schema\\\/logo\\\/image\\\/\"},\"sameAs\":[\"https:\\\/\\\/www.facebook.com\\\/estrategiacarreirajuridica\\\/\",\"https:\\\/\\\/x.com\\\/EstratJuridica\",\"https:\\\/\\\/www.instagram.com\\\/estrategiacarreirajuridica\\\/\",\"https:\\\/\\\/www.youtube.com\\\/channel\\\/UClbMGuYbj2Mh1m3w144ETWQ\"]},{\"@type\":\"Person\",\"@id\":\"https:\\\/\\\/cj.estrategia.com\\\/portal\\\/#\\\/schema\\\/person\\\/4d70317d31449932b99102916b6637f5\",\"name\":\"Coordena\u00e7\u00e3o\",\"image\":{\"@type\":\"ImageObject\",\"inLanguage\":\"pt-BR\",\"@id\":\"https:\\\/\\\/cj.estrategia.com\\\/portal\\\/wp-content\\\/uploads\\\/2022\\\/05\\\/12164923\\\/estrategia-carreira-juridica-coordenacao-96x96.png\",\"url\":\"https:\\\/\\\/cj.estrategia.com\\\/portal\\\/wp-content\\\/uploads\\\/2022\\\/05\\\/12164923\\\/estrategia-carreira-juridica-coordenacao-96x96.png\",\"contentUrl\":\"https:\\\/\\\/cj.estrategia.com\\\/portal\\\/wp-content\\\/uploads\\\/2022\\\/05\\\/12164923\\\/estrategia-carreira-juridica-coordenacao-96x96.png\",\"caption\":\"Coordena\u00e7\u00e3o\"},\"url\":\"https:\\\/\\\/cj.estrategia.com\\\/portal\\\/author\\\/coordenacao\\\/\"}]}<\/script>\n<!-- \/ Yoast SEO Premium plugin. -->","yoast_head_json":{"title":"Concurso PGM Itupiranga PA: VEJA a convoca\u00e7\u00e3o para a posse!","description":"Concurso PGM Itupiranga PA: inscri\u00e7\u00f5es encerradas para o cargo de Procurador. Inicial de R$ 8 mil. Confira aqui os detalhes completos!","robots":{"index":"index","follow":"follow","max-snippet":"max-snippet:-1","max-image-preview":"max-image-preview:large","max-video-preview":"max-video-preview:-1"},"canonical":"https:\/\/cj.estrategia.com\/portal\/concurso-pgm-itupiranga\/","og_locale":"pt_BR","og_type":"article","og_title":"Concurso PGM Itupiranga PA: VEJA a convoca\u00e7\u00e3o para a posse!","og_description":"Concurso PGM Itupiranga PA: inscri\u00e7\u00f5es encerradas para o cargo de Procurador. Inicial de R$ 8 mil. Confira aqui os detalhes completos!","og_url":"https:\/\/cj.estrategia.com\/portal\/concurso-pgm-itupiranga\/","og_site_name":"Blog - Carreiras Jur\u00eddicas - Estrat\u00e9gia","article_publisher":"https:\/\/www.facebook.com\/estrategiacarreirajuridica\/","article_published_time":"2023-09-28T00:07:00+00:00","article_modified_time":"2024-03-13T19:27:31+00:00","og_image":[{"width":768,"height":432,"url":"https:\/\/cj.estrategia.com\/portal\/wp-content\/uploads\/2022\/04\/12181633\/Prefeitura_de_Itupiranga.jpg","type":"image\/jpeg"}],"author":"Coordena\u00e7\u00e3o","twitter_card":"summary_large_image","twitter_creator":"@EstratJuridica","twitter_site":"@EstratJuridica","twitter_misc":{"Escrito por":"Coordena\u00e7\u00e3o","Est. tempo de leitura":"5 minutos"},"schema":{"@context":"https:\/\/schema.org","@graph":[{"@type":"NewsArticle","@id":"https:\/\/cj.estrategia.com\/portal\/concurso-pgm-itupiranga\/#article","isPartOf":{"@id":"https:\/\/cj.estrategia.com\/portal\/concurso-pgm-itupiranga\/"},"author":{"name":"Coordena\u00e7\u00e3o","@id":"https:\/\/cj.estrategia.com\/portal\/#\/schema\/person\/4d70317d31449932b99102916b6637f5"},"headline":"Concurso PGM Itupiranga PA: VEJA a convoca\u00e7\u00e3o para a posse!","datePublished":"2023-09-28T00:07:00+00:00","dateModified":"2024-03-13T19:27:31+00:00","mainEntityOfPage":{"@id":"https:\/\/cj.estrategia.com\/portal\/concurso-pgm-itupiranga\/"},"wordCount":856,"commentCount":0,"publisher":{"@id":"https:\/\/cj.estrategia.com\/portal\/#organization"},"image":{"@id":"https:\/\/cj.estrategia.com\/portal\/concurso-pgm-itupiranga\/#primaryimage"},"thumbnailUrl":"https:\/\/cj.estrategia.com\/portal\/wp-content\/uploads\/2022\/04\/12181633\/Prefeitura_de_Itupiranga.jpg","articleSection":["Carreiras Jur\u00eddicas","Procuradoria"],"inLanguage":"pt-BR","potentialAction":[{"@type":"CommentAction","name":"Comment","target":["https:\/\/cj.estrategia.com\/portal\/concurso-pgm-itupiranga\/#respond"]}]},{"@type":"WebPage","@id":"https:\/\/cj.estrategia.com\/portal\/concurso-pgm-itupiranga\/","url":"https:\/\/cj.estrategia.com\/portal\/concurso-pgm-itupiranga\/","name":"Concurso PGM Itupiranga PA: VEJA a convoca\u00e7\u00e3o para a posse!","isPartOf":{"@id":"https:\/\/cj.estrategia.com\/portal\/#website"},"primaryImageOfPage":{"@id":"https:\/\/cj.estrategia.com\/portal\/concurso-pgm-itupiranga\/#primaryimage"},"image":{"@id":"https:\/\/cj.estrategia.com\/portal\/concurso-pgm-itupiranga\/#primaryimage"},"thumbnailUrl":"https:\/\/cj.estrategia.com\/portal\/wp-content\/uploads\/2022\/04\/12181633\/Prefeitura_de_Itupiranga.jpg","datePublished":"2023-09-28T00:07:00+00:00","dateModified":"2024-03-13T19:27:31+00:00","description":"Concurso PGM Itupiranga PA: inscri\u00e7\u00f5es encerradas para o cargo de Procurador. Inicial de R$ 8 mil. Confira aqui os detalhes completos!","breadcrumb":{"@id":"https:\/\/cj.estrategia.com\/portal\/concurso-pgm-itupiranga\/#breadcrumb"},"inLanguage":"pt-BR","potentialAction":[{"@type":"ReadAction","target":["https:\/\/cj.estrategia.com\/portal\/concurso-pgm-itupiranga\/"]}]},{"@type":"ImageObject","inLanguage":"pt-BR","@id":"https:\/\/cj.estrategia.com\/portal\/concurso-pgm-itupiranga\/#primaryimage","url":"https:\/\/cj.estrategia.com\/portal\/wp-content\/uploads\/2022\/04\/12181633\/Prefeitura_de_Itupiranga.jpg","contentUrl":"https:\/\/cj.estrategia.com\/portal\/wp-content\/uploads\/2022\/04\/12181633\/Prefeitura_de_Itupiranga.jpg","width":768,"height":432,"caption":"Concurso PGM Itupiranga"},{"@type":"BreadcrumbList","@id":"https:\/\/cj.estrategia.com\/portal\/concurso-pgm-itupiranga\/#breadcrumb","itemListElement":[{"@type":"ListItem","position":1,"name":"In\u00edcio","item":"https:\/\/cj.estrategia.com\/portal\/"},{"@type":"ListItem","position":2,"name":"Concurso PGM Itupiranga PA: VEJA a convoca\u00e7\u00e3o para a posse!"}]},{"@type":"WebSite","@id":"https:\/\/cj.estrategia.com\/portal\/#website","url":"https:\/\/cj.estrategia.com\/portal\/","name":"Blog - Carreiras Jur\u00eddicas - Estrat\u00e9gia","description":"","publisher":{"@id":"https:\/\/cj.estrategia.com\/portal\/#organization"},"potentialAction":[{"@type":"SearchAction","target":{"@type":"EntryPoint","urlTemplate":"https:\/\/cj.estrategia.com\/portal\/?s={search_term_string}"},"query-input":{"@type":"PropertyValueSpecification","valueRequired":true,"valueName":"search_term_string"}}],"inLanguage":"pt-BR"},{"@type":"Organization","@id":"https:\/\/cj.estrategia.com\/portal\/#organization","name":"Estrat\u00e9gia - Carreiras Jur\u00eddicas","url":"https:\/\/cj.estrategia.com\/portal\/","logo":{"@type":"ImageObject","inLanguage":"pt-BR","@id":"https:\/\/cj.estrategia.com\/portal\/#\/schema\/logo\/image\/","url":"https:\/\/cj.estrategia.com\/portal\/wp-content\/uploads\/2022\/03\/11151052\/cj-logo.png","contentUrl":"https:\/\/cj.estrategia.com\/portal\/wp-content\/uploads\/2022\/03\/11151052\/cj-logo.png","width":150,"height":39,"caption":"Estrat\u00e9gia - Carreiras Jur\u00eddicas"},"image":{"@id":"https:\/\/cj.estrategia.com\/portal\/#\/schema\/logo\/image\/"},"sameAs":["https:\/\/www.facebook.com\/estrategiacarreirajuridica\/","https:\/\/x.com\/EstratJuridica","https:\/\/www.instagram.com\/estrategiacarreirajuridica\/","https:\/\/www.youtube.com\/channel\/UClbMGuYbj2Mh1m3w144ETWQ"]},{"@type":"Person","@id":"https:\/\/cj.estrategia.com\/portal\/#\/schema\/person\/4d70317d31449932b99102916b6637f5","name":"Coordena\u00e7\u00e3o","image":{"@type":"ImageObject","inLanguage":"pt-BR","@id":"https:\/\/cj.estrategia.com\/portal\/wp-content\/uploads\/2022\/05\/12164923\/estrategia-carreira-juridica-coordenacao-96x96.png","url":"https:\/\/cj.estrategia.com\/portal\/wp-content\/uploads\/2022\/05\/12164923\/estrategia-carreira-juridica-coordenacao-96x96.png","contentUrl":"https:\/\/cj.estrategia.com\/portal\/wp-content\/uploads\/2022\/05\/12164923\/estrategia-carreira-juridica-coordenacao-96x96.png","caption":"Coordena\u00e7\u00e3o"},"url":"https:\/\/cj.estrategia.com\/portal\/author\/coordenacao\/"}]}},"jetpack_featured_media_url":"https:\/\/cj.estrategia.com\/portal\/wp-content\/uploads\/2022\/04\/12181633\/Prefeitura_de_Itupiranga.jpg","jetpack_sharing_enabled":true,"_links":{"self":[{"href":"https:\/\/cj.estrategia.com\/portal\/wp-json\/wp\/v2\/posts\/1773","targetHints":{"allow":["GET"]}}],"collection":[{"href":"https:\/\/cj.estrategia.com\/portal\/wp-json\/wp\/v2\/posts"}],"about":[{"href":"https:\/\/cj.estrategia.com\/portal\/wp-json\/wp\/v2\/types\/post"}],"author":[{"embeddable":true,"href":"https:\/\/cj.estrategia.com\/portal\/wp-json\/wp\/v2\/users\/12"}],"replies":[{"embeddable":true,"href":"https:\/\/cj.estrategia.com\/portal\/wp-json\/wp\/v2\/comments?post=1773"}],"version-history":[{"count":17,"href":"https:\/\/cj.estrategia.com\/portal\/wp-json\/wp\/v2\/posts\/1773\/revisions"}],"predecessor-version":[{"id":58067,"href":"https:\/\/cj.estrategia.com\/portal\/wp-json\/wp\/v2\/posts\/1773\/revisions\/58067"}],"wp:featuredmedia":[{"embeddable":true,"href":"https:\/\/cj.estrategia.com\/portal\/wp-json\/wp\/v2\/media\/2349"}],"wp:attachment":[{"href":"https:\/\/cj.estrategia.com\/portal\/wp-json\/wp\/v2\/media?parent=1773"}],"wp:term":[{"taxonomy":"category","embeddable":true,"href":"https:\/\/cj.estrategia.com\/portal\/wp-json\/wp\/v2\/categories?post=1773"},{"taxonomy":"post_tag","embeddable":true,"href":"https:\/\/cj.estrategia.com\/portal\/wp-json\/wp\/v2\/tags?post=1773"},{"taxonomy":"tax_estado","embeddable":true,"href":"https:\/\/cj.estrategia.com\/portal\/wp-json\/wp\/v2\/tax_estado?post=1773"}],"curies":[{"name":"wp","href":"https:\/\/api.w.org\/{rel}","templated":true}]}}