{"id":176880,"date":"2026-01-29T20:27:37","date_gmt":"2026-01-29T23:27:37","guid":{"rendered":"https:\/\/cj.estrategia.com\/portal\/?p=176880"},"modified":"2026-01-29T20:27:42","modified_gmt":"2026-01-29T23:27:42","slug":"ordem-de-inquiricao-testemunhas-processo-penal","status":"publish","type":"post","link":"https:\/\/cj.estrategia.com\/portal\/ordem-de-inquiricao-testemunhas-processo-penal\/","title":{"rendered":"A ordem de inquiri\u00e7\u00e3o de testemunhas no Processo Penal: gera nulidade?"},"content":{"rendered":"\n<p>De in\u00edcio, o recente epis\u00f3dio envolvendo a oitiva de Felipe Bressanim (Felca) no caso Hytalo Santos trouxe \u00e0 tona uma quest\u00e3o processual que costuma gerar controv\u00e9rsias nas salas de audi\u00eancia: a ordem correta para formula\u00e7\u00e3o de perguntas \u00e0s testemunhas.<\/p>\n\n\n\n<p><a href=\"https:\/\/www.migalhas.com.br\/quentes\/448271\/em-oitiva-de-felca-promotor-cobra-juiz--partes-perguntam-primeiro\" target=\"_blank\" >Em oitiva de Felca, promotor cobra juiz: \u201cpartes perguntam primeiro\u201d<\/a><\/p>\n\n\n\n<p>Assim, durante a audi\u00eancia, o promotor Dennys Carneiro Rocha dos Santos, do MP\/PB, interrompeu o magistrado que havia iniciado a inquiri\u00e7\u00e3o diretamente, invocando o art. 212 do CPP e solicitando que as perguntas fossem feitas primeiro pelas partes, para evitar alega\u00e7\u00e3o de nulidade.<\/p>\n\n\n\n<p>Mas ser\u00e1 que a invers\u00e3o dessa ordem realmente pode invalidar toda uma audi\u00eancia?<\/p>\n\n\n\n<p>Veja: a resposta n\u00e3o \u00e9 t\u00e3o simples quanto parece.<\/p>\n\n\n\n<h2 class=\"wp-block-heading\" id=\"h-o-sistema-acusatorio-e-a-redacao-do-art-212-do-cpp\"><span id=\"o-sistema-acusatorio-e-a-redacao-do-art-212-do-cpp\">O sistema acusat\u00f3rio e a reda\u00e7\u00e3o do art. 212 do CPP<\/span><\/h2>\n\n\n\n<p>Com a reforma processual penal de 2008 (Lei 11.690\/2008), o legislador alterou profundamente a sistem\u00e1tica de inquiri\u00e7\u00e3o de testemunhas.<\/p>\n\n\n\n<p>O art. 212 do CPP passou a estabelecer que &#8220;as perguntas ser\u00e3o formuladas pelas partes diretamente \u00e0 testemunha, n\u00e3o admitindo o juiz aquelas que puderem induzir a resposta, n\u00e3o tiverem rela\u00e7\u00e3o com a causa ou importarem na repeti\u00e7\u00e3o de outra j\u00e1 respondida&#8221;.<\/p>\n\n\n\n<p>O par\u00e1grafo \u00fanico complementa: &#8220;sobre os pontos n\u00e3o esclarecidos, o juiz poder\u00e1 complementar a inquiri\u00e7\u00e3o&#8221;.<\/p>\n\n\n\n<p>Ora, perceba a mudan\u00e7a de paradigma: o modelo anterior colocava o juiz como protagonista da inquiri\u00e7\u00e3o, cabendo \u00e0s partes apenas complementar os questionamentos.<\/p>\n\n\n\n<p>Por outro lado, o sistema atual inverte essa l\u00f3gica, alinhando-se ao modelo acusat\u00f3rio, no qual o magistrado deve manter-se equidistante das partes, reservando-se a um papel subsidi\u00e1rio na produ\u00e7\u00e3o probat\u00f3ria.<\/p>\n\n\n\n<p>A <em>ratio legis<\/em> \u00e9 clara: preservar a imparcialidade do julgador.<\/p>\n\n\n\n<p>Quando o juiz inicia a inquiri\u00e7\u00e3o, corre-se o risco de que suas perguntas revelem, ainda que inconscientemente, uma linha de racioc\u00ednio ou conclus\u00e3o pr\u00e9via sobre os fatos, comprometendo sua equidist\u00e2ncia.<\/p>\n\n\n\n<p>Nesse sentido, a nova reda\u00e7\u00e3o do artigo busca garantir que a produ\u00e7\u00e3o probat\u00f3ria seja conduzida primariamente pelas partes interessadas (acusa\u00e7\u00e3o e defesa), cabendo ao magistrado apenas esclarecer pontos obscuros ao final.<\/p>\n\n\n\n<h2 class=\"wp-block-heading\" id=\"h-a-natureza-juridica-da-nulidade-relativa-ou-absoluta\"><span id=\"a-natureza-juridica-da-nulidade-relativa-ou-absoluta\">A natureza jur\u00eddica da nulidade: relativa ou absoluta?<\/span><\/h2>\n\n\n\n<p>Mas ser\u00e1 que toda viola\u00e7\u00e3o ao art. 212 do CPP gera nulidade autom\u00e1tica do ato processual?<\/p>\n\n\n\n<p>A resposta \u00e9 negativa.<\/p>\n\n\n\n<p>A jurisprud\u00eancia consolidou o entendimento de que se trata de <strong>nulidade relativa<\/strong>, dependente da demonstra\u00e7\u00e3o de efetivo preju\u00edzo \u00e0 parte que a alega.<\/p>\n\n\n\n<p>O julgado pelo STJ (EDcl no AgRg no AREsp n. 2.596.509\/SP, Rel. Min. Ribeiro Dantas, j. 19\/8\/2025) \u00e9 categ\u00f3rico ao afirmar que &#8220;a invers\u00e3o da ordem de inquiri\u00e7\u00e3o das testemunhas pelo juiz constitui nulidade relativa, exigindo a demonstra\u00e7\u00e3o de efetivo preju\u00edzo para sua decreta\u00e7\u00e3o&#8221;.<\/p>\n\n\n\n<p>Veja que o STJ aplica aqui o princ\u00edpio <em>pas de nullit\u00e9 sans grief<\/em>&nbsp;(n\u00e3o h\u00e1 nulidade sem preju\u00edzo), consagrado no art. 563 do CPP, segundo o qual &#8220;nenhum ato ser\u00e1 declarado nulo, se da nulidade n\u00e3o resultar preju\u00edzo para a acusa\u00e7\u00e3o ou para a defesa&#8221;.<\/p>\n\n\n\n<p>Com efeito, o HC n. 836.727\/SP (Rel. Min. Daniela Teixeira, j. 15\/10\/2024) ilustra essa compreens\u00e3o: &#8220;o Tribunal de origem constatou que o juiz apenas realizou perguntas objetivas, sem nenhum car\u00e1ter acusat\u00f3rio ou preju\u00edzo ao paciente&#8221;.<\/p>\n\n\n\n<p><strong><u><strong>Destarte, a Corte reconheceu que, embora houvesse invers\u00e3o da ordem legal de inquiri\u00e7\u00e3o, a aus\u00eancia de preju\u00edzo concreto impedia o reconhecimento da nulidade.<\/strong><\/u><\/strong><\/p>\n\n\n\n<h3 class=\"wp-block-heading\" id=\"h-quando-a-inversao-gera-nulidade\"><span id=\"quando-a-inversao-gera-nulidade\">Quando a invers\u00e3o gera nulidade<\/span><\/h3>\n\n\n\n<p>Todavia, nem sempre a invers\u00e3o da ordem ser\u00e1 considerada in\u00f3cua.<\/p>\n\n\n\n<p>Isto porque, o REsp n. 2.214.638\/SC (Rel. Min. Sebasti\u00e3o Reis J\u00fanior, j. 4\/11\/2025) demonstra a outra face da moeda.<\/p>\n\n\n\n<div class=\"wp-block-media-text is-stacked-on-mobile\" style=\"grid-template-columns:29% auto\"><figure class=\"wp-block-media-text__media\"><img decoding=\"async\" width=\"512\" height=\"512\" src=\"https:\/\/cj.estrategia.com\/portal\/wp-content\/uploads\/2025\/11\/06230621\/julgamento-processo-justica-pena-decisao.png\" alt=\"ordem de inquiri\u00e7\u00e3o\" class=\"wp-image-161950 size-full\" srcset=\"https:\/\/cj.estrategia.com\/portal\/wp-content\/uploads\/2025\/11\/06230621\/julgamento-processo-justica-pena-decisao.png 512w, https:\/\/cj.estrategia.com\/portal\/wp-content\/uploads\/2025\/11\/06230621\/julgamento-processo-justica-pena-decisao-300x300.png 300w, https:\/\/cj.estrategia.com\/portal\/wp-content\/uploads\/2025\/11\/06230621\/julgamento-processo-justica-pena-decisao-150x150.png 150w, https:\/\/cj.estrategia.com\/portal\/wp-content\/uploads\/2025\/11\/06230621\/julgamento-processo-justica-pena-decisao-80x80.png 80w, https:\/\/cj.estrategia.com\/portal\/wp-content\/uploads\/2025\/11\/06230621\/julgamento-processo-justica-pena-decisao-380x380.png 380w, https:\/\/cj.estrategia.com\/portal\/wp-content\/uploads\/2025\/11\/06230621\/julgamento-processo-justica-pena-decisao-24x24.png 24w, https:\/\/cj.estrategia.com\/portal\/wp-content\/uploads\/2025\/11\/06230621\/julgamento-processo-justica-pena-decisao-48x48.png 48w, https:\/\/cj.estrategia.com\/portal\/wp-content\/uploads\/2025\/11\/06230621\/julgamento-processo-justica-pena-decisao-96x96.png 96w\" sizes=\"(max-width: 512px) 100vw, 512px\" \/><\/figure><div class=\"wp-block-media-text__content\">\n<p>Naquele caso, o STJ reconheceu nulidade dos atos judiciais praticados em raz\u00e3o da &#8220;postura ativa na condu\u00e7\u00e3o dos depoimentos&#8221; que resultou em &#8220;comprometimento da imparcialidade do julgador&#8221;, com &#8220;preju\u00edzo demonstrado&#8221;.<\/p>\n<\/div><\/div>\n\n\n\n<p>Perceba a diferen\u00e7a essencial: n\u00e3o basta a mera invers\u00e3o formal da ordem das perguntas.<\/p>\n\n\n\n<p>\u00c9 necess\u00e1rio demonstrar que a atua\u00e7\u00e3o do magistrado comprometeu sua imparcialidade, revelando postura acusat\u00f3ria ou defensiva que prejudicou concretamente uma das partes.<\/p>\n\n\n\n<p>Quando o juiz assume protagonismo na inquiri\u00e7\u00e3o, fazendo perguntas tendenciosas, indutoras ou que revelem pr\u00e9-julgamento do caso, a\u00ed sim configura-se o preju\u00edzo apto a invalidar o ato.<\/p>\n\n\n\n<p>A decis\u00e3o do REsp 2.214.638\/SC foi al\u00e9m, determinando &#8220;o desentranhamento das provas obtidas no ato e renova\u00e7\u00e3o da audi\u00eancia&#8221;, evidenciando que, nesses casos, a contamina\u00e7\u00e3o probat\u00f3ria \u00e9 t\u00e3o grave que exige o refazimento completo do ato processual.<\/p>\n\n\n\n<h2 class=\"wp-block-heading\" id=\"h-criterios-para-identificar-o-prejuizo-concreto\"><span id=\"criterios-para-identificar-o-prejuizo-concreto\">Crit\u00e9rios para identificar o preju\u00edzo concreto<\/span><\/h2>\n\n\n\n<p>A jurisprud\u00eancia tem estabelecido alguns par\u00e2metros para aferir quando a invers\u00e3o da ordem gera efetivo preju\u00edzo:<\/p>\n\n\n\n<pre class=\"wp-block-preformatted\"><strong>Natureza das perguntas formuladas pelo juiz:<\/strong>&nbsp;se foram objetivas e esclarecedoras ou se tinham car\u00e1ter acusat\u00f3rio, indutivo ou revelavam convic\u00e7\u00e3o pr\u00e9via sobre os fatos.<br><br><strong>Momento da interven\u00e7\u00e3o judicial:<\/strong>&nbsp;quanto mais cedo o juiz interv\u00e9m, maior o risco de comprometimento da imparcialidade, pois as perguntas das partes ainda n\u00e3o foram formuladas e o magistrado n\u00e3o sabe quais pontos precisam de esclarecimento.<br><br><strong>Quantidade e intensidade da participa\u00e7\u00e3o do magistrado:<\/strong>&nbsp;uma ou duas perguntas pontuais diferem substancialmente de um interrogat\u00f3rio conduzido majoritariamente pelo juiz.<br><br><strong>Resultado probat\u00f3rio da inquiri\u00e7\u00e3o:<\/strong>&nbsp;se a oitiva produziu elementos probat\u00f3rios relevantes para a condena\u00e7\u00e3o e se esses elementos decorreram predominantemente das perguntas do magistrado.<\/pre>\n\n\n\n<h2 class=\"wp-block-heading\" id=\"h-em-sintese\"><span id=\"em-sintese\">Em s\u00edntese<\/span><\/h2>\n\n\n\n<p>Para fins de prepara\u00e7\u00e3o para concursos e exame de ordem, alguns pontos merecem destaque.<\/p>\n\n\n\n<p>Primeiro, a <strong>invers\u00e3o da ordem do art. 212 do CPP constitui nulidade relativa<\/strong>, n\u00e3o absoluta. Isso significa que pode ser sanada caso n\u00e3o demonstrado preju\u00edzo concreto.<\/p>\n\n\n\n<p>Segundo, aplica-se aqui o <strong>princ\u00edpio <em>pas de nullit\u00e9 sans grief<\/em><\/strong>\u00a0(art. 563 do CPP), exigindo-se a comprova\u00e7\u00e3o de que a invers\u00e3o efetivamente prejudicou a defesa ou a acusa\u00e7\u00e3o. A mera alega\u00e7\u00e3o abstrata de viola\u00e7\u00e3o ao sistema acusat\u00f3rio n\u00e3o \u00e9 suficiente.<\/p>\n\n\n\n<p>Terceiro, o <strong>\u00f4nus de demonstrar o preju\u00edzo<\/strong>&nbsp;recai sobre a parte que alega a nulidade. N\u00e3o basta apontar a invers\u00e3o formal; \u00e9 necess\u00e1rio evidenciar como isso comprometeu concretamente o direito de defesa ou o direito ao devido processo legal.<\/p>\n\n\n\n<p>Quarto, a quest\u00e3o pode aparecer em provas vinculada ao tema do <strong>sistema acusat\u00f3rio<\/strong>&nbsp;e da <strong>imparcialidade do juiz<\/strong>. A reforma de 2008 buscou justamente afastar o modelo inquisitorial, no qual o magistrado concentrava poderes investigat\u00f3rios e acusat\u00f3rios.<\/p>\n\n\n\n<h3 class=\"wp-block-heading\" id=\"h-formalismo-processual\"><span id=\"formalismo-processual\">Formalismo processual<\/span><\/h3>\n\n\n\n<p>Voltando ao epis\u00f3dio que motivou este artigo, a postura do promotor Dennys Carneiro foi tecnicamente correta. Ao invocar o art. 212 do CPP preventivamente, ele buscou evitar futura alega\u00e7\u00e3o de nulidade pela defesa, protegendo a higidez do processo.<\/p>\n\n\n\n<p>O juiz, embora tenha inicialmente resistido, agiu com prud\u00eancia ao acatar a observa\u00e7\u00e3o do membro do Minist\u00e9rio P\u00fablico.<\/p>\n\n\n\n<p>Veja que, na pr\u00e1tica forense, muitos magistrados ainda seguem a din\u00e2mica antiga, iniciando eles pr\u00f3prios a ordem de inquiri\u00e7\u00e3o. Isso ocorre por for\u00e7a do h\u00e1bito, mas tamb\u00e9m porque alguns ju\u00edzes acreditam que conduzir pessoalmente os depoimentos permite melhor esclarecimento dos fatos. Todavia, essa postura pode gerar questionamentos recursais desnecess\u00e1rios.<\/p>\n\n\n\n<p>Ademais, a ordem de inquiri\u00e7\u00e3o de testemunhas n\u00e3o \u00e9 mero formalismo processual, mas sim garantia fundamental do sistema acusat\u00f3rio e da imparcialidade do julgador. A invers\u00e3o dessa ordem, conforme pacificado pela jurisprud\u00eancia do STJ, configura nulidade relativa dependente de demonstra\u00e7\u00e3o de preju\u00edzo concreto.<\/p>\n\n\n\n<hr class=\"wp-block-separator has-alpha-channel-opacity\"\/>\n\n\n\n<h2 class=\"wp-block-heading has-text-align-left\" id=\"h-quer-saber-tudo-sobre-concursos-previstos-confira-nossos-artigos\"><span id=\"quer-saber-tudo-sobre-concursos-previstosconfira-nossos-artigos\">Quer saber tudo sobre concursos previstos?<br>Confira nossos artigos!<\/span><\/h2>\n\n\n\n<ul class=\"wp-block-list\">\n<li><a href=\"https:\/\/cj.estrategia.com\/portal\/concursos-abertos-carreiras-juridicas\/\" target=\"_blank\" ><strong>Concursos jur\u00eddicos abertos<\/strong><\/a><\/li>\n\n\n\n<li><a href=\"https:\/\/cj.estrategia.com\/portal\/concursos-juridicos-2026-prepare-se-para-os-proximos-editais\/\" target=\"_blank\" ><strong>Concursos Jur\u00eddicos 2026<\/strong><\/a><\/li>\n<\/ul>\n\n\n\n<h3 class=\"wp-block-heading has-text-align-center\" id=\"cursos-ficha\"><span id=\"quer-estudar-para-concursos-de-direito\">Quer estudar para Concursos de Direito?<\/span><\/h3>\n\n\n\n<p>O Estrat\u00e9gia Carreira Jur\u00eddica \u00e9 campe\u00e3o de aprova\u00e7\u00f5es nos concursos para Carreiras Jur\u00eddicas com um corpo docente qualificado e materiais completos. Conhe\u00e7a nossos cursos e garanta sua aprova\u00e7\u00e3o:<\/p>\n\n\n\n<div class=\"wp-block-cover\" style=\"min-height:155px;aspect-ratio:unset;\"><img decoding=\"async\" width=\"1890\" height=\"351\" class=\"wp-block-cover__image-background wp-image-8669\" alt=\"Assinaturas Jur\u00eddicas\" src=\"https:\/\/cj.estrategia.com\/portal\/wp-content\/uploads\/2022\/06\/20151253\/concurso-carreiras-juridicas-assinatura-juridica.jpg\" style=\"object-position:78% 43%\" data-object-fit=\"cover\" data-object-position=\"78% 43%\" srcset=\"https:\/\/cj.estrategia.com\/portal\/wp-content\/uploads\/2022\/06\/20151253\/concurso-carreiras-juridicas-assinatura-juridica.jpg 1890w, https:\/\/cj.estrategia.com\/portal\/wp-content\/uploads\/2022\/06\/20151253\/concurso-carreiras-juridicas-assinatura-juridica-300x56.jpg 300w, https:\/\/cj.estrategia.com\/portal\/wp-content\/uploads\/2022\/06\/20151253\/concurso-carreiras-juridicas-assinatura-juridica-1024x190.jpg 1024w, https:\/\/cj.estrategia.com\/portal\/wp-content\/uploads\/2022\/06\/20151253\/concurso-carreiras-juridicas-assinatura-juridica-768x143.jpg 768w, https:\/\/cj.estrategia.com\/portal\/wp-content\/uploads\/2022\/06\/20151253\/concurso-carreiras-juridicas-assinatura-juridica-1536x285.jpg 1536w, https:\/\/cj.estrategia.com\/portal\/wp-content\/uploads\/2022\/06\/20151253\/concurso-carreiras-juridicas-assinatura-juridica-380x71.jpg 380w, https:\/\/cj.estrategia.com\/portal\/wp-content\/uploads\/2022\/06\/20151253\/concurso-carreiras-juridicas-assinatura-juridica-800x149.jpg 800w, https:\/\/cj.estrategia.com\/portal\/wp-content\/uploads\/2022\/06\/20151253\/concurso-carreiras-juridicas-assinatura-juridica-1160x215.jpg 1160w\" sizes=\"(max-width: 1890px) 100vw, 1890px\" \/><span aria-hidden=\"true\" class=\"wp-block-cover__background has-background-dim\"><\/span><div class=\"wp-block-cover__inner-container is-layout-flow wp-block-cover-is-layout-flow\">\n<h3 id=\"faca-a-sua-assinatura\" class=\"titulo-assinatura\"><span style=\"color: #ffffff;\">Fa\u00e7a a sua assinatura!<\/span><\/h3>\n<p class=\"subtitulo-assinatura\" style=\"display:block!important; line-height: 0;\"><span style=\"color: #ffffff;\">Escolha a sua \u00e1rea.<\/span><\/p>\n<a target=\"_blank\" href=\"https:\/\/www.estrategiaconcursos.com.br\/assinaturas-ecj\/\" rel=\"noopener\"><button style=\"border-radius: 10px; text-transform: capitalize;\">Acessar<\/button><\/a>\n<\/div><\/div>\n\n\n\n<p class=\"has-text-align-center has-white-color has-text-color has-link-color wp-elements-984c978107f79a17e755ff20bf7b387d\"><\/p>\n","protected":false},"excerpt":{"rendered":"De in\u00edcio, o recente epis\u00f3dio envolvendo a oitiva de Felipe Bressanim (Felca) no caso Hytalo Santos trouxe \u00e0&hellip;\n","protected":false},"author":93,"featured_media":135926,"comment_status":"open","ping_status":"open","sticky":false,"template":"","format":"standard","meta":{"_jetpack_memberships_contains_paid_content":false,"footnotes":""},"categories":[1],"tags":[4128,407,4126,3356,4125,202,4127],"tax_estado":[45],"class_list":{"0":"post-176880","1":"post","2":"type-post","3":"status-publish","4":"format-standard","5":"has-post-thumbnail","7":"category-carreiras-juridicas","8":"tag-caso-hytalo-santos","9":"tag-codigo-de-processo-penal","10":"tag-felca","11":"tag-natureza-juridica","12":"tag-ordem-de-inquiricao","13":"tag-stj","14":"tag-testemunha","15":"tax_estado-pb"},"acf":[],"yoast_head":"<!-- This site is optimized with the Yoast SEO Premium plugin v27.4 (Yoast SEO v27.4) - https:\/\/yoast.com\/product\/yoast-seo-premium-wordpress\/ -->\n<title>A ordem de inquiri\u00e7\u00e3o de testemunhas no Processo Penal<\/title>\n<meta name=\"description\" content=\"O epis\u00f3dio da oitiva de Felca no caso Hytalo Santos trouxe \u00e0 tona a quest\u00e3o da ordem correta para formula\u00e7\u00e3o de perguntas \u00e0s testemunhas.\" \/>\n<meta name=\"robots\" content=\"index, follow, max-snippet:-1, max-image-preview:large, max-video-preview:-1\" \/>\n<link rel=\"canonical\" href=\"https:\/\/cj.estrategia.com\/portal\/ordem-de-inquiricao-testemunhas-processo-penal\/\" \/>\n<meta property=\"og:locale\" content=\"pt_BR\" \/>\n<meta property=\"og:type\" content=\"article\" \/>\n<meta property=\"og:title\" content=\"A ordem de inquiri\u00e7\u00e3o de testemunhas no Processo Penal: gera nulidade?\" \/>\n<meta property=\"og:description\" content=\"O epis\u00f3dio da oitiva de Felca no caso Hytalo Santos trouxe \u00e0 tona a quest\u00e3o da ordem correta para formula\u00e7\u00e3o de perguntas \u00e0s testemunhas.\" \/>\n<meta property=\"og:url\" content=\"https:\/\/cj.estrategia.com\/portal\/ordem-de-inquiricao-testemunhas-processo-penal\/\" \/>\n<meta property=\"og:site_name\" content=\"Blog - Carreiras Jur\u00eddicas - Estrat\u00e9gia\" \/>\n<meta property=\"article:publisher\" content=\"https:\/\/www.facebook.com\/estrategiacarreirajuridica\/\" \/>\n<meta property=\"article:published_time\" content=\"2026-01-29T23:27:37+00:00\" \/>\n<meta property=\"article:modified_time\" content=\"2026-01-29T23:27:42+00:00\" \/>\n<meta property=\"og:image\" content=\"https:\/\/cj.estrategia.com\/portal\/wp-content\/uploads\/2025\/07\/15211412\/justica-magistrada-magistratura-juiz-sentenca-decisao-estagio-probatorio-etica-integridade-produtividade-julgamento.jpg\" \/>\n\t<meta property=\"og:image:width\" content=\"2000\" \/>\n\t<meta property=\"og:image:height\" content=\"1333\" \/>\n\t<meta property=\"og:image:type\" content=\"image\/jpeg\" \/>\n<meta name=\"author\" content=\"Felipe Duque\" \/>\n<meta name=\"twitter:card\" content=\"summary_large_image\" \/>\n<meta name=\"twitter:creator\" content=\"@https:\/\/x.com\/ProfessorDuque\" \/>\n<meta name=\"twitter:site\" content=\"@EstratJuridica\" \/>\n<meta name=\"twitter:label1\" content=\"Escrito por\" \/>\n\t<meta name=\"twitter:data1\" content=\"Felipe Duque\" \/>\n\t<meta name=\"twitter:label2\" content=\"Est. tempo de leitura\" \/>\n\t<meta name=\"twitter:data2\" content=\"7 minutos\" \/>\n<script type=\"application\/ld+json\" class=\"yoast-schema-graph\">{\"@context\":\"https:\\\/\\\/schema.org\",\"@graph\":[{\"@type\":\"NewsArticle\",\"@id\":\"https:\\\/\\\/cj.estrategia.com\\\/portal\\\/ordem-de-inquiricao-testemunhas-processo-penal\\\/#article\",\"isPartOf\":{\"@id\":\"https:\\\/\\\/cj.estrategia.com\\\/portal\\\/ordem-de-inquiricao-testemunhas-processo-penal\\\/\"},\"author\":{\"name\":\"Felipe Duque\",\"@id\":\"https:\\\/\\\/cj.estrategia.com\\\/portal\\\/#\\\/schema\\\/person\\\/b5b0253b269d7130d1f7770b1ba29285\"},\"headline\":\"A ordem de inquiri\u00e7\u00e3o de testemunhas no Processo Penal: gera nulidade?\",\"datePublished\":\"2026-01-29T23:27:37+00:00\",\"dateModified\":\"2026-01-29T23:27:42+00:00\",\"mainEntityOfPage\":{\"@id\":\"https:\\\/\\\/cj.estrategia.com\\\/portal\\\/ordem-de-inquiricao-testemunhas-processo-penal\\\/\"},\"wordCount\":1204,\"commentCount\":0,\"publisher\":{\"@id\":\"https:\\\/\\\/cj.estrategia.com\\\/portal\\\/#organization\"},\"image\":{\"@id\":\"https:\\\/\\\/cj.estrategia.com\\\/portal\\\/ordem-de-inquiricao-testemunhas-processo-penal\\\/#primaryimage\"},\"thumbnailUrl\":\"https:\\\/\\\/cj.estrategia.com\\\/portal\\\/wp-content\\\/uploads\\\/2025\\\/07\\\/15211412\\\/justica-magistrada-magistratura-juiz-sentenca-decisao-estagio-probatorio-etica-integridade-produtividade-julgamento.jpg\",\"keywords\":[\"caso Hytalo Santos\",\"c\u00f3digo de processo penal\",\"Felca\",\"natureza jur\u00eddica\",\"ordem de inquiri\u00e7\u00e3o\",\"STJ\",\"testemunha\"],\"articleSection\":[\"Carreiras Jur\u00eddicas\"],\"inLanguage\":\"pt-BR\",\"potentialAction\":[{\"@type\":\"CommentAction\",\"name\":\"Comment\",\"target\":[\"https:\\\/\\\/cj.estrategia.com\\\/portal\\\/ordem-de-inquiricao-testemunhas-processo-penal\\\/#respond\"]}]},{\"@type\":\"WebPage\",\"@id\":\"https:\\\/\\\/cj.estrategia.com\\\/portal\\\/ordem-de-inquiricao-testemunhas-processo-penal\\\/\",\"url\":\"https:\\\/\\\/cj.estrategia.com\\\/portal\\\/ordem-de-inquiricao-testemunhas-processo-penal\\\/\",\"name\":\"A ordem de inquiri\u00e7\u00e3o de testemunhas no Processo Penal\",\"isPartOf\":{\"@id\":\"https:\\\/\\\/cj.estrategia.com\\\/portal\\\/#website\"},\"primaryImageOfPage\":{\"@id\":\"https:\\\/\\\/cj.estrategia.com\\\/portal\\\/ordem-de-inquiricao-testemunhas-processo-penal\\\/#primaryimage\"},\"image\":{\"@id\":\"https:\\\/\\\/cj.estrategia.com\\\/portal\\\/ordem-de-inquiricao-testemunhas-processo-penal\\\/#primaryimage\"},\"thumbnailUrl\":\"https:\\\/\\\/cj.estrategia.com\\\/portal\\\/wp-content\\\/uploads\\\/2025\\\/07\\\/15211412\\\/justica-magistrada-magistratura-juiz-sentenca-decisao-estagio-probatorio-etica-integridade-produtividade-julgamento.jpg\",\"datePublished\":\"2026-01-29T23:27:37+00:00\",\"dateModified\":\"2026-01-29T23:27:42+00:00\",\"description\":\"O epis\u00f3dio da oitiva de Felca no caso Hytalo Santos trouxe \u00e0 tona a quest\u00e3o da ordem correta para formula\u00e7\u00e3o de perguntas \u00e0s testemunhas.\",\"breadcrumb\":{\"@id\":\"https:\\\/\\\/cj.estrategia.com\\\/portal\\\/ordem-de-inquiricao-testemunhas-processo-penal\\\/#breadcrumb\"},\"inLanguage\":\"pt-BR\",\"potentialAction\":[{\"@type\":\"ReadAction\",\"target\":[\"https:\\\/\\\/cj.estrategia.com\\\/portal\\\/ordem-de-inquiricao-testemunhas-processo-penal\\\/\"]}]},{\"@type\":\"ImageObject\",\"inLanguage\":\"pt-BR\",\"@id\":\"https:\\\/\\\/cj.estrategia.com\\\/portal\\\/ordem-de-inquiricao-testemunhas-processo-penal\\\/#primaryimage\",\"url\":\"https:\\\/\\\/cj.estrategia.com\\\/portal\\\/wp-content\\\/uploads\\\/2025\\\/07\\\/15211412\\\/justica-magistrada-magistratura-juiz-sentenca-decisao-estagio-probatorio-etica-integridade-produtividade-julgamento.jpg\",\"contentUrl\":\"https:\\\/\\\/cj.estrategia.com\\\/portal\\\/wp-content\\\/uploads\\\/2025\\\/07\\\/15211412\\\/justica-magistrada-magistratura-juiz-sentenca-decisao-estagio-probatorio-etica-integridade-produtividade-julgamento.jpg\",\"width\":2000,\"height\":1333},{\"@type\":\"BreadcrumbList\",\"@id\":\"https:\\\/\\\/cj.estrategia.com\\\/portal\\\/ordem-de-inquiricao-testemunhas-processo-penal\\\/#breadcrumb\",\"itemListElement\":[{\"@type\":\"ListItem\",\"position\":1,\"name\":\"In\u00edcio\",\"item\":\"https:\\\/\\\/cj.estrategia.com\\\/portal\\\/\"},{\"@type\":\"ListItem\",\"position\":2,\"name\":\"A ordem de inquiri\u00e7\u00e3o de testemunhas no Processo Penal: gera nulidade?\"}]},{\"@type\":\"WebSite\",\"@id\":\"https:\\\/\\\/cj.estrategia.com\\\/portal\\\/#website\",\"url\":\"https:\\\/\\\/cj.estrategia.com\\\/portal\\\/\",\"name\":\"Blog - Carreiras Jur\u00eddicas - Estrat\u00e9gia\",\"description\":\"\",\"publisher\":{\"@id\":\"https:\\\/\\\/cj.estrategia.com\\\/portal\\\/#organization\"},\"potentialAction\":[{\"@type\":\"SearchAction\",\"target\":{\"@type\":\"EntryPoint\",\"urlTemplate\":\"https:\\\/\\\/cj.estrategia.com\\\/portal\\\/?s={search_term_string}\"},\"query-input\":{\"@type\":\"PropertyValueSpecification\",\"valueRequired\":true,\"valueName\":\"search_term_string\"}}],\"inLanguage\":\"pt-BR\"},{\"@type\":\"Organization\",\"@id\":\"https:\\\/\\\/cj.estrategia.com\\\/portal\\\/#organization\",\"name\":\"Estrat\u00e9gia - Carreiras Jur\u00eddicas\",\"url\":\"https:\\\/\\\/cj.estrategia.com\\\/portal\\\/\",\"logo\":{\"@type\":\"ImageObject\",\"inLanguage\":\"pt-BR\",\"@id\":\"https:\\\/\\\/cj.estrategia.com\\\/portal\\\/#\\\/schema\\\/logo\\\/image\\\/\",\"url\":\"https:\\\/\\\/cj.estrategia.com\\\/portal\\\/wp-content\\\/uploads\\\/2022\\\/03\\\/11151052\\\/cj-logo.png\",\"contentUrl\":\"https:\\\/\\\/cj.estrategia.com\\\/portal\\\/wp-content\\\/uploads\\\/2022\\\/03\\\/11151052\\\/cj-logo.png\",\"width\":150,\"height\":39,\"caption\":\"Estrat\u00e9gia - Carreiras Jur\u00eddicas\"},\"image\":{\"@id\":\"https:\\\/\\\/cj.estrategia.com\\\/portal\\\/#\\\/schema\\\/logo\\\/image\\\/\"},\"sameAs\":[\"https:\\\/\\\/www.facebook.com\\\/estrategiacarreirajuridica\\\/\",\"https:\\\/\\\/x.com\\\/EstratJuridica\",\"https:\\\/\\\/www.instagram.com\\\/estrategiacarreirajuridica\\\/\",\"https:\\\/\\\/www.youtube.com\\\/channel\\\/UClbMGuYbj2Mh1m3w144ETWQ\"]},{\"@type\":\"Person\",\"@id\":\"https:\\\/\\\/cj.estrategia.com\\\/portal\\\/#\\\/schema\\\/person\\\/b5b0253b269d7130d1f7770b1ba29285\",\"name\":\"Felipe Duque\",\"image\":{\"@type\":\"ImageObject\",\"inLanguage\":\"pt-BR\",\"@id\":\"https:\\\/\\\/cj.estrategia.com\\\/portal\\\/wp-content\\\/uploads\\\/2024\\\/08\\\/06162009\\\/Captura-de-Tela-2024-08-06-as-16.19.26-96x96.png\",\"url\":\"https:\\\/\\\/cj.estrategia.com\\\/portal\\\/wp-content\\\/uploads\\\/2024\\\/08\\\/06162009\\\/Captura-de-Tela-2024-08-06-as-16.19.26-96x96.png\",\"contentUrl\":\"https:\\\/\\\/cj.estrategia.com\\\/portal\\\/wp-content\\\/uploads\\\/2024\\\/08\\\/06162009\\\/Captura-de-Tela-2024-08-06-as-16.19.26-96x96.png\",\"caption\":\"Felipe Duque\"},\"description\":\"Felipe Duque - Mestre em Direito Pol\u00edtico e Econ\u00f4mico na Mackenzie-SP. Graduado em Direito pela Universidade Cat\u00f3lica de Pernambuco, com conclus\u00e3o pelo regime de Aproveitamento Extraordin\u00e1rio nos Estudos (art. 47, \u00a7 2\u00ba, da Lei n\u00ba 9.394\\\/96). Ex-Assessor de Desembargador no TJPE. Procurador da Fazenda Nacional. Integra voluntariamente a Coordena\u00e7\u00e3o de Assuntos Estrat\u00e9gicos Judiciais da PGFN. Professor do Estrat\u00e9gia Carreira Jur\u00eddica, Estrat\u00e9gia OAB e Buscador Dizer o Direito. Autor do livro \u201cReforma Tribut\u00e1ria Comentada e Esquematizada\u201d, \\\"Manual de Processo Tribut\u00e1rio: Administrativo e Judicial\\\" pela editora Juspodivm Parecerista na Revista de Estudos Jur\u00eddicos do Superior Tribunal de Justi\u00e7a (REJuriSTJ)\",\"sameAs\":[\"http:\\\/\\\/lattes.cnpq.br\\\/5755137268084324\",\"https:\\\/\\\/www.instagram.com\\\/felipe_duque\\\/\",\"https:\\\/\\\/br.linkedin.com\\\/in\\\/felipe-duque-56954638\",\"https:\\\/\\\/x.com\\\/https:\\\/\\\/x.com\\\/ProfessorDuque\",\"https:\\\/\\\/www.youtube.com\\\/@felipeduque-experienciasco5797\"],\"url\":\"https:\\\/\\\/cj.estrategia.com\\\/portal\\\/author\\\/felipe-duque\\\/\"}]}<\/script>\n<!-- \/ Yoast SEO Premium plugin. -->","yoast_head_json":{"title":"A ordem de inquiri\u00e7\u00e3o de testemunhas no Processo Penal","description":"O epis\u00f3dio da oitiva de Felca no caso Hytalo Santos trouxe \u00e0 tona a quest\u00e3o da ordem correta para formula\u00e7\u00e3o de perguntas \u00e0s testemunhas.","robots":{"index":"index","follow":"follow","max-snippet":"max-snippet:-1","max-image-preview":"max-image-preview:large","max-video-preview":"max-video-preview:-1"},"canonical":"https:\/\/cj.estrategia.com\/portal\/ordem-de-inquiricao-testemunhas-processo-penal\/","og_locale":"pt_BR","og_type":"article","og_title":"A ordem de inquiri\u00e7\u00e3o de testemunhas no Processo Penal: gera nulidade?","og_description":"O epis\u00f3dio da oitiva de Felca no caso Hytalo Santos trouxe \u00e0 tona a quest\u00e3o da ordem correta para formula\u00e7\u00e3o de perguntas \u00e0s testemunhas.","og_url":"https:\/\/cj.estrategia.com\/portal\/ordem-de-inquiricao-testemunhas-processo-penal\/","og_site_name":"Blog - Carreiras Jur\u00eddicas - Estrat\u00e9gia","article_publisher":"https:\/\/www.facebook.com\/estrategiacarreirajuridica\/","article_published_time":"2026-01-29T23:27:37+00:00","article_modified_time":"2026-01-29T23:27:42+00:00","og_image":[{"width":2000,"height":1333,"url":"https:\/\/cj.estrategia.com\/portal\/wp-content\/uploads\/2025\/07\/15211412\/justica-magistrada-magistratura-juiz-sentenca-decisao-estagio-probatorio-etica-integridade-produtividade-julgamento.jpg","type":"image\/jpeg"}],"author":"Felipe Duque","twitter_card":"summary_large_image","twitter_creator":"@https:\/\/x.com\/ProfessorDuque","twitter_site":"@EstratJuridica","twitter_misc":{"Escrito por":"Felipe Duque","Est. tempo de leitura":"7 minutos"},"schema":{"@context":"https:\/\/schema.org","@graph":[{"@type":"NewsArticle","@id":"https:\/\/cj.estrategia.com\/portal\/ordem-de-inquiricao-testemunhas-processo-penal\/#article","isPartOf":{"@id":"https:\/\/cj.estrategia.com\/portal\/ordem-de-inquiricao-testemunhas-processo-penal\/"},"author":{"name":"Felipe Duque","@id":"https:\/\/cj.estrategia.com\/portal\/#\/schema\/person\/b5b0253b269d7130d1f7770b1ba29285"},"headline":"A ordem de inquiri\u00e7\u00e3o de testemunhas no Processo Penal: gera nulidade?","datePublished":"2026-01-29T23:27:37+00:00","dateModified":"2026-01-29T23:27:42+00:00","mainEntityOfPage":{"@id":"https:\/\/cj.estrategia.com\/portal\/ordem-de-inquiricao-testemunhas-processo-penal\/"},"wordCount":1204,"commentCount":0,"publisher":{"@id":"https:\/\/cj.estrategia.com\/portal\/#organization"},"image":{"@id":"https:\/\/cj.estrategia.com\/portal\/ordem-de-inquiricao-testemunhas-processo-penal\/#primaryimage"},"thumbnailUrl":"https:\/\/cj.estrategia.com\/portal\/wp-content\/uploads\/2025\/07\/15211412\/justica-magistrada-magistratura-juiz-sentenca-decisao-estagio-probatorio-etica-integridade-produtividade-julgamento.jpg","keywords":["caso Hytalo Santos","c\u00f3digo de processo penal","Felca","natureza jur\u00eddica","ordem de inquiri\u00e7\u00e3o","STJ","testemunha"],"articleSection":["Carreiras Jur\u00eddicas"],"inLanguage":"pt-BR","potentialAction":[{"@type":"CommentAction","name":"Comment","target":["https:\/\/cj.estrategia.com\/portal\/ordem-de-inquiricao-testemunhas-processo-penal\/#respond"]}]},{"@type":"WebPage","@id":"https:\/\/cj.estrategia.com\/portal\/ordem-de-inquiricao-testemunhas-processo-penal\/","url":"https:\/\/cj.estrategia.com\/portal\/ordem-de-inquiricao-testemunhas-processo-penal\/","name":"A ordem de inquiri\u00e7\u00e3o de testemunhas no Processo Penal","isPartOf":{"@id":"https:\/\/cj.estrategia.com\/portal\/#website"},"primaryImageOfPage":{"@id":"https:\/\/cj.estrategia.com\/portal\/ordem-de-inquiricao-testemunhas-processo-penal\/#primaryimage"},"image":{"@id":"https:\/\/cj.estrategia.com\/portal\/ordem-de-inquiricao-testemunhas-processo-penal\/#primaryimage"},"thumbnailUrl":"https:\/\/cj.estrategia.com\/portal\/wp-content\/uploads\/2025\/07\/15211412\/justica-magistrada-magistratura-juiz-sentenca-decisao-estagio-probatorio-etica-integridade-produtividade-julgamento.jpg","datePublished":"2026-01-29T23:27:37+00:00","dateModified":"2026-01-29T23:27:42+00:00","description":"O epis\u00f3dio da oitiva de Felca no caso Hytalo Santos trouxe \u00e0 tona a quest\u00e3o da ordem correta para formula\u00e7\u00e3o de perguntas \u00e0s testemunhas.","breadcrumb":{"@id":"https:\/\/cj.estrategia.com\/portal\/ordem-de-inquiricao-testemunhas-processo-penal\/#breadcrumb"},"inLanguage":"pt-BR","potentialAction":[{"@type":"ReadAction","target":["https:\/\/cj.estrategia.com\/portal\/ordem-de-inquiricao-testemunhas-processo-penal\/"]}]},{"@type":"ImageObject","inLanguage":"pt-BR","@id":"https:\/\/cj.estrategia.com\/portal\/ordem-de-inquiricao-testemunhas-processo-penal\/#primaryimage","url":"https:\/\/cj.estrategia.com\/portal\/wp-content\/uploads\/2025\/07\/15211412\/justica-magistrada-magistratura-juiz-sentenca-decisao-estagio-probatorio-etica-integridade-produtividade-julgamento.jpg","contentUrl":"https:\/\/cj.estrategia.com\/portal\/wp-content\/uploads\/2025\/07\/15211412\/justica-magistrada-magistratura-juiz-sentenca-decisao-estagio-probatorio-etica-integridade-produtividade-julgamento.jpg","width":2000,"height":1333},{"@type":"BreadcrumbList","@id":"https:\/\/cj.estrategia.com\/portal\/ordem-de-inquiricao-testemunhas-processo-penal\/#breadcrumb","itemListElement":[{"@type":"ListItem","position":1,"name":"In\u00edcio","item":"https:\/\/cj.estrategia.com\/portal\/"},{"@type":"ListItem","position":2,"name":"A ordem de inquiri\u00e7\u00e3o de testemunhas no Processo Penal: gera nulidade?"}]},{"@type":"WebSite","@id":"https:\/\/cj.estrategia.com\/portal\/#website","url":"https:\/\/cj.estrategia.com\/portal\/","name":"Blog - Carreiras Jur\u00eddicas - Estrat\u00e9gia","description":"","publisher":{"@id":"https:\/\/cj.estrategia.com\/portal\/#organization"},"potentialAction":[{"@type":"SearchAction","target":{"@type":"EntryPoint","urlTemplate":"https:\/\/cj.estrategia.com\/portal\/?s={search_term_string}"},"query-input":{"@type":"PropertyValueSpecification","valueRequired":true,"valueName":"search_term_string"}}],"inLanguage":"pt-BR"},{"@type":"Organization","@id":"https:\/\/cj.estrategia.com\/portal\/#organization","name":"Estrat\u00e9gia - Carreiras Jur\u00eddicas","url":"https:\/\/cj.estrategia.com\/portal\/","logo":{"@type":"ImageObject","inLanguage":"pt-BR","@id":"https:\/\/cj.estrategia.com\/portal\/#\/schema\/logo\/image\/","url":"https:\/\/cj.estrategia.com\/portal\/wp-content\/uploads\/2022\/03\/11151052\/cj-logo.png","contentUrl":"https:\/\/cj.estrategia.com\/portal\/wp-content\/uploads\/2022\/03\/11151052\/cj-logo.png","width":150,"height":39,"caption":"Estrat\u00e9gia - Carreiras Jur\u00eddicas"},"image":{"@id":"https:\/\/cj.estrategia.com\/portal\/#\/schema\/logo\/image\/"},"sameAs":["https:\/\/www.facebook.com\/estrategiacarreirajuridica\/","https:\/\/x.com\/EstratJuridica","https:\/\/www.instagram.com\/estrategiacarreirajuridica\/","https:\/\/www.youtube.com\/channel\/UClbMGuYbj2Mh1m3w144ETWQ"]},{"@type":"Person","@id":"https:\/\/cj.estrategia.com\/portal\/#\/schema\/person\/b5b0253b269d7130d1f7770b1ba29285","name":"Felipe Duque","image":{"@type":"ImageObject","inLanguage":"pt-BR","@id":"https:\/\/cj.estrategia.com\/portal\/wp-content\/uploads\/2024\/08\/06162009\/Captura-de-Tela-2024-08-06-as-16.19.26-96x96.png","url":"https:\/\/cj.estrategia.com\/portal\/wp-content\/uploads\/2024\/08\/06162009\/Captura-de-Tela-2024-08-06-as-16.19.26-96x96.png","contentUrl":"https:\/\/cj.estrategia.com\/portal\/wp-content\/uploads\/2024\/08\/06162009\/Captura-de-Tela-2024-08-06-as-16.19.26-96x96.png","caption":"Felipe Duque"},"description":"Felipe Duque - Mestre em Direito Pol\u00edtico e Econ\u00f4mico na Mackenzie-SP. Graduado em Direito pela Universidade Cat\u00f3lica de Pernambuco, com conclus\u00e3o pelo regime de Aproveitamento Extraordin\u00e1rio nos Estudos (art. 47, \u00a7 2\u00ba, da Lei n\u00ba 9.394\/96). Ex-Assessor de Desembargador no TJPE. Procurador da Fazenda Nacional. Integra voluntariamente a Coordena\u00e7\u00e3o de Assuntos Estrat\u00e9gicos Judiciais da PGFN. Professor do Estrat\u00e9gia Carreira Jur\u00eddica, Estrat\u00e9gia OAB e Buscador Dizer o Direito. Autor do livro \u201cReforma Tribut\u00e1ria Comentada e Esquematizada\u201d, \"Manual de Processo Tribut\u00e1rio: Administrativo e Judicial\" pela editora Juspodivm Parecerista na Revista de Estudos Jur\u00eddicos do Superior Tribunal de Justi\u00e7a (REJuriSTJ)","sameAs":["http:\/\/lattes.cnpq.br\/5755137268084324","https:\/\/www.instagram.com\/felipe_duque\/","https:\/\/br.linkedin.com\/in\/felipe-duque-56954638","https:\/\/x.com\/https:\/\/x.com\/ProfessorDuque","https:\/\/www.youtube.com\/@felipeduque-experienciasco5797"],"url":"https:\/\/cj.estrategia.com\/portal\/author\/felipe-duque\/"}]}},"jetpack_featured_media_url":"https:\/\/cj.estrategia.com\/portal\/wp-content\/uploads\/2025\/07\/15211412\/justica-magistrada-magistratura-juiz-sentenca-decisao-estagio-probatorio-etica-integridade-produtividade-julgamento.jpg","jetpack_sharing_enabled":true,"_links":{"self":[{"href":"https:\/\/cj.estrategia.com\/portal\/wp-json\/wp\/v2\/posts\/176880","targetHints":{"allow":["GET"]}}],"collection":[{"href":"https:\/\/cj.estrategia.com\/portal\/wp-json\/wp\/v2\/posts"}],"about":[{"href":"https:\/\/cj.estrategia.com\/portal\/wp-json\/wp\/v2\/types\/post"}],"author":[{"embeddable":true,"href":"https:\/\/cj.estrategia.com\/portal\/wp-json\/wp\/v2\/users\/93"}],"replies":[{"embeddable":true,"href":"https:\/\/cj.estrategia.com\/portal\/wp-json\/wp\/v2\/comments?post=176880"}],"version-history":[{"count":3,"href":"https:\/\/cj.estrategia.com\/portal\/wp-json\/wp\/v2\/posts\/176880\/revisions"}],"predecessor-version":[{"id":176897,"href":"https:\/\/cj.estrategia.com\/portal\/wp-json\/wp\/v2\/posts\/176880\/revisions\/176897"}],"wp:featuredmedia":[{"embeddable":true,"href":"https:\/\/cj.estrategia.com\/portal\/wp-json\/wp\/v2\/media\/135926"}],"wp:attachment":[{"href":"https:\/\/cj.estrategia.com\/portal\/wp-json\/wp\/v2\/media?parent=176880"}],"wp:term":[{"taxonomy":"category","embeddable":true,"href":"https:\/\/cj.estrategia.com\/portal\/wp-json\/wp\/v2\/categories?post=176880"},{"taxonomy":"post_tag","embeddable":true,"href":"https:\/\/cj.estrategia.com\/portal\/wp-json\/wp\/v2\/tags?post=176880"},{"taxonomy":"tax_estado","embeddable":true,"href":"https:\/\/cj.estrategia.com\/portal\/wp-json\/wp\/v2\/tax_estado?post=176880"}],"curies":[{"name":"wp","href":"https:\/\/api.w.org\/{rel}","templated":true}]}}