{"id":176856,"date":"2026-01-29T17:28:24","date_gmt":"2026-01-29T20:28:24","guid":{"rendered":"https:\/\/cj.estrategia.com\/portal\/?p=176856"},"modified":"2026-01-29T17:31:20","modified_gmt":"2026-01-29T20:31:20","slug":"lei-sc-proibe-cotas-raciais-constitucional","status":"publish","type":"post","link":"https:\/\/cj.estrategia.com\/portal\/lei-sc-proibe-cotas-raciais-constitucional\/","title":{"rendered":"Lei de Santa Catarina que pro\u00edbe cotas raciais \u00e9 constitucional?"},"content":{"rendered":"\n<p>Em breve s\u00edntese, vamos comentar as seguintes not\u00edcias jur\u00eddicas:<\/p>\n\n\n\n<p><a href=\"https:\/\/www.jota.info\/stf\/do-supremo\/lei-de-sc-que-proibe-cotas-raciais-e-questionada-no-stf-por-tres-adis\" target=\"_blank\" >Lei de SC que pro\u00edbe cotas raciais \u00e9 questionada no STF por tr\u00eas ADIs<\/a><\/p>\n\n\n\n<p><a href=\"https:\/\/oglobo.globo.com\/blogs\/miriam-leitao\/post\/2026\/01\/tj-de-santa-catarina-suspende-lei-que-proibe-cotas-raciais-nas-universidades.ghtml\" target=\"_blank\" >TJ de Santa Catarina suspende lei que pro\u00edbe cotas raciais nas universidades<\/a><\/p>\n\n\n\n<p><a href=\"https:\/\/valor.globo.com\/brasil\/noticia\/2026\/01\/27\/gilmar-mendes-da-48h-para-governo-de-sc-explicar-lei-que-veda-cotas-raciais-em-universidades.ghtml\" target=\"_blank\" >Gilmar Mendes d\u00e1 48h para SC explicar lei que pro\u00edbe cotas raciais<\/a><\/p>\n\n\n\n<p>Isto porque, em menos de uma semana, a <strong>Lei estadual n\u00ba 19.722\/2026 (SC)<\/strong>&nbsp;\u2014 sancionada em <strong>22\/01\/2026<\/strong>&nbsp;\u2014 virou alvo de uma ofensiva concentrada no <strong>Supremo Tribunal Federal<\/strong>.<\/p>\n\n\n\n<p>Nessa linha, tr\u00eas <strong>A\u00e7\u00f5es Diretas de Inconstitucionalidade<\/strong>&nbsp;(ADIs) foram protocoladas contra a norma que <strong>pro\u00edbe cotas raciais e outras a\u00e7\u00f5es afirmativas<\/strong>&nbsp;em <strong>institui\u00e7\u00f5es de ensino superior p\u00fablicas<\/strong>&nbsp;ou <strong>financiadas com verbas p\u00fablicas<\/strong>&nbsp;no estado.<\/p>\n\n\n\n<pre class=\"wp-block-preformatted\">O texto legal \u00e9 expl\u00edcito: \u201c<strong>Fica vedada\u2026 a ado\u00e7\u00e3o de pol\u00edticas de reserva de vagas\u2026 ou qualquer forma de cota ou a\u00e7\u00e3o afirmativa\u2026<\/strong>\u201d tanto para <strong>ingresso de estudantes<\/strong>&nbsp;quanto para <strong>contrata\u00e7\u00e3o<\/strong>&nbsp;de docentes e demais profissionais, com exce\u00e7\u00f5es apenas para <strong>PCD<\/strong>, crit\u00e9rios <strong>econ\u00f4micos<\/strong>&nbsp;e reserva para egressos do <strong>ensino m\u00e9dio p\u00fablico estadual<\/strong>.<\/pre>\n\n\n\n<p>Entretanto, enquanto o STF come\u00e7a a organizar o processamento das a\u00e7\u00f5es, a norma j\u00e1 sofreu um rev\u00e9s relevante no plano local: o <strong>Tribunal de Justi\u00e7a de Santa Catarina (TJSC)<\/strong>&nbsp;suspendeu seus efeitos em decis\u00e3o monocr\u00e1tica, destacando urg\u00eancia e risco de interfer\u00eancia imediata na organiza\u00e7\u00e3o universit\u00e1ria em per\u00edodo sens\u00edvel do calend\u00e1rio acad\u00eamico.<\/p>\n\n\n\n<h2 class=\"wp-block-heading\" id=\"h-fundamentacao-juridica\"><span id=\"fundamentacao-juridica\">Fundamenta\u00e7\u00e3o jur\u00eddica<\/span><\/h2>\n\n\n\n<p>Ora, o cora\u00e7\u00e3o jur\u00eddico do conflito est\u00e1 no contraste entre uma lei estadual \u201cproibit\u00f3ria\u201d e a l\u00f3gica constitucional que, nas \u00faltimas d\u00e9cadas, passou a tratar <strong>a\u00e7\u00f5es afirmativas<\/strong>&nbsp;como instrumento leg\u00edtimo de promo\u00e7\u00e3o de <strong>igualdade material<\/strong>.<\/p>\n\n\n\n<p>No plano normativo estadual, a lei catarinense n\u00e3o apenas pro\u00edbe as pol\u00edticas, como cria um regime sancionat\u00f3rio duro: prev\u00ea <strong>nulidade do certame<\/strong>, <strong>multa de R$ 100.000,00 por edital<\/strong>, <strong>corte de repasses<\/strong>&nbsp;e at\u00e9 <strong>processo administrativo disciplinar<\/strong>&nbsp;contra os agentes p\u00fablicos envolvidos. E fixa vig\u00eancia imediata: \u201c<strong>entra em vigor na data de sua publica\u00e7\u00e3o<\/strong>\u201d.<\/p>\n\n\n\n<pre class=\"wp-block-verse\">\u00c9 justamente essa combina\u00e7\u00e3o \u2014 <strong>proibi\u00e7\u00e3o ampla + efeitos imediatos + san\u00e7\u00f5es<\/strong>&nbsp;\u2014 que alimenta o pedido de liminar nas ADIs e ajuda a explicar a resposta r\u00e1pida de \u00f3rg\u00e3os e entidades: a <strong>OAB<\/strong>, por exemplo, descreve a norma como um \u201c<strong>estatuto estadual antiafirmativo<\/strong>\u201d, argumentando que ela colide com o modelo constitucional e com o arranjo normativo nacional de pol\u00edticas inclusivas.<\/pre>\n\n\n\n<h2 class=\"wp-block-heading\" id=\"h-contexto\"><span id=\"contexto\">Contexto<\/span><\/h2>\n\n\n\n<p>Duas camadas de \u201ccontexto\u201d aparecem com for\u00e7a.<\/p>\n\n\n\n<p>A primeira \u00e9 o pano de fundo do pr\u00f3prio STF no enfrentamento do <strong>racismo estrutural<\/strong>.<\/p>\n\n\n\n<p>Ademais, custa salientar o entendimento do STF at\u00e9 ent\u00e3o sobre o tema:<\/p>\n\n\n\n<pre class=\"wp-block-preformatted\"><strong>\u00c9 constitucional a reserva de 20% das vagas oferecidas nos concursos p\u00fablicos para provimento de cargos efetivos e empregos p\u00fablicos no \u00e2mbito da administra\u00e7\u00e3o p\u00fablica direta e indireta.<\/strong><br><br>STF. Plen\u00e1rio. ADC 41\/DF, Rel. Min. Roberto Barroso, julgado em 8\/6\/2017 (Info 868).<\/pre>\n\n\n\n<p>Vejamos abaixo um resumo dos argumentos desenvolvidos pelo Min. Relator Luis Roberto Barroso:<\/p>\n\n\n\n<h3 class=\"wp-block-heading\" id=\"h-tres-dimensoes-da-igualdade\"><span id=\"tres-dimensoes-da-igualdade\"><em><em>Tr\u00eas dimens\u00f5es da igualdade<\/em><\/em><\/span><\/h3>\n\n\n\n<p>A igualdade pro\u00edbe que haja uma hierarquiza\u00e7\u00e3o dos indiv\u00edduos e que sejam feitas distin\u00e7\u00f5es sem fundamento.<\/p>\n\n\n\n<p>No entanto, a igualdade tamb\u00e9m transmite um comando, qual seja, o de que deve haver a neutraliza\u00e7\u00e3o de injusti\u00e7as hist\u00f3ricas, econ\u00f4micas e sociais e que haja um maior respeito \u00e0 diferen\u00e7a.<\/p>\n\n\n\n<p>No mundo contempor\u00e2neo, a igualdade se expressa em tr\u00eas dimens\u00f5es: a) a igualdade formal; b) a igualdade material; c) a igualdade como reconhecimento.<\/p>\n\n\n\n<h4 class=\"wp-block-heading\" id=\"h-a-igualdade-formal\"><span id=\"a-igualdade-formal\"><em><em>a) Igualdade formal<\/em><\/em><\/span><\/h4>\n\n\n\n<p>A igualdade formal significa dizer que n\u00e3o pode haver privil\u00e9gios e tratamentos discriminat\u00f3rios.<\/p>\n\n\n\n<p>Al\u00e9m disso, a igualdade formal est\u00e1 ligada ao chamado Estado liberal e foi idealizada como uma forma de rea\u00e7\u00e3o aos privil\u00e9gios da nobreza e do clero.<\/p>\n\n\n\n<p>Pode ser subdividida em dois aspectos:<\/p>\n\n\n\n<ul class=\"wp-block-list\">\n<li>Igualdade perante a lei: comando dirigido ao aplicador da lei \u2013 judicial e administrativo \u2013, que dever\u00e1 aplicar as normas em vigor de maneira impessoal e uniforme a todos aqueles que se encontrem sob sua incid\u00eancia.<\/li>\n\n\n\n<li>Igualdade na lei: comando endere\u00e7ado ao legislador, que n\u00e3o deve instituir discrimina\u00e7\u00f5es ou tratamentos diferenciados baseados em fundamento que n\u00e3o seja razo\u00e1vel ou que n\u00e3o vise a um fim leg\u00edtimo.<\/li>\n<\/ul>\n\n\n\n<p>A igualdade formal encontra-se prevista no art. 5\u00ba, caput, da CF\/88: \u201ctodos s\u00e3o iguais perante a lei, sem distin\u00e7\u00e3o de qualquer natureza\u201d.<\/p>\n\n\n\n<h4 class=\"wp-block-heading\" id=\"h-b-igualdade-material\"><span id=\"b-igualdade-material\"><em><em>b) Igualdade material<\/em><\/em><\/span><\/h4>\n\n\n\n<p>O conceito de igualdade material est\u00e1 ligado a demandas por redistribui\u00e7\u00e3o de riqueza e poder e, em \u00faltima an\u00e1lise, por justi\u00e7a social.<\/p>\n\n\n\n<p>O desenvolvimento da ideia de igualdade material surge a partir da constata\u00e7\u00e3o de que n\u00e3o basta proibir que haja privil\u00e9gios. \u00c9 preciso atuar ativamente contra a desigualdade econ\u00f4mica e em favor da supera\u00e7\u00e3o da mis\u00e9ria.<\/p>\n\n\n\n<div class=\"wp-block-media-text is-stacked-on-mobile\" style=\"grid-template-columns:25% auto\"><figure class=\"wp-block-media-text__media\"><img decoding=\"async\" width=\"1024\" height=\"1024\" src=\"https:\/\/cj.estrategia.com\/portal\/wp-content\/uploads\/2025\/04\/23144603\/JUSTICA-DECISAO-PROCESSO-JURIDICO-TRIBUNAL-1024x1024.jpg\" alt=\"cotas raciais\" class=\"wp-image-114240 size-full\" srcset=\"https:\/\/cj.estrategia.com\/portal\/wp-content\/uploads\/2025\/04\/23144603\/JUSTICA-DECISAO-PROCESSO-JURIDICO-TRIBUNAL-1024x1024.jpg 1024w, https:\/\/cj.estrategia.com\/portal\/wp-content\/uploads\/2025\/04\/23144603\/JUSTICA-DECISAO-PROCESSO-JURIDICO-TRIBUNAL-300x300.jpg 300w, https:\/\/cj.estrategia.com\/portal\/wp-content\/uploads\/2025\/04\/23144603\/JUSTICA-DECISAO-PROCESSO-JURIDICO-TRIBUNAL-150x150.jpg 150w, https:\/\/cj.estrategia.com\/portal\/wp-content\/uploads\/2025\/04\/23144603\/JUSTICA-DECISAO-PROCESSO-JURIDICO-TRIBUNAL-768x768.jpg 768w, https:\/\/cj.estrategia.com\/portal\/wp-content\/uploads\/2025\/04\/23144603\/JUSTICA-DECISAO-PROCESSO-JURIDICO-TRIBUNAL-1536x1536.jpg 1536w, https:\/\/cj.estrategia.com\/portal\/wp-content\/uploads\/2025\/04\/23144603\/JUSTICA-DECISAO-PROCESSO-JURIDICO-TRIBUNAL-80x80.jpg 80w, https:\/\/cj.estrategia.com\/portal\/wp-content\/uploads\/2025\/04\/23144603\/JUSTICA-DECISAO-PROCESSO-JURIDICO-TRIBUNAL-380x380.jpg 380w, https:\/\/cj.estrategia.com\/portal\/wp-content\/uploads\/2025\/04\/23144603\/JUSTICA-DECISAO-PROCESSO-JURIDICO-TRIBUNAL-800x800.jpg 800w, https:\/\/cj.estrategia.com\/portal\/wp-content\/uploads\/2025\/04\/23144603\/JUSTICA-DECISAO-PROCESSO-JURIDICO-TRIBUNAL-1160x1160.jpg 1160w, https:\/\/cj.estrategia.com\/portal\/wp-content\/uploads\/2025\/04\/23144603\/JUSTICA-DECISAO-PROCESSO-JURIDICO-TRIBUNAL-24x24.jpg 24w, https:\/\/cj.estrategia.com\/portal\/wp-content\/uploads\/2025\/04\/23144603\/JUSTICA-DECISAO-PROCESSO-JURIDICO-TRIBUNAL-48x48.jpg 48w, https:\/\/cj.estrategia.com\/portal\/wp-content\/uploads\/2025\/04\/23144603\/JUSTICA-DECISAO-PROCESSO-JURIDICO-TRIBUNAL-96x96.jpg 96w, https:\/\/cj.estrategia.com\/portal\/wp-content\/uploads\/2025\/04\/23144603\/JUSTICA-DECISAO-PROCESSO-JURIDICO-TRIBUNAL.jpg 2000w\" sizes=\"(max-width: 1024px) 100vw, 1024px\" \/><\/figure><div class=\"wp-block-media-text__content\">\n<p>Mais do que a igualdade perante a lei, deve-se assegurar algum grau de igualdade perante a vida.<\/p>\n<\/div><\/div>\n\n\n\n<p>Dessa forma, deve-se garantir a prote\u00e7\u00e3o jur\u00eddica do polo mais fraco de certas rela\u00e7\u00f5es econ\u00f4micas, a cria\u00e7\u00e3o de redes de prote\u00e7\u00e3o social e mecanismos de redistribui\u00e7\u00e3o de riquezas.<\/p>\n\n\n\n<p>Para isso, \u00e9 necess\u00e1rio que o Poder P\u00fablico fa\u00e7a a entrega de presta\u00e7\u00f5es positivas adequadas em mat\u00e9rias como educa\u00e7\u00e3o, sa\u00fade, saneamento, trabalho, moradia, assist\u00eancia social.<\/p>\n\n\n\n<p>A igualdade material encontra-se prevista no art. 3\u00ba, I e III, da CF\/88, que afirma que a Rep\u00fablica Federativa do Brasil tem como objetivos \u201cconstruir uma sociedade livre, justa e solid\u00e1ria\u201d e \u201cerradicara pobreza e a marginaliza\u00e7\u00e3o e reduzir as desigualdades sociais e regionais\u201d.<\/p>\n\n\n\n<h4 class=\"wp-block-heading\" id=\"h-c-igualdade-como-reconhecimento\"><span id=\"c-igualdade-como-reconhecimento\"><em><em>c) Igualdade como reconhecimento<\/em><\/em><\/span><\/h4>\n\n\n\n<p>A igualdade como reconhecimento significa o respeito que se deve ter para com as minorias, sua identidade e suas diferen\u00e7as, sejam&nbsp;raciais, religiosas, sexuais ou quaisquer outras.<\/p>\n\n\n\n<p>A injusti\u00e7a a ser combatida nesse caso tem natureza cultural ou simb\u00f3lica. Ela decorre de modelos sociais de representa\u00e7\u00e3o que, ao imporem determinados c\u00f3digos de interpreta\u00e7\u00e3o, recusariam os \u201coutros\u201d e produziriam a domina\u00e7\u00e3o cultural, o n\u00e3o reconhecimento ou mesmo o desprezo.<\/p>\n\n\n\n<p>Determinados grupos s\u00e3o marginalizados em raz\u00e3o da sua identidade, suas origens, religi\u00e3o, apar\u00eancia f\u00edsica ou orienta\u00e7\u00e3o sexual, como os negros, judeus, povos ind\u00edgenas, ciganos, deficientes, mulheres, homossexuais e transg\u00eaneros.<\/p>\n\n\n\n<p>O instrumento para se alcan\u00e7ar a igualdade como reconhecimento \u00e9 a transforma\u00e7\u00e3o cultural ou simb\u00f3lica.<\/p>\n\n\n\n<p>O objetivo \u00e9 constituir um mundo aberto \u00e0 diferen\u00e7a (\u201ca difference-friendly world\u201d).<\/p>\n\n\n\n<p>A igualdade como reconhecimento encontra-se tamb\u00e9m prevista no art. 3\u00ba, IV, da CF\/88, que determina que um dos objetivos fundamentais da Rep\u00fablica \u00e9 o de \u201cpromover o bem de todos, sem preconceitos de origem, ra\u00e7a, sexo, cor, idade e quaisquer outras formas de discrimina\u00e7\u00e3o\u201d.<\/p>\n\n\n\n<p>Vale ressaltar que, em muitos casos, alguns grupos sofrem tanto uma desigualdade material como uma desigualdade quanto ao reconhecimento. As mulheres e os negros, por exemplo, sofrem injusti\u00e7as cujas ra\u00edzes se encontram tanto na estrutura econ\u00f4mica, quanto na estrutura cultural-valorativa, exigindo ambos os tipos de rem\u00e9dio.<\/p>\n\n\n\n<h3 class=\"wp-block-heading\" id=\"h-voltando-a-analise-da-lei\"><span id=\"voltando-a-analise-da-lei\"><em><em>Voltando \u00e0 an\u00e1lise da Lei<\/em><\/em><\/span><\/h3>\n\n\n\n<p>A Lei n\u00ba 12.990\/2014 atende aos tr\u00eas planos de igualdade acima explicados.<\/p>\n\n\n\n<p>A igualdade formal, como vimos, impede a lei de estabelecer privil\u00e9gios e diferencia\u00e7\u00f5es arbitr\u00e1rias entre as pessoas, isto \u00e9, exige que o fundamento da desequipara\u00e7\u00e3o seja razo\u00e1vel e que o fim almejado seja compat\u00edvel com a Constitui\u00e7\u00e3o. No caso analisado, o fundamento e o fim da Lei n\u00ba 12.990\/2014 s\u00e3o razo\u00e1veis, motivados por um dever de repara\u00e7\u00e3o hist\u00f3rica e por circunst\u00e2ncias que explicitam um racismo estrutural na sociedade brasileira a ser enfrentado.<\/p>\n\n\n\n<p>Quanto \u00e0 igualdade material, o racismo estrutural gerou uma desigualdade material profunda. Desse modo, qualquer pol\u00edtica redistributivista precisar\u00e1 indiscutivelmente assegurar vantagens competitivas aos negros.<\/p>\n\n\n\n<p>Por fim, a igualdade como reconhecimento significa respeitar as pessoas nas suas diferen\u00e7as e procurar aproxim\u00e1-las, igualando as oportunidades. A pol\u00edtica afirmativa institu\u00edda pela Lei n\u00ba 12.990\/2014 tem exatamente esse papel.<\/p>\n\n\n\n<p>H\u00e1 uma dimens\u00e3o simb\u00f3lica importante no fato de negros ocuparem posi\u00e7\u00f5es de destaque na sociedade brasileira. Al\u00e9m disso, h\u00e1 um efeito consider\u00e1vel sobre a autoestima das pessoas. Afinal, cria-se resist\u00eancia ao preconceito alheio. Portanto, a ideia de pessoas negras e pardas serem s\u00edmbolo de sucesso e ascens\u00e3o e terem acesso a cargos importantes influencia a autoestima das comunidades negras. Ademais, o pluralismo e a diversidade tornam qualquer ambiente melhor e mais rico.<\/p>\n\n\n\n<p>Dessa forma, o STF concluiu que a Lei n\u00ba 12.990\/2014 supera o teste da igualdade formal, material e como reconhecimento.<\/p>\n\n\n\n<h3 class=\"wp-block-heading\" id=\"h-principio-do-concurso-publico\"><span id=\"principio-do-concurso-publico\"><em><em>Princ\u00edpio do concurso p\u00fablico<\/em><\/em><\/span><\/h3>\n\n\n\n<p>A Lei n\u00ba 12.990\/2014 n\u00e3o viola o princ\u00edpio do concurso p\u00fablico. Isso porque, para serem investidos nos cargos p\u00fablicos, os candidatos negros t\u00eam de ser aprovados no concurso. Caso n\u00e3o atinjam o patamar m\u00ednimo, sequer disputar\u00e3o as vagas.<\/p>\n\n\n\n<p>A \u00fanica coisa que a Lei fez foi criar duas formas distintas de preenchimento de vagas, em raz\u00e3o de repara\u00e7\u00f5es hist\u00f3ricas, sem abrir m\u00e3o do crit\u00e9rio m\u00ednimo de sufici\u00eancia.<\/p>\n\n\n\n<h3 class=\"wp-block-heading\" id=\"h-principio-da-eficiencia\"><span id=\"principio-da-eficiencia\"><em><em>Princ\u00edpio da efici\u00eancia<\/em><\/em><\/span><\/h3>\n\n\n\n<p>A Lei n\u00ba 12.990\/2014 n\u00e3o afronta o princ\u00edpio da efici\u00eancia.<\/p>\n\n\n\n<p>N\u00e3o necessariamente os candidatos aprovados em primeiro lugar, segundo o crit\u00e9rio da nota, ser\u00e3o absolutamente melhores que os outros.<\/p>\n\n\n\n<p>A no\u00e7\u00e3o de meritocracia deve comportar nuances que permitam a competi\u00e7\u00e3o em igualdade de condi\u00e7\u00f5es.<\/p>\n\n\n\n<p>Pode-se at\u00e9 mesmo imaginar um ganho importante de efici\u00eancia. Afinal, a vida n\u00e3o \u00e9 feita apenas de compet\u00eancia t\u00e9cnica, ou de capacidade de pontuar em concurso, mas sim de uma dimens\u00e3o de compreens\u00e3o do outro e de variadas realidades. A efici\u00eancia pode ser muito bem-servida pelo pluralismo e pela diversidade no servi\u00e7o p\u00fablico.<\/p>\n\n\n\n<h3 class=\"wp-block-heading\" id=\"h-principio-da-proporcionalidade\"><span id=\"principio-da-proporcionalidade\"><em><em>Princ\u00edpio da proporcionalidade<\/em><\/em><\/span><\/h3>\n\n\n\n<p>Por fim, o STF entendeu que a Lei n\u00ba 12.990\/2014 n\u00e3o ofende o princ\u00edpio da proporcionalidade.<\/p>\n\n\n\n<p>A demanda por repara\u00e7\u00e3o hist\u00f3rica e a\u00e7\u00e3o afirmativa n\u00e3o se resolveu com a simples exist\u00eancia de&nbsp;cotas&nbsp;para acesso \u00e0s universidades p\u00fablicas. Isso n\u00e3o foi suficiente.<\/p>\n\n\n\n<p>O impacto das&nbsp;cotas&nbsp;raciais&nbsp;n\u00e3o se manifesta no mercado de trabalho automaticamente, pois h\u00e1 um tempo de espera at\u00e9 que essas pessoas estudem, se formem e se tornem competitivas.<\/p>\n\n\n\n<p>Al\u00e9m disso, a propor\u00e7\u00e3o de 20% escolhida pelo legislador \u00e9 extremamente razo\u00e1vel. Se essa escolha fosse submetida a um teste de proporcionalidade em sentido estrito, tamb\u00e9m n\u00e3o haveria problema, porque 20%, em rigor, representariam menos da metade do percentual de negros na sociedade brasileira.<\/p>\n\n\n\n<pre class=\"wp-block-preformatted\"><strong>CAVALCANTE, M\u00e1rcio Andr\u00e9 Lopes.&nbsp;<\/strong>Constitucionalidade do sistema de cotas raciais em concursos p\u00fablicos.&nbsp;<strong>Buscador Dizer o Direito, Manaus. Dispon\u00edvel em:<\/strong>&nbsp;https:\/\/buscadordizerodireito.com.br\/jurisprudencia\/5004\/constitucionalidade-do-sistema-de-cotas-raciais-em-concursos-publicos. Acesso em: 27\/01\/2026 - 17:47<\/pre>\n\n\n\n<p>Lado outro, em dezembro de 2025, a Corte concluiu julgamento que reconheceu a persist\u00eancia do fen\u00f4meno e a necessidade de provid\u00eancias estatais coordenadas \u2014 decis\u00e3o frequentemente citada como marco de rejei\u00e7\u00e3o a leituras meramente formalistas de isonomia em temas raciais.<\/p>\n\n\n\n<p>A segunda camada \u00e9 federativa e educacional: a Constitui\u00e7\u00e3o assegura <strong>autonomia universit\u00e1ria<\/strong>&nbsp;(art. 207) como garantia institucional, e isso costuma elevar o n\u00edvel de justificativa exigido de interven\u00e7\u00f5es legislativas que engessem pol\u00edticas acad\u00eamicas e administrativas.<\/p>\n\n\n\n<pre class=\"wp-block-verse\">Al\u00e9m disso, o debate toca um ponto sens\u00edvel de <strong>compet\u00eancia legislativa<\/strong>: at\u00e9 onde um estado pode, por lei pr\u00f3pria, <strong>reduzir<\/strong>&nbsp;ou <strong>interditar<\/strong>&nbsp;instrumentos de inclus\u00e3o reconhecidos e praticados em \u00e2mbito nacional, sobretudo quando j\u00e1 existe arquitetura normativa federal sobre acesso ao ensino superior (como a Lei de Cotas nas institui\u00e7\u00f5es federais) e quando o STF j\u00e1 consolidou, em precedentes amplamente conhecidos, a compatibilidade constitucional de pol\u00edticas afirmativas em determinadas condi\u00e7\u00f5es?<\/pre>\n\n\n\n<h2 class=\"wp-block-heading\" id=\"h-aspectos-procedimentais\"><span id=\"aspectos-procedimentais\">Aspectos procedimentais<\/span><\/h2>\n\n\n\n<p>Aqui entram as d\u00favidas pr\u00e1ticas que o tema desperta \u2014 e os \u201cpr\u00f3ximos passos\u201d no STF.<\/p>\n\n\n\n<ol class=\"wp-block-list\">\n<li><strong>Tramita\u00e7\u00e3o das ADIs e pedidos urgentes<\/strong><br>Em ADI, o relator pode pedir informa\u00e7\u00f5es \u00e0s autoridades respons\u00e1veis pelo ato normativo (Lei 9.868\/1999) e, em seguida, colher manifesta\u00e7\u00f5es institucionais (AGU e PGR), especialmente quando h\u00e1 pedido de cautelar.<\/li>\n\n\n\n<li><strong>Sinal de urg\u00eancia: prazo curto para esclarecimentos<\/strong><br>No caso noticiado, houve despacho determinando que o <strong>governador<\/strong>&nbsp;e a <strong>Assembleia Legislativa<\/strong>&nbsp;prestem informa\u00e7\u00f5es em <strong>prazo reduzido (48h, segundo reportagens e documentos divulgados)<\/strong>&nbsp;\u2014 medida t\u00edpica de processos em que o relator quer decidir rapidamente sobre tutela provis\u00f3ria, sobretudo quando a lei afirma vig\u00eancia imediata e prev\u00ea san\u00e7\u00f5es.<\/li>\n\n\n\n<li><strong>O que muda com a suspens\u00e3o pelo TJSC?<\/strong><br>A suspens\u00e3o local tende a <strong>reduzir o risco imediato<\/strong>&nbsp;de efeitos concretos (por exemplo, editais do ciclo acad\u00eamico), mas <strong>n\u00e3o encerra<\/strong>&nbsp;o controle concentrado no STF. O Supremo pode manter o processamento das ADIs e, se entender necess\u00e1rio, dar solu\u00e7\u00e3o uniforme com efeitos nacionais (naquilo que for cab\u00edvel) sobre a constitucionalidade da lei estadual.<\/li>\n<\/ol>\n\n\n\n<h2 class=\"wp-block-heading\" id=\"h-impactos-praticos\"><span id=\"impactos-praticos\">Impactos pr\u00e1ticos<\/span><\/h2>\n\n\n\n<p><strong>1) Quais s\u00e3o os pr\u00f3ximos passos no STF?<\/strong><br>O fluxo mais prov\u00e1vel \u00e9: (i) consolida\u00e7\u00e3o de relatoria\/preven\u00e7\u00e3o; (ii) informa\u00e7\u00f5es das autoridades; (iii) manifesta\u00e7\u00f5es da AGU\/PGR; (iv) decis\u00e3o sobre <strong>cautelar<\/strong>&nbsp;(monocr\u00e1tica ad referendum ou colegiada, conforme condu\u00e7\u00e3o do relator), e depois julgamento de m\u00e9rito. A base procedimental est\u00e1 na Lei 9.868\/1999.<\/p>\n\n\n\n<p><strong>2) Isso pode afetar concursos?<\/strong><br>Sim \u2014 e isso n\u00e3o \u00e9 especula\u00e7\u00e3o: a pr\u00f3pria lei catarinense inclui <strong>contrata\u00e7\u00e3o<\/strong>&nbsp;de docentes, t\u00e9cnicos e \u201cqualquer outro profissional\u201d e prev\u00ea <strong>nulidade do certame<\/strong>&nbsp;e san\u00e7\u00f5es por edital. Na pr\u00e1tica, ela tenta alcan\u00e7ar tamb\u00e9m processos seletivos e concursos vinculados a universidades e institui\u00e7\u00f5es alcan\u00e7adas pela norma.<\/p>\n\n\n\n<p><strong>3) Se um concurso for divulgado durante a vig\u00eancia e n\u00e3o tiver cotas raciais, pode ser questionado? Pode ser suspenso?<\/strong><br>H\u00e1 duas situa\u00e7\u00f5es distintas:<\/p>\n\n\n\n<ul class=\"wp-block-list\">\n<li><strong>Enquanto a lei estiver produzindo efeitos (sem suspens\u00e3o)<\/strong>: um edital sem cotas pode ser defendido pela Administra\u00e7\u00e3o como \u201ccumprimento da lei estadual\u201d; ao mesmo tempo, candidatos e entidades poderiam contestar, alegando inconstitucionalidade da lei e buscando tutela judicial para impedir efeitos excludentes (a depender do caso concreto, do v\u00ednculo da institui\u00e7\u00e3o e do regime jur\u00eddico aplic\u00e1vel).<\/li>\n\n\n\n<li><strong>Com a lei suspensa (como noticiado pelo TJSC)<\/strong>: cresce a tese de que a Administra\u00e7\u00e3o <strong>n\u00e3o deve<\/strong>&nbsp;se orientar por um comando legal com efic\u00e1cia suspensa, o que refor\u00e7a a possibilidade de controle judicial de editais que se baseiem na proibi\u00e7\u00e3o.<\/li>\n<\/ul>\n\n\n\n<p>Se haver\u00e1 <strong>suspens\u00e3o de concurso<\/strong>&nbsp;ou <strong>nulidade de edital<\/strong>, isso depende do desenho do caso (institui\u00e7\u00e3o envolvida, etapa do certame, fundamento do pedido, risco de dano e decis\u00e3o judicial).<\/p>\n\n\n\n<p>O que d\u00e1 densidade ao debate, aqui, \u00e9 que a pr\u00f3pria lei estadual tentou amarrar consequ\u00eancias autom\u00e1ticas (\u201cnulidade do certame\u201d + multa por edital), e esse \u201cgatilho\u201d \u00e9 justamente um dos pontos que costuma elevar a urg\u00eancia de uma cautelar no controle concentrado.<\/p>\n\n\n\n<h2 class=\"wp-block-heading\" id=\"h-conclusao\"><span id=\"conclusao\">Conclus\u00e3o<\/span><\/h2>\n\n\n\n<p>No estado atual das coisas, a <strong>tese central em disputa<\/strong>&nbsp;\u00e9 simples e explosiva: <strong>pode um estado, por lei pr\u00f3pria, proibir cotas raciais e a\u00e7\u00f5es afirmativas em institui\u00e7\u00f5es p\u00fablicas ou financiadas com recursos p\u00fablicos, com vig\u00eancia imediata e san\u00e7\u00f5es severas?<\/strong>&nbsp;<\/p>\n\n\n\n<pre class=\"wp-block-preformatted\">O que j\u00e1 se tem, com seguran\u00e7a, \u00e9: <strong>a Lei n\u00ba 19.722\/2026 entrou em vigor na publica\u00e7\u00e3o e pretende vedar a\u00e7\u00f5es afirmativas<\/strong>, mas <strong>teve seus efeitos suspensos pelo TJSC<\/strong>&nbsp;e est\u00e1 <strong>sob escrut\u00ednio do STF em ADIs com pedido de liminar e declara\u00e7\u00e3o de inconstitucionalidade<\/strong>.<\/pre>\n\n\n\n<p>Assim, at\u00e9 o momento tudo caminha para que a lei seja declarada inconstitucional caso n\u00e3o haja fundamenta\u00e7\u00e3o robusta que demonstre a supera\u00e7\u00e3o das cotas raciais.<\/p>\n\n\n\n<h2 class=\"wp-block-heading\" id=\"h-como-o-tema-das-cotas-raciais-ja-caiu-em-provas\"><span id=\"como-o-tema-das-cotas-raciais-ja-caiu-em-provas\">Como o tema das cotas raciais j\u00e1 caiu em provas<\/span><\/h2>\n\n\n\n<pre class=\"wp-block-preformatted\"><strong>Prova:&nbsp;<\/strong><a href=\"https:\/\/www.qconcursos.com\/questoes-de-concursos\/provas\/fcc-2022-prefeitura-de-teresina-pi-procurador-do-municipio\" target=\"_blank\" ><u>FCC - 2022 - Prefeitura de Teresina - PI - Procurador do Munic\u00edpio<\/u><\/a>\n\nA pol\u00edtica de cotas raciais adotada por universidade p\u00fablica, segundo o entendimento do STF, \u00e9\n\n<strong>Alternativas<\/strong>\n\n<strong>A<\/strong>) constitucional na medida em que transforma o judici\u00e1rio em \u00e1rbitro, segundo um crit\u00e9rio absolutamente artificial, o fen\u00f3tipo, para conceder direitos, o que atende o princ\u00edpio da reserva de jurisdi\u00e7\u00e3o.\n\n<strong>B<\/strong>) constitucional, tamb\u00e9m chamada de discrimina\u00e7\u00e3o reversa, apenas se a sua manuten\u00e7\u00e3o estiver condicionada \u00e0 persist\u00eancia, no tempo, do quadro de exclus\u00e3o social que lhe deu origem.\n\n<strong>C<\/strong>) inconstitucional em vista de que s\u00e3o objetivos fundamentais da Rep\u00fablica Federativa do Brasil promover o bem de todos, sem preconceito de origem, ra\u00e7a, sexo, cor, idade e quaisquer outras formas de discrimina\u00e7\u00e3o.\n\n<strong>D<\/strong>) inconstitucional porque constitui uma forma de racismo reverso, o que \u00e9 vedado pelo princ\u00edpio da isonomia e da igualdade, ambos previstos no artigo 5o da Constitui\u00e7\u00e3o Federal.\n\n<strong>E<\/strong>) uma a\u00e7\u00e3o afirmativa constitucionalmente v\u00e1lida, desde que prevista em lei complementar nacional.\n\n<strong>Gab: B.<\/strong><\/pre>\n\n\n\n<hr class=\"wp-block-separator has-alpha-channel-opacity\"\/>\n\n\n\n<h2 class=\"wp-block-heading has-text-align-left\" id=\"h-quer-saber-tudo-sobre-concursos-previstos-confira-nossos-artigos\"><span id=\"quer-saber-tudo-sobre-concursos-previstosconfira-nossos-artigos\">Quer saber tudo sobre concursos previstos?<br>Confira nossos artigos!<\/span><\/h2>\n\n\n\n<ul class=\"wp-block-list\">\n<li><a href=\"https:\/\/cj.estrategia.com\/portal\/concursos-abertos-carreiras-juridicas\/\" target=\"_blank\" ><strong>Concursos jur\u00eddicos abertos<\/strong><\/a><\/li>\n\n\n\n<li><a href=\"https:\/\/cj.estrategia.com\/portal\/concursos-juridicos-2026-prepare-se-para-os-proximos-editais\/\" target=\"_blank\" ><strong>Concursos Jur\u00eddicos 2026<\/strong><\/a><\/li>\n<\/ul>\n\n\n\n<h3 class=\"wp-block-heading has-text-align-center\" id=\"cursos-ficha\"><span id=\"quer-estudar-para-concursos-de-direito\">Quer estudar para Concursos de Direito?<\/span><\/h3>\n\n\n\n<p>O Estrat\u00e9gia Carreira Jur\u00eddica \u00e9 campe\u00e3o de aprova\u00e7\u00f5es nos concursos para Carreiras Jur\u00eddicas com um corpo docente qualificado e materiais completos. Conhe\u00e7a nossos cursos e garanta sua aprova\u00e7\u00e3o:<\/p>\n\n\n\n<div class=\"wp-block-cover\" style=\"min-height:155px;aspect-ratio:unset;\"><img decoding=\"async\" width=\"1890\" height=\"351\" class=\"wp-block-cover__image-background wp-image-8669\" alt=\"Assinaturas Jur\u00eddicas\" src=\"https:\/\/cj.estrategia.com\/portal\/wp-content\/uploads\/2022\/06\/20151253\/concurso-carreiras-juridicas-assinatura-juridica.jpg\" style=\"object-position:78% 43%\" data-object-fit=\"cover\" data-object-position=\"78% 43%\" srcset=\"https:\/\/cj.estrategia.com\/portal\/wp-content\/uploads\/2022\/06\/20151253\/concurso-carreiras-juridicas-assinatura-juridica.jpg 1890w, https:\/\/cj.estrategia.com\/portal\/wp-content\/uploads\/2022\/06\/20151253\/concurso-carreiras-juridicas-assinatura-juridica-300x56.jpg 300w, https:\/\/cj.estrategia.com\/portal\/wp-content\/uploads\/2022\/06\/20151253\/concurso-carreiras-juridicas-assinatura-juridica-1024x190.jpg 1024w, https:\/\/cj.estrategia.com\/portal\/wp-content\/uploads\/2022\/06\/20151253\/concurso-carreiras-juridicas-assinatura-juridica-768x143.jpg 768w, https:\/\/cj.estrategia.com\/portal\/wp-content\/uploads\/2022\/06\/20151253\/concurso-carreiras-juridicas-assinatura-juridica-1536x285.jpg 1536w, https:\/\/cj.estrategia.com\/portal\/wp-content\/uploads\/2022\/06\/20151253\/concurso-carreiras-juridicas-assinatura-juridica-380x71.jpg 380w, https:\/\/cj.estrategia.com\/portal\/wp-content\/uploads\/2022\/06\/20151253\/concurso-carreiras-juridicas-assinatura-juridica-800x149.jpg 800w, https:\/\/cj.estrategia.com\/portal\/wp-content\/uploads\/2022\/06\/20151253\/concurso-carreiras-juridicas-assinatura-juridica-1160x215.jpg 1160w\" sizes=\"(max-width: 1890px) 100vw, 1890px\" \/><span aria-hidden=\"true\" class=\"wp-block-cover__background has-background-dim\"><\/span><div class=\"wp-block-cover__inner-container is-layout-flow wp-block-cover-is-layout-flow\">\n<h3 id=\"faca-a-sua-assinatura\" class=\"titulo-assinatura\"><span style=\"color: #ffffff;\">Fa\u00e7a a sua assinatura!<\/span><\/h3>\n<p class=\"subtitulo-assinatura\" style=\"display:block!important; line-height: 0;\"><span style=\"color: #ffffff;\">Escolha a sua \u00e1rea.<\/span><\/p>\n<a target=\"_blank\" href=\"https:\/\/www.estrategiaconcursos.com.br\/assinaturas-ecj\/\" rel=\"noopener\"><button style=\"border-radius: 10px; text-transform: capitalize;\">Acessar<\/button><\/a>\n<\/div><\/div>\n\n\n\n<p class=\"has-text-align-center has-white-color has-text-color has-link-color wp-elements-984c978107f79a17e755ff20bf7b387d\"><\/p>\n","protected":false},"excerpt":{"rendered":"Em breve s\u00edntese, vamos comentar as seguintes not\u00edcias jur\u00eddicas: Lei de SC que pro\u00edbe cotas raciais \u00e9 questionada&hellip;\n","protected":false},"author":93,"featured_media":145376,"comment_status":"open","ping_status":"open","sticky":false,"template":"","format":"standard","meta":{"_jetpack_memberships_contains_paid_content":false,"footnotes":""},"categories":[1],"tags":[3371,1210,1209,4123,4124,1532,1092,3557,415,134],"tax_estado":[54],"class_list":{"0":"post-176856","1":"post","2":"type-post","3":"status-publish","4":"format-standard","5":"has-post-thumbnail","7":"category-carreiras-juridicas","8":"tag-cotas-raciais","9":"tag-igualdade-formal","10":"tag-igualdade-material","11":"tag-informativo-868","12":"tag-lei-estadual-no-19-722-2026","13":"tag-principio-da-eficiencia","14":"tag-principio-da-proporcionalidade","15":"tag-principio-do-concurso-publico","16":"tag-racismo-estrutural","17":"tag-stf","18":"tax_estado-sc"},"acf":[],"yoast_head":"<!-- This site is optimized with the Yoast SEO Premium plugin v27.4 (Yoast SEO v27.4) - https:\/\/yoast.com\/product\/yoast-seo-premium-wordpress\/ -->\n<title>Lei de Santa Catarina que pro\u00edbe cotas raciais \u00e9 constitucional?<\/title>\n<meta name=\"description\" content=\"Tr\u00eas ADIs foram protocoladas contra lei estadual que pro\u00edbe cotas raciais e a\u00e7\u00f5es afirmativas\u00a0em institui\u00e7\u00f5es de ensino superior p\u00fablicas.\" \/>\n<meta name=\"robots\" content=\"index, follow, max-snippet:-1, max-image-preview:large, max-video-preview:-1\" \/>\n<link rel=\"canonical\" href=\"https:\/\/cj.estrategia.com\/portal\/lei-sc-proibe-cotas-raciais-constitucional\/\" \/>\n<meta property=\"og:locale\" content=\"pt_BR\" \/>\n<meta property=\"og:type\" content=\"article\" \/>\n<meta property=\"og:title\" content=\"Lei de Santa Catarina que pro\u00edbe cotas raciais \u00e9 constitucional?\" \/>\n<meta property=\"og:description\" content=\"Tr\u00eas ADIs foram protocoladas contra lei estadual que pro\u00edbe cotas raciais e a\u00e7\u00f5es afirmativas\u00a0em institui\u00e7\u00f5es de ensino superior p\u00fablicas.\" \/>\n<meta property=\"og:url\" content=\"https:\/\/cj.estrategia.com\/portal\/lei-sc-proibe-cotas-raciais-constitucional\/\" \/>\n<meta property=\"og:site_name\" content=\"Blog - Carreiras Jur\u00eddicas - Estrat\u00e9gia\" \/>\n<meta property=\"article:publisher\" content=\"https:\/\/www.facebook.com\/estrategiacarreirajuridica\/\" \/>\n<meta property=\"article:published_time\" content=\"2026-01-29T20:28:24+00:00\" \/>\n<meta property=\"article:modified_time\" content=\"2026-01-29T20:31:20+00:00\" \/>\n<meta property=\"og:image\" content=\"https:\/\/cj.estrategia.com\/portal\/wp-content\/uploads\/2025\/08\/23103842\/justica-recurso-multa.jpg\" \/>\n\t<meta property=\"og:image:width\" content=\"1600\" \/>\n\t<meta property=\"og:image:height\" content=\"1066\" \/>\n\t<meta property=\"og:image:type\" content=\"image\/jpeg\" \/>\n<meta name=\"author\" content=\"Felipe Duque\" \/>\n<meta name=\"twitter:card\" content=\"summary_large_image\" \/>\n<meta name=\"twitter:creator\" content=\"@https:\/\/x.com\/ProfessorDuque\" \/>\n<meta name=\"twitter:site\" content=\"@EstratJuridica\" \/>\n<meta name=\"twitter:label1\" content=\"Escrito por\" \/>\n\t<meta name=\"twitter:data1\" content=\"Felipe Duque\" \/>\n\t<meta name=\"twitter:label2\" content=\"Est. tempo de leitura\" \/>\n\t<meta name=\"twitter:data2\" content=\"13 minutos\" \/>\n<script type=\"application\/ld+json\" class=\"yoast-schema-graph\">{\"@context\":\"https:\\\/\\\/schema.org\",\"@graph\":[{\"@type\":\"NewsArticle\",\"@id\":\"https:\\\/\\\/cj.estrategia.com\\\/portal\\\/lei-sc-proibe-cotas-raciais-constitucional\\\/#article\",\"isPartOf\":{\"@id\":\"https:\\\/\\\/cj.estrategia.com\\\/portal\\\/lei-sc-proibe-cotas-raciais-constitucional\\\/\"},\"author\":{\"name\":\"Felipe Duque\",\"@id\":\"https:\\\/\\\/cj.estrategia.com\\\/portal\\\/#\\\/schema\\\/person\\\/b5b0253b269d7130d1f7770b1ba29285\"},\"headline\":\"Lei de Santa Catarina que pro\u00edbe cotas raciais \u00e9 constitucional?\",\"datePublished\":\"2026-01-29T20:28:24+00:00\",\"dateModified\":\"2026-01-29T20:31:20+00:00\",\"mainEntityOfPage\":{\"@id\":\"https:\\\/\\\/cj.estrategia.com\\\/portal\\\/lei-sc-proibe-cotas-raciais-constitucional\\\/\"},\"wordCount\":2392,\"commentCount\":0,\"publisher\":{\"@id\":\"https:\\\/\\\/cj.estrategia.com\\\/portal\\\/#organization\"},\"image\":{\"@id\":\"https:\\\/\\\/cj.estrategia.com\\\/portal\\\/lei-sc-proibe-cotas-raciais-constitucional\\\/#primaryimage\"},\"thumbnailUrl\":\"https:\\\/\\\/cj.estrategia.com\\\/portal\\\/wp-content\\\/uploads\\\/2025\\\/08\\\/23103842\\\/justica-recurso-multa.jpg\",\"keywords\":[\"cotas raciais\",\"igualdade formal\",\"igualdade material\",\"Informativo 868\",\"Lei estadual n\u00ba 19.722\\\/2026\",\"princ\u00edpio da efici\u00eancia\",\"princ\u00edpio da proporcionalidade\",\"princ\u00edpio do concurso p\u00fablico\",\"racismo estrutural\",\"STF\"],\"articleSection\":[\"Carreiras Jur\u00eddicas\"],\"inLanguage\":\"pt-BR\",\"potentialAction\":[{\"@type\":\"CommentAction\",\"name\":\"Comment\",\"target\":[\"https:\\\/\\\/cj.estrategia.com\\\/portal\\\/lei-sc-proibe-cotas-raciais-constitucional\\\/#respond\"]}]},{\"@type\":\"WebPage\",\"@id\":\"https:\\\/\\\/cj.estrategia.com\\\/portal\\\/lei-sc-proibe-cotas-raciais-constitucional\\\/\",\"url\":\"https:\\\/\\\/cj.estrategia.com\\\/portal\\\/lei-sc-proibe-cotas-raciais-constitucional\\\/\",\"name\":\"Lei de Santa Catarina que pro\u00edbe cotas raciais \u00e9 constitucional?\",\"isPartOf\":{\"@id\":\"https:\\\/\\\/cj.estrategia.com\\\/portal\\\/#website\"},\"primaryImageOfPage\":{\"@id\":\"https:\\\/\\\/cj.estrategia.com\\\/portal\\\/lei-sc-proibe-cotas-raciais-constitucional\\\/#primaryimage\"},\"image\":{\"@id\":\"https:\\\/\\\/cj.estrategia.com\\\/portal\\\/lei-sc-proibe-cotas-raciais-constitucional\\\/#primaryimage\"},\"thumbnailUrl\":\"https:\\\/\\\/cj.estrategia.com\\\/portal\\\/wp-content\\\/uploads\\\/2025\\\/08\\\/23103842\\\/justica-recurso-multa.jpg\",\"datePublished\":\"2026-01-29T20:28:24+00:00\",\"dateModified\":\"2026-01-29T20:31:20+00:00\",\"description\":\"Tr\u00eas ADIs foram protocoladas contra lei estadual que pro\u00edbe cotas raciais e a\u00e7\u00f5es afirmativas\u00a0em institui\u00e7\u00f5es de ensino superior p\u00fablicas.\",\"breadcrumb\":{\"@id\":\"https:\\\/\\\/cj.estrategia.com\\\/portal\\\/lei-sc-proibe-cotas-raciais-constitucional\\\/#breadcrumb\"},\"inLanguage\":\"pt-BR\",\"potentialAction\":[{\"@type\":\"ReadAction\",\"target\":[\"https:\\\/\\\/cj.estrategia.com\\\/portal\\\/lei-sc-proibe-cotas-raciais-constitucional\\\/\"]}]},{\"@type\":\"ImageObject\",\"inLanguage\":\"pt-BR\",\"@id\":\"https:\\\/\\\/cj.estrategia.com\\\/portal\\\/lei-sc-proibe-cotas-raciais-constitucional\\\/#primaryimage\",\"url\":\"https:\\\/\\\/cj.estrategia.com\\\/portal\\\/wp-content\\\/uploads\\\/2025\\\/08\\\/23103842\\\/justica-recurso-multa.jpg\",\"contentUrl\":\"https:\\\/\\\/cj.estrategia.com\\\/portal\\\/wp-content\\\/uploads\\\/2025\\\/08\\\/23103842\\\/justica-recurso-multa.jpg\",\"width\":1600,\"height\":1066},{\"@type\":\"BreadcrumbList\",\"@id\":\"https:\\\/\\\/cj.estrategia.com\\\/portal\\\/lei-sc-proibe-cotas-raciais-constitucional\\\/#breadcrumb\",\"itemListElement\":[{\"@type\":\"ListItem\",\"position\":1,\"name\":\"In\u00edcio\",\"item\":\"https:\\\/\\\/cj.estrategia.com\\\/portal\\\/\"},{\"@type\":\"ListItem\",\"position\":2,\"name\":\"Lei de Santa Catarina que pro\u00edbe cotas raciais \u00e9 constitucional?\"}]},{\"@type\":\"WebSite\",\"@id\":\"https:\\\/\\\/cj.estrategia.com\\\/portal\\\/#website\",\"url\":\"https:\\\/\\\/cj.estrategia.com\\\/portal\\\/\",\"name\":\"Blog - Carreiras Jur\u00eddicas - Estrat\u00e9gia\",\"description\":\"\",\"publisher\":{\"@id\":\"https:\\\/\\\/cj.estrategia.com\\\/portal\\\/#organization\"},\"potentialAction\":[{\"@type\":\"SearchAction\",\"target\":{\"@type\":\"EntryPoint\",\"urlTemplate\":\"https:\\\/\\\/cj.estrategia.com\\\/portal\\\/?s={search_term_string}\"},\"query-input\":{\"@type\":\"PropertyValueSpecification\",\"valueRequired\":true,\"valueName\":\"search_term_string\"}}],\"inLanguage\":\"pt-BR\"},{\"@type\":\"Organization\",\"@id\":\"https:\\\/\\\/cj.estrategia.com\\\/portal\\\/#organization\",\"name\":\"Estrat\u00e9gia - Carreiras Jur\u00eddicas\",\"url\":\"https:\\\/\\\/cj.estrategia.com\\\/portal\\\/\",\"logo\":{\"@type\":\"ImageObject\",\"inLanguage\":\"pt-BR\",\"@id\":\"https:\\\/\\\/cj.estrategia.com\\\/portal\\\/#\\\/schema\\\/logo\\\/image\\\/\",\"url\":\"https:\\\/\\\/cj.estrategia.com\\\/portal\\\/wp-content\\\/uploads\\\/2022\\\/03\\\/11151052\\\/cj-logo.png\",\"contentUrl\":\"https:\\\/\\\/cj.estrategia.com\\\/portal\\\/wp-content\\\/uploads\\\/2022\\\/03\\\/11151052\\\/cj-logo.png\",\"width\":150,\"height\":39,\"caption\":\"Estrat\u00e9gia - Carreiras Jur\u00eddicas\"},\"image\":{\"@id\":\"https:\\\/\\\/cj.estrategia.com\\\/portal\\\/#\\\/schema\\\/logo\\\/image\\\/\"},\"sameAs\":[\"https:\\\/\\\/www.facebook.com\\\/estrategiacarreirajuridica\\\/\",\"https:\\\/\\\/x.com\\\/EstratJuridica\",\"https:\\\/\\\/www.instagram.com\\\/estrategiacarreirajuridica\\\/\",\"https:\\\/\\\/www.youtube.com\\\/channel\\\/UClbMGuYbj2Mh1m3w144ETWQ\"]},{\"@type\":\"Person\",\"@id\":\"https:\\\/\\\/cj.estrategia.com\\\/portal\\\/#\\\/schema\\\/person\\\/b5b0253b269d7130d1f7770b1ba29285\",\"name\":\"Felipe Duque\",\"image\":{\"@type\":\"ImageObject\",\"inLanguage\":\"pt-BR\",\"@id\":\"https:\\\/\\\/cj.estrategia.com\\\/portal\\\/wp-content\\\/uploads\\\/2024\\\/08\\\/06162009\\\/Captura-de-Tela-2024-08-06-as-16.19.26-96x96.png\",\"url\":\"https:\\\/\\\/cj.estrategia.com\\\/portal\\\/wp-content\\\/uploads\\\/2024\\\/08\\\/06162009\\\/Captura-de-Tela-2024-08-06-as-16.19.26-96x96.png\",\"contentUrl\":\"https:\\\/\\\/cj.estrategia.com\\\/portal\\\/wp-content\\\/uploads\\\/2024\\\/08\\\/06162009\\\/Captura-de-Tela-2024-08-06-as-16.19.26-96x96.png\",\"caption\":\"Felipe Duque\"},\"description\":\"Felipe Duque - Mestre em Direito Pol\u00edtico e Econ\u00f4mico na Mackenzie-SP. Graduado em Direito pela Universidade Cat\u00f3lica de Pernambuco, com conclus\u00e3o pelo regime de Aproveitamento Extraordin\u00e1rio nos Estudos (art. 47, \u00a7 2\u00ba, da Lei n\u00ba 9.394\\\/96). Ex-Assessor de Desembargador no TJPE. Procurador da Fazenda Nacional. Integra voluntariamente a Coordena\u00e7\u00e3o de Assuntos Estrat\u00e9gicos Judiciais da PGFN. Professor do Estrat\u00e9gia Carreira Jur\u00eddica, Estrat\u00e9gia OAB e Buscador Dizer o Direito. Autor do livro \u201cReforma Tribut\u00e1ria Comentada e Esquematizada\u201d, \\\"Manual de Processo Tribut\u00e1rio: Administrativo e Judicial\\\" pela editora Juspodivm Parecerista na Revista de Estudos Jur\u00eddicos do Superior Tribunal de Justi\u00e7a (REJuriSTJ)\",\"sameAs\":[\"http:\\\/\\\/lattes.cnpq.br\\\/5755137268084324\",\"https:\\\/\\\/www.instagram.com\\\/felipe_duque\\\/\",\"https:\\\/\\\/br.linkedin.com\\\/in\\\/felipe-duque-56954638\",\"https:\\\/\\\/x.com\\\/https:\\\/\\\/x.com\\\/ProfessorDuque\",\"https:\\\/\\\/www.youtube.com\\\/@felipeduque-experienciasco5797\"],\"url\":\"https:\\\/\\\/cj.estrategia.com\\\/portal\\\/author\\\/felipe-duque\\\/\"}]}<\/script>\n<!-- \/ Yoast SEO Premium plugin. -->","yoast_head_json":{"title":"Lei de Santa Catarina que pro\u00edbe cotas raciais \u00e9 constitucional?","description":"Tr\u00eas ADIs foram protocoladas contra lei estadual que pro\u00edbe cotas raciais e a\u00e7\u00f5es afirmativas\u00a0em institui\u00e7\u00f5es de ensino superior p\u00fablicas.","robots":{"index":"index","follow":"follow","max-snippet":"max-snippet:-1","max-image-preview":"max-image-preview:large","max-video-preview":"max-video-preview:-1"},"canonical":"https:\/\/cj.estrategia.com\/portal\/lei-sc-proibe-cotas-raciais-constitucional\/","og_locale":"pt_BR","og_type":"article","og_title":"Lei de Santa Catarina que pro\u00edbe cotas raciais \u00e9 constitucional?","og_description":"Tr\u00eas ADIs foram protocoladas contra lei estadual que pro\u00edbe cotas raciais e a\u00e7\u00f5es afirmativas\u00a0em institui\u00e7\u00f5es de ensino superior p\u00fablicas.","og_url":"https:\/\/cj.estrategia.com\/portal\/lei-sc-proibe-cotas-raciais-constitucional\/","og_site_name":"Blog - Carreiras Jur\u00eddicas - Estrat\u00e9gia","article_publisher":"https:\/\/www.facebook.com\/estrategiacarreirajuridica\/","article_published_time":"2026-01-29T20:28:24+00:00","article_modified_time":"2026-01-29T20:31:20+00:00","og_image":[{"width":1600,"height":1066,"url":"https:\/\/cj.estrategia.com\/portal\/wp-content\/uploads\/2025\/08\/23103842\/justica-recurso-multa.jpg","type":"image\/jpeg"}],"author":"Felipe Duque","twitter_card":"summary_large_image","twitter_creator":"@https:\/\/x.com\/ProfessorDuque","twitter_site":"@EstratJuridica","twitter_misc":{"Escrito por":"Felipe Duque","Est. tempo de leitura":"13 minutos"},"schema":{"@context":"https:\/\/schema.org","@graph":[{"@type":"NewsArticle","@id":"https:\/\/cj.estrategia.com\/portal\/lei-sc-proibe-cotas-raciais-constitucional\/#article","isPartOf":{"@id":"https:\/\/cj.estrategia.com\/portal\/lei-sc-proibe-cotas-raciais-constitucional\/"},"author":{"name":"Felipe Duque","@id":"https:\/\/cj.estrategia.com\/portal\/#\/schema\/person\/b5b0253b269d7130d1f7770b1ba29285"},"headline":"Lei de Santa Catarina que pro\u00edbe cotas raciais \u00e9 constitucional?","datePublished":"2026-01-29T20:28:24+00:00","dateModified":"2026-01-29T20:31:20+00:00","mainEntityOfPage":{"@id":"https:\/\/cj.estrategia.com\/portal\/lei-sc-proibe-cotas-raciais-constitucional\/"},"wordCount":2392,"commentCount":0,"publisher":{"@id":"https:\/\/cj.estrategia.com\/portal\/#organization"},"image":{"@id":"https:\/\/cj.estrategia.com\/portal\/lei-sc-proibe-cotas-raciais-constitucional\/#primaryimage"},"thumbnailUrl":"https:\/\/cj.estrategia.com\/portal\/wp-content\/uploads\/2025\/08\/23103842\/justica-recurso-multa.jpg","keywords":["cotas raciais","igualdade formal","igualdade material","Informativo 868","Lei estadual n\u00ba 19.722\/2026","princ\u00edpio da efici\u00eancia","princ\u00edpio da proporcionalidade","princ\u00edpio do concurso p\u00fablico","racismo estrutural","STF"],"articleSection":["Carreiras Jur\u00eddicas"],"inLanguage":"pt-BR","potentialAction":[{"@type":"CommentAction","name":"Comment","target":["https:\/\/cj.estrategia.com\/portal\/lei-sc-proibe-cotas-raciais-constitucional\/#respond"]}]},{"@type":"WebPage","@id":"https:\/\/cj.estrategia.com\/portal\/lei-sc-proibe-cotas-raciais-constitucional\/","url":"https:\/\/cj.estrategia.com\/portal\/lei-sc-proibe-cotas-raciais-constitucional\/","name":"Lei de Santa Catarina que pro\u00edbe cotas raciais \u00e9 constitucional?","isPartOf":{"@id":"https:\/\/cj.estrategia.com\/portal\/#website"},"primaryImageOfPage":{"@id":"https:\/\/cj.estrategia.com\/portal\/lei-sc-proibe-cotas-raciais-constitucional\/#primaryimage"},"image":{"@id":"https:\/\/cj.estrategia.com\/portal\/lei-sc-proibe-cotas-raciais-constitucional\/#primaryimage"},"thumbnailUrl":"https:\/\/cj.estrategia.com\/portal\/wp-content\/uploads\/2025\/08\/23103842\/justica-recurso-multa.jpg","datePublished":"2026-01-29T20:28:24+00:00","dateModified":"2026-01-29T20:31:20+00:00","description":"Tr\u00eas ADIs foram protocoladas contra lei estadual que pro\u00edbe cotas raciais e a\u00e7\u00f5es afirmativas\u00a0em institui\u00e7\u00f5es de ensino superior p\u00fablicas.","breadcrumb":{"@id":"https:\/\/cj.estrategia.com\/portal\/lei-sc-proibe-cotas-raciais-constitucional\/#breadcrumb"},"inLanguage":"pt-BR","potentialAction":[{"@type":"ReadAction","target":["https:\/\/cj.estrategia.com\/portal\/lei-sc-proibe-cotas-raciais-constitucional\/"]}]},{"@type":"ImageObject","inLanguage":"pt-BR","@id":"https:\/\/cj.estrategia.com\/portal\/lei-sc-proibe-cotas-raciais-constitucional\/#primaryimage","url":"https:\/\/cj.estrategia.com\/portal\/wp-content\/uploads\/2025\/08\/23103842\/justica-recurso-multa.jpg","contentUrl":"https:\/\/cj.estrategia.com\/portal\/wp-content\/uploads\/2025\/08\/23103842\/justica-recurso-multa.jpg","width":1600,"height":1066},{"@type":"BreadcrumbList","@id":"https:\/\/cj.estrategia.com\/portal\/lei-sc-proibe-cotas-raciais-constitucional\/#breadcrumb","itemListElement":[{"@type":"ListItem","position":1,"name":"In\u00edcio","item":"https:\/\/cj.estrategia.com\/portal\/"},{"@type":"ListItem","position":2,"name":"Lei de Santa Catarina que pro\u00edbe cotas raciais \u00e9 constitucional?"}]},{"@type":"WebSite","@id":"https:\/\/cj.estrategia.com\/portal\/#website","url":"https:\/\/cj.estrategia.com\/portal\/","name":"Blog - Carreiras Jur\u00eddicas - Estrat\u00e9gia","description":"","publisher":{"@id":"https:\/\/cj.estrategia.com\/portal\/#organization"},"potentialAction":[{"@type":"SearchAction","target":{"@type":"EntryPoint","urlTemplate":"https:\/\/cj.estrategia.com\/portal\/?s={search_term_string}"},"query-input":{"@type":"PropertyValueSpecification","valueRequired":true,"valueName":"search_term_string"}}],"inLanguage":"pt-BR"},{"@type":"Organization","@id":"https:\/\/cj.estrategia.com\/portal\/#organization","name":"Estrat\u00e9gia - Carreiras Jur\u00eddicas","url":"https:\/\/cj.estrategia.com\/portal\/","logo":{"@type":"ImageObject","inLanguage":"pt-BR","@id":"https:\/\/cj.estrategia.com\/portal\/#\/schema\/logo\/image\/","url":"https:\/\/cj.estrategia.com\/portal\/wp-content\/uploads\/2022\/03\/11151052\/cj-logo.png","contentUrl":"https:\/\/cj.estrategia.com\/portal\/wp-content\/uploads\/2022\/03\/11151052\/cj-logo.png","width":150,"height":39,"caption":"Estrat\u00e9gia - Carreiras Jur\u00eddicas"},"image":{"@id":"https:\/\/cj.estrategia.com\/portal\/#\/schema\/logo\/image\/"},"sameAs":["https:\/\/www.facebook.com\/estrategiacarreirajuridica\/","https:\/\/x.com\/EstratJuridica","https:\/\/www.instagram.com\/estrategiacarreirajuridica\/","https:\/\/www.youtube.com\/channel\/UClbMGuYbj2Mh1m3w144ETWQ"]},{"@type":"Person","@id":"https:\/\/cj.estrategia.com\/portal\/#\/schema\/person\/b5b0253b269d7130d1f7770b1ba29285","name":"Felipe Duque","image":{"@type":"ImageObject","inLanguage":"pt-BR","@id":"https:\/\/cj.estrategia.com\/portal\/wp-content\/uploads\/2024\/08\/06162009\/Captura-de-Tela-2024-08-06-as-16.19.26-96x96.png","url":"https:\/\/cj.estrategia.com\/portal\/wp-content\/uploads\/2024\/08\/06162009\/Captura-de-Tela-2024-08-06-as-16.19.26-96x96.png","contentUrl":"https:\/\/cj.estrategia.com\/portal\/wp-content\/uploads\/2024\/08\/06162009\/Captura-de-Tela-2024-08-06-as-16.19.26-96x96.png","caption":"Felipe Duque"},"description":"Felipe Duque - Mestre em Direito Pol\u00edtico e Econ\u00f4mico na Mackenzie-SP. Graduado em Direito pela Universidade Cat\u00f3lica de Pernambuco, com conclus\u00e3o pelo regime de Aproveitamento Extraordin\u00e1rio nos Estudos (art. 47, \u00a7 2\u00ba, da Lei n\u00ba 9.394\/96). Ex-Assessor de Desembargador no TJPE. Procurador da Fazenda Nacional. Integra voluntariamente a Coordena\u00e7\u00e3o de Assuntos Estrat\u00e9gicos Judiciais da PGFN. Professor do Estrat\u00e9gia Carreira Jur\u00eddica, Estrat\u00e9gia OAB e Buscador Dizer o Direito. Autor do livro \u201cReforma Tribut\u00e1ria Comentada e Esquematizada\u201d, \"Manual de Processo Tribut\u00e1rio: Administrativo e Judicial\" pela editora Juspodivm Parecerista na Revista de Estudos Jur\u00eddicos do Superior Tribunal de Justi\u00e7a (REJuriSTJ)","sameAs":["http:\/\/lattes.cnpq.br\/5755137268084324","https:\/\/www.instagram.com\/felipe_duque\/","https:\/\/br.linkedin.com\/in\/felipe-duque-56954638","https:\/\/x.com\/https:\/\/x.com\/ProfessorDuque","https:\/\/www.youtube.com\/@felipeduque-experienciasco5797"],"url":"https:\/\/cj.estrategia.com\/portal\/author\/felipe-duque\/"}]}},"jetpack_featured_media_url":"https:\/\/cj.estrategia.com\/portal\/wp-content\/uploads\/2025\/08\/23103842\/justica-recurso-multa.jpg","jetpack_sharing_enabled":true,"_links":{"self":[{"href":"https:\/\/cj.estrategia.com\/portal\/wp-json\/wp\/v2\/posts\/176856","targetHints":{"allow":["GET"]}}],"collection":[{"href":"https:\/\/cj.estrategia.com\/portal\/wp-json\/wp\/v2\/posts"}],"about":[{"href":"https:\/\/cj.estrategia.com\/portal\/wp-json\/wp\/v2\/types\/post"}],"author":[{"embeddable":true,"href":"https:\/\/cj.estrategia.com\/portal\/wp-json\/wp\/v2\/users\/93"}],"replies":[{"embeddable":true,"href":"https:\/\/cj.estrategia.com\/portal\/wp-json\/wp\/v2\/comments?post=176856"}],"version-history":[{"count":5,"href":"https:\/\/cj.estrategia.com\/portal\/wp-json\/wp\/v2\/posts\/176856\/revisions"}],"predecessor-version":[{"id":176869,"href":"https:\/\/cj.estrategia.com\/portal\/wp-json\/wp\/v2\/posts\/176856\/revisions\/176869"}],"wp:featuredmedia":[{"embeddable":true,"href":"https:\/\/cj.estrategia.com\/portal\/wp-json\/wp\/v2\/media\/145376"}],"wp:attachment":[{"href":"https:\/\/cj.estrategia.com\/portal\/wp-json\/wp\/v2\/media?parent=176856"}],"wp:term":[{"taxonomy":"category","embeddable":true,"href":"https:\/\/cj.estrategia.com\/portal\/wp-json\/wp\/v2\/categories?post=176856"},{"taxonomy":"post_tag","embeddable":true,"href":"https:\/\/cj.estrategia.com\/portal\/wp-json\/wp\/v2\/tags?post=176856"},{"taxonomy":"tax_estado","embeddable":true,"href":"https:\/\/cj.estrategia.com\/portal\/wp-json\/wp\/v2\/tax_estado?post=176856"}],"curies":[{"name":"wp","href":"https:\/\/api.w.org\/{rel}","templated":true}]}}