{"id":176659,"date":"2026-01-28T17:26:11","date_gmt":"2026-01-28T20:26:11","guid":{"rendered":"https:\/\/cj.estrategia.com\/portal\/?p=176659"},"modified":"2026-01-28T17:26:16","modified_gmt":"2026-01-28T20:26:16","slug":"cnmp-permuta-nacional-membros-ministerio-publico","status":"publish","type":"post","link":"https:\/\/cj.estrategia.com\/portal\/cnmp-permuta-nacional-membros-ministerio-publico\/","title":{"rendered":"CNMP aprova permuta nacional para membros do MP: mobilidade funcional e novas oportunidades"},"content":{"rendered":"\n<h2 class=\"wp-block-heading\" id=\"h-fundamento-constitucional-simetria-com-a-magistratura\"><span id=\"fundamento-constitucional-simetria-com-a-magistratura\">Fundamento constitucional: simetria com a magistratura<\/span><\/h2>\n\n\n\n<p>A Emenda Constitucional n\u00ba 130\/2023 promoveu uma relevante inova\u00e7\u00e3o ao incluir os incisos VIII-A e VIII-B no artigo 93 da Constitui\u00e7\u00e3o Federal, passando a prever expressamente a remo\u00e7\u00e3o e a <strong>permuta nacional<\/strong> entre magistrados de igual entr\u00e2ncia, desde que pertencentes ao mesmo segmento de justi\u00e7a e vinculados a tribunais distintos. A medida visa a promo\u00e7\u00e3o da <strong>efici\u00eancia funcional<\/strong> e da mobilidade institucional, inclusive entre ju\u00edzes de segundo grau.<\/p>\n\n\n\n<p>Embora voltada \u00e0 magistratura, essa nova previs\u00e3o incide tamb\u00e9m sobre o Minist\u00e9rio P\u00fablico por for\u00e7a do art. 129, \u00a7 4\u00ba, da Constitui\u00e7\u00e3o, que determina a aplica\u00e7\u00e3o, no que couber, do art. 93 \u00e0s carreiras ministeriais. Tal entendimento est\u00e1 solidamente amparado no <strong>princ\u00edpio da simetria constitucional<\/strong> entre magistratura e MP, reconhecido como norma de autoaplicabilidade pelo Supremo Tribunal Federal.<\/p>\n\n\n\n<p>Essa simetria vem sendo reiteradamente reconhecida em atos normativos do CNJ e do CNMP, como a Resolu\u00e7\u00e3o CNJ n\u00ba 133\/2011, a Resolu\u00e7\u00e3o Conjunta CNJ\/CNMP n\u00ba 7\/2021, e a Resolu\u00e7\u00e3o CNMP n\u00ba 253\/2022, que reafirmam a equipara\u00e7\u00e3o funcional entre ambas as carreiras em direitos e deveres.<\/p>\n\n\n\n<p>Nesse contexto, o Conselho Nacional do Minist\u00e9rio P\u00fablico apresentou proposta de resolu\u00e7\u00e3o para regulamentar a permuta nacional entre membros dos Minist\u00e9rios P\u00fablicos estaduais e do Distrito Federal e Territ\u00f3rios, em conson\u00e2ncia com o novo texto constitucional e com os par\u00e2metros j\u00e1 consolidados da <strong><a href=\"https:\/\/www.estrategiaconcursos.com.br\/promocoes\/assinaturas-ecj\/\" target=\"_blank\" >jurisprud\u00eancia<\/a><\/strong>.<\/p>\n\n\n\n<h2 class=\"wp-block-heading\" id=\"h-requisitos-e-procedimento\"><span id=\"requisitos-e-procedimento\">Requisitos e procedimento<\/span><\/h2>\n\n\n\n<p>A proposta estabelece que a permuta ser\u00e1 um ato jur\u00eddico complexo, com a abertura de processos administrativos independentes e aut\u00f4nomos em cada Minist\u00e9rio P\u00fablico, a partir de requerimentos simult\u00e2neos dirigidos aos respectivos Procuradores-Gerais de Justi\u00e7a das unidades envolvidas.<\/p>\n\n\n\n<div class=\"wp-block-media-text is-stacked-on-mobile\" style=\"grid-template-columns:26% auto\"><figure class=\"wp-block-media-text__media\"><img decoding=\"async\" width=\"512\" height=\"512\" src=\"https:\/\/cj.estrategia.com\/portal\/wp-content\/uploads\/2026\/01\/27171213\/assembleia-reuniao-conversa-voto-decisao.png\" alt=\"permuta\" class=\"wp-image-176447 size-full\" srcset=\"https:\/\/cj.estrategia.com\/portal\/wp-content\/uploads\/2026\/01\/27171213\/assembleia-reuniao-conversa-voto-decisao.png 512w, https:\/\/cj.estrategia.com\/portal\/wp-content\/uploads\/2026\/01\/27171213\/assembleia-reuniao-conversa-voto-decisao-300x300.png 300w, https:\/\/cj.estrategia.com\/portal\/wp-content\/uploads\/2026\/01\/27171213\/assembleia-reuniao-conversa-voto-decisao-150x150.png 150w, https:\/\/cj.estrategia.com\/portal\/wp-content\/uploads\/2026\/01\/27171213\/assembleia-reuniao-conversa-voto-decisao-80x80.png 80w, https:\/\/cj.estrategia.com\/portal\/wp-content\/uploads\/2026\/01\/27171213\/assembleia-reuniao-conversa-voto-decisao-380x380.png 380w, https:\/\/cj.estrategia.com\/portal\/wp-content\/uploads\/2026\/01\/27171213\/assembleia-reuniao-conversa-voto-decisao-24x24.png 24w, https:\/\/cj.estrategia.com\/portal\/wp-content\/uploads\/2026\/01\/27171213\/assembleia-reuniao-conversa-voto-decisao-48x48.png 48w, https:\/\/cj.estrategia.com\/portal\/wp-content\/uploads\/2026\/01\/27171213\/assembleia-reuniao-conversa-voto-decisao-96x96.png 96w\" sizes=\"(max-width: 512px) 100vw, 512px\" \/><\/figure><div class=\"wp-block-media-text__content\">\n<p>Para ser efetivada, a permuta depender\u00e1 de aprova\u00e7\u00e3o por maioria absoluta dos Conselhos Superiores dos dois Minist\u00e9rios P\u00fablicos.<\/p>\n<\/div><\/div>\n\n\n\n<p>Finalizado o tr\u00e2mite inicial, ser\u00e1 obrigat\u00f3ria a publica\u00e7\u00e3o de edital com prazo de 15 dias, permitindo a apresenta\u00e7\u00e3o de impugna\u00e7\u00f5es ou manifesta\u00e7\u00f5es de interesse, assegurado o contradit\u00f3rio.<\/p>\n\n\n\n<p>A proposta tamb\u00e9m detalha impedimentos objetivos, vedando a permuta aos membros que se encontrem nas seguintes situa\u00e7\u00f5es:<\/p>\n\n\n\n<ul class=\"wp-block-list\">\n<li>Em est\u00e1gio probat\u00f3rio;<\/li>\n\n\n\n<li>Respondendo a processo disciplinar ou criminal;<\/li>\n\n\n\n<li>Punes disciplinarmente no \u00faltimo ano;<\/li>\n\n\n\n<li>Que tenham requerido ou preenchido requisitos para aposentadoria volunt\u00e1ria;<\/li>\n\n\n\n<li>Inscritos em concurso de promo\u00e7\u00e3o ou remo\u00e7\u00e3o ainda n\u00e3o finalizado;<\/li>\n\n\n\n<li>Removidos compulsoriamente nos \u00faltimos dois anos;<\/li>\n\n\n\n<li>Afastados do cargo ou do exerc\u00edcio da fun\u00e7\u00e3o, por qualquer raz\u00e3o.<\/li>\n<\/ul>\n\n\n\n<p>Al\u00e9m disso, busca-se resguardar o interesse p\u00fablico e a estabilidade institucional, ao prever que o membro permutado dever\u00e1 permanecer por pelo menos dois anos na nova institui\u00e7\u00e3o antes de se aposentar ou pedir exonera\u00e7\u00e3o. Caso contr\u00e1rio, a permuta ser\u00e1 considerada inv\u00e1lida.<\/p>\n\n\n\n<h2 class=\"wp-block-heading\" id=\"h-viabilidade-e-impactos-da-proposta\"><span id=\"viabilidade-e-impactos-da-proposta\">Viabilidade e impactos da proposta<\/span><\/h2>\n\n\n\n<p>Segundo o CNJ, a implementa\u00e7\u00e3o da permuta nacional no MP se mostra tecnicamente vi\u00e1vel e juridicamente segura. A quest\u00e3o previdenci\u00e1ria j\u00e1 encontra respaldo normativo adequado. Diplomas normativos preveem mecanismos de compensa\u00e7\u00e3o financeira entre os regimes pr\u00f3prios de previd\u00eancia social, garantindo equil\u00edbrio atuarial mesmo nos casos de migra\u00e7\u00e3o funcional.<\/p>\n\n\n\n<p>Outro ponto relevante da proposta \u00e9 sua fun\u00e7\u00e3o de <strong>prote\u00e7\u00e3o institucional<\/strong>: ao permitir a permuta para regi\u00f5es mais seguras, o instrumento fortalece os mecanismos de prote\u00e7\u00e3o a membros amea\u00e7ados, inclusive com base nas diretrizes de seguran\u00e7a do CNMP. Trata-se de uma solu\u00e7\u00e3o c\u00e9lere e eficaz para afastar promotores e procuradores de situa\u00e7\u00f5es de risco \u00e0 integridade f\u00edsica ou \u00e0 independ\u00eancia funcional.<\/p>\n\n\n\n<p>A permuta nacional fortalece o car\u00e1ter nacional e indivis\u00edvel do Minist\u00e9rio P\u00fablico, sem ferir a autonomia dos Minist\u00e9rios P\u00fablicos estaduais. Promove, ao mesmo tempo, a mobilidade funcional, o aproveitamento de membros em diferentes regi\u00f5es do pa\u00eds e a integra\u00e7\u00e3o institucional.<\/p>\n\n\n\n<h2 class=\"wp-block-heading\" id=\"h-consequencias\"><span id=\"consequencias\">Consequ\u00eancias<\/span><\/h2>\n\n\n\n<p>A regulamenta\u00e7\u00e3o da permuta nacional no \u00e2mbito do Minist\u00e9rio P\u00fablico representa um avan\u00e7o hist\u00f3rico no aperfei\u00e7oamento da carreira e na garantia da efetiva unidade funcional do MP brasileiro, respeitando a autonomia dos entes federativos.<\/p>\n\n\n\n<p>A proposta de permuta nacional no Minist\u00e9rio P\u00fablico n\u00e3o \u00e9 apenas uma norma administrativa, \u00e9 a concretiza\u00e7\u00e3o de um novo paradigma. Ao garantir <strong>seguran\u00e7a jur\u00eddica<\/strong>, equil\u00edbrio atuarial e prote\u00e7\u00e3o funcional, ela atende tanto aos interesses da administra\u00e7\u00e3o quanto aos anseios individuais de v\u00e1rios membros da carreira.<\/p>\n\n\n\n<p>A iniciativa consolida a simetria constitucional com a magistratura, reconhecendo que o Minist\u00e9rio P\u00fablico tamb\u00e9m deve dispor de instrumentos modernos de gest\u00e3o de pessoal, compat\u00edveis com a realidade federativa e com o dinamismo da sociedade brasileira.<\/p>\n\n\n\n<figure class=\"wp-block-table\"><table class=\"has-fixed-layout\"><tbody><tr><td><strong>E a voc\u00ea, concurseiro, o tabuleiro do jogo mudou!<\/strong> <em>Se antes voc\u00ea se limitava por v\u00ednculos pessoais (afetivos ou log\u00edsticos) a um s\u00f3 estado ou regi\u00e3o, reduzindo suas op\u00e7\u00f5es e restringindo sua estrat\u00e9gia de aprova\u00e7\u00e3o, agora n\u00e3o h\u00e1 mais desculpas.<\/em> <em>Agora voc\u00ea pode alcan\u00e7ar o seu sonho de ser Promotor(a) de Justi\u00e7a em qualquer unidade da federa\u00e7\u00e3o, com perspectiva concreta de retorno ao seu estado de origem!<\/em><\/td><\/tr><\/tbody><\/table><\/figure>\n\n\n\n<p><\/p>\n\n\n\n<hr class=\"wp-block-separator has-alpha-channel-opacity\"\/>\n\n\n\n<h2 class=\"wp-block-heading has-text-align-left\" id=\"h-quer-saber-tudo-sobre-concursos-previstos-confira-nossos-artigos\"><span id=\"quer-saber-tudo-sobre-concursos-previstosconfira-nossos-artigos\">Quer saber tudo sobre concursos previstos?<br>Confira nossos artigos!<\/span><\/h2>\n\n\n\n<ul class=\"wp-block-list\">\n<li><a href=\"https:\/\/cj.estrategia.com\/portal\/concursos-abertos-carreiras-juridicas\/\" target=\"_blank\" ><strong>Concursos jur\u00eddicos abertos<\/strong><\/a><\/li>\n\n\n\n<li><a href=\"https:\/\/cj.estrategia.com\/portal\/concursos-juridicos-2026-prepare-se-para-os-proximos-editais\/\" target=\"_blank\" ><strong>Concursos Jur\u00eddicos 2026<\/strong><\/a><\/li>\n<\/ul>\n\n\n\n<h3 class=\"wp-block-heading has-text-align-center\" id=\"cursos-ficha\"><span id=\"quer-estudar-para-concursos-de-direito\">Quer estudar para Concursos de Direito?<\/span><\/h3>\n\n\n\n<p>O Estrat\u00e9gia Carreira Jur\u00eddica \u00e9 campe\u00e3o de aprova\u00e7\u00f5es nos concursos para Carreiras Jur\u00eddicas com um corpo docente qualificado e materiais completos. Conhe\u00e7a nossos cursos e garanta sua aprova\u00e7\u00e3o:<\/p>\n\n\n\n<div class=\"wp-block-cover\" style=\"min-height:155px;aspect-ratio:unset;\"><img decoding=\"async\" width=\"1890\" height=\"351\" class=\"wp-block-cover__image-background wp-image-8669\" alt=\"Assinaturas Jur\u00eddicas\" src=\"https:\/\/cj.estrategia.com\/portal\/wp-content\/uploads\/2022\/06\/20151253\/concurso-carreiras-juridicas-assinatura-juridica.jpg\" style=\"object-position:78% 43%\" data-object-fit=\"cover\" data-object-position=\"78% 43%\" srcset=\"https:\/\/cj.estrategia.com\/portal\/wp-content\/uploads\/2022\/06\/20151253\/concurso-carreiras-juridicas-assinatura-juridica.jpg 1890w, https:\/\/cj.estrategia.com\/portal\/wp-content\/uploads\/2022\/06\/20151253\/concurso-carreiras-juridicas-assinatura-juridica-300x56.jpg 300w, https:\/\/cj.estrategia.com\/portal\/wp-content\/uploads\/2022\/06\/20151253\/concurso-carreiras-juridicas-assinatura-juridica-1024x190.jpg 1024w, https:\/\/cj.estrategia.com\/portal\/wp-content\/uploads\/2022\/06\/20151253\/concurso-carreiras-juridicas-assinatura-juridica-768x143.jpg 768w, https:\/\/cj.estrategia.com\/portal\/wp-content\/uploads\/2022\/06\/20151253\/concurso-carreiras-juridicas-assinatura-juridica-1536x285.jpg 1536w, https:\/\/cj.estrategia.com\/portal\/wp-content\/uploads\/2022\/06\/20151253\/concurso-carreiras-juridicas-assinatura-juridica-380x71.jpg 380w, https:\/\/cj.estrategia.com\/portal\/wp-content\/uploads\/2022\/06\/20151253\/concurso-carreiras-juridicas-assinatura-juridica-800x149.jpg 800w, https:\/\/cj.estrategia.com\/portal\/wp-content\/uploads\/2022\/06\/20151253\/concurso-carreiras-juridicas-assinatura-juridica-1160x215.jpg 1160w\" sizes=\"(max-width: 1890px) 100vw, 1890px\" \/><span aria-hidden=\"true\" class=\"wp-block-cover__background has-background-dim\"><\/span><div class=\"wp-block-cover__inner-container is-layout-flow wp-block-cover-is-layout-flow\">\n<h3 id=\"faca-a-sua-assinatura\" class=\"titulo-assinatura\"><span style=\"color: #ffffff;\">Fa\u00e7a a sua assinatura!<\/span><\/h3>\n<p class=\"subtitulo-assinatura\" style=\"display:block!important; line-height: 0;\"><span style=\"color: #ffffff;\">Escolha a sua \u00e1rea.<\/span><\/p>\n<a target=\"_blank\" href=\"https:\/\/www.estrategiaconcursos.com.br\/assinaturas-ecj\/\" rel=\"noopener\"><button style=\"border-radius: 10px; text-transform: capitalize;\">Acessar<\/button><\/a>\n<\/div><\/div>\n\n\n\n<p class=\"has-text-align-center has-white-color has-text-color has-link-color wp-elements-984c978107f79a17e755ff20bf7b387d\"><\/p>\n","protected":false},"excerpt":{"rendered":"Fundamento constitucional: simetria com a magistratura A Emenda Constitucional n\u00ba 130\/2023 promoveu uma relevante inova\u00e7\u00e3o ao incluir os&hellip;\n","protected":false},"author":63,"featured_media":21716,"comment_status":"open","ping_status":"open","sticky":false,"template":"","format":"standard","meta":{"_jetpack_memberships_contains_paid_content":false,"footnotes":""},"categories":[1],"tags":[3421,132,120,4106,1619,2901,376],"tax_estado":[30,31,32,33,34,35,36,37,38,39,40,41,42,43,44,45,46,47,48,49,50,51,52,53,54,55,56,57],"class_list":{"0":"post-176659","1":"post","2":"type-post","3":"status-publish","4":"format-standard","5":"has-post-thumbnail","7":"category-carreiras-juridicas","8":"tag-conselho-nacional-do-ministerio-publico-cnmp","9":"tag-jurisprudencia","10":"tag-ministerio-publico","11":"tag-mobilidade-funcional","12":"tag-permuta-entre-magistrados","13":"tag-principio-da-simetria","14":"tag-seguranca-juridica","15":"tax_estado-ac","16":"tax_estado-al","17":"tax_estado-am","18":"tax_estado-ap","19":"tax_estado-ba","20":"tax_estado-ce","21":"tax_estado-concursos-federais","22":"tax_estado-df","23":"tax_estado-es","24":"tax_estado-go","25":"tax_estado-ma","26":"tax_estado-mg","27":"tax_estado-ms","28":"tax_estado-mt","29":"tax_estado-pa","30":"tax_estado-pb","31":"tax_estado-pe","32":"tax_estado-pi","33":"tax_estado-pr","34":"tax_estado-rj","35":"tax_estado-rn","36":"tax_estado-ro","37":"tax_estado-rr","38":"tax_estado-rs","39":"tax_estado-sc","40":"tax_estado-se","41":"tax_estado-sp","42":"tax_estado-to"},"acf":[],"yoast_head":"<!-- This site is optimized with the Yoast SEO Premium plugin v27.4 (Yoast SEO v27.4) - https:\/\/yoast.com\/product\/yoast-seo-premium-wordpress\/ -->\n<title>CNMP aprova permuta para membros do Minist\u00e9rio P\u00fablico<\/title>\n<meta name=\"description\" content=\"A previs\u00e3o de remo\u00e7\u00e3o e permuta nacional entre magistrados agora incide tamb\u00e9m sobre o Minist\u00e9rio P\u00fablico.\" \/>\n<meta name=\"robots\" content=\"index, follow, max-snippet:-1, max-image-preview:large, max-video-preview:-1\" \/>\n<link rel=\"canonical\" href=\"https:\/\/cj.estrategia.com\/portal\/cnmp-permuta-nacional-membros-ministerio-publico\/\" \/>\n<meta property=\"og:locale\" content=\"pt_BR\" \/>\n<meta property=\"og:type\" content=\"article\" \/>\n<meta property=\"og:title\" content=\"CNMP aprova permuta nacional para membros do MP: mobilidade funcional e novas oportunidades\" \/>\n<meta property=\"og:description\" content=\"A previs\u00e3o de remo\u00e7\u00e3o e permuta nacional entre magistrados agora incide tamb\u00e9m sobre o Minist\u00e9rio P\u00fablico.\" \/>\n<meta property=\"og:url\" content=\"https:\/\/cj.estrategia.com\/portal\/cnmp-permuta-nacional-membros-ministerio-publico\/\" \/>\n<meta property=\"og:site_name\" content=\"Blog - Carreiras Jur\u00eddicas - Estrat\u00e9gia\" \/>\n<meta property=\"article:publisher\" content=\"https:\/\/www.facebook.com\/estrategiacarreirajuridica\/\" \/>\n<meta property=\"article:published_time\" content=\"2026-01-28T20:26:11+00:00\" \/>\n<meta property=\"article:modified_time\" content=\"2026-01-28T20:26:16+00:00\" \/>\n<meta property=\"og:image\" content=\"https:\/\/cj.estrategia.com\/portal\/wp-content\/uploads\/2022\/10\/14135827\/juiz-pe-magistratural-prova-objetiva.png\" \/>\n\t<meta property=\"og:image:width\" content=\"452\" \/>\n\t<meta property=\"og:image:height\" content=\"300\" \/>\n\t<meta property=\"og:image:type\" content=\"image\/png\" \/>\n<meta name=\"author\" content=\"Guilherme Rezende\" \/>\n<meta name=\"twitter:card\" content=\"summary_large_image\" \/>\n<meta name=\"twitter:creator\" content=\"@EstratJuridica\" \/>\n<meta name=\"twitter:site\" content=\"@EstratJuridica\" \/>\n<meta name=\"twitter:label1\" content=\"Escrito por\" \/>\n\t<meta name=\"twitter:data1\" content=\"Guilherme Rezende\" \/>\n\t<meta name=\"twitter:label2\" content=\"Est. tempo de leitura\" \/>\n\t<meta name=\"twitter:data2\" content=\"6 minutos\" \/>\n<script type=\"application\/ld+json\" class=\"yoast-schema-graph\">{\"@context\":\"https:\\\/\\\/schema.org\",\"@graph\":[{\"@type\":\"NewsArticle\",\"@id\":\"https:\\\/\\\/cj.estrategia.com\\\/portal\\\/cnmp-permuta-nacional-membros-ministerio-publico\\\/#article\",\"isPartOf\":{\"@id\":\"https:\\\/\\\/cj.estrategia.com\\\/portal\\\/cnmp-permuta-nacional-membros-ministerio-publico\\\/\"},\"author\":{\"name\":\"Guilherme Rezende\",\"@id\":\"https:\\\/\\\/cj.estrategia.com\\\/portal\\\/#\\\/schema\\\/person\\\/b8eb01d117c3441103d953565489f91a\"},\"headline\":\"CNMP aprova permuta nacional para membros do MP: mobilidade funcional e novas oportunidades\",\"datePublished\":\"2026-01-28T20:26:11+00:00\",\"dateModified\":\"2026-01-28T20:26:16+00:00\",\"mainEntityOfPage\":{\"@id\":\"https:\\\/\\\/cj.estrategia.com\\\/portal\\\/cnmp-permuta-nacional-membros-ministerio-publico\\\/\"},\"wordCount\":931,\"commentCount\":0,\"publisher\":{\"@id\":\"https:\\\/\\\/cj.estrategia.com\\\/portal\\\/#organization\"},\"image\":{\"@id\":\"https:\\\/\\\/cj.estrategia.com\\\/portal\\\/cnmp-permuta-nacional-membros-ministerio-publico\\\/#primaryimage\"},\"thumbnailUrl\":\"https:\\\/\\\/cj.estrategia.com\\\/portal\\\/wp-content\\\/uploads\\\/2022\\\/10\\\/14135827\\\/juiz-pe-magistratural-prova-objetiva.png\",\"keywords\":[\"Conselho Nacional do Minist\u00e9rio P\u00fablico (CNMP)\",\"jurisprud\u00eancia\",\"minist\u00e9rio p\u00fablico\",\"mobilidade funcional\",\"permuta entre magistrados\",\"princ\u00edpio da simetria\",\"seguran\u00e7a jur\u00eddica\"],\"articleSection\":[\"Carreiras Jur\u00eddicas\"],\"inLanguage\":\"pt-BR\",\"potentialAction\":[{\"@type\":\"CommentAction\",\"name\":\"Comment\",\"target\":[\"https:\\\/\\\/cj.estrategia.com\\\/portal\\\/cnmp-permuta-nacional-membros-ministerio-publico\\\/#respond\"]}]},{\"@type\":\"WebPage\",\"@id\":\"https:\\\/\\\/cj.estrategia.com\\\/portal\\\/cnmp-permuta-nacional-membros-ministerio-publico\\\/\",\"url\":\"https:\\\/\\\/cj.estrategia.com\\\/portal\\\/cnmp-permuta-nacional-membros-ministerio-publico\\\/\",\"name\":\"CNMP aprova permuta para membros do Minist\u00e9rio P\u00fablico\",\"isPartOf\":{\"@id\":\"https:\\\/\\\/cj.estrategia.com\\\/portal\\\/#website\"},\"primaryImageOfPage\":{\"@id\":\"https:\\\/\\\/cj.estrategia.com\\\/portal\\\/cnmp-permuta-nacional-membros-ministerio-publico\\\/#primaryimage\"},\"image\":{\"@id\":\"https:\\\/\\\/cj.estrategia.com\\\/portal\\\/cnmp-permuta-nacional-membros-ministerio-publico\\\/#primaryimage\"},\"thumbnailUrl\":\"https:\\\/\\\/cj.estrategia.com\\\/portal\\\/wp-content\\\/uploads\\\/2022\\\/10\\\/14135827\\\/juiz-pe-magistratural-prova-objetiva.png\",\"datePublished\":\"2026-01-28T20:26:11+00:00\",\"dateModified\":\"2026-01-28T20:26:16+00:00\",\"description\":\"A previs\u00e3o de remo\u00e7\u00e3o e permuta nacional entre magistrados agora incide tamb\u00e9m sobre o Minist\u00e9rio P\u00fablico.\",\"breadcrumb\":{\"@id\":\"https:\\\/\\\/cj.estrategia.com\\\/portal\\\/cnmp-permuta-nacional-membros-ministerio-publico\\\/#breadcrumb\"},\"inLanguage\":\"pt-BR\",\"potentialAction\":[{\"@type\":\"ReadAction\",\"target\":[\"https:\\\/\\\/cj.estrategia.com\\\/portal\\\/cnmp-permuta-nacional-membros-ministerio-publico\\\/\"]}]},{\"@type\":\"ImageObject\",\"inLanguage\":\"pt-BR\",\"@id\":\"https:\\\/\\\/cj.estrategia.com\\\/portal\\\/cnmp-permuta-nacional-membros-ministerio-publico\\\/#primaryimage\",\"url\":\"https:\\\/\\\/cj.estrategia.com\\\/portal\\\/wp-content\\\/uploads\\\/2022\\\/10\\\/14135827\\\/juiz-pe-magistratural-prova-objetiva.png\",\"contentUrl\":\"https:\\\/\\\/cj.estrategia.com\\\/portal\\\/wp-content\\\/uploads\\\/2022\\\/10\\\/14135827\\\/juiz-pe-magistratural-prova-objetiva.png\",\"width\":452,\"height\":300,\"caption\":\"juiz-pe-magistratural-prova-objetiva\"},{\"@type\":\"BreadcrumbList\",\"@id\":\"https:\\\/\\\/cj.estrategia.com\\\/portal\\\/cnmp-permuta-nacional-membros-ministerio-publico\\\/#breadcrumb\",\"itemListElement\":[{\"@type\":\"ListItem\",\"position\":1,\"name\":\"In\u00edcio\",\"item\":\"https:\\\/\\\/cj.estrategia.com\\\/portal\\\/\"},{\"@type\":\"ListItem\",\"position\":2,\"name\":\"CNMP aprova permuta nacional para membros do MP: mobilidade funcional e novas oportunidades\"}]},{\"@type\":\"WebSite\",\"@id\":\"https:\\\/\\\/cj.estrategia.com\\\/portal\\\/#website\",\"url\":\"https:\\\/\\\/cj.estrategia.com\\\/portal\\\/\",\"name\":\"Blog - Carreiras Jur\u00eddicas - Estrat\u00e9gia\",\"description\":\"\",\"publisher\":{\"@id\":\"https:\\\/\\\/cj.estrategia.com\\\/portal\\\/#organization\"},\"potentialAction\":[{\"@type\":\"SearchAction\",\"target\":{\"@type\":\"EntryPoint\",\"urlTemplate\":\"https:\\\/\\\/cj.estrategia.com\\\/portal\\\/?s={search_term_string}\"},\"query-input\":{\"@type\":\"PropertyValueSpecification\",\"valueRequired\":true,\"valueName\":\"search_term_string\"}}],\"inLanguage\":\"pt-BR\"},{\"@type\":\"Organization\",\"@id\":\"https:\\\/\\\/cj.estrategia.com\\\/portal\\\/#organization\",\"name\":\"Estrat\u00e9gia - Carreiras Jur\u00eddicas\",\"url\":\"https:\\\/\\\/cj.estrategia.com\\\/portal\\\/\",\"logo\":{\"@type\":\"ImageObject\",\"inLanguage\":\"pt-BR\",\"@id\":\"https:\\\/\\\/cj.estrategia.com\\\/portal\\\/#\\\/schema\\\/logo\\\/image\\\/\",\"url\":\"https:\\\/\\\/cj.estrategia.com\\\/portal\\\/wp-content\\\/uploads\\\/2022\\\/03\\\/11151052\\\/cj-logo.png\",\"contentUrl\":\"https:\\\/\\\/cj.estrategia.com\\\/portal\\\/wp-content\\\/uploads\\\/2022\\\/03\\\/11151052\\\/cj-logo.png\",\"width\":150,\"height\":39,\"caption\":\"Estrat\u00e9gia - Carreiras Jur\u00eddicas\"},\"image\":{\"@id\":\"https:\\\/\\\/cj.estrategia.com\\\/portal\\\/#\\\/schema\\\/logo\\\/image\\\/\"},\"sameAs\":[\"https:\\\/\\\/www.facebook.com\\\/estrategiacarreirajuridica\\\/\",\"https:\\\/\\\/x.com\\\/EstratJuridica\",\"https:\\\/\\\/www.instagram.com\\\/estrategiacarreirajuridica\\\/\",\"https:\\\/\\\/www.youtube.com\\\/channel\\\/UClbMGuYbj2Mh1m3w144ETWQ\"]},{\"@type\":\"Person\",\"@id\":\"https:\\\/\\\/cj.estrategia.com\\\/portal\\\/#\\\/schema\\\/person\\\/b8eb01d117c3441103d953565489f91a\",\"name\":\"Guilherme Rezende\",\"image\":{\"@type\":\"ImageObject\",\"inLanguage\":\"pt-BR\",\"@id\":\"https:\\\/\\\/cj.estrategia.com\\\/portal\\\/wp-content\\\/uploads\\\/2024\\\/02\\\/22174655\\\/professor-guilherme-resende-estrategia-concursos-ecj-96x96.jpeg\",\"url\":\"https:\\\/\\\/cj.estrategia.com\\\/portal\\\/wp-content\\\/uploads\\\/2024\\\/02\\\/22174655\\\/professor-guilherme-resende-estrategia-concursos-ecj-96x96.jpeg\",\"contentUrl\":\"https:\\\/\\\/cj.estrategia.com\\\/portal\\\/wp-content\\\/uploads\\\/2024\\\/02\\\/22174655\\\/professor-guilherme-resende-estrategia-concursos-ecj-96x96.jpeg\",\"caption\":\"Guilherme Rezende\"},\"description\":\"Professor Guilherme Rezende \u00e9 promotor de justi\u00e7a no Paran\u00e1, com uma carreira s\u00f3lida e impactante no campo jur\u00eddico. Al\u00e9m de sua atua\u00e7\u00e3o como promotor, ele possui mestrado em Direito e acumula experi\u00eancia como Ex-Procurador da Fazenda Nacional, Ex-Defensor P\u00fablico da Uni\u00e3o e Ex-Oficial de Apoio Judicial no TJMG. Destaca-se tamb\u00e9m por ter sido aprovado nos concursos de analista do TRF-1 e do MPU, consolidando sua compet\u00eancia e dedica\u00e7\u00e3o no universo jur\u00eddico.\",\"url\":\"https:\\\/\\\/cj.estrategia.com\\\/portal\\\/author\\\/guilherme-rezende\\\/\"}]}<\/script>\n<!-- \/ Yoast SEO Premium plugin. -->","yoast_head_json":{"title":"CNMP aprova permuta para membros do Minist\u00e9rio P\u00fablico","description":"A previs\u00e3o de remo\u00e7\u00e3o e permuta nacional entre magistrados agora incide tamb\u00e9m sobre o Minist\u00e9rio P\u00fablico.","robots":{"index":"index","follow":"follow","max-snippet":"max-snippet:-1","max-image-preview":"max-image-preview:large","max-video-preview":"max-video-preview:-1"},"canonical":"https:\/\/cj.estrategia.com\/portal\/cnmp-permuta-nacional-membros-ministerio-publico\/","og_locale":"pt_BR","og_type":"article","og_title":"CNMP aprova permuta nacional para membros do MP: mobilidade funcional e novas oportunidades","og_description":"A previs\u00e3o de remo\u00e7\u00e3o e permuta nacional entre magistrados agora incide tamb\u00e9m sobre o Minist\u00e9rio P\u00fablico.","og_url":"https:\/\/cj.estrategia.com\/portal\/cnmp-permuta-nacional-membros-ministerio-publico\/","og_site_name":"Blog - Carreiras Jur\u00eddicas - Estrat\u00e9gia","article_publisher":"https:\/\/www.facebook.com\/estrategiacarreirajuridica\/","article_published_time":"2026-01-28T20:26:11+00:00","article_modified_time":"2026-01-28T20:26:16+00:00","og_image":[{"width":452,"height":300,"url":"https:\/\/cj.estrategia.com\/portal\/wp-content\/uploads\/2022\/10\/14135827\/juiz-pe-magistratural-prova-objetiva.png","type":"image\/png"}],"author":"Guilherme Rezende","twitter_card":"summary_large_image","twitter_creator":"@EstratJuridica","twitter_site":"@EstratJuridica","twitter_misc":{"Escrito por":"Guilherme Rezende","Est. tempo de leitura":"6 minutos"},"schema":{"@context":"https:\/\/schema.org","@graph":[{"@type":"NewsArticle","@id":"https:\/\/cj.estrategia.com\/portal\/cnmp-permuta-nacional-membros-ministerio-publico\/#article","isPartOf":{"@id":"https:\/\/cj.estrategia.com\/portal\/cnmp-permuta-nacional-membros-ministerio-publico\/"},"author":{"name":"Guilherme Rezende","@id":"https:\/\/cj.estrategia.com\/portal\/#\/schema\/person\/b8eb01d117c3441103d953565489f91a"},"headline":"CNMP aprova permuta nacional para membros do MP: mobilidade funcional e novas oportunidades","datePublished":"2026-01-28T20:26:11+00:00","dateModified":"2026-01-28T20:26:16+00:00","mainEntityOfPage":{"@id":"https:\/\/cj.estrategia.com\/portal\/cnmp-permuta-nacional-membros-ministerio-publico\/"},"wordCount":931,"commentCount":0,"publisher":{"@id":"https:\/\/cj.estrategia.com\/portal\/#organization"},"image":{"@id":"https:\/\/cj.estrategia.com\/portal\/cnmp-permuta-nacional-membros-ministerio-publico\/#primaryimage"},"thumbnailUrl":"https:\/\/cj.estrategia.com\/portal\/wp-content\/uploads\/2022\/10\/14135827\/juiz-pe-magistratural-prova-objetiva.png","keywords":["Conselho Nacional do Minist\u00e9rio P\u00fablico (CNMP)","jurisprud\u00eancia","minist\u00e9rio p\u00fablico","mobilidade funcional","permuta entre magistrados","princ\u00edpio da simetria","seguran\u00e7a jur\u00eddica"],"articleSection":["Carreiras Jur\u00eddicas"],"inLanguage":"pt-BR","potentialAction":[{"@type":"CommentAction","name":"Comment","target":["https:\/\/cj.estrategia.com\/portal\/cnmp-permuta-nacional-membros-ministerio-publico\/#respond"]}]},{"@type":"WebPage","@id":"https:\/\/cj.estrategia.com\/portal\/cnmp-permuta-nacional-membros-ministerio-publico\/","url":"https:\/\/cj.estrategia.com\/portal\/cnmp-permuta-nacional-membros-ministerio-publico\/","name":"CNMP aprova permuta para membros do Minist\u00e9rio P\u00fablico","isPartOf":{"@id":"https:\/\/cj.estrategia.com\/portal\/#website"},"primaryImageOfPage":{"@id":"https:\/\/cj.estrategia.com\/portal\/cnmp-permuta-nacional-membros-ministerio-publico\/#primaryimage"},"image":{"@id":"https:\/\/cj.estrategia.com\/portal\/cnmp-permuta-nacional-membros-ministerio-publico\/#primaryimage"},"thumbnailUrl":"https:\/\/cj.estrategia.com\/portal\/wp-content\/uploads\/2022\/10\/14135827\/juiz-pe-magistratural-prova-objetiva.png","datePublished":"2026-01-28T20:26:11+00:00","dateModified":"2026-01-28T20:26:16+00:00","description":"A previs\u00e3o de remo\u00e7\u00e3o e permuta nacional entre magistrados agora incide tamb\u00e9m sobre o Minist\u00e9rio P\u00fablico.","breadcrumb":{"@id":"https:\/\/cj.estrategia.com\/portal\/cnmp-permuta-nacional-membros-ministerio-publico\/#breadcrumb"},"inLanguage":"pt-BR","potentialAction":[{"@type":"ReadAction","target":["https:\/\/cj.estrategia.com\/portal\/cnmp-permuta-nacional-membros-ministerio-publico\/"]}]},{"@type":"ImageObject","inLanguage":"pt-BR","@id":"https:\/\/cj.estrategia.com\/portal\/cnmp-permuta-nacional-membros-ministerio-publico\/#primaryimage","url":"https:\/\/cj.estrategia.com\/portal\/wp-content\/uploads\/2022\/10\/14135827\/juiz-pe-magistratural-prova-objetiva.png","contentUrl":"https:\/\/cj.estrategia.com\/portal\/wp-content\/uploads\/2022\/10\/14135827\/juiz-pe-magistratural-prova-objetiva.png","width":452,"height":300,"caption":"juiz-pe-magistratural-prova-objetiva"},{"@type":"BreadcrumbList","@id":"https:\/\/cj.estrategia.com\/portal\/cnmp-permuta-nacional-membros-ministerio-publico\/#breadcrumb","itemListElement":[{"@type":"ListItem","position":1,"name":"In\u00edcio","item":"https:\/\/cj.estrategia.com\/portal\/"},{"@type":"ListItem","position":2,"name":"CNMP aprova permuta nacional para membros do MP: mobilidade funcional e novas oportunidades"}]},{"@type":"WebSite","@id":"https:\/\/cj.estrategia.com\/portal\/#website","url":"https:\/\/cj.estrategia.com\/portal\/","name":"Blog - Carreiras Jur\u00eddicas - Estrat\u00e9gia","description":"","publisher":{"@id":"https:\/\/cj.estrategia.com\/portal\/#organization"},"potentialAction":[{"@type":"SearchAction","target":{"@type":"EntryPoint","urlTemplate":"https:\/\/cj.estrategia.com\/portal\/?s={search_term_string}"},"query-input":{"@type":"PropertyValueSpecification","valueRequired":true,"valueName":"search_term_string"}}],"inLanguage":"pt-BR"},{"@type":"Organization","@id":"https:\/\/cj.estrategia.com\/portal\/#organization","name":"Estrat\u00e9gia - Carreiras Jur\u00eddicas","url":"https:\/\/cj.estrategia.com\/portal\/","logo":{"@type":"ImageObject","inLanguage":"pt-BR","@id":"https:\/\/cj.estrategia.com\/portal\/#\/schema\/logo\/image\/","url":"https:\/\/cj.estrategia.com\/portal\/wp-content\/uploads\/2022\/03\/11151052\/cj-logo.png","contentUrl":"https:\/\/cj.estrategia.com\/portal\/wp-content\/uploads\/2022\/03\/11151052\/cj-logo.png","width":150,"height":39,"caption":"Estrat\u00e9gia - Carreiras Jur\u00eddicas"},"image":{"@id":"https:\/\/cj.estrategia.com\/portal\/#\/schema\/logo\/image\/"},"sameAs":["https:\/\/www.facebook.com\/estrategiacarreirajuridica\/","https:\/\/x.com\/EstratJuridica","https:\/\/www.instagram.com\/estrategiacarreirajuridica\/","https:\/\/www.youtube.com\/channel\/UClbMGuYbj2Mh1m3w144ETWQ"]},{"@type":"Person","@id":"https:\/\/cj.estrategia.com\/portal\/#\/schema\/person\/b8eb01d117c3441103d953565489f91a","name":"Guilherme Rezende","image":{"@type":"ImageObject","inLanguage":"pt-BR","@id":"https:\/\/cj.estrategia.com\/portal\/wp-content\/uploads\/2024\/02\/22174655\/professor-guilherme-resende-estrategia-concursos-ecj-96x96.jpeg","url":"https:\/\/cj.estrategia.com\/portal\/wp-content\/uploads\/2024\/02\/22174655\/professor-guilherme-resende-estrategia-concursos-ecj-96x96.jpeg","contentUrl":"https:\/\/cj.estrategia.com\/portal\/wp-content\/uploads\/2024\/02\/22174655\/professor-guilherme-resende-estrategia-concursos-ecj-96x96.jpeg","caption":"Guilherme Rezende"},"description":"Professor Guilherme Rezende \u00e9 promotor de justi\u00e7a no Paran\u00e1, com uma carreira s\u00f3lida e impactante no campo jur\u00eddico. Al\u00e9m de sua atua\u00e7\u00e3o como promotor, ele possui mestrado em Direito e acumula experi\u00eancia como Ex-Procurador da Fazenda Nacional, Ex-Defensor P\u00fablico da Uni\u00e3o e Ex-Oficial de Apoio Judicial no TJMG. Destaca-se tamb\u00e9m por ter sido aprovado nos concursos de analista do TRF-1 e do MPU, consolidando sua compet\u00eancia e dedica\u00e7\u00e3o no universo jur\u00eddico.","url":"https:\/\/cj.estrategia.com\/portal\/author\/guilherme-rezende\/"}]}},"jetpack_featured_media_url":"https:\/\/cj.estrategia.com\/portal\/wp-content\/uploads\/2022\/10\/14135827\/juiz-pe-magistratural-prova-objetiva.png","jetpack_sharing_enabled":true,"_links":{"self":[{"href":"https:\/\/cj.estrategia.com\/portal\/wp-json\/wp\/v2\/posts\/176659","targetHints":{"allow":["GET"]}}],"collection":[{"href":"https:\/\/cj.estrategia.com\/portal\/wp-json\/wp\/v2\/posts"}],"about":[{"href":"https:\/\/cj.estrategia.com\/portal\/wp-json\/wp\/v2\/types\/post"}],"author":[{"embeddable":true,"href":"https:\/\/cj.estrategia.com\/portal\/wp-json\/wp\/v2\/users\/63"}],"replies":[{"embeddable":true,"href":"https:\/\/cj.estrategia.com\/portal\/wp-json\/wp\/v2\/comments?post=176659"}],"version-history":[{"count":2,"href":"https:\/\/cj.estrategia.com\/portal\/wp-json\/wp\/v2\/posts\/176659\/revisions"}],"predecessor-version":[{"id":176663,"href":"https:\/\/cj.estrategia.com\/portal\/wp-json\/wp\/v2\/posts\/176659\/revisions\/176663"}],"wp:featuredmedia":[{"embeddable":true,"href":"https:\/\/cj.estrategia.com\/portal\/wp-json\/wp\/v2\/media\/21716"}],"wp:attachment":[{"href":"https:\/\/cj.estrategia.com\/portal\/wp-json\/wp\/v2\/media?parent=176659"}],"wp:term":[{"taxonomy":"category","embeddable":true,"href":"https:\/\/cj.estrategia.com\/portal\/wp-json\/wp\/v2\/categories?post=176659"},{"taxonomy":"post_tag","embeddable":true,"href":"https:\/\/cj.estrategia.com\/portal\/wp-json\/wp\/v2\/tags?post=176659"},{"taxonomy":"tax_estado","embeddable":true,"href":"https:\/\/cj.estrategia.com\/portal\/wp-json\/wp\/v2\/tax_estado?post=176659"}],"curies":[{"name":"wp","href":"https:\/\/api.w.org\/{rel}","templated":true}]}}