{"id":175630,"date":"2026-01-22T14:52:30","date_gmt":"2026-01-22T17:52:30","guid":{"rendered":"https:\/\/cj.estrategia.com\/portal\/?p=175630"},"modified":"2026-01-22T14:52:33","modified_gmt":"2026-01-22T17:52:33","slug":"confira-os-requisitos-e-remuneracao-do-novo-edital-magistratura-mg","status":"publish","type":"post","link":"https:\/\/cj.estrategia.com\/portal\/confira-os-requisitos-e-remuneracao-do-novo-edital-magistratura-mg\/","title":{"rendered":"Confira os requisitos e remunera\u00e7\u00e3o do novo edital Magistratura MG!"},"content":{"rendered":"\n<p>O <strong>Tribunal de Justi\u00e7a do Estado de Minas Gerais (TJ MG)<\/strong> publicou recentemente, por meio do Instituto Consulplan, o novo edital para ingresso na carreira da magistratura. <\/p>\n\n\n\n<p>Quer saber as informa\u00e7\u00f5es importantes sobre <strong>requisitos<\/strong> e <strong>remunera\u00e7\u00e3o<\/strong> do cargo de <strong>Juiz de Direito Substituto<\/strong>? Confira os detalhes abaixo!<\/p>\n\n\n\n<div class=\"container\" id=\"boxes\">\n  <div class=\"row\">\n\n    <div class=\"col-sm\">\n      <div class=\"banner-estrategia-concursos-juridicos\" id=\"box-assinatura\">\n        <h2 id=\"curso-para-magistratura-mg\" class=\"titulo-assinatura\"><span style=\"color: #ffffff; font-size: 23px; \">Curso para Magistratura MG <\/span><\/h2>\n        <p class=\"subtitulo-assinatura\">Cursos focados no edital do concurso<\/p>\n        <div class=\"box-botao\">\n          <a class=\"btn-assinatura-juridica\" target=\"_blank\" href=\"https:\/\/cj.estrategia.com\/curso\/tj-mg-juiz-substituto-pacote-teorico\/\" role=\"button\" rel=\"noopener noreferrer\">Conhe\u00e7a mais<\/a>\n        <\/div>\n      <\/div>\n      <p class=\"texto-auxiliar\">Prepare-se com o melhor material e com quem mais aprova em concursos em todo o pa\u00eds. \n<\/p>\n    <\/div>\n\n  <\/div>\n<\/div>\n\n\n\n<h2 id=\"%e2%9c%85-requisitos-para-ingresso-na-carreira\" class=\"wp-block-heading\">\u2705 Requisitos para ingresso na carreira<\/h2>\n\n\n\n<p>Para concorrer ao cargo, o candidato deve atender, entre outros, aos seguintes requisitos:<\/p>\n\n\n\n<ul class=\"wp-block-list\">\n<li>aprova\u00e7\u00e3o no concurso p\u00fablico de provas e t\u00edtulos;<\/li>\n\n\n\n<li>exerc\u00edcio regular dos direitos civis e pol\u00edticos;<\/li>\n\n\n\n<li>nacionalidade brasileira;<\/li>\n\n\n\n<li>quita\u00e7\u00e3o com as obriga\u00e7\u00f5es eleitorais e, se for o caso, militares;<\/li>\n\n\n\n<li>diploma de <strong>bacharel em Direito<\/strong>, obtido h\u00e1 pelo menos <strong>3 anos<\/strong>, por institui\u00e7\u00e3o oficial ou reconhecida pelo MEC;<\/li>\n\n\n\n<li>comprova\u00e7\u00e3o de <strong>3 anos de atividade jur\u00eddica<\/strong>, exercida ap\u00f3s a conclus\u00e3o do curso de Direito, nos termos da Constitui\u00e7\u00e3o Federal e da Resolu\u00e7\u00e3o CNJ n\u00ba 75\/2009;<\/li>\n\n\n\n<li>idoneidade moral, sem antecedentes criminais;<\/li>\n\n\n\n<li>inexist\u00eancia de penalidades ou processos por atos desabonadores no exerc\u00edcio profissional;<\/li>\n\n\n\n<li>aptid\u00e3o de sa\u00fade f\u00edsica e mental;<\/li>\n\n\n\n<li>caracter\u00edsticas psicol\u00f3gicas compat\u00edveis com o exerc\u00edcio do cargo.<\/li>\n<\/ul>\n\n\n\n<h2 class=\"wp-block-heading\" id=\"h-remuneracao-do-cargo-de-juiz-do-tj-mg\"><span id=\"%f0%9f%92%b0-remuneracao-do-cargo-de-juiz-do-tj-mg\">\ud83d\udcb0 Remunera\u00e7\u00e3o do cargo de Juiz do TJ MG<\/span><\/h2>\n\n\n\n<p>O <strong>subs\u00eddio bruto<\/strong> previsto em lei para o cargo de <strong>Juiz de Direito Substituto<\/strong> \u00e9 de <strong>R$ 35.877,27<\/strong>.<\/p>\n\n\n\n<h2 class=\"wp-block-heading\" id=\"h-provas-e-etapas-do-concurso-magistratura-mg\"><span id=\"%f0%9f%93%9d-provas-e-etapas-do-concurso-magistratura-mg\">\ud83d\udcdd Provas e etapas do concurso Magistratura MG<\/span><\/h2>\n\n\n\n<ol class=\"wp-block-list\">\n<li><strong>Primeira Etapa \u2013 Prova Objetiva<\/strong>\n<ul class=\"wp-block-list\">\n<li>100 quest\u00f5es (m\u00faltipla escolha), em 3 blocos<\/li>\n\n\n\n<li>Dura\u00e7\u00e3o: 5h<\/li>\n\n\n\n<li>Nota: 0 a 10 (0,1 por quest\u00e3o)<\/li>\n\n\n\n<li>Habilita\u00e7\u00e3o: m\u00ednimo de 30% em cada bloco e 60% no total<\/li>\n\n\n\n<li>Classifica\u00e7\u00e3o: 200 ou 300 melhores para a 2\u00aa etapa<\/li>\n<\/ul>\n<\/li>\n\n\n\n<li><strong>Segunda Etapa \u2013 Provas Escritas<\/strong>\n<ul class=\"wp-block-list\">\n<li>Dois dias de prova:\n<ul class=\"wp-block-list\">\n<li>Dia 1: discursiva + senten\u00e7a c\u00edvel<\/li>\n\n\n\n<li>Dia 2: senten\u00e7a criminal<\/li>\n<\/ul>\n<\/li>\n\n\n\n<li>Provas manuscritas, sem identifica\u00e7\u00e3o<\/li>\n\n\n\n<li>Consulta: apenas legisla\u00e7\u00e3o seca<\/li>\n\n\n\n<li>Notas:\n<ul class=\"wp-block-list\">\n<li>Discursiva: 0 a 10 (m\u00ednimo 6)<\/li>\n\n\n\n<li>Senten\u00e7a c\u00edvel: 0 a 10 (m\u00ednimo 6)<\/li>\n\n\n\n<li>Senten\u00e7a criminal: 0 a 10 (m\u00ednimo 6)<\/li>\n<\/ul>\n<\/li>\n<\/ul>\n<\/li>\n\n\n\n<li><strong>Terceira Etapa \u2013 Inscri\u00e7\u00e3o Definitiva<\/strong>\n<ul class=\"wp-block-list\">\n<li>Avalia\u00e7\u00e3o m\u00e9dica<\/li>\n\n\n\n<li>Avalia\u00e7\u00e3o psicol\u00f3gica<\/li>\n\n\n\n<li>Sindic\u00e2ncia da vida pregressa e investiga\u00e7\u00e3o social<\/li>\n<\/ul>\n<\/li>\n\n\n\n<li><strong>Quarta Etapa \u2013 Prova Oral<\/strong>\n<ul class=\"wp-block-list\">\n<li>Sess\u00e3o p\u00fablica, com grava\u00e7\u00e3o em \u00e1udio e v\u00eddeo<\/li>\n\n\n\n<li>Ordem e ponto definidos por sorteio (ponto com 24h de anteced\u00eancia)<\/li>\n\n\n\n<li>Programa divulgado at\u00e9 5 dias antes<\/li>\n\n\n\n<li>Consulta: legisla\u00e7\u00e3o seca fornecida pela Comiss\u00e3o<\/li>\n\n\n\n<li>Nota: 0 a 10 (m\u00e9dia; m\u00ednimo 6)<\/li>\n<\/ul>\n<\/li>\n\n\n\n<li><strong>Quinta Etapa \u2013 Avalia\u00e7\u00e3o de T\u00edtulos<\/strong> (<a href=\"https:\/\/cj.estrategia.com\/portal\/wp-content\/uploads\/2026\/01\/16220636\/titulos1.pdf\" target=\"_blank\" >Veja os t\u00edtulos considerados<\/a>)<\/li>\n<\/ol>\n\n\n\n<p class=\"has-text-align-center has-luminous-vivid-amber-to-luminous-vivid-orange-gradient-background has-background\"><strong>Saiba mais: <a href=\"https:\/\/cj.estrategia.com\/portal\/concurso-magistratura-mg\/\" target=\"_blank\" rel=\"noreferrer noopener nofollow\">Concurso Magistratura MG<\/a><\/strong><\/p>\n\n\n\n<h2 class=\"wp-block-heading has-text-align-left\" id=\"h-quer-saber-tudo-sobre-concursos-previstos-confira-nossos-artigos\"><span id=\"quer-saber-tudo-sobre-concursos-previstosconfira-nossos-artigos\">Quer saber tudo sobre concursos previstos?<br><strong>Confira nossos artigos!<\/strong><\/span><\/h2>\n\n\n\n<ul class=\"wp-block-list\">\n<li><a href=\"https:\/\/cj.estrategia.com\/portal\/concursos-abertos-carreiras-juridicas\/\" target=\"_blank\" >Concursos jur\u00eddicos abertos<\/a><\/li>\n\n\n\n<li><a href=\"https:\/\/cj.estrategia.com\/portal\/concursos-2025-carreiras-juridicas\/\" target=\"_blank\" >Concursos jur\u00eddicos 2025<\/a><\/li>\n\n\n\n<li><a href=\"https:\/\/cj.estrategia.com\/portal\/concursos-magistratura\/\" target=\"_blank\" >Concursos magistratura<\/a><\/li>\n<\/ul>\n\n\n\n<h2 class=\"wp-block-heading has-text-align-left\" id=\"h-ja-ouviu-falar-das-assinaturas-do-estrategia-carreiras-juridicas-confira-agora\"><span id=\"ja-ouviu-falar-das-assinaturas-do-estrategia-carreiras-juridicas-confira-agora\">J\u00e1 ouviu falar das assinaturas do Estrat\u00e9gia Carreiras Jur\u00eddicas? Confira agora!<\/span><\/h2>\n\n\n\n<div class=\"container\" id=\"boxes\">\n  <div class=\"row\">\n\n    <div class=\"col-sm\">\n      <div class=\"banner-estrategia-concursos-juridicos\" id=\"box-assinatura\">\n        <h2 id=\"curso-para-magistratura-mg-2\" class=\"titulo-assinatura\"><span style=\"color: #ffffff; font-size: 23px; \">Curso para Magistratura MG <\/span><\/h2>\n        <p class=\"subtitulo-assinatura\">Cursos focados no edital do concurso<\/p>\n        <div class=\"box-botao\">\n          <a class=\"btn-assinatura-juridica\" target=\"_blank\" href=\"https:\/\/cj.estrategia.com\/curso\/tj-mg-juiz-substituto-pacote-teorico\/\" role=\"button\" rel=\"noopener noreferrer\">Conhe\u00e7a mais<\/a>\n        <\/div>\n      <\/div>\n      <p class=\"texto-auxiliar\">Prepare-se com o melhor material e com quem mais aprova em concursos em todo o pa\u00eds. \n<\/p>\n    <\/div>\n\n  <\/div>\n<\/div>\n\n\n\n<div class=\"wp-block-cover\" style=\"min-height:155px;aspect-ratio:unset;\"><img decoding=\"async\" width=\"1890\" height=\"351\" class=\"wp-block-cover__image-background wp-image-8669\" alt=\"Assinaturas Jur\u00eddicas\" src=\"https:\/\/cj.estrategia.com\/portal\/wp-content\/uploads\/2022\/06\/20151253\/concurso-carreiras-juridicas-assinatura-juridica.jpg\" style=\"object-position:78% 43%\" data-object-fit=\"cover\" data-object-position=\"78% 43%\" srcset=\"https:\/\/cj.estrategia.com\/portal\/wp-content\/uploads\/2022\/06\/20151253\/concurso-carreiras-juridicas-assinatura-juridica.jpg 1890w, https:\/\/cj.estrategia.com\/portal\/wp-content\/uploads\/2022\/06\/20151253\/concurso-carreiras-juridicas-assinatura-juridica-300x56.jpg 300w, https:\/\/cj.estrategia.com\/portal\/wp-content\/uploads\/2022\/06\/20151253\/concurso-carreiras-juridicas-assinatura-juridica-1024x190.jpg 1024w, https:\/\/cj.estrategia.com\/portal\/wp-content\/uploads\/2022\/06\/20151253\/concurso-carreiras-juridicas-assinatura-juridica-768x143.jpg 768w, https:\/\/cj.estrategia.com\/portal\/wp-content\/uploads\/2022\/06\/20151253\/concurso-carreiras-juridicas-assinatura-juridica-1536x285.jpg 1536w, https:\/\/cj.estrategia.com\/portal\/wp-content\/uploads\/2022\/06\/20151253\/concurso-carreiras-juridicas-assinatura-juridica-380x71.jpg 380w, https:\/\/cj.estrategia.com\/portal\/wp-content\/uploads\/2022\/06\/20151253\/concurso-carreiras-juridicas-assinatura-juridica-800x149.jpg 800w, https:\/\/cj.estrategia.com\/portal\/wp-content\/uploads\/2022\/06\/20151253\/concurso-carreiras-juridicas-assinatura-juridica-1160x215.jpg 1160w\" sizes=\"(max-width: 1890px) 100vw, 1890px\" \/><span aria-hidden=\"true\" class=\"wp-block-cover__background has-background-dim\"><\/span><div class=\"wp-block-cover__inner-container is-layout-flow wp-block-cover-is-layout-flow\">\n<h3 id=\"faca-a-sua-assinatura\" class=\"titulo-assinatura\"><span style=\"color: #ffffff;\">Fa\u00e7a a sua assinatura!<\/span><\/h3>\n<p class=\"subtitulo-assinatura\" style=\"display:block!important; line-height: 0;\"><span style=\"color: #ffffff;\">Escolha a sua \u00e1rea.<\/span><\/p>\n<a target=\"_blank\" href=\"https:\/\/www.estrategiaconcursos.com.br\/assinaturas-ecj\/\" rel=\"noopener\"><button style=\"border-radius: 10px; text-transform: capitalize;\">Acessar<\/button><\/a>\n<\/div><\/div>\n\n\n\n<p><\/p>\n","protected":false},"excerpt":{"rendered":"O Tribunal de Justi\u00e7a do Estado de Minas Gerais (TJ MG) publicou recentemente, por meio do Instituto Consulplan,&hellip;\n","protected":false},"author":162,"featured_media":32268,"comment_status":"open","ping_status":"open","sticky":false,"template":"","format":"standard","meta":{"_jetpack_memberships_contains_paid_content":false,"footnotes":""},"categories":[26],"tags":[],"tax_estado":[41],"class_list":{"0":"post-175630","1":"post","2":"type-post","3":"status-publish","4":"format-standard","5":"has-post-thumbnail","7":"category-magistratura","8":"tax_estado-mg"},"acf":[],"yoast_head":"<!-- This site is optimized with the Yoast SEO Premium plugin v27.4 (Yoast SEO v27.4) - https:\/\/yoast.com\/product\/yoast-seo-premium-wordpress\/ -->\n<title>Confira os requisitos e remunera\u00e7\u00e3o do novo edital Magistratura MG!<\/title>\n<meta name=\"description\" content=\"Confira os requisitos e remunera\u00e7\u00e3o do novo edital Magistratura MG e prepare-se para a carreira de Juiz de Direito Substituto.\" \/>\n<meta name=\"robots\" content=\"index, follow, max-snippet:-1, max-image-preview:large, max-video-preview:-1\" \/>\n<link rel=\"canonical\" href=\"https:\/\/cj.estrategia.com\/portal\/confira-os-requisitos-e-remuneracao-do-novo-edital-magistratura-mg\/\" \/>\n<meta property=\"og:locale\" content=\"pt_BR\" \/>\n<meta property=\"og:type\" content=\"article\" \/>\n<meta property=\"og:title\" content=\"Confira os requisitos e remunera\u00e7\u00e3o do novo edital Magistratura MG!\" \/>\n<meta property=\"og:description\" content=\"Confira os requisitos e remunera\u00e7\u00e3o do novo edital Magistratura MG e prepare-se para a carreira de Juiz de Direito Substituto.\" \/>\n<meta property=\"og:url\" content=\"https:\/\/cj.estrategia.com\/portal\/confira-os-requisitos-e-remuneracao-do-novo-edital-magistratura-mg\/\" \/>\n<meta property=\"og:site_name\" content=\"Blog - Carreiras Jur\u00eddicas - Estrat\u00e9gia\" \/>\n<meta property=\"article:publisher\" content=\"https:\/\/www.facebook.com\/estrategiacarreirajuridica\/\" \/>\n<meta property=\"article:published_time\" content=\"2026-01-22T17:52:30+00:00\" \/>\n<meta property=\"article:modified_time\" content=\"2026-01-22T17:52:33+00:00\" \/>\n<meta property=\"og:image\" content=\"https:\/\/cj.estrategia.com\/portal\/wp-content\/uploads\/2023\/02\/27141840\/concurso-magistratura-mg-tjmg-juiz.jpg\" \/>\n\t<meta property=\"og:image:width\" content=\"960\" \/>\n\t<meta property=\"og:image:height\" content=\"540\" \/>\n\t<meta property=\"og:image:type\" content=\"image\/jpeg\" \/>\n<meta name=\"author\" content=\"Jos\u00e9 Ferreira\" \/>\n<meta name=\"twitter:card\" content=\"summary_large_image\" \/>\n<meta name=\"twitter:creator\" content=\"@EstratJuridica\" \/>\n<meta name=\"twitter:site\" content=\"@EstratJuridica\" \/>\n<meta name=\"twitter:label1\" content=\"Escrito por\" \/>\n\t<meta name=\"twitter:data1\" content=\"Jos\u00e9 Ferreira\" \/>\n\t<meta name=\"twitter:label2\" content=\"Est. tempo de leitura\" \/>\n\t<meta name=\"twitter:data2\" content=\"3 minutos\" \/>\n<script type=\"application\/ld+json\" class=\"yoast-schema-graph\">{\"@context\":\"https:\\\/\\\/schema.org\",\"@graph\":[{\"@type\":\"NewsArticle\",\"@id\":\"https:\\\/\\\/cj.estrategia.com\\\/portal\\\/confira-os-requisitos-e-remuneracao-do-novo-edital-magistratura-mg\\\/#article\",\"isPartOf\":{\"@id\":\"https:\\\/\\\/cj.estrategia.com\\\/portal\\\/confira-os-requisitos-e-remuneracao-do-novo-edital-magistratura-mg\\\/\"},\"author\":{\"name\":\"Jos\u00e9 Ferreira\",\"@id\":\"https:\\\/\\\/cj.estrategia.com\\\/portal\\\/#\\\/schema\\\/person\\\/4caf0099c42d736f2aade723f309f690\"},\"headline\":\"Confira os requisitos e remunera\u00e7\u00e3o do novo edital Magistratura MG!\",\"datePublished\":\"2026-01-22T17:52:30+00:00\",\"dateModified\":\"2026-01-22T17:52:33+00:00\",\"mainEntityOfPage\":{\"@id\":\"https:\\\/\\\/cj.estrategia.com\\\/portal\\\/confira-os-requisitos-e-remuneracao-do-novo-edital-magistratura-mg\\\/\"},\"wordCount\":494,\"commentCount\":0,\"publisher\":{\"@id\":\"https:\\\/\\\/cj.estrategia.com\\\/portal\\\/#organization\"},\"image\":{\"@id\":\"https:\\\/\\\/cj.estrategia.com\\\/portal\\\/confira-os-requisitos-e-remuneracao-do-novo-edital-magistratura-mg\\\/#primaryimage\"},\"thumbnailUrl\":\"https:\\\/\\\/cj.estrategia.com\\\/portal\\\/wp-content\\\/uploads\\\/2023\\\/02\\\/27141840\\\/concurso-magistratura-mg-tjmg-juiz.jpg\",\"articleSection\":[\"Magistratura\"],\"inLanguage\":\"pt-BR\",\"potentialAction\":[{\"@type\":\"CommentAction\",\"name\":\"Comment\",\"target\":[\"https:\\\/\\\/cj.estrategia.com\\\/portal\\\/confira-os-requisitos-e-remuneracao-do-novo-edital-magistratura-mg\\\/#respond\"]}]},{\"@type\":\"WebPage\",\"@id\":\"https:\\\/\\\/cj.estrategia.com\\\/portal\\\/confira-os-requisitos-e-remuneracao-do-novo-edital-magistratura-mg\\\/\",\"url\":\"https:\\\/\\\/cj.estrategia.com\\\/portal\\\/confira-os-requisitos-e-remuneracao-do-novo-edital-magistratura-mg\\\/\",\"name\":\"Confira os requisitos e remunera\u00e7\u00e3o do novo edital Magistratura MG!\",\"isPartOf\":{\"@id\":\"https:\\\/\\\/cj.estrategia.com\\\/portal\\\/#website\"},\"primaryImageOfPage\":{\"@id\":\"https:\\\/\\\/cj.estrategia.com\\\/portal\\\/confira-os-requisitos-e-remuneracao-do-novo-edital-magistratura-mg\\\/#primaryimage\"},\"image\":{\"@id\":\"https:\\\/\\\/cj.estrategia.com\\\/portal\\\/confira-os-requisitos-e-remuneracao-do-novo-edital-magistratura-mg\\\/#primaryimage\"},\"thumbnailUrl\":\"https:\\\/\\\/cj.estrategia.com\\\/portal\\\/wp-content\\\/uploads\\\/2023\\\/02\\\/27141840\\\/concurso-magistratura-mg-tjmg-juiz.jpg\",\"datePublished\":\"2026-01-22T17:52:30+00:00\",\"dateModified\":\"2026-01-22T17:52:33+00:00\",\"description\":\"Confira os requisitos e remunera\u00e7\u00e3o do novo edital Magistratura MG e prepare-se para a carreira de Juiz de Direito Substituto.\",\"breadcrumb\":{\"@id\":\"https:\\\/\\\/cj.estrategia.com\\\/portal\\\/confira-os-requisitos-e-remuneracao-do-novo-edital-magistratura-mg\\\/#breadcrumb\"},\"inLanguage\":\"pt-BR\",\"potentialAction\":[{\"@type\":\"ReadAction\",\"target\":[\"https:\\\/\\\/cj.estrategia.com\\\/portal\\\/confira-os-requisitos-e-remuneracao-do-novo-edital-magistratura-mg\\\/\"]}]},{\"@type\":\"ImageObject\",\"inLanguage\":\"pt-BR\",\"@id\":\"https:\\\/\\\/cj.estrategia.com\\\/portal\\\/confira-os-requisitos-e-remuneracao-do-novo-edital-magistratura-mg\\\/#primaryimage\",\"url\":\"https:\\\/\\\/cj.estrategia.com\\\/portal\\\/wp-content\\\/uploads\\\/2023\\\/02\\\/27141840\\\/concurso-magistratura-mg-tjmg-juiz.jpg\",\"contentUrl\":\"https:\\\/\\\/cj.estrategia.com\\\/portal\\\/wp-content\\\/uploads\\\/2023\\\/02\\\/27141840\\\/concurso-magistratura-mg-tjmg-juiz.jpg\",\"width\":960,\"height\":540,\"caption\":\"Concurso Juiz MG TJMG Juiz\"},{\"@type\":\"BreadcrumbList\",\"@id\":\"https:\\\/\\\/cj.estrategia.com\\\/portal\\\/confira-os-requisitos-e-remuneracao-do-novo-edital-magistratura-mg\\\/#breadcrumb\",\"itemListElement\":[{\"@type\":\"ListItem\",\"position\":1,\"name\":\"In\u00edcio\",\"item\":\"https:\\\/\\\/cj.estrategia.com\\\/portal\\\/\"},{\"@type\":\"ListItem\",\"position\":2,\"name\":\"Confira os requisitos e remunera\u00e7\u00e3o do novo edital Magistratura MG!\"}]},{\"@type\":\"WebSite\",\"@id\":\"https:\\\/\\\/cj.estrategia.com\\\/portal\\\/#website\",\"url\":\"https:\\\/\\\/cj.estrategia.com\\\/portal\\\/\",\"name\":\"Blog - Carreiras Jur\u00eddicas - Estrat\u00e9gia\",\"description\":\"\",\"publisher\":{\"@id\":\"https:\\\/\\\/cj.estrategia.com\\\/portal\\\/#organization\"},\"potentialAction\":[{\"@type\":\"SearchAction\",\"target\":{\"@type\":\"EntryPoint\",\"urlTemplate\":\"https:\\\/\\\/cj.estrategia.com\\\/portal\\\/?s={search_term_string}\"},\"query-input\":{\"@type\":\"PropertyValueSpecification\",\"valueRequired\":true,\"valueName\":\"search_term_string\"}}],\"inLanguage\":\"pt-BR\"},{\"@type\":\"Organization\",\"@id\":\"https:\\\/\\\/cj.estrategia.com\\\/portal\\\/#organization\",\"name\":\"Estrat\u00e9gia - Carreiras Jur\u00eddicas\",\"url\":\"https:\\\/\\\/cj.estrategia.com\\\/portal\\\/\",\"logo\":{\"@type\":\"ImageObject\",\"inLanguage\":\"pt-BR\",\"@id\":\"https:\\\/\\\/cj.estrategia.com\\\/portal\\\/#\\\/schema\\\/logo\\\/image\\\/\",\"url\":\"https:\\\/\\\/cj.estrategia.com\\\/portal\\\/wp-content\\\/uploads\\\/2022\\\/03\\\/11151052\\\/cj-logo.png\",\"contentUrl\":\"https:\\\/\\\/cj.estrategia.com\\\/portal\\\/wp-content\\\/uploads\\\/2022\\\/03\\\/11151052\\\/cj-logo.png\",\"width\":150,\"height\":39,\"caption\":\"Estrat\u00e9gia - Carreiras Jur\u00eddicas\"},\"image\":{\"@id\":\"https:\\\/\\\/cj.estrategia.com\\\/portal\\\/#\\\/schema\\\/logo\\\/image\\\/\"},\"sameAs\":[\"https:\\\/\\\/www.facebook.com\\\/estrategiacarreirajuridica\\\/\",\"https:\\\/\\\/x.com\\\/EstratJuridica\",\"https:\\\/\\\/www.instagram.com\\\/estrategiacarreirajuridica\\\/\",\"https:\\\/\\\/www.youtube.com\\\/channel\\\/UClbMGuYbj2Mh1m3w144ETWQ\"]},{\"@type\":\"Person\",\"@id\":\"https:\\\/\\\/cj.estrategia.com\\\/portal\\\/#\\\/schema\\\/person\\\/4caf0099c42d736f2aade723f309f690\",\"name\":\"Jos\u00e9 Ferreira\",\"image\":{\"@type\":\"ImageObject\",\"inLanguage\":\"pt-BR\",\"@id\":\"https:\\\/\\\/cj.estrategia.com\\\/portal\\\/wp-content\\\/uploads\\\/2025\\\/04\\\/18142237\\\/jose-ferreira-navarro-analista-de-conteudo-jornalismo-carreiras-juridicas-96x96.png\",\"url\":\"https:\\\/\\\/cj.estrategia.com\\\/portal\\\/wp-content\\\/uploads\\\/2025\\\/04\\\/18142237\\\/jose-ferreira-navarro-analista-de-conteudo-jornalismo-carreiras-juridicas-96x96.png\",\"contentUrl\":\"https:\\\/\\\/cj.estrategia.com\\\/portal\\\/wp-content\\\/uploads\\\/2025\\\/04\\\/18142237\\\/jose-ferreira-navarro-analista-de-conteudo-jornalismo-carreiras-juridicas-96x96.png\",\"caption\":\"Jos\u00e9 Ferreira\"},\"description\":\"Analista de conte\u00fado na equipe de Jornalismo, atua com SEO e estrat\u00e9gia para desenvolver conte\u00fados relevantes e de alta qualidade voltados para OAB e para o universo de Concursos Jur\u00eddicos.\",\"url\":\"https:\\\/\\\/cj.estrategia.com\\\/portal\\\/author\\\/jose-navarro-de-andrade-cintra-ferreira\\\/\"}]}<\/script>\n<!-- \/ Yoast SEO Premium plugin. -->","yoast_head_json":{"title":"Confira os requisitos e remunera\u00e7\u00e3o do novo edital Magistratura MG!","description":"Confira os requisitos e remunera\u00e7\u00e3o do novo edital Magistratura MG e prepare-se para a carreira de Juiz de Direito Substituto.","robots":{"index":"index","follow":"follow","max-snippet":"max-snippet:-1","max-image-preview":"max-image-preview:large","max-video-preview":"max-video-preview:-1"},"canonical":"https:\/\/cj.estrategia.com\/portal\/confira-os-requisitos-e-remuneracao-do-novo-edital-magistratura-mg\/","og_locale":"pt_BR","og_type":"article","og_title":"Confira os requisitos e remunera\u00e7\u00e3o do novo edital Magistratura MG!","og_description":"Confira os requisitos e remunera\u00e7\u00e3o do novo edital Magistratura MG e prepare-se para a carreira de Juiz de Direito Substituto.","og_url":"https:\/\/cj.estrategia.com\/portal\/confira-os-requisitos-e-remuneracao-do-novo-edital-magistratura-mg\/","og_site_name":"Blog - Carreiras Jur\u00eddicas - Estrat\u00e9gia","article_publisher":"https:\/\/www.facebook.com\/estrategiacarreirajuridica\/","article_published_time":"2026-01-22T17:52:30+00:00","article_modified_time":"2026-01-22T17:52:33+00:00","og_image":[{"width":960,"height":540,"url":"https:\/\/cj.estrategia.com\/portal\/wp-content\/uploads\/2023\/02\/27141840\/concurso-magistratura-mg-tjmg-juiz.jpg","type":"image\/jpeg"}],"author":"Jos\u00e9 Ferreira","twitter_card":"summary_large_image","twitter_creator":"@EstratJuridica","twitter_site":"@EstratJuridica","twitter_misc":{"Escrito por":"Jos\u00e9 Ferreira","Est. tempo de leitura":"3 minutos"},"schema":{"@context":"https:\/\/schema.org","@graph":[{"@type":"NewsArticle","@id":"https:\/\/cj.estrategia.com\/portal\/confira-os-requisitos-e-remuneracao-do-novo-edital-magistratura-mg\/#article","isPartOf":{"@id":"https:\/\/cj.estrategia.com\/portal\/confira-os-requisitos-e-remuneracao-do-novo-edital-magistratura-mg\/"},"author":{"name":"Jos\u00e9 Ferreira","@id":"https:\/\/cj.estrategia.com\/portal\/#\/schema\/person\/4caf0099c42d736f2aade723f309f690"},"headline":"Confira os requisitos e remunera\u00e7\u00e3o do novo edital Magistratura MG!","datePublished":"2026-01-22T17:52:30+00:00","dateModified":"2026-01-22T17:52:33+00:00","mainEntityOfPage":{"@id":"https:\/\/cj.estrategia.com\/portal\/confira-os-requisitos-e-remuneracao-do-novo-edital-magistratura-mg\/"},"wordCount":494,"commentCount":0,"publisher":{"@id":"https:\/\/cj.estrategia.com\/portal\/#organization"},"image":{"@id":"https:\/\/cj.estrategia.com\/portal\/confira-os-requisitos-e-remuneracao-do-novo-edital-magistratura-mg\/#primaryimage"},"thumbnailUrl":"https:\/\/cj.estrategia.com\/portal\/wp-content\/uploads\/2023\/02\/27141840\/concurso-magistratura-mg-tjmg-juiz.jpg","articleSection":["Magistratura"],"inLanguage":"pt-BR","potentialAction":[{"@type":"CommentAction","name":"Comment","target":["https:\/\/cj.estrategia.com\/portal\/confira-os-requisitos-e-remuneracao-do-novo-edital-magistratura-mg\/#respond"]}]},{"@type":"WebPage","@id":"https:\/\/cj.estrategia.com\/portal\/confira-os-requisitos-e-remuneracao-do-novo-edital-magistratura-mg\/","url":"https:\/\/cj.estrategia.com\/portal\/confira-os-requisitos-e-remuneracao-do-novo-edital-magistratura-mg\/","name":"Confira os requisitos e remunera\u00e7\u00e3o do novo edital Magistratura MG!","isPartOf":{"@id":"https:\/\/cj.estrategia.com\/portal\/#website"},"primaryImageOfPage":{"@id":"https:\/\/cj.estrategia.com\/portal\/confira-os-requisitos-e-remuneracao-do-novo-edital-magistratura-mg\/#primaryimage"},"image":{"@id":"https:\/\/cj.estrategia.com\/portal\/confira-os-requisitos-e-remuneracao-do-novo-edital-magistratura-mg\/#primaryimage"},"thumbnailUrl":"https:\/\/cj.estrategia.com\/portal\/wp-content\/uploads\/2023\/02\/27141840\/concurso-magistratura-mg-tjmg-juiz.jpg","datePublished":"2026-01-22T17:52:30+00:00","dateModified":"2026-01-22T17:52:33+00:00","description":"Confira os requisitos e remunera\u00e7\u00e3o do novo edital Magistratura MG e prepare-se para a carreira de Juiz de Direito Substituto.","breadcrumb":{"@id":"https:\/\/cj.estrategia.com\/portal\/confira-os-requisitos-e-remuneracao-do-novo-edital-magistratura-mg\/#breadcrumb"},"inLanguage":"pt-BR","potentialAction":[{"@type":"ReadAction","target":["https:\/\/cj.estrategia.com\/portal\/confira-os-requisitos-e-remuneracao-do-novo-edital-magistratura-mg\/"]}]},{"@type":"ImageObject","inLanguage":"pt-BR","@id":"https:\/\/cj.estrategia.com\/portal\/confira-os-requisitos-e-remuneracao-do-novo-edital-magistratura-mg\/#primaryimage","url":"https:\/\/cj.estrategia.com\/portal\/wp-content\/uploads\/2023\/02\/27141840\/concurso-magistratura-mg-tjmg-juiz.jpg","contentUrl":"https:\/\/cj.estrategia.com\/portal\/wp-content\/uploads\/2023\/02\/27141840\/concurso-magistratura-mg-tjmg-juiz.jpg","width":960,"height":540,"caption":"Concurso Juiz MG TJMG Juiz"},{"@type":"BreadcrumbList","@id":"https:\/\/cj.estrategia.com\/portal\/confira-os-requisitos-e-remuneracao-do-novo-edital-magistratura-mg\/#breadcrumb","itemListElement":[{"@type":"ListItem","position":1,"name":"In\u00edcio","item":"https:\/\/cj.estrategia.com\/portal\/"},{"@type":"ListItem","position":2,"name":"Confira os requisitos e remunera\u00e7\u00e3o do novo edital Magistratura MG!"}]},{"@type":"WebSite","@id":"https:\/\/cj.estrategia.com\/portal\/#website","url":"https:\/\/cj.estrategia.com\/portal\/","name":"Blog - Carreiras Jur\u00eddicas - Estrat\u00e9gia","description":"","publisher":{"@id":"https:\/\/cj.estrategia.com\/portal\/#organization"},"potentialAction":[{"@type":"SearchAction","target":{"@type":"EntryPoint","urlTemplate":"https:\/\/cj.estrategia.com\/portal\/?s={search_term_string}"},"query-input":{"@type":"PropertyValueSpecification","valueRequired":true,"valueName":"search_term_string"}}],"inLanguage":"pt-BR"},{"@type":"Organization","@id":"https:\/\/cj.estrategia.com\/portal\/#organization","name":"Estrat\u00e9gia - Carreiras Jur\u00eddicas","url":"https:\/\/cj.estrategia.com\/portal\/","logo":{"@type":"ImageObject","inLanguage":"pt-BR","@id":"https:\/\/cj.estrategia.com\/portal\/#\/schema\/logo\/image\/","url":"https:\/\/cj.estrategia.com\/portal\/wp-content\/uploads\/2022\/03\/11151052\/cj-logo.png","contentUrl":"https:\/\/cj.estrategia.com\/portal\/wp-content\/uploads\/2022\/03\/11151052\/cj-logo.png","width":150,"height":39,"caption":"Estrat\u00e9gia - Carreiras Jur\u00eddicas"},"image":{"@id":"https:\/\/cj.estrategia.com\/portal\/#\/schema\/logo\/image\/"},"sameAs":["https:\/\/www.facebook.com\/estrategiacarreirajuridica\/","https:\/\/x.com\/EstratJuridica","https:\/\/www.instagram.com\/estrategiacarreirajuridica\/","https:\/\/www.youtube.com\/channel\/UClbMGuYbj2Mh1m3w144ETWQ"]},{"@type":"Person","@id":"https:\/\/cj.estrategia.com\/portal\/#\/schema\/person\/4caf0099c42d736f2aade723f309f690","name":"Jos\u00e9 Ferreira","image":{"@type":"ImageObject","inLanguage":"pt-BR","@id":"https:\/\/cj.estrategia.com\/portal\/wp-content\/uploads\/2025\/04\/18142237\/jose-ferreira-navarro-analista-de-conteudo-jornalismo-carreiras-juridicas-96x96.png","url":"https:\/\/cj.estrategia.com\/portal\/wp-content\/uploads\/2025\/04\/18142237\/jose-ferreira-navarro-analista-de-conteudo-jornalismo-carreiras-juridicas-96x96.png","contentUrl":"https:\/\/cj.estrategia.com\/portal\/wp-content\/uploads\/2025\/04\/18142237\/jose-ferreira-navarro-analista-de-conteudo-jornalismo-carreiras-juridicas-96x96.png","caption":"Jos\u00e9 Ferreira"},"description":"Analista de conte\u00fado na equipe de Jornalismo, atua com SEO e estrat\u00e9gia para desenvolver conte\u00fados relevantes e de alta qualidade voltados para OAB e para o universo de Concursos Jur\u00eddicos.","url":"https:\/\/cj.estrategia.com\/portal\/author\/jose-navarro-de-andrade-cintra-ferreira\/"}]}},"jetpack_featured_media_url":"https:\/\/cj.estrategia.com\/portal\/wp-content\/uploads\/2023\/02\/27141840\/concurso-magistratura-mg-tjmg-juiz.jpg","jetpack_sharing_enabled":true,"_links":{"self":[{"href":"https:\/\/cj.estrategia.com\/portal\/wp-json\/wp\/v2\/posts\/175630","targetHints":{"allow":["GET"]}}],"collection":[{"href":"https:\/\/cj.estrategia.com\/portal\/wp-json\/wp\/v2\/posts"}],"about":[{"href":"https:\/\/cj.estrategia.com\/portal\/wp-json\/wp\/v2\/types\/post"}],"author":[{"embeddable":true,"href":"https:\/\/cj.estrategia.com\/portal\/wp-json\/wp\/v2\/users\/162"}],"replies":[{"embeddable":true,"href":"https:\/\/cj.estrategia.com\/portal\/wp-json\/wp\/v2\/comments?post=175630"}],"version-history":[{"count":2,"href":"https:\/\/cj.estrategia.com\/portal\/wp-json\/wp\/v2\/posts\/175630\/revisions"}],"predecessor-version":[{"id":175632,"href":"https:\/\/cj.estrategia.com\/portal\/wp-json\/wp\/v2\/posts\/175630\/revisions\/175632"}],"wp:featuredmedia":[{"embeddable":true,"href":"https:\/\/cj.estrategia.com\/portal\/wp-json\/wp\/v2\/media\/32268"}],"wp:attachment":[{"href":"https:\/\/cj.estrategia.com\/portal\/wp-json\/wp\/v2\/media?parent=175630"}],"wp:term":[{"taxonomy":"category","embeddable":true,"href":"https:\/\/cj.estrategia.com\/portal\/wp-json\/wp\/v2\/categories?post=175630"},{"taxonomy":"post_tag","embeddable":true,"href":"https:\/\/cj.estrategia.com\/portal\/wp-json\/wp\/v2\/tags?post=175630"},{"taxonomy":"tax_estado","embeddable":true,"href":"https:\/\/cj.estrategia.com\/portal\/wp-json\/wp\/v2\/tax_estado?post=175630"}],"curies":[{"name":"wp","href":"https:\/\/api.w.org\/{rel}","templated":true}]}}