{"id":174843,"date":"2026-04-29T14:38:08","date_gmt":"2026-04-29T17:38:08","guid":{"rendered":"https:\/\/cj.estrategia.com\/portal\/?p=174843"},"modified":"2026-04-29T14:42:10","modified_gmt":"2026-04-29T17:42:10","slug":"concurso-procurador-camara-senador-canedo-go","status":"publish","type":"post","link":"https:\/\/cj.estrategia.com\/portal\/concurso-procurador-camara-senador-canedo-go\/","title":{"rendered":"Concurso Procurador C\u00e2mara Senador Canedo GO: cronograma retificado! Confira!"},"content":{"rendered":"\n<p>A C\u00e2mara Municipal de Senador Canedo, em Goi\u00e1s, vai reabrir as inscri\u00e7\u00f5es para o <strong>Concurso Procurador C\u00e2mara Senador Canedo GO. <\/strong>De acordo com o novo cronograma os candidatos ter\u00e3o at\u00e9 <strong>19\/05\/2026 para confirmar participa\u00e7\u00e3o.<\/strong><\/p>\n\n\n\n<ul class=\"wp-block-list\">\n<li><a href=\"https:\/\/cj.estrategia.com\/portal\/wp-content\/uploads\/2026\/04\/21121521\/20260420_150148_CRONOGRAMA-SENADOR-CANEDO-001.2026-20.04.pdf\" target=\"_blank\" >Cronograma atualizado<\/a><\/li>\n<\/ul>\n\n\n\n<p>Al\u00e9m das inscri\u00e7\u00f5es, a data da prova objetiva tamb\u00e9m passou por mudan\u00e7as. Agora a avalia\u00e7\u00e3o est\u00e1 marcada para o dia <strong>18 de julho de 2026<\/strong>. <\/p>\n\n\n\n<p>A <strong>C\u00e2mara <\/strong>divulgou comunicado oficial informando a <strong>reabertura do per\u00edodo para solicita\u00e7\u00e3o de isen\u00e7\u00e3o da taxa de inscri\u00e7\u00e3o<\/strong> do concurso p\u00fablico regido pelo <a href=\"https:\/\/cj.estrategia.com\/portal\/wp-content\/uploads\/2026\/04\/29143426\/20260429_082753_COMUNICADO-REABERTURA-DE-ISENCAO-SENADOR-CANEDO-1.pdf\" target=\"_blank\" >Edital n\u00ba 001\/2026<\/a>. O novo prazo ser\u00e1 <strong>nos dias 29 e 30 de abril<\/strong>.<\/p>\n\n\n\n<p>O certame oferta <strong>1 vaga imediata mais 1 vaga em cadastro reserva com iniciais de R$ 11,9 mil<\/strong>.<\/p>\n\n\n\n<p>Para concorrer, \u00e9 necess\u00e1rio diploma de curso superior em Direito, inscri\u00e7\u00e3o regular na OAB e comprovar atividade jur\u00eddica no ato da posse de pelo menos 3 anos.<\/p>\n\n\n\n<ul class=\"wp-block-list has-very-light-gray-to-cyan-bluish-gray-gradient-background has-background\">\n<li><strong>Concurso Procurador C\u00e2mara de Senador Canedo GO<\/strong><\/li>\n\n\n\n<li><strong>Status:<\/strong> cronograma modificado<\/li>\n\n\n\n<li><strong>Banca:<\/strong> <a href=\"https:\/\/consulpam.com.br\/index.php?menu=concursos&acao=ver&id=814\" target=\"_blank\" rel=\"noreferrer noopener nofollow\">Instituto Consulpam<\/a><\/li>\n\n\n\n<li><strong>Vagas:<\/strong>\u00a01 + 1 CR<\/li>\n\n\n\n<li><strong>Sal\u00e1rio inicial:<\/strong> R$ 11.903,79<\/li>\n\n\n\n<li><strong>Edital: <\/strong><a href=\"https:\/\/cj.estrategia.com\/portal\/wp-content\/uploads\/2026\/01\/16195836\/20260116_090115_EDITAL-001.-2026-CAMARA-SENADOR-CANEDO-1.pdf\" target=\"_blank\" rel=\"noreferrer noopener nofollow\">Procurador C\u00e2mara de Senador Canedo GO<\/a><\/li>\n\n\n\n<li><\/li>\n<\/ul>\n\n\n\n<div class=\"container\" id=\"boxes\">\n  <div class=\"row\">\n\n    <div class=\"col-sm\">\n      <div class=\"banner-ecj-procuradorias\" id=\"box-assinatura\">\n        <h2 id=\"cursos-para-procurador-camara-de-senador-canedo-go\" class=\"titulo-assinatura\"><span style=\"color: #ffffff; font-size: 23px; \">Cursos para Procurador C\u00e2mara de Senador Canedo GO<\/span><\/h2>\n        <p class=\"subtitulo-assinatura\">Cursos focados no edital!<\/p>\n        <div class=\"box-botao\">\n          <a class=\"btn-assinatura-juridica\" target=\"_blank\" href=\"https:\/\/cj.estrategia.com\/concurso\/cursos-para-procuradorias-e-advogados\" role=\"button\" rel=\"noopener noreferrer\">CLIQUE AQUI<\/a>\n        <\/div>\n      <\/div>\n      <p class=\"texto-auxiliar\">Prepare-se com o melhor material e com quem mais aprova em concursos em todo o pa\u00eds. \n<\/p>\n    <\/div>\n\n  <\/div>\n<\/div>\n\n\n\n<div class=\"wp-block-yoast-seo-table-of-contents yoast-table-of-contents\"><ul><li><a href=\"#atual\" data-level=\"2\">Concurso Procurador C\u00e2mara de Senador Canedo GO<\/a><ul><li><a href=\"#h-qual-o-cronograma-do-concurso-para-procurador-da-camara-de-senador-canedo-go\" data-level=\"3\">Qual o cronograma do Concurso para Procurador da C\u00e2mara de Senador Canedo GO?<\/a><\/li><li><a href=\"#carreira\" data-level=\"3\">Quais as principais detalhes do cargo de Procurador na C\u00e2mara de Senador Canedo GO?<\/a><\/li><li><a href=\"#etapas\" data-level=\"3\">Quais as provas e etapas do Concurso para Procurador da C\u00e2mara de Senador Canedo GO?<\/a><\/li><\/ul><\/li><\/ul><\/div>\n\n\n\n<h2 class=\"wp-block-heading\" id=\"atual\"><span id=\"concurso-procurador-camara-de-senador-canedo-go\">Concurso Procurador C\u00e2mara de Senador Canedo GO<\/span><\/h2>\n\n\n\n<h3 class=\"wp-block-heading\" id=\"h-qual-o-cronograma-do-concurso-para-procurador-da-camara-de-senador-canedo-go\"><span id=\"qual-o-cronograma-do-concurso-para-procurador-da-camara-de-senador-canedo-go\">Qual o cronograma do Concurso para Procurador da C\u00e2mara de Senador Canedo GO?<\/span><\/h3>\n\n\n\n<p class=\"has-very-light-gray-to-cyan-bluish-gray-gradient-background has-background\"><mark style=\"background-color:rgba(0, 0, 0, 0)\" class=\"has-inline-color has-black-color\"><strong>Inscri\u00e7\u00f5es:<\/strong> at\u00e9 19\/05\/2026<\/mark><br><mark style=\"background-color:rgba(0, 0, 0, 0)\" class=\"has-inline-color has-black-color\"><strong>Isen\u00e7\u00e3o da taxa:<\/strong> 22\/04<\/mark> a 24\/04\/2026<br><mark style=\"background-color:rgba(0, 0, 0, 0)\" class=\"has-inline-color has-black-color\"><strong>Provas:<\/strong> <\/mark> 18\/07\/2026<\/p>\n\n\n\n<h3 class=\"wp-block-heading\" id=\"carreira\"><span id=\"quais-as-principais-detalhes-do-cargo-de-procurador-na-camara-de-senador-canedo-go\">Quais as principais detalhes do cargo de Procurador na C\u00e2mara de Senador Canedo GO?<\/span><\/h3>\n\n\n\n<figure class=\"wp-block-table is-style-stripes\"><table class=\"has-luminous-vivid-amber-background-color has-background\"><thead><tr><th>CARGO<\/th><th>VAGAS<\/th><th>REMUNERA\u00c7\u00c3O<\/th><th>JORNADA<\/th><th>REQUISITOS<\/th><\/tr><\/thead><tbody><tr><td>Procurador Jur\u00eddico<\/td><td>1 + 1 CR<\/td><td>R$ 11.903,79<\/td><td>30h<\/td><td>Ensino Superior Completo em Direito<br>Inscri\u00e7\u00e3o na Ordem dos Advogados<br>Atividade jur\u00eddica comprovada no ato da posse de pelo menos 3 anos<\/td><\/tr><\/tbody><\/table><\/figure>\n\n\n\n<h3 class=\"wp-block-heading\" id=\"etapas\"><span id=\"quais-as-provas-e-etapas-do-concurso-para-procurador-da-camara-de-senador-canedo-go\">Quais as provas e etapas do Concurso para Procurador da C\u00e2mara de Senador Canedo GO?<\/span><\/h3>\n\n\n\n<ul class=\"wp-block-list\">\n<li><strong>Prova Objetiva<\/strong>\n<ul class=\"wp-block-list\">\n<li>Composta por 40 quest\u00f5es com 4 alternativas e dura\u00e7\u00e3o de <strong>4 horas<\/strong> (<a href=\"https:\/\/cj.estrategia.com\/portal\/wp-content\/uploads\/2026\/01\/16195402\/20260116_090115_EDITAL-001.-2026-CAMARA-SENADOR-CANEDO.pdf\" target=\"_blank\" rel=\"noreferrer noopener nofollow\">veja a distribui\u00e7\u00e3o de disciplinas<\/a>).<\/li>\n<\/ul>\n<\/li>\n\n\n\n<li><strong>Prova Pr\u00e1tico-Profissional<\/strong>\n<ul class=\"wp-block-list\">\n<li>Avalia compet\u00eancias como compreens\u00e3o, aplica\u00e7\u00e3o, an\u00e1lise e racioc\u00ednio jur\u00eddico.<\/li>\n\n\n\n<li>Pontua\u00e7\u00e3o m\u00e1xima: <strong>30 pontos<\/strong>, divididos em:\n<ul class=\"wp-block-list\">\n<li><strong>Pe\u00e7a profissional<\/strong>: at\u00e9 20 pontos;<\/li>\n\n\n\n<li><strong>2 quest\u00f5es discursivas<\/strong>: at\u00e9 5 pontos cada.<\/li>\n<\/ul>\n<\/li>\n\n\n\n<li>Exigido m\u00ednimo de <strong>50% da pontua\u00e7\u00e3o<\/strong> para aprova\u00e7\u00e3o. (<a href=\"https:\/\/cj.estrategia.com\/portal\/wp-content\/uploads\/2026\/01\/16195557\/ppp.pdf\" target=\"_blank\" rel=\"noreferrer noopener nofollow\">veja os crit\u00e9rios avaliados<\/a>).<\/li>\n<\/ul>\n<\/li>\n\n\n\n<li><strong>Avalia\u00e7\u00e3o de t\u00edtulos<\/strong>\n<ul class=\"wp-block-list\">\n<li>Somente ser\u00e1 pontuado:\n<ul class=\"wp-block-list\">\n<li>2 t\u00edtulos de especializa\u00e7\u00e3o lato sensu.<\/li>\n\n\n\n<li>1 t\u00edtulo stricto sensu Mestrado.<\/li>\n\n\n\n<li>1 t\u00edtulo stricto sensu Doutorado.<\/li>\n<\/ul>\n<\/li>\n\n\n\n<li>(<a href=\"https:\/\/cj.estrategia.com\/portal\/wp-content\/uploads\/2026\/01\/16195743\/titulos-1.pdf\" target=\"_blank\" rel=\"noreferrer noopener nofollow\">veja os t\u00edtulos considerados<\/a>).<\/li>\n<\/ul>\n<\/li>\n<\/ul>\n\n\n\n<p class=\"has-text-align-center has-medium-font-size\"><strong>Quer saber tudo sobre concursos previstos? Confira nossos artigos!<\/strong><\/p>\n\n\n\n<ul class=\"wp-block-list\">\n<li><a href=\"https:\/\/cj.estrategia.com\/portal\/concursos-advogados\/\" target=\"_blank\" >Concursos Advogados<\/a><\/li>\n\n\n\n<li><a href=\"https:\/\/cj.estrategia.com\/portal\/concursos-abertos-carreiras-juridicas\/\" target=\"_blank\" >Concursos Jur\u00eddicos abertos<\/a><\/li>\n\n\n\n<li><a href=\"https:\/\/cj.estrategia.com\/portal\/concursos-juridicos-2026-prepare-se-para-os-proximos-editais\/\" target=\"_blank\" >Concursos Jur\u00eddicos 2026<\/a><\/li>\n<\/ul>\n\n\n\n<p class=\"has-text-align-center has-medium-font-size\"><strong>Assinaturas Carreiras Jur\u00eddicas <\/strong><\/p>\n\n\n\n<div class=\"wp-block-cover\" style=\"min-height:155px;aspect-ratio:unset;\"><img decoding=\"async\" width=\"1890\" height=\"351\" class=\"wp-block-cover__image-background wp-image-8669\" alt=\"Assinaturas Jur\u00eddicas\" src=\"https:\/\/cj.estrategia.com\/portal\/wp-content\/uploads\/2022\/06\/20151253\/concurso-carreiras-juridicas-assinatura-juridica.jpg\" style=\"object-position:78% 43%\" data-object-fit=\"cover\" data-object-position=\"78% 43%\" srcset=\"https:\/\/cj.estrategia.com\/portal\/wp-content\/uploads\/2022\/06\/20151253\/concurso-carreiras-juridicas-assinatura-juridica.jpg 1890w, https:\/\/cj.estrategia.com\/portal\/wp-content\/uploads\/2022\/06\/20151253\/concurso-carreiras-juridicas-assinatura-juridica-300x56.jpg 300w, https:\/\/cj.estrategia.com\/portal\/wp-content\/uploads\/2022\/06\/20151253\/concurso-carreiras-juridicas-assinatura-juridica-1024x190.jpg 1024w, https:\/\/cj.estrategia.com\/portal\/wp-content\/uploads\/2022\/06\/20151253\/concurso-carreiras-juridicas-assinatura-juridica-768x143.jpg 768w, https:\/\/cj.estrategia.com\/portal\/wp-content\/uploads\/2022\/06\/20151253\/concurso-carreiras-juridicas-assinatura-juridica-1536x285.jpg 1536w, https:\/\/cj.estrategia.com\/portal\/wp-content\/uploads\/2022\/06\/20151253\/concurso-carreiras-juridicas-assinatura-juridica-380x71.jpg 380w, https:\/\/cj.estrategia.com\/portal\/wp-content\/uploads\/2022\/06\/20151253\/concurso-carreiras-juridicas-assinatura-juridica-800x149.jpg 800w, https:\/\/cj.estrategia.com\/portal\/wp-content\/uploads\/2022\/06\/20151253\/concurso-carreiras-juridicas-assinatura-juridica-1160x215.jpg 1160w\" sizes=\"(max-width: 1890px) 100vw, 1890px\" \/><span aria-hidden=\"true\" class=\"wp-block-cover__background has-background-dim\"><\/span><div class=\"wp-block-cover__inner-container is-layout-flow wp-block-cover-is-layout-flow\">\n<h3 id=\"faca-a-sua-assinatura\" class=\"titulo-assinatura\"><span style=\"color: #ffffff;\">Fa\u00e7a a sua assinatura!<\/span><\/h3>\n<p class=\"subtitulo-assinatura\" style=\"display:block!important; line-height: 0;\"><span style=\"color: #ffffff;\">Escolha a sua \u00e1rea.<\/span><\/p>\n<a target=\"_blank\" href=\"https:\/\/www.estrategiaconcursos.com.br\/assinaturas-ecj\/\" rel=\"noopener\"><button style=\"border-radius: 10px; text-transform: capitalize;\">Acessar<\/button><\/a>\n<\/div><\/div>\n\n\n\n<figure class=\"wp-block-image size-large is-resized\"><img decoding=\"async\" src=\"https:\/\/dhg1h5j42swfq.cloudfront.net\/2021\/04\/19202624\/ficha-tecnica-1-1024x632-1-3.png\" alt=\"Ficha t\u00e9cnica do concurso CRO MA\" class=\"wp-image-717343\" style=\"width:246px;height:152px\"\/><\/figure>\n\n\n\n<h4 class=\"wp-block-heading\" id=\"ficha\"><span id=\"informacoes-do-concurso-procurador-camara-de-senador-canedo-go\">Informa\u00e7\u00f5es do Concurso Procurador C\u00e2mara de Senador Canedo GO <\/span><\/h4>\n\n\n\n<ul class=\"wp-block-list\">\n<li><strong>Cargo:<\/strong> Procurador Jur\u00eddico<\/li>\n\n\n\n<li><strong>Vagas:<\/strong> 1 + 1 CR<\/li>\n\n\n\n<li><strong>Banca:<\/strong> CONSULPAM<\/li>\n\n\n\n<li><strong>Escolaridade:<\/strong> Gradua\u00e7\u00e3o em Direito + OAB + 3 anos de pr\u00e1tica<\/li>\n\n\n\n<li><strong>Edital: <\/strong><a href=\"https:\/\/cj.estrategia.com\/portal\/wp-content\/uploads\/2026\/01\/16195836\/20260116_090115_EDITAL-001.-2026-CAMARA-SENADOR-CANEDO-1.pdf\" target=\"_blank\" rel=\"noreferrer noopener nofollow\">Procurador C\u00e2mara de Senador Canedo GO<\/a><\/li>\n<\/ul>\n\n\n\n<p><\/p>\n","protected":false},"excerpt":{"rendered":"Inscri\u00e7\u00f5es reabertas e provas remarcadas. Sele\u00e7\u00e3o oferta 1 vaga imediata mais 1 vaga em cadastro reserva com iniciais de R$ 11,9 mil.\n","protected":false},"author":12,"featured_media":177715,"comment_status":"open","ping_status":"open","sticky":false,"template":"","format":"standard","meta":{"_jetpack_memberships_contains_paid_content":false,"footnotes":""},"categories":[24],"tags":[],"tax_estado":[39],"class_list":{"0":"post-174843","1":"post","2":"type-post","3":"status-publish","4":"format-standard","5":"has-post-thumbnail","7":"category-procuradoria","8":"tax_estado-go"},"acf":[],"yoast_head":"<!-- This site is optimized with the Yoast SEO Premium plugin v27.5 (Yoast SEO v27.5) - https:\/\/yoast.com\/product\/yoast-seo-premium-wordpress\/ -->\n<title>Concurso Procurador C\u00e2mara Senador Canedo GO: cronograma retificado! Confira!<\/title>\n<meta name=\"description\" content=\"Saiba tudo sobre o Concurso Procurador C\u00e2mara Senador Canedo GO e as oportunidades de emprego na \u00e1rea jur\u00eddica.\" \/>\n<meta name=\"robots\" content=\"index, follow, max-snippet:-1, max-image-preview:large, max-video-preview:-1\" \/>\n<link rel=\"canonical\" href=\"https:\/\/cj.estrategia.com\/portal\/concurso-procurador-camara-senador-canedo-go\/\" \/>\n<meta property=\"og:locale\" content=\"pt_BR\" \/>\n<meta property=\"og:type\" content=\"article\" \/>\n<meta property=\"og:title\" content=\"Concurso Procurador C\u00e2mara Senador Canedo GO: cronograma retificado! Confira!\" \/>\n<meta property=\"og:description\" content=\"Saiba tudo sobre o Concurso Procurador C\u00e2mara Senador Canedo GO e as oportunidades de emprego na \u00e1rea jur\u00eddica.\" \/>\n<meta property=\"og:url\" content=\"https:\/\/cj.estrategia.com\/portal\/concurso-procurador-camara-senador-canedo-go\/\" \/>\n<meta property=\"og:site_name\" content=\"Blog - Carreiras Jur\u00eddicas - Estrat\u00e9gia\" \/>\n<meta property=\"article:publisher\" content=\"https:\/\/www.facebook.com\/estrategiacarreirajuridica\/\" \/>\n<meta property=\"article:published_time\" content=\"2026-04-29T17:38:08+00:00\" \/>\n<meta property=\"article:modified_time\" content=\"2026-04-29T17:42:10+00:00\" \/>\n<meta property=\"og:image\" content=\"https:\/\/cj.estrategia.com\/portal\/wp-content\/uploads\/2026\/01\/04105643\/procurador.jpg\" \/>\n\t<meta property=\"og:image:width\" content=\"2459\" \/>\n\t<meta property=\"og:image:height\" content=\"1383\" \/>\n\t<meta property=\"og:image:type\" content=\"image\/jpeg\" \/>\n<meta name=\"author\" content=\"Coordena\u00e7\u00e3o\" \/>\n<meta name=\"twitter:card\" content=\"summary_large_image\" \/>\n<meta name=\"twitter:creator\" content=\"@EstratJuridica\" \/>\n<meta name=\"twitter:site\" content=\"@EstratJuridica\" \/>\n<meta name=\"twitter:label1\" content=\"Escrito por\" \/>\n\t<meta name=\"twitter:data1\" content=\"Coordena\u00e7\u00e3o\" \/>\n\t<meta name=\"twitter:label2\" content=\"Est. tempo de leitura\" \/>\n\t<meta name=\"twitter:data2\" content=\"4 minutos\" \/>\n<script type=\"application\/ld+json\" class=\"yoast-schema-graph\">{\"@context\":\"https:\\\/\\\/schema.org\",\"@graph\":[{\"@type\":\"NewsArticle\",\"@id\":\"https:\\\/\\\/cj.estrategia.com\\\/portal\\\/concurso-procurador-camara-senador-canedo-go\\\/#article\",\"isPartOf\":{\"@id\":\"https:\\\/\\\/cj.estrategia.com\\\/portal\\\/concurso-procurador-camara-senador-canedo-go\\\/\"},\"author\":{\"name\":\"Coordena\u00e7\u00e3o\",\"@id\":\"https:\\\/\\\/cj.estrategia.com\\\/portal\\\/#\\\/schema\\\/person\\\/4d70317d31449932b99102916b6637f5\"},\"headline\":\"Concurso Procurador C\u00e2mara Senador Canedo GO: cronograma retificado! Confira!\",\"datePublished\":\"2026-04-29T17:38:08+00:00\",\"dateModified\":\"2026-04-29T17:42:10+00:00\",\"mainEntityOfPage\":{\"@id\":\"https:\\\/\\\/cj.estrategia.com\\\/portal\\\/concurso-procurador-camara-senador-canedo-go\\\/\"},\"wordCount\":530,\"commentCount\":0,\"publisher\":{\"@id\":\"https:\\\/\\\/cj.estrategia.com\\\/portal\\\/#organization\"},\"image\":{\"@id\":\"https:\\\/\\\/cj.estrategia.com\\\/portal\\\/concurso-procurador-camara-senador-canedo-go\\\/#primaryimage\"},\"thumbnailUrl\":\"https:\\\/\\\/cj.estrategia.com\\\/portal\\\/wp-content\\\/uploads\\\/2026\\\/01\\\/04105643\\\/procurador.jpg\",\"articleSection\":[\"Procuradoria\"],\"inLanguage\":\"pt-BR\",\"potentialAction\":[{\"@type\":\"CommentAction\",\"name\":\"Comment\",\"target\":[\"https:\\\/\\\/cj.estrategia.com\\\/portal\\\/concurso-procurador-camara-senador-canedo-go\\\/#respond\"]}],\"accessibilityFeature\":[\"tableOfContents\"]},{\"@type\":\"WebPage\",\"@id\":\"https:\\\/\\\/cj.estrategia.com\\\/portal\\\/concurso-procurador-camara-senador-canedo-go\\\/\",\"url\":\"https:\\\/\\\/cj.estrategia.com\\\/portal\\\/concurso-procurador-camara-senador-canedo-go\\\/\",\"name\":\"Concurso Procurador C\u00e2mara Senador Canedo GO: cronograma retificado! Confira!\",\"isPartOf\":{\"@id\":\"https:\\\/\\\/cj.estrategia.com\\\/portal\\\/#website\"},\"primaryImageOfPage\":{\"@id\":\"https:\\\/\\\/cj.estrategia.com\\\/portal\\\/concurso-procurador-camara-senador-canedo-go\\\/#primaryimage\"},\"image\":{\"@id\":\"https:\\\/\\\/cj.estrategia.com\\\/portal\\\/concurso-procurador-camara-senador-canedo-go\\\/#primaryimage\"},\"thumbnailUrl\":\"https:\\\/\\\/cj.estrategia.com\\\/portal\\\/wp-content\\\/uploads\\\/2026\\\/01\\\/04105643\\\/procurador.jpg\",\"datePublished\":\"2026-04-29T17:38:08+00:00\",\"dateModified\":\"2026-04-29T17:42:10+00:00\",\"description\":\"Saiba tudo sobre o Concurso Procurador C\u00e2mara Senador Canedo GO e as oportunidades de emprego na \u00e1rea jur\u00eddica.\",\"breadcrumb\":{\"@id\":\"https:\\\/\\\/cj.estrategia.com\\\/portal\\\/concurso-procurador-camara-senador-canedo-go\\\/#breadcrumb\"},\"inLanguage\":\"pt-BR\",\"potentialAction\":[{\"@type\":\"ReadAction\",\"target\":[\"https:\\\/\\\/cj.estrategia.com\\\/portal\\\/concurso-procurador-camara-senador-canedo-go\\\/\"]}]},{\"@type\":\"ImageObject\",\"inLanguage\":\"pt-BR\",\"@id\":\"https:\\\/\\\/cj.estrategia.com\\\/portal\\\/concurso-procurador-camara-senador-canedo-go\\\/#primaryimage\",\"url\":\"https:\\\/\\\/cj.estrategia.com\\\/portal\\\/wp-content\\\/uploads\\\/2026\\\/01\\\/04105643\\\/procurador.jpg\",\"contentUrl\":\"https:\\\/\\\/cj.estrategia.com\\\/portal\\\/wp-content\\\/uploads\\\/2026\\\/01\\\/04105643\\\/procurador.jpg\",\"width\":2459,\"height\":1383},{\"@type\":\"BreadcrumbList\",\"@id\":\"https:\\\/\\\/cj.estrategia.com\\\/portal\\\/concurso-procurador-camara-senador-canedo-go\\\/#breadcrumb\",\"itemListElement\":[{\"@type\":\"ListItem\",\"position\":1,\"name\":\"In\u00edcio\",\"item\":\"https:\\\/\\\/cj.estrategia.com\\\/portal\\\/\"},{\"@type\":\"ListItem\",\"position\":2,\"name\":\"Concurso Procurador C\u00e2mara Senador Canedo GO: cronograma retificado! Confira!\"}]},{\"@type\":\"WebSite\",\"@id\":\"https:\\\/\\\/cj.estrategia.com\\\/portal\\\/#website\",\"url\":\"https:\\\/\\\/cj.estrategia.com\\\/portal\\\/\",\"name\":\"Blog - Carreiras Jur\u00eddicas - Estrat\u00e9gia\",\"description\":\"\",\"publisher\":{\"@id\":\"https:\\\/\\\/cj.estrategia.com\\\/portal\\\/#organization\"},\"potentialAction\":[{\"@type\":\"SearchAction\",\"target\":{\"@type\":\"EntryPoint\",\"urlTemplate\":\"https:\\\/\\\/cj.estrategia.com\\\/portal\\\/?s={search_term_string}\"},\"query-input\":{\"@type\":\"PropertyValueSpecification\",\"valueRequired\":true,\"valueName\":\"search_term_string\"}}],\"inLanguage\":\"pt-BR\"},{\"@type\":\"Organization\",\"@id\":\"https:\\\/\\\/cj.estrategia.com\\\/portal\\\/#organization\",\"name\":\"Estrat\u00e9gia - Carreiras Jur\u00eddicas\",\"url\":\"https:\\\/\\\/cj.estrategia.com\\\/portal\\\/\",\"logo\":{\"@type\":\"ImageObject\",\"inLanguage\":\"pt-BR\",\"@id\":\"https:\\\/\\\/cj.estrategia.com\\\/portal\\\/#\\\/schema\\\/logo\\\/image\\\/\",\"url\":\"https:\\\/\\\/cj.estrategia.com\\\/portal\\\/wp-content\\\/uploads\\\/2022\\\/03\\\/11151052\\\/cj-logo.png\",\"contentUrl\":\"https:\\\/\\\/cj.estrategia.com\\\/portal\\\/wp-content\\\/uploads\\\/2022\\\/03\\\/11151052\\\/cj-logo.png\",\"width\":150,\"height\":39,\"caption\":\"Estrat\u00e9gia - Carreiras Jur\u00eddicas\"},\"image\":{\"@id\":\"https:\\\/\\\/cj.estrategia.com\\\/portal\\\/#\\\/schema\\\/logo\\\/image\\\/\"},\"sameAs\":[\"https:\\\/\\\/www.facebook.com\\\/estrategiacarreirajuridica\\\/\",\"https:\\\/\\\/x.com\\\/EstratJuridica\",\"https:\\\/\\\/www.instagram.com\\\/estrategiacarreirajuridica\\\/\",\"https:\\\/\\\/www.youtube.com\\\/channel\\\/UClbMGuYbj2Mh1m3w144ETWQ\"]},{\"@type\":\"Person\",\"@id\":\"https:\\\/\\\/cj.estrategia.com\\\/portal\\\/#\\\/schema\\\/person\\\/4d70317d31449932b99102916b6637f5\",\"name\":\"Coordena\u00e7\u00e3o\",\"image\":{\"@type\":\"ImageObject\",\"inLanguage\":\"pt-BR\",\"@id\":\"https:\\\/\\\/cj.estrategia.com\\\/portal\\\/wp-content\\\/uploads\\\/2022\\\/05\\\/12164923\\\/estrategia-carreira-juridica-coordenacao-96x96.png\",\"url\":\"https:\\\/\\\/cj.estrategia.com\\\/portal\\\/wp-content\\\/uploads\\\/2022\\\/05\\\/12164923\\\/estrategia-carreira-juridica-coordenacao-96x96.png\",\"contentUrl\":\"https:\\\/\\\/cj.estrategia.com\\\/portal\\\/wp-content\\\/uploads\\\/2022\\\/05\\\/12164923\\\/estrategia-carreira-juridica-coordenacao-96x96.png\",\"caption\":\"Coordena\u00e7\u00e3o\"},\"url\":\"https:\\\/\\\/cj.estrategia.com\\\/portal\\\/author\\\/coordenacao\\\/\"}]}<\/script>\n<!-- \/ Yoast SEO Premium plugin. -->","yoast_head_json":{"title":"Concurso Procurador C\u00e2mara Senador Canedo GO: cronograma retificado! Confira!","description":"Saiba tudo sobre o Concurso Procurador C\u00e2mara Senador Canedo GO e as oportunidades de emprego na \u00e1rea jur\u00eddica.","robots":{"index":"index","follow":"follow","max-snippet":"max-snippet:-1","max-image-preview":"max-image-preview:large","max-video-preview":"max-video-preview:-1"},"canonical":"https:\/\/cj.estrategia.com\/portal\/concurso-procurador-camara-senador-canedo-go\/","og_locale":"pt_BR","og_type":"article","og_title":"Concurso Procurador C\u00e2mara Senador Canedo GO: cronograma retificado! Confira!","og_description":"Saiba tudo sobre o Concurso Procurador C\u00e2mara Senador Canedo GO e as oportunidades de emprego na \u00e1rea jur\u00eddica.","og_url":"https:\/\/cj.estrategia.com\/portal\/concurso-procurador-camara-senador-canedo-go\/","og_site_name":"Blog - Carreiras Jur\u00eddicas - Estrat\u00e9gia","article_publisher":"https:\/\/www.facebook.com\/estrategiacarreirajuridica\/","article_published_time":"2026-04-29T17:38:08+00:00","article_modified_time":"2026-04-29T17:42:10+00:00","og_image":[{"width":2459,"height":1383,"url":"https:\/\/cj.estrategia.com\/portal\/wp-content\/uploads\/2026\/01\/04105643\/procurador.jpg","type":"image\/jpeg"}],"author":"Coordena\u00e7\u00e3o","twitter_card":"summary_large_image","twitter_creator":"@EstratJuridica","twitter_site":"@EstratJuridica","twitter_misc":{"Escrito por":"Coordena\u00e7\u00e3o","Est. tempo de leitura":"4 minutos"},"schema":{"@context":"https:\/\/schema.org","@graph":[{"@type":"NewsArticle","@id":"https:\/\/cj.estrategia.com\/portal\/concurso-procurador-camara-senador-canedo-go\/#article","isPartOf":{"@id":"https:\/\/cj.estrategia.com\/portal\/concurso-procurador-camara-senador-canedo-go\/"},"author":{"name":"Coordena\u00e7\u00e3o","@id":"https:\/\/cj.estrategia.com\/portal\/#\/schema\/person\/4d70317d31449932b99102916b6637f5"},"headline":"Concurso Procurador C\u00e2mara Senador Canedo GO: cronograma retificado! Confira!","datePublished":"2026-04-29T17:38:08+00:00","dateModified":"2026-04-29T17:42:10+00:00","mainEntityOfPage":{"@id":"https:\/\/cj.estrategia.com\/portal\/concurso-procurador-camara-senador-canedo-go\/"},"wordCount":530,"commentCount":0,"publisher":{"@id":"https:\/\/cj.estrategia.com\/portal\/#organization"},"image":{"@id":"https:\/\/cj.estrategia.com\/portal\/concurso-procurador-camara-senador-canedo-go\/#primaryimage"},"thumbnailUrl":"https:\/\/cj.estrategia.com\/portal\/wp-content\/uploads\/2026\/01\/04105643\/procurador.jpg","articleSection":["Procuradoria"],"inLanguage":"pt-BR","potentialAction":[{"@type":"CommentAction","name":"Comment","target":["https:\/\/cj.estrategia.com\/portal\/concurso-procurador-camara-senador-canedo-go\/#respond"]}],"accessibilityFeature":["tableOfContents"]},{"@type":"WebPage","@id":"https:\/\/cj.estrategia.com\/portal\/concurso-procurador-camara-senador-canedo-go\/","url":"https:\/\/cj.estrategia.com\/portal\/concurso-procurador-camara-senador-canedo-go\/","name":"Concurso Procurador C\u00e2mara Senador Canedo GO: cronograma retificado! Confira!","isPartOf":{"@id":"https:\/\/cj.estrategia.com\/portal\/#website"},"primaryImageOfPage":{"@id":"https:\/\/cj.estrategia.com\/portal\/concurso-procurador-camara-senador-canedo-go\/#primaryimage"},"image":{"@id":"https:\/\/cj.estrategia.com\/portal\/concurso-procurador-camara-senador-canedo-go\/#primaryimage"},"thumbnailUrl":"https:\/\/cj.estrategia.com\/portal\/wp-content\/uploads\/2026\/01\/04105643\/procurador.jpg","datePublished":"2026-04-29T17:38:08+00:00","dateModified":"2026-04-29T17:42:10+00:00","description":"Saiba tudo sobre o Concurso Procurador C\u00e2mara Senador Canedo GO e as oportunidades de emprego na \u00e1rea jur\u00eddica.","breadcrumb":{"@id":"https:\/\/cj.estrategia.com\/portal\/concurso-procurador-camara-senador-canedo-go\/#breadcrumb"},"inLanguage":"pt-BR","potentialAction":[{"@type":"ReadAction","target":["https:\/\/cj.estrategia.com\/portal\/concurso-procurador-camara-senador-canedo-go\/"]}]},{"@type":"ImageObject","inLanguage":"pt-BR","@id":"https:\/\/cj.estrategia.com\/portal\/concurso-procurador-camara-senador-canedo-go\/#primaryimage","url":"https:\/\/cj.estrategia.com\/portal\/wp-content\/uploads\/2026\/01\/04105643\/procurador.jpg","contentUrl":"https:\/\/cj.estrategia.com\/portal\/wp-content\/uploads\/2026\/01\/04105643\/procurador.jpg","width":2459,"height":1383},{"@type":"BreadcrumbList","@id":"https:\/\/cj.estrategia.com\/portal\/concurso-procurador-camara-senador-canedo-go\/#breadcrumb","itemListElement":[{"@type":"ListItem","position":1,"name":"In\u00edcio","item":"https:\/\/cj.estrategia.com\/portal\/"},{"@type":"ListItem","position":2,"name":"Concurso Procurador C\u00e2mara Senador Canedo GO: cronograma retificado! Confira!"}]},{"@type":"WebSite","@id":"https:\/\/cj.estrategia.com\/portal\/#website","url":"https:\/\/cj.estrategia.com\/portal\/","name":"Blog - Carreiras Jur\u00eddicas - Estrat\u00e9gia","description":"","publisher":{"@id":"https:\/\/cj.estrategia.com\/portal\/#organization"},"potentialAction":[{"@type":"SearchAction","target":{"@type":"EntryPoint","urlTemplate":"https:\/\/cj.estrategia.com\/portal\/?s={search_term_string}"},"query-input":{"@type":"PropertyValueSpecification","valueRequired":true,"valueName":"search_term_string"}}],"inLanguage":"pt-BR"},{"@type":"Organization","@id":"https:\/\/cj.estrategia.com\/portal\/#organization","name":"Estrat\u00e9gia - Carreiras Jur\u00eddicas","url":"https:\/\/cj.estrategia.com\/portal\/","logo":{"@type":"ImageObject","inLanguage":"pt-BR","@id":"https:\/\/cj.estrategia.com\/portal\/#\/schema\/logo\/image\/","url":"https:\/\/cj.estrategia.com\/portal\/wp-content\/uploads\/2022\/03\/11151052\/cj-logo.png","contentUrl":"https:\/\/cj.estrategia.com\/portal\/wp-content\/uploads\/2022\/03\/11151052\/cj-logo.png","width":150,"height":39,"caption":"Estrat\u00e9gia - Carreiras Jur\u00eddicas"},"image":{"@id":"https:\/\/cj.estrategia.com\/portal\/#\/schema\/logo\/image\/"},"sameAs":["https:\/\/www.facebook.com\/estrategiacarreirajuridica\/","https:\/\/x.com\/EstratJuridica","https:\/\/www.instagram.com\/estrategiacarreirajuridica\/","https:\/\/www.youtube.com\/channel\/UClbMGuYbj2Mh1m3w144ETWQ"]},{"@type":"Person","@id":"https:\/\/cj.estrategia.com\/portal\/#\/schema\/person\/4d70317d31449932b99102916b6637f5","name":"Coordena\u00e7\u00e3o","image":{"@type":"ImageObject","inLanguage":"pt-BR","@id":"https:\/\/cj.estrategia.com\/portal\/wp-content\/uploads\/2022\/05\/12164923\/estrategia-carreira-juridica-coordenacao-96x96.png","url":"https:\/\/cj.estrategia.com\/portal\/wp-content\/uploads\/2022\/05\/12164923\/estrategia-carreira-juridica-coordenacao-96x96.png","contentUrl":"https:\/\/cj.estrategia.com\/portal\/wp-content\/uploads\/2022\/05\/12164923\/estrategia-carreira-juridica-coordenacao-96x96.png","caption":"Coordena\u00e7\u00e3o"},"url":"https:\/\/cj.estrategia.com\/portal\/author\/coordenacao\/"}]}},"jetpack_featured_media_url":"https:\/\/cj.estrategia.com\/portal\/wp-content\/uploads\/2026\/01\/04105643\/procurador.jpg","jetpack_sharing_enabled":true,"_links":{"self":[{"href":"https:\/\/cj.estrategia.com\/portal\/wp-json\/wp\/v2\/posts\/174843","targetHints":{"allow":["GET"]}}],"collection":[{"href":"https:\/\/cj.estrategia.com\/portal\/wp-json\/wp\/v2\/posts"}],"about":[{"href":"https:\/\/cj.estrategia.com\/portal\/wp-json\/wp\/v2\/types\/post"}],"author":[{"embeddable":true,"href":"https:\/\/cj.estrategia.com\/portal\/wp-json\/wp\/v2\/users\/12"}],"replies":[{"embeddable":true,"href":"https:\/\/cj.estrategia.com\/portal\/wp-json\/wp\/v2\/comments?post=174843"}],"version-history":[{"count":0,"href":"https:\/\/cj.estrategia.com\/portal\/wp-json\/wp\/v2\/posts\/174843\/revisions"}],"wp:featuredmedia":[{"embeddable":true,"href":"https:\/\/cj.estrategia.com\/portal\/wp-json\/wp\/v2\/media\/177715"}],"wp:attachment":[{"href":"https:\/\/cj.estrategia.com\/portal\/wp-json\/wp\/v2\/media?parent=174843"}],"wp:term":[{"taxonomy":"category","embeddable":true,"href":"https:\/\/cj.estrategia.com\/portal\/wp-json\/wp\/v2\/categories?post=174843"},{"taxonomy":"post_tag","embeddable":true,"href":"https:\/\/cj.estrategia.com\/portal\/wp-json\/wp\/v2\/tags?post=174843"},{"taxonomy":"tax_estado","embeddable":true,"href":"https:\/\/cj.estrategia.com\/portal\/wp-json\/wp\/v2\/tax_estado?post=174843"}],"curies":[{"name":"wp","href":"https:\/\/api.w.org\/{rel}","templated":true}]}}