{"id":173179,"date":"2026-01-08T14:17:52","date_gmt":"2026-01-08T17:17:52","guid":{"rendered":"https:\/\/cj.estrategia.com\/portal\/?p=173179"},"modified":"2026-01-08T14:19:07","modified_gmt":"2026-01-08T17:19:07","slug":"palco-olhares-e-pressao-as-provas-oral-e-de-tribuna-do-mp-ma-como-voce-nunca-viu","status":"publish","type":"post","link":"https:\/\/cj.estrategia.com\/portal\/palco-olhares-e-pressao-as-provas-oral-e-de-tribuna-do-mp-ma-como-voce-nunca-viu\/","title":{"rendered":"Palco, olhares e press\u00e3o? As provas Oral e de Tribuna do MP\u202fMA como voc\u00ea nunca viu!"},"content":{"rendered":"\n<p>Se voc\u00ea \u00e9 <strong>candidato eleg\u00edvel<\/strong> \u00e0s etapas das <strong>provas oral e de tribuna<\/strong> do concurso que oferece <strong>10 vagas<\/strong>, al\u00e9m de <strong>forma\u00e7\u00e3o de cadastro reserva<\/strong>, para o cargo de <strong>Promotor de Justi\u00e7a Substituto<\/strong>, sabe a import\u00e2ncia de <strong>entender cada detalhes da estrutura do edital<\/strong>.<\/p>\n\n\n\n<p>A <strong>quarta e a quinta etapa<\/strong> s\u00e3o de <strong>suma import\u00e2ncia<\/strong> para os futuros promotores. <strong>De car\u00e1ter eliminat\u00f3rio e classificat\u00f3rio<\/strong>, ambas avaliam <strong>habilidades pr\u00e1ticas em tempo real<\/strong>.<\/p>\n\n\n\n<p>Al\u00e9m disso, s\u00e3o fases em que os participantes devem apresentar <strong>argumenta\u00e7\u00e3o, postura, dic\u00e7\u00e3o<\/strong> e at\u00e9 mesmo suas <strong>capacidades de convencimento<\/strong>.<\/p>\n\n\n\n<div class=\"container\" id=\"boxes\">\n  <div class=\"row\">\n\n    <div class=\"col-sm\">\n      <div class=\"banner-estrategia-concursos-juridicos\" id=\"box-assinatura\">\n        <h3 id=\"cursos-para-prova-oral\" class=\"titulo-assinatura\">Cursos para Prova Oral<\/h3>\n        <p class=\"subtitulo-assinatura\">Cursos focados nessa fase dos concursos jur\u00eddicos<\/p>\n        <div class=\"box-botao\">\n          <a class=\"btn-assinatura-juridica\" target=\"_blank\" href=\"https:\/\/cj.estrategia.com\/concurso\/fase-oral\" role=\"button\" rel=\"noopener noreferrer\">Conhe\u00e7a mais<\/a>\n        <\/div>\n      <\/div>\n      <p class=\"texto-auxiliar\">Prepare-se com o melhor material e com quem mais aprova em concursos em todo o pa\u00eds. \n<\/p>\n    <\/div>\n\n  <\/div>\n<\/div>\n\n\n\n<h2 class=\"wp-block-heading\" id=\"h-etapas-do-mp-ma-o-que-sao-a-prova-oral-e-de-tribuna-e-onde-elas-se-encaixam-no-concurso-para-promotor\"><span id=\"%f0%9f%8e%a4-etapas-do-mp-ma-o-que-sao-a-prova-oral-e-de-tribuna-e-onde-elas-se-encaixam-no-concurso-para-promotor\">\ud83c\udfa4 Etapas do MP\u202fMA: o que s\u00e3o a Prova Oral e de Tribuna e onde elas se encaixam no concurso para Promotor?<\/span><\/h2>\n\n\n\n<p>Os participantes que v\u00e3o para essas etapas foram anteriormente aprovados na <strong>terceira fase<\/strong>, que foi composta por <strong>exames de sa\u00fade f\u00edsica e mental, exame psicot\u00e9cnico e sindic\u00e2ncia da vida pregressa e investiga\u00e7\u00e3o<\/strong>.<\/p>\n\n\n\n<h3 class=\"wp-block-heading\" id=\"h-prova-oral\"><span id=\"prova-oral\">Prova Oral<\/span><\/h3>\n\n\n\n<p>A <strong>prova oral<\/strong> corresponde \u00e0 <strong>quarta fase<\/strong> do edital. <strong>De car\u00e1ter eliminat\u00f3rio e classificat\u00f3rio<\/strong>, a avalia\u00e7\u00e3o \u00e9 realizada em uma <strong>sess\u00e3o p\u00fablica<\/strong>, na qual os candidatos <strong>arguem sobre temas sorteados<\/strong> nos chamados <strong>\u201cGrupos Tem\u00e1ticos\u201d<\/strong>.<\/p>\n\n\n\n<h3 class=\"wp-block-heading\" id=\"h-prova-de-tribuna\"><span id=\"prova-de-tribuna\">Prova de Tribuna<\/span><\/h3>\n\n\n\n<p>Apesar de ser a <strong>quinta etapa<\/strong>, e parecer que vem ap\u00f3s a fase anterior, a <strong>prova de tribuna<\/strong> ocorre <strong>simultaneamente \u00e0 prova oral<\/strong> e tem <strong>car\u00e1ter classificat\u00f3rio<\/strong>.<\/p>\n\n\n\n<p>Nessa parte da <strong>sess\u00e3o p\u00fablica<\/strong>, cada candidato disp\u00f5e de <strong>15 minutos<\/strong>, com uma <strong>toler\u00e2ncia de 2 minutos<\/strong>, para demonstrar sua <strong>capacidade de exposi\u00e7\u00e3o verbal<\/strong>, bem como <strong>argumenta\u00e7\u00e3o, linguagem t\u00e9cnico-jur\u00eddica<\/strong> e <strong>poder de s\u00edntese<\/strong>.<\/p>\n\n\n\n<h3 class=\"wp-block-heading\" id=\"h-quais-sao-os-grupos-tematicos\"><span id=\"quais-sao-os-grupos-tematicos\">Quais s\u00e3o os grupos tem\u00e1ticos?<\/span><\/h3>\n\n\n\n<p>Grupos tem\u00e1ticos e mat\u00e9rias<\/p>\n\n\n\n<ul class=\"wp-block-list\">\n<li><strong>Grupo 1<\/strong>:\n<ul class=\"wp-block-list\">\n<li>Direito Constitucional;<\/li>\n\n\n\n<li>Direito Administrativo;<\/li>\n\n\n\n<li>Organiza\u00e7\u00e3o do Minist\u00e9rio P\u00fablico;<\/li>\n\n\n\n<li>Organiza\u00e7\u00e3o Judici\u00e1ria do Estado do Maranh\u00e3o.<\/li>\n<\/ul>\n<\/li>\n\n\n\n<li><strong>Grupo 2<\/strong>:\n<ul class=\"wp-block-list\">\n<li>Direito Civil;<\/li>\n\n\n\n<li>Direito Processual Civil;<\/li>\n\n\n\n<li>Direito Financeiro e Tribut\u00e1rio.<\/li>\n<\/ul>\n<\/li>\n\n\n\n<li><strong>Grupo 3<\/strong>:\n<ul class=\"wp-block-list\">\n<li>Direito Penal;<\/li>\n\n\n\n<li>Direito Processual Penal;<\/li>\n\n\n\n<li>Direito Eleitoral.<\/li>\n<\/ul>\n<\/li>\n\n\n\n<li><strong>Grupo 4 \u2013 Direitos Transindividuais e Direitos Humanos<\/strong>:\n<ul class=\"wp-block-list\">\n<li>Direito Ambiental;<\/li>\n\n\n\n<li>Direito Sanit\u00e1rio;<\/li>\n\n\n\n<li>Direito da Crian\u00e7a e do Adolescente;<\/li>\n\n\n\n<li>Direito do Consumidor;<\/li>\n\n\n\n<li>Direito do Idoso;<\/li>\n\n\n\n<li>Direito das Pessoas com Defici\u00eancia;<\/li>\n\n\n\n<li>Direito \u00e0 Educa\u00e7\u00e3o;<\/li>\n\n\n\n<li>Direitos Humanos;<\/li>\n\n\n\n<li>Legisla\u00e7\u00e3o espec\u00edfica correspondente.<\/li>\n<\/ul>\n<\/li>\n<\/ul>\n\n\n\n<h2 class=\"wp-block-heading\" id=\"h-prova-oral-e-de-tribuna-o-que-pesa-na-avaliacao-dos-candidatos\"><span id=\"%f0%9f%93%8c-prova-oral-e-de-tribuna-o-que-pesa-na-avaliacao-dos-candidatos\">\ud83d\udccc Prova Oral e de Tribuna: o que pesa na avalia\u00e7\u00e3o dos candidatos<\/span><\/h2>\n\n\n\n<h3 class=\"wp-block-heading\" id=\"h-prova-oral-0\"><span id=\"prova-oral-2\">Prova Oral<\/span><\/h3>\n\n\n\n<figure class=\"wp-block-table is-style-stripes\"><table class=\"has-electric-grass-gradient-background has-background\"><thead><tr><th class=\"has-text-align-center\" data-align=\"center\"><strong>Etapa<\/strong><\/th><th class=\"has-text-align-center\" data-align=\"center\"><strong>Fase<\/strong><\/th><th class=\"has-text-align-center\" data-align=\"center\"><strong>Car\u00e1ter<\/strong><\/th><th class=\"has-text-align-center\" data-align=\"center\"><strong>Aplica\u00e7\u00e3o<\/strong><\/th><th class=\"has-text-align-center\" data-align=\"center\"><strong>Pontua\u00e7\u00e3o M\u00ednima<\/strong><\/th><th class=\"has-text-align-center\" data-align=\"center\"><strong>Pontua\u00e7\u00e3o M\u00e1xima<\/strong><\/th><\/tr><\/thead><tbody><tr><td class=\"has-text-align-center\" data-align=\"center\"><strong>Quarta<\/strong><\/td><td class=\"has-text-align-center\" data-align=\"center\">Prova Oral<\/td><td class=\"has-text-align-center\" data-align=\"center\">Eliminat\u00f3rio e Classificat\u00f3rio<\/td><td class=\"has-text-align-center\" data-align=\"center\">Sess\u00e3o p\u00fablica de exame individual dos candidatos sobre temas sorteados dos Grupos Tem\u00e1ticos, em ordem de argui\u00e7\u00e3o dos candidatos por sorteio, com nota final calculada pelo resultado da m\u00e9dia aritm\u00e9tica simples das notas atribu\u00eddas pelos examinadores de 0 a 10 pontos, conforme item 19 do Edital<\/td><td class=\"has-text-align-center\" data-align=\"center\">6,00<\/td><td class=\"has-text-align-center\" data-align=\"center\">10,00<\/td><\/tr><\/tbody><\/table><\/figure>\n\n\n\n<p><strong>Observa\u00e7\u00e3o:<\/strong> ser\u00e3o considerados aprovados e habilitados para a pr\u00f3xima etapa os candidatos que obtiverem nota final da prova oral <strong>igual ou superior a 6 <\/strong>e que n\u00e3o apresentarem mais do que <strong>3 notas inferiores a 6<\/strong> dentre aquelas atribu\u00eddas pelos membros da Comiss\u00e3o que o arguiu.<\/p>\n\n\n\n<h4 class=\"wp-block-heading\" id=\"h-avaliacao-da-prova-oral\"><span id=\"avaliacao-da-prova-oral\">Avalia\u00e7\u00e3o da Prova Oral<\/span><\/h4>\n\n\n\n<ul class=\"wp-block-list\">\n<li><strong>Dom\u00ednio do conhecimento jur\u00eddico<\/strong>: 4,00 pontos<\/li>\n\n\n\n<li><strong>Adequa\u00e7\u00e3o da linguagem<\/strong>: 2,00 pontos<\/li>\n\n\n\n<li><strong>Articula\u00e7\u00e3o do racioc\u00ednio<\/strong>: 1,50 pontos<\/li>\n\n\n\n<li><strong>Capacidade de argumenta\u00e7\u00e3o<\/strong>: 1,50 pontos<\/li>\n\n\n\n<li><strong>Uso correto do vern\u00e1culo<\/strong>: 1,00 ponto<\/li>\n\n\n\n<li><strong>Total m\u00e1ximo de pontos<\/strong>: 10,00<\/li>\n\n\n\n<li><strong>Total m\u00ednimo para aprova\u00e7\u00e3o<\/strong>: 6,00<\/li>\n<\/ul>\n\n\n\n<p><strong>Aten\u00e7\u00e3o:<\/strong> O candidato <strong>n\u00e3o poder\u00e1 realizar qualquer tipo de consulta<\/strong> nem utilizar <strong>recursos de multim\u00eddia, audiovisual ou grava\u00e7\u00e3o<\/strong> durante a apresenta\u00e7\u00e3o oral.<\/p>\n\n\n\n<h3 class=\"wp-block-heading\" id=\"h-prova-de-tribuna-0\"><span id=\"prova-de-tribuna-2\">Prova de Tribuna<\/span><\/h3>\n\n\n\n<figure class=\"wp-block-table is-style-stripes\"><table class=\"has-electric-grass-gradient-background has-background\"><thead><tr><th class=\"has-text-align-center\" data-align=\"center\"><strong><strong>Etapa<\/strong><\/strong><\/th><th class=\"has-text-align-center\" data-align=\"center\"><strong><strong>Fase<\/strong><\/strong><\/th><th class=\"has-text-align-center\" data-align=\"center\"><strong><strong>Car\u00e1ter<\/strong><\/strong><\/th><th class=\"has-text-align-center\" data-align=\"center\"><strong><strong>Aplica\u00e7\u00e3o<\/strong><\/strong><\/th><th class=\"has-text-align-center\" data-align=\"center\"><strong><strong><strong>Pontua\u00e7\u00e3o M\u00ednima<\/strong><\/strong><\/strong><\/th><th class=\"has-text-align-center\" data-align=\"center\"><strong><strong>Pontua\u00e7\u00e3o M\u00e1xima<\/strong><\/strong><\/th><\/tr><\/thead><tbody><tr><td class=\"has-text-align-center\" data-align=\"center\"><strong>Quinta<\/strong><\/td><td class=\"has-text-align-center\" data-align=\"center\">Prova de Tribuna<\/td><td class=\"has-text-align-center\" data-align=\"center\">Classificat\u00f3rio<\/td><td class=\"has-text-align-center\" data-align=\"center\">Sess\u00e3o p\u00fablica, julgada simultaneamente \u00e0 prova oral, com objetivo de aferir a capacidade de exposi\u00e7\u00e3o oral do candidato, que se apresentar\u00e1 em ordem estabelecida por sorteio, com dura\u00e7\u00e3o de 15 (quinze) minutos e toler\u00e2ncia de 2 (dois) minutos para mais ou para menos. Ponto definido em sorteio pela Banca Examinadora para cada candidato e notas atribu\u00eddas pelos examinadores de 0 a 1 ponto, conforme item 20 do Edital<\/td><td class=\"has-text-align-center\" data-align=\"center\">0,00<\/td><td class=\"has-text-align-center\" data-align=\"center\">1,00<\/td><\/tr><\/tbody><\/table><\/figure>\n\n\n\n<p><strong>Observa\u00e7\u00e3o:<\/strong> na prova de tribuna, cada examinador avaliar\u00e1 a articula\u00e7\u00e3o do racioc\u00ednio, o convencimento da argumenta\u00e7\u00e3o, o poder de s\u00edntese, o emprego de linguagem t\u00e9cnico jur\u00eddica, o uso correto do vern\u00e1culo, a postura e a dic\u00e7\u00e3o do candidato.<\/p>\n\n\n\n<h3 class=\"wp-block-heading\" id=\"h-avaliacao-da-prova-de-tribuna\"><span id=\"avaliacao-da-prova-de-tribuna\">Avalia\u00e7\u00e3o da Prova de Tribuna<\/span><\/h3>\n\n\n\n<ul class=\"wp-block-list\">\n<li><strong>Articula\u00e7\u00e3o do racioc\u00ednio<\/strong>: 0,20 pontos<\/li>\n\n\n\n<li><strong>Convencimento da argumenta\u00e7\u00e3o<\/strong>: 0,20 pontos<\/li>\n\n\n\n<li><strong>Poder de s\u00edntese<\/strong>: 0,20 pontos<\/li>\n\n\n\n<li><strong>Emprego de linguagem t\u00e9cnico-jur\u00eddica<\/strong>: 0,10 pontos<\/li>\n\n\n\n<li><strong>Uso correto do vern\u00e1culo<\/strong>: 0,10 pontos<\/li>\n\n\n\n<li><strong>Postura do candidato<\/strong>: 0,10 pontos<\/li>\n\n\n\n<li><strong>Dic\u00e7\u00e3o do candidato<\/strong>: 0,10 pontos<\/li>\n\n\n\n<li><strong>Total m\u00e1ximo de pontos<\/strong>: 1,00<\/li>\n<\/ul>\n\n\n\n<p><strong>Aten\u00e7\u00e3o:<\/strong> A <strong>nota final na Prova de Tribuna<\/strong> ser\u00e1 o resultado da <strong>m\u00e9dia aritm\u00e9tica simples das notas atribu\u00eddas pelos examinadores<\/strong>.<\/p>\n\n\n\n<p class=\"has-text-align-center has-luminous-vivid-amber-to-luminous-vivid-orange-gradient-background has-background\"><strong>Saiba mais: <a href=\"https:\/\/cj.estrategia.com\/portal\/concurso-mp-ma-promotor\/\" target=\"_blank\" rel=\"noreferrer noopener nofollow\">Concurso MP MA Promotor<\/a><\/strong><\/p>\n\n\n\n<h2 class=\"wp-block-heading\" id=\"h-voce-tem-medo-da-prova-oral-saiba-como-enfrenta-la-e-avance\"><span id=\"voce-tem-medo-da-prova-oral-saiba-como-enfrenta-la-e-avance\">Voc\u00ea tem medo da Prova Oral? Saiba como enfrent\u00e1-la e avance!<\/span><\/h2>\n\n\n\n<figure class=\"wp-block-embed is-type-video is-provider-youtube wp-block-embed-youtube wp-embed-aspect-16-9 wp-has-aspect-ratio\"><div class=\"wp-block-embed__wrapper\">\n<div class=\"cs-embed cs-embed-responsive\"><iframe title=\"Entenda todos os detalhes da fase oral de concursos jur\u00eddicos e os motivos para n\u00e3o tem\u00ea-la\" width=\"1200\" height=\"675\" src=\"https:\/\/www.youtube.com\/embed\/mRBaz0pTFw0?feature=oembed\" frameborder=\"0\" allow=\"accelerometer; autoplay; clipboard-write; encrypted-media; gyroscope; picture-in-picture; web-share\" referrerpolicy=\"strict-origin-when-cross-origin\" allowfullscreen><\/iframe><\/div>\n<\/div><\/figure>\n\n\n\n<h2 class=\"wp-block-heading has-text-align-center\" id=\"h-quer-saber-tudo-sobre-concursos-previstos-confira-nossos-artigos\"><span id=\"quer-saber-tudo-sobre-concursos-previstosconfira-nossos-artigos\">Quer saber tudo sobre concursos previstos?<br><strong>Confira nossos artigos!<\/strong><\/span><\/h2>\n\n\n\n<ul class=\"wp-block-list\">\n<li><a href=\"https:\/\/cj.estrategia.com\/portal\/concursos-abertos-carreiras-juridicas\/\" target=\"_blank\" >Concursos Jur\u00eddicos abertos<\/a><\/li>\n\n\n\n<li><a href=\"https:\/\/cj.estrategia.com\/portal\/concursos-juridicos-2026\/\" target=\"_blank\" >Concurso Jur\u00eddicos 2026<\/a><\/li>\n\n\n\n<li><a href=\"https:\/\/cj.estrategia.com\/portal\/concursos-mp\/\" target=\"_blank\" >Concurso Promotorias<\/a><\/li>\n<\/ul>\n\n\n\n<h2 class=\"wp-block-heading has-text-align-center\" id=\"cursos-mpma\"><span id=\"cursos-e-assinaturas-para-o-concurso-mp-ma-promotor\">Cursos e assinaturas para o concurso MP MA Promotor<\/span><\/h2>\n\n\n\n<div class=\"container\" id=\"boxes\">\n  <div class=\"row\">\n\n    <div class=\"col-sm\">\n      <div class=\"banner-estrategia-concursos-juridicos\" id=\"box-assinatura\">\n        <h3 id=\"curso-para-mp-ma-promotor\" class=\"titulo-assinatura\">Curso para MP MA Promotor <\/h3>\n        <p class=\"subtitulo-assinatura\">Cursos focados no edital do concurso<\/p>\n        <div class=\"box-botao\">\n          <a class=\"btn-assinatura-juridica\" target=\"_blank\" href=\"https:\/\/cj.estrategia.com\/curso\/mp-ma-promotor-de-justica-pacote-teorico\/\" role=\"button\" rel=\"noopener noreferrer\">Conhe\u00e7a mais<\/a>\n        <\/div>\n      <\/div>\n      <p class=\"texto-auxiliar\">Prepare-se com o melhor material e com quem mais aprova em concursos em todo o pa\u00eds. \n<\/p>\n    <\/div>\n\n  <\/div>\n<\/div>\n\n\n\n<div class=\"wp-block-cover\" style=\"min-height:155px;aspect-ratio:unset;\"><img decoding=\"async\" width=\"1890\" height=\"351\" class=\"wp-block-cover__image-background wp-image-8669\" alt=\"Assinaturas Jur\u00eddicas\" src=\"https:\/\/cj.estrategia.com\/portal\/wp-content\/uploads\/2022\/06\/20151253\/concurso-carreiras-juridicas-assinatura-juridica.jpg\" style=\"object-position:78% 43%\" data-object-fit=\"cover\" data-object-position=\"78% 43%\" srcset=\"https:\/\/cj.estrategia.com\/portal\/wp-content\/uploads\/2022\/06\/20151253\/concurso-carreiras-juridicas-assinatura-juridica.jpg 1890w, https:\/\/cj.estrategia.com\/portal\/wp-content\/uploads\/2022\/06\/20151253\/concurso-carreiras-juridicas-assinatura-juridica-300x56.jpg 300w, https:\/\/cj.estrategia.com\/portal\/wp-content\/uploads\/2022\/06\/20151253\/concurso-carreiras-juridicas-assinatura-juridica-1024x190.jpg 1024w, https:\/\/cj.estrategia.com\/portal\/wp-content\/uploads\/2022\/06\/20151253\/concurso-carreiras-juridicas-assinatura-juridica-768x143.jpg 768w, https:\/\/cj.estrategia.com\/portal\/wp-content\/uploads\/2022\/06\/20151253\/concurso-carreiras-juridicas-assinatura-juridica-1536x285.jpg 1536w, https:\/\/cj.estrategia.com\/portal\/wp-content\/uploads\/2022\/06\/20151253\/concurso-carreiras-juridicas-assinatura-juridica-380x71.jpg 380w, https:\/\/cj.estrategia.com\/portal\/wp-content\/uploads\/2022\/06\/20151253\/concurso-carreiras-juridicas-assinatura-juridica-800x149.jpg 800w, https:\/\/cj.estrategia.com\/portal\/wp-content\/uploads\/2022\/06\/20151253\/concurso-carreiras-juridicas-assinatura-juridica-1160x215.jpg 1160w\" sizes=\"(max-width: 1890px) 100vw, 1890px\" \/><span aria-hidden=\"true\" class=\"wp-block-cover__background has-background-dim\"><\/span><div class=\"wp-block-cover__inner-container is-layout-flow wp-block-cover-is-layout-flow\">\n<h3 id=\"faca-a-sua-assinatura\" class=\"titulo-assinatura\"><span style=\"color: #ffffff;\">Fa\u00e7a a sua assinatura!<\/span><\/h3>\n<p class=\"subtitulo-assinatura\" style=\"display:block!important; line-height: 0;\"><span style=\"color: #ffffff;\">Escolha a sua \u00e1rea.<\/span><\/p>\n<a target=\"_blank\" href=\"https:\/\/www.estrategiaconcursos.com.br\/assinaturas-ecj\/\" rel=\"noopener\"><button style=\"border-radius: 10px; text-transform: capitalize;\">Acessar<\/button><\/a>\n<\/div><\/div>\n\n\n\n<p><\/p>\n","protected":false},"excerpt":{"rendered":"Se voc\u00ea \u00e9 candidato eleg\u00edvel \u00e0s etapas das provas oral e de tribuna do concurso que oferece 10&hellip;\n","protected":false},"author":162,"featured_media":32085,"comment_status":"open","ping_status":"open","sticky":false,"template":"","format":"standard","meta":{"_jetpack_memberships_contains_paid_content":false,"footnotes":""},"categories":[25],"tags":[],"tax_estado":[40],"class_list":{"0":"post-173179","1":"post","2":"type-post","3":"status-publish","4":"format-standard","5":"has-post-thumbnail","7":"category-promotoria","8":"tax_estado-ma"},"acf":[],"yoast_head":"<!-- This site is optimized with the Yoast SEO Premium plugin v27.4 (Yoast SEO v27.4) - https:\/\/yoast.com\/product\/yoast-seo-premium-wordpress\/ -->\n<title>Palco, olhares e press\u00e3o? As provas Oral e de Tribuna do MP\u202fMA como voc\u00ea nunca viu!<\/title>\n<meta name=\"description\" content=\"Entenda tudo sobre a quarta e a quinta etapa do concurso para Promotor de Justi\u00e7a Substituto. Prepare-se para a aprova\u00e7\u00e3o!\" \/>\n<meta name=\"robots\" content=\"index, follow, max-snippet:-1, max-image-preview:large, max-video-preview:-1\" \/>\n<link rel=\"canonical\" href=\"https:\/\/cj.estrategia.com\/portal\/palco-olhares-e-pressao-as-provas-oral-e-de-tribuna-do-mp-ma-como-voce-nunca-viu\/\" \/>\n<meta property=\"og:locale\" content=\"pt_BR\" \/>\n<meta property=\"og:type\" content=\"article\" \/>\n<meta property=\"og:title\" content=\"Palco, olhares e press\u00e3o? As provas Oral e de Tribuna do MP\u202fMA como voc\u00ea nunca viu!\" \/>\n<meta property=\"og:description\" content=\"Entenda tudo sobre a quarta e a quinta etapa do concurso para Promotor de Justi\u00e7a Substituto. Prepare-se para a aprova\u00e7\u00e3o!\" \/>\n<meta property=\"og:url\" content=\"https:\/\/cj.estrategia.com\/portal\/palco-olhares-e-pressao-as-provas-oral-e-de-tribuna-do-mp-ma-como-voce-nunca-viu\/\" \/>\n<meta property=\"og:site_name\" content=\"Blog - Carreiras Jur\u00eddicas - Estrat\u00e9gia\" \/>\n<meta property=\"article:publisher\" content=\"https:\/\/www.facebook.com\/estrategiacarreirajuridica\/\" \/>\n<meta property=\"article:published_time\" content=\"2026-01-08T17:17:52+00:00\" \/>\n<meta property=\"article:modified_time\" content=\"2026-01-08T17:19:07+00:00\" \/>\n<meta property=\"og:image\" content=\"https:\/\/cj.estrategia.com\/portal\/wp-content\/uploads\/2022\/03\/24175357\/concurso-mp-ma-promotor-ecj.jpg\" \/>\n\t<meta property=\"og:image:width\" content=\"960\" \/>\n\t<meta property=\"og:image:height\" content=\"540\" \/>\n\t<meta property=\"og:image:type\" content=\"image\/jpeg\" \/>\n<meta name=\"author\" content=\"Jos\u00e9 Ferreira\" \/>\n<meta name=\"twitter:card\" content=\"summary_large_image\" \/>\n<meta name=\"twitter:creator\" content=\"@EstratJuridica\" \/>\n<meta name=\"twitter:site\" content=\"@EstratJuridica\" \/>\n<meta name=\"twitter:label1\" content=\"Escrito por\" \/>\n\t<meta name=\"twitter:data1\" content=\"Jos\u00e9 Ferreira\" \/>\n\t<meta name=\"twitter:label2\" content=\"Est. tempo de leitura\" \/>\n\t<meta name=\"twitter:data2\" content=\"5 minutos\" \/>\n<script type=\"application\/ld+json\" class=\"yoast-schema-graph\">{\"@context\":\"https:\\\/\\\/schema.org\",\"@graph\":[{\"@type\":\"NewsArticle\",\"@id\":\"https:\\\/\\\/cj.estrategia.com\\\/portal\\\/palco-olhares-e-pressao-as-provas-oral-e-de-tribuna-do-mp-ma-como-voce-nunca-viu\\\/#article\",\"isPartOf\":{\"@id\":\"https:\\\/\\\/cj.estrategia.com\\\/portal\\\/palco-olhares-e-pressao-as-provas-oral-e-de-tribuna-do-mp-ma-como-voce-nunca-viu\\\/\"},\"author\":{\"name\":\"Jos\u00e9 Ferreira\",\"@id\":\"https:\\\/\\\/cj.estrategia.com\\\/portal\\\/#\\\/schema\\\/person\\\/4caf0099c42d736f2aade723f309f690\"},\"headline\":\"Palco, olhares e press\u00e3o? As provas Oral e de Tribuna do MP\u202fMA como voc\u00ea nunca viu!\",\"datePublished\":\"2026-01-08T17:17:52+00:00\",\"dateModified\":\"2026-01-08T17:19:07+00:00\",\"mainEntityOfPage\":{\"@id\":\"https:\\\/\\\/cj.estrategia.com\\\/portal\\\/palco-olhares-e-pressao-as-provas-oral-e-de-tribuna-do-mp-ma-como-voce-nunca-viu\\\/\"},\"wordCount\":923,\"commentCount\":0,\"publisher\":{\"@id\":\"https:\\\/\\\/cj.estrategia.com\\\/portal\\\/#organization\"},\"image\":{\"@id\":\"https:\\\/\\\/cj.estrategia.com\\\/portal\\\/palco-olhares-e-pressao-as-provas-oral-e-de-tribuna-do-mp-ma-como-voce-nunca-viu\\\/#primaryimage\"},\"thumbnailUrl\":\"https:\\\/\\\/cj.estrategia.com\\\/portal\\\/wp-content\\\/uploads\\\/2022\\\/03\\\/24175357\\\/concurso-mp-ma-promotor-ecj.jpg\",\"articleSection\":[\"Promotoria\"],\"inLanguage\":\"pt-BR\",\"potentialAction\":[{\"@type\":\"CommentAction\",\"name\":\"Comment\",\"target\":[\"https:\\\/\\\/cj.estrategia.com\\\/portal\\\/palco-olhares-e-pressao-as-provas-oral-e-de-tribuna-do-mp-ma-como-voce-nunca-viu\\\/#respond\"]}]},{\"@type\":\"WebPage\",\"@id\":\"https:\\\/\\\/cj.estrategia.com\\\/portal\\\/palco-olhares-e-pressao-as-provas-oral-e-de-tribuna-do-mp-ma-como-voce-nunca-viu\\\/\",\"url\":\"https:\\\/\\\/cj.estrategia.com\\\/portal\\\/palco-olhares-e-pressao-as-provas-oral-e-de-tribuna-do-mp-ma-como-voce-nunca-viu\\\/\",\"name\":\"Palco, olhares e press\u00e3o? As provas Oral e de Tribuna do MP\u202fMA como voc\u00ea nunca viu!\",\"isPartOf\":{\"@id\":\"https:\\\/\\\/cj.estrategia.com\\\/portal\\\/#website\"},\"primaryImageOfPage\":{\"@id\":\"https:\\\/\\\/cj.estrategia.com\\\/portal\\\/palco-olhares-e-pressao-as-provas-oral-e-de-tribuna-do-mp-ma-como-voce-nunca-viu\\\/#primaryimage\"},\"image\":{\"@id\":\"https:\\\/\\\/cj.estrategia.com\\\/portal\\\/palco-olhares-e-pressao-as-provas-oral-e-de-tribuna-do-mp-ma-como-voce-nunca-viu\\\/#primaryimage\"},\"thumbnailUrl\":\"https:\\\/\\\/cj.estrategia.com\\\/portal\\\/wp-content\\\/uploads\\\/2022\\\/03\\\/24175357\\\/concurso-mp-ma-promotor-ecj.jpg\",\"datePublished\":\"2026-01-08T17:17:52+00:00\",\"dateModified\":\"2026-01-08T17:19:07+00:00\",\"description\":\"Entenda tudo sobre a quarta e a quinta etapa do concurso para Promotor de Justi\u00e7a Substituto. Prepare-se para a aprova\u00e7\u00e3o!\",\"breadcrumb\":{\"@id\":\"https:\\\/\\\/cj.estrategia.com\\\/portal\\\/palco-olhares-e-pressao-as-provas-oral-e-de-tribuna-do-mp-ma-como-voce-nunca-viu\\\/#breadcrumb\"},\"inLanguage\":\"pt-BR\",\"potentialAction\":[{\"@type\":\"ReadAction\",\"target\":[\"https:\\\/\\\/cj.estrategia.com\\\/portal\\\/palco-olhares-e-pressao-as-provas-oral-e-de-tribuna-do-mp-ma-como-voce-nunca-viu\\\/\"]}]},{\"@type\":\"ImageObject\",\"inLanguage\":\"pt-BR\",\"@id\":\"https:\\\/\\\/cj.estrategia.com\\\/portal\\\/palco-olhares-e-pressao-as-provas-oral-e-de-tribuna-do-mp-ma-como-voce-nunca-viu\\\/#primaryimage\",\"url\":\"https:\\\/\\\/cj.estrategia.com\\\/portal\\\/wp-content\\\/uploads\\\/2022\\\/03\\\/24175357\\\/concurso-mp-ma-promotor-ecj.jpg\",\"contentUrl\":\"https:\\\/\\\/cj.estrategia.com\\\/portal\\\/wp-content\\\/uploads\\\/2022\\\/03\\\/24175357\\\/concurso-mp-ma-promotor-ecj.jpg\",\"width\":960,\"height\":540,\"caption\":\"concurso mp ma promotor\"},{\"@type\":\"BreadcrumbList\",\"@id\":\"https:\\\/\\\/cj.estrategia.com\\\/portal\\\/palco-olhares-e-pressao-as-provas-oral-e-de-tribuna-do-mp-ma-como-voce-nunca-viu\\\/#breadcrumb\",\"itemListElement\":[{\"@type\":\"ListItem\",\"position\":1,\"name\":\"In\u00edcio\",\"item\":\"https:\\\/\\\/cj.estrategia.com\\\/portal\\\/\"},{\"@type\":\"ListItem\",\"position\":2,\"name\":\"Palco, olhares e press\u00e3o? As provas Oral e de Tribuna do MP\u202fMA como voc\u00ea nunca viu!\"}]},{\"@type\":\"WebSite\",\"@id\":\"https:\\\/\\\/cj.estrategia.com\\\/portal\\\/#website\",\"url\":\"https:\\\/\\\/cj.estrategia.com\\\/portal\\\/\",\"name\":\"Blog - Carreiras Jur\u00eddicas - Estrat\u00e9gia\",\"description\":\"\",\"publisher\":{\"@id\":\"https:\\\/\\\/cj.estrategia.com\\\/portal\\\/#organization\"},\"potentialAction\":[{\"@type\":\"SearchAction\",\"target\":{\"@type\":\"EntryPoint\",\"urlTemplate\":\"https:\\\/\\\/cj.estrategia.com\\\/portal\\\/?s={search_term_string}\"},\"query-input\":{\"@type\":\"PropertyValueSpecification\",\"valueRequired\":true,\"valueName\":\"search_term_string\"}}],\"inLanguage\":\"pt-BR\"},{\"@type\":\"Organization\",\"@id\":\"https:\\\/\\\/cj.estrategia.com\\\/portal\\\/#organization\",\"name\":\"Estrat\u00e9gia - Carreiras Jur\u00eddicas\",\"url\":\"https:\\\/\\\/cj.estrategia.com\\\/portal\\\/\",\"logo\":{\"@type\":\"ImageObject\",\"inLanguage\":\"pt-BR\",\"@id\":\"https:\\\/\\\/cj.estrategia.com\\\/portal\\\/#\\\/schema\\\/logo\\\/image\\\/\",\"url\":\"https:\\\/\\\/cj.estrategia.com\\\/portal\\\/wp-content\\\/uploads\\\/2022\\\/03\\\/11151052\\\/cj-logo.png\",\"contentUrl\":\"https:\\\/\\\/cj.estrategia.com\\\/portal\\\/wp-content\\\/uploads\\\/2022\\\/03\\\/11151052\\\/cj-logo.png\",\"width\":150,\"height\":39,\"caption\":\"Estrat\u00e9gia - Carreiras Jur\u00eddicas\"},\"image\":{\"@id\":\"https:\\\/\\\/cj.estrategia.com\\\/portal\\\/#\\\/schema\\\/logo\\\/image\\\/\"},\"sameAs\":[\"https:\\\/\\\/www.facebook.com\\\/estrategiacarreirajuridica\\\/\",\"https:\\\/\\\/x.com\\\/EstratJuridica\",\"https:\\\/\\\/www.instagram.com\\\/estrategiacarreirajuridica\\\/\",\"https:\\\/\\\/www.youtube.com\\\/channel\\\/UClbMGuYbj2Mh1m3w144ETWQ\"]},{\"@type\":\"Person\",\"@id\":\"https:\\\/\\\/cj.estrategia.com\\\/portal\\\/#\\\/schema\\\/person\\\/4caf0099c42d736f2aade723f309f690\",\"name\":\"Jos\u00e9 Ferreira\",\"image\":{\"@type\":\"ImageObject\",\"inLanguage\":\"pt-BR\",\"@id\":\"https:\\\/\\\/cj.estrategia.com\\\/portal\\\/wp-content\\\/uploads\\\/2025\\\/04\\\/18142237\\\/jose-ferreira-navarro-analista-de-conteudo-jornalismo-carreiras-juridicas-96x96.png\",\"url\":\"https:\\\/\\\/cj.estrategia.com\\\/portal\\\/wp-content\\\/uploads\\\/2025\\\/04\\\/18142237\\\/jose-ferreira-navarro-analista-de-conteudo-jornalismo-carreiras-juridicas-96x96.png\",\"contentUrl\":\"https:\\\/\\\/cj.estrategia.com\\\/portal\\\/wp-content\\\/uploads\\\/2025\\\/04\\\/18142237\\\/jose-ferreira-navarro-analista-de-conteudo-jornalismo-carreiras-juridicas-96x96.png\",\"caption\":\"Jos\u00e9 Ferreira\"},\"description\":\"Analista de conte\u00fado na equipe de Jornalismo, atua com SEO e estrat\u00e9gia para desenvolver conte\u00fados relevantes e de alta qualidade voltados para OAB e para o universo de Concursos Jur\u00eddicos.\",\"url\":\"https:\\\/\\\/cj.estrategia.com\\\/portal\\\/author\\\/jose-navarro-de-andrade-cintra-ferreira\\\/\"}]}<\/script>\n<!-- \/ Yoast SEO Premium plugin. -->","yoast_head_json":{"title":"Palco, olhares e press\u00e3o? As provas Oral e de Tribuna do MP\u202fMA como voc\u00ea nunca viu!","description":"Entenda tudo sobre a quarta e a quinta etapa do concurso para Promotor de Justi\u00e7a Substituto. Prepare-se para a aprova\u00e7\u00e3o!","robots":{"index":"index","follow":"follow","max-snippet":"max-snippet:-1","max-image-preview":"max-image-preview:large","max-video-preview":"max-video-preview:-1"},"canonical":"https:\/\/cj.estrategia.com\/portal\/palco-olhares-e-pressao-as-provas-oral-e-de-tribuna-do-mp-ma-como-voce-nunca-viu\/","og_locale":"pt_BR","og_type":"article","og_title":"Palco, olhares e press\u00e3o? As provas Oral e de Tribuna do MP\u202fMA como voc\u00ea nunca viu!","og_description":"Entenda tudo sobre a quarta e a quinta etapa do concurso para Promotor de Justi\u00e7a Substituto. Prepare-se para a aprova\u00e7\u00e3o!","og_url":"https:\/\/cj.estrategia.com\/portal\/palco-olhares-e-pressao-as-provas-oral-e-de-tribuna-do-mp-ma-como-voce-nunca-viu\/","og_site_name":"Blog - Carreiras Jur\u00eddicas - Estrat\u00e9gia","article_publisher":"https:\/\/www.facebook.com\/estrategiacarreirajuridica\/","article_published_time":"2026-01-08T17:17:52+00:00","article_modified_time":"2026-01-08T17:19:07+00:00","og_image":[{"width":960,"height":540,"url":"https:\/\/cj.estrategia.com\/portal\/wp-content\/uploads\/2022\/03\/24175357\/concurso-mp-ma-promotor-ecj.jpg","type":"image\/jpeg"}],"author":"Jos\u00e9 Ferreira","twitter_card":"summary_large_image","twitter_creator":"@EstratJuridica","twitter_site":"@EstratJuridica","twitter_misc":{"Escrito por":"Jos\u00e9 Ferreira","Est. tempo de leitura":"5 minutos"},"schema":{"@context":"https:\/\/schema.org","@graph":[{"@type":"NewsArticle","@id":"https:\/\/cj.estrategia.com\/portal\/palco-olhares-e-pressao-as-provas-oral-e-de-tribuna-do-mp-ma-como-voce-nunca-viu\/#article","isPartOf":{"@id":"https:\/\/cj.estrategia.com\/portal\/palco-olhares-e-pressao-as-provas-oral-e-de-tribuna-do-mp-ma-como-voce-nunca-viu\/"},"author":{"name":"Jos\u00e9 Ferreira","@id":"https:\/\/cj.estrategia.com\/portal\/#\/schema\/person\/4caf0099c42d736f2aade723f309f690"},"headline":"Palco, olhares e press\u00e3o? As provas Oral e de Tribuna do MP\u202fMA como voc\u00ea nunca viu!","datePublished":"2026-01-08T17:17:52+00:00","dateModified":"2026-01-08T17:19:07+00:00","mainEntityOfPage":{"@id":"https:\/\/cj.estrategia.com\/portal\/palco-olhares-e-pressao-as-provas-oral-e-de-tribuna-do-mp-ma-como-voce-nunca-viu\/"},"wordCount":923,"commentCount":0,"publisher":{"@id":"https:\/\/cj.estrategia.com\/portal\/#organization"},"image":{"@id":"https:\/\/cj.estrategia.com\/portal\/palco-olhares-e-pressao-as-provas-oral-e-de-tribuna-do-mp-ma-como-voce-nunca-viu\/#primaryimage"},"thumbnailUrl":"https:\/\/cj.estrategia.com\/portal\/wp-content\/uploads\/2022\/03\/24175357\/concurso-mp-ma-promotor-ecj.jpg","articleSection":["Promotoria"],"inLanguage":"pt-BR","potentialAction":[{"@type":"CommentAction","name":"Comment","target":["https:\/\/cj.estrategia.com\/portal\/palco-olhares-e-pressao-as-provas-oral-e-de-tribuna-do-mp-ma-como-voce-nunca-viu\/#respond"]}]},{"@type":"WebPage","@id":"https:\/\/cj.estrategia.com\/portal\/palco-olhares-e-pressao-as-provas-oral-e-de-tribuna-do-mp-ma-como-voce-nunca-viu\/","url":"https:\/\/cj.estrategia.com\/portal\/palco-olhares-e-pressao-as-provas-oral-e-de-tribuna-do-mp-ma-como-voce-nunca-viu\/","name":"Palco, olhares e press\u00e3o? As provas Oral e de Tribuna do MP\u202fMA como voc\u00ea nunca viu!","isPartOf":{"@id":"https:\/\/cj.estrategia.com\/portal\/#website"},"primaryImageOfPage":{"@id":"https:\/\/cj.estrategia.com\/portal\/palco-olhares-e-pressao-as-provas-oral-e-de-tribuna-do-mp-ma-como-voce-nunca-viu\/#primaryimage"},"image":{"@id":"https:\/\/cj.estrategia.com\/portal\/palco-olhares-e-pressao-as-provas-oral-e-de-tribuna-do-mp-ma-como-voce-nunca-viu\/#primaryimage"},"thumbnailUrl":"https:\/\/cj.estrategia.com\/portal\/wp-content\/uploads\/2022\/03\/24175357\/concurso-mp-ma-promotor-ecj.jpg","datePublished":"2026-01-08T17:17:52+00:00","dateModified":"2026-01-08T17:19:07+00:00","description":"Entenda tudo sobre a quarta e a quinta etapa do concurso para Promotor de Justi\u00e7a Substituto. Prepare-se para a aprova\u00e7\u00e3o!","breadcrumb":{"@id":"https:\/\/cj.estrategia.com\/portal\/palco-olhares-e-pressao-as-provas-oral-e-de-tribuna-do-mp-ma-como-voce-nunca-viu\/#breadcrumb"},"inLanguage":"pt-BR","potentialAction":[{"@type":"ReadAction","target":["https:\/\/cj.estrategia.com\/portal\/palco-olhares-e-pressao-as-provas-oral-e-de-tribuna-do-mp-ma-como-voce-nunca-viu\/"]}]},{"@type":"ImageObject","inLanguage":"pt-BR","@id":"https:\/\/cj.estrategia.com\/portal\/palco-olhares-e-pressao-as-provas-oral-e-de-tribuna-do-mp-ma-como-voce-nunca-viu\/#primaryimage","url":"https:\/\/cj.estrategia.com\/portal\/wp-content\/uploads\/2022\/03\/24175357\/concurso-mp-ma-promotor-ecj.jpg","contentUrl":"https:\/\/cj.estrategia.com\/portal\/wp-content\/uploads\/2022\/03\/24175357\/concurso-mp-ma-promotor-ecj.jpg","width":960,"height":540,"caption":"concurso mp ma promotor"},{"@type":"BreadcrumbList","@id":"https:\/\/cj.estrategia.com\/portal\/palco-olhares-e-pressao-as-provas-oral-e-de-tribuna-do-mp-ma-como-voce-nunca-viu\/#breadcrumb","itemListElement":[{"@type":"ListItem","position":1,"name":"In\u00edcio","item":"https:\/\/cj.estrategia.com\/portal\/"},{"@type":"ListItem","position":2,"name":"Palco, olhares e press\u00e3o? As provas Oral e de Tribuna do MP\u202fMA como voc\u00ea nunca viu!"}]},{"@type":"WebSite","@id":"https:\/\/cj.estrategia.com\/portal\/#website","url":"https:\/\/cj.estrategia.com\/portal\/","name":"Blog - Carreiras Jur\u00eddicas - Estrat\u00e9gia","description":"","publisher":{"@id":"https:\/\/cj.estrategia.com\/portal\/#organization"},"potentialAction":[{"@type":"SearchAction","target":{"@type":"EntryPoint","urlTemplate":"https:\/\/cj.estrategia.com\/portal\/?s={search_term_string}"},"query-input":{"@type":"PropertyValueSpecification","valueRequired":true,"valueName":"search_term_string"}}],"inLanguage":"pt-BR"},{"@type":"Organization","@id":"https:\/\/cj.estrategia.com\/portal\/#organization","name":"Estrat\u00e9gia - Carreiras Jur\u00eddicas","url":"https:\/\/cj.estrategia.com\/portal\/","logo":{"@type":"ImageObject","inLanguage":"pt-BR","@id":"https:\/\/cj.estrategia.com\/portal\/#\/schema\/logo\/image\/","url":"https:\/\/cj.estrategia.com\/portal\/wp-content\/uploads\/2022\/03\/11151052\/cj-logo.png","contentUrl":"https:\/\/cj.estrategia.com\/portal\/wp-content\/uploads\/2022\/03\/11151052\/cj-logo.png","width":150,"height":39,"caption":"Estrat\u00e9gia - Carreiras Jur\u00eddicas"},"image":{"@id":"https:\/\/cj.estrategia.com\/portal\/#\/schema\/logo\/image\/"},"sameAs":["https:\/\/www.facebook.com\/estrategiacarreirajuridica\/","https:\/\/x.com\/EstratJuridica","https:\/\/www.instagram.com\/estrategiacarreirajuridica\/","https:\/\/www.youtube.com\/channel\/UClbMGuYbj2Mh1m3w144ETWQ"]},{"@type":"Person","@id":"https:\/\/cj.estrategia.com\/portal\/#\/schema\/person\/4caf0099c42d736f2aade723f309f690","name":"Jos\u00e9 Ferreira","image":{"@type":"ImageObject","inLanguage":"pt-BR","@id":"https:\/\/cj.estrategia.com\/portal\/wp-content\/uploads\/2025\/04\/18142237\/jose-ferreira-navarro-analista-de-conteudo-jornalismo-carreiras-juridicas-96x96.png","url":"https:\/\/cj.estrategia.com\/portal\/wp-content\/uploads\/2025\/04\/18142237\/jose-ferreira-navarro-analista-de-conteudo-jornalismo-carreiras-juridicas-96x96.png","contentUrl":"https:\/\/cj.estrategia.com\/portal\/wp-content\/uploads\/2025\/04\/18142237\/jose-ferreira-navarro-analista-de-conteudo-jornalismo-carreiras-juridicas-96x96.png","caption":"Jos\u00e9 Ferreira"},"description":"Analista de conte\u00fado na equipe de Jornalismo, atua com SEO e estrat\u00e9gia para desenvolver conte\u00fados relevantes e de alta qualidade voltados para OAB e para o universo de Concursos Jur\u00eddicos.","url":"https:\/\/cj.estrategia.com\/portal\/author\/jose-navarro-de-andrade-cintra-ferreira\/"}]}},"jetpack_featured_media_url":"https:\/\/cj.estrategia.com\/portal\/wp-content\/uploads\/2022\/03\/24175357\/concurso-mp-ma-promotor-ecj.jpg","jetpack_sharing_enabled":true,"_links":{"self":[{"href":"https:\/\/cj.estrategia.com\/portal\/wp-json\/wp\/v2\/posts\/173179","targetHints":{"allow":["GET"]}}],"collection":[{"href":"https:\/\/cj.estrategia.com\/portal\/wp-json\/wp\/v2\/posts"}],"about":[{"href":"https:\/\/cj.estrategia.com\/portal\/wp-json\/wp\/v2\/types\/post"}],"author":[{"embeddable":true,"href":"https:\/\/cj.estrategia.com\/portal\/wp-json\/wp\/v2\/users\/162"}],"replies":[{"embeddable":true,"href":"https:\/\/cj.estrategia.com\/portal\/wp-json\/wp\/v2\/comments?post=173179"}],"version-history":[{"count":18,"href":"https:\/\/cj.estrategia.com\/portal\/wp-json\/wp\/v2\/posts\/173179\/revisions"}],"predecessor-version":[{"id":173234,"href":"https:\/\/cj.estrategia.com\/portal\/wp-json\/wp\/v2\/posts\/173179\/revisions\/173234"}],"wp:featuredmedia":[{"embeddable":true,"href":"https:\/\/cj.estrategia.com\/portal\/wp-json\/wp\/v2\/media\/32085"}],"wp:attachment":[{"href":"https:\/\/cj.estrategia.com\/portal\/wp-json\/wp\/v2\/media?parent=173179"}],"wp:term":[{"taxonomy":"category","embeddable":true,"href":"https:\/\/cj.estrategia.com\/portal\/wp-json\/wp\/v2\/categories?post=173179"},{"taxonomy":"post_tag","embeddable":true,"href":"https:\/\/cj.estrategia.com\/portal\/wp-json\/wp\/v2\/tags?post=173179"},{"taxonomy":"tax_estado","embeddable":true,"href":"https:\/\/cj.estrategia.com\/portal\/wp-json\/wp\/v2\/tax_estado?post=173179"}],"curies":[{"name":"wp","href":"https:\/\/api.w.org\/{rel}","templated":true}]}}